{"id":9974,"date":"2021-08-11T09:18:49","date_gmt":"2021-08-11T06:18:49","guid":{"rendered":"https:\/\/julesverne.com.tr\/?p=9974"},"modified":"2021-08-11T10:09:42","modified_gmt":"2021-08-11T07:09:42","slug":"yangindan-etkilenen-bolgelerimize-destek-olmak-icin-bu-yaz-nerede-kalsak","status":"publish","type":"post","link":"https:\/\/julesverne.com.tr\/en\/travel-blog\/yangindan-etkilenen-bolgelerimize-destek-olmak-icin-bu-yaz-nerede-kalsak\/","title":{"rendered":"Yang\u0131ndan Etkilenen B\u00f6lgelerimize Destek Olmak \u0130\u00e7in Bu Yaz Nerede Kalsak?"},"content":{"rendered":"<p><img loading=\"lazy\" decoding=\"async\" class=\"alignnone wp-image-8729 size-full\" src=\"https:\/\/julesverne.com.tr\/wp-content\/uploads\/2021\/06\/marmaris.jpg\" alt=\"\" width=\"1200\" height=\"800\" srcset=\"https:\/\/julesverne.com.tr\/wp-content\/uploads\/2021\/06\/marmaris.jpg 1200w, https:\/\/julesverne.com.tr\/wp-content\/uploads\/2021\/06\/marmaris-500x333.jpg 500w, https:\/\/julesverne.com.tr\/wp-content\/uploads\/2021\/06\/marmaris-768x512.jpg 768w\" sizes=\"(max-width: 1200px) 100vw, 1200px\" \/><\/p>\n<p>\u00dclkemizin cennet k\u00f6\u015felerinden Akdeniz ve Ege\u2019de kaybetti\u011fimiz her metrekare orman par\u00e7as\u0131, yaln\u0131z bizim i\u00e7in de\u011fil, b\u00fct\u00fcn d\u00fcnya i\u00e7in \u00f6nemli bir kay\u0131p. Ye\u015fille mavinin birle\u015fti\u011fi o e\u015fsiz g\u00fczelliklerin ye\u015filini her ne kadar bir s\u00fcre g\u00f6remeyecek olsak da, g\u00fcn dayan\u0131\u015fma ve bir olma g\u00fcn\u00fc\u2026<\/p>\n<p>Ya\u015fanan yang\u0131n felaketi sonras\u0131 etkilenen b\u00f6lgelere en \u00f6nemli desteklerden biri de y\u00fczlerce ki\u015finin \u00e7al\u0131\u015ft\u0131\u011f\u0131 i\u015fletmelerin hayatta kalmas\u0131n\u0131 sa\u011flay\u0131p, yerel \u00fcreticilerin \u00fcr\u00fcnlerinden sat\u0131n alarak hayatta kalmalar\u0131na destek vermek olacak.<\/p>\n<p><strong>Marmaris, Bodrum<\/strong> ve <strong>Bozburun<\/strong> ba\u015fta olmak \u00fczere ekonomisi turizme dayal\u0131 il\u00e7elerimizdeki turistik merkezleri tercih edip; oradaki garsonun, k\u00f6yl\u00fcn\u00fcn, bal\u0131k\u00e7\u0131n\u0131n k\u0131saca b\u00f6lge halk\u0131n\u0131n yan\u0131nda oldu\u011funuzu g\u00f6stererek,<em><strong> \u201cD\u00fcn oldu\u011fu gibi bug\u00fcn de yan\u0131n\u0131zday\u0131z. Yaralar\u0131n\u0131z\u0131 birlikte saraca\u011f\u0131z\u201d<\/strong><\/em> demeye ne dersiniz?<\/p>\n<p>\u0130\u015fte, Anka ku\u015fu gibi k\u00fcllerinden yeniden do\u011facak olan Marmaris, Bodrum ve Bozburun\u2019un birbirinden g\u00fczel otelleri\u2026<\/p>\n<h2><a href=\"https:\/\/julesverne.com.tr\/seyahat-blog\/marmaris-otelleri\/\"><strong>Marmaris Otel \u00d6nerileri<\/strong><\/a><\/h2>\n<p><img loading=\"lazy\" decoding=\"async\" class=\"alignnone wp-image-2783\" src=\"https:\/\/julesverne.com.tr\/wp-content\/uploads\/2020\/09\/goldenkeybordubet2-500x281.jpg\" alt=\"\" width=\"1200\" height=\"675\" srcset=\"https:\/\/julesverne.com.tr\/wp-content\/uploads\/2020\/09\/goldenkeybordubet2-500x281.jpg 500w, https:\/\/julesverne.com.tr\/wp-content\/uploads\/2020\/09\/goldenkeybordubet2-768x432.jpg 768w, https:\/\/julesverne.com.tr\/wp-content\/uploads\/2020\/09\/goldenkeybordubet2-400x225.jpg 400w, https:\/\/julesverne.com.tr\/wp-content\/uploads\/2020\/09\/goldenkeybordubet2.jpg 1280w\" sizes=\"(max-width: 1200px) 100vw, 1200px\" \/><\/p>\n<p>Marmaris ye\u015filin her tonu ile \u00f6d\u00fcllendirilen, masmavi koylar\u0131, do\u011fas\u0131n\u0131 ve do\u011fall\u0131\u011f\u0131n\u0131 kaybetmeyen k\u00f6y ve kasabalar\u0131, antik kentleri, do\u011fa parkurlar\u0131 ile T\u00fcrkiye\u2019nin en zengin ve sonsuz se\u00e7enekle donat\u0131lm\u0131\u015f b\u00f6lgesi.\u00a0<strong>Selimiye<\/strong>\u2019den\u00a0<strong>Orhaniye<\/strong>\u2019ye,\u00a0<strong>Hisar\u00f6n\u00fc<\/strong>\u2019nden\u00a0<strong>Kumlub\u00fck<\/strong>\u2019e \u00f6zg\u00fcn tasar\u0131mlar\u0131, do\u011fa i\u00e7erisindeki konumlar\u0131 ile ayr\u0131cal\u0131kl\u0131 hissedece\u011finiz\u00a0<strong>Marmaris\u2019in En G\u00fczel Otelleri <\/strong>ile\u00a0ilgili detayl\u0131 bilgiye <strong><a href=\"https:\/\/julesverne.com.tr\/seyahat-blog\/marmaris-otelleri\/\">buradan<\/a><\/strong> ula\u015fabilirsiniz.<\/p>\n<h2><a href=\"https:\/\/julesverne.com.tr\/seyahat-blog\/nerede-kalsak\/bozburun-otel-onerileri\/\"><strong>Bozburun Otel \u00d6nerileri<\/strong><\/a><\/h2>\n<p><img loading=\"lazy\" decoding=\"async\" class=\"alignnone size-full wp-image-9984\" src=\"https:\/\/julesverne.com.tr\/wp-content\/uploads\/2021\/08\/Sabrinas-Haus.jpg\" alt=\"\" width=\"1200\" height=\"800\" srcset=\"https:\/\/julesverne.com.tr\/wp-content\/uploads\/2021\/08\/Sabrinas-Haus.jpg 1200w, https:\/\/julesverne.com.tr\/wp-content\/uploads\/2021\/08\/Sabrinas-Haus-500x333.jpg 500w, https:\/\/julesverne.com.tr\/wp-content\/uploads\/2021\/08\/Sabrinas-Haus-768x512.jpg 768w\" sizes=\"(max-width: 1200px) 100vw, 1200px\" \/><\/p>\n<p>Da\u011flar\u0131n ve tepelerin kavu\u015ftu\u011fu deniz, samimiyetiyle insan\u0131 saran k\u0131y\u0131 k\u00f6yleri, say\u0131s\u0131z sakl\u0131 koy, meyve a\u011fa\u00e7lar\u0131n\u0131n kokular\u0131 ile Bozburun&#8230; Ula\u015f\u0131m\u0131 kolay olmay\u0131nca bakir kalmay\u0131 ba\u015faran, yo\u011funlu\u011fa ve &#8220;\u015fehirle\u015fmeye&#8221; kar\u015f\u0131 direnebilen bir cennetten bahsediyoruz.\u00a0 \u015eatafatl\u0131 otellerin yerini zarafete b\u0131rakan, yapay\u0131 de\u011fil do\u011fal\u0131 tercih eden Bozburun do\u011fas\u0131yla, ya\u015fam felsefesi ile T\u00fcrkiye&#8217;nin en g\u00fczel inziva k\u00f6\u015fesi. Do\u011faya sa\u011flad\u0131klar\u0131 uyum ile kalbimizi \u00e7alan <strong>en g\u00fczel Bozburun otellerine<\/strong> <a href=\"https:\/\/julesverne.com.tr\/seyahat-blog\/nerede-kalsak\/bozburun-otel-onerileri\/\">buradan<\/a> ula\u015fabilirsiniz.<\/p>\n<h2><a href=\"https:\/\/julesverne.com.tr\/seyahat-blog\/bodrum-otel-onerileri\/\"><strong>Bodrum Otel \u00d6nerileri<\/strong><\/a><\/h2>\n<p><img loading=\"lazy\" decoding=\"async\" class=\"alignnone wp-image-8009\" src=\"https:\/\/julesverne.com.tr\/wp-content\/uploads\/2021\/03\/caresse-bodrum1-500x334.jpg\" alt=\"\" width=\"1200\" height=\"801\" srcset=\"https:\/\/julesverne.com.tr\/wp-content\/uploads\/2021\/03\/caresse-bodrum1-500x334.jpg 500w, https:\/\/julesverne.com.tr\/wp-content\/uploads\/2021\/03\/caresse-bodrum1-1280x854.jpg 1280w, https:\/\/julesverne.com.tr\/wp-content\/uploads\/2021\/03\/caresse-bodrum1-768x513.jpg 768w, https:\/\/julesverne.com.tr\/wp-content\/uploads\/2021\/03\/caresse-bodrum1-1536x1025.jpg 1536w, https:\/\/julesverne.com.tr\/wp-content\/uploads\/2021\/03\/caresse-bodrum1-scaled.jpg 1600w\" sizes=\"(max-width: 1200px) 100vw, 1200px\" \/><\/p>\n<p>Herkesin kendi zevkine uygun bir Bodrum var. Do\u011fa i\u00e7erisinde, sakin ve g\u00f6zlerden uzak, e\u011flenceli, hareketli\u2026 Bodrum size hepsini verebilecek kadar zengin ve alternatifli! Yang\u0131ndan en \u00e7ok etkilenen yerlerden biri olan \u00fclkemizin cennet k\u00f6\u015felerinden Bodrum\u2019da konseptleri, kendilerine ait plajlar\u0131, hizmetleri ile ayr\u0131cal\u0131kl\u0131 hissedece\u011finiz <strong>Bodrum\u2019un en g\u00fczel otellerine<\/strong>\u00a0<strong><a href=\"https:\/\/julesverne.com.tr\/seyahat-blog\/bodrum-otel-onerileri\/\">buradan<\/a><\/strong> ula\u015fabilirsiniz.<\/p>\n<p style=\"text-align: center;\"><strong>Size \u00f6zel seyahat program\u0131 ve rezervasyon i\u00e7in:<br \/>\n<\/strong><strong><a href=\"mailto:travel@julesverne.com.tr\" target=\"_blank\" rel=\"noopener noreferrer\">travel@julesverne.com.tr<\/a><\/strong><\/p>\n<p>&nbsp;<\/p>\n<p>&nbsp;<\/p>\n<p>&nbsp;<\/p>\n","protected":false},"excerpt":{"rendered":"<p>\u00dclkemizin cennet k\u00f6\u015felerinden Akdeniz ve Ege\u2019de kaybetti\u011fimiz her metrekare orman par\u00e7as\u0131, yaln\u0131z bizim i\u00e7in de\u011fil, b\u00fct\u00fcn d\u00fcnya i\u00e7in \u00f6nemli bir kay\u0131p. Ye\u015fille mavinin birle\u015fti\u011fi o e\u015fsiz g\u00fczelliklerin ye\u015filini her ne kadar bir s\u00fcre g\u00f6remeyecek olsak da, g\u00fcn dayan\u0131\u015fma ve bir olma g\u00fcn\u00fc\u2026 Ya\u015fanan yang\u0131n felaketi sonras\u0131 etkilenen b\u00f6lgelere en \u00f6nemli desteklerden biri de y\u00fczlerce ki\u015finin [&hellip;]<\/p>\n","protected":false},"author":10,"featured_media":10019,"comment_status":"closed","ping_status":"closed","sticky":false,"template":"","format":"standard","meta":{"inline_featured_image":false,"footnotes":""},"categories":[1,40,39],"tags":[137,74,73],"acf":[],"yoast_head":"<!-- This site is optimized with the Yoast SEO plugin v22.3 - https:\/\/yoast.com\/wordpress\/plugins\/seo\/ -->\n<title>Yang\u0131ndan Etkilenen B\u00f6lgelerimize Destek Olmak \u0130\u00e7in Bu Yaz Nerede Kalsak? - JULES VERNE BUSINESS MICE TRAVEL<\/title>\n<meta name=\"description\" content=\"\u00dclkemizin cennet k\u00f6\u015felerinden Akdeniz ve Ege\u2019de kaybetti\u011fimiz her metrekare orman par\u00e7as\u0131, yaln\u0131z bizim i\u00e7in de\u011fil, b\u00fct\u00fcn d\u00fcnya i\u00e7in \u00f6nemli bir kay\u0131p. Ye\u015fille mavinin birle\u015fti\u011fi o e\u015fsiz g\u00fczelliklerin ye\u015filini her ne kadar bir s\u00fcre g\u00f6remeyecek olsak da, g\u00fcn dayan\u0131\u015fma ve bir olma g\u00fcn\u00fc\u2026 Ya\u015fanan yang\u0131n felaketi sonras\u0131 etkilenen b\u00f6lgelere en \u00f6nemli desteklerden biri de y\u00fczlerce ki\u015finin \u00e7al\u0131\u015ft\u0131\u011f\u0131 i\u015fletmelerin hayatta kalmas\u0131n\u0131 sa\u011flay\u0131p, yerel \u00fcreticilerin \u00fcr\u00fcnlerinden sat\u0131n alarak hayatta kalmalar\u0131na destek vermek olacak. Marmaris, Bodrum ve Bozburun ba\u015fta olmak \u00fczere ekonomisi turizme dayal\u0131 il\u00e7elerimizdeki turistik merkezleri tercih edip; oradaki garsonun, k\u00f6yl\u00fcn\u00fcn, bal\u0131k\u00e7\u0131n\u0131n k\u0131saca b\u00f6lge halk\u0131n\u0131n yan\u0131nda oldu\u011funuzu g\u00f6stererek, \u201cD\u00fcn oldu\u011fu gibi bug\u00fcn de yan\u0131n\u0131zday\u0131z. Yaralar\u0131n\u0131z\u0131 birlikte saraca\u011f\u0131z\u201d demeye ne dersiniz?\" \/>\n<meta name=\"robots\" content=\"index, follow, max-snippet:-1, max-image-preview:large, max-video-preview:-1\" \/>\n<link rel=\"canonical\" href=\"https:\/\/julesverne.com.tr\/travel-blog\/yangindan-etkilenen-bolgelerimize-destek-olmak-icin-bu-yaz-nerede-kalsak\/\" \/>\n<meta property=\"og:locale\" content=\"en_US\" \/>\n<meta property=\"og:type\" content=\"article\" \/>\n<meta property=\"og:title\" content=\"Yang\u0131ndan Etkilenen B\u00f6lgelerimize Destek Olmak \u0130\u00e7in Bu Yaz Nerede Kalsak? - JULES VERNE BUSINESS MICE TRAVEL\" \/>\n<meta property=\"og:description\" content=\"\u00dclkemizin cennet k\u00f6\u015felerinden Akdeniz ve Ege\u2019de kaybetti\u011fimiz her metrekare orman par\u00e7as\u0131, yaln\u0131z bizim i\u00e7in de\u011fil, b\u00fct\u00fcn d\u00fcnya i\u00e7in \u00f6nemli bir kay\u0131p. Ye\u015fille mavinin birle\u015fti\u011fi o e\u015fsiz g\u00fczelliklerin ye\u015filini her ne kadar bir s\u00fcre g\u00f6remeyecek olsak da, g\u00fcn dayan\u0131\u015fma ve bir olma g\u00fcn\u00fc\u2026 Ya\u015fanan yang\u0131n felaketi sonras\u0131 etkilenen b\u00f6lgelere en \u00f6nemli desteklerden biri de y\u00fczlerce ki\u015finin \u00e7al\u0131\u015ft\u0131\u011f\u0131 i\u015fletmelerin hayatta kalmas\u0131n\u0131 sa\u011flay\u0131p, yerel \u00fcreticilerin \u00fcr\u00fcnlerinden sat\u0131n alarak hayatta kalmalar\u0131na destek vermek olacak. Marmaris, Bodrum ve Bozburun ba\u015fta olmak \u00fczere ekonomisi turizme dayal\u0131 il\u00e7elerimizdeki turistik merkezleri tercih edip; oradaki garsonun, k\u00f6yl\u00fcn\u00fcn, bal\u0131k\u00e7\u0131n\u0131n k\u0131saca b\u00f6lge halk\u0131n\u0131n yan\u0131nda oldu\u011funuzu g\u00f6stererek, \u201cD\u00fcn oldu\u011fu gibi bug\u00fcn de yan\u0131n\u0131zday\u0131z. Yaralar\u0131n\u0131z\u0131 birlikte saraca\u011f\u0131z\u201d demeye ne dersiniz?\" \/>\n<meta property=\"og:url\" content=\"https:\/\/julesverne.com.tr\/travel-blog\/yangindan-etkilenen-bolgelerimize-destek-olmak-icin-bu-yaz-nerede-kalsak\/\" \/>\n<meta property=\"og:site_name\" content=\"JULES VERNE BUSINESS MICE TRAVEL\" \/>\n<meta property=\"article:publisher\" content=\"https:\/\/www.facebook.com\/JulesVerneBusinessMiceTravel\/\" \/>\n<meta property=\"article:published_time\" content=\"2021-08-11T06:18:49+00:00\" \/>\n<meta property=\"article:modified_time\" content=\"2021-08-11T07:09:42+00:00\" \/>\n<meta property=\"og:image\" content=\"https:\/\/julesverne.com.tr\/wp-content\/uploads\/2021\/08\/bozburun_shutterstock_1221410464.jpg\" \/>\n\t<meta property=\"og:image:width\" content=\"1000\" \/>\n\t<meta property=\"og:image:height\" content=\"563\" \/>\n\t<meta property=\"og:image:type\" content=\"image\/jpeg\" \/>\n<meta name=\"author\" content=\"Ebru Alt\u0131n\" \/>\n<meta name=\"twitter:card\" content=\"summary_large_image\" \/>\n<meta name=\"twitter:creator\" content=\"@JV_BusinessMice\" \/>\n<meta name=\"twitter:site\" content=\"@JV_BusinessMice\" \/>\n<meta name=\"twitter:label1\" content=\"Written by\" \/>\n\t<meta name=\"twitter:data1\" content=\"Ebru Alt\u0131n\" \/>\n\t<meta name=\"twitter:label2\" content=\"Est. reading time\" \/>\n\t<meta name=\"twitter:data2\" content=\"3 minutes\" \/>\n<script type=\"application\/ld+json\" class=\"yoast-schema-graph\">{\"@context\":\"https:\/\/schema.org\",\"@graph\":[{\"@type\":\"Article\",\"@id\":\"https:\/\/julesverne.com.tr\/travel-blog\/yangindan-etkilenen-bolgelerimize-destek-olmak-icin-bu-yaz-nerede-kalsak\/#article\",\"isPartOf\":{\"@id\":\"https:\/\/julesverne.com.tr\/travel-blog\/yangindan-etkilenen-bolgelerimize-destek-olmak-icin-bu-yaz-nerede-kalsak\/\"},\"author\":{\"name\":\"Ebru Alt\u0131n\",\"@id\":\"https:\/\/julesverne.com.tr\/#\/schema\/person\/219931edfe2e7d9cbbcbabb8a7e4c7f4\"},\"headline\":\"Yang\u0131ndan Etkilenen B\u00f6lgelerimize Destek Olmak \u0130\u00e7in Bu Yaz Nerede Kalsak?\",\"datePublished\":\"2021-08-11T06:18:49+00:00\",\"dateModified\":\"2021-08-11T07:09:42+00:00\",\"mainEntityOfPage\":{\"@id\":\"https:\/\/julesverne.com.tr\/travel-blog\/yangindan-etkilenen-bolgelerimize-destek-olmak-icin-bu-yaz-nerede-kalsak\/\"},\"wordCount\":459,\"publisher\":{\"@id\":\"https:\/\/julesverne.com.tr\/#organization\"},\"image\":{\"@id\":\"https:\/\/julesverne.com.tr\/travel-blog\/yangindan-etkilenen-bolgelerimize-destek-olmak-icin-bu-yaz-nerede-kalsak\/#primaryimage\"},\"thumbnailUrl\":\"https:\/\/julesverne.com.tr\/wp-content\/uploads\/2021\/08\/bozburun_shutterstock_1221410464.jpg\",\"keywords\":[\"Blog\",\"Nerede Kalsak\",\"Nereye Gitsek\"],\"articleSection\":[\"Blog\",\"Nerede Kalsak?\",\"Nereye Gitsek?\"],\"inLanguage\":\"en-US\"},{\"@type\":\"WebPage\",\"@id\":\"https:\/\/julesverne.com.tr\/travel-blog\/yangindan-etkilenen-bolgelerimize-destek-olmak-icin-bu-yaz-nerede-kalsak\/\",\"url\":\"https:\/\/julesverne.com.tr\/travel-blog\/yangindan-etkilenen-bolgelerimize-destek-olmak-icin-bu-yaz-nerede-kalsak\/\",\"name\":\"Yang\u0131ndan Etkilenen B\u00f6lgelerimize Destek Olmak \u0130\u00e7in Bu Yaz Nerede Kalsak? - JULES VERNE BUSINESS MICE TRAVEL\",\"isPartOf\":{\"@id\":\"https:\/\/julesverne.com.tr\/#website\"},\"primaryImageOfPage\":{\"@id\":\"https:\/\/julesverne.com.tr\/travel-blog\/yangindan-etkilenen-bolgelerimize-destek-olmak-icin-bu-yaz-nerede-kalsak\/#primaryimage\"},\"image\":{\"@id\":\"https:\/\/julesverne.com.tr\/travel-blog\/yangindan-etkilenen-bolgelerimize-destek-olmak-icin-bu-yaz-nerede-kalsak\/#primaryimage\"},\"thumbnailUrl\":\"https:\/\/julesverne.com.tr\/wp-content\/uploads\/2021\/08\/bozburun_shutterstock_1221410464.jpg\",\"datePublished\":\"2021-08-11T06:18:49+00:00\",\"dateModified\":\"2021-08-11T07:09:42+00:00\",\"description\":\"\u00dclkemizin cennet k\u00f6\u015felerinden Akdeniz ve Ege\u2019de kaybetti\u011fimiz her metrekare orman par\u00e7as\u0131, yaln\u0131z bizim i\u00e7in de\u011fil, b\u00fct\u00fcn d\u00fcnya i\u00e7in \u00f6nemli bir kay\u0131p. Ye\u015fille mavinin birle\u015fti\u011fi o e\u015fsiz g\u00fczelliklerin ye\u015filini her ne kadar bir s\u00fcre g\u00f6remeyecek olsak da, g\u00fcn dayan\u0131\u015fma ve bir olma g\u00fcn\u00fc\u2026 Ya\u015fanan yang\u0131n felaketi sonras\u0131 etkilenen b\u00f6lgelere en \u00f6nemli desteklerden biri de y\u00fczlerce ki\u015finin \u00e7al\u0131\u015ft\u0131\u011f\u0131 i\u015fletmelerin hayatta kalmas\u0131n\u0131 sa\u011flay\u0131p, yerel \u00fcreticilerin \u00fcr\u00fcnlerinden sat\u0131n alarak hayatta kalmalar\u0131na destek vermek olacak. Marmaris, Bodrum ve Bozburun ba\u015fta olmak \u00fczere ekonomisi turizme dayal\u0131 il\u00e7elerimizdeki turistik merkezleri tercih edip; oradaki garsonun, k\u00f6yl\u00fcn\u00fcn, bal\u0131k\u00e7\u0131n\u0131n k\u0131saca b\u00f6lge halk\u0131n\u0131n yan\u0131nda oldu\u011funuzu g\u00f6stererek, \u201cD\u00fcn oldu\u011fu gibi bug\u00fcn de yan\u0131n\u0131zday\u0131z. Yaralar\u0131n\u0131z\u0131 birlikte saraca\u011f\u0131z\u201d demeye ne dersiniz?\",\"breadcrumb\":{\"@id\":\"https:\/\/julesverne.com.tr\/travel-blog\/yangindan-etkilenen-bolgelerimize-destek-olmak-icin-bu-yaz-nerede-kalsak\/#breadcrumb\"},\"inLanguage\":\"en-US\",\"potentialAction\":[{\"@type\":\"ReadAction\",\"target\":[\"https:\/\/julesverne.com.tr\/travel-blog\/yangindan-etkilenen-bolgelerimize-destek-olmak-icin-bu-yaz-nerede-kalsak\/\"]}]},{\"@type\":\"ImageObject\",\"inLanguage\":\"en-US\",\"@id\":\"https:\/\/julesverne.com.tr\/travel-blog\/yangindan-etkilenen-bolgelerimize-destek-olmak-icin-bu-yaz-nerede-kalsak\/#primaryimage\",\"url\":\"https:\/\/julesverne.com.tr\/wp-content\/uploads\/2021\/08\/bozburun_shutterstock_1221410464.jpg\",\"contentUrl\":\"https:\/\/julesverne.com.tr\/wp-content\/uploads\/2021\/08\/bozburun_shutterstock_1221410464.jpg\",\"width\":1000,\"height\":563},{\"@type\":\"BreadcrumbList\",\"@id\":\"https:\/\/julesverne.com.tr\/travel-blog\/yangindan-etkilenen-bolgelerimize-destek-olmak-icin-bu-yaz-nerede-kalsak\/#breadcrumb\",\"itemListElement\":[{\"@type\":\"ListItem\",\"position\":1,\"name\":\"Anasayfa\",\"item\":\"https:\/\/julesverne.com.tr\/\"},{\"@type\":\"ListItem\",\"position\":2,\"name\":\"Yang\u0131ndan Etkilenen B\u00f6lgelerimize Destek Olmak \u0130\u00e7in Bu Yaz Nerede Kalsak?\"}]},{\"@type\":\"WebSite\",\"@id\":\"https:\/\/julesverne.com.tr\/#website\",\"url\":\"https:\/\/julesverne.com.tr\/\",\"name\":\"JULES VERNE BUSINESS MICE TRAVEL\",\"description\":\"\",\"publisher\":{\"@id\":\"https:\/\/julesverne.com.tr\/#organization\"},\"potentialAction\":[{\"@type\":\"SearchAction\",\"target\":{\"@type\":\"EntryPoint\",\"urlTemplate\":\"https:\/\/julesverne.com.tr\/?s={search_term_string}\"},\"query-input\":\"required name=search_term_string\"}],\"inLanguage\":\"en-US\"},{\"@type\":\"Organization\",\"@id\":\"https:\/\/julesverne.com.tr\/#organization\",\"name\":\"JULES VERNE BUSINESS MICE TRAVEL\",\"url\":\"https:\/\/julesverne.com.tr\/\",\"logo\":{\"@type\":\"ImageObject\",\"inLanguage\":\"en-US\",\"@id\":\"https:\/\/julesverne.com.tr\/#\/schema\/logo\/image\/\",\"url\":\"https:\/\/julesverne.com.tr\/wp-content\/uploads\/2020\/09\/jv-bmt-logo.png\",\"contentUrl\":\"https:\/\/julesverne.com.tr\/wp-content\/uploads\/2020\/09\/jv-bmt-logo.png\",\"width\":110,\"height\":81,\"caption\":\"JULES VERNE BUSINESS MICE TRAVEL\"},\"image\":{\"@id\":\"https:\/\/julesverne.com.tr\/#\/schema\/logo\/image\/\"},\"sameAs\":[\"https:\/\/www.facebook.com\/JulesVerneBusinessMiceTravel\/\",\"https:\/\/twitter.com\/JV_BusinessMice\",\"https:\/\/www.instagram.com\/julesvernebusinessmicetravel\/\",\"https:\/\/www.linkedin.com\/company\/julesvernebusinessmicetravel\/\",\"https:\/\/www.youtube.com\/channel\/UCAwdsmbZ6tFhu1tea6pkpiw\"]},{\"@type\":\"Person\",\"@id\":\"https:\/\/julesverne.com.tr\/#\/schema\/person\/219931edfe2e7d9cbbcbabb8a7e4c7f4\",\"name\":\"Ebru Alt\u0131n\",\"url\":\"https:\/\/julesverne.com.tr\/en\/author\/ebru-altin\/\"}]}<\/script>\n<!-- \/ Yoast SEO plugin. -->","yoast_head_json":{"title":"Yang\u0131ndan Etkilenen B\u00f6lgelerimize Destek Olmak \u0130\u00e7in Bu Yaz Nerede Kalsak? - JULES VERNE BUSINESS MICE TRAVEL","description":"\u00dclkemizin cennet k\u00f6\u015felerinden Akdeniz ve Ege\u2019de kaybetti\u011fimiz her metrekare orman par\u00e7as\u0131, yaln\u0131z bizim i\u00e7in de\u011fil, b\u00fct\u00fcn d\u00fcnya i\u00e7in \u00f6nemli bir kay\u0131p. Ye\u015fille mavinin birle\u015fti\u011fi o e\u015fsiz g\u00fczelliklerin ye\u015filini her ne kadar bir s\u00fcre g\u00f6remeyecek olsak da, g\u00fcn dayan\u0131\u015fma ve bir olma g\u00fcn\u00fc\u2026 Ya\u015fanan yang\u0131n felaketi sonras\u0131 etkilenen b\u00f6lgelere en \u00f6nemli desteklerden biri de y\u00fczlerce ki\u015finin \u00e7al\u0131\u015ft\u0131\u011f\u0131 i\u015fletmelerin hayatta kalmas\u0131n\u0131 sa\u011flay\u0131p, yerel \u00fcreticilerin \u00fcr\u00fcnlerinden sat\u0131n alarak hayatta kalmalar\u0131na destek vermek olacak. Marmaris, Bodrum ve Bozburun ba\u015fta olmak \u00fczere ekonomisi turizme dayal\u0131 il\u00e7elerimizdeki turistik merkezleri tercih edip; oradaki garsonun, k\u00f6yl\u00fcn\u00fcn, bal\u0131k\u00e7\u0131n\u0131n k\u0131saca b\u00f6lge halk\u0131n\u0131n yan\u0131nda oldu\u011funuzu g\u00f6stererek, \u201cD\u00fcn oldu\u011fu gibi bug\u00fcn de yan\u0131n\u0131zday\u0131z. Yaralar\u0131n\u0131z\u0131 birlikte saraca\u011f\u0131z\u201d demeye ne dersiniz?","robots":{"index":"index","follow":"follow","max-snippet":"max-snippet:-1","max-image-preview":"max-image-preview:large","max-video-preview":"max-video-preview:-1"},"canonical":"https:\/\/julesverne.com.tr\/travel-blog\/yangindan-etkilenen-bolgelerimize-destek-olmak-icin-bu-yaz-nerede-kalsak\/","og_locale":"en_US","og_type":"article","og_title":"Yang\u0131ndan Etkilenen B\u00f6lgelerimize Destek Olmak \u0130\u00e7in Bu Yaz Nerede Kalsak? - JULES VERNE BUSINESS MICE TRAVEL","og_description":"\u00dclkemizin cennet k\u00f6\u015felerinden Akdeniz ve Ege\u2019de kaybetti\u011fimiz her metrekare orman par\u00e7as\u0131, yaln\u0131z bizim i\u00e7in de\u011fil, b\u00fct\u00fcn d\u00fcnya i\u00e7in \u00f6nemli bir kay\u0131p. Ye\u015fille mavinin birle\u015fti\u011fi o e\u015fsiz g\u00fczelliklerin ye\u015filini her ne kadar bir s\u00fcre g\u00f6remeyecek olsak da, g\u00fcn dayan\u0131\u015fma ve bir olma g\u00fcn\u00fc\u2026 Ya\u015fanan yang\u0131n felaketi sonras\u0131 etkilenen b\u00f6lgelere en \u00f6nemli desteklerden biri de y\u00fczlerce ki\u015finin \u00e7al\u0131\u015ft\u0131\u011f\u0131 i\u015fletmelerin hayatta kalmas\u0131n\u0131 sa\u011flay\u0131p, yerel \u00fcreticilerin \u00fcr\u00fcnlerinden sat\u0131n alarak hayatta kalmalar\u0131na destek vermek olacak. Marmaris, Bodrum ve Bozburun ba\u015fta olmak \u00fczere ekonomisi turizme dayal\u0131 il\u00e7elerimizdeki turistik merkezleri tercih edip; oradaki garsonun, k\u00f6yl\u00fcn\u00fcn, bal\u0131k\u00e7\u0131n\u0131n k\u0131saca b\u00f6lge halk\u0131n\u0131n yan\u0131nda oldu\u011funuzu g\u00f6stererek, \u201cD\u00fcn oldu\u011fu gibi bug\u00fcn de yan\u0131n\u0131zday\u0131z. Yaralar\u0131n\u0131z\u0131 birlikte saraca\u011f\u0131z\u201d demeye ne dersiniz?","og_url":"https:\/\/julesverne.com.tr\/travel-blog\/yangindan-etkilenen-bolgelerimize-destek-olmak-icin-bu-yaz-nerede-kalsak\/","og_site_name":"JULES VERNE BUSINESS MICE TRAVEL","article_publisher":"https:\/\/www.facebook.com\/JulesVerneBusinessMiceTravel\/","article_published_time":"2021-08-11T06:18:49+00:00","article_modified_time":"2021-08-11T07:09:42+00:00","og_image":[{"width":1000,"height":563,"url":"https:\/\/julesverne.com.tr\/wp-content\/uploads\/2021\/08\/bozburun_shutterstock_1221410464.jpg","type":"image\/jpeg"}],"author":"Ebru Alt\u0131n","twitter_card":"summary_large_image","twitter_creator":"@JV_BusinessMice","twitter_site":"@JV_BusinessMice","twitter_misc":{"Written by":"Ebru Alt\u0131n","Est. reading time":"3 minutes"},"schema":{"@context":"https:\/\/schema.org","@graph":[{"@type":"Article","@id":"https:\/\/julesverne.com.tr\/travel-blog\/yangindan-etkilenen-bolgelerimize-destek-olmak-icin-bu-yaz-nerede-kalsak\/#article","isPartOf":{"@id":"https:\/\/julesverne.com.tr\/travel-blog\/yangindan-etkilenen-bolgelerimize-destek-olmak-icin-bu-yaz-nerede-kalsak\/"},"author":{"name":"Ebru Alt\u0131n","@id":"https:\/\/julesverne.com.tr\/#\/schema\/person\/219931edfe2e7d9cbbcbabb8a7e4c7f4"},"headline":"Yang\u0131ndan Etkilenen B\u00f6lgelerimize Destek Olmak \u0130\u00e7in Bu Yaz Nerede Kalsak?","datePublished":"2021-08-11T06:18:49+00:00","dateModified":"2021-08-11T07:09:42+00:00","mainEntityOfPage":{"@id":"https:\/\/julesverne.com.tr\/travel-blog\/yangindan-etkilenen-bolgelerimize-destek-olmak-icin-bu-yaz-nerede-kalsak\/"},"wordCount":459,"publisher":{"@id":"https:\/\/julesverne.com.tr\/#organization"},"image":{"@id":"https:\/\/julesverne.com.tr\/travel-blog\/yangindan-etkilenen-bolgelerimize-destek-olmak-icin-bu-yaz-nerede-kalsak\/#primaryimage"},"thumbnailUrl":"https:\/\/julesverne.com.tr\/wp-content\/uploads\/2021\/08\/bozburun_shutterstock_1221410464.jpg","keywords":["Blog","Nerede Kalsak","Nereye Gitsek"],"articleSection":["Blog","Nerede Kalsak?","Nereye Gitsek?"],"inLanguage":"en-US"},{"@type":"WebPage","@id":"https:\/\/julesverne.com.tr\/travel-blog\/yangindan-etkilenen-bolgelerimize-destek-olmak-icin-bu-yaz-nerede-kalsak\/","url":"https:\/\/julesverne.com.tr\/travel-blog\/yangindan-etkilenen-bolgelerimize-destek-olmak-icin-bu-yaz-nerede-kalsak\/","name":"Yang\u0131ndan Etkilenen B\u00f6lgelerimize Destek Olmak \u0130\u00e7in Bu Yaz Nerede Kalsak? - JULES VERNE BUSINESS MICE TRAVEL","isPartOf":{"@id":"https:\/\/julesverne.com.tr\/#website"},"primaryImageOfPage":{"@id":"https:\/\/julesverne.com.tr\/travel-blog\/yangindan-etkilenen-bolgelerimize-destek-olmak-icin-bu-yaz-nerede-kalsak\/#primaryimage"},"image":{"@id":"https:\/\/julesverne.com.tr\/travel-blog\/yangindan-etkilenen-bolgelerimize-destek-olmak-icin-bu-yaz-nerede-kalsak\/#primaryimage"},"thumbnailUrl":"https:\/\/julesverne.com.tr\/wp-content\/uploads\/2021\/08\/bozburun_shutterstock_1221410464.jpg","datePublished":"2021-08-11T06:18:49+00:00","dateModified":"2021-08-11T07:09:42+00:00","description":"\u00dclkemizin cennet k\u00f6\u015felerinden Akdeniz ve Ege\u2019de kaybetti\u011fimiz her metrekare orman par\u00e7as\u0131, yaln\u0131z bizim i\u00e7in de\u011fil, b\u00fct\u00fcn d\u00fcnya i\u00e7in \u00f6nemli bir kay\u0131p. Ye\u015fille mavinin birle\u015fti\u011fi o e\u015fsiz g\u00fczelliklerin ye\u015filini her ne kadar bir s\u00fcre g\u00f6remeyecek olsak da, g\u00fcn dayan\u0131\u015fma ve bir olma g\u00fcn\u00fc\u2026 Ya\u015fanan yang\u0131n felaketi sonras\u0131 etkilenen b\u00f6lgelere en \u00f6nemli desteklerden biri de y\u00fczlerce ki\u015finin \u00e7al\u0131\u015ft\u0131\u011f\u0131 i\u015fletmelerin hayatta kalmas\u0131n\u0131 sa\u011flay\u0131p, yerel \u00fcreticilerin \u00fcr\u00fcnlerinden sat\u0131n alarak hayatta kalmalar\u0131na destek vermek olacak. Marmaris, Bodrum ve Bozburun ba\u015fta olmak \u00fczere ekonomisi turizme dayal\u0131 il\u00e7elerimizdeki turistik merkezleri tercih edip; oradaki garsonun, k\u00f6yl\u00fcn\u00fcn, bal\u0131k\u00e7\u0131n\u0131n k\u0131saca b\u00f6lge halk\u0131n\u0131n yan\u0131nda oldu\u011funuzu g\u00f6stererek, \u201cD\u00fcn oldu\u011fu gibi bug\u00fcn de yan\u0131n\u0131zday\u0131z. Yaralar\u0131n\u0131z\u0131 birlikte saraca\u011f\u0131z\u201d demeye ne dersiniz?","breadcrumb":{"@id":"https:\/\/julesverne.com.tr\/travel-blog\/yangindan-etkilenen-bolgelerimize-destek-olmak-icin-bu-yaz-nerede-kalsak\/#breadcrumb"},"inLanguage":"en-US","potentialAction":[{"@type":"ReadAction","target":["https:\/\/julesverne.com.tr\/travel-blog\/yangindan-etkilenen-bolgelerimize-destek-olmak-icin-bu-yaz-nerede-kalsak\/"]}]},{"@type":"ImageObject","inLanguage":"en-US","@id":"https:\/\/julesverne.com.tr\/travel-blog\/yangindan-etkilenen-bolgelerimize-destek-olmak-icin-bu-yaz-nerede-kalsak\/#primaryimage","url":"https:\/\/julesverne.com.tr\/wp-content\/uploads\/2021\/08\/bozburun_shutterstock_1221410464.jpg","contentUrl":"https:\/\/julesverne.com.tr\/wp-content\/uploads\/2021\/08\/bozburun_shutterstock_1221410464.jpg","width":1000,"height":563},{"@type":"BreadcrumbList","@id":"https:\/\/julesverne.com.tr\/travel-blog\/yangindan-etkilenen-bolgelerimize-destek-olmak-icin-bu-yaz-nerede-kalsak\/#breadcrumb","itemListElement":[{"@type":"ListItem","position":1,"name":"Anasayfa","item":"https:\/\/julesverne.com.tr\/"},{"@type":"ListItem","position":2,"name":"Yang\u0131ndan Etkilenen B\u00f6lgelerimize Destek Olmak \u0130\u00e7in Bu Yaz Nerede Kalsak?"}]},{"@type":"WebSite","@id":"https:\/\/julesverne.com.tr\/#website","url":"https:\/\/julesverne.com.tr\/","name":"JULES VERNE BUSINESS MICE TRAVEL","description":"","publisher":{"@id":"https:\/\/julesverne.com.tr\/#organization"},"potentialAction":[{"@type":"SearchAction","target":{"@type":"EntryPoint","urlTemplate":"https:\/\/julesverne.com.tr\/?s={search_term_string}"},"query-input":"required name=search_term_string"}],"inLanguage":"en-US"},{"@type":"Organization","@id":"https:\/\/julesverne.com.tr\/#organization","name":"JULES VERNE BUSINESS MICE TRAVEL","url":"https:\/\/julesverne.com.tr\/","logo":{"@type":"ImageObject","inLanguage":"en-US","@id":"https:\/\/julesverne.com.tr\/#\/schema\/logo\/image\/","url":"https:\/\/julesverne.com.tr\/wp-content\/uploads\/2020\/09\/jv-bmt-logo.png","contentUrl":"https:\/\/julesverne.com.tr\/wp-content\/uploads\/2020\/09\/jv-bmt-logo.png","width":110,"height":81,"caption":"JULES VERNE BUSINESS MICE TRAVEL"},"image":{"@id":"https:\/\/julesverne.com.tr\/#\/schema\/logo\/image\/"},"sameAs":["https:\/\/www.facebook.com\/JulesVerneBusinessMiceTravel\/","https:\/\/twitter.com\/JV_BusinessMice","https:\/\/www.instagram.com\/julesvernebusinessmicetravel\/","https:\/\/www.linkedin.com\/company\/julesvernebusinessmicetravel\/","https:\/\/www.youtube.com\/channel\/UCAwdsmbZ6tFhu1tea6pkpiw"]},{"@type":"Person","@id":"https:\/\/julesverne.com.tr\/#\/schema\/person\/219931edfe2e7d9cbbcbabb8a7e4c7f4","name":"Ebru Alt\u0131n","url":"https:\/\/julesverne.com.tr\/en\/author\/ebru-altin\/"}]}},"_links":{"self":[{"href":"https:\/\/julesverne.com.tr\/en\/wp-json\/wp\/v2\/posts\/9974"}],"collection":[{"href":"https:\/\/julesverne.com.tr\/en\/wp-json\/wp\/v2\/posts"}],"about":[{"href":"https:\/\/julesverne.com.tr\/en\/wp-json\/wp\/v2\/types\/post"}],"author":[{"embeddable":true,"href":"https:\/\/julesverne.com.tr\/en\/wp-json\/wp\/v2\/users\/10"}],"replies":[{"embeddable":true,"href":"https:\/\/julesverne.com.tr\/en\/wp-json\/wp\/v2\/comments?post=9974"}],"version-history":[{"count":0,"href":"https:\/\/julesverne.com.tr\/en\/wp-json\/wp\/v2\/posts\/9974\/revisions"}],"wp:featuredmedia":[{"embeddable":true,"href":"https:\/\/julesverne.com.tr\/en\/wp-json\/wp\/v2\/media\/10019"}],"wp:attachment":[{"href":"https:\/\/julesverne.com.tr\/en\/wp-json\/wp\/v2\/media?parent=9974"}],"wp:term":[{"taxonomy":"category","embeddable":true,"href":"https:\/\/julesverne.com.tr\/en\/wp-json\/wp\/v2\/categories?post=9974"},{"taxonomy":"post_tag","embeddable":true,"href":"https:\/\/julesverne.com.tr\/en\/wp-json\/wp\/v2\/tags?post=9974"}],"curies":[{"name":"wp","href":"https:\/\/api.w.org\/{rel}","templated":true}]}}