{"id":9856,"date":"2023-08-03T15:44:15","date_gmt":"2023-08-03T12:44:15","guid":{"rendered":"https:\/\/julesverne.com.tr\/?p=9856"},"modified":"2024-05-09T09:31:41","modified_gmt":"2024-05-09T06:31:41","slug":"turkiyenin-19-unesco-dunya-mirasi","status":"publish","type":"post","link":"https:\/\/julesverne.com.tr\/en\/travel-blog\/turkiyenin-19-unesco-dunya-mirasi\/","title":{"rendered":"T\u00fcrkiye\u2019nin Birbirinden G\u00fczel 19 UNESCO D\u00fcnya Miras\u0131\u2026"},"content":{"rendered":"<p><img loading=\"lazy\" decoding=\"async\" class=\"alignnone wp-image-11210\" src=\"https:\/\/julesverne.com.tr\/wp-content\/uploads\/2021\/11\/shutterstock_1906807057-500x262.jpg\" alt=\"\" width=\"1200\" height=\"629\" srcset=\"https:\/\/julesverne.com.tr\/wp-content\/uploads\/2021\/11\/shutterstock_1906807057-500x262.jpg 500w, https:\/\/julesverne.com.tr\/wp-content\/uploads\/2021\/11\/shutterstock_1906807057-768x402.jpg 768w, https:\/\/julesverne.com.tr\/wp-content\/uploads\/2021\/11\/shutterstock_1906807057.jpg 1000w\" sizes=\"(max-width: 1200px) 100vw, 1200px\" \/><\/p>\n<p class=\"news-detail-title title-passed\" data-page=\"news\"><strong>T\u00fcrkiye UNESCO listesinde 16\u2019nc\u0131 s\u0131raya y\u00fckseldi!<\/strong><\/p>\n<p>T\u00fcrkiye, k\u00fclt\u00fcrel miras konusunda d\u00fcnyan\u0131n en \u015fansl\u0131 \u00fclkelerinden biri. Tarih boyunca pek \u00e7ok medeniyete ev sahipli\u011fi yapan \u00fclkemizin d\u00f6rt bir yan\u0131nda insanl\u0131k tarihi ile ya\u015f\u0131t medeniyetlerin izlerini g\u00f6rmek m\u00fcmk\u00fcn. \u0130nsanl\u0131\u011f\u0131n ortak miras\u0131 olan ve evrensel de\u011ferlere sahip \u00e7\u0131kmay\u0131 hedefleyen Birle\u015fmi\u015f Milletler E\u011fitim, Bilim ve K\u00fclt\u00fcr \u00d6rg\u00fct\u00fc <strong>UNESCO<\/strong>&#8216;nun\u00a0D\u00fcnya Miras\u0131 Listesi&#8217;nde, D\u00fcnya Miras Alan\u0131 olarak ilan edilen 1.154 miras yer al\u0131yor. Bunlardan 897\u2019si k\u00fclt\u00fcrel, 218\u2019i do\u011fal ve 39\u2019u karma (do\u011fal ve k\u00fclt\u00fcrel) miraslar. T\u00fcrkiye\u2019nin bu listede 17\u2019si k\u00fclt\u00fcrel, 2\u2019si karma olmak \u00fczere toplam 19 miras alan\u0131 bulunuyor.<\/p>\n<p>1985 y\u0131l\u0131nda <strong>Divri\u011fi Ulu Camii ve Dar\u00fc\u015f\u015fifas\u0131<\/strong>, <strong>\u0130stanbul\u2019un Tarihi Alanlar\u0131, G\u00f6reme Milli Park\u0131<\/strong> <strong>ve Kapadokya<\/strong> ile UNESCO D\u00fcnya K\u00fclt\u00fcr Miras\u0131 Listesi\u2019ne girmeye hak kazanan T\u00fcrkiye; <strong>Aphrodisias<\/strong> ve <strong>G\u00f6beklitepe<\/strong>\u2019nin ard\u0131ndan 2021 y\u0131l\u0131nda <strong>Arslantepe H\u00f6y\u00fc\u011f\u00fc<\/strong>\u2019n\u00fcn de listedeki yerini almas\u0131 ile varl\u0131klar\u0131n\u0131n say\u0131s\u0131n\u0131 18\u2019den 19\u2019a \u00e7\u0131kartt\u0131 ve en \u00e7ok do\u011fal ve k\u00fclt\u00fcrel mirasa sahip 20 \u00fclke i\u00e7erisinde 16\u2019nc\u0131 s\u0131raya y\u00fckseldi.<\/p>\n<h2><strong>\u0130\u015fte seyahatlerinize ilham verecek, T\u00fcrkiye&#8217;nin birbirinden g\u00fczel 19 UNESCO D\u00fcnya Miras\u0131&#8230;<\/strong><\/h2>\n<p><img loading=\"lazy\" decoding=\"async\" class=\"alignnone wp-image-10050\" src=\"https:\/\/julesverne.com.tr\/wp-content\/uploads\/2021\/08\/arslantepe_shutterstock_751355176-500x330.jpg\" alt=\"\" width=\"1200\" height=\"792\" srcset=\"https:\/\/julesverne.com.tr\/wp-content\/uploads\/2021\/08\/arslantepe_shutterstock_751355176-500x330.jpg 500w, https:\/\/julesverne.com.tr\/wp-content\/uploads\/2021\/08\/arslantepe_shutterstock_751355176-768x507.jpg 768w, https:\/\/julesverne.com.tr\/wp-content\/uploads\/2021\/08\/arslantepe_shutterstock_751355176.jpg 1000w\" sizes=\"(max-width: 1200px) 100vw, 1200px\" \/><\/p>\n<h2><strong>19. Arslantepe H\u00f6y\u00fc\u011f\u00fc (Malatya) 2021<\/strong><\/h2>\n<p>Tarihi yakla\u015f\u0131k 6 bin y\u0131l \u00f6nceye dayanan, ilk erken devlet yap\u0131lanmas\u0131n\u0131n ortaya \u00e7\u0131kt\u0131\u011f\u0131 dini ve k\u00fclt\u00fcrel bir merkez olarak kabul edilen Arslantepe H\u00f6y\u00fc\u011f\u00fc, F\u0131rat Nehri\u2019nin 12 km g\u00fcneybat\u0131s\u0131nda, Malatya\u2019n\u0131n Battalgazi il\u00e7esinde yer al\u0131yor. Ge\u00e7 Kalkolitik d\u00f6nemden Demir \u00c7a\u011f\u0131\u2019na kadar ge\u00e7en tarihsel s\u00fcrecin buluntular\u0131na rastlanan Arslantepe\u2019deki 30 metre y\u00fcksekli\u011findeki heybetli h\u00f6y\u00fck, konunun uzmanlar\u0131 kadar tarih ve k\u00fclt\u00fcr merakl\u0131s\u0131 ziyaret\u00e7ilerini de b\u00fcy\u00fclemeyi ba\u015far\u0131yor.<\/p>\n<p><img loading=\"lazy\" decoding=\"async\" class=\"alignnone wp-image-3003\" src=\"https:\/\/julesverne.com.tr\/wp-content\/uploads\/2020\/09\/gobeklitepe-1.jpg\" alt=\"\" width=\"1200\" height=\"798\" srcset=\"https:\/\/julesverne.com.tr\/wp-content\/uploads\/2020\/09\/gobeklitepe-1.jpg 999w, https:\/\/julesverne.com.tr\/wp-content\/uploads\/2020\/09\/gobeklitepe-1-500x332.jpg 500w, https:\/\/julesverne.com.tr\/wp-content\/uploads\/2020\/09\/gobeklitepe-1-768x510.jpg 768w\" sizes=\"(max-width: 1200px) 100vw, 1200px\" \/><\/p>\n<h2><strong>18. G\u00f6bekli Tepe (\u015eanl\u0131urfa) 2018<\/strong><\/h2>\n<p>D\u00fcnyan\u0131n bilinen tarihini de\u011fi\u015ftirecek buluntular\u0131yla t\u00fcm d\u00fcnyan\u0131n ilgisini \u00e7eken G\u00f6bekli Tepe, \u015eanl\u0131urfa\u2019ya 15 km mesafede konumlan\u0131yor. 12 bin y\u0131l \u00f6nceye ait oldu\u011fu anla\u015f\u0131lan ve toplamda 20 tane oldu\u011fu belirlenen \u00fczeri a\u00e7\u0131k dini yap\u0131lar bize, bug\u00fcne kadar d\u00fcnyan\u0131n bilinen ilk tap\u0131naklar\u0131 oldu\u011funu do\u011fruluyor.<\/p>\n<p><img loading=\"lazy\" decoding=\"async\" class=\"alignnone wp-image-3004\" src=\"https:\/\/julesverne.com.tr\/wp-content\/uploads\/2020\/09\/Aphrodisias-1.jpg\" alt=\"\" width=\"1200\" height=\"800\" srcset=\"https:\/\/julesverne.com.tr\/wp-content\/uploads\/2020\/09\/Aphrodisias-1.jpg 999w, https:\/\/julesverne.com.tr\/wp-content\/uploads\/2020\/09\/Aphrodisias-1-500x333.jpg 500w, https:\/\/julesverne.com.tr\/wp-content\/uploads\/2020\/09\/Aphrodisias-1-768x512.jpg 768w\" sizes=\"(max-width: 1200px) 100vw, 1200px\" \/><\/p>\n<h2><strong>17. Aphrodisias (Ayd\u0131n) 2017<\/strong><\/h2>\n<p>A\u015fk ve g\u00fczellik tanr\u0131\u00e7as\u0131 Afrodite\u2019e adanm\u0131\u015f olan Aphrodisias Antik Kenti, T\u00fcrkiye\u2019deki en \u00f6nemli arkeolojik alanlardan bir tanesi. 1958 y\u0131l\u0131nda Ayd\u0131n\u2019\u0131n Geyre beldesine bir baraj a\u00e7\u0131l\u0131\u015f\u0131 i\u00e7in gelen ve yolunu kaybetmesiyle tarihin hazinelerinden birini a\u00e7\u0131\u011fa \u00e7\u0131karan Ara G\u00fcler, buradaki her bir kal\u0131nt\u0131y\u0131 foto\u011fraflayarak, foto\u011fraflar\u0131 Times dergisine g\u00f6nderir. Yeniden renkli foto\u011fraflar\u0131n\u0131 \u00e7ekmek i\u00e7in b\u00f6lgeye giden Ara G\u00fcler\u2019in \u00e7ekimleri b\u00f6ylece t\u00fcm d\u00fcnyaya yay\u0131l\u0131r. Amerika\u2019dan gelen arkeologlar Geyre\u2019de yapt\u0131klar\u0131 ara\u015ft\u0131rma sonucunda ge\u00e7mi\u015fi M.\u00d6 500\u2019l\u00fc y\u0131llara dayanan ve ismini tanr\u0131\u00e7a Afrodit\u2019ten alan Aphrodisias Antik Kenti ile tan\u0131\u015f\u0131rlar. Yunan \u2013 Roma d\u00f6nemi mimarisini ve kent \u00f6zelliklerini en iyi \u015fekilde yans\u0131tmas\u0131 ise Aphrodisias\u2019\u0131 \u00f6zel k\u0131lmaktad\u0131r.<\/p>\n<p><img loading=\"lazy\" decoding=\"async\" class=\"alignnone wp-image-3005\" src=\"https:\/\/julesverne.com.tr\/wp-content\/uploads\/2020\/09\/aniharabeleri.jpg\" alt=\"\" width=\"1200\" height=\"800\" srcset=\"https:\/\/julesverne.com.tr\/wp-content\/uploads\/2020\/09\/aniharabeleri.jpg 999w, https:\/\/julesverne.com.tr\/wp-content\/uploads\/2020\/09\/aniharabeleri-500x333.jpg 500w, https:\/\/julesverne.com.tr\/wp-content\/uploads\/2020\/09\/aniharabeleri-768x512.jpg 768w\" sizes=\"(max-width: 1200px) 100vw, 1200px\" \/><\/p>\n<h2><strong>16. Ani Arkeolojik Alan\u0131 (Kars) 2016<\/strong><\/h2>\n<p>Tarih \u00f6ncesi d\u00f6nemlerden itibaren farkl\u0131 k\u00fclt\u00fcrlere ev sahipli\u011fi yapan Ani, Ermenistan \u2013 T\u00fcrkiye s\u0131n\u0131r noktas\u0131nda, Kars\u2019\u0131n g\u00f6z al\u0131c\u0131 tarihi yerlerinden. \u0130pek yolu \u00fczerinde kurulan Ani; tarihte Sel\u00e7uklu, Bizans, G\u00fcrc\u00fc ve Ermeni k\u00fclt\u00fcrlerine ev sahipli\u011fi yapm\u0131\u015f, bulundu\u011fu konum itibari ile de \u00e7ok k\u00fclt\u00fcrl\u00fc bir ticaret merkezi haline gelmi\u015ftir.<\/p>\n<p><img loading=\"lazy\" decoding=\"async\" class=\"alignnone wp-image-4329\" src=\"https:\/\/julesverne.com.tr\/wp-content\/uploads\/2020\/09\/efes.jpg\" alt=\"efes antik kenti\" width=\"1200\" height=\"850\" srcset=\"https:\/\/julesverne.com.tr\/wp-content\/uploads\/2020\/09\/efes.jpg 1000w, https:\/\/julesverne.com.tr\/wp-content\/uploads\/2020\/09\/efes-500x354.jpg 500w, https:\/\/julesverne.com.tr\/wp-content\/uploads\/2020\/09\/efes-768x544.jpg 768w\" sizes=\"(max-width: 1200px) 100vw, 1200px\" \/><\/p>\n<h2><strong>15. Efes (\u0130zmir) 2015<\/strong><\/h2>\n<p>D\u00fcnyan\u0131n yedi harikas\u0131ndan biri olan Artemis Tap\u0131na\u011f\u0131 ve as\u0131rlard\u0131r dini merkez i\u015flevi g\u00f6ren Meryem Ana Evi\u2019ne ev sahipli\u011fi yapan Efes Antik Kenti, Anadolu uygarl\u0131klar\u0131n\u0131n \u00e7e\u015fitlili\u011fini yans\u0131t\u0131rken, y\u0131llara da meydan okumay\u0131 ihmal etmiyor. D\u00fcnya \u00fczerinde kaz\u0131lan en b\u00fcy\u00fck Grekoromen \u015fehir olma \u00f6zelli\u011fini ta\u015f\u0131yan Efes, k\u00fc\u00e7\u00fck Asya olarak adland\u0131r\u0131lm\u0131\u015f ve Anadolu eyaletinin de ba\u015fkenti olmu\u015f. Yunan medeniyeti ve ard\u0131ndan Roma medeniyeti kontrol\u00fcnde olan antik kent bu iki zengin medeniyetin mimari ve k\u00fclt\u00fcrel izleriyle donat\u0131lm\u0131\u015f. Dini, ticari, k\u00fclt\u00fcrel ve sanatsal olarak d\u00f6neminde bir y\u0131ld\u0131z olan Efes, Roma d\u00f6nemi yap\u0131lar\u0131n\u0131n en g\u00fczellerinden g\u00f6rkemli Celcus K\u00fct\u00fcphanesi ve antik tiyatrosu ile de g\u00f6z kama\u015ft\u0131r\u0131yor.<\/p>\n<p><img loading=\"lazy\" decoding=\"async\" class=\"alignnone size-full wp-image-9858\" src=\"https:\/\/julesverne.com.tr\/wp-content\/uploads\/2021\/07\/hevsel-bahceleri.jpg\" alt=\"\" width=\"1200\" height=\"800\" srcset=\"https:\/\/julesverne.com.tr\/wp-content\/uploads\/2021\/07\/hevsel-bahceleri.jpg 1200w, https:\/\/julesverne.com.tr\/wp-content\/uploads\/2021\/07\/hevsel-bahceleri-500x333.jpg 500w, https:\/\/julesverne.com.tr\/wp-content\/uploads\/2021\/07\/hevsel-bahceleri-768x512.jpg 768w\" sizes=\"(max-width: 1200px) 100vw, 1200px\" \/><\/p>\n<h2><strong>14. Diyarbak\u0131r Kalesi ve Hevsel Bah\u00e7eleri K\u00fclt\u00fcrel Peyzaj\u0131 (Diyarbak\u0131r) 2015<\/strong><\/h2>\n<p>D\u00fcnyan\u0131n en sa\u011flam ve eski yap\u0131lar\u0131ndan biri say\u0131lan Diyarbak\u0131r Kalesi ve Surlar\u0131 tarih boyunca bir\u00e7ok t\u00fcrk\u00fc ve efsaneye konu olmu\u015f. Tarihi M.\u00d6 3000\u2019lere dayanan Diyarbak\u0131r Kalesi; \u00f6nemli bir savunma yap\u0131s\u0131 olman\u0131n yan\u0131 s\u0131ra i\u00e7inde bar\u0131nd\u0131rd\u0131\u011f\u0131 Helen, Latin, S\u00fcryani, Ermeni ve Arap dillerindeki yaz\u0131tlar\u0131 ile Anadolu\u2019da i\u00e7 i\u00e7e ge\u00e7mi\u015f uygarl\u0131klar\u0131 belgeleyen \u00fcst\u00fcn evrensel de\u011ferlere sahip bir k\u00fclt\u00fcrel varl\u0131\u011f\u0131. 8 bin y\u0131ll\u0131k k\u00f6kl\u00fc bir tarihi olan Hevsel Bah\u00e7eleri ise bu uzun \u00f6mr\u00fcnde 30\u2019dan fazla uygarl\u0131k g\u00f6rm\u00fc\u015f ve her birinden izler ta\u015f\u0131yor.<\/p>\n<p><img loading=\"lazy\" decoding=\"async\" class=\"alignnone size-full wp-image-9859\" src=\"https:\/\/julesverne.com.tr\/wp-content\/uploads\/2021\/07\/pergamon.jpg\" alt=\"\" width=\"1200\" height=\"800\" srcset=\"https:\/\/julesverne.com.tr\/wp-content\/uploads\/2021\/07\/pergamon.jpg 1200w, https:\/\/julesverne.com.tr\/wp-content\/uploads\/2021\/07\/pergamon-500x333.jpg 500w, https:\/\/julesverne.com.tr\/wp-content\/uploads\/2021\/07\/pergamon-768x512.jpg 768w\" sizes=\"(max-width: 1200px) 100vw, 1200px\" \/><\/p>\n<h2><strong>13. Bergama \u00c7ok Katmanl\u0131 K\u00fclt\u00fcrel Peyzaj Alan\u0131 (\u0130zmir) 2014<\/strong><\/h2>\n<p>Helenistik, Roma, Do\u011fu Roma ve Osmanl\u0131 d\u00f6nemlerine ait katmanlar\u0131 bar\u0131nd\u0131ran muazzam bir antik alan olan Bergama \u00c7ok Katmanl\u0131 K\u00fclt\u00fcrel Peyzaj Alan\u0131. Alan Pergamon (\u00e7ok katmanl\u0131 kent), Kibele Kutsal Alan\u0131, \u0130lyas Tepe, Y\u0131\u011fma Tepe, ikili, Tav\u015fan Tepe, X Tepe, A Tepe ve Maltepe T\u00fcm\u00fcl\u00fcsleri ile birlikte toplam 9 bile\u015fenden olu\u015fuyor. Helenistik ve Roma d\u00f6nemlerine ait k\u00fclt\u00fcrel peyzaj de\u011ferleri; Roma ve Do\u011fu Roma d\u00f6nemlerine ait katmanlar \u00fczerine yay\u0131lan Osmanl\u0131 D\u00f6nemi yap\u0131lar\u0131 ile bir tarih yolculu\u011fu adeta.<\/p>\n<p><img loading=\"lazy\" decoding=\"async\" class=\"alignnone wp-image-8626\" src=\"https:\/\/julesverne.com.tr\/wp-content\/uploads\/2020\/04\/Cumalikizik_Bursa_shutterstock_1561977634.jpg\" alt=\"\" width=\"1200\" height=\"800\" srcset=\"https:\/\/julesverne.com.tr\/wp-content\/uploads\/2020\/04\/Cumalikizik_Bursa_shutterstock_1561977634.jpg 1000w, https:\/\/julesverne.com.tr\/wp-content\/uploads\/2020\/04\/Cumalikizik_Bursa_shutterstock_1561977634-500x334.jpg 500w, https:\/\/julesverne.com.tr\/wp-content\/uploads\/2020\/04\/Cumalikizik_Bursa_shutterstock_1561977634-768x512.jpg 768w\" sizes=\"(max-width: 1200px) 100vw, 1200px\" \/><\/p>\n<h2><strong>12. Bursa ve Cumal\u0131k\u0131z\u0131k: Osmanl\u0131 \u0130mparatorlu\u011funun Do\u011fu\u015fu (Bursa) 2014<\/strong><\/h2>\n<p>Osmanl\u0131\u2019n\u0131n erken d\u00f6nemine ait mimari \u00f6rneklerini g\u00fcn\u00fcm\u00fcze ta\u015f\u0131may\u0131 ba\u015faran Cumal\u0131k\u0131z\u0131k, 700 y\u0131ll\u0131k k\u00f6kl\u00fc bir ge\u00e7mi\u015fe sahip. Geleneksel Osmanl\u0131 mimarisi ve sivil mimarinin \u00f6zg\u00fcn \u00f6rneklerini bar\u0131nd\u0131ran Cumal\u0131k\u0131z\u0131k, Osmanl\u0131\u2019n\u0131n ilk ba\u015fkenti Bursa\u2019n\u0131n \u00f6nc\u00fc g\u00fc\u00e7lerinden biriydi.<\/p>\n<p><img loading=\"lazy\" decoding=\"async\" class=\"alignnone wp-image-3010\" src=\"https:\/\/julesverne.com.tr\/wp-content\/uploads\/2020\/09\/catalhoyuk.jpg\" alt=\"\" width=\"1200\" height=\"933\" srcset=\"https:\/\/julesverne.com.tr\/wp-content\/uploads\/2020\/09\/catalhoyuk.jpg 999w, https:\/\/julesverne.com.tr\/wp-content\/uploads\/2020\/09\/catalhoyuk-500x389.jpg 500w, https:\/\/julesverne.com.tr\/wp-content\/uploads\/2020\/09\/catalhoyuk-768x597.jpg 768w\" sizes=\"(max-width: 1200px) 100vw, 1200px\" \/><\/p>\n<h2><strong>11. \u00c7atalh\u00f6y\u00fck Neolitik Alan\u0131 (Konya) 2012<\/strong><\/h2>\n<p>\u0130nsanl\u0131\u011f\u0131n yerle\u015fik ya\u015fama ge\u00e7i\u015f s\u00fcreci ve tar\u0131mla tan\u0131\u015ft\u0131\u011f\u0131 d\u00f6neme ait izleriyle hayranl\u0131k uyand\u0131ran \u00c7atalh\u00f6y\u00fck Neolitik Alan\u0131, Konya\u2019n\u0131n \u00c7umra il\u00e7esi s\u0131n\u0131rlar\u0131nda yer al\u0131yor. \u0130nsano\u011flunun ge\u00e7mi\u015fine \u0131\u015f\u0131k tutan \u00e7ok de\u011ferli bir arkeolojik alan olarak kabul edilen \u00c7atalh\u00f6y\u00fck, d\u00f6nemin benzersiz kal\u0131nt\u0131lar\u0131na ev sahipli\u011fi yapmas\u0131 nedeniyle b\u00fcy\u00fck bir \u00f6neme sahip.<\/p>\n<p><img loading=\"lazy\" decoding=\"async\" class=\"alignnone wp-image-7645\" src=\"https:\/\/julesverne.com.tr\/wp-content\/uploads\/2021\/03\/Edirne1.jpg\" alt=\"\" width=\"1200\" height=\"675\" srcset=\"https:\/\/julesverne.com.tr\/wp-content\/uploads\/2021\/03\/Edirne1.jpg 999w, https:\/\/julesverne.com.tr\/wp-content\/uploads\/2021\/03\/Edirne1-500x281.jpg 500w, https:\/\/julesverne.com.tr\/wp-content\/uploads\/2021\/03\/Edirne1-768x432.jpg 768w, https:\/\/julesverne.com.tr\/wp-content\/uploads\/2021\/03\/Edirne1-400x225.jpg 400w\" sizes=\"(max-width: 1200px) 100vw, 1200px\" \/><\/p>\n<h2><strong>10. Edirne Selimiye Camii ve K\u00fclliyesi (Edirne) 2011<\/strong><\/h2>\n<p>Osmanl\u0131 D\u00f6nemi mimarisinin doruk noktas\u0131 olarak kabul edilen Selimiye Camii ve K\u00fclliyesi, d\u00fcnyan\u0131n en g\u00f6rkemli yap\u0131lar\u0131ndan biri. Osmanl\u0131 padi\u015fah\u0131 II. Selim taraf\u0131ndan yapt\u0131r\u0131lan cami, Mimar Sinan\u2019\u0131n ustal\u0131k d\u00f6nemi eseri olarak tarihe ge\u00e7mi\u015f. Teknik ac\u0131san kusursuz olmas\u0131, estetik de\u011ferleriyle sadece T\u00fcrkiye\u2019nin de\u011fil, d\u00fcnya mimarl\u0131k tarihinin de \u00f6nemli yap\u0131tlar\u0131 aras\u0131nda yer al\u0131yor.<\/p>\n<p><img loading=\"lazy\" decoding=\"async\" class=\"alignnone wp-image-7549\" src=\"https:\/\/julesverne.com.tr\/wp-content\/uploads\/2021\/03\/Truva-Ati-Canakkale.jpg\" alt=\"\" width=\"1200\" height=\"800\" srcset=\"https:\/\/julesverne.com.tr\/wp-content\/uploads\/2021\/03\/Truva-Ati-Canakkale.jpg 999w, https:\/\/julesverne.com.tr\/wp-content\/uploads\/2021\/03\/Truva-Ati-Canakkale-500x333.jpg 500w, https:\/\/julesverne.com.tr\/wp-content\/uploads\/2021\/03\/Truva-Ati-Canakkale-768x512.jpg 768w\" sizes=\"(max-width: 1200px) 100vw, 1200px\" \/><\/p>\n<h2><strong>9. Truva Arkeolojik Alan\u0131 (\u00c7anakkale) 1998<\/strong><\/h2>\n<p>Homeros\u2019un \u0130lyada ve Odysseia destan\u0131na konu olan Truva Sava\u015f\u0131\u2019n\u0131n ger\u00e7ekle\u015fti\u011fi antik kent, \u00c7anakkale\u2019de yer alan \u201cHisarl\u0131k Tepesi\u201dnde bulunur. D\u00fcnyan\u0131n en \u00fcnl\u00fc antik \u015fehirlerinden biri olan Troia; Asya ve Avrupa k\u0131talar\u0131 aras\u0131ndaki konumu, Ege ve Akdeniz aras\u0131ndaki stratejik lokasyonu ile tarihte pek \u00e7ok uygarl\u0131\u011f\u0131n ticari ve k\u00fclt\u00fcrel ba\u011flant\u0131lar\u0131 a\u00e7\u0131s\u0131ndan \u00e7ok \u00f6nemli bir role sahiptir.<\/p>\n<p><img loading=\"lazy\" decoding=\"async\" class=\"alignnone wp-image-3013\" src=\"https:\/\/julesverne.com.tr\/wp-content\/uploads\/2020\/09\/safranbolu.jpg\" alt=\"\" width=\"1200\" height=\"800\" srcset=\"https:\/\/julesverne.com.tr\/wp-content\/uploads\/2020\/09\/safranbolu.jpg 999w, https:\/\/julesverne.com.tr\/wp-content\/uploads\/2020\/09\/safranbolu-500x333.jpg 500w, https:\/\/julesverne.com.tr\/wp-content\/uploads\/2020\/09\/safranbolu-768x512.jpg 768w\" sizes=\"(max-width: 1200px) 100vw, 1200px\" \/><\/p>\n<h2><strong>8. Safranbolu \u015eehri (Karab\u00fck) 1994<\/strong><\/h2>\n<p>Karab\u00fck \u015fehrinin kuzeyinde yer alan ve 1950\u2019lerde Anadolu\u2019da ger\u00e7ekle\u015fen modern \u015fehirle\u015fmeden etkilenmeyen Safranbolu, ah\u015fap evleri ve an\u0131tsal yap\u0131lar\u0131yla me\u015fhur olan bir b\u00f6lge. T\u00fcm h\u0131zl\u0131 \u015fehirle\u015fme tehdidine ra\u011fmen k\u00fclt\u00fcrel dokusunu korumay\u0131 ba\u015faran Safranbolu 18. Y\u00fczy\u0131lda Asya ve Avrupa aras\u0131ndaki ticaretin de vazge\u00e7ilmez duraklar\u0131ndan biri olmu\u015ftur. Roma, Bizans, Sel\u00e7uklu ve Osmanl\u0131 hakimiyetlerine giren \u015fehrin merkezi Bat\u0131 Karadeniz\u2019in geleneksel kent dokusunu yans\u0131t\u0131yor. Geleneksel ah\u015fap evleri ve an\u0131tsal yap\u0131lar\u0131yla ya\u015fayan bir de\u011fer.<\/p>\n<p><img loading=\"lazy\" decoding=\"async\" class=\"alignnone wp-image-3014\" src=\"https:\/\/julesverne.com.tr\/wp-content\/uploads\/2020\/09\/letoon.jpg\" alt=\"\" width=\"1200\" height=\"741\" srcset=\"https:\/\/julesverne.com.tr\/wp-content\/uploads\/2020\/09\/letoon.jpg 999w, https:\/\/julesverne.com.tr\/wp-content\/uploads\/2020\/09\/letoon-500x309.jpg 500w, https:\/\/julesverne.com.tr\/wp-content\/uploads\/2020\/09\/letoon-768x474.jpg 768w\" sizes=\"(max-width: 1200px) 100vw, 1200px\" \/><\/p>\n<h2><strong>7. Xanthos-Letoon (Antalya-Mu\u011fla) 1988<\/strong><\/h2>\n<p>Tarihi de\u011ferleri ve organik ba\u011flar\u0131yla UNESCO D\u00fcnya Miras\u0131 listesine birlikte d\u00e2hil edilen Xanthos Antik Kenti Mu\u011fla\u2019n\u0131n Fethiye il\u00e7esinde, Letoon Antik Kenti ise Antalya\u2019n\u0131n Ka\u015f il\u00e7esi s\u0131n\u0131rlar\u0131nda yer al\u0131yor. Bu iki antik kent aras\u0131nda ise 5 km mesafe bulunuyor. Xanthos Antik Kenti, Lykia b\u00f6lgesinin \u00f6nemli din ve y\u00f6netim merkezlerinden biri olmu\u015f; Helen, Pers, Roma, Bizans gibi farkl\u0131 uygarl\u0131klar\u0131n izlerini ta\u015f\u0131m\u0131\u015f. Letoon Antik Kenti ise Xanthos\u2019un kutsal alan\u0131 olarak bir\u00e7ok tap\u0131nak kal\u0131nt\u0131s\u0131n\u0131 bar\u0131nd\u0131r\u0131yor.<\/p>\n<p><img loading=\"lazy\" decoding=\"async\" class=\"alignnone wp-image-2454\" src=\"https:\/\/julesverne.com.tr\/wp-content\/uploads\/2020\/09\/Hierapolispamukkale-1.jpg\" alt=\"Hierapolis Antik Kenti\" width=\"1200\" height=\"800\" srcset=\"https:\/\/julesverne.com.tr\/wp-content\/uploads\/2020\/09\/Hierapolispamukkale-1.jpg 990w, https:\/\/julesverne.com.tr\/wp-content\/uploads\/2020\/09\/Hierapolispamukkale-1-500x333.jpg 500w, https:\/\/julesverne.com.tr\/wp-content\/uploads\/2020\/09\/Hierapolispamukkale-1-768x512.jpg 768w\" sizes=\"(max-width: 1200px) 100vw, 1200px\" \/><\/p>\n<h2><strong>6. Hierapolis-Pamukkale (Denizli) 1988<\/strong><\/h2>\n<p>Beyaz travertenleri ile benzersiz bir g\u00f6r\u00fcn\u00fcme sahip olan Pamukkale Hierapolis Milli Park\u0131, Ege b\u00f6lgesinde yer alan Menderes Nehri vadisinde bulunur. Helenistik ve erken Hristiyanl\u0131\u011f\u0131n d\u00f6nemlerinden kal\u0131nt\u0131lar bar\u0131nd\u0131ran b\u00f6lge, d\u00fcnyan\u0131n en ilgin\u00e7 manzaralar\u0131na tan\u0131k olabilece\u011finiz yerlerden.<\/p>\n<p><img loading=\"lazy\" decoding=\"async\" class=\"alignnone wp-image-2208\" src=\"https:\/\/julesverne.com.tr\/wp-content\/uploads\/2020\/09\/nemrutdagi.jpg\" alt=\"\" width=\"1200\" height=\"800\" srcset=\"https:\/\/julesverne.com.tr\/wp-content\/uploads\/2020\/09\/nemrutdagi.jpg 999w, https:\/\/julesverne.com.tr\/wp-content\/uploads\/2020\/09\/nemrutdagi-500x333.jpg 500w, https:\/\/julesverne.com.tr\/wp-content\/uploads\/2020\/09\/nemrutdagi-768x512.jpg 768w\" sizes=\"(max-width: 1200px) 100vw, 1200px\" \/><\/p>\n<h2><strong>5. Nemrut Da\u011f\u0131 (Ad\u0131yaman) 1987<\/strong><\/h2>\n<p>D\u00fcnyan\u0131n sekiz harikas\u0131ndan biri olarak g\u00f6sterilen Nemrut Da\u011f\u0131 sadece eserleriyle de\u011fil e\u015fsiz g\u00fcndo\u011fumu ve g\u00fcnbat\u0131m\u0131 manzaralar\u0131 ve yayd\u0131\u011f\u0131 enerjisiyle UNESCO listesinin benzersiz ve nadide bir \u00fcyesi. Deniz seviyesinden 2 bin 150 metre y\u00fckseklikte yer alan Nemrut Da\u011f\u0131, Ad\u0131yaman\u2019\u0131n kuzeyinde Kahta il\u00e7esinde yer al\u0131yor. G\u00fcn bat\u0131m\u0131 ve g\u00fcn bat\u0131m\u0131 manzaras\u0131, T\u00fcm\u00fcl\u00fcsleri ve muazzam g\u00fczellikteki heykelleriyle Kommagene Krall\u0131\u011f\u0131\u2019n\u0131n t\u00fcm heybetini g\u00f6zler \u00f6n\u00fcne seren Nemrut Da\u011f\u0131, t\u00fcm k\u00fclt\u00fcrleri bulu\u015fturmak isteyen Kommagene Kral\u0131 I. Antiochos\u2019un ba\u015fka k\u00fclt\u00fcr tanr\u0131lar\u0131n\u0131 bir araya getiren heykelleri ve kabartmalar\u0131yla g\u00f6z kama\u015ft\u0131r\u0131c\u0131.<\/p>\n<p><img loading=\"lazy\" decoding=\"async\" class=\"alignnone wp-image-7442\" src=\"https:\/\/julesverne.com.tr\/wp-content\/uploads\/2020\/11\/1546425490-hattusa2-kucuk-boyut.jpg\" alt=\"\" width=\"1200\" height=\"824\" srcset=\"https:\/\/julesverne.com.tr\/wp-content\/uploads\/2020\/11\/1546425490-hattusa2-kucuk-boyut.jpg 1000w, https:\/\/julesverne.com.tr\/wp-content\/uploads\/2020\/11\/1546425490-hattusa2-kucuk-boyut-500x344.jpg 500w, https:\/\/julesverne.com.tr\/wp-content\/uploads\/2020\/11\/1546425490-hattusa2-kucuk-boyut-768x528.jpg 768w\" sizes=\"(max-width: 1200px) 100vw, 1200px\" \/><\/p>\n<h2><strong>4. Hattu\u015fa: Hitit Ba\u015fkenti (\u00c7orum) 1986<\/strong><\/h2>\n<p>Bin Tanr\u0131l\u0131 \u00fclke olarak da an\u0131lan Hititler devletinin sosyal ya\u015fam\u0131, inan\u0131\u015flar\u0131 ve y\u00f6netim bi\u00e7imlerini yans\u0131ta Hattu\u015fa , Hitit k\u00fclt\u00fcr\u00fcn\u00fcn merkezi ba\u015fkentiydi. Anadolu\u2019nun en \u00f6nemli arkeolojik alanlar\u0131ndan biri olan Hattu\u015fa\u2019da ortaya \u00e7\u0131kan kal\u0131nt\u0131lar\u0131n bir\u00e7o\u011fu M.\u00d6 13. y\u00fczy\u0131ldaki yeniden yap\u0131lanma d\u00f6nemine ait. Tarihin ilk yaz\u0131l\u0131 anla\u015fmas\u0131 olarak bilinen Kades Anla\u015fmas\u0131\u2019n\u0131n da yap\u0131ld\u0131\u011f\u0131 \u015fehirde aslanl\u0131 kap\u0131lar, sur duvarlar\u0131, 30\u2019dan fazla tap\u0131nak, kraliyet konutlar\u0131 ve sokaklar\u0131 t\u00fcm heybetiyle ayakta.<\/p>\n<p><img loading=\"lazy\" decoding=\"async\" class=\"alignnone wp-image-7652\" src=\"https:\/\/julesverne.com.tr\/wp-content\/uploads\/2021\/03\/goremekapadokya.jpg\" alt=\"\" width=\"1200\" height=\"800\" srcset=\"https:\/\/julesverne.com.tr\/wp-content\/uploads\/2021\/03\/goremekapadokya.jpg 999w, https:\/\/julesverne.com.tr\/wp-content\/uploads\/2021\/03\/goremekapadokya-500x333.jpg 500w, https:\/\/julesverne.com.tr\/wp-content\/uploads\/2021\/03\/goremekapadokya-768x512.jpg 768w\" sizes=\"(max-width: 1200px) 100vw, 1200px\" \/><\/p>\n<h2><strong>3. G\u00f6reme Mill\u00ee Park\u0131 ve Kapadokya (Nev\u015fehir) 1985<\/strong><\/h2>\n<p>Kalkolitik d\u00f6neme kadar uzanan insan izleriyle uzun y\u0131llard\u0131r ya\u015fam\u0131n oldu\u011fu Kapadokya, Erciyes Da\u011f\u0131 ve Hasan Da\u011f\u0131\u2019ndan p\u00fcsk\u00fcren lavlar\u0131n zaman i\u00e7erisinde erozyona u\u011framas\u0131yla bug\u00fcnk\u00fc do\u011fa\u00fcst\u00fc manzaraya kavu\u015ftu. \u00dcrg\u00fcp ve G\u00f6reme \u00e7evresinde s\u0131k\u00e7a g\u00f6r\u00fclen, diren\u00e7li kayalar\u0131n, altlar\u0131ndaki daha dayan\u0131ks\u0131z tabakay\u0131 suyun a\u015f\u0131nd\u0131rmas\u0131na kar\u015f\u0131 korumas\u0131yla olu\u015fan Peribacalar\u0131 ger\u00e7ek ile r\u00fcya aras\u0131nda bir his uyand\u0131r\u0131yor. Do\u011fal olu\u015fumlar\u0131 ve peri bacalar\u0131yla d\u00fcnya \u00e7ap\u0131nda \u00fcne sahip olan b\u00f6lge, 7 \u2013 13. Y\u00fczy\u0131l aral\u0131\u011f\u0131nda bask\u0131lardan ka\u00e7an Hristiyanlar\u0131n s\u0131\u011f\u0131na\u011f\u0131 olmu\u015f ve dini bir merkez haline gelmi\u015f. Kayal\u0131klar\u0131 oyarak yarat\u0131lan farkl\u0131 mekanlar bug\u00fcn tarihin bir\u00e7ok sayfas\u0131na \u0131\u015f\u0131k tutuyor.<\/p>\n<p><img loading=\"lazy\" decoding=\"async\" class=\"alignnone wp-image-3019\" src=\"https:\/\/julesverne.com.tr\/wp-content\/uploads\/2020\/09\/ayasofya.jpg\" alt=\"\" width=\"1200\" height=\"800\" srcset=\"https:\/\/julesverne.com.tr\/wp-content\/uploads\/2020\/09\/ayasofya.jpg 999w, https:\/\/julesverne.com.tr\/wp-content\/uploads\/2020\/09\/ayasofya-500x333.jpg 500w, https:\/\/julesverne.com.tr\/wp-content\/uploads\/2020\/09\/ayasofya-768x512.jpg 768w\" sizes=\"(max-width: 1200px) 100vw, 1200px\" \/><\/p>\n<h2><strong>2. \u0130stanbul\u2019un Tarihi Alanlar\u0131 (\u0130stanbul) 1985<\/strong><\/h2>\n<p>Binlerce y\u0131ll\u0131k tarihi, bir\u00e7ok uygarl\u0131\u011fa ev sahipli\u011fi yapmas\u0131, sava\u015flara, bulu\u015flara, d\u00f6n\u00fcm noktalar\u0131na \u015fahit olmas\u0131 bu \u015fehrin de\u011ferini anlatmaya yetersiz k\u0131l\u0131yor. \u0130stanbul Tarihi Yar\u0131mada bar\u0131nd\u0131rd\u0131\u011f\u0131 mimari, dini ve k\u00fclt\u00fcrel de\u011ferlerle UNESCO D\u00fcnya Miras\u0131 Listesi\u2019nde yer al\u0131yor. Hipodrom, Ayasofya, Aya \u0130rini, K\u00fc\u00e7\u00fck Ayasofya Camisi ve Topkap\u0131 Saray\u0131\u2019n\u0131 i\u00e7ine alan \u201cArkeolojik Park\u201d, S\u00fcleymaniye Camisi ve \u00e7evresini i\u00e7ine alan \u201cS\u00fcleymaniye Koruma Alan\u0131\u201d, Zeyrek Camisi ve \u00e7evresini i\u00e7ine alan \u201cZeyrek Koruma Alan\u0131\u201d ve \u201cTarihi Surlar Koruma Alan\u0131\u201d ile listede.<\/p>\n<p><img loading=\"lazy\" decoding=\"async\" class=\"alignnone wp-image-3020\" src=\"https:\/\/julesverne.com.tr\/wp-content\/uploads\/2020\/09\/divrigicamii.jpg\" alt=\"\" width=\"1200\" height=\"800\" srcset=\"https:\/\/julesverne.com.tr\/wp-content\/uploads\/2020\/09\/divrigicamii.jpg 999w, https:\/\/julesverne.com.tr\/wp-content\/uploads\/2020\/09\/divrigicamii-500x333.jpg 500w, https:\/\/julesverne.com.tr\/wp-content\/uploads\/2020\/09\/divrigicamii-768x512.jpg 768w\" sizes=\"(max-width: 1200px) 100vw, 1200px\" \/><\/p>\n<h2><strong>1. Divri\u011fi Ulu Camii ve Dar\u00fc\u015f\u015fifas\u0131 (Sivas) 1985<\/strong><\/h2>\n<p>Divri\u011fi Ulu Camii ve Dar\u00fc\u015f\u015fifas\u0131, T\u00fcrkiye\u2019nin UNESCO D\u00fcnya K\u00fclt\u00fcrel Miras\u0131 Listesi\u2019ndeki en eski miras\u0131. Anadolu ta\u015f i\u015f\u00e7ili\u011finin en m\u00fckemmel \u00f6rneklerinden biri olarak kabul edilen yap\u0131 Sivas\u2019\u0131n Divri\u011fi il\u00e7esinde yer al\u0131yor. Meng\u00fccek H\u00fck\u00fcmdar\u0131 Ahmet \u015eah ve e\u015fi Turan Melek taraf\u0131ndan Mimar Ahlatl\u0131 H\u00fcrrem\u015fah\u2019a yapt\u0131r\u0131lan Divri\u011fi Ulu Camii ve Dar\u00fc\u015f\u015fifa mimarl\u0131k tarihinin ba\u015fyap\u0131tlar\u0131 aras\u0131nda bulunuyor.<\/p>\n<h4 style=\"text-align: center;\"><strong>Size \u00f6zel seyahat program\u0131 ve rezervasyon i\u00e7in:<br \/>\n<\/strong><strong><a href=\"mailto:travel@julesverne.com.tr\" target=\"_blank\" rel=\"noopener noreferrer\">travel@julesverne.com.tr<\/a><\/strong><\/h4>\n<p><\/p>","protected":false},"excerpt":{"rendered":"<p>T\u00fcrkiye UNESCO listesinde 16\u2019nc\u0131 s\u0131raya y\u00fckseldi! T\u00fcrkiye, k\u00fclt\u00fcrel miras konusunda d\u00fcnyan\u0131n en \u015fansl\u0131 \u00fclkelerinden biri. Tarih boyunca pek \u00e7ok medeniyete ev sahipli\u011fi yapan \u00fclkemizin d\u00f6rt bir yan\u0131nda insanl\u0131k tarihi ile ya\u015f\u0131t medeniyetlerin izlerini g\u00f6rmek m\u00fcmk\u00fcn. \u0130nsanl\u0131\u011f\u0131n ortak miras\u0131 olan ve evrensel de\u011ferlere sahip \u00e7\u0131kmay\u0131 hedefleyen Birle\u015fmi\u015f Milletler E\u011fitim, Bilim ve K\u00fclt\u00fcr \u00d6rg\u00fct\u00fc UNESCO&#8216;nun\u00a0D\u00fcnya Miras\u0131 Listesi&#8217;nde, [&hellip;]<\/p>\n","protected":false},"author":10,"featured_media":2454,"comment_status":"closed","ping_status":"closed","sticky":false,"template":"","format":"standard","meta":{"inline_featured_image":false,"footnotes":""},"categories":[38,1,39],"tags":[137,77,207],"acf":[],"yoast_head":"<!-- This site is optimized with the Yoast SEO plugin v22.3 - https:\/\/yoast.com\/wordpress\/plugins\/seo\/ -->\n<title>T\u00fcrkiye\u2019nin Birbirinden G\u00fczel 19 UNESCO D\u00fcnya Miras\u0131\u2026 - JULES VERNE BUSINESS MICE TRAVEL<\/title>\n<meta name=\"description\" content=\"T\u00fcrkiye UNESCO listesinde 16\u2019nc\u0131 s\u0131raya y\u00fckseldi! T\u00fcrkiye, k\u00fclt\u00fcrel miras konusunda d\u00fcnyan\u0131n en \u015fansl\u0131 \u00fclkelerinden biri. Tarih boyunca pek \u00e7ok medeniyete ev sahipli\u011fi yapan \u00fclkemizin d\u00f6rt bir yan\u0131nda insanl\u0131k tarihi ile ya\u015f\u0131t medeniyetlerin izlerini g\u00f6rmek m\u00fcmk\u00fcn. \u0130nsanl\u0131\u011f\u0131n ortak miras\u0131 olan ve evrensel de\u011ferlere sahip \u00e7\u0131kmay\u0131 hedefleyen Birle\u015fmi\u015f Milletler E\u011fitim, Bilim ve K\u00fclt\u00fcr \u00d6rg\u00fct\u00fc UNESCO&#039;nun\u00a0D\u00fcnya Miras\u0131 Listesi&#039;nde T\u00fcrkiye\u2019nin 17\u2019si k\u00fclt\u00fcrel, 2\u2019si karma olmak \u00fczere toplam 19 miras alan\u0131 bulunuyor. \u0130\u015fte seyahatlerinize ilham verecek, T\u00fcrkiye&#039;nin birbirinden g\u00fczel 19 UNESCO D\u00fcnya Miras\u0131...\" \/>\n<meta name=\"robots\" content=\"index, follow, max-snippet:-1, max-image-preview:large, max-video-preview:-1\" \/>\n<link rel=\"canonical\" href=\"https:\/\/julesverne.com.tr\/travel-blog\/turkiyenin-19-unesco-dunya-mirasi\/\" \/>\n<meta property=\"og:locale\" content=\"en_US\" \/>\n<meta property=\"og:type\" content=\"article\" \/>\n<meta property=\"og:title\" content=\"[:tr]T\u00fcrkiye\u2019nin Birbirinden G\u00fczel 19 UNESCO D\u00fcnya Miras\u0131[:en]T\u00fcrkiye\u2019nin Birbirinden G\u00fczel 19 UNESCO D\u00fcnya Miras\u0131\u2026[:] - JULES VERNE BUSINESS MICE TRAVEL\" \/>\n<meta property=\"og:description\" content=\"T\u00fcrkiye UNESCO listesinde 16\u2019nc\u0131 s\u0131raya y\u00fckseldi! T\u00fcrkiye, k\u00fclt\u00fcrel miras konusunda d\u00fcnyan\u0131n en \u015fansl\u0131 \u00fclkelerinden biri. Tarih boyunca pek \u00e7ok medeniyete ev sahipli\u011fi yapan \u00fclkemizin d\u00f6rt bir yan\u0131nda insanl\u0131k tarihi ile ya\u015f\u0131t medeniyetlerin izlerini g\u00f6rmek m\u00fcmk\u00fcn. \u0130nsanl\u0131\u011f\u0131n ortak miras\u0131 olan ve evrensel de\u011ferlere sahip \u00e7\u0131kmay\u0131 hedefleyen Birle\u015fmi\u015f Milletler E\u011fitim, Bilim ve K\u00fclt\u00fcr \u00d6rg\u00fct\u00fc UNESCO&#039;nun\u00a0D\u00fcnya Miras\u0131 Listesi&#039;nde T\u00fcrkiye\u2019nin 17\u2019si k\u00fclt\u00fcrel, 2\u2019si karma olmak \u00fczere toplam 19 miras alan\u0131 bulunuyor. \u0130\u015fte seyahatlerinize ilham verecek, T\u00fcrkiye&#039;nin birbirinden g\u00fczel 19 UNESCO D\u00fcnya Miras\u0131...\" \/>\n<meta property=\"og:url\" content=\"https:\/\/julesverne.com.tr\/travel-blog\/turkiyenin-19-unesco-dunya-mirasi\/\" \/>\n<meta property=\"og:site_name\" content=\"JULES VERNE BUSINESS MICE TRAVEL\" \/>\n<meta property=\"article:publisher\" content=\"https:\/\/www.facebook.com\/JulesVerneBusinessMiceTravel\/\" \/>\n<meta property=\"article:published_time\" content=\"2023-08-03T12:44:15+00:00\" \/>\n<meta property=\"article:modified_time\" content=\"2024-05-09T06:31:41+00:00\" \/>\n<meta property=\"og:image\" content=\"https:\/\/julesverne.com.tr\/wp-content\/uploads\/2020\/09\/Hierapolispamukkale-1.jpg\" \/>\n\t<meta property=\"og:image:width\" content=\"990\" \/>\n\t<meta property=\"og:image:height\" content=\"660\" \/>\n\t<meta property=\"og:image:type\" content=\"image\/jpeg\" \/>\n<meta name=\"author\" content=\"Ebru Alt\u0131n\" \/>\n<meta name=\"twitter:card\" content=\"summary_large_image\" \/>\n<meta name=\"twitter:creator\" content=\"@JV_BusinessMice\" \/>\n<meta name=\"twitter:site\" content=\"@JV_BusinessMice\" \/>\n<meta name=\"twitter:label1\" content=\"Written by\" \/>\n\t<meta name=\"twitter:data1\" content=\"Ebru Alt\u0131n\" \/>\n\t<meta name=\"twitter:label2\" content=\"Est. reading time\" \/>\n\t<meta name=\"twitter:data2\" content=\"14 minutes\" \/>\n<script type=\"application\/ld+json\" class=\"yoast-schema-graph\">{\"@context\":\"https:\/\/schema.org\",\"@graph\":[{\"@type\":\"Article\",\"@id\":\"https:\/\/julesverne.com.tr\/travel-blog\/turkiyenin-19-unesco-dunya-mirasi\/#article\",\"isPartOf\":{\"@id\":\"https:\/\/julesverne.com.tr\/travel-blog\/turkiyenin-19-unesco-dunya-mirasi\/\"},\"author\":{\"name\":\"Ebru Alt\u0131n\",\"@id\":\"https:\/\/julesverne.com.tr\/#\/schema\/person\/219931edfe2e7d9cbbcbabb8a7e4c7f4\"},\"headline\":\"T\u00fcrkiye\u2019nin Birbirinden G\u00fczel 19 UNESCO D\u00fcnya Miras\u0131\u2026\",\"datePublished\":\"2023-08-03T12:44:15+00:00\",\"dateModified\":\"2024-05-09T06:31:41+00:00\",\"mainEntityOfPage\":{\"@id\":\"https:\/\/julesverne.com.tr\/travel-blog\/turkiyenin-19-unesco-dunya-mirasi\/\"},\"wordCount\":4329,\"publisher\":{\"@id\":\"https:\/\/julesverne.com.tr\/#organization\"},\"image\":{\"@id\":\"https:\/\/julesverne.com.tr\/travel-blog\/turkiyenin-19-unesco-dunya-mirasi\/#primaryimage\"},\"thumbnailUrl\":\"https:\/\/julesverne.com.tr\/wp-content\/uploads\/2020\/09\/Hierapolispamukkale-1.jpg\",\"keywords\":[\"Blog\",\"\u0130lham Veren Destinasyonlar\",\"T\u00fcrkiye'nin 19 D\u00fcnya Miras\u0131\"],\"articleSection\":[\"\u0130lham Veren Destinasyonlar\",\"Blog\",\"Nereye Gitsek?\"],\"inLanguage\":\"en-US\"},{\"@type\":\"WebPage\",\"@id\":\"https:\/\/julesverne.com.tr\/travel-blog\/turkiyenin-19-unesco-dunya-mirasi\/\",\"url\":\"https:\/\/julesverne.com.tr\/travel-blog\/turkiyenin-19-unesco-dunya-mirasi\/\",\"name\":\"[:tr]T\u00fcrkiye\u2019nin Birbirinden G\u00fczel 19 UNESCO D\u00fcnya Miras\u0131[:en]T\u00fcrkiye\u2019nin Birbirinden G\u00fczel 19 UNESCO D\u00fcnya Miras\u0131\u2026[:] - JULES VERNE BUSINESS MICE TRAVEL\",\"isPartOf\":{\"@id\":\"https:\/\/julesverne.com.tr\/#website\"},\"primaryImageOfPage\":{\"@id\":\"https:\/\/julesverne.com.tr\/travel-blog\/turkiyenin-19-unesco-dunya-mirasi\/#primaryimage\"},\"image\":{\"@id\":\"https:\/\/julesverne.com.tr\/travel-blog\/turkiyenin-19-unesco-dunya-mirasi\/#primaryimage\"},\"thumbnailUrl\":\"https:\/\/julesverne.com.tr\/wp-content\/uploads\/2020\/09\/Hierapolispamukkale-1.jpg\",\"datePublished\":\"2023-08-03T12:44:15+00:00\",\"dateModified\":\"2024-05-09T06:31:41+00:00\",\"description\":\"T\u00fcrkiye UNESCO listesinde 16\u2019nc\u0131 s\u0131raya y\u00fckseldi! T\u00fcrkiye, k\u00fclt\u00fcrel miras konusunda d\u00fcnyan\u0131n en \u015fansl\u0131 \u00fclkelerinden biri. Tarih boyunca pek \u00e7ok medeniyete ev sahipli\u011fi yapan \u00fclkemizin d\u00f6rt bir yan\u0131nda insanl\u0131k tarihi ile ya\u015f\u0131t medeniyetlerin izlerini g\u00f6rmek m\u00fcmk\u00fcn. \u0130nsanl\u0131\u011f\u0131n ortak miras\u0131 olan ve evrensel de\u011ferlere sahip \u00e7\u0131kmay\u0131 hedefleyen Birle\u015fmi\u015f Milletler E\u011fitim, Bilim ve K\u00fclt\u00fcr \u00d6rg\u00fct\u00fc UNESCO'nun\u00a0D\u00fcnya Miras\u0131 Listesi'nde T\u00fcrkiye\u2019nin 17\u2019si k\u00fclt\u00fcrel, 2\u2019si karma olmak \u00fczere toplam 19 miras alan\u0131 bulunuyor. \u0130\u015fte seyahatlerinize ilham verecek, T\u00fcrkiye'nin birbirinden g\u00fczel 19 UNESCO D\u00fcnya Miras\u0131...\",\"breadcrumb\":{\"@id\":\"https:\/\/julesverne.com.tr\/travel-blog\/turkiyenin-19-unesco-dunya-mirasi\/#breadcrumb\"},\"inLanguage\":\"en-US\",\"potentialAction\":[{\"@type\":\"ReadAction\",\"target\":[\"https:\/\/julesverne.com.tr\/travel-blog\/turkiyenin-19-unesco-dunya-mirasi\/\"]}]},{\"@type\":\"ImageObject\",\"inLanguage\":\"en-US\",\"@id\":\"https:\/\/julesverne.com.tr\/travel-blog\/turkiyenin-19-unesco-dunya-mirasi\/#primaryimage\",\"url\":\"https:\/\/julesverne.com.tr\/wp-content\/uploads\/2020\/09\/Hierapolispamukkale-1.jpg\",\"contentUrl\":\"https:\/\/julesverne.com.tr\/wp-content\/uploads\/2020\/09\/Hierapolispamukkale-1.jpg\",\"width\":990,\"height\":660,\"caption\":\"Hierapolis Antik Kenti\"},{\"@type\":\"BreadcrumbList\",\"@id\":\"https:\/\/julesverne.com.tr\/travel-blog\/turkiyenin-19-unesco-dunya-mirasi\/#breadcrumb\",\"itemListElement\":[{\"@type\":\"ListItem\",\"position\":1,\"name\":\"Anasayfa\",\"item\":\"https:\/\/julesverne.com.tr\/\"},{\"@type\":\"ListItem\",\"position\":2,\"name\":\"T\u00fcrkiye\u2019nin Birbirinden G\u00fczel 19 UNESCO D\u00fcnya Miras\u0131\"}]},{\"@type\":\"WebSite\",\"@id\":\"https:\/\/julesverne.com.tr\/#website\",\"url\":\"https:\/\/julesverne.com.tr\/\",\"name\":\"JULES VERNE BUSINESS MICE TRAVEL\",\"description\":\"\",\"publisher\":{\"@id\":\"https:\/\/julesverne.com.tr\/#organization\"},\"potentialAction\":[{\"@type\":\"SearchAction\",\"target\":{\"@type\":\"EntryPoint\",\"urlTemplate\":\"https:\/\/julesverne.com.tr\/?s={search_term_string}\"},\"query-input\":\"required name=search_term_string\"}],\"inLanguage\":\"en-US\"},{\"@type\":\"Organization\",\"@id\":\"https:\/\/julesverne.com.tr\/#organization\",\"name\":\"JULES VERNE BUSINESS MICE TRAVEL\",\"url\":\"https:\/\/julesverne.com.tr\/\",\"logo\":{\"@type\":\"ImageObject\",\"inLanguage\":\"en-US\",\"@id\":\"https:\/\/julesverne.com.tr\/#\/schema\/logo\/image\/\",\"url\":\"https:\/\/julesverne.com.tr\/wp-content\/uploads\/2020\/09\/jv-bmt-logo.png\",\"contentUrl\":\"https:\/\/julesverne.com.tr\/wp-content\/uploads\/2020\/09\/jv-bmt-logo.png\",\"width\":110,\"height\":81,\"caption\":\"JULES VERNE BUSINESS MICE TRAVEL\"},\"image\":{\"@id\":\"https:\/\/julesverne.com.tr\/#\/schema\/logo\/image\/\"},\"sameAs\":[\"https:\/\/www.facebook.com\/JulesVerneBusinessMiceTravel\/\",\"https:\/\/twitter.com\/JV_BusinessMice\",\"https:\/\/www.instagram.com\/julesvernebusinessmicetravel\/\",\"https:\/\/www.linkedin.com\/company\/julesvernebusinessmicetravel\/\",\"https:\/\/www.youtube.com\/channel\/UCAwdsmbZ6tFhu1tea6pkpiw\"]},{\"@type\":\"Person\",\"@id\":\"https:\/\/julesverne.com.tr\/#\/schema\/person\/219931edfe2e7d9cbbcbabb8a7e4c7f4\",\"name\":\"Ebru Alt\u0131n\",\"url\":\"https:\/\/julesverne.com.tr\/en\/author\/ebru-altin\/\"}]}<\/script>\n<!-- \/ Yoast SEO plugin. -->","yoast_head_json":{"title":"[:tr]T\u00fcrkiye\u2019nin Birbirinden G\u00fczel 19 UNESCO D\u00fcnya Miras\u0131[:en]T\u00fcrkiye\u2019nin Birbirinden G\u00fczel 19 UNESCO D\u00fcnya Miras\u0131\u2026[:] - JULES VERNE BUSINESS MICE TRAVEL","description":"T\u00fcrkiye UNESCO listesinde 16\u2019nc\u0131 s\u0131raya y\u00fckseldi! T\u00fcrkiye, k\u00fclt\u00fcrel miras konusunda d\u00fcnyan\u0131n en \u015fansl\u0131 \u00fclkelerinden biri. Tarih boyunca pek \u00e7ok medeniyete ev sahipli\u011fi yapan \u00fclkemizin d\u00f6rt bir yan\u0131nda insanl\u0131k tarihi ile ya\u015f\u0131t medeniyetlerin izlerini g\u00f6rmek m\u00fcmk\u00fcn. \u0130nsanl\u0131\u011f\u0131n ortak miras\u0131 olan ve evrensel de\u011ferlere sahip \u00e7\u0131kmay\u0131 hedefleyen Birle\u015fmi\u015f Milletler E\u011fitim, Bilim ve K\u00fclt\u00fcr \u00d6rg\u00fct\u00fc UNESCO'nun\u00a0D\u00fcnya Miras\u0131 Listesi'nde T\u00fcrkiye\u2019nin 17\u2019si k\u00fclt\u00fcrel, 2\u2019si karma olmak \u00fczere toplam 19 miras alan\u0131 bulunuyor. \u0130\u015fte seyahatlerinize ilham verecek, T\u00fcrkiye'nin birbirinden g\u00fczel 19 UNESCO D\u00fcnya Miras\u0131...","robots":{"index":"index","follow":"follow","max-snippet":"max-snippet:-1","max-image-preview":"max-image-preview:large","max-video-preview":"max-video-preview:-1"},"canonical":"https:\/\/julesverne.com.tr\/travel-blog\/turkiyenin-19-unesco-dunya-mirasi\/","og_locale":"en_US","og_type":"article","og_title":"[:tr]T\u00fcrkiye\u2019nin Birbirinden G\u00fczel 19 UNESCO D\u00fcnya Miras\u0131[:en]T\u00fcrkiye\u2019nin Birbirinden G\u00fczel 19 UNESCO D\u00fcnya Miras\u0131\u2026[:] - JULES VERNE BUSINESS MICE TRAVEL","og_description":"T\u00fcrkiye UNESCO listesinde 16\u2019nc\u0131 s\u0131raya y\u00fckseldi! T\u00fcrkiye, k\u00fclt\u00fcrel miras konusunda d\u00fcnyan\u0131n en \u015fansl\u0131 \u00fclkelerinden biri. Tarih boyunca pek \u00e7ok medeniyete ev sahipli\u011fi yapan \u00fclkemizin d\u00f6rt bir yan\u0131nda insanl\u0131k tarihi ile ya\u015f\u0131t medeniyetlerin izlerini g\u00f6rmek m\u00fcmk\u00fcn. \u0130nsanl\u0131\u011f\u0131n ortak miras\u0131 olan ve evrensel de\u011ferlere sahip \u00e7\u0131kmay\u0131 hedefleyen Birle\u015fmi\u015f Milletler E\u011fitim, Bilim ve K\u00fclt\u00fcr \u00d6rg\u00fct\u00fc UNESCO'nun\u00a0D\u00fcnya Miras\u0131 Listesi'nde T\u00fcrkiye\u2019nin 17\u2019si k\u00fclt\u00fcrel, 2\u2019si karma olmak \u00fczere toplam 19 miras alan\u0131 bulunuyor. \u0130\u015fte seyahatlerinize ilham verecek, T\u00fcrkiye'nin birbirinden g\u00fczel 19 UNESCO D\u00fcnya Miras\u0131...","og_url":"https:\/\/julesverne.com.tr\/travel-blog\/turkiyenin-19-unesco-dunya-mirasi\/","og_site_name":"JULES VERNE BUSINESS MICE TRAVEL","article_publisher":"https:\/\/www.facebook.com\/JulesVerneBusinessMiceTravel\/","article_published_time":"2023-08-03T12:44:15+00:00","article_modified_time":"2024-05-09T06:31:41+00:00","og_image":[{"width":990,"height":660,"url":"https:\/\/julesverne.com.tr\/wp-content\/uploads\/2020\/09\/Hierapolispamukkale-1.jpg","type":"image\/jpeg"}],"author":"Ebru Alt\u0131n","twitter_card":"summary_large_image","twitter_creator":"@JV_BusinessMice","twitter_site":"@JV_BusinessMice","twitter_misc":{"Written by":"Ebru Alt\u0131n","Est. reading time":"14 minutes"},"schema":{"@context":"https:\/\/schema.org","@graph":[{"@type":"Article","@id":"https:\/\/julesverne.com.tr\/travel-blog\/turkiyenin-19-unesco-dunya-mirasi\/#article","isPartOf":{"@id":"https:\/\/julesverne.com.tr\/travel-blog\/turkiyenin-19-unesco-dunya-mirasi\/"},"author":{"name":"Ebru Alt\u0131n","@id":"https:\/\/julesverne.com.tr\/#\/schema\/person\/219931edfe2e7d9cbbcbabb8a7e4c7f4"},"headline":"T\u00fcrkiye\u2019nin Birbirinden G\u00fczel 19 UNESCO D\u00fcnya Miras\u0131\u2026","datePublished":"2023-08-03T12:44:15+00:00","dateModified":"2024-05-09T06:31:41+00:00","mainEntityOfPage":{"@id":"https:\/\/julesverne.com.tr\/travel-blog\/turkiyenin-19-unesco-dunya-mirasi\/"},"wordCount":4329,"publisher":{"@id":"https:\/\/julesverne.com.tr\/#organization"},"image":{"@id":"https:\/\/julesverne.com.tr\/travel-blog\/turkiyenin-19-unesco-dunya-mirasi\/#primaryimage"},"thumbnailUrl":"https:\/\/julesverne.com.tr\/wp-content\/uploads\/2020\/09\/Hierapolispamukkale-1.jpg","keywords":["Blog","\u0130lham Veren Destinasyonlar","T\u00fcrkiye'nin 19 D\u00fcnya Miras\u0131"],"articleSection":["\u0130lham Veren Destinasyonlar","Blog","Nereye Gitsek?"],"inLanguage":"en-US"},{"@type":"WebPage","@id":"https:\/\/julesverne.com.tr\/travel-blog\/turkiyenin-19-unesco-dunya-mirasi\/","url":"https:\/\/julesverne.com.tr\/travel-blog\/turkiyenin-19-unesco-dunya-mirasi\/","name":"[:tr]T\u00fcrkiye\u2019nin Birbirinden G\u00fczel 19 UNESCO D\u00fcnya Miras\u0131[:en]T\u00fcrkiye\u2019nin Birbirinden G\u00fczel 19 UNESCO D\u00fcnya Miras\u0131\u2026[:] - JULES VERNE BUSINESS MICE TRAVEL","isPartOf":{"@id":"https:\/\/julesverne.com.tr\/#website"},"primaryImageOfPage":{"@id":"https:\/\/julesverne.com.tr\/travel-blog\/turkiyenin-19-unesco-dunya-mirasi\/#primaryimage"},"image":{"@id":"https:\/\/julesverne.com.tr\/travel-blog\/turkiyenin-19-unesco-dunya-mirasi\/#primaryimage"},"thumbnailUrl":"https:\/\/julesverne.com.tr\/wp-content\/uploads\/2020\/09\/Hierapolispamukkale-1.jpg","datePublished":"2023-08-03T12:44:15+00:00","dateModified":"2024-05-09T06:31:41+00:00","description":"T\u00fcrkiye UNESCO listesinde 16\u2019nc\u0131 s\u0131raya y\u00fckseldi! T\u00fcrkiye, k\u00fclt\u00fcrel miras konusunda d\u00fcnyan\u0131n en \u015fansl\u0131 \u00fclkelerinden biri. Tarih boyunca pek \u00e7ok medeniyete ev sahipli\u011fi yapan \u00fclkemizin d\u00f6rt bir yan\u0131nda insanl\u0131k tarihi ile ya\u015f\u0131t medeniyetlerin izlerini g\u00f6rmek m\u00fcmk\u00fcn. \u0130nsanl\u0131\u011f\u0131n ortak miras\u0131 olan ve evrensel de\u011ferlere sahip \u00e7\u0131kmay\u0131 hedefleyen Birle\u015fmi\u015f Milletler E\u011fitim, Bilim ve K\u00fclt\u00fcr \u00d6rg\u00fct\u00fc UNESCO'nun\u00a0D\u00fcnya Miras\u0131 Listesi'nde T\u00fcrkiye\u2019nin 17\u2019si k\u00fclt\u00fcrel, 2\u2019si karma olmak \u00fczere toplam 19 miras alan\u0131 bulunuyor. \u0130\u015fte seyahatlerinize ilham verecek, T\u00fcrkiye'nin birbirinden g\u00fczel 19 UNESCO D\u00fcnya Miras\u0131...","breadcrumb":{"@id":"https:\/\/julesverne.com.tr\/travel-blog\/turkiyenin-19-unesco-dunya-mirasi\/#breadcrumb"},"inLanguage":"en-US","potentialAction":[{"@type":"ReadAction","target":["https:\/\/julesverne.com.tr\/travel-blog\/turkiyenin-19-unesco-dunya-mirasi\/"]}]},{"@type":"ImageObject","inLanguage":"en-US","@id":"https:\/\/julesverne.com.tr\/travel-blog\/turkiyenin-19-unesco-dunya-mirasi\/#primaryimage","url":"https:\/\/julesverne.com.tr\/wp-content\/uploads\/2020\/09\/Hierapolispamukkale-1.jpg","contentUrl":"https:\/\/julesverne.com.tr\/wp-content\/uploads\/2020\/09\/Hierapolispamukkale-1.jpg","width":990,"height":660,"caption":"Hierapolis Antik Kenti"},{"@type":"BreadcrumbList","@id":"https:\/\/julesverne.com.tr\/travel-blog\/turkiyenin-19-unesco-dunya-mirasi\/#breadcrumb","itemListElement":[{"@type":"ListItem","position":1,"name":"Anasayfa","item":"https:\/\/julesverne.com.tr\/"},{"@type":"ListItem","position":2,"name":"T\u00fcrkiye\u2019nin Birbirinden G\u00fczel 19 UNESCO D\u00fcnya Miras\u0131"}]},{"@type":"WebSite","@id":"https:\/\/julesverne.com.tr\/#website","url":"https:\/\/julesverne.com.tr\/","name":"JULES VERNE BUSINESS MICE TRAVEL","description":"","publisher":{"@id":"https:\/\/julesverne.com.tr\/#organization"},"potentialAction":[{"@type":"SearchAction","target":{"@type":"EntryPoint","urlTemplate":"https:\/\/julesverne.com.tr\/?s={search_term_string}"},"query-input":"required name=search_term_string"}],"inLanguage":"en-US"},{"@type":"Organization","@id":"https:\/\/julesverne.com.tr\/#organization","name":"JULES VERNE BUSINESS MICE TRAVEL","url":"https:\/\/julesverne.com.tr\/","logo":{"@type":"ImageObject","inLanguage":"en-US","@id":"https:\/\/julesverne.com.tr\/#\/schema\/logo\/image\/","url":"https:\/\/julesverne.com.tr\/wp-content\/uploads\/2020\/09\/jv-bmt-logo.png","contentUrl":"https:\/\/julesverne.com.tr\/wp-content\/uploads\/2020\/09\/jv-bmt-logo.png","width":110,"height":81,"caption":"JULES VERNE BUSINESS MICE TRAVEL"},"image":{"@id":"https:\/\/julesverne.com.tr\/#\/schema\/logo\/image\/"},"sameAs":["https:\/\/www.facebook.com\/JulesVerneBusinessMiceTravel\/","https:\/\/twitter.com\/JV_BusinessMice","https:\/\/www.instagram.com\/julesvernebusinessmicetravel\/","https:\/\/www.linkedin.com\/company\/julesvernebusinessmicetravel\/","https:\/\/www.youtube.com\/channel\/UCAwdsmbZ6tFhu1tea6pkpiw"]},{"@type":"Person","@id":"https:\/\/julesverne.com.tr\/#\/schema\/person\/219931edfe2e7d9cbbcbabb8a7e4c7f4","name":"Ebru Alt\u0131n","url":"https:\/\/julesverne.com.tr\/en\/author\/ebru-altin\/"}]}},"_links":{"self":[{"href":"https:\/\/julesverne.com.tr\/en\/wp-json\/wp\/v2\/posts\/9856"}],"collection":[{"href":"https:\/\/julesverne.com.tr\/en\/wp-json\/wp\/v2\/posts"}],"about":[{"href":"https:\/\/julesverne.com.tr\/en\/wp-json\/wp\/v2\/types\/post"}],"author":[{"embeddable":true,"href":"https:\/\/julesverne.com.tr\/en\/wp-json\/wp\/v2\/users\/10"}],"replies":[{"embeddable":true,"href":"https:\/\/julesverne.com.tr\/en\/wp-json\/wp\/v2\/comments?post=9856"}],"version-history":[{"count":4,"href":"https:\/\/julesverne.com.tr\/en\/wp-json\/wp\/v2\/posts\/9856\/revisions"}],"predecessor-version":[{"id":17265,"href":"https:\/\/julesverne.com.tr\/en\/wp-json\/wp\/v2\/posts\/9856\/revisions\/17265"}],"wp:featuredmedia":[{"embeddable":true,"href":"https:\/\/julesverne.com.tr\/en\/wp-json\/wp\/v2\/media\/2454"}],"wp:attachment":[{"href":"https:\/\/julesverne.com.tr\/en\/wp-json\/wp\/v2\/media?parent=9856"}],"wp:term":[{"taxonomy":"category","embeddable":true,"href":"https:\/\/julesverne.com.tr\/en\/wp-json\/wp\/v2\/categories?post=9856"},{"taxonomy":"post_tag","embeddable":true,"href":"https:\/\/julesverne.com.tr\/en\/wp-json\/wp\/v2\/tags?post=9856"}],"curies":[{"name":"wp","href":"https:\/\/api.w.org\/{rel}","templated":true}]}}