{"id":9626,"date":"2023-07-27T09:30:57","date_gmt":"2023-07-27T06:30:57","guid":{"rendered":"https:\/\/julesverne.com.tr\/?p=9626"},"modified":"2023-07-28T10:51:38","modified_gmt":"2023-07-28T07:51:38","slug":"hirvatistan-seyahat-rehberi","status":"publish","type":"post","link":"https:\/\/julesverne.com.tr\/en\/travel-blog\/hirvatistan-seyahat-rehberi\/","title":{"rendered":"H\u0131rvatistan Seyahat Rehberi!"},"content":{"rendered":"<p><img loading=\"lazy\" decoding=\"async\" class=\"alignnone size-full wp-image-9619\" src=\"https:\/\/julesverne.com.tr\/wp-content\/uploads\/2021\/07\/dubrovnik.jpg\" alt=\"\" width=\"1348\" height=\"899\" srcset=\"https:\/\/julesverne.com.tr\/wp-content\/uploads\/2021\/07\/dubrovnik.jpg 1348w, https:\/\/julesverne.com.tr\/wp-content\/uploads\/2021\/07\/dubrovnik-500x333.jpg 500w, https:\/\/julesverne.com.tr\/wp-content\/uploads\/2021\/07\/dubrovnik-1280x854.jpg 1280w, https:\/\/julesverne.com.tr\/wp-content\/uploads\/2021\/07\/dubrovnik-768x512.jpg 768w\" sizes=\"(max-width: 1348px) 100vw, 1348px\" \/><\/p>\n<p>Y\u0131llara meydan okuyan sahil kasabalar\u0131, birbirinden \u00f6zel adalar\u0131 ve e\u015fsiz plajlar\u0131yla Adriyatik&#8217;in incisi <strong>H\u0131rvatistan<\/strong>; birbirinden g\u00fczel do\u011fa harikalar\u0131na ev sahipli\u011fi yapan muhte\u015fem co\u011frafyas\u0131 ile ziyaret\u00e7ilerine b\u00fcy\u00fcleyici bir d\u00fcnyan\u0131n kap\u0131lar\u0131n\u0131 a\u00e7\u0131yor. Dalma\u00e7ya k\u0131y\u0131 tipine sahip olan \u00fclkede 1000&#8217;e yak\u0131n ada ve adac\u0131k bulunuyor. Adriyatik Denizi&#8217;nin masmavi sular\u0131ndan Dinari Alpleri&#8217;ne uzanan co\u011frafyada Orta \u00c7a\u011f kasabalar\u0131, kartpostal gibi duran adalar\u0131, tarih ve k\u00fclt\u00fcr kokan \u015fehirleri ile H\u0131rvatistan son y\u0131llarda en pop\u00fcler destinasyonlardan!<\/p>\n<p>Balkanlar&#8217;\u0131n Akdeniz&#8217;deki g\u00fczel \u00fclkesi H\u0131rvatistan, \u015fehirlerinin birbiriyle yar\u0131\u015fan cazibe noktalar\u0131yla da hayranl\u0131k uyand\u0131r\u0131yor. Kirlenmemi\u015f denizi, bir\u00e7ok do\u011fal rezervi, mavi bayrakl\u0131 plajlar\u0131 ve UNESCO D\u00fcnya Miras\u0131 Listesi&#8217;nde yer alan eserleri ile H\u0131rvatistan&#8217;da gezip g\u00f6recek \u00e7ok yer, ke\u015ffedecek \u00e7ok \u015fey var.<\/p>\n<p><strong>\u201cH\u0131rvatistan\u2019a nas\u0131l gidilir? H\u0131rvatistan\u2019a giri\u015f kurallar\u0131 nelerdir? Nereler gezilmeli, g\u00f6r\u00fclmeli? H\u0131rvatistan\u2019\u0131n g\u00f6r\u00fclmeye de\u011fer \u015fehirleri\u201d hepsi sizler i\u00e7in haz\u0131rlad\u0131\u011f\u0131m\u0131z H\u0131rvatistan Seyahat Rehberi\u2019nde\u2026<\/strong><\/p>\n<p><img loading=\"lazy\" decoding=\"async\" class=\"alignnone size-full wp-image-9647\" src=\"https:\/\/julesverne.com.tr\/wp-content\/uploads\/2021\/07\/hirvatistan_.jpg\" alt=\"\" width=\"1348\" height=\"899\" srcset=\"https:\/\/julesverne.com.tr\/wp-content\/uploads\/2021\/07\/hirvatistan_.jpg 1348w, https:\/\/julesverne.com.tr\/wp-content\/uploads\/2021\/07\/hirvatistan_-500x333.jpg 500w, https:\/\/julesverne.com.tr\/wp-content\/uploads\/2021\/07\/hirvatistan_-1280x854.jpg 1280w, https:\/\/julesverne.com.tr\/wp-content\/uploads\/2021\/07\/hirvatistan_-768x512.jpg 768w\" sizes=\"(max-width: 1348px) 100vw, 1348px\" \/><\/p>\n<h2><strong>H\u0131rvatistan\u2019a Nas\u0131l Gidilir?<\/strong><\/h2>\n<p>T\u00fcrk Hava Yollar\u0131\u2019n\u0131n H\u0131rvatistan\u2019daki U\u00e7u\u015f Noktalar\u0131; <strong>Dubrovnik <\/strong>(\u00c7ar\u015famba ve Cumartesi g\u00fcnleri), <strong>Zagreb<\/strong> (Haftan\u0131n her g\u00fcn\u00fc)<\/p>\n<h2><strong>T\u00fcrkiye\u2019den H\u0131rvatistan\u2019a seyahat ediyorum, giri\u015fte aranan \u015fartlar nelerdir?<\/strong><\/h2>\n<p>\u00dclkemizden H\u0131rvatistan\u2019a\u00a0turistik ama\u00e7l\u0131\u00a0seyahatler otel, apart gibi konaklanacak yerin \u00f6demesinin yap\u0131lm\u0131\u015f olmas\u0131 ve giri\u015fte buna dair belge sunulmas\u0131 veya H\u0131rvatistan\u2019da ev\/tekne sahibi olunmas\u0131 kayd\u0131yla m\u00fcmk\u00fcnd\u00fcr.<\/p>\n<p><strong>T\u00fcrkiye\u2019den H\u0131rvatistan\u2019a seyahat ederken giri\u015fte aranan \u015fartlar ve H\u0131rvatistan seyahat prosed\u00fcrlerine <a href=\"https:\/\/julesverne.com.tr\/?p=9617&amp;preview=true\" target=\"_blank\" rel=\"noopener\">buradan<\/a> ula\u015fabilirsiniz.<\/strong><\/p>\n<p><img loading=\"lazy\" decoding=\"async\" class=\"alignnone size-full wp-image-9627\" src=\"https:\/\/julesverne.com.tr\/wp-content\/uploads\/2021\/07\/hirvatistan-1.jpg\" alt=\"\" width=\"1348\" height=\"899\" srcset=\"https:\/\/julesverne.com.tr\/wp-content\/uploads\/2021\/07\/hirvatistan-1.jpg 1348w, https:\/\/julesverne.com.tr\/wp-content\/uploads\/2021\/07\/hirvatistan-1-500x333.jpg 500w, https:\/\/julesverne.com.tr\/wp-content\/uploads\/2021\/07\/hirvatistan-1-1280x854.jpg 1280w, https:\/\/julesverne.com.tr\/wp-content\/uploads\/2021\/07\/hirvatistan-1-768x512.jpg 768w\" sizes=\"(max-width: 1348px) 100vw, 1348px\" \/><\/p>\n<h2><strong>H\u0131rvatistan&#8217;da Nereler G\u00f6r\u00fclmeli?<\/strong><\/h2>\n<p>Barok mimarisi, tertemiz ve d\u00fczenli sokaklar\u0131 ile ba\u015fkent olman\u0131n hakk\u0131n\u0131 veren<strong> Zagreb; <\/strong>Dalma\u00e7ya K\u0131y\u0131lar\u0131\u2019n\u0131n g\u00fcneyinde Adriyatik\u2019in incisi unvan\u0131n\u0131 tam anlam\u0131yla hak eden <strong>Dubrovnik<\/strong>; antik duvarlar\u0131, tap\u0131naklar\u0131 ile \u00f6zellikle tarih ve k\u00fclt\u00fcr merakl\u0131lar\u0131n\u0131n vazge\u00e7ilmez adresi <strong>Split;<\/strong>\u00a0Dalma\u00e7ya k\u0131y\u0131lar\u0131n\u0131n en sevilen ve \u00f6zg\u00fcnl\u00fc\u011f\u00fcn\u00fc koruyan adas\u0131<strong> Hvar; <\/strong>bug\u00fcne kadar bir\u00e7ok seyahat dergisi taraf\u0131ndan \u2018En G\u00fczel Sahil Kenti\u2019 se\u00e7ilen <strong>Rovinj; <\/strong>bal\u0131k\u00e7\u0131 k\u00f6y\u00fc ruhunu koruyan<strong> Solta; <\/strong>Akdeniz\u2019e \u00f6zg\u00fc g\u00fczelli\u011fi, zeytin a\u011fa\u00e7lar\u0131, \u00fcz\u00fcm ba\u011flar\u0131, antik kal\u0131nt\u0131lar\u0131 ve \u0131ss\u0131z kumsallar\u0131 ile <strong>Vis; <\/strong>nereye bakmas\u0131 gerekti\u011fini bilen gezginler i\u00e7in yaz aylar\u0131n\u0131n en tatl\u0131 s\u0131\u011f\u0131naklar\u0131ndan<strong> Losinj; <\/strong>Orta \u00c7a\u011f manast\u0131rlar\u0131, Roma d\u00f6neminden kalan antik kal\u0131nt\u0131lar\u0131, su sporlar\u0131na imkan veren r\u00fczgar ve plajlar\u0131yla tam bir yaz destinasyonu olan<strong> Brac;<\/strong> H\u0131rvatistan\u2019\u0131n en romantik ve b\u00fcy\u00fcleyici adalar\u0131ndan <strong>Kor\u010dula; <\/strong>Dubrovnik\u2019in kuzeybat\u0131s\u0131nda 6 adadan olu\u015fan <strong>Elafiti Adalar\u0131;<\/strong> turkuaz mavi bir koy etraf\u0131nda, yemye\u015fil a\u011fa\u00e7lar\u0131n aras\u0131na kondurulan evleriyle ger\u00e7ek bir yaz r\u00fcyas\u0131 <strong>Cavtat <\/strong>ve Elaphiti Adalar\u0131\u2019n\u0131n en b\u00fcy\u00fc\u011f\u00fc olan <strong>\u0160ipan Adas\u0131 <\/strong>mutlaka g\u00f6rmeniz gereken yerlerden.<\/p>\n<h2><strong>H\u0131rvatistan&#8217;\u0131n G\u00f6r\u00fclmeye De\u011fer \u015eehirleri &amp; Adalar\u0131<\/strong><\/h2>\n<p><img loading=\"lazy\" decoding=\"async\" class=\"alignnone size-full wp-image-9628\" src=\"https:\/\/julesverne.com.tr\/wp-content\/uploads\/2021\/07\/zagreb.jpg\" alt=\"\" width=\"1348\" height=\"899\" srcset=\"https:\/\/julesverne.com.tr\/wp-content\/uploads\/2021\/07\/zagreb.jpg 1348w, https:\/\/julesverne.com.tr\/wp-content\/uploads\/2021\/07\/zagreb-500x333.jpg 500w, https:\/\/julesverne.com.tr\/wp-content\/uploads\/2021\/07\/zagreb-1280x854.jpg 1280w, https:\/\/julesverne.com.tr\/wp-content\/uploads\/2021\/07\/zagreb-768x512.jpg 768w\" sizes=\"(max-width: 1348px) 100vw, 1348px\" \/><\/p>\n<h2><strong>Zagreb<\/strong><\/h2>\n<p>Ba\u015fkent <strong>Zagreb<\/strong>; barok mimarisi, tertemiz ve d\u00fczenli sokaklar\u0131 ile ba\u015fkent olman\u0131n hakk\u0131n\u0131 veren tipik bir Avusturya \u2013 Macaristan \u0130mparatorlu\u011fu kenti. \u015eehirde k\u00fclt\u00fcr sanattan e\u011flenceye, yeme i\u00e7meden spora kadar pek \u00e7ok \u015fey yapabilirsiniz. \u015eehirde mutlaka g\u00f6rmeniz gereken yerlerin ba\u015f\u0131nda; Jelacic Meydan\u0131, Orta \u00c7a\u011f\u2019dan kalma g\u00f6rkemli Zagreb Katedrali, kentin en b\u00fcy\u00fck a\u00e7\u0131k pazar\u0131 Dolac Market ve kentin hip kafe ve butiklerle dolu Tkalciceva Caddesi geliyor.<\/p>\n<p><img loading=\"lazy\" decoding=\"async\" class=\"alignnone wp-image-9660\" src=\"https:\/\/julesverne.com.tr\/wp-content\/uploads\/2021\/07\/shutterstock_148995788-500x328.jpg\" alt=\"\" width=\"1200\" height=\"787\" srcset=\"https:\/\/julesverne.com.tr\/wp-content\/uploads\/2021\/07\/shutterstock_148995788-500x328.jpg 500w, https:\/\/julesverne.com.tr\/wp-content\/uploads\/2021\/07\/shutterstock_148995788-768x504.jpg 768w, https:\/\/julesverne.com.tr\/wp-content\/uploads\/2021\/07\/shutterstock_148995788.jpg 1000w\" sizes=\"(max-width: 1200px) 100vw, 1200px\" \/><\/p>\n<h2><strong>Dubrovnik<\/strong><\/h2>\n<p>Dalma\u00e7ya K\u0131y\u0131lar\u0131\u2019n\u0131n g\u00fcneyinde Adriyatik\u2019in incisi unvan\u0131n\u0131 tam anlam\u0131yla hak eden <strong>Dubrovnik<\/strong>; narin, g\u00fclery\u00fczl\u00fc ve davetkar bir \u015fehir. 12 \u2013 17. Y\u00fczy\u0131llar aras\u0131nda in\u015fa edilen, 194 metre uzunlu\u011funda g\u00f6rkemli surlarla \u00e7evrili olan tarihi \u015fehrin i\u00e7erisine girdi\u011finizde, ger\u00e7ek d\u00fcnyay\u0131 k\u0131sa s\u00fcreli\u011fine de olsa unutuyorsunuz. Tarihi \u015fehir Stari Grad\u2019\u0131n sokaklar\u0131nda dola\u015f\u0131p, R\u00f6nesans ve Barok mimarilerine ait g\u00f6z al\u0131c\u0131 yap\u0131lar\u0131 saatlerce izleyebilirsiniz. Sponza Saray\u0131, Prensin Saray\u0131, Fransisken Manast\u0131r\u0131 ve kemerli yoluyla Dominikien Manast\u0131r\u0131 g\u00f6rmeniz gereken ba\u015fl\u0131ca mimari eserler.<\/p>\n<p><img loading=\"lazy\" decoding=\"async\" class=\"alignnone wp-image-9669\" src=\"https:\/\/julesverne.com.tr\/wp-content\/uploads\/2021\/07\/shutterstock_274361528-500x334.jpg\" alt=\"\" width=\"1200\" height=\"800\" srcset=\"https:\/\/julesverne.com.tr\/wp-content\/uploads\/2021\/07\/shutterstock_274361528-500x334.jpg 500w, https:\/\/julesverne.com.tr\/wp-content\/uploads\/2021\/07\/shutterstock_274361528-768x512.jpg 768w, https:\/\/julesverne.com.tr\/wp-content\/uploads\/2021\/07\/shutterstock_274361528.jpg 1000w\" sizes=\"(max-width: 1200px) 100vw, 1200px\" \/><\/p>\n<h2>Split<\/h2>\n<p>H\u0131rvatistan\u2019\u0131n ikinci b\u00fcy\u00fck \u015fehri, eski bir Roma kenti olan Split, Dalma\u00e7ya k\u00fclt\u00fcr\u00fc ve ya\u015fam tarz\u0131n\u0131 deneyimleyebilece\u011finiz; antik duvarlar\u0131, tap\u0131naklar\u0131 ile \u00f6zellikle tarih ve k\u00fclt\u00fcr merakl\u0131lar\u0131n\u0131n vazge\u00e7ilmez adresi. K\u00fc\u00e7\u00fck bir yar\u0131mada \u00fczerinde kurulan \u015fehir, marinalar\u0131, al\u0131\u015fveri\u015f olanaklar\u0131, kafeleri ve restoranlar\u0131yla kesinlikle ke\u015ffe de\u011fer. Split\u2019te m\u00fczeler, kiliseler ve katedrallerde \u015fehrin zengin k\u00fclt\u00fcrel ge\u00e7mi\u015fine tan\u0131k olabilirsiniz. Split Liman\u0131\u2019ndan g\u00fcn\u00fcbirlik tekne turlar\u0131yla Brac, Solta, Hvar, Vis, Lastovo ve Korcula gibi H\u0131rvatistan\u2019\u0131n di\u011fer g\u00fczel yerlerine gidebilirsiniz.<\/p>\n<p><img loading=\"lazy\" decoding=\"async\" class=\"alignnone wp-image-9661\" src=\"https:\/\/julesverne.com.tr\/wp-content\/uploads\/2021\/07\/shutterstock_1344247865-500x334.jpg\" alt=\"\" width=\"1200\" height=\"800\" srcset=\"https:\/\/julesverne.com.tr\/wp-content\/uploads\/2021\/07\/shutterstock_1344247865-500x334.jpg 500w, https:\/\/julesverne.com.tr\/wp-content\/uploads\/2021\/07\/shutterstock_1344247865-768x512.jpg 768w, https:\/\/julesverne.com.tr\/wp-content\/uploads\/2021\/07\/shutterstock_1344247865.jpg 1000w\" sizes=\"(max-width: 1200px) 100vw, 1200px\" \/><\/p>\n<h2><strong>Hvar<\/strong><\/h2>\n<p>Dalma\u00e7ya k\u0131y\u0131lar\u0131n\u0131n en sevilen ve \u00f6zg\u00fcnl\u00fc\u011f\u00fcn\u00fc koruyan adas\u0131 <strong>Hvar<\/strong>; do\u011fal g\u00fczellikleriyle \u00fcnl\u00fc bir ada\u2026 Split\u2019ten 2 saatlik bir feribot yolculu\u011fuyla ula\u015fabilece\u011finiz bu masals\u0131 ada; ta\u015f sokaklar\u0131nda duran ta\u015f evleri, turkuaz rengi denizi ve lavanta kokulu r\u00fczgar\u0131 ile ba\u015f d\u00f6nd\u00fcrecek kadar g\u00fczel. Tarihi k\u00f6yleri, otantik atmosferi, plajlar\u0131 ve d\u00fcnyaya nam salan gece hayat\u0131yla Hvar \u00e7ok renkli bir ada k\u00fclt\u00fcr\u00fcne sahip, adeta bir a\u00e7\u0131k hava m\u00fczesi!<\/p>\n<p>Adan\u0131n \u00e7evresinde bir\u00e7ok k\u00fc\u00e7\u00fck bakir ada bulunuyor. Bu adalar\u0131n en \u00f6nemlileri aras\u0131nda \u00e7\u0131plaklar plaj\u0131 ve muhte\u015fem koylar\u0131yla \u00fcnl\u00fc Jerolim; do\u011fal g\u00fczellikleriyle ad\u0131ndan s\u00f6z ettiren Marinkovac; sessiz, sakin ve huzur dolu olmas\u0131yla \u00fcnl\u00fc Planikovac ve y\u00fczmek i\u00e7in olduk\u00e7a g\u00fczel bakir sahillere sahip Borovac\u2019\u0131 sayabiliriz. G\u00fcn\u00fcbirlik tekne turlar\u0131na kat\u0131larak bu adalar\u0131 da ziyaret edebilirsiniz.<\/p>\n<p><img loading=\"lazy\" decoding=\"async\" class=\"alignnone wp-image-9662\" src=\"https:\/\/julesverne.com.tr\/wp-content\/uploads\/2021\/07\/shutterstock_134463641-500x334.jpg\" alt=\"\" width=\"1200\" height=\"800\" srcset=\"https:\/\/julesverne.com.tr\/wp-content\/uploads\/2021\/07\/shutterstock_134463641-500x334.jpg 500w, https:\/\/julesverne.com.tr\/wp-content\/uploads\/2021\/07\/shutterstock_134463641-768x512.jpg 768w, https:\/\/julesverne.com.tr\/wp-content\/uploads\/2021\/07\/shutterstock_134463641.jpg 1000w\" sizes=\"(max-width: 1200px) 100vw, 1200px\" \/><\/p>\n<h2><strong>Rovinj<\/strong><\/h2>\n<p>H\u0131rvatistan\u2019\u0131n kuzeybat\u0131s\u0131nda bulunan Istria Yar\u0131madas\u0131 g\u00fczel kasabalar\u0131 ile tan\u0131nsa da <strong>Rovinj<\/strong>\u2019in yeri bamba\u015fka! Bug\u00fcne kadar bir\u00e7ok seyahat dergisi taraf\u0131ndan <strong>\u201cEn G\u00fczel Sahil Kenti\u201d<\/strong> se\u00e7ilen Rovinj, tepede bulunan bir kilise ve bu kiliseye \u00e7\u0131kan darac\u0131k patikalar boyunca rengarenk evlerin oldu\u011fu \u015firin bir H\u0131rvat kasabas\u0131. Adriyatik Denizi\u2019ne hakim bir tepenin \u00fczerine kurulan Rovinj; s\u0131ra s\u0131ra dizilen teknelerle dolu liman\u0131, renkli kafeleri, barok kilisesiyle uzun zamand\u0131r \u00f6zellikle sanat\u00e7\u0131lar\u0131n radar\u0131nda. Porton Biondi Plaj\u0131\u2019na e\u015flik eden Adriyatik\u2019in mavisine bay\u0131laca\u011f\u0131n\u0131z ve kasabadaki t\u00fcm evlerin \u00f6n\u00fcnde foto\u011fraf \u00e7ektirece\u011finiz kesin.<\/p>\n<p>H\u0131rvatistan\u2019\u0131n Toskona\u2019s\u0131 olarak adland\u0131r\u0131lan b\u00f6lgenin \u015farap ve deniz mahsullerini de mutlaka denemelisiniz. Rovinj\u2019in eski ve bakir halini koruyan, sadece denizin ve mart\u0131lar\u0131n sesini dinleyebilece\u011finiz pek \u00e7ok mahallesi ve soka\u011f\u0131 bulunmakta. \u00d6zellikle deniz k\u0131y\u0131s\u0131 boyunca uzanan evler sanki 100 y\u0131ldan bu yana hi\u00e7 dokunulmam\u0131\u015f gibi.<\/p>\n<p><img loading=\"lazy\" decoding=\"async\" class=\"alignnone size-full wp-image-9632\" src=\"https:\/\/julesverne.com.tr\/wp-content\/uploads\/2021\/07\/solta.jpg\" alt=\"\" width=\"1348\" height=\"899\" srcset=\"https:\/\/julesverne.com.tr\/wp-content\/uploads\/2021\/07\/solta.jpg 1348w, https:\/\/julesverne.com.tr\/wp-content\/uploads\/2021\/07\/solta-500x333.jpg 500w, https:\/\/julesverne.com.tr\/wp-content\/uploads\/2021\/07\/solta-1280x854.jpg 1280w, https:\/\/julesverne.com.tr\/wp-content\/uploads\/2021\/07\/solta-768x512.jpg 768w\" sizes=\"(max-width: 1348px) 100vw, 1348px\" \/><\/p>\n<h2><strong>Solta<\/strong><\/h2>\n<p>Split\u2019in tam kar\u015f\u0131s\u0131nda ada olmas\u0131ndan hallice, 35 dakikada ula\u015fabilme konforunu da ekledi\u011finizde <strong>Solta<\/strong>\u2019y\u0131 kim, neden sevmesin? Turistlerin radar\u0131nda ba\u015fka adalar oldu\u011fu i\u00e7in Solta daha \u00e7ok lokallerin hakimiyetine b\u0131rak\u0131lm\u0131\u015f. Bu y\u00fczden do\u011fall\u0131\u011f\u0131n\u0131 ve \u00f6zg\u00fcnl\u00fc\u011f\u00fcn\u00fc doyas\u0131ya ya\u015fayabiliyorsunuz. Bal\u0131k\u00e7\u0131 k\u00f6y\u00fc ruhunu koruyan Solta; \u00fcz\u00fcm ba\u011flar\u0131, zeytin a\u011fa\u00e7lar\u0131yla dolu arazileri ve g\u00fczel k\u0131y\u0131lar\u0131yla olduk\u00e7a cezbedici. Feribotlar\u0131n yana\u015ft\u0131\u011f\u0131 Rogac K\u00f6y\u00fc, Akdeniz cazibesini ta\u015f\u0131yan, ta\u015f evleriyle \u00fcnl\u00fc Grohote plaj\u0131 ve civar\u0131ndaki restoranlar\u0131yla deniz keyfi yapmak i\u00e7in tercih edilen Necujam, bal\u0131k\u00e7\u0131 k\u00f6y\u00fcn\u00fcn t\u00fcm karakteristik \u00f6zelliklerini ta\u015f\u0131yan ve plajlar\u0131yla \u00fcnl\u00fc Maslinica, konaklama ve yeme \u2013 i\u00e7me olarak en zengin kasabas\u0131 Stomorska adada ziyaret edece\u011finiz ba\u015fl\u0131ca yerler.<\/p>\n<p><img loading=\"lazy\" decoding=\"async\" class=\"alignnone size-full wp-image-9633\" src=\"https:\/\/julesverne.com.tr\/wp-content\/uploads\/2021\/07\/vis.jpg\" alt=\"\" width=\"1348\" height=\"899\" srcset=\"https:\/\/julesverne.com.tr\/wp-content\/uploads\/2021\/07\/vis.jpg 1348w, https:\/\/julesverne.com.tr\/wp-content\/uploads\/2021\/07\/vis-500x333.jpg 500w, https:\/\/julesverne.com.tr\/wp-content\/uploads\/2021\/07\/vis-1280x854.jpg 1280w, https:\/\/julesverne.com.tr\/wp-content\/uploads\/2021\/07\/vis-768x512.jpg 768w\" sizes=\"(max-width: 1348px) 100vw, 1348px\" \/><\/p>\n<h2><strong>Vis<\/strong><\/h2>\n<p>Split\u2019ten 1,5 \u2013 2 saat s\u00fcren deniz yolculu\u011fu ile ula\u015fabilece\u011finiz <strong>Vis Adas\u0131<\/strong>, \u00fcnl\u00fc Hvar adas\u0131n\u0131n arkas\u0131nda, Adriyatik Denizi\u2019nin nimetlerinden yararlanan adreslerden. \u201cCapri kadar g\u00fczel\u201d benzetmeleri yap\u0131lan Vis, Akdeniz\u2019e \u00f6zg\u00fc g\u00fczelli\u011fi, zeytin a\u011fa\u00e7lar\u0131 ve \u00fcz\u00fcm ba\u011flar\u0131, antik kal\u0131nt\u0131lar\u0131 ve \u0131ss\u0131z kumsallar\u0131na ra\u011fmen turist radar\u0131nda olmamas\u0131yla bakir yap\u0131s\u0131n\u0131 koruyor. Daha \u00e7ok \u0130talyan ve Avusturyal\u0131 yat sahiplerinin demirledi\u011fi Vis, yaz aylar\u0131nda kalabal\u0131ktan ka\u00e7mak i\u00e7in harika.<\/p>\n<p><img loading=\"lazy\" decoding=\"async\" class=\"alignnone size-full wp-image-9634\" src=\"https:\/\/julesverne.com.tr\/wp-content\/uploads\/2021\/07\/losinj.jpg\" alt=\"\" width=\"1348\" height=\"899\" srcset=\"https:\/\/julesverne.com.tr\/wp-content\/uploads\/2021\/07\/losinj.jpg 1348w, https:\/\/julesverne.com.tr\/wp-content\/uploads\/2021\/07\/losinj-500x333.jpg 500w, https:\/\/julesverne.com.tr\/wp-content\/uploads\/2021\/07\/losinj-1280x854.jpg 1280w, https:\/\/julesverne.com.tr\/wp-content\/uploads\/2021\/07\/losinj-768x512.jpg 768w\" sizes=\"(max-width: 1348px) 100vw, 1348px\" \/><\/p>\n<h2><strong>Losinj<\/strong><\/h2>\n<p>Do\u011fas\u0131, g\u00fczel plajlar\u0131 ve adalar\u0131yla yaz aylar\u0131nda turist ak\u0131n\u0131na u\u011frayan H\u0131rvatistan\u2019da hala sakinli\u011fi bulabilece\u011finiz gizli hazineler varl\u0131\u011f\u0131n\u0131 korumaya devam ediyor. \u00dclkenin bat\u0131 taraf\u0131nda yer alan <strong>Losinj<\/strong>, nereye bakmas\u0131 gerekti\u011fini bilen gezginler i\u00e7in yaz aylar\u0131n\u0131n en tatl\u0131 s\u0131\u011f\u0131naklar\u0131ndan. Y\u00fcksek hava kalitesi, \u00e7am ormanlar\u0131, d\u00fcnya standartlar\u0131ndaki SPA\u2019s\u0131 ve turkuaz sular\u0131n \u00e7arp\u0131c\u0131 g\u00fczelli\u011fiyle listenize eklemek isteyece\u011finiz adalardan biri. Zadar \u015fehrinden feribota binerek, Losinj&#8217;e gidebilirsiniz.<\/p>\n<p><img loading=\"lazy\" decoding=\"async\" class=\"alignnone wp-image-9663\" src=\"https:\/\/julesverne.com.tr\/wp-content\/uploads\/2021\/07\/shutterstock_556509301-500x334.jpg\" alt=\"\" width=\"1200\" height=\"800\" srcset=\"https:\/\/julesverne.com.tr\/wp-content\/uploads\/2021\/07\/shutterstock_556509301-500x334.jpg 500w, https:\/\/julesverne.com.tr\/wp-content\/uploads\/2021\/07\/shutterstock_556509301-768x512.jpg 768w, https:\/\/julesverne.com.tr\/wp-content\/uploads\/2021\/07\/shutterstock_556509301.jpg 1000w\" sizes=\"(max-width: 1200px) 100vw, 1200px\" \/><\/p>\n<h2><strong>Brac<\/strong><\/h2>\n<p>Split\u2019in tam kar\u015f\u0131s\u0131ndaki <strong>Brac<\/strong>, H\u0131rvatistan adalar\u0131 aras\u0131nda \u00fcnl\u00fc olsa da Hvar ve Korcula\u2019ya nazaran daha sakin kalmay\u0131 ba\u015farm\u0131\u015f g\u00f6r\u00fcn\u00fcyor. Dalma\u00e7ya K\u0131y\u0131lar\u0131\u2019nda arad\u0131\u011f\u0131n\u0131z huzurlu ve romantik ambiyans\u0131 bu adada bulaca\u011f\u0131n\u0131za \u015f\u00fcpheniz olmas\u0131n. Split\u2019ten sadece 1 saatlik feribot yolculu\u011fuyla ula\u015fabilece\u011finiz Brac, \u00fclkenin en fotojenik plaj\u0131na da ev sahipli\u011fi yap\u0131yor. Orta \u00c7a\u011f manast\u0131rlar\u0131, Roma d\u00f6neminden kalan antik kal\u0131nt\u0131lar\u0131, su sporlar\u0131na imk\u00e2n veren r\u00fczg\u00e2r ve plajlar\u0131yla tam bir yaz destinasyonu.<\/p>\n<p><img loading=\"lazy\" decoding=\"async\" class=\"alignnone wp-image-9664\" src=\"https:\/\/julesverne.com.tr\/wp-content\/uploads\/2021\/07\/shutterstock_1463569835-500x268.jpg\" alt=\"\" width=\"1200\" height=\"643\" srcset=\"https:\/\/julesverne.com.tr\/wp-content\/uploads\/2021\/07\/shutterstock_1463569835-500x268.jpg 500w, https:\/\/julesverne.com.tr\/wp-content\/uploads\/2021\/07\/shutterstock_1463569835-768x412.jpg 768w, https:\/\/julesverne.com.tr\/wp-content\/uploads\/2021\/07\/shutterstock_1463569835.jpg 1000w\" sizes=\"(max-width: 1200px) 100vw, 1200px\" \/><\/p>\n<h2><strong>Kor\u010dula<\/strong><\/h2>\n<p>H\u0131rvatistan\u2019\u0131n en romantik ve b\u00fcy\u00fcleyici adalar\u0131ndan biri <strong>Kor\u010dula<\/strong>! Kara\u00e7am ormanlar\u0131, zeytinlikleri, harika bal\u0131k\u00e7\u0131 k\u00f6yleri, muhte\u015fem plaj ve koylar\u0131, \u00fcz\u00fcm ba\u011flar\u0131, nefis yerel beyaz \u015farab\u0131, gotik katedralleri, Orta \u00c7a\u011f duvarlar\u0131 ile g\u00f6z kama\u015ft\u0131ran Kor\u010dula kesinlikle ke\u015ffe de\u011fer!<\/p>\n<p><img loading=\"lazy\" decoding=\"async\" class=\"alignnone size-full wp-image-9636\" src=\"https:\/\/julesverne.com.tr\/wp-content\/uploads\/2021\/07\/elafiti-adalari.jpg\" alt=\"\" width=\"1348\" height=\"899\" srcset=\"https:\/\/julesverne.com.tr\/wp-content\/uploads\/2021\/07\/elafiti-adalari.jpg 1348w, https:\/\/julesverne.com.tr\/wp-content\/uploads\/2021\/07\/elafiti-adalari-500x333.jpg 500w, https:\/\/julesverne.com.tr\/wp-content\/uploads\/2021\/07\/elafiti-adalari-1280x854.jpg 1280w, https:\/\/julesverne.com.tr\/wp-content\/uploads\/2021\/07\/elafiti-adalari-768x512.jpg 768w\" sizes=\"(max-width: 1348px) 100vw, 1348px\" \/><\/p>\n<h2><strong>Elafiti Adalar\u0131<\/strong><\/h2>\n<p>Dubrovnik\u2019in kuzeybat\u0131s\u0131nda yer alan ve 6 adadan olu\u015fan <strong>Elafiti Tak\u0131madas\u0131;<\/strong> H\u0131rvatistan\u2019\u0131n y\u00fckselen seyahat destinasyonlar\u0131ndan! Bu 6 ada i\u00e7inden \u00f6zellikle <strong>Kolocep, Lopud<\/strong> ve <strong>Sipan<\/strong> kesinlikle ke\u015ffe de\u011fer! G\u00fcnl\u00fck ya\u015fam\u0131n ko\u015fu\u015fturmas\u0131ndan uzakla\u015fmak isteyenler i\u00e7in \u00f6zellikle ara\u00e7 kullan\u0131m\u0131 olmayan Kolocep ve Lopud\u2019u \u00f6nerebiliriz. Egzotik bah\u00e7elerle \u00e7evrili ta\u015f evleri ve minik plaj\u0131yla \u00fcnl\u00fc Lopud, \u00e7am ormanlar\u0131 ve meyve a\u011fa\u00e7lar\u0131yla kapl\u0131 Kolocep, Dubrovnik aristokrasisinin g\u00f6zdesi \u0160ipan \u015fehirden feribotla kolayca gidebilece\u011finiz \u00fc\u00e7 m\u00fccevher!<\/p>\n<p><img loading=\"lazy\" decoding=\"async\" class=\"alignnone size-full wp-image-9637\" src=\"https:\/\/julesverne.com.tr\/wp-content\/uploads\/2021\/07\/cavdat.jpg\" alt=\"\" width=\"1348\" height=\"899\" srcset=\"https:\/\/julesverne.com.tr\/wp-content\/uploads\/2021\/07\/cavdat.jpg 1348w, https:\/\/julesverne.com.tr\/wp-content\/uploads\/2021\/07\/cavdat-500x333.jpg 500w, https:\/\/julesverne.com.tr\/wp-content\/uploads\/2021\/07\/cavdat-1280x854.jpg 1280w, https:\/\/julesverne.com.tr\/wp-content\/uploads\/2021\/07\/cavdat-768x512.jpg 768w\" sizes=\"(max-width: 1348px) 100vw, 1348px\" \/><\/p>\n<h2><strong>Cavtat<\/strong><\/h2>\n<p>Turkuaz mavi bir koy etraf\u0131nda, yemye\u015fil a\u011fa\u00e7lar\u0131n aras\u0131na kondurulan evleriyle ger\u00e7ek bir yaz r\u00fcyas\u0131 <strong>Cavtat<\/strong>\u2026 Belki ad\u0131n\u0131 daha \u00f6nce duymad\u0131n\u0131z ama bu kasaba Dubrovnik\u2019e sadece 20 km mesafede! Adriyatik k\u0131y\u0131s\u0131ndaki bu e\u015fsiz kasaba, tarihi \u015fehir cazibesini korurken deniz-g\u00fcne\u015f keyfine k\u00fclt\u00fcrel ke\u015fifler eklemeyi de ihmal etmiyor.<\/p>\n<p><img loading=\"lazy\" decoding=\"async\" class=\"alignnone wp-image-9665\" src=\"https:\/\/julesverne.com.tr\/wp-content\/uploads\/2021\/07\/shutterstock_210837178-500x334.jpg\" alt=\"\" width=\"1200\" height=\"800\" srcset=\"https:\/\/julesverne.com.tr\/wp-content\/uploads\/2021\/07\/shutterstock_210837178-500x334.jpg 500w, https:\/\/julesverne.com.tr\/wp-content\/uploads\/2021\/07\/shutterstock_210837178-768x512.jpg 768w, https:\/\/julesverne.com.tr\/wp-content\/uploads\/2021\/07\/shutterstock_210837178.jpg 1000w\" sizes=\"(max-width: 1200px) 100vw, 1200px\" \/><\/p>\n<h2><strong>Mavi Yolculuk<\/strong><\/h2>\n<p>H\u0131rvatistan\u2019da mavi yolculu\u011fu d\u00fc\u015f\u00fcn\u00fcyorsan\u0131z rotan\u0131z\u0131n sizi Dalma\u00e7ya K\u0131y\u0131lar\u0131\u2019n\u0131n turkuaz sular\u0131na, \u00e7arp\u0131c\u0131 k\u0131y\u0131 ve koylar\u0131na g\u00f6t\u00fcrece\u011fine emin olabilirsiniz.\u00a0<strong>Split- Brac-Hvar-Vis-Lastovo-Mljet-Elafiti Adalar\u0131<\/strong>\u00a0ile Dubrovnik\u2019ten fazla uzakla\u015fmadan Adriyatik Denizi\u2019ni g\u00fczelle\u015ftiren bu ayr\u0131cal\u0131kl\u0131 rotay\u0131 ke\u015ffedebilirsiniz. Zaman\u0131n yava\u015f akt\u0131\u011f\u0131 bu duraklarda geleneksel bal\u0131k\u00e7\u0131 k\u00f6ylerinden tarihi kal\u0131nt\u0131lara, hareketli k\u00fc\u00e7\u00fck \u015fehirlerden ulusal parklara uzanan bir yolculuk sizi bekliyor.<\/p>\n<p><strong>COVID-19 tedbirleri kapsam\u0131nda \u00fclkelerin giri\u015f kurallar\u0131, \u00fclkelerin resmi mercileri taraf\u0131ndan g\u00fcnl\u00fck veya anl\u0131k olarak de\u011fi\u015ftirilebilmektedir. <\/strong><strong>Seyahat etmek istedi\u011finiz destinasyona ili\u015fkin bilgi ve sorular\u0131n\u0131z i\u00e7in:\u00a0<a href=\"mailto:travel@julesverne.com.tr\">travel@julesverne.com.tr<\/a><\/strong><\/p>\n<p style=\"text-align: center;\"><strong>Size \u00f6zel HIRVAT\u0130STAN SEYAHAT\u0130 planlamas\u0131 ve sorular\u0131n\u0131z i\u00e7in:<\/strong><\/p>\n<p style=\"text-align: center;\"><strong><a href=\"mailto:Travel@julesverne.com.tr\">Travel@julesverne.com.tr<\/a><\/strong><\/p>\n<h2 style=\"text-align: center;\"><\/h2>\n<p>&nbsp;<\/p>\n<h2><\/h2>\n<p><\/p>","protected":false},"excerpt":{"rendered":"<p>Y\u0131llara meydan okuyan sahil kasabalar\u0131, birbirinden \u00f6zel adalar\u0131 ve e\u015fsiz plajlar\u0131yla Adriyatik&#8217;in incisi H\u0131rvatistan; birbirinden g\u00fczel do\u011fa harikalar\u0131na ev sahipli\u011fi yapan muhte\u015fem co\u011frafyas\u0131 ile ziyaret\u00e7ilerine b\u00fcy\u00fcleyici bir d\u00fcnyan\u0131n kap\u0131lar\u0131n\u0131 a\u00e7\u0131yor. Dalma\u00e7ya k\u0131y\u0131 tipine sahip olan \u00fclkede 1000&#8217;e yak\u0131n ada ve adac\u0131k bulunuyor. Adriyatik Denizi&#8217;nin masmavi sular\u0131ndan Dinari Alpleri&#8217;ne uzanan co\u011frafyada Orta \u00c7a\u011f kasabalar\u0131, kartpostal gibi [&hellip;]<\/p>\n","protected":false},"author":10,"featured_media":9642,"comment_status":"closed","ping_status":"closed","sticky":false,"template":"","format":"standard","meta":{"inline_featured_image":false,"footnotes":""},"categories":[38,1,39],"tags":[137,157,77],"acf":[],"yoast_head":"<!-- This site is optimized with the Yoast SEO plugin v22.3 - https:\/\/yoast.com\/wordpress\/plugins\/seo\/ -->\n<title>H\u0131rvatistan Seyahat Rehberi! - JULES VERNE BUSINESS MICE TRAVEL<\/title>\n<meta name=\"description\" content=\"Balkanlar&#039;\u0131n Akdeniz&#039;deki g\u00fczel \u00fclkesi H\u0131rvatistan, \u015fehirlerinin birbiriyle yar\u0131\u015fan cazibe noktalar\u0131yla da hayranl\u0131k uyand\u0131r\u0131yor. Kirlenmemi\u015f denizi, bir\u00e7ok do\u011fal rezervi, mavi bayrakl\u0131 plajlar\u0131 ve UNESCO D\u00fcnya Miras\u0131 Listesi&#039;nde yer alan eserleri ile H\u0131rvatistan&#039;da gezip g\u00f6recek \u00e7ok yer, ke\u015ffedecek \u00e7ok \u015fey var.\" \/>\n<meta name=\"robots\" content=\"index, follow, max-snippet:-1, max-image-preview:large, max-video-preview:-1\" \/>\n<link rel=\"canonical\" href=\"https:\/\/julesverne.com.tr\/travel-blog\/hirvatistan-seyahat-rehberi\/\" \/>\n<meta property=\"og:locale\" content=\"en_US\" \/>\n<meta property=\"og:type\" content=\"article\" \/>\n<meta property=\"og:title\" content=\"[:tr]H\u0131rvatistan Seyahat Rehberi[:en]H\u0131rvatistan Seyahat Rehberi![:] - JULES VERNE BUSINESS MICE TRAVEL\" \/>\n<meta property=\"og:description\" content=\"Balkanlar&#039;\u0131n Akdeniz&#039;deki g\u00fczel \u00fclkesi H\u0131rvatistan, \u015fehirlerinin birbiriyle yar\u0131\u015fan cazibe noktalar\u0131yla da hayranl\u0131k uyand\u0131r\u0131yor. Kirlenmemi\u015f denizi, bir\u00e7ok do\u011fal rezervi, mavi bayrakl\u0131 plajlar\u0131 ve UNESCO D\u00fcnya Miras\u0131 Listesi&#039;nde yer alan eserleri ile H\u0131rvatistan&#039;da gezip g\u00f6recek \u00e7ok yer, ke\u015ffedecek \u00e7ok \u015fey var.\" \/>\n<meta property=\"og:url\" content=\"https:\/\/julesverne.com.tr\/travel-blog\/hirvatistan-seyahat-rehberi\/\" \/>\n<meta property=\"og:site_name\" content=\"JULES VERNE BUSINESS MICE TRAVEL\" \/>\n<meta property=\"article:publisher\" content=\"https:\/\/www.facebook.com\/JulesVerneBusinessMiceTravel\/\" \/>\n<meta property=\"article:published_time\" content=\"2023-07-27T06:30:57+00:00\" \/>\n<meta property=\"article:modified_time\" content=\"2023-07-28T07:51:38+00:00\" \/>\n<meta property=\"og:image\" content=\"https:\/\/julesverne.com.tr\/wp-content\/uploads\/2021\/07\/hirvatistan-2.jpg\" \/>\n\t<meta property=\"og:image:width\" content=\"1348\" \/>\n\t<meta property=\"og:image:height\" content=\"899\" \/>\n\t<meta property=\"og:image:type\" content=\"image\/jpeg\" \/>\n<meta name=\"author\" content=\"Ebru Alt\u0131n\" \/>\n<meta name=\"twitter:card\" content=\"summary_large_image\" \/>\n<meta name=\"twitter:creator\" content=\"@JV_BusinessMice\" \/>\n<meta name=\"twitter:site\" content=\"@JV_BusinessMice\" \/>\n<meta name=\"twitter:label1\" content=\"Written by\" \/>\n\t<meta name=\"twitter:data1\" content=\"Ebru Alt\u0131n\" \/>\n\t<meta name=\"twitter:label2\" content=\"Est. reading time\" \/>\n\t<meta name=\"twitter:data2\" content=\"11 minutes\" \/>\n<script type=\"application\/ld+json\" class=\"yoast-schema-graph\">{\"@context\":\"https:\/\/schema.org\",\"@graph\":[{\"@type\":\"Article\",\"@id\":\"https:\/\/julesverne.com.tr\/travel-blog\/hirvatistan-seyahat-rehberi\/#article\",\"isPartOf\":{\"@id\":\"https:\/\/julesverne.com.tr\/travel-blog\/hirvatistan-seyahat-rehberi\/\"},\"author\":{\"name\":\"Ebru Alt\u0131n\",\"@id\":\"https:\/\/julesverne.com.tr\/#\/schema\/person\/219931edfe2e7d9cbbcbabb8a7e4c7f4\"},\"headline\":\"H\u0131rvatistan Seyahat Rehberi!\",\"datePublished\":\"2023-07-27T06:30:57+00:00\",\"dateModified\":\"2023-07-28T07:51:38+00:00\",\"mainEntityOfPage\":{\"@id\":\"https:\/\/julesverne.com.tr\/travel-blog\/hirvatistan-seyahat-rehberi\/\"},\"wordCount\":3752,\"publisher\":{\"@id\":\"https:\/\/julesverne.com.tr\/#organization\"},\"image\":{\"@id\":\"https:\/\/julesverne.com.tr\/travel-blog\/hirvatistan-seyahat-rehberi\/#primaryimage\"},\"thumbnailUrl\":\"https:\/\/julesverne.com.tr\/wp-content\/uploads\/2021\/07\/hirvatistan-2.jpg\",\"keywords\":[\"Blog\",\"H\u0131rvatistan Seyahat Rehberi\",\"\u0130lham Veren Destinasyonlar\"],\"articleSection\":[\"\u0130lham Veren Destinasyonlar\",\"Blog\",\"Nereye Gitsek?\"],\"inLanguage\":\"en-US\"},{\"@type\":\"WebPage\",\"@id\":\"https:\/\/julesverne.com.tr\/travel-blog\/hirvatistan-seyahat-rehberi\/\",\"url\":\"https:\/\/julesverne.com.tr\/travel-blog\/hirvatistan-seyahat-rehberi\/\",\"name\":\"[:tr]H\u0131rvatistan Seyahat Rehberi[:en]H\u0131rvatistan Seyahat Rehberi![:] - JULES VERNE BUSINESS MICE TRAVEL\",\"isPartOf\":{\"@id\":\"https:\/\/julesverne.com.tr\/#website\"},\"primaryImageOfPage\":{\"@id\":\"https:\/\/julesverne.com.tr\/travel-blog\/hirvatistan-seyahat-rehberi\/#primaryimage\"},\"image\":{\"@id\":\"https:\/\/julesverne.com.tr\/travel-blog\/hirvatistan-seyahat-rehberi\/#primaryimage\"},\"thumbnailUrl\":\"https:\/\/julesverne.com.tr\/wp-content\/uploads\/2021\/07\/hirvatistan-2.jpg\",\"datePublished\":\"2023-07-27T06:30:57+00:00\",\"dateModified\":\"2023-07-28T07:51:38+00:00\",\"description\":\"Balkanlar'\u0131n Akdeniz'deki g\u00fczel \u00fclkesi H\u0131rvatistan, \u015fehirlerinin birbiriyle yar\u0131\u015fan cazibe noktalar\u0131yla da hayranl\u0131k uyand\u0131r\u0131yor. Kirlenmemi\u015f denizi, bir\u00e7ok do\u011fal rezervi, mavi bayrakl\u0131 plajlar\u0131 ve UNESCO D\u00fcnya Miras\u0131 Listesi'nde yer alan eserleri ile H\u0131rvatistan'da gezip g\u00f6recek \u00e7ok yer, ke\u015ffedecek \u00e7ok \u015fey var.\",\"breadcrumb\":{\"@id\":\"https:\/\/julesverne.com.tr\/travel-blog\/hirvatistan-seyahat-rehberi\/#breadcrumb\"},\"inLanguage\":\"en-US\",\"potentialAction\":[{\"@type\":\"ReadAction\",\"target\":[\"https:\/\/julesverne.com.tr\/travel-blog\/hirvatistan-seyahat-rehberi\/\"]}]},{\"@type\":\"ImageObject\",\"inLanguage\":\"en-US\",\"@id\":\"https:\/\/julesverne.com.tr\/travel-blog\/hirvatistan-seyahat-rehberi\/#primaryimage\",\"url\":\"https:\/\/julesverne.com.tr\/wp-content\/uploads\/2021\/07\/hirvatistan-2.jpg\",\"contentUrl\":\"https:\/\/julesverne.com.tr\/wp-content\/uploads\/2021\/07\/hirvatistan-2.jpg\",\"width\":1348,\"height\":899},{\"@type\":\"BreadcrumbList\",\"@id\":\"https:\/\/julesverne.com.tr\/travel-blog\/hirvatistan-seyahat-rehberi\/#breadcrumb\",\"itemListElement\":[{\"@type\":\"ListItem\",\"position\":1,\"name\":\"Anasayfa\",\"item\":\"https:\/\/julesverne.com.tr\/\"},{\"@type\":\"ListItem\",\"position\":2,\"name\":\"H\u0131rvatistan Seyahat Rehberi\"}]},{\"@type\":\"WebSite\",\"@id\":\"https:\/\/julesverne.com.tr\/#website\",\"url\":\"https:\/\/julesverne.com.tr\/\",\"name\":\"JULES VERNE BUSINESS MICE TRAVEL\",\"description\":\"\",\"publisher\":{\"@id\":\"https:\/\/julesverne.com.tr\/#organization\"},\"potentialAction\":[{\"@type\":\"SearchAction\",\"target\":{\"@type\":\"EntryPoint\",\"urlTemplate\":\"https:\/\/julesverne.com.tr\/?s={search_term_string}\"},\"query-input\":\"required name=search_term_string\"}],\"inLanguage\":\"en-US\"},{\"@type\":\"Organization\",\"@id\":\"https:\/\/julesverne.com.tr\/#organization\",\"name\":\"JULES VERNE BUSINESS MICE TRAVEL\",\"url\":\"https:\/\/julesverne.com.tr\/\",\"logo\":{\"@type\":\"ImageObject\",\"inLanguage\":\"en-US\",\"@id\":\"https:\/\/julesverne.com.tr\/#\/schema\/logo\/image\/\",\"url\":\"https:\/\/julesverne.com.tr\/wp-content\/uploads\/2020\/09\/jv-bmt-logo.png\",\"contentUrl\":\"https:\/\/julesverne.com.tr\/wp-content\/uploads\/2020\/09\/jv-bmt-logo.png\",\"width\":110,\"height\":81,\"caption\":\"JULES VERNE BUSINESS MICE TRAVEL\"},\"image\":{\"@id\":\"https:\/\/julesverne.com.tr\/#\/schema\/logo\/image\/\"},\"sameAs\":[\"https:\/\/www.facebook.com\/JulesVerneBusinessMiceTravel\/\",\"https:\/\/twitter.com\/JV_BusinessMice\",\"https:\/\/www.instagram.com\/julesvernebusinessmicetravel\/\",\"https:\/\/www.linkedin.com\/company\/julesvernebusinessmicetravel\/\",\"https:\/\/www.youtube.com\/channel\/UCAwdsmbZ6tFhu1tea6pkpiw\"]},{\"@type\":\"Person\",\"@id\":\"https:\/\/julesverne.com.tr\/#\/schema\/person\/219931edfe2e7d9cbbcbabb8a7e4c7f4\",\"name\":\"Ebru Alt\u0131n\",\"url\":\"https:\/\/julesverne.com.tr\/en\/author\/ebru-altin\/\"}]}<\/script>\n<!-- \/ Yoast SEO plugin. -->","yoast_head_json":{"title":"[:tr]H\u0131rvatistan Seyahat Rehberi[:en]H\u0131rvatistan Seyahat Rehberi![:] - JULES VERNE BUSINESS MICE TRAVEL","description":"Balkanlar'\u0131n Akdeniz'deki g\u00fczel \u00fclkesi H\u0131rvatistan, \u015fehirlerinin birbiriyle yar\u0131\u015fan cazibe noktalar\u0131yla da hayranl\u0131k uyand\u0131r\u0131yor. Kirlenmemi\u015f denizi, bir\u00e7ok do\u011fal rezervi, mavi bayrakl\u0131 plajlar\u0131 ve UNESCO D\u00fcnya Miras\u0131 Listesi'nde yer alan eserleri ile H\u0131rvatistan'da gezip g\u00f6recek \u00e7ok yer, ke\u015ffedecek \u00e7ok \u015fey var.","robots":{"index":"index","follow":"follow","max-snippet":"max-snippet:-1","max-image-preview":"max-image-preview:large","max-video-preview":"max-video-preview:-1"},"canonical":"https:\/\/julesverne.com.tr\/travel-blog\/hirvatistan-seyahat-rehberi\/","og_locale":"en_US","og_type":"article","og_title":"[:tr]H\u0131rvatistan Seyahat Rehberi[:en]H\u0131rvatistan Seyahat Rehberi![:] - JULES VERNE BUSINESS MICE TRAVEL","og_description":"Balkanlar'\u0131n Akdeniz'deki g\u00fczel \u00fclkesi H\u0131rvatistan, \u015fehirlerinin birbiriyle yar\u0131\u015fan cazibe noktalar\u0131yla da hayranl\u0131k uyand\u0131r\u0131yor. Kirlenmemi\u015f denizi, bir\u00e7ok do\u011fal rezervi, mavi bayrakl\u0131 plajlar\u0131 ve UNESCO D\u00fcnya Miras\u0131 Listesi'nde yer alan eserleri ile H\u0131rvatistan'da gezip g\u00f6recek \u00e7ok yer, ke\u015ffedecek \u00e7ok \u015fey var.","og_url":"https:\/\/julesverne.com.tr\/travel-blog\/hirvatistan-seyahat-rehberi\/","og_site_name":"JULES VERNE BUSINESS MICE TRAVEL","article_publisher":"https:\/\/www.facebook.com\/JulesVerneBusinessMiceTravel\/","article_published_time":"2023-07-27T06:30:57+00:00","article_modified_time":"2023-07-28T07:51:38+00:00","og_image":[{"width":1348,"height":899,"url":"https:\/\/julesverne.com.tr\/wp-content\/uploads\/2021\/07\/hirvatistan-2.jpg","type":"image\/jpeg"}],"author":"Ebru Alt\u0131n","twitter_card":"summary_large_image","twitter_creator":"@JV_BusinessMice","twitter_site":"@JV_BusinessMice","twitter_misc":{"Written by":"Ebru Alt\u0131n","Est. reading time":"11 minutes"},"schema":{"@context":"https:\/\/schema.org","@graph":[{"@type":"Article","@id":"https:\/\/julesverne.com.tr\/travel-blog\/hirvatistan-seyahat-rehberi\/#article","isPartOf":{"@id":"https:\/\/julesverne.com.tr\/travel-blog\/hirvatistan-seyahat-rehberi\/"},"author":{"name":"Ebru Alt\u0131n","@id":"https:\/\/julesverne.com.tr\/#\/schema\/person\/219931edfe2e7d9cbbcbabb8a7e4c7f4"},"headline":"H\u0131rvatistan Seyahat Rehberi!","datePublished":"2023-07-27T06:30:57+00:00","dateModified":"2023-07-28T07:51:38+00:00","mainEntityOfPage":{"@id":"https:\/\/julesverne.com.tr\/travel-blog\/hirvatistan-seyahat-rehberi\/"},"wordCount":3752,"publisher":{"@id":"https:\/\/julesverne.com.tr\/#organization"},"image":{"@id":"https:\/\/julesverne.com.tr\/travel-blog\/hirvatistan-seyahat-rehberi\/#primaryimage"},"thumbnailUrl":"https:\/\/julesverne.com.tr\/wp-content\/uploads\/2021\/07\/hirvatistan-2.jpg","keywords":["Blog","H\u0131rvatistan Seyahat Rehberi","\u0130lham Veren Destinasyonlar"],"articleSection":["\u0130lham Veren Destinasyonlar","Blog","Nereye Gitsek?"],"inLanguage":"en-US"},{"@type":"WebPage","@id":"https:\/\/julesverne.com.tr\/travel-blog\/hirvatistan-seyahat-rehberi\/","url":"https:\/\/julesverne.com.tr\/travel-blog\/hirvatistan-seyahat-rehberi\/","name":"[:tr]H\u0131rvatistan Seyahat Rehberi[:en]H\u0131rvatistan Seyahat Rehberi![:] - JULES VERNE BUSINESS MICE TRAVEL","isPartOf":{"@id":"https:\/\/julesverne.com.tr\/#website"},"primaryImageOfPage":{"@id":"https:\/\/julesverne.com.tr\/travel-blog\/hirvatistan-seyahat-rehberi\/#primaryimage"},"image":{"@id":"https:\/\/julesverne.com.tr\/travel-blog\/hirvatistan-seyahat-rehberi\/#primaryimage"},"thumbnailUrl":"https:\/\/julesverne.com.tr\/wp-content\/uploads\/2021\/07\/hirvatistan-2.jpg","datePublished":"2023-07-27T06:30:57+00:00","dateModified":"2023-07-28T07:51:38+00:00","description":"Balkanlar'\u0131n Akdeniz'deki g\u00fczel \u00fclkesi H\u0131rvatistan, \u015fehirlerinin birbiriyle yar\u0131\u015fan cazibe noktalar\u0131yla da hayranl\u0131k uyand\u0131r\u0131yor. Kirlenmemi\u015f denizi, bir\u00e7ok do\u011fal rezervi, mavi bayrakl\u0131 plajlar\u0131 ve UNESCO D\u00fcnya Miras\u0131 Listesi'nde yer alan eserleri ile H\u0131rvatistan'da gezip g\u00f6recek \u00e7ok yer, ke\u015ffedecek \u00e7ok \u015fey var.","breadcrumb":{"@id":"https:\/\/julesverne.com.tr\/travel-blog\/hirvatistan-seyahat-rehberi\/#breadcrumb"},"inLanguage":"en-US","potentialAction":[{"@type":"ReadAction","target":["https:\/\/julesverne.com.tr\/travel-blog\/hirvatistan-seyahat-rehberi\/"]}]},{"@type":"ImageObject","inLanguage":"en-US","@id":"https:\/\/julesverne.com.tr\/travel-blog\/hirvatistan-seyahat-rehberi\/#primaryimage","url":"https:\/\/julesverne.com.tr\/wp-content\/uploads\/2021\/07\/hirvatistan-2.jpg","contentUrl":"https:\/\/julesverne.com.tr\/wp-content\/uploads\/2021\/07\/hirvatistan-2.jpg","width":1348,"height":899},{"@type":"BreadcrumbList","@id":"https:\/\/julesverne.com.tr\/travel-blog\/hirvatistan-seyahat-rehberi\/#breadcrumb","itemListElement":[{"@type":"ListItem","position":1,"name":"Anasayfa","item":"https:\/\/julesverne.com.tr\/"},{"@type":"ListItem","position":2,"name":"H\u0131rvatistan Seyahat Rehberi"}]},{"@type":"WebSite","@id":"https:\/\/julesverne.com.tr\/#website","url":"https:\/\/julesverne.com.tr\/","name":"JULES VERNE BUSINESS MICE TRAVEL","description":"","publisher":{"@id":"https:\/\/julesverne.com.tr\/#organization"},"potentialAction":[{"@type":"SearchAction","target":{"@type":"EntryPoint","urlTemplate":"https:\/\/julesverne.com.tr\/?s={search_term_string}"},"query-input":"required name=search_term_string"}],"inLanguage":"en-US"},{"@type":"Organization","@id":"https:\/\/julesverne.com.tr\/#organization","name":"JULES VERNE BUSINESS MICE TRAVEL","url":"https:\/\/julesverne.com.tr\/","logo":{"@type":"ImageObject","inLanguage":"en-US","@id":"https:\/\/julesverne.com.tr\/#\/schema\/logo\/image\/","url":"https:\/\/julesverne.com.tr\/wp-content\/uploads\/2020\/09\/jv-bmt-logo.png","contentUrl":"https:\/\/julesverne.com.tr\/wp-content\/uploads\/2020\/09\/jv-bmt-logo.png","width":110,"height":81,"caption":"JULES VERNE BUSINESS MICE TRAVEL"},"image":{"@id":"https:\/\/julesverne.com.tr\/#\/schema\/logo\/image\/"},"sameAs":["https:\/\/www.facebook.com\/JulesVerneBusinessMiceTravel\/","https:\/\/twitter.com\/JV_BusinessMice","https:\/\/www.instagram.com\/julesvernebusinessmicetravel\/","https:\/\/www.linkedin.com\/company\/julesvernebusinessmicetravel\/","https:\/\/www.youtube.com\/channel\/UCAwdsmbZ6tFhu1tea6pkpiw"]},{"@type":"Person","@id":"https:\/\/julesverne.com.tr\/#\/schema\/person\/219931edfe2e7d9cbbcbabb8a7e4c7f4","name":"Ebru Alt\u0131n","url":"https:\/\/julesverne.com.tr\/en\/author\/ebru-altin\/"}]}},"_links":{"self":[{"href":"https:\/\/julesverne.com.tr\/en\/wp-json\/wp\/v2\/posts\/9626"}],"collection":[{"href":"https:\/\/julesverne.com.tr\/en\/wp-json\/wp\/v2\/posts"}],"about":[{"href":"https:\/\/julesverne.com.tr\/en\/wp-json\/wp\/v2\/types\/post"}],"author":[{"embeddable":true,"href":"https:\/\/julesverne.com.tr\/en\/wp-json\/wp\/v2\/users\/10"}],"replies":[{"embeddable":true,"href":"https:\/\/julesverne.com.tr\/en\/wp-json\/wp\/v2\/comments?post=9626"}],"version-history":[{"count":4,"href":"https:\/\/julesverne.com.tr\/en\/wp-json\/wp\/v2\/posts\/9626\/revisions"}],"predecessor-version":[{"id":15480,"href":"https:\/\/julesverne.com.tr\/en\/wp-json\/wp\/v2\/posts\/9626\/revisions\/15480"}],"wp:featuredmedia":[{"embeddable":true,"href":"https:\/\/julesverne.com.tr\/en\/wp-json\/wp\/v2\/media\/9642"}],"wp:attachment":[{"href":"https:\/\/julesverne.com.tr\/en\/wp-json\/wp\/v2\/media?parent=9626"}],"wp:term":[{"taxonomy":"category","embeddable":true,"href":"https:\/\/julesverne.com.tr\/en\/wp-json\/wp\/v2\/categories?post=9626"},{"taxonomy":"post_tag","embeddable":true,"href":"https:\/\/julesverne.com.tr\/en\/wp-json\/wp\/v2\/tags?post=9626"}],"curies":[{"name":"wp","href":"https:\/\/api.w.org\/{rel}","templated":true}]}}