{"id":9451,"date":"2021-07-05T16:21:56","date_gmt":"2021-07-05T13:21:56","guid":{"rendered":"https:\/\/julesverne.com.tr\/?p=9451"},"modified":"2021-07-06T09:59:42","modified_gmt":"2021-07-06T06:59:42","slug":"kurban-bayrami-yurt-disi-rotalar","status":"publish","type":"post","link":"https:\/\/julesverne.com.tr\/en\/travel-blog\/nereye-gitsek\/kurban-bayrami-yurt-disi-rotalar\/","title":{"rendered":"Kurban Bayram\u0131&#8217;nda Yurt D\u0131\u015f\u0131nda Gidebilece\u011finiz En \u0130yi 10 Rota!"},"content":{"rendered":"<p><img loading=\"lazy\" decoding=\"async\" class=\"alignnone wp-image-9288 size-full\" src=\"https:\/\/julesverne.com.tr\/wp-content\/uploads\/2021\/06\/Rochefort-en-Terre.jpg\" alt=\"\" width=\"1200\" height=\"800\" srcset=\"https:\/\/julesverne.com.tr\/wp-content\/uploads\/2021\/06\/Rochefort-en-Terre.jpg 1200w, https:\/\/julesverne.com.tr\/wp-content\/uploads\/2021\/06\/Rochefort-en-Terre-500x333.jpg 500w, https:\/\/julesverne.com.tr\/wp-content\/uploads\/2021\/06\/Rochefort-en-Terre-768x512.jpg 768w\" sizes=\"(max-width: 1200px) 100vw, 1200px\" \/><\/p>\n<p>Kurban Bayram\u0131 i\u00e7in geri say\u0131m ba\u015flad\u0131. K\u0131s\u0131tlamalar\u0131n kalkmas\u0131 ve a\u015f\u0131lanma oran\u0131n\u0131n artmas\u0131yla birlikte tatil haz\u0131rl\u0131klar\u0131 da h\u0131z kazand\u0131. \u00d6zlemini \u00e7ekti\u011finiz r\u00fcya gibi bir bayram tatili ile hem dinlenecek hem de en keyifli zaman\u0131 aileniz ve sevdiklerinizle birlikte ge\u00e7irebileceksiniz. Y\u0131l\u0131n en beklenen tatillerinden biri olan Kurban Bayram\u0131 tatili i\u00e7in nereye gidece\u011finize daha karar vermediyseniz, do\u011fru yerdesiniz.<\/p>\n<p>Kurban Bayram\u0131 tatilini yurt d\u0131\u015f\u0131nda de\u011ferlendirmek isteyenler i\u00e7in <strong>Almanya\u2019dan Fransa, \u0130spanya, \u0130svi\u00e7re ve Montenegro\u2019ya; Malta&#8217;dan Zanzibar, Maldivler ve Sey\u015feller\u2019e<\/strong> uzanan birbirinden g\u00fczel \u00f6nerilerimiz var. Sizin i\u00e7in derledi\u011fimiz yurt d\u0131\u015f\u0131 rotalar\u0131n\u0131 tatil plan\u0131n\u0131za ekleyerek, bayram tatilinizi unutamayaca\u011f\u0131n\u0131z bir an\u0131ya d\u00f6n\u00fc\u015ft\u00fcrebilirsiniz.<\/p>\n<h2><strong>ALMANYA<\/strong><\/h2>\n<p><img loading=\"lazy\" decoding=\"async\" class=\"alignnone wp-image-9108\" src=\"https:\/\/julesverne.com.tr\/wp-content\/uploads\/2021\/06\/shutterstock_1571549710-500x334.jpg\" alt=\"\" width=\"1200\" height=\"800\" srcset=\"https:\/\/julesverne.com.tr\/wp-content\/uploads\/2021\/06\/shutterstock_1571549710-500x334.jpg 500w, https:\/\/julesverne.com.tr\/wp-content\/uploads\/2021\/06\/shutterstock_1571549710-768x512.jpg 768w, https:\/\/julesverne.com.tr\/wp-content\/uploads\/2021\/06\/shutterstock_1571549710.jpg 1000w\" sizes=\"(max-width: 1200px) 100vw, 1200px\" \/><\/p>\n<p>\u00d6zenle korunmu\u015f tarihi yap\u0131lar\u0131 ve g\u00f6z al\u0131c\u0131 katedralleri ile her zaman bir ad\u0131m \u00f6ne \u00e7\u0131kan <strong>Almanya<\/strong>, binlerce y\u0131ll\u0131k inan\u0131lmaz ge\u00e7mi\u015fi ile ziyaret\u00e7ilerini b\u00fcy\u00fclemeye devam ediyor. Orta \u00c7a\u011f d\u00f6neminden izler ta\u015f\u0131yan Gotik kasabalar\u0131, geleneksel kent pazarlar\u0131, m\u00fczeleri, e\u011flenceli festivalleri ve b\u00fcy\u00fck fuarlar\u0131 ile y\u0131l boyunca ziyaret\u00e7i ak\u0131n\u0131na u\u011frayan Almanya\u2019da gezecek g\u00f6recek \u00e7ok yer, ke\u015ffedecek \u00e7ok \u015fey var.<\/p>\n<p><strong>25 Haziran 2021<\/strong> tarihinden itibaren, <strong>2 doz Covid-19 A\u015f\u0131 (Biontech) <\/strong>s\u00fcreci en az 14 g\u00fcn \u00f6nce tamamlanm\u0131\u015f, ge\u00e7erli <strong>Schengen vizesi<\/strong> olan T\u00fcrk vatanda\u015flar\u0131 \u00fclkeye giri\u015ften azami <strong>48 saat \u00f6nce<\/strong> yap\u0131lm\u0131\u015f <strong>negatif PCR test sonucu<\/strong> ibraz ederek, herhangi bir s\u0131n\u0131rlama olmadan\u00a0Almanya&#8217;ya seyahat edebiliyor. T\u00fcrkiye&#8217;den Almanya&#8217;ya seyahat ederken giri\u015fte aranan \u015fartlar ve gerekli belgelere <a href=\"https:\/\/julesverne.com.tr\/haberler\/almanya-seyahat-prosedurleri\/\"><strong><span style=\"color: blue; text-decoration: none; text-underline: none;\">buradan<\/span><\/strong><\/a> ula\u015fabilirsiniz.<\/p>\n<p>K\u00f6kl\u00fc tarihi ile g\u00f6z kama\u015ft\u0131ran Almanya\u2019da unutulmaz bir tatil ya\u015faman\u0131z i\u00e7in\u00a0<strong>\u201cAlmanya\u2019ya nas\u0131l gidilir? Almanya\u2019ya giri\u015f kurallar\u0131 nelerdir? Nereler gezilmeli, g\u00f6r\u00fclmeli? Almanya\u2019n\u0131n g\u00f6r\u00fclmeye de\u011fer \u015fehirleri, Almanya\u2019n\u0131n g\u00f6z kama\u015ft\u0131ran kasabalar\u0131 \u201d<\/strong>n\u0131 yazd\u0131\u011f\u0131m\u0131z\u00a0<strong>Almanya Seyahat Rehberi<\/strong>\u2019ne\u00a0<a href=\"https:\/\/julesverne.com.tr\/seyahat-blog\/almanya-seyahat-rehberi\/\"><strong>buradan<\/strong><\/a>\u00a0ula\u015fabilirsiniz.<\/p>\n<p>T\u00fcrk Hava Yollar\u0131&#8217;n\u0131n Almanya&#8217;daki U\u00e7u\u015f Noktalar\u0131; <strong>Berlin<\/strong> (Haftan\u0131n her g\u00fcn\u00fc), <strong>Bremen<\/strong> (Sal\u0131 ve \u00c7ar\u015famba g\u00fcnleri hari\u00e7 haftan\u0131n her g\u00fcn\u00fc), <strong>D\u00fcsseldorf<\/strong> (Haftan\u0131n her g\u00fcn\u00fc), <strong>Frankfurt<\/strong> (Haftan\u0131n her g\u00fcn\u00fc), <strong>Hamburg<\/strong> (Pazartesi, \u00c7ar\u015famba, Cumartesi ve Pazar g\u00fcnleri), <strong>K\u00f6ln<\/strong> (Haftan\u0131n her g\u00fcn\u00fc), <strong>M\u00fcnih<\/strong> (\u00c7ar\u015famba ve Cuma g\u00fcnleri hari\u00e7 haftan\u0131n her g\u00fcn\u00fc), <strong>Nuremberg<\/strong> (Pazartesi, Per\u015fembe ve Cumartesi g\u00fcnleri), <strong>Stutgart<\/strong> (Sal\u0131, Per\u015fembe hari\u00e7 haftan\u0131n her g\u00fcn\u00fc).<\/p>\n<h2><strong>FRANSA<\/strong><\/h2>\n<p><img loading=\"lazy\" decoding=\"async\" class=\"alignnone wp-image-9345\" src=\"https:\/\/julesverne.com.tr\/wp-content\/uploads\/2021\/06\/shutterstock_425900938-500x334.jpg\" alt=\"\" width=\"1200\" height=\"800\" srcset=\"https:\/\/julesverne.com.tr\/wp-content\/uploads\/2021\/06\/shutterstock_425900938-500x334.jpg 500w, https:\/\/julesverne.com.tr\/wp-content\/uploads\/2021\/06\/shutterstock_425900938-768x512.jpg 768w, https:\/\/julesverne.com.tr\/wp-content\/uploads\/2021\/06\/shutterstock_425900938.jpg 1000w\" sizes=\"(max-width: 1200px) 100vw, 1200px\" \/><\/p>\n<p>Birbirinden g\u00fczel tarihi yap\u0131lar\u0131, do\u011fal g\u00fczellikleri ve b\u00fcy\u00fcleyici ikonik an\u0131tlar\u0131yla g\u00f6z dolduran Fransa, kendine \u00f6zg\u00fc k\u00fclt\u00fcr\u00fc ve do\u011fal zenginliklerin bir araya geldi\u011fi e\u015fsiz manzaralara sahip \u015fehir ve kasabalarla dolu! UNESCO taraf\u0131ndan k\u00fclt\u00fcr miras\u0131 olarak tescillenmi\u015f zenginlikleri a\u00e7\u0131s\u0131ndan Avrupa\u2019n\u0131n \u00fc\u00e7\u00fcnc\u00fc \u00fclkesi olan Fransa; Eyfel Kulesi, Versay Saray\u0131, Notre Dame Katedrali, Bordeaux \u015earap Ba\u011flar\u0131 ve Napolyon\u2019u ile ziyaret\u00e7ilerine unutulmayacak bir tatil vadediyor. \u201cDamak tad\u0131\u201d ve sanattan beslenen keyifli ya\u015fam tarz\u0131, d\u00fcnya modas\u0131na y\u00f6n veren tasar\u0131mc\u0131 ve markalar\u0131, engin siyasi ve k\u00fclt\u00fcrel birikimi ile Fransa\u2019da gezilecek \u00e7ok yer, ke\u015ffedecek \u00e7ok \u015fey var!<\/p>\n<p><strong>18 Haziran 2021<\/strong>\u00a0itibariyle 2 doz Covid-19 A\u015f\u0131\u00a0<strong>(Biontech<\/strong>) s\u00fcreci en az\u00a0<strong>14 g\u00fcn \u00f6nce<\/strong>\u00a0tamamlanm\u0131\u015f,\u00a0<strong>ge\u00e7erli Schengen vizesi olan<\/strong>\u00a0T\u00fcrk Vatanda\u015flar\u0131 u\u00e7u\u015ftan 72 saatten \u00f6nce yap\u0131lm\u0131\u015f\u00a0<strong>negatif PCR testi<\/strong>\u00a0veya u\u00e7u\u015ftan 48 saatten \u00f6nce yap\u0131lm\u0131\u015f\u00a0<strong>negatif antijenik test<\/strong>\u00a0sonucu ibraz ederek FRANSA\u2019ya giri\u015f yapabiliyor. Fransa turistik ve ticari vize i\u015flemlerine ba\u015flam\u0131\u015f olup klasik evraklar haricinde ek olarak 2 doz a\u015f\u0131 olundu\u011funa dair a\u015f\u0131 kart\u0131 da istemektedir.\u2060 T\u00fcrkiye\u2019den Fransa\u2019ya Seyahat Ederken Giri\u015fte Aranan \u015eartlar ve Fransa seyahat prosed\u00fcrlerine\u00a0<a href=\"https:\/\/julesverne.com.tr\/haberler\/business-haberler\/fransa-seyahatleri-basliyor\/\"><strong>buradan<\/strong><\/a>\u00a0ula\u015fabilirsiniz.<\/p>\n<p>T\u00fcrk Hava Yollar\u0131\u2019n\u0131n Fransa\u2019daki U\u00e7u\u015f Noktalar\u0131;\u00a0<strong>Paris Charles De Gaulle<\/strong>\u00a0(Haftan\u0131n her g\u00fcn\u00fc),\u00a0<strong>Marsilya<\/strong>\u00a0(Pazartesi ve Cumartesi g\u00fcnleri),\u00a0<strong>Lyon\u00a0<\/strong>(Pazartesi, \u00c7ar\u015famba, Per\u015fembe ve Cumartesi g\u00fcnleri),\u00a0<strong>Nice<\/strong>\u00a0(Pazartesi ve Cumartesi g\u00fcnleri),\u00a0<strong>Toulouse\u00a0<\/strong>(Pazartesi ve Cumartesi g\u00fcnleri)<\/p>\n<p>\u201cFransa\u2019ya nas\u0131l gidilir? Fransa\u2019ya giri\u015f kurallar\u0131 nelerdir? Nereler gezilmeli, g\u00f6r\u00fclmeli? Fransa\u2019n\u0131n g\u00f6r\u00fclmeye de\u011fer \u015fehirleri,\u00a0<a href=\"https:\/\/julesverne.com.tr\/seyahat-blog\/fransanin-en-guzel-kasabalari\/\"><strong>Fransa\u2019n\u0131n en g\u00fczel kasabalar\u0131<\/strong><\/a>,\u00a0<a href=\"https:\/\/julesverne.com.tr\/seyahat-blog\/ilham-veren-destinasyonlar\/fransiz-rivierasinin-en-guzelleri\/\"><strong>Frans\u0131z Rivieras\u0131\u2019n\u0131n en g\u00fczelleri<\/strong><\/a>,\u00a0<a href=\"https:\/\/julesverne.com.tr\/seyahat-blog\/fransanin-az-bilinen-rotalari\/\"><strong>Fransa\u2019n\u0131n az bilinen rotalar\u0131<\/strong><\/a>\u201d hepsi sizler i\u00e7in haz\u0131rlad\u0131\u011f\u0131m\u0131z\u00a0<a href=\"https:\/\/julesverne.com.tr\/seyahat-blog\/fransa-seyahat-rehberi\/\"><strong>Fransa Seyahat Rehberi<\/strong>\u2019<\/a>nde\u2026 Fransa Seyahat Rehberine\u00a0<strong><a href=\"https:\/\/julesverne.com.tr\/seyahat-blog\/fransa-seyahat-rehberi\/\">buradan<\/a><\/strong>\u00a0ula\u015fabilirsiniz.<\/p>\n<h2><strong>\u0130SPANYA<\/strong><\/h2>\n<p><img loading=\"lazy\" decoding=\"async\" class=\"alignnone wp-image-8831\" src=\"https:\/\/julesverne.com.tr\/wp-content\/uploads\/2021\/06\/sevilla_shutterstock_179024282-500x334.jpg\" alt=\"\" width=\"1200\" height=\"800\" srcset=\"https:\/\/julesverne.com.tr\/wp-content\/uploads\/2021\/06\/sevilla_shutterstock_179024282-500x334.jpg 500w, https:\/\/julesverne.com.tr\/wp-content\/uploads\/2021\/06\/sevilla_shutterstock_179024282-768x512.jpg 768w, https:\/\/julesverne.com.tr\/wp-content\/uploads\/2021\/06\/sevilla_shutterstock_179024282.jpg 1000w\" sizes=\"(max-width: 1200px) 100vw, 1200px\" \/><\/p>\n<p>K\u00fclt\u00fcr ve e\u011flenceyi bir arada ya\u015famak isteyenler i\u00e7in gezilebilecek en etkileyici \u00fclkelerden biri de <strong>\u0130spanya<\/strong>. Muhte\u015fem \u015fehirleri, g\u00fc\u00e7l\u00fc k\u00fclt\u00fcr\u00fc ve rengarenk ya\u015fam\u0131 ile \u0130spanya; \u0130ber Yar\u0131madas\u0131\u2019ndaki e\u015fsiz konumu ile g\u00fcneyde ve do\u011fuda Akdeniz; kuzeyde Fransa ve Andorra, bat\u0131da Portekiz, g\u00fcneyde ise Birle\u015fik Krall\u0131k ile kom\u015fu. Birbirinden ilgin\u00e7 yap\u0131lar\u0131yla g\u00f6z kama\u015ft\u0131ran \u00fclkede; <strong>Madrid\u2019den Barselona\u2019ya, Valencia\u2019dan Sevilla\u2019ya, Malaga\u2019dan Toledo\u2019ya, Cordoba\u2019dan Granada ve \u0130biza\u2019ya<\/strong> ke\u015ffedecek \u00e7ok \u015fey var!<\/p>\n<p><strong>7 Haziran\u2019dan<\/strong>\u00a0itibaren 2 doz\u00a0<strong>Covid-19 A\u015f\u0131<\/strong>\u00a0s\u00fcreci en az\u00a0<strong>14 g\u00fcn \u00f6nce<\/strong>\u00a0tamamlanm\u0131\u015f,\u00a0<strong>ge\u00e7erli Schengen vizesi olan<\/strong>\u00a0T\u00fcrk vatanda\u015flar\u0131 herhangi bir s\u0131n\u0131rlama olmadan\u00a0\u0130spanya\u2019ya seyahat edebiliyor. \u00dclkede kabul edilen a\u015f\u0131lar;\u00a0<strong>Pfizer-Biontech, Moderna, Astra \u2013 Zeneca, Jansen\/Johnson&amp;Johnson, Sinovac<\/strong>\u00a0ve\u00a0<strong>Sinopharm.\u00a0<\/strong>T\u00fcrkiye\u2019den \u0130spanya\u2019ya Seyahat Ederken Giri\u015fte Aranan \u015eartlar ve \u0130spanya seyahat prosed\u00fcrlerine prosed\u00fcrlerine\u00a0<a href=\"https:\/\/julesverne.com.tr\/haberler\/business-haberler\/ispanya-seyahatleri-hakkinda\/\"><strong>buradan<\/strong><\/a>\u00a0ula\u015fabilirsiniz.<\/p>\n<p><strong>T\u00fcrk Hava Yollar\u0131<\/strong>\u00a0ve\u00a0<strong>Pegasus Hava Yollar\u0131<\/strong>\u2019n\u0131n \u0130spanya\u2019daki U\u00e7u\u015f Noktalar\u0131;\u00a0<strong>Madrid\u00a0<\/strong>(Sal\u0131 ve Per\u015fembe g\u00fcnleri haftada 5 g\u00fcn),\u00a0<strong>Barselona<\/strong>\u00a0(Sal\u0131 ve Per\u015fembe g\u00fcnleri hari\u00e7 haftada 5 g\u00fcn),\u00a0<strong>Valencia\u00a0<\/strong>(\u00c7ar\u015famba ve Pazar g\u00fcnleri hari\u00e7 her g\u00fcn),\u00a0<strong>Malaga\u00a0<\/strong>(\u00c7ar\u015famba ve Pazar g\u00fcnleri hari\u00e7 her g\u00fcn) ve\u00a0<strong>Bilbao<\/strong>\u00a0(Kas\u0131m 2021\u2019den itibaren Pazartesi, \u00c7ar\u015famba ve Pazar g\u00fcnleri).<\/p>\n<p><strong>\u201c\u0130spanya\u2019ya nas\u0131l gidilir? \u0130spanya giri\u015f kurallar\u0131 nelerdir? Nereler gezilmeli, g\u00f6r\u00fclmeli?\u201d hepsi sizler i\u00e7in haz\u0131rlad\u0131\u011f\u0131m\u0131z\u00a0<a href=\"https:\/\/julesverne.com.tr\/seyahat-blog\/ispanya-seyahat-rehberi\/\">\u0130spanya Seyahat Rehberi<\/a>\u2019nde\u2026\u00a0<\/strong>\u0130spanya seyahat rehberine\u00a0<a href=\"https:\/\/julesverne.com.tr\/seyahat-blog\/ispanya-seyahat-rehberi\/\"><strong>buradan<\/strong><\/a>\u00a0ula\u015fabilirsiniz.<\/p>\n<h2>\u0130SV\u0130\u00c7RE<\/h2>\n<p><img loading=\"lazy\" decoding=\"async\" class=\"alignnone wp-image-9602\" src=\"https:\/\/julesverne.com.tr\/wp-content\/uploads\/2021\/07\/wengen_shutterstock_256544647-500x329.jpg\" alt=\"\" width=\"1200\" height=\"788\" srcset=\"https:\/\/julesverne.com.tr\/wp-content\/uploads\/2021\/07\/wengen_shutterstock_256544647-500x329.jpg 500w, https:\/\/julesverne.com.tr\/wp-content\/uploads\/2021\/07\/wengen_shutterstock_256544647-768x505.jpg 768w, https:\/\/julesverne.com.tr\/wp-content\/uploads\/2021\/07\/wengen_shutterstock_256544647.jpg 1000w\" sizes=\"(max-width: 1200px) 100vw, 1200px\" \/><\/p>\n<p>B\u00fcy\u00fcleyici do\u011fas\u0131 ile Bat\u0131 Avrupa\u2019n\u0131n refah seviyesi en y\u00fcksek ve en g\u00fczel \u00fclkelerinden olan<strong>\u00a0\u0130svi\u00e7re<\/strong>; birbirinden g\u00fczel do\u011fa harikalar\u0131na ev sahipli\u011fi yapan muhte\u015fem co\u011frafyas\u0131 ile g\u00f6z kama\u015ft\u0131r\u0131yor. Alpler\u2019in eteklerinde yer alan, do\u011fas\u0131 ve k\u00fclt\u00fcr\u00fcyle Avrupa\u2019n\u0131n turizm merkezinden biri haline gelen, da\u011f tatillerinin vazge\u00e7ilmez adreslerinden \u0130svi\u00e7re\u2019de gezip g\u00f6recek \u00e7ok yer, ke\u015ffedecek \u00e7ok \u015fey var.<\/p>\n<p><strong>27 Haziran 2021<\/strong>\u00a0tarihinden itibaren, 2 doz Covid-19 a\u015f\u0131 s\u00fcreci\u00a0<strong>(Pfizer\/BionTech veya Sinovac)<\/strong>\u00a0en az\u00a0<strong>14 g\u00fcn \u00f6nce tamamlanm\u0131\u015f<\/strong>, ge\u00e7erli vizesi olan T\u00fcrk vatanda\u015flar\u0131 herhangi bir s\u0131n\u0131rlama olmadan \u0130svi\u00e7re\u2019ye seyahat edebiliyor. 2 doz Covid-19 a\u015f\u0131 s\u00fcreci hen\u00fcz tamamlanmayan ki\u015filerden ilk bini\u015f noktas\u0131ndan hareketten en fazla 72 saat \u00f6nce yap\u0131lm\u0131\u015f bir\u00a0<strong>Covid-19 PCR<\/strong>\u00a0veya\u00a0<strong>RT-PCR negatif testi<\/strong>\u00a0sunmalar\u0131 isteniyor. Son 6 ay i\u00e7inde Covid-19 test sonucu pozitif olan yolculardan hastal\u0131\u011f\u0131 ge\u00e7irdiklerine dair belge talep ediliyor.<\/p>\n<p>\u0130svi\u00e7re&#8217;ye nas\u0131l gidilir? \u0130svi\u00e7re&#8217;ye giri\u015f kurallar\u0131 nelerdir? Nereler gezilmeli, g\u00f6r\u00fclmeli? \u0130svi\u00e7re&#8217;nin g\u00f6r\u00fclmeye de\u011fer \u015fehirleri? <a href=\"https:\/\/julesverne.com.tr\/seyahat-blog\/isvicrenin-en-guzel-kasabalari\/\" target=\"_blank\" rel=\"noopener\"><strong>\u0130svi\u00e7re&#8217;nin en g\u00fczel kasabalar\u0131<\/strong><\/a>&#8221; hepsi sizler i\u00e7in haz\u0131rlad\u0131\u011f\u0131m\u0131z <strong><a href=\"https:\/\/julesverne.com.tr\/haberler\/isvicre-seyahat-prosedurleri\/\" target=\"_blank\" rel=\"noopener\">\u0130svi\u00e7re Seyahat Rehberi<\/a>\u2019<\/strong>nde..<strong>.<\/strong><\/p>\n<h2><strong>MONTENEGRO (KARADA\u011e)<\/strong><\/h2>\n<p><img loading=\"lazy\" decoding=\"async\" class=\"alignnone wp-image-8346\" src=\"https:\/\/julesverne.com.tr\/wp-content\/uploads\/2021\/05\/perast-kotor-montenegro_shutterstock_1290600511-500x331.jpg\" alt=\"\" width=\"1200\" height=\"793\" srcset=\"https:\/\/julesverne.com.tr\/wp-content\/uploads\/2021\/05\/perast-kotor-montenegro_shutterstock_1290600511-500x331.jpg 500w, https:\/\/julesverne.com.tr\/wp-content\/uploads\/2021\/05\/perast-kotor-montenegro_shutterstock_1290600511-768x508.jpg 768w, https:\/\/julesverne.com.tr\/wp-content\/uploads\/2021\/05\/perast-kotor-montenegro_shutterstock_1290600511.jpg 1000w\" sizes=\"(max-width: 1200px) 100vw, 1200px\" \/><\/p>\n<p><strong>1 saat 45 dakika<\/strong> s\u00fcren k\u0131sa u\u00e7u\u015flarla, T\u00fcrk vatanda\u015flar\u0131n\u0131n vizesiz gidebildi\u011fi \u00fclkeler aras\u0131nda yer alan <strong>Montenegro<\/strong>, Adriyatik Denizi boyunca uzanan da\u011flar\u0131 ve k\u0131y\u0131 \u015feridi ile g\u00f6z kama\u015ft\u0131r\u0131yor. \u0130\u00e7inizi \u0131s\u0131tan g\u00fcne\u015fi, birbirinden g\u00fczel koylar\u0131 ve etkileyici mimarisi ile Frans\u0131z Rivieras\u0131\u2019n\u0131 and\u0131ran Montenegro, Adriyatik K\u0131y\u0131lar\u0131\u2019n\u0131n da g\u00f6zdesi! Deniz tutkunlar\u0131n\u0131 bekleyen alt\u0131n kumlu birbirinden g\u00fczel plajlar\u0131; damak zevkine d\u00fc\u015fk\u00fcnleri mutlu edecek \u0130talyan, Yunan, T\u00fcrk ve Balkanlar etkisindeki zengin mutfa\u011f\u0131; tam bir do\u011fa ve spor a\u015f\u0131\u011f\u0131y\u0131m diyenleri heyecanland\u0131racak do\u011fal parklar\u0131 ve aktiviteleri; \u201cburada ya\u015famak nas\u0131l olurdu\u201d dedirtecek k\u00fc\u00e7\u00fck ve sevimli sahil kasabalar\u0131; tarih ve k\u00fclt\u00fcr sevdal\u0131lar\u0131na yeni pencereler a\u00e7acak tarihi ve mimarisi ile Montenegro\u2019yu\u00a0sevmek i\u00e7in sebebimiz \u00e7ok.<\/p>\n<p>T\u00fcrk Vatanda\u015flar\u0131 2 doz\u00a0<strong>Covid-19 a\u015f\u0131 s\u00fcrecinin<\/strong>\u00a0en az\u00a0<strong>14 g\u00fcn \u00f6nce<\/strong>\u00a0tamamlanm\u0131\u015f oldu\u011funu g\u00f6steren<strong>\u00a0A\u015f\u0131 Sertifikalar\u0131<\/strong>\u00a0veya ilk bini\u015f noktas\u0131ndan en fazla 72 saat \u00f6nce verilmi\u015f bir\u00a0<strong>negatif Covid-19 PCR test sonucu<\/strong>\u00a0veya var\u0131\u015ftan en fazla 48 saat \u00f6nce yay\u0131nlanan\u00a0<strong>negatif bir Covid-19 h\u0131zl\u0131 antijen testi sonucu\u00a0<\/strong>veya var\u0131\u015ftan en ge\u00e7 30 g\u00fcn \u00f6nce yay\u0131nlanan pozitif bir\u00a0<strong>seolojik-IgG antikorlar\u0131 test sonucu<\/strong>\u00a0veya var\u0131\u015ftan en az 14 ve en fazla 90 g\u00fcn \u00f6nce verilmi\u015f\u00a0<strong>pozitif bir COVID-19 PCR testi sonucu<\/strong>\u00a0ve yolcunun bula\u015f\u0131c\u0131 olmad\u0131\u011f\u0131n\u0131 belirten bir belge ile Montenegro\u2019ya serbest giri\u015f yapabiliyor.<\/p>\n<p>T\u00fcrk Hava Yollar\u0131\u2019n\u0131n \u0130stanbul\u2019dan\u00a0<strong>Montenegro<\/strong>\u2019ya haftan\u0131n Sal\u0131, \u00c7ar\u015famba, Cuma ve Pazar g\u00fcnleri gidi\u015f \u2013 d\u00f6n\u00fc\u015f u\u00e7u\u015flar\u0131 bulunuyor.<\/p>\n<p>14. Y\u00fczy\u0131lda Ribnitsa ad\u0131yla bir Orta \u00c7a\u011f kenti olarak kurulan\u00a0<strong>Podgorica<\/strong>; Orta \u00c7a\u011f\u2019dan g\u00fcn\u00fcm\u00fcze en iyi \u015fekilde korunan tarihi g\u00fczellikleri, sahilleri ve gece hayat\u0131yla\u00a0<strong>Budva<\/strong>; Adriyatik k\u0131y\u0131s\u0131nda, fiyordu and\u0131ran co\u011frafik yap\u0131s\u0131 ile b\u00fcy\u00fcleyen\u00a0<strong>Kotor<\/strong>; Adriyatik Denizi\u2019nin en g\u00f6z al\u0131c\u0131 ve pop\u00fcler dura\u011f\u0131\u00a0<strong>Sveti Stefan<\/strong>; Kotor K\u00f6rfezi\u2019nin en eski kasabalar\u0131ndan biri olan\u00a0<strong>Perast<\/strong>; \u00fclkenin en g\u00f6z al\u0131c\u0131 noktalar\u0131ndan olan marina \u015fehri\u00a0<strong>Tivat<\/strong>, \u00fclkenin tarihi ve k\u00fclt\u00fcrel merkezi olan\u00a0<strong>Cetinje<\/strong>\u00a0Montenegro\u2019nun en pop\u00fcler destinasyonlar\u0131. Sizler i\u00e7in se\u00e7ti\u011fimiz\u00a0<strong>Montenegro\u2019nun en g\u00fczel otelleri<\/strong>ne\u00a0<a href=\"https:\/\/julesverne.com.tr\/seyahat-blog\/nerede-kalsak\/montenegro-otel-onerileri\/\" target=\"_blank\" rel=\"noopener\"><strong>buradan<\/strong><\/a>\u00a0ula\u015fabilirsiniz.<\/p>\n<h2><strong>MALTA<\/strong><\/h2>\n<p><img loading=\"lazy\" decoding=\"async\" class=\"alignnone wp-image-9582\" src=\"https:\/\/julesverne.com.tr\/wp-content\/uploads\/2021\/07\/shutterstock_694414132-500x334.jpg\" alt=\"\" width=\"1200\" height=\"800\" srcset=\"https:\/\/julesverne.com.tr\/wp-content\/uploads\/2021\/07\/shutterstock_694414132-500x334.jpg 500w, https:\/\/julesverne.com.tr\/wp-content\/uploads\/2021\/07\/shutterstock_694414132-768x512.jpg 768w, https:\/\/julesverne.com.tr\/wp-content\/uploads\/2021\/07\/shutterstock_694414132.jpg 1000w\" sizes=\"(max-width: 1200px) 100vw, 1200px\" \/><\/p>\n<p>Akdeniz\u2019in en temiz plaj ve sular\u0131na sahip birka\u00e7 yerden biri olan, kristal bir mavili\u011fe b\u00fcr\u00fcnen denizi ve g\u00fcne\u015fin alt\u0131nda alt\u0131n gibi parlayan kale sular\u0131yla \u201cdeniz-kum-g\u00fcne\u015f\u201d \u00fc\u00e7l\u00fcs\u00fcn\u00fc sevenler i\u00e7in Malta \u015fahane bir destinasyon! Akdeniz\u2019in i\u00e7inizi \u0131s\u0131tan s\u0131cak g\u00fcne\u015fi ve berrak sular\u0131yla y\u0131kanan \u00f6nemli tarihi ve k\u00fclt\u00fcrel mirasa sahip iki ada b\u00f6lgesini bir arada g\u00f6rme imkan\u0131 sa\u011flayan Malta, 7 bin y\u0131ll\u0131k mimari yap\u0131s\u0131yla g\u00f6z kama\u015ft\u0131r\u0131yor.<\/p>\n<p><strong>2 doz Covid-19 A\u015f\u0131<\/strong>\u00a0s\u00fcreci\u00a0<strong>en az 14 g\u00fcn \u00f6nce<\/strong>\u00a0tamamlanm\u0131\u015f, ge\u00e7erli\u00a0<strong>Schengen vizesi<\/strong>\u00a0olan T\u00fcrk Vatanda\u015flar\u0131 Malta\u2019ya seyahat edebiliyor. A\u015f\u0131lar\u0131 tamamlanmam\u0131\u015f yolcular\u0131n var\u0131\u015ftan en ge\u00e7\u00a0<strong>72 saat \u00f6nce<\/strong>\u00a0yap\u0131lm\u0131\u015f\u00a0<strong>negatif COVID-19 PCR testi<\/strong>\u00a0sunmalar\u0131 gerekiyor. 5 ya\u015f\u0131ndan k\u00fc\u00e7\u00fck yolcular i\u00e7in test gerekli de\u011fil. Giri\u015fte\u00a0<strong>\u00a0\u201cHalk Sa\u011fl\u0131\u011f\u0131 Seyahat Bildirim Formu\u201d<\/strong>\u00a0ve\u00a0<a href=\"https:\/\/www.maltairport.com\/declarationforms\/\">https:\/\/www.maltairport.com\/declarationforms\/<\/a>\u00a0adresinde bulunan\u00a0<strong>\u201cYolcu Formu\u201d<\/strong>nun doldurularak\u00a0 ibraz edilmesi gerekiyor.<\/p>\n<p>T\u00fcrk Hava Yollar\u0131\u2019n\u0131n \u0130stanbul\u2019dan Malta\u2019ya haftan\u0131n her g\u00fcn\u00fc gidi\u015f \u2013 d\u00f6n\u00fc\u015f tarifeli u\u00e7u\u015flar\u0131 bulunuyor. Gidi\u015flerde sabah 07.50 ya da 17.15, d\u00f6n\u00fc\u015flerde ise sabah 10.05 ya da 19.35 u\u00e7u\u015flar\u0131ndan birini se\u00e7ebilirsiniz.<\/p>\n<p><img loading=\"lazy\" decoding=\"async\" class=\"alignnone wp-image-8896\" src=\"https:\/\/julesverne.com.tr\/wp-content\/uploads\/2021\/06\/marakes-500x334.jpg\" alt=\"\" width=\"1200\" height=\"801\" srcset=\"https:\/\/julesverne.com.tr\/wp-content\/uploads\/2021\/06\/marakes-500x334.jpg 500w, https:\/\/julesverne.com.tr\/wp-content\/uploads\/2021\/06\/marakes-768x513.jpg 768w, https:\/\/julesverne.com.tr\/wp-content\/uploads\/2021\/06\/marakes.jpg 797w\" sizes=\"(max-width: 1200px) 100vw, 1200px\" \/><\/p>\n<h2><strong>FAS<\/strong><\/h2>\n<p>T\u00fcrk vatanda\u015flar\u0131ndan\u00a0<strong>vize talep etmeyen<\/strong>, k\u0131sa u\u00e7u\u015flarla ula\u015fabilece\u011finiz Fas, mistik ve oryantal dokulara sahip bir ke\u015fif i\u00e7in her zaman renkli ve ilham verici! Binbir gece masallar\u0131n\u0131 an\u0131msatan atmosferi ve mistik \u015fehirleri ile Fas; yemek k\u00fclt\u00fcr\u00fc, \u0130slami yap\u0131lar\u0131 ve s\u0131cakkanl\u0131 insanlar\u0131yla muhte\u015fem bir yer. Rengarenk medinalar\u0131, u\u00e7suz bucaks\u0131z \u00e7\u00f6lleri, say\u0131s\u0131z filme sahne olan palmiyeli vahalar\u0131, ge\u00e7it vermez da\u011flar\u0131 ve \u00e7arp\u0131c\u0131 mimarisi ile Kuzey Afrika\u2019n\u0131n en g\u00fczel \u015fehirlerinden Fas\u2019ta unutamayaca\u011f\u0131n\u0131z bir yolculu\u011fa \u00e7\u0131kmaya haz\u0131r m\u0131s\u0131n\u0131z?<\/p>\n<p><strong>21 Haziran 2021\u00a0<\/strong>tarihinden itibaren,<strong>\u00a02 doz Covid-19 A\u015f\u0131\u00a0<\/strong>s\u00fcreci en az<strong>\u00a014 g\u00fcn \u00f6nce\u00a0<\/strong>tamamlanm\u0131\u015f T\u00fcrk Vatanda\u015flar\u0131\u00a0<strong>a\u015f\u0131 sertifikalar\u0131<\/strong>n\u0131 ibraz ederek\u00a0<strong>Fas\u2019a\u00a0<\/strong>giri\u015f yapabiliyor. A\u015f\u0131 s\u00fcreci hen\u00fcz tamamlanmayan yolcular\u0131n\u00a0 \u00fclkeye giri\u015ften\u00a0azami 48 saat \u00f6nce yap\u0131lm\u0131\u015f\u00a0<strong>negatif PCR test sonucu<\/strong>\u00a0ibraz etmesi gerekiyor. T\u00fcrkiye\u2019den Fas\u2019a Seyahat Ederken Giri\u015fte Aranan \u015eartlar ve\u00a0<strong>Fas\u2019\u0131n G\u00f6r\u00fclmeye De\u011fer \u015eehirleri\u2019<\/strong>ne\u00a0<strong><a href=\"https:\/\/julesverne.com.tr\/haberler\/travel-haberler\/fas-seyahatleri-basliyor\/\">buradan\u00a0<\/a><\/strong>ula\u015fabilirsiniz.<\/p>\n<p>T\u00fcrk Hava Yollar\u0131\u2019n\u0131n\u00a0<strong>Kazablanka<\/strong>\u2018ya haftan\u0131n her g\u00fcn\u00fc tarifeli u\u00e7u\u015flar\u0131 bulunuyor.<\/p>\n<h2><strong>MALD\u0130VLER<\/strong><\/h2>\n<p><img loading=\"lazy\" decoding=\"async\" class=\"alignnone wp-image-8335\" src=\"https:\/\/julesverne.com.tr\/wp-content\/uploads\/2021\/05\/maldives_shutterstock_1901686090-500x254.jpg\" alt=\"\" width=\"1200\" height=\"610\" srcset=\"https:\/\/julesverne.com.tr\/wp-content\/uploads\/2021\/05\/maldives_shutterstock_1901686090-500x254.jpg 500w, https:\/\/julesverne.com.tr\/wp-content\/uploads\/2021\/05\/maldives_shutterstock_1901686090-768x390.jpg 768w, https:\/\/julesverne.com.tr\/wp-content\/uploads\/2021\/05\/maldives_shutterstock_1901686090.jpg 1000w\" sizes=\"(max-width: 1200px) 100vw, 1200px\" \/><\/p>\n<p>Maldivler, su \u00fcst\u00fc villalar\u0131, d\u00fcnya standartlar\u0131ndaki dal\u0131\u015f noktalar\u0131, l\u00fcks otelleri, e\u015fsiz g\u00fcn bat\u0131mlar\u0131, 300\u2019den fazla tropikal bal\u0131k t\u00fcr\u00fcn\u00fcn ya\u015fad\u0131\u011f\u0131 s\u0131\u011f lag\u00fcnleriyle hem aileler hem arkada\u015f gruplar\u0131 hem de \u00e7iftler i\u00e7in harika bir destinasyon! Hint Okyanusu\u2019nun turkuaz sular\u0131yla \u00e7evrili geni\u015f adalar \u00fclkesi Maldivler, irili ufakl\u0131 1200 adas\u0131 ve 30 mercan adas\u0131 ile cenneti yery\u00fcz\u00fcne getiren e\u015fsiz yerlerden biri.<\/p>\n<p>Adalar \u00fclkesinde unutulmaz bir tatil ya\u015faman\u0131z i\u00e7in haz\u0131rlad\u0131\u011f\u0131m\u0131z<strong>\u00a0\u201cMaldivler\u2019e ne zaman gidilir? Nas\u0131l gidilir? Nerede Kal\u0131n\u0131r? Neler yap\u0131l\u0131r?\u201d<\/strong>\u00a0hepsi sizler i\u00e7in haz\u0131rlad\u0131\u011f\u0131m\u0131z\u00a0<strong><a href=\"https:\/\/julesverne.com.tr\/seyahat-blog\/maldivler-seyahat-rehberi\/\" target=\"_blank\" rel=\"noopener\">Maldivler Seyahat Rehberi<\/a><\/strong>\u2018nde. Maldivler seyahat rehberine<strong><a href=\"https:\/\/julesverne.com.tr\/seyahat-blog\/maldivler-seyahat-rehberi\/\">\u00a0buradan<\/a>,\u00a0\u00a0<\/strong>Adalar \u00fclkesinde unutulmaz bir tatil ya\u015faman\u0131z i\u00e7in haz\u0131rlad\u0131\u011f\u0131m\u0131z<strong>\u00a0Maldivler\u2019in birbirinden g\u00fczel otellerine\u00a0<\/strong>de\u00a0<strong><a href=\"https:\/\/julesverne.com.tr\/seyahat-blog\/maldivler-otel-onerileri\/\" target=\"_blank\" rel=\"noopener\">buradan\u00a0<\/a><\/strong>ula\u015fabilirsiniz.<\/p>\n<p>Giri\u015fte sunulmas\u0131 gereken belgeler;\u00a0<strong>otel rezervasyon belgesi, u\u00e7ak biletleri, ilk bini\u015f noktas\u0131ndan kalk\u0131\u015ftan en fazla 96 saat \u00f6nce al\u0131nm\u0131\u015f olan \u0130ngilizce negatif Covid-19 test sonucu raporu<\/strong>\u00a0ve d\u00f6n\u00fc\u015fte doldurulmas\u0131 gereken\u00a0<strong>Gezgin<\/strong>\u00a0<strong>Sa\u011fl\u0131k Beyan\u0131 Formu.<\/strong>\u00a024 saatten fazla transit ge\u00e7i\u015f yapan yolcular\u0131n testi tekrarlamas\u0131 gerekiyor. Test sonucunun pasaportta oldu\u011fu gibi yolcunun ad\u0131n\u0131 soyad\u0131n\u0131 ve test laboratuvar\u0131n\u0131n ad\u0131n\u0131 ve adresini i\u00e7ermesi gerekiyor. (Bu durum 1 ya\u015f\u0131ndan k\u00fc\u00e7\u00fck yolcular i\u00e7in ge\u00e7erli de\u011fildir. ) Daha \u00f6nce de oldu\u011fu gibi Maldivler\u2019e var\u0131\u015fta \u00fccretsiz sunulan\u00a0<strong>30 g\u00fcnl\u00fck turist vizesi<\/strong>\u00a0devam ediyor.<\/p>\n<p><strong>Maldivler COVID-19 seyahat prosed\u00fcrleri<\/strong>ni\u00a0<strong><a href=\"https:\/\/julesverne.com.tr\/seyahat-blog\/maldivler-covid-19-tedbirleri-hakkinda-merak-ettikleriniz\/\" target=\"_blank\" rel=\"noopener\">buradan<\/a><\/strong>\u00a0 inceleyebilirsiniz.<\/p>\n<p>T\u00fcrk Hava Yollar\u0131\u2019n\u0131n \u0130stanbul\u2019dan Maldivler\u2019e \u00c7ar\u015famba ve Cumartesi g\u00fcnleri hari\u00e7 her g\u00fcn; Maldivler\u2019den \u0130stanbul\u2019a ise \u00c7ar\u015famba ve Cumartesi g\u00fcnleri hari\u00e7 her g\u00fcn tarifeli u\u00e7u\u015flar\u0131 bulunuyor.<\/p>\n<h2><strong>SEY\u015eELLER<\/strong><\/h2>\n<p><img loading=\"lazy\" decoding=\"async\" class=\"alignnone wp-image-8342\" src=\"https:\/\/julesverne.com.tr\/wp-content\/uploads\/2021\/05\/seychelles_shutterstock_699387709-500x322.jpg\" alt=\"\" width=\"1200\" height=\"772\" srcset=\"https:\/\/julesverne.com.tr\/wp-content\/uploads\/2021\/05\/seychelles_shutterstock_699387709-500x322.jpg 500w, https:\/\/julesverne.com.tr\/wp-content\/uploads\/2021\/05\/seychelles_shutterstock_699387709-768x494.jpg 768w, https:\/\/julesverne.com.tr\/wp-content\/uploads\/2021\/05\/seychelles_shutterstock_699387709.jpg 1000w\" sizes=\"(max-width: 1200px) 100vw, 1200px\" \/><\/p>\n<p>UNESCO Listesi\u2019nde yer alan do\u011fal koruma alanlar\u0131 ile el de\u011fmemi\u015f do\u011fan\u0131n, mutlak huzurun ve do\u011fal g\u00fczelli\u011fin \u00fclkesi Sey\u015feller, Hint Okyanusu\u2019nda Do\u011fu Afrika k\u0131y\u0131lar\u0131na do\u011fru yay\u0131lan ve \u00e7o\u011funlu\u011fu bakir kalan 115 adadan olu\u015fuyor. B\u00fcy\u00fcleyici plajlar\u0131, turkuaz sularla \u00e7evrili ye\u015fil tepeleri, palmiye a\u011fa\u00e7lar\u0131, Dali tablosunu and\u0131ran kayal\u0131klar\u0131, zengin sualt\u0131 ya\u015fam\u0131 ve kontroll\u00fc yerle\u015fim alanlar\u0131yla Sey\u015feller izole ve g\u00fcvenli tatilin en g\u00fczel adreslerinden.<\/p>\n<p><strong>25 Mart 2021 tarihinden itibaren<\/strong>\u00a0a\u015f\u0131 veya karantina gereksinimi olmaks\u0131z\u0131n, kalk\u0131\u015ftan en fazla\u00a0<strong>72 saat \u00f6nce<\/strong>\u00a0yap\u0131lan\u00a0<strong>negatif Covid-19 PCR test sonucunu<\/strong>\u00a0ibraz ederek Sey\u015feller\u2019e seyahat edilebiliyor.<\/p>\n<p><strong>Vize ba\u015fvurusu olmadan<\/strong>, saat fark\u0131 ve jet-lag ya\u015famadan Hint Okyanusu\u2019nun ortas\u0131nda, y\u0131l boyu ortalama s\u0131cakl\u0131\u011f\u0131 20 derece olan do\u011fal cennet Sey\u015feller\u2019de unutulmayacak bir tatil i\u00e7in haz\u0131rlad\u0131\u011f\u0131m\u0131z\u00a0<strong>Sey\u015feller\u2019in en g\u00fczel otelleri<\/strong>ne\u00a0<a href=\"https:\/\/julesverne.com.tr\/seyahat-blog\/nerede-kalsak\/seyseller-otel-onerileri\/\" target=\"_blank\" rel=\"noopener\"><strong>buradan<\/strong><\/a>\u00a0ula\u015fabilirsiniz.<\/p>\n<p>T\u00fcrk Hava Yollar\u0131\u2019n\u0131n \u0130stanbul\u2019dan Sey\u015feller\u2019e 13 Temmuz 2021\u2019e kadar Sal\u0131 ve Cuma g\u00fcnleri gidi\u015f-d\u00f6n\u00fc\u015f, 13 Temmuz 2021 sonras\u0131 Sal\u0131 ve Cumartesi g\u00fcnleri gidi\u015f-d\u00f6n\u00fc\u015f tarifeli u\u00e7u\u015flar\u0131 bulunuyor.<\/p>\n<h2><strong>ZANZ\u0130BAR<\/strong><\/h2>\n<p><img loading=\"lazy\" decoding=\"async\" class=\"alignnone wp-image-8674\" src=\"https:\/\/julesverne.com.tr\/wp-content\/uploads\/2021\/06\/zanzibar_shutterstock_1348035719-500x333.jpg\" alt=\"\" width=\"1200\" height=\"799\" srcset=\"https:\/\/julesverne.com.tr\/wp-content\/uploads\/2021\/06\/zanzibar_shutterstock_1348035719-500x333.jpg 500w, https:\/\/julesverne.com.tr\/wp-content\/uploads\/2021\/06\/zanzibar_shutterstock_1348035719-768x511.jpg 768w, https:\/\/julesverne.com.tr\/wp-content\/uploads\/2021\/06\/zanzibar_shutterstock_1348035719.jpg 1000w\" sizes=\"(max-width: 1200px) 100vw, 1200px\" \/><\/p>\n<p>Afrika k\u0131tas\u0131n\u0131n do\u011fusunda\u00a0<strong>Tanzanya<\/strong>\u2018ya ba\u011fl\u0131\u00a0<strong>Zanzibar<\/strong>, okyanusun en turkuaz halini g\u00f6rebilece\u011finiz, birbirinden farkl\u0131 baharatlar\u0131n kokusu ile b\u00fcy\u00fclenece\u011finiz, hayalinizdeki tropik tatili ya\u015fayabilece\u011finiz en keyifli\u00a0 destinasyonlardan! Aladdin\u2019in sihirli lambas\u0131ndan f\u0131rlam\u0131\u015f gibi duran\u00a0<strong>Zanzibar<\/strong>; Hint Okyanusu\u2019nda, Swahili Sahili\u2019ni bamba\u015fka bir g\u00fczelli\u011fe d\u00f6n\u00fc\u015ft\u00fcr\u00fcyor. Turkuaz renkli denizi ve muhte\u015fem g\u00fcn bat\u0131mlar\u0131 ile \u00fcnl\u00fc Zanzibar, UNESCO D\u00fcnya Miras\u0131 listesinde yer alan eski \u015fehir b\u00f6l\u00fcm\u00fc, dramatik manzaralar sunan plajlar\u0131, l\u00fcks otelleri ve mistik havas\u0131yla kesinlikle g\u00f6r\u00fclmeye de\u011fer!<\/p>\n<p><strong>\u201cZanzibar\u2019a Nas\u0131l gidilir? Nerede Kal\u0131n\u0131r? Nereler gezilmeli, g\u00f6r\u00fclmeli?\u201d<\/strong>\u00a0hepsi sizler i\u00e7in haz\u0131rlad\u0131\u011f\u0131m\u0131z\u00a0<strong>Zanzibar Seyahat Rehberinde\u2026\u00a0<\/strong>Birbirinden farkl\u0131 baharatlar\u0131n kokusu ile b\u00fcy\u00fclenip, hayalinizdeki tropik tatili ya\u015faman\u0131z i\u00e7in haz\u0131rlad\u0131\u011f\u0131m\u0131z Zanzibar Seyahat Rehberi\u2019ne\u00a0<strong><a href=\"https:\/\/julesverne.com.tr\/seyahat-blog\/nereye-gitsek\/zanzibar-seyahat-rehberi\/\">buradan\u00a0<\/a><\/strong>ula\u015fabilirsiniz.<\/p>\n<p>\u00dclkeye giri\u015f s\u0131ras\u0131nda istenen belgeler: \u00fclkeye giri\u015ften\u00a0<strong>72 saat \u00f6nce<\/strong>\u00a0yap\u0131lm\u0131\u015f\u00a0<strong>negatif PCR testi<\/strong>,\u00a0<strong>otel rezervasyonu<\/strong>\u00a0ve\u00a0<strong>d\u00f6n\u00fc\u015f u\u00e7ak bileti<\/strong>. Tanzanya i\u00e7in s\u0131n\u0131r kap\u0131s\u0131ndan 50 USD kar\u015f\u0131l\u0131\u011f\u0131nda vize al\u0131nabiliyor.<\/p>\n<p>T\u00fcrk Hava Yollar\u0131\u2019n\u0131n \u0130stanbul\u2019dan \u2013 Zanzibar\u2019a Sal\u0131, Per\u015fembe ve Pazar g\u00fcnleri; Zanzibar\u2019dan \u0130stanbul\u2019a ise Pazartesi, \u00c7ar\u015famba ve Cuma g\u00fcnleri olmak \u00fczere haftan\u0131n \u00fc\u00e7 g\u00fcn\u00fc seferi bulunuyor.<\/p>\n<p style=\"text-align: center;\"><strong>Size \u00d6zel Kurban Bayram\u0131 Yurt D\u0131\u015f\u0131 Seyahat Planlamas\u0131 i\u00e7in:<br \/>\n<a href=\"mailto:Travel@julesverne.com.tr\">Travel@julesverne.com.tr<\/a><\/strong><\/p>\n<p>&nbsp;<\/p>\n","protected":false},"excerpt":{"rendered":"<p>Kurban Bayram\u0131 i\u00e7in geri say\u0131m ba\u015flad\u0131. K\u0131s\u0131tlamalar\u0131n kalkmas\u0131 ve a\u015f\u0131lanma oran\u0131n\u0131n artmas\u0131yla birlikte tatil haz\u0131rl\u0131klar\u0131 da h\u0131z kazand\u0131. \u00d6zlemini \u00e7ekti\u011finiz r\u00fcya gibi bir bayram tatili ile hem dinlenecek hem de en keyifli zaman\u0131 aileniz ve sevdiklerinizle birlikte ge\u00e7irebileceksiniz. Y\u0131l\u0131n en beklenen tatillerinden biri olan Kurban Bayram\u0131 tatili i\u00e7in nereye gidece\u011finize daha karar vermediyseniz, do\u011fru yerdesiniz. [&hellip;]<\/p>\n","protected":false},"author":10,"featured_media":9544,"comment_status":"closed","ping_status":"closed","sticky":false,"template":"","format":"standard","meta":{"inline_featured_image":false,"footnotes":""},"categories":[1,39],"tags":[137,73,156],"acf":[],"yoast_head":"<!-- This site is optimized with the Yoast SEO plugin v22.3 - https:\/\/yoast.com\/wordpress\/plugins\/seo\/ -->\n<title>Kurban Bayram\u0131&#039;nda Yurt D\u0131\u015f\u0131nda Gidebilece\u011finiz En \u0130yi 10 Rota! - JULES VERNE BUSINESS MICE TRAVEL<\/title>\n<meta name=\"description\" content=\"Kurban Bayram\u0131 i\u00e7in geri say\u0131m ba\u015flad\u0131. K\u0131s\u0131tlamalar\u0131n kalkmas\u0131 ve a\u015f\u0131lanma oran\u0131n\u0131n artmas\u0131yla birlikte tatil haz\u0131rl\u0131klar\u0131 da h\u0131z kazand\u0131. \u00d6zlemini \u00e7ekti\u011finiz r\u00fcya gibi bir bayram tatili ile hem dinlenecek hem de en keyifli zaman\u0131 aileniz ve sevdiklerinizle birlikte ge\u00e7irebileceksiniz. Y\u0131l\u0131n en beklenen tatillerinden biri olan Kurban Bayram\u0131 tatili i\u00e7in nereye gidece\u011finize daha karar vermediyseniz, do\u011fru yerdesiniz. Kurban Bayram\u0131 tatilini yurt d\u0131\u015f\u0131nda de\u011ferlendirmek isteyenler i\u00e7in Almanya\u2019dan Fransa ve \u0130spanya\u2019ya, Montenegro\u2019dan Malta, Zanzibar, Maldivler ve Sey\u015feller\u2019e uzanan birbirinden g\u00fczel \u00f6nerilerimiz var.\" \/>\n<meta name=\"robots\" content=\"index, follow, max-snippet:-1, max-image-preview:large, max-video-preview:-1\" \/>\n<link rel=\"canonical\" href=\"https:\/\/julesverne.com.tr\/travel-blog\/kurban-bayrami-yurt-disi-rotalar\/\" \/>\n<meta property=\"og:locale\" content=\"en_US\" \/>\n<meta property=\"og:type\" content=\"article\" \/>\n<meta property=\"og:title\" content=\"Kurban Bayram\u0131&#039;nda Yurt D\u0131\u015f\u0131nda Gidebilece\u011finiz En \u0130yi 10 Rota! - JULES VERNE BUSINESS MICE TRAVEL\" \/>\n<meta property=\"og:description\" content=\"Kurban Bayram\u0131 i\u00e7in geri say\u0131m ba\u015flad\u0131. K\u0131s\u0131tlamalar\u0131n kalkmas\u0131 ve a\u015f\u0131lanma oran\u0131n\u0131n artmas\u0131yla birlikte tatil haz\u0131rl\u0131klar\u0131 da h\u0131z kazand\u0131. \u00d6zlemini \u00e7ekti\u011finiz r\u00fcya gibi bir bayram tatili ile hem dinlenecek hem de en keyifli zaman\u0131 aileniz ve sevdiklerinizle birlikte ge\u00e7irebileceksiniz. Y\u0131l\u0131n en beklenen tatillerinden biri olan Kurban Bayram\u0131 tatili i\u00e7in nereye gidece\u011finize daha karar vermediyseniz, do\u011fru yerdesiniz. Kurban Bayram\u0131 tatilini yurt d\u0131\u015f\u0131nda de\u011ferlendirmek isteyenler i\u00e7in Almanya\u2019dan Fransa ve \u0130spanya\u2019ya, Montenegro\u2019dan Malta, Zanzibar, Maldivler ve Sey\u015feller\u2019e uzanan birbirinden g\u00fczel \u00f6nerilerimiz var.\" \/>\n<meta property=\"og:url\" content=\"https:\/\/julesverne.com.tr\/travel-blog\/kurban-bayrami-yurt-disi-rotalar\/\" \/>\n<meta property=\"og:site_name\" content=\"JULES VERNE BUSINESS MICE TRAVEL\" \/>\n<meta property=\"article:publisher\" content=\"https:\/\/www.facebook.com\/JulesVerneBusinessMiceTravel\/\" \/>\n<meta property=\"article:published_time\" content=\"2021-07-05T13:21:56+00:00\" \/>\n<meta property=\"article:modified_time\" content=\"2021-07-06T06:59:42+00:00\" \/>\n<meta property=\"og:image\" content=\"https:\/\/julesverne.com.tr\/wp-content\/uploads\/2021\/07\/isvicre.jpg\" \/>\n\t<meta property=\"og:image:width\" content=\"1200\" \/>\n\t<meta property=\"og:image:height\" content=\"800\" \/>\n\t<meta property=\"og:image:type\" content=\"image\/jpeg\" \/>\n<meta name=\"author\" content=\"Ebru Alt\u0131n\" \/>\n<meta name=\"twitter:card\" content=\"summary_large_image\" \/>\n<meta name=\"twitter:creator\" content=\"@JV_BusinessMice\" \/>\n<meta name=\"twitter:site\" content=\"@JV_BusinessMice\" \/>\n<meta name=\"twitter:label1\" content=\"Written by\" \/>\n\t<meta name=\"twitter:data1\" content=\"Ebru Alt\u0131n\" \/>\n\t<meta name=\"twitter:label2\" content=\"Est. reading time\" \/>\n\t<meta name=\"twitter:data2\" content=\"12 minutes\" \/>\n<script type=\"application\/ld+json\" class=\"yoast-schema-graph\">{\"@context\":\"https:\/\/schema.org\",\"@graph\":[{\"@type\":\"Article\",\"@id\":\"https:\/\/julesverne.com.tr\/travel-blog\/kurban-bayrami-yurt-disi-rotalar\/#article\",\"isPartOf\":{\"@id\":\"https:\/\/julesverne.com.tr\/travel-blog\/kurban-bayrami-yurt-disi-rotalar\/\"},\"author\":{\"name\":\"Ebru Alt\u0131n\",\"@id\":\"https:\/\/julesverne.com.tr\/#\/schema\/person\/219931edfe2e7d9cbbcbabb8a7e4c7f4\"},\"headline\":\"Kurban Bayram\u0131&#8217;nda Yurt D\u0131\u015f\u0131nda Gidebilece\u011finiz En \u0130yi 10 Rota!\",\"datePublished\":\"2021-07-05T13:21:56+00:00\",\"dateModified\":\"2021-07-06T06:59:42+00:00\",\"mainEntityOfPage\":{\"@id\":\"https:\/\/julesverne.com.tr\/travel-blog\/kurban-bayrami-yurt-disi-rotalar\/\"},\"wordCount\":2838,\"publisher\":{\"@id\":\"https:\/\/julesverne.com.tr\/#organization\"},\"image\":{\"@id\":\"https:\/\/julesverne.com.tr\/travel-blog\/kurban-bayrami-yurt-disi-rotalar\/#primaryimage\"},\"thumbnailUrl\":\"https:\/\/julesverne.com.tr\/wp-content\/uploads\/2021\/07\/isvicre.jpg\",\"keywords\":[\"Blog\",\"Nereye Gitsek\",\"Seyahat Rehberi\"],\"articleSection\":[\"Blog\",\"Nereye Gitsek?\"],\"inLanguage\":\"en-US\"},{\"@type\":\"WebPage\",\"@id\":\"https:\/\/julesverne.com.tr\/travel-blog\/kurban-bayrami-yurt-disi-rotalar\/\",\"url\":\"https:\/\/julesverne.com.tr\/travel-blog\/kurban-bayrami-yurt-disi-rotalar\/\",\"name\":\"Kurban Bayram\u0131'nda Yurt D\u0131\u015f\u0131nda Gidebilece\u011finiz En \u0130yi 10 Rota! - JULES VERNE BUSINESS MICE TRAVEL\",\"isPartOf\":{\"@id\":\"https:\/\/julesverne.com.tr\/#website\"},\"primaryImageOfPage\":{\"@id\":\"https:\/\/julesverne.com.tr\/travel-blog\/kurban-bayrami-yurt-disi-rotalar\/#primaryimage\"},\"image\":{\"@id\":\"https:\/\/julesverne.com.tr\/travel-blog\/kurban-bayrami-yurt-disi-rotalar\/#primaryimage\"},\"thumbnailUrl\":\"https:\/\/julesverne.com.tr\/wp-content\/uploads\/2021\/07\/isvicre.jpg\",\"datePublished\":\"2021-07-05T13:21:56+00:00\",\"dateModified\":\"2021-07-06T06:59:42+00:00\",\"description\":\"Kurban Bayram\u0131 i\u00e7in geri say\u0131m ba\u015flad\u0131. K\u0131s\u0131tlamalar\u0131n kalkmas\u0131 ve a\u015f\u0131lanma oran\u0131n\u0131n artmas\u0131yla birlikte tatil haz\u0131rl\u0131klar\u0131 da h\u0131z kazand\u0131. \u00d6zlemini \u00e7ekti\u011finiz r\u00fcya gibi bir bayram tatili ile hem dinlenecek hem de en keyifli zaman\u0131 aileniz ve sevdiklerinizle birlikte ge\u00e7irebileceksiniz. Y\u0131l\u0131n en beklenen tatillerinden biri olan Kurban Bayram\u0131 tatili i\u00e7in nereye gidece\u011finize daha karar vermediyseniz, do\u011fru yerdesiniz. Kurban Bayram\u0131 tatilini yurt d\u0131\u015f\u0131nda de\u011ferlendirmek isteyenler i\u00e7in Almanya\u2019dan Fransa ve \u0130spanya\u2019ya, Montenegro\u2019dan Malta, Zanzibar, Maldivler ve Sey\u015feller\u2019e uzanan birbirinden g\u00fczel \u00f6nerilerimiz var.\",\"breadcrumb\":{\"@id\":\"https:\/\/julesverne.com.tr\/travel-blog\/kurban-bayrami-yurt-disi-rotalar\/#breadcrumb\"},\"inLanguage\":\"en-US\",\"potentialAction\":[{\"@type\":\"ReadAction\",\"target\":[\"https:\/\/julesverne.com.tr\/travel-blog\/kurban-bayrami-yurt-disi-rotalar\/\"]}]},{\"@type\":\"ImageObject\",\"inLanguage\":\"en-US\",\"@id\":\"https:\/\/julesverne.com.tr\/travel-blog\/kurban-bayrami-yurt-disi-rotalar\/#primaryimage\",\"url\":\"https:\/\/julesverne.com.tr\/wp-content\/uploads\/2021\/07\/isvicre.jpg\",\"contentUrl\":\"https:\/\/julesverne.com.tr\/wp-content\/uploads\/2021\/07\/isvicre.jpg\",\"width\":1200,\"height\":800},{\"@type\":\"BreadcrumbList\",\"@id\":\"https:\/\/julesverne.com.tr\/travel-blog\/kurban-bayrami-yurt-disi-rotalar\/#breadcrumb\",\"itemListElement\":[{\"@type\":\"ListItem\",\"position\":1,\"name\":\"Anasayfa\",\"item\":\"https:\/\/julesverne.com.tr\/\"},{\"@type\":\"ListItem\",\"position\":2,\"name\":\"Kurban Bayram\u0131&#8217;nda Yurt D\u0131\u015f\u0131nda Gidebilece\u011finiz En \u0130yi 10 Rota!\"}]},{\"@type\":\"WebSite\",\"@id\":\"https:\/\/julesverne.com.tr\/#website\",\"url\":\"https:\/\/julesverne.com.tr\/\",\"name\":\"JULES VERNE BUSINESS MICE TRAVEL\",\"description\":\"\",\"publisher\":{\"@id\":\"https:\/\/julesverne.com.tr\/#organization\"},\"potentialAction\":[{\"@type\":\"SearchAction\",\"target\":{\"@type\":\"EntryPoint\",\"urlTemplate\":\"https:\/\/julesverne.com.tr\/?s={search_term_string}\"},\"query-input\":\"required name=search_term_string\"}],\"inLanguage\":\"en-US\"},{\"@type\":\"Organization\",\"@id\":\"https:\/\/julesverne.com.tr\/#organization\",\"name\":\"JULES VERNE BUSINESS MICE TRAVEL\",\"url\":\"https:\/\/julesverne.com.tr\/\",\"logo\":{\"@type\":\"ImageObject\",\"inLanguage\":\"en-US\",\"@id\":\"https:\/\/julesverne.com.tr\/#\/schema\/logo\/image\/\",\"url\":\"https:\/\/julesverne.com.tr\/wp-content\/uploads\/2020\/09\/jv-bmt-logo.png\",\"contentUrl\":\"https:\/\/julesverne.com.tr\/wp-content\/uploads\/2020\/09\/jv-bmt-logo.png\",\"width\":110,\"height\":81,\"caption\":\"JULES VERNE BUSINESS MICE TRAVEL\"},\"image\":{\"@id\":\"https:\/\/julesverne.com.tr\/#\/schema\/logo\/image\/\"},\"sameAs\":[\"https:\/\/www.facebook.com\/JulesVerneBusinessMiceTravel\/\",\"https:\/\/twitter.com\/JV_BusinessMice\",\"https:\/\/www.instagram.com\/julesvernebusinessmicetravel\/\",\"https:\/\/www.linkedin.com\/company\/julesvernebusinessmicetravel\/\",\"https:\/\/www.youtube.com\/channel\/UCAwdsmbZ6tFhu1tea6pkpiw\"]},{\"@type\":\"Person\",\"@id\":\"https:\/\/julesverne.com.tr\/#\/schema\/person\/219931edfe2e7d9cbbcbabb8a7e4c7f4\",\"name\":\"Ebru Alt\u0131n\",\"url\":\"https:\/\/julesverne.com.tr\/en\/author\/ebru-altin\/\"}]}<\/script>\n<!-- \/ Yoast SEO plugin. -->","yoast_head_json":{"title":"Kurban Bayram\u0131'nda Yurt D\u0131\u015f\u0131nda Gidebilece\u011finiz En \u0130yi 10 Rota! - JULES VERNE BUSINESS MICE TRAVEL","description":"Kurban Bayram\u0131 i\u00e7in geri say\u0131m ba\u015flad\u0131. K\u0131s\u0131tlamalar\u0131n kalkmas\u0131 ve a\u015f\u0131lanma oran\u0131n\u0131n artmas\u0131yla birlikte tatil haz\u0131rl\u0131klar\u0131 da h\u0131z kazand\u0131. \u00d6zlemini \u00e7ekti\u011finiz r\u00fcya gibi bir bayram tatili ile hem dinlenecek hem de en keyifli zaman\u0131 aileniz ve sevdiklerinizle birlikte ge\u00e7irebileceksiniz. Y\u0131l\u0131n en beklenen tatillerinden biri olan Kurban Bayram\u0131 tatili i\u00e7in nereye gidece\u011finize daha karar vermediyseniz, do\u011fru yerdesiniz. Kurban Bayram\u0131 tatilini yurt d\u0131\u015f\u0131nda de\u011ferlendirmek isteyenler i\u00e7in Almanya\u2019dan Fransa ve \u0130spanya\u2019ya, Montenegro\u2019dan Malta, Zanzibar, Maldivler ve Sey\u015feller\u2019e uzanan birbirinden g\u00fczel \u00f6nerilerimiz var.","robots":{"index":"index","follow":"follow","max-snippet":"max-snippet:-1","max-image-preview":"max-image-preview:large","max-video-preview":"max-video-preview:-1"},"canonical":"https:\/\/julesverne.com.tr\/travel-blog\/kurban-bayrami-yurt-disi-rotalar\/","og_locale":"en_US","og_type":"article","og_title":"Kurban Bayram\u0131'nda Yurt D\u0131\u015f\u0131nda Gidebilece\u011finiz En \u0130yi 10 Rota! - JULES VERNE BUSINESS MICE TRAVEL","og_description":"Kurban Bayram\u0131 i\u00e7in geri say\u0131m ba\u015flad\u0131. K\u0131s\u0131tlamalar\u0131n kalkmas\u0131 ve a\u015f\u0131lanma oran\u0131n\u0131n artmas\u0131yla birlikte tatil haz\u0131rl\u0131klar\u0131 da h\u0131z kazand\u0131. \u00d6zlemini \u00e7ekti\u011finiz r\u00fcya gibi bir bayram tatili ile hem dinlenecek hem de en keyifli zaman\u0131 aileniz ve sevdiklerinizle birlikte ge\u00e7irebileceksiniz. Y\u0131l\u0131n en beklenen tatillerinden biri olan Kurban Bayram\u0131 tatili i\u00e7in nereye gidece\u011finize daha karar vermediyseniz, do\u011fru yerdesiniz. Kurban Bayram\u0131 tatilini yurt d\u0131\u015f\u0131nda de\u011ferlendirmek isteyenler i\u00e7in Almanya\u2019dan Fransa ve \u0130spanya\u2019ya, Montenegro\u2019dan Malta, Zanzibar, Maldivler ve Sey\u015feller\u2019e uzanan birbirinden g\u00fczel \u00f6nerilerimiz var.","og_url":"https:\/\/julesverne.com.tr\/travel-blog\/kurban-bayrami-yurt-disi-rotalar\/","og_site_name":"JULES VERNE BUSINESS MICE TRAVEL","article_publisher":"https:\/\/www.facebook.com\/JulesVerneBusinessMiceTravel\/","article_published_time":"2021-07-05T13:21:56+00:00","article_modified_time":"2021-07-06T06:59:42+00:00","og_image":[{"width":1200,"height":800,"url":"https:\/\/julesverne.com.tr\/wp-content\/uploads\/2021\/07\/isvicre.jpg","type":"image\/jpeg"}],"author":"Ebru Alt\u0131n","twitter_card":"summary_large_image","twitter_creator":"@JV_BusinessMice","twitter_site":"@JV_BusinessMice","twitter_misc":{"Written by":"Ebru Alt\u0131n","Est. reading time":"12 minutes"},"schema":{"@context":"https:\/\/schema.org","@graph":[{"@type":"Article","@id":"https:\/\/julesverne.com.tr\/travel-blog\/kurban-bayrami-yurt-disi-rotalar\/#article","isPartOf":{"@id":"https:\/\/julesverne.com.tr\/travel-blog\/kurban-bayrami-yurt-disi-rotalar\/"},"author":{"name":"Ebru Alt\u0131n","@id":"https:\/\/julesverne.com.tr\/#\/schema\/person\/219931edfe2e7d9cbbcbabb8a7e4c7f4"},"headline":"Kurban Bayram\u0131&#8217;nda Yurt D\u0131\u015f\u0131nda Gidebilece\u011finiz En \u0130yi 10 Rota!","datePublished":"2021-07-05T13:21:56+00:00","dateModified":"2021-07-06T06:59:42+00:00","mainEntityOfPage":{"@id":"https:\/\/julesverne.com.tr\/travel-blog\/kurban-bayrami-yurt-disi-rotalar\/"},"wordCount":2838,"publisher":{"@id":"https:\/\/julesverne.com.tr\/#organization"},"image":{"@id":"https:\/\/julesverne.com.tr\/travel-blog\/kurban-bayrami-yurt-disi-rotalar\/#primaryimage"},"thumbnailUrl":"https:\/\/julesverne.com.tr\/wp-content\/uploads\/2021\/07\/isvicre.jpg","keywords":["Blog","Nereye Gitsek","Seyahat Rehberi"],"articleSection":["Blog","Nereye Gitsek?"],"inLanguage":"en-US"},{"@type":"WebPage","@id":"https:\/\/julesverne.com.tr\/travel-blog\/kurban-bayrami-yurt-disi-rotalar\/","url":"https:\/\/julesverne.com.tr\/travel-blog\/kurban-bayrami-yurt-disi-rotalar\/","name":"Kurban Bayram\u0131'nda Yurt D\u0131\u015f\u0131nda Gidebilece\u011finiz En \u0130yi 10 Rota! - JULES VERNE BUSINESS MICE TRAVEL","isPartOf":{"@id":"https:\/\/julesverne.com.tr\/#website"},"primaryImageOfPage":{"@id":"https:\/\/julesverne.com.tr\/travel-blog\/kurban-bayrami-yurt-disi-rotalar\/#primaryimage"},"image":{"@id":"https:\/\/julesverne.com.tr\/travel-blog\/kurban-bayrami-yurt-disi-rotalar\/#primaryimage"},"thumbnailUrl":"https:\/\/julesverne.com.tr\/wp-content\/uploads\/2021\/07\/isvicre.jpg","datePublished":"2021-07-05T13:21:56+00:00","dateModified":"2021-07-06T06:59:42+00:00","description":"Kurban Bayram\u0131 i\u00e7in geri say\u0131m ba\u015flad\u0131. K\u0131s\u0131tlamalar\u0131n kalkmas\u0131 ve a\u015f\u0131lanma oran\u0131n\u0131n artmas\u0131yla birlikte tatil haz\u0131rl\u0131klar\u0131 da h\u0131z kazand\u0131. \u00d6zlemini \u00e7ekti\u011finiz r\u00fcya gibi bir bayram tatili ile hem dinlenecek hem de en keyifli zaman\u0131 aileniz ve sevdiklerinizle birlikte ge\u00e7irebileceksiniz. Y\u0131l\u0131n en beklenen tatillerinden biri olan Kurban Bayram\u0131 tatili i\u00e7in nereye gidece\u011finize daha karar vermediyseniz, do\u011fru yerdesiniz. Kurban Bayram\u0131 tatilini yurt d\u0131\u015f\u0131nda de\u011ferlendirmek isteyenler i\u00e7in Almanya\u2019dan Fransa ve \u0130spanya\u2019ya, Montenegro\u2019dan Malta, Zanzibar, Maldivler ve Sey\u015feller\u2019e uzanan birbirinden g\u00fczel \u00f6nerilerimiz var.","breadcrumb":{"@id":"https:\/\/julesverne.com.tr\/travel-blog\/kurban-bayrami-yurt-disi-rotalar\/#breadcrumb"},"inLanguage":"en-US","potentialAction":[{"@type":"ReadAction","target":["https:\/\/julesverne.com.tr\/travel-blog\/kurban-bayrami-yurt-disi-rotalar\/"]}]},{"@type":"ImageObject","inLanguage":"en-US","@id":"https:\/\/julesverne.com.tr\/travel-blog\/kurban-bayrami-yurt-disi-rotalar\/#primaryimage","url":"https:\/\/julesverne.com.tr\/wp-content\/uploads\/2021\/07\/isvicre.jpg","contentUrl":"https:\/\/julesverne.com.tr\/wp-content\/uploads\/2021\/07\/isvicre.jpg","width":1200,"height":800},{"@type":"BreadcrumbList","@id":"https:\/\/julesverne.com.tr\/travel-blog\/kurban-bayrami-yurt-disi-rotalar\/#breadcrumb","itemListElement":[{"@type":"ListItem","position":1,"name":"Anasayfa","item":"https:\/\/julesverne.com.tr\/"},{"@type":"ListItem","position":2,"name":"Kurban Bayram\u0131&#8217;nda Yurt D\u0131\u015f\u0131nda Gidebilece\u011finiz En \u0130yi 10 Rota!"}]},{"@type":"WebSite","@id":"https:\/\/julesverne.com.tr\/#website","url":"https:\/\/julesverne.com.tr\/","name":"JULES VERNE BUSINESS MICE TRAVEL","description":"","publisher":{"@id":"https:\/\/julesverne.com.tr\/#organization"},"potentialAction":[{"@type":"SearchAction","target":{"@type":"EntryPoint","urlTemplate":"https:\/\/julesverne.com.tr\/?s={search_term_string}"},"query-input":"required name=search_term_string"}],"inLanguage":"en-US"},{"@type":"Organization","@id":"https:\/\/julesverne.com.tr\/#organization","name":"JULES VERNE BUSINESS MICE TRAVEL","url":"https:\/\/julesverne.com.tr\/","logo":{"@type":"ImageObject","inLanguage":"en-US","@id":"https:\/\/julesverne.com.tr\/#\/schema\/logo\/image\/","url":"https:\/\/julesverne.com.tr\/wp-content\/uploads\/2020\/09\/jv-bmt-logo.png","contentUrl":"https:\/\/julesverne.com.tr\/wp-content\/uploads\/2020\/09\/jv-bmt-logo.png","width":110,"height":81,"caption":"JULES VERNE BUSINESS MICE TRAVEL"},"image":{"@id":"https:\/\/julesverne.com.tr\/#\/schema\/logo\/image\/"},"sameAs":["https:\/\/www.facebook.com\/JulesVerneBusinessMiceTravel\/","https:\/\/twitter.com\/JV_BusinessMice","https:\/\/www.instagram.com\/julesvernebusinessmicetravel\/","https:\/\/www.linkedin.com\/company\/julesvernebusinessmicetravel\/","https:\/\/www.youtube.com\/channel\/UCAwdsmbZ6tFhu1tea6pkpiw"]},{"@type":"Person","@id":"https:\/\/julesverne.com.tr\/#\/schema\/person\/219931edfe2e7d9cbbcbabb8a7e4c7f4","name":"Ebru Alt\u0131n","url":"https:\/\/julesverne.com.tr\/en\/author\/ebru-altin\/"}]}},"_links":{"self":[{"href":"https:\/\/julesverne.com.tr\/en\/wp-json\/wp\/v2\/posts\/9451"}],"collection":[{"href":"https:\/\/julesverne.com.tr\/en\/wp-json\/wp\/v2\/posts"}],"about":[{"href":"https:\/\/julesverne.com.tr\/en\/wp-json\/wp\/v2\/types\/post"}],"author":[{"embeddable":true,"href":"https:\/\/julesverne.com.tr\/en\/wp-json\/wp\/v2\/users\/10"}],"replies":[{"embeddable":true,"href":"https:\/\/julesverne.com.tr\/en\/wp-json\/wp\/v2\/comments?post=9451"}],"version-history":[{"count":0,"href":"https:\/\/julesverne.com.tr\/en\/wp-json\/wp\/v2\/posts\/9451\/revisions"}],"wp:featuredmedia":[{"embeddable":true,"href":"https:\/\/julesverne.com.tr\/en\/wp-json\/wp\/v2\/media\/9544"}],"wp:attachment":[{"href":"https:\/\/julesverne.com.tr\/en\/wp-json\/wp\/v2\/media?parent=9451"}],"wp:term":[{"taxonomy":"category","embeddable":true,"href":"https:\/\/julesverne.com.tr\/en\/wp-json\/wp\/v2\/categories?post=9451"},{"taxonomy":"post_tag","embeddable":true,"href":"https:\/\/julesverne.com.tr\/en\/wp-json\/wp\/v2\/tags?post=9451"}],"curies":[{"name":"wp","href":"https:\/\/api.w.org\/{rel}","templated":true}]}}