{"id":8964,"date":"2022-07-01T10:10:14","date_gmt":"2022-07-01T07:10:14","guid":{"rendered":"https:\/\/julesverne.com.tr\/?p=8964"},"modified":"2022-07-04T15:13:48","modified_gmt":"2022-07-04T12:13:48","slug":"en-keyifli-yunan-adalari","status":"publish","type":"post","link":"https:\/\/julesverne.com.tr\/en\/travel-blog\/en-keyifli-yunan-adalari\/","title":{"rendered":"En Keyifli Yunan Adalar\u0131"},"content":{"rendered":"<p><img loading=\"lazy\" decoding=\"async\" class=\"alignnone wp-image-10079\" src=\"https:\/\/julesverne.com.tr\/wp-content\/uploads\/2021\/08\/santorini_shutterstock_1031111119-500x314.jpg\" alt=\"\" width=\"1200\" height=\"752\" srcset=\"https:\/\/julesverne.com.tr\/wp-content\/uploads\/2021\/08\/santorini_shutterstock_1031111119-500x314.jpg 500w, https:\/\/julesverne.com.tr\/wp-content\/uploads\/2021\/08\/santorini_shutterstock_1031111119-768x482.jpg 768w, https:\/\/julesverne.com.tr\/wp-content\/uploads\/2021\/08\/santorini_shutterstock_1031111119.jpg 1000w\" sizes=\"(max-width: 1200px) 100vw, 1200px\" \/><\/p>\n<p>Yunanistan k\u00fclt\u00fcr ve gelene\u011finin ayr\u0131lmaz bir par\u00e7as\u0131 olan\u00a0<strong>Yunan Adalar\u0131<\/strong>\u00a0dedi\u011fimizde asl\u0131nda say\u0131lar\u0131 neredeyse 6000\u2019i buluyor. \u0130rili ufakl\u0131 bu adalar\u0131n 227 tanesinde ise yerle\u015fim var. Masmavi sular, karakteristik k\u00f6yler, leziz tavernalar ve hepimizin ihtiya\u00e7 duydu\u011fu \u201czaman\u0131 yava\u015flatma\u201d arzusuyla Yunan Adalar\u0131 her zaman \u00e7ok keyifli.<\/p>\n<p>\u0130ki antik d\u00fcnya medeniyetinin ortaya \u00e7\u0131kt\u0131\u011f\u0131 <strong>Yunan Adalar\u0131<\/strong> sadece deniz ve g\u00fczel havas\u0131ndan dolay\u0131 de\u011fil; tarihi, k\u00fclt\u00fcr\u00fc, antik yap\u0131lar\u0131, m\u00fczeleri ve huzur veren ambiyans\u0131yla da Ege\u2019nin g\u00f6zbebe\u011fi\u2026<\/p>\n<p><img loading=\"lazy\" decoding=\"async\" class=\"alignnone wp-image-10091\" src=\"https:\/\/julesverne.com.tr\/wp-content\/uploads\/2021\/08\/mykonos_shutterstock_1199045827-500x281.jpg\" alt=\"\" width=\"1200\" height=\"674\" srcset=\"https:\/\/julesverne.com.tr\/wp-content\/uploads\/2021\/08\/mykonos_shutterstock_1199045827-500x281.jpg 500w, https:\/\/julesverne.com.tr\/wp-content\/uploads\/2021\/08\/mykonos_shutterstock_1199045827-768x432.jpg 768w, https:\/\/julesverne.com.tr\/wp-content\/uploads\/2021\/08\/mykonos_shutterstock_1199045827-400x225.jpg 400w, https:\/\/julesverne.com.tr\/wp-content\/uploads\/2021\/08\/mykonos_shutterstock_1199045827.jpg 1000w\" sizes=\"(max-width: 1200px) 100vw, 1200px\" \/><\/p>\n<p>D\u00fcnyan\u0131n en g\u00fczel denizlerinden biri olan <strong>Mykonos<\/strong>; sakin ve huzurlu ya\u015fam\u0131yla Ayval\u0131k\u2019\u0131n tam kar\u015f\u0131s\u0131nda yer alan <strong>Midilli<\/strong>; Yunan adalar\u0131 i\u00e7inde balay\u0131 tatili i\u00e7in en \u00e7ok tercih edilen <strong>Santorini<\/strong>; Ege\u2019nin ortas\u0131nda adeta bir Karayipler deneyimi ya\u015fatan <strong>Girit<\/strong>; UNESCO D\u00fcnya K\u00fclt\u00fcr Miras\u0131 Listesi\u2019ne girmi\u015f yap\u0131lar\u0131, \u00e7i\u00e7eklerle s\u00fcslenmi\u015f sokaklar\u0131 ve Orta \u00c7a\u011f\u2019dan kalma mahalleleri ile muhte\u015fem g\u00f6r\u00fcnt\u00fcler sunan <strong>Rodos<\/strong>; ad\u0131n\u0131 b\u00f6lgede yeti\u015fen sak\u0131z a\u011fa\u00e7lar\u0131ndan alan <strong>Sak\u0131z<\/strong>; alt\u0131n kumlu plajlar\u0131 ile <strong>Kos<\/strong>; Rodos Adas\u0131\u2019n\u0131n 41 km kuzeyinde bulunan <strong>Symi<\/strong>; bembeyaz kumlar\u0131 ve b\u00fcy\u00fcleyici do\u011fas\u0131 ile tropik bir aday\u0131 and\u0131ran <strong>Thassos<\/strong>; Atina\u2019ya feribotla iki saat uzakl\u0131ktaki <strong>Hydra<\/strong>; muhte\u015fem sualt\u0131 zenginline sahip olan <strong>Kefalonya<\/strong>; \u0130yon denizindeki en kuzey Yunan adas\u0131 olan <strong>Korfu<\/strong>; \u0130talyan jet sosyetesinin dinlenmek i\u00e7in s\u0131k s\u0131k gitti\u011fi yerlerden <strong>Paros<\/strong>; sakin bir deniz tatili yapmak isteyenlerin u\u011frak yeri <strong>Zakintos<\/strong>; Batmaz ad\u0131yla da an\u0131lan <strong>Patmos<\/strong>; Yunanistan\u2019\u0131n en ye\u015fil adalar\u0131ndan biri olan <strong>Skiathos <\/strong>ve 60\u2019l\u0131 y\u0131llar\u0131n Dolce Vita ruhunu hala ya\u015fatan <strong>Spetses.<\/strong><\/p>\n<h1><strong>\u0130\u015fte Ke\u015ffedilmeyi Bekleyen En Keyifli Yunan Adalar\u0131!<\/strong><\/h1>\n<p><img loading=\"lazy\" decoding=\"async\" class=\"alignnone size-full wp-image-8967\" src=\"https:\/\/julesverne.com.tr\/wp-content\/uploads\/2021\/06\/mykonos.jpg\" alt=\"\" width=\"1200\" height=\"800\" srcset=\"https:\/\/julesverne.com.tr\/wp-content\/uploads\/2021\/06\/mykonos.jpg 1200w, https:\/\/julesverne.com.tr\/wp-content\/uploads\/2021\/06\/mykonos-500x333.jpg 500w, https:\/\/julesverne.com.tr\/wp-content\/uploads\/2021\/06\/mykonos-768x512.jpg 768w\" sizes=\"(max-width: 1200px) 100vw, 1200px\" \/><\/p>\n<h2>Mykonos<\/h2>\n<p><strong>Mykonos<\/strong>; Arnavut kald\u0131r\u0131ml\u0131 darac\u0131k sokaklar\u0131na e\u015flik eden beyaz badanal\u0131 duvarlar\u0131, \u00e7ivit mavisi pencere ve kap\u0131lar\u0131, rengarenk begonvil ve sardunyalar\u0131 ile adeta masal d\u00fcnyas\u0131na s\u00fcr\u00fcklenece\u011finiz yerlerden biri. Avrupa jet sosyetesinin her sene tercih etti\u011fi Mykonos; masmavi denize sahip Ornos, Psaru, Elia, Paradise ve Namos plajlar\u0131yla da g\u00f6r\u00fclmeye de\u011fer. Volkanik patlamalar sonucu olu\u015fmu\u015f, d\u00fcnyan\u0131n en g\u00fczel denizlerinden biri olan <strong>Mykonos Adas\u0131\u2019na u\u00e7akla ula\u015f\u0131m i\u00e7in Atina \u00fczerinden aktarma yapmak gerekiyor.<\/strong> Deniz mahsulleri ile \u00f6ne \u00e7\u0131kan adadan \u00f6zellikle ahtapot, kalamar ve karidesin tad\u0131na bakmadan kesinlikle ayr\u0131lmamal\u0131s\u0131n\u0131z.<\/p>\n<p><img loading=\"lazy\" decoding=\"async\" class=\"alignnone wp-image-10080\" src=\"https:\/\/julesverne.com.tr\/wp-content\/uploads\/2021\/08\/santorini_shutterstock_1031111119-1-500x314.jpg\" alt=\"\" width=\"1200\" height=\"752\" srcset=\"https:\/\/julesverne.com.tr\/wp-content\/uploads\/2021\/08\/santorini_shutterstock_1031111119-1-500x314.jpg 500w, https:\/\/julesverne.com.tr\/wp-content\/uploads\/2021\/08\/santorini_shutterstock_1031111119-1-768x482.jpg 768w, https:\/\/julesverne.com.tr\/wp-content\/uploads\/2021\/08\/santorini_shutterstock_1031111119-1.jpg 1000w\" sizes=\"(max-width: 1200px) 100vw, 1200px\" \/><\/p>\n<h2><strong>Santorini<\/strong><\/h2>\n<p>Santorini Adas\u0131, bir do\u011fal afetin yaratt\u0131\u011f\u0131, saf bir mucize asl\u0131nda. Denizden y\u00fczlerce metre yukar\u0131da, volkanik bir da\u011fa kurulmu\u015f olsa da, Santorini, denizin i\u00e7inde gibi hissettiren romantik teraslar\u0131 ve \u015firin k\u00f6yleriyle insan\u0131 b\u00fcy\u00fcl\u00fcyor. Yunanca\u2019da Thera olarak bilinen, antik Minos Medeniyeti&#8217;nin izlerini ta\u015f\u0131yan Santorini, mavi kubbeleriyle b\u00fcy\u00fcleyen beyaz kiliseleri, Ege Denizi\u2019ne tepeden bakan, kayal\u0131klar \u00fczerine in\u015fa edilen binalar\u0131yla kendine hayran b\u0131rak\u0131yor. Yunan adalar\u0131 i\u00e7inde balay\u0131 tatili i\u00e7in en \u00e7ok tercih edilen <strong>Santorini Adas\u0131\u2019na u\u00e7akla ula\u015f\u0131m i\u00e7in Atina ya da Selanik \u00fczerinden aktarma yapmak gerekiyor.<\/strong> Ada hilale benzeyen krater g\u00f6r\u00fcn\u00fcm\u00fcnden dolay\u0131 mistik ve g\u00fczel bir tatil keyfi ya\u015famak isteyenler i\u00e7in olduk\u00e7a ideal.<\/p>\n<p>Kubbeli kiliseleri ve Ege\u2019ye has bembeyaz k\u00f6y evleriyle Santorini\u2019nin en g\u00fczel manzaraya sahip b\u00f6lgesi <strong>Oia K\u00f6y\u00fc, Amoudi koyu<\/strong>, volkanik siyah kumuyla \u00fcnl\u00fc harika plaj\u0131 <strong>Perivolos, Arkeoloji M\u00fczesi<\/strong> ve <strong>Prehistorik Thira M\u00fczesi<\/strong> adan\u0131n vazge\u00e7ilmez destinasyonlar\u0131.<\/p>\n<p><img loading=\"lazy\" decoding=\"async\" class=\"alignnone size-full wp-image-8970\" src=\"https:\/\/julesverne.com.tr\/wp-content\/uploads\/2021\/06\/girit.jpg\" alt=\"\" width=\"1200\" height=\"800\" srcset=\"https:\/\/julesverne.com.tr\/wp-content\/uploads\/2021\/06\/girit.jpg 1200w, https:\/\/julesverne.com.tr\/wp-content\/uploads\/2021\/06\/girit-500x333.jpg 500w, https:\/\/julesverne.com.tr\/wp-content\/uploads\/2021\/06\/girit-768x512.jpg 768w\" sizes=\"(max-width: 1200px) 100vw, 1200px\" \/><\/p>\n<h2><strong>Girit<\/strong><\/h2>\n<p>Yunanistan&#8217;\u0131n en b\u00fcy\u00fck adas\u0131, efsanelerin be\u015fi\u011fi olan Girit, b\u00fcy\u00fckl\u00fc\u011f\u00fc ve farkl\u0131 koylar\u0131yla apayr\u0131 bir d\u00fcnya. Ege\u2019nin ortas\u0131nda adeta bir Karayipler deneyimi ya\u015fatan <strong>Girit<\/strong>; bembeyaz evleri, tarihi binalar\u0131, her yeri kaplayan zeytin a\u011fa\u00e7lar\u0131, k\u0131y\u0131ya yana\u015fan bal\u0131k\u00e7\u0131 tekneleri ve e\u015fsiz mutfa\u011f\u0131 ile g\u00f6r\u00fclmesi gereken yerlerin ba\u015f\u0131nda gelmekte. <strong>Girit Adas\u0131\u2019na u\u00e7akla ula\u015f\u0131m i\u00e7in Atina \u00fczerinden aktarma yapmak gerekiyor. <\/strong>Tarih ve do\u011fal g\u00fczelliklerin i\u00e7 i\u00e7e ge\u00e7ti\u011fi ada, Avrupa\u2019n\u0131n ilk geli\u015fmi\u015f medeniyeti Minos\u2019a ev sahipli\u011fi yapmas\u0131 a\u00e7\u0131s\u0131ndan da olduk\u00e7a \u00f6nemli.<\/p>\n<p><strong>Agios Nikolaos Arkeoloji M\u00fczesi<\/strong> ve <strong>Voulismeni G\u00f6l\u00fc<\/strong>, eski bir c\u00fczzam hastanesi olan <strong>Spinalonga Adas\u0131<\/strong>, sempatik bir bal\u0131k\u00e7\u0131 kasabas\u0131 olan <strong>Elounda<\/strong> ve Tun\u00e7 \u00c7a\u011f\u0131&#8217;n\u0131n Girit&#8217;teki en b\u00fcy\u00fck arkeolojik yerle\u015fim alan\u0131 <strong>Knossos<\/strong> Girit seyahatinizde g\u00f6rmeniz gereken adresler.<\/p>\n<p><img loading=\"lazy\" decoding=\"async\" class=\"alignnone size-full wp-image-8971\" src=\"https:\/\/julesverne.com.tr\/wp-content\/uploads\/2021\/06\/rodos.jpg\" alt=\"\" width=\"1200\" height=\"800\" srcset=\"https:\/\/julesverne.com.tr\/wp-content\/uploads\/2021\/06\/rodos.jpg 1200w, https:\/\/julesverne.com.tr\/wp-content\/uploads\/2021\/06\/rodos-500x333.jpg 500w, https:\/\/julesverne.com.tr\/wp-content\/uploads\/2021\/06\/rodos-768x512.jpg 768w\" sizes=\"(max-width: 1200px) 100vw, 1200px\" \/><\/p>\n<h2><strong>Rodos<\/strong><\/h2>\n<p>Tarihte, Osmanl\u0131 Devleti himayesinde ya\u015fam\u0131\u015f bir adada ge\u00e7mi\u015f an\u0131lar\u0131 takip ederken g\u00f6rd\u00fc\u011f\u00fcn\u00fcz g\u00fczelliklere kay\u0131ts\u0131z kalmak imkans\u0131z. On \u0130ki Adalar aras\u0131nda y\u00fcz\u00f6l\u00e7\u00fcm\u00fc olarak en b\u00fcy\u00fck ada unvan\u0131n\u0131 alan Rodos sadece b\u00fcy\u00fckl\u00fc\u011f\u00fcyle de\u011fil sahip oldu\u011fu plajlar\u0131, antik \u00e7a\u011flardan kalan zenginlikleriyle de hakk\u0131nda yaz\u0131lanlar\u0131 kan\u0131tl\u0131yor. Girit Uygarl\u0131\u011f\u0131ndan, Osmanl\u0131 D\u00f6nemi\u2019nden izlerin adan\u0131n sokaklar\u0131na, evlerine, ya\u015fant\u0131s\u0131na yer etti\u011fine \u015fahit oluyorsunuz. <strong>UNESCO D\u00fcnya K\u00fclt\u00fcr Miras\u0131 Listesi<\/strong>\u2019ne girmi\u015f yap\u0131lar\u0131, \u00e7i\u00e7eklerle s\u00fcslenmi\u015f sokaklar\u0131 ve Orta \u00c7a\u011f\u2019dan kalma mahalleleri ile muhte\u015fem g\u00f6r\u00fcnt\u00fcler sunan <strong>Rodos,<\/strong> \u00f6zellikle foto\u011fraf d\u00fc\u015fk\u00fcnleri i\u00e7in ideal bir yer. Y\u0131l\u0131n 300 g\u00fcn\u00fc g\u00fcne\u015f alan adan\u0131n merkezi eski ve yeni olmak \u00fczere ikiye ayr\u0131l\u0131yor.<\/p>\n<p><strong>Rodos Adas\u0131\u2019na u\u00e7akla ula\u015f\u0131m i\u00e7in Atina \u00fczerinden aktarma yapmak gerekiyor. <\/strong>Stratejik konumu sebebiyle antik \u00e7a\u011flardan beri kendisine \u00f6nemli bir yer edinen Rodos Kalesi\u2019nin surlar\u0131 i\u00e7ine kurulu olan eski \u015f\u00f6valyelere ait binalar, kiliseler, saraylar ve meydanlar sizi Orta \u00c7a\u011f\u2019a do\u011fru unutamayaca\u011f\u0131n\u0131z bir yolculu\u011fa \u00e7\u0131kartacak. Adan\u0131n do\u011fusunda yer alan <strong>Lindos, Lalilos<\/strong> ve <strong>Kamiros antik kentleri<\/strong>, k\u00fc\u00e7\u00fck \u015felaleri ve t\u00fcr\u00fcne az rastlanan kelebek t\u00fcrleriyle b\u00fcy\u00fcleyen <strong>Petaloudes (Kelebekler Vadisi)<\/strong>, Rodos \u015e\u00f6valyeleri\u2019nin ya\u015fam alan\u0131 tarihi kasaba adaya gitmek i\u00e7in yeterli sebepler!<\/p>\n<p><img loading=\"lazy\" decoding=\"async\" class=\"alignnone wp-image-10093\" src=\"https:\/\/julesverne.com.tr\/wp-content\/uploads\/2021\/08\/midilli_molyvos_shutterstock_68448778-500x313.jpg\" alt=\"\" width=\"1200\" height=\"750\" srcset=\"https:\/\/julesverne.com.tr\/wp-content\/uploads\/2021\/08\/midilli_molyvos_shutterstock_68448778-500x313.jpg 500w, https:\/\/julesverne.com.tr\/wp-content\/uploads\/2021\/08\/midilli_molyvos_shutterstock_68448778-768x480.jpg 768w, https:\/\/julesverne.com.tr\/wp-content\/uploads\/2021\/08\/midilli_molyvos_shutterstock_68448778.jpg 1000w\" sizes=\"(max-width: 1200px) 100vw, 1200px\" \/><\/p>\n<h2><strong>Midilli (Lesvos)<\/strong><\/h2>\n<p>Yunanistan\u2019\u0131n en b\u00fcy\u00fck 3. Adas\u0131 olma \u00f6zelli\u011fine sahip olan <strong>Midilli<\/strong>, sakin ve huzurlu ya\u015fam\u0131yla Ayval\u0131k\u2019\u0131n tam kar\u015f\u0131s\u0131nda yer al\u0131yor. Darac\u0131k sokaklar\u0131, k\u0131y\u0131 boyu otelleri, sevimli tavernalar\u0131 ile kendine \u00f6zg\u00fc kalabilmi\u015f bir ada buras\u0131. <strong>Midilli Adas\u0131\u2019na u\u00e7akla ula\u015f\u0131m i\u00e7in Atina \u00fczerinden aktarma yapmak gerekiyor. \u00a0\u00a0<\/strong><\/p>\n<p>\u00c7am a\u011fa\u00e7lar\u0131 ile kapl\u0131 muhte\u015fem bir tepede Helenistik d\u00f6neme uzanan <strong>Midilli Antik Tiyatrosu<\/strong>; Arnavut kald\u0131r\u0131ml\u0131 sokaklar\u0131, kalesi ve plaj\u0131 ile adan\u0131n en \u00f6zel kasabas\u0131 <strong>Molivos<\/strong> ve Osmanl\u0131lar taraf\u0131ndan yapt\u0131r\u0131lan <strong>Sigri Kales<\/strong>i\u2019ni ziyaret edip, bu k\u00fc\u00e7\u00fck ama bir o kadar da sevimli adan\u0131n tad\u0131n\u0131 doyas\u0131ya \u00e7\u0131karabilirsiniz. Merkezinde <strong>\u2018Panagias tis Glikofilousas\u2019<\/strong> kayas\u0131n\u0131n \u00fczerinde kilise olan <strong>Petra<\/strong>\u2019y\u0131 da mutlaka g\u00f6rmelisiniz. \u00c7ak\u0131ls\u0131z plaj\u0131 ve e\u011flenceli tavernalar\u0131 bu b\u00f6lgeyi g\u00fczel k\u0131lan detaylardan. <strong>Skala Skamnia<\/strong>\u2019da ise adan\u0131n en g\u00fczel deniz \u00fcr\u00fcnlerini yiyebilirsiniz.<\/p>\n<p><img loading=\"lazy\" decoding=\"async\" class=\"alignnone wp-image-8972 size-full\" src=\"https:\/\/julesverne.com.tr\/wp-content\/uploads\/2021\/06\/sakiz-adasi.jpg\" alt=\"\" width=\"1200\" height=\"800\" srcset=\"https:\/\/julesverne.com.tr\/wp-content\/uploads\/2021\/06\/sakiz-adasi.jpg 1200w, https:\/\/julesverne.com.tr\/wp-content\/uploads\/2021\/06\/sakiz-adasi-500x333.jpg 500w, https:\/\/julesverne.com.tr\/wp-content\/uploads\/2021\/06\/sakiz-adasi-768x512.jpg 768w\" sizes=\"(max-width: 1200px) 100vw, 1200px\" \/><\/p>\n<h2><strong>Sak\u0131z Adas\u0131 (Chios)<\/strong><\/h2>\n<p>Tarihi ilk \u00e7a\u011flara kadar uzanan <strong>Sak\u0131z Adas\u0131<\/strong>, Ege\u2019deki be\u015finci b\u00fcy\u00fck ada olup, \u00c7e\u015fme\u2019nin hemen kar\u015f\u0131s\u0131nda yer al\u0131yor. Ad\u0131n\u0131 burada yeti\u015fen sak\u0131z a\u011fa\u00e7lar\u0131ndan alan adan\u0131n, \u00f6zg\u00fcn mimari karaktere sahip birbirinden g\u00fczel irili ufakl\u0131 66 k\u00f6y\u00fc bulunuyor. <strong>Sak\u0131z Adas\u0131\u2019na u\u00e7akla ula\u015f\u0131m i\u00e7in Atina \u00fczerinden aktarma yapmak gerekiyor.\u00a0<\/strong><\/p>\n<p>Pitoresk Orta\u00e7a\u011f k\u00f6yleri, Arkeolojik sit alanlar\u0131, kaleleri, m\u00fczeleri, kiliseleri ve manast\u0131rlar\u0131 ile tarihi yan\u0131s\u0131tan adada, g\u00f6r\u00fclmesi gerekenler listesi bir hayli kabar\u0131k. 11. y\u00fczy\u0131lda in\u015fa edilip ve <strong>UNESCO taraf\u0131ndan da D\u00fcnya K\u00fclt\u00fcrel Miras<\/strong>\u0131 olarak ilan edilerek koruma alt\u0131na al\u0131nm\u0131\u015f <strong>Nea Moni Manast\u0131r\u0131<\/strong>, <strong>Bazilika Kilisesi Agios \u0130sidoros, Chios Bizans M\u00fczesi<\/strong> ve <strong>Apolichnoi Kalesi<\/strong>\u00a0 g\u00f6r\u00fclmesi gereken yerlerden sadece birka\u00e7\u0131&#8230;<\/p>\n<p><img loading=\"lazy\" decoding=\"async\" class=\"alignnone wp-image-10094\" src=\"https:\/\/julesverne.com.tr\/wp-content\/uploads\/2021\/08\/kos_shutterstock_1026219028-500x333.jpg\" alt=\"\" width=\"1200\" height=\"799\" srcset=\"https:\/\/julesverne.com.tr\/wp-content\/uploads\/2021\/08\/kos_shutterstock_1026219028-500x333.jpg 500w, https:\/\/julesverne.com.tr\/wp-content\/uploads\/2021\/08\/kos_shutterstock_1026219028-768x511.jpg 768w, https:\/\/julesverne.com.tr\/wp-content\/uploads\/2021\/08\/kos_shutterstock_1026219028.jpg 1000w\" sizes=\"(max-width: 1200px) 100vw, 1200px\" \/><\/p>\n<h2><strong>Kos Adas\u0131<\/strong><\/h2>\n<p>Do\u011fal g\u00fczellikleri ve alt\u0131n kumlu plajlar\u0131n\u0131n yan\u0131 s\u0131ra antik \u00e7a\u011flardan kalma tarihi an\u0131tlar\u0131 ve g\u00f6rkemli tarihinin kal\u0131nt\u0131lar\u0131 ile \u00fcnl\u00fc <strong>Kos Adas\u0131<\/strong>, T\u00fcrkiye\u2019ye en yak\u0131n adalardan biri, Bodrum\u2019a sadece 15 km uzakl\u0131kta. Bize bizden yak\u0131n k\u00fclt\u00fcr\u00fc ve sempatik mimarisi ile s\u0131ms\u0131cak ve \u201cevde gibi\u201d hissettiren ada sakin, m\u00fctevaz\u0131 ve do\u011fayla ba\u015f ba\u015fa bir Ege tatili ge\u00e7irmek isteyenler i\u00e7in benzersiz bir destinasyon! Modern t\u0131bb\u0131n kurucusu Hipokrat\u2019\u0131n do\u011fdu\u011fu ve ya\u015fad\u0131\u011f\u0131 yer olarak bilinen<strong> Kos\u2019a u\u00e7akla ula\u015f\u0131m i\u00e7in Atina ya da Selanik \u00fczerinden aktarma yapmak gerekiyor.<\/strong><\/p>\n<p>14.y\u00fczy\u0131ldan kalan <strong>\u015e\u00f6valye \u015eatosu<\/strong>&#8216;ndan <strong>Hipokrat Heykeli&#8217;<\/strong>ne uzanan derin tarihi; Uzunlu\u011fu 300 km\u2019yi bulan kumsallar\u0131 ile do\u011fay\u0131; jet-ski, para-sailing, r\u00fczgar s\u00f6rf\u00fc ile maceray\u0131 Kos Adas\u0131&#8217;nda doyas\u0131ya ya\u015famak laz\u0131m!<\/p>\n<p><img loading=\"lazy\" decoding=\"async\" class=\"alignnone size-full wp-image-8974\" src=\"https:\/\/julesverne.com.tr\/wp-content\/uploads\/2021\/06\/symi-adasi.jpg\" alt=\"\" width=\"1200\" height=\"800\" srcset=\"https:\/\/julesverne.com.tr\/wp-content\/uploads\/2021\/06\/symi-adasi.jpg 1200w, https:\/\/julesverne.com.tr\/wp-content\/uploads\/2021\/06\/symi-adasi-500x333.jpg 500w, https:\/\/julesverne.com.tr\/wp-content\/uploads\/2021\/06\/symi-adasi-768x512.jpg 768w\" sizes=\"(max-width: 1200px) 100vw, 1200px\" \/><\/p>\n<h2><strong>Symi\u00a0<\/strong><\/h2>\n<p>Rodos Adas\u0131\u2019n\u0131n 41 km kuzeyinde bulunan <strong>Symi Adas\u0131<\/strong>, Yunan adalar\u0131 i\u00e7inde romantizmin en y\u00fcksek oldu\u011fu adalardan biri. Ada, k\u0131y\u0131ya dizilmi\u015f rengarenk evleri, hareketli liman b\u00f6lgesi ve muhte\u015fem plajlar\u0131yla harika bir atmosfere sahip. Sessizli\u011fi, sakinli\u011fi, huzuru, bozulmam\u0131\u015f do\u011fas\u0131, e\u011flenceli aktiviteleri ile bulundu\u011fu co\u011frafyay\u0131 \u00e7ok g\u00fczel \u00f6zetleyen bir ada buras\u0131.\u00a0<b> <\/b>Ad\u0131n\u0131 deniz tanr\u0131s\u0131 Poseidon\u2019un e\u015finden alan ada, Neo-klasik evlerin tablo havas\u0131 verdi\u011fi e\u015fsiz silueti ile misafirlerine unutamayacaklar\u0131 bir tatilin kap\u0131s\u0131n\u0131 a\u00e7arak, masal gibi bir tatil deneyimi i\u00e7in sizleri bekliyor. <strong>Symi Adas\u0131\u2019nda havaliman\u0131 bulunmad\u0131\u011f\u0131 i\u00e7in Atina \u00fczerinden Rodos\u2019a u\u00e7akla gelip, Rodos \u00fczerinden feribotla aktarma yapmak gerekiyor.<\/strong><\/p>\n<p>Adada liman boyunca y\u00fcr\u00fcy\u00fc\u015f yapmak \u00e7ok keyifli. \u0130\u00e7 kesimlere do\u011fru rotan\u0131z\u0131 \u00e7evirdi\u011finizde kar\u015f\u0131n\u0131za eski kilise ve manast\u0131r yap\u0131lar\u0131 \u00e7\u0131kacak. G\u00fcn\u00fcm\u00fczde hac g\u00f6revini yerine getiren Hristiyan halk\u0131n u\u011framadan yoluna devam etmedi\u011fi, tarihi 300 y\u0131l \u00f6ncesine dayanan Panormitis Manast\u0131r\u0131 g\u00f6r\u00fclmeye de\u011fer. <strong>Nos Plaj\u0131, Agia Marina, Agios Nicholas<\/strong> ve <strong>Marathounda<\/strong> plajlar\u0131 nefes kesici g\u00fczellikte. Symi\u2019ye gelip de karides yemeden d\u00f6nmeyin bu arada.<\/p>\n<p><img loading=\"lazy\" decoding=\"async\" class=\"alignnone size-full wp-image-8975\" src=\"https:\/\/julesverne.com.tr\/wp-content\/uploads\/2021\/06\/Thassos-island.jpg\" alt=\"\" width=\"1200\" height=\"800\" srcset=\"https:\/\/julesverne.com.tr\/wp-content\/uploads\/2021\/06\/Thassos-island.jpg 1200w, https:\/\/julesverne.com.tr\/wp-content\/uploads\/2021\/06\/Thassos-island-500x333.jpg 500w, https:\/\/julesverne.com.tr\/wp-content\/uploads\/2021\/06\/Thassos-island-768x512.jpg 768w\" sizes=\"(max-width: 1200px) 100vw, 1200px\" \/><\/p>\n<h2><strong>Thassos\u00a0<\/strong><\/h2>\n<p>Bembeyaz kumlar\u0131 ve b\u00fcy\u00fcleyici do\u011fas\u0131 ile tropik bir aday\u0131 and\u0131ran <strong>Thassos<\/strong>, Kavala\u2019n\u0131n yakla\u015f\u0131k 7 km do\u011fusunda bulunuyor. Kendine has tropik havas\u0131 ile ziyaret\u00e7ilerini b\u00fcy\u00fcleyen Thassos sokaklar\u0131nda dola\u015f\u0131rken modern ve antik \u015fehrin izlerini bir arada g\u00f6rebilirsiniz. Thassos, Ta\u015foz Bo\u011faz\u0131yla Yunan anakaras\u0131ndan ayr\u0131lan g\u00f6rkemli bir do\u011faya sahip olu\u015fu ile \u00fcnlenen bir ada. Karayolu ile gidilebilecek en yak\u0131n adalardan biri olan Thassos&#8217;a; Kavala, \u0130ske\u00e7e, Selanik havaalanlar\u0131 gibi ula\u015f\u0131m merkezlerine yak\u0131n olmas\u0131 sebebiyle <strong>araba, otob\u00fcs veya u\u00e7akla gitmek m\u00fcmk\u00fcn.<\/strong> Sonras\u0131nda feribot ile adaya ula\u015f\u0131labiliyor.<\/p>\n<p>Thassos&#8217;un say\u0131s\u0131z g\u00fczel koyu ve plaj\u0131 var ama en \u00f6ne \u00e7\u0131kanlar\u0131 ba\u015fta <strong>Aliki<\/strong> ve <strong>Psili Ammos<\/strong> olmak \u00fczere <strong>Paradise Beach, Kynira, Glifoneri, Makryammos, Skala Pachis, Skala Prinos<\/strong> ve <strong>Skala Marion<\/strong>. Ayr\u0131ca tavernalar\u0131 da en az plajlar\u0131 kadar me\u015fhur.<\/p>\n<p><img loading=\"lazy\" decoding=\"async\" class=\"alignnone size-full wp-image-8976\" src=\"https:\/\/julesverne.com.tr\/wp-content\/uploads\/2021\/06\/hydra-island.jpg\" alt=\"\" width=\"1200\" height=\"800\" srcset=\"https:\/\/julesverne.com.tr\/wp-content\/uploads\/2021\/06\/hydra-island.jpg 1200w, https:\/\/julesverne.com.tr\/wp-content\/uploads\/2021\/06\/hydra-island-500x333.jpg 500w, https:\/\/julesverne.com.tr\/wp-content\/uploads\/2021\/06\/hydra-island-768x512.jpg 768w\" sizes=\"(max-width: 1200px) 100vw, 1200px\" \/><\/p>\n<h2><strong>Hydra\u00a0<\/strong><\/h2>\n<p>Saronik Adalar\u0131\u2019n\u0131n en bak\u0131ml\u0131 ve en nezih adas\u0131 olan, Atina\u2019ya feribotla iki saat uzakl\u0131ktaki <strong>Hydra<\/strong>, \u00fcn\u00fcn\u00fc 1956\u2019da Michael Cacoyanni taraf\u0131ndan \u00e7ekilen \u201cA Girl in Black\u201d filmi ile yakalad\u0131. Leonard Cohen\u2019in bu adada ya\u015famas\u0131yla da \u015f\u00f6hretini ikiye katlad\u0131. \u0130\u00e7inde motorlu ta\u015f\u0131t kullanman\u0131n yasak oldu\u011fu Hydra\u2019n\u0131n ismi, son y\u0131llarda en hip Yunan Adalar\u0131 aras\u0131nda ge\u00e7iyor. Bir amfi \u2013 tiyatro gibi yar\u0131m ay \u015feklinde konumlanm\u0131\u015f olan adada s\u00fcrekli t\u0131rmanarak, her basamakta bamba\u015fka bir manzaraya rastlayabilirsiniz.<\/p>\n<p><strong>Hydra Adas\u0131\u2019nda havaliman\u0131 bulunmad\u0131\u011f\u0131ndan Atina\u2019ya u\u00e7akla gelip, Pire Liman\u0131\u2019ndan feribot ile adaya gidilebiliyor.<\/strong> \u00c7evre dostu adada egzoz sesini duymak imk\u00e2ns\u0131z. Motorlu ara\u00e7lar\u0131n yasak oldu\u011fu adada ula\u015f\u0131m i\u00e7in bol bol y\u00fcr\u00fcyebilir, bisiklete binebilir ve deniz taksileri kullanabilirsiniz. Hydra&#8217;n\u0131n plajlar\u0131n\u0131n ger\u00e7ekten &#8220;harika&#8221; oldu\u011funu ve aday\u0131 y\u00fcr\u00fcyerek ke\u015ffederken harika yollardan ge\u00e7ece\u011finizi de ekleyelim. Spili\u00e1, Limni\u00f3niza, Mandr\u00e1ki, B\u00edsti, Vlych\u00f3s, Hydron\u00e9ta, Kamini, Plakes ve Bisti; adada ad\u0131ndan s\u0131k\u00e7a bahsedilen plajlardan.<\/p>\n<p><img loading=\"lazy\" decoding=\"async\" class=\"alignnone size-full wp-image-8978\" src=\"https:\/\/julesverne.com.tr\/wp-content\/uploads\/2021\/06\/kefalonia-adasi.jpg\" alt=\"\" width=\"1200\" height=\"800\" srcset=\"https:\/\/julesverne.com.tr\/wp-content\/uploads\/2021\/06\/kefalonia-adasi.jpg 1200w, https:\/\/julesverne.com.tr\/wp-content\/uploads\/2021\/06\/kefalonia-adasi-500x333.jpg 500w, https:\/\/julesverne.com.tr\/wp-content\/uploads\/2021\/06\/kefalonia-adasi-768x512.jpg 768w\" sizes=\"(max-width: 1200px) 100vw, 1200px\" \/><\/p>\n<h2><b>Kefalonya\u00a0<\/b><\/h2>\n<p>\u00d6zellikle g\u00fcr\u00fclt\u00fcl\u00fc e\u011flence mekanlar\u0131ndan, a\u011fz\u0131na kadar dolu beach club\u2019lardan ve a\u015f\u0131r\u0131 turistik restoranlardan ho\u015flanmayanlar i\u00e7in benzersiz bir se\u00e7enek olan Kefalonya, ayn\u0131 zamanda mimarisiyle kar\u015f\u0131 k\u0131y\u0131 \u0130talya\u2019ya da ho\u015f bir selam \u00e7ak\u0131yor. Uzun y\u0131llar Venedik egemenli\u011fi alt\u0131nda kald\u0131\u011f\u0131 i\u00e7in \u0130talyan etkisinin yo\u011fun bir \u015fekilde hissedildi\u011fi <strong>Kefalonya Adas\u0131<\/strong> muhte\u015fem bir sualt\u0131 zenginli\u011fine sahip.<\/p>\n<p>D\u00fcnyada 5.s\u0131rada yer alan, Yunanistan\u2019in ise en iyi plaj\u0131 olarak g\u00f6sterilen <strong>Mrytos Plaj\u0131<\/strong> ise g\u00f6r\u00fclmeye de\u011fer. <strong>Kefalonya Adas\u0131\u2019na u\u00e7akla ula\u015f\u0131m i\u00e7in Atina \u00fczerinden aktarma yapmak gerekiyor. <\/strong>Adan\u0131n en g\u00f6zde koyu Fiskardo\u2019ya ek olarak iki yar\u0131m ada aras\u0131na kurulu Assos kasabas\u0131 ve Melissani Damlata\u015f Ma\u011faras\u0131 gibi say\u0131s\u0131z alanda adan\u0131n keyfini \u00e7\u0131kar\u0131p, r\u00fcya gibi bir tatil ya\u015fayabilirsiniz.<\/p>\n<p><img loading=\"lazy\" decoding=\"async\" class=\"alignnone size-full wp-image-8979\" src=\"https:\/\/julesverne.com.tr\/wp-content\/uploads\/2021\/06\/korfu-adasi.jpg\" alt=\"\" width=\"1200\" height=\"800\" srcset=\"https:\/\/julesverne.com.tr\/wp-content\/uploads\/2021\/06\/korfu-adasi.jpg 1200w, https:\/\/julesverne.com.tr\/wp-content\/uploads\/2021\/06\/korfu-adasi-500x333.jpg 500w, https:\/\/julesverne.com.tr\/wp-content\/uploads\/2021\/06\/korfu-adasi-768x512.jpg 768w\" sizes=\"(max-width: 1200px) 100vw, 1200px\" \/><\/p>\n<h2><strong>Korfu\u00a0<\/strong><\/h2>\n<p>\u0130yon denizinde en kuzey Yunan adas\u0131 olan <strong>Korfu<\/strong>, y\u00fczlerce y\u0131ll\u0131k dev zeytin, selvi, \u00e7am ve okalipt\u00fcs a\u011fa\u00e7lar\u0131 ile t\u00fcm Yunan adalar\u0131 i\u00e7inde en ye\u015fil ve en geni\u015f floraya sahip olan\u0131. Yer\u00e7ekimi kanunlar\u0131na ayk\u0131r\u0131 bir \u015fekilde tepelerden denize kadar dimdik inen bu dev a\u011fa\u00e7lar, ger\u00e7ekten de \u015fa\u015f\u0131rt\u0131c\u0131 bir manzara sunuyor. <strong>Korfu Adas\u0131\u2019na u\u00e7akla ula\u015f\u0131m i\u00e7in Atina \u00fczerinden aktarma yapmak gerekiyor.<\/strong><\/p>\n<p>Adan\u0131n bat\u0131s\u0131nda bulunan <strong>Paleokastritsa Plaj\u0131<\/strong> kumlu yap\u0131s\u0131yla olduk\u00e7a pop\u00fcler. \u00c7evresi ye\u015filliklerle kapl\u0131 cam gibi su, dal\u0131\u015f severler i\u00e7in de ideal. Adan\u0131n en \u00fcnl\u00fc sahillerinden biri olan <strong>Agios Gordios<\/strong> ve g\u00fcn bat\u0131m\u0131 manzaras\u0131 sevenlerin u\u011frak noktas\u0131 olan <strong>Sidari Canal d Amaour<\/strong> da mutlaka g\u00f6r\u00fclmesi gereken yerlerden.<\/p>\n<p><img loading=\"lazy\" decoding=\"async\" class=\"alignnone size-full wp-image-8980\" src=\"https:\/\/julesverne.com.tr\/wp-content\/uploads\/2021\/06\/paros-adasi.jpg\" alt=\"\" width=\"1200\" height=\"800\" srcset=\"https:\/\/julesverne.com.tr\/wp-content\/uploads\/2021\/06\/paros-adasi.jpg 1200w, https:\/\/julesverne.com.tr\/wp-content\/uploads\/2021\/06\/paros-adasi-500x333.jpg 500w, https:\/\/julesverne.com.tr\/wp-content\/uploads\/2021\/06\/paros-adasi-768x512.jpg 768w\" sizes=\"(max-width: 1200px) 100vw, 1200px\" \/><\/p>\n<h2><strong>Paros\u00a0<\/strong><\/h2>\n<p>\u0130talyan jet sosyetesinin dinlenmek i\u00e7in s\u0131k s\u0131k gitti\u011fi yerlerden biri olan <strong>Paros<\/strong>; bembeyaz boyal\u0131 evleri, \u00fcz\u00fcm ba\u011flar\u0131 ve Arnavut kald\u0131r\u0131mlar\u0131n\u0131n hemen yan\u0131ndaki rengarenk butikleriyle adeta bir cennet. Liman\u0131ndan kalkan geni\u015f feribot seferi a\u011f\u0131 ve i\u00e7inde bulunan onlarca nitelikli turistik i\u015fletme &amp; otel nedeniyle, Mykonos ile birlikte Kiklad Tak\u0131madalar\u0131\u2019n\u0131n merkezi olan Paros, \u00f6zellikle Mikonos\u2019un pahal\u0131l\u0131\u011f\u0131ndan \u015fikayet eden ama ayn\u0131 zamanda da Mykonos tarz\u0131 tatil isteyen seyahat severlerin u\u011framas\u0131 gereken bir ada.<\/p>\n<p><strong>Paros Adas\u0131\u2019na u\u00e7akla ula\u015f\u0131m i\u00e7in Atina \u00fczerinden aktarma yapmak gerekiyor.<\/strong> Pariki merkezinde bulunan <strong>Panagia Ekatontapiliani Kilisesi<\/strong>, Yunanistan\u2019\u0131n 1700 y\u0131ld\u0131r kullan\u0131ma a\u00e7\u0131k tuttu\u011fu tek kilise. Ada; deniz tatili bir yana, k\u00fclt\u00fcr gezisi yapmak isteyenler i\u00e7in de olduk\u00e7a b\u00fcy\u00fcleyici.<\/p>\n<p><img loading=\"lazy\" decoding=\"async\" class=\"alignnone wp-image-10081\" src=\"https:\/\/julesverne.com.tr\/wp-content\/uploads\/2021\/08\/zakintos_shutterstock_283608773-500x256.jpg\" alt=\"\" width=\"1200\" height=\"613\" srcset=\"https:\/\/julesverne.com.tr\/wp-content\/uploads\/2021\/08\/zakintos_shutterstock_283608773-500x256.jpg 500w, https:\/\/julesverne.com.tr\/wp-content\/uploads\/2021\/08\/zakintos_shutterstock_283608773-768x392.jpg 768w, https:\/\/julesverne.com.tr\/wp-content\/uploads\/2021\/08\/zakintos_shutterstock_283608773.jpg 1000w\" sizes=\"(max-width: 1200px) 100vw, 1200px\" \/><\/p>\n<h2><strong>Zakintos\u00a0<\/strong><\/h2>\n<p>Zakintos; Korfu ve Kafelonya Adalar\u0131\u2019ndan sonra \u0130yonya denizine ba\u011fl\u0131 olan en b\u00fcy\u00fck \u00fc\u00e7\u00fcnc\u00fc ada. Kefalonya\u2019ya g\u00f6re olduk\u00e7a k\u00fc\u00e7\u00fck olan bu adan\u0131n en \u00f6nemli \u00f6zelli\u011fi denizinin \u00f6zel efektle elde edilmi\u015f gibi duran turkuaz mavili\u011fi! Virajl\u0131 yollara, bakir bir do\u011faya ve her \u015feyden \u00f6nemlisi T\u00fcrkiye\u2019yi \u00e7ok iyi tan\u0131yan d\u00fcnya tatl\u0131s\u0131 bir halka sahip olan bu ada \u00f6zellikle arkada\u015flarla \u00e7\u0131k\u0131lacak road trip t\u00fcr\u00fc seyahatler ve kamp kurmak i\u00e7in \u00e7ok uygun.<\/p>\n<p><strong>Zakintos Adas\u0131&#8217;na u\u00e7akla ula\u015f\u0131m i\u00e7in Atina\u00a0\u00fczerinden aktarma yapmak gerekiyor. <\/strong>Zakintos\u2019un bat\u0131k gemisiyle \u00fcnl\u00fc<strong> Navagio sahili<\/strong>, adada mutlaka g\u00f6rmeniz gereken yerlerden biri. Ada, hem sakin bir deniz tatili yapmak isteyen \u00e7ocuklu aileler hem de g\u00fczel beachler ve gece e\u011flencesi arayan ki\u015filer i\u00e7in de olduk\u00e7a ideal.<\/p>\n<p><img loading=\"lazy\" decoding=\"async\" class=\"alignnone wp-image-10086\" src=\"https:\/\/julesverne.com.tr\/wp-content\/uploads\/2021\/08\/patmos_shutterstock_1087998092-500x333.jpg\" alt=\"\" width=\"1200\" height=\"799\" srcset=\"https:\/\/julesverne.com.tr\/wp-content\/uploads\/2021\/08\/patmos_shutterstock_1087998092-500x333.jpg 500w, https:\/\/julesverne.com.tr\/wp-content\/uploads\/2021\/08\/patmos_shutterstock_1087998092-768x511.jpg 768w, https:\/\/julesverne.com.tr\/wp-content\/uploads\/2021\/08\/patmos_shutterstock_1087998092.jpg 1000w\" sizes=\"(max-width: 1200px) 100vw, 1200px\" \/><\/p>\n<h2><strong>Patmos\u00a0<\/strong><\/h2>\n<p>Batnaz ad\u0131yla da an\u0131lan <strong>Patmos<\/strong>, on iki adan\u0131n en kuzeyinde yer alan k\u00fc\u00e7\u00fck bir Yunan adas\u0131. K\u00fc\u00e7\u00fck, kolay ke\u015ffedilebilir ve ba\u015ftan a\u015fa\u011f\u0131 \u00f6zg\u00fcn bir karakteri olan Patmos ayn\u0131 zamanda bir\u00e7ok bakir koyuyla sizi \u00f6d\u00fcllendiriyor. K\u00fcbik formlarda, Kiklad mimari izlerini ta\u015f\u0131yan beyaz boyal\u0131 kire\u00e7 evleri, turkuaz, su ye\u015fili gibi do\u011fal renklere boyanan kepenkleri, i\u00e7 i\u00e7e ge\u00e7en avlular\u0131n\u0131 g\u00f6r\u00fcnce anl\u0131yorsunuz; Patmos\u2019 ta deniz ve topra\u011f\u0131n h\u00fck\u00fcmdarl\u0131\u011f\u0131 s\u00fcr\u00fcyor. <strong>Patmos Adas\u0131&#8217;na u\u00e7akla ula\u015f\u0131m i\u00e7in Atina \u00fczerinden havaalan\u0131 bulunan bir adaya aktarma yapmak ve sonras\u0131nda feribot kullanmak ya da direkt Atina\u2019dan feribot ile ge\u00e7mek gerekiyor. <\/strong><\/p>\n<p>Okalipt\u00fcs, kekik ve \u00e7am kokular\u0131 e\u015fli\u011finde sevimli sokaklar\u0131 ile <strong>Chora<\/strong>; <strong>St John ma\u011faras\u0131<\/strong>; <strong>Agriolivado, Kambos<\/strong> ve <strong>Grikos<\/strong> plajlar\u0131 adada g\u00f6r\u00fclmesi gereken ilk yerler. Adan\u0131n en dikkat \u00e7ekici yap\u0131s\u0131 11. yy\u2019dan bu yana halen aktif olarak dini e\u011fitim veren Aziz Yuhanna Manast\u0131r\u0131. Ad\u0131n\u0131 yan\u0131ndaki dev kayadan alan <strong>Petra sahili<\/strong>, suyunun harika olmas\u0131n\u0131n yan\u0131nda ziyaret\u00e7ilerine t\u0131rman\u0131\u015f yapma olana\u011f\u0131 sa\u011flamas\u0131 a\u00e7\u0131s\u0131ndan da olduk\u00e7a etkileyici.<\/p>\n<p><img loading=\"lazy\" decoding=\"async\" class=\"alignnone wp-image-10087\" src=\"https:\/\/julesverne.com.tr\/wp-content\/uploads\/2021\/08\/skiathos_shutterstock_1154792503-500x235.jpg\" alt=\"\" width=\"1200\" height=\"564\" srcset=\"https:\/\/julesverne.com.tr\/wp-content\/uploads\/2021\/08\/skiathos_shutterstock_1154792503-500x235.jpg 500w, https:\/\/julesverne.com.tr\/wp-content\/uploads\/2021\/08\/skiathos_shutterstock_1154792503-768x361.jpg 768w, https:\/\/julesverne.com.tr\/wp-content\/uploads\/2021\/08\/skiathos_shutterstock_1154792503.jpg 1000w\" sizes=\"(max-width: 1200px) 100vw, 1200px\" \/><\/p>\n<h2><strong>Skiathos\u00a0<\/strong><\/h2>\n<p>Yunanistan\u2019\u0131n en ye\u015fil adalar\u0131ndan biri olan <strong>Skiathos Adas\u0131<\/strong>, yemye\u015fil atmosferi ve temiz havas\u0131yla \u00f6zellikle gen\u00e7lerin ve ailelerin tercihleri aras\u0131nda ilk s\u0131rada yer al\u0131yor. Dik u\u00e7urumlar\u0131, adan\u0131n tepesinde yer alan sembol kilisesi, kalesi, yemye\u015fil ormanlar\u0131yla nefes ald\u0131ran, huzur veren bir karaktere sahip. <strong>Skiathos Adas\u0131&#8217;na u\u00e7akla ula\u015f\u0131m i\u00e7in Atina \u00fczerinden aktarma yapmak gerekiyor<\/strong>.<\/p>\n<p>Tarihi 14. y\u00fczy\u0131la dayanan <strong>Evangelistria Manast\u0131r\u0131<\/strong> Hristiyanlar i\u00e7in \u00e7ok kutsal oldu\u011fu i\u00e7in adan\u0131n dini olarak da de\u011feri olduk\u00e7a fazla. Adan\u0131n en pop\u00fcler plajlar\u0131; incecik kumu ve mis gibi \u00e7am kokular\u0131yla <strong>Koukounaries<\/strong> ve buradan kolayca ge\u00e7i\u015f yapaca\u011f\u0131n\u0131z <strong>Banana Beach<\/strong>. Denizin hemen yan\u0131ndaki konumuyla b\u00fcy\u00fcleyici bir atmosfere sahip olan <strong>Scun<\/strong>&#8216;da adan\u0131n birbirinden g\u00fczel yemekleri e\u015fli\u011finde b\u00fcy\u00fcleyici bir yolculu\u011fa \u00e7\u0131kabilirsiniz.<\/p>\n<p><img loading=\"lazy\" decoding=\"async\" class=\"alignnone wp-image-10088\" src=\"https:\/\/julesverne.com.tr\/wp-content\/uploads\/2021\/08\/spetses_shutterstock_271122641-500x354.jpg\" alt=\"\" width=\"1200\" height=\"848\" srcset=\"https:\/\/julesverne.com.tr\/wp-content\/uploads\/2021\/08\/spetses_shutterstock_271122641-500x354.jpg 500w, https:\/\/julesverne.com.tr\/wp-content\/uploads\/2021\/08\/spetses_shutterstock_271122641-768x543.jpg 768w, https:\/\/julesverne.com.tr\/wp-content\/uploads\/2021\/08\/spetses_shutterstock_271122641.jpg 1000w\" sizes=\"(max-width: 1200px) 100vw, 1200px\" \/><\/p>\n<h2><strong>Spetses<\/strong><\/h2>\n<p>60\u2019l\u0131 y\u0131llar\u0131n &#8220;Dolce Vita&#8221; ruhunu hala ya\u015fatan Spetses, Yunanistan\u2019\u0131n g\u00f6r\u00fclmeye de\u011fer y\u00fczlerce adas\u0131ndan yaln\u0131zca biri. Atina\u2019n\u0131n varl\u0131kl\u0131 ailelerinin yazl\u0131k evleriyle dolu olan ada; cruise gemilerinin kabul edilmedi\u011fi, Avrupa jet \u00a0sosyetesinin tekneleriyle tatil yapt\u0131\u011f\u0131 \u00f6zel yerlerden. Lavanta ve yasemin kokular\u0131n\u0131n burnunuza \u00e7arpt\u0131\u011f\u0131 \u00e7am kapl\u0131 koylar\u0131, kilise ve manast\u0131rlar\u0131 neoklasik villalarla dolu.\u00a0<strong>Spetses Adas\u0131\u2019nda havaliman\u0131 bulunmuyor. Atina\u2019ya u\u00e7akla gelip, Pire Liman\u0131\u2019ndan feribot ile ge\u00e7ilebiliyor. <\/strong><\/p>\n<p>G\u00f6zde plajlar\u0131, sakin koylar\u0131 ve ada k\u00fclt\u00fcr\u00fcn\u00fc birebir ya\u015fayaca\u011f\u0131n\u0131z sevimli tavernalar\u0131 ile Spetses&#8217;de 26 km\u2019lik \u00f6zel bisiklet yoluyla <strong>Argosaronikos K\u00f6rfezi<\/strong>\u2019nin e\u015fsiz manzaras\u0131n\u0131 izlemeli, <strong>Hadjiyannis Mexis<\/strong> ve <strong>Laskarina Bouboulina M\u00fczesi<\/strong>\u2019ni gezmeli, <strong>Zogeria Plaj\u0131<\/strong>\u2019nda denizin ve g\u00fcne\u015fin tad\u0131n\u0131 \u00e7\u0131kararak, tavernalardaki taze deniz mahsullerinin tad\u0131na bakmadan adadan ayr\u0131lmamal\u0131s\u0131n\u0131z.<\/p>\n<p><img loading=\"lazy\" decoding=\"async\" class=\"alignnone wp-image-10070\" src=\"https:\/\/julesverne.com.tr\/wp-content\/uploads\/2021\/08\/atina_shutterstock_1193397715-500x334.jpg\" alt=\"\" width=\"1200\" height=\"802\" srcset=\"https:\/\/julesverne.com.tr\/wp-content\/uploads\/2021\/08\/atina_shutterstock_1193397715-500x334.jpg 500w, https:\/\/julesverne.com.tr\/wp-content\/uploads\/2021\/08\/atina_shutterstock_1193397715-768x513.jpg 768w, https:\/\/julesverne.com.tr\/wp-content\/uploads\/2021\/08\/atina_shutterstock_1193397715.jpg 1000w\" sizes=\"(max-width: 1200px) 100vw, 1200px\" \/><\/p>\n<h2><a href=\"https:\/\/julesverne.com.tr\/seyahat-blog\/yunanistan-seyahat-rehberi\/\">Yunanistan Seyahat Rehberi<\/a><\/h2>\n<p>Binlerce y\u0131ll\u0131k tarihe ve do\u011fa harikas\u0131na ev sahipli\u011fi yapan <strong>Yunanistan<\/strong>\u00a0muhte\u015fem co\u011frafyas\u0131 ile g\u00f6z kama\u015ft\u0131r\u0131yor. \u00d6zenle korunmu\u015f tarihi yap\u0131lar\u0131, g\u00f6z al\u0131c\u0131 katedralleri, geleneksel kent pazarlar\u0131 ve e\u015fsiz do\u011fas\u0131 ile y\u0131l boyunca ziyaret\u00e7i ak\u0131n\u0131na u\u011frayan Yunanistan\u2019da gezecek g\u00f6recek \u00e7ok yer, ke\u015ffedecek \u00e7ok \u015fey var.<\/p>\n<p><strong>\u201cYunanistan\u2019a nas\u0131l gidilir? Yunanistan\u2019a giri\u015f kurallar\u0131 nelerdir? Nereler gezilmeli, g\u00f6r\u00fclmeli? \u201d<\/strong> <strong>hepsi sizler i\u00e7in haz\u0131rlad\u0131\u011f\u0131m\u0131z <a href=\"https:\/\/julesverne.com.tr\/seyahat-blog\/yunanistan-seyahat-rehberi\/\">Yunanistan Seyahat Rehberi<\/a>\u2019nde\u2026 <\/strong>Yunanistan seyahat rehberine <strong><a href=\"https:\/\/julesverne.com.tr\/seyahat-blog\/yunanistan-seyahat-rehberi\/\">buradan<\/a><\/strong> ula\u015fabilirsiniz.<\/p>\n<p>T\u00fcrkiye\u2019den Yunanistan\u2019a seyahat ederken giri\u015fte aranan \u015fartlar ve gerekli belgelere <strong><a href=\"https:\/\/julesverne.com.tr\/haberler\/business-haberler\/yunanistan-seyahat-prosedurleri-guncellendi\/\">buradan<\/a><\/strong> ula\u015fabilirsiniz.<\/p>\n<p style=\"text-align: center;\"><strong>Size \u00f6zel YUNAN ADALARI SEYAHAT\u0130 planlamas\u0131 ve sorular\u0131n\u0131z i\u00e7in:<\/strong><br \/>\n<a href=\"mailto:Travel@julesverne.com.tr\"><strong>Travel@julesverne.com.tr<\/strong><\/a><\/p>\n<div dir=\"auto\"><\/div>\n<p>&nbsp;<\/p>","protected":false},"excerpt":{"rendered":"<p>Yunanistan k\u00fclt\u00fcr ve gelene\u011finin ayr\u0131lmaz bir par\u00e7as\u0131 olan\u00a0Yunan Adalar\u0131\u00a0dedi\u011fimizde asl\u0131nda say\u0131lar\u0131 neredeyse 6000\u2019i buluyor. \u0130rili ufakl\u0131 bu adalar\u0131n 227 tanesinde ise yerle\u015fim var. Masmavi sular, karakteristik k\u00f6yler, leziz tavernalar ve hepimizin ihtiya\u00e7 duydu\u011fu \u201czaman\u0131 yava\u015flatma\u201d arzusuyla Yunan Adalar\u0131 her zaman \u00e7ok keyifli. \u0130ki antik d\u00fcnya medeniyetinin ortaya \u00e7\u0131kt\u0131\u011f\u0131 Yunan Adalar\u0131 sadece deniz ve g\u00fczel havas\u0131ndan [&hellip;]<\/p>\n","protected":false},"author":10,"featured_media":10079,"comment_status":"closed","ping_status":"closed","sticky":false,"template":"","format":"standard","meta":{"inline_featured_image":false,"footnotes":""},"categories":[38,1,39],"tags":[137,77,165,164],"acf":[],"yoast_head":"<!-- This site is optimized with the Yoast SEO plugin v22.3 - https:\/\/yoast.com\/wordpress\/plugins\/seo\/ -->\n<title>En Keyifli Yunan Adalar\u0131 - JULES VERNE BUSINESS MICE TRAVEL<\/title>\n<meta name=\"description\" content=\"Yunanistan k\u00fclt\u00fcr ve gelene\u011finin ayr\u0131lmaz bir par\u00e7as\u0131 olan\u00a0Yunan Adalar\u0131\u00a0dedi\u011fimizde asl\u0131nda say\u0131lar\u0131 neredeyse 6000\u2019i buluyor. \u0130rili ufakl\u0131 bu adalar\u0131n 227 tanesinde ise yerle\u015fim var. Masmavi sular, karakteristik k\u00f6yler, leziz tavernalar ve hepimizin ihtiya\u00e7 duydu\u011fu \u201czaman\u0131 yava\u015flatma\u201d arzusuyla Yunan Adalar\u0131 her zaman \u00e7ok keyifli. En keyifli Yunan Adalar\u0131n\u0131 sizler i\u00e7in yazd\u0131k.\" \/>\n<meta name=\"robots\" content=\"index, follow, max-snippet:-1, max-image-preview:large, max-video-preview:-1\" \/>\n<link rel=\"canonical\" href=\"https:\/\/julesverne.com.tr\/travel-blog\/en-keyifli-yunan-adalari\/\" \/>\n<meta property=\"og:locale\" content=\"en_US\" \/>\n<meta property=\"og:type\" content=\"article\" \/>\n<meta property=\"og:title\" content=\"En Keyifli Yunan Adalar\u0131 - JULES VERNE BUSINESS MICE TRAVEL\" \/>\n<meta property=\"og:description\" content=\"Yunanistan k\u00fclt\u00fcr ve gelene\u011finin ayr\u0131lmaz bir par\u00e7as\u0131 olan\u00a0Yunan Adalar\u0131\u00a0dedi\u011fimizde asl\u0131nda say\u0131lar\u0131 neredeyse 6000\u2019i buluyor. \u0130rili ufakl\u0131 bu adalar\u0131n 227 tanesinde ise yerle\u015fim var. Masmavi sular, karakteristik k\u00f6yler, leziz tavernalar ve hepimizin ihtiya\u00e7 duydu\u011fu \u201czaman\u0131 yava\u015flatma\u201d arzusuyla Yunan Adalar\u0131 her zaman \u00e7ok keyifli. En keyifli Yunan Adalar\u0131n\u0131 sizler i\u00e7in yazd\u0131k.\" \/>\n<meta property=\"og:url\" content=\"https:\/\/julesverne.com.tr\/travel-blog\/en-keyifli-yunan-adalari\/\" \/>\n<meta property=\"og:site_name\" content=\"JULES VERNE BUSINESS MICE TRAVEL\" \/>\n<meta property=\"article:publisher\" content=\"https:\/\/www.facebook.com\/JulesVerneBusinessMiceTravel\/\" \/>\n<meta property=\"article:published_time\" content=\"2022-07-01T07:10:14+00:00\" \/>\n<meta property=\"article:modified_time\" content=\"2022-07-04T12:13:48+00:00\" \/>\n<meta property=\"og:image\" content=\"https:\/\/julesverne.com.tr\/wp-content\/uploads\/2021\/08\/santorini_shutterstock_1031111119.jpg\" \/>\n\t<meta property=\"og:image:width\" content=\"1000\" \/>\n\t<meta property=\"og:image:height\" content=\"627\" \/>\n\t<meta property=\"og:image:type\" content=\"image\/jpeg\" \/>\n<meta name=\"author\" content=\"Ebru Alt\u0131n\" \/>\n<meta name=\"twitter:card\" content=\"summary_large_image\" \/>\n<meta name=\"twitter:creator\" content=\"@JV_BusinessMice\" \/>\n<meta name=\"twitter:site\" content=\"@JV_BusinessMice\" \/>\n<meta name=\"twitter:label1\" content=\"Written by\" \/>\n\t<meta name=\"twitter:data1\" content=\"Ebru Alt\u0131n\" \/>\n\t<meta name=\"twitter:label2\" content=\"Est. reading time\" \/>\n\t<meta name=\"twitter:data2\" content=\"17 minutes\" \/>\n<script type=\"application\/ld+json\" class=\"yoast-schema-graph\">{\"@context\":\"https:\/\/schema.org\",\"@graph\":[{\"@type\":\"Article\",\"@id\":\"https:\/\/julesverne.com.tr\/travel-blog\/en-keyifli-yunan-adalari\/#article\",\"isPartOf\":{\"@id\":\"https:\/\/julesverne.com.tr\/travel-blog\/en-keyifli-yunan-adalari\/\"},\"author\":{\"name\":\"Ebru Alt\u0131n\",\"@id\":\"https:\/\/julesverne.com.tr\/#\/schema\/person\/219931edfe2e7d9cbbcbabb8a7e4c7f4\"},\"headline\":\"En Keyifli Yunan Adalar\u0131\",\"datePublished\":\"2022-07-01T07:10:14+00:00\",\"dateModified\":\"2022-07-04T12:13:48+00:00\",\"mainEntityOfPage\":{\"@id\":\"https:\/\/julesverne.com.tr\/travel-blog\/en-keyifli-yunan-adalari\/\"},\"wordCount\":6168,\"publisher\":{\"@id\":\"https:\/\/julesverne.com.tr\/#organization\"},\"image\":{\"@id\":\"https:\/\/julesverne.com.tr\/travel-blog\/en-keyifli-yunan-adalari\/#primaryimage\"},\"thumbnailUrl\":\"https:\/\/julesverne.com.tr\/wp-content\/uploads\/2021\/08\/santorini_shutterstock_1031111119.jpg\",\"keywords\":[\"Blog\",\"\u0130lham Veren Destinasyonlar\",\"Yunan Adalar\u0131 Seyahat Rehberi\",\"Yunanistan Seyahat Rehberi\"],\"articleSection\":[\"\u0130lham Veren Destinasyonlar\",\"Blog\",\"Nereye Gitsek?\"],\"inLanguage\":\"en-US\"},{\"@type\":\"WebPage\",\"@id\":\"https:\/\/julesverne.com.tr\/travel-blog\/en-keyifli-yunan-adalari\/\",\"url\":\"https:\/\/julesverne.com.tr\/travel-blog\/en-keyifli-yunan-adalari\/\",\"name\":\"En Keyifli Yunan Adalar\u0131 - JULES VERNE BUSINESS MICE TRAVEL\",\"isPartOf\":{\"@id\":\"https:\/\/julesverne.com.tr\/#website\"},\"primaryImageOfPage\":{\"@id\":\"https:\/\/julesverne.com.tr\/travel-blog\/en-keyifli-yunan-adalari\/#primaryimage\"},\"image\":{\"@id\":\"https:\/\/julesverne.com.tr\/travel-blog\/en-keyifli-yunan-adalari\/#primaryimage\"},\"thumbnailUrl\":\"https:\/\/julesverne.com.tr\/wp-content\/uploads\/2021\/08\/santorini_shutterstock_1031111119.jpg\",\"datePublished\":\"2022-07-01T07:10:14+00:00\",\"dateModified\":\"2022-07-04T12:13:48+00:00\",\"description\":\"Yunanistan k\u00fclt\u00fcr ve gelene\u011finin ayr\u0131lmaz bir par\u00e7as\u0131 olan\u00a0Yunan Adalar\u0131\u00a0dedi\u011fimizde asl\u0131nda say\u0131lar\u0131 neredeyse 6000\u2019i buluyor. \u0130rili ufakl\u0131 bu adalar\u0131n 227 tanesinde ise yerle\u015fim var. Masmavi sular, karakteristik k\u00f6yler, leziz tavernalar ve hepimizin ihtiya\u00e7 duydu\u011fu \u201czaman\u0131 yava\u015flatma\u201d arzusuyla Yunan Adalar\u0131 her zaman \u00e7ok keyifli. En keyifli Yunan Adalar\u0131n\u0131 sizler i\u00e7in yazd\u0131k.\",\"breadcrumb\":{\"@id\":\"https:\/\/julesverne.com.tr\/travel-blog\/en-keyifli-yunan-adalari\/#breadcrumb\"},\"inLanguage\":\"en-US\",\"potentialAction\":[{\"@type\":\"ReadAction\",\"target\":[\"https:\/\/julesverne.com.tr\/travel-blog\/en-keyifli-yunan-adalari\/\"]}]},{\"@type\":\"ImageObject\",\"inLanguage\":\"en-US\",\"@id\":\"https:\/\/julesverne.com.tr\/travel-blog\/en-keyifli-yunan-adalari\/#primaryimage\",\"url\":\"https:\/\/julesverne.com.tr\/wp-content\/uploads\/2021\/08\/santorini_shutterstock_1031111119.jpg\",\"contentUrl\":\"https:\/\/julesverne.com.tr\/wp-content\/uploads\/2021\/08\/santorini_shutterstock_1031111119.jpg\",\"width\":1000,\"height\":627},{\"@type\":\"BreadcrumbList\",\"@id\":\"https:\/\/julesverne.com.tr\/travel-blog\/en-keyifli-yunan-adalari\/#breadcrumb\",\"itemListElement\":[{\"@type\":\"ListItem\",\"position\":1,\"name\":\"Anasayfa\",\"item\":\"https:\/\/julesverne.com.tr\/\"},{\"@type\":\"ListItem\",\"position\":2,\"name\":\"En Keyifli Yunan Adalar\u0131\"}]},{\"@type\":\"WebSite\",\"@id\":\"https:\/\/julesverne.com.tr\/#website\",\"url\":\"https:\/\/julesverne.com.tr\/\",\"name\":\"JULES VERNE BUSINESS MICE TRAVEL\",\"description\":\"\",\"publisher\":{\"@id\":\"https:\/\/julesverne.com.tr\/#organization\"},\"potentialAction\":[{\"@type\":\"SearchAction\",\"target\":{\"@type\":\"EntryPoint\",\"urlTemplate\":\"https:\/\/julesverne.com.tr\/?s={search_term_string}\"},\"query-input\":\"required name=search_term_string\"}],\"inLanguage\":\"en-US\"},{\"@type\":\"Organization\",\"@id\":\"https:\/\/julesverne.com.tr\/#organization\",\"name\":\"JULES VERNE BUSINESS MICE TRAVEL\",\"url\":\"https:\/\/julesverne.com.tr\/\",\"logo\":{\"@type\":\"ImageObject\",\"inLanguage\":\"en-US\",\"@id\":\"https:\/\/julesverne.com.tr\/#\/schema\/logo\/image\/\",\"url\":\"https:\/\/julesverne.com.tr\/wp-content\/uploads\/2020\/09\/jv-bmt-logo.png\",\"contentUrl\":\"https:\/\/julesverne.com.tr\/wp-content\/uploads\/2020\/09\/jv-bmt-logo.png\",\"width\":110,\"height\":81,\"caption\":\"JULES VERNE BUSINESS MICE TRAVEL\"},\"image\":{\"@id\":\"https:\/\/julesverne.com.tr\/#\/schema\/logo\/image\/\"},\"sameAs\":[\"https:\/\/www.facebook.com\/JulesVerneBusinessMiceTravel\/\",\"https:\/\/twitter.com\/JV_BusinessMice\",\"https:\/\/www.instagram.com\/julesvernebusinessmicetravel\/\",\"https:\/\/www.linkedin.com\/company\/julesvernebusinessmicetravel\/\",\"https:\/\/www.youtube.com\/channel\/UCAwdsmbZ6tFhu1tea6pkpiw\"]},{\"@type\":\"Person\",\"@id\":\"https:\/\/julesverne.com.tr\/#\/schema\/person\/219931edfe2e7d9cbbcbabb8a7e4c7f4\",\"name\":\"Ebru Alt\u0131n\",\"url\":\"https:\/\/julesverne.com.tr\/en\/author\/ebru-altin\/\"}]}<\/script>\n<!-- \/ Yoast SEO plugin. -->","yoast_head_json":{"title":"En Keyifli Yunan Adalar\u0131 - JULES VERNE BUSINESS MICE TRAVEL","description":"Yunanistan k\u00fclt\u00fcr ve gelene\u011finin ayr\u0131lmaz bir par\u00e7as\u0131 olan\u00a0Yunan Adalar\u0131\u00a0dedi\u011fimizde asl\u0131nda say\u0131lar\u0131 neredeyse 6000\u2019i buluyor. \u0130rili ufakl\u0131 bu adalar\u0131n 227 tanesinde ise yerle\u015fim var. Masmavi sular, karakteristik k\u00f6yler, leziz tavernalar ve hepimizin ihtiya\u00e7 duydu\u011fu \u201czaman\u0131 yava\u015flatma\u201d arzusuyla Yunan Adalar\u0131 her zaman \u00e7ok keyifli. En keyifli Yunan Adalar\u0131n\u0131 sizler i\u00e7in yazd\u0131k.","robots":{"index":"index","follow":"follow","max-snippet":"max-snippet:-1","max-image-preview":"max-image-preview:large","max-video-preview":"max-video-preview:-1"},"canonical":"https:\/\/julesverne.com.tr\/travel-blog\/en-keyifli-yunan-adalari\/","og_locale":"en_US","og_type":"article","og_title":"En Keyifli Yunan Adalar\u0131 - JULES VERNE BUSINESS MICE TRAVEL","og_description":"Yunanistan k\u00fclt\u00fcr ve gelene\u011finin ayr\u0131lmaz bir par\u00e7as\u0131 olan\u00a0Yunan Adalar\u0131\u00a0dedi\u011fimizde asl\u0131nda say\u0131lar\u0131 neredeyse 6000\u2019i buluyor. \u0130rili ufakl\u0131 bu adalar\u0131n 227 tanesinde ise yerle\u015fim var. Masmavi sular, karakteristik k\u00f6yler, leziz tavernalar ve hepimizin ihtiya\u00e7 duydu\u011fu \u201czaman\u0131 yava\u015flatma\u201d arzusuyla Yunan Adalar\u0131 her zaman \u00e7ok keyifli. En keyifli Yunan Adalar\u0131n\u0131 sizler i\u00e7in yazd\u0131k.","og_url":"https:\/\/julesverne.com.tr\/travel-blog\/en-keyifli-yunan-adalari\/","og_site_name":"JULES VERNE BUSINESS MICE TRAVEL","article_publisher":"https:\/\/www.facebook.com\/JulesVerneBusinessMiceTravel\/","article_published_time":"2022-07-01T07:10:14+00:00","article_modified_time":"2022-07-04T12:13:48+00:00","og_image":[{"width":1000,"height":627,"url":"https:\/\/julesverne.com.tr\/wp-content\/uploads\/2021\/08\/santorini_shutterstock_1031111119.jpg","type":"image\/jpeg"}],"author":"Ebru Alt\u0131n","twitter_card":"summary_large_image","twitter_creator":"@JV_BusinessMice","twitter_site":"@JV_BusinessMice","twitter_misc":{"Written by":"Ebru Alt\u0131n","Est. reading time":"17 minutes"},"schema":{"@context":"https:\/\/schema.org","@graph":[{"@type":"Article","@id":"https:\/\/julesverne.com.tr\/travel-blog\/en-keyifli-yunan-adalari\/#article","isPartOf":{"@id":"https:\/\/julesverne.com.tr\/travel-blog\/en-keyifli-yunan-adalari\/"},"author":{"name":"Ebru Alt\u0131n","@id":"https:\/\/julesverne.com.tr\/#\/schema\/person\/219931edfe2e7d9cbbcbabb8a7e4c7f4"},"headline":"En Keyifli Yunan Adalar\u0131","datePublished":"2022-07-01T07:10:14+00:00","dateModified":"2022-07-04T12:13:48+00:00","mainEntityOfPage":{"@id":"https:\/\/julesverne.com.tr\/travel-blog\/en-keyifli-yunan-adalari\/"},"wordCount":6168,"publisher":{"@id":"https:\/\/julesverne.com.tr\/#organization"},"image":{"@id":"https:\/\/julesverne.com.tr\/travel-blog\/en-keyifli-yunan-adalari\/#primaryimage"},"thumbnailUrl":"https:\/\/julesverne.com.tr\/wp-content\/uploads\/2021\/08\/santorini_shutterstock_1031111119.jpg","keywords":["Blog","\u0130lham Veren Destinasyonlar","Yunan Adalar\u0131 Seyahat Rehberi","Yunanistan Seyahat Rehberi"],"articleSection":["\u0130lham Veren Destinasyonlar","Blog","Nereye Gitsek?"],"inLanguage":"en-US"},{"@type":"WebPage","@id":"https:\/\/julesverne.com.tr\/travel-blog\/en-keyifli-yunan-adalari\/","url":"https:\/\/julesverne.com.tr\/travel-blog\/en-keyifli-yunan-adalari\/","name":"En Keyifli Yunan Adalar\u0131 - JULES VERNE BUSINESS MICE TRAVEL","isPartOf":{"@id":"https:\/\/julesverne.com.tr\/#website"},"primaryImageOfPage":{"@id":"https:\/\/julesverne.com.tr\/travel-blog\/en-keyifli-yunan-adalari\/#primaryimage"},"image":{"@id":"https:\/\/julesverne.com.tr\/travel-blog\/en-keyifli-yunan-adalari\/#primaryimage"},"thumbnailUrl":"https:\/\/julesverne.com.tr\/wp-content\/uploads\/2021\/08\/santorini_shutterstock_1031111119.jpg","datePublished":"2022-07-01T07:10:14+00:00","dateModified":"2022-07-04T12:13:48+00:00","description":"Yunanistan k\u00fclt\u00fcr ve gelene\u011finin ayr\u0131lmaz bir par\u00e7as\u0131 olan\u00a0Yunan Adalar\u0131\u00a0dedi\u011fimizde asl\u0131nda say\u0131lar\u0131 neredeyse 6000\u2019i buluyor. \u0130rili ufakl\u0131 bu adalar\u0131n 227 tanesinde ise yerle\u015fim var. Masmavi sular, karakteristik k\u00f6yler, leziz tavernalar ve hepimizin ihtiya\u00e7 duydu\u011fu \u201czaman\u0131 yava\u015flatma\u201d arzusuyla Yunan Adalar\u0131 her zaman \u00e7ok keyifli. En keyifli Yunan Adalar\u0131n\u0131 sizler i\u00e7in yazd\u0131k.","breadcrumb":{"@id":"https:\/\/julesverne.com.tr\/travel-blog\/en-keyifli-yunan-adalari\/#breadcrumb"},"inLanguage":"en-US","potentialAction":[{"@type":"ReadAction","target":["https:\/\/julesverne.com.tr\/travel-blog\/en-keyifli-yunan-adalari\/"]}]},{"@type":"ImageObject","inLanguage":"en-US","@id":"https:\/\/julesverne.com.tr\/travel-blog\/en-keyifli-yunan-adalari\/#primaryimage","url":"https:\/\/julesverne.com.tr\/wp-content\/uploads\/2021\/08\/santorini_shutterstock_1031111119.jpg","contentUrl":"https:\/\/julesverne.com.tr\/wp-content\/uploads\/2021\/08\/santorini_shutterstock_1031111119.jpg","width":1000,"height":627},{"@type":"BreadcrumbList","@id":"https:\/\/julesverne.com.tr\/travel-blog\/en-keyifli-yunan-adalari\/#breadcrumb","itemListElement":[{"@type":"ListItem","position":1,"name":"Anasayfa","item":"https:\/\/julesverne.com.tr\/"},{"@type":"ListItem","position":2,"name":"En Keyifli Yunan Adalar\u0131"}]},{"@type":"WebSite","@id":"https:\/\/julesverne.com.tr\/#website","url":"https:\/\/julesverne.com.tr\/","name":"JULES VERNE BUSINESS MICE TRAVEL","description":"","publisher":{"@id":"https:\/\/julesverne.com.tr\/#organization"},"potentialAction":[{"@type":"SearchAction","target":{"@type":"EntryPoint","urlTemplate":"https:\/\/julesverne.com.tr\/?s={search_term_string}"},"query-input":"required name=search_term_string"}],"inLanguage":"en-US"},{"@type":"Organization","@id":"https:\/\/julesverne.com.tr\/#organization","name":"JULES VERNE BUSINESS MICE TRAVEL","url":"https:\/\/julesverne.com.tr\/","logo":{"@type":"ImageObject","inLanguage":"en-US","@id":"https:\/\/julesverne.com.tr\/#\/schema\/logo\/image\/","url":"https:\/\/julesverne.com.tr\/wp-content\/uploads\/2020\/09\/jv-bmt-logo.png","contentUrl":"https:\/\/julesverne.com.tr\/wp-content\/uploads\/2020\/09\/jv-bmt-logo.png","width":110,"height":81,"caption":"JULES VERNE BUSINESS MICE TRAVEL"},"image":{"@id":"https:\/\/julesverne.com.tr\/#\/schema\/logo\/image\/"},"sameAs":["https:\/\/www.facebook.com\/JulesVerneBusinessMiceTravel\/","https:\/\/twitter.com\/JV_BusinessMice","https:\/\/www.instagram.com\/julesvernebusinessmicetravel\/","https:\/\/www.linkedin.com\/company\/julesvernebusinessmicetravel\/","https:\/\/www.youtube.com\/channel\/UCAwdsmbZ6tFhu1tea6pkpiw"]},{"@type":"Person","@id":"https:\/\/julesverne.com.tr\/#\/schema\/person\/219931edfe2e7d9cbbcbabb8a7e4c7f4","name":"Ebru Alt\u0131n","url":"https:\/\/julesverne.com.tr\/en\/author\/ebru-altin\/"}]}},"_links":{"self":[{"href":"https:\/\/julesverne.com.tr\/en\/wp-json\/wp\/v2\/posts\/8964"}],"collection":[{"href":"https:\/\/julesverne.com.tr\/en\/wp-json\/wp\/v2\/posts"}],"about":[{"href":"https:\/\/julesverne.com.tr\/en\/wp-json\/wp\/v2\/types\/post"}],"author":[{"embeddable":true,"href":"https:\/\/julesverne.com.tr\/en\/wp-json\/wp\/v2\/users\/10"}],"replies":[{"embeddable":true,"href":"https:\/\/julesverne.com.tr\/en\/wp-json\/wp\/v2\/comments?post=8964"}],"version-history":[{"count":2,"href":"https:\/\/julesverne.com.tr\/en\/wp-json\/wp\/v2\/posts\/8964\/revisions"}],"predecessor-version":[{"id":13466,"href":"https:\/\/julesverne.com.tr\/en\/wp-json\/wp\/v2\/posts\/8964\/revisions\/13466"}],"wp:featuredmedia":[{"embeddable":true,"href":"https:\/\/julesverne.com.tr\/en\/wp-json\/wp\/v2\/media\/10079"}],"wp:attachment":[{"href":"https:\/\/julesverne.com.tr\/en\/wp-json\/wp\/v2\/media?parent=8964"}],"wp:term":[{"taxonomy":"category","embeddable":true,"href":"https:\/\/julesverne.com.tr\/en\/wp-json\/wp\/v2\/categories?post=8964"},{"taxonomy":"post_tag","embeddable":true,"href":"https:\/\/julesverne.com.tr\/en\/wp-json\/wp\/v2\/tags?post=8964"}],"curies":[{"name":"wp","href":"https:\/\/api.w.org\/{rel}","templated":true}]}}