{"id":8893,"date":"2024-09-04T10:14:48","date_gmt":"2024-09-04T07:14:48","guid":{"rendered":"https:\/\/julesverne.com.tr\/?p=8893"},"modified":"2024-09-06T13:57:29","modified_gmt":"2024-09-06T10:57:29","slug":"fas-sehirler","status":"publish","type":"post","link":"https:\/\/julesverne.com.tr\/en\/travel-blog\/fas-sehirler\/","title":{"rendered":"Fas Seyahat Prosed\u00fcrleri ve Fas&#8217;\u0131n G\u00f6r\u00fclmeye De\u011fer \u015eehirleri"},"content":{"rendered":"<p><img loading=\"lazy\" decoding=\"async\" class=\"alignnone wp-image-8908\" src=\"https:\/\/julesverne.com.tr\/wp-content\/uploads\/2021\/06\/shutterstock_598048292-500x323.jpg\" alt=\"\" width=\"1200\" height=\"774\" srcset=\"https:\/\/julesverne.com.tr\/wp-content\/uploads\/2021\/06\/shutterstock_598048292-500x323.jpg 500w, https:\/\/julesverne.com.tr\/wp-content\/uploads\/2021\/06\/shutterstock_598048292-768x495.jpg 768w, https:\/\/julesverne.com.tr\/wp-content\/uploads\/2021\/06\/shutterstock_598048292.jpg 1000w\" sizes=\"(max-width: 1200px) 100vw, 1200px\" \/><\/p>\n<p><strong>21 Haziran 2021 <\/strong>tarihinden itibaren,<strong> 2 doz Covid-19 A\u015f\u0131 <\/strong>s\u00fcreci en az<strong> 14 g\u00fcn \u00f6nce <\/strong>tamamlanm\u0131\u015f T\u00fcrk Vatanda\u015flar\u0131 <strong>a\u015f\u0131 sertifikalar\u0131<\/strong>n\u0131 ibraz ederek <strong>Fas&#8217;a <\/strong>giri\u015f yapabiliyor. A\u015f\u0131 s\u00fcreci hen\u00fcz tamamlanmayan yolcular\u0131n\u00a0 \u00fclkeye giri\u015ften\u00a0azami 48 saat \u00f6nce yap\u0131lm\u0131\u015f <strong>negatif PCR test sonucu<\/strong> ibraz etmesi gerekiyor.<\/p>\n<p><strong>T\u00fcrk vatanda\u015flar\u0131ndan vize talep etmeyen, k\u0131sa u\u00e7u\u015flarla ula\u015fabilece\u011finiz Fas mistik ve oryantal dokulara sahip bir ke\u015fif i\u00e7in her zaman renkli ve ilham verici!<\/strong><\/p>\n<h1><strong>T\u00fcrkiye\u2019den Fas\u2019a Seyahat Ederken Giri\u015fte Aranan \u015eartlar\u00a0<\/strong><\/h1>\n<ul>\n<li>Var\u0131\u015ftan en az 2 hafta \u00f6nce tam olarak a\u015f\u0131lanm\u0131\u015f olduklar\u0131n\u0131 g\u00f6steren bir <strong>COVID-19 a\u015f\u0131 sertifikas\u0131 <\/strong>(11 ya\u015f ve \u00fczeri yolcular i\u00e7in)<\/li>\n<li>A\u015f\u0131 s\u00fcre\u00e7leri hen\u00fcz tamamlanmayanlar i\u00e7in\u00a0\u00fclkeye giri\u015ften\u00a0azami 48 saat \u00f6nce yap\u0131lm\u0131\u015f <strong>negatif PCR test sonucu<\/strong> ibraz etmeleri zorunludur. Test sonucu Arap\u00e7a, Frans\u0131zca veya \u0130ngilizce olmal\u0131d\u0131r.<\/li>\n<li>Fas&#8217;a giri\u015flerde <a href=\"http:\/\/www.onda.ma\/\">www.onda.ma<\/a> sitesindeki <strong>Sa\u011fl\u0131k formu<\/strong>nun doldurulmas\u0131 gerekmektedir. Form yazd\u0131r\u0131lmal\u0131 ve var\u0131\u015fta sunulmal\u0131d\u0131r.<\/li>\n<li><strong>T\u00fcrkiye seyahat izni verilen \u00fclke<\/strong> kategorisinde olmas\u0131ndan \u00f6t\u00fcr\u00fc <strong>karantina gerekli de\u011fildir<\/strong>. Fas&#8217;\u0131n B kategorisi \u00fclke kapsam\u0131nda say\u0131lan yandaki linkteki \u00fclkelerde <strong>1 Haziran 2021 \u00f6ncesinde bulunulmam\u0131\u015f olmas\u0131<\/strong> gerekmektedir. ( \u00dclke listesinin g\u00fcncel haline <a href=\"http:\/\/www.onda.ma\/en\/I-am-passenger\/Traveller-Guide\/Coronavirus-Passenger-information\">bu linkten\u00a0<\/a> ula\u015fabilirsiniz)<\/li>\n<\/ul>\n<p style=\"text-align: left;\"><strong>COVID-19 tedbirleri kapsam\u0131nda \u00fclkelerin giri\u015f kurallar\u0131, \u00fclkelerin resmi mercileri taraf\u0131ndan g\u00fcnl\u00fck veya anl\u0131k olarak de\u011fi\u015ftirilebilmektedir. <\/strong><strong>Seyahat etmek istedi\u011finiz destinasyona ili\u015fkin bilgi ve sorular\u0131n\u0131z i\u00e7in:\u00a0<a href=\"mailto:travel@julesverne.com.tr\">travel@julesverne.com.tr<\/a><\/strong><\/p>\n<h1>Fas&#8217;\u0131n G\u00f6r\u00fclmeye De\u011fer \u015eehirleri<\/h1>\n<h2><img loading=\"lazy\" decoding=\"async\" class=\"alignnone wp-image-8904\" src=\"https:\/\/julesverne.com.tr\/wp-content\/uploads\/2021\/06\/shutterstock_1900097506-500x283.jpg\" alt=\"\" width=\"1200\" height=\"679\" srcset=\"https:\/\/julesverne.com.tr\/wp-content\/uploads\/2021\/06\/shutterstock_1900097506-500x283.jpg 500w, https:\/\/julesverne.com.tr\/wp-content\/uploads\/2021\/06\/shutterstock_1900097506-768x435.jpg 768w, https:\/\/julesverne.com.tr\/wp-content\/uploads\/2021\/06\/shutterstock_1900097506-400x225.jpg 400w, https:\/\/julesverne.com.tr\/wp-content\/uploads\/2021\/06\/shutterstock_1900097506.jpg 1000w\" sizes=\"(max-width: 1200px) 100vw, 1200px\" \/><strong>MARAKE\u015e<\/strong><\/h2>\n<p>Fas dendi\u011finde ilk akla gelen \u015fehirlerden biri <strong>Marake\u015f<\/strong> oluyor. Mimari, sanatsal ve k\u00fclt\u00fcrel miras\u0131 nedeniyle <strong>2020 Afrika K\u00fclt\u00fcr ba\u015fkenti<\/strong> se\u00e7ilen, bina cephelerinden kald\u0131r\u0131mlar\u0131na, duvarlar\u0131ndan topra\u011f\u0131na kadar k\u0131z\u0131l rengiyle bir ate\u015f topunu and\u0131ran \u015fehrin \u201cK\u0131z\u0131l \u015eehir\u201d unvan\u0131n\u0131 alan Marake\u015f, Kuzey Afrika\u2019n\u0131n en egzotik \u015fehirlerinden biri. Son y\u0131llarda yeniden gezginlerin radar\u0131na girmesindeki as\u0131l sebep ise bu labirenti and\u0131ran \u015fehrin otantikli\u011fini ve kendine has renklerini kaybetmiyor olmas\u0131. Y\u00fczy\u0131llard\u0131r sanat\u00e7\u0131lar\u0131n, yazarlar\u0131n ilham almak i\u00e7in tercih etti\u011fi bu gizemli d\u00fcnya surlar i\u00e7erisinde kalan, eski \u015fehir Medina ve modern binalardan olu\u015fan Gu\u00e9liz b\u00f6l\u00fcmlerinden olu\u015fuyor.<\/p>\n<p><img loading=\"lazy\" decoding=\"async\" class=\"alignnone wp-image-8896\" src=\"https:\/\/julesverne.com.tr\/wp-content\/uploads\/2021\/06\/marakes-500x334.jpg\" alt=\"\" width=\"1200\" height=\"801\" srcset=\"https:\/\/julesverne.com.tr\/wp-content\/uploads\/2021\/06\/marakes-500x334.jpg 500w, https:\/\/julesverne.com.tr\/wp-content\/uploads\/2021\/06\/marakes-768x513.jpg 768w, https:\/\/julesverne.com.tr\/wp-content\/uploads\/2021\/06\/marakes.jpg 797w\" sizes=\"(max-width: 1200px) 100vw, 1200px\" \/><\/p>\n<ul>\n<li>Ger\u00e7ek bir Marake\u015f deneyimi ya\u015famak i\u00e7in, eski \u015fehir <strong>Medina<\/strong>\u2019da, arabalar\u0131n giremedi\u011fi dar sokaklara gizlenen <strong>riad<\/strong> tipi otellerden birinde kalmal\u0131s\u0131n\u0131z. L\u00fcks tasar\u0131mlar\u0131 ve b\u00fcy\u00fcl\u00fc avlular\u0131yla her biri ba\u015f d\u00f6nd\u00fcr\u00fcc\u00fc!<\/li>\n<li>Her ne kadar ke\u015fmeke\u015fi, sizi bir kolunuzdan \u00e7ekip bir \u015feyler satmaya \u00e7al\u0131\u015fan yerlileriyle kaotik g\u00f6r\u00fcnse de <strong>Cema el Fna Meydan\u0131<\/strong>\u2019n\u0131 g\u00f6rmelisiniz.<\/li>\n<li>Jacques Majorelle\u2019in evi, Yves Saint Laurent\u2019\u0131n g\u00f6n\u00fcl ba\u011f\u0131 olan ve bug\u00fcn reng\u00e2renk tasar\u0131m\u0131 ve bitkilerle fantastik bir d\u00fcnya sunan <strong>Majorel Bah\u00e7eleri<\/strong>\u2019ni g\u00f6rmeden Marake\u015f seyahatiniz tamamlanm\u0131\u015f say\u0131lmaz.<\/li>\n<li>\u00dcnl\u00fc tasar\u0131mc\u0131 Yves Saint Laurent\u2019\u0131n 40 senelik kariyerini sergileyen <strong>Mus\u00e9e Yves Saint Laurent<\/strong> hem bina tasar\u0131m\u0131 hem de koleksiyonuyla \u00e7ok etkileyici.<\/li>\n<\/ul>\n<h2><strong><img loading=\"lazy\" decoding=\"async\" class=\"alignnone wp-image-8898\" src=\"https:\/\/julesverne.com.tr\/wp-content\/uploads\/2021\/06\/rabat_fas_shutterstock_401157610-500x334.jpg\" alt=\"\" width=\"1200\" height=\"800\" srcset=\"https:\/\/julesverne.com.tr\/wp-content\/uploads\/2021\/06\/rabat_fas_shutterstock_401157610-500x334.jpg 500w, https:\/\/julesverne.com.tr\/wp-content\/uploads\/2021\/06\/rabat_fas_shutterstock_401157610-768x512.jpg 768w, https:\/\/julesverne.com.tr\/wp-content\/uploads\/2021\/06\/rabat_fas_shutterstock_401157610.jpg 1000w\" sizes=\"(max-width: 1200px) 100vw, 1200px\" \/><\/strong><strong>RABAT<\/strong><\/h2>\n<p>Atlantik k\u0131y\u0131s\u0131nda yer alan, Fas&#8217;\u0131n ba\u015fkenti, ayn\u0131 zamanda \u00fclkenin finans merkezi <strong>Rabat<\/strong> \u015fimdiye kadar geri planda kalm\u0131\u015f gibi g\u00f6r\u00fcnse de kesinlikle ke\u015ffe de\u011fer! <strong>Unesco D\u00fcnya Miras\u0131<\/strong> listesindeki, 2019 y\u0131l\u0131nda ger\u00e7ekle\u015fen Rabat Bienali sayesinde d\u00fcnyan\u0131n ilgisini \u00e7eken Rabat belirgin bir \u015fekilde Avrupa etkisinde kalm\u0131\u015f renkli bir \u015fehir. Arap\u00e7a, \u0130ngilizce ve Frans\u0131zca dillerinin h\u00e2kim oldu\u011fu yerel ya\u015fam\u0131, temiz sokaklar\u0131, hareketli ya\u015fam\u0131 ile g\u00f6r\u00fclmeye de\u011fer! Canl\u0131 sosyal hayat\u0131, kartpostallarda g\u00f6rd\u00fc\u011f\u00fcm\u00fcz mavi boyal\u0131 evleri ve <strong>End\u00fcl\u00fcs Bah\u00e7eleri<\/strong> ile Rabat Fas\u2019\u0131n en g\u00fczel \u015fehirlerinden biri.<\/p>\n<h2 dir=\"auto\"><strong><img loading=\"lazy\" decoding=\"async\" class=\"alignnone wp-image-8901\" src=\"https:\/\/julesverne.com.tr\/wp-content\/uploads\/2021\/06\/Chefchaouen_shutterstock_1399247843-500x279.jpg\" alt=\"\" width=\"1200\" height=\"670\" srcset=\"https:\/\/julesverne.com.tr\/wp-content\/uploads\/2021\/06\/Chefchaouen_shutterstock_1399247843-500x279.jpg 500w, https:\/\/julesverne.com.tr\/wp-content\/uploads\/2021\/06\/Chefchaouen_shutterstock_1399247843-768x429.jpg 768w, https:\/\/julesverne.com.tr\/wp-content\/uploads\/2021\/06\/Chefchaouen_shutterstock_1399247843.jpg 1000w\" sizes=\"(max-width: 1200px) 100vw, 1200px\" \/><\/strong><strong>CHEFCHAOUEN\u00a0<\/strong><\/h2>\n<div dir=\"auto\">Fas\u2019\u0131n mavi boyal\u0131 evleriyle \u00fcnl\u00fc b\u00fcy\u00fcleyici kenti Chefchaouen tarih boyunca hem M\u00fcsl\u00fcman Araplar\u0131n, hem Musevilerin hem de Katolik \u0130spanyollar\u0131n ya\u015fad\u0131\u011f\u0131 \u00e7ok k\u00fclt\u00fcrl\u00fc bir merkez olmu\u015f.\u2060 Bizdeki Mardin misali bir yamac\u0131n \u00fczerine kurulmu\u015f dik, dar ve i\u00e7 i\u00e7e sokaklarla \u00e7evrili olan bu b\u00fcy\u00fcl\u00fc kentin en b\u00fcy\u00fck \u00f6zelli\u011fi karakteristik kap\u0131lar\u0131, kapal\u0131 \u00e7ar\u015f\u0131s\u0131 ve masmavi duvarlar\u0131.<\/div>\n<h2><img loading=\"lazy\" decoding=\"async\" class=\"alignnone wp-image-8907\" src=\"https:\/\/julesverne.com.tr\/wp-content\/uploads\/2021\/06\/fez_shutterstock_422223169-500x334.jpg\" alt=\"\" width=\"1200\" height=\"800\" srcset=\"https:\/\/julesverne.com.tr\/wp-content\/uploads\/2021\/06\/fez_shutterstock_422223169-500x334.jpg 500w, https:\/\/julesverne.com.tr\/wp-content\/uploads\/2021\/06\/fez_shutterstock_422223169-768x512.jpg 768w, https:\/\/julesverne.com.tr\/wp-content\/uploads\/2021\/06\/fez_shutterstock_422223169.jpg 1000w\" sizes=\"(max-width: 1200px) 100vw, 1200px\" \/><strong>FEZ<\/strong><\/h2>\n<p>9. y\u00fczy\u0131lda kurulmu\u015f surlarla \u00e7evrili bir orta \u00e7a\u011f \u015fehri olan Fez d\u00fcnyada orta \u00e7a\u011f ruhunu en iyi korumu\u015f, Afrika, Arap ve Akdeniz k\u00fclt\u00fcr mozai\u011fini en iyi g\u00f6zlemleyebilece\u011finiz destinasyonlardan biri! Ayn\u0131 zamanda otantik \u00e7ekicilik dedi\u011finizde Marake\u015f&#8217;le yar\u0131\u015facak bir ambiyansa sahip. Ola\u011fan\u00fcst\u00fc bir restorasyon projesi ile eski binalara yeniden hayat verildi\u011finden beri bu sofistik \u015fehri ke\u015ffetmek \u00e7ok daha keyifli.\u2060 Fas&#8217;\u0131n k\u00fclt\u00fcrel ve el sanatlar\u0131 merkezi Fez Kuzey Afrika&#8217;daki en eski ve en b\u00fcy\u00fck Medina\u2019ya sahip. Marake\u015f ve Kazablanka \u015fehirlerine k\u0131yasla ger\u00e7ek Fas hayat\u0131n\u0131 g\u00f6rmek, lokal deneyimler ya\u015famak isteyenler i\u00e7in Fez daha iyi bir se\u00e7im!\u2060<\/p>\n<h2><img loading=\"lazy\" decoding=\"async\" class=\"alignnone wp-image-8899\" src=\"https:\/\/julesverne.com.tr\/wp-content\/uploads\/2021\/06\/casablanca-500x326.jpg\" alt=\"\" width=\"1200\" height=\"784\" srcset=\"https:\/\/julesverne.com.tr\/wp-content\/uploads\/2021\/06\/casablanca-500x326.jpg 500w, https:\/\/julesverne.com.tr\/wp-content\/uploads\/2021\/06\/casablanca-1280x836.jpg 1280w, https:\/\/julesverne.com.tr\/wp-content\/uploads\/2021\/06\/casablanca-768x501.jpg 768w, https:\/\/julesverne.com.tr\/wp-content\/uploads\/2021\/06\/casablanca-1536x1003.jpg 1536w, https:\/\/julesverne.com.tr\/wp-content\/uploads\/2021\/06\/casablanca-scaled.jpg 1600w\" sizes=\"(max-width: 1200px) 100vw, 1200px\" \/><strong>KAZABLANKA<\/strong><\/h2>\n<p>Atlas Okyanusu k\u0131y\u0131s\u0131nda kurulmu\u015f, egzotikli\u011fi ile herkesi cezbeden <strong>Kazablanka<\/strong> ilk bak\u0131\u015fta g\u00f6kdelenlerin y\u00fckselmeye ba\u015flad\u0131\u011f\u0131, Frans\u0131z etkisi alt\u0131nda bir metropol\u00fc and\u0131rsa da Kazablanka asl\u0131nda detaylarda gizli. D\u00fcnyan\u0131n en b\u00fcy\u00fck camisi olarak kabul edilen 2. Hasan Camii, geni\u015f caddeleri, Casablanca filminden hat\u0131rlad\u0131\u011f\u0131m\u0131z Rick&#8217;s Caf\u00e9\u2019si, g\u00f6kdelenlerin ard\u0131nda gizlenen tarihi Medina b\u00f6lgesi ve baharat kokan yerel halk pazarlar\u0131 \u015fehrin ger\u00e7ek y\u00fcz\u00fcn\u00fc yans\u0131t\u0131yor.<\/p>\n<h2><img loading=\"lazy\" decoding=\"async\" class=\"alignnone wp-image-8906\" src=\"https:\/\/julesverne.com.tr\/wp-content\/uploads\/2021\/06\/essaouira-morocco-500x332.jpg\" alt=\"\" width=\"1200\" height=\"796\" srcset=\"https:\/\/julesverne.com.tr\/wp-content\/uploads\/2021\/06\/essaouira-morocco-500x332.jpg 500w, https:\/\/julesverne.com.tr\/wp-content\/uploads\/2021\/06\/essaouira-morocco-768x510.jpg 768w, https:\/\/julesverne.com.tr\/wp-content\/uploads\/2021\/06\/essaouira-morocco.jpg 990w\" sizes=\"(max-width: 1200px) 100vw, 1200px\" \/>ESSAOUIRA<\/h2>\n<p>Fas\u2019\u0131n ba\u015fka bir g\u00f6zde destinasyonu ise Atlantik k\u0131y\u0131lar\u0131na yay\u0131lan Essaouira! Kartpostal gibi bir g\u00f6r\u00fcnt\u00fcye sahip \u015fehir Marake\u015f\u2019le yar\u0131\u015facak ambiyans\u0131 ve otantik ya\u015fam tarz\u0131yla birlikte Atlantik k\u0131y\u0131s\u0131n\u0131n avantajlar\u0131ndan faydalanan s\u00f6rf\u00e7\u00fclerin de g\u00f6zde rotas\u0131.<\/p>\n<div class=\"kvgmc6g5 cxmmr5t8 oygrvhab hcukyx3x c1et5uql ii04i59q\">\n<div dir=\"auto\" style=\"text-align: center;\">\n<p><strong>Vize ile ilgili detayl\u0131 bilgi ve sorular\u0131n\u0131z i\u00e7in:\u00a0<a href=\"mailto:Vize.Bolumu@julesverne.com.tr\">Vize.Bolumu@julesverne.com.tr<\/a><\/strong><\/p>\n<\/div>\n<\/div>\n<p><\/p>","protected":false},"excerpt":{"rendered":"<p>21 Haziran 2021 tarihinden itibaren, 2 doz Covid-19 A\u015f\u0131 s\u00fcreci en az 14 g\u00fcn \u00f6nce tamamlanm\u0131\u015f T\u00fcrk Vatanda\u015flar\u0131 a\u015f\u0131 sertifikalar\u0131n\u0131 ibraz ederek Fas&#8217;a giri\u015f yapabiliyor. A\u015f\u0131 s\u00fcreci hen\u00fcz tamamlanmayan yolcular\u0131n\u00a0 \u00fclkeye giri\u015ften\u00a0azami 48 saat \u00f6nce yap\u0131lm\u0131\u015f negatif PCR test sonucu ibraz etmesi gerekiyor. T\u00fcrk vatanda\u015flar\u0131ndan vize talep etmeyen, k\u0131sa u\u00e7u\u015flarla ula\u015fabilece\u011finiz Fas mistik ve oryantal [&hellip;]<\/p>\n","protected":false},"author":5,"featured_media":7773,"comment_status":"closed","ping_status":"closed","sticky":false,"template":"","format":"standard","meta":{"inline_featured_image":false,"footnotes":""},"categories":[38,1,39],"tags":[259,73],"acf":[],"yoast_head":"<!-- This site is optimized with the Yoast SEO plugin v22.3 - https:\/\/yoast.com\/wordpress\/plugins\/seo\/ -->\n<title>Fas Seyahat Prosed\u00fcrleri ve Fas&#039;\u0131n G\u00f6r\u00fclmeye De\u011fer \u015eehirleri - JULES VERNE BUSINESS MICE TRAVEL<\/title>\n<meta name=\"description\" content=\"Kuzey Afrika&#039;n\u0131n incisi Fas mistik ve b\u00fcy\u00fcleyici \u015fehirleriyle gezginleri kendine \u00e7eken bir cennet k\u00f6\u015fesi. \u00dcstelik T\u00fcrk vatanda\u015flar\u0131 i\u00e7in vize kolayl\u0131\u011f\u0131 sunmas\u0131, bu egzotik destinasyonu daha da cazip k\u0131l\u0131yor. Tarihi medinalar, labirent gibi sokaklar, canl\u0131 pazarlar, g\u00f6rkemli saraylar ve u\u00e7suz bucaks\u0131z \u00e7\u00f6ller, Fas&#039;\u0131 benzersiz bir seyahat deneyimi haline getiriyor.\" \/>\n<meta name=\"robots\" content=\"index, follow, max-snippet:-1, max-image-preview:large, max-video-preview:-1\" \/>\n<link rel=\"canonical\" href=\"https:\/\/julesverne.com.tr\/travel-blog\/fas-sehirler\/\" \/>\n<meta property=\"og:locale\" content=\"en_US\" \/>\n<meta property=\"og:type\" content=\"article\" \/>\n<meta property=\"og:title\" content=\"[:tr]Fas&#039;\u0131n G\u00f6r\u00fclmeye De\u011fer \u015eehirleri[:en]Fas Seyahat Prosed\u00fcrleri ve Fas&#039;\u0131n G\u00f6r\u00fclmeye De\u011fer \u015eehirleri[:] - JULES VERNE BUSINESS MICE TRAVEL\" \/>\n<meta property=\"og:description\" content=\"Kuzey Afrika&#039;n\u0131n incisi Fas mistik ve b\u00fcy\u00fcleyici \u015fehirleriyle gezginleri kendine \u00e7eken bir cennet k\u00f6\u015fesi. \u00dcstelik T\u00fcrk vatanda\u015flar\u0131 i\u00e7in vize kolayl\u0131\u011f\u0131 sunmas\u0131, bu egzotik destinasyonu daha da cazip k\u0131l\u0131yor. Tarihi medinalar, labirent gibi sokaklar, canl\u0131 pazarlar, g\u00f6rkemli saraylar ve u\u00e7suz bucaks\u0131z \u00e7\u00f6ller, Fas&#039;\u0131 benzersiz bir seyahat deneyimi haline getiriyor.\" \/>\n<meta property=\"og:url\" content=\"https:\/\/julesverne.com.tr\/travel-blog\/fas-sehirler\/\" \/>\n<meta property=\"og:site_name\" content=\"JULES VERNE BUSINESS MICE TRAVEL\" \/>\n<meta property=\"article:publisher\" content=\"https:\/\/www.facebook.com\/JulesVerneBusinessMiceTravel\/\" \/>\n<meta property=\"article:published_time\" content=\"2024-09-04T07:14:48+00:00\" \/>\n<meta property=\"article:modified_time\" content=\"2024-09-06T10:57:29+00:00\" \/>\n<meta property=\"og:image\" content=\"https:\/\/julesverne.com.tr\/wp-content\/uploads\/2018\/02\/marakes-medina_shutterstock_778448884.jpg\" \/>\n\t<meta property=\"og:image:width\" content=\"1000\" \/>\n\t<meta property=\"og:image:height\" content=\"668\" \/>\n\t<meta property=\"og:image:type\" content=\"image\/jpeg\" \/>\n<meta name=\"author\" content=\"senem.ekermen\" \/>\n<meta name=\"twitter:card\" content=\"summary_large_image\" \/>\n<meta name=\"twitter:creator\" content=\"@JV_BusinessMice\" \/>\n<meta name=\"twitter:site\" content=\"@JV_BusinessMice\" \/>\n<meta name=\"twitter:label1\" content=\"Written by\" \/>\n\t<meta name=\"twitter:data1\" content=\"senem.ekermen\" \/>\n\t<meta name=\"twitter:label2\" content=\"Est. reading time\" \/>\n\t<meta name=\"twitter:data2\" content=\"12 minutes\" \/>\n<script type=\"application\/ld+json\" class=\"yoast-schema-graph\">{\"@context\":\"https:\/\/schema.org\",\"@graph\":[{\"@type\":\"Article\",\"@id\":\"https:\/\/julesverne.com.tr\/travel-blog\/fas-sehirler\/#article\",\"isPartOf\":{\"@id\":\"https:\/\/julesverne.com.tr\/travel-blog\/fas-sehirler\/\"},\"author\":{\"name\":\"senem.ekermen\",\"@id\":\"https:\/\/julesverne.com.tr\/#\/schema\/person\/b27d0a74a740ecb2ffc838c934d95797\"},\"headline\":\"Fas Seyahat Prosed\u00fcrleri ve Fas&#8217;\u0131n G\u00f6r\u00fclmeye De\u011fer \u015eehirleri\",\"datePublished\":\"2024-09-04T07:14:48+00:00\",\"dateModified\":\"2024-09-06T10:57:29+00:00\",\"mainEntityOfPage\":{\"@id\":\"https:\/\/julesverne.com.tr\/travel-blog\/fas-sehirler\/\"},\"wordCount\":1801,\"publisher\":{\"@id\":\"https:\/\/julesverne.com.tr\/#organization\"},\"image\":{\"@id\":\"https:\/\/julesverne.com.tr\/travel-blog\/fas-sehirler\/#primaryimage\"},\"thumbnailUrl\":\"https:\/\/julesverne.com.tr\/wp-content\/uploads\/2018\/02\/marakes-medina_shutterstock_778448884.jpg\",\"keywords\":[\"Fas\",\"Nereye Gitsek\"],\"articleSection\":[\"\u0130lham Veren Destinasyonlar\",\"Blog\",\"Nereye Gitsek?\"],\"inLanguage\":\"en-US\"},{\"@type\":\"WebPage\",\"@id\":\"https:\/\/julesverne.com.tr\/travel-blog\/fas-sehirler\/\",\"url\":\"https:\/\/julesverne.com.tr\/travel-blog\/fas-sehirler\/\",\"name\":\"[:tr]Fas'\u0131n G\u00f6r\u00fclmeye De\u011fer \u015eehirleri[:en]Fas Seyahat Prosed\u00fcrleri ve Fas'\u0131n G\u00f6r\u00fclmeye De\u011fer \u015eehirleri[:] - JULES VERNE BUSINESS MICE TRAVEL\",\"isPartOf\":{\"@id\":\"https:\/\/julesverne.com.tr\/#website\"},\"primaryImageOfPage\":{\"@id\":\"https:\/\/julesverne.com.tr\/travel-blog\/fas-sehirler\/#primaryimage\"},\"image\":{\"@id\":\"https:\/\/julesverne.com.tr\/travel-blog\/fas-sehirler\/#primaryimage\"},\"thumbnailUrl\":\"https:\/\/julesverne.com.tr\/wp-content\/uploads\/2018\/02\/marakes-medina_shutterstock_778448884.jpg\",\"datePublished\":\"2024-09-04T07:14:48+00:00\",\"dateModified\":\"2024-09-06T10:57:29+00:00\",\"description\":\"Kuzey Afrika'n\u0131n incisi Fas mistik ve b\u00fcy\u00fcleyici \u015fehirleriyle gezginleri kendine \u00e7eken bir cennet k\u00f6\u015fesi. \u00dcstelik T\u00fcrk vatanda\u015flar\u0131 i\u00e7in vize kolayl\u0131\u011f\u0131 sunmas\u0131, bu egzotik destinasyonu daha da cazip k\u0131l\u0131yor. Tarihi medinalar, labirent gibi sokaklar, canl\u0131 pazarlar, g\u00f6rkemli saraylar ve u\u00e7suz bucaks\u0131z \u00e7\u00f6ller, Fas'\u0131 benzersiz bir seyahat deneyimi haline getiriyor.\",\"breadcrumb\":{\"@id\":\"https:\/\/julesverne.com.tr\/travel-blog\/fas-sehirler\/#breadcrumb\"},\"inLanguage\":\"en-US\",\"potentialAction\":[{\"@type\":\"ReadAction\",\"target\":[\"https:\/\/julesverne.com.tr\/travel-blog\/fas-sehirler\/\"]}]},{\"@type\":\"ImageObject\",\"inLanguage\":\"en-US\",\"@id\":\"https:\/\/julesverne.com.tr\/travel-blog\/fas-sehirler\/#primaryimage\",\"url\":\"https:\/\/julesverne.com.tr\/wp-content\/uploads\/2018\/02\/marakes-medina_shutterstock_778448884.jpg\",\"contentUrl\":\"https:\/\/julesverne.com.tr\/wp-content\/uploads\/2018\/02\/marakes-medina_shutterstock_778448884.jpg\",\"width\":1000,\"height\":668},{\"@type\":\"BreadcrumbList\",\"@id\":\"https:\/\/julesverne.com.tr\/travel-blog\/fas-sehirler\/#breadcrumb\",\"itemListElement\":[{\"@type\":\"ListItem\",\"position\":1,\"name\":\"Anasayfa\",\"item\":\"https:\/\/julesverne.com.tr\/\"},{\"@type\":\"ListItem\",\"position\":2,\"name\":\"Fas&#8217;\u0131n G\u00f6r\u00fclmeye De\u011fer \u015eehirleri\"}]},{\"@type\":\"WebSite\",\"@id\":\"https:\/\/julesverne.com.tr\/#website\",\"url\":\"https:\/\/julesverne.com.tr\/\",\"name\":\"JULES VERNE BUSINESS MICE TRAVEL\",\"description\":\"\",\"publisher\":{\"@id\":\"https:\/\/julesverne.com.tr\/#organization\"},\"potentialAction\":[{\"@type\":\"SearchAction\",\"target\":{\"@type\":\"EntryPoint\",\"urlTemplate\":\"https:\/\/julesverne.com.tr\/?s={search_term_string}\"},\"query-input\":\"required name=search_term_string\"}],\"inLanguage\":\"en-US\"},{\"@type\":\"Organization\",\"@id\":\"https:\/\/julesverne.com.tr\/#organization\",\"name\":\"JULES VERNE BUSINESS MICE TRAVEL\",\"url\":\"https:\/\/julesverne.com.tr\/\",\"logo\":{\"@type\":\"ImageObject\",\"inLanguage\":\"en-US\",\"@id\":\"https:\/\/julesverne.com.tr\/#\/schema\/logo\/image\/\",\"url\":\"https:\/\/julesverne.com.tr\/wp-content\/uploads\/2020\/09\/jv-bmt-logo.png\",\"contentUrl\":\"https:\/\/julesverne.com.tr\/wp-content\/uploads\/2020\/09\/jv-bmt-logo.png\",\"width\":110,\"height\":81,\"caption\":\"JULES VERNE BUSINESS MICE TRAVEL\"},\"image\":{\"@id\":\"https:\/\/julesverne.com.tr\/#\/schema\/logo\/image\/\"},\"sameAs\":[\"https:\/\/www.facebook.com\/JulesVerneBusinessMiceTravel\/\",\"https:\/\/twitter.com\/JV_BusinessMice\",\"https:\/\/www.instagram.com\/julesvernebusinessmicetravel\/\",\"https:\/\/www.linkedin.com\/company\/julesvernebusinessmicetravel\/\",\"https:\/\/www.youtube.com\/channel\/UCAwdsmbZ6tFhu1tea6pkpiw\"]},{\"@type\":\"Person\",\"@id\":\"https:\/\/julesverne.com.tr\/#\/schema\/person\/b27d0a74a740ecb2ffc838c934d95797\",\"name\":\"senem.ekermen\",\"url\":\"https:\/\/julesverne.com.tr\/en\/author\/senem-ekermen\/\"}]}<\/script>\n<!-- \/ Yoast SEO plugin. -->","yoast_head_json":{"title":"[:tr]Fas'\u0131n G\u00f6r\u00fclmeye De\u011fer \u015eehirleri[:en]Fas Seyahat Prosed\u00fcrleri ve Fas'\u0131n G\u00f6r\u00fclmeye De\u011fer \u015eehirleri[:] - JULES VERNE BUSINESS MICE TRAVEL","description":"Kuzey Afrika'n\u0131n incisi Fas mistik ve b\u00fcy\u00fcleyici \u015fehirleriyle gezginleri kendine \u00e7eken bir cennet k\u00f6\u015fesi. \u00dcstelik T\u00fcrk vatanda\u015flar\u0131 i\u00e7in vize kolayl\u0131\u011f\u0131 sunmas\u0131, bu egzotik destinasyonu daha da cazip k\u0131l\u0131yor. Tarihi medinalar, labirent gibi sokaklar, canl\u0131 pazarlar, g\u00f6rkemli saraylar ve u\u00e7suz bucaks\u0131z \u00e7\u00f6ller, Fas'\u0131 benzersiz bir seyahat deneyimi haline getiriyor.","robots":{"index":"index","follow":"follow","max-snippet":"max-snippet:-1","max-image-preview":"max-image-preview:large","max-video-preview":"max-video-preview:-1"},"canonical":"https:\/\/julesverne.com.tr\/travel-blog\/fas-sehirler\/","og_locale":"en_US","og_type":"article","og_title":"[:tr]Fas'\u0131n G\u00f6r\u00fclmeye De\u011fer \u015eehirleri[:en]Fas Seyahat Prosed\u00fcrleri ve Fas'\u0131n G\u00f6r\u00fclmeye De\u011fer \u015eehirleri[:] - JULES VERNE BUSINESS MICE TRAVEL","og_description":"Kuzey Afrika'n\u0131n incisi Fas mistik ve b\u00fcy\u00fcleyici \u015fehirleriyle gezginleri kendine \u00e7eken bir cennet k\u00f6\u015fesi. \u00dcstelik T\u00fcrk vatanda\u015flar\u0131 i\u00e7in vize kolayl\u0131\u011f\u0131 sunmas\u0131, bu egzotik destinasyonu daha da cazip k\u0131l\u0131yor. Tarihi medinalar, labirent gibi sokaklar, canl\u0131 pazarlar, g\u00f6rkemli saraylar ve u\u00e7suz bucaks\u0131z \u00e7\u00f6ller, Fas'\u0131 benzersiz bir seyahat deneyimi haline getiriyor.","og_url":"https:\/\/julesverne.com.tr\/travel-blog\/fas-sehirler\/","og_site_name":"JULES VERNE BUSINESS MICE TRAVEL","article_publisher":"https:\/\/www.facebook.com\/JulesVerneBusinessMiceTravel\/","article_published_time":"2024-09-04T07:14:48+00:00","article_modified_time":"2024-09-06T10:57:29+00:00","og_image":[{"width":1000,"height":668,"url":"https:\/\/julesverne.com.tr\/wp-content\/uploads\/2018\/02\/marakes-medina_shutterstock_778448884.jpg","type":"image\/jpeg"}],"author":"senem.ekermen","twitter_card":"summary_large_image","twitter_creator":"@JV_BusinessMice","twitter_site":"@JV_BusinessMice","twitter_misc":{"Written by":"senem.ekermen","Est. reading time":"12 minutes"},"schema":{"@context":"https:\/\/schema.org","@graph":[{"@type":"Article","@id":"https:\/\/julesverne.com.tr\/travel-blog\/fas-sehirler\/#article","isPartOf":{"@id":"https:\/\/julesverne.com.tr\/travel-blog\/fas-sehirler\/"},"author":{"name":"senem.ekermen","@id":"https:\/\/julesverne.com.tr\/#\/schema\/person\/b27d0a74a740ecb2ffc838c934d95797"},"headline":"Fas Seyahat Prosed\u00fcrleri ve Fas&#8217;\u0131n G\u00f6r\u00fclmeye De\u011fer \u015eehirleri","datePublished":"2024-09-04T07:14:48+00:00","dateModified":"2024-09-06T10:57:29+00:00","mainEntityOfPage":{"@id":"https:\/\/julesverne.com.tr\/travel-blog\/fas-sehirler\/"},"wordCount":1801,"publisher":{"@id":"https:\/\/julesverne.com.tr\/#organization"},"image":{"@id":"https:\/\/julesverne.com.tr\/travel-blog\/fas-sehirler\/#primaryimage"},"thumbnailUrl":"https:\/\/julesverne.com.tr\/wp-content\/uploads\/2018\/02\/marakes-medina_shutterstock_778448884.jpg","keywords":["Fas","Nereye Gitsek"],"articleSection":["\u0130lham Veren Destinasyonlar","Blog","Nereye Gitsek?"],"inLanguage":"en-US"},{"@type":"WebPage","@id":"https:\/\/julesverne.com.tr\/travel-blog\/fas-sehirler\/","url":"https:\/\/julesverne.com.tr\/travel-blog\/fas-sehirler\/","name":"[:tr]Fas'\u0131n G\u00f6r\u00fclmeye De\u011fer \u015eehirleri[:en]Fas Seyahat Prosed\u00fcrleri ve Fas'\u0131n G\u00f6r\u00fclmeye De\u011fer \u015eehirleri[:] - JULES VERNE BUSINESS MICE TRAVEL","isPartOf":{"@id":"https:\/\/julesverne.com.tr\/#website"},"primaryImageOfPage":{"@id":"https:\/\/julesverne.com.tr\/travel-blog\/fas-sehirler\/#primaryimage"},"image":{"@id":"https:\/\/julesverne.com.tr\/travel-blog\/fas-sehirler\/#primaryimage"},"thumbnailUrl":"https:\/\/julesverne.com.tr\/wp-content\/uploads\/2018\/02\/marakes-medina_shutterstock_778448884.jpg","datePublished":"2024-09-04T07:14:48+00:00","dateModified":"2024-09-06T10:57:29+00:00","description":"Kuzey Afrika'n\u0131n incisi Fas mistik ve b\u00fcy\u00fcleyici \u015fehirleriyle gezginleri kendine \u00e7eken bir cennet k\u00f6\u015fesi. \u00dcstelik T\u00fcrk vatanda\u015flar\u0131 i\u00e7in vize kolayl\u0131\u011f\u0131 sunmas\u0131, bu egzotik destinasyonu daha da cazip k\u0131l\u0131yor. Tarihi medinalar, labirent gibi sokaklar, canl\u0131 pazarlar, g\u00f6rkemli saraylar ve u\u00e7suz bucaks\u0131z \u00e7\u00f6ller, Fas'\u0131 benzersiz bir seyahat deneyimi haline getiriyor.","breadcrumb":{"@id":"https:\/\/julesverne.com.tr\/travel-blog\/fas-sehirler\/#breadcrumb"},"inLanguage":"en-US","potentialAction":[{"@type":"ReadAction","target":["https:\/\/julesverne.com.tr\/travel-blog\/fas-sehirler\/"]}]},{"@type":"ImageObject","inLanguage":"en-US","@id":"https:\/\/julesverne.com.tr\/travel-blog\/fas-sehirler\/#primaryimage","url":"https:\/\/julesverne.com.tr\/wp-content\/uploads\/2018\/02\/marakes-medina_shutterstock_778448884.jpg","contentUrl":"https:\/\/julesverne.com.tr\/wp-content\/uploads\/2018\/02\/marakes-medina_shutterstock_778448884.jpg","width":1000,"height":668},{"@type":"BreadcrumbList","@id":"https:\/\/julesverne.com.tr\/travel-blog\/fas-sehirler\/#breadcrumb","itemListElement":[{"@type":"ListItem","position":1,"name":"Anasayfa","item":"https:\/\/julesverne.com.tr\/"},{"@type":"ListItem","position":2,"name":"Fas&#8217;\u0131n G\u00f6r\u00fclmeye De\u011fer \u015eehirleri"}]},{"@type":"WebSite","@id":"https:\/\/julesverne.com.tr\/#website","url":"https:\/\/julesverne.com.tr\/","name":"JULES VERNE BUSINESS MICE TRAVEL","description":"","publisher":{"@id":"https:\/\/julesverne.com.tr\/#organization"},"potentialAction":[{"@type":"SearchAction","target":{"@type":"EntryPoint","urlTemplate":"https:\/\/julesverne.com.tr\/?s={search_term_string}"},"query-input":"required name=search_term_string"}],"inLanguage":"en-US"},{"@type":"Organization","@id":"https:\/\/julesverne.com.tr\/#organization","name":"JULES VERNE BUSINESS MICE TRAVEL","url":"https:\/\/julesverne.com.tr\/","logo":{"@type":"ImageObject","inLanguage":"en-US","@id":"https:\/\/julesverne.com.tr\/#\/schema\/logo\/image\/","url":"https:\/\/julesverne.com.tr\/wp-content\/uploads\/2020\/09\/jv-bmt-logo.png","contentUrl":"https:\/\/julesverne.com.tr\/wp-content\/uploads\/2020\/09\/jv-bmt-logo.png","width":110,"height":81,"caption":"JULES VERNE BUSINESS MICE TRAVEL"},"image":{"@id":"https:\/\/julesverne.com.tr\/#\/schema\/logo\/image\/"},"sameAs":["https:\/\/www.facebook.com\/JulesVerneBusinessMiceTravel\/","https:\/\/twitter.com\/JV_BusinessMice","https:\/\/www.instagram.com\/julesvernebusinessmicetravel\/","https:\/\/www.linkedin.com\/company\/julesvernebusinessmicetravel\/","https:\/\/www.youtube.com\/channel\/UCAwdsmbZ6tFhu1tea6pkpiw"]},{"@type":"Person","@id":"https:\/\/julesverne.com.tr\/#\/schema\/person\/b27d0a74a740ecb2ffc838c934d95797","name":"senem.ekermen","url":"https:\/\/julesverne.com.tr\/en\/author\/senem-ekermen\/"}]}},"_links":{"self":[{"href":"https:\/\/julesverne.com.tr\/en\/wp-json\/wp\/v2\/posts\/8893"}],"collection":[{"href":"https:\/\/julesverne.com.tr\/en\/wp-json\/wp\/v2\/posts"}],"about":[{"href":"https:\/\/julesverne.com.tr\/en\/wp-json\/wp\/v2\/types\/post"}],"author":[{"embeddable":true,"href":"https:\/\/julesverne.com.tr\/en\/wp-json\/wp\/v2\/users\/5"}],"replies":[{"embeddable":true,"href":"https:\/\/julesverne.com.tr\/en\/wp-json\/wp\/v2\/comments?post=8893"}],"version-history":[{"count":5,"href":"https:\/\/julesverne.com.tr\/en\/wp-json\/wp\/v2\/posts\/8893\/revisions"}],"predecessor-version":[{"id":18016,"href":"https:\/\/julesverne.com.tr\/en\/wp-json\/wp\/v2\/posts\/8893\/revisions\/18016"}],"wp:featuredmedia":[{"embeddable":true,"href":"https:\/\/julesverne.com.tr\/en\/wp-json\/wp\/v2\/media\/7773"}],"wp:attachment":[{"href":"https:\/\/julesverne.com.tr\/en\/wp-json\/wp\/v2\/media?parent=8893"}],"wp:term":[{"taxonomy":"category","embeddable":true,"href":"https:\/\/julesverne.com.tr\/en\/wp-json\/wp\/v2\/categories?post=8893"},{"taxonomy":"post_tag","embeddable":true,"href":"https:\/\/julesverne.com.tr\/en\/wp-json\/wp\/v2\/tags?post=8893"}],"curies":[{"name":"wp","href":"https:\/\/api.w.org\/{rel}","templated":true}]}}