{"id":8851,"date":"2021-06-16T13:25:08","date_gmt":"2021-06-16T10:25:08","guid":{"rendered":"https:\/\/julesverne.com.tr\/?p=8851"},"modified":"2021-10-22T17:16:54","modified_gmt":"2021-10-22T14:16:54","slug":"turkiyenin-huzur-dolu-18-sakin-sehrini-kesfetmeye-ne-dersiniz","status":"publish","type":"post","link":"https:\/\/julesverne.com.tr\/en\/travel-blog\/turkiyenin-huzur-dolu-18-sakin-sehrini-kesfetmeye-ne-dersiniz\/","title":{"rendered":"T\u00fcrkiye\u2019nin Huzur Dolu 18 Sakin \u015eehrini Ke\u015ffetmeye Ne Dersiniz?"},"content":{"rendered":"<p><img loading=\"lazy\" decoding=\"async\" class=\"alignnone size-full wp-image-8852\" src=\"https:\/\/julesverne.com.tr\/wp-content\/uploads\/2021\/06\/sigacik.jpg\" alt=\"\" width=\"1200\" height=\"800\" srcset=\"https:\/\/julesverne.com.tr\/wp-content\/uploads\/2021\/06\/sigacik.jpg 1200w, https:\/\/julesverne.com.tr\/wp-content\/uploads\/2021\/06\/sigacik-500x333.jpg 500w, https:\/\/julesverne.com.tr\/wp-content\/uploads\/2021\/06\/sigacik-768x512.jpg 768w\" sizes=\"(max-width: 1200px) 100vw, 1200px\" \/><\/p>\n<p><strong>Pandemi ile birlikte trend olan yava\u015f seyahat kavram\u0131, Cittaslow felsefesiyle \u201cdur ve etraf\u0131na bak\u201d demenin de asl\u0131nda bamba\u015fka bir yolu. Do\u011fas\u0131n\u0131, do\u011fall\u0131\u011f\u0131n\u0131, sakinli\u011fini ve k\u00fclt\u00fcrel de\u011ferlerini korumay\u0131 ba\u015faran, zamana yenilmeyerek zamans\u0131z kalabilen \u015fehirlerin olu\u015fturdu\u011fu Cittaslow listesinde T\u00fcrkiye\u2019den tam 18 \u015fehir yer al\u0131yor.<\/strong><\/p>\n<p><img loading=\"lazy\" decoding=\"async\" class=\"alignnone wp-image-9004\" src=\"https:\/\/julesverne.com.tr\/wp-content\/uploads\/2021\/06\/goynuk_shutterstock_1550964053-500x334.jpg\" alt=\"\" width=\"1200\" height=\"800\" srcset=\"https:\/\/julesverne.com.tr\/wp-content\/uploads\/2021\/06\/goynuk_shutterstock_1550964053-500x334.jpg 500w, https:\/\/julesverne.com.tr\/wp-content\/uploads\/2021\/06\/goynuk_shutterstock_1550964053-768x512.jpg 768w, https:\/\/julesverne.com.tr\/wp-content\/uploads\/2021\/06\/goynuk_shutterstock_1550964053.jpg 1000w\" sizes=\"(max-width: 1200px) 100vw, 1200px\" \/><\/p>\n<p>Ad\u0131n\u0131 tar\u0131m tanr\u0131s\u0131 Imbrassos\u2019tan alan <strong>G\u00f6k\u00e7eada<\/strong>; Akdeniz ve Ege\u2019nin kesi\u015fim noktas\u0131nda yer alan Mu\u011fla\u2019n\u0131n sakl\u0131 g\u00fczelli\u011fi <strong>K\u00f6yce\u011fiz<\/strong>; Anadolu\u2019nun g\u00fczelliklerini koruyan <strong>Mudurnu<\/strong>; mutlu ve uzun ya\u015fam\u0131n s\u0131rr\u0131n\u0131 \u00e7\u00f6zen <strong>Seferihisar<\/strong>; Artvin\u2019in yemye\u015fil cenneti <strong>\u015eav\u015fat<\/strong>; r\u00fczgar\u0131 ve do\u011fas\u0131 ile \u00f6zg\u00fcrl\u00fc\u011f\u00fc \u00e7a\u011fr\u0131\u015ft\u0131ran <strong>Akyaka<\/strong>; \u00c7oruh Vadisi\u2019nin sakl\u0131 cenneti <strong>Uzundere<\/strong>; tarihin do\u011fa ile i\u00e7 i\u00e7e ya\u015fad\u0131\u011f\u0131 <strong>Tarakl\u0131<\/strong>; 40 km\u2019lik sahil \u015feridinde uzanan birbirinden g\u00fczel sualt\u0131 ma\u011faralar\u0131 ile Ordu&#8217;nun bakir g\u00fczeli<strong> Per\u015fembe<\/strong>; Trakya\u2019n\u0131n g\u00f6zdesi <strong>Vize<\/strong>; tarihi ta\u015f evleri ve do\u011fal g\u00fczellikleri ile G\u00fcneydo\u011fu\u2019nun sakl\u0131 cenneti <strong>Halfeti<\/strong>; en fazla iki katl\u0131 evlerin oldu\u011fu <strong>Yenipazar<\/strong>; k\u00fclt\u00fcrel miras\u0131n do\u011fa ile harmanland\u0131\u011f\u0131 Sinop&#8217;un sakin \u015fehri <strong>Gerze<\/strong>; geleneksel mahalle f\u0131r\u0131nlar\u0131 ve mutfak k\u00fclt\u00fcr\u00fcyle ad\u0131ndan s\u00f6z ettiren <strong>Yalva\u00e7<\/strong>; D\u00fcnya&#8217;n\u0131n en b\u00fcy\u00fck T\u00fcrk \u0130slam Mezarl\u0131\u011f\u0131na ev sahipli\u011fi yapan <strong>Ahlat<\/strong>; ge\u00e7mi\u015ften g\u00fcn\u00fcm\u00fcze uzanan tarihi yap\u0131lar\u0131 ile <strong>G\u00f6yn\u00fck<\/strong>, do\u011fan\u0131n g\u00fczellikleri ile tarihin izlerinin bulu\u015ftu\u011fu <strong>E\u011firdir<\/strong> mutlaka seyahat rotalar\u0131n\u0131zda olmal\u0131.<\/p>\n<p><strong>Hayat\u0131 ger\u00e7ekten zevk alabilece\u011finiz bir h\u0131zda ya\u015fayan T\u00fcrk Cittaslow\u2019lar\u0131 daha yak\u0131ndan tan\u0131y\u0131p, bu \u00f6zel yerleri g\u00f6r\u00fclecekler listenize eklemeye ne dersiniz?<\/strong><\/p>\n<h2><strong>Seferihisar, \u0130zmir<\/strong><\/h2>\n<p><img loading=\"lazy\" decoding=\"async\" class=\"alignnone size-full wp-image-8853\" src=\"https:\/\/julesverne.com.tr\/wp-content\/uploads\/2021\/06\/seferihisar_izmir_shutterstock_1275282964.jpg\" alt=\"\" width=\"1200\" height=\"800\" srcset=\"https:\/\/julesverne.com.tr\/wp-content\/uploads\/2021\/06\/seferihisar_izmir_shutterstock_1275282964.jpg 1200w, https:\/\/julesverne.com.tr\/wp-content\/uploads\/2021\/06\/seferihisar_izmir_shutterstock_1275282964-500x333.jpg 500w, https:\/\/julesverne.com.tr\/wp-content\/uploads\/2021\/06\/seferihisar_izmir_shutterstock_1275282964-768x512.jpg 768w\" sizes=\"(max-width: 1200px) 100vw, 1200px\" \/><\/p>\n<p>Binlerce y\u0131ll\u0131k tarihi ve yemye\u015fil do\u011fas\u0131 ile misafirlerine benzersiz bir tatil deneyimi ya\u015fatan <strong>Seferihisar<\/strong>, <strong>Uluslararas\u0131 Cittaslow (sakin \u015fehir) a\u011f\u0131n\u0131n T\u00fcrkiye\u2019deki ilk \u00fcyesi<\/strong> olma \u00f6zelli\u011fine sahip. \u0130zmir\u2019e 45 km uzakl\u0131kta bulunan Seferihisar; S\u0131\u011fac\u0131k gibi do\u011fa harikas\u0131na ev sahipli\u011fi yapmas\u0131n\u0131n yan\u0131 s\u0131ra; tad\u0131 dama\u011f\u0131n\u0131zda kalacak Ege mutfa\u011f\u0131n\u0131n birbirinden g\u00fczel e\u015fsiz lezzetleri e\u015fli\u011finde, \u015fehrin g\u00fcr\u00fclt\u00fcs\u00fcnden uzakta, sakin ve dinlendirici bir tatil i\u00e7in sizleri bekliyor.<\/p>\n<h2><strong>G\u00f6k\u00e7eada, \u00c7anakkale<\/strong><\/h2>\n<p><img loading=\"lazy\" decoding=\"async\" class=\"alignnone size-full wp-image-8854\" src=\"https:\/\/julesverne.com.tr\/wp-content\/uploads\/2021\/06\/gokceada_canakkale_shutterstock_1663506898.jpg\" alt=\"\" width=\"1200\" height=\"800\" srcset=\"https:\/\/julesverne.com.tr\/wp-content\/uploads\/2021\/06\/gokceada_canakkale_shutterstock_1663506898.jpg 1200w, https:\/\/julesverne.com.tr\/wp-content\/uploads\/2021\/06\/gokceada_canakkale_shutterstock_1663506898-500x333.jpg 500w, https:\/\/julesverne.com.tr\/wp-content\/uploads\/2021\/06\/gokceada_canakkale_shutterstock_1663506898-768x512.jpg 768w\" sizes=\"(max-width: 1200px) 100vw, 1200px\" \/><\/p>\n<p>Ege\u2019nin masmavi g\u00fczelliklerinin tam ortas\u0131nda yer alan <strong>G\u00f6k\u00e7eada<\/strong>, b\u00fcy\u00fcleyici co\u011frafyas\u0131 ve yemye\u015fil a\u011fa\u00e7lar\u0131n aras\u0131ndan s\u00fcz\u00fclen Rum evleri ile misafirlerine sakinli\u011fin i\u00e7erisinde r\u00fcya gibi bir tatil vaadediyor. Homeros\u2019un \u0130lyada destan\u0131nda deniz tanr\u0131s\u0131 \u2018Poseidon\u2019un Adas\u0131\u2019 olarak ge\u00e7en \u0130mroz, bug\u00fcnk\u00fc ad\u0131yla G\u00f6k\u00e7eada, T\u00fcrkiye\u2019deki sakin \u015fehirlerden bir di\u011feri. Ye\u015filin ve mavinin ahenkli uyumunu g\u00f6zler \u00f6n\u00fcne seren G\u00f6k\u00e7eada, do\u011fa ile i\u00e7 i\u00e7e bir tatil ka\u00e7ama\u011f\u0131 i\u00e7in son derece ideal. Zengin su kaynaklar\u0131, nostaljik evleri, do\u011fal ya\u015fam\u0131, organik \u00fcr\u00fcnleri ve s\u00f6rf gibi alternatif spor olanaklar\u0131yla misafirlerine masal gibi bir tatil ya\u015fatan G\u00f6k\u00e7eada\u2019n\u0131n <strong>T\u00fcrkiye\u2019deki tek sualt\u0131 milli park\u0131na<\/strong> sahip oldu\u011funu da ayr\u0131ca hat\u0131rlatal\u0131m.<\/p>\n<h2><strong>Akyaka, Mu\u011fla<\/strong><\/h2>\n<p><img loading=\"lazy\" decoding=\"async\" class=\"alignnone size-full wp-image-8855\" src=\"https:\/\/julesverne.com.tr\/wp-content\/uploads\/2021\/06\/akyaka_mugla_shutterstock_1326100088.jpg\" alt=\"\" width=\"1200\" height=\"800\" srcset=\"https:\/\/julesverne.com.tr\/wp-content\/uploads\/2021\/06\/akyaka_mugla_shutterstock_1326100088.jpg 1200w, https:\/\/julesverne.com.tr\/wp-content\/uploads\/2021\/06\/akyaka_mugla_shutterstock_1326100088-500x333.jpg 500w, https:\/\/julesverne.com.tr\/wp-content\/uploads\/2021\/06\/akyaka_mugla_shutterstock_1326100088-768x512.jpg 768w\" sizes=\"(max-width: 1200px) 100vw, 1200px\" \/><\/p>\n<p>T\u00fcrkiye\u2019nin en huzurlu yerlerinden biri olan<strong> Akyaka<\/strong>, u\u00e7suz bucaks\u0131z \u00e7am ve sedir ormanlar\u0131 ile masmavi denizin kokular\u0131n\u0131n birbirine kar\u0131\u015ft\u0131\u011f\u0131 bir cennet gibi! S\u0131rt\u0131n\u0131 k\u0131z\u0131l\u00e7amlarla kapl\u0131 yemye\u015fil da\u011flara yaslayan Akyaka; \u00e7am ormanlar\u0131n\u0131n kokusu, Ege\u2019nin derin mavilikleri, Azmak \u00c7ay\u0131\u2019n\u0131n so\u011fuk sular\u0131, ince kumlu plajlar\u0131 ve begonvillerle bezenmi\u015f cumbal\u0131 evleri ile sessiz ve huzur dolu bir belde. Bu k\u00fc\u00e7\u00fck sakin kasaba; b\u00fcy\u00fck\u015fehrin kaosundan birka\u00e7 g\u00fcnl\u00fc\u011f\u00fcne uzakla\u015f\u0131p, durup dinlenmek isteyenler i\u00e7in m\u00fckemmel ka\u00e7\u0131\u015f yerlerinden biri.<\/p>\n<h2><strong>Yenipazar, Ayd\u0131n<\/strong><\/h2>\n<p><img loading=\"lazy\" decoding=\"async\" class=\"alignnone size-full wp-image-8856\" src=\"https:\/\/julesverne.com.tr\/wp-content\/uploads\/2021\/06\/yenipazar_aydin_shutterstock_1584917089.jpg\" alt=\"\" width=\"1200\" height=\"800\" srcset=\"https:\/\/julesverne.com.tr\/wp-content\/uploads\/2021\/06\/yenipazar_aydin_shutterstock_1584917089.jpg 1200w, https:\/\/julesverne.com.tr\/wp-content\/uploads\/2021\/06\/yenipazar_aydin_shutterstock_1584917089-500x333.jpg 500w, https:\/\/julesverne.com.tr\/wp-content\/uploads\/2021\/06\/yenipazar_aydin_shutterstock_1584917089-768x512.jpg 768w\" sizes=\"(max-width: 1200px) 100vw, 1200px\" \/><\/p>\n<p>Ayd\u0131n \u015fehir merkezine 40 km uzakta bulunan <strong>Yenipazar<\/strong>, \u00e7ok eski yerle\u015fim yeri Orthosia\u2019n\u0131n kenar\u0131nda kurulmu\u015f sakin \u015fehirlerden bir di\u011feri. Bir\u00e7ok medeniyetin ya\u015fand\u0131\u011f\u0131 bu topraklar\u0131n en \u00f6nemli tarihi eserlerinden Orthosia Antik Kenti\u2019nden \u00e7\u0131kar\u0131lan mozaikler, <strong>Ayd\u0131n Arkeoloji M\u00fczesi<\/strong>\u2019nde sergilenmekte. En fazla iki katl\u0131 evlerin oldu\u011fu, tarihi ve do\u011fal g\u00fczellikleriyle \u00f6ne \u00e7\u0131kan Yenipazar sokaklar\u0131nda gezerken i\u00e7iniz sakinlik ve huzurla dolacak.<\/p>\n<h2><strong>Tarakl\u0131, Sakarya<\/strong><\/h2>\n<p><img loading=\"lazy\" decoding=\"async\" class=\"alignnone size-full wp-image-8857\" src=\"https:\/\/julesverne.com.tr\/wp-content\/uploads\/2021\/06\/tarakli-sakarya_shutterstock_1546407848.jpg\" alt=\"\" width=\"1200\" height=\"800\" srcset=\"https:\/\/julesverne.com.tr\/wp-content\/uploads\/2021\/06\/tarakli-sakarya_shutterstock_1546407848.jpg 1200w, https:\/\/julesverne.com.tr\/wp-content\/uploads\/2021\/06\/tarakli-sakarya_shutterstock_1546407848-500x333.jpg 500w, https:\/\/julesverne.com.tr\/wp-content\/uploads\/2021\/06\/tarakli-sakarya_shutterstock_1546407848-768x512.jpg 768w\" sizes=\"(max-width: 1200px) 100vw, 1200px\" \/><\/p>\n<p>Tarihin do\u011fa ile i\u00e7 i\u00e7e ya\u015fad\u0131\u011f\u0131 <strong>Tarakl\u0131<\/strong>, 19.y\u00fczy\u0131ldan kalma evleriyle g\u00f6z kama\u015ft\u0131r\u0131rken ziyaret\u00e7ilerini bamba\u015fka bir d\u00fcnyan\u0131n i\u00e7ine s\u00fcr\u00fckl\u00fcyor. K\u00fc\u00e7\u00fck bir kasaba olmas\u0131na ra\u011fmen gezip g\u00f6rebilece\u011finiz pek \u00e7ok tarihi eserin bulundu\u011fu bu sakin \u015fehir, cumbal\u0131 evlerin s\u0131raland\u0131\u011f\u0131 sokaklar\u0131 ve Osmanl\u0131 mimarisi ile misafirlerini b\u00fcy\u00fcleyici bir yolculu\u011fa \u00e7\u0131kar\u0131yor.<\/p>\n<h2><strong>Per\u015fembe, Ordu<\/strong><\/h2>\n<p><img loading=\"lazy\" decoding=\"async\" class=\"alignnone size-full wp-image-8858\" src=\"https:\/\/julesverne.com.tr\/wp-content\/uploads\/2021\/06\/persembe_ordu_shutterstock_1452197732.jpg\" alt=\"\" width=\"1200\" height=\"800\" srcset=\"https:\/\/julesverne.com.tr\/wp-content\/uploads\/2021\/06\/persembe_ordu_shutterstock_1452197732.jpg 1200w, https:\/\/julesverne.com.tr\/wp-content\/uploads\/2021\/06\/persembe_ordu_shutterstock_1452197732-500x333.jpg 500w, https:\/\/julesverne.com.tr\/wp-content\/uploads\/2021\/06\/persembe_ordu_shutterstock_1452197732-768x512.jpg 768w\" sizes=\"(max-width: 1200px) 100vw, 1200px\" \/><\/p>\n<p>Tarihi dokusu ve do\u011fal g\u00fczelliklerinin yan\u0131 s\u0131ra insanlar\u0131, alt yap\u0131s\u0131 ve daha bir\u00e7ok \u00f6zelli\u011fi ile sakin \u015fehir olman\u0131n hakk\u0131n\u0131 sonuna kadar veren Ordu\u2019nun<strong> Per\u015fembe<\/strong> il\u00e7esi, Kordon Tepesi ad\u0131 verilen do\u011fal bir koyun eteklerinde konumlanmakta. 40 km\u2019lik sahil \u015feridinde uzanan birbirinden g\u00fczel sualt\u0131 ma\u011faralar\u0131, kaya formasyonlar\u0131 ve el de\u011fmemi\u015f koylar\u0131yla ke\u015ffedilmeyi bekleyen Per\u015fembe, ye\u015filin her tonuna \u015fahit olaca\u011f\u0131n\u0131z e\u015fsiz bir ambiyansa sahip.<\/p>\n<h2><strong>Vize, K\u0131rklareli<\/strong><\/h2>\n<p><img loading=\"lazy\" decoding=\"async\" class=\"alignnone size-full wp-image-8859\" src=\"https:\/\/julesverne.com.tr\/wp-content\/uploads\/2021\/06\/vize-kirklareli_shutterstock_1406396912.jpg\" alt=\"\" width=\"1200\" height=\"800\" srcset=\"https:\/\/julesverne.com.tr\/wp-content\/uploads\/2021\/06\/vize-kirklareli_shutterstock_1406396912.jpg 1200w, https:\/\/julesverne.com.tr\/wp-content\/uploads\/2021\/06\/vize-kirklareli_shutterstock_1406396912-500x333.jpg 500w, https:\/\/julesverne.com.tr\/wp-content\/uploads\/2021\/06\/vize-kirklareli_shutterstock_1406396912-768x512.jpg 768w\" sizes=\"(max-width: 1200px) 100vw, 1200px\" \/><\/p>\n<p><strong>Trakya\u2019n\u0131n g\u00f6zdesi Vize<\/strong>, tarihi dokusunun yan\u0131 s\u0131ra do\u011fal g\u00fczellikleriyle de ziyaret\u00e7ilerinden tam not al\u0131yor. Tarihi yap\u0131lar\u0131yla \u00f6ne \u00e7\u0131kan bu sakin \u015fehirde bir\u00e7ok medeniyetin izlerini g\u00fcn\u00fcm\u00fczde dahi g\u00f6rmeniz m\u00fcmk\u00fcn. K\u00fclt\u00fcr \u00e7e\u015fitlili\u011finin en yo\u011fun ya\u015fand\u0131\u011f\u0131 b\u00f6lgelerden biri olan Vize; Cehennem \u015eelaleleri, Yenesu Ma\u011faras\u0131 ve K\u0131y\u0131k\u00f6y\u2019deki bakir koylar\u0131 ile ke\u015ffedilmeyi bekliyor.<\/p>\n<h2><strong>Yalva\u00e7, Isparta<\/strong><\/h2>\n<p><img loading=\"lazy\" decoding=\"async\" class=\"alignnone size-full wp-image-8871\" src=\"https:\/\/julesverne.com.tr\/wp-content\/uploads\/2021\/06\/isparta-yalvac.jpg\" alt=\"\" width=\"1200\" height=\"800\" srcset=\"https:\/\/julesverne.com.tr\/wp-content\/uploads\/2021\/06\/isparta-yalvac.jpg 1200w, https:\/\/julesverne.com.tr\/wp-content\/uploads\/2021\/06\/isparta-yalvac-500x333.jpg 500w, https:\/\/julesverne.com.tr\/wp-content\/uploads\/2021\/06\/isparta-yalvac-768x512.jpg 768w\" sizes=\"(max-width: 1200px) 100vw, 1200px\" \/><\/p>\n<p>Sultan Da\u011flar\u0131\u2019n\u0131n eteklerinde bulunan <strong>Yalva\u00e7<\/strong>, e\u015fsiz g\u00fczellikteki do\u011fas\u0131 ve Neolitik d\u00f6neme kadar uzanan tarihi ile k\u00fclt\u00fcr merakl\u0131lar\u0131 i\u00e7in ke\u015ffedilesi bir atmosfer olu\u015fturuyor. Geleneksel mahalle f\u0131r\u0131nlar\u0131 ve mutfak k\u00fclt\u00fcr\u00fcyle de ad\u0131ndan s\u00f6z ettiren Yalva\u00e7\u2019ta dericilik, ke\u00e7ecilik, demircilik ve hal\u0131c\u0131l\u0131k gibi unutulmaya y\u00fcz tutmu\u015f el sanatlar\u0131n\u0131n hala ya\u015fad\u0131\u011f\u0131n\u0131 g\u00f6receksiniz.<\/p>\n<h2><strong>Halfeti, \u015eanl\u0131urfa<\/strong><\/h2>\n<p><img loading=\"lazy\" decoding=\"async\" class=\"alignnone size-full wp-image-8860\" src=\"https:\/\/julesverne.com.tr\/wp-content\/uploads\/2021\/06\/halfeti_shutterstock_1333072142.jpg\" alt=\"\" width=\"1200\" height=\"800\" srcset=\"https:\/\/julesverne.com.tr\/wp-content\/uploads\/2021\/06\/halfeti_shutterstock_1333072142.jpg 1200w, https:\/\/julesverne.com.tr\/wp-content\/uploads\/2021\/06\/halfeti_shutterstock_1333072142-500x333.jpg 500w, https:\/\/julesverne.com.tr\/wp-content\/uploads\/2021\/06\/halfeti_shutterstock_1333072142-768x512.jpg 768w\" sizes=\"(max-width: 1200px) 100vw, 1200px\" \/><\/p>\n<p>T\u00fcrkiye\u2019nin sakin \u015fehirlerinden bir di\u011feri de, Halfeti. Bir b\u00f6l\u00fcm\u00fc <strong>Birecik Baraj\u0131\u2019n\u0131n sular\u0131 alt\u0131nda kalan Halfeti<\/strong>, sakin ve huzur veren \u00f6zelli\u011finin yan\u0131 s\u0131ra s\u0131rad\u0131\u015f\u0131 g\u00fczelli\u011fiyle de g\u00f6z kama\u015ft\u0131r\u0131yor. E\u015fsiz k\u00fclt\u00fcrel yap\u0131s\u0131yla bir\u00e7ok medeniyete ev sahipli\u011fi yapan bu sakin \u015fehir, G\u00fcneydo\u011fu bozk\u0131r\u0131n\u0131n ortas\u0131nda olmas\u0131na ra\u011fmen Birecik Baraj G\u00f6l\u00fc sayesinde sahil kenti g\u00f6r\u00fcn\u00fcm\u00fcne sahip. Tarihi ta\u015f evleri ve do\u011fal g\u00fczellikleri ile <strong>G\u00fcneydo\u011fu\u2019nun sakl\u0131 cenneti Halfeti<\/strong>\u2019de siz de zaman\u0131 yava\u015flatarak, b\u00fcy\u00fcleyici bir yolculu\u011fa \u00e7\u0131kabilirsiniz.<\/p>\n<h2><strong>\u015eav\u015fat, Artvin<\/strong><\/h2>\n<p><img loading=\"lazy\" decoding=\"async\" class=\"alignnone size-full wp-image-8861\" src=\"https:\/\/julesverne.com.tr\/wp-content\/uploads\/2021\/06\/savsat_shutterstock_1862130622.jpg\" alt=\"\" width=\"1200\" height=\"800\" srcset=\"https:\/\/julesverne.com.tr\/wp-content\/uploads\/2021\/06\/savsat_shutterstock_1862130622.jpg 1200w, https:\/\/julesverne.com.tr\/wp-content\/uploads\/2021\/06\/savsat_shutterstock_1862130622-500x333.jpg 500w, https:\/\/julesverne.com.tr\/wp-content\/uploads\/2021\/06\/savsat_shutterstock_1862130622-768x512.jpg 768w\" sizes=\"(max-width: 1200px) 100vw, 1200px\" \/><\/p>\n<p>Ye\u015filin yan\u0131 s\u0131ra turuncu ve k\u0131rm\u0131z\u0131n\u0131n tonlar\u0131n\u0131 sergileyen a\u011fa\u00e7larla kapl\u0131 ormanlar\u0131yla g\u00f6renleri kendisine hayran b\u0131rakan <strong>Do\u011fu Karadeniz\u2019in sakin \u015fehri \u015eav\u015fat<\/strong>, kartpostallar\u0131 aratmayacak g\u00fczelli\u011fi ile b\u00fcy\u00fcleyici bir tatilin de kap\u0131s\u0131n\u0131 a\u00e7\u0131yor. Masal diyarlar\u0131n\u0131 and\u0131ran do\u011fas\u0131, g\u00f6lleri, ah\u015fap mimarisi, milli parklar\u0131, tarihi eserleri, yaylalar\u0131 ve yaban hayat\u0131 \u00e7e\u015fitlili\u011fi ile misafirlerine d\u00f6rt mevsim farkl\u0131 g\u00fczellikler sunan \u015eav\u015fat; bitki \u00f6rt\u00fcs\u00fcndeki sar\u0131, ye\u015fil, k\u0131rm\u0131z\u0131, turuncu ve kahverenginin tonlar\u0131yla g\u00f6z kama\u015ft\u0131r\u0131yor.<\/p>\n<h2><strong>E\u011firdir, Isparta<\/strong><\/h2>\n<p><img loading=\"lazy\" decoding=\"async\" class=\"alignnone size-full wp-image-8862\" src=\"https:\/\/julesverne.com.tr\/wp-content\/uploads\/2021\/06\/egirdir_shutterstock_1119544013.jpg\" alt=\"\" width=\"1200\" height=\"800\" srcset=\"https:\/\/julesverne.com.tr\/wp-content\/uploads\/2021\/06\/egirdir_shutterstock_1119544013.jpg 1200w, https:\/\/julesverne.com.tr\/wp-content\/uploads\/2021\/06\/egirdir_shutterstock_1119544013-500x333.jpg 500w, https:\/\/julesverne.com.tr\/wp-content\/uploads\/2021\/06\/egirdir_shutterstock_1119544013-768x512.jpg 768w\" sizes=\"(max-width: 1200px) 100vw, 1200px\" \/><\/p>\n<p>Do\u011fan\u0131n g\u00fczellikleri ile tarihin izlerinin bulu\u015ftu\u011fu <strong>E\u011firdir<\/strong>\u2019de ilk gezilecek yer ad\u0131ndan da anla\u015f\u0131laca\u011f\u0131 gibi E\u011firdir G\u00f6l\u00fc. <strong>T\u00fcrkiye\u2019nin 4. b\u00fcy\u00fck tatl\u0131 su g\u00f6l\u00fc<\/strong> olan E\u011firdir\u2019de iki de k\u00fc\u00e7\u00fck ada bulunuyor; Can Ada ve Ye\u015fil Ada. Ah\u015fap evleri, dar sokaklar\u0131 ve k\u00fc\u00e7\u00fck bal\u0131k\u00e7\u0131 bar\u0131na\u011f\u0131 ile otantik \u00f6zelli\u011fini koruyan Ye\u015fil Ada, bal\u0131k lokantalar\u0131 ve Ayastefanos Kilisesi ile dikkat \u00e7ekiyor. Sadece piknik alan\u0131 bulunan Can Ada\u2019n\u0131n en \u00f6nemli \u00f6zelli\u011fi ise Atat\u00fcrk\u2019\u00fcn E\u011firdir\u2019i ziyareti s\u0131ras\u0131nda adan\u0131n kendisine hediye edilmi\u015f olmas\u0131.<\/p>\n<h2><strong>Gerze, Sinop<\/strong><\/h2>\n<p><img loading=\"lazy\" decoding=\"async\" class=\"alignnone size-full wp-image-8863\" src=\"https:\/\/julesverne.com.tr\/wp-content\/uploads\/2021\/06\/gerze_shutterstock_1864193566.jpg\" alt=\"\" width=\"1200\" height=\"800\" srcset=\"https:\/\/julesverne.com.tr\/wp-content\/uploads\/2021\/06\/gerze_shutterstock_1864193566.jpg 1200w, https:\/\/julesverne.com.tr\/wp-content\/uploads\/2021\/06\/gerze_shutterstock_1864193566-500x333.jpg 500w, https:\/\/julesverne.com.tr\/wp-content\/uploads\/2021\/06\/gerze_shutterstock_1864193566-768x512.jpg 768w\" sizes=\"(max-width: 1200px) 100vw, 1200px\" \/><\/p>\n<p>M.\u00d6 1400 y\u0131l\u0131na dayanan tarihi ile <strong>Gerze<\/strong>, k\u00fclt\u00fcrel miras\u0131n korunarak do\u011fayla harmanland\u0131\u011f\u0131 sakin \u015fehirlerden bir di\u011feri. Y\u0131llar boyu bir\u00e7ok medeniyete ev sahipli\u011fi yapm\u0131\u015f olan bu b\u00f6lgede tarihe tan\u0131kl\u0131k edebilece\u011finiz onlarca yap\u0131, ye\u015filin her tonunu g\u00f6rebilece\u011finiz do\u011fal g\u00fczellikler yer al\u0131yor. Denize do\u011fru uzanan dantel gibi koylara ve u\u00e7suz bucaks\u0131z bir ye\u015file sahip olan Gerze\u2019de zaman\u0131 yava\u015flatarak, sakin bir bal\u0131k\u00e7\u0131 kasabas\u0131n\u0131n dinginli\u011fini ya\u015fayabilirsiniz.<\/p>\n<h2><strong>G\u00f6yn\u00fck, Bolu<\/strong><\/h2>\n<p><img loading=\"lazy\" decoding=\"async\" class=\"alignnone size-full wp-image-8864\" src=\"https:\/\/julesverne.com.tr\/wp-content\/uploads\/2021\/06\/goknuk_shutterstock_1856296540.jpg\" alt=\"\" width=\"1200\" height=\"800\" srcset=\"https:\/\/julesverne.com.tr\/wp-content\/uploads\/2021\/06\/goknuk_shutterstock_1856296540.jpg 1200w, https:\/\/julesverne.com.tr\/wp-content\/uploads\/2021\/06\/goknuk_shutterstock_1856296540-500x333.jpg 500w, https:\/\/julesverne.com.tr\/wp-content\/uploads\/2021\/06\/goknuk_shutterstock_1856296540-768x512.jpg 768w\" sizes=\"(max-width: 1200px) 100vw, 1200px\" \/><\/p>\n<p>Y\u0131llar boyu farkl\u0131 medeniyetlere ev sahipli\u011fi yapm\u0131\u015f olan <strong>G\u00f6yn\u00fck<\/strong>, ge\u00e7mi\u015ften g\u00fcn\u00fcm\u00fcze uzanan tarihi yap\u0131lar\u0131, do\u011fan\u0131n g\u00fczellikleri ve yerine getirdi\u011fi sakin \u015fehir kriterleriyle tipik bir Osmanl\u0131 kasabas\u0131. Tarihi ve do\u011fal g\u00fczelliklerini g\u00fcn\u00fcm\u00fcze kadar korumay\u0131 ba\u015faran bu sakin \u015fehirde geleneksel de\u011ferler asl\u0131na uygun olarak ya\u015fat\u0131l\u0131yor.<\/p>\n<h2><strong>Mudurnu, Bolu<\/strong><\/h2>\n<p><img loading=\"lazy\" decoding=\"async\" class=\"alignnone size-full wp-image-8865\" src=\"https:\/\/julesverne.com.tr\/wp-content\/uploads\/2021\/06\/mudurnu_shutterstock_1175132173.jpg\" alt=\"\" width=\"1200\" height=\"800\" srcset=\"https:\/\/julesverne.com.tr\/wp-content\/uploads\/2021\/06\/mudurnu_shutterstock_1175132173.jpg 1200w, https:\/\/julesverne.com.tr\/wp-content\/uploads\/2021\/06\/mudurnu_shutterstock_1175132173-500x333.jpg 500w, https:\/\/julesverne.com.tr\/wp-content\/uploads\/2021\/06\/mudurnu_shutterstock_1175132173-768x512.jpg 768w\" sizes=\"(max-width: 1200px) 100vw, 1200px\" \/><\/p>\n<p>Bolu\u2019ya yakla\u015f\u0131k bir saatlik mesafede bulunan <strong>Mudurnu<\/strong>\u2019da ad\u0131m att\u0131\u011f\u0131n\u0131z her yer tarih kokar. Mimarisiyle g\u00f6z dolduran tarihi evleri ve do\u011fal de\u011ferlerinden dolay\u0131 <strong>Kentsel Sit Alan\u0131<\/strong> ilan edilen bu sakin \u015fehir, merkezinin g\u00f6r\u00fcnt\u00fcs\u00fc ve dar sokaklar\u0131nda s\u0131ralanan evleri ile sizi unutamayaca\u011f\u0131n\u0131z bir zaman yolculu\u011funa \u00e7\u0131kar\u0131r.<\/p>\n<h2><strong>Uzundere, Erzurum<\/strong><\/h2>\n<p><img loading=\"lazy\" decoding=\"async\" class=\"alignnone size-full wp-image-8866\" src=\"https:\/\/julesverne.com.tr\/wp-content\/uploads\/2021\/06\/uzundere_shutterstock_1763703887.jpg\" alt=\"\" width=\"1200\" height=\"800\" srcset=\"https:\/\/julesverne.com.tr\/wp-content\/uploads\/2021\/06\/uzundere_shutterstock_1763703887.jpg 1200w, https:\/\/julesverne.com.tr\/wp-content\/uploads\/2021\/06\/uzundere_shutterstock_1763703887-500x333.jpg 500w, https:\/\/julesverne.com.tr\/wp-content\/uploads\/2021\/06\/uzundere_shutterstock_1763703887-768x512.jpg 768w\" sizes=\"(max-width: 1200px) 100vw, 1200px\" \/><\/p>\n<p>\u00dc\u00e7 bin y\u0131ll\u0131k tarihinde \u00e7ok say\u0131da medeniyete ev sahipli\u011fi yapan <strong>Uzundere<\/strong>, tarihi ve do\u011fal g\u00fczellikleriyle ziyaret\u00e7ilerini masals\u0131 bir yolculu\u011fa davet ediyor. Tarihi ve do\u011fal g\u00fczellikleri ile ufkunuzu a\u00e7an Erzurum\u2019un sakin \u015fehri Uzundere, 46 metre y\u00fcksekli\u011fe sahip <strong>d\u00fcnyan\u0131n en b\u00fcy\u00fck \u015felalelerinden Tortum<\/strong> ile ziyaret\u00e7ilerine g\u00f6rsel bir \u015f\u00f6len sunuyor.<\/p>\n<h2><strong>K\u00f6yce\u011fiz, Mu\u011fla<\/strong><\/h2>\n<p><img loading=\"lazy\" decoding=\"async\" class=\"alignnone size-full wp-image-8867\" src=\"https:\/\/julesverne.com.tr\/wp-content\/uploads\/2021\/06\/koycegiz_shutterstock_1193380087.jpg\" alt=\"\" width=\"1200\" height=\"800\" srcset=\"https:\/\/julesverne.com.tr\/wp-content\/uploads\/2021\/06\/koycegiz_shutterstock_1193380087.jpg 1200w, https:\/\/julesverne.com.tr\/wp-content\/uploads\/2021\/06\/koycegiz_shutterstock_1193380087-500x333.jpg 500w, https:\/\/julesverne.com.tr\/wp-content\/uploads\/2021\/06\/koycegiz_shutterstock_1193380087-768x512.jpg 768w\" sizes=\"(max-width: 1200px) 100vw, 1200px\" \/><\/p>\n<p>M.\u00d6 3400\u2019lere uzanan tarihiyle onlarca farkl\u0131 uygarl\u0131\u011fa ev sahipli\u011fi yapm\u0131\u015f olan <strong>K\u00f6yce\u011fiz<\/strong>, yaln\u0131zca tarihsel \u00f6nemiyle de\u011fil, do\u011fal g\u00fczellikleriyle de \u00f6n plana \u00e7\u0131k\u0131yor. Yemye\u015fil dokusu ve tertemiz sular\u0131yla K\u00f6yce\u011fiz tek kelimeyle insan\u0131n g\u00f6nl\u00fcnden taht kuruyor.<\/p>\n<h2><strong>Ahlat, Bitlis<\/strong><\/h2>\n<p><img loading=\"lazy\" decoding=\"async\" class=\"alignnone size-full wp-image-8868\" src=\"https:\/\/julesverne.com.tr\/wp-content\/uploads\/2021\/06\/ahlat_shutterstock_1812465493.jpg\" alt=\"\" width=\"1200\" height=\"800\" srcset=\"https:\/\/julesverne.com.tr\/wp-content\/uploads\/2021\/06\/ahlat_shutterstock_1812465493.jpg 1200w, https:\/\/julesverne.com.tr\/wp-content\/uploads\/2021\/06\/ahlat_shutterstock_1812465493-500x333.jpg 500w, https:\/\/julesverne.com.tr\/wp-content\/uploads\/2021\/06\/ahlat_shutterstock_1812465493-768x512.jpg 768w\" sizes=\"(max-width: 1200px) 100vw, 1200px\" \/><\/p>\n<p>Tarih boyunca bir\u00e7ok uygarl\u0131\u011fa ev sahipli\u011fi yapan <strong>Ahlat<\/strong>, Bitlis\u2019te Van G\u00f6l\u00fc kenar\u0131ndaki s\u0131rtlardan birine yaslanm\u0131\u015f olup, do\u011fal g\u00fczelliklerin fazlal\u0131\u011f\u0131 ile tarihi \u00e7ok eski olan bir il\u00e7e. Co\u011frafi konumu ile do\u011fu ve bat\u0131 uygarl\u0131klar\u0131 aras\u0131nda tarih boyunca k\u00f6pr\u00fc durumunda olan Ahlat, <strong>UNESCO D\u00fcnya K\u00fclt\u00fcr Miras\u0131 Ge\u00e7ici Listesi<\/strong>\u2019nde yer alan, d\u00fcnyan\u0131n en b\u00fcy\u00fck T\u00fcrk \u0130slam Mezarl\u0131\u011f\u0131 olma \u00f6zelli\u011fini ta\u015f\u0131yan <strong>Ahlat Sel\u00e7uklu Meydan Mezarl\u0131\u011f\u0131<\/strong> ile ziyaret\u00e7ilerini unutamayacaklar\u0131 bir zaman yolculu\u011fa \u00e7\u0131kar\u0131yor.<\/p>\n<h2><strong>G\u00fcd\u00fcl, Ankara<\/strong><\/h2>\n<p><img loading=\"lazy\" decoding=\"async\" class=\"alignnone size-full wp-image-8869\" src=\"https:\/\/julesverne.com.tr\/wp-content\/uploads\/2021\/06\/gudul-ankara.jpg\" alt=\"\" width=\"1200\" height=\"800\" srcset=\"https:\/\/julesverne.com.tr\/wp-content\/uploads\/2021\/06\/gudul-ankara.jpg 1200w, https:\/\/julesverne.com.tr\/wp-content\/uploads\/2021\/06\/gudul-ankara-500x333.jpg 500w, https:\/\/julesverne.com.tr\/wp-content\/uploads\/2021\/06\/gudul-ankara-768x512.jpg 768w\" sizes=\"(max-width: 1200px) 100vw, 1200px\" \/><\/p>\n<p>Ge\u00e7mi\u015ften g\u00fcn\u00fcm\u00fcze uzanan tarihi ma\u011faralar\u0131, yemye\u015fil yaylalar\u0131 ve s\u00fcrd\u00fcr\u00fclebilir tar\u0131m \u00fcr\u00fcnleri ile G\u00fcd\u00fcl, Ankara\u2019n\u0131n kuzeybat\u0131s\u0131nda yer alan sakin \u015fehirlerden biri. Tarihi M.\u00d6 3000 y\u0131l\u0131na kadar uzanan bu sakin \u015fehir; do\u011fas\u0131, mimarisi, k\u00fclt\u00fcr\u00fc ve tarihi ile huzurun cazibe merkezi olabilecek \u015firin bir kent. <strong>T\u00fcrkiye\u2019de Cumhuriyet\u2019in kurulu\u015funun 2 g\u00fcn \u00fcst \u00fcste kutland\u0131\u011f\u0131 tek il\u00e7e olan G\u00fcd\u00fcl<\/strong>, Cumhuriyet ilan edildi\u011finden bu yana bu gelene\u011fini devam ettirmeye \u00f6zen g\u00f6steriyor. \u015eenlik kapsam\u0131nda yak\u0131lan ate\u015f ise yeniden do\u011fu\u015fu ve dirili\u015fi simgeliyor.<\/p>\n<p>&nbsp;<\/p>\n<p style=\"text-align: center;\"><strong>T\u00fcrkiye&#8217;nin Birbirinden G\u00fczel Sakin \u015eehirlerinde Size \u00d6zel Seyahat Program\u0131 \u0130\u00e7in:<\/strong><\/p>\n<p style=\"text-align: center;\"><strong><a href=\"mailto:Travel@julesverne.com.tr\">Travel@julesverne.com.tr<\/a><\/strong><\/p>\n<p>&nbsp;<\/p>\n<p>&nbsp;<\/p>\n<p>&nbsp;<\/p>\n","protected":false},"excerpt":{"rendered":"<p>Pandemi ile birlikte trend olan yava\u015f seyahat kavram\u0131, Cittaslow felsefesiyle \u201cdur ve etraf\u0131na bak\u201d demenin de asl\u0131nda bamba\u015fka bir yolu. Do\u011fas\u0131n\u0131, do\u011fall\u0131\u011f\u0131n\u0131, sakinli\u011fini ve k\u00fclt\u00fcrel de\u011ferlerini korumay\u0131 ba\u015faran, zamana yenilmeyerek zamans\u0131z kalabilen \u015fehirlerin olu\u015fturdu\u011fu Cittaslow listesinde T\u00fcrkiye\u2019den tam 18 \u015fehir yer al\u0131yor. Ad\u0131n\u0131 tar\u0131m tanr\u0131s\u0131 Imbrassos\u2019tan alan G\u00f6k\u00e7eada; Akdeniz ve Ege\u2019nin kesi\u015fim noktas\u0131nda yer alan [&hellip;]<\/p>\n","protected":false},"author":10,"featured_media":9004,"comment_status":"closed","ping_status":"closed","sticky":false,"template":"","format":"standard","meta":{"inline_featured_image":false,"footnotes":""},"categories":[38,1,39],"tags":[137,142,73,143],"acf":[],"yoast_head":"<!-- This site is optimized with the Yoast SEO plugin v22.3 - https:\/\/yoast.com\/wordpress\/plugins\/seo\/ -->\n<title>T\u00fcrkiye\u2019nin Huzur Dolu 18 Sakin \u015eehrini Ke\u015ffetmeye Ne Dersiniz? - JULES VERNE BUSINESS MICE TRAVEL<\/title>\n<meta name=\"description\" content=\"Tatili \u00f6zlemle bekleyen, do\u011fa ile bulu\u015fup huzurlu ve sakin bir mola ile y\u0131l\u0131n yorgunlu\u011funu geride b\u0131rakma hayalleri kuranlar i\u00e7in sakin \u015fehirler, e\u015fsiz bir nefes alma imkan\u0131 sunuyor. Pandemi ile birlikte trend olan yava\u015f seyahat kavram\u0131, Cittaslow felsefesiyle \u201cdur ve etraf\u0131na bak\u201d demenin de asl\u0131nda bamba\u015fka bir yolu. Do\u011fas\u0131n\u0131, do\u011fall\u0131\u011f\u0131n\u0131, sakinli\u011fini ve k\u00fclt\u00fcrel de\u011ferlerini korumay\u0131 ba\u015faran, zamana yenilmeyerek zamans\u0131z kalabilen \u015fehirlerin olu\u015fturdu\u011fu Cittaslow listesinde T\u00fcrkiye\u2019den tam 18 \u015fehir yer al\u0131yor.\" \/>\n<meta name=\"robots\" content=\"index, follow, max-snippet:-1, max-image-preview:large, max-video-preview:-1\" \/>\n<link rel=\"canonical\" href=\"https:\/\/julesverne.com.tr\/travel-blog\/turkiyenin-huzur-dolu-18-sakin-sehrini-kesfetmeye-ne-dersiniz\/\" \/>\n<meta property=\"og:locale\" content=\"en_US\" \/>\n<meta property=\"og:type\" content=\"article\" \/>\n<meta property=\"og:title\" content=\"T\u00fcrkiye\u2019nin Huzur Dolu 18 Sakin \u015eehrini Ke\u015ffetmeye Ne Dersiniz? - JULES VERNE BUSINESS MICE TRAVEL\" \/>\n<meta property=\"og:description\" content=\"Tatili \u00f6zlemle bekleyen, do\u011fa ile bulu\u015fup huzurlu ve sakin bir mola ile y\u0131l\u0131n yorgunlu\u011funu geride b\u0131rakma hayalleri kuranlar i\u00e7in sakin \u015fehirler, e\u015fsiz bir nefes alma imkan\u0131 sunuyor. Pandemi ile birlikte trend olan yava\u015f seyahat kavram\u0131, Cittaslow felsefesiyle \u201cdur ve etraf\u0131na bak\u201d demenin de asl\u0131nda bamba\u015fka bir yolu. Do\u011fas\u0131n\u0131, do\u011fall\u0131\u011f\u0131n\u0131, sakinli\u011fini ve k\u00fclt\u00fcrel de\u011ferlerini korumay\u0131 ba\u015faran, zamana yenilmeyerek zamans\u0131z kalabilen \u015fehirlerin olu\u015fturdu\u011fu Cittaslow listesinde T\u00fcrkiye\u2019den tam 18 \u015fehir yer al\u0131yor.\" \/>\n<meta property=\"og:url\" content=\"https:\/\/julesverne.com.tr\/travel-blog\/turkiyenin-huzur-dolu-18-sakin-sehrini-kesfetmeye-ne-dersiniz\/\" \/>\n<meta property=\"og:site_name\" content=\"JULES VERNE BUSINESS MICE TRAVEL\" \/>\n<meta property=\"article:publisher\" content=\"https:\/\/www.facebook.com\/JulesVerneBusinessMiceTravel\/\" \/>\n<meta property=\"article:published_time\" content=\"2021-06-16T10:25:08+00:00\" \/>\n<meta property=\"article:modified_time\" content=\"2021-10-22T14:16:54+00:00\" \/>\n<meta property=\"og:image\" content=\"https:\/\/julesverne.com.tr\/wp-content\/uploads\/2021\/06\/goynuk_shutterstock_1550964053.jpg\" \/>\n\t<meta property=\"og:image:width\" content=\"1000\" \/>\n\t<meta property=\"og:image:height\" content=\"667\" \/>\n\t<meta property=\"og:image:type\" content=\"image\/jpeg\" \/>\n<meta name=\"author\" content=\"Ebru Alt\u0131n\" \/>\n<meta name=\"twitter:card\" content=\"summary_large_image\" \/>\n<meta name=\"twitter:creator\" content=\"@JV_BusinessMice\" \/>\n<meta name=\"twitter:site\" content=\"@JV_BusinessMice\" \/>\n<meta name=\"twitter:label1\" content=\"Written by\" \/>\n\t<meta name=\"twitter:data1\" content=\"Ebru Alt\u0131n\" \/>\n\t<meta name=\"twitter:label2\" content=\"Est. reading time\" \/>\n\t<meta name=\"twitter:data2\" content=\"10 minutes\" \/>\n<script type=\"application\/ld+json\" class=\"yoast-schema-graph\">{\"@context\":\"https:\/\/schema.org\",\"@graph\":[{\"@type\":\"Article\",\"@id\":\"https:\/\/julesverne.com.tr\/travel-blog\/turkiyenin-huzur-dolu-18-sakin-sehrini-kesfetmeye-ne-dersiniz\/#article\",\"isPartOf\":{\"@id\":\"https:\/\/julesverne.com.tr\/travel-blog\/turkiyenin-huzur-dolu-18-sakin-sehrini-kesfetmeye-ne-dersiniz\/\"},\"author\":{\"name\":\"Ebru Alt\u0131n\",\"@id\":\"https:\/\/julesverne.com.tr\/#\/schema\/person\/219931edfe2e7d9cbbcbabb8a7e4c7f4\"},\"headline\":\"T\u00fcrkiye\u2019nin Huzur Dolu 18 Sakin \u015eehrini Ke\u015ffetmeye Ne Dersiniz?\",\"datePublished\":\"2021-06-16T10:25:08+00:00\",\"dateModified\":\"2021-10-22T14:16:54+00:00\",\"mainEntityOfPage\":{\"@id\":\"https:\/\/julesverne.com.tr\/travel-blog\/turkiyenin-huzur-dolu-18-sakin-sehrini-kesfetmeye-ne-dersiniz\/\"},\"wordCount\":2003,\"publisher\":{\"@id\":\"https:\/\/julesverne.com.tr\/#organization\"},\"image\":{\"@id\":\"https:\/\/julesverne.com.tr\/travel-blog\/turkiyenin-huzur-dolu-18-sakin-sehrini-kesfetmeye-ne-dersiniz\/#primaryimage\"},\"thumbnailUrl\":\"https:\/\/julesverne.com.tr\/wp-content\/uploads\/2021\/06\/goynuk_shutterstock_1550964053.jpg\",\"keywords\":[\"Blog\",\"Cittaslow\",\"Nereye Gitsek\",\"Sakin \u015eehir\"],\"articleSection\":[\"\u0130lham Veren Destinasyonlar\",\"Blog\",\"Nereye Gitsek?\"],\"inLanguage\":\"en-US\"},{\"@type\":\"WebPage\",\"@id\":\"https:\/\/julesverne.com.tr\/travel-blog\/turkiyenin-huzur-dolu-18-sakin-sehrini-kesfetmeye-ne-dersiniz\/\",\"url\":\"https:\/\/julesverne.com.tr\/travel-blog\/turkiyenin-huzur-dolu-18-sakin-sehrini-kesfetmeye-ne-dersiniz\/\",\"name\":\"T\u00fcrkiye\u2019nin Huzur Dolu 18 Sakin \u015eehrini Ke\u015ffetmeye Ne Dersiniz? - JULES VERNE BUSINESS MICE TRAVEL\",\"isPartOf\":{\"@id\":\"https:\/\/julesverne.com.tr\/#website\"},\"primaryImageOfPage\":{\"@id\":\"https:\/\/julesverne.com.tr\/travel-blog\/turkiyenin-huzur-dolu-18-sakin-sehrini-kesfetmeye-ne-dersiniz\/#primaryimage\"},\"image\":{\"@id\":\"https:\/\/julesverne.com.tr\/travel-blog\/turkiyenin-huzur-dolu-18-sakin-sehrini-kesfetmeye-ne-dersiniz\/#primaryimage\"},\"thumbnailUrl\":\"https:\/\/julesverne.com.tr\/wp-content\/uploads\/2021\/06\/goynuk_shutterstock_1550964053.jpg\",\"datePublished\":\"2021-06-16T10:25:08+00:00\",\"dateModified\":\"2021-10-22T14:16:54+00:00\",\"description\":\"Tatili \u00f6zlemle bekleyen, do\u011fa ile bulu\u015fup huzurlu ve sakin bir mola ile y\u0131l\u0131n yorgunlu\u011funu geride b\u0131rakma hayalleri kuranlar i\u00e7in sakin \u015fehirler, e\u015fsiz bir nefes alma imkan\u0131 sunuyor. Pandemi ile birlikte trend olan yava\u015f seyahat kavram\u0131, Cittaslow felsefesiyle \u201cdur ve etraf\u0131na bak\u201d demenin de asl\u0131nda bamba\u015fka bir yolu. Do\u011fas\u0131n\u0131, do\u011fall\u0131\u011f\u0131n\u0131, sakinli\u011fini ve k\u00fclt\u00fcrel de\u011ferlerini korumay\u0131 ba\u015faran, zamana yenilmeyerek zamans\u0131z kalabilen \u015fehirlerin olu\u015fturdu\u011fu Cittaslow listesinde T\u00fcrkiye\u2019den tam 18 \u015fehir yer al\u0131yor.\",\"breadcrumb\":{\"@id\":\"https:\/\/julesverne.com.tr\/travel-blog\/turkiyenin-huzur-dolu-18-sakin-sehrini-kesfetmeye-ne-dersiniz\/#breadcrumb\"},\"inLanguage\":\"en-US\",\"potentialAction\":[{\"@type\":\"ReadAction\",\"target\":[\"https:\/\/julesverne.com.tr\/travel-blog\/turkiyenin-huzur-dolu-18-sakin-sehrini-kesfetmeye-ne-dersiniz\/\"]}]},{\"@type\":\"ImageObject\",\"inLanguage\":\"en-US\",\"@id\":\"https:\/\/julesverne.com.tr\/travel-blog\/turkiyenin-huzur-dolu-18-sakin-sehrini-kesfetmeye-ne-dersiniz\/#primaryimage\",\"url\":\"https:\/\/julesverne.com.tr\/wp-content\/uploads\/2021\/06\/goynuk_shutterstock_1550964053.jpg\",\"contentUrl\":\"https:\/\/julesverne.com.tr\/wp-content\/uploads\/2021\/06\/goynuk_shutterstock_1550964053.jpg\",\"width\":1000,\"height\":667},{\"@type\":\"BreadcrumbList\",\"@id\":\"https:\/\/julesverne.com.tr\/travel-blog\/turkiyenin-huzur-dolu-18-sakin-sehrini-kesfetmeye-ne-dersiniz\/#breadcrumb\",\"itemListElement\":[{\"@type\":\"ListItem\",\"position\":1,\"name\":\"Anasayfa\",\"item\":\"https:\/\/julesverne.com.tr\/\"},{\"@type\":\"ListItem\",\"position\":2,\"name\":\"T\u00fcrkiye\u2019nin Huzur Dolu 18 Sakin \u015eehrini Ke\u015ffetmeye Ne Dersiniz?\"}]},{\"@type\":\"WebSite\",\"@id\":\"https:\/\/julesverne.com.tr\/#website\",\"url\":\"https:\/\/julesverne.com.tr\/\",\"name\":\"JULES VERNE BUSINESS MICE TRAVEL\",\"description\":\"\",\"publisher\":{\"@id\":\"https:\/\/julesverne.com.tr\/#organization\"},\"potentialAction\":[{\"@type\":\"SearchAction\",\"target\":{\"@type\":\"EntryPoint\",\"urlTemplate\":\"https:\/\/julesverne.com.tr\/?s={search_term_string}\"},\"query-input\":\"required name=search_term_string\"}],\"inLanguage\":\"en-US\"},{\"@type\":\"Organization\",\"@id\":\"https:\/\/julesverne.com.tr\/#organization\",\"name\":\"JULES VERNE BUSINESS MICE TRAVEL\",\"url\":\"https:\/\/julesverne.com.tr\/\",\"logo\":{\"@type\":\"ImageObject\",\"inLanguage\":\"en-US\",\"@id\":\"https:\/\/julesverne.com.tr\/#\/schema\/logo\/image\/\",\"url\":\"https:\/\/julesverne.com.tr\/wp-content\/uploads\/2020\/09\/jv-bmt-logo.png\",\"contentUrl\":\"https:\/\/julesverne.com.tr\/wp-content\/uploads\/2020\/09\/jv-bmt-logo.png\",\"width\":110,\"height\":81,\"caption\":\"JULES VERNE BUSINESS MICE TRAVEL\"},\"image\":{\"@id\":\"https:\/\/julesverne.com.tr\/#\/schema\/logo\/image\/\"},\"sameAs\":[\"https:\/\/www.facebook.com\/JulesVerneBusinessMiceTravel\/\",\"https:\/\/twitter.com\/JV_BusinessMice\",\"https:\/\/www.instagram.com\/julesvernebusinessmicetravel\/\",\"https:\/\/www.linkedin.com\/company\/julesvernebusinessmicetravel\/\",\"https:\/\/www.youtube.com\/channel\/UCAwdsmbZ6tFhu1tea6pkpiw\"]},{\"@type\":\"Person\",\"@id\":\"https:\/\/julesverne.com.tr\/#\/schema\/person\/219931edfe2e7d9cbbcbabb8a7e4c7f4\",\"name\":\"Ebru Alt\u0131n\",\"url\":\"https:\/\/julesverne.com.tr\/en\/author\/ebru-altin\/\"}]}<\/script>\n<!-- \/ Yoast SEO plugin. -->","yoast_head_json":{"title":"T\u00fcrkiye\u2019nin Huzur Dolu 18 Sakin \u015eehrini Ke\u015ffetmeye Ne Dersiniz? - JULES VERNE BUSINESS MICE TRAVEL","description":"Tatili \u00f6zlemle bekleyen, do\u011fa ile bulu\u015fup huzurlu ve sakin bir mola ile y\u0131l\u0131n yorgunlu\u011funu geride b\u0131rakma hayalleri kuranlar i\u00e7in sakin \u015fehirler, e\u015fsiz bir nefes alma imkan\u0131 sunuyor. Pandemi ile birlikte trend olan yava\u015f seyahat kavram\u0131, Cittaslow felsefesiyle \u201cdur ve etraf\u0131na bak\u201d demenin de asl\u0131nda bamba\u015fka bir yolu. Do\u011fas\u0131n\u0131, do\u011fall\u0131\u011f\u0131n\u0131, sakinli\u011fini ve k\u00fclt\u00fcrel de\u011ferlerini korumay\u0131 ba\u015faran, zamana yenilmeyerek zamans\u0131z kalabilen \u015fehirlerin olu\u015fturdu\u011fu Cittaslow listesinde T\u00fcrkiye\u2019den tam 18 \u015fehir yer al\u0131yor.","robots":{"index":"index","follow":"follow","max-snippet":"max-snippet:-1","max-image-preview":"max-image-preview:large","max-video-preview":"max-video-preview:-1"},"canonical":"https:\/\/julesverne.com.tr\/travel-blog\/turkiyenin-huzur-dolu-18-sakin-sehrini-kesfetmeye-ne-dersiniz\/","og_locale":"en_US","og_type":"article","og_title":"T\u00fcrkiye\u2019nin Huzur Dolu 18 Sakin \u015eehrini Ke\u015ffetmeye Ne Dersiniz? - JULES VERNE BUSINESS MICE TRAVEL","og_description":"Tatili \u00f6zlemle bekleyen, do\u011fa ile bulu\u015fup huzurlu ve sakin bir mola ile y\u0131l\u0131n yorgunlu\u011funu geride b\u0131rakma hayalleri kuranlar i\u00e7in sakin \u015fehirler, e\u015fsiz bir nefes alma imkan\u0131 sunuyor. Pandemi ile birlikte trend olan yava\u015f seyahat kavram\u0131, Cittaslow felsefesiyle \u201cdur ve etraf\u0131na bak\u201d demenin de asl\u0131nda bamba\u015fka bir yolu. Do\u011fas\u0131n\u0131, do\u011fall\u0131\u011f\u0131n\u0131, sakinli\u011fini ve k\u00fclt\u00fcrel de\u011ferlerini korumay\u0131 ba\u015faran, zamana yenilmeyerek zamans\u0131z kalabilen \u015fehirlerin olu\u015fturdu\u011fu Cittaslow listesinde T\u00fcrkiye\u2019den tam 18 \u015fehir yer al\u0131yor.","og_url":"https:\/\/julesverne.com.tr\/travel-blog\/turkiyenin-huzur-dolu-18-sakin-sehrini-kesfetmeye-ne-dersiniz\/","og_site_name":"JULES VERNE BUSINESS MICE TRAVEL","article_publisher":"https:\/\/www.facebook.com\/JulesVerneBusinessMiceTravel\/","article_published_time":"2021-06-16T10:25:08+00:00","article_modified_time":"2021-10-22T14:16:54+00:00","og_image":[{"width":1000,"height":667,"url":"https:\/\/julesverne.com.tr\/wp-content\/uploads\/2021\/06\/goynuk_shutterstock_1550964053.jpg","type":"image\/jpeg"}],"author":"Ebru Alt\u0131n","twitter_card":"summary_large_image","twitter_creator":"@JV_BusinessMice","twitter_site":"@JV_BusinessMice","twitter_misc":{"Written by":"Ebru Alt\u0131n","Est. reading time":"10 minutes"},"schema":{"@context":"https:\/\/schema.org","@graph":[{"@type":"Article","@id":"https:\/\/julesverne.com.tr\/travel-blog\/turkiyenin-huzur-dolu-18-sakin-sehrini-kesfetmeye-ne-dersiniz\/#article","isPartOf":{"@id":"https:\/\/julesverne.com.tr\/travel-blog\/turkiyenin-huzur-dolu-18-sakin-sehrini-kesfetmeye-ne-dersiniz\/"},"author":{"name":"Ebru Alt\u0131n","@id":"https:\/\/julesverne.com.tr\/#\/schema\/person\/219931edfe2e7d9cbbcbabb8a7e4c7f4"},"headline":"T\u00fcrkiye\u2019nin Huzur Dolu 18 Sakin \u015eehrini Ke\u015ffetmeye Ne Dersiniz?","datePublished":"2021-06-16T10:25:08+00:00","dateModified":"2021-10-22T14:16:54+00:00","mainEntityOfPage":{"@id":"https:\/\/julesverne.com.tr\/travel-blog\/turkiyenin-huzur-dolu-18-sakin-sehrini-kesfetmeye-ne-dersiniz\/"},"wordCount":2003,"publisher":{"@id":"https:\/\/julesverne.com.tr\/#organization"},"image":{"@id":"https:\/\/julesverne.com.tr\/travel-blog\/turkiyenin-huzur-dolu-18-sakin-sehrini-kesfetmeye-ne-dersiniz\/#primaryimage"},"thumbnailUrl":"https:\/\/julesverne.com.tr\/wp-content\/uploads\/2021\/06\/goynuk_shutterstock_1550964053.jpg","keywords":["Blog","Cittaslow","Nereye Gitsek","Sakin \u015eehir"],"articleSection":["\u0130lham Veren Destinasyonlar","Blog","Nereye Gitsek?"],"inLanguage":"en-US"},{"@type":"WebPage","@id":"https:\/\/julesverne.com.tr\/travel-blog\/turkiyenin-huzur-dolu-18-sakin-sehrini-kesfetmeye-ne-dersiniz\/","url":"https:\/\/julesverne.com.tr\/travel-blog\/turkiyenin-huzur-dolu-18-sakin-sehrini-kesfetmeye-ne-dersiniz\/","name":"T\u00fcrkiye\u2019nin Huzur Dolu 18 Sakin \u015eehrini Ke\u015ffetmeye Ne Dersiniz? - JULES VERNE BUSINESS MICE TRAVEL","isPartOf":{"@id":"https:\/\/julesverne.com.tr\/#website"},"primaryImageOfPage":{"@id":"https:\/\/julesverne.com.tr\/travel-blog\/turkiyenin-huzur-dolu-18-sakin-sehrini-kesfetmeye-ne-dersiniz\/#primaryimage"},"image":{"@id":"https:\/\/julesverne.com.tr\/travel-blog\/turkiyenin-huzur-dolu-18-sakin-sehrini-kesfetmeye-ne-dersiniz\/#primaryimage"},"thumbnailUrl":"https:\/\/julesverne.com.tr\/wp-content\/uploads\/2021\/06\/goynuk_shutterstock_1550964053.jpg","datePublished":"2021-06-16T10:25:08+00:00","dateModified":"2021-10-22T14:16:54+00:00","description":"Tatili \u00f6zlemle bekleyen, do\u011fa ile bulu\u015fup huzurlu ve sakin bir mola ile y\u0131l\u0131n yorgunlu\u011funu geride b\u0131rakma hayalleri kuranlar i\u00e7in sakin \u015fehirler, e\u015fsiz bir nefes alma imkan\u0131 sunuyor. Pandemi ile birlikte trend olan yava\u015f seyahat kavram\u0131, Cittaslow felsefesiyle \u201cdur ve etraf\u0131na bak\u201d demenin de asl\u0131nda bamba\u015fka bir yolu. Do\u011fas\u0131n\u0131, do\u011fall\u0131\u011f\u0131n\u0131, sakinli\u011fini ve k\u00fclt\u00fcrel de\u011ferlerini korumay\u0131 ba\u015faran, zamana yenilmeyerek zamans\u0131z kalabilen \u015fehirlerin olu\u015fturdu\u011fu Cittaslow listesinde T\u00fcrkiye\u2019den tam 18 \u015fehir yer al\u0131yor.","breadcrumb":{"@id":"https:\/\/julesverne.com.tr\/travel-blog\/turkiyenin-huzur-dolu-18-sakin-sehrini-kesfetmeye-ne-dersiniz\/#breadcrumb"},"inLanguage":"en-US","potentialAction":[{"@type":"ReadAction","target":["https:\/\/julesverne.com.tr\/travel-blog\/turkiyenin-huzur-dolu-18-sakin-sehrini-kesfetmeye-ne-dersiniz\/"]}]},{"@type":"ImageObject","inLanguage":"en-US","@id":"https:\/\/julesverne.com.tr\/travel-blog\/turkiyenin-huzur-dolu-18-sakin-sehrini-kesfetmeye-ne-dersiniz\/#primaryimage","url":"https:\/\/julesverne.com.tr\/wp-content\/uploads\/2021\/06\/goynuk_shutterstock_1550964053.jpg","contentUrl":"https:\/\/julesverne.com.tr\/wp-content\/uploads\/2021\/06\/goynuk_shutterstock_1550964053.jpg","width":1000,"height":667},{"@type":"BreadcrumbList","@id":"https:\/\/julesverne.com.tr\/travel-blog\/turkiyenin-huzur-dolu-18-sakin-sehrini-kesfetmeye-ne-dersiniz\/#breadcrumb","itemListElement":[{"@type":"ListItem","position":1,"name":"Anasayfa","item":"https:\/\/julesverne.com.tr\/"},{"@type":"ListItem","position":2,"name":"T\u00fcrkiye\u2019nin Huzur Dolu 18 Sakin \u015eehrini Ke\u015ffetmeye Ne Dersiniz?"}]},{"@type":"WebSite","@id":"https:\/\/julesverne.com.tr\/#website","url":"https:\/\/julesverne.com.tr\/","name":"JULES VERNE BUSINESS MICE TRAVEL","description":"","publisher":{"@id":"https:\/\/julesverne.com.tr\/#organization"},"potentialAction":[{"@type":"SearchAction","target":{"@type":"EntryPoint","urlTemplate":"https:\/\/julesverne.com.tr\/?s={search_term_string}"},"query-input":"required name=search_term_string"}],"inLanguage":"en-US"},{"@type":"Organization","@id":"https:\/\/julesverne.com.tr\/#organization","name":"JULES VERNE BUSINESS MICE TRAVEL","url":"https:\/\/julesverne.com.tr\/","logo":{"@type":"ImageObject","inLanguage":"en-US","@id":"https:\/\/julesverne.com.tr\/#\/schema\/logo\/image\/","url":"https:\/\/julesverne.com.tr\/wp-content\/uploads\/2020\/09\/jv-bmt-logo.png","contentUrl":"https:\/\/julesverne.com.tr\/wp-content\/uploads\/2020\/09\/jv-bmt-logo.png","width":110,"height":81,"caption":"JULES VERNE BUSINESS MICE TRAVEL"},"image":{"@id":"https:\/\/julesverne.com.tr\/#\/schema\/logo\/image\/"},"sameAs":["https:\/\/www.facebook.com\/JulesVerneBusinessMiceTravel\/","https:\/\/twitter.com\/JV_BusinessMice","https:\/\/www.instagram.com\/julesvernebusinessmicetravel\/","https:\/\/www.linkedin.com\/company\/julesvernebusinessmicetravel\/","https:\/\/www.youtube.com\/channel\/UCAwdsmbZ6tFhu1tea6pkpiw"]},{"@type":"Person","@id":"https:\/\/julesverne.com.tr\/#\/schema\/person\/219931edfe2e7d9cbbcbabb8a7e4c7f4","name":"Ebru Alt\u0131n","url":"https:\/\/julesverne.com.tr\/en\/author\/ebru-altin\/"}]}},"_links":{"self":[{"href":"https:\/\/julesverne.com.tr\/en\/wp-json\/wp\/v2\/posts\/8851"}],"collection":[{"href":"https:\/\/julesverne.com.tr\/en\/wp-json\/wp\/v2\/posts"}],"about":[{"href":"https:\/\/julesverne.com.tr\/en\/wp-json\/wp\/v2\/types\/post"}],"author":[{"embeddable":true,"href":"https:\/\/julesverne.com.tr\/en\/wp-json\/wp\/v2\/users\/10"}],"replies":[{"embeddable":true,"href":"https:\/\/julesverne.com.tr\/en\/wp-json\/wp\/v2\/comments?post=8851"}],"version-history":[{"count":0,"href":"https:\/\/julesverne.com.tr\/en\/wp-json\/wp\/v2\/posts\/8851\/revisions"}],"wp:featuredmedia":[{"embeddable":true,"href":"https:\/\/julesverne.com.tr\/en\/wp-json\/wp\/v2\/media\/9004"}],"wp:attachment":[{"href":"https:\/\/julesverne.com.tr\/en\/wp-json\/wp\/v2\/media?parent=8851"}],"wp:term":[{"taxonomy":"category","embeddable":true,"href":"https:\/\/julesverne.com.tr\/en\/wp-json\/wp\/v2\/categories?post=8851"},{"taxonomy":"post_tag","embeddable":true,"href":"https:\/\/julesverne.com.tr\/en\/wp-json\/wp\/v2\/tags?post=8851"}],"curies":[{"name":"wp","href":"https:\/\/api.w.org\/{rel}","templated":true}]}}