{"id":8708,"date":"2021-06-09T09:20:22","date_gmt":"2021-06-09T06:20:22","guid":{"rendered":"https:\/\/julesverne.com.tr\/?p=8708"},"modified":"2021-06-09T12:37:42","modified_gmt":"2021-06-09T09:37:42","slug":"kurban-bayraminda-yurt-icinde-nereye-gitsek-nerede-kalsak","status":"publish","type":"post","link":"https:\/\/julesverne.com.tr\/en\/travel-blog\/kurban-bayraminda-yurt-icinde-nereye-gitsek-nerede-kalsak\/","title":{"rendered":"Kurban Bayram\u0131\u2019nda Yurt \u0130\u00e7inde Nereye Gitsek, Nerede Kalsak?"},"content":{"rendered":"<p><img loading=\"lazy\" decoding=\"async\" class=\"alignnone size-full wp-image-8709\" src=\"https:\/\/julesverne.com.tr\/wp-content\/uploads\/2021\/06\/kurban-bayraminda-nereye-gitsek.jpg\" alt=\"\" width=\"1200\" height=\"800\" srcset=\"https:\/\/julesverne.com.tr\/wp-content\/uploads\/2021\/06\/kurban-bayraminda-nereye-gitsek.jpg 1200w, https:\/\/julesverne.com.tr\/wp-content\/uploads\/2021\/06\/kurban-bayraminda-nereye-gitsek-500x333.jpg 500w, https:\/\/julesverne.com.tr\/wp-content\/uploads\/2021\/06\/kurban-bayraminda-nereye-gitsek-768x512.jpg 768w\" sizes=\"(max-width: 1200px) 100vw, 1200px\" \/><\/p>\n<p><strong>Kurban Bayram\u0131<\/strong> yakla\u015f\u0131yor, bayram tatili program\u0131n\u0131z\u0131 yapt\u0131n\u0131z m\u0131? 20 Temmuz Sal\u0131 g\u00fcn\u00fc ba\u015flayacak bayram tatilinde gidebilece\u011finiz yerler i\u00e7in sizlere ilham vermeye geldik. Hafta sonu tatilleri ile birle\u015ftirerek yakla\u015f\u0131k <strong>9 g\u00fcn tatil<\/strong> yapabilece\u011finiz bu bayramda; aileniz ve sevdiklerinizle doyas\u0131ya zaman ge\u00e7irip b\u00fct\u00fcn bir y\u0131l\u0131n yorgunlu\u011funu \u00fczerinizden atmak i\u00e7in yapman\u0131z gereken tek \u015fey size \u00f6zel haz\u0131rlad\u0131\u011f\u0131m\u0131z tatil programlar\u0131 aras\u0131ndan se\u00e7im yapmak!<\/p>\n<p><strong>Assos&#8217;dan Cunda&#8217;ya, Ala\u00e7at\u0131&#8217;dan \u00d6zdere&#8217;ye, Bodrum&#8217;dan Marmaris ve Side&#8217;ye<\/strong> uzanan birbirinden g\u00fczel rotalardaki <strong>en g\u00fcvenli ve en g\u00fczel otellerin yan\u0131 s\u0131ra; <\/strong>COVID-19 tedbirleri kapsam\u0131nda t\u00fcm hijyen \u00f6nlemlerini ald\u0131\u011f\u0131m\u0131z <strong>Jules Verne <\/strong>\u00f6zel gezileriyle <a href=\"https:\/\/julesverne.com.tr\/gezi\/jules-verne-ozel-gezileri\/kurban-bayraminda-turkiyenin-lavanta-cenneti-kuyucak\/\" target=\"_blank\" rel=\"noopener\"><strong>T\u00fcrkiye&#8217;nin lavanta cenneti Kuyucak<\/strong><\/a> veya <a href=\"https:\/\/julesverne.com.tr\/gezi\/jules-verne-ozel-gezileri\/kurban-bayraminda-dogu-karadenizin-sakli-cennetleri\/\" target=\"_blank\" rel=\"noopener\"><strong>Do\u011fu Karadeniz&#8217;in sakl\u0131 cennetlerine<\/strong><\/a> giderek, do\u011fan\u0131n i\u00e7inde keyifle vakit ge\u00e7irebilirsiniz.<\/p>\n<p>\u015eimdi arkan\u0131za yaslan\u0131p gitmek istedi\u011finiz yeri se\u00e7in, gerisini biz hallederiz.<\/p>\n<h2><strong>ASSOS<\/strong><\/h2>\n<p><img loading=\"lazy\" decoding=\"async\" class=\"alignnone size-full wp-image-8712\" src=\"https:\/\/julesverne.com.tr\/wp-content\/uploads\/2021\/06\/behramkale-assos.jpg\" alt=\"\" width=\"1200\" height=\"800\" srcset=\"https:\/\/julesverne.com.tr\/wp-content\/uploads\/2021\/06\/behramkale-assos.jpg 1200w, https:\/\/julesverne.com.tr\/wp-content\/uploads\/2021\/06\/behramkale-assos-500x333.jpg 500w, https:\/\/julesverne.com.tr\/wp-content\/uploads\/2021\/06\/behramkale-assos-768x512.jpg 768w\" sizes=\"(max-width: 1200px) 100vw, 1200px\" \/><\/p>\n<p>Binlerce y\u0131ll\u0131k tarihi ve yemye\u015fil do\u011fas\u0131 ile misafirlerine benzersiz bir tatil ya\u015fatan Assos, \u00c7anakkale\u2019nin en g\u00f6zde tatil beldelerinden biri olma \u00f6zelli\u011fine sahip. Aristo\u2019nun y\u00fczlerce y\u0131l \u00f6nce kurdu\u011fu felsefe okulu, Midilli Adas\u0131\u2019n\u0131 kucaklayan antik kenti ve y\u00fczy\u0131ll\u0131k ta\u015f evleriyle Assos; \u015fehrin g\u00fcr\u00fclt\u00fcs\u00fcnden uzakta, sakin ve dinlendirici bir tatil i\u00e7in sizleri bekliyor.<\/p>\n<p><img loading=\"lazy\" decoding=\"async\" class=\"alignnone wp-image-7949\" src=\"https:\/\/julesverne.com.tr\/wp-content\/uploads\/2021\/03\/idacosta--500x281.jpg\" alt=\"\" width=\"1200\" height=\"674\" srcset=\"https:\/\/julesverne.com.tr\/wp-content\/uploads\/2021\/03\/idacosta--500x281.jpg 500w, https:\/\/julesverne.com.tr\/wp-content\/uploads\/2021\/03\/idacosta--1280x719.jpg 1280w, https:\/\/julesverne.com.tr\/wp-content\/uploads\/2021\/03\/idacosta--768x432.jpg 768w, https:\/\/julesverne.com.tr\/wp-content\/uploads\/2021\/03\/idacosta--400x225.jpg 400w, https:\/\/julesverne.com.tr\/wp-content\/uploads\/2021\/03\/idacosta-.jpg 1500w\" sizes=\"(max-width: 1200px) 100vw, 1200px\" \/><\/p>\n<h2><strong>Ida Costa, Assos<\/strong><\/h2>\n<p><strong>Kuzey Ege\u2019nin incisi Assos\u2019ta<\/strong> misafirlerini a\u011f\u0131rlayan <strong>Ida Costa Hotel<\/strong>, Kaz Da\u011flar\u0131\u2019n\u0131 arkas\u0131na alan deniz kenar\u0131ndaki e\u015fsiz konumu ile g\u00f6z kama\u015ft\u0131r\u0131yor. Ad\u0131n\u0131 Kaz Da\u011flar\u0131\u2019n\u0131n mitolojik isminden alan tesis, <strong>geleneksel Ege mimarisi<\/strong> ile in\u015fa edilmi\u015f, tamam\u0131 do\u011fal ta\u015f ve zeytin a\u011fa\u00e7lar\u0131yla \u00e7evrili. Modern ve minimalist bir stilde tasarlanm\u0131\u015f otelin 20 odas\u0131 bulunuyor. 12 ya\u015f alt\u0131 \u00e7ocuk misafirlerin kabul edilmedi\u011fi Ida Costa, Ayvac\u0131k ve K\u00fc\u00e7\u00fckkuya\u2019ya 17 km, Edremit Havaliman\u0131\u2019na ise 55 km uzakl\u0131kta yer almakta.<\/p>\n<h2><strong>CUNDA ADASI, AYVALIK<\/strong><\/h2>\n<p><img loading=\"lazy\" decoding=\"async\" class=\"alignnone size-full wp-image-8715\" src=\"https:\/\/julesverne.com.tr\/wp-content\/uploads\/2021\/06\/cunda-adasi-ayvalik.jpg\" alt=\"\" width=\"1200\" height=\"800\" srcset=\"https:\/\/julesverne.com.tr\/wp-content\/uploads\/2021\/06\/cunda-adasi-ayvalik.jpg 1200w, https:\/\/julesverne.com.tr\/wp-content\/uploads\/2021\/06\/cunda-adasi-ayvalik-500x333.jpg 500w, https:\/\/julesverne.com.tr\/wp-content\/uploads\/2021\/06\/cunda-adasi-ayvalik-768x512.jpg 768w\" sizes=\"(max-width: 1200px) 100vw, 1200px\" \/><\/p>\n<p>Rum-T\u00fcrk k\u00fclt\u00fcr\u00fcn\u00fcn izlerini ta\u015f\u0131yan, ana karaya k\u00f6pr\u00fc ile ba\u011flansa da deniz ortas\u0131nda olman\u0131n ba\u015f\u0131na buyruklu\u011funu devam ettiren, \u00f6zg\u00fcr ruhlu bir Ege adas\u0131 Cunda\u2026 Arnavut kald\u0131r\u0131m ta\u015fl\u0131 sokaklar\u0131, Ta\u015f evleri, balkonlardan ta\u015fan renkli \u00e7i\u00e7ekler derken bir anda bu sevimli ada bohem ve sanata d\u00fc\u015fk\u00fcn bir durak haline geldi. Ayval\u0131k\u2019a ba\u011flant\u0131s\u0131n\u0131 iki ayr\u0131 k\u00f6pr\u00fcyle sa\u011flayan ada; do\u011fal g\u00fczellikleri, Rumlardan kalma tarihi izleri, rengarenk dar sokaklar\u0131 ve ta\u015f evleri ile b\u00fcy\u00fcleyici bir g\u00fczelli\u011fe sahip.<\/p>\n<p><img loading=\"lazy\" decoding=\"async\" class=\"alignnone wp-image-7935\" src=\"https:\/\/julesverne.com.tr\/wp-content\/uploads\/2021\/03\/molacunda-500x334.jpeg\" alt=\"\" width=\"1200\" height=\"801\" srcset=\"https:\/\/julesverne.com.tr\/wp-content\/uploads\/2021\/03\/molacunda-500x334.jpeg 500w, https:\/\/julesverne.com.tr\/wp-content\/uploads\/2021\/03\/molacunda-1280x854.jpeg 1280w, https:\/\/julesverne.com.tr\/wp-content\/uploads\/2021\/03\/molacunda-768x512.jpeg 768w, https:\/\/julesverne.com.tr\/wp-content\/uploads\/2021\/03\/molacunda-1536x1025.jpeg 1536w, https:\/\/julesverne.com.tr\/wp-content\/uploads\/2021\/03\/molacunda-2048x1366.jpeg 2048w, https:\/\/julesverne.com.tr\/wp-content\/uploads\/2021\/03\/molacunda-scaled.jpeg 1600w\" sizes=\"(max-width: 1200px) 100vw, 1200px\" \/><\/p>\n<h2><strong>M\u014fla Cunda<\/strong><\/h2>\n<p>Cunda Adas\u0131\u2019n\u0131n kalbinde olmas\u0131na ra\u011fmen korunakl\u0131 konumu ile sizi ger\u00e7ek d\u00fcnyadan soyutlayan, misafirlerini \u015fehrin g\u00fcr\u00fclt\u00fc ve kalabal\u0131\u011f\u0131ndan uzak, huzurlu bir ortamda muhte\u015fem bir tatile davet eden M\u014fla Cunda Hotel, b\u00f6lge dokusuna uygun mimarisi ile r\u00fcya gibi bir tatil i\u00e7in sizleri bekliyor. \u00a0Mola Cunda, avlu gibi tasarlanan ve havuzu saran otel binas\u0131 ve do\u011fan\u0131n c\u00f6mertli\u011finden ilham alan 30 odas\u0131 ile misafirlerine unutamayacaklar\u0131 bir tatil vadediyor. Otelin 7 km uzakl\u0131ktaki Pateri\u00e7a Koyu, 1. k\u00f6y\u00fcnde kendine ait plaj\u0131 da var ve arzu eden misafirlere \u00fccretsiz transfer hizmeti veriliyor. Otele ait olan plaj alan\u0131nda 2 karavan 4 \u00e7ad\u0131r\u0131 ile Mola Glamping \u00f6zg\u00fcr ruhlu do\u011fa tutkunlar\u0131n\u0131 da a\u011f\u0131rl\u0131yor.<\/p>\n<h2><strong>ALA\u00c7ATI, \u0130ZM\u0130R<\/strong><\/h2>\n<p><img loading=\"lazy\" decoding=\"async\" class=\"alignnone wp-image-8823\" src=\"https:\/\/julesverne.com.tr\/wp-content\/uploads\/2021\/06\/alacati_shutterstock_1654569343-500x334.jpg\" alt=\"\" width=\"1200\" height=\"800\" srcset=\"https:\/\/julesverne.com.tr\/wp-content\/uploads\/2021\/06\/alacati_shutterstock_1654569343-500x334.jpg 500w, https:\/\/julesverne.com.tr\/wp-content\/uploads\/2021\/06\/alacati_shutterstock_1654569343-768x512.jpg 768w, https:\/\/julesverne.com.tr\/wp-content\/uploads\/2021\/06\/alacati_shutterstock_1654569343.jpg 1000w\" sizes=\"(max-width: 1200px) 100vw, 1200px\" \/><\/p>\n<p>D\u00fcnyada ender bulunan bitkilerden biri olan damla sak\u0131z\u0131 a\u011fa\u00e7lar\u0131na ev sahipli\u011fi yapan <strong>Ala\u00e7at\u0131<\/strong>; masmavi denizi, yel de\u011firmenleri, pencerelerinden sarkan begonvilleri ve Arnavut kald\u0131r\u0131ml\u0131 ta\u015f evleriyle Ege\u2019nin g\u00f6zbebe\u011fi. R\u00fczgar s\u00f6rf\u00fcyle de olduk\u00e7a \u00fcnl\u00fc olan bu kasabaya hayran olmamak elde de\u011fil.<\/p>\n<p><img loading=\"lazy\" decoding=\"async\" class=\"alignnone size-full wp-image-8718\" src=\"https:\/\/julesverne.com.tr\/wp-content\/uploads\/2021\/06\/kairaba-alacati.jpg\" alt=\"\" width=\"1200\" height=\"800\" srcset=\"https:\/\/julesverne.com.tr\/wp-content\/uploads\/2021\/06\/kairaba-alacati.jpg 1200w, https:\/\/julesverne.com.tr\/wp-content\/uploads\/2021\/06\/kairaba-alacati-500x333.jpg 500w, https:\/\/julesverne.com.tr\/wp-content\/uploads\/2021\/06\/kairaba-alacati-768x512.jpg 768w\" sizes=\"(max-width: 1200px) 100vw, 1200px\" \/><\/p>\n<h2><strong>Kairaba Ala\u00e7at\u0131 Beach Resort<\/strong><\/h2>\n<p>Kendine ait plaj\u0131 ve iskelesi olan Kairaba Ala\u00e7at Beach Resort, s\u00f6rf okullar\u0131n\u0131n da yan\u0131 ba\u015f\u0131nda bulunuyor. Uzun ve geni\u015f sahili g\u00fcn boyu deniz keyfi yapman\u0131za olanak tan\u0131rken iki katl\u0131 ve geni\u015f bah\u00e7eye yay\u0131lan ta\u015f evlerinde 43 odas\u0131yla misafirlerini a\u011f\u0131rl\u0131yor. Y\u0131llard\u0131r de\u011fi\u015fmeyen hizmet kalitesi ile misafirlerini a\u011f\u0131rlayan Kairaba Ala\u00e7at\u0131 Beach Resort, Ala\u00e7at\u0131\u2019n\u0131n geleneksel mimarisinden ilham al\u0131narak bir yazl\u0131k ev s\u0131cakl\u0131\u011f\u0131nda dekore edilmi\u015f. Sade ve zarif bir stille tasarlanan t\u00fcm alanlarda da sayfiye rahatl\u0131\u011f\u0131n\u0131 ve samimiyetini buluyorsunuz.<\/p>\n<p><img loading=\"lazy\" decoding=\"async\" class=\"alignnone size-full wp-image-8719\" src=\"https:\/\/julesverne.com.tr\/wp-content\/uploads\/2021\/06\/biblos-resort.jpg\" alt=\"\" width=\"1200\" height=\"800\" srcset=\"https:\/\/julesverne.com.tr\/wp-content\/uploads\/2021\/06\/biblos-resort.jpg 1200w, https:\/\/julesverne.com.tr\/wp-content\/uploads\/2021\/06\/biblos-resort-500x333.jpg 500w, https:\/\/julesverne.com.tr\/wp-content\/uploads\/2021\/06\/biblos-resort-768x512.jpg 768w\" sizes=\"(max-width: 1200px) 100vw, 1200px\" \/><\/p>\n<h2><strong>Biblos Resort <\/strong><\/h2>\n<p>\u0130lham\u0131n\u0131 do\u011fan\u0131n, tarihin ve yerel miras\u0131n zenginli\u011finden alan Biblos Resort, 201 oda ve 2 restoran\u0131 ile \u00c7e\u015fme Yar\u0131madas\u0131\u2019n\u0131n panoramik deniz manzaras\u0131n\u0131 t\u00fcm misafirlerine sunuyor. Havuzunuza sadece size \u00f6zel teras\u0131n\u0131zdan girebilece\u011finiz, e\u015fsiz bir do\u011fan\u0131n i\u00e7inde sakl\u0131 <strong>Biblos Laguna Private<\/strong>; Hindistan cevizi a\u011fa\u00e7lar\u0131yla \u00e7evrili bah\u00e7e ve havuzlara a\u00e7\u0131lan <strong>Grand Two \u2013 Bedroom Suite<\/strong> ve Ege\u2019nin u\u00e7suz bucaks\u0131z mavisini odan\u0131zda ya\u015fayaca\u011f\u0131n\u0131z muhte\u015fem manzaras\u0131yla <strong>Panorama One \u2013 Bedroom Suite<\/strong> ile s\u0131ra d\u0131\u015f\u0131 konaklama deneyimlerini ya\u015faman\u0131z i\u00e7in sizleri bekliyor.<\/p>\n<h2><strong>\u00d6ZDERE, \u0130ZM\u0130R<\/strong><\/h2>\n<p><img loading=\"lazy\" decoding=\"async\" class=\"alignnone size-full wp-image-8720\" src=\"https:\/\/julesverne.com.tr\/wp-content\/uploads\/2021\/06\/ozdere-izmir.jpg\" alt=\"\" width=\"1200\" height=\"800\" srcset=\"https:\/\/julesverne.com.tr\/wp-content\/uploads\/2021\/06\/ozdere-izmir.jpg 1200w, https:\/\/julesverne.com.tr\/wp-content\/uploads\/2021\/06\/ozdere-izmir-500x333.jpg 500w, https:\/\/julesverne.com.tr\/wp-content\/uploads\/2021\/06\/ozdere-izmir-768x512.jpg 768w\" sizes=\"(max-width: 1200px) 100vw, 1200px\" \/><\/p>\n<p>\u0130zmir\u2019in en g\u00fczel tatil yerlerinden biri olan \u00d6zdere\u2019de ye\u015fil ve mavinin her tonunu ya\u015faman\u0131z m\u00fcmk\u00fcn. \u0130zmir\u2019in Menderes il\u00e7esine ba\u011fl\u0131 bu \u015firin tatil beldesi, girintili \u00e7\u0131k\u0131nt\u0131l\u0131 koylar\u0131na gizlenmi\u015f bir\u00e7ok yeri ve do\u011fayla i\u00e7 i\u00e7e masmavi deniziyle g\u00f6zlerden uzak tatil yapmak isteyenler i\u00e7in vazge\u00e7ilmez rotalardan biri. Siz de g\u00fcne\u015fin e\u015fsiz g\u00fczellikteki bat\u0131\u015f\u0131n\u0131 ve renklerin c\u00fcmb\u00fc\u015f\u00fcn\u00fc \u00d6zdere ak\u015famlar\u0131nda doyas\u0131ya ya\u015fayabilirsiniz.<\/p>\n<p><img loading=\"lazy\" decoding=\"async\" class=\"alignnone wp-image-8320\" src=\"https:\/\/julesverne.com.tr\/wp-content\/uploads\/2021\/04\/marvy_marvytime_1600x1200-39_p9oy5r1u-500x375.jpg\" alt=\"\" width=\"1200\" height=\"900\" srcset=\"https:\/\/julesverne.com.tr\/wp-content\/uploads\/2021\/04\/marvy_marvytime_1600x1200-39_p9oy5r1u-500x375.jpg 500w, https:\/\/julesverne.com.tr\/wp-content\/uploads\/2021\/04\/marvy_marvytime_1600x1200-39_p9oy5r1u-1280x960.jpg 1280w, https:\/\/julesverne.com.tr\/wp-content\/uploads\/2021\/04\/marvy_marvytime_1600x1200-39_p9oy5r1u-768x576.jpg 768w, https:\/\/julesverne.com.tr\/wp-content\/uploads\/2021\/04\/marvy_marvytime_1600x1200-39_p9oy5r1u-1536x1152.jpg 1536w, https:\/\/julesverne.com.tr\/wp-content\/uploads\/2021\/04\/marvy_marvytime_1600x1200-39_p9oy5r1u.jpg 1600w\" sizes=\"(max-width: 1200px) 100vw, 1200px\" \/><\/p>\n<h2><strong>Club Marvy, \u00d6zdere<\/strong><\/h2>\n<p>E\u011flenceden sanata, yerel lezzetlerden mimari tasar\u0131ma, bizi biz yapan de\u011ferlerimizi \u00e7a\u011fda\u015f bir yakla\u015f\u0131mla birle\u015ftirerek post-modern ve bohem bir tatil k\u00fclt\u00fcr\u00fc yaratarak T\u00fcrkiye\u2019de bir ilke imza atan\u00a0<strong>Club Marvy<\/strong>\u00a0 Ege\u2019nin b\u00fcy\u00fcl\u00fc do\u011fas\u0131nda, e\u015fsiz kum plajlar\u0131n kristal \u0131\u015f\u0131lt\u0131l\u0131 denizle birle\u015fti\u011fi \u0130zmir\u00a0<strong>Kesre Koyu<\/strong>\u2018nda Ege ve Akdeniz kasabalar\u0131ndaki sade ya\u015fam tarz\u0131n\u0131 en yal\u0131n haliyle ya\u015fat\u0131yor. Ege k\u00f6ylerinden ilham alarak, konak yeme\u011fi ve sokak lezzetlerini ayn\u0131 sofrada bulu\u015fturan, yerel tatlarla uluslararas\u0131 tatlar\u0131 bir araya getiren mutfa\u011f\u0131; 180 derecelik muhte\u015fem deniz manzaras\u0131na sahip\u00a0<strong>Mar Spa<\/strong>, deniz tutkunlar\u0131 i\u00e7in\u00a0<strong>Marvy Sail<\/strong>, \u00e7a\u011fda\u015f sanat sergi ve at\u00f6lyelerine ev sahipli\u011fi yapan\u00a0<strong>Atelier Marvy<\/strong>\u00a0ile burada \u00e7ok keyifli vakit ge\u00e7irece\u011finiz kesin. Tam kapanma d\u00f6nemine \u00f6zel, uzun konaklamalarda \u00e7ok \u00f6zel fiyatlarla size \u00f6zel olarak ayr\u0131lm\u0131\u015f ofisinizde i\u015finizi yaparken, bir yandan da denizin tad\u0131n\u0131 \u00e7\u0131kartabilirsiniz.<\/p>\n<h2><strong>BODRUM<\/strong><\/h2>\n<p><img loading=\"lazy\" decoding=\"async\" class=\"alignnone wp-image-8722\" src=\"https:\/\/julesverne.com.tr\/wp-content\/uploads\/2021\/06\/bodrum-500x333.jpg\" alt=\"\" width=\"1200\" height=\"800\" srcset=\"https:\/\/julesverne.com.tr\/wp-content\/uploads\/2021\/06\/bodrum-500x333.jpg 500w, https:\/\/julesverne.com.tr\/wp-content\/uploads\/2021\/06\/bodrum-768x512.jpg 768w, https:\/\/julesverne.com.tr\/wp-content\/uploads\/2021\/06\/bodrum.jpg 1200w\" sizes=\"(max-width: 1200px) 100vw, 1200px\" \/><\/p>\n<p>Muhte\u015fem do\u011fal g\u00fczellikleri, masmavi denizi, bembeyaz evleri, ye\u015fil ormanlar\u0131, seyir keyfine doyum olmayan Bodrum Kalesi ve \u00e7ok say\u0131da tarihi eseri ile Bodrum her zaman \u00e7ok keyifli. Her koyunda farkl\u0131 maceralar\u0131 bar\u0131nd\u0131ran Bodrum; tarihin babas\u0131 Heredot\u2019un evi, pek \u00e7ok hikayenin ba\u015frol oyuncusu. G\u00f6z al\u0131c\u0131 plajlar\u0131 ve sahil \u015feridi boyunca g\u00f6rsel ziyafet sunan evleriyle Bodrum, bir tatilden ne beklerseniz bekleyin kar\u015f\u0131l\u0131\u011f\u0131n\u0131 fazlas\u0131yla verebilecek \u00f6zelliklere sahip bir tatil cenneti.<\/p>\n<p><img loading=\"lazy\" decoding=\"async\" class=\"alignnone size-full wp-image-8723\" src=\"https:\/\/julesverne.com.tr\/wp-content\/uploads\/2021\/06\/no81-hotel.jpg\" alt=\"\" width=\"1200\" height=\"800\" srcset=\"https:\/\/julesverne.com.tr\/wp-content\/uploads\/2021\/06\/no81-hotel.jpg 1200w, https:\/\/julesverne.com.tr\/wp-content\/uploads\/2021\/06\/no81-hotel-500x333.jpg 500w, https:\/\/julesverne.com.tr\/wp-content\/uploads\/2021\/06\/no81-hotel-768x512.jpg 768w\" sizes=\"(max-width: 1200px) 100vw, 1200px\" \/><\/p>\n<h2><strong>No81 Hotel, Bodrum<\/strong><\/h2>\n<p>Bodrum T\u00fcrkb\u00fck\u00fc\u2019nde denize s\u0131f\u0131r konumuyla 6000 m2 alan \u00fczerinde kurulmu\u015f olan No81 Hotel, modern mimarinin hakim oldu\u011fu 49 \u00f6zel odas\u0131nda misafirlerini a\u011f\u0131rl\u0131yor. Bodrum\u2019un e\u015fsiz g\u00fcne\u015fini yakalayabilece\u011finiz tesisin konforlu odalar\u0131nda deniz manzaras\u0131n\u0131n ya da bah\u00e7enin tad\u0131n\u0131 doyas\u0131ya ya\u015fayarak, tatilinizi unutamayaca\u011f\u0131n\u0131z bir an\u0131ya d\u00f6n\u00fc\u015ft\u00fcrebilirsiniz.<\/p>\n<p><img loading=\"lazy\" decoding=\"async\" class=\"alignnone size-full wp-image-8724\" src=\"https:\/\/julesverne.com.tr\/wp-content\/uploads\/2021\/06\/kaya-palazzo-le-chic.jpg\" alt=\"\" width=\"1200\" height=\"800\" srcset=\"https:\/\/julesverne.com.tr\/wp-content\/uploads\/2021\/06\/kaya-palazzo-le-chic.jpg 1200w, https:\/\/julesverne.com.tr\/wp-content\/uploads\/2021\/06\/kaya-palazzo-le-chic-500x333.jpg 500w, https:\/\/julesverne.com.tr\/wp-content\/uploads\/2021\/06\/kaya-palazzo-le-chic-768x512.jpg 768w\" sizes=\"(max-width: 1200px) 100vw, 1200px\" \/><\/p>\n<h2><strong>Kaya Palazzo Le Chic<\/strong><\/h2>\n<p>Kaya Palazzo Le Chic, 200 metre boyunca uzanan alt\u0131n rengi kumsal\u0131, muhte\u015fem denizi ve g\u00f6rsel bir \u015f\u00f6lene d\u00f6n\u00fc\u015fen g\u00fcn bat\u0131m\u0131 ile 2020\u2019de hizmet vermeye ba\u015flad\u0131. Modern ve minimalist bir stilde tasarlanm\u0131\u015f otelin \u00f6zenle dekore edilmi\u015f 28 standart, 13 superior, 8 suite, 2 beach villa ve farkl\u0131 b\u00fcy\u00fckl\u00fckte 18 residance konaklama se\u00e7ene\u011fi bulunuyor. Asarl\u0131k Mevkii\u2019nde yer alan otel, denize s\u0131f\u0131r konumu ile \u00f6ne \u00e7\u0131karken, \u015f\u0131k ve konforlu bir tatilin de kap\u0131lar\u0131n\u0131 a\u00e7\u0131yor. Do\u011fa ile i\u00e7 i\u00e7e bir ortamda huzur ve e\u011flence dolu bir tatil sunan tesis, Bodrum\u2019un merkezine 5 km uzakl\u0131kta.<\/p>\n<p><img loading=\"lazy\" decoding=\"async\" class=\"alignnone size-full wp-image-8725\" src=\"https:\/\/julesverne.com.tr\/wp-content\/uploads\/2021\/06\/lujo-bodrum-hotel.jpg\" alt=\"\" width=\"1200\" height=\"800\" srcset=\"https:\/\/julesverne.com.tr\/wp-content\/uploads\/2021\/06\/lujo-bodrum-hotel.jpg 1200w, https:\/\/julesverne.com.tr\/wp-content\/uploads\/2021\/06\/lujo-bodrum-hotel-500x333.jpg 500w, https:\/\/julesverne.com.tr\/wp-content\/uploads\/2021\/06\/lujo-bodrum-hotel-768x512.jpg 768w\" sizes=\"(max-width: 1200px) 100vw, 1200px\" \/><\/p>\n<h2><strong>Lujo Hotel, Bodrum<\/strong><\/h2>\n<p>Denize s\u0131f\u0131r konumu ile Lujo Hotel, Ege Denizi\u2019nin muhte\u015fem manzaras\u0131 ve \u015f\u0131k odalar\u0131yla unutulmaz bir tatilin kap\u0131s\u0131n\u0131 a\u00e7\u0131yor. Milas \u2013 Bodrum Havaalan\u0131\u2019ndan 15 km uzakl\u0131kta yer alan Lujo, sade mimarisi, do\u011fal renkleri ve Ege Denizi manzaras\u0131 ile 90 bin d\u00f6n\u00fcm \u00fczerine kurulmu\u015f Bodrum G\u00fcvercinlik Koyu\u2019nda misafirlerini bekliyor.<\/p>\n<p><img loading=\"lazy\" decoding=\"async\" class=\"alignnone size-full wp-image-8726\" src=\"https:\/\/julesverne.com.tr\/wp-content\/uploads\/2021\/06\/otel-caresse.jpg\" alt=\"\" width=\"1200\" height=\"800\" srcset=\"https:\/\/julesverne.com.tr\/wp-content\/uploads\/2021\/06\/otel-caresse.jpg 1200w, https:\/\/julesverne.com.tr\/wp-content\/uploads\/2021\/06\/otel-caresse-500x333.jpg 500w, https:\/\/julesverne.com.tr\/wp-content\/uploads\/2021\/06\/otel-caresse-768x512.jpg 768w\" sizes=\"(max-width: 1200px) 100vw, 1200px\" \/><\/p>\n<h2><strong>Caresse Hotel, Bodrum<\/strong><\/h2>\n<p>Bitez Koyu\u2019nun en \u00f6zel noktas\u0131nda huzur ve sakinlik arayanlara kusursuz bir ka\u00e7amak noktas\u0131 sunan Caresse Hotel, kusursuz bir \u015fekilde d\u00f6\u015fenmi\u015f 67 oda, 9 s\u00fcit ve bir adet Caresse King Villa e\u015fli\u011finde e\u015fsiz bir konaklama deneyimi sunuyor. \u00a0Mask\u00fclen ve feminen dokunu\u015flar aras\u0131nda tam bir \u015fehirli stiline sahip olan odalar, daire ve villalar modern ve huzur veren bir tarza sahip. Bu d\u00f6nemde izole ve yal\u0131n bir tatil deneyimi ge\u00e7irmek isteyenler i\u00e7in her \u015fey \u015fimdiden d\u00fc\u015f\u00fcn\u00fclm\u00fc\u015f.<\/p>\n<p><img loading=\"lazy\" decoding=\"async\" class=\"alignnone size-full wp-image-8727\" src=\"https:\/\/julesverne.com.tr\/wp-content\/uploads\/2021\/06\/le-meridien-bodrum-chic.jpg\" alt=\"\" width=\"1200\" height=\"800\" srcset=\"https:\/\/julesverne.com.tr\/wp-content\/uploads\/2021\/06\/le-meridien-bodrum-chic.jpg 1200w, https:\/\/julesverne.com.tr\/wp-content\/uploads\/2021\/06\/le-meridien-bodrum-chic-500x333.jpg 500w, https:\/\/julesverne.com.tr\/wp-content\/uploads\/2021\/06\/le-meridien-bodrum-chic-768x512.jpg 768w\" sizes=\"(max-width: 1200px) 100vw, 1200px\" \/><\/p>\n<h2><strong>Le Meridien Bodrum Beach Resort<\/strong><\/h2>\n<p>Birinci s\u0131n\u0131f hizmet anlay\u0131\u015f\u0131 ile Bodrum\u2019un en \u00f6zel koylar\u0131ndan biri olan Adab\u00fck\u00fc\u2019nde, 83 d\u00f6n\u00fcml\u00fck bakir bir koyda, havaalan\u0131na 15 dakika mesafede konumlanan Le M\u00e9ridien Bodrum tam 650 metre uzunlu\u011fundaki plaj\u0131, \u00f6d\u00fcll\u00fc mimari tasar\u0131m\u0131, l\u00fcks ya\u015fam tarz\u0131, gurme lezzetleri, sa\u011fl\u0131kl\u0131 ya\u015fam merkezi Vitalica Wellness ile unutulmaz bir tatil deneyimi i\u00e7in sizleri bekliyor.\u00a0 D\u00fcnya\u2019n\u0131n en b\u00fcy\u00fck otel zinciri olan Marriott otel grubuna ba\u011fl\u0131 olan tesis,\u00a0 s\u0131cak toprak tonlar\u0131n\u0131n tercih edildi\u011fi \u015f\u0131k dekoru, zarif mobilyalar ve modern sanat eserleri ile tamamlanan odalar\u0131; tam mahremiyet arayanlar i\u00e7in tasarlanan l\u00fcks villa ve residence se\u00e7enekleri ile kesinlikle ke\u015ffe de\u011fer!<\/p>\n<p><img loading=\"lazy\" decoding=\"async\" class=\"alignnone wp-image-8824\" src=\"https:\/\/julesverne.com.tr\/wp-content\/uploads\/2021\/06\/allium-bodrum1-500x185.jpg\" alt=\"\" width=\"1200\" height=\"444\" srcset=\"https:\/\/julesverne.com.tr\/wp-content\/uploads\/2021\/06\/allium-bodrum1-500x185.jpg 500w, https:\/\/julesverne.com.tr\/wp-content\/uploads\/2021\/06\/allium-bodrum1-768x284.jpg 768w, https:\/\/julesverne.com.tr\/wp-content\/uploads\/2021\/06\/allium-bodrum1.jpg 851w\" sizes=\"(max-width: 1200px) 100vw, 1200px\" \/><\/p>\n<h2><strong>Allium Bodrum Resort &amp; Spa<\/strong><\/h2>\n<p>Yal\u0131kavak Marina&#8217;ya k\u0131sa bir y\u00fcr\u00fcy\u00fc\u015f mesafesi uzakl\u0131\u011f\u0131nda; Yunan Adalar\u0131&#8217;na, nefes kesen g\u00fcn bat\u0131mlar\u0131na ve g\u00f6z al\u0131c\u0131 y\u0131ld\u0131zl\u0131 gece manzaras\u0131na bakan Yal\u0131kavak k\u0131y\u0131 \u015feridi yamac\u0131nda ye\u015fillikler i\u00e7inde 9 m\u00fcstakil villaya da\u011f\u0131t\u0131lm\u0131\u015f 36 odal\u0131 tesis e\u015fsiz bir manzaraya sahip. Bu gizli koyda geceleri par\u0131ldayan y\u0131ld\u0131zlara ve ger\u00e7ek\u00fcst\u00fc bir ay \u0131\u015f\u0131\u011f\u0131 manzaras\u0131na \u015fahit olacaks\u0131n\u0131z. Yunan Adalar\u0131 manzaras\u0131 e\u015fli\u011finde yeme\u011finizin tad\u0131n\u0131 \u00e7\u0131kar\u0131rken ya\u015fad\u0131\u011f\u0131n\u0131z an\u0131n b\u00fcy\u00fcs\u00fcn\u00fc hissedeceksiniz. G\u00fcn bat\u0131m\u0131n\u0131n \u00e7ekici renkleri, deniz kenar\u0131nda yudumlayaca\u011f\u0131n\u0131z kokteylinizin renkleriyle kar\u0131\u015facak. Sonsuzluk havuzundan denizin y\u00fczeyindeki \u0131\u015f\u0131lt\u0131lar\u0131n de\u011fi\u015fimini ve birle\u015fimini izlerken Ege Denizi g\u00f6z\u00fcn\u00fcze daha da ihti\u015faml\u0131 g\u00f6r\u00fcnecek.<\/p>\n<h2><strong>MARMAR\u0130S<\/strong><\/h2>\n<p><img loading=\"lazy\" decoding=\"async\" class=\"alignnone size-full wp-image-8729\" src=\"https:\/\/julesverne.com.tr\/wp-content\/uploads\/2021\/06\/marmaris.jpg\" alt=\"\" width=\"1200\" height=\"800\" srcset=\"https:\/\/julesverne.com.tr\/wp-content\/uploads\/2021\/06\/marmaris.jpg 1200w, https:\/\/julesverne.com.tr\/wp-content\/uploads\/2021\/06\/marmaris-500x333.jpg 500w, https:\/\/julesverne.com.tr\/wp-content\/uploads\/2021\/06\/marmaris-768x512.jpg 768w\" sizes=\"(max-width: 1200px) 100vw, 1200px\" \/><\/p>\n<p>Ye\u015filin bin bir tonunu bar\u0131nd\u0131ran Marmaris, mavi bayrakl\u0131 p\u0131r\u0131l p\u0131r\u0131l denizi, e\u015fsiz g\u00fczellikteki do\u011fas\u0131 ve M.\u00d6 12.000\u2019lere kadar uzanan tarihiyle k\u00fclt\u00fcr merakl\u0131lar\u0131 i\u00e7in ke\u015ffedilesi bir atmosfer olu\u015fturuyor. Ye\u015filin her tonu ile \u00f6d\u00fcllendirilen, birbirinden \u00f6zel oldu\u011funa emin oldu\u011fumuz masmavi koylar\u0131, do\u011fas\u0131n\u0131 ve do\u011fall\u0131\u011f\u0131n\u0131 kaybetmeyen k\u00f6y ve kasabalar\u0131, antik kentleri, do\u011fa parkurlar\u0131 ile T\u00fcrkiye\u2019nin en zengin ve sonsuz se\u00e7enekle donat\u0131lm\u0131\u015f b\u00f6lgesi. \u00d6zellikle tabiat\u0131n el de\u011fmemi\u015f k\u00f6\u015felerinde huzurlu vakit ge\u00e7irmek istiyorsan\u0131z B\u00f6rd\u00fcbet Koyu\u2019na mutlaka u\u011framal\u0131s\u0131n\u0131z.<\/p>\n<p><img loading=\"lazy\" decoding=\"async\" class=\"alignnone size-full wp-image-8730\" src=\"https:\/\/julesverne.com.tr\/wp-content\/uploads\/2021\/06\/golden-key-bordubet.jpg\" alt=\"\" width=\"1200\" height=\"800\" srcset=\"https:\/\/julesverne.com.tr\/wp-content\/uploads\/2021\/06\/golden-key-bordubet.jpg 1200w, https:\/\/julesverne.com.tr\/wp-content\/uploads\/2021\/06\/golden-key-bordubet-500x333.jpg 500w, https:\/\/julesverne.com.tr\/wp-content\/uploads\/2021\/06\/golden-key-bordubet-768x512.jpg 768w\" sizes=\"(max-width: 1200px) 100vw, 1200px\" \/><\/p>\n<h2><strong>Golden Key, B\u00f6rd\u00fcbet<\/strong><\/h2>\n<p>Dat\u00e7a Yar\u0131madas\u0131\u2019n\u0131n G\u00f6kova K\u00f6rfezi\u2019yle bulu\u015ftu\u011fu bir noktada yer alan B\u00f6rd\u00fcbet Koyu, \u201ccenneti tasvir et\u201d dediklerinde hayallerinizdeki yer! Sava\u015f y\u0131llar\u0131nda \u0130ngiliz askerlerinin koydaki do\u011faya ve ku\u015f t\u00fcrlerine hayran kalmas\u0131yla \u201cBirds Bed\u201d ismini vermesi zamanla B\u00f6rd\u00fcbet olarak dilimize yerle\u015fmi\u015f. E\u015fi benzeri bulunmayan bir do\u011fa ve ku\u015f cennetinin i\u00e7inde yer alan Golden Key B\u00f6rd\u00fcbet, her biri farkl\u0131 \u00f6zelliklere sahip 43 odas\u0131, huzur dolu ortam\u0131, leziz ve sa\u011fl\u0131k dolu yemekleriyle konuklar\u0131n\u0131 a\u011f\u0131rl\u0131yor. Tesis; deluxe orman ve nehir manzaral\u0131 otel odalar\u0131 haricinde k\u00fc\u00e7\u00fck evlerde konaklama imkan\u0131 da sunuyor. 35 m2\u2019lik odalar, 50 m2\u2019lik 1 veya 2 yatak odal\u0131 daireler, 85 m2\u2019lik villalar ile \u00e7iftler, arkada\u015f gruplar\u0131 ve aileler i\u00e7in bir dinlenme ve yenilenme noktas\u0131. 300 metre mesafedeki \u00f6zel plaja otelin \u00f6zel teknesi ile gidebilece\u011finiz gibi orman i\u00e7erisinden kara yolu ile gitmek de m\u00fcmk\u00fcn. Tesis, \u00e7ocuklu aileler i\u00e7in de ideal.<\/p>\n<p><img loading=\"lazy\" decoding=\"async\" class=\"alignnone size-full wp-image-8731\" src=\"https:\/\/julesverne.com.tr\/wp-content\/uploads\/2021\/06\/golden-key-hisaronu.jpg\" alt=\"\" width=\"1200\" height=\"800\" srcset=\"https:\/\/julesverne.com.tr\/wp-content\/uploads\/2021\/06\/golden-key-hisaronu.jpg 1200w, https:\/\/julesverne.com.tr\/wp-content\/uploads\/2021\/06\/golden-key-hisaronu-500x333.jpg 500w, https:\/\/julesverne.com.tr\/wp-content\/uploads\/2021\/06\/golden-key-hisaronu-768x512.jpg 768w\" sizes=\"(max-width: 1200px) 100vw, 1200px\" \/><\/p>\n<h2><strong>Golden Key, Hisar\u00f6n\u00fc<\/strong><\/h2>\n<p>M\u00fckemmel detaylara sahip bir aile oteli olarak hizmet veren Golden Key Hisar\u00f6n\u00fc\u2019nde hem yeti\u015fkinler hem de \u00e7ocuklar\u0131n enerjik do\u011fayla i\u00e7 i\u00e7e bir tatil ge\u00e7irmesi i\u00e7in gerekli t\u00fcm imkanlar d\u00fc\u015f\u00fcn\u00fclm\u00fc\u015f. Okalipt\u00fcs a\u011fa\u00e7lar\u0131 ve \u00e7i\u00e7eklerle \u00e7evrelenmi\u015f ya\u015fam alan\u0131, benzersiz k\u0131rm\u0131z\u0131 kumlu plaj\u0131 ve Marmaris\u2019in e\u015fsiz denizi ile Golden Key Hisar\u00f6n\u00fc unutamayaca\u011f\u0131n\u0131z bir tatil i\u00e7in sizleri bekliyor. Ailelerin huzur ve keyif dolu bir tatil ge\u00e7irmek i\u00e7in tercih etti\u011fi Golden Key Hisar\u00f6n\u00fc, ta\u015f ev mimarisinden esinlenerek tasarlanm\u0131\u015f, do\u011fa ile uyumlu 30 s\u00fcitiyle Marmaris\u2019in yan\u0131 ba\u015f\u0131nda do\u011fa ile i\u00e7 i\u00e7e bir ya\u015fam sunuyor.<\/p>\n<h2><strong>S\u0130DE<\/strong><\/h2>\n<p><img loading=\"lazy\" decoding=\"async\" class=\"alignnone size-full wp-image-8732\" src=\"https:\/\/julesverne.com.tr\/wp-content\/uploads\/2021\/06\/side.jpg\" alt=\"\" width=\"1200\" height=\"800\" srcset=\"https:\/\/julesverne.com.tr\/wp-content\/uploads\/2021\/06\/side.jpg 1200w, https:\/\/julesverne.com.tr\/wp-content\/uploads\/2021\/06\/side-500x333.jpg 500w, https:\/\/julesverne.com.tr\/wp-content\/uploads\/2021\/06\/side-768x512.jpg 768w\" sizes=\"(max-width: 1200px) 100vw, 1200px\" \/><\/p>\n<p>Antik \u00e7a\u011flara dayanan tarihi ve k\u00fclt\u00fcrel \u00f6zelli\u011fi ile Side, Antalya\u2019n\u0131n ayr\u0131cal\u0131kl\u0131 bir tatil b\u00f6lgesi. Anadolu\u2019nun en eski yerle\u015fim yerlerinden oldu\u011fu rivayet edilen b\u00f6lgede eski \u00e7a\u011flardan kalma yaz\u0131tlar, an\u0131tlar ve tarihi eserler bulunuyor. Tarihi eserleri, e\u015fsiz kumsal\u0131 ve do\u011fal g\u00fczellikleri ile y\u0131l boyunca tatilcilerin g\u00f6zdesi bir belde olan Side, klasik ancak dopdolu bir tatil f\u0131rsat\u0131 sunuyor.<\/p>\n<p><img loading=\"lazy\" decoding=\"async\" class=\"alignnone wp-image-8829\" src=\"https:\/\/julesverne.com.tr\/wp-content\/uploads\/2021\/06\/PM_finesse-cabana-500x340.jpg\" alt=\"\" width=\"1200\" height=\"817\" srcset=\"https:\/\/julesverne.com.tr\/wp-content\/uploads\/2021\/06\/PM_finesse-cabana-500x340.jpg 500w, https:\/\/julesverne.com.tr\/wp-content\/uploads\/2021\/06\/PM_finesse-cabana-1280x871.jpg 1280w, https:\/\/julesverne.com.tr\/wp-content\/uploads\/2021\/06\/PM_finesse-cabana-768x523.jpg 768w, https:\/\/julesverne.com.tr\/wp-content\/uploads\/2021\/06\/PM_finesse-cabana-1536x1046.jpg 1536w, https:\/\/julesverne.com.tr\/wp-content\/uploads\/2021\/06\/PM_finesse-cabana-scaled.jpg 1600w\" sizes=\"(max-width: 1200px) 100vw, 1200px\" \/><\/p>\n<h2><strong>Paloma Finesse, Side<\/strong><\/h2>\n<p>Akdeniz\u2019in e\u015fsiz do\u011fas\u0131nda ,Manavgat Titreyeng\u00f6l\u2019de 8 hektar bir alanda kurulmu\u015f olan Paloma Finesse odadan havuza konseptinde tasarlanm\u0131\u015f 60 swim-up odas\u0131, en k\u00fc\u00e7\u00fc\u011f\u00fc 42 m2 olan ferah ve geni\u015f odalar\u0131, plajda \u00f6zel servisi ile cabanalar\u0131, b\u00f6lgenin en b\u00fcy\u00fck su park\u0131 Palomaqua\u2019ya direct ge\u00e7i\u015f imkan\u0131, Finesse stili yeni nesil yeme ve i\u00e7me konsepti ile kesinlikle ke\u015ffe de\u011fer!\u2060 Paloma Finesse\u2019in \u00e7a\u011fda\u015f mimari tarz\u0131 heykel enstalasyonundan, yakla\u015f\u0131k 80 metrelik turkuaz havuzuna, 8 hektarl\u0131k alana yay\u0131lm\u0131\u015f bah\u00e7elerine ve 350 metre uzunlu\u011funda kendisine ait kum plaj\u0131na kadar devam ediyor.\u2060 Paloma Finesse\u2019in l\u00fcks her \u015fey dahil konseptine \u00e7\u0131\u011f\u0131r a\u00e7\u0131c\u0131 bir yakla\u015f\u0131m getiren mutfak anlay\u0131\u015f\u0131 , yepyeni ve rafine bir gastronomi ziyafeti sunuyor. Grubun kendi organik \u00e7iftli\u011finden gelen bah\u00e7eden sofraya \u00fcr\u00fcnler; Chef\u2019s Kitchen ile her hafta farkl\u0131 bir \u015fef ; yerele sayg\u0131 , mevsiminde t\u00fcketim , geleneksel lezzetlerin modern dokunu\u015flarla ta\u00e7land\u0131r\u0131lmas\u0131 Finesse mutfa\u011f\u0131n\u0131n \u2060temelini olu\u015fturuyor. \u2060<\/p>\n<h2><strong>Kurban Bayram\u0131 Jules Verne \u00d6zel Gezileri&#8230;<\/strong><\/h2>\n<p><img loading=\"lazy\" decoding=\"async\" class=\"alignnone wp-image-8615\" src=\"https:\/\/julesverne.com.tr\/wp-content\/uploads\/2021\/05\/kuyucak_shutterstock_1265129200.jpg\" alt=\"\" width=\"1200\" height=\"800\" srcset=\"https:\/\/julesverne.com.tr\/wp-content\/uploads\/2021\/05\/kuyucak_shutterstock_1265129200.jpg 1000w, https:\/\/julesverne.com.tr\/wp-content\/uploads\/2021\/05\/kuyucak_shutterstock_1265129200-500x334.jpg 500w, https:\/\/julesverne.com.tr\/wp-content\/uploads\/2021\/05\/kuyucak_shutterstock_1265129200-768x512.jpg 768w\" sizes=\"(max-width: 1200px) 100vw, 1200px\" \/><\/p>\n<h2 class=\"single-travel-title\"><a href=\"https:\/\/julesverne.com.tr\/gezi\/jules-verne-ozel-gezileri\/kurban-bayraminda-turkiyenin-lavanta-cenneti-kuyucak\/\" target=\"_blank\" rel=\"noopener\"><strong>Kurban Bayram\u0131\u2019nda T\u00fcrkiye\u2019nin Lavanta Cenneti Kuyucak\u2019a Davetlisiniz!<\/strong><\/a><\/h2>\n<p><strong>21 -23 Temmuz 2021 | Isparta &#8211; E\u011firdir &#8211; Sagalassos Antik Kenti &#8211; Burdur &#8211; Kuyucak<\/strong><\/p>\n<p>Binbir gece masallar\u0131n\u0131 an\u0131msatan atmosferi ile Kuyucak K\u00f6y\u00fc, Kurban Bayram\u0131&#8217;nda sizleri unutamayaca\u011f\u0131n\u0131z bir yolculu\u011fa davet ediyor! T\u00fcrkiye&#8217;nin Provence&#8217;i Kuyucak&#8217;ta masal bir 3 g\u00fcn sizleri bekliyor! Cittaslow unvan\u0131na sahip E\u011firdir, UNESCO D\u00fcnya Miras Ge\u00e7ici Listesi&#8217;ndeki Sagalassos Antik Kenti, Kibyra ve b\u00fcy\u00fcleyici ambiyans\u0131 ile Kuyucak K\u00f6y\u00fc&#8217;nde Lavanta Hasad\u0131 deneyimi ile masal tad\u0131nda, dopdolu bir 3 g\u00fcn sizce de muhte\u015fem olmaz m\u0131? Haydi gelin tarih ve do\u011fan\u0131n dile geldi\u011fi b\u00fcy\u00fcleyici bu ambiyans\u0131, lavanta kokulu g\u00f6rsel \u015f\u00f6len e\u015fli\u011finde ta\u00e7land\u0131rarak muhte\u015fem bir yolculu\u011fa \u00e7\u0131kal\u0131m. Gezi ile ilgili detayl\u0131 bilgiye <a href=\"https:\/\/julesverne.com.tr\/gezi\/jules-verne-ozel-gezileri\/kurban-bayraminda-turkiyenin-lavanta-cenneti-kuyucak\/\" target=\"_blank\" rel=\"noopener\"><strong>buradan<\/strong> <\/a>ula\u015fabilirsiniz.<\/p>\n<p><img loading=\"lazy\" decoding=\"async\" class=\"alignnone wp-image-8619\" src=\"https:\/\/julesverne.com.tr\/wp-content\/uploads\/2021\/05\/pokut_shutterstock_1846690624-500x334.jpg\" alt=\"\" width=\"1200\" height=\"800\" srcset=\"https:\/\/julesverne.com.tr\/wp-content\/uploads\/2021\/05\/pokut_shutterstock_1846690624-500x334.jpg 500w, https:\/\/julesverne.com.tr\/wp-content\/uploads\/2021\/05\/pokut_shutterstock_1846690624-768x512.jpg 768w, https:\/\/julesverne.com.tr\/wp-content\/uploads\/2021\/05\/pokut_shutterstock_1846690624.jpg 1000w\" sizes=\"(max-width: 1200px) 100vw, 1200px\" \/><\/p>\n<h2><a href=\"https:\/\/julesverne.com.tr\/gezi\/jules-verne-ozel-gezileri\/kurban-bayraminda-dogu-karadenizin-sakli-cennetleri\/\" target=\"_blank\" rel=\"noopener\"><strong>Kurban Bayram\u0131&#8217;nda Do\u011fu Karadeniz&#8217;in Sakl\u0131 Cennetleri<\/strong><\/a><\/h2>\n<p><strong>21 &#8211; 25 Temmuz 2021 | Trabzon &#8211; Ayder &#8211; F\u0131rt\u0131na Deresi &#8211; Palovit \u015eelalesi &#8211; Pokut &#8211; Sal- Bor\u00e7ka Karag\u00f6l<\/strong><\/p>\n<p>Kurban Bayram\u0131&#8217;nda y\u00fcksek da\u011flar\u0131n zirvesinde, bulutlara yukar\u0131dan bakarak do\u011fan\u0131n huzurlu sessizli\u011fiyle b\u00fct\u00fcnle\u015fece\u011finiz bir yayla tatili keyifli olmaz m\u0131? Ye\u015filin her tonunu g\u00f6rebilece\u011finiz Do\u011fu Karadeniz&#8217;in sakl\u0131 cennetlerinde muhte\u015fem bir 5 g\u00fcn sizleri bekliyor! Trabzon&#8217;un en \u00f6nemli simgelerinden S\u00fcmela Manast\u0131r\u0131, Ka\u00e7kar Da\u011flar\u0131 Milli Park\u0131, ekolojik yap\u0131s\u0131yla do\u011fal sit alan\u0131 kabul edilerek koruma alt\u0131na al\u0131nan F\u0131rt\u0131na Deresi, F\u0131rt\u0131na Vadisi&#8217;nin tepesinde devasa bir kayan\u0131n \u00fczerinde 750 metre y\u00fckseklikteki Zil Kalesi, ola\u011fan\u00fcst\u00fc g\u00fczellikteki Gelin T\u00fcl\u00fc \u015eelalesi, bulutlar\u0131n \u00fczerindeki Ayder, Avusor ve Huser Yaylalar\u0131, 2050 metre y\u00fckseklikte tepe \u00fcst\u00fcne kurulu ah\u015fap evleri, b\u00fcy\u00fcleyici bulut denizi manzaralar\u0131 ile Pokut ve Sal Yaylalar\u0131 ve Karadeniz&#8217;in cenneti s\u0131fat\u0131n\u0131 hak eden yegane yerlerden Bor\u00e7ka&#8230; Gezi ile ilgili detayl\u0131 bilgiye <a href=\"https:\/\/julesverne.com.tr\/gezi\/jules-verne-ozel-gezileri\/kurban-bayraminda-dogu-karadenizin-sakli-cennetleri\/\" target=\"_blank\" rel=\"noopener\"><strong>buradan<\/strong><\/a> ula\u015fabilirsiniz.<\/p>\n<p style=\"text-align: center;\"><strong>Size \u00f6zel seyahat program\u0131 ve rezervasyon i\u00e7in:<\/strong><br \/>\n<a href=\"mailto:travel@julesverne.com.tr\"><strong>travel@julesverne.com.tr<\/strong><\/a><\/p>\n<h1><\/h1>\n<h1><\/h1>\n<p>&nbsp;<\/p>\n","protected":false},"excerpt":{"rendered":"<p>Kurban Bayram\u0131 yakla\u015f\u0131yor, bayram tatili program\u0131n\u0131z\u0131 yapt\u0131n\u0131z m\u0131? 20 Temmuz Sal\u0131 g\u00fcn\u00fc ba\u015flayacak bayram tatilinde gidebilece\u011finiz yerler i\u00e7in sizlere ilham vermeye geldik. Hafta sonu tatilleri ile birle\u015ftirerek yakla\u015f\u0131k 9 g\u00fcn tatil yapabilece\u011finiz bu bayramda; aileniz ve sevdiklerinizle doyas\u0131ya zaman ge\u00e7irip b\u00fct\u00fcn bir y\u0131l\u0131n yorgunlu\u011funu \u00fczerinizden atmak i\u00e7in yapman\u0131z gereken tek \u015fey size \u00f6zel haz\u0131rlad\u0131\u011f\u0131m\u0131z tatil [&hellip;]<\/p>\n","protected":false},"author":10,"featured_media":8729,"comment_status":"closed","ping_status":"closed","sticky":false,"template":"","format":"standard","meta":{"inline_featured_image":false,"footnotes":""},"categories":[1,40,39],"tags":[136,74,73],"acf":[],"yoast_head":"<!-- This site is optimized with the Yoast SEO plugin v22.3 - https:\/\/yoast.com\/wordpress\/plugins\/seo\/ -->\n<title>Kurban Bayram\u0131\u2019nda Yurt \u0130\u00e7inde Nereye Gitsek, Nerede Kalsak? - JULES VERNE BUSINESS MICE TRAVEL<\/title>\n<meta name=\"description\" content=\"Kurban Bayram\u0131 tatili yakla\u015f\u0131rken, hala gitmek istedi\u011finiz yere karar veremediniz mi? E\u011fer b\u00f6yle bir ruh hali i\u00e7erisindeyseniz tela\u015fa hi\u00e7 gerek yok. \u00c7\u00fcnk\u00fc bu bayram tatilinde gidebilece\u011finiz yerler i\u00e7in sizlere ilham vermeye geldik.\" \/>\n<meta name=\"robots\" content=\"index, follow, max-snippet:-1, max-image-preview:large, max-video-preview:-1\" \/>\n<link rel=\"canonical\" href=\"https:\/\/julesverne.com.tr\/travel-blog\/kurban-bayraminda-yurt-icinde-nereye-gitsek-nerede-kalsak\/\" \/>\n<meta property=\"og:locale\" content=\"en_US\" \/>\n<meta property=\"og:type\" content=\"article\" \/>\n<meta property=\"og:title\" content=\"Kurban Bayram\u0131\u2019nda Yurt \u0130\u00e7inde Nereye Gitsek, Nerede Kalsak? - JULES VERNE BUSINESS MICE TRAVEL\" \/>\n<meta property=\"og:description\" content=\"Kurban Bayram\u0131 tatili yakla\u015f\u0131rken, hala gitmek istedi\u011finiz yere karar veremediniz mi? E\u011fer b\u00f6yle bir ruh hali i\u00e7erisindeyseniz tela\u015fa hi\u00e7 gerek yok. \u00c7\u00fcnk\u00fc bu bayram tatilinde gidebilece\u011finiz yerler i\u00e7in sizlere ilham vermeye geldik.\" \/>\n<meta property=\"og:url\" content=\"https:\/\/julesverne.com.tr\/travel-blog\/kurban-bayraminda-yurt-icinde-nereye-gitsek-nerede-kalsak\/\" \/>\n<meta property=\"og:site_name\" content=\"JULES VERNE BUSINESS MICE TRAVEL\" \/>\n<meta property=\"article:publisher\" content=\"https:\/\/www.facebook.com\/JulesVerneBusinessMiceTravel\/\" \/>\n<meta property=\"article:published_time\" content=\"2021-06-09T06:20:22+00:00\" \/>\n<meta property=\"article:modified_time\" content=\"2021-06-09T09:37:42+00:00\" \/>\n<meta property=\"og:image\" content=\"https:\/\/julesverne.com.tr\/wp-content\/uploads\/2021\/06\/marmaris.jpg\" \/>\n\t<meta property=\"og:image:width\" content=\"1200\" \/>\n\t<meta property=\"og:image:height\" content=\"800\" \/>\n\t<meta property=\"og:image:type\" content=\"image\/jpeg\" \/>\n<meta name=\"author\" content=\"Ebru Alt\u0131n\" \/>\n<meta name=\"twitter:card\" content=\"summary_large_image\" \/>\n<meta name=\"twitter:creator\" content=\"@JV_BusinessMice\" \/>\n<meta name=\"twitter:site\" content=\"@JV_BusinessMice\" \/>\n<meta name=\"twitter:label1\" content=\"Written by\" \/>\n\t<meta name=\"twitter:data1\" content=\"Ebru Alt\u0131n\" \/>\n\t<meta name=\"twitter:label2\" content=\"Est. reading time\" \/>\n\t<meta name=\"twitter:data2\" content=\"14 minutes\" \/>\n<script type=\"application\/ld+json\" class=\"yoast-schema-graph\">{\"@context\":\"https:\/\/schema.org\",\"@graph\":[{\"@type\":\"Article\",\"@id\":\"https:\/\/julesverne.com.tr\/travel-blog\/kurban-bayraminda-yurt-icinde-nereye-gitsek-nerede-kalsak\/#article\",\"isPartOf\":{\"@id\":\"https:\/\/julesverne.com.tr\/travel-blog\/kurban-bayraminda-yurt-icinde-nereye-gitsek-nerede-kalsak\/\"},\"author\":{\"name\":\"Ebru Alt\u0131n\",\"@id\":\"https:\/\/julesverne.com.tr\/#\/schema\/person\/219931edfe2e7d9cbbcbabb8a7e4c7f4\"},\"headline\":\"Kurban Bayram\u0131\u2019nda Yurt \u0130\u00e7inde Nereye Gitsek, Nerede Kalsak?\",\"datePublished\":\"2021-06-09T06:20:22+00:00\",\"dateModified\":\"2021-06-09T09:37:42+00:00\",\"mainEntityOfPage\":{\"@id\":\"https:\/\/julesverne.com.tr\/travel-blog\/kurban-bayraminda-yurt-icinde-nereye-gitsek-nerede-kalsak\/\"},\"wordCount\":2820,\"publisher\":{\"@id\":\"https:\/\/julesverne.com.tr\/#organization\"},\"image\":{\"@id\":\"https:\/\/julesverne.com.tr\/travel-blog\/kurban-bayraminda-yurt-icinde-nereye-gitsek-nerede-kalsak\/#primaryimage\"},\"thumbnailUrl\":\"https:\/\/julesverne.com.tr\/wp-content\/uploads\/2021\/06\/marmaris.jpg\",\"keywords\":[\"Kurban Bayram\u0131 Tatili\",\"Nerede Kalsak\",\"Nereye Gitsek\"],\"articleSection\":[\"Blog\",\"Nerede Kalsak?\",\"Nereye Gitsek?\"],\"inLanguage\":\"en-US\"},{\"@type\":\"WebPage\",\"@id\":\"https:\/\/julesverne.com.tr\/travel-blog\/kurban-bayraminda-yurt-icinde-nereye-gitsek-nerede-kalsak\/\",\"url\":\"https:\/\/julesverne.com.tr\/travel-blog\/kurban-bayraminda-yurt-icinde-nereye-gitsek-nerede-kalsak\/\",\"name\":\"Kurban Bayram\u0131\u2019nda Yurt \u0130\u00e7inde Nereye Gitsek, Nerede Kalsak? - JULES VERNE BUSINESS MICE TRAVEL\",\"isPartOf\":{\"@id\":\"https:\/\/julesverne.com.tr\/#website\"},\"primaryImageOfPage\":{\"@id\":\"https:\/\/julesverne.com.tr\/travel-blog\/kurban-bayraminda-yurt-icinde-nereye-gitsek-nerede-kalsak\/#primaryimage\"},\"image\":{\"@id\":\"https:\/\/julesverne.com.tr\/travel-blog\/kurban-bayraminda-yurt-icinde-nereye-gitsek-nerede-kalsak\/#primaryimage\"},\"thumbnailUrl\":\"https:\/\/julesverne.com.tr\/wp-content\/uploads\/2021\/06\/marmaris.jpg\",\"datePublished\":\"2021-06-09T06:20:22+00:00\",\"dateModified\":\"2021-06-09T09:37:42+00:00\",\"description\":\"Kurban Bayram\u0131 tatili yakla\u015f\u0131rken, hala gitmek istedi\u011finiz yere karar veremediniz mi? E\u011fer b\u00f6yle bir ruh hali i\u00e7erisindeyseniz tela\u015fa hi\u00e7 gerek yok. \u00c7\u00fcnk\u00fc bu bayram tatilinde gidebilece\u011finiz yerler i\u00e7in sizlere ilham vermeye geldik.\",\"breadcrumb\":{\"@id\":\"https:\/\/julesverne.com.tr\/travel-blog\/kurban-bayraminda-yurt-icinde-nereye-gitsek-nerede-kalsak\/#breadcrumb\"},\"inLanguage\":\"en-US\",\"potentialAction\":[{\"@type\":\"ReadAction\",\"target\":[\"https:\/\/julesverne.com.tr\/travel-blog\/kurban-bayraminda-yurt-icinde-nereye-gitsek-nerede-kalsak\/\"]}]},{\"@type\":\"ImageObject\",\"inLanguage\":\"en-US\",\"@id\":\"https:\/\/julesverne.com.tr\/travel-blog\/kurban-bayraminda-yurt-icinde-nereye-gitsek-nerede-kalsak\/#primaryimage\",\"url\":\"https:\/\/julesverne.com.tr\/wp-content\/uploads\/2021\/06\/marmaris.jpg\",\"contentUrl\":\"https:\/\/julesverne.com.tr\/wp-content\/uploads\/2021\/06\/marmaris.jpg\",\"width\":1200,\"height\":800},{\"@type\":\"BreadcrumbList\",\"@id\":\"https:\/\/julesverne.com.tr\/travel-blog\/kurban-bayraminda-yurt-icinde-nereye-gitsek-nerede-kalsak\/#breadcrumb\",\"itemListElement\":[{\"@type\":\"ListItem\",\"position\":1,\"name\":\"Anasayfa\",\"item\":\"https:\/\/julesverne.com.tr\/\"},{\"@type\":\"ListItem\",\"position\":2,\"name\":\"Kurban Bayram\u0131\u2019nda Yurt \u0130\u00e7inde Nereye Gitsek, Nerede Kalsak?\"}]},{\"@type\":\"WebSite\",\"@id\":\"https:\/\/julesverne.com.tr\/#website\",\"url\":\"https:\/\/julesverne.com.tr\/\",\"name\":\"JULES VERNE BUSINESS MICE TRAVEL\",\"description\":\"\",\"publisher\":{\"@id\":\"https:\/\/julesverne.com.tr\/#organization\"},\"potentialAction\":[{\"@type\":\"SearchAction\",\"target\":{\"@type\":\"EntryPoint\",\"urlTemplate\":\"https:\/\/julesverne.com.tr\/?s={search_term_string}\"},\"query-input\":\"required name=search_term_string\"}],\"inLanguage\":\"en-US\"},{\"@type\":\"Organization\",\"@id\":\"https:\/\/julesverne.com.tr\/#organization\",\"name\":\"JULES VERNE BUSINESS MICE TRAVEL\",\"url\":\"https:\/\/julesverne.com.tr\/\",\"logo\":{\"@type\":\"ImageObject\",\"inLanguage\":\"en-US\",\"@id\":\"https:\/\/julesverne.com.tr\/#\/schema\/logo\/image\/\",\"url\":\"https:\/\/julesverne.com.tr\/wp-content\/uploads\/2020\/09\/jv-bmt-logo.png\",\"contentUrl\":\"https:\/\/julesverne.com.tr\/wp-content\/uploads\/2020\/09\/jv-bmt-logo.png\",\"width\":110,\"height\":81,\"caption\":\"JULES VERNE BUSINESS MICE TRAVEL\"},\"image\":{\"@id\":\"https:\/\/julesverne.com.tr\/#\/schema\/logo\/image\/\"},\"sameAs\":[\"https:\/\/www.facebook.com\/JulesVerneBusinessMiceTravel\/\",\"https:\/\/twitter.com\/JV_BusinessMice\",\"https:\/\/www.instagram.com\/julesvernebusinessmicetravel\/\",\"https:\/\/www.linkedin.com\/company\/julesvernebusinessmicetravel\/\",\"https:\/\/www.youtube.com\/channel\/UCAwdsmbZ6tFhu1tea6pkpiw\"]},{\"@type\":\"Person\",\"@id\":\"https:\/\/julesverne.com.tr\/#\/schema\/person\/219931edfe2e7d9cbbcbabb8a7e4c7f4\",\"name\":\"Ebru Alt\u0131n\",\"url\":\"https:\/\/julesverne.com.tr\/en\/author\/ebru-altin\/\"}]}<\/script>\n<!-- \/ Yoast SEO plugin. -->","yoast_head_json":{"title":"Kurban Bayram\u0131\u2019nda Yurt \u0130\u00e7inde Nereye Gitsek, Nerede Kalsak? - JULES VERNE BUSINESS MICE TRAVEL","description":"Kurban Bayram\u0131 tatili yakla\u015f\u0131rken, hala gitmek istedi\u011finiz yere karar veremediniz mi? E\u011fer b\u00f6yle bir ruh hali i\u00e7erisindeyseniz tela\u015fa hi\u00e7 gerek yok. \u00c7\u00fcnk\u00fc bu bayram tatilinde gidebilece\u011finiz yerler i\u00e7in sizlere ilham vermeye geldik.","robots":{"index":"index","follow":"follow","max-snippet":"max-snippet:-1","max-image-preview":"max-image-preview:large","max-video-preview":"max-video-preview:-1"},"canonical":"https:\/\/julesverne.com.tr\/travel-blog\/kurban-bayraminda-yurt-icinde-nereye-gitsek-nerede-kalsak\/","og_locale":"en_US","og_type":"article","og_title":"Kurban Bayram\u0131\u2019nda Yurt \u0130\u00e7inde Nereye Gitsek, Nerede Kalsak? - JULES VERNE BUSINESS MICE TRAVEL","og_description":"Kurban Bayram\u0131 tatili yakla\u015f\u0131rken, hala gitmek istedi\u011finiz yere karar veremediniz mi? E\u011fer b\u00f6yle bir ruh hali i\u00e7erisindeyseniz tela\u015fa hi\u00e7 gerek yok. \u00c7\u00fcnk\u00fc bu bayram tatilinde gidebilece\u011finiz yerler i\u00e7in sizlere ilham vermeye geldik.","og_url":"https:\/\/julesverne.com.tr\/travel-blog\/kurban-bayraminda-yurt-icinde-nereye-gitsek-nerede-kalsak\/","og_site_name":"JULES VERNE BUSINESS MICE TRAVEL","article_publisher":"https:\/\/www.facebook.com\/JulesVerneBusinessMiceTravel\/","article_published_time":"2021-06-09T06:20:22+00:00","article_modified_time":"2021-06-09T09:37:42+00:00","og_image":[{"width":1200,"height":800,"url":"https:\/\/julesverne.com.tr\/wp-content\/uploads\/2021\/06\/marmaris.jpg","type":"image\/jpeg"}],"author":"Ebru Alt\u0131n","twitter_card":"summary_large_image","twitter_creator":"@JV_BusinessMice","twitter_site":"@JV_BusinessMice","twitter_misc":{"Written by":"Ebru Alt\u0131n","Est. reading time":"14 minutes"},"schema":{"@context":"https:\/\/schema.org","@graph":[{"@type":"Article","@id":"https:\/\/julesverne.com.tr\/travel-blog\/kurban-bayraminda-yurt-icinde-nereye-gitsek-nerede-kalsak\/#article","isPartOf":{"@id":"https:\/\/julesverne.com.tr\/travel-blog\/kurban-bayraminda-yurt-icinde-nereye-gitsek-nerede-kalsak\/"},"author":{"name":"Ebru Alt\u0131n","@id":"https:\/\/julesverne.com.tr\/#\/schema\/person\/219931edfe2e7d9cbbcbabb8a7e4c7f4"},"headline":"Kurban Bayram\u0131\u2019nda Yurt \u0130\u00e7inde Nereye Gitsek, Nerede Kalsak?","datePublished":"2021-06-09T06:20:22+00:00","dateModified":"2021-06-09T09:37:42+00:00","mainEntityOfPage":{"@id":"https:\/\/julesverne.com.tr\/travel-blog\/kurban-bayraminda-yurt-icinde-nereye-gitsek-nerede-kalsak\/"},"wordCount":2820,"publisher":{"@id":"https:\/\/julesverne.com.tr\/#organization"},"image":{"@id":"https:\/\/julesverne.com.tr\/travel-blog\/kurban-bayraminda-yurt-icinde-nereye-gitsek-nerede-kalsak\/#primaryimage"},"thumbnailUrl":"https:\/\/julesverne.com.tr\/wp-content\/uploads\/2021\/06\/marmaris.jpg","keywords":["Kurban Bayram\u0131 Tatili","Nerede Kalsak","Nereye Gitsek"],"articleSection":["Blog","Nerede Kalsak?","Nereye Gitsek?"],"inLanguage":"en-US"},{"@type":"WebPage","@id":"https:\/\/julesverne.com.tr\/travel-blog\/kurban-bayraminda-yurt-icinde-nereye-gitsek-nerede-kalsak\/","url":"https:\/\/julesverne.com.tr\/travel-blog\/kurban-bayraminda-yurt-icinde-nereye-gitsek-nerede-kalsak\/","name":"Kurban Bayram\u0131\u2019nda Yurt \u0130\u00e7inde Nereye Gitsek, Nerede Kalsak? - JULES VERNE BUSINESS MICE TRAVEL","isPartOf":{"@id":"https:\/\/julesverne.com.tr\/#website"},"primaryImageOfPage":{"@id":"https:\/\/julesverne.com.tr\/travel-blog\/kurban-bayraminda-yurt-icinde-nereye-gitsek-nerede-kalsak\/#primaryimage"},"image":{"@id":"https:\/\/julesverne.com.tr\/travel-blog\/kurban-bayraminda-yurt-icinde-nereye-gitsek-nerede-kalsak\/#primaryimage"},"thumbnailUrl":"https:\/\/julesverne.com.tr\/wp-content\/uploads\/2021\/06\/marmaris.jpg","datePublished":"2021-06-09T06:20:22+00:00","dateModified":"2021-06-09T09:37:42+00:00","description":"Kurban Bayram\u0131 tatili yakla\u015f\u0131rken, hala gitmek istedi\u011finiz yere karar veremediniz mi? E\u011fer b\u00f6yle bir ruh hali i\u00e7erisindeyseniz tela\u015fa hi\u00e7 gerek yok. \u00c7\u00fcnk\u00fc bu bayram tatilinde gidebilece\u011finiz yerler i\u00e7in sizlere ilham vermeye geldik.","breadcrumb":{"@id":"https:\/\/julesverne.com.tr\/travel-blog\/kurban-bayraminda-yurt-icinde-nereye-gitsek-nerede-kalsak\/#breadcrumb"},"inLanguage":"en-US","potentialAction":[{"@type":"ReadAction","target":["https:\/\/julesverne.com.tr\/travel-blog\/kurban-bayraminda-yurt-icinde-nereye-gitsek-nerede-kalsak\/"]}]},{"@type":"ImageObject","inLanguage":"en-US","@id":"https:\/\/julesverne.com.tr\/travel-blog\/kurban-bayraminda-yurt-icinde-nereye-gitsek-nerede-kalsak\/#primaryimage","url":"https:\/\/julesverne.com.tr\/wp-content\/uploads\/2021\/06\/marmaris.jpg","contentUrl":"https:\/\/julesverne.com.tr\/wp-content\/uploads\/2021\/06\/marmaris.jpg","width":1200,"height":800},{"@type":"BreadcrumbList","@id":"https:\/\/julesverne.com.tr\/travel-blog\/kurban-bayraminda-yurt-icinde-nereye-gitsek-nerede-kalsak\/#breadcrumb","itemListElement":[{"@type":"ListItem","position":1,"name":"Anasayfa","item":"https:\/\/julesverne.com.tr\/"},{"@type":"ListItem","position":2,"name":"Kurban Bayram\u0131\u2019nda Yurt \u0130\u00e7inde Nereye Gitsek, Nerede Kalsak?"}]},{"@type":"WebSite","@id":"https:\/\/julesverne.com.tr\/#website","url":"https:\/\/julesverne.com.tr\/","name":"JULES VERNE BUSINESS MICE TRAVEL","description":"","publisher":{"@id":"https:\/\/julesverne.com.tr\/#organization"},"potentialAction":[{"@type":"SearchAction","target":{"@type":"EntryPoint","urlTemplate":"https:\/\/julesverne.com.tr\/?s={search_term_string}"},"query-input":"required name=search_term_string"}],"inLanguage":"en-US"},{"@type":"Organization","@id":"https:\/\/julesverne.com.tr\/#organization","name":"JULES VERNE BUSINESS MICE TRAVEL","url":"https:\/\/julesverne.com.tr\/","logo":{"@type":"ImageObject","inLanguage":"en-US","@id":"https:\/\/julesverne.com.tr\/#\/schema\/logo\/image\/","url":"https:\/\/julesverne.com.tr\/wp-content\/uploads\/2020\/09\/jv-bmt-logo.png","contentUrl":"https:\/\/julesverne.com.tr\/wp-content\/uploads\/2020\/09\/jv-bmt-logo.png","width":110,"height":81,"caption":"JULES VERNE BUSINESS MICE TRAVEL"},"image":{"@id":"https:\/\/julesverne.com.tr\/#\/schema\/logo\/image\/"},"sameAs":["https:\/\/www.facebook.com\/JulesVerneBusinessMiceTravel\/","https:\/\/twitter.com\/JV_BusinessMice","https:\/\/www.instagram.com\/julesvernebusinessmicetravel\/","https:\/\/www.linkedin.com\/company\/julesvernebusinessmicetravel\/","https:\/\/www.youtube.com\/channel\/UCAwdsmbZ6tFhu1tea6pkpiw"]},{"@type":"Person","@id":"https:\/\/julesverne.com.tr\/#\/schema\/person\/219931edfe2e7d9cbbcbabb8a7e4c7f4","name":"Ebru Alt\u0131n","url":"https:\/\/julesverne.com.tr\/en\/author\/ebru-altin\/"}]}},"_links":{"self":[{"href":"https:\/\/julesverne.com.tr\/en\/wp-json\/wp\/v2\/posts\/8708"}],"collection":[{"href":"https:\/\/julesverne.com.tr\/en\/wp-json\/wp\/v2\/posts"}],"about":[{"href":"https:\/\/julesverne.com.tr\/en\/wp-json\/wp\/v2\/types\/post"}],"author":[{"embeddable":true,"href":"https:\/\/julesverne.com.tr\/en\/wp-json\/wp\/v2\/users\/10"}],"replies":[{"embeddable":true,"href":"https:\/\/julesverne.com.tr\/en\/wp-json\/wp\/v2\/comments?post=8708"}],"version-history":[{"count":0,"href":"https:\/\/julesverne.com.tr\/en\/wp-json\/wp\/v2\/posts\/8708\/revisions"}],"wp:featuredmedia":[{"embeddable":true,"href":"https:\/\/julesverne.com.tr\/en\/wp-json\/wp\/v2\/media\/8729"}],"wp:attachment":[{"href":"https:\/\/julesverne.com.tr\/en\/wp-json\/wp\/v2\/media?parent=8708"}],"wp:term":[{"taxonomy":"category","embeddable":true,"href":"https:\/\/julesverne.com.tr\/en\/wp-json\/wp\/v2\/categories?post=8708"},{"taxonomy":"post_tag","embeddable":true,"href":"https:\/\/julesverne.com.tr\/en\/wp-json\/wp\/v2\/tags?post=8708"}],"curies":[{"name":"wp","href":"https:\/\/api.w.org\/{rel}","templated":true}]}}