{"id":8536,"date":"2021-05-25T13:21:58","date_gmt":"2021-05-25T10:21:58","guid":{"rendered":"https:\/\/julesverne.com.tr\/?p=8536"},"modified":"2021-05-25T13:21:58","modified_gmt":"2021-05-25T10:21:58","slug":"yaz-gundonumu-rituelleri-ile-icinizdeki-isigi-kesfedin","status":"publish","type":"post","link":"https:\/\/julesverne.com.tr\/en\/travel-blog\/yaz-gundonumu-rituelleri-ile-icinizdeki-isigi-kesfedin\/","title":{"rendered":"Yaz G\u00fcnd\u00f6n\u00fcm\u00fc Rit\u00fcelleri \u0130le \u0130\u00e7inizdeki I\u015f\u0131\u011f\u0131 Ke\u015ffedin!"},"content":{"rendered":"<p><strong><em><img loading=\"lazy\" decoding=\"async\" class=\"alignnone wp-image-8540\" src=\"https:\/\/julesverne.com.tr\/wp-content\/uploads\/2021\/05\/sun_woman_shutterstock_1049949365-500x334.jpg\" alt=\"\" width=\"1200\" height=\"800\" srcset=\"https:\/\/julesverne.com.tr\/wp-content\/uploads\/2021\/05\/sun_woman_shutterstock_1049949365-500x334.jpg 500w, https:\/\/julesverne.com.tr\/wp-content\/uploads\/2021\/05\/sun_woman_shutterstock_1049949365-768x512.jpg 768w, https:\/\/julesverne.com.tr\/wp-content\/uploads\/2021\/05\/sun_woman_shutterstock_1049949365.jpg 1000w\" sizes=\"(max-width: 1200px) 100vw, 1200px\" \/> <\/em><\/strong><\/p>\n<p><strong><em>G\u00fcne\u015f gibi bizim de besleme ve s\u00fcrd\u00fcrme g\u00fcc\u00fcne sahip oldu\u011fumuzu \u00a0ve elimizden geldi\u011fince parlak bir \u015fekilde \u0131\u015f\u0131ldama sorumlulu\u011fumuz oldu\u011funu hat\u0131rlama zaman\u0131!<\/em><\/strong><\/p>\n<p>G\u00fcne\u015fin d\u00f6ng\u00fcs\u00fc, ya\u015fam\u0131m\u0131z\u0131n d\u00f6ng\u00fcs\u00fcn\u00fc temsil eder. Bolluk ve do\u011furganl\u0131\u011f\u0131n g\u00fcn\u00fc olarak kabul edilen <strong>21 Haziran yaz g\u00fcnd\u00f6n\u00fcm\u00fc<\/strong> \u00a0bize G\u00fcne\u015f&#8217;in besleyici \u0131\u015f\u0131\u011f\u0131n\u0131 ve her birimizin i\u00e7inde olan \u0131\u015f\u0131\u011f\u0131 kutlamam\u0131z\u0131, i\u00e7e d\u00f6nmemizi, b\u00fcy\u00fcmek ve geli\u015fmek i\u00e7in gereken besini bulmam\u0131z\u0131 hat\u0131rlat\u0131r.<\/p>\n<p><strong>D\u00fcnya Yoga G\u00fcn\u00fc<\/strong> olarak da kutlanan <strong>21 Haziran<\/strong>; bahar ekinoksu ile birlikte ba\u015flayan D\u00fcnya\u2019n\u0131n G\u00fcne\u015f etraf\u0131ndaki yolculu\u011funun ikinci a\u015famas\u0131na i\u015faret ederek, g\u00fcne\u015fin g\u00f6ky\u00fcz\u00fcndeki en y\u00fcksek noktas\u0131na ula\u015f\u0131p, y\u0131l\u0131n en uzun g\u00fcn\u00fcn\u00fc ya\u015famam\u0131z\u0131 sa\u011flayan \u00e7ok \u00f6zel bir g\u00fcn. Yaz mevsiminde do\u011fan\u0131n ruhani pratikler i\u00e7in bizi destekledi\u011fi de s\u00f6ylenmektedir. <strong>Yaz, hayat\u0131m\u0131za olan inanc\u0131m\u0131z\u0131 geli\u015ftirme, karanl\u0131\u011f\u0131 \u0131\u015f\u0131kla ezme ve hayat bize ne getirirse getirsin her g\u00fcn t\u0131pk\u0131 G\u00fcne\u015f gibi y\u00fckselece\u011fimize inanma zaman\u0131d\u0131r.<\/strong><\/p>\n<p><img loading=\"lazy\" decoding=\"async\" class=\"alignnone wp-image-8544\" src=\"https:\/\/julesverne.com.tr\/wp-content\/uploads\/2021\/05\/sun_healing_shutterstock_1722879193-500x334.jpg\" alt=\"\" width=\"1200\" height=\"800\" srcset=\"https:\/\/julesverne.com.tr\/wp-content\/uploads\/2021\/05\/sun_healing_shutterstock_1722879193-500x334.jpg 500w, https:\/\/julesverne.com.tr\/wp-content\/uploads\/2021\/05\/sun_healing_shutterstock_1722879193-768x512.jpg 768w, https:\/\/julesverne.com.tr\/wp-content\/uploads\/2021\/05\/sun_healing_shutterstock_1722879193.jpg 1000w\" sizes=\"(max-width: 1200px) 100vw, 1200px\" \/><\/p>\n<p>G\u00fcne\u015fin besleyici \u0131\u015f\u0131\u011f\u0131n\u0131n yan\u0131 s\u0131ra her birimizin i\u00e7inde bulunan \u0131\u015f\u0131\u011f\u0131 da kutlamam\u0131z gerekti\u011fini hat\u0131rlatan yaz g\u00fcnd\u00f6n\u00fcm\u00fc bizlere i\u00e7imizdeki \u0131\u015f\u0131\u011f\u0131 d\u00fcnyan\u0131n en uzak noktalar\u0131na dahi yayarak, ilham verebilece\u011fimizi f\u0131s\u0131ldar. \u00c7\u00fcnk\u00fc yaz g\u00fcnd\u00f6n\u00fcm\u00fc demek ayn\u0131 zamanda umudun \u0131\u015f\u0131\u011f\u0131n\u0131 yayabilecek g\u00fcce de sahip olmak demektir.<\/p>\n<p><strong>Bu sene 21 Haziran yaz g\u00fcnd\u00f6n\u00fcm\u00fcnde i\u00e7inizdeki \u0131\u015f\u0131\u011f\u0131n sesini dinlemeye ne dersiniz? Hayat\u0131n size getirdikleri kar\u015f\u0131s\u0131nda t\u0131pk\u0131 bir g\u00fcne\u015f gibi y\u00fckselerek, i\u00e7inizdeki \u0131\u015f\u0131\u011f\u0131n sesine kulak verin ve parlay\u0131n!<\/strong><\/p>\n<p><img loading=\"lazy\" decoding=\"async\" class=\"alignnone wp-image-8543\" src=\"https:\/\/julesverne.com.tr\/wp-content\/uploads\/2021\/05\/sun_healing_shutterstock_1881417592-500x334.jpg\" alt=\"\" width=\"1200\" height=\"800\" srcset=\"https:\/\/julesverne.com.tr\/wp-content\/uploads\/2021\/05\/sun_healing_shutterstock_1881417592-500x334.jpg 500w, https:\/\/julesverne.com.tr\/wp-content\/uploads\/2021\/05\/sun_healing_shutterstock_1881417592-768x512.jpg 768w, https:\/\/julesverne.com.tr\/wp-content\/uploads\/2021\/05\/sun_healing_shutterstock_1881417592.jpg 1000w\" sizes=\"(max-width: 1200px) 100vw, 1200px\" \/><\/p>\n<h2>21 Haziran yaz g\u00fcnd\u00f6n\u00fcm\u00fcnde uygulayabilece\u011finiz, i\u00e7inizdeki \u0131\u015f\u0131\u011f\u0131 besleyebilece\u011finiz rit\u00fceller:<\/h2>\n<p><strong>Yaz Hedeflerinizi Belirleyin!<\/strong><\/p>\n<p>Enerji a\u00e7\u0131s\u0131ndan da son derece y\u00fcksek bir g\u00fcn oldu\u011fu i\u00e7in niyetleri belirlemek i\u00e7in \u00e7ok do\u011fru bir g\u00fcnd\u00fcr.\u00a0 Niyetlerinizi belirleyin ve t\u00fcm yaz boyunca kendinize s\u00fcrekli olarak bunlar\u0131 hat\u0131rlat\u0131n.<\/p>\n<p><img loading=\"lazy\" decoding=\"async\" class=\"alignnone wp-image-8545\" src=\"https:\/\/julesverne.com.tr\/wp-content\/uploads\/2021\/05\/sukretmek_shutterstock_1564066336-500x282.jpg\" alt=\"\" width=\"1200\" height=\"676\" srcset=\"https:\/\/julesverne.com.tr\/wp-content\/uploads\/2021\/05\/sukretmek_shutterstock_1564066336-500x282.jpg 500w, https:\/\/julesverne.com.tr\/wp-content\/uploads\/2021\/05\/sukretmek_shutterstock_1564066336-768x432.jpg 768w, https:\/\/julesverne.com.tr\/wp-content\/uploads\/2021\/05\/sukretmek_shutterstock_1564066336-400x225.jpg 400w, https:\/\/julesverne.com.tr\/wp-content\/uploads\/2021\/05\/sukretmek_shutterstock_1564066336.jpg 1000w\" sizes=\"(max-width: 1200px) 100vw, 1200px\" \/><\/p>\n<p><strong>\u015e\u00fckredin!<\/strong><\/p>\n<p>Sahip oldu\u011funuz ve yolunuza \u00e7\u0131kmas\u0131n\u0131 istedi\u011finiz her \u015fey i\u00e7in \u015f\u00fckredin. Unutmay\u0131n ki tezah\u00fcr s\u00fcrecinin en \u00f6nemli par\u00e7as\u0131 istedi\u011fimiz \u015fey i\u00e7in ona sahip olmadan \u00f6nce \u015f\u00fckran duymakta sakl\u0131.<\/p>\n<p><img loading=\"lazy\" decoding=\"async\" class=\"alignnone wp-image-8547\" src=\"https:\/\/julesverne.com.tr\/wp-content\/uploads\/2021\/05\/acik-hava_-kadin_shutterstock_1016897449-500x334.jpg\" alt=\"\" width=\"1200\" height=\"802\" srcset=\"https:\/\/julesverne.com.tr\/wp-content\/uploads\/2021\/05\/acik-hava_-kadin_shutterstock_1016897449-500x334.jpg 500w, https:\/\/julesverne.com.tr\/wp-content\/uploads\/2021\/05\/acik-hava_-kadin_shutterstock_1016897449-768x513.jpg 768w, https:\/\/julesverne.com.tr\/wp-content\/uploads\/2021\/05\/acik-hava_-kadin_shutterstock_1016897449.jpg 1000w\" sizes=\"(max-width: 1200px) 100vw, 1200px\" \/><\/p>\n<p><strong>Do\u011fada Zaman Ge\u00e7irin!<\/strong><\/p>\n<p>Do\u011fada, g\u00fcne\u015f \u0131\u015f\u0131nlar\u0131n\u0131 y\u00fcz\u00fcn\u00fczde hissederek ve tamamen \u0131\u015f\u0131kta durarak zaman ge\u00e7irdi\u011finizden emin olun.<\/p>\n<p><img loading=\"lazy\" decoding=\"async\" class=\"alignnone wp-image-8546\" src=\"https:\/\/julesverne.com.tr\/wp-content\/uploads\/2021\/05\/meditation_shutterstock_413879989-500x334.jpg\" alt=\"\" width=\"1200\" height=\"800\" srcset=\"https:\/\/julesverne.com.tr\/wp-content\/uploads\/2021\/05\/meditation_shutterstock_413879989-500x334.jpg 500w, https:\/\/julesverne.com.tr\/wp-content\/uploads\/2021\/05\/meditation_shutterstock_413879989-768x512.jpg 768w, https:\/\/julesverne.com.tr\/wp-content\/uploads\/2021\/05\/meditation_shutterstock_413879989.jpg 1000w\" sizes=\"(max-width: 1200px) 100vw, 1200px\" \/><\/p>\n<p><strong>Yeni G\u00fcn\u00fc Meditasyon Yaparak Kar\u015f\u0131lay\u0131n!<\/strong><\/p>\n<p>Do\u011fa \u015f\u00fcphesiz de\u011fi\u015fkenli\u011fi ve \u00e7e\u015fitlili\u011fi ile herkesin en iyi ruhsal rehberidir. Bu nedenle meditasyon, do\u011fa ana ile ba\u011flant\u0131 kurmam\u0131z i\u00e7in gereken t\u00fcm haz\u0131rl\u0131klar\u0131 sa\u011flarken, ya\u015fan\u0131lan her an\u0131n farkl\u0131 boyutlar\u0131na kap\u0131 a\u00e7arak, do\u011fan\u0131n g\u00fczelliklerine te\u015fekk\u00fcr etmemize de yard\u0131mc\u0131 olacakt\u0131r. G\u00fcne\u015f do\u011farken meditasyon ve yoga yap\u0131n, G\u00fcne\u015f enerjisini al\u0131n! D\u0131\u015fa d\u00f6n\u00fck olma enerjisi ta\u015f\u0131yan her aktivite bize maksimum fayda sa\u011flar, g\u00fcne\u015fin muazzam g\u00fcc\u00fcnden faydalan\u0131n, ve ona uyumlan\u0131n.<\/p>\n<p><img loading=\"lazy\" decoding=\"async\" class=\"alignnone wp-image-8548\" src=\"https:\/\/julesverne.com.tr\/wp-content\/uploads\/2021\/05\/yoga_shutterstock_709089760-500x334.jpg\" alt=\"\" width=\"1200\" height=\"800\" srcset=\"https:\/\/julesverne.com.tr\/wp-content\/uploads\/2021\/05\/yoga_shutterstock_709089760-500x334.jpg 500w, https:\/\/julesverne.com.tr\/wp-content\/uploads\/2021\/05\/yoga_shutterstock_709089760-768x512.jpg 768w, https:\/\/julesverne.com.tr\/wp-content\/uploads\/2021\/05\/yoga_shutterstock_709089760.jpg 1000w\" sizes=\"(max-width: 1200px) 100vw, 1200px\" \/><\/p>\n<p><strong>Yoga Yap\u0131n!<\/strong><\/p>\n<p>Do\u011fan\u0131n bu muhte\u015fem de\u011fi\u015fimine ve e\u015fsiz g\u00fczelli\u011fine daha b\u00fcy\u00fck bir anlam katmak i\u00e7in yoga yap\u0131n! Yoga, Hindistan&#8217;\u0131n kadim geleneklerinin insanl\u0131\u011fa arma\u011fan\u0131d\u0131r.\u00a0 Zihnin ve bedenin birli\u011finin; d\u00fc\u015f\u00fcnce ve hareket birli\u011finin; insanl\u0131k ve do\u011fa uyumunun v\u00fccut buldu\u011fu sa\u011fl\u0131k ve iyilik halini getiren kutsal bir yakla\u015f\u0131md\u0131r. Yoga sadece egzersiz yapmakla alakal\u0131 de\u011fildir; do\u011fayla, d\u00fcnyayla ve kendinizle bir olmay\u0131 ke\u015ffetmenizi sa\u011flayan bir \u00f6\u011fretidir.<\/p>\n<p>D\u00fcnya ve G\u00fcne\u015fin yolculu\u011funa uyum sa\u011flarken Yaz G\u00fcnd\u00f6n\u00fcm\u00fcnde bu rit\u00fcelleri uygulay\u0131n ve i\u00e7inizdeki \u0131\u015f\u0131\u011f\u0131 besledi\u011finizi hissedin.<\/p>\n<h2><strong>Ya da t\u00fcm bu rit\u00fcelleri bir arada deneyimleyebilece\u011finiz, T\u00fcrkiye\u2019nin sakl\u0131 cenneti \u0130\u011fneada Longoz Ormanlar\u0131\u2019nda ger\u00e7ekle\u015ftirece\u011fimiz <a href=\"https:\/\/julesverne.com.tr\/gezi\/jules-verne-ozel-gezileri\/igneada-longoz-ormanlarinda-ayurvedik-butunsel-yoga-kampi\/\">Ayurvedik B\u00fct\u00fcnsel Yoga Kamp\u0131<\/a>\u2019na kat\u0131l\u0131n!<\/strong><\/h2>\n<p><img loading=\"lazy\" decoding=\"async\" class=\"alignnone wp-image-8081\" src=\"https:\/\/julesverne.com.tr\/wp-content\/uploads\/2021\/04\/yoga_shutterstock_1528890401-1-500x326.jpg\" alt=\"\" width=\"1200\" height=\"781\" srcset=\"https:\/\/julesverne.com.tr\/wp-content\/uploads\/2021\/04\/yoga_shutterstock_1528890401-1-500x326.jpg 500w, https:\/\/julesverne.com.tr\/wp-content\/uploads\/2021\/04\/yoga_shutterstock_1528890401-1-768x500.jpg 768w, https:\/\/julesverne.com.tr\/wp-content\/uploads\/2021\/04\/yoga_shutterstock_1528890401-1.jpg 1000w\" sizes=\"(max-width: 1200px) 100vw, 1200px\" \/><\/p>\n<h2 class=\"travel-title-area\"><a href=\"https:\/\/julesverne.com.tr\/gezi\/jules-verne-ozel-gezileri\/igneada-longoz-ormanlarinda-ayurvedik-butunsel-yoga-kampi\/\">\u0130\u011fneada Longoz Ormanlar\u0131\u2019nda Ayurvedik B\u00fct\u00fcnsel Yoga Kamp\u0131 | 21 &#8211; 23 Haziran 2021<\/a><\/h2>\n<div class=\"travel-excerpt\">\n<p>Yaz g\u00fcnd\u00f6n\u00fcm\u00fc ve D\u00fcnya Yoga G\u00fcn\u00fc&#8217; olan<strong> 21 Haziran<\/strong>&#8216;da i\u00e7imizdeki \u0131\u015f\u0131\u011f\u0131 ke\u015ffedip, ile yenilenmek, ar\u0131nmak ve \u015fifalanmak i\u00e7in <a href=\"https:\/\/ongcenter.com\/\">ONG CENTER<\/a> ile Dilara Moran ve Sedef I\u015f\u0131ksel rehberli\u011finde, T\u00fcrkiye\u2019nin sakl\u0131 cenneti <strong>Longoz Ormanlar\u0131<\/strong>\u2019na gidiyoruz! Muhte\u015fem bir \u201cGlamping\u201d deneyimi ile birlikte g\u00fcnl\u00fck yoga pratikleri, meditasyon seanslar\u0131, nefes \u00e7al\u0131\u015fmalar\u0131, Ayurveda temel bilgiler ve \u00e7akra at\u00f6lye \u00e7al\u0131\u015fmalar\u0131, Mindfull do\u011fa y\u00fcr\u00fcy\u00fc\u015fleri ile yeni bir ya\u015fam bi\u00e7imini deneyimleyecek, yenilecek ve \u015fifalanaca\u011f\u0131z. Yerinizi \u015fimdiden ay\u0131rtman\u0131z\u0131 \u00f6neririz.<\/p>\n<\/div>\n<p style=\"text-align: center;\"><strong>Detayl\u0131 Bilgi ve Rezervasyon:<\/strong><\/p>\n<p style=\"text-align: center;\"><strong><a href=\"mailto:Travel@julesverne.com.tr\">Travel@julesverne.com.tr<\/a>\u00a0<\/strong><\/p>\n","protected":false},"excerpt":{"rendered":"<p>G\u00fcne\u015f gibi bizim de besleme ve s\u00fcrd\u00fcrme g\u00fcc\u00fcne sahip oldu\u011fumuzu \u00a0ve elimizden geldi\u011fince parlak bir \u015fekilde \u0131\u015f\u0131ldama sorumlulu\u011fumuz oldu\u011funu hat\u0131rlama zaman\u0131! G\u00fcne\u015fin d\u00f6ng\u00fcs\u00fc, ya\u015fam\u0131m\u0131z\u0131n d\u00f6ng\u00fcs\u00fcn\u00fc temsil eder. Bolluk ve do\u011furganl\u0131\u011f\u0131n g\u00fcn\u00fc olarak kabul edilen 21 Haziran yaz g\u00fcnd\u00f6n\u00fcm\u00fc \u00a0bize G\u00fcne\u015f&#8217;in besleyici \u0131\u015f\u0131\u011f\u0131n\u0131 ve her birimizin i\u00e7inde olan \u0131\u015f\u0131\u011f\u0131 kutlamam\u0131z\u0131, i\u00e7e d\u00f6nmemizi, b\u00fcy\u00fcmek ve geli\u015fmek i\u00e7in [&hellip;]<\/p>\n","protected":false},"author":5,"featured_media":8540,"comment_status":"closed","ping_status":"closed","sticky":false,"template":"","format":"standard","meta":{"inline_featured_image":false,"footnotes":""},"categories":[1],"tags":[127],"acf":[],"yoast_head":"<!-- This site is optimized with the Yoast SEO plugin v22.3 - https:\/\/yoast.com\/wordpress\/plugins\/seo\/ -->\n<title>Yaz G\u00fcnd\u00f6n\u00fcm\u00fc Rit\u00fcelleri \u0130le \u0130\u00e7inizdeki I\u015f\u0131\u011f\u0131 Ke\u015ffedin! - JULES VERNE BUSINESS MICE TRAVEL<\/title>\n<meta name=\"description\" content=\"Yaz G\u00fcnd\u00f6n\u00fcm\u00fc Rit\u00fcelleri \u0130le \u0130\u00e7inizdeki I\u015f\u0131\u011f\u0131 Ke\u015ffedin! Hayat\u0131n size getirdikleri kar\u015f\u0131s\u0131nda t\u0131pk\u0131 bir g\u00fcne\u015f gibi y\u00fckselerek, i\u00e7inizdeki \u0131\u015f\u0131\u011f\u0131n sesine kulak verin ve parlay\u0131n!\" \/>\n<meta name=\"robots\" content=\"index, follow, max-snippet:-1, max-image-preview:large, max-video-preview:-1\" \/>\n<link rel=\"canonical\" href=\"https:\/\/julesverne.com.tr\/travel-blog\/yaz-gundonumu-rituelleri-ile-icinizdeki-isigi-kesfedin\/\" \/>\n<meta property=\"og:locale\" content=\"en_US\" \/>\n<meta property=\"og:type\" content=\"article\" \/>\n<meta property=\"og:title\" content=\"Yaz G\u00fcnd\u00f6n\u00fcm\u00fc Rit\u00fcelleri \u0130le \u0130\u00e7inizdeki I\u015f\u0131\u011f\u0131 Ke\u015ffedin! - JULES VERNE BUSINESS MICE TRAVEL\" \/>\n<meta property=\"og:description\" content=\"Yaz G\u00fcnd\u00f6n\u00fcm\u00fc Rit\u00fcelleri \u0130le \u0130\u00e7inizdeki I\u015f\u0131\u011f\u0131 Ke\u015ffedin! Hayat\u0131n size getirdikleri kar\u015f\u0131s\u0131nda t\u0131pk\u0131 bir g\u00fcne\u015f gibi y\u00fckselerek, i\u00e7inizdeki \u0131\u015f\u0131\u011f\u0131n sesine kulak verin ve parlay\u0131n!\" \/>\n<meta property=\"og:url\" content=\"https:\/\/julesverne.com.tr\/travel-blog\/yaz-gundonumu-rituelleri-ile-icinizdeki-isigi-kesfedin\/\" \/>\n<meta property=\"og:site_name\" content=\"JULES VERNE BUSINESS MICE TRAVEL\" \/>\n<meta property=\"article:publisher\" content=\"https:\/\/www.facebook.com\/JulesVerneBusinessMiceTravel\/\" \/>\n<meta property=\"article:published_time\" content=\"2021-05-25T10:21:58+00:00\" \/>\n<meta property=\"og:image\" content=\"https:\/\/julesverne.com.tr\/wp-content\/uploads\/2021\/05\/sun_woman_shutterstock_1049949365.jpg\" \/>\n\t<meta property=\"og:image:width\" content=\"1000\" \/>\n\t<meta property=\"og:image:height\" content=\"667\" \/>\n\t<meta property=\"og:image:type\" content=\"image\/jpeg\" \/>\n<meta name=\"author\" content=\"senem.ekermen\" \/>\n<meta name=\"twitter:card\" content=\"summary_large_image\" \/>\n<meta name=\"twitter:creator\" content=\"@JV_BusinessMice\" \/>\n<meta name=\"twitter:site\" content=\"@JV_BusinessMice\" \/>\n<meta name=\"twitter:label1\" content=\"Written by\" \/>\n\t<meta name=\"twitter:data1\" content=\"senem.ekermen\" \/>\n\t<meta name=\"twitter:label2\" content=\"Est. reading time\" \/>\n\t<meta name=\"twitter:data2\" content=\"4 minutes\" \/>\n<script type=\"application\/ld+json\" class=\"yoast-schema-graph\">{\"@context\":\"https:\/\/schema.org\",\"@graph\":[{\"@type\":\"Article\",\"@id\":\"https:\/\/julesverne.com.tr\/travel-blog\/yaz-gundonumu-rituelleri-ile-icinizdeki-isigi-kesfedin\/#article\",\"isPartOf\":{\"@id\":\"https:\/\/julesverne.com.tr\/travel-blog\/yaz-gundonumu-rituelleri-ile-icinizdeki-isigi-kesfedin\/\"},\"author\":{\"name\":\"senem.ekermen\",\"@id\":\"https:\/\/julesverne.com.tr\/#\/schema\/person\/b27d0a74a740ecb2ffc838c934d95797\"},\"headline\":\"Yaz G\u00fcnd\u00f6n\u00fcm\u00fc Rit\u00fcelleri \u0130le \u0130\u00e7inizdeki I\u015f\u0131\u011f\u0131 Ke\u015ffedin!\",\"datePublished\":\"2021-05-25T10:21:58+00:00\",\"dateModified\":\"2021-05-25T10:21:58+00:00\",\"mainEntityOfPage\":{\"@id\":\"https:\/\/julesverne.com.tr\/travel-blog\/yaz-gundonumu-rituelleri-ile-icinizdeki-isigi-kesfedin\/\"},\"wordCount\":837,\"publisher\":{\"@id\":\"https:\/\/julesverne.com.tr\/#organization\"},\"image\":{\"@id\":\"https:\/\/julesverne.com.tr\/travel-blog\/yaz-gundonumu-rituelleri-ile-icinizdeki-isigi-kesfedin\/#primaryimage\"},\"thumbnailUrl\":\"https:\/\/julesverne.com.tr\/wp-content\/uploads\/2021\/05\/sun_woman_shutterstock_1049949365.jpg\",\"keywords\":[\"21 Haziran Rit\u00fcelleri\"],\"articleSection\":[\"Blog\"],\"inLanguage\":\"en-US\"},{\"@type\":\"WebPage\",\"@id\":\"https:\/\/julesverne.com.tr\/travel-blog\/yaz-gundonumu-rituelleri-ile-icinizdeki-isigi-kesfedin\/\",\"url\":\"https:\/\/julesverne.com.tr\/travel-blog\/yaz-gundonumu-rituelleri-ile-icinizdeki-isigi-kesfedin\/\",\"name\":\"Yaz G\u00fcnd\u00f6n\u00fcm\u00fc Rit\u00fcelleri \u0130le \u0130\u00e7inizdeki I\u015f\u0131\u011f\u0131 Ke\u015ffedin! - JULES VERNE BUSINESS MICE TRAVEL\",\"isPartOf\":{\"@id\":\"https:\/\/julesverne.com.tr\/#website\"},\"primaryImageOfPage\":{\"@id\":\"https:\/\/julesverne.com.tr\/travel-blog\/yaz-gundonumu-rituelleri-ile-icinizdeki-isigi-kesfedin\/#primaryimage\"},\"image\":{\"@id\":\"https:\/\/julesverne.com.tr\/travel-blog\/yaz-gundonumu-rituelleri-ile-icinizdeki-isigi-kesfedin\/#primaryimage\"},\"thumbnailUrl\":\"https:\/\/julesverne.com.tr\/wp-content\/uploads\/2021\/05\/sun_woman_shutterstock_1049949365.jpg\",\"datePublished\":\"2021-05-25T10:21:58+00:00\",\"dateModified\":\"2021-05-25T10:21:58+00:00\",\"description\":\"Yaz G\u00fcnd\u00f6n\u00fcm\u00fc Rit\u00fcelleri \u0130le \u0130\u00e7inizdeki I\u015f\u0131\u011f\u0131 Ke\u015ffedin! Hayat\u0131n size getirdikleri kar\u015f\u0131s\u0131nda t\u0131pk\u0131 bir g\u00fcne\u015f gibi y\u00fckselerek, i\u00e7inizdeki \u0131\u015f\u0131\u011f\u0131n sesine kulak verin ve parlay\u0131n!\",\"breadcrumb\":{\"@id\":\"https:\/\/julesverne.com.tr\/travel-blog\/yaz-gundonumu-rituelleri-ile-icinizdeki-isigi-kesfedin\/#breadcrumb\"},\"inLanguage\":\"en-US\",\"potentialAction\":[{\"@type\":\"ReadAction\",\"target\":[\"https:\/\/julesverne.com.tr\/travel-blog\/yaz-gundonumu-rituelleri-ile-icinizdeki-isigi-kesfedin\/\"]}]},{\"@type\":\"ImageObject\",\"inLanguage\":\"en-US\",\"@id\":\"https:\/\/julesverne.com.tr\/travel-blog\/yaz-gundonumu-rituelleri-ile-icinizdeki-isigi-kesfedin\/#primaryimage\",\"url\":\"https:\/\/julesverne.com.tr\/wp-content\/uploads\/2021\/05\/sun_woman_shutterstock_1049949365.jpg\",\"contentUrl\":\"https:\/\/julesverne.com.tr\/wp-content\/uploads\/2021\/05\/sun_woman_shutterstock_1049949365.jpg\",\"width\":1000,\"height\":667},{\"@type\":\"BreadcrumbList\",\"@id\":\"https:\/\/julesverne.com.tr\/travel-blog\/yaz-gundonumu-rituelleri-ile-icinizdeki-isigi-kesfedin\/#breadcrumb\",\"itemListElement\":[{\"@type\":\"ListItem\",\"position\":1,\"name\":\"Anasayfa\",\"item\":\"https:\/\/julesverne.com.tr\/\"},{\"@type\":\"ListItem\",\"position\":2,\"name\":\"Yaz G\u00fcnd\u00f6n\u00fcm\u00fc Rit\u00fcelleri \u0130le \u0130\u00e7inizdeki I\u015f\u0131\u011f\u0131 Ke\u015ffedin!\"}]},{\"@type\":\"WebSite\",\"@id\":\"https:\/\/julesverne.com.tr\/#website\",\"url\":\"https:\/\/julesverne.com.tr\/\",\"name\":\"JULES VERNE BUSINESS MICE TRAVEL\",\"description\":\"\",\"publisher\":{\"@id\":\"https:\/\/julesverne.com.tr\/#organization\"},\"potentialAction\":[{\"@type\":\"SearchAction\",\"target\":{\"@type\":\"EntryPoint\",\"urlTemplate\":\"https:\/\/julesverne.com.tr\/?s={search_term_string}\"},\"query-input\":\"required name=search_term_string\"}],\"inLanguage\":\"en-US\"},{\"@type\":\"Organization\",\"@id\":\"https:\/\/julesverne.com.tr\/#organization\",\"name\":\"JULES VERNE BUSINESS MICE TRAVEL\",\"url\":\"https:\/\/julesverne.com.tr\/\",\"logo\":{\"@type\":\"ImageObject\",\"inLanguage\":\"en-US\",\"@id\":\"https:\/\/julesverne.com.tr\/#\/schema\/logo\/image\/\",\"url\":\"https:\/\/julesverne.com.tr\/wp-content\/uploads\/2020\/09\/jv-bmt-logo.png\",\"contentUrl\":\"https:\/\/julesverne.com.tr\/wp-content\/uploads\/2020\/09\/jv-bmt-logo.png\",\"width\":110,\"height\":81,\"caption\":\"JULES VERNE BUSINESS MICE TRAVEL\"},\"image\":{\"@id\":\"https:\/\/julesverne.com.tr\/#\/schema\/logo\/image\/\"},\"sameAs\":[\"https:\/\/www.facebook.com\/JulesVerneBusinessMiceTravel\/\",\"https:\/\/twitter.com\/JV_BusinessMice\",\"https:\/\/www.instagram.com\/julesvernebusinessmicetravel\/\",\"https:\/\/www.linkedin.com\/company\/julesvernebusinessmicetravel\/\",\"https:\/\/www.youtube.com\/channel\/UCAwdsmbZ6tFhu1tea6pkpiw\"]},{\"@type\":\"Person\",\"@id\":\"https:\/\/julesverne.com.tr\/#\/schema\/person\/b27d0a74a740ecb2ffc838c934d95797\",\"name\":\"senem.ekermen\",\"url\":\"https:\/\/julesverne.com.tr\/en\/author\/senem-ekermen\/\"}]}<\/script>\n<!-- \/ Yoast SEO plugin. -->","yoast_head_json":{"title":"Yaz G\u00fcnd\u00f6n\u00fcm\u00fc Rit\u00fcelleri \u0130le \u0130\u00e7inizdeki I\u015f\u0131\u011f\u0131 Ke\u015ffedin! - JULES VERNE BUSINESS MICE TRAVEL","description":"Yaz G\u00fcnd\u00f6n\u00fcm\u00fc Rit\u00fcelleri \u0130le \u0130\u00e7inizdeki I\u015f\u0131\u011f\u0131 Ke\u015ffedin! Hayat\u0131n size getirdikleri kar\u015f\u0131s\u0131nda t\u0131pk\u0131 bir g\u00fcne\u015f gibi y\u00fckselerek, i\u00e7inizdeki \u0131\u015f\u0131\u011f\u0131n sesine kulak verin ve parlay\u0131n!","robots":{"index":"index","follow":"follow","max-snippet":"max-snippet:-1","max-image-preview":"max-image-preview:large","max-video-preview":"max-video-preview:-1"},"canonical":"https:\/\/julesverne.com.tr\/travel-blog\/yaz-gundonumu-rituelleri-ile-icinizdeki-isigi-kesfedin\/","og_locale":"en_US","og_type":"article","og_title":"Yaz G\u00fcnd\u00f6n\u00fcm\u00fc Rit\u00fcelleri \u0130le \u0130\u00e7inizdeki I\u015f\u0131\u011f\u0131 Ke\u015ffedin! - JULES VERNE BUSINESS MICE TRAVEL","og_description":"Yaz G\u00fcnd\u00f6n\u00fcm\u00fc Rit\u00fcelleri \u0130le \u0130\u00e7inizdeki I\u015f\u0131\u011f\u0131 Ke\u015ffedin! Hayat\u0131n size getirdikleri kar\u015f\u0131s\u0131nda t\u0131pk\u0131 bir g\u00fcne\u015f gibi y\u00fckselerek, i\u00e7inizdeki \u0131\u015f\u0131\u011f\u0131n sesine kulak verin ve parlay\u0131n!","og_url":"https:\/\/julesverne.com.tr\/travel-blog\/yaz-gundonumu-rituelleri-ile-icinizdeki-isigi-kesfedin\/","og_site_name":"JULES VERNE BUSINESS MICE TRAVEL","article_publisher":"https:\/\/www.facebook.com\/JulesVerneBusinessMiceTravel\/","article_published_time":"2021-05-25T10:21:58+00:00","og_image":[{"width":1000,"height":667,"url":"https:\/\/julesverne.com.tr\/wp-content\/uploads\/2021\/05\/sun_woman_shutterstock_1049949365.jpg","type":"image\/jpeg"}],"author":"senem.ekermen","twitter_card":"summary_large_image","twitter_creator":"@JV_BusinessMice","twitter_site":"@JV_BusinessMice","twitter_misc":{"Written by":"senem.ekermen","Est. reading time":"4 minutes"},"schema":{"@context":"https:\/\/schema.org","@graph":[{"@type":"Article","@id":"https:\/\/julesverne.com.tr\/travel-blog\/yaz-gundonumu-rituelleri-ile-icinizdeki-isigi-kesfedin\/#article","isPartOf":{"@id":"https:\/\/julesverne.com.tr\/travel-blog\/yaz-gundonumu-rituelleri-ile-icinizdeki-isigi-kesfedin\/"},"author":{"name":"senem.ekermen","@id":"https:\/\/julesverne.com.tr\/#\/schema\/person\/b27d0a74a740ecb2ffc838c934d95797"},"headline":"Yaz G\u00fcnd\u00f6n\u00fcm\u00fc Rit\u00fcelleri \u0130le \u0130\u00e7inizdeki I\u015f\u0131\u011f\u0131 Ke\u015ffedin!","datePublished":"2021-05-25T10:21:58+00:00","dateModified":"2021-05-25T10:21:58+00:00","mainEntityOfPage":{"@id":"https:\/\/julesverne.com.tr\/travel-blog\/yaz-gundonumu-rituelleri-ile-icinizdeki-isigi-kesfedin\/"},"wordCount":837,"publisher":{"@id":"https:\/\/julesverne.com.tr\/#organization"},"image":{"@id":"https:\/\/julesverne.com.tr\/travel-blog\/yaz-gundonumu-rituelleri-ile-icinizdeki-isigi-kesfedin\/#primaryimage"},"thumbnailUrl":"https:\/\/julesverne.com.tr\/wp-content\/uploads\/2021\/05\/sun_woman_shutterstock_1049949365.jpg","keywords":["21 Haziran Rit\u00fcelleri"],"articleSection":["Blog"],"inLanguage":"en-US"},{"@type":"WebPage","@id":"https:\/\/julesverne.com.tr\/travel-blog\/yaz-gundonumu-rituelleri-ile-icinizdeki-isigi-kesfedin\/","url":"https:\/\/julesverne.com.tr\/travel-blog\/yaz-gundonumu-rituelleri-ile-icinizdeki-isigi-kesfedin\/","name":"Yaz G\u00fcnd\u00f6n\u00fcm\u00fc Rit\u00fcelleri \u0130le \u0130\u00e7inizdeki I\u015f\u0131\u011f\u0131 Ke\u015ffedin! - JULES VERNE BUSINESS MICE TRAVEL","isPartOf":{"@id":"https:\/\/julesverne.com.tr\/#website"},"primaryImageOfPage":{"@id":"https:\/\/julesverne.com.tr\/travel-blog\/yaz-gundonumu-rituelleri-ile-icinizdeki-isigi-kesfedin\/#primaryimage"},"image":{"@id":"https:\/\/julesverne.com.tr\/travel-blog\/yaz-gundonumu-rituelleri-ile-icinizdeki-isigi-kesfedin\/#primaryimage"},"thumbnailUrl":"https:\/\/julesverne.com.tr\/wp-content\/uploads\/2021\/05\/sun_woman_shutterstock_1049949365.jpg","datePublished":"2021-05-25T10:21:58+00:00","dateModified":"2021-05-25T10:21:58+00:00","description":"Yaz G\u00fcnd\u00f6n\u00fcm\u00fc Rit\u00fcelleri \u0130le \u0130\u00e7inizdeki I\u015f\u0131\u011f\u0131 Ke\u015ffedin! Hayat\u0131n size getirdikleri kar\u015f\u0131s\u0131nda t\u0131pk\u0131 bir g\u00fcne\u015f gibi y\u00fckselerek, i\u00e7inizdeki \u0131\u015f\u0131\u011f\u0131n sesine kulak verin ve parlay\u0131n!","breadcrumb":{"@id":"https:\/\/julesverne.com.tr\/travel-blog\/yaz-gundonumu-rituelleri-ile-icinizdeki-isigi-kesfedin\/#breadcrumb"},"inLanguage":"en-US","potentialAction":[{"@type":"ReadAction","target":["https:\/\/julesverne.com.tr\/travel-blog\/yaz-gundonumu-rituelleri-ile-icinizdeki-isigi-kesfedin\/"]}]},{"@type":"ImageObject","inLanguage":"en-US","@id":"https:\/\/julesverne.com.tr\/travel-blog\/yaz-gundonumu-rituelleri-ile-icinizdeki-isigi-kesfedin\/#primaryimage","url":"https:\/\/julesverne.com.tr\/wp-content\/uploads\/2021\/05\/sun_woman_shutterstock_1049949365.jpg","contentUrl":"https:\/\/julesverne.com.tr\/wp-content\/uploads\/2021\/05\/sun_woman_shutterstock_1049949365.jpg","width":1000,"height":667},{"@type":"BreadcrumbList","@id":"https:\/\/julesverne.com.tr\/travel-blog\/yaz-gundonumu-rituelleri-ile-icinizdeki-isigi-kesfedin\/#breadcrumb","itemListElement":[{"@type":"ListItem","position":1,"name":"Anasayfa","item":"https:\/\/julesverne.com.tr\/"},{"@type":"ListItem","position":2,"name":"Yaz G\u00fcnd\u00f6n\u00fcm\u00fc Rit\u00fcelleri \u0130le \u0130\u00e7inizdeki I\u015f\u0131\u011f\u0131 Ke\u015ffedin!"}]},{"@type":"WebSite","@id":"https:\/\/julesverne.com.tr\/#website","url":"https:\/\/julesverne.com.tr\/","name":"JULES VERNE BUSINESS MICE TRAVEL","description":"","publisher":{"@id":"https:\/\/julesverne.com.tr\/#organization"},"potentialAction":[{"@type":"SearchAction","target":{"@type":"EntryPoint","urlTemplate":"https:\/\/julesverne.com.tr\/?s={search_term_string}"},"query-input":"required name=search_term_string"}],"inLanguage":"en-US"},{"@type":"Organization","@id":"https:\/\/julesverne.com.tr\/#organization","name":"JULES VERNE BUSINESS MICE TRAVEL","url":"https:\/\/julesverne.com.tr\/","logo":{"@type":"ImageObject","inLanguage":"en-US","@id":"https:\/\/julesverne.com.tr\/#\/schema\/logo\/image\/","url":"https:\/\/julesverne.com.tr\/wp-content\/uploads\/2020\/09\/jv-bmt-logo.png","contentUrl":"https:\/\/julesverne.com.tr\/wp-content\/uploads\/2020\/09\/jv-bmt-logo.png","width":110,"height":81,"caption":"JULES VERNE BUSINESS MICE TRAVEL"},"image":{"@id":"https:\/\/julesverne.com.tr\/#\/schema\/logo\/image\/"},"sameAs":["https:\/\/www.facebook.com\/JulesVerneBusinessMiceTravel\/","https:\/\/twitter.com\/JV_BusinessMice","https:\/\/www.instagram.com\/julesvernebusinessmicetravel\/","https:\/\/www.linkedin.com\/company\/julesvernebusinessmicetravel\/","https:\/\/www.youtube.com\/channel\/UCAwdsmbZ6tFhu1tea6pkpiw"]},{"@type":"Person","@id":"https:\/\/julesverne.com.tr\/#\/schema\/person\/b27d0a74a740ecb2ffc838c934d95797","name":"senem.ekermen","url":"https:\/\/julesverne.com.tr\/en\/author\/senem-ekermen\/"}]}},"_links":{"self":[{"href":"https:\/\/julesverne.com.tr\/en\/wp-json\/wp\/v2\/posts\/8536"}],"collection":[{"href":"https:\/\/julesverne.com.tr\/en\/wp-json\/wp\/v2\/posts"}],"about":[{"href":"https:\/\/julesverne.com.tr\/en\/wp-json\/wp\/v2\/types\/post"}],"author":[{"embeddable":true,"href":"https:\/\/julesverne.com.tr\/en\/wp-json\/wp\/v2\/users\/5"}],"replies":[{"embeddable":true,"href":"https:\/\/julesverne.com.tr\/en\/wp-json\/wp\/v2\/comments?post=8536"}],"version-history":[{"count":0,"href":"https:\/\/julesverne.com.tr\/en\/wp-json\/wp\/v2\/posts\/8536\/revisions"}],"wp:featuredmedia":[{"embeddable":true,"href":"https:\/\/julesverne.com.tr\/en\/wp-json\/wp\/v2\/media\/8540"}],"wp:attachment":[{"href":"https:\/\/julesverne.com.tr\/en\/wp-json\/wp\/v2\/media?parent=8536"}],"wp:term":[{"taxonomy":"category","embeddable":true,"href":"https:\/\/julesverne.com.tr\/en\/wp-json\/wp\/v2\/categories?post=8536"},{"taxonomy":"post_tag","embeddable":true,"href":"https:\/\/julesverne.com.tr\/en\/wp-json\/wp\/v2\/tags?post=8536"}],"curies":[{"name":"wp","href":"https:\/\/api.w.org\/{rel}","templated":true}]}}