{"id":8440,"date":"2021-05-11T17:53:03","date_gmt":"2021-05-11T14:53:03","guid":{"rendered":"https:\/\/julesverne.com.tr\/?p=8440"},"modified":"2021-05-12T09:42:11","modified_gmt":"2021-05-12T06:42:11","slug":"bayramda-canli-yayinlarimizi-kacirmayin-kenan-tamer-ile-ispartada-gul-hasadi-kate-clow-ile-likya-yolu","status":"publish","type":"post","link":"https:\/\/julesverne.com.tr\/en\/travel-blog\/bayramda-canli-yayinlarimizi-kacirmayin-kenan-tamer-ile-ispartada-gul-hasadi-kate-clow-ile-likya-yolu\/","title":{"rendered":"Bayramda Canl\u0131 Yay\u0131nlar\u0131m\u0131z\u0131 Ka\u00e7\u0131rmay\u0131n! Kenan Tamer ile Isparta\u2019da G\u00fcl Hasad\u0131, Kate Clow ile Likya Yolu"},"content":{"rendered":"<p><img loading=\"lazy\" decoding=\"async\" class=\"alignnone wp-image-8443\" src=\"https:\/\/julesverne.com.tr\/wp-content\/uploads\/2021\/05\/Canli-Yayinlar-Kapak-500x282.png\" alt=\"\" width=\"1200\" height=\"676\" srcset=\"https:\/\/julesverne.com.tr\/wp-content\/uploads\/2021\/05\/Canli-Yayinlar-Kapak-500x282.png 500w, https:\/\/julesverne.com.tr\/wp-content\/uploads\/2021\/05\/Canli-Yayinlar-Kapak-1280x721.png 1280w, https:\/\/julesverne.com.tr\/wp-content\/uploads\/2021\/05\/Canli-Yayinlar-Kapak-768x433.png 768w, https:\/\/julesverne.com.tr\/wp-content\/uploads\/2021\/05\/Canli-Yayinlar-Kapak-1536x865.png 1536w, https:\/\/julesverne.com.tr\/wp-content\/uploads\/2021\/05\/Canli-Yayinlar-Kapak-400x225.png 400w, https:\/\/julesverne.com.tr\/wp-content\/uploads\/2021\/05\/Canli-Yayinlar-Kapak.png 1600w\" sizes=\"(max-width: 1200px) 100vw, 1200px\" \/><\/p>\n<h2>Bayramda Canl\u0131 Yay\u0131nlar\u0131m\u0131z ile Isparta G\u00fcl Hasad\u0131 Rit\u00fcellerini ve Likya Yolu Y\u00fcr\u00fcy\u00fc\u015f Rotas\u0131n\u0131 Ke\u015ffetmeye Davetlisiniz!<\/h2>\n<p>Al\u0131\u015ft\u0131\u011f\u0131m\u0131z bayramlar\u0131 \u00f6zleyerek ge\u00e7irdi\u011fimiz bir bu\u00e7uk y\u0131l\u0131n ard\u0131ndan t\u00fcm d\u00fcnyay\u0131 etkisi alt\u0131na alan Koronavir\u00fcs (COVID-19) salg\u0131n\u0131 sebebiyle bu bayram da evlerimizdeyiz. \u00a0Hepimiz diledi\u011fimiz zaman diledi\u011fimiz yere yapt\u0131\u011f\u0131m\u0131z seyahatleri \u00f6zledik. D\u00fcnyan\u0131n elimizin alt\u0131nda, avucumuzun i\u00e7inde oldu\u011fu g\u00fcnleri \u00f6zledik. Ke\u015ffetme, gezme, g\u00f6rme arzumuz daha da artt\u0131. Ama evlerimizde olmam\u0131z ke\u015ffetmeye engel de\u011fil!<\/p>\n<p><strong>Haydi gelin &#8220;CANLI YAYIN&#8221;lar\u0131m\u0131zla ruhumuzu ve zihnimizi ayd\u0131nlatacak destinasyonlara yolculu\u011fa \u00e7\u0131kal\u0131m!<\/strong><\/p>\n<p><img loading=\"lazy\" decoding=\"async\" class=\"alignnone wp-image-7905\" src=\"https:\/\/julesverne.com.tr\/wp-content\/uploads\/2021\/03\/gulsha-2-500x334.jpg\" alt=\"\" width=\"1200\" height=\"801\" srcset=\"https:\/\/julesverne.com.tr\/wp-content\/uploads\/2021\/03\/gulsha-2-500x334.jpg 500w, https:\/\/julesverne.com.tr\/wp-content\/uploads\/2021\/03\/gulsha-2-1280x854.jpg 1280w, https:\/\/julesverne.com.tr\/wp-content\/uploads\/2021\/03\/gulsha-2-768x513.jpg 768w, https:\/\/julesverne.com.tr\/wp-content\/uploads\/2021\/03\/gulsha-2-1536x1025.jpg 1536w, https:\/\/julesverne.com.tr\/wp-content\/uploads\/2021\/03\/gulsha-2-2048x1367.jpg 2048w, https:\/\/julesverne.com.tr\/wp-content\/uploads\/2021\/03\/gulsha-2-scaled.jpg 1600w\" sizes=\"(max-width: 1200px) 100vw, 1200px\" \/><\/p>\n<h1><strong>Profesyonel Rehber Kenan Tamer ve G\u00dcLSHA markas\u0131n\u0131n yarat\u0131c\u0131s\u0131 G\u00fcl\u015fah G\u00fcrkan ile Isparta G\u00fcl Hasad\u0131 Rit\u00fcelleri<\/strong><\/h1>\n<h2><strong><u>14 May\u0131s Cuma Saat: 12.00<\/u><\/strong><\/h2>\n<p>G\u00f6ller B\u00f6lgesi\u2019nde konumlanan Isparta denince akl\u0131m\u0131za k\u00fclt\u00fcr\u00fc,\u00a0 tarihi zenginli\u011fi ve do\u011fal g\u00fczelliklerine ekledi\u011fi g\u00fcl ve lavanta bah\u00e7elerinin kokusu geliyor hemen! Yakla\u015f\u0131k 150 y\u0131l \u00f6nce, M\u00fcft\u00fczade \u0130smail Efendi\u2019nin bastonuna saklayarak getirdi\u011fi fidanlar bug\u00fcn \u00fclkemizden d\u00fcnyaya yay\u0131lan bir g\u00fczelli\u011fe d\u00f6n\u00fc\u015f\u00fcyor.\u00a0Bug\u00fcn d\u00fcnya g\u00fclya\u011f\u0131 \u00fcretiminin yakla\u015f\u0131k y\u00fczde 65&#8217;ini kar\u015f\u0131layan Isparta&#8217;da g\u00fcl hasad\u0131 hem \u00e7ok k\u0131ymetli hem de zahmetli. El eme\u011fi isteyen g\u00fcl hasad\u0131nda 4 ton g\u00fclden sadece 1 kilo ya\u011f \u00e7\u0131k\u0131yor. G\u00fcl diyar\u0131 Isparta\u2019da art\u0131k yeni bir turizm t\u00fcr\u00fc do\u011fmu\u015f durumda: G\u00fcl Hasad\u0131 Turizmi<\/p>\n<p><strong>Isparta\u2019n\u0131n kaderini de\u011fi\u015ftiren g\u00fcl bah\u00e7elerinde y\u0131lda bir kez ger\u00e7ekle\u015ftirilen g\u00fcl hasad\u0131 rit\u00fcellerini ve bu topraklar\u0131n keyifli hik\u00e2yesini konu\u015faca\u011f\u0131m\u0131z canl\u0131 yay\u0131n\u0131m\u0131za davetlisiniz!<\/strong><\/p>\n<p><strong><u>Kenan Tamer Hakk\u0131nda:<\/u><\/strong><\/p>\n<p>Bug\u00fcne kadar 100\u2019\u00fcn \u00fczerinde \u00fclke gezen; tarih, k\u00fclt\u00fcr, klasik &amp; modern sanat d\u00fc\u015fk\u00fcn\u00fc; edebiyat a\u015f\u0131\u011f\u0131 profesyonel turist rehberi Kenan Tamer T\u00fcrkiye ve yurt d\u0131\u015f\u0131nda 31 y\u0131ld\u0131r profesyonel rehberlik yap\u0131yor.\u00a0 T\u00fcrkiye\u2019yi ziyaret eden \u00fcnl\u00fclerin, ba\u015fbakan ve bakan seviyesinde politikac\u0131lar\u0131n, sanat duayenlerinin, \u00fcnl\u00fc i\u015f insanlar\u0131n\u0131n, arkeoloji derneklerinin, m\u00fcze gruplar\u0131n\u0131n rehberli\u011fini yap\u0131yor.<\/p>\n<p><strong><u>G\u00fcl\u015fah G\u00fcrkan Hakk\u0131nda:<\/u><\/strong><\/p>\n<p>\u00dc\u00e7 ku\u015fakt\u0131r d\u00fcnya parf\u00fcm devlerine g\u00fcl \u00f6zleri tedarik eden bir ailenin k\u0131z\u0131 olan, g\u00fcllerin i\u00e7ine do\u011fan G\u00dcLSHA markas\u0131n\u0131n yarat\u0131c\u0131s\u0131 G\u00fcl\u015fah G\u00fcrkan do\u011fdu\u011fu topraklardan bir ba\u015far\u0131 hikayesi yaratmak ve Isparta g\u00fcl\u00fcn\u00fc d\u00fcnyada markala\u015ft\u0131rmak i\u00e7in yola \u00e7\u0131km\u0131\u015f. 2019 y\u0131l\u0131nda \u201cY\u0131l\u0131n Kad\u0131n Giri\u015fimcisi\u201d se\u00e7ilen G\u00fcl\u015fah G\u00fcrkan g\u00fcl\u00fcn benzersiz faydalar\u0131 hakk\u0131nda edinilen tecr\u00fcbeyi, \u00f6zel bir cilt bak\u0131m serisine aktarma iste\u011fiyle do\u011fan \u201cG\u00dcLSHA\u201d markas\u0131 ile do\u011fal ve etkili \u00fcr\u00fcnlerini 10 \u00fclkede 1000 den fazla sat\u0131\u015f noktas\u0131nda kullan\u0131c\u0131lar\u0131 ile bulu\u015fturuyor.<\/p>\n<p><strong>14 May\u0131s Cuma G\u00fcn\u00fc Saat:12:00<\/strong>\u2019de ger\u00e7ekle\u015ftirece\u011fimiz <strong>\u201cIsparta\u2019da G\u00fcl Hasad\u0131 Rit\u00fcelleri\u201d<\/strong> canl\u0131 yay\u0131n\u0131m\u0131za\u00a0<a href=\"https:\/\/www.instagram.com\/JulesVerneTravel\/\">@JulesVerneTravel<\/a>\u00a0Instagram hesab\u0131 \u00fczerinden kat\u0131labilirsiniz.\u2060<\/p>\n<h1><a href=\"https:\/\/julesverne.com.tr\/gezi\/jules-verne-ozel-gezileri\/kenan-tamer-ile-ispartada-gul-hasadi-gezisi\/\"><strong>Kenan Tamer ile Isparta\u2019da, G\u00fclsha G\u00fcl Bah\u00e7eleri\u2019nde G\u00fcl Hasad\u0131 Gezisi<\/strong><\/a><\/h1>\n<p><strong>28 -30 May\u0131s 2021 <\/strong><\/p>\n<p><strong>Isparta \u2013 G\u00fclsha\u2019da G\u00fcl Hasad\u0131 \u2013 E\u011firdir \u2013 Burdur \u2013 Sagalassos Antik Kenti<\/strong><\/p>\n<p><img loading=\"lazy\" decoding=\"async\" class=\"alignnone wp-image-7904\" src=\"https:\/\/julesverne.com.tr\/wp-content\/uploads\/2021\/03\/gulsha-4-500x333.jpg\" alt=\"\" width=\"1200\" height=\"800\" srcset=\"https:\/\/julesverne.com.tr\/wp-content\/uploads\/2021\/03\/gulsha-4-500x333.jpg 500w, https:\/\/julesverne.com.tr\/wp-content\/uploads\/2021\/03\/gulsha-4-1280x853.jpg 1280w, https:\/\/julesverne.com.tr\/wp-content\/uploads\/2021\/03\/gulsha-4-768x512.jpg 768w, https:\/\/julesverne.com.tr\/wp-content\/uploads\/2021\/03\/gulsha-4-1536x1024.jpg 1536w, https:\/\/julesverne.com.tr\/wp-content\/uploads\/2021\/03\/gulsha-4-2048x1365.jpg 2048w, https:\/\/julesverne.com.tr\/wp-content\/uploads\/2021\/03\/gulsha-4-scaled.jpg 1600w\" sizes=\"(max-width: 1200px) 100vw, 1200px\" \/><\/p>\n<p>Isparta, E\u011firdir, Burdur, Sagalassos Antik Kenti rotas\u0131nda Isparta&#8217;n\u0131n kaderini de\u011fi\u015ftiren g\u00fcl bah\u00e7elerinde y\u0131lda bir kez ger\u00e7ekle\u015ftirilen g\u00fcl hasad\u0131 rit\u00fcellerine ortak olup bu topraklar\u0131n ruhuna dokunmaya gidiyoruz! \u201cG\u00fclsha\u201d G\u00fcl Bah\u00e7esi&#8217;nde bizler i\u00e7in \u00f6zel haz\u0131rlanan kahvalt\u0131, y\u00f6re halk\u0131n\u0131n deyimiyle \u201cG\u00fcl Sedirme\u201d (g\u00fcl bah\u00e7esinde g\u00fcl yapraklar\u0131 aras\u0131nda foto\u011fraf \u00e7ekimi), g\u00fcl toplama gibi keyifli deneyimlerle ile mis kokulu g\u00fcller aras\u0131nda masal tad\u0131nda bir gezi sizleri bekliyor! Profesyonel rehber Kenan Tamer ile sanata, tarihe, do\u011fall\u0131\u011fa, kent k\u00fclt\u00fcr\u00fcne ve do\u011faya kavu\u015faca\u011f\u0131m\u0131z bir yolculu\u011fa ne dersiniz? Gezi ile ilgili detayl\u0131 bilgiye <a href=\"https:\/\/julesverne.com.tr\/gezi\/jules-verne-ozel-gezileri\/kenan-tamer-ile-ispartada-gul-hasadi-gezisi\/\">buradan<\/a> ula\u015fabilirsiniz.<\/p>\n<p>&nbsp;<\/p>\n<p><img loading=\"lazy\" decoding=\"async\" class=\"alignnone wp-image-8248\" src=\"https:\/\/julesverne.com.tr\/wp-content\/uploads\/2021\/04\/oludeniz_shutterstock_723280408-500x333.jpg\" alt=\"\" width=\"1200\" height=\"798\" srcset=\"https:\/\/julesverne.com.tr\/wp-content\/uploads\/2021\/04\/oludeniz_shutterstock_723280408-500x333.jpg 500w, https:\/\/julesverne.com.tr\/wp-content\/uploads\/2021\/04\/oludeniz_shutterstock_723280408-768x511.jpg 768w, https:\/\/julesverne.com.tr\/wp-content\/uploads\/2021\/04\/oludeniz_shutterstock_723280408.jpg 1000w\" sizes=\"(max-width: 1200px) 100vw, 1200px\" \/><\/p>\n<h1><strong>T\u00fcrkiye&#8217;nin \u0130lk Uzun Mesafe Y\u00fcr\u00fcy\u00fc\u015f Rotas\u0131n\u0131n Ka\u015fifi Kate Clow ile Likya Yolu<\/strong><\/h1>\n<h2><strong><u>15 May\u0131s Cumartesi Saat: 15.00<\/u><\/strong><\/h2>\n<p>Akdeniz manzaralar\u0131, antik kentleri, da\u011f yerle\u015fkeleri ile d\u00fcnyan\u0131n en uzun mesafeli y\u00fcr\u00fcy\u00fc\u015f yollar\u0131ndan biri kabul edilen\u00a0<strong>Likya Yolu<\/strong>\u00a0sahip oldu\u011fu k\u00fclt\u00fcrel, do\u011fal ve tarihi unsurlar\u0131yla bir y\u00fcr\u00fcy\u00fc\u015f rotas\u0131ndan \u00e7ok daha fazlas\u0131n\u0131 temsil ediyor.\u00a0<strong>Likya Yolu<\/strong>; ya\u015fayan bir tarih, hem bir a\u00e7\u0131k hava m\u00fczesi hem de do\u011fa ve muhte\u015fem deniz manzaralar\u0131n\u0131n sihirli bir kar\u0131\u015f\u0131m\u0131 asl\u0131nda.<\/p>\n<p><strong>\u00d6l\u00fcdeniz<\/strong>\u2018den\u00a0<strong>Geyikbay\u0131r\u0131<\/strong>,\u00a0<strong>Antalya<\/strong>\u2018ya uzanan 540 km uzunlu\u011fundaki Likya Yolu ad\u0131n\u0131,\u00a0<strong>\u201cI\u015f\u0131klar \u00dclkesi\u201d<\/strong>\u00a0anlam\u0131na gelen Likyal\u0131lardan al\u0131yor. T\u00fcm yolun 29 g\u00fcnde tamamland\u0131\u011f\u0131 540 km uzunlu\u011fundaki\u00a0<strong>Likya Yolu<\/strong>\u00a0farkl\u0131 parkurlar\u0131 ile Akdeniz\u2019in birbirinden \u00f6zel noktalar\u0131n\u0131 kaps\u0131yor.\u00a0<strong>Fethiye<\/strong>\u2019ye ba\u011fl\u0131\u00a0<strong>Ovac\u0131k<\/strong>\u00a0(Hisar\u00f6n\u00fc) Mevkii\u2019nden ba\u015flayan ve\u00a0<strong>Antalya<\/strong>,\u00a0<strong>Gelikbay\u0131r\u0131 K\u00f6y\u00fc<\/strong>\u2019nde sonra eren, Likya Birli\u011fi\u2019nin en \u00f6nemli merkezlerini kapsayan Likya Yolu \u00fczerinde Antik Likya\u2019n\u0131n tarihi zenginli\u011fine tan\u0131kl\u0131k edebilece\u011fimiz\u00a0<strong>30 farkl\u0131 parkur<\/strong>\u00a0bulunuyor.<\/p>\n<p><strong>Likya Yolu\u2019nun 1999 y\u0131l\u0131nda ortaya \u00e7\u0131kar\u0131lmas\u0131nda b\u00fcy\u00fck bir eme\u011fi olan, amat\u00f6r tarih\u00e7i ve yazar\u00a0Kate Clow t\u00fcm d\u00fcnyaya bu g\u00fczel y\u00fcr\u00fcy\u00fc\u015f yolunu arma\u011fan ederken; ya\u015fad\u0131\u011f\u0131 deneyimleri ve Likya Yolu\u2019nu kaleme ald\u0131\u011f\u0131 kitab\u0131 ve 20 y\u0131l\u0131 a\u015fk\u0131n Likya tecr\u00fcbesini Canl\u0131 Yay\u0131n\u0131m\u0131zda bizlerle payla\u015facak! Haydi siz de bize kat\u0131l\u0131n!<\/strong><\/p>\n<p><strong>Kate Clow Hakk\u0131nda<\/strong><\/p>\n<p>\u0130ngiltere\u2019de do\u011fup, b\u00fcy\u00fcyen yazar Kate Clow T\u00fcrkiye\u2019ye bir i\u015f projesi i\u00e7in gelmi\u015f, burada ge\u00e7irdi\u011fi y\u0131llar i\u00e7erisinde akl\u0131n\u0131n bir k\u00f6\u015fesinde hep Likya b\u00f6lgesi ve T\u00fcrkiye\u2019nin di\u011fer antik yol \u015febekeleri kalm\u0131\u015f. Y\u00fcr\u00fcmeyi, zaman\u0131 unuturcas\u0131na yol yapmay\u0131 bir tutku haline d\u00f6n\u00fc\u015ft\u00fcren Kate Clow 1993\u2019te Antalya\u2019ya yerle\u015ftikten sonra da da\u011flarda y\u00fcr\u00fcmeye devam etmi\u015f. Uzun y\u0131llar yapt\u0131\u011f\u0131 ara\u015ft\u0131rmalar, i\u015fbirlikleri ve i\u015faretlemeler sonucunda Likya Yolu\u2019nu d\u00fcnyaya kazand\u0131ran Kate Clow T\u00fcrkiye\u2019de neredeyse her da\u011f\u0131n ard\u0131ndan bir antik yol bulabilecek kadar tarihsel bir zenginli\u011fe sahip oldu\u011fumuzun alt\u0131n\u0131 her f\u0131rsatta \u00e7iziyor. Clow, Likya Yolu\u2019nu bizlere kazand\u0131rmakla kalmam\u0131\u015f bunu kitapla\u015ft\u0131rarak tarih ve do\u011fa severlerin de yolunu a\u00e7m\u0131\u015f.<\/p>\n<p><strong><u>15 May\u0131s Cumartesi G\u00fcn\u00fc Saat:15.00\u2019de<\/u><\/strong> ger\u00e7ekle\u015ftirece\u011fimiz <strong>\u201cKate Clow ile Likya Yolu\u201d<\/strong> canl\u0131 yay\u0131n\u0131m\u0131za\u00a0<a href=\"https:\/\/www.instagram.com\/JulesVerneTravel\/\">@JulesVerneTravel<\/a> \u00a0Instagram hesab\u0131 \u00fczerinden kat\u0131labilirsiniz.\u2060<\/p>\n<p><strong>D\u00fcnyan\u0131n en iyi 10 uzun mesafe y\u00fcr\u00fcy\u00fc\u015f rotas\u0131ndan, <\/strong><strong>Likya Yolu\u2019nun en g\u00fczel parkurlar\u0131ndan biri olan \u00d6l\u00fcdeniz \u2013 Kayak\u00f6y rotas\u0131n\u0131 Kate Clow ile birlikte ke\u015ffetmeye ne dersiniz?<\/strong><\/p>\n<h1><a href=\"https:\/\/julesverne.com.tr\/gezi\/jules-verne-ozel-gezileri\/kate-clow-ile-likya-yolu-1-etap-ozel-gezisi\/\">Kate Clow ile Likya Yolu 1. Etap \u00d6zel Gezisi<\/a><\/h1>\n<p><strong>31 May\u0131s -4 Haziran 2021<\/strong><\/p>\n<p><strong>Likya Yolu &#8211; Kabak Koyu &#8211; Yediburun &#8211; Bel K\u00f6y\u00fc &#8211; Sidyma &#8211; Gey K\u00f6y\u00fc \u2013 Kayak\u00f6y<\/strong><\/p>\n<p><img loading=\"lazy\" decoding=\"async\" class=\"alignnone wp-image-8247\" src=\"https:\/\/julesverne.com.tr\/wp-content\/uploads\/2021\/04\/likya_shutterstock_1783532981-500x334.jpg\" alt=\"\" width=\"1200\" height=\"800\" srcset=\"https:\/\/julesverne.com.tr\/wp-content\/uploads\/2021\/04\/likya_shutterstock_1783532981-500x334.jpg 500w, https:\/\/julesverne.com.tr\/wp-content\/uploads\/2021\/04\/likya_shutterstock_1783532981-768x512.jpg 768w, https:\/\/julesverne.com.tr\/wp-content\/uploads\/2021\/04\/likya_shutterstock_1783532981.jpg 1000w\" sizes=\"(max-width: 1200px) 100vw, 1200px\" \/><\/p>\n<p>Likya Yolu\u2019nun en g\u00fczel parkurlar\u0131ndan <strong>\u00d6l\u00fcdeniz \u2013 Kayak\u00f6y<\/strong> rotas\u0131n\u0131,\u00a0 bu yolun ortaya \u00e7\u0131kar\u0131lmas\u0131 ve i\u015faretlenmesinde b\u00fcy\u00fck emekleri olan Kate Clow rehberli\u011finde, 5 g\u00fcn s\u00fcrecek unutulmaz bir gezi ile ke\u015ffetmeye davetlisiniz! \u2060Bir al\u00e7al\u0131p bir y\u00fckselen kayal\u0131klar aras\u0131nda y\u00fcr\u00fcrken \u015fahit olaca\u011f\u0131m\u0131z do\u011fal g\u00fczellikler; mis gibi i\u00e7inize \u00e7ekece\u011fimiz \u00e7am, kekik, iyot kokular\u0131; bir anda kar\u015f\u0131la\u015faca\u011f\u0131m\u0131z ve bizi nefessiz b\u0131rakacak Akdeniz manzaralar\u0131; ku\u015f c\u0131v\u0131lt\u0131lar\u0131, horoz sesleri ile ad\u0131mlayaca\u011f\u0131m\u0131z yollar; tarihe tan\u0131kl\u0131k edece\u011fimiz antik kent izleri e\u015fli\u011finde bu e\u015fsiz deneyimin bir par\u00e7as\u0131 olun. Haydi, siz de bize kat\u0131l\u0131n! Gezi ile ilgili detayl\u0131 bilgiye <a href=\"https:\/\/julesverne.com.tr\/gezi\/jules-verne-ozel-gezileri\/kate-clow-ile-likya-yolu-1-etap-ozel-gezisi\/\">buradan<\/a> ula\u015fabilirsiniz.<\/p>\n<p style=\"text-align: center;\"><strong>Detayl\u0131 Bilgi ve Rezervasyon<\/strong><\/p>\n<p style=\"text-align: center;\"><strong><a href=\"mailto:Travel@julesverne.com.tr\">Travel@julesverne.com.tr<\/a><\/strong><\/p>\n","protected":false},"excerpt":{"rendered":"<p>Bayramda Canl\u0131 Yay\u0131nlar\u0131m\u0131z ile Isparta G\u00fcl Hasad\u0131 Rit\u00fcellerini ve Likya Yolu Y\u00fcr\u00fcy\u00fc\u015f Rotas\u0131n\u0131 Ke\u015ffetmeye Davetlisiniz! Al\u0131\u015ft\u0131\u011f\u0131m\u0131z bayramlar\u0131 \u00f6zleyerek ge\u00e7irdi\u011fimiz bir bu\u00e7uk y\u0131l\u0131n ard\u0131ndan t\u00fcm d\u00fcnyay\u0131 etkisi alt\u0131na alan Koronavir\u00fcs (COVID-19) salg\u0131n\u0131 sebebiyle bu bayram da evlerimizdeyiz. \u00a0Hepimiz diledi\u011fimiz zaman diledi\u011fimiz yere yapt\u0131\u011f\u0131m\u0131z seyahatleri \u00f6zledik. D\u00fcnyan\u0131n elimizin alt\u0131nda, avucumuzun i\u00e7inde oldu\u011fu g\u00fcnleri \u00f6zledik. Ke\u015ffetme, gezme, g\u00f6rme [&hellip;]<\/p>\n","protected":false},"author":5,"featured_media":8443,"comment_status":"closed","ping_status":"closed","sticky":false,"template":"","format":"standard","meta":{"inline_featured_image":false,"footnotes":""},"categories":[38,1],"tags":[123,77],"acf":[],"yoast_head":"<!-- This site is optimized with the Yoast SEO plugin v22.3 - https:\/\/yoast.com\/wordpress\/plugins\/seo\/ -->\n<title>Bayramda Canl\u0131 Yay\u0131nlar\u0131m\u0131z\u0131 Ka\u00e7\u0131rmay\u0131n! Kenan Tamer ile Isparta\u2019da G\u00fcl Hasad\u0131, Kate Clow ile Likya Yolu - JULES VERNE BUSINESS MICE TRAVEL<\/title>\n<meta name=\"description\" content=\"Bayramda Canl\u0131 Yay\u0131nlar\u0131m\u0131z\u0131 Ka\u00e7\u0131rmay\u0131n! Kenan Tamer ile Isparta\u2019da G\u00fcl Hasad\u0131, Kate Clow ile Likya Yolu Al\u0131\u015ft\u0131\u011f\u0131m\u0131z bayramlar\u0131 \u00f6zleyerek ge\u00e7irdi\u011fimiz bir bu\u00e7uk y\u0131l\u0131n ard\u0131ndan t\u00fcm d\u00fcnyay\u0131 etkisi alt\u0131na alan Koronavir\u00fcs (COVID-19) salg\u0131n\u0131 sebebiyle bu bayram da evlerimizdeyiz. \u00a0Hepimiz diledi\u011fimiz zaman diledi\u011fimiz yere yapt\u0131\u011f\u0131m\u0131z seyahatleri \u00f6zledik. D\u00fcnyan\u0131n elimizin alt\u0131nda, avucumuzun i\u00e7inde oldu\u011fu g\u00fcnleri \u00f6zledik. Ke\u015ffetme, gezme, g\u00f6rme arzumuz daha da artt\u0131. Ama evlerimizde olmam\u0131z ke\u015ffetmeye engel de\u011fil!Haydi gelin &quot;CANLI YAYIN&quot;lar\u0131m\u0131zla ruhumuzu ve zihnimizi ayd\u0131nlatacak destinasyonlara yolculu\u011fa \u00e7\u0131kal\u0131m!\" \/>\n<meta name=\"robots\" content=\"index, follow, max-snippet:-1, max-image-preview:large, max-video-preview:-1\" \/>\n<link rel=\"canonical\" href=\"https:\/\/julesverne.com.tr\/travel-blog\/bayramda-canli-yayinlarimizi-kacirmayin-kenan-tamer-ile-ispartada-gul-hasadi-kate-clow-ile-likya-yolu\/\" \/>\n<meta property=\"og:locale\" content=\"en_US\" \/>\n<meta property=\"og:type\" content=\"article\" \/>\n<meta property=\"og:title\" content=\"Bayramda Canl\u0131 Yay\u0131nlar\u0131m\u0131z\u0131 Ka\u00e7\u0131rmay\u0131n! Kenan Tamer ile Isparta\u2019da G\u00fcl Hasad\u0131, Kate Clow ile Likya Yolu - JULES VERNE BUSINESS MICE TRAVEL\" \/>\n<meta property=\"og:description\" content=\"Bayramda Canl\u0131 Yay\u0131nlar\u0131m\u0131z\u0131 Ka\u00e7\u0131rmay\u0131n! Kenan Tamer ile Isparta\u2019da G\u00fcl Hasad\u0131, Kate Clow ile Likya Yolu Al\u0131\u015ft\u0131\u011f\u0131m\u0131z bayramlar\u0131 \u00f6zleyerek ge\u00e7irdi\u011fimiz bir bu\u00e7uk y\u0131l\u0131n ard\u0131ndan t\u00fcm d\u00fcnyay\u0131 etkisi alt\u0131na alan Koronavir\u00fcs (COVID-19) salg\u0131n\u0131 sebebiyle bu bayram da evlerimizdeyiz. \u00a0Hepimiz diledi\u011fimiz zaman diledi\u011fimiz yere yapt\u0131\u011f\u0131m\u0131z seyahatleri \u00f6zledik. D\u00fcnyan\u0131n elimizin alt\u0131nda, avucumuzun i\u00e7inde oldu\u011fu g\u00fcnleri \u00f6zledik. Ke\u015ffetme, gezme, g\u00f6rme arzumuz daha da artt\u0131. Ama evlerimizde olmam\u0131z ke\u015ffetmeye engel de\u011fil!Haydi gelin &quot;CANLI YAYIN&quot;lar\u0131m\u0131zla ruhumuzu ve zihnimizi ayd\u0131nlatacak destinasyonlara yolculu\u011fa \u00e7\u0131kal\u0131m!\" \/>\n<meta property=\"og:url\" content=\"https:\/\/julesverne.com.tr\/travel-blog\/bayramda-canli-yayinlarimizi-kacirmayin-kenan-tamer-ile-ispartada-gul-hasadi-kate-clow-ile-likya-yolu\/\" \/>\n<meta property=\"og:site_name\" content=\"JULES VERNE BUSINESS MICE TRAVEL\" \/>\n<meta property=\"article:publisher\" content=\"https:\/\/www.facebook.com\/JulesVerneBusinessMiceTravel\/\" \/>\n<meta property=\"article:published_time\" content=\"2021-05-11T14:53:03+00:00\" \/>\n<meta property=\"article:modified_time\" content=\"2021-05-12T06:42:11+00:00\" \/>\n<meta property=\"og:image\" content=\"https:\/\/julesverne.com.tr\/wp-content\/uploads\/2021\/05\/Canli-Yayinlar-Kapak.png\" \/>\n\t<meta property=\"og:image:width\" content=\"1600\" \/>\n\t<meta property=\"og:image:height\" content=\"901\" \/>\n\t<meta property=\"og:image:type\" content=\"image\/png\" \/>\n<meta name=\"author\" content=\"senem.ekermen\" \/>\n<meta name=\"twitter:card\" content=\"summary_large_image\" \/>\n<meta name=\"twitter:creator\" content=\"@JV_BusinessMice\" \/>\n<meta name=\"twitter:site\" content=\"@JV_BusinessMice\" \/>\n<meta name=\"twitter:label1\" content=\"Written by\" \/>\n\t<meta name=\"twitter:data1\" content=\"senem.ekermen\" \/>\n\t<meta name=\"twitter:label2\" content=\"Est. reading time\" \/>\n\t<meta name=\"twitter:data2\" content=\"5 minutes\" \/>\n<script type=\"application\/ld+json\" class=\"yoast-schema-graph\">{\"@context\":\"https:\/\/schema.org\",\"@graph\":[{\"@type\":\"Article\",\"@id\":\"https:\/\/julesverne.com.tr\/travel-blog\/bayramda-canli-yayinlarimizi-kacirmayin-kenan-tamer-ile-ispartada-gul-hasadi-kate-clow-ile-likya-yolu\/#article\",\"isPartOf\":{\"@id\":\"https:\/\/julesverne.com.tr\/travel-blog\/bayramda-canli-yayinlarimizi-kacirmayin-kenan-tamer-ile-ispartada-gul-hasadi-kate-clow-ile-likya-yolu\/\"},\"author\":{\"name\":\"senem.ekermen\",\"@id\":\"https:\/\/julesverne.com.tr\/#\/schema\/person\/b27d0a74a740ecb2ffc838c934d95797\"},\"headline\":\"Bayramda Canl\u0131 Yay\u0131nlar\u0131m\u0131z\u0131 Ka\u00e7\u0131rmay\u0131n! Kenan Tamer ile Isparta\u2019da G\u00fcl Hasad\u0131, Kate Clow ile Likya Yolu\",\"datePublished\":\"2021-05-11T14:53:03+00:00\",\"dateModified\":\"2021-05-12T06:42:11+00:00\",\"mainEntityOfPage\":{\"@id\":\"https:\/\/julesverne.com.tr\/travel-blog\/bayramda-canli-yayinlarimizi-kacirmayin-kenan-tamer-ile-ispartada-gul-hasadi-kate-clow-ile-likya-yolu\/\"},\"wordCount\":1383,\"publisher\":{\"@id\":\"https:\/\/julesverne.com.tr\/#organization\"},\"image\":{\"@id\":\"https:\/\/julesverne.com.tr\/travel-blog\/bayramda-canli-yayinlarimizi-kacirmayin-kenan-tamer-ile-ispartada-gul-hasadi-kate-clow-ile-likya-yolu\/#primaryimage\"},\"thumbnailUrl\":\"https:\/\/julesverne.com.tr\/wp-content\/uploads\/2021\/05\/Canli-Yayinlar-Kapak.png\",\"keywords\":[\"Canl\u0131 Yay\u0131n\",\"\u0130lham Veren Destinasyonlar\"],\"articleSection\":[\"\u0130lham Veren Destinasyonlar\",\"Blog\"],\"inLanguage\":\"en-US\"},{\"@type\":\"WebPage\",\"@id\":\"https:\/\/julesverne.com.tr\/travel-blog\/bayramda-canli-yayinlarimizi-kacirmayin-kenan-tamer-ile-ispartada-gul-hasadi-kate-clow-ile-likya-yolu\/\",\"url\":\"https:\/\/julesverne.com.tr\/travel-blog\/bayramda-canli-yayinlarimizi-kacirmayin-kenan-tamer-ile-ispartada-gul-hasadi-kate-clow-ile-likya-yolu\/\",\"name\":\"Bayramda Canl\u0131 Yay\u0131nlar\u0131m\u0131z\u0131 Ka\u00e7\u0131rmay\u0131n! Kenan Tamer ile Isparta\u2019da G\u00fcl Hasad\u0131, Kate Clow ile Likya Yolu - JULES VERNE BUSINESS MICE TRAVEL\",\"isPartOf\":{\"@id\":\"https:\/\/julesverne.com.tr\/#website\"},\"primaryImageOfPage\":{\"@id\":\"https:\/\/julesverne.com.tr\/travel-blog\/bayramda-canli-yayinlarimizi-kacirmayin-kenan-tamer-ile-ispartada-gul-hasadi-kate-clow-ile-likya-yolu\/#primaryimage\"},\"image\":{\"@id\":\"https:\/\/julesverne.com.tr\/travel-blog\/bayramda-canli-yayinlarimizi-kacirmayin-kenan-tamer-ile-ispartada-gul-hasadi-kate-clow-ile-likya-yolu\/#primaryimage\"},\"thumbnailUrl\":\"https:\/\/julesverne.com.tr\/wp-content\/uploads\/2021\/05\/Canli-Yayinlar-Kapak.png\",\"datePublished\":\"2021-05-11T14:53:03+00:00\",\"dateModified\":\"2021-05-12T06:42:11+00:00\",\"description\":\"Bayramda Canl\u0131 Yay\u0131nlar\u0131m\u0131z\u0131 Ka\u00e7\u0131rmay\u0131n! Kenan Tamer ile Isparta\u2019da G\u00fcl Hasad\u0131, Kate Clow ile Likya Yolu Al\u0131\u015ft\u0131\u011f\u0131m\u0131z bayramlar\u0131 \u00f6zleyerek ge\u00e7irdi\u011fimiz bir bu\u00e7uk y\u0131l\u0131n ard\u0131ndan t\u00fcm d\u00fcnyay\u0131 etkisi alt\u0131na alan Koronavir\u00fcs (COVID-19) salg\u0131n\u0131 sebebiyle bu bayram da evlerimizdeyiz. \u00a0Hepimiz diledi\u011fimiz zaman diledi\u011fimiz yere yapt\u0131\u011f\u0131m\u0131z seyahatleri \u00f6zledik. D\u00fcnyan\u0131n elimizin alt\u0131nda, avucumuzun i\u00e7inde oldu\u011fu g\u00fcnleri \u00f6zledik. Ke\u015ffetme, gezme, g\u00f6rme arzumuz daha da artt\u0131. Ama evlerimizde olmam\u0131z ke\u015ffetmeye engel de\u011fil!Haydi gelin \\\"CANLI YAYIN\\\"lar\u0131m\u0131zla ruhumuzu ve zihnimizi ayd\u0131nlatacak destinasyonlara yolculu\u011fa \u00e7\u0131kal\u0131m!\",\"breadcrumb\":{\"@id\":\"https:\/\/julesverne.com.tr\/travel-blog\/bayramda-canli-yayinlarimizi-kacirmayin-kenan-tamer-ile-ispartada-gul-hasadi-kate-clow-ile-likya-yolu\/#breadcrumb\"},\"inLanguage\":\"en-US\",\"potentialAction\":[{\"@type\":\"ReadAction\",\"target\":[\"https:\/\/julesverne.com.tr\/travel-blog\/bayramda-canli-yayinlarimizi-kacirmayin-kenan-tamer-ile-ispartada-gul-hasadi-kate-clow-ile-likya-yolu\/\"]}]},{\"@type\":\"ImageObject\",\"inLanguage\":\"en-US\",\"@id\":\"https:\/\/julesverne.com.tr\/travel-blog\/bayramda-canli-yayinlarimizi-kacirmayin-kenan-tamer-ile-ispartada-gul-hasadi-kate-clow-ile-likya-yolu\/#primaryimage\",\"url\":\"https:\/\/julesverne.com.tr\/wp-content\/uploads\/2021\/05\/Canli-Yayinlar-Kapak.png\",\"contentUrl\":\"https:\/\/julesverne.com.tr\/wp-content\/uploads\/2021\/05\/Canli-Yayinlar-Kapak.png\",\"width\":1600,\"height\":901},{\"@type\":\"BreadcrumbList\",\"@id\":\"https:\/\/julesverne.com.tr\/travel-blog\/bayramda-canli-yayinlarimizi-kacirmayin-kenan-tamer-ile-ispartada-gul-hasadi-kate-clow-ile-likya-yolu\/#breadcrumb\",\"itemListElement\":[{\"@type\":\"ListItem\",\"position\":1,\"name\":\"Anasayfa\",\"item\":\"https:\/\/julesverne.com.tr\/\"},{\"@type\":\"ListItem\",\"position\":2,\"name\":\"Bayramda Canl\u0131 Yay\u0131nlar\u0131m\u0131z\u0131 Ka\u00e7\u0131rmay\u0131n! Kenan Tamer ile Isparta\u2019da G\u00fcl Hasad\u0131, Kate Clow ile Likya Yolu\"}]},{\"@type\":\"WebSite\",\"@id\":\"https:\/\/julesverne.com.tr\/#website\",\"url\":\"https:\/\/julesverne.com.tr\/\",\"name\":\"JULES VERNE BUSINESS MICE TRAVEL\",\"description\":\"\",\"publisher\":{\"@id\":\"https:\/\/julesverne.com.tr\/#organization\"},\"potentialAction\":[{\"@type\":\"SearchAction\",\"target\":{\"@type\":\"EntryPoint\",\"urlTemplate\":\"https:\/\/julesverne.com.tr\/?s={search_term_string}\"},\"query-input\":\"required name=search_term_string\"}],\"inLanguage\":\"en-US\"},{\"@type\":\"Organization\",\"@id\":\"https:\/\/julesverne.com.tr\/#organization\",\"name\":\"JULES VERNE BUSINESS MICE TRAVEL\",\"url\":\"https:\/\/julesverne.com.tr\/\",\"logo\":{\"@type\":\"ImageObject\",\"inLanguage\":\"en-US\",\"@id\":\"https:\/\/julesverne.com.tr\/#\/schema\/logo\/image\/\",\"url\":\"https:\/\/julesverne.com.tr\/wp-content\/uploads\/2020\/09\/jv-bmt-logo.png\",\"contentUrl\":\"https:\/\/julesverne.com.tr\/wp-content\/uploads\/2020\/09\/jv-bmt-logo.png\",\"width\":110,\"height\":81,\"caption\":\"JULES VERNE BUSINESS MICE TRAVEL\"},\"image\":{\"@id\":\"https:\/\/julesverne.com.tr\/#\/schema\/logo\/image\/\"},\"sameAs\":[\"https:\/\/www.facebook.com\/JulesVerneBusinessMiceTravel\/\",\"https:\/\/twitter.com\/JV_BusinessMice\",\"https:\/\/www.instagram.com\/julesvernebusinessmicetravel\/\",\"https:\/\/www.linkedin.com\/company\/julesvernebusinessmicetravel\/\",\"https:\/\/www.youtube.com\/channel\/UCAwdsmbZ6tFhu1tea6pkpiw\"]},{\"@type\":\"Person\",\"@id\":\"https:\/\/julesverne.com.tr\/#\/schema\/person\/b27d0a74a740ecb2ffc838c934d95797\",\"name\":\"senem.ekermen\",\"url\":\"https:\/\/julesverne.com.tr\/en\/author\/senem-ekermen\/\"}]}<\/script>\n<!-- \/ Yoast SEO plugin. -->","yoast_head_json":{"title":"Bayramda Canl\u0131 Yay\u0131nlar\u0131m\u0131z\u0131 Ka\u00e7\u0131rmay\u0131n! Kenan Tamer ile Isparta\u2019da G\u00fcl Hasad\u0131, Kate Clow ile Likya Yolu - JULES VERNE BUSINESS MICE TRAVEL","description":"Bayramda Canl\u0131 Yay\u0131nlar\u0131m\u0131z\u0131 Ka\u00e7\u0131rmay\u0131n! Kenan Tamer ile Isparta\u2019da G\u00fcl Hasad\u0131, Kate Clow ile Likya Yolu Al\u0131\u015ft\u0131\u011f\u0131m\u0131z bayramlar\u0131 \u00f6zleyerek ge\u00e7irdi\u011fimiz bir bu\u00e7uk y\u0131l\u0131n ard\u0131ndan t\u00fcm d\u00fcnyay\u0131 etkisi alt\u0131na alan Koronavir\u00fcs (COVID-19) salg\u0131n\u0131 sebebiyle bu bayram da evlerimizdeyiz. \u00a0Hepimiz diledi\u011fimiz zaman diledi\u011fimiz yere yapt\u0131\u011f\u0131m\u0131z seyahatleri \u00f6zledik. D\u00fcnyan\u0131n elimizin alt\u0131nda, avucumuzun i\u00e7inde oldu\u011fu g\u00fcnleri \u00f6zledik. Ke\u015ffetme, gezme, g\u00f6rme arzumuz daha da artt\u0131. Ama evlerimizde olmam\u0131z ke\u015ffetmeye engel de\u011fil!Haydi gelin \"CANLI YAYIN\"lar\u0131m\u0131zla ruhumuzu ve zihnimizi ayd\u0131nlatacak destinasyonlara yolculu\u011fa \u00e7\u0131kal\u0131m!","robots":{"index":"index","follow":"follow","max-snippet":"max-snippet:-1","max-image-preview":"max-image-preview:large","max-video-preview":"max-video-preview:-1"},"canonical":"https:\/\/julesverne.com.tr\/travel-blog\/bayramda-canli-yayinlarimizi-kacirmayin-kenan-tamer-ile-ispartada-gul-hasadi-kate-clow-ile-likya-yolu\/","og_locale":"en_US","og_type":"article","og_title":"Bayramda Canl\u0131 Yay\u0131nlar\u0131m\u0131z\u0131 Ka\u00e7\u0131rmay\u0131n! Kenan Tamer ile Isparta\u2019da G\u00fcl Hasad\u0131, Kate Clow ile Likya Yolu - JULES VERNE BUSINESS MICE TRAVEL","og_description":"Bayramda Canl\u0131 Yay\u0131nlar\u0131m\u0131z\u0131 Ka\u00e7\u0131rmay\u0131n! Kenan Tamer ile Isparta\u2019da G\u00fcl Hasad\u0131, Kate Clow ile Likya Yolu Al\u0131\u015ft\u0131\u011f\u0131m\u0131z bayramlar\u0131 \u00f6zleyerek ge\u00e7irdi\u011fimiz bir bu\u00e7uk y\u0131l\u0131n ard\u0131ndan t\u00fcm d\u00fcnyay\u0131 etkisi alt\u0131na alan Koronavir\u00fcs (COVID-19) salg\u0131n\u0131 sebebiyle bu bayram da evlerimizdeyiz. \u00a0Hepimiz diledi\u011fimiz zaman diledi\u011fimiz yere yapt\u0131\u011f\u0131m\u0131z seyahatleri \u00f6zledik. D\u00fcnyan\u0131n elimizin alt\u0131nda, avucumuzun i\u00e7inde oldu\u011fu g\u00fcnleri \u00f6zledik. Ke\u015ffetme, gezme, g\u00f6rme arzumuz daha da artt\u0131. Ama evlerimizde olmam\u0131z ke\u015ffetmeye engel de\u011fil!Haydi gelin \"CANLI YAYIN\"lar\u0131m\u0131zla ruhumuzu ve zihnimizi ayd\u0131nlatacak destinasyonlara yolculu\u011fa \u00e7\u0131kal\u0131m!","og_url":"https:\/\/julesverne.com.tr\/travel-blog\/bayramda-canli-yayinlarimizi-kacirmayin-kenan-tamer-ile-ispartada-gul-hasadi-kate-clow-ile-likya-yolu\/","og_site_name":"JULES VERNE BUSINESS MICE TRAVEL","article_publisher":"https:\/\/www.facebook.com\/JulesVerneBusinessMiceTravel\/","article_published_time":"2021-05-11T14:53:03+00:00","article_modified_time":"2021-05-12T06:42:11+00:00","og_image":[{"width":1600,"height":901,"url":"https:\/\/julesverne.com.tr\/wp-content\/uploads\/2021\/05\/Canli-Yayinlar-Kapak.png","type":"image\/png"}],"author":"senem.ekermen","twitter_card":"summary_large_image","twitter_creator":"@JV_BusinessMice","twitter_site":"@JV_BusinessMice","twitter_misc":{"Written by":"senem.ekermen","Est. reading time":"5 minutes"},"schema":{"@context":"https:\/\/schema.org","@graph":[{"@type":"Article","@id":"https:\/\/julesverne.com.tr\/travel-blog\/bayramda-canli-yayinlarimizi-kacirmayin-kenan-tamer-ile-ispartada-gul-hasadi-kate-clow-ile-likya-yolu\/#article","isPartOf":{"@id":"https:\/\/julesverne.com.tr\/travel-blog\/bayramda-canli-yayinlarimizi-kacirmayin-kenan-tamer-ile-ispartada-gul-hasadi-kate-clow-ile-likya-yolu\/"},"author":{"name":"senem.ekermen","@id":"https:\/\/julesverne.com.tr\/#\/schema\/person\/b27d0a74a740ecb2ffc838c934d95797"},"headline":"Bayramda Canl\u0131 Yay\u0131nlar\u0131m\u0131z\u0131 Ka\u00e7\u0131rmay\u0131n! Kenan Tamer ile Isparta\u2019da G\u00fcl Hasad\u0131, Kate Clow ile Likya Yolu","datePublished":"2021-05-11T14:53:03+00:00","dateModified":"2021-05-12T06:42:11+00:00","mainEntityOfPage":{"@id":"https:\/\/julesverne.com.tr\/travel-blog\/bayramda-canli-yayinlarimizi-kacirmayin-kenan-tamer-ile-ispartada-gul-hasadi-kate-clow-ile-likya-yolu\/"},"wordCount":1383,"publisher":{"@id":"https:\/\/julesverne.com.tr\/#organization"},"image":{"@id":"https:\/\/julesverne.com.tr\/travel-blog\/bayramda-canli-yayinlarimizi-kacirmayin-kenan-tamer-ile-ispartada-gul-hasadi-kate-clow-ile-likya-yolu\/#primaryimage"},"thumbnailUrl":"https:\/\/julesverne.com.tr\/wp-content\/uploads\/2021\/05\/Canli-Yayinlar-Kapak.png","keywords":["Canl\u0131 Yay\u0131n","\u0130lham Veren Destinasyonlar"],"articleSection":["\u0130lham Veren Destinasyonlar","Blog"],"inLanguage":"en-US"},{"@type":"WebPage","@id":"https:\/\/julesverne.com.tr\/travel-blog\/bayramda-canli-yayinlarimizi-kacirmayin-kenan-tamer-ile-ispartada-gul-hasadi-kate-clow-ile-likya-yolu\/","url":"https:\/\/julesverne.com.tr\/travel-blog\/bayramda-canli-yayinlarimizi-kacirmayin-kenan-tamer-ile-ispartada-gul-hasadi-kate-clow-ile-likya-yolu\/","name":"Bayramda Canl\u0131 Yay\u0131nlar\u0131m\u0131z\u0131 Ka\u00e7\u0131rmay\u0131n! Kenan Tamer ile Isparta\u2019da G\u00fcl Hasad\u0131, Kate Clow ile Likya Yolu - JULES VERNE BUSINESS MICE TRAVEL","isPartOf":{"@id":"https:\/\/julesverne.com.tr\/#website"},"primaryImageOfPage":{"@id":"https:\/\/julesverne.com.tr\/travel-blog\/bayramda-canli-yayinlarimizi-kacirmayin-kenan-tamer-ile-ispartada-gul-hasadi-kate-clow-ile-likya-yolu\/#primaryimage"},"image":{"@id":"https:\/\/julesverne.com.tr\/travel-blog\/bayramda-canli-yayinlarimizi-kacirmayin-kenan-tamer-ile-ispartada-gul-hasadi-kate-clow-ile-likya-yolu\/#primaryimage"},"thumbnailUrl":"https:\/\/julesverne.com.tr\/wp-content\/uploads\/2021\/05\/Canli-Yayinlar-Kapak.png","datePublished":"2021-05-11T14:53:03+00:00","dateModified":"2021-05-12T06:42:11+00:00","description":"Bayramda Canl\u0131 Yay\u0131nlar\u0131m\u0131z\u0131 Ka\u00e7\u0131rmay\u0131n! Kenan Tamer ile Isparta\u2019da G\u00fcl Hasad\u0131, Kate Clow ile Likya Yolu Al\u0131\u015ft\u0131\u011f\u0131m\u0131z bayramlar\u0131 \u00f6zleyerek ge\u00e7irdi\u011fimiz bir bu\u00e7uk y\u0131l\u0131n ard\u0131ndan t\u00fcm d\u00fcnyay\u0131 etkisi alt\u0131na alan Koronavir\u00fcs (COVID-19) salg\u0131n\u0131 sebebiyle bu bayram da evlerimizdeyiz. \u00a0Hepimiz diledi\u011fimiz zaman diledi\u011fimiz yere yapt\u0131\u011f\u0131m\u0131z seyahatleri \u00f6zledik. D\u00fcnyan\u0131n elimizin alt\u0131nda, avucumuzun i\u00e7inde oldu\u011fu g\u00fcnleri \u00f6zledik. Ke\u015ffetme, gezme, g\u00f6rme arzumuz daha da artt\u0131. Ama evlerimizde olmam\u0131z ke\u015ffetmeye engel de\u011fil!Haydi gelin \"CANLI YAYIN\"lar\u0131m\u0131zla ruhumuzu ve zihnimizi ayd\u0131nlatacak destinasyonlara yolculu\u011fa \u00e7\u0131kal\u0131m!","breadcrumb":{"@id":"https:\/\/julesverne.com.tr\/travel-blog\/bayramda-canli-yayinlarimizi-kacirmayin-kenan-tamer-ile-ispartada-gul-hasadi-kate-clow-ile-likya-yolu\/#breadcrumb"},"inLanguage":"en-US","potentialAction":[{"@type":"ReadAction","target":["https:\/\/julesverne.com.tr\/travel-blog\/bayramda-canli-yayinlarimizi-kacirmayin-kenan-tamer-ile-ispartada-gul-hasadi-kate-clow-ile-likya-yolu\/"]}]},{"@type":"ImageObject","inLanguage":"en-US","@id":"https:\/\/julesverne.com.tr\/travel-blog\/bayramda-canli-yayinlarimizi-kacirmayin-kenan-tamer-ile-ispartada-gul-hasadi-kate-clow-ile-likya-yolu\/#primaryimage","url":"https:\/\/julesverne.com.tr\/wp-content\/uploads\/2021\/05\/Canli-Yayinlar-Kapak.png","contentUrl":"https:\/\/julesverne.com.tr\/wp-content\/uploads\/2021\/05\/Canli-Yayinlar-Kapak.png","width":1600,"height":901},{"@type":"BreadcrumbList","@id":"https:\/\/julesverne.com.tr\/travel-blog\/bayramda-canli-yayinlarimizi-kacirmayin-kenan-tamer-ile-ispartada-gul-hasadi-kate-clow-ile-likya-yolu\/#breadcrumb","itemListElement":[{"@type":"ListItem","position":1,"name":"Anasayfa","item":"https:\/\/julesverne.com.tr\/"},{"@type":"ListItem","position":2,"name":"Bayramda Canl\u0131 Yay\u0131nlar\u0131m\u0131z\u0131 Ka\u00e7\u0131rmay\u0131n! Kenan Tamer ile Isparta\u2019da G\u00fcl Hasad\u0131, Kate Clow ile Likya Yolu"}]},{"@type":"WebSite","@id":"https:\/\/julesverne.com.tr\/#website","url":"https:\/\/julesverne.com.tr\/","name":"JULES VERNE BUSINESS MICE TRAVEL","description":"","publisher":{"@id":"https:\/\/julesverne.com.tr\/#organization"},"potentialAction":[{"@type":"SearchAction","target":{"@type":"EntryPoint","urlTemplate":"https:\/\/julesverne.com.tr\/?s={search_term_string}"},"query-input":"required name=search_term_string"}],"inLanguage":"en-US"},{"@type":"Organization","@id":"https:\/\/julesverne.com.tr\/#organization","name":"JULES VERNE BUSINESS MICE TRAVEL","url":"https:\/\/julesverne.com.tr\/","logo":{"@type":"ImageObject","inLanguage":"en-US","@id":"https:\/\/julesverne.com.tr\/#\/schema\/logo\/image\/","url":"https:\/\/julesverne.com.tr\/wp-content\/uploads\/2020\/09\/jv-bmt-logo.png","contentUrl":"https:\/\/julesverne.com.tr\/wp-content\/uploads\/2020\/09\/jv-bmt-logo.png","width":110,"height":81,"caption":"JULES VERNE BUSINESS MICE TRAVEL"},"image":{"@id":"https:\/\/julesverne.com.tr\/#\/schema\/logo\/image\/"},"sameAs":["https:\/\/www.facebook.com\/JulesVerneBusinessMiceTravel\/","https:\/\/twitter.com\/JV_BusinessMice","https:\/\/www.instagram.com\/julesvernebusinessmicetravel\/","https:\/\/www.linkedin.com\/company\/julesvernebusinessmicetravel\/","https:\/\/www.youtube.com\/channel\/UCAwdsmbZ6tFhu1tea6pkpiw"]},{"@type":"Person","@id":"https:\/\/julesverne.com.tr\/#\/schema\/person\/b27d0a74a740ecb2ffc838c934d95797","name":"senem.ekermen","url":"https:\/\/julesverne.com.tr\/en\/author\/senem-ekermen\/"}]}},"_links":{"self":[{"href":"https:\/\/julesverne.com.tr\/en\/wp-json\/wp\/v2\/posts\/8440"}],"collection":[{"href":"https:\/\/julesverne.com.tr\/en\/wp-json\/wp\/v2\/posts"}],"about":[{"href":"https:\/\/julesverne.com.tr\/en\/wp-json\/wp\/v2\/types\/post"}],"author":[{"embeddable":true,"href":"https:\/\/julesverne.com.tr\/en\/wp-json\/wp\/v2\/users\/5"}],"replies":[{"embeddable":true,"href":"https:\/\/julesverne.com.tr\/en\/wp-json\/wp\/v2\/comments?post=8440"}],"version-history":[{"count":0,"href":"https:\/\/julesverne.com.tr\/en\/wp-json\/wp\/v2\/posts\/8440\/revisions"}],"wp:featuredmedia":[{"embeddable":true,"href":"https:\/\/julesverne.com.tr\/en\/wp-json\/wp\/v2\/media\/8443"}],"wp:attachment":[{"href":"https:\/\/julesverne.com.tr\/en\/wp-json\/wp\/v2\/media?parent=8440"}],"wp:term":[{"taxonomy":"category","embeddable":true,"href":"https:\/\/julesverne.com.tr\/en\/wp-json\/wp\/v2\/categories?post=8440"},{"taxonomy":"post_tag","embeddable":true,"href":"https:\/\/julesverne.com.tr\/en\/wp-json\/wp\/v2\/tags?post=8440"}],"curies":[{"name":"wp","href":"https:\/\/api.w.org\/{rel}","templated":true}]}}