{"id":8365,"date":"2022-06-06T12:09:26","date_gmt":"2022-06-06T09:09:26","guid":{"rendered":"https:\/\/julesverne.com.tr\/?p=8365"},"modified":"2022-06-08T15:13:33","modified_gmt":"2022-06-08T12:13:33","slug":"montenegro-otel-onerileri","status":"publish","type":"post","link":"https:\/\/julesverne.com.tr\/en\/travel-blog\/nerede-kalsak\/montenegro-otel-onerileri\/","title":{"rendered":"Montenegro Otel \u00d6nerileri"},"content":{"rendered":"<p><img loading=\"lazy\" decoding=\"async\" class=\"alignnone wp-image-6821\" src=\"https:\/\/julesverne.com.tr\/wp-content\/uploads\/2021\/02\/montenegromanzara-500x333.jpg\" alt=\"\" width=\"1200\" height=\"800\" srcset=\"https:\/\/julesverne.com.tr\/wp-content\/uploads\/2021\/02\/montenegromanzara-500x333.jpg 500w, https:\/\/julesverne.com.tr\/wp-content\/uploads\/2021\/02\/montenegromanzara-768x512.jpg 768w, https:\/\/julesverne.com.tr\/wp-content\/uploads\/2021\/02\/montenegromanzara.jpg 1001w\" sizes=\"(max-width: 1200px) 100vw, 1200px\" \/><\/p>\n<p>G\u00fczel koylar\u0131, i\u00e7inizi \u0131s\u0131tan g\u00fcne\u015fi, etkileyici mimarisi ile Frans\u0131z Rivieras\u0131\u2019n\u0131 and\u0131ran <strong>Montenegro (Karada\u011f)<\/strong>, Adritiyatik K\u0131y\u0131lar\u0131\u2019n\u0131n g\u00f6zdesi! 1 saat 45 dakika s\u00fcren k\u0131sa u\u00e7u\u015flarla ula\u015fabilece\u011finiz, T\u00fcrk vatanda\u015flar\u0131n\u0131n vizesiz gidebildi\u011fi \u00fclkeler aras\u0131nda yer alan Montenegro Adriyatik Denizi boyunca uzanan da\u011flar\u0131, g\u00f6lleri, muazzam k\u0131y\u0131 \u015feridi ve harika Akdeniz iklimi ile ba\u015ftan \u00e7\u0131kar\u0131c\u0131.<\/p>\n<p>14. Y\u00fczy\u0131lda Ribnitsa ad\u0131yla bir Orta \u00c7a\u011f kenti olarak kurulan\u00a0<strong>Podgorica<\/strong>; Orta \u00c7a\u011f\u2019dan g\u00fcn\u00fcm\u00fcze en iyi \u015fekilde korunan tarihi g\u00fczellikleri, sahilleri ve gece hayat\u0131yla\u00a0<strong>Budva<\/strong>; Adriyatik k\u0131y\u0131s\u0131nda, fiyordu and\u0131ran co\u011frafik yap\u0131s\u0131 ile b\u00fcy\u00fcleyen\u00a0<strong>Kotor<\/strong>; Adriyatik Denizi\u2019nin en g\u00f6z al\u0131c\u0131 ve pop\u00fcler dura\u011f\u0131\u00a0<strong>Sveti Stefan<\/strong>; Kotor K\u00f6rfezi\u2019nin en eski kasabalar\u0131ndan biri olan\u00a0<strong>Perast<\/strong>; \u00fclkenin en g\u00f6z al\u0131c\u0131 noktalar\u0131ndan olan marina \u015fehri\u00a0<strong>Tivat<\/strong>, \u00fclkenin tarihi ve k\u00fclt\u00fcrel merkezi olan\u00a0<strong>Cetinje<\/strong>\u00a0Montenegro\u2019nun en pop\u00fcler destinasyonlar\u0131.<\/p>\n<p><strong>Montenegro&#8217;nun en g\u00fczel otellerini sizler i\u00e7in haz\u0131rlad\u0131k:<\/strong><\/p>\n<p><img loading=\"lazy\" decoding=\"async\" class=\"alignnone wp-image-8366\" src=\"https:\/\/julesverne.com.tr\/wp-content\/uploads\/2021\/05\/Aman-Sveti-Stefan-3-500x281.jpg\" alt=\"\" width=\"1200\" height=\"675\" srcset=\"https:\/\/julesverne.com.tr\/wp-content\/uploads\/2021\/05\/Aman-Sveti-Stefan-3-500x281.jpg 500w, https:\/\/julesverne.com.tr\/wp-content\/uploads\/2021\/05\/Aman-Sveti-Stefan-3-768x432.jpg 768w, https:\/\/julesverne.com.tr\/wp-content\/uploads\/2021\/05\/Aman-Sveti-Stefan-3-400x225.jpg 400w, https:\/\/julesverne.com.tr\/wp-content\/uploads\/2021\/05\/Aman-Sveti-Stefan-3.jpg 1024w\" sizes=\"(max-width: 1200px) 100vw, 1200px\" \/><\/p>\n<h2>Aman Sveti Stefan<\/h2>\n<p>Konumu, tarihi ve asaletiyle \u00fcn\u00fc \u00fclkeyi a\u015fan Aman Sveti Stefan pembe kumlu bir kumsalda yer alan zarif ta\u015f binas\u0131 Villa Milo\u010der ve Sveti Stefan Adas\u0131&#8217;ndaki binalar\u0131yla l\u00fcks ve \u00f6zel bir tatil k\u00f6y\u00fc. Budva&#8217;ya sadece 15 dakika uzakl\u0131kta, ana karaya ba\u011fl\u0131 bir adac\u0131k \u00fczerinde yer alan k\u0131r evleri ve Krali\u00e7e Marija Kara\u0111or\u0111evi\u0107&#8217;in eski yazl\u0131k konutu olan Villa Milo\u010der ile size unutulmaz bir deneyim ya\u015fat\u0131yor. Her detay\u0131yla ayr\u0131cal\u0131kl\u0131 hissettiren Aman Sveti Stefan abart\u0131s\u0131z l\u00fcks hizmeti, minimalist tasar\u0131m\u0131 ve ilham veren ambiyans\u0131 ile Montenegro&#8217;nun en haval\u0131 oteli olarak kabul ediliyor. Burada ge\u00e7irece\u011finiz her an\u0131 haf\u0131zan\u0131za kaz\u0131mak isteyece\u011finize \u015f\u00fcphe yok. Zamans\u0131z bir stille dekore edilen odalar\u0131ndan harika plajlar\u0131na, \u015f\u0131k restoranlar\u0131ndan otel servisiyle kusursuz bir tatile haz\u0131r olun.<\/p>\n<p><img loading=\"lazy\" decoding=\"async\" class=\"alignnone wp-image-8369\" src=\"https:\/\/julesverne.com.tr\/wp-content\/uploads\/2021\/05\/oneonlyportonovi-500x333.jpg\" alt=\"\" width=\"1200\" height=\"800\" srcset=\"https:\/\/julesverne.com.tr\/wp-content\/uploads\/2021\/05\/oneonlyportonovi-500x333.jpg 500w, https:\/\/julesverne.com.tr\/wp-content\/uploads\/2021\/05\/oneonlyportonovi-768x512.jpg 768w, https:\/\/julesverne.com.tr\/wp-content\/uploads\/2021\/05\/oneonlyportonovi.jpg 1280w\" sizes=\"(max-width: 1200px) 100vw, 1200px\" \/><\/p>\n<h2>One &amp; Only Portonovi<\/h2>\n<p>D\u00fcnyan\u0131n en sayg\u0131n otel zincirlerinden One &amp; Only Grubu&#8217;nun Avrupa&#8217;daki ilk oteli olan One &amp; Only Portonovi Boka K\u00f6rfezi&#8217;nin kalbine rafine l\u00fcks\u00fc getiriyor.\u00a0 Her detay\u0131yla g\u00f6z al\u0131c\u0131 olan otel size Motenegro&#8217;nun rahat ve \u015f\u0131k ambiyans\u0131n\u0131 \u00f6zenle dekore edilen odalar\u0131, gurme restoranlar\u0131 ve Chenot SPA ile ya\u015fat\u0131yor. E\u015fsiz ve korunakl\u0131 konumunun t\u00fcm avantajlar\u0131n\u0131 misafirlerine ya\u015fatacak \u015fekilde tasarlanan otelin odalar\u0131n\u0131n her biri Montenegro ruhunu rafine bir \u015f\u0131kl\u0131kla bulu\u015fturuyor. \u00c7a\u011fda\u015f Avrupa zarafetinin h\u00fck\u00fcm s\u00fcrd\u00fc\u011f\u00fc oteldeyken d\u0131\u015f d\u00fcnyay\u0131 unutaca\u011f\u0131n\u0131za eminiz. G\u00fcnlerinizi \u00f6zel beyaz kumlu plaj\u0131nda ge\u00e7irebilir, yelkenli ile denize a\u00e7\u0131labilir, s\u00fcper yat\u0131n\u0131zla g\u00fcn bat\u0131m\u0131n\u0131 denizin ortas\u0131nda seyredebilirsiniz.<\/p>\n<p><img loading=\"lazy\" decoding=\"async\" class=\"alignnone wp-image-8370\" src=\"https:\/\/julesverne.com.tr\/wp-content\/uploads\/2021\/05\/Hotel-California-by-Aycon-500x333.jpg\" alt=\"\" width=\"1200\" height=\"800\" srcset=\"https:\/\/julesverne.com.tr\/wp-content\/uploads\/2021\/05\/Hotel-California-by-Aycon-500x333.jpg 500w, https:\/\/julesverne.com.tr\/wp-content\/uploads\/2021\/05\/Hotel-California-by-Aycon-768x512.jpg 768w, https:\/\/julesverne.com.tr\/wp-content\/uploads\/2021\/05\/Hotel-California-by-Aycon.jpg 1024w\" sizes=\"(max-width: 1200px) 100vw, 1200px\" \/><\/p>\n<h2>Hotel California by Aycon<\/h2>\n<p>Sveti Stefan&#8217;da, sahil k\u0131y\u0131s\u0131nda konumlanan Hotel California, 5 y\u0131ld\u0131zl\u0131 zarif bir butik otel. Montenegro Da\u011flar\u0131 ve Sveti Stefan Yar\u0131madas\u0131&#8217;na bakan el de\u011fmemi\u015f Akdeniz plaj\u0131 aras\u0131ndaki konumuyla nefesleri kesiyor. \u00dcnl\u00fc Sveti Stefan plaj\u0131na birka\u00e7 ad\u0131m uzakl\u0131ktaki otelin ayn\u0131 zamanda kendine ait \u00f6zel bir plaj\u0131 bulunuyor. Da\u011f ve deniz manzaral\u0131 odalar\u0131n\u0131n her biri Akdeniz renkleri ve modern mobilyalarla dekore edilmi\u015f. Gen\u00e7, zarif ve huzur veren stili otelin her noktas\u0131nda hissediliyor. 12 ya\u015f ve \u00e7ocuklar ile yeti\u015fkinlerin misafir edildi\u011fi otel, unutulmaz bir Montenegro tatili i\u00e7in g\u00f6z k\u0131rp\u0131yor.<\/p>\n<p><img loading=\"lazy\" decoding=\"async\" class=\"alignnone wp-image-8371\" src=\"https:\/\/julesverne.com.tr\/wp-content\/uploads\/2021\/05\/VillaGeba-500x333.jpg\" alt=\"\" width=\"1200\" height=\"799\" srcset=\"https:\/\/julesverne.com.tr\/wp-content\/uploads\/2021\/05\/VillaGeba-500x333.jpg 500w, https:\/\/julesverne.com.tr\/wp-content\/uploads\/2021\/05\/VillaGeba-768x512.jpg 768w, https:\/\/julesverne.com.tr\/wp-content\/uploads\/2021\/05\/VillaGeba.jpg 1024w\" sizes=\"(max-width: 1200px) 100vw, 1200px\" \/><\/p>\n<h2>Villa Geba<\/h2>\n<p>Small Luxury Hotels of the World listesinde yer alan Villa Geba, minimalist zarafetin ve klasik etkilerin harmonisini sunuyor. Adriyatik k\u0131y\u0131s\u0131nda, Sveti Stefan Plaj\u0131\u2019na 100 metre mesafede yer alan Villa Geba, zarif ve l\u00fcks stiliyle e\u015fsiz bir s\u0131\u011f\u0131na\u011fa d\u00f6n\u00fc\u015f\u00fcyor. Romanesk s\u00fctunlar ve Yunan heykelleri ile \u00e7evrili otel giri\u015fi asl\u0131nda otelin t\u00fcm ihti\u015fam\u0131n\u0131 yans\u0131t\u0131yor. 80-120 m2 aras\u0131nda de\u011fi\u015fen geni\u015fli\u011fe sahip 8 s\u00fcit odas\u0131 ise ayd\u0131nl\u0131k, ferah ve \u00e7a\u011fda\u015f bir \u00e7izgide dekore edilmi\u015f. Size ev s\u0131cakl\u0131\u011f\u0131 ve konforunu ya\u015fatan Villa Geba&#8217;n\u0131n kusursuzlu\u011fu Muse Restaurant ve Villa Geba SPA ile tamamlan\u0131yor.<\/p>\n<p><img loading=\"lazy\" decoding=\"async\" class=\"alignnone wp-image-8373\" src=\"https:\/\/julesverne.com.tr\/wp-content\/uploads\/2021\/05\/DukleyHotelResort-500x330.jpg\" alt=\"\" width=\"1200\" height=\"791\" srcset=\"https:\/\/julesverne.com.tr\/wp-content\/uploads\/2021\/05\/DukleyHotelResort-500x330.jpg 500w, https:\/\/julesverne.com.tr\/wp-content\/uploads\/2021\/05\/DukleyHotelResort-768x506.jpg 768w, https:\/\/julesverne.com.tr\/wp-content\/uploads\/2021\/05\/DukleyHotelResort.jpg 1024w\" sizes=\"(max-width: 1200px) 100vw, 1200px\" \/><\/p>\n<h2>Dukley Hotel &amp; Resort<\/h2>\n<p>Budva, Zavala Yar\u0131madas\u0131&#8217;n\u0131n yemye\u015fil bah\u00e7eleri i\u00e7erisinde konumlanan Dukley Hotel &amp; Resort konuklar\u0131n\u0131 l\u00fcks ayr\u0131cal\u0131klar\u0131yla \u015f\u0131mart\u0131rken ayn\u0131 zamanda kendilerini dinleyebilecekleri huzurlu bir ortam sunuyor. Farkl\u0131 kategorilerdeki t\u00fcm odalar\u0131 size evinizdeki konforu ya\u015fat\u0131yor. Akdeniz stilini zarif ve modern detaylarla tamamlayan dekorasyonu, nefes kesen deniz manzaralar\u0131 ile bulu\u015fuyor. Gurme restoran alternatifleri, aktivite alanlar\u0131 ve at\u00f6lyeleriyle kesinlikle benzersiz bir Montenegro tatili vaat ediyor.<\/p>\n<p><img loading=\"lazy\" decoding=\"async\" class=\"alignnone wp-image-8374\" src=\"https:\/\/julesverne.com.tr\/wp-content\/uploads\/2021\/05\/HotelAzimut-500x333.jpg\" alt=\"\" width=\"1200\" height=\"800\" srcset=\"https:\/\/julesverne.com.tr\/wp-content\/uploads\/2021\/05\/HotelAzimut-500x333.jpg 500w, https:\/\/julesverne.com.tr\/wp-content\/uploads\/2021\/05\/HotelAzimut-768x512.jpg 768w, https:\/\/julesverne.com.tr\/wp-content\/uploads\/2021\/05\/HotelAzimut.jpg 1280w\" sizes=\"(max-width: 1200px) 100vw, 1200px\" \/><\/p>\n<h2>Hotel Azimut<\/h2>\n<p>Sveti Stefan&#8217;\u0131n k\u00fclt\u00fcrel miras\u0131ndan ilhamla tasarlanan Hotel Azimut, e\u015fsiz Adriyatik manzaras\u0131na bakan tepe konumuyla romantik bir atmosfer sunuyor. Klasik detaylar\u0131n h\u00e2kim oldu\u011fu otel, Montenegro&#8217;nun tarihi ve k\u00fclt\u00fcrel \u00f6\u011felerinden besleniyor. Farkl\u0131 kategorilerdeki odalar\u0131 ihtiyac\u0131n\u0131z olan t\u00fcm imkanlar\u0131 sunarken, deniz manzaral\u0131 zarif restoran\u0131, keyifli teras\u0131 ve yine deniz manzaral\u0131 y\u00fczme havuzu size s\u0131cak, samimi bir Montenegro deneyimi ya\u015fat\u0131yor.<\/p>\n<p style=\"text-align: center;\"><strong>Montenegro&#8217;da (Karada\u011f) Size \u00d6zel Seyahat Program\u0131 ile \u0130lgili Detayl\u0131 Bilgi ve Rezervasyon:<\/strong><\/p>\n<p style=\"text-align: center;\"><strong><a href=\"mailto:Travel@julesverne.com.tr\">Travel@julesverne.com.tr<\/a><\/strong><\/p>\n<p><\/p>","protected":false},"excerpt":{"rendered":"<p>G\u00fczel koylar\u0131, i\u00e7inizi \u0131s\u0131tan g\u00fcne\u015fi, etkileyici mimarisi ile Frans\u0131z Rivieras\u0131\u2019n\u0131 and\u0131ran Montenegro (Karada\u011f), Adritiyatik K\u0131y\u0131lar\u0131\u2019n\u0131n g\u00f6zdesi! 1 saat 45 dakika s\u00fcren k\u0131sa u\u00e7u\u015flarla ula\u015fabilece\u011finiz, T\u00fcrk vatanda\u015flar\u0131n\u0131n vizesiz gidebildi\u011fi \u00fclkeler aras\u0131nda yer alan Montenegro Adriyatik Denizi boyunca uzanan da\u011flar\u0131, g\u00f6lleri, muazzam k\u0131y\u0131 \u015feridi ve harika Akdeniz iklimi ile ba\u015ftan \u00e7\u0131kar\u0131c\u0131. 14. Y\u00fczy\u0131lda Ribnitsa ad\u0131yla bir Orta [&hellip;]<\/p>\n","protected":false},"author":5,"featured_media":8372,"comment_status":"closed","ping_status":"closed","sticky":false,"template":"","format":"standard","meta":{"inline_featured_image":false,"footnotes":""},"categories":[40,39],"tags":[255,121,74,73],"acf":[],"yoast_head":"<!-- This site is optimized with the Yoast SEO plugin v22.3 - https:\/\/yoast.com\/wordpress\/plugins\/seo\/ -->\n<title>Montenegro Otel \u00d6nerileri - JULES VERNE BUSINESS MICE TRAVEL<\/title>\n<meta name=\"description\" content=\"G\u00fczel koylar\u0131, i\u00e7inizi \u0131s\u0131tan g\u00fcne\u015fi, etkileyici mimarisi ile Frans\u0131z Rivieras\u0131\u2019n\u0131 and\u0131ran Montenegro (Karada\u011f), Adritiyatik K\u0131y\u0131lar\u0131\u2019n\u0131n g\u00f6zdesi! 1 saat 45 dakika s\u00fcren k\u0131sa u\u00e7u\u015flarla ula\u015fabilece\u011finiz, T\u00fcrk vatanda\u015flar\u0131n\u0131n vizesiz gidebildi\u011fi \u00fclkeler aras\u0131nda yer alan Montenegro Adriyatik Denizi boyunca uzanan \u00fclke da\u011flar\u0131, g\u00f6lleri, muazzam k\u0131y\u0131 \u015feridi ve harika Akdeniz iklimi ile ba\u015ftan \u00e7\u0131kar\u0131c\u0131. Montenogro&#039;nun en g\u00fczel otellerini sizler i\u00e7in haz\u0131rlad\u0131k:\" \/>\n<meta name=\"robots\" content=\"index, follow, max-snippet:-1, max-image-preview:large, max-video-preview:-1\" \/>\n<link rel=\"canonical\" href=\"https:\/\/julesverne.com.tr\/travel-blog\/nereye-gitsek\/montenegro-otel-onerileri\/\" \/>\n<meta property=\"og:locale\" content=\"en_US\" \/>\n<meta property=\"og:type\" content=\"article\" \/>\n<meta property=\"og:title\" content=\"Montenegro Otel \u00d6nerileri - JULES VERNE BUSINESS MICE TRAVEL\" \/>\n<meta property=\"og:description\" content=\"G\u00fczel koylar\u0131, i\u00e7inizi \u0131s\u0131tan g\u00fcne\u015fi, etkileyici mimarisi ile Frans\u0131z Rivieras\u0131\u2019n\u0131 and\u0131ran Montenegro (Karada\u011f), Adritiyatik K\u0131y\u0131lar\u0131\u2019n\u0131n g\u00f6zdesi! 1 saat 45 dakika s\u00fcren k\u0131sa u\u00e7u\u015flarla ula\u015fabilece\u011finiz, T\u00fcrk vatanda\u015flar\u0131n\u0131n vizesiz gidebildi\u011fi \u00fclkeler aras\u0131nda yer alan Montenegro Adriyatik Denizi boyunca uzanan \u00fclke da\u011flar\u0131, g\u00f6lleri, muazzam k\u0131y\u0131 \u015feridi ve harika Akdeniz iklimi ile ba\u015ftan \u00e7\u0131kar\u0131c\u0131. Montenogro&#039;nun en g\u00fczel otellerini sizler i\u00e7in haz\u0131rlad\u0131k:\" \/>\n<meta property=\"og:url\" content=\"https:\/\/julesverne.com.tr\/travel-blog\/nereye-gitsek\/montenegro-otel-onerileri\/\" \/>\n<meta property=\"og:site_name\" content=\"JULES VERNE BUSINESS MICE TRAVEL\" \/>\n<meta property=\"article:publisher\" content=\"https:\/\/www.facebook.com\/JulesVerneBusinessMiceTravel\/\" \/>\n<meta property=\"article:published_time\" content=\"2022-06-06T09:09:26+00:00\" \/>\n<meta property=\"article:modified_time\" content=\"2022-06-08T12:13:33+00:00\" \/>\n<meta property=\"og:image\" content=\"https:\/\/julesverne.com.tr\/wp-content\/uploads\/2021\/05\/DukleyHotelResort2.jpg\" \/>\n\t<meta property=\"og:image:width\" content=\"1024\" \/>\n\t<meta property=\"og:image:height\" content=\"614\" \/>\n\t<meta property=\"og:image:type\" content=\"image\/jpeg\" \/>\n<meta name=\"author\" content=\"senem.ekermen\" \/>\n<meta name=\"twitter:card\" content=\"summary_large_image\" \/>\n<meta name=\"twitter:creator\" content=\"@JV_BusinessMice\" \/>\n<meta name=\"twitter:site\" content=\"@JV_BusinessMice\" \/>\n<meta name=\"twitter:label1\" content=\"Written by\" \/>\n\t<meta name=\"twitter:data1\" content=\"senem.ekermen\" \/>\n\t<meta name=\"twitter:label2\" content=\"Est. reading time\" \/>\n\t<meta name=\"twitter:data2\" content=\"6 minutes\" \/>\n<script type=\"application\/ld+json\" class=\"yoast-schema-graph\">{\"@context\":\"https:\/\/schema.org\",\"@graph\":[{\"@type\":\"Article\",\"@id\":\"https:\/\/julesverne.com.tr\/travel-blog\/nereye-gitsek\/montenegro-otel-onerileri\/#article\",\"isPartOf\":{\"@id\":\"https:\/\/julesverne.com.tr\/travel-blog\/nereye-gitsek\/montenegro-otel-onerileri\/\"},\"author\":{\"name\":\"senem.ekermen\",\"@id\":\"https:\/\/julesverne.com.tr\/#\/schema\/person\/b27d0a74a740ecb2ffc838c934d95797\"},\"headline\":\"Montenegro Otel \u00d6nerileri\",\"datePublished\":\"2022-06-06T09:09:26+00:00\",\"dateModified\":\"2022-06-08T12:13:33+00:00\",\"mainEntityOfPage\":{\"@id\":\"https:\/\/julesverne.com.tr\/travel-blog\/nereye-gitsek\/montenegro-otel-onerileri\/\"},\"wordCount\":1731,\"publisher\":{\"@id\":\"https:\/\/julesverne.com.tr\/#organization\"},\"image\":{\"@id\":\"https:\/\/julesverne.com.tr\/travel-blog\/nereye-gitsek\/montenegro-otel-onerileri\/#primaryimage\"},\"thumbnailUrl\":\"https:\/\/julesverne.com.tr\/wp-content\/uploads\/2021\/05\/DukleyHotelResort2.jpg\",\"keywords\":[\"Karada\u011f\",\"Montenegro Otelleri\",\"Nerede Kalsak\",\"Nereye Gitsek\"],\"articleSection\":[\"Nerede Kalsak?\",\"Nereye Gitsek?\"],\"inLanguage\":\"en-US\"},{\"@type\":\"WebPage\",\"@id\":\"https:\/\/julesverne.com.tr\/travel-blog\/nereye-gitsek\/montenegro-otel-onerileri\/\",\"url\":\"https:\/\/julesverne.com.tr\/travel-blog\/nereye-gitsek\/montenegro-otel-onerileri\/\",\"name\":\"Montenegro Otel \u00d6nerileri - JULES VERNE BUSINESS MICE TRAVEL\",\"isPartOf\":{\"@id\":\"https:\/\/julesverne.com.tr\/#website\"},\"primaryImageOfPage\":{\"@id\":\"https:\/\/julesverne.com.tr\/travel-blog\/nereye-gitsek\/montenegro-otel-onerileri\/#primaryimage\"},\"image\":{\"@id\":\"https:\/\/julesverne.com.tr\/travel-blog\/nereye-gitsek\/montenegro-otel-onerileri\/#primaryimage\"},\"thumbnailUrl\":\"https:\/\/julesverne.com.tr\/wp-content\/uploads\/2021\/05\/DukleyHotelResort2.jpg\",\"datePublished\":\"2022-06-06T09:09:26+00:00\",\"dateModified\":\"2022-06-08T12:13:33+00:00\",\"description\":\"G\u00fczel koylar\u0131, i\u00e7inizi \u0131s\u0131tan g\u00fcne\u015fi, etkileyici mimarisi ile Frans\u0131z Rivieras\u0131\u2019n\u0131 and\u0131ran Montenegro (Karada\u011f), Adritiyatik K\u0131y\u0131lar\u0131\u2019n\u0131n g\u00f6zdesi! 1 saat 45 dakika s\u00fcren k\u0131sa u\u00e7u\u015flarla ula\u015fabilece\u011finiz, T\u00fcrk vatanda\u015flar\u0131n\u0131n vizesiz gidebildi\u011fi \u00fclkeler aras\u0131nda yer alan Montenegro Adriyatik Denizi boyunca uzanan \u00fclke da\u011flar\u0131, g\u00f6lleri, muazzam k\u0131y\u0131 \u015feridi ve harika Akdeniz iklimi ile ba\u015ftan \u00e7\u0131kar\u0131c\u0131. Montenogro'nun en g\u00fczel otellerini sizler i\u00e7in haz\u0131rlad\u0131k:\",\"breadcrumb\":{\"@id\":\"https:\/\/julesverne.com.tr\/travel-blog\/nereye-gitsek\/montenegro-otel-onerileri\/#breadcrumb\"},\"inLanguage\":\"en-US\",\"potentialAction\":[{\"@type\":\"ReadAction\",\"target\":[\"https:\/\/julesverne.com.tr\/travel-blog\/nereye-gitsek\/montenegro-otel-onerileri\/\"]}]},{\"@type\":\"ImageObject\",\"inLanguage\":\"en-US\",\"@id\":\"https:\/\/julesverne.com.tr\/travel-blog\/nereye-gitsek\/montenegro-otel-onerileri\/#primaryimage\",\"url\":\"https:\/\/julesverne.com.tr\/wp-content\/uploads\/2021\/05\/DukleyHotelResort2.jpg\",\"contentUrl\":\"https:\/\/julesverne.com.tr\/wp-content\/uploads\/2021\/05\/DukleyHotelResort2.jpg\",\"width\":1024,\"height\":614},{\"@type\":\"BreadcrumbList\",\"@id\":\"https:\/\/julesverne.com.tr\/travel-blog\/nereye-gitsek\/montenegro-otel-onerileri\/#breadcrumb\",\"itemListElement\":[{\"@type\":\"ListItem\",\"position\":1,\"name\":\"Anasayfa\",\"item\":\"https:\/\/julesverne.com.tr\/\"},{\"@type\":\"ListItem\",\"position\":2,\"name\":\"Montenegro Otel \u00d6nerileri\"}]},{\"@type\":\"WebSite\",\"@id\":\"https:\/\/julesverne.com.tr\/#website\",\"url\":\"https:\/\/julesverne.com.tr\/\",\"name\":\"JULES VERNE BUSINESS MICE TRAVEL\",\"description\":\"\",\"publisher\":{\"@id\":\"https:\/\/julesverne.com.tr\/#organization\"},\"potentialAction\":[{\"@type\":\"SearchAction\",\"target\":{\"@type\":\"EntryPoint\",\"urlTemplate\":\"https:\/\/julesverne.com.tr\/?s={search_term_string}\"},\"query-input\":\"required name=search_term_string\"}],\"inLanguage\":\"en-US\"},{\"@type\":\"Organization\",\"@id\":\"https:\/\/julesverne.com.tr\/#organization\",\"name\":\"JULES VERNE BUSINESS MICE TRAVEL\",\"url\":\"https:\/\/julesverne.com.tr\/\",\"logo\":{\"@type\":\"ImageObject\",\"inLanguage\":\"en-US\",\"@id\":\"https:\/\/julesverne.com.tr\/#\/schema\/logo\/image\/\",\"url\":\"https:\/\/julesverne.com.tr\/wp-content\/uploads\/2020\/09\/jv-bmt-logo.png\",\"contentUrl\":\"https:\/\/julesverne.com.tr\/wp-content\/uploads\/2020\/09\/jv-bmt-logo.png\",\"width\":110,\"height\":81,\"caption\":\"JULES VERNE BUSINESS MICE TRAVEL\"},\"image\":{\"@id\":\"https:\/\/julesverne.com.tr\/#\/schema\/logo\/image\/\"},\"sameAs\":[\"https:\/\/www.facebook.com\/JulesVerneBusinessMiceTravel\/\",\"https:\/\/twitter.com\/JV_BusinessMice\",\"https:\/\/www.instagram.com\/julesvernebusinessmicetravel\/\",\"https:\/\/www.linkedin.com\/company\/julesvernebusinessmicetravel\/\",\"https:\/\/www.youtube.com\/channel\/UCAwdsmbZ6tFhu1tea6pkpiw\"]},{\"@type\":\"Person\",\"@id\":\"https:\/\/julesverne.com.tr\/#\/schema\/person\/b27d0a74a740ecb2ffc838c934d95797\",\"name\":\"senem.ekermen\",\"url\":\"https:\/\/julesverne.com.tr\/en\/author\/senem-ekermen\/\"}]}<\/script>\n<!-- \/ Yoast SEO plugin. -->","yoast_head_json":{"title":"Montenegro Otel \u00d6nerileri - JULES VERNE BUSINESS MICE TRAVEL","description":"G\u00fczel koylar\u0131, i\u00e7inizi \u0131s\u0131tan g\u00fcne\u015fi, etkileyici mimarisi ile Frans\u0131z Rivieras\u0131\u2019n\u0131 and\u0131ran Montenegro (Karada\u011f), Adritiyatik K\u0131y\u0131lar\u0131\u2019n\u0131n g\u00f6zdesi! 1 saat 45 dakika s\u00fcren k\u0131sa u\u00e7u\u015flarla ula\u015fabilece\u011finiz, T\u00fcrk vatanda\u015flar\u0131n\u0131n vizesiz gidebildi\u011fi \u00fclkeler aras\u0131nda yer alan Montenegro Adriyatik Denizi boyunca uzanan \u00fclke da\u011flar\u0131, g\u00f6lleri, muazzam k\u0131y\u0131 \u015feridi ve harika Akdeniz iklimi ile ba\u015ftan \u00e7\u0131kar\u0131c\u0131. Montenogro'nun en g\u00fczel otellerini sizler i\u00e7in haz\u0131rlad\u0131k:","robots":{"index":"index","follow":"follow","max-snippet":"max-snippet:-1","max-image-preview":"max-image-preview:large","max-video-preview":"max-video-preview:-1"},"canonical":"https:\/\/julesverne.com.tr\/travel-blog\/nereye-gitsek\/montenegro-otel-onerileri\/","og_locale":"en_US","og_type":"article","og_title":"Montenegro Otel \u00d6nerileri - JULES VERNE BUSINESS MICE TRAVEL","og_description":"G\u00fczel koylar\u0131, i\u00e7inizi \u0131s\u0131tan g\u00fcne\u015fi, etkileyici mimarisi ile Frans\u0131z Rivieras\u0131\u2019n\u0131 and\u0131ran Montenegro (Karada\u011f), Adritiyatik K\u0131y\u0131lar\u0131\u2019n\u0131n g\u00f6zdesi! 1 saat 45 dakika s\u00fcren k\u0131sa u\u00e7u\u015flarla ula\u015fabilece\u011finiz, T\u00fcrk vatanda\u015flar\u0131n\u0131n vizesiz gidebildi\u011fi \u00fclkeler aras\u0131nda yer alan Montenegro Adriyatik Denizi boyunca uzanan \u00fclke da\u011flar\u0131, g\u00f6lleri, muazzam k\u0131y\u0131 \u015feridi ve harika Akdeniz iklimi ile ba\u015ftan \u00e7\u0131kar\u0131c\u0131. Montenogro'nun en g\u00fczel otellerini sizler i\u00e7in haz\u0131rlad\u0131k:","og_url":"https:\/\/julesverne.com.tr\/travel-blog\/nereye-gitsek\/montenegro-otel-onerileri\/","og_site_name":"JULES VERNE BUSINESS MICE TRAVEL","article_publisher":"https:\/\/www.facebook.com\/JulesVerneBusinessMiceTravel\/","article_published_time":"2022-06-06T09:09:26+00:00","article_modified_time":"2022-06-08T12:13:33+00:00","og_image":[{"width":1024,"height":614,"url":"https:\/\/julesverne.com.tr\/wp-content\/uploads\/2021\/05\/DukleyHotelResort2.jpg","type":"image\/jpeg"}],"author":"senem.ekermen","twitter_card":"summary_large_image","twitter_creator":"@JV_BusinessMice","twitter_site":"@JV_BusinessMice","twitter_misc":{"Written by":"senem.ekermen","Est. reading time":"6 minutes"},"schema":{"@context":"https:\/\/schema.org","@graph":[{"@type":"Article","@id":"https:\/\/julesverne.com.tr\/travel-blog\/nereye-gitsek\/montenegro-otel-onerileri\/#article","isPartOf":{"@id":"https:\/\/julesverne.com.tr\/travel-blog\/nereye-gitsek\/montenegro-otel-onerileri\/"},"author":{"name":"senem.ekermen","@id":"https:\/\/julesverne.com.tr\/#\/schema\/person\/b27d0a74a740ecb2ffc838c934d95797"},"headline":"Montenegro Otel \u00d6nerileri","datePublished":"2022-06-06T09:09:26+00:00","dateModified":"2022-06-08T12:13:33+00:00","mainEntityOfPage":{"@id":"https:\/\/julesverne.com.tr\/travel-blog\/nereye-gitsek\/montenegro-otel-onerileri\/"},"wordCount":1731,"publisher":{"@id":"https:\/\/julesverne.com.tr\/#organization"},"image":{"@id":"https:\/\/julesverne.com.tr\/travel-blog\/nereye-gitsek\/montenegro-otel-onerileri\/#primaryimage"},"thumbnailUrl":"https:\/\/julesverne.com.tr\/wp-content\/uploads\/2021\/05\/DukleyHotelResort2.jpg","keywords":["Karada\u011f","Montenegro Otelleri","Nerede Kalsak","Nereye Gitsek"],"articleSection":["Nerede Kalsak?","Nereye Gitsek?"],"inLanguage":"en-US"},{"@type":"WebPage","@id":"https:\/\/julesverne.com.tr\/travel-blog\/nereye-gitsek\/montenegro-otel-onerileri\/","url":"https:\/\/julesverne.com.tr\/travel-blog\/nereye-gitsek\/montenegro-otel-onerileri\/","name":"Montenegro Otel \u00d6nerileri - JULES VERNE BUSINESS MICE TRAVEL","isPartOf":{"@id":"https:\/\/julesverne.com.tr\/#website"},"primaryImageOfPage":{"@id":"https:\/\/julesverne.com.tr\/travel-blog\/nereye-gitsek\/montenegro-otel-onerileri\/#primaryimage"},"image":{"@id":"https:\/\/julesverne.com.tr\/travel-blog\/nereye-gitsek\/montenegro-otel-onerileri\/#primaryimage"},"thumbnailUrl":"https:\/\/julesverne.com.tr\/wp-content\/uploads\/2021\/05\/DukleyHotelResort2.jpg","datePublished":"2022-06-06T09:09:26+00:00","dateModified":"2022-06-08T12:13:33+00:00","description":"G\u00fczel koylar\u0131, i\u00e7inizi \u0131s\u0131tan g\u00fcne\u015fi, etkileyici mimarisi ile Frans\u0131z Rivieras\u0131\u2019n\u0131 and\u0131ran Montenegro (Karada\u011f), Adritiyatik K\u0131y\u0131lar\u0131\u2019n\u0131n g\u00f6zdesi! 1 saat 45 dakika s\u00fcren k\u0131sa u\u00e7u\u015flarla ula\u015fabilece\u011finiz, T\u00fcrk vatanda\u015flar\u0131n\u0131n vizesiz gidebildi\u011fi \u00fclkeler aras\u0131nda yer alan Montenegro Adriyatik Denizi boyunca uzanan \u00fclke da\u011flar\u0131, g\u00f6lleri, muazzam k\u0131y\u0131 \u015feridi ve harika Akdeniz iklimi ile ba\u015ftan \u00e7\u0131kar\u0131c\u0131. Montenogro'nun en g\u00fczel otellerini sizler i\u00e7in haz\u0131rlad\u0131k:","breadcrumb":{"@id":"https:\/\/julesverne.com.tr\/travel-blog\/nereye-gitsek\/montenegro-otel-onerileri\/#breadcrumb"},"inLanguage":"en-US","potentialAction":[{"@type":"ReadAction","target":["https:\/\/julesverne.com.tr\/travel-blog\/nereye-gitsek\/montenegro-otel-onerileri\/"]}]},{"@type":"ImageObject","inLanguage":"en-US","@id":"https:\/\/julesverne.com.tr\/travel-blog\/nereye-gitsek\/montenegro-otel-onerileri\/#primaryimage","url":"https:\/\/julesverne.com.tr\/wp-content\/uploads\/2021\/05\/DukleyHotelResort2.jpg","contentUrl":"https:\/\/julesverne.com.tr\/wp-content\/uploads\/2021\/05\/DukleyHotelResort2.jpg","width":1024,"height":614},{"@type":"BreadcrumbList","@id":"https:\/\/julesverne.com.tr\/travel-blog\/nereye-gitsek\/montenegro-otel-onerileri\/#breadcrumb","itemListElement":[{"@type":"ListItem","position":1,"name":"Anasayfa","item":"https:\/\/julesverne.com.tr\/"},{"@type":"ListItem","position":2,"name":"Montenegro Otel \u00d6nerileri"}]},{"@type":"WebSite","@id":"https:\/\/julesverne.com.tr\/#website","url":"https:\/\/julesverne.com.tr\/","name":"JULES VERNE BUSINESS MICE TRAVEL","description":"","publisher":{"@id":"https:\/\/julesverne.com.tr\/#organization"},"potentialAction":[{"@type":"SearchAction","target":{"@type":"EntryPoint","urlTemplate":"https:\/\/julesverne.com.tr\/?s={search_term_string}"},"query-input":"required name=search_term_string"}],"inLanguage":"en-US"},{"@type":"Organization","@id":"https:\/\/julesverne.com.tr\/#organization","name":"JULES VERNE BUSINESS MICE TRAVEL","url":"https:\/\/julesverne.com.tr\/","logo":{"@type":"ImageObject","inLanguage":"en-US","@id":"https:\/\/julesverne.com.tr\/#\/schema\/logo\/image\/","url":"https:\/\/julesverne.com.tr\/wp-content\/uploads\/2020\/09\/jv-bmt-logo.png","contentUrl":"https:\/\/julesverne.com.tr\/wp-content\/uploads\/2020\/09\/jv-bmt-logo.png","width":110,"height":81,"caption":"JULES VERNE BUSINESS MICE TRAVEL"},"image":{"@id":"https:\/\/julesverne.com.tr\/#\/schema\/logo\/image\/"},"sameAs":["https:\/\/www.facebook.com\/JulesVerneBusinessMiceTravel\/","https:\/\/twitter.com\/JV_BusinessMice","https:\/\/www.instagram.com\/julesvernebusinessmicetravel\/","https:\/\/www.linkedin.com\/company\/julesvernebusinessmicetravel\/","https:\/\/www.youtube.com\/channel\/UCAwdsmbZ6tFhu1tea6pkpiw"]},{"@type":"Person","@id":"https:\/\/julesverne.com.tr\/#\/schema\/person\/b27d0a74a740ecb2ffc838c934d95797","name":"senem.ekermen","url":"https:\/\/julesverne.com.tr\/en\/author\/senem-ekermen\/"}]}},"_links":{"self":[{"href":"https:\/\/julesverne.com.tr\/en\/wp-json\/wp\/v2\/posts\/8365"}],"collection":[{"href":"https:\/\/julesverne.com.tr\/en\/wp-json\/wp\/v2\/posts"}],"about":[{"href":"https:\/\/julesverne.com.tr\/en\/wp-json\/wp\/v2\/types\/post"}],"author":[{"embeddable":true,"href":"https:\/\/julesverne.com.tr\/en\/wp-json\/wp\/v2\/users\/5"}],"replies":[{"embeddable":true,"href":"https:\/\/julesverne.com.tr\/en\/wp-json\/wp\/v2\/comments?post=8365"}],"version-history":[{"count":1,"href":"https:\/\/julesverne.com.tr\/en\/wp-json\/wp\/v2\/posts\/8365\/revisions"}],"predecessor-version":[{"id":13520,"href":"https:\/\/julesverne.com.tr\/en\/wp-json\/wp\/v2\/posts\/8365\/revisions\/13520"}],"wp:featuredmedia":[{"embeddable":true,"href":"https:\/\/julesverne.com.tr\/en\/wp-json\/wp\/v2\/media\/8372"}],"wp:attachment":[{"href":"https:\/\/julesverne.com.tr\/en\/wp-json\/wp\/v2\/media?parent=8365"}],"wp:term":[{"taxonomy":"category","embeddable":true,"href":"https:\/\/julesverne.com.tr\/en\/wp-json\/wp\/v2\/categories?post=8365"},{"taxonomy":"post_tag","embeddable":true,"href":"https:\/\/julesverne.com.tr\/en\/wp-json\/wp\/v2\/tags?post=8365"}],"curies":[{"name":"wp","href":"https:\/\/api.w.org\/{rel}","templated":true}]}}