{"id":8334,"date":"2021-05-03T12:49:20","date_gmt":"2021-05-03T09:49:20","guid":{"rendered":"https:\/\/julesverne.com.tr\/?p=8334"},"modified":"2021-05-03T15:22:44","modified_gmt":"2021-05-03T12:22:44","slug":"bayramda-kisitlamalara-takilmadan-yurtdisinda-tatile-ne-dersiniz","status":"publish","type":"post","link":"https:\/\/julesverne.com.tr\/en\/travel-blog\/bayramda-kisitlamalara-takilmadan-yurtdisinda-tatile-ne-dersiniz\/","title":{"rendered":"Bayramda K\u0131s\u0131tlamalara Tak\u0131lmadan Yurtd\u0131\u015f\u0131nda Tatile Ne Dersiniz?"},"content":{"rendered":"<p><img loading=\"lazy\" decoding=\"async\" class=\"alignnone wp-image-8346\" src=\"https:\/\/julesverne.com.tr\/wp-content\/uploads\/2021\/05\/perast-kotor-montenegro_shutterstock_1290600511-500x331.jpg\" alt=\"\" width=\"1200\" height=\"793\" srcset=\"https:\/\/julesverne.com.tr\/wp-content\/uploads\/2021\/05\/perast-kotor-montenegro_shutterstock_1290600511-500x331.jpg 500w, https:\/\/julesverne.com.tr\/wp-content\/uploads\/2021\/05\/perast-kotor-montenegro_shutterstock_1290600511-768x508.jpg 768w, https:\/\/julesverne.com.tr\/wp-content\/uploads\/2021\/05\/perast-kotor-montenegro_shutterstock_1290600511.jpg 1000w\" sizes=\"(max-width: 1200px) 100vw, 1200px\" \/><\/p>\n<p>Tam kapanma d\u00f6nemine gelen <strong>Ramazan Bayram\u0131<\/strong> tatilini yurt d\u0131\u015f\u0131nda ge\u00e7irmek ister misiniz?\u00a0 Yan\u0131t\u0131n\u0131z evet ise, seyahat k\u0131s\u0131tlamalar\u0131ndan muaf olarak gidebilece\u011finiz birbirinden cazip yurtd\u0131\u015f\u0131 bayram \u00f6nerilerini sizin i\u00e7in haz\u0131rlad\u0131k. Hem \u00e7iftleri hem arkada\u015f gruplar\u0131n\u0131 hem de aileleri d\u00fc\u015f\u00fcnerek haz\u0131rlad\u0131\u011f\u0131m\u0131z yurtd\u0131\u015f\u0131 bayram seyahatlerimiz ile hepimizin hayalini kurdu\u011fu ve uzun zamand\u0131r \u00e7ok \u00f6zledi\u011fimiz destinasyonlara gidiyoruz.<\/p>\n<p>Seyahat bilgileri, Covid-19 tedbirleri, u\u00e7u\u015f bilgileri ve kurallar\u0131, vize prosed\u00fcrlerinin yer ald\u0131\u011f\u0131 <strong>Ramazan Bayram\u0131 Yurtd\u0131\u015f\u0131 Tatil Rehberi <\/strong>ile bayram program\u0131n\u0131z\u0131 yapmak \u00e7ok kolay! Adriyatik\u2019in incisi <strong>Montenegro<\/strong>\u2019dan \u00e7\u00f6lde bir vaha yarat\u0131lan, rengarenk, e\u011flenceli <strong>Dubai<\/strong>\u2019ye; el de\u011fmemi\u015f do\u011fal g\u00fczellikleriyle Hint Okyanusu\u2019nun adalar \u00fclkesi <strong>Sey\u015feller<\/strong>\u2019den her zaman cezbedici olan <strong>Maldivler<\/strong>\u2019e bayram tatili \u00f6nerilerimiz:<\/p>\n<p><img loading=\"lazy\" decoding=\"async\" class=\"alignnone wp-image-8335\" src=\"https:\/\/julesverne.com.tr\/wp-content\/uploads\/2021\/05\/maldives_shutterstock_1901686090-500x254.jpg\" alt=\"\" width=\"1200\" height=\"610\" srcset=\"https:\/\/julesverne.com.tr\/wp-content\/uploads\/2021\/05\/maldives_shutterstock_1901686090-500x254.jpg 500w, https:\/\/julesverne.com.tr\/wp-content\/uploads\/2021\/05\/maldives_shutterstock_1901686090-768x390.jpg 768w, https:\/\/julesverne.com.tr\/wp-content\/uploads\/2021\/05\/maldives_shutterstock_1901686090.jpg 1000w\" sizes=\"(max-width: 1200px) 100vw, 1200px\" \/><\/p>\n<h1><strong>Maldivler<\/strong><\/h1>\n<p>Hint Okyanusu&#8217;nun turkuaz sular\u0131yla \u00e7evrili geni\u015f adalar \u00fclkesi Maldivler irili ufakl\u0131 1.200 adas\u0131 ve 30 mercan adas\u0131 ile cenneti yery\u00fcz\u00fcne getiren e\u015fsiz yerlerden biri. Su \u00fcst\u00fc villalar\u0131, d\u00fcnya standartlar\u0131ndaki dal\u0131\u015f noktalar\u0131, l\u00fcks otelleri, e\u015fsiz g\u00fcn bat\u0131mlar\u0131, 300&#8217;den fazla tropikal bal\u0131k t\u00fcr\u00fcn\u00fcn ya\u015fad\u0131\u011f\u0131 s\u0131\u011f lag\u00fcnleriyle hem aileler hem arkada\u015f gruplar\u0131 hem de \u00e7iftler i\u00e7in harika bir destinasyona d\u00f6n\u00fc\u015f\u00fcyor. Havas\u0131, ambiyans\u0131, do\u011fas\u0131, do\u011fall\u0131\u011f\u0131, turkuaz mavi sular\u0131, bembeyaz kumsallar\u0131yla &#8220;hayatta bir kez ya\u015fanmas\u0131 gereken deneyimler&#8221; listemizde hep Maldivler var.<\/p>\n<p><strong>Maldivler Vize Prosed\u00fcrleri<\/strong><\/p>\n<p>30 g\u00fcne kadar olan konaklamalarda vizesiz Maldivler\u2019e seyahat etmek m\u00fcmk\u00fcn.<\/p>\n<p><strong>Maldivler\u2019e Nas\u0131l Gidilir?<\/strong><\/p>\n<p>THY ile \u0130stanbul Havaliman\u0131&#8217;ndan Male Havaliman\u0131&#8217;na \u00c7ar\u015famba ve Cumartesi g\u00fcnleri hari\u00e7 haftan\u0131n 5 g\u00fcn\u00fc, yakla\u015f\u0131k 8 saat s\u00fcren direkt u\u00e7u\u015flarla seyahat edebilirsiniz. G\u00fcnde 1 sefer yap\u0131lan u\u00e7u\u015flar saat fark\u0131ndan dolay\u0131 g\u00fcn kaybetmeyece\u011finiz u\u00e7u\u015f saatlerine denk geliyor.<\/p>\n<p><strong>Maldivler U\u00e7u\u015f Bilgileri<\/strong><\/p>\n<ul>\n<li>Gidi\u015f: \u0130stanbul Havaliman\u0131 &#8211; Male Havaliman\u0131 Kalk\u0131\u015f 01.50 Var\u0131\u015f 12.00<\/li>\n<li>D\u00f6n\u00fc\u015f: Male Havaliman\u0131 &#8211; \u0130stanbul havaliman\u0131 Kalk\u0131\u015f 22.40 Var\u0131\u015f 04.50<\/li>\n<\/ul>\n<p><strong>Maldivler Seyahat Prosed\u00fcrleri<\/strong><\/p>\n<p>Maldivler&#8217;e giri\u015fte beyan edilmesi gereken belgeler a\u015fa\u011f\u0131daki gibidir:<\/p>\n<ul>\n<li>Otel Rezervasyon Belgesi<\/li>\n<li>U\u00e7ak Biletleri<\/li>\n<li>\u0130ngilizce Negatif Covid-19 test sonucu raporu<\/li>\n<li>Sa\u011fl\u0131k Beyan Barkodu<\/li>\n<li>Maldivler seyahatinizden \u00f6nce, en fazla 96 saat \u00f6nce PCR testi yapt\u0131rman\u0131z gerekiyor. \u00dczerinde tarih yazmas\u0131 zorunlu olan, \u0130ngilizce Negatif sonu\u00e7lu PCR testinizi havaliman\u0131nda ibraz etmeniz gerekiyor.<\/li>\n<li>Maldivler u\u00e7u\u015funuzdan 24 saat \u00f6nce ve Maldivler&#8217;den ayr\u0131lmadan \u00f6nce Sa\u011fl\u0131k Beyan Formu&#8217;nu (HDF) doldurman\u0131z gerekiyor. Online olarak doldurulan formda test sonucunuzu PDF format\u0131nda y\u00fcklemeniz gerekmektedir. Form tamamland\u0131ktan sonra size verilen barkodu pasaport kontrol\u00fcnde okutman\u0131z gerekmektedir. Sa\u011fl\u0131k beyan formuna <a href=\"https:\/\/imuga.immigration.gov.mv\/ethd\/create\">buradan<\/a> ula\u015fabilirsiniz.<\/li>\n<li>Havaliman\u0131nda, transfer boyunca ve t\u00fcm ortak alanlarda maske takma zorunlulu\u011fu bulunuyor.<\/li>\n<li>Maldivler seyahatiniz boyunca tek bir otelde kalman\u0131z gerekiyor. Adalar aras\u0131 yolculu\u011fa izin verilmedi\u011fini de hat\u0131rlatal\u0131m.<\/li>\n<li>T\u00fcrkiye\u2019ye giri\u015flerde en fazla 72 saat \u00f6nce yap\u0131lm\u0131\u015f test sonucu ibraz\u0131 gerekiyor.<\/li>\n<\/ul>\n<h2><a href=\"https:\/\/julesverne.com.tr\/seyahat-blog\/maldivler-otel-onerileri\/\"><strong><u>Bayram \u00d6zel Maldivler Otel \u00d6nerilerimiz i\u00e7in t\u0131klay\u0131n!<\/u><\/strong><\/a><\/h2>\n<p><img loading=\"lazy\" decoding=\"async\" class=\"alignnone wp-image-8337\" src=\"https:\/\/julesverne.com.tr\/wp-content\/uploads\/2021\/05\/montenegro_-Sveti-Stefan_shutterstock_348606449-500x334.jpg\" alt=\"\" width=\"1200\" height=\"800\" srcset=\"https:\/\/julesverne.com.tr\/wp-content\/uploads\/2021\/05\/montenegro_-Sveti-Stefan_shutterstock_348606449-500x334.jpg 500w, https:\/\/julesverne.com.tr\/wp-content\/uploads\/2021\/05\/montenegro_-Sveti-Stefan_shutterstock_348606449-768x512.jpg 768w, https:\/\/julesverne.com.tr\/wp-content\/uploads\/2021\/05\/montenegro_-Sveti-Stefan_shutterstock_348606449.jpg 1000w\" sizes=\"(max-width: 1200px) 100vw, 1200px\" \/><\/p>\n<h1><strong>Montenegro (Karada\u011f)<\/strong><\/h1>\n<p>Engebeli da\u011f manzaras\u0131 ve par\u0131ldayan sahil limanlar\u0131 ile Montenegro co\u011frafi konumunun avantaj\u0131na tarihi, do\u011fal ve k\u00fclt\u00fcrel g\u00fczelliklerini ekliyor. Her ne kadar art\u0131k &#8220;ke\u015ffedilmemi\u015f&#8221; olarak tan\u0131mlayamasak da Montenegro hala \u00f6zg\u00fcnl\u00fc\u011f\u00fcn\u00fc koruyan, sempatik destinasyonlar\u0131 ke\u015ffetmek isteyen gezginler i\u00e7in heyecan verici bir destinasyon. Adriyatik Denizi boyunca uzanan \u00fclke da\u011flar\u0131, g\u00f6lleri, muazzam k\u0131y\u0131 \u015feridi ve harika Akdeniz iklimi ile ba\u015ftan \u00e7\u0131kar\u0131c\u0131. Buna bir de Montenegro halk\u0131n\u0131n enerjisi ve g\u00fcler y\u00fcz\u00fc eklendi\u011finde &#8220;daha \u00f6nce neden buraya seyahat etmedim?&#8221; diye sorman\u0131z \u00e7ok do\u011fal. Son y\u0131llarda prestijli seyahat dergileri ve yazarlar\u0131 taraf\u0131ndan yeni Frans\u0131z Rivieras\u0131 olarak betimlenen Montenegro yerel mutfak k\u00fclt\u00fcr\u00fc, \u015farap \u00e7e\u015fitlili\u011fi, do\u011fal g\u00fczellikleri, l\u00fcks otelleri, tarihi ve k\u00fclt\u00fcrel noktalar\u0131yla d\u00fcnya gezginlerinin radar\u0131nda.<\/p>\n<p>14. Y\u00fczy\u0131lda Ribnitsa ad\u0131yla bir Orta \u00c7a\u011f kenti olarak kurulan <strong>Podgorica<\/strong>; Orta \u00c7a\u011f\u2019dan g\u00fcn\u00fcm\u00fcze en iyi \u015fekilde korunan tarihi g\u00fczellikleri, sahilleri ve gece hayat\u0131yla <strong>Budva<\/strong>; Adriyatik k\u0131y\u0131s\u0131nda, fiyordu and\u0131ran co\u011frafik yap\u0131s\u0131 ile b\u00fcy\u00fcleyen <strong>Kotor<\/strong>; Adriyatik Denizi\u2019nin en g\u00f6z al\u0131c\u0131 ve pop\u00fcler dura\u011f\u0131 <strong>Sveti Stefan<\/strong>; Kotor K\u00f6rfezi&#8217;nin en eski kasabalar\u0131ndan biri olan <strong>Perast<\/strong>; \u00fclkenin en g\u00f6z al\u0131c\u0131 noktalar\u0131ndan olan marina \u015fehri <strong>Tivat<\/strong>, \u00fclkenin tarihi ve k\u00fclt\u00fcrel merkezi olan <strong>Cetinje<\/strong> Montenegro\u2019nun en pop\u00fcler destinasyonlar\u0131.<\/p>\n<p><strong>Montenegro Vize Prosed\u00fcrleri<\/strong><\/p>\n<p>T\u00fcrkiye Cumhuriyeti vatanda\u015flar\u0131, 90 g\u00fcne kadar olan seyahatlerinde vizeden muaft\u0131r. Vizeden muaf olan TC vatanda\u015flar\u0131 i\u00e7in \u00fclkede kalmay\u0131 planlad\u0131klar\u0131 s\u00fcre ile orant\u0131l\u0131 makul miktarda d\u00f6vizi yanlar\u0131nda bulundurmalar\u0131 ve g\u00f6revlilere u\u00e7ak bileti, otel rezervasyon bilgilerini g\u00f6stermeleri \u00f6nerilmektedir.<\/p>\n<p><strong>Montenegro\u2019ya Nas\u0131l Gidilir?<\/strong><\/p>\n<p>\u0130stanbul Havaliman\u0131\u2019ndan T\u00fcrk Hava Yollar\u0131 ile haftan\u0131n her g\u00fcn\u00fc 2 kez ger\u00e7ekle\u015fen, yakla\u015f\u0131k 1 saat 50 dakika s\u00fcren direkt u\u00e7u\u015flarla Podgorica Havaliman\u0131\u2019na u\u00e7abilirsiniz.<\/p>\n<p><strong>Montenegro U\u00e7u\u015f Bilgileri<\/strong><\/p>\n<ul>\n<li>Gidi\u015f: \u0130stanbul Havaliman\u0131 &#8211; Podgorica Havaliman\u0131 Kalk\u0131\u015f 08.00 Var\u0131\u015f 08.40 veya \u0130stanbul Havaliman\u0131 &#8211; Podgorica Havaliman\u0131 Kalk\u0131\u015f 19.00 Var\u0131\u015f 19.50<\/li>\n<li>D\u00f6n\u00fc\u015f: Podgorica Havaliman\u0131 &#8211; \u0130stanbul havaliman\u0131 Kalk\u0131\u015f 09.30 Var\u0131\u015f 12.15 veya Podgorica Havaliman\u0131 &#8211; \u0130stanbul havaliman\u0131 Kalk\u0131\u015f 20.40 Var\u0131\u015f 23.30<\/li>\n<\/ul>\n<p><strong>Montenegro Seyahat Prosed\u00fcrleri <\/strong><\/p>\n<ul>\n<li>5 ya\u015f ve \u00fczeri t\u00fcm yolcular\u0131n Montenegro seyahati \u00f6ncesi en fazla 48 saat \u00f6nce PCR testi yapt\u0131rmas\u0131 gerekiyor. \u00dczerinde tarih yazmas\u0131 zorunlu olan, \u0130ngilizce Negatif sonu\u00e7lu PCR testinizi havaliman\u0131nda ibraz etmeniz gerekiyor.<\/li>\n<li>5 ya\u015f ve \u00fczeri ki\u015filerin, 2 metrelik fiziksel mesafe ko\u015fulunu koruma ko\u015fuluyla plajlar ve milli parklar hari\u00e7 t\u00fcm i\u00e7 ve d\u0131\u015f alanlarda maske takma zorunlulu\u011fu bulunuyor.<\/li>\n<li>T\u00fcrkiye\u2019ye giri\u015flerde en fazla 72 saat \u00f6nce yap\u0131lm\u0131\u015f test sonucu ibraz\u0131 gerekiyor. Montenegro\u2019da PCR testi \u00fccreti ki\u015fi ba\u015f\u0131 ortalama 80 Euro. PCR testi, baz\u0131 konaklama birimlerinin anla\u015fmal\u0131 oldu\u011fu kurumlar otelde testi yaparken, baz\u0131 konaklama birimleri ise sizi anla\u015fmal\u0131 medikal kurumlara y\u00f6nlendiriyor.<\/li>\n<\/ul>\n<h2><a href=\"https:\/\/julesverne.com.tr\/seyahat-blog\/nerede-kalsak\/montenegro-otel-onerileri\/\"><strong><u>Bayram \u00d6zel Montenegro Otel \u00d6nerilerimiz i\u00e7in t\u0131klay\u0131n!<\/u><\/strong><\/a><\/h2>\n<p><img loading=\"lazy\" decoding=\"async\" class=\"alignnone wp-image-8336\" src=\"https:\/\/julesverne.com.tr\/wp-content\/uploads\/2021\/05\/seychelles_shutterstock_1058026505-500x375.jpg\" alt=\"\" width=\"1200\" height=\"899\" srcset=\"https:\/\/julesverne.com.tr\/wp-content\/uploads\/2021\/05\/seychelles_shutterstock_1058026505-500x375.jpg 500w, https:\/\/julesverne.com.tr\/wp-content\/uploads\/2021\/05\/seychelles_shutterstock_1058026505-768x575.jpg 768w, https:\/\/julesverne.com.tr\/wp-content\/uploads\/2021\/05\/seychelles_shutterstock_1058026505.jpg 1000w\" sizes=\"(max-width: 1200px) 100vw, 1200px\" \/><\/p>\n<h1><strong>Sey\u015feller<\/strong><\/h1>\n<p>Kenya&#8217;n\u0131n do\u011fu k\u0131y\u0131s\u0131nda yer alan Sey\u015feller 115 mercan ve granit adadan olu\u015fan bir yery\u00fcz\u00fc cenneti. UNESCO listesinde yer alan do\u011fal koruma alanlar\u0131 ile el de\u011fmemi\u015f bakir do\u011fas\u0131n\u0131 korumaya devam eden Sey\u015feller <strong>Mah\u00e9, Praslin, La Digue, North, Silhouette, Fregate<\/strong> gibi g\u00f6zde adalar\u0131 ve l\u00fcks ada otelleri ile misafirlerinin ba\u015f\u0131n\u0131 d\u00f6nd\u00fcr\u00fcyor.<\/p>\n<p>Hint Okyanusu&#8217;ndaki konumu, muhte\u015fem palmiye sa\u00e7akl\u0131 beyaz kumlu plajlar\u0131, nadir bulunan hayvan t\u00fcrleri ile Sey\u015feller \u00f6yle iyi korunuyor ki insano\u011flunun yapabileceklerinin s\u0131n\u0131rlar\u0131 \u00e7oktan belirlenmi\u015f. Mahremiyeti, do\u011fay\u0131, l\u00fcks\u00fc ve dinginli\u011fi bir arada ya\u015famak isteyen \u00e7iftlerin; \u00e7ocuklar\u0131na unutulmaz bir an\u0131 b\u0131rakmak isteyen ailelerin; modern \u015fehir hayat\u0131na k\u0131sa bir mola vermek isteyen arkada\u015f gruplar\u0131n\u0131n tropikal adresi Sey\u015feller!<\/p>\n<p><strong>Sey\u015feller Vize Prosed\u00fcrleri<\/strong><\/p>\n<p>T\u00fcrkiye Cumhuriyeti vatanda\u015flar\u0131, 90 g\u00fcne kadar olan seyahatlerinde vizeden muaf.<\/p>\n<p><strong>Sey\u015feller\u2019e Nas\u0131l Gidilir?<\/strong><\/p>\n<p>\u0130stanbul Havaliman\u0131\u2019ndan T\u00fcrk Hava Yollar\u0131 ile 3 May\u0131s \u2013 17 Temmuz 2021 tarihleri aras\u0131nda Sal\u0131 ve Cuma g\u00fcnleri, 17 temmuz -30 Ekim 2021 tarihleri aras\u0131nda\u00a0 Sal\u0131 ve Cumartesi g\u00fcnleri, 1 Kas\u0131m &#8211; 11 Aral\u0131k 2021 tarihleri aras\u0131nda Pazartesi &#8211; \u00c7ar\u015famba \u2013 Cumartesi g\u00fcnleri, 8 saat s\u00fcren direkt u\u00e7u\u015flarla Sey\u015feller\u2019e gidebilirsiniz.<\/p>\n<p><strong>Sey\u015feller U\u00e7u\u015f Bilgileri<\/strong><\/p>\n<ul>\n<li>Gidi\u015f: \u0130stanbul Havaliman\u0131 &#8211; Sey\u015feller Havaliman\u0131 Kalk\u0131\u015f 01.55 Var\u0131\u015f 11.00<\/li>\n<li>D\u00f6n\u00fc\u015f: Sey\u015feller Havaliman\u0131 &#8211; \u0130stanbul havaliman\u0131 Kalk\u0131\u015f 22.05 Var\u0131\u015f 04.45<\/li>\n<\/ul>\n<p><strong>Sey\u015feller Seyahat Prosed\u00fcrleri <\/strong><\/p>\n<ul>\n<li>U\u00e7u\u015funuzdan \u00f6nceki 72 saat i\u00e7inde yap\u0131lm\u0131\u015f, negatif sonu\u00e7lu COVID\u201119 PCR testi ibraz etmeniz gerekiyor.<\/li>\n<li>U\u00e7u\u015funuz \u00f6ncesi otel rezervasyon belgesi, sa\u011fl\u0131k beyan formu ve u\u00e7ak bileti g\u00f6sterilmesi gerekiyor.<\/li>\n<li>Seyahat Sa\u011fl\u0131k Yetkisi almak i\u00e7in u\u00e7u\u015funuzdan \u00f6nce evraklar\u0131n\u0131z tamamland\u0131\u011f\u0131nda bu link (https:\/\/seychelles.govtas.com\/)\u00fczerinden Seyahat Sa\u011fl\u0131k Formunu doldurup sistem \u00fczerinden onay almak gerekiyor. Onay\u0131n ula\u015fmas\u0131 3 saat kadar s\u00fcrebilmektedir. Doldurulmu\u015f formun \u00e7\u0131kt\u0131s\u0131n\u0131 yan\u0131n\u0131za alabilir ya da \u201cSeychelles Trave Auth\u201d uygulamas\u0131 \u00fczerinden formunuzu g\u00f6sterebilirsiniz. Formu doldururken Covid-19 test sonucu, pasaport \u00f6n sayfa g\u00f6r\u00fcnt\u00fcs\u00fc ve Covid-19\u2019u kapsayan seyahat sigorta poli\u00e7enizi y\u00fcklemeniz gerekiyor.<\/li>\n<li>Var\u0131\u015fta semptom g\u00f6stermeyen yolcular karantina s\u00fcrecine girmeden tatillerine ba\u015fl\u0131yor.<\/li>\n<\/ul>\n<p>T\u00fcrkiye\u2019ye giri\u015flerde en ge\u00e7 72 saat \u00f6nce yap\u0131lm\u0131\u015f test sonucu ibraz\u0131 gerekti\u011fi i\u00e7in d\u00f6n\u00fc\u015f g\u00fcn\u00fcnden \u00f6nce mutlaka test yapt\u0131rmak gerekiyor. Sey\u015feller\u2019de PCR testi \u00fccreti Ki\u015fi Ba\u015f\u0131 2,500.00 SCR\u2019dir (yakla\u015f\u0131k 97 EUR). Testler Mahe, Praslin ve La Digue adalar\u0131nda sa\u011fl\u0131k tesislerinde yap\u0131labilmektedir. Test yapt\u0131rmak i\u00e7in \u00f6nceden <a href=\"mailto:covid19test@health.gov.sc\">covid19test@health.gov.sc<\/a> adresi \u00fczerinden veya +248 4388410 numaral\u0131 telefondan randevu al\u0131nabilir.<\/p>\n<h2><a href=\"https:\/\/julesverne.com.tr\/seyahat-blog\/nerede-kalsak\/seyseller-otel-onerileri\/\"><strong><u>Bayram \u00d6zel Sey\u015feller Otel \u00d6nerilerimiz i\u00e7in t\u0131klay\u0131n!<\/u><\/strong><\/a><\/h2>\n<p>K\u0131sa bir s\u00fcre i\u00e7in ge\u00e7erli, \u00e7ok \u00f6zel indirimli fiyatlarla <strong>Constance Hotels &amp; Resorts &amp; Golf\u00a0<\/strong> otellerinde konaklayarak Sey\u015feller\u2019de r\u00fcya gibi bir tatil yapabilirsiniz.<\/p>\n<p><img loading=\"lazy\" decoding=\"async\" class=\"size-medium wp-image-8180 alignleft\" src=\"https:\/\/julesverne.com.tr\/wp-content\/uploads\/2021\/04\/ephelia-seychelles-2020-aerial-04-500x375.jpg\" alt=\"\" width=\"500\" height=\"375\" srcset=\"https:\/\/julesverne.com.tr\/wp-content\/uploads\/2021\/04\/ephelia-seychelles-2020-aerial-04-500x375.jpg 500w, https:\/\/julesverne.com.tr\/wp-content\/uploads\/2021\/04\/ephelia-seychelles-2020-aerial-04-768x576.jpg 768w, https:\/\/julesverne.com.tr\/wp-content\/uploads\/2021\/04\/ephelia-seychelles-2020-aerial-04.jpg 1104w\" sizes=\"(max-width: 500px) 100vw, 500px\" \/><\/p>\n<p>&nbsp;<\/p>\n<p><strong>CONSTANCE EPHELIA<\/strong><\/p>\n<p><strong>16 May\u0131s \u2013 30 Haziran 2021<\/strong> tarihleri aras\u0131nda ge\u00e7erli olan \u00e7ok \u00f6zel fiyatlarla, hem aileler hem de romantik \u00e7iftler i\u00e7in \u00f6zel olarak tasarlanan Constance Ephelia&#8217;da kendinizi do\u011fada izole edece\u011finiz harika tatil ge\u00e7irmeye ne dersiniz? E\u015fsiz bir bitki \u00f6rt\u00fcs\u00fcn\u00fcn i\u00e7erisinde yer alan otelde Constance SPA, \u00e7ocuklar\u0131n e\u011flenceli saatler ge\u00e7irece\u011fi maceralarla dolu Constance Kids Club, okyanus manzaras\u0131na kar\u015f\u0131 yiyebilece\u011finiz \u00f6zel ak\u015fam yemekleri, su alt\u0131 dal\u0131\u015flar\u0131 ve \u00e7ok daha fazlas\u0131 sizleri bekliyor!<\/p>\n<p><a href=\"https:\/\/julesverne.com.tr\/gezi\/firsatlar\/seysellerin-incisi-constance-epheliada-5-gece-konaklayin\/\">Detayl\u0131 bilgi i\u00e7in t\u0131klay\u0131n!<\/a><\/p>\n<p>&nbsp;<\/p>\n<p>&nbsp;<\/p>\n<p>&nbsp;<\/p>\n<p><strong><img loading=\"lazy\" decoding=\"async\" class=\"size-medium wp-image-8190 alignleft\" src=\"https:\/\/julesverne.com.tr\/wp-content\/uploads\/2021\/04\/lemuria-seychelles-aerial-view-14_hd-500x333.jpg\" alt=\"\" width=\"500\" height=\"333\" srcset=\"https:\/\/julesverne.com.tr\/wp-content\/uploads\/2021\/04\/lemuria-seychelles-aerial-view-14_hd-500x333.jpg 500w, https:\/\/julesverne.com.tr\/wp-content\/uploads\/2021\/04\/lemuria-seychelles-aerial-view-14_hd-1280x853.jpg 1280w, https:\/\/julesverne.com.tr\/wp-content\/uploads\/2021\/04\/lemuria-seychelles-aerial-view-14_hd-768x512.jpg 768w, https:\/\/julesverne.com.tr\/wp-content\/uploads\/2021\/04\/lemuria-seychelles-aerial-view-14_hd-1536x1024.jpg 1536w, https:\/\/julesverne.com.tr\/wp-content\/uploads\/2021\/04\/lemuria-seychelles-aerial-view-14_hd-2048x1365.jpg 2048w, https:\/\/julesverne.com.tr\/wp-content\/uploads\/2021\/04\/lemuria-seychelles-aerial-view-14_hd-scaled.jpg 1600w\" sizes=\"(max-width: 500px) 100vw, 500px\" \/><\/strong><\/p>\n<p>&nbsp;<\/p>\n<p><strong>CONSTANCE LEMURIA<\/strong><\/p>\n<p><strong>22 May\u0131s \u2013 30 Haziran 2021<\/strong> tarihleri aras\u0131nda ge\u00e7erli olan \u00e7ok \u00f6zel fiyatlarla The Leading Hotels of the World listesindeki egzotik cennet Constance Lemuria&#8217;da Sey\u015feller&#8217;in cazibesi ile lokal k\u00fclt\u00fcr\u00fcn g\u00fczelli\u011fini bir arada ya\u015fayamaya ne dersiniz? Praslin Adas\u0131&#8217;ndaki bembeyaz kumsal\u0131, el de\u011fmemi\u015f do\u011fal g\u00fczellikleri, farkl\u0131 damak zevklerine hitap eden restoran ve bar se\u00e7enekleri, Kids Club, SPA, ada ke\u015fifleri, dal\u0131\u015f aktiviteleri ile Constance Lemuria\u2019da unutulmayacak bir tatil sizleri bekliyor!<\/p>\n<p><a href=\"https:\/\/julesverne.com.tr\/gezi\/firsatlar\/seysellerin-egzotik-cenneti-constance-lemuriada-5-gece-konaklayin\/\">Detayl\u0131 bilgi i\u00e7in t\u0131klay\u0131n!<\/a><\/p>\n<p>&nbsp;<\/p>\n<p>&nbsp;<\/p>\n<p>&nbsp;<\/p>\n<p><img loading=\"lazy\" decoding=\"async\" class=\"alignnone wp-image-8125\" src=\"https:\/\/julesverne.com.tr\/wp-content\/uploads\/2021\/04\/Dubai_shutterstock_577559902-500x318.jpg\" alt=\"\" width=\"1200\" height=\"762\" srcset=\"https:\/\/julesverne.com.tr\/wp-content\/uploads\/2021\/04\/Dubai_shutterstock_577559902-500x318.jpg 500w, https:\/\/julesverne.com.tr\/wp-content\/uploads\/2021\/04\/Dubai_shutterstock_577559902-768x488.jpg 768w, https:\/\/julesverne.com.tr\/wp-content\/uploads\/2021\/04\/Dubai_shutterstock_577559902.jpg 1000w\" sizes=\"(max-width: 1200px) 100vw, 1200px\" \/><\/p>\n<h2><strong>Dubai<\/strong><\/h2>\n<p>Bir \u00e7\u00f6l nas\u0131l g\u00f6rkemli bir \u015fehre d\u00f6n\u00fc\u015f\u00fcr? Cevab\u0131 Dubai versin! L\u00fcks otelleri, g\u00f6steri\u015fli al\u0131\u015fveri\u015f merkezleri, sanat duraklar\u0131, dudak u\u00e7uklatan aktivite se\u00e7enekleri, e\u011flence parklar\u0131, tasar\u0131m ma\u011fazalar\u0131, gurme restoranlar\u0131, marinas\u0131 ile cazibesini korumaya devam ediyor. \u0130ster kendinizi dev al\u0131\u015fveri\u015f merkezlerinde al\u0131\u015fveri\u015fe b\u0131rak\u0131n, isterseniz tema parklarda e\u011flenceye ko\u015fun! Kumsalda keyif yap\u0131p, denizin tad\u0131n\u0131 \u00e7\u0131kar\u0131n ya da \u00e7\u00f6l kumunda board yap\u0131n! Dubai hem \u00e7iftlere, hem e\u011flenceli arkada\u015f gruplar\u0131na hem de \u00e7ocuklu ailelere hitap edecek renkte alternatif sunabiliyor.<\/p>\n<p><strong>Dubai Vize Prosed\u00fcrleri<\/strong><\/p>\n<p>Dubai seyahatlerinizde, T\u00fcrkiye Cumhuriyeti vatanda\u015flar\u0131ndan vize talep edilmektedir.<\/p>\n<p><strong>Dubai\u2019ye Nas\u0131l Gidilir?<\/strong><\/p>\n<p>\u0130stanbul Havaliman\u0131\u2019ndan T\u00fcrk Hava Yollar\u0131 ile Per\u015fembe, Cuma, Cumartesi ve Pazar olmak \u00fczere haftan\u0131n 4 g\u00fcn\u00fc, 4 saat 20 dakika s\u00fcren direkt u\u00e7u\u015flarla Dubai\u2019ye gidebilirsiniz. Yine Emirates Havayollar\u0131 ile haftan\u0131n her g\u00fcn\u00fc 4 saat 20 dakika s\u00fcren direkt u\u00e7u\u015flarla Dubai\u2019ye gitmek m\u00fcmk\u00fcn.<\/p>\n<p><strong>Dubai U\u00e7u\u015f Bilgileri<\/strong><\/p>\n<p><strong><u>THY ile:<\/u><\/strong><\/p>\n<ul>\n<li>Gidi\u015f: \u0130stanbul Havaliman\u0131 &#8211; Dubai Havaliman\u0131 Kalk\u0131\u015f 00.40 Var\u0131\u015f 05.55 veya \u0130stanbul Havaliman\u0131 &#8211; Dubai Havaliman\u0131 Kalk\u0131\u015f 19.05 Var\u0131\u015f 00.30<\/li>\n<li>D\u00f6n\u00fc\u015f: Dubai Havaliman\u0131 &#8211; \u0130stanbul havaliman\u0131 Kalk\u0131\u015f 02.05 Var\u0131\u015f 05.35 veya Dubai Havaliman\u0131 &#8211; \u0130stanbul havaliman\u0131 Kalk\u0131\u015f 07.35 Var\u0131\u015f 11.10<\/li>\n<\/ul>\n<p><strong><u>Emirates ile<\/u><\/strong><\/p>\n<ul>\n<li>Gidi\u015f: \u0130stanbul Havaliman\u0131 &#8211; Dubai Havaliman\u0131 Kalk\u0131\u015f 16.30 Var\u0131\u015f 21.50 veya \u0130stanbul Havaliman\u0131 &#8211; Dubai Havaliman\u0131 Kalk\u0131\u015f 19.25 Var\u0131\u015f 00.55<\/li>\n<li>D\u00f6n\u00fc\u015f: Dubai Havaliman\u0131 &#8211; \u0130stanbul havaliman\u0131 Kalk\u0131\u015f 11.10 Var\u0131\u015f 14.45 veya Dubai Havaliman\u0131 &#8211; \u0130stanbul havaliman\u0131 Kalk\u0131\u015f 14.20 Var\u0131\u015f 17.55<\/li>\n<\/ul>\n<p><strong>Dubai Seyahat Prosed\u00fcrleri <\/strong><\/p>\n<ul>\n<li>Dubai seyahatiniz i\u00e7in aile vizesi ba\u015fvurusu yapabiliyorsunuz. Vizeniz 1 hafta i\u00e7erisinde \u00e7\u0131k\u0131yor.<\/li>\n<li>U\u00e7u\u015funuzdan \u00f6nceki 72 saat i\u00e7inde yap\u0131lm\u0131\u015f, negatif sonu\u00e7lu COVID\u201119 PCR testi ibraz etmeniz gerekiyor.<\/li>\n<li>Dubai Uluslararas\u0131 Havaliman\u0131\u2019na var\u0131\u015fta yeniden COVID\u201119 PCR testi yapt\u0131rman\u0131z gerekiyor.<\/li>\n<li>Var\u0131\u015fta al\u0131nan negatif test sonucu itibariyle herhangi bir karantina uygulamas\u0131 olmadan seyahatinize ba\u015fl\u0131yorsunuz.<\/li>\n<li>Dubai seyahati d\u00f6n\u00fc\u015f\u00fcn\u00fczde, T\u00fcrkiye\u2019ye var\u0131\u015f\u0131n\u0131zda 72 saat i\u00e7erisinde yap\u0131lm\u0131\u015f, negatif sonu\u00e7lu COVID\u201119 PCR testi ibraz etmeniz gerekiyor.<\/li>\n<\/ul>\n<h2><a href=\"https:\/\/julesverne.com.tr\/seyahat-blog\/nerede-kalsak\/dubai-otel-onerileri\/\"><strong><u>Bayram \u00d6zel Dubai Otel \u00d6nerilerimiz i\u00e7in t\u0131klay\u0131n!<\/u><\/strong><\/a><\/h2>\n<p>&nbsp;<\/p>\n<p style=\"text-align: center;\"><strong>Ramazan Bayram\u0131&#8217;nda Size \u00d6zel Yurtd\u0131\u015f\u0131 Seyahat Program\u0131 \u0130le \u0130lgili Detayl\u0131 Bilgi ve Rezervasyon:<\/strong><\/p>\n<p style=\"text-align: center;\"><strong><a href=\"mailto:Travel@julesverne.com.tr\">Travel@julesverne.com.tr<\/a><\/strong><\/p>\n","protected":false},"excerpt":{"rendered":"<p>Tam kapanma d\u00f6nemine gelen Ramazan Bayram\u0131 tatilini yurt d\u0131\u015f\u0131nda ge\u00e7irmek ister misiniz?\u00a0 Yan\u0131t\u0131n\u0131z evet ise, seyahat k\u0131s\u0131tlamalar\u0131ndan muaf olarak gidebilece\u011finiz birbirinden cazip yurtd\u0131\u015f\u0131 bayram \u00f6nerilerini sizin i\u00e7in haz\u0131rlad\u0131k. Hem \u00e7iftleri hem arkada\u015f gruplar\u0131n\u0131 hem de aileleri d\u00fc\u015f\u00fcnerek haz\u0131rlad\u0131\u011f\u0131m\u0131z yurtd\u0131\u015f\u0131 bayram seyahatlerimiz ile hepimizin hayalini kurdu\u011fu ve uzun zamand\u0131r \u00e7ok \u00f6zledi\u011fimiz destinasyonlara gidiyoruz. Seyahat bilgileri, Covid-19 [&hellip;]<\/p>\n","protected":false},"author":5,"featured_media":8342,"comment_status":"closed","ping_status":"closed","sticky":false,"template":"","format":"standard","meta":{"inline_featured_image":false,"footnotes":""},"categories":[1,40,39],"tags":[74,73,117],"acf":[],"yoast_head":"<!-- This site is optimized with the Yoast SEO plugin v22.3 - https:\/\/yoast.com\/wordpress\/plugins\/seo\/ -->\n<title>Bayramda K\u0131s\u0131tlamalara Tak\u0131lmadan Yurtd\u0131\u015f\u0131nda Tatile Ne Dersiniz? - JULES VERNE BUSINESS MICE TRAVEL<\/title>\n<meta name=\"description\" content=\"Tam kapanma d\u00f6nemine gelen Ramazan Bayram\u0131 tatilini yurt d\u0131\u015f\u0131nda ge\u00e7irmek ister misiniz? Seyahat k\u0131s\u0131tlamalar\u0131ndan muaf olarak gidebilece\u011finiz yurtd\u0131\u015f\u0131 bayram seyahatlerimiz ile hepimizin hayalini kurdu\u011fu ve uzun zamand\u0131r \u00e7ok \u00f6zledi\u011fimiz destinasyonlara gidiyoruz. Covid-19 tedbirleri, u\u00e7u\u015f kurallar\u0131, vize bilgilerinin yer ald\u0131\u011f\u0131 rehberimiz sayesinde bayram tatili programlar\u0131n\u0131z haz\u0131r! Adriyatik\u2019in incisi Montenegro\u2019dan \u00e7\u00f6lde bir vaha yarat\u0131lan, rengarenk, e\u011flenceli Dubai\u2019ye; el de\u011fmemi\u015f do\u011fal g\u00fczellikleriyle Hint Okyanusu\u2019nun adalar \u00fclkesi Sey\u015feller\u2019den her zaman cezbedici olan Maldivler\u2019e bayram \u00f6nerilerimiz:\" \/>\n<meta name=\"robots\" content=\"index, follow, max-snippet:-1, max-image-preview:large, max-video-preview:-1\" \/>\n<link rel=\"canonical\" href=\"https:\/\/julesverne.com.tr\/travel-blog\/bayramda-kisitlamalara-takilmadan-yurtdisinda-tatile-ne-dersiniz\/\" \/>\n<meta property=\"og:locale\" content=\"en_US\" \/>\n<meta property=\"og:type\" content=\"article\" \/>\n<meta property=\"og:title\" content=\"Bayramda K\u0131s\u0131tlamalara Tak\u0131lmadan Yurtd\u0131\u015f\u0131nda Tatile Ne Dersiniz? - JULES VERNE BUSINESS MICE TRAVEL\" \/>\n<meta property=\"og:description\" content=\"Tam kapanma d\u00f6nemine gelen Ramazan Bayram\u0131 tatilini yurt d\u0131\u015f\u0131nda ge\u00e7irmek ister misiniz? Seyahat k\u0131s\u0131tlamalar\u0131ndan muaf olarak gidebilece\u011finiz yurtd\u0131\u015f\u0131 bayram seyahatlerimiz ile hepimizin hayalini kurdu\u011fu ve uzun zamand\u0131r \u00e7ok \u00f6zledi\u011fimiz destinasyonlara gidiyoruz. Covid-19 tedbirleri, u\u00e7u\u015f kurallar\u0131, vize bilgilerinin yer ald\u0131\u011f\u0131 rehberimiz sayesinde bayram tatili programlar\u0131n\u0131z haz\u0131r! Adriyatik\u2019in incisi Montenegro\u2019dan \u00e7\u00f6lde bir vaha yarat\u0131lan, rengarenk, e\u011flenceli Dubai\u2019ye; el de\u011fmemi\u015f do\u011fal g\u00fczellikleriyle Hint Okyanusu\u2019nun adalar \u00fclkesi Sey\u015feller\u2019den her zaman cezbedici olan Maldivler\u2019e bayram \u00f6nerilerimiz:\" \/>\n<meta property=\"og:url\" content=\"https:\/\/julesverne.com.tr\/travel-blog\/bayramda-kisitlamalara-takilmadan-yurtdisinda-tatile-ne-dersiniz\/\" \/>\n<meta property=\"og:site_name\" content=\"JULES VERNE BUSINESS MICE TRAVEL\" \/>\n<meta property=\"article:publisher\" content=\"https:\/\/www.facebook.com\/JulesVerneBusinessMiceTravel\/\" \/>\n<meta property=\"article:published_time\" content=\"2021-05-03T09:49:20+00:00\" \/>\n<meta property=\"article:modified_time\" content=\"2021-05-03T12:22:44+00:00\" \/>\n<meta property=\"og:image\" content=\"https:\/\/julesverne.com.tr\/wp-content\/uploads\/2021\/05\/seychelles_shutterstock_699387709.jpg\" \/>\n\t<meta property=\"og:image:width\" content=\"1000\" \/>\n\t<meta property=\"og:image:height\" content=\"643\" \/>\n\t<meta property=\"og:image:type\" content=\"image\/jpeg\" \/>\n<meta name=\"author\" content=\"senem.ekermen\" \/>\n<meta name=\"twitter:card\" content=\"summary_large_image\" \/>\n<meta name=\"twitter:creator\" content=\"@JV_BusinessMice\" \/>\n<meta name=\"twitter:site\" content=\"@JV_BusinessMice\" \/>\n<meta name=\"twitter:label1\" content=\"Written by\" \/>\n\t<meta name=\"twitter:data1\" content=\"senem.ekermen\" \/>\n\t<meta name=\"twitter:label2\" content=\"Est. reading time\" \/>\n\t<meta name=\"twitter:data2\" content=\"9 minutes\" \/>\n<script type=\"application\/ld+json\" class=\"yoast-schema-graph\">{\"@context\":\"https:\/\/schema.org\",\"@graph\":[{\"@type\":\"Article\",\"@id\":\"https:\/\/julesverne.com.tr\/travel-blog\/bayramda-kisitlamalara-takilmadan-yurtdisinda-tatile-ne-dersiniz\/#article\",\"isPartOf\":{\"@id\":\"https:\/\/julesverne.com.tr\/travel-blog\/bayramda-kisitlamalara-takilmadan-yurtdisinda-tatile-ne-dersiniz\/\"},\"author\":{\"name\":\"senem.ekermen\",\"@id\":\"https:\/\/julesverne.com.tr\/#\/schema\/person\/b27d0a74a740ecb2ffc838c934d95797\"},\"headline\":\"Bayramda K\u0131s\u0131tlamalara Tak\u0131lmadan Yurtd\u0131\u015f\u0131nda Tatile Ne Dersiniz?\",\"datePublished\":\"2021-05-03T09:49:20+00:00\",\"dateModified\":\"2021-05-03T12:22:44+00:00\",\"mainEntityOfPage\":{\"@id\":\"https:\/\/julesverne.com.tr\/travel-blog\/bayramda-kisitlamalara-takilmadan-yurtdisinda-tatile-ne-dersiniz\/\"},\"wordCount\":2084,\"publisher\":{\"@id\":\"https:\/\/julesverne.com.tr\/#organization\"},\"image\":{\"@id\":\"https:\/\/julesverne.com.tr\/travel-blog\/bayramda-kisitlamalara-takilmadan-yurtdisinda-tatile-ne-dersiniz\/#primaryimage\"},\"thumbnailUrl\":\"https:\/\/julesverne.com.tr\/wp-content\/uploads\/2021\/05\/seychelles_shutterstock_699387709.jpg\",\"keywords\":[\"Nerede Kalsak\",\"Nereye Gitsek\",\"Ramazan Bayram\u0131 Yurtd\u0131\u015f\u0131 Rotalar\u0131\"],\"articleSection\":[\"Blog\",\"Nerede Kalsak?\",\"Nereye Gitsek?\"],\"inLanguage\":\"en-US\"},{\"@type\":\"WebPage\",\"@id\":\"https:\/\/julesverne.com.tr\/travel-blog\/bayramda-kisitlamalara-takilmadan-yurtdisinda-tatile-ne-dersiniz\/\",\"url\":\"https:\/\/julesverne.com.tr\/travel-blog\/bayramda-kisitlamalara-takilmadan-yurtdisinda-tatile-ne-dersiniz\/\",\"name\":\"Bayramda K\u0131s\u0131tlamalara Tak\u0131lmadan Yurtd\u0131\u015f\u0131nda Tatile Ne Dersiniz? - JULES VERNE BUSINESS MICE TRAVEL\",\"isPartOf\":{\"@id\":\"https:\/\/julesverne.com.tr\/#website\"},\"primaryImageOfPage\":{\"@id\":\"https:\/\/julesverne.com.tr\/travel-blog\/bayramda-kisitlamalara-takilmadan-yurtdisinda-tatile-ne-dersiniz\/#primaryimage\"},\"image\":{\"@id\":\"https:\/\/julesverne.com.tr\/travel-blog\/bayramda-kisitlamalara-takilmadan-yurtdisinda-tatile-ne-dersiniz\/#primaryimage\"},\"thumbnailUrl\":\"https:\/\/julesverne.com.tr\/wp-content\/uploads\/2021\/05\/seychelles_shutterstock_699387709.jpg\",\"datePublished\":\"2021-05-03T09:49:20+00:00\",\"dateModified\":\"2021-05-03T12:22:44+00:00\",\"description\":\"Tam kapanma d\u00f6nemine gelen Ramazan Bayram\u0131 tatilini yurt d\u0131\u015f\u0131nda ge\u00e7irmek ister misiniz? Seyahat k\u0131s\u0131tlamalar\u0131ndan muaf olarak gidebilece\u011finiz yurtd\u0131\u015f\u0131 bayram seyahatlerimiz ile hepimizin hayalini kurdu\u011fu ve uzun zamand\u0131r \u00e7ok \u00f6zledi\u011fimiz destinasyonlara gidiyoruz. Covid-19 tedbirleri, u\u00e7u\u015f kurallar\u0131, vize bilgilerinin yer ald\u0131\u011f\u0131 rehberimiz sayesinde bayram tatili programlar\u0131n\u0131z haz\u0131r! Adriyatik\u2019in incisi Montenegro\u2019dan \u00e7\u00f6lde bir vaha yarat\u0131lan, rengarenk, e\u011flenceli Dubai\u2019ye; el de\u011fmemi\u015f do\u011fal g\u00fczellikleriyle Hint Okyanusu\u2019nun adalar \u00fclkesi Sey\u015feller\u2019den her zaman cezbedici olan Maldivler\u2019e bayram \u00f6nerilerimiz:\",\"breadcrumb\":{\"@id\":\"https:\/\/julesverne.com.tr\/travel-blog\/bayramda-kisitlamalara-takilmadan-yurtdisinda-tatile-ne-dersiniz\/#breadcrumb\"},\"inLanguage\":\"en-US\",\"potentialAction\":[{\"@type\":\"ReadAction\",\"target\":[\"https:\/\/julesverne.com.tr\/travel-blog\/bayramda-kisitlamalara-takilmadan-yurtdisinda-tatile-ne-dersiniz\/\"]}]},{\"@type\":\"ImageObject\",\"inLanguage\":\"en-US\",\"@id\":\"https:\/\/julesverne.com.tr\/travel-blog\/bayramda-kisitlamalara-takilmadan-yurtdisinda-tatile-ne-dersiniz\/#primaryimage\",\"url\":\"https:\/\/julesverne.com.tr\/wp-content\/uploads\/2021\/05\/seychelles_shutterstock_699387709.jpg\",\"contentUrl\":\"https:\/\/julesverne.com.tr\/wp-content\/uploads\/2021\/05\/seychelles_shutterstock_699387709.jpg\",\"width\":1000,\"height\":643},{\"@type\":\"BreadcrumbList\",\"@id\":\"https:\/\/julesverne.com.tr\/travel-blog\/bayramda-kisitlamalara-takilmadan-yurtdisinda-tatile-ne-dersiniz\/#breadcrumb\",\"itemListElement\":[{\"@type\":\"ListItem\",\"position\":1,\"name\":\"Anasayfa\",\"item\":\"https:\/\/julesverne.com.tr\/\"},{\"@type\":\"ListItem\",\"position\":2,\"name\":\"Bayramda K\u0131s\u0131tlamalara Tak\u0131lmadan Yurtd\u0131\u015f\u0131nda Tatile Ne Dersiniz?\"}]},{\"@type\":\"WebSite\",\"@id\":\"https:\/\/julesverne.com.tr\/#website\",\"url\":\"https:\/\/julesverne.com.tr\/\",\"name\":\"JULES VERNE BUSINESS MICE TRAVEL\",\"description\":\"\",\"publisher\":{\"@id\":\"https:\/\/julesverne.com.tr\/#organization\"},\"potentialAction\":[{\"@type\":\"SearchAction\",\"target\":{\"@type\":\"EntryPoint\",\"urlTemplate\":\"https:\/\/julesverne.com.tr\/?s={search_term_string}\"},\"query-input\":\"required name=search_term_string\"}],\"inLanguage\":\"en-US\"},{\"@type\":\"Organization\",\"@id\":\"https:\/\/julesverne.com.tr\/#organization\",\"name\":\"JULES VERNE BUSINESS MICE TRAVEL\",\"url\":\"https:\/\/julesverne.com.tr\/\",\"logo\":{\"@type\":\"ImageObject\",\"inLanguage\":\"en-US\",\"@id\":\"https:\/\/julesverne.com.tr\/#\/schema\/logo\/image\/\",\"url\":\"https:\/\/julesverne.com.tr\/wp-content\/uploads\/2020\/09\/jv-bmt-logo.png\",\"contentUrl\":\"https:\/\/julesverne.com.tr\/wp-content\/uploads\/2020\/09\/jv-bmt-logo.png\",\"width\":110,\"height\":81,\"caption\":\"JULES VERNE BUSINESS MICE TRAVEL\"},\"image\":{\"@id\":\"https:\/\/julesverne.com.tr\/#\/schema\/logo\/image\/\"},\"sameAs\":[\"https:\/\/www.facebook.com\/JulesVerneBusinessMiceTravel\/\",\"https:\/\/twitter.com\/JV_BusinessMice\",\"https:\/\/www.instagram.com\/julesvernebusinessmicetravel\/\",\"https:\/\/www.linkedin.com\/company\/julesvernebusinessmicetravel\/\",\"https:\/\/www.youtube.com\/channel\/UCAwdsmbZ6tFhu1tea6pkpiw\"]},{\"@type\":\"Person\",\"@id\":\"https:\/\/julesverne.com.tr\/#\/schema\/person\/b27d0a74a740ecb2ffc838c934d95797\",\"name\":\"senem.ekermen\",\"url\":\"https:\/\/julesverne.com.tr\/en\/author\/senem-ekermen\/\"}]}<\/script>\n<!-- \/ Yoast SEO plugin. -->","yoast_head_json":{"title":"Bayramda K\u0131s\u0131tlamalara Tak\u0131lmadan Yurtd\u0131\u015f\u0131nda Tatile Ne Dersiniz? - JULES VERNE BUSINESS MICE TRAVEL","description":"Tam kapanma d\u00f6nemine gelen Ramazan Bayram\u0131 tatilini yurt d\u0131\u015f\u0131nda ge\u00e7irmek ister misiniz? Seyahat k\u0131s\u0131tlamalar\u0131ndan muaf olarak gidebilece\u011finiz yurtd\u0131\u015f\u0131 bayram seyahatlerimiz ile hepimizin hayalini kurdu\u011fu ve uzun zamand\u0131r \u00e7ok \u00f6zledi\u011fimiz destinasyonlara gidiyoruz. Covid-19 tedbirleri, u\u00e7u\u015f kurallar\u0131, vize bilgilerinin yer ald\u0131\u011f\u0131 rehberimiz sayesinde bayram tatili programlar\u0131n\u0131z haz\u0131r! Adriyatik\u2019in incisi Montenegro\u2019dan \u00e7\u00f6lde bir vaha yarat\u0131lan, rengarenk, e\u011flenceli Dubai\u2019ye; el de\u011fmemi\u015f do\u011fal g\u00fczellikleriyle Hint Okyanusu\u2019nun adalar \u00fclkesi Sey\u015feller\u2019den her zaman cezbedici olan Maldivler\u2019e bayram \u00f6nerilerimiz:","robots":{"index":"index","follow":"follow","max-snippet":"max-snippet:-1","max-image-preview":"max-image-preview:large","max-video-preview":"max-video-preview:-1"},"canonical":"https:\/\/julesverne.com.tr\/travel-blog\/bayramda-kisitlamalara-takilmadan-yurtdisinda-tatile-ne-dersiniz\/","og_locale":"en_US","og_type":"article","og_title":"Bayramda K\u0131s\u0131tlamalara Tak\u0131lmadan Yurtd\u0131\u015f\u0131nda Tatile Ne Dersiniz? - JULES VERNE BUSINESS MICE TRAVEL","og_description":"Tam kapanma d\u00f6nemine gelen Ramazan Bayram\u0131 tatilini yurt d\u0131\u015f\u0131nda ge\u00e7irmek ister misiniz? Seyahat k\u0131s\u0131tlamalar\u0131ndan muaf olarak gidebilece\u011finiz yurtd\u0131\u015f\u0131 bayram seyahatlerimiz ile hepimizin hayalini kurdu\u011fu ve uzun zamand\u0131r \u00e7ok \u00f6zledi\u011fimiz destinasyonlara gidiyoruz. Covid-19 tedbirleri, u\u00e7u\u015f kurallar\u0131, vize bilgilerinin yer ald\u0131\u011f\u0131 rehberimiz sayesinde bayram tatili programlar\u0131n\u0131z haz\u0131r! Adriyatik\u2019in incisi Montenegro\u2019dan \u00e7\u00f6lde bir vaha yarat\u0131lan, rengarenk, e\u011flenceli Dubai\u2019ye; el de\u011fmemi\u015f do\u011fal g\u00fczellikleriyle Hint Okyanusu\u2019nun adalar \u00fclkesi Sey\u015feller\u2019den her zaman cezbedici olan Maldivler\u2019e bayram \u00f6nerilerimiz:","og_url":"https:\/\/julesverne.com.tr\/travel-blog\/bayramda-kisitlamalara-takilmadan-yurtdisinda-tatile-ne-dersiniz\/","og_site_name":"JULES VERNE BUSINESS MICE TRAVEL","article_publisher":"https:\/\/www.facebook.com\/JulesVerneBusinessMiceTravel\/","article_published_time":"2021-05-03T09:49:20+00:00","article_modified_time":"2021-05-03T12:22:44+00:00","og_image":[{"width":1000,"height":643,"url":"https:\/\/julesverne.com.tr\/wp-content\/uploads\/2021\/05\/seychelles_shutterstock_699387709.jpg","type":"image\/jpeg"}],"author":"senem.ekermen","twitter_card":"summary_large_image","twitter_creator":"@JV_BusinessMice","twitter_site":"@JV_BusinessMice","twitter_misc":{"Written by":"senem.ekermen","Est. reading time":"9 minutes"},"schema":{"@context":"https:\/\/schema.org","@graph":[{"@type":"Article","@id":"https:\/\/julesverne.com.tr\/travel-blog\/bayramda-kisitlamalara-takilmadan-yurtdisinda-tatile-ne-dersiniz\/#article","isPartOf":{"@id":"https:\/\/julesverne.com.tr\/travel-blog\/bayramda-kisitlamalara-takilmadan-yurtdisinda-tatile-ne-dersiniz\/"},"author":{"name":"senem.ekermen","@id":"https:\/\/julesverne.com.tr\/#\/schema\/person\/b27d0a74a740ecb2ffc838c934d95797"},"headline":"Bayramda K\u0131s\u0131tlamalara Tak\u0131lmadan Yurtd\u0131\u015f\u0131nda Tatile Ne Dersiniz?","datePublished":"2021-05-03T09:49:20+00:00","dateModified":"2021-05-03T12:22:44+00:00","mainEntityOfPage":{"@id":"https:\/\/julesverne.com.tr\/travel-blog\/bayramda-kisitlamalara-takilmadan-yurtdisinda-tatile-ne-dersiniz\/"},"wordCount":2084,"publisher":{"@id":"https:\/\/julesverne.com.tr\/#organization"},"image":{"@id":"https:\/\/julesverne.com.tr\/travel-blog\/bayramda-kisitlamalara-takilmadan-yurtdisinda-tatile-ne-dersiniz\/#primaryimage"},"thumbnailUrl":"https:\/\/julesverne.com.tr\/wp-content\/uploads\/2021\/05\/seychelles_shutterstock_699387709.jpg","keywords":["Nerede Kalsak","Nereye Gitsek","Ramazan Bayram\u0131 Yurtd\u0131\u015f\u0131 Rotalar\u0131"],"articleSection":["Blog","Nerede Kalsak?","Nereye Gitsek?"],"inLanguage":"en-US"},{"@type":"WebPage","@id":"https:\/\/julesverne.com.tr\/travel-blog\/bayramda-kisitlamalara-takilmadan-yurtdisinda-tatile-ne-dersiniz\/","url":"https:\/\/julesverne.com.tr\/travel-blog\/bayramda-kisitlamalara-takilmadan-yurtdisinda-tatile-ne-dersiniz\/","name":"Bayramda K\u0131s\u0131tlamalara Tak\u0131lmadan Yurtd\u0131\u015f\u0131nda Tatile Ne Dersiniz? - JULES VERNE BUSINESS MICE TRAVEL","isPartOf":{"@id":"https:\/\/julesverne.com.tr\/#website"},"primaryImageOfPage":{"@id":"https:\/\/julesverne.com.tr\/travel-blog\/bayramda-kisitlamalara-takilmadan-yurtdisinda-tatile-ne-dersiniz\/#primaryimage"},"image":{"@id":"https:\/\/julesverne.com.tr\/travel-blog\/bayramda-kisitlamalara-takilmadan-yurtdisinda-tatile-ne-dersiniz\/#primaryimage"},"thumbnailUrl":"https:\/\/julesverne.com.tr\/wp-content\/uploads\/2021\/05\/seychelles_shutterstock_699387709.jpg","datePublished":"2021-05-03T09:49:20+00:00","dateModified":"2021-05-03T12:22:44+00:00","description":"Tam kapanma d\u00f6nemine gelen Ramazan Bayram\u0131 tatilini yurt d\u0131\u015f\u0131nda ge\u00e7irmek ister misiniz? Seyahat k\u0131s\u0131tlamalar\u0131ndan muaf olarak gidebilece\u011finiz yurtd\u0131\u015f\u0131 bayram seyahatlerimiz ile hepimizin hayalini kurdu\u011fu ve uzun zamand\u0131r \u00e7ok \u00f6zledi\u011fimiz destinasyonlara gidiyoruz. Covid-19 tedbirleri, u\u00e7u\u015f kurallar\u0131, vize bilgilerinin yer ald\u0131\u011f\u0131 rehberimiz sayesinde bayram tatili programlar\u0131n\u0131z haz\u0131r! Adriyatik\u2019in incisi Montenegro\u2019dan \u00e7\u00f6lde bir vaha yarat\u0131lan, rengarenk, e\u011flenceli Dubai\u2019ye; el de\u011fmemi\u015f do\u011fal g\u00fczellikleriyle Hint Okyanusu\u2019nun adalar \u00fclkesi Sey\u015feller\u2019den her zaman cezbedici olan Maldivler\u2019e bayram \u00f6nerilerimiz:","breadcrumb":{"@id":"https:\/\/julesverne.com.tr\/travel-blog\/bayramda-kisitlamalara-takilmadan-yurtdisinda-tatile-ne-dersiniz\/#breadcrumb"},"inLanguage":"en-US","potentialAction":[{"@type":"ReadAction","target":["https:\/\/julesverne.com.tr\/travel-blog\/bayramda-kisitlamalara-takilmadan-yurtdisinda-tatile-ne-dersiniz\/"]}]},{"@type":"ImageObject","inLanguage":"en-US","@id":"https:\/\/julesverne.com.tr\/travel-blog\/bayramda-kisitlamalara-takilmadan-yurtdisinda-tatile-ne-dersiniz\/#primaryimage","url":"https:\/\/julesverne.com.tr\/wp-content\/uploads\/2021\/05\/seychelles_shutterstock_699387709.jpg","contentUrl":"https:\/\/julesverne.com.tr\/wp-content\/uploads\/2021\/05\/seychelles_shutterstock_699387709.jpg","width":1000,"height":643},{"@type":"BreadcrumbList","@id":"https:\/\/julesverne.com.tr\/travel-blog\/bayramda-kisitlamalara-takilmadan-yurtdisinda-tatile-ne-dersiniz\/#breadcrumb","itemListElement":[{"@type":"ListItem","position":1,"name":"Anasayfa","item":"https:\/\/julesverne.com.tr\/"},{"@type":"ListItem","position":2,"name":"Bayramda K\u0131s\u0131tlamalara Tak\u0131lmadan Yurtd\u0131\u015f\u0131nda Tatile Ne Dersiniz?"}]},{"@type":"WebSite","@id":"https:\/\/julesverne.com.tr\/#website","url":"https:\/\/julesverne.com.tr\/","name":"JULES VERNE BUSINESS MICE TRAVEL","description":"","publisher":{"@id":"https:\/\/julesverne.com.tr\/#organization"},"potentialAction":[{"@type":"SearchAction","target":{"@type":"EntryPoint","urlTemplate":"https:\/\/julesverne.com.tr\/?s={search_term_string}"},"query-input":"required name=search_term_string"}],"inLanguage":"en-US"},{"@type":"Organization","@id":"https:\/\/julesverne.com.tr\/#organization","name":"JULES VERNE BUSINESS MICE TRAVEL","url":"https:\/\/julesverne.com.tr\/","logo":{"@type":"ImageObject","inLanguage":"en-US","@id":"https:\/\/julesverne.com.tr\/#\/schema\/logo\/image\/","url":"https:\/\/julesverne.com.tr\/wp-content\/uploads\/2020\/09\/jv-bmt-logo.png","contentUrl":"https:\/\/julesverne.com.tr\/wp-content\/uploads\/2020\/09\/jv-bmt-logo.png","width":110,"height":81,"caption":"JULES VERNE BUSINESS MICE TRAVEL"},"image":{"@id":"https:\/\/julesverne.com.tr\/#\/schema\/logo\/image\/"},"sameAs":["https:\/\/www.facebook.com\/JulesVerneBusinessMiceTravel\/","https:\/\/twitter.com\/JV_BusinessMice","https:\/\/www.instagram.com\/julesvernebusinessmicetravel\/","https:\/\/www.linkedin.com\/company\/julesvernebusinessmicetravel\/","https:\/\/www.youtube.com\/channel\/UCAwdsmbZ6tFhu1tea6pkpiw"]},{"@type":"Person","@id":"https:\/\/julesverne.com.tr\/#\/schema\/person\/b27d0a74a740ecb2ffc838c934d95797","name":"senem.ekermen","url":"https:\/\/julesverne.com.tr\/en\/author\/senem-ekermen\/"}]}},"_links":{"self":[{"href":"https:\/\/julesverne.com.tr\/en\/wp-json\/wp\/v2\/posts\/8334"}],"collection":[{"href":"https:\/\/julesverne.com.tr\/en\/wp-json\/wp\/v2\/posts"}],"about":[{"href":"https:\/\/julesverne.com.tr\/en\/wp-json\/wp\/v2\/types\/post"}],"author":[{"embeddable":true,"href":"https:\/\/julesverne.com.tr\/en\/wp-json\/wp\/v2\/users\/5"}],"replies":[{"embeddable":true,"href":"https:\/\/julesverne.com.tr\/en\/wp-json\/wp\/v2\/comments?post=8334"}],"version-history":[{"count":0,"href":"https:\/\/julesverne.com.tr\/en\/wp-json\/wp\/v2\/posts\/8334\/revisions"}],"wp:featuredmedia":[{"embeddable":true,"href":"https:\/\/julesverne.com.tr\/en\/wp-json\/wp\/v2\/media\/8342"}],"wp:attachment":[{"href":"https:\/\/julesverne.com.tr\/en\/wp-json\/wp\/v2\/media?parent=8334"}],"wp:term":[{"taxonomy":"category","embeddable":true,"href":"https:\/\/julesverne.com.tr\/en\/wp-json\/wp\/v2\/categories?post=8334"},{"taxonomy":"post_tag","embeddable":true,"href":"https:\/\/julesverne.com.tr\/en\/wp-json\/wp\/v2\/tags?post=8334"}],"curies":[{"name":"wp","href":"https:\/\/api.w.org\/{rel}","templated":true}]}}