{"id":8145,"date":"2021-04-15T11:51:41","date_gmt":"2021-04-15T08:51:41","guid":{"rendered":"https:\/\/julesverne.com.tr\/?p=8145"},"modified":"2021-04-19T16:24:58","modified_gmt":"2021-04-19T13:24:58","slug":"kismi-kapanma-surecinde-nasil-seyahat-edilir","status":"publish","type":"post","link":"https:\/\/julesverne.com.tr\/en\/haberler\/kismi-kapanma-surecinde-nasil-seyahat-edilir\/","title":{"rendered":"\u201cK\u0131smi Kapanma\u201d S\u00fcrecinde Nas\u0131l Seyahat Edilir?"},"content":{"rendered":"<p><img loading=\"lazy\" decoding=\"async\" class=\"alignnone wp-image-8148\" src=\"https:\/\/julesverne.com.tr\/wp-content\/uploads\/2021\/04\/Sorular-1-500x282.png\" alt=\"\" width=\"1200\" height=\"676\" srcset=\"https:\/\/julesverne.com.tr\/wp-content\/uploads\/2021\/04\/Sorular-1-500x282.png 500w, https:\/\/julesverne.com.tr\/wp-content\/uploads\/2021\/04\/Sorular-1-1280x721.png 1280w, https:\/\/julesverne.com.tr\/wp-content\/uploads\/2021\/04\/Sorular-1-768x433.png 768w, https:\/\/julesverne.com.tr\/wp-content\/uploads\/2021\/04\/Sorular-1-1536x865.png 1536w, https:\/\/julesverne.com.tr\/wp-content\/uploads\/2021\/04\/Sorular-1-400x225.png 400w, https:\/\/julesverne.com.tr\/wp-content\/uploads\/2021\/04\/Sorular-1.png 1600w\" sizes=\"(max-width: 1200px) 100vw, 1200px\" \/><\/p>\n<h1>\u201cK\u0131smi Kapanma\u201d S\u00fcrecinde Seyahat Prosed\u00fcrleri \u0130le \u0130lgili Merak Edilenler<\/h1>\n<p>T.C. \u0130\u00e7i\u015fleri Bakanl\u0131\u011f\u0131 taraf\u0131ndan 14 Nisan 2021 tarihinden itibaren ge\u00e7erli olmak \u00fczere 81 il valili\u011fine g\u00f6nderilen Kovid-19 tedbirleri kapsam\u0131nda <strong>&#8220;K\u0131smi Kapanma&#8221;<\/strong> konulu genelge ile, bu s\u00fcre\u00e7te nas\u0131l seyahat edebilece\u011fimiz ile ilgili bir\u00e7ok soru olu\u015ftu.<\/p>\n<p><strong>\u201c<\/strong><strong>U\u00e7u\u015flar iptal mi? \u015eehirleraras\u0131 seyahat edilebilecek mi? Seyahat yasa\u011f\u0131 hangi saatleri kaps\u0131yor? \u00d6zel ara\u00e7la seyahat yasak m\u0131? Turistik ama\u00e7l\u0131 seyahat edilebilecek mi? Yurt i\u00e7i otellerde konaklama yap\u0131labilecek mi?\u201d<\/strong> gibi merak edilen sorular i\u00e7in bir bilgilendirme haz\u0131rlad\u0131k. \u0130\u015fte \u201cK\u0131smi Kapanma\u201d s\u00fcrecinde seyahat prosed\u00fcrleri ile ilgili merak edilenler:<\/p>\n<p><img loading=\"lazy\" decoding=\"async\" class=\"alignnone wp-image-6817\" src=\"https:\/\/julesverne.com.tr\/wp-content\/uploads\/2021\/02\/ucak_shutterstock_1031168185-1-500x333.jpg\" alt=\"\" width=\"1200\" height=\"800\" srcset=\"https:\/\/julesverne.com.tr\/wp-content\/uploads\/2021\/02\/ucak_shutterstock_1031168185-1-500x333.jpg 500w, https:\/\/julesverne.com.tr\/wp-content\/uploads\/2021\/02\/ucak_shutterstock_1031168185-1-768x512.jpg 768w, https:\/\/julesverne.com.tr\/wp-content\/uploads\/2021\/02\/ucak_shutterstock_1031168185-1.jpg 999w\" sizes=\"(max-width: 1200px) 100vw, 1200px\" \/><\/p>\n<h2><strong>U\u00e7u\u015flar \u0130ptal Mi?<\/strong><\/h2>\n<p>T.C. \u0130\u00e7i\u015fleri Bakanl\u0131\u011f\u0131\u2019n\u0131n yay\u0131nlad\u0131\u011f\u0131 k\u0131smi kapanma genelgesine g\u00f6re, 14 Nisan 2021 itibar\u0131yla uygulanmaya ba\u015flayan 14 g\u00fcnl\u00fck k\u0131smi kapanma s\u00fcrecinde <strong>u\u00e7u\u015fu olanlar seyahatlerine ait belgeleri ile u\u00e7u\u015flar\u0131n\u0131 g\u00fcvenle ger\u00e7ekle\u015ftirebilir.<\/strong><\/p>\n<p>Hem soka\u011fa \u00e7\u0131kma k\u0131s\u0131tlamas\u0131 uygulanan s\u00fcre ve g\u00fcnlerde (hafta i\u00e7i ve hafta sonunda) hem de k\u0131s\u0131tlaman\u0131n olmad\u0131\u011f\u0131 saatlerde mobil u\u00e7u\u015f kart\u0131, bilet g\u00f6r\u00fcnt\u00fcs\u00fc gibi u\u00e7u\u015fu oldu\u011funa dair bir belge ibraz ederek seyahat edilebiliyor.<\/p>\n<h2><strong><img loading=\"lazy\" decoding=\"async\" class=\"alignnone wp-image-8149\" src=\"https:\/\/julesverne.com.tr\/wp-content\/uploads\/2021\/04\/yol-soru-1-500x282.png\" alt=\"\" width=\"1200\" height=\"676\" srcset=\"https:\/\/julesverne.com.tr\/wp-content\/uploads\/2021\/04\/yol-soru-1-500x282.png 500w, https:\/\/julesverne.com.tr\/wp-content\/uploads\/2021\/04\/yol-soru-1-1280x721.png 1280w, https:\/\/julesverne.com.tr\/wp-content\/uploads\/2021\/04\/yol-soru-1-768x433.png 768w, https:\/\/julesverne.com.tr\/wp-content\/uploads\/2021\/04\/yol-soru-1-1536x865.png 1536w, https:\/\/julesverne.com.tr\/wp-content\/uploads\/2021\/04\/yol-soru-1-400x225.png 400w, https:\/\/julesverne.com.tr\/wp-content\/uploads\/2021\/04\/yol-soru-1.png 1600w\" sizes=\"(max-width: 1200px) 100vw, 1200px\" \/><\/strong><\/h2>\n<h2><strong>\u015eehirleraras\u0131 Seyahat Edilebilecek Mi?<\/strong><\/h2>\n<p>K\u0131smi kapanma genelgesine g\u00f6re; soka\u011fa \u00e7\u0131kma k\u0131s\u0131tlamas\u0131 uygulanan s\u00fcre ve g\u00fcnlerde (hafta i\u00e7i ve hafta sonunda) zorunlu haller d\u0131\u015f\u0131nda ve toplu ula\u015f\u0131m vas\u0131talar\u0131 d\u0131\u015f\u0131nda \u015fehirleraras\u0131 seyahatlere izin verilmiyor.<\/p>\n<p>Herhangi bir zorunlu hali bulunmayan ki\u015filer soka\u011fa \u00e7\u0131kma k\u0131s\u0131tlamas\u0131 uygulanan s\u00fcre ve g\u00fcnlerde toplu ula\u015f\u0131m ara\u00e7lar\u0131n\u0131 (<strong>u\u00e7ak, otob\u00fcs, tren, gemi vb.<\/strong>) kullanmak suretiyle <strong>\u015fehirleraras\u0131 seyahat edebiliyor<\/strong>.<\/p>\n<p>\u015eehirleraras\u0131 seyahat edece\u011fini bilet, rezervasyon kodu vb. ile ibraz eden ki\u015filer soka\u011fa \u00e7\u0131kma k\u0131s\u0131tlamas\u0131ndan muaf tutuluyor.<\/p>\n<h2><strong>\u015eehirleraras\u0131 Seyahat Yasa\u011f\u0131 Hangi Saatleri Kaps\u0131yor?\u00a0<\/strong><\/h2>\n<p>Al\u0131nan yeni \u00f6nlemler ile soka\u011fa \u00e7\u0131kma saatlerinde zorunlu haller d\u0131\u015f\u0131nda \u015fehirleraras\u0131 seyahatler izne tabi oluyor:<\/p>\n<p>Hafta sonlar\u0131 ve hafta i\u00e7i k\u0131s\u0131tlama saatleri s\u00fcrelerinde ancak toplu ta\u015f\u0131ma ara\u00e7lar\u0131 ile seyahat edilebiliyor.<\/p>\n<p>\u015eehirleraras\u0131 yolculuklar\u0131 kendi ara\u00e7lar\u0131 ile yapmak isteyenler hafta i\u00e7i g\u00fcnlerde sabah 05.00&#8217;ten ak\u015fam 19.00&#8217;a kadar bu seyahatleri, herhangi bir seyahat zorunlulu\u011fu gerek\u00e7esine ihtiya\u00e7 olmadan ger\u00e7ekle\u015ftirebiliyor.<\/p>\n<h2><img loading=\"lazy\" decoding=\"async\" class=\"alignnone wp-image-7980\" src=\"https:\/\/julesverne.com.tr\/wp-content\/uploads\/2021\/03\/ucak_aile_shutterstock_639705223-500x290.jpg\" alt=\"\" width=\"1200\" height=\"695\" srcset=\"https:\/\/julesverne.com.tr\/wp-content\/uploads\/2021\/03\/ucak_aile_shutterstock_639705223-500x290.jpg 500w, https:\/\/julesverne.com.tr\/wp-content\/uploads\/2021\/03\/ucak_aile_shutterstock_639705223-768x445.jpg 768w, https:\/\/julesverne.com.tr\/wp-content\/uploads\/2021\/03\/ucak_aile_shutterstock_639705223.jpg 1000w\" sizes=\"(max-width: 1200px) 100vw, 1200px\" \/><\/h2>\n<h2><strong>Turizm Ama\u00e7l\u0131 Seyahat Edilebilecek Mi?<\/strong><\/h2>\n<p>Hafta i\u00e7i \u00a0veya hafta sonu farkl\u0131 bir \u015fehirde konaklamak isterseniz, otel veya konaklama tesislerinde rezervasyonunuz oldu\u011funu g\u00f6steren onay belgeniz ile \u00f6zel veya toplu ula\u015f\u0131m ara\u00e7lar\u0131yla seyahat edebilirsiniz.<\/p>\n<p>Konaklama rezervasyonunun ba\u015flang\u0131\u00e7 zaman\u0131 ile konaklama tesisine ula\u015f\u0131m s\u00fcresi i\u00e7erisinde seyahatin tamamlanm\u0131\u015f olmas\u0131 gerekiyor.<\/p>\n<p>65 ya\u015f \u00fcst\u00fc ki\u015filerin konaklama belgesine ilave olarak seyahat izin belgesi almas\u0131 gerekiyor.<\/p>\n<p><strong>Seyahat \u0130zin Belgesi <\/strong>Alo 199 Vefa Sosyal Destek Hatt\u0131 \u00fczerinden veya elektronik ortamda e-Devlet kap\u0131s\u0131ndan \u0130\u00e7i\u015fleri Bakanl\u0131\u011f\u0131 e-ba\u015fvuru sistemi \u00fczerinden al\u0131nabiliyor.<\/p>\n<p>K\u0131s\u0131tlaman\u0131n uyguland\u0131\u011f\u0131 saatlerde yolculu\u011fun i\u00e7eri\u011fine g\u00f6re kurallar de\u011fi\u015fiklik g\u00f6sterebiliyor.\u00a0 Otel konaklamalar\u0131nda farkl\u0131, \u00a0yazl\u0131\u011fa gidiyorsan\u0131z farkl\u0131, ev kiralad\u0131ysan\u0131z farkl\u0131 bir s\u00fcre\u00e7 olabiliyor. Bu sebeple\u00a0 yolculu\u011fa \u00e7\u0131kmadan \u00f6nce\u00a0 <strong>Alo 199<\/strong> &#8216;u arayarak mevcut durumunuz ile ilgili prosed\u00fcr\u00fc g\u00fcncellemenizi tavsiye ediyoruz.<\/p>\n<h2><strong><img loading=\"lazy\" decoding=\"async\" class=\"alignnone wp-image-8160\" src=\"https:\/\/julesverne.com.tr\/wp-content\/uploads\/2021\/04\/otomobil_seyahat_shutterstock_1022203081-500x334.jpg\" alt=\"\" width=\"1200\" height=\"800\" srcset=\"https:\/\/julesverne.com.tr\/wp-content\/uploads\/2021\/04\/otomobil_seyahat_shutterstock_1022203081-500x334.jpg 500w, https:\/\/julesverne.com.tr\/wp-content\/uploads\/2021\/04\/otomobil_seyahat_shutterstock_1022203081-768x512.jpg 768w, https:\/\/julesverne.com.tr\/wp-content\/uploads\/2021\/04\/otomobil_seyahat_shutterstock_1022203081.jpg 1000w\" sizes=\"(max-width: 1200px) 100vw, 1200px\" \/><\/strong><\/h2>\n<h2><strong>\u00d6zel Ara\u00e7la Seyahat Yasak M\u0131?<\/strong><\/h2>\n<p>\u00d6zel ara\u00e7la \u015fehirleraras\u0131 seyahat, soka\u011fa \u00e7\u0131kma k\u0131s\u0131tlamas\u0131n\u0131n uygulanaca\u011f\u0131 19.00 ile 05.00 saatleri aras\u0131nda ve hafta sonlar\u0131 mazeret veya muafiyet durumunda yap\u0131labiliyor.<\/p>\n<p>Otel veya konaklama tesislerinde rezervasyonunuz varsa rezervasyonunuz oldu\u011funu g\u00f6steren onay belgeniz ile konaklama rezervasyonunun ba\u015flang\u0131\u00e7 zaman\u0131 ile konaklama tesisine ula\u015f\u0131m s\u00fcresi i\u00e7erisinde \u00f6zel arac\u0131n\u0131zla seyahat edebilirsiniz.<\/p>\n<p>65 ya\u015f \u00fcst\u00fc ki\u015filerin konaklama belgesine ilave olarak seyahat izin belgesi almas\u0131 gerekiyor.<\/p>\n<h2><strong>Seyahat <\/strong><strong>\u0130zin Belgesi &amp; <\/strong><strong>Turizm Ama\u00e7l\u0131 Seyahat \u0130zin Belgesi <\/strong><strong>Nas\u0131l A<\/strong><strong>l\u0131n\u0131r?<\/strong> <strong>\u00a0<\/strong><\/h2>\n<p>Seyahat \u0130zin Belgesi ALO 199 Vefa Sosyal destek hatt\u0131ndan ya da e-Devlet \u00fczerinden al\u0131nabiliyor. E-devlet ekran\u0131ndan seyahat izin belgesi almak i\u00e7in \u00f6ncelikle T.C kimlik numaras\u0131 ve \u015fifre ile giri\u015f yap\u0131l\u0131yor.<\/p>\n<p>Giri\u015f yapman\u0131n ard\u0131nda \u0130\u00e7i\u015fleri Bakanl\u0131\u011f\u0131 b\u00f6l\u00fcm\u00fcnde yer alan \u201ce &#8211; Ba\u015fvuru\u201d k\u0131sm\u0131na giriliyor. Se\u00e7enekler aras\u0131ndan \u201cSeyahat \u0130zin \u0130\u015flemleri\u201d se\u00e7ilerek form dolduruluyor.<\/p>\n<p style=\"text-align: center;\"><strong>Yolculu\u011fa \u00e7\u0131kmadan \u00f6nce\u00a0 Alo199 &#8216;u arayarak mevcut durumunuz ile ilgili prosed\u00fcr\u00fc g\u00fcncellemenizi \u00f6neririz.<\/strong><\/p>\n<p style=\"text-align: center;\">Detayl\u0131 bilgi ve sorular\u0131n\u0131z i\u00e7in:<\/p>\n<p style=\"text-align: center;\"><a href=\"mailto:Travel@julesvernecom.tr\">Travel@julesvernecom.tr<\/a><\/p>\n","protected":false},"excerpt":{"rendered":"<p>\u201cK\u0131smi Kapanma\u201d S\u00fcrecinde Seyahat Prosed\u00fcrleri \u0130le \u0130lgili Merak Edilenler T.C. \u0130\u00e7i\u015fleri Bakanl\u0131\u011f\u0131 taraf\u0131ndan 14 Nisan 2021 tarihinden itibaren ge\u00e7erli olmak \u00fczere 81 il valili\u011fine g\u00f6nderilen Kovid-19 tedbirleri kapsam\u0131nda &#8220;K\u0131smi Kapanma&#8221; konulu genelge ile, bu s\u00fcre\u00e7te nas\u0131l seyahat edebilece\u011fimiz ile ilgili bir\u00e7ok soru olu\u015ftu. \u201cU\u00e7u\u015flar iptal mi? \u015eehirleraras\u0131 seyahat edilebilecek mi? Seyahat yasa\u011f\u0131 hangi saatleri kaps\u0131yor? [&hellip;]<\/p>\n","protected":false},"author":5,"featured_media":8148,"comment_status":"closed","ping_status":"closed","sticky":false,"template":"","format":"standard","meta":{"inline_featured_image":false,"footnotes":""},"categories":[2,5],"tags":[107,110,109],"acf":[],"yoast_head":"<!-- This site is optimized with the Yoast SEO plugin v22.3 - https:\/\/yoast.com\/wordpress\/plugins\/seo\/ -->\n<title>\u201cK\u0131smi Kapanma\u201d S\u00fcrecinde Nas\u0131l Seyahat Edilir? - JULES VERNE BUSINESS MICE TRAVEL<\/title>\n<meta name=\"description\" content=\"Kovid-19 tedbirleri kapsam\u0131nda &quot;K\u0131smi Kapanma&quot; konulu genelge ile, bu s\u00fcre\u00e7te nas\u0131l seyahat edebilece\u011fimiz ile ilgili bir\u00e7ok soru olu\u015ftu. \u201cU\u00e7u\u015flar iptal mi? \u015eehirleraras\u0131 seyahat edilebilecek mi? Seyahat yasa\u011f\u0131 hangi saatleri kaps\u0131yor? \u00d6zel ara\u00e7la seyahat yasak m\u0131? Turizm Ama\u00e7l\u0131 Seyahat Edilebilecek mi? Yurt i\u00e7i otellerde konaklama yap\u0131labilecek mi?\u201d gibi merak edilen sorular i\u00e7in bir bilgilendirme haz\u0131rlad\u0131k. \u0130\u015fte \u201cK\u0131smi Kapanma\u201d s\u00fcrecinde seyahat prosed\u00fcrleri ile ilgili merak edilenler\" \/>\n<meta name=\"robots\" content=\"index, follow, max-snippet:-1, max-image-preview:large, max-video-preview:-1\" \/>\n<link rel=\"canonical\" href=\"https:\/\/julesverne.com.tr\/haberler\/kismi-kapanma-surecinde-nasil-seyahat-edilir\/\" \/>\n<meta property=\"og:locale\" content=\"en_US\" \/>\n<meta property=\"og:type\" content=\"article\" \/>\n<meta property=\"og:title\" content=\"\u201cK\u0131smi Kapanma\u201d S\u00fcrecinde Nas\u0131l Seyahat Edilir? - JULES VERNE BUSINESS MICE TRAVEL\" \/>\n<meta property=\"og:description\" content=\"Kovid-19 tedbirleri kapsam\u0131nda &quot;K\u0131smi Kapanma&quot; konulu genelge ile, bu s\u00fcre\u00e7te nas\u0131l seyahat edebilece\u011fimiz ile ilgili bir\u00e7ok soru olu\u015ftu. \u201cU\u00e7u\u015flar iptal mi? \u015eehirleraras\u0131 seyahat edilebilecek mi? Seyahat yasa\u011f\u0131 hangi saatleri kaps\u0131yor? \u00d6zel ara\u00e7la seyahat yasak m\u0131? Turizm Ama\u00e7l\u0131 Seyahat Edilebilecek mi? Yurt i\u00e7i otellerde konaklama yap\u0131labilecek mi?\u201d gibi merak edilen sorular i\u00e7in bir bilgilendirme haz\u0131rlad\u0131k. \u0130\u015fte \u201cK\u0131smi Kapanma\u201d s\u00fcrecinde seyahat prosed\u00fcrleri ile ilgili merak edilenler\" \/>\n<meta property=\"og:url\" content=\"https:\/\/julesverne.com.tr\/haberler\/kismi-kapanma-surecinde-nasil-seyahat-edilir\/\" \/>\n<meta property=\"og:site_name\" content=\"JULES VERNE BUSINESS MICE TRAVEL\" \/>\n<meta property=\"article:publisher\" content=\"https:\/\/www.facebook.com\/JulesVerneBusinessMiceTravel\/\" \/>\n<meta property=\"article:published_time\" content=\"2021-04-15T08:51:41+00:00\" \/>\n<meta property=\"article:modified_time\" content=\"2021-04-19T13:24:58+00:00\" \/>\n<meta property=\"og:image\" content=\"https:\/\/julesverne.com.tr\/wp-content\/uploads\/2021\/04\/Sorular-1-1280x721.png\" \/>\n\t<meta property=\"og:image:width\" content=\"1280\" \/>\n\t<meta property=\"og:image:height\" content=\"721\" \/>\n\t<meta property=\"og:image:type\" content=\"image\/png\" \/>\n<meta name=\"author\" content=\"senem.ekermen\" \/>\n<meta name=\"twitter:card\" content=\"summary_large_image\" \/>\n<meta name=\"twitter:creator\" content=\"@JV_BusinessMice\" \/>\n<meta name=\"twitter:site\" content=\"@JV_BusinessMice\" \/>\n<meta name=\"twitter:label1\" content=\"Written by\" \/>\n\t<meta name=\"twitter:data1\" content=\"senem.ekermen\" \/>\n\t<meta name=\"twitter:label2\" content=\"Est. reading time\" \/>\n\t<meta name=\"twitter:data2\" content=\"4 minutes\" \/>\n<script type=\"application\/ld+json\" class=\"yoast-schema-graph\">{\"@context\":\"https:\/\/schema.org\",\"@graph\":[{\"@type\":\"Article\",\"@id\":\"https:\/\/julesverne.com.tr\/haberler\/kismi-kapanma-surecinde-nasil-seyahat-edilir\/#article\",\"isPartOf\":{\"@id\":\"https:\/\/julesverne.com.tr\/haberler\/kismi-kapanma-surecinde-nasil-seyahat-edilir\/\"},\"author\":{\"name\":\"senem.ekermen\",\"@id\":\"https:\/\/julesverne.com.tr\/#\/schema\/person\/b27d0a74a740ecb2ffc838c934d95797\"},\"headline\":\"\u201cK\u0131smi Kapanma\u201d S\u00fcrecinde Nas\u0131l Seyahat Edilir?\",\"datePublished\":\"2021-04-15T08:51:41+00:00\",\"dateModified\":\"2021-04-19T13:24:58+00:00\",\"mainEntityOfPage\":{\"@id\":\"https:\/\/julesverne.com.tr\/haberler\/kismi-kapanma-surecinde-nasil-seyahat-edilir\/\"},\"wordCount\":750,\"publisher\":{\"@id\":\"https:\/\/julesverne.com.tr\/#organization\"},\"image\":{\"@id\":\"https:\/\/julesverne.com.tr\/haberler\/kismi-kapanma-surecinde-nasil-seyahat-edilir\/#primaryimage\"},\"thumbnailUrl\":\"https:\/\/julesverne.com.tr\/wp-content\/uploads\/2021\/04\/Sorular-1.png\",\"keywords\":[\"Seyahat K\u0131s\u0131tlamas\u0131\",\"Seyahat Prosed\u00fcrleri\",\"S\u0131k\u00e7a Sorulan Sorular\"],\"articleSection\":[\"News\",\"Travel Haberler\"],\"inLanguage\":\"en-US\"},{\"@type\":\"WebPage\",\"@id\":\"https:\/\/julesverne.com.tr\/haberler\/kismi-kapanma-surecinde-nasil-seyahat-edilir\/\",\"url\":\"https:\/\/julesverne.com.tr\/haberler\/kismi-kapanma-surecinde-nasil-seyahat-edilir\/\",\"name\":\"\u201cK\u0131smi Kapanma\u201d S\u00fcrecinde Nas\u0131l Seyahat Edilir? - JULES VERNE BUSINESS MICE TRAVEL\",\"isPartOf\":{\"@id\":\"https:\/\/julesverne.com.tr\/#website\"},\"primaryImageOfPage\":{\"@id\":\"https:\/\/julesverne.com.tr\/haberler\/kismi-kapanma-surecinde-nasil-seyahat-edilir\/#primaryimage\"},\"image\":{\"@id\":\"https:\/\/julesverne.com.tr\/haberler\/kismi-kapanma-surecinde-nasil-seyahat-edilir\/#primaryimage\"},\"thumbnailUrl\":\"https:\/\/julesverne.com.tr\/wp-content\/uploads\/2021\/04\/Sorular-1.png\",\"datePublished\":\"2021-04-15T08:51:41+00:00\",\"dateModified\":\"2021-04-19T13:24:58+00:00\",\"description\":\"Kovid-19 tedbirleri kapsam\u0131nda \\\"K\u0131smi Kapanma\\\" konulu genelge ile, bu s\u00fcre\u00e7te nas\u0131l seyahat edebilece\u011fimiz ile ilgili bir\u00e7ok soru olu\u015ftu. \u201cU\u00e7u\u015flar iptal mi? \u015eehirleraras\u0131 seyahat edilebilecek mi? Seyahat yasa\u011f\u0131 hangi saatleri kaps\u0131yor? \u00d6zel ara\u00e7la seyahat yasak m\u0131? Turizm Ama\u00e7l\u0131 Seyahat Edilebilecek mi? Yurt i\u00e7i otellerde konaklama yap\u0131labilecek mi?\u201d gibi merak edilen sorular i\u00e7in bir bilgilendirme haz\u0131rlad\u0131k. \u0130\u015fte \u201cK\u0131smi Kapanma\u201d s\u00fcrecinde seyahat prosed\u00fcrleri ile ilgili merak edilenler\",\"breadcrumb\":{\"@id\":\"https:\/\/julesverne.com.tr\/haberler\/kismi-kapanma-surecinde-nasil-seyahat-edilir\/#breadcrumb\"},\"inLanguage\":\"en-US\",\"potentialAction\":[{\"@type\":\"ReadAction\",\"target\":[\"https:\/\/julesverne.com.tr\/haberler\/kismi-kapanma-surecinde-nasil-seyahat-edilir\/\"]}]},{\"@type\":\"ImageObject\",\"inLanguage\":\"en-US\",\"@id\":\"https:\/\/julesverne.com.tr\/haberler\/kismi-kapanma-surecinde-nasil-seyahat-edilir\/#primaryimage\",\"url\":\"https:\/\/julesverne.com.tr\/wp-content\/uploads\/2021\/04\/Sorular-1.png\",\"contentUrl\":\"https:\/\/julesverne.com.tr\/wp-content\/uploads\/2021\/04\/Sorular-1.png\",\"width\":1600,\"height\":901},{\"@type\":\"BreadcrumbList\",\"@id\":\"https:\/\/julesverne.com.tr\/haberler\/kismi-kapanma-surecinde-nasil-seyahat-edilir\/#breadcrumb\",\"itemListElement\":[{\"@type\":\"ListItem\",\"position\":1,\"name\":\"Anasayfa\",\"item\":\"https:\/\/julesverne.com.tr\/\"},{\"@type\":\"ListItem\",\"position\":2,\"name\":\"\u201cK\u0131smi Kapanma\u201d S\u00fcrecinde Nas\u0131l Seyahat Edilir?\"}]},{\"@type\":\"WebSite\",\"@id\":\"https:\/\/julesverne.com.tr\/#website\",\"url\":\"https:\/\/julesverne.com.tr\/\",\"name\":\"JULES VERNE BUSINESS MICE TRAVEL\",\"description\":\"\",\"publisher\":{\"@id\":\"https:\/\/julesverne.com.tr\/#organization\"},\"potentialAction\":[{\"@type\":\"SearchAction\",\"target\":{\"@type\":\"EntryPoint\",\"urlTemplate\":\"https:\/\/julesverne.com.tr\/?s={search_term_string}\"},\"query-input\":\"required name=search_term_string\"}],\"inLanguage\":\"en-US\"},{\"@type\":\"Organization\",\"@id\":\"https:\/\/julesverne.com.tr\/#organization\",\"name\":\"JULES VERNE BUSINESS MICE TRAVEL\",\"url\":\"https:\/\/julesverne.com.tr\/\",\"logo\":{\"@type\":\"ImageObject\",\"inLanguage\":\"en-US\",\"@id\":\"https:\/\/julesverne.com.tr\/#\/schema\/logo\/image\/\",\"url\":\"https:\/\/julesverne.com.tr\/wp-content\/uploads\/2020\/09\/jv-bmt-logo.png\",\"contentUrl\":\"https:\/\/julesverne.com.tr\/wp-content\/uploads\/2020\/09\/jv-bmt-logo.png\",\"width\":110,\"height\":81,\"caption\":\"JULES VERNE BUSINESS MICE TRAVEL\"},\"image\":{\"@id\":\"https:\/\/julesverne.com.tr\/#\/schema\/logo\/image\/\"},\"sameAs\":[\"https:\/\/www.facebook.com\/JulesVerneBusinessMiceTravel\/\",\"https:\/\/twitter.com\/JV_BusinessMice\",\"https:\/\/www.instagram.com\/julesvernebusinessmicetravel\/\",\"https:\/\/www.linkedin.com\/company\/julesvernebusinessmicetravel\/\",\"https:\/\/www.youtube.com\/channel\/UCAwdsmbZ6tFhu1tea6pkpiw\"]},{\"@type\":\"Person\",\"@id\":\"https:\/\/julesverne.com.tr\/#\/schema\/person\/b27d0a74a740ecb2ffc838c934d95797\",\"name\":\"senem.ekermen\",\"url\":\"https:\/\/julesverne.com.tr\/en\/author\/senem-ekermen\/\"}]}<\/script>\n<!-- \/ Yoast SEO plugin. -->","yoast_head_json":{"title":"\u201cK\u0131smi Kapanma\u201d S\u00fcrecinde Nas\u0131l Seyahat Edilir? - JULES VERNE BUSINESS MICE TRAVEL","description":"Kovid-19 tedbirleri kapsam\u0131nda \"K\u0131smi Kapanma\" konulu genelge ile, bu s\u00fcre\u00e7te nas\u0131l seyahat edebilece\u011fimiz ile ilgili bir\u00e7ok soru olu\u015ftu. \u201cU\u00e7u\u015flar iptal mi? \u015eehirleraras\u0131 seyahat edilebilecek mi? Seyahat yasa\u011f\u0131 hangi saatleri kaps\u0131yor? \u00d6zel ara\u00e7la seyahat yasak m\u0131? Turizm Ama\u00e7l\u0131 Seyahat Edilebilecek mi? Yurt i\u00e7i otellerde konaklama yap\u0131labilecek mi?\u201d gibi merak edilen sorular i\u00e7in bir bilgilendirme haz\u0131rlad\u0131k. \u0130\u015fte \u201cK\u0131smi Kapanma\u201d s\u00fcrecinde seyahat prosed\u00fcrleri ile ilgili merak edilenler","robots":{"index":"index","follow":"follow","max-snippet":"max-snippet:-1","max-image-preview":"max-image-preview:large","max-video-preview":"max-video-preview:-1"},"canonical":"https:\/\/julesverne.com.tr\/haberler\/kismi-kapanma-surecinde-nasil-seyahat-edilir\/","og_locale":"en_US","og_type":"article","og_title":"\u201cK\u0131smi Kapanma\u201d S\u00fcrecinde Nas\u0131l Seyahat Edilir? - JULES VERNE BUSINESS MICE TRAVEL","og_description":"Kovid-19 tedbirleri kapsam\u0131nda \"K\u0131smi Kapanma\" konulu genelge ile, bu s\u00fcre\u00e7te nas\u0131l seyahat edebilece\u011fimiz ile ilgili bir\u00e7ok soru olu\u015ftu. \u201cU\u00e7u\u015flar iptal mi? \u015eehirleraras\u0131 seyahat edilebilecek mi? Seyahat yasa\u011f\u0131 hangi saatleri kaps\u0131yor? \u00d6zel ara\u00e7la seyahat yasak m\u0131? Turizm Ama\u00e7l\u0131 Seyahat Edilebilecek mi? Yurt i\u00e7i otellerde konaklama yap\u0131labilecek mi?\u201d gibi merak edilen sorular i\u00e7in bir bilgilendirme haz\u0131rlad\u0131k. \u0130\u015fte \u201cK\u0131smi Kapanma\u201d s\u00fcrecinde seyahat prosed\u00fcrleri ile ilgili merak edilenler","og_url":"https:\/\/julesverne.com.tr\/haberler\/kismi-kapanma-surecinde-nasil-seyahat-edilir\/","og_site_name":"JULES VERNE BUSINESS MICE TRAVEL","article_publisher":"https:\/\/www.facebook.com\/JulesVerneBusinessMiceTravel\/","article_published_time":"2021-04-15T08:51:41+00:00","article_modified_time":"2021-04-19T13:24:58+00:00","og_image":[{"width":1280,"height":721,"url":"https:\/\/julesverne.com.tr\/wp-content\/uploads\/2021\/04\/Sorular-1-1280x721.png","type":"image\/png"}],"author":"senem.ekermen","twitter_card":"summary_large_image","twitter_creator":"@JV_BusinessMice","twitter_site":"@JV_BusinessMice","twitter_misc":{"Written by":"senem.ekermen","Est. reading time":"4 minutes"},"schema":{"@context":"https:\/\/schema.org","@graph":[{"@type":"Article","@id":"https:\/\/julesverne.com.tr\/haberler\/kismi-kapanma-surecinde-nasil-seyahat-edilir\/#article","isPartOf":{"@id":"https:\/\/julesverne.com.tr\/haberler\/kismi-kapanma-surecinde-nasil-seyahat-edilir\/"},"author":{"name":"senem.ekermen","@id":"https:\/\/julesverne.com.tr\/#\/schema\/person\/b27d0a74a740ecb2ffc838c934d95797"},"headline":"\u201cK\u0131smi Kapanma\u201d S\u00fcrecinde Nas\u0131l Seyahat Edilir?","datePublished":"2021-04-15T08:51:41+00:00","dateModified":"2021-04-19T13:24:58+00:00","mainEntityOfPage":{"@id":"https:\/\/julesverne.com.tr\/haberler\/kismi-kapanma-surecinde-nasil-seyahat-edilir\/"},"wordCount":750,"publisher":{"@id":"https:\/\/julesverne.com.tr\/#organization"},"image":{"@id":"https:\/\/julesverne.com.tr\/haberler\/kismi-kapanma-surecinde-nasil-seyahat-edilir\/#primaryimage"},"thumbnailUrl":"https:\/\/julesverne.com.tr\/wp-content\/uploads\/2021\/04\/Sorular-1.png","keywords":["Seyahat K\u0131s\u0131tlamas\u0131","Seyahat Prosed\u00fcrleri","S\u0131k\u00e7a Sorulan Sorular"],"articleSection":["News","Travel Haberler"],"inLanguage":"en-US"},{"@type":"WebPage","@id":"https:\/\/julesverne.com.tr\/haberler\/kismi-kapanma-surecinde-nasil-seyahat-edilir\/","url":"https:\/\/julesverne.com.tr\/haberler\/kismi-kapanma-surecinde-nasil-seyahat-edilir\/","name":"\u201cK\u0131smi Kapanma\u201d S\u00fcrecinde Nas\u0131l Seyahat Edilir? - JULES VERNE BUSINESS MICE TRAVEL","isPartOf":{"@id":"https:\/\/julesverne.com.tr\/#website"},"primaryImageOfPage":{"@id":"https:\/\/julesverne.com.tr\/haberler\/kismi-kapanma-surecinde-nasil-seyahat-edilir\/#primaryimage"},"image":{"@id":"https:\/\/julesverne.com.tr\/haberler\/kismi-kapanma-surecinde-nasil-seyahat-edilir\/#primaryimage"},"thumbnailUrl":"https:\/\/julesverne.com.tr\/wp-content\/uploads\/2021\/04\/Sorular-1.png","datePublished":"2021-04-15T08:51:41+00:00","dateModified":"2021-04-19T13:24:58+00:00","description":"Kovid-19 tedbirleri kapsam\u0131nda \"K\u0131smi Kapanma\" konulu genelge ile, bu s\u00fcre\u00e7te nas\u0131l seyahat edebilece\u011fimiz ile ilgili bir\u00e7ok soru olu\u015ftu. \u201cU\u00e7u\u015flar iptal mi? \u015eehirleraras\u0131 seyahat edilebilecek mi? Seyahat yasa\u011f\u0131 hangi saatleri kaps\u0131yor? \u00d6zel ara\u00e7la seyahat yasak m\u0131? Turizm Ama\u00e7l\u0131 Seyahat Edilebilecek mi? Yurt i\u00e7i otellerde konaklama yap\u0131labilecek mi?\u201d gibi merak edilen sorular i\u00e7in bir bilgilendirme haz\u0131rlad\u0131k. \u0130\u015fte \u201cK\u0131smi Kapanma\u201d s\u00fcrecinde seyahat prosed\u00fcrleri ile ilgili merak edilenler","breadcrumb":{"@id":"https:\/\/julesverne.com.tr\/haberler\/kismi-kapanma-surecinde-nasil-seyahat-edilir\/#breadcrumb"},"inLanguage":"en-US","potentialAction":[{"@type":"ReadAction","target":["https:\/\/julesverne.com.tr\/haberler\/kismi-kapanma-surecinde-nasil-seyahat-edilir\/"]}]},{"@type":"ImageObject","inLanguage":"en-US","@id":"https:\/\/julesverne.com.tr\/haberler\/kismi-kapanma-surecinde-nasil-seyahat-edilir\/#primaryimage","url":"https:\/\/julesverne.com.tr\/wp-content\/uploads\/2021\/04\/Sorular-1.png","contentUrl":"https:\/\/julesverne.com.tr\/wp-content\/uploads\/2021\/04\/Sorular-1.png","width":1600,"height":901},{"@type":"BreadcrumbList","@id":"https:\/\/julesverne.com.tr\/haberler\/kismi-kapanma-surecinde-nasil-seyahat-edilir\/#breadcrumb","itemListElement":[{"@type":"ListItem","position":1,"name":"Anasayfa","item":"https:\/\/julesverne.com.tr\/"},{"@type":"ListItem","position":2,"name":"\u201cK\u0131smi Kapanma\u201d S\u00fcrecinde Nas\u0131l Seyahat Edilir?"}]},{"@type":"WebSite","@id":"https:\/\/julesverne.com.tr\/#website","url":"https:\/\/julesverne.com.tr\/","name":"JULES VERNE BUSINESS MICE TRAVEL","description":"","publisher":{"@id":"https:\/\/julesverne.com.tr\/#organization"},"potentialAction":[{"@type":"SearchAction","target":{"@type":"EntryPoint","urlTemplate":"https:\/\/julesverne.com.tr\/?s={search_term_string}"},"query-input":"required name=search_term_string"}],"inLanguage":"en-US"},{"@type":"Organization","@id":"https:\/\/julesverne.com.tr\/#organization","name":"JULES VERNE BUSINESS MICE TRAVEL","url":"https:\/\/julesverne.com.tr\/","logo":{"@type":"ImageObject","inLanguage":"en-US","@id":"https:\/\/julesverne.com.tr\/#\/schema\/logo\/image\/","url":"https:\/\/julesverne.com.tr\/wp-content\/uploads\/2020\/09\/jv-bmt-logo.png","contentUrl":"https:\/\/julesverne.com.tr\/wp-content\/uploads\/2020\/09\/jv-bmt-logo.png","width":110,"height":81,"caption":"JULES VERNE BUSINESS MICE TRAVEL"},"image":{"@id":"https:\/\/julesverne.com.tr\/#\/schema\/logo\/image\/"},"sameAs":["https:\/\/www.facebook.com\/JulesVerneBusinessMiceTravel\/","https:\/\/twitter.com\/JV_BusinessMice","https:\/\/www.instagram.com\/julesvernebusinessmicetravel\/","https:\/\/www.linkedin.com\/company\/julesvernebusinessmicetravel\/","https:\/\/www.youtube.com\/channel\/UCAwdsmbZ6tFhu1tea6pkpiw"]},{"@type":"Person","@id":"https:\/\/julesverne.com.tr\/#\/schema\/person\/b27d0a74a740ecb2ffc838c934d95797","name":"senem.ekermen","url":"https:\/\/julesverne.com.tr\/en\/author\/senem-ekermen\/"}]}},"_links":{"self":[{"href":"https:\/\/julesverne.com.tr\/en\/wp-json\/wp\/v2\/posts\/8145"}],"collection":[{"href":"https:\/\/julesverne.com.tr\/en\/wp-json\/wp\/v2\/posts"}],"about":[{"href":"https:\/\/julesverne.com.tr\/en\/wp-json\/wp\/v2\/types\/post"}],"author":[{"embeddable":true,"href":"https:\/\/julesverne.com.tr\/en\/wp-json\/wp\/v2\/users\/5"}],"replies":[{"embeddable":true,"href":"https:\/\/julesverne.com.tr\/en\/wp-json\/wp\/v2\/comments?post=8145"}],"version-history":[{"count":0,"href":"https:\/\/julesverne.com.tr\/en\/wp-json\/wp\/v2\/posts\/8145\/revisions"}],"wp:featuredmedia":[{"embeddable":true,"href":"https:\/\/julesverne.com.tr\/en\/wp-json\/wp\/v2\/media\/8148"}],"wp:attachment":[{"href":"https:\/\/julesverne.com.tr\/en\/wp-json\/wp\/v2\/media?parent=8145"}],"wp:term":[{"taxonomy":"category","embeddable":true,"href":"https:\/\/julesverne.com.tr\/en\/wp-json\/wp\/v2\/categories?post=8145"},{"taxonomy":"post_tag","embeddable":true,"href":"https:\/\/julesverne.com.tr\/en\/wp-json\/wp\/v2\/tags?post=8145"}],"curies":[{"name":"wp","href":"https:\/\/api.w.org\/{rel}","templated":true}]}}