{"id":7923,"date":"2021-03-23T17:20:00","date_gmt":"2021-03-23T14:20:00","guid":{"rendered":"https:\/\/julesverne.com.tr\/?p=7923"},"modified":"2021-03-31T18:15:48","modified_gmt":"2021-03-31T15:15:48","slug":"bayram-tatili-icin-yerleriniz-hazir-siz-sadece-seciminizi-yapin","status":"publish","type":"post","link":"https:\/\/julesverne.com.tr\/en\/travel-blog\/bayram-tatili-icin-yerleriniz-hazir-siz-sadece-seciminizi-yapin\/","title":{"rendered":"Bayram Tatili \u0130\u00e7in Yerleriniz Haz\u0131r, Siz Sadece Se\u00e7iminizi Yap\u0131n!"},"content":{"rendered":"<p><img loading=\"lazy\" decoding=\"async\" class=\"alignnone wp-image-2667\" src=\"https:\/\/julesverne.com.tr\/wp-content\/uploads\/2020\/09\/behramkale-3-500x321.jpg\" alt=\"\" width=\"1200\" height=\"771\" srcset=\"https:\/\/julesverne.com.tr\/wp-content\/uploads\/2020\/09\/behramkale-3-500x321.jpg 500w, https:\/\/julesverne.com.tr\/wp-content\/uploads\/2020\/09\/behramkale-3-768x494.jpg 768w, https:\/\/julesverne.com.tr\/wp-content\/uploads\/2020\/09\/behramkale-3.jpg 999w\" sizes=\"(max-width: 1200px) 100vw, 1200px\" \/><\/p>\n<p>Al\u0131\u015ft\u0131\u011f\u0131m\u0131z bayramlar\u0131 \u00f6zleyerek ge\u00e7irdi\u011fimiz bir y\u0131l\u0131n ard\u0131ndan bu bayram bahar\u0131n co\u015fkusunu T\u00fcrkiye\u2019nin en g\u00fczel ve en \u00f6zel rotalar\u0131nda, sevdiklerinizle birlikte ge\u00e7irmeye ne dersiniz? Bu y\u0131l, <strong>13-15 May\u0131s 2021<\/strong> tarihlerine denk gelen <strong>Ramazan Bayram\u0131<\/strong> tatiliniz i\u00e7in T\u00fcrkiye&#8217;nin \u00f6zel destinasyonlar\u0131nda yerlerinizi ay\u0131rtt\u0131k!<\/p>\n<p>Bayramda aileniz ve sevdiklerinizle doyas\u0131ya zaman ge\u00e7irmek ve ayn\u0131 zamanda do\u011fa, lezzet, k\u00fclt\u00fcr ve ke\u015fif dolu bir tatil ya\u015famak istiyorsan\u0131z tek yapman\u0131z gereken sizin i\u00e7in \u00f6zel haz\u0131rlad\u0131\u011f\u0131m\u0131z tatil programlar\u0131 aras\u0131ndan se\u00e7im yapmak! <strong>Kapadokya<\/strong>&#8216;dan<strong> Cunda<\/strong>&#8216;ya; <strong>K\u0131rklareli<\/strong>&#8216;nden\u00a0<strong>Assos<\/strong>&#8216;a uzanan rotalarda, en g\u00fczel ve g\u00fcvenli <strong>otellerde yerlerinizi ay\u0131rd\u0131k,<\/strong> keyifli an\u0131lar biriktirece\u011finiz <strong>gezi programlar\u0131n\u0131z\u0131<\/strong> haz\u0131rlad\u0131k!<\/p>\n<p>Siz sadece se\u00e7iminizi yap\u0131n, gerisini bize b\u0131rak\u0131n!<\/p>\n<h2>KAPADOKYA<\/h2>\n<p><img loading=\"lazy\" decoding=\"async\" class=\"alignnone wp-image-7561\" src=\"https:\/\/julesverne.com.tr\/wp-content\/uploads\/2021\/03\/kapadokya_shutterstock_1293922393-500x314.jpg\" alt=\"\" width=\"1200\" height=\"754\" srcset=\"https:\/\/julesverne.com.tr\/wp-content\/uploads\/2021\/03\/kapadokya_shutterstock_1293922393-500x314.jpg 500w, https:\/\/julesverne.com.tr\/wp-content\/uploads\/2021\/03\/kapadokya_shutterstock_1293922393-768x482.jpg 768w, https:\/\/julesverne.com.tr\/wp-content\/uploads\/2021\/03\/kapadokya_shutterstock_1293922393.jpg 1000w\" sizes=\"(max-width: 1200px) 100vw, 1200px\" \/>D\u00f6rt mevsim benzersiz, 12 ay farkl\u0131 bir g\u00fczelli\u011fi olan <strong>Kapadokya<\/strong>\u2019ya gitmek i\u00e7in her zaman ge\u00e7erli bir sebebimiz var! Bahar\u0131n en g\u00fczel d\u00f6neminde havalar\u0131n \u0131s\u0131nmas\u0131yla hayat\u0131n sokaklara ta\u015ft\u0131\u011f\u0131 Kapadokya yer alt\u0131 \u015fehirleri, hayranl\u0131k uyand\u0131ran Peri Bacalar\u0131, a\u00e7\u0131k hava m\u00fczeleri, ma\u011fara otelleri, manzaralar\u0131, heyecan veren aktiviteleriyle harika bir tatile davet ediyor sizi. G\u00fcne\u015fin do\u011fu\u015funu vadiler \u00fczerinde balon gezisinde izleyebilece\u011finiz, peri bacalar\u0131 aras\u0131nda ATV turu ile gezebilece\u011finiz, topra\u011fa kendi ellerinizle \u015fekil verebilece\u011finiz \u00e7\u00f6mlek yap\u0131m\u0131 ile deneyim dolu bir yolculu\u011fa davetlisiniz.<\/p>\n<h2><strong>Kapadokya\u2019da Nerede Kalsam?<\/strong><\/h2>\n<p><img loading=\"lazy\" decoding=\"async\" class=\"alignnone wp-image-7928\" src=\"https:\/\/julesverne.com.tr\/wp-content\/uploads\/2021\/03\/argos5-500x332.jpg\" alt=\"\" width=\"1200\" height=\"798\" srcset=\"https:\/\/julesverne.com.tr\/wp-content\/uploads\/2021\/03\/argos5-500x332.jpg 500w, https:\/\/julesverne.com.tr\/wp-content\/uploads\/2021\/03\/argos5-768x511.jpg 768w, https:\/\/julesverne.com.tr\/wp-content\/uploads\/2021\/03\/argos5.jpg 1080w\" sizes=\"(max-width: 1200px) 100vw, 1200px\" \/><\/p>\n<p><strong>Argos in Cappadocia<\/strong><\/p>\n<p>D\u00fcnyan\u0131n en prestijli seyahat dergileri taraf\u0131ndan her y\u0131l \u00f6d\u00fcle lay\u0131k g\u00f6r\u00fclen Argos in Cappadocia yamaca kademeler halinde yay\u0131lan 6 konaktan olu\u015fan bir butik otel, bir iyi ya\u015fam noktas\u0131. Orijinali korunarak yarat\u0131lan bu \u00f6zel d\u00fcnyada konaklarken ge\u00e7irdi\u011finiz her yeni saat yeni bir deneyime d\u00f6n\u00fc\u015f\u00fcyor.<\/p>\n<p><strong><img loading=\"lazy\" decoding=\"async\" class=\"alignnone wp-image-7925\" src=\"https:\/\/julesverne.com.tr\/wp-content\/uploads\/2021\/03\/yunakevleri-500x325.jpeg\" alt=\"\" width=\"1200\" height=\"781\" srcset=\"https:\/\/julesverne.com.tr\/wp-content\/uploads\/2021\/03\/yunakevleri-500x325.jpeg 500w, https:\/\/julesverne.com.tr\/wp-content\/uploads\/2021\/03\/yunakevleri-1280x833.jpeg 1280w, https:\/\/julesverne.com.tr\/wp-content\/uploads\/2021\/03\/yunakevleri-768x500.jpeg 768w, https:\/\/julesverne.com.tr\/wp-content\/uploads\/2021\/03\/yunakevleri-1536x999.jpeg 1536w, https:\/\/julesverne.com.tr\/wp-content\/uploads\/2021\/03\/yunakevleri-2048x1332.jpeg 2048w, https:\/\/julesverne.com.tr\/wp-content\/uploads\/2021\/03\/yunakevleri-scaled.jpeg 1600w\" sizes=\"(max-width: 1200px) 100vw, 1200px\" \/><\/strong><\/p>\n<p><strong>Yunak Evleri<\/strong><\/p>\n<p>Forbes Dergisi taraf\u0131ndan \u201cD\u00fcnyan\u0131n En \u0130yi 12 Ma\u011fara Oteli\u201d aras\u0131nda g\u00f6sterilen Yunak Evleri, \u00dcrg\u00fcp Kasabas\u0131\u2019nda konumlan\u0131yor. 120 kaya odas\u0131 ve 19. y\u00fczy\u0131ldan kalma Rum kona\u011f\u0131 ile b\u00f6lgenin fantastik atmosferini ya\u015fatmaya devam ediyor.<\/p>\n<p><img loading=\"lazy\" decoding=\"async\" class=\"alignnone wp-image-7926\" src=\"https:\/\/julesverne.com.tr\/wp-content\/uploads\/2021\/03\/taskonaklar-500x333.jpeg\" alt=\"\" width=\"1200\" height=\"800\" srcset=\"https:\/\/julesverne.com.tr\/wp-content\/uploads\/2021\/03\/taskonaklar-500x333.jpeg 500w, https:\/\/julesverne.com.tr\/wp-content\/uploads\/2021\/03\/taskonaklar-768x512.jpeg 768w, https:\/\/julesverne.com.tr\/wp-content\/uploads\/2021\/03\/taskonaklar.jpeg 1200w\" sizes=\"(max-width: 1200px) 100vw, 1200px\" \/><\/p>\n<p><strong>Ta\u015f Konaklar<\/strong><\/p>\n<p>U\u00e7hisar\u2019da, e\u015fsiz bir manzaraya kar\u015f\u0131 konumlanan Ta\u015f Konaklar sahipleri taraf\u0131ndan \u00f6zel m\u00fclk amac\u0131yla sat\u0131n al\u0131nm\u0131\u015f olsa da bu g\u00fczelli\u011fin herkes taraf\u0131ndan ke\u015ffedilmesine karar verilerek butik otele d\u00f6n\u00fc\u015ft\u00fcr\u00fclm\u00fc\u015f. Her biri ayr\u0131 dekore edilen ma\u011fara odalar\u0131 size benzersiz bir deneyim sunuyor.<\/p>\n<h2>KIRKLAREL\u0130<\/h2>\n<p><img loading=\"lazy\" decoding=\"async\" class=\"alignnone wp-image-7945\" src=\"https:\/\/julesverne.com.tr\/wp-content\/uploads\/2021\/03\/igneada_kirklareli_shutterstock_1600795156-500x334.jpg\" alt=\"\" width=\"1200\" height=\"800\" srcset=\"https:\/\/julesverne.com.tr\/wp-content\/uploads\/2021\/03\/igneada_kirklareli_shutterstock_1600795156-500x334.jpg 500w, https:\/\/julesverne.com.tr\/wp-content\/uploads\/2021\/03\/igneada_kirklareli_shutterstock_1600795156-768x512.jpg 768w, https:\/\/julesverne.com.tr\/wp-content\/uploads\/2021\/03\/igneada_kirklareli_shutterstock_1600795156.jpg 1000w\" sizes=\"(max-width: 1200px) 100vw, 1200px\" \/><\/p>\n<p>\u0130stanbul&#8217;a yak\u0131nl\u0131\u011f\u0131 ile hafta sonu do\u011fa tatilleri i\u00e7in e\u015fsiz bir ka\u00e7\u0131\u015f noktas\u0131 olan K\u0131rklareli \u00f6zellikle s\u0131n\u0131rlar\u0131nda bar\u0131nd\u0131rd\u0131\u011f\u0131 ba\u011f rotas\u0131, k\u00f6yleri ve do\u011fal noktalar\u0131 ile en sevilen destinasyonlar aras\u0131nda yer almaya ba\u015flad\u0131. Osmanl\u0131 D\u00f6nemi&#8217;nden izler ta\u015f\u0131yan \u015fehir merkezi ve k\u0131sa mesafede ula\u015f\u0131labilen do\u011fal g\u00fczellikleri ile K\u0131rklareli tam bir bayram sevinci ya\u015fat\u0131yor. Do\u011fa y\u00fcr\u00fcy\u00fc\u015fleri, bisiklet tutkunlar\u0131 ve kamp merakl\u0131lar\u0131 i\u00e7in bir cennet olan Istranca Da\u011flar\u0131 sahip oldu\u011fu biyolojik \u00e7e\u015fitlilik ile do\u011fa severlerin radar\u0131nda! T\u00fcrkiye\u2019nin en b\u00fcy\u00fck, Avrupa\u2019n\u0131n ise ikinci en b\u00fcy\u00fck longoz ormanlar\u0131 ekosistemi olan Longoz Ormanlar\u0131\u2019nda do\u011fa y\u00fcr\u00fcy\u00fc\u015fleri yapmadan buradan ayr\u0131lmamal\u0131s\u0131n\u0131z.<\/p>\n<h2><strong>K\u0131rklareli\u2019nde Nerede Kalsam?<\/strong><\/h2>\n<p><img loading=\"lazy\" decoding=\"async\" class=\"alignnone wp-image-7929\" src=\"https:\/\/julesverne.com.tr\/wp-content\/uploads\/2021\/03\/bakucha3-500x281.jpg\" alt=\"\" width=\"1200\" height=\"675\" srcset=\"https:\/\/julesverne.com.tr\/wp-content\/uploads\/2021\/03\/bakucha3-500x281.jpg 500w, https:\/\/julesverne.com.tr\/wp-content\/uploads\/2021\/03\/bakucha3-1280x720.jpg 1280w, https:\/\/julesverne.com.tr\/wp-content\/uploads\/2021\/03\/bakucha3-768x432.jpg 768w, https:\/\/julesverne.com.tr\/wp-content\/uploads\/2021\/03\/bakucha3-1536x864.jpg 1536w, https:\/\/julesverne.com.tr\/wp-content\/uploads\/2021\/03\/bakucha3-400x225.jpg 400w, https:\/\/julesverne.com.tr\/wp-content\/uploads\/2021\/03\/bakucha3-scaled.jpg 1600w\" sizes=\"(max-width: 1200px) 100vw, 1200px\" \/><\/p>\n<p><strong>BAKUCHA Vineyard Hotel &amp; SPA<\/strong><\/p>\n<p>200 hektarl\u0131k alanda yer alan \u00fcz\u00fcm ba\u011flar\u0131, \u015faraphanesi, meyve bah\u00e7eleriyle \u015fehirden uzakla\u015fmak i\u00e7in harika bir donan\u0131ma sahip olan BAKUCHA Vineyard Hotel &amp; SPA ve Arcadia Ba\u011flar\u0131 harika bir \u015farap ve SPA oteli. Sadece 26 odas\u0131 bulunan bu \u00f6zel otel SPA merkezi, ba\u011flar\u0131, leziz mutfa\u011f\u0131, \u015f\u0131k odalar\u0131 ile do\u011fada ya\u015fayabilece\u011finiz en g\u00fczel deneyimleri bir araya getiriyor.<\/p>\n<h2>ECEABAT<\/h2>\n<p><img loading=\"lazy\" decoding=\"async\" class=\"alignnone wp-image-7932\" src=\"https:\/\/julesverne.com.tr\/wp-content\/uploads\/2021\/03\/kilitbahireceabat-500x334.jpg\" alt=\"\" width=\"1200\" height=\"800\" srcset=\"https:\/\/julesverne.com.tr\/wp-content\/uploads\/2021\/03\/kilitbahireceabat-500x334.jpg 500w, https:\/\/julesverne.com.tr\/wp-content\/uploads\/2021\/03\/kilitbahireceabat-768x512.jpg 768w, https:\/\/julesverne.com.tr\/wp-content\/uploads\/2021\/03\/kilitbahireceabat.jpg 1000w\" sizes=\"(max-width: 1200px) 100vw, 1200px\" \/><\/p>\n<p>Ye\u015fil ve mavinin bulu\u015ftu\u011fu <strong>Eceabat<\/strong>, \u00c7anakkale&#8217;nin narin ve g\u00f6z al\u0131c\u0131 il\u00e7esi. Do\u011fas\u0131, do\u011fall\u0131\u011f\u0131, ba\u011flar\u0131 ile \u00f6zellikle son y\u0131llarda \u015fehirden uzakla\u015fmak isteyenlerin s\u0131\u011f\u0131na\u011f\u0131 oldu. Tarihi M.\u00d6. 2000&#8217;li y\u0131llara dayanan, 14. y\u00fczy\u0131lda Osmanl\u0131 topraklar\u0131na kat\u0131lan Eceabat, ge\u00e7mi\u015finden getirdi\u011fi tarihi, k\u00fclt\u00fcrel ve do\u011fal g\u00fczellikleriyle ziyaret\u00e7ilerini b\u00fcy\u00fclemeye devam ediyor. Kilitbahir Kalesi, Rumeli Mecidiye Tabyas\u0131, Al\u00e7\u0131tepe Sarg\u0131 Yeri, \u00c7anakkale \u015eehitler Abidesi, 57.Alay \u015eehitli\u011fi, Conkbay\u0131r\u0131, Anzak Koyu mutlaka g\u00f6r\u00fclmesi gereken yerler aras\u0131nda.<\/p>\n<h2><strong>Eceabat\u2019ta Nerede Kalsam?<\/strong><\/h2>\n<p><img loading=\"lazy\" decoding=\"async\" class=\"alignnone wp-image-2487\" src=\"https:\/\/julesverne.com.tr\/wp-content\/uploads\/2020\/09\/hotel-caeli.-500x334.jpg\" alt=\"Hotel Caeli\" width=\"1200\" height=\"801\" srcset=\"https:\/\/julesverne.com.tr\/wp-content\/uploads\/2020\/09\/hotel-caeli.-500x334.jpg 500w, https:\/\/julesverne.com.tr\/wp-content\/uploads\/2020\/09\/hotel-caeli.-768x512.jpg 768w, https:\/\/julesverne.com.tr\/wp-content\/uploads\/2020\/09\/hotel-caeli..jpg 1280w\" sizes=\"(max-width: 1200px) 100vw, 1200px\" \/><\/p>\n<p><strong>Hotel Caeli<\/strong><\/p>\n<p>SPA otelinde konaklamak isteyenler, tatillerini ba\u011f otelinde ge\u00e7irmek isteyenler, sanat otelinde kalarak ruhunu doyurmak isteyenler, damak tad\u0131na d\u00fc\u015fk\u00fcn olup gurme bir oteli tercih edecek olanlar&#8230; Adres hep ayn\u0131: Hotel Caeli! Eceabat&#8217;\u0131n yemye\u015fil do\u011fas\u0131nda ba\u011flar ile \u00e7evrili olan Hotel Caeli hem l\u00fcks bir SPA hem de bir ba\u011f oteli. Bah\u00e7esinden \u015farap evine, odalar\u0131ndan lobisine kadar her k\u00f6\u015fede etkileyici bir sanat eseriyle kar\u015f\u0131la\u015ft\u0131\u011f\u0131n\u0131z otel \u015f\u0131k odalar\u0131, e\u015fsiz lezzetleri, evinizde gibi hissedece\u011finiz hizmet anlay\u0131\u015f\u0131 ile misafirlerine mutlu anlar ya\u015fat\u0131yor.<\/p>\n<h2>CUNDA, AYVALIK<\/h2>\n<p><img loading=\"lazy\" decoding=\"async\" class=\"alignnone wp-image-7946\" src=\"https:\/\/julesverne.com.tr\/wp-content\/uploads\/2021\/03\/Cunda_shutterstock_131256038-500x334.jpg\" alt=\"\" width=\"1200\" height=\"800\" srcset=\"https:\/\/julesverne.com.tr\/wp-content\/uploads\/2021\/03\/Cunda_shutterstock_131256038-500x334.jpg 500w, https:\/\/julesverne.com.tr\/wp-content\/uploads\/2021\/03\/Cunda_shutterstock_131256038-768x512.jpg 768w, https:\/\/julesverne.com.tr\/wp-content\/uploads\/2021\/03\/Cunda_shutterstock_131256038.jpg 1000w\" sizes=\"(max-width: 1200px) 100vw, 1200px\" \/><\/p>\n<p>Rum-T\u00fcrk k\u00fclt\u00fcr\u00fcn\u00fcn izlerini ta\u015f\u0131yan, ana karaya k\u00f6pr\u00fc ile ba\u011flansa da deniz ortas\u0131nda olman\u0131n ba\u015f\u0131na buyruklu\u011funu devam ettiren, \u00f6zg\u00fcr ruhlu bir Ege adas\u0131 Cunda\u2026 Arnavut kald\u0131r\u0131m ta\u015fl\u0131 sokaklar\u0131, Ta\u015f evleri, at\u00f6lyeleri, butikleri, lezzetleriyle ba\u015f d\u00f6nd\u00fcren restoranlar\u0131, bakir koylar\u0131 ile Cunda her zaman \u00e7ok keyifli. Osmanl\u0131 padi\u015fah\u0131 Fatih Sultan Mehmet Midilli\u2019yi ald\u0131ktan sonra b\u00f6lgenin deniz g\u00fcvenli\u011finin sa\u011flanmas\u0131 ile yerle\u015fik ya\u015fam\u0131n k\u00f6k sald\u0131\u011f\u0131 Alibey nam-\u0131 di\u011fer Cunda Adas\u0131, Rum ve T\u00fcrk mimarisinin en g\u00fczel izlerini ta\u015f\u0131maya devam ediyor. Arnavut kald\u0131r\u0131ml\u0131 sokaklar\u0131, Rum evleri, harika deniz manzaras\u0131, deniz manzaras\u0131na kar\u015f\u0131 dizilen kafe ve restoranlar\u0131, g\u00fcn boyu Ayval\u0131k aras\u0131nda gidip gelen motorlar\u0131 ile \u00c7a\u011fan Irmak filmlerini an\u0131msat\u0131yor.<\/p>\n<h2><strong>Cunda\u2019da Nerede Kalsam?<\/strong><\/h2>\n<p><img loading=\"lazy\" decoding=\"async\" class=\"alignnone wp-image-7935\" src=\"https:\/\/julesverne.com.tr\/wp-content\/uploads\/2021\/03\/molacunda-500x334.jpeg\" alt=\"\" width=\"1200\" height=\"801\" srcset=\"https:\/\/julesverne.com.tr\/wp-content\/uploads\/2021\/03\/molacunda-500x334.jpeg 500w, https:\/\/julesverne.com.tr\/wp-content\/uploads\/2021\/03\/molacunda-1280x854.jpeg 1280w, https:\/\/julesverne.com.tr\/wp-content\/uploads\/2021\/03\/molacunda-768x512.jpeg 768w, https:\/\/julesverne.com.tr\/wp-content\/uploads\/2021\/03\/molacunda-1536x1025.jpeg 1536w, https:\/\/julesverne.com.tr\/wp-content\/uploads\/2021\/03\/molacunda-2048x1366.jpeg 2048w, https:\/\/julesverne.com.tr\/wp-content\/uploads\/2021\/03\/molacunda-scaled.jpeg 1600w\" sizes=\"(max-width: 1200px) 100vw, 1200px\" \/><\/p>\n<p><strong>Mola Cunda<\/strong><\/p>\n<p>Bembeyaz mimarisi, yemye\u015fil avlusu, minimal detaylarla dekore edilen 30 odas\u0131yla misafirlerine ger\u00e7ek bir &#8220;mola&#8221; ya\u015fatan Mola Cunda hem adan\u0131n kalbinde hem de adadan izole olmay\u0131 ba\u015far\u0131yor. Patri\u00e7a Koyu, 1. k\u00f6y\u00fcnde kendine ait plaj\u0131 bulunan otel ayn\u0131 anda dingin ve dinamik hissettirmeyi ba\u015far\u0131yor.<\/p>\n<h2>ASSOS<\/h2>\n<p><img loading=\"lazy\" decoding=\"async\" class=\"alignnone wp-image-7936\" src=\"https:\/\/julesverne.com.tr\/wp-content\/uploads\/2021\/03\/assos-500x334.jpg\" alt=\"\" width=\"1200\" height=\"800\" srcset=\"https:\/\/julesverne.com.tr\/wp-content\/uploads\/2021\/03\/assos-500x334.jpg 500w, https:\/\/julesverne.com.tr\/wp-content\/uploads\/2021\/03\/assos-768x512.jpg 768w, https:\/\/julesverne.com.tr\/wp-content\/uploads\/2021\/03\/assos.jpg 1000w\" sizes=\"(max-width: 1200px) 100vw, 1200px\" \/>Kuzey Ege&#8217;nin en g\u00fczel k\u00f6ylerinden biri olan Assos bug\u00fcnk\u00fc ad\u0131yla Behram, Bizans d\u00f6neminde Makhramion ad\u0131yla an\u0131l\u0131yordu. G\u00fcn\u00fcm\u00fczde, antik \u015fehir kal\u0131nt\u0131lar\u0131 aras\u0131nda kurulan ve bu \u00f6zelli\u011fi ile ya\u015famaya devam eden Assos do\u011fas\u0131, havas\u0131, tarihi zenginli\u011fi, sakin ya\u015fam\u0131yla hepimizin hayalini s\u00fcsleyen &#8220;tatil noktas\u0131.&#8221; B\u00f6lgenin en g\u00fczel k\u00f6ylerinden biri olan <strong><em>Adatepe K\u00f6y\u00fc;<\/em><\/strong> ye\u015fil bir vadiden Edremit K\u00f6rfezi\u2019ne do\u011fru bakan, tarihi dokusunu koruyan <strong><em>\u00c7aml\u0131bey K\u00f6y\u00fc;<\/em><\/strong> tipik bir Ege kasabas\u0131n\u0131n t\u00fcm \u00f6zelliklerini ta\u015f\u0131yan, Kaz Da\u011flar\u0131 eteklerinde yer alan <strong><em>Ye\u015filyurt K\u00f6y\u00fc;<\/em><\/strong> y\u00fczy\u0131ldan g\u00fcn\u00fcm\u00fcze kendi geleneklerini koruyarak gelen, UNESCO Te\u015fvik \u00d6d\u00fcl\u00fc alan Etnografya M\u00fczesi ile \u00fcnl\u00fc <strong><em>Tahtaku\u015flar K\u00f6y\u00fc<\/em><\/strong> ziyaret edilecek yerler aras\u0131nda mutlaka olmal\u0131.<\/p>\n<h2><strong>Assos\u2019ta Nerede Kalsam?<\/strong><\/h2>\n<p><img loading=\"lazy\" decoding=\"async\" class=\"alignnone wp-image-7949\" src=\"https:\/\/julesverne.com.tr\/wp-content\/uploads\/2021\/03\/idacosta--500x281.jpg\" alt=\"\" width=\"1200\" height=\"674\" srcset=\"https:\/\/julesverne.com.tr\/wp-content\/uploads\/2021\/03\/idacosta--500x281.jpg 500w, https:\/\/julesverne.com.tr\/wp-content\/uploads\/2021\/03\/idacosta--1280x719.jpg 1280w, https:\/\/julesverne.com.tr\/wp-content\/uploads\/2021\/03\/idacosta--768x432.jpg 768w, https:\/\/julesverne.com.tr\/wp-content\/uploads\/2021\/03\/idacosta--400x225.jpg 400w, https:\/\/julesverne.com.tr\/wp-content\/uploads\/2021\/03\/idacosta-.jpg 1500w\" sizes=\"(max-width: 1200px) 100vw, 1200px\" \/><\/p>\n<p><strong>\u0130da Costa Hotel<\/strong><\/p>\n<p>Assos\u2019un en g\u00fczel k\u00f6\u015felerinden birini kendine mesken tutan \u0130da Costa, insan \u00f6mr\u00fcn\u00fc uzatan bir huzur ve do\u011fall\u0131\u011fa sahip. Masmavi Ege Denizi manzaras\u0131na ve bah\u00e7e manzaras\u0131na bakan odalar\u0131 ta\u015f binalarda yer al\u0131yor. Assos&#8217;un dingin ve sadelikten yana olan ya\u015fam k\u00fclt\u00fcr\u00fcnden ilhamla dekore edilen odalar\u0131 abart\u0131s\u0131z bir stille dekore edilmi\u015f. Kendi iskelesi bulunan otel sezonu erken a\u00e7mak isteyenler i\u00e7in de bir f\u0131rsat sunuyor. Mutfa\u011f\u0131nda b\u00f6lgesel lezzetlerin yer ald\u0131\u011f\u0131 restoran\u0131 ise g\u00fczel sohbetlerde bulu\u015fmak i\u00e7in harika.<\/p>\n<h2 style=\"text-align: center;\"><strong>Bayramda Yerleriniz Haz\u0131r, Siz Sadece Se\u00e7iminizi Yap\u0131n!<\/strong><\/h2>\n<p style=\"text-align: center;\">Detayl\u0131 program bilgisi ve rezervasyon i\u00e7in:<\/p>\n<p style=\"text-align: center;\"><a href=\"mailto:Travel@julesverne.com.tr\">Travel@julesverne.com.tr<\/a><\/p>\n<p>&nbsp;<\/p>\n","protected":false},"excerpt":{"rendered":"<p>Al\u0131\u015ft\u0131\u011f\u0131m\u0131z bayramlar\u0131 \u00f6zleyerek ge\u00e7irdi\u011fimiz bir y\u0131l\u0131n ard\u0131ndan bu bayram bahar\u0131n co\u015fkusunu T\u00fcrkiye\u2019nin en g\u00fczel ve en \u00f6zel rotalar\u0131nda, sevdiklerinizle birlikte ge\u00e7irmeye ne dersiniz? Bu y\u0131l, 13-15 May\u0131s 2021 tarihlerine denk gelen Ramazan Bayram\u0131 tatiliniz i\u00e7in T\u00fcrkiye&#8217;nin \u00f6zel destinasyonlar\u0131nda yerlerinizi ay\u0131rtt\u0131k! Bayramda aileniz ve sevdiklerinizle doyas\u0131ya zaman ge\u00e7irmek ve ayn\u0131 zamanda do\u011fa, lezzet, k\u00fclt\u00fcr ve ke\u015fif [&hellip;]<\/p>\n","protected":false},"author":5,"featured_media":7946,"comment_status":"closed","ping_status":"closed","sticky":false,"template":"","format":"standard","meta":{"inline_featured_image":false,"footnotes":""},"categories":[1,40,39],"tags":[74,73,84],"acf":[],"yoast_head":"<!-- This site is optimized with the Yoast SEO plugin v22.3 - https:\/\/yoast.com\/wordpress\/plugins\/seo\/ -->\n<title>Bayram Tatili \u0130\u00e7in Yerleriniz Haz\u0131r, Siz Sadece Se\u00e7iminizi Yap\u0131n! - JULES VERNE BUSINESS MICE TRAVEL<\/title>\n<meta name=\"description\" content=\"13-15 May\u0131s 2021 tarihlerine denk gelen Ramazan Bayram\u0131 tatiliniz i\u00e7in T\u00fcrkiye&#039;nin \u00f6zel destinasyonlar\u0131nda yeriniz haz\u0131r! Kapadokya&#039;dan Cunda&#039;ya; K\u0131rklareli&#039;nden Assos&#039;a uzanan \u00f6zel seyahatlerimiz ile oteliniz ve gezi program\u0131n\u0131z haz\u0131r, siz sadece se\u00e7iminizi yap\u0131n, gerisini bize b\u0131rak\u0131n!\" \/>\n<meta name=\"robots\" content=\"index, follow, max-snippet:-1, max-image-preview:large, max-video-preview:-1\" \/>\n<link rel=\"canonical\" href=\"https:\/\/julesverne.com.tr\/travel-blog\/bayram-tatili-icin-yerleriniz-hazir-siz-sadece-seciminizi-yapin\/\" \/>\n<meta property=\"og:locale\" content=\"en_US\" \/>\n<meta property=\"og:type\" content=\"article\" \/>\n<meta property=\"og:title\" content=\"Bayram Tatili \u0130\u00e7in Yerleriniz Haz\u0131r, Siz Sadece Se\u00e7iminizi Yap\u0131n! - JULES VERNE BUSINESS MICE TRAVEL\" \/>\n<meta property=\"og:description\" content=\"13-15 May\u0131s 2021 tarihlerine denk gelen Ramazan Bayram\u0131 tatiliniz i\u00e7in T\u00fcrkiye&#039;nin \u00f6zel destinasyonlar\u0131nda yeriniz haz\u0131r! Kapadokya&#039;dan Cunda&#039;ya; K\u0131rklareli&#039;nden Assos&#039;a uzanan \u00f6zel seyahatlerimiz ile oteliniz ve gezi program\u0131n\u0131z haz\u0131r, siz sadece se\u00e7iminizi yap\u0131n, gerisini bize b\u0131rak\u0131n!\" \/>\n<meta property=\"og:url\" content=\"https:\/\/julesverne.com.tr\/travel-blog\/bayram-tatili-icin-yerleriniz-hazir-siz-sadece-seciminizi-yapin\/\" \/>\n<meta property=\"og:site_name\" content=\"JULES VERNE BUSINESS MICE TRAVEL\" \/>\n<meta property=\"article:publisher\" content=\"https:\/\/www.facebook.com\/JulesVerneBusinessMiceTravel\/\" \/>\n<meta property=\"article:published_time\" content=\"2021-03-23T14:20:00+00:00\" \/>\n<meta property=\"article:modified_time\" content=\"2021-03-31T15:15:48+00:00\" \/>\n<meta property=\"og:image\" content=\"https:\/\/julesverne.com.tr\/wp-content\/uploads\/2021\/03\/Cunda_shutterstock_131256038.jpg\" \/>\n\t<meta property=\"og:image:width\" content=\"1000\" \/>\n\t<meta property=\"og:image:height\" content=\"667\" \/>\n\t<meta property=\"og:image:type\" content=\"image\/jpeg\" \/>\n<meta name=\"author\" content=\"senem.ekermen\" \/>\n<meta name=\"twitter:card\" content=\"summary_large_image\" \/>\n<meta name=\"twitter:creator\" content=\"@JV_BusinessMice\" \/>\n<meta name=\"twitter:site\" content=\"@JV_BusinessMice\" \/>\n<meta name=\"twitter:label1\" content=\"Written by\" \/>\n\t<meta name=\"twitter:data1\" content=\"senem.ekermen\" \/>\n\t<meta name=\"twitter:label2\" content=\"Est. reading time\" \/>\n\t<meta name=\"twitter:data2\" content=\"7 minutes\" \/>\n<script type=\"application\/ld+json\" class=\"yoast-schema-graph\">{\"@context\":\"https:\/\/schema.org\",\"@graph\":[{\"@type\":\"Article\",\"@id\":\"https:\/\/julesverne.com.tr\/travel-blog\/bayram-tatili-icin-yerleriniz-hazir-siz-sadece-seciminizi-yapin\/#article\",\"isPartOf\":{\"@id\":\"https:\/\/julesverne.com.tr\/travel-blog\/bayram-tatili-icin-yerleriniz-hazir-siz-sadece-seciminizi-yapin\/\"},\"author\":{\"name\":\"senem.ekermen\",\"@id\":\"https:\/\/julesverne.com.tr\/#\/schema\/person\/b27d0a74a740ecb2ffc838c934d95797\"},\"headline\":\"Bayram Tatili \u0130\u00e7in Yerleriniz Haz\u0131r, Siz Sadece Se\u00e7iminizi Yap\u0131n!\",\"datePublished\":\"2021-03-23T14:20:00+00:00\",\"dateModified\":\"2021-03-31T15:15:48+00:00\",\"mainEntityOfPage\":{\"@id\":\"https:\/\/julesverne.com.tr\/travel-blog\/bayram-tatili-icin-yerleriniz-hazir-siz-sadece-seciminizi-yapin\/\"},\"wordCount\":1334,\"publisher\":{\"@id\":\"https:\/\/julesverne.com.tr\/#organization\"},\"image\":{\"@id\":\"https:\/\/julesverne.com.tr\/travel-blog\/bayram-tatili-icin-yerleriniz-hazir-siz-sadece-seciminizi-yapin\/#primaryimage\"},\"thumbnailUrl\":\"https:\/\/julesverne.com.tr\/wp-content\/uploads\/2021\/03\/Cunda_shutterstock_131256038.jpg\",\"keywords\":[\"Nerede Kalsak\",\"Nereye Gitsek\",\"Ramazan Bayram\u0131\"],\"articleSection\":[\"Blog\",\"Nerede Kalsak?\",\"Nereye Gitsek?\"],\"inLanguage\":\"en-US\"},{\"@type\":\"WebPage\",\"@id\":\"https:\/\/julesverne.com.tr\/travel-blog\/bayram-tatili-icin-yerleriniz-hazir-siz-sadece-seciminizi-yapin\/\",\"url\":\"https:\/\/julesverne.com.tr\/travel-blog\/bayram-tatili-icin-yerleriniz-hazir-siz-sadece-seciminizi-yapin\/\",\"name\":\"Bayram Tatili \u0130\u00e7in Yerleriniz Haz\u0131r, Siz Sadece Se\u00e7iminizi Yap\u0131n! - JULES VERNE BUSINESS MICE TRAVEL\",\"isPartOf\":{\"@id\":\"https:\/\/julesverne.com.tr\/#website\"},\"primaryImageOfPage\":{\"@id\":\"https:\/\/julesverne.com.tr\/travel-blog\/bayram-tatili-icin-yerleriniz-hazir-siz-sadece-seciminizi-yapin\/#primaryimage\"},\"image\":{\"@id\":\"https:\/\/julesverne.com.tr\/travel-blog\/bayram-tatili-icin-yerleriniz-hazir-siz-sadece-seciminizi-yapin\/#primaryimage\"},\"thumbnailUrl\":\"https:\/\/julesverne.com.tr\/wp-content\/uploads\/2021\/03\/Cunda_shutterstock_131256038.jpg\",\"datePublished\":\"2021-03-23T14:20:00+00:00\",\"dateModified\":\"2021-03-31T15:15:48+00:00\",\"description\":\"13-15 May\u0131s 2021 tarihlerine denk gelen Ramazan Bayram\u0131 tatiliniz i\u00e7in T\u00fcrkiye'nin \u00f6zel destinasyonlar\u0131nda yeriniz haz\u0131r! Kapadokya'dan Cunda'ya; K\u0131rklareli'nden Assos'a uzanan \u00f6zel seyahatlerimiz ile oteliniz ve gezi program\u0131n\u0131z haz\u0131r, siz sadece se\u00e7iminizi yap\u0131n, gerisini bize b\u0131rak\u0131n!\",\"breadcrumb\":{\"@id\":\"https:\/\/julesverne.com.tr\/travel-blog\/bayram-tatili-icin-yerleriniz-hazir-siz-sadece-seciminizi-yapin\/#breadcrumb\"},\"inLanguage\":\"en-US\",\"potentialAction\":[{\"@type\":\"ReadAction\",\"target\":[\"https:\/\/julesverne.com.tr\/travel-blog\/bayram-tatili-icin-yerleriniz-hazir-siz-sadece-seciminizi-yapin\/\"]}]},{\"@type\":\"ImageObject\",\"inLanguage\":\"en-US\",\"@id\":\"https:\/\/julesverne.com.tr\/travel-blog\/bayram-tatili-icin-yerleriniz-hazir-siz-sadece-seciminizi-yapin\/#primaryimage\",\"url\":\"https:\/\/julesverne.com.tr\/wp-content\/uploads\/2021\/03\/Cunda_shutterstock_131256038.jpg\",\"contentUrl\":\"https:\/\/julesverne.com.tr\/wp-content\/uploads\/2021\/03\/Cunda_shutterstock_131256038.jpg\",\"width\":1000,\"height\":667},{\"@type\":\"BreadcrumbList\",\"@id\":\"https:\/\/julesverne.com.tr\/travel-blog\/bayram-tatili-icin-yerleriniz-hazir-siz-sadece-seciminizi-yapin\/#breadcrumb\",\"itemListElement\":[{\"@type\":\"ListItem\",\"position\":1,\"name\":\"Anasayfa\",\"item\":\"https:\/\/julesverne.com.tr\/\"},{\"@type\":\"ListItem\",\"position\":2,\"name\":\"Bayram Tatili \u0130\u00e7in Yerleriniz Haz\u0131r, Siz Sadece Se\u00e7iminizi Yap\u0131n!\"}]},{\"@type\":\"WebSite\",\"@id\":\"https:\/\/julesverne.com.tr\/#website\",\"url\":\"https:\/\/julesverne.com.tr\/\",\"name\":\"JULES VERNE BUSINESS MICE TRAVEL\",\"description\":\"\",\"publisher\":{\"@id\":\"https:\/\/julesverne.com.tr\/#organization\"},\"potentialAction\":[{\"@type\":\"SearchAction\",\"target\":{\"@type\":\"EntryPoint\",\"urlTemplate\":\"https:\/\/julesverne.com.tr\/?s={search_term_string}\"},\"query-input\":\"required name=search_term_string\"}],\"inLanguage\":\"en-US\"},{\"@type\":\"Organization\",\"@id\":\"https:\/\/julesverne.com.tr\/#organization\",\"name\":\"JULES VERNE BUSINESS MICE TRAVEL\",\"url\":\"https:\/\/julesverne.com.tr\/\",\"logo\":{\"@type\":\"ImageObject\",\"inLanguage\":\"en-US\",\"@id\":\"https:\/\/julesverne.com.tr\/#\/schema\/logo\/image\/\",\"url\":\"https:\/\/julesverne.com.tr\/wp-content\/uploads\/2020\/09\/jv-bmt-logo.png\",\"contentUrl\":\"https:\/\/julesverne.com.tr\/wp-content\/uploads\/2020\/09\/jv-bmt-logo.png\",\"width\":110,\"height\":81,\"caption\":\"JULES VERNE BUSINESS MICE TRAVEL\"},\"image\":{\"@id\":\"https:\/\/julesverne.com.tr\/#\/schema\/logo\/image\/\"},\"sameAs\":[\"https:\/\/www.facebook.com\/JulesVerneBusinessMiceTravel\/\",\"https:\/\/twitter.com\/JV_BusinessMice\",\"https:\/\/www.instagram.com\/julesvernebusinessmicetravel\/\",\"https:\/\/www.linkedin.com\/company\/julesvernebusinessmicetravel\/\",\"https:\/\/www.youtube.com\/channel\/UCAwdsmbZ6tFhu1tea6pkpiw\"]},{\"@type\":\"Person\",\"@id\":\"https:\/\/julesverne.com.tr\/#\/schema\/person\/b27d0a74a740ecb2ffc838c934d95797\",\"name\":\"senem.ekermen\",\"url\":\"https:\/\/julesverne.com.tr\/en\/author\/senem-ekermen\/\"}]}<\/script>\n<!-- \/ Yoast SEO plugin. -->","yoast_head_json":{"title":"Bayram Tatili \u0130\u00e7in Yerleriniz Haz\u0131r, Siz Sadece Se\u00e7iminizi Yap\u0131n! - JULES VERNE BUSINESS MICE TRAVEL","description":"13-15 May\u0131s 2021 tarihlerine denk gelen Ramazan Bayram\u0131 tatiliniz i\u00e7in T\u00fcrkiye'nin \u00f6zel destinasyonlar\u0131nda yeriniz haz\u0131r! Kapadokya'dan Cunda'ya; K\u0131rklareli'nden Assos'a uzanan \u00f6zel seyahatlerimiz ile oteliniz ve gezi program\u0131n\u0131z haz\u0131r, siz sadece se\u00e7iminizi yap\u0131n, gerisini bize b\u0131rak\u0131n!","robots":{"index":"index","follow":"follow","max-snippet":"max-snippet:-1","max-image-preview":"max-image-preview:large","max-video-preview":"max-video-preview:-1"},"canonical":"https:\/\/julesverne.com.tr\/travel-blog\/bayram-tatili-icin-yerleriniz-hazir-siz-sadece-seciminizi-yapin\/","og_locale":"en_US","og_type":"article","og_title":"Bayram Tatili \u0130\u00e7in Yerleriniz Haz\u0131r, Siz Sadece Se\u00e7iminizi Yap\u0131n! - JULES VERNE BUSINESS MICE TRAVEL","og_description":"13-15 May\u0131s 2021 tarihlerine denk gelen Ramazan Bayram\u0131 tatiliniz i\u00e7in T\u00fcrkiye'nin \u00f6zel destinasyonlar\u0131nda yeriniz haz\u0131r! Kapadokya'dan Cunda'ya; K\u0131rklareli'nden Assos'a uzanan \u00f6zel seyahatlerimiz ile oteliniz ve gezi program\u0131n\u0131z haz\u0131r, siz sadece se\u00e7iminizi yap\u0131n, gerisini bize b\u0131rak\u0131n!","og_url":"https:\/\/julesverne.com.tr\/travel-blog\/bayram-tatili-icin-yerleriniz-hazir-siz-sadece-seciminizi-yapin\/","og_site_name":"JULES VERNE BUSINESS MICE TRAVEL","article_publisher":"https:\/\/www.facebook.com\/JulesVerneBusinessMiceTravel\/","article_published_time":"2021-03-23T14:20:00+00:00","article_modified_time":"2021-03-31T15:15:48+00:00","og_image":[{"width":1000,"height":667,"url":"https:\/\/julesverne.com.tr\/wp-content\/uploads\/2021\/03\/Cunda_shutterstock_131256038.jpg","type":"image\/jpeg"}],"author":"senem.ekermen","twitter_card":"summary_large_image","twitter_creator":"@JV_BusinessMice","twitter_site":"@JV_BusinessMice","twitter_misc":{"Written by":"senem.ekermen","Est. reading time":"7 minutes"},"schema":{"@context":"https:\/\/schema.org","@graph":[{"@type":"Article","@id":"https:\/\/julesverne.com.tr\/travel-blog\/bayram-tatili-icin-yerleriniz-hazir-siz-sadece-seciminizi-yapin\/#article","isPartOf":{"@id":"https:\/\/julesverne.com.tr\/travel-blog\/bayram-tatili-icin-yerleriniz-hazir-siz-sadece-seciminizi-yapin\/"},"author":{"name":"senem.ekermen","@id":"https:\/\/julesverne.com.tr\/#\/schema\/person\/b27d0a74a740ecb2ffc838c934d95797"},"headline":"Bayram Tatili \u0130\u00e7in Yerleriniz Haz\u0131r, Siz Sadece Se\u00e7iminizi Yap\u0131n!","datePublished":"2021-03-23T14:20:00+00:00","dateModified":"2021-03-31T15:15:48+00:00","mainEntityOfPage":{"@id":"https:\/\/julesverne.com.tr\/travel-blog\/bayram-tatili-icin-yerleriniz-hazir-siz-sadece-seciminizi-yapin\/"},"wordCount":1334,"publisher":{"@id":"https:\/\/julesverne.com.tr\/#organization"},"image":{"@id":"https:\/\/julesverne.com.tr\/travel-blog\/bayram-tatili-icin-yerleriniz-hazir-siz-sadece-seciminizi-yapin\/#primaryimage"},"thumbnailUrl":"https:\/\/julesverne.com.tr\/wp-content\/uploads\/2021\/03\/Cunda_shutterstock_131256038.jpg","keywords":["Nerede Kalsak","Nereye Gitsek","Ramazan Bayram\u0131"],"articleSection":["Blog","Nerede Kalsak?","Nereye Gitsek?"],"inLanguage":"en-US"},{"@type":"WebPage","@id":"https:\/\/julesverne.com.tr\/travel-blog\/bayram-tatili-icin-yerleriniz-hazir-siz-sadece-seciminizi-yapin\/","url":"https:\/\/julesverne.com.tr\/travel-blog\/bayram-tatili-icin-yerleriniz-hazir-siz-sadece-seciminizi-yapin\/","name":"Bayram Tatili \u0130\u00e7in Yerleriniz Haz\u0131r, Siz Sadece Se\u00e7iminizi Yap\u0131n! - JULES VERNE BUSINESS MICE TRAVEL","isPartOf":{"@id":"https:\/\/julesverne.com.tr\/#website"},"primaryImageOfPage":{"@id":"https:\/\/julesverne.com.tr\/travel-blog\/bayram-tatili-icin-yerleriniz-hazir-siz-sadece-seciminizi-yapin\/#primaryimage"},"image":{"@id":"https:\/\/julesverne.com.tr\/travel-blog\/bayram-tatili-icin-yerleriniz-hazir-siz-sadece-seciminizi-yapin\/#primaryimage"},"thumbnailUrl":"https:\/\/julesverne.com.tr\/wp-content\/uploads\/2021\/03\/Cunda_shutterstock_131256038.jpg","datePublished":"2021-03-23T14:20:00+00:00","dateModified":"2021-03-31T15:15:48+00:00","description":"13-15 May\u0131s 2021 tarihlerine denk gelen Ramazan Bayram\u0131 tatiliniz i\u00e7in T\u00fcrkiye'nin \u00f6zel destinasyonlar\u0131nda yeriniz haz\u0131r! Kapadokya'dan Cunda'ya; K\u0131rklareli'nden Assos'a uzanan \u00f6zel seyahatlerimiz ile oteliniz ve gezi program\u0131n\u0131z haz\u0131r, siz sadece se\u00e7iminizi yap\u0131n, gerisini bize b\u0131rak\u0131n!","breadcrumb":{"@id":"https:\/\/julesverne.com.tr\/travel-blog\/bayram-tatili-icin-yerleriniz-hazir-siz-sadece-seciminizi-yapin\/#breadcrumb"},"inLanguage":"en-US","potentialAction":[{"@type":"ReadAction","target":["https:\/\/julesverne.com.tr\/travel-blog\/bayram-tatili-icin-yerleriniz-hazir-siz-sadece-seciminizi-yapin\/"]}]},{"@type":"ImageObject","inLanguage":"en-US","@id":"https:\/\/julesverne.com.tr\/travel-blog\/bayram-tatili-icin-yerleriniz-hazir-siz-sadece-seciminizi-yapin\/#primaryimage","url":"https:\/\/julesverne.com.tr\/wp-content\/uploads\/2021\/03\/Cunda_shutterstock_131256038.jpg","contentUrl":"https:\/\/julesverne.com.tr\/wp-content\/uploads\/2021\/03\/Cunda_shutterstock_131256038.jpg","width":1000,"height":667},{"@type":"BreadcrumbList","@id":"https:\/\/julesverne.com.tr\/travel-blog\/bayram-tatili-icin-yerleriniz-hazir-siz-sadece-seciminizi-yapin\/#breadcrumb","itemListElement":[{"@type":"ListItem","position":1,"name":"Anasayfa","item":"https:\/\/julesverne.com.tr\/"},{"@type":"ListItem","position":2,"name":"Bayram Tatili \u0130\u00e7in Yerleriniz Haz\u0131r, Siz Sadece Se\u00e7iminizi Yap\u0131n!"}]},{"@type":"WebSite","@id":"https:\/\/julesverne.com.tr\/#website","url":"https:\/\/julesverne.com.tr\/","name":"JULES VERNE BUSINESS MICE TRAVEL","description":"","publisher":{"@id":"https:\/\/julesverne.com.tr\/#organization"},"potentialAction":[{"@type":"SearchAction","target":{"@type":"EntryPoint","urlTemplate":"https:\/\/julesverne.com.tr\/?s={search_term_string}"},"query-input":"required name=search_term_string"}],"inLanguage":"en-US"},{"@type":"Organization","@id":"https:\/\/julesverne.com.tr\/#organization","name":"JULES VERNE BUSINESS MICE TRAVEL","url":"https:\/\/julesverne.com.tr\/","logo":{"@type":"ImageObject","inLanguage":"en-US","@id":"https:\/\/julesverne.com.tr\/#\/schema\/logo\/image\/","url":"https:\/\/julesverne.com.tr\/wp-content\/uploads\/2020\/09\/jv-bmt-logo.png","contentUrl":"https:\/\/julesverne.com.tr\/wp-content\/uploads\/2020\/09\/jv-bmt-logo.png","width":110,"height":81,"caption":"JULES VERNE BUSINESS MICE TRAVEL"},"image":{"@id":"https:\/\/julesverne.com.tr\/#\/schema\/logo\/image\/"},"sameAs":["https:\/\/www.facebook.com\/JulesVerneBusinessMiceTravel\/","https:\/\/twitter.com\/JV_BusinessMice","https:\/\/www.instagram.com\/julesvernebusinessmicetravel\/","https:\/\/www.linkedin.com\/company\/julesvernebusinessmicetravel\/","https:\/\/www.youtube.com\/channel\/UCAwdsmbZ6tFhu1tea6pkpiw"]},{"@type":"Person","@id":"https:\/\/julesverne.com.tr\/#\/schema\/person\/b27d0a74a740ecb2ffc838c934d95797","name":"senem.ekermen","url":"https:\/\/julesverne.com.tr\/en\/author\/senem-ekermen\/"}]}},"_links":{"self":[{"href":"https:\/\/julesverne.com.tr\/en\/wp-json\/wp\/v2\/posts\/7923"}],"collection":[{"href":"https:\/\/julesverne.com.tr\/en\/wp-json\/wp\/v2\/posts"}],"about":[{"href":"https:\/\/julesverne.com.tr\/en\/wp-json\/wp\/v2\/types\/post"}],"author":[{"embeddable":true,"href":"https:\/\/julesverne.com.tr\/en\/wp-json\/wp\/v2\/users\/5"}],"replies":[{"embeddable":true,"href":"https:\/\/julesverne.com.tr\/en\/wp-json\/wp\/v2\/comments?post=7923"}],"version-history":[{"count":0,"href":"https:\/\/julesverne.com.tr\/en\/wp-json\/wp\/v2\/posts\/7923\/revisions"}],"wp:featuredmedia":[{"embeddable":true,"href":"https:\/\/julesverne.com.tr\/en\/wp-json\/wp\/v2\/media\/7946"}],"wp:attachment":[{"href":"https:\/\/julesverne.com.tr\/en\/wp-json\/wp\/v2\/media?parent=7923"}],"wp:term":[{"taxonomy":"category","embeddable":true,"href":"https:\/\/julesverne.com.tr\/en\/wp-json\/wp\/v2\/categories?post=7923"},{"taxonomy":"post_tag","embeddable":true,"href":"https:\/\/julesverne.com.tr\/en\/wp-json\/wp\/v2\/tags?post=7923"}],"curies":[{"name":"wp","href":"https:\/\/api.w.org\/{rel}","templated":true}]}}