{"id":7883,"date":"2021-03-19T18:19:49","date_gmt":"2021-03-19T15:19:49","guid":{"rendered":"https:\/\/julesverne.com.tr\/?p=7883"},"modified":"2021-03-21T08:06:51","modified_gmt":"2021-03-21T05:06:51","slug":"19-altin-pusula-turkiye-halkla-iliskiler-odul-toreni","status":"publish","type":"post","link":"https:\/\/julesverne.com.tr\/en\/haberler\/mice-haberler\/19-altin-pusula-turkiye-halkla-iliskiler-odul-toreni\/","title":{"rendered":"19. Alt\u0131n Pusula T\u00fcrkiye Halkla \u0130li\u015fkiler \u00d6d\u00fcl T\u00f6reni"},"content":{"rendered":"<p>\u0130leti\u015fim sekt\u00f6r\u00fcnde 49\u2019uncu y\u0131l\u0131n\u0131 kutlayan <strong>T\u00fcrkiye Halkla \u0130li\u015fkiler Derne\u011fi<\/strong> (T\u00dcH\u0130D)\u2019in ev sahipli\u011finde bu y\u0131l 19\u2019uncusu ger\u00e7ekle\u015ftirilen, i\u015f d\u00fcnyas\u0131n\u0131n ve ileti\u015fimcilerin heyecanla bekledi\u011fi <strong>Alt\u0131n Pusula T\u00fcrkiye Halkla \u0130li\u015fkiler \u00d6d\u00fcl T\u00f6reni<\/strong>\u2019nde \u00f6d\u00fcller sahiplerini buldu.<\/p>\n<p><strong> JULES VERNE MICE<\/strong> olarak etkinlik y\u00f6netimini yapt\u0131\u011f\u0131m\u0131z, Covid-19 \u00f6nlemleri kapsam\u0131nda Conrad Otel&#8217;de hibrit olarak d\u00fczenledi\u011fimiz <strong>19. Alt\u0131n Pusula T\u00fcrkiye Halkla \u0130li\u015fkiler \u00d6d\u00fcl T\u00f6reni&#8217;<\/strong>ne 50 ki\u015fi kat\u0131ld\u0131. 300 projenin yar\u0131\u015ft\u0131\u011f\u0131 44 kategoride, kazananlar g\u00f6rkemli bir t\u00f6renle duyuruldu.<\/p>\n<p>Alt\u0131n Pusula \u00d6d\u00fcl T\u00f6reni, e\u015f zamanl\u0131 olarak etkinlik i\u00e7in \u00f6zel haz\u0131rlanan 3D web sitesiyle birlikte Youtube ve Facebook Live olmak \u00fczere e\u015f zamanl\u0131 3 platformdan canl\u0131 olarak yay\u0131nland\u0131.<\/p>\n<p><iframe loading=\"lazy\" title=\"T&amp;Uuml;H&Auml;&deg;D &amp;ndash; Alt&Auml;&plusmn;n Pusula &amp;Ouml;d&amp;uuml;l T&amp;ouml;reni.mp4\" src=\"https:\/\/player.vimeo.com\/video\/526132615?dnt=1&amp;app_id=122963&amp;autoplay=0&amp;badge=0&amp;byline=0&amp;portrait=0&amp;title=0&amp;controls=1&amp;fun=0\" width=\"768\" height=\"432\" frameborder=\"0\" allow=\"autoplay; fullscreen; picture-in-picture\" allowfullscreen><\/iframe><\/p>\n<p>&nbsp;<\/p>\n","protected":false},"excerpt":{"rendered":"<p>\u0130leti\u015fim sekt\u00f6r\u00fcnde 49\u2019uncu y\u0131l\u0131n\u0131 kutlayan T\u00fcrkiye Halkla \u0130li\u015fkiler Derne\u011fi (T\u00dcH\u0130D)\u2019in ev sahipli\u011finde bu y\u0131l 19\u2019uncusu ger\u00e7ekle\u015ftirilen, i\u015f d\u00fcnyas\u0131n\u0131n ve ileti\u015fimcilerin heyecanla bekledi\u011fi Alt\u0131n Pusula T\u00fcrkiye Halkla \u0130li\u015fkiler \u00d6d\u00fcl T\u00f6reni\u2019nde \u00f6d\u00fcller sahiplerini buldu. JULES VERNE MICE olarak etkinlik y\u00f6netimini yapt\u0131\u011f\u0131m\u0131z, Covid-19 \u00f6nlemleri kapsam\u0131nda Conrad Otel&#8217;de hibrit olarak d\u00fczenledi\u011fimiz 19. Alt\u0131n Pusula T\u00fcrkiye Halkla \u0130li\u015fkiler \u00d6d\u00fcl T\u00f6reni&#8217;ne [&hellip;]<\/p>\n","protected":false},"author":5,"featured_media":7884,"comment_status":"closed","ping_status":"closed","sticky":false,"template":"","format":"standard","meta":{"inline_featured_image":false,"footnotes":""},"categories":[2,4],"tags":[80],"acf":[],"yoast_head":"<!-- This site is optimized with the Yoast SEO plugin v22.3 - https:\/\/yoast.com\/wordpress\/plugins\/seo\/ -->\n<title>19. Alt\u0131n Pusula T\u00fcrkiye Halkla \u0130li\u015fkiler \u00d6d\u00fcl T\u00f6reni - JULES VERNE BUSINESS MICE TRAVEL<\/title>\n<meta name=\"description\" content=\"Bu y\u0131l 19. ger\u00e7ekle\u015ftirilen, i\u015f d\u00fcnyas\u0131n\u0131n ve ileti\u015fimcilerin heyecanla bekledi\u011fi Alt\u0131n Pusula T\u00fcrkiye Halkla \u0130li\u015fkiler \u00d6d\u00fcl T\u00f6reni\u2019nde \u00f6d\u00fcller sahiplerini buldu. JULES VERNE MICE olarak etkinlik y\u00f6netimini yapt\u0131\u011f\u0131m\u0131z, Covid-19 \u00f6nlemleri kapsam\u0131nda Conrad Otel&#039;de hibrit olarak d\u00fczenledi\u011fimiz T\u00fcrkiye Halkla \u0130li\u015fkiler \u00d6d\u00fcl T\u00f6reni e\u015f zamanl\u0131 olarak etkinlik i\u00e7in \u00f6zel haz\u0131rlanan 3D web sitesiyle birlikte Youtube ve Facebook Live olmak \u00fczere e\u015f zamanl\u0131 3 platformdan canl\u0131 olarak yay\u0131nland\u0131.\" \/>\n<meta name=\"robots\" content=\"index, follow, max-snippet:-1, max-image-preview:large, max-video-preview:-1\" \/>\n<link rel=\"canonical\" href=\"https:\/\/julesverne.com.tr\/haberler\/19-altin-pusula-turkiye-halkla-iliskiler-odul-toreni\/\" \/>\n<meta property=\"og:locale\" content=\"en_US\" \/>\n<meta property=\"og:type\" content=\"article\" \/>\n<meta property=\"og:title\" content=\"19. Alt\u0131n Pusula T\u00fcrkiye Halkla \u0130li\u015fkiler \u00d6d\u00fcl T\u00f6reni - JULES VERNE BUSINESS MICE TRAVEL\" \/>\n<meta property=\"og:description\" content=\"Bu y\u0131l 19. ger\u00e7ekle\u015ftirilen, i\u015f d\u00fcnyas\u0131n\u0131n ve ileti\u015fimcilerin heyecanla bekledi\u011fi Alt\u0131n Pusula T\u00fcrkiye Halkla \u0130li\u015fkiler \u00d6d\u00fcl T\u00f6reni\u2019nde \u00f6d\u00fcller sahiplerini buldu. JULES VERNE MICE olarak etkinlik y\u00f6netimini yapt\u0131\u011f\u0131m\u0131z, Covid-19 \u00f6nlemleri kapsam\u0131nda Conrad Otel&#039;de hibrit olarak d\u00fczenledi\u011fimiz T\u00fcrkiye Halkla \u0130li\u015fkiler \u00d6d\u00fcl T\u00f6reni e\u015f zamanl\u0131 olarak etkinlik i\u00e7in \u00f6zel haz\u0131rlanan 3D web sitesiyle birlikte Youtube ve Facebook Live olmak \u00fczere e\u015f zamanl\u0131 3 platformdan canl\u0131 olarak yay\u0131nland\u0131.\" \/>\n<meta property=\"og:url\" content=\"https:\/\/julesverne.com.tr\/haberler\/19-altin-pusula-turkiye-halkla-iliskiler-odul-toreni\/\" \/>\n<meta property=\"og:site_name\" content=\"JULES VERNE BUSINESS MICE TRAVEL\" \/>\n<meta property=\"article:publisher\" content=\"https:\/\/www.facebook.com\/JulesVerneBusinessMiceTravel\/\" \/>\n<meta property=\"article:published_time\" content=\"2021-03-19T15:19:49+00:00\" \/>\n<meta property=\"article:modified_time\" content=\"2021-03-21T05:06:51+00:00\" \/>\n<meta property=\"og:image\" content=\"https:\/\/julesverne.com.tr\/wp-content\/uploads\/2021\/03\/altin-pusula-odulleri.jpg\" \/>\n\t<meta property=\"og:image:width\" content=\"835\" \/>\n\t<meta property=\"og:image:height\" content=\"508\" \/>\n\t<meta property=\"og:image:type\" content=\"image\/jpeg\" \/>\n<meta name=\"author\" content=\"senem.ekermen\" \/>\n<meta name=\"twitter:card\" content=\"summary_large_image\" \/>\n<meta name=\"twitter:creator\" content=\"@JV_BusinessMice\" \/>\n<meta name=\"twitter:site\" content=\"@JV_BusinessMice\" \/>\n<meta name=\"twitter:label1\" content=\"Written by\" \/>\n\t<meta name=\"twitter:data1\" content=\"senem.ekermen\" \/>\n\t<meta name=\"twitter:label2\" content=\"Est. reading time\" \/>\n\t<meta name=\"twitter:data2\" content=\"1 minute\" \/>\n<script type=\"application\/ld+json\" class=\"yoast-schema-graph\">{\"@context\":\"https:\/\/schema.org\",\"@graph\":[{\"@type\":\"Article\",\"@id\":\"https:\/\/julesverne.com.tr\/haberler\/19-altin-pusula-turkiye-halkla-iliskiler-odul-toreni\/#article\",\"isPartOf\":{\"@id\":\"https:\/\/julesverne.com.tr\/haberler\/19-altin-pusula-turkiye-halkla-iliskiler-odul-toreni\/\"},\"author\":{\"name\":\"senem.ekermen\",\"@id\":\"https:\/\/julesverne.com.tr\/#\/schema\/person\/b27d0a74a740ecb2ffc838c934d95797\"},\"headline\":\"19. Alt\u0131n Pusula T\u00fcrkiye Halkla \u0130li\u015fkiler \u00d6d\u00fcl T\u00f6reni\",\"datePublished\":\"2021-03-19T15:19:49+00:00\",\"dateModified\":\"2021-03-21T05:06:51+00:00\",\"mainEntityOfPage\":{\"@id\":\"https:\/\/julesverne.com.tr\/haberler\/19-altin-pusula-turkiye-halkla-iliskiler-odul-toreni\/\"},\"wordCount\":156,\"publisher\":{\"@id\":\"https:\/\/julesverne.com.tr\/#organization\"},\"image\":{\"@id\":\"https:\/\/julesverne.com.tr\/haberler\/19-altin-pusula-turkiye-halkla-iliskiler-odul-toreni\/#primaryimage\"},\"thumbnailUrl\":\"https:\/\/julesverne.com.tr\/wp-content\/uploads\/2021\/03\/altin-pusula-odulleri.jpg\",\"keywords\":[\"Alt\u0131n Pusula \u00d6d\u00fcl T\u00f6reni\"],\"articleSection\":[\"News\",\"Mice Haberler\"],\"inLanguage\":\"en-US\"},{\"@type\":\"WebPage\",\"@id\":\"https:\/\/julesverne.com.tr\/haberler\/19-altin-pusula-turkiye-halkla-iliskiler-odul-toreni\/\",\"url\":\"https:\/\/julesverne.com.tr\/haberler\/19-altin-pusula-turkiye-halkla-iliskiler-odul-toreni\/\",\"name\":\"19. Alt\u0131n Pusula T\u00fcrkiye Halkla \u0130li\u015fkiler \u00d6d\u00fcl T\u00f6reni - JULES VERNE BUSINESS MICE TRAVEL\",\"isPartOf\":{\"@id\":\"https:\/\/julesverne.com.tr\/#website\"},\"primaryImageOfPage\":{\"@id\":\"https:\/\/julesverne.com.tr\/haberler\/19-altin-pusula-turkiye-halkla-iliskiler-odul-toreni\/#primaryimage\"},\"image\":{\"@id\":\"https:\/\/julesverne.com.tr\/haberler\/19-altin-pusula-turkiye-halkla-iliskiler-odul-toreni\/#primaryimage\"},\"thumbnailUrl\":\"https:\/\/julesverne.com.tr\/wp-content\/uploads\/2021\/03\/altin-pusula-odulleri.jpg\",\"datePublished\":\"2021-03-19T15:19:49+00:00\",\"dateModified\":\"2021-03-21T05:06:51+00:00\",\"description\":\"Bu y\u0131l 19. ger\u00e7ekle\u015ftirilen, i\u015f d\u00fcnyas\u0131n\u0131n ve ileti\u015fimcilerin heyecanla bekledi\u011fi Alt\u0131n Pusula T\u00fcrkiye Halkla \u0130li\u015fkiler \u00d6d\u00fcl T\u00f6reni\u2019nde \u00f6d\u00fcller sahiplerini buldu. JULES VERNE MICE olarak etkinlik y\u00f6netimini yapt\u0131\u011f\u0131m\u0131z, Covid-19 \u00f6nlemleri kapsam\u0131nda Conrad Otel'de hibrit olarak d\u00fczenledi\u011fimiz T\u00fcrkiye Halkla \u0130li\u015fkiler \u00d6d\u00fcl T\u00f6reni e\u015f zamanl\u0131 olarak etkinlik i\u00e7in \u00f6zel haz\u0131rlanan 3D web sitesiyle birlikte Youtube ve Facebook Live olmak \u00fczere e\u015f zamanl\u0131 3 platformdan canl\u0131 olarak yay\u0131nland\u0131.\",\"breadcrumb\":{\"@id\":\"https:\/\/julesverne.com.tr\/haberler\/19-altin-pusula-turkiye-halkla-iliskiler-odul-toreni\/#breadcrumb\"},\"inLanguage\":\"en-US\",\"potentialAction\":[{\"@type\":\"ReadAction\",\"target\":[\"https:\/\/julesverne.com.tr\/haberler\/19-altin-pusula-turkiye-halkla-iliskiler-odul-toreni\/\"]}]},{\"@type\":\"ImageObject\",\"inLanguage\":\"en-US\",\"@id\":\"https:\/\/julesverne.com.tr\/haberler\/19-altin-pusula-turkiye-halkla-iliskiler-odul-toreni\/#primaryimage\",\"url\":\"https:\/\/julesverne.com.tr\/wp-content\/uploads\/2021\/03\/altin-pusula-odulleri.jpg\",\"contentUrl\":\"https:\/\/julesverne.com.tr\/wp-content\/uploads\/2021\/03\/altin-pusula-odulleri.jpg\",\"width\":835,\"height\":508},{\"@type\":\"BreadcrumbList\",\"@id\":\"https:\/\/julesverne.com.tr\/haberler\/19-altin-pusula-turkiye-halkla-iliskiler-odul-toreni\/#breadcrumb\",\"itemListElement\":[{\"@type\":\"ListItem\",\"position\":1,\"name\":\"Anasayfa\",\"item\":\"https:\/\/julesverne.com.tr\/\"},{\"@type\":\"ListItem\",\"position\":2,\"name\":\"19. Alt\u0131n Pusula T\u00fcrkiye Halkla \u0130li\u015fkiler \u00d6d\u00fcl T\u00f6reni\"}]},{\"@type\":\"WebSite\",\"@id\":\"https:\/\/julesverne.com.tr\/#website\",\"url\":\"https:\/\/julesverne.com.tr\/\",\"name\":\"JULES VERNE BUSINESS MICE TRAVEL\",\"description\":\"\",\"publisher\":{\"@id\":\"https:\/\/julesverne.com.tr\/#organization\"},\"potentialAction\":[{\"@type\":\"SearchAction\",\"target\":{\"@type\":\"EntryPoint\",\"urlTemplate\":\"https:\/\/julesverne.com.tr\/?s={search_term_string}\"},\"query-input\":\"required name=search_term_string\"}],\"inLanguage\":\"en-US\"},{\"@type\":\"Organization\",\"@id\":\"https:\/\/julesverne.com.tr\/#organization\",\"name\":\"JULES VERNE BUSINESS MICE TRAVEL\",\"url\":\"https:\/\/julesverne.com.tr\/\",\"logo\":{\"@type\":\"ImageObject\",\"inLanguage\":\"en-US\",\"@id\":\"https:\/\/julesverne.com.tr\/#\/schema\/logo\/image\/\",\"url\":\"https:\/\/julesverne.com.tr\/wp-content\/uploads\/2020\/09\/jv-bmt-logo.png\",\"contentUrl\":\"https:\/\/julesverne.com.tr\/wp-content\/uploads\/2020\/09\/jv-bmt-logo.png\",\"width\":110,\"height\":81,\"caption\":\"JULES VERNE BUSINESS MICE TRAVEL\"},\"image\":{\"@id\":\"https:\/\/julesverne.com.tr\/#\/schema\/logo\/image\/\"},\"sameAs\":[\"https:\/\/www.facebook.com\/JulesVerneBusinessMiceTravel\/\",\"https:\/\/twitter.com\/JV_BusinessMice\",\"https:\/\/www.instagram.com\/julesvernebusinessmicetravel\/\",\"https:\/\/www.linkedin.com\/company\/julesvernebusinessmicetravel\/\",\"https:\/\/www.youtube.com\/channel\/UCAwdsmbZ6tFhu1tea6pkpiw\"]},{\"@type\":\"Person\",\"@id\":\"https:\/\/julesverne.com.tr\/#\/schema\/person\/b27d0a74a740ecb2ffc838c934d95797\",\"name\":\"senem.ekermen\",\"url\":\"https:\/\/julesverne.com.tr\/en\/author\/senem-ekermen\/\"}]}<\/script>\n<!-- \/ Yoast SEO plugin. -->","yoast_head_json":{"title":"19. Alt\u0131n Pusula T\u00fcrkiye Halkla \u0130li\u015fkiler \u00d6d\u00fcl T\u00f6reni - JULES VERNE BUSINESS MICE TRAVEL","description":"Bu y\u0131l 19. ger\u00e7ekle\u015ftirilen, i\u015f d\u00fcnyas\u0131n\u0131n ve ileti\u015fimcilerin heyecanla bekledi\u011fi Alt\u0131n Pusula T\u00fcrkiye Halkla \u0130li\u015fkiler \u00d6d\u00fcl T\u00f6reni\u2019nde \u00f6d\u00fcller sahiplerini buldu. JULES VERNE MICE olarak etkinlik y\u00f6netimini yapt\u0131\u011f\u0131m\u0131z, Covid-19 \u00f6nlemleri kapsam\u0131nda Conrad Otel'de hibrit olarak d\u00fczenledi\u011fimiz T\u00fcrkiye Halkla \u0130li\u015fkiler \u00d6d\u00fcl T\u00f6reni e\u015f zamanl\u0131 olarak etkinlik i\u00e7in \u00f6zel haz\u0131rlanan 3D web sitesiyle birlikte Youtube ve Facebook Live olmak \u00fczere e\u015f zamanl\u0131 3 platformdan canl\u0131 olarak yay\u0131nland\u0131.","robots":{"index":"index","follow":"follow","max-snippet":"max-snippet:-1","max-image-preview":"max-image-preview:large","max-video-preview":"max-video-preview:-1"},"canonical":"https:\/\/julesverne.com.tr\/haberler\/19-altin-pusula-turkiye-halkla-iliskiler-odul-toreni\/","og_locale":"en_US","og_type":"article","og_title":"19. Alt\u0131n Pusula T\u00fcrkiye Halkla \u0130li\u015fkiler \u00d6d\u00fcl T\u00f6reni - JULES VERNE BUSINESS MICE TRAVEL","og_description":"Bu y\u0131l 19. ger\u00e7ekle\u015ftirilen, i\u015f d\u00fcnyas\u0131n\u0131n ve ileti\u015fimcilerin heyecanla bekledi\u011fi Alt\u0131n Pusula T\u00fcrkiye Halkla \u0130li\u015fkiler \u00d6d\u00fcl T\u00f6reni\u2019nde \u00f6d\u00fcller sahiplerini buldu. JULES VERNE MICE olarak etkinlik y\u00f6netimini yapt\u0131\u011f\u0131m\u0131z, Covid-19 \u00f6nlemleri kapsam\u0131nda Conrad Otel'de hibrit olarak d\u00fczenledi\u011fimiz T\u00fcrkiye Halkla \u0130li\u015fkiler \u00d6d\u00fcl T\u00f6reni e\u015f zamanl\u0131 olarak etkinlik i\u00e7in \u00f6zel haz\u0131rlanan 3D web sitesiyle birlikte Youtube ve Facebook Live olmak \u00fczere e\u015f zamanl\u0131 3 platformdan canl\u0131 olarak yay\u0131nland\u0131.","og_url":"https:\/\/julesverne.com.tr\/haberler\/19-altin-pusula-turkiye-halkla-iliskiler-odul-toreni\/","og_site_name":"JULES VERNE BUSINESS MICE TRAVEL","article_publisher":"https:\/\/www.facebook.com\/JulesVerneBusinessMiceTravel\/","article_published_time":"2021-03-19T15:19:49+00:00","article_modified_time":"2021-03-21T05:06:51+00:00","og_image":[{"width":835,"height":508,"url":"https:\/\/julesverne.com.tr\/wp-content\/uploads\/2021\/03\/altin-pusula-odulleri.jpg","type":"image\/jpeg"}],"author":"senem.ekermen","twitter_card":"summary_large_image","twitter_creator":"@JV_BusinessMice","twitter_site":"@JV_BusinessMice","twitter_misc":{"Written by":"senem.ekermen","Est. reading time":"1 minute"},"schema":{"@context":"https:\/\/schema.org","@graph":[{"@type":"Article","@id":"https:\/\/julesverne.com.tr\/haberler\/19-altin-pusula-turkiye-halkla-iliskiler-odul-toreni\/#article","isPartOf":{"@id":"https:\/\/julesverne.com.tr\/haberler\/19-altin-pusula-turkiye-halkla-iliskiler-odul-toreni\/"},"author":{"name":"senem.ekermen","@id":"https:\/\/julesverne.com.tr\/#\/schema\/person\/b27d0a74a740ecb2ffc838c934d95797"},"headline":"19. Alt\u0131n Pusula T\u00fcrkiye Halkla \u0130li\u015fkiler \u00d6d\u00fcl T\u00f6reni","datePublished":"2021-03-19T15:19:49+00:00","dateModified":"2021-03-21T05:06:51+00:00","mainEntityOfPage":{"@id":"https:\/\/julesverne.com.tr\/haberler\/19-altin-pusula-turkiye-halkla-iliskiler-odul-toreni\/"},"wordCount":156,"publisher":{"@id":"https:\/\/julesverne.com.tr\/#organization"},"image":{"@id":"https:\/\/julesverne.com.tr\/haberler\/19-altin-pusula-turkiye-halkla-iliskiler-odul-toreni\/#primaryimage"},"thumbnailUrl":"https:\/\/julesverne.com.tr\/wp-content\/uploads\/2021\/03\/altin-pusula-odulleri.jpg","keywords":["Alt\u0131n Pusula \u00d6d\u00fcl T\u00f6reni"],"articleSection":["News","Mice Haberler"],"inLanguage":"en-US"},{"@type":"WebPage","@id":"https:\/\/julesverne.com.tr\/haberler\/19-altin-pusula-turkiye-halkla-iliskiler-odul-toreni\/","url":"https:\/\/julesverne.com.tr\/haberler\/19-altin-pusula-turkiye-halkla-iliskiler-odul-toreni\/","name":"19. Alt\u0131n Pusula T\u00fcrkiye Halkla \u0130li\u015fkiler \u00d6d\u00fcl T\u00f6reni - JULES VERNE BUSINESS MICE TRAVEL","isPartOf":{"@id":"https:\/\/julesverne.com.tr\/#website"},"primaryImageOfPage":{"@id":"https:\/\/julesverne.com.tr\/haberler\/19-altin-pusula-turkiye-halkla-iliskiler-odul-toreni\/#primaryimage"},"image":{"@id":"https:\/\/julesverne.com.tr\/haberler\/19-altin-pusula-turkiye-halkla-iliskiler-odul-toreni\/#primaryimage"},"thumbnailUrl":"https:\/\/julesverne.com.tr\/wp-content\/uploads\/2021\/03\/altin-pusula-odulleri.jpg","datePublished":"2021-03-19T15:19:49+00:00","dateModified":"2021-03-21T05:06:51+00:00","description":"Bu y\u0131l 19. ger\u00e7ekle\u015ftirilen, i\u015f d\u00fcnyas\u0131n\u0131n ve ileti\u015fimcilerin heyecanla bekledi\u011fi Alt\u0131n Pusula T\u00fcrkiye Halkla \u0130li\u015fkiler \u00d6d\u00fcl T\u00f6reni\u2019nde \u00f6d\u00fcller sahiplerini buldu. JULES VERNE MICE olarak etkinlik y\u00f6netimini yapt\u0131\u011f\u0131m\u0131z, Covid-19 \u00f6nlemleri kapsam\u0131nda Conrad Otel'de hibrit olarak d\u00fczenledi\u011fimiz T\u00fcrkiye Halkla \u0130li\u015fkiler \u00d6d\u00fcl T\u00f6reni e\u015f zamanl\u0131 olarak etkinlik i\u00e7in \u00f6zel haz\u0131rlanan 3D web sitesiyle birlikte Youtube ve Facebook Live olmak \u00fczere e\u015f zamanl\u0131 3 platformdan canl\u0131 olarak yay\u0131nland\u0131.","breadcrumb":{"@id":"https:\/\/julesverne.com.tr\/haberler\/19-altin-pusula-turkiye-halkla-iliskiler-odul-toreni\/#breadcrumb"},"inLanguage":"en-US","potentialAction":[{"@type":"ReadAction","target":["https:\/\/julesverne.com.tr\/haberler\/19-altin-pusula-turkiye-halkla-iliskiler-odul-toreni\/"]}]},{"@type":"ImageObject","inLanguage":"en-US","@id":"https:\/\/julesverne.com.tr\/haberler\/19-altin-pusula-turkiye-halkla-iliskiler-odul-toreni\/#primaryimage","url":"https:\/\/julesverne.com.tr\/wp-content\/uploads\/2021\/03\/altin-pusula-odulleri.jpg","contentUrl":"https:\/\/julesverne.com.tr\/wp-content\/uploads\/2021\/03\/altin-pusula-odulleri.jpg","width":835,"height":508},{"@type":"BreadcrumbList","@id":"https:\/\/julesverne.com.tr\/haberler\/19-altin-pusula-turkiye-halkla-iliskiler-odul-toreni\/#breadcrumb","itemListElement":[{"@type":"ListItem","position":1,"name":"Anasayfa","item":"https:\/\/julesverne.com.tr\/"},{"@type":"ListItem","position":2,"name":"19. Alt\u0131n Pusula T\u00fcrkiye Halkla \u0130li\u015fkiler \u00d6d\u00fcl T\u00f6reni"}]},{"@type":"WebSite","@id":"https:\/\/julesverne.com.tr\/#website","url":"https:\/\/julesverne.com.tr\/","name":"JULES VERNE BUSINESS MICE TRAVEL","description":"","publisher":{"@id":"https:\/\/julesverne.com.tr\/#organization"},"potentialAction":[{"@type":"SearchAction","target":{"@type":"EntryPoint","urlTemplate":"https:\/\/julesverne.com.tr\/?s={search_term_string}"},"query-input":"required name=search_term_string"}],"inLanguage":"en-US"},{"@type":"Organization","@id":"https:\/\/julesverne.com.tr\/#organization","name":"JULES VERNE BUSINESS MICE TRAVEL","url":"https:\/\/julesverne.com.tr\/","logo":{"@type":"ImageObject","inLanguage":"en-US","@id":"https:\/\/julesverne.com.tr\/#\/schema\/logo\/image\/","url":"https:\/\/julesverne.com.tr\/wp-content\/uploads\/2020\/09\/jv-bmt-logo.png","contentUrl":"https:\/\/julesverne.com.tr\/wp-content\/uploads\/2020\/09\/jv-bmt-logo.png","width":110,"height":81,"caption":"JULES VERNE BUSINESS MICE TRAVEL"},"image":{"@id":"https:\/\/julesverne.com.tr\/#\/schema\/logo\/image\/"},"sameAs":["https:\/\/www.facebook.com\/JulesVerneBusinessMiceTravel\/","https:\/\/twitter.com\/JV_BusinessMice","https:\/\/www.instagram.com\/julesvernebusinessmicetravel\/","https:\/\/www.linkedin.com\/company\/julesvernebusinessmicetravel\/","https:\/\/www.youtube.com\/channel\/UCAwdsmbZ6tFhu1tea6pkpiw"]},{"@type":"Person","@id":"https:\/\/julesverne.com.tr\/#\/schema\/person\/b27d0a74a740ecb2ffc838c934d95797","name":"senem.ekermen","url":"https:\/\/julesverne.com.tr\/en\/author\/senem-ekermen\/"}]}},"_links":{"self":[{"href":"https:\/\/julesverne.com.tr\/en\/wp-json\/wp\/v2\/posts\/7883"}],"collection":[{"href":"https:\/\/julesverne.com.tr\/en\/wp-json\/wp\/v2\/posts"}],"about":[{"href":"https:\/\/julesverne.com.tr\/en\/wp-json\/wp\/v2\/types\/post"}],"author":[{"embeddable":true,"href":"https:\/\/julesverne.com.tr\/en\/wp-json\/wp\/v2\/users\/5"}],"replies":[{"embeddable":true,"href":"https:\/\/julesverne.com.tr\/en\/wp-json\/wp\/v2\/comments?post=7883"}],"version-history":[{"count":0,"href":"https:\/\/julesverne.com.tr\/en\/wp-json\/wp\/v2\/posts\/7883\/revisions"}],"wp:featuredmedia":[{"embeddable":true,"href":"https:\/\/julesverne.com.tr\/en\/wp-json\/wp\/v2\/media\/7884"}],"wp:attachment":[{"href":"https:\/\/julesverne.com.tr\/en\/wp-json\/wp\/v2\/media?parent=7883"}],"wp:term":[{"taxonomy":"category","embeddable":true,"href":"https:\/\/julesverne.com.tr\/en\/wp-json\/wp\/v2\/categories?post=7883"},{"taxonomy":"post_tag","embeddable":true,"href":"https:\/\/julesverne.com.tr\/en\/wp-json\/wp\/v2\/tags?post=7883"}],"curies":[{"name":"wp","href":"https:\/\/api.w.org\/{rel}","templated":true}]}}