{"id":7632,"date":"2021-01-01T16:39:47","date_gmt":"2021-01-01T13:39:47","guid":{"rendered":"https:\/\/www.julesverne.com.tr\/\/?p=7632"},"modified":"2021-03-08T12:59:52","modified_gmt":"2021-03-08T09:59:52","slug":"pandemi-ile-degisen-seyahat-aliskanliklari-ve-yeni-seyahat-trendleri","status":"publish","type":"post","link":"https:\/\/julesverne.com.tr\/en\/haberler\/travel-haberler\/pandemi-ile-degisen-seyahat-aliskanliklari-ve-yeni-seyahat-trendleri\/","title":{"rendered":"\u015eimdi Hayal Et, Sonra Seyahat Et"},"content":{"rendered":"<p>Seyahat kurallar\u0131n\u0131n yeniden yaz\u0131ld\u0131\u011f\u0131 Covid-19 d\u00f6neminin de\u011fi\u015fen seyahat al\u0131\u015fkanl\u0131klar\u0131n\u0131 ve trendlerini, <strong>JULES VERNE BUSINESS MICE TRAVEL<\/strong> Kurucu Orta\u011f\u0131 ve Genel M\u00fcd\u00fcr\u00fc <strong>Ay\u015fe Ya\u011fc\u0131 B\u00fcy\u00fckp\u0131nar<\/strong> HELLO dergisine anlatt\u0131..\u2060<\/p>\n<p><img loading=\"lazy\" decoding=\"async\" class=\"alignnone wp-image-7627\" src=\"https:\/\/www.julesverne.com.tr\/\/wp-content\/uploads\/2021\/03\/AY_Hello_Aralik2020.png\" alt=\"\" width=\"1500\" height=\"984\" srcset=\"https:\/\/julesverne.com.tr\/wp-content\/uploads\/2021\/03\/AY_Hello_Aralik2020.png 1125w, https:\/\/julesverne.com.tr\/wp-content\/uploads\/2021\/03\/AY_Hello_Aralik2020-500x328.png 500w, https:\/\/julesverne.com.tr\/wp-content\/uploads\/2021\/03\/AY_Hello_Aralik2020-768x504.png 768w\" sizes=\"(max-width: 1500px) 100vw, 1500px\" \/><\/p>\n<p><a href=\"https:\/\/www.julesverne.com.tr\/\/wp-content\/uploads\/2021\/03\/20201216-HELLO-23-Aralik-Ayse-Yagci-Roportaj.pdf\">20201216 HELLO 23 Aral\u0131k &#8211; Ay\u015fe Ya\u011fc\u0131 R\u00f6portaj<\/a><\/p>\n<p>&nbsp;<\/p>\n<p>&nbsp;<\/p>\n","protected":false},"excerpt":{"rendered":"<p>Seyahat kurallar\u0131n\u0131n yeniden yaz\u0131ld\u0131\u011f\u0131 Covid-19 d\u00f6neminin de\u011fi\u015fen seyahat al\u0131\u015fkanl\u0131klar\u0131n\u0131 ve trendlerini, JULES VERNE BUSINESS MICE TRAVEL Kurucu Orta\u011f\u0131 ve Genel M\u00fcd\u00fcr\u00fc Ay\u015fe Ya\u011fc\u0131 B\u00fcy\u00fckp\u0131nar HELLO dergisine anlatt\u0131..\u2060 20201216 HELLO 23 Aral\u0131k &#8211; Ay\u015fe Ya\u011fc\u0131 R\u00f6portaj &nbsp; &nbsp;<\/p>\n","protected":false},"author":5,"featured_media":7633,"comment_status":"closed","ping_status":"closed","sticky":false,"template":"","format":"standard","meta":{"inline_featured_image":false,"footnotes":""},"categories":[3,4,41,5],"tags":[71,70,72],"acf":[],"yoast_head":"<!-- This site is optimized with the Yoast SEO plugin v22.3 - https:\/\/yoast.com\/wordpress\/plugins\/seo\/ -->\n<title>\u015eimdi Hayal Et, Sonra Seyahat Et - JULES VERNE BUSINESS MICE TRAVEL<\/title>\n<meta name=\"description\" content=\"Seyahat kurallar\u0131n\u0131n yeniden yaz\u0131ld\u0131\u011f\u0131 Covid-19 d\u00f6neminin de\u011fi\u015fen seyahat al\u0131\u015fkanl\u0131klar\u0131n\u0131 ve trendlerini, JULES VERNE BUSINESS MICE TRAVEL Kurucu Orta\u011f\u0131 ve Genel M\u00fcd\u00fcr\u00fc Ay\u015fe Ya\u011fc\u0131 B\u00fcy\u00fckp\u0131nar HELLO dergisine anlatt\u0131..\u2060\" \/>\n<meta name=\"robots\" content=\"index, follow, max-snippet:-1, max-image-preview:large, max-video-preview:-1\" \/>\n<link rel=\"canonical\" href=\"https:\/\/julesverne.com.tr\/haberler\/business-haberler\/pandemi-ile-degisen-seyahat-aliskanliklari-ve-yeni-seyahat-trendleri\/\" \/>\n<meta property=\"og:locale\" content=\"en_US\" \/>\n<meta property=\"og:type\" content=\"article\" \/>\n<meta property=\"og:title\" content=\"\u015eimdi Hayal Et, Sonra Seyahat Et - JULES VERNE BUSINESS MICE TRAVEL\" \/>\n<meta property=\"og:description\" content=\"Seyahat kurallar\u0131n\u0131n yeniden yaz\u0131ld\u0131\u011f\u0131 Covid-19 d\u00f6neminin de\u011fi\u015fen seyahat al\u0131\u015fkanl\u0131klar\u0131n\u0131 ve trendlerini, JULES VERNE BUSINESS MICE TRAVEL Kurucu Orta\u011f\u0131 ve Genel M\u00fcd\u00fcr\u00fc Ay\u015fe Ya\u011fc\u0131 B\u00fcy\u00fckp\u0131nar HELLO dergisine anlatt\u0131..\u2060\" \/>\n<meta property=\"og:url\" content=\"https:\/\/julesverne.com.tr\/haberler\/business-haberler\/pandemi-ile-degisen-seyahat-aliskanliklari-ve-yeni-seyahat-trendleri\/\" \/>\n<meta property=\"og:site_name\" content=\"JULES VERNE BUSINESS MICE TRAVEL\" \/>\n<meta property=\"article:publisher\" content=\"https:\/\/www.facebook.com\/JulesVerneBusinessMiceTravel\/\" \/>\n<meta property=\"article:published_time\" content=\"2021-01-01T13:39:47+00:00\" \/>\n<meta property=\"article:modified_time\" content=\"2021-03-08T09:59:52+00:00\" \/>\n<meta property=\"og:image\" content=\"https:\/\/julesverne.com.tr\/wp-content\/uploads\/2021\/03\/Hello-Aralik-2020-.png\" \/>\n\t<meta property=\"og:image:width\" content=\"1200\" \/>\n\t<meta property=\"og:image:height\" content=\"627\" \/>\n\t<meta property=\"og:image:type\" content=\"image\/png\" \/>\n<meta name=\"author\" content=\"senem.ekermen\" \/>\n<meta name=\"twitter:card\" content=\"summary_large_image\" \/>\n<meta name=\"twitter:creator\" content=\"@JV_BusinessMice\" \/>\n<meta name=\"twitter:site\" content=\"@JV_BusinessMice\" \/>\n<meta name=\"twitter:label1\" content=\"Written by\" \/>\n\t<meta name=\"twitter:data1\" content=\"senem.ekermen\" \/>\n\t<meta name=\"twitter:label2\" content=\"Est. reading time\" \/>\n\t<meta name=\"twitter:data2\" content=\"1 minute\" \/>\n<script type=\"application\/ld+json\" class=\"yoast-schema-graph\">{\"@context\":\"https:\/\/schema.org\",\"@graph\":[{\"@type\":\"Article\",\"@id\":\"https:\/\/julesverne.com.tr\/haberler\/business-haberler\/pandemi-ile-degisen-seyahat-aliskanliklari-ve-yeni-seyahat-trendleri\/#article\",\"isPartOf\":{\"@id\":\"https:\/\/julesverne.com.tr\/haberler\/business-haberler\/pandemi-ile-degisen-seyahat-aliskanliklari-ve-yeni-seyahat-trendleri\/\"},\"author\":{\"name\":\"senem.ekermen\",\"@id\":\"https:\/\/julesverne.com.tr\/#\/schema\/person\/b27d0a74a740ecb2ffc838c934d95797\"},\"headline\":\"\u015eimdi Hayal Et, Sonra Seyahat Et\",\"datePublished\":\"2021-01-01T13:39:47+00:00\",\"dateModified\":\"2021-03-08T09:59:52+00:00\",\"mainEntityOfPage\":{\"@id\":\"https:\/\/julesverne.com.tr\/haberler\/business-haberler\/pandemi-ile-degisen-seyahat-aliskanliklari-ve-yeni-seyahat-trendleri\/\"},\"wordCount\":61,\"publisher\":{\"@id\":\"https:\/\/julesverne.com.tr\/#organization\"},\"image\":{\"@id\":\"https:\/\/julesverne.com.tr\/haberler\/business-haberler\/pandemi-ile-degisen-seyahat-aliskanliklari-ve-yeni-seyahat-trendleri\/#primaryimage\"},\"thumbnailUrl\":\"https:\/\/julesverne.com.tr\/wp-content\/uploads\/2021\/03\/Hello-Aralik-2020-.png\",\"keywords\":[\"Seyahat Al\u0131\u015fkanl\u0131klar\u0131\",\"Seyahat Trendleri\",\"\u015eimdi Hayal Et Sonra Seyahat Et\"],\"articleSection\":[\"Business Haberler\",\"Mice Haberler\",\"Seyahat Trendleri\",\"Travel Haberler\"],\"inLanguage\":\"en-US\"},{\"@type\":\"WebPage\",\"@id\":\"https:\/\/julesverne.com.tr\/haberler\/business-haberler\/pandemi-ile-degisen-seyahat-aliskanliklari-ve-yeni-seyahat-trendleri\/\",\"url\":\"https:\/\/julesverne.com.tr\/haberler\/business-haberler\/pandemi-ile-degisen-seyahat-aliskanliklari-ve-yeni-seyahat-trendleri\/\",\"name\":\"\u015eimdi Hayal Et, Sonra Seyahat Et - JULES VERNE BUSINESS MICE TRAVEL\",\"isPartOf\":{\"@id\":\"https:\/\/julesverne.com.tr\/#website\"},\"primaryImageOfPage\":{\"@id\":\"https:\/\/julesverne.com.tr\/haberler\/business-haberler\/pandemi-ile-degisen-seyahat-aliskanliklari-ve-yeni-seyahat-trendleri\/#primaryimage\"},\"image\":{\"@id\":\"https:\/\/julesverne.com.tr\/haberler\/business-haberler\/pandemi-ile-degisen-seyahat-aliskanliklari-ve-yeni-seyahat-trendleri\/#primaryimage\"},\"thumbnailUrl\":\"https:\/\/julesverne.com.tr\/wp-content\/uploads\/2021\/03\/Hello-Aralik-2020-.png\",\"datePublished\":\"2021-01-01T13:39:47+00:00\",\"dateModified\":\"2021-03-08T09:59:52+00:00\",\"description\":\"Seyahat kurallar\u0131n\u0131n yeniden yaz\u0131ld\u0131\u011f\u0131 Covid-19 d\u00f6neminin de\u011fi\u015fen seyahat al\u0131\u015fkanl\u0131klar\u0131n\u0131 ve trendlerini, JULES VERNE BUSINESS MICE TRAVEL Kurucu Orta\u011f\u0131 ve Genel M\u00fcd\u00fcr\u00fc Ay\u015fe Ya\u011fc\u0131 B\u00fcy\u00fckp\u0131nar HELLO dergisine anlatt\u0131..\u2060\",\"breadcrumb\":{\"@id\":\"https:\/\/julesverne.com.tr\/haberler\/business-haberler\/pandemi-ile-degisen-seyahat-aliskanliklari-ve-yeni-seyahat-trendleri\/#breadcrumb\"},\"inLanguage\":\"en-US\",\"potentialAction\":[{\"@type\":\"ReadAction\",\"target\":[\"https:\/\/julesverne.com.tr\/haberler\/business-haberler\/pandemi-ile-degisen-seyahat-aliskanliklari-ve-yeni-seyahat-trendleri\/\"]}]},{\"@type\":\"ImageObject\",\"inLanguage\":\"en-US\",\"@id\":\"https:\/\/julesverne.com.tr\/haberler\/business-haberler\/pandemi-ile-degisen-seyahat-aliskanliklari-ve-yeni-seyahat-trendleri\/#primaryimage\",\"url\":\"https:\/\/julesverne.com.tr\/wp-content\/uploads\/2021\/03\/Hello-Aralik-2020-.png\",\"contentUrl\":\"https:\/\/julesverne.com.tr\/wp-content\/uploads\/2021\/03\/Hello-Aralik-2020-.png\",\"width\":1200,\"height\":627},{\"@type\":\"BreadcrumbList\",\"@id\":\"https:\/\/julesverne.com.tr\/haberler\/business-haberler\/pandemi-ile-degisen-seyahat-aliskanliklari-ve-yeni-seyahat-trendleri\/#breadcrumb\",\"itemListElement\":[{\"@type\":\"ListItem\",\"position\":1,\"name\":\"Anasayfa\",\"item\":\"https:\/\/julesverne.com.tr\/\"},{\"@type\":\"ListItem\",\"position\":2,\"name\":\"\u015eimdi Hayal Et, Sonra Seyahat Et\"}]},{\"@type\":\"WebSite\",\"@id\":\"https:\/\/julesverne.com.tr\/#website\",\"url\":\"https:\/\/julesverne.com.tr\/\",\"name\":\"JULES VERNE BUSINESS MICE TRAVEL\",\"description\":\"\",\"publisher\":{\"@id\":\"https:\/\/julesverne.com.tr\/#organization\"},\"potentialAction\":[{\"@type\":\"SearchAction\",\"target\":{\"@type\":\"EntryPoint\",\"urlTemplate\":\"https:\/\/julesverne.com.tr\/?s={search_term_string}\"},\"query-input\":\"required name=search_term_string\"}],\"inLanguage\":\"en-US\"},{\"@type\":\"Organization\",\"@id\":\"https:\/\/julesverne.com.tr\/#organization\",\"name\":\"JULES VERNE BUSINESS MICE TRAVEL\",\"url\":\"https:\/\/julesverne.com.tr\/\",\"logo\":{\"@type\":\"ImageObject\",\"inLanguage\":\"en-US\",\"@id\":\"https:\/\/julesverne.com.tr\/#\/schema\/logo\/image\/\",\"url\":\"https:\/\/julesverne.com.tr\/wp-content\/uploads\/2020\/09\/jv-bmt-logo.png\",\"contentUrl\":\"https:\/\/julesverne.com.tr\/wp-content\/uploads\/2020\/09\/jv-bmt-logo.png\",\"width\":110,\"height\":81,\"caption\":\"JULES VERNE BUSINESS MICE TRAVEL\"},\"image\":{\"@id\":\"https:\/\/julesverne.com.tr\/#\/schema\/logo\/image\/\"},\"sameAs\":[\"https:\/\/www.facebook.com\/JulesVerneBusinessMiceTravel\/\",\"https:\/\/twitter.com\/JV_BusinessMice\",\"https:\/\/www.instagram.com\/julesvernebusinessmicetravel\/\",\"https:\/\/www.linkedin.com\/company\/julesvernebusinessmicetravel\/\",\"https:\/\/www.youtube.com\/channel\/UCAwdsmbZ6tFhu1tea6pkpiw\"]},{\"@type\":\"Person\",\"@id\":\"https:\/\/julesverne.com.tr\/#\/schema\/person\/b27d0a74a740ecb2ffc838c934d95797\",\"name\":\"senem.ekermen\",\"url\":\"https:\/\/julesverne.com.tr\/en\/author\/senem-ekermen\/\"}]}<\/script>\n<!-- \/ Yoast SEO plugin. -->","yoast_head_json":{"title":"\u015eimdi Hayal Et, Sonra Seyahat Et - JULES VERNE BUSINESS MICE TRAVEL","description":"Seyahat kurallar\u0131n\u0131n yeniden yaz\u0131ld\u0131\u011f\u0131 Covid-19 d\u00f6neminin de\u011fi\u015fen seyahat al\u0131\u015fkanl\u0131klar\u0131n\u0131 ve trendlerini, JULES VERNE BUSINESS MICE TRAVEL Kurucu Orta\u011f\u0131 ve Genel M\u00fcd\u00fcr\u00fc Ay\u015fe Ya\u011fc\u0131 B\u00fcy\u00fckp\u0131nar HELLO dergisine anlatt\u0131..\u2060","robots":{"index":"index","follow":"follow","max-snippet":"max-snippet:-1","max-image-preview":"max-image-preview:large","max-video-preview":"max-video-preview:-1"},"canonical":"https:\/\/julesverne.com.tr\/haberler\/business-haberler\/pandemi-ile-degisen-seyahat-aliskanliklari-ve-yeni-seyahat-trendleri\/","og_locale":"en_US","og_type":"article","og_title":"\u015eimdi Hayal Et, Sonra Seyahat Et - JULES VERNE BUSINESS MICE TRAVEL","og_description":"Seyahat kurallar\u0131n\u0131n yeniden yaz\u0131ld\u0131\u011f\u0131 Covid-19 d\u00f6neminin de\u011fi\u015fen seyahat al\u0131\u015fkanl\u0131klar\u0131n\u0131 ve trendlerini, JULES VERNE BUSINESS MICE TRAVEL Kurucu Orta\u011f\u0131 ve Genel M\u00fcd\u00fcr\u00fc Ay\u015fe Ya\u011fc\u0131 B\u00fcy\u00fckp\u0131nar HELLO dergisine anlatt\u0131..\u2060","og_url":"https:\/\/julesverne.com.tr\/haberler\/business-haberler\/pandemi-ile-degisen-seyahat-aliskanliklari-ve-yeni-seyahat-trendleri\/","og_site_name":"JULES VERNE BUSINESS MICE TRAVEL","article_publisher":"https:\/\/www.facebook.com\/JulesVerneBusinessMiceTravel\/","article_published_time":"2021-01-01T13:39:47+00:00","article_modified_time":"2021-03-08T09:59:52+00:00","og_image":[{"width":1200,"height":627,"url":"https:\/\/julesverne.com.tr\/wp-content\/uploads\/2021\/03\/Hello-Aralik-2020-.png","type":"image\/png"}],"author":"senem.ekermen","twitter_card":"summary_large_image","twitter_creator":"@JV_BusinessMice","twitter_site":"@JV_BusinessMice","twitter_misc":{"Written by":"senem.ekermen","Est. reading time":"1 minute"},"schema":{"@context":"https:\/\/schema.org","@graph":[{"@type":"Article","@id":"https:\/\/julesverne.com.tr\/haberler\/business-haberler\/pandemi-ile-degisen-seyahat-aliskanliklari-ve-yeni-seyahat-trendleri\/#article","isPartOf":{"@id":"https:\/\/julesverne.com.tr\/haberler\/business-haberler\/pandemi-ile-degisen-seyahat-aliskanliklari-ve-yeni-seyahat-trendleri\/"},"author":{"name":"senem.ekermen","@id":"https:\/\/julesverne.com.tr\/#\/schema\/person\/b27d0a74a740ecb2ffc838c934d95797"},"headline":"\u015eimdi Hayal Et, Sonra Seyahat Et","datePublished":"2021-01-01T13:39:47+00:00","dateModified":"2021-03-08T09:59:52+00:00","mainEntityOfPage":{"@id":"https:\/\/julesverne.com.tr\/haberler\/business-haberler\/pandemi-ile-degisen-seyahat-aliskanliklari-ve-yeni-seyahat-trendleri\/"},"wordCount":61,"publisher":{"@id":"https:\/\/julesverne.com.tr\/#organization"},"image":{"@id":"https:\/\/julesverne.com.tr\/haberler\/business-haberler\/pandemi-ile-degisen-seyahat-aliskanliklari-ve-yeni-seyahat-trendleri\/#primaryimage"},"thumbnailUrl":"https:\/\/julesverne.com.tr\/wp-content\/uploads\/2021\/03\/Hello-Aralik-2020-.png","keywords":["Seyahat Al\u0131\u015fkanl\u0131klar\u0131","Seyahat Trendleri","\u015eimdi Hayal Et Sonra Seyahat Et"],"articleSection":["Business Haberler","Mice Haberler","Seyahat Trendleri","Travel Haberler"],"inLanguage":"en-US"},{"@type":"WebPage","@id":"https:\/\/julesverne.com.tr\/haberler\/business-haberler\/pandemi-ile-degisen-seyahat-aliskanliklari-ve-yeni-seyahat-trendleri\/","url":"https:\/\/julesverne.com.tr\/haberler\/business-haberler\/pandemi-ile-degisen-seyahat-aliskanliklari-ve-yeni-seyahat-trendleri\/","name":"\u015eimdi Hayal Et, Sonra Seyahat Et - JULES VERNE BUSINESS MICE TRAVEL","isPartOf":{"@id":"https:\/\/julesverne.com.tr\/#website"},"primaryImageOfPage":{"@id":"https:\/\/julesverne.com.tr\/haberler\/business-haberler\/pandemi-ile-degisen-seyahat-aliskanliklari-ve-yeni-seyahat-trendleri\/#primaryimage"},"image":{"@id":"https:\/\/julesverne.com.tr\/haberler\/business-haberler\/pandemi-ile-degisen-seyahat-aliskanliklari-ve-yeni-seyahat-trendleri\/#primaryimage"},"thumbnailUrl":"https:\/\/julesverne.com.tr\/wp-content\/uploads\/2021\/03\/Hello-Aralik-2020-.png","datePublished":"2021-01-01T13:39:47+00:00","dateModified":"2021-03-08T09:59:52+00:00","description":"Seyahat kurallar\u0131n\u0131n yeniden yaz\u0131ld\u0131\u011f\u0131 Covid-19 d\u00f6neminin de\u011fi\u015fen seyahat al\u0131\u015fkanl\u0131klar\u0131n\u0131 ve trendlerini, JULES VERNE BUSINESS MICE TRAVEL Kurucu Orta\u011f\u0131 ve Genel M\u00fcd\u00fcr\u00fc Ay\u015fe Ya\u011fc\u0131 B\u00fcy\u00fckp\u0131nar HELLO dergisine anlatt\u0131..\u2060","breadcrumb":{"@id":"https:\/\/julesverne.com.tr\/haberler\/business-haberler\/pandemi-ile-degisen-seyahat-aliskanliklari-ve-yeni-seyahat-trendleri\/#breadcrumb"},"inLanguage":"en-US","potentialAction":[{"@type":"ReadAction","target":["https:\/\/julesverne.com.tr\/haberler\/business-haberler\/pandemi-ile-degisen-seyahat-aliskanliklari-ve-yeni-seyahat-trendleri\/"]}]},{"@type":"ImageObject","inLanguage":"en-US","@id":"https:\/\/julesverne.com.tr\/haberler\/business-haberler\/pandemi-ile-degisen-seyahat-aliskanliklari-ve-yeni-seyahat-trendleri\/#primaryimage","url":"https:\/\/julesverne.com.tr\/wp-content\/uploads\/2021\/03\/Hello-Aralik-2020-.png","contentUrl":"https:\/\/julesverne.com.tr\/wp-content\/uploads\/2021\/03\/Hello-Aralik-2020-.png","width":1200,"height":627},{"@type":"BreadcrumbList","@id":"https:\/\/julesverne.com.tr\/haberler\/business-haberler\/pandemi-ile-degisen-seyahat-aliskanliklari-ve-yeni-seyahat-trendleri\/#breadcrumb","itemListElement":[{"@type":"ListItem","position":1,"name":"Anasayfa","item":"https:\/\/julesverne.com.tr\/"},{"@type":"ListItem","position":2,"name":"\u015eimdi Hayal Et, Sonra Seyahat Et"}]},{"@type":"WebSite","@id":"https:\/\/julesverne.com.tr\/#website","url":"https:\/\/julesverne.com.tr\/","name":"JULES VERNE BUSINESS MICE TRAVEL","description":"","publisher":{"@id":"https:\/\/julesverne.com.tr\/#organization"},"potentialAction":[{"@type":"SearchAction","target":{"@type":"EntryPoint","urlTemplate":"https:\/\/julesverne.com.tr\/?s={search_term_string}"},"query-input":"required name=search_term_string"}],"inLanguage":"en-US"},{"@type":"Organization","@id":"https:\/\/julesverne.com.tr\/#organization","name":"JULES VERNE BUSINESS MICE TRAVEL","url":"https:\/\/julesverne.com.tr\/","logo":{"@type":"ImageObject","inLanguage":"en-US","@id":"https:\/\/julesverne.com.tr\/#\/schema\/logo\/image\/","url":"https:\/\/julesverne.com.tr\/wp-content\/uploads\/2020\/09\/jv-bmt-logo.png","contentUrl":"https:\/\/julesverne.com.tr\/wp-content\/uploads\/2020\/09\/jv-bmt-logo.png","width":110,"height":81,"caption":"JULES VERNE BUSINESS MICE TRAVEL"},"image":{"@id":"https:\/\/julesverne.com.tr\/#\/schema\/logo\/image\/"},"sameAs":["https:\/\/www.facebook.com\/JulesVerneBusinessMiceTravel\/","https:\/\/twitter.com\/JV_BusinessMice","https:\/\/www.instagram.com\/julesvernebusinessmicetravel\/","https:\/\/www.linkedin.com\/company\/julesvernebusinessmicetravel\/","https:\/\/www.youtube.com\/channel\/UCAwdsmbZ6tFhu1tea6pkpiw"]},{"@type":"Person","@id":"https:\/\/julesverne.com.tr\/#\/schema\/person\/b27d0a74a740ecb2ffc838c934d95797","name":"senem.ekermen","url":"https:\/\/julesverne.com.tr\/en\/author\/senem-ekermen\/"}]}},"_links":{"self":[{"href":"https:\/\/julesverne.com.tr\/en\/wp-json\/wp\/v2\/posts\/7632"}],"collection":[{"href":"https:\/\/julesverne.com.tr\/en\/wp-json\/wp\/v2\/posts"}],"about":[{"href":"https:\/\/julesverne.com.tr\/en\/wp-json\/wp\/v2\/types\/post"}],"author":[{"embeddable":true,"href":"https:\/\/julesverne.com.tr\/en\/wp-json\/wp\/v2\/users\/5"}],"replies":[{"embeddable":true,"href":"https:\/\/julesverne.com.tr\/en\/wp-json\/wp\/v2\/comments?post=7632"}],"version-history":[{"count":0,"href":"https:\/\/julesverne.com.tr\/en\/wp-json\/wp\/v2\/posts\/7632\/revisions"}],"wp:featuredmedia":[{"embeddable":true,"href":"https:\/\/julesverne.com.tr\/en\/wp-json\/wp\/v2\/media\/7633"}],"wp:attachment":[{"href":"https:\/\/julesverne.com.tr\/en\/wp-json\/wp\/v2\/media?parent=7632"}],"wp:term":[{"taxonomy":"category","embeddable":true,"href":"https:\/\/julesverne.com.tr\/en\/wp-json\/wp\/v2\/categories?post=7632"},{"taxonomy":"post_tag","embeddable":true,"href":"https:\/\/julesverne.com.tr\/en\/wp-json\/wp\/v2\/tags?post=7632"}],"curies":[{"name":"wp","href":"https:\/\/api.w.org\/{rel}","templated":true}]}}