{"id":6850,"date":"2020-12-15T00:00:00","date_gmt":"2020-12-14T21:00:00","guid":{"rendered":"https:\/\/www.julesverne.com.tr\/\/blog\/dunyanin-en-havali-sanat-otelleri\/"},"modified":"2021-06-15T08:59:07","modified_gmt":"2021-06-15T05:59:07","slug":"dunyanin-en-havali-sanat-otelleri","status":"publish","type":"post","link":"https:\/\/julesverne.com.tr\/en\/travel-blog\/dunyanin-en-havali-sanat-otelleri\/","title":{"rendered":"D\u00fcnyan\u0131n En Haval\u0131 Sanat Otelleri"},"content":{"rendered":"<p style=\"text-align: center;\"><img loading=\"lazy\" decoding=\"async\" class=\"alignnone size-full wp-image-7044\" title=\"T\u00fcrk Hava Yollar\u0131 B\u00fcy\u00fck Bahar \u0130ndirimi \u0130le Yurt \u0130\u00e7i U\u00e7u\u015flarda %30 \u0130ndirim F\u0131rsat\u0131\" src=\"https:\/\/www.julesverne.com.tr\/\/wp-content\/uploads\/2021\/02\/unnamed-file-31.jpg\" alt=\"T\u00fcrk Hava Yollar\u0131 B\u00fcy\u00fck Bahar \u0130ndirimi \u0130le Yurt \u0130\u00e7i U\u00e7u\u015flarda %30 \u0130ndirim F\u0131rsat\u0131\" width=\"1000\" height=\"666\" srcset=\"https:\/\/julesverne.com.tr\/wp-content\/uploads\/2021\/02\/unnamed-file-31.jpg 1000w, https:\/\/julesverne.com.tr\/wp-content\/uploads\/2021\/02\/unnamed-file-31-500x333.jpg 500w, https:\/\/julesverne.com.tr\/wp-content\/uploads\/2021\/02\/unnamed-file-31-768x511.jpg 768w\" sizes=\"(max-width: 1000px) 100vw, 1000px\" \/><\/p>\n<p style=\"text-align: justify;\">Sanat\u0131n, hayat\u0131n\u0131z\u0131n her alan\u0131nda ve har an\u0131nda olmas\u0131n\u0131 arzu eden bir seyahat severseniz konaklayaca\u011f\u0131n\u0131z otelin de bir sanat galerisini an\u0131msatmas\u0131 harika olmaz m\u0131?<\/p>\n<p style=\"text-align: justify;\">\u00d6zg\u00fcrce seyahat edece\u011fimiz g\u00fcnleri sab\u0131rs\u0131zl\u0131kla beklerken sanat tutkunu gezginlere ilham verecek \u00f6nerilerimize devam ediyoruz. D\u00fcnyan\u0131n d\u00f6rt bir yan\u0131ndan sanat ile i\u00e7 i\u00e7e olan, b\u00fcy\u00fcleyici koleksiyonlar\u0131 ile \u00f6zel deneyimlere imza atan konaklama adreslerini bu yaz\u0131m\u0131zda derledik. Fransa&#8217;dan Kanada&#8217;ya, Avusturya&#8217;dan \u00c7in&#8217;e listemizde yer alan d\u00fcnyan\u0131n en haval\u0131 sanat otelleri&#8230;<\/p>\n<p style=\"text-align: justify;\"><strong>Hotel Negresco \u2013 Nice, Fransa<\/strong><\/p>\n<p style=\"text-align: center;\"><strong><img loading=\"lazy\" decoding=\"async\" class=\"alignnone size-full wp-image-7045\" title=\"T\u00fcrk Hava Yollar\u0131 B\u00fcy\u00fck Bahar \u0130ndirimi \u0130le Yurt \u0130\u00e7i U\u00e7u\u015flarda %30 \u0130ndirim F\u0131rsat\u0131\" src=\"https:\/\/www.julesverne.com.tr\/\/wp-content\/uploads\/2021\/02\/turk-hava-yollari-buyuk-bahar-indirimi-ile-yurt-ici-ucuslarda-0-indirim-firsati-193.jpg\" alt=\"T\u00fcrk Hava Yollar\u0131 B\u00fcy\u00fck Bahar \u0130ndirimi \u0130le Yurt \u0130\u00e7i U\u00e7u\u015flarda %30 \u0130ndirim F\u0131rsat\u0131\" width=\"1200\" height=\"800\" srcset=\"https:\/\/julesverne.com.tr\/wp-content\/uploads\/2021\/02\/turk-hava-yollari-buyuk-bahar-indirimi-ile-yurt-ici-ucuslarda-0-indirim-firsati-193.jpg 1200w, https:\/\/julesverne.com.tr\/wp-content\/uploads\/2021\/02\/turk-hava-yollari-buyuk-bahar-indirimi-ile-yurt-ici-ucuslarda-0-indirim-firsati-193-500x333.jpg 500w, https:\/\/julesverne.com.tr\/wp-content\/uploads\/2021\/02\/turk-hava-yollari-buyuk-bahar-indirimi-ile-yurt-ici-ucuslarda-0-indirim-firsati-193-768x512.jpg 768w\" sizes=\"(max-width: 1200px) 100vw, 1200px\" \/><\/strong><\/p>\n<p style=\"text-align: justify;\">Nice tarihi \u015fehir merkezine yak\u0131n konumu, Promenade des Anglais \u00fczerindeki lokasyonu ile \u015fehrin en keyifli otellerinden biri olan Hotel Negresco&#8230; B\u00f6lgenin en g\u00fczel m\u00fczelerine k\u0131sa mesafede olmas\u0131 yetmiyormu\u015f gibi kendi b\u00fcnyesine katt\u0131\u011f\u0131 eserler ve mobilyalarla bir sanat mabedini an\u0131msat\u0131yor. 6000&#8217;den fazla sanat eserine ve be\u015f as\u0131rl\u0131k d\u00f6nem mobilyalar\u0131na ev sahipli\u011fi yapan otel, \u00f6zellikle La Rotonde Brasserie&#8217;de yer alan iki y\u00fcz y\u0131ll\u0131k atl\u0131kar\u0131ncas\u0131 ile \u00fcnl\u00fc.<\/p>\n<p style=\"text-align: justify;\"><strong>Casa dell Arte \u2013 Bodrum, T\u00fcrkiye<\/strong><\/p>\n<p style=\"text-align: center;\"><strong><img loading=\"lazy\" decoding=\"async\" class=\"alignnone size-full wp-image-7046\" title=\"T\u00fcrk Hava Yollar\u0131 B\u00fcy\u00fck Bahar \u0130ndirimi \u0130le Yurt \u0130\u00e7i U\u00e7u\u015flarda %30 \u0130ndirim F\u0131rsat\u0131\" src=\"https:\/\/www.julesverne.com.tr\/\/wp-content\/uploads\/2021\/02\/turk-hava-yollari-buyuk-bahar-indirimi-ile-yurt-ici-ucuslarda-0-indirim-firsati-8.png\" alt=\"T\u00fcrk Hava Yollar\u0131 B\u00fcy\u00fck Bahar \u0130ndirimi \u0130le Yurt \u0130\u00e7i U\u00e7u\u015flarda %30 \u0130ndirim F\u0131rsat\u0131\" width=\"740\" height=\"450\" srcset=\"https:\/\/julesverne.com.tr\/wp-content\/uploads\/2021\/02\/turk-hava-yollari-buyuk-bahar-indirimi-ile-yurt-ici-ucuslarda-0-indirim-firsati-8.png 740w, https:\/\/julesverne.com.tr\/wp-content\/uploads\/2021\/02\/turk-hava-yollari-buyuk-bahar-indirimi-ile-yurt-ici-ucuslarda-0-indirim-firsati-8-500x304.png 500w\" sizes=\"(max-width: 740px) 100vw, 740px\" \/><\/strong><\/p>\n<p style=\"text-align: justify;\">Latincede \u201csanat evi\u201d anlam\u0131na gelen Casa dell Arte, T\u00fcrkiye&#8217;nin ilk sanat oteli. Torba, Bodrum&#8217;un e\u015fsiz atmosferinde kendi aile koleksiyonlar\u0131n\u0131 t\u00fcm sanatseverlerle bulu\u015fturmak isteyen B\u00fcy\u00fckku\u015fo\u011flu Ailesi, k\u0131zlar\u0131 Ahu Serter&#8217;in b\u00fcy\u00fck deste\u011fi ve enerjisiyle Casa dell Arte&#8217;yi yaratt\u0131. \u00c7a\u011fda\u015f ressam ve heykelt\u0131ra\u015flar i\u00e7in bir platform yaratan bu butik otelin sadece 12 odas\u0131 mevcut. Birbirinden farkl\u0131 dekorasyonlara sahip 12 s\u00fcit tipi odada T\u00fcrk ressamlar\u0131n \u00f6nemli eserleri bulunuyor. Kendi sanat galerisi olan otelin sahibi olan B\u00fcy\u00fckku\u015fo\u011flu ailesi ayn\u0131 Zai Bodrum&#8217;un da yarat\u0131c\u0131lar\u0131. Unutmadan, Casa dell Arte&#8217;nin ikinci \u015fubesi ise Lizbon&#8217;da!<\/p>\n<p style=\"text-align: justify;\"><strong>The Silo Hotel \u2013 Cape Town, G\u00fcney Afrika<\/strong><\/p>\n<p style=\"text-align: center;\"><strong><img loading=\"lazy\" decoding=\"async\" class=\"alignnone size-full wp-image-7047\" title=\"T\u00fcrk Hava Yollar\u0131 B\u00fcy\u00fck Bahar \u0130ndirimi \u0130le Yurt \u0130\u00e7i U\u00e7u\u015flarda %30 \u0130ndirim F\u0131rsat\u0131\" src=\"https:\/\/www.julesverne.com.tr\/\/wp-content\/uploads\/2021\/02\/turk-hava-yollari-buyuk-bahar-indirimi-ile-yurt-ici-ucuslarda-0-indirim-firsati-194.jpg\" alt=\"T\u00fcrk Hava Yollar\u0131 B\u00fcy\u00fck Bahar \u0130ndirimi \u0130le Yurt \u0130\u00e7i U\u00e7u\u015flarda %30 \u0130ndirim F\u0131rsat\u0131\" width=\"1024\" height=\"684\" srcset=\"https:\/\/julesverne.com.tr\/wp-content\/uploads\/2021\/02\/turk-hava-yollari-buyuk-bahar-indirimi-ile-yurt-ici-ucuslarda-0-indirim-firsati-194.jpg 1024w, https:\/\/julesverne.com.tr\/wp-content\/uploads\/2021\/02\/turk-hava-yollari-buyuk-bahar-indirimi-ile-yurt-ici-ucuslarda-0-indirim-firsati-194-500x334.jpg 500w, https:\/\/julesverne.com.tr\/wp-content\/uploads\/2021\/02\/turk-hava-yollari-buyuk-bahar-indirimi-ile-yurt-ici-ucuslarda-0-indirim-firsati-194-768x513.jpg 768w\" sizes=\"(max-width: 1024px) 100vw, 1024px\" \/><\/strong><\/p>\n<p style=\"text-align: justify;\">D\u00fcnyan\u0131n en b\u00fcy\u00fck \u00e7a\u011fda\u015f Afrika sanat\u0131 m\u00fczesi Zeitz \u00c7a\u011fda\u015f Sanat M\u00fczesi ile ayn\u0131 binada yer alan The Silo Hotel&#8217;in bu sanat ak\u0131m\u0131ndan etkilenmemesi imk\u00e2ns\u0131z! Cape Town&#8217;\u0131n \u00e7ekim merkezi Victoria &amp; Alfred liman\u0131ndaki konumu ve sundu\u011fu manzara bir yana hem gelecek vadeden hem de k\u00f6kl\u00fc sanat\u00e7\u0131lar\u0131n eserlerini sergilemek i\u00e7in tasarlanan koleksiyonu bu oteli \u00f6zel k\u0131l\u0131yor. \u00c7a\u011fda\u015f Afrika sanat\u0131n\u0131n en g\u00fczel \u00f6rneklerini otelde bulabilirsiniz.<\/p>\n<p style=\"text-align: justify;\"><strong>21c Museum Hotels \u2013 ABD<\/strong><\/p>\n<p style=\"text-align: center;\"><strong><img loading=\"lazy\" decoding=\"async\" class=\"alignnone size-full wp-image-7048\" title=\"T\u00fcrk Hava Yollar\u0131 B\u00fcy\u00fck Bahar \u0130ndirimi \u0130le Yurt \u0130\u00e7i U\u00e7u\u015flarda %30 \u0130ndirim F\u0131rsat\u0131\" src=\"https:\/\/www.julesverne.com.tr\/\/wp-content\/uploads\/2021\/02\/turk-hava-yollari-buyuk-bahar-indirimi-ile-yurt-ici-ucuslarda-0-indirim-firsati-195.jpg\" alt=\"T\u00fcrk Hava Yollar\u0131 B\u00fcy\u00fck Bahar \u0130ndirimi \u0130le Yurt \u0130\u00e7i U\u00e7u\u015flarda %30 \u0130ndirim F\u0131rsat\u0131\" width=\"936\" height=\"526\" srcset=\"https:\/\/julesverne.com.tr\/wp-content\/uploads\/2021\/02\/turk-hava-yollari-buyuk-bahar-indirimi-ile-yurt-ici-ucuslarda-0-indirim-firsati-195.jpg 936w, https:\/\/julesverne.com.tr\/wp-content\/uploads\/2021\/02\/turk-hava-yollari-buyuk-bahar-indirimi-ile-yurt-ici-ucuslarda-0-indirim-firsati-195-500x281.jpg 500w, https:\/\/julesverne.com.tr\/wp-content\/uploads\/2021\/02\/turk-hava-yollari-buyuk-bahar-indirimi-ile-yurt-ici-ucuslarda-0-indirim-firsati-195-768x432.jpg 768w, https:\/\/julesverne.com.tr\/wp-content\/uploads\/2021\/02\/turk-hava-yollari-buyuk-bahar-indirimi-ile-yurt-ici-ucuslarda-0-indirim-firsati-195-400x225.jpg 400w\" sizes=\"(max-width: 936px) 100vw, 936px\" \/><\/strong><\/p>\n<p style=\"text-align: justify;\">\u00c7a\u011fda\u015f sanat m\u00fczesinde uyumak ister misiniz? Cevab\u0131n\u0131z evet ise 21c Museum Hotels zinciri size unutulmaz deneyimler ya\u015fatmaya aday. Butik otel, \u00e7a\u011fda\u015f sanat m\u00fczesi ve \u015fef restoran\u0131 konsepti ile dikkat \u00e7eken ABD merkezli otel grubu se\u00e7ti\u011fi lokasyonlar sayesinde sizi yerel k\u00fclt\u00fcrle bulu\u015fturuyor. \u00c7a\u011fda\u015f sanat\u0131n g\u00fcc\u00fcne inanan \u00e7a\u011fda\u015f sanat koleksiyonerleri Laura Lee Brown ve Steve Wilson taraf\u0131ndan kurulan sanat odakl\u0131 oteller \u015fuan i\u00e7in Louisville, Cincinnati, Bentonville, Durham, Lexington, Oklahoma City, Nashville, Kansas City ve Chicago&#8217;da bulunuyor.<\/p>\n<p style=\"text-align: justify;\"><strong>Rome Cavalieri by Waldorf Astoria \u2013 Roma, \u0130talya<\/strong><\/p>\n<p style=\"text-align: center;\"><strong><img loading=\"lazy\" decoding=\"async\" class=\"alignnone size-full wp-image-7050\" title=\"T\u00fcrk Hava Yollar\u0131 B\u00fcy\u00fck Bahar \u0130ndirimi \u0130le Yurt \u0130\u00e7i U\u00e7u\u015flarda %30 \u0130ndirim F\u0131rsat\u0131\" src=\"https:\/\/www.julesverne.com.tr\/\/wp-content\/uploads\/2021\/02\/turk-hava-yollari-buyuk-bahar-indirimi-ile-yurt-ici-ucuslarda-0-indirim-firsati-196.jpg\" alt=\"T\u00fcrk Hava Yollar\u0131 B\u00fcy\u00fck Bahar \u0130ndirimi \u0130le Yurt \u0130\u00e7i U\u00e7u\u015flarda %30 \u0130ndirim F\u0131rsat\u0131\" width=\"1265\" height=\"900\" srcset=\"https:\/\/julesverne.com.tr\/wp-content\/uploads\/2021\/02\/turk-hava-yollari-buyuk-bahar-indirimi-ile-yurt-ici-ucuslarda-0-indirim-firsati-196.jpg 1265w, https:\/\/julesverne.com.tr\/wp-content\/uploads\/2021\/02\/turk-hava-yollari-buyuk-bahar-indirimi-ile-yurt-ici-ucuslarda-0-indirim-firsati-196-500x356.jpg 500w, https:\/\/julesverne.com.tr\/wp-content\/uploads\/2021\/02\/turk-hava-yollari-buyuk-bahar-indirimi-ile-yurt-ici-ucuslarda-0-indirim-firsati-196-768x546.jpg 768w\" sizes=\"(max-width: 1265px) 100vw, 1265px\" \/><\/strong><\/p>\n<p style=\"text-align: justify;\">Aristokrat ruhunu hissettiren s\u00fcit odalar\u0131 ve \u00f6zel sanat koleksiyonu ile t\u00fcm duyular\u0131n\u0131za hitap eden Rome Cavalieri Waldorf Astoria, l\u00fcks sanat otelleri listesinin s\u00fcper star\u0131 diyebiliriz. 15 d\u00f6n\u00fcml\u00fck yemye\u015fil parklarla \u00e7evrili olan otel tablolar\u0131, nadir duvar hal\u0131lar\u0131, Frans\u0131z d\u00f6nemi mobilyalar\u0131 ve heykellerden olu\u015fan koleksiyonuyla bir m\u00fczeden farks\u0131z. Henri Vollet, Ennio Morlotti, Nicolas Tournier, Andy Warhol ve Victor Brauner gibi sanat d\u00fcnyas\u0131n\u0131n \u00f6nde gelen isimlerin eserlerini otelde g\u00f6rebilirsiniz.<\/p>\n<p style=\"text-align: justify;\"><strong>La Colombe D&#8217;Or \u2013 Saint-Paul-de-Vence, Fransa<\/strong><\/p>\n<p style=\"text-align: center;\"><strong><img loading=\"lazy\" decoding=\"async\" class=\"alignnone size-full wp-image-7053\" title=\"T\u00fcrk Hava Yollar\u0131 B\u00fcy\u00fck Bahar \u0130ndirimi \u0130le Yurt \u0130\u00e7i U\u00e7u\u015flarda %30 \u0130ndirim F\u0131rsat\u0131\" src=\"https:\/\/www.julesverne.com.tr\/\/wp-content\/uploads\/2021\/02\/turk-hava-yollari-buyuk-bahar-indirimi-ile-yurt-ici-ucuslarda-0-indirim-firsati-198.jpg\" alt=\"T\u00fcrk Hava Yollar\u0131 B\u00fcy\u00fck Bahar \u0130ndirimi \u0130le Yurt \u0130\u00e7i U\u00e7u\u015flarda %30 \u0130ndirim F\u0131rsat\u0131\" width=\"1000\" height=\"602\" srcset=\"https:\/\/julesverne.com.tr\/wp-content\/uploads\/2021\/02\/turk-hava-yollari-buyuk-bahar-indirimi-ile-yurt-ici-ucuslarda-0-indirim-firsati-198.jpg 1000w, https:\/\/julesverne.com.tr\/wp-content\/uploads\/2021\/02\/turk-hava-yollari-buyuk-bahar-indirimi-ile-yurt-ici-ucuslarda-0-indirim-firsati-198-500x301.jpg 500w, https:\/\/julesverne.com.tr\/wp-content\/uploads\/2021\/02\/turk-hava-yollari-buyuk-bahar-indirimi-ile-yurt-ici-ucuslarda-0-indirim-firsati-198-768x462.jpg 768w\" sizes=\"(max-width: 1000px) 100vw, 1000px\" \/><\/strong><\/p>\n<p style=\"text-align: justify;\">Saint-Paul-de-Vence\u2019\u0131n zarif k\u0131rsal ambiyans\u0131n\u0131 tamamlayan, sanatla ya\u015fayan La Colombe D&#8217;Or d\u00fcnyan\u0131n en \u00f6zel otellerinden biri. Provence ya\u015fam stilini \u015fa\u015f\u0131rt\u0131c\u0131 ve benzersiz bir \u00f6zel modern sanat koleksiyonuyla birle\u015ftiren otelde Pablo Picasso, Jacques Pr\u00e9vert, Yves Montand, Matisse, Picasso, L\u00e9ger, Braque ve Chagall gibi ikonik ustalar\u0131n eserleri sergileniyor. Bir\u00e7ok sanat\u00e7\u0131 zaman\u0131nda konaklama masraflar\u0131na kar\u015f\u0131l\u0131k eserlerini otele hediye ederken g\u00fcn\u00fcm\u00fcze b\u00f6yle e\u015fsiz bir koleksiyon b\u0131rakacaklar\u0131n\u0131 tahmin edebilirler miydi?<\/p>\n<p style=\"text-align: justify;\"><strong>Gladstone Hotel \u2013 Toronto, Kanada<\/strong><\/p>\n<p style=\"text-align: center;\"><strong><img loading=\"lazy\" decoding=\"async\" class=\"alignnone size-full wp-image-7054\" title=\"T\u00fcrk Hava Yollar\u0131 B\u00fcy\u00fck Bahar \u0130ndirimi \u0130le Yurt \u0130\u00e7i U\u00e7u\u015flarda %30 \u0130ndirim F\u0131rsat\u0131\" src=\"https:\/\/www.julesverne.com.tr\/\/wp-content\/uploads\/2021\/02\/turk-hava-yollari-buyuk-bahar-indirimi-ile-yurt-ici-ucuslarda-0-indirim-firsati-200.jpg\" alt=\"T\u00fcrk Hava Yollar\u0131 B\u00fcy\u00fck Bahar \u0130ndirimi \u0130le Yurt \u0130\u00e7i U\u00e7u\u015flarda %30 \u0130ndirim F\u0131rsat\u0131\" width=\"1435\" height=\"1233\" srcset=\"https:\/\/julesverne.com.tr\/wp-content\/uploads\/2021\/02\/turk-hava-yollari-buyuk-bahar-indirimi-ile-yurt-ici-ucuslarda-0-indirim-firsati-200.jpg 1435w, https:\/\/julesverne.com.tr\/wp-content\/uploads\/2021\/02\/turk-hava-yollari-buyuk-bahar-indirimi-ile-yurt-ici-ucuslarda-0-indirim-firsati-200-500x430.jpg 500w, https:\/\/julesverne.com.tr\/wp-content\/uploads\/2021\/02\/turk-hava-yollari-buyuk-bahar-indirimi-ile-yurt-ici-ucuslarda-0-indirim-firsati-200-1280x1100.jpg 1280w, https:\/\/julesverne.com.tr\/wp-content\/uploads\/2021\/02\/turk-hava-yollari-buyuk-bahar-indirimi-ile-yurt-ici-ucuslarda-0-indirim-firsati-200-768x660.jpg 768w\" sizes=\"(max-width: 1435px) 100vw, 1435px\" \/><\/strong><\/p>\n<p style=\"text-align: justify;\">Toronto&#8217;nun pop\u00fcler caddesi Queen Street West \u00fczerinde bulunan Gladstone Hotel butik bir sanat oteli. 1889 y\u0131l\u0131nda in\u015fa edilen ve uzun y\u0131llar sanat\u00e7\u0131lar\u0131n s\u0131\u011f\u0131na\u011f\u0131 olan otelin 37 odas\u0131n\u0131n her biri farkl\u0131 bir sanat\u00e7\u0131 taraf\u0131ndan tasarlanm\u0131\u015f. \u0130lgi \u00e7ekici, sanat dolu, \u00e7evre dostu bir \u015fehir deneyimi sunmak i\u00e7in yola \u00e7\u0131kan Gladstone Hotel kesinlikle benzersiz bir tecr\u00fcbe ya\u015fat\u0131yor.<\/p>\n<p style=\"text-align: justify;\"><strong>The Connaught Hotel \u2013 Londra, \u0130ngiltere<\/strong><\/p>\n<p style=\"text-align: center;\"><strong><img loading=\"lazy\" decoding=\"async\" class=\"alignnone size-full wp-image-7057\" title=\"T\u00fcrk Hava Yollar\u0131 B\u00fcy\u00fck Bahar \u0130ndirimi \u0130le Yurt \u0130\u00e7i U\u00e7u\u015flarda %30 \u0130ndirim F\u0131rsat\u0131\" src=\"https:\/\/www.julesverne.com.tr\/\/wp-content\/uploads\/2021\/02\/turk-hava-yollari-buyuk-bahar-indirimi-ile-yurt-ici-ucuslarda-0-indirim-firsati-203.jpg\" alt=\"T\u00fcrk Hava Yollar\u0131 B\u00fcy\u00fck Bahar \u0130ndirimi \u0130le Yurt \u0130\u00e7i U\u00e7u\u015flarda %30 \u0130ndirim F\u0131rsat\u0131\" width=\"1024\" height=\"768\" srcset=\"https:\/\/julesverne.com.tr\/wp-content\/uploads\/2021\/02\/turk-hava-yollari-buyuk-bahar-indirimi-ile-yurt-ici-ucuslarda-0-indirim-firsati-203.jpg 1024w, https:\/\/julesverne.com.tr\/wp-content\/uploads\/2021\/02\/turk-hava-yollari-buyuk-bahar-indirimi-ile-yurt-ici-ucuslarda-0-indirim-firsati-203-500x375.jpg 500w, https:\/\/julesverne.com.tr\/wp-content\/uploads\/2021\/02\/turk-hava-yollari-buyuk-bahar-indirimi-ile-yurt-ici-ucuslarda-0-indirim-firsati-203-768x576.jpg 768w\" sizes=\"(max-width: 1024px) 100vw, 1024px\" \/><\/strong><\/p>\n<p style=\"text-align: justify;\">Mayfair&#8217;de konumlanan Londra&#8217;n\u0131n en zarif oteli The Connaught Hotel t\u00fcm ihti\u015fam\u0131n\u0131 iddias\u0131z bir \u015fekilde g\u00f6stermeyi ba\u015far\u0131yor. Bu otelin s\u0131rr\u0131 duvarlardaki orijinal sanat eserlerinden odalar\u0131n kendi i\u00e7indeki geleneksel i\u015f\u00e7ili\u011fe kadar \u0130ngiliz ve uluslararas\u0131 sanat ve tasar\u0131m\u0131n en iyilerini bir araya getirmeyi ba\u015farmas\u0131nda sakl\u0131! Otelin her k\u00f6\u015fesinde ba\u011f\u0131ms\u0131z bir ruhun ve yarat\u0131c\u0131 bak\u0131\u015flar\u0131n varl\u0131\u011f\u0131n\u0131 hissedebilir, ileri g\u00f6r\u00fc\u015fl\u00fc fikirlerin hayata ge\u00e7i\u015fine \u015fahit olabilirsiniz.<\/p>\n<p style=\"text-align: justify;\"><strong>Chao Hotel \u2013 Beijing, \u00c7in<\/strong><\/p>\n<p style=\"text-align: center;\"><strong><img loading=\"lazy\" decoding=\"async\" class=\"alignnone size-full wp-image-7059\" title=\"T\u00fcrk Hava Yollar\u0131 B\u00fcy\u00fck Bahar \u0130ndirimi \u0130le Yurt \u0130\u00e7i U\u00e7u\u015flarda %30 \u0130ndirim F\u0131rsat\u0131\" src=\"https:\/\/www.julesverne.com.tr\/\/wp-content\/uploads\/2021\/02\/turk-hava-yollari-buyuk-bahar-indirimi-ile-yurt-ici-ucuslarda-0-indirim-firsati-205.jpg\" alt=\"T\u00fcrk Hava Yollar\u0131 B\u00fcy\u00fck Bahar \u0130ndirimi \u0130le Yurt \u0130\u00e7i U\u00e7u\u015flarda %30 \u0130ndirim F\u0131rsat\u0131\" width=\"750\" height=\"562\" srcset=\"https:\/\/julesverne.com.tr\/wp-content\/uploads\/2021\/02\/turk-hava-yollari-buyuk-bahar-indirimi-ile-yurt-ici-ucuslarda-0-indirim-firsati-205.jpg 750w, https:\/\/julesverne.com.tr\/wp-content\/uploads\/2021\/02\/turk-hava-yollari-buyuk-bahar-indirimi-ile-yurt-ici-ucuslarda-0-indirim-firsati-205-500x375.jpg 500w\" sizes=\"(max-width: 750px) 100vw, 750px\" \/><\/strong><\/p>\n<p style=\"text-align: justify;\">Chao Hotel\u2019in sanata yakla\u015f\u0131m\u0131 &#8220;\u0130yi Ya\u015fam&#8221; etraf\u0131nda \u015fekilleniyor. Felsefesini sadece s\u00f6zl\u00fc ifade ile s\u0131n\u0131rland\u0131rmayan otelin \u00fcrettikleri ve katt\u0131\u011f\u0131 de\u011ferler de bu felsefeyi ne kadar \u00f6z\u00fcmsedi\u011finin canl\u0131 kan\u0131t\u0131! Otel i\u00e7erisinde yer alan sanat merkezinde d\u00fczenlenen at\u00f6lyeler sayesinde sanat\u00e7\u0131 ve m\u00fczisyenlerle i\u015fbirlikleri yap\u0131yor ve ziyaret\u00e7ilerine sanat dolu deneyimler sunuyor. Seyahatleri anlaml\u0131 k\u0131lmak i\u00e7in tasarlanan otel modern d\u00fcnyaya bir anlam katmak istiyor.<\/p>\n<p style=\"text-align: justify;\"><strong>XVA Art Hotel \u2013 Dubai, Birle\u015fik Arap Emirlikleri<\/strong><\/p>\n<p style=\"text-align: center;\"><strong><img loading=\"lazy\" decoding=\"async\" class=\"alignnone size-full wp-image-7061\" title=\"T\u00fcrk Hava Yollar\u0131 B\u00fcy\u00fck Bahar \u0130ndirimi \u0130le Yurt \u0130\u00e7i U\u00e7u\u015flarda %30 \u0130ndirim F\u0131rsat\u0131\" src=\"https:\/\/www.julesverne.com.tr\/\/wp-content\/uploads\/2021\/02\/turk-hava-yollari-buyuk-bahar-indirimi-ile-yurt-ici-ucuslarda-0-indirim-firsati-207.jpg\" alt=\"T\u00fcrk Hava Yollar\u0131 B\u00fcy\u00fck Bahar \u0130ndirimi \u0130le Yurt \u0130\u00e7i U\u00e7u\u015flarda %30 \u0130ndirim F\u0131rsat\u0131\" width=\"1280\" height=\"853\" srcset=\"https:\/\/julesverne.com.tr\/wp-content\/uploads\/2021\/02\/turk-hava-yollari-buyuk-bahar-indirimi-ile-yurt-ici-ucuslarda-0-indirim-firsati-207.jpg 1280w, https:\/\/julesverne.com.tr\/wp-content\/uploads\/2021\/02\/turk-hava-yollari-buyuk-bahar-indirimi-ile-yurt-ici-ucuslarda-0-indirim-firsati-207-500x333.jpg 500w, https:\/\/julesverne.com.tr\/wp-content\/uploads\/2021\/02\/turk-hava-yollari-buyuk-bahar-indirimi-ile-yurt-ici-ucuslarda-0-indirim-firsati-207-768x512.jpg 768w\" sizes=\"(max-width: 1280px) 100vw, 1280px\" \/><\/strong><\/p>\n<p style=\"text-align: justify;\">Bu \u015fehri sadece g\u00f6kdelenlerden ve al\u0131\u015fveri\u015f merkezlerinden ibaret san\u0131yorsan\u0131z yan\u0131l\u0131yorsunuz demektir. Pers mimarisinin sakland\u0131\u011f\u0131 tarihi Al Fahidi Mahallesi&#8217;ndeki varl\u0131kl\u0131 bir t\u00fcccar ailenin eski evinden d\u00f6n\u00fc\u015ft\u00fcr\u00fclen The XVA Art Hotel ayn\u0131 zamanda Dubai&#8217;nin sanat duraklar\u0131ndan biri. Avlular\u0131 ile vahay\u0131 an\u0131msatan otelin her biri farkl\u0131 dekore edilmi\u015f 14 odas\u0131 mevcut. Kendine ait sanat galerisi de bulunan otelde farkl\u0131 sanat\u00e7\u0131lar\u0131n eserlerini g\u00f6rebilirsiniz.<\/p>\n<p style=\"text-align: justify;\"><strong>The Dolder Grand \u2013 Z\u00fcrih, \u0130svi\u00e7re<\/strong><\/p>\n<p style=\"text-align: center;\"><strong><img loading=\"lazy\" decoding=\"async\" class=\"alignnone size-full wp-image-7063\" title=\"T\u00fcrk Hava Yollar\u0131 B\u00fcy\u00fck Bahar \u0130ndirimi \u0130le Yurt \u0130\u00e7i U\u00e7u\u015flarda %30 \u0130ndirim F\u0131rsat\u0131\" src=\"https:\/\/www.julesverne.com.tr\/\/wp-content\/uploads\/2021\/02\/turk-hava-yollari-buyuk-bahar-indirimi-ile-yurt-ici-ucuslarda-0-indirim-firsati-209.jpg\" alt=\"T\u00fcrk Hava Yollar\u0131 B\u00fcy\u00fck Bahar \u0130ndirimi \u0130le Yurt \u0130\u00e7i U\u00e7u\u015flarda %30 \u0130ndirim F\u0131rsat\u0131\" width=\"1000\" height=\"660\" srcset=\"https:\/\/julesverne.com.tr\/wp-content\/uploads\/2021\/02\/turk-hava-yollari-buyuk-bahar-indirimi-ile-yurt-ici-ucuslarda-0-indirim-firsati-209.jpg 1000w, https:\/\/julesverne.com.tr\/wp-content\/uploads\/2021\/02\/turk-hava-yollari-buyuk-bahar-indirimi-ile-yurt-ici-ucuslarda-0-indirim-firsati-209-500x330.jpg 500w, https:\/\/julesverne.com.tr\/wp-content\/uploads\/2021\/02\/turk-hava-yollari-buyuk-bahar-indirimi-ile-yurt-ici-ucuslarda-0-indirim-firsati-209-768x507.jpg 768w\" sizes=\"(max-width: 1000px) 100vw, 1000px\" \/><\/strong><\/p>\n<p style=\"text-align: justify;\">Bir orman\u0131n yan\u0131na gizlenmi\u015f ve Z\u00fcrih manzaras\u0131na bakan The Dolder Grand 1899 y\u0131l\u0131nda a\u00e7\u0131ld\u0131\u011f\u0131nda \u015fehre yak\u0131n ama \u015fehirden uzak bir s\u0131\u011f\u0131nak olarak tasarlanm\u0131\u015f. Bug\u00fcne kadar Winston Churchill, Roger Moore, Sophia Loren gibi \u00fcnl\u00fc isimleri a\u011f\u0131rlayan otel g\u00fcn\u00fcm\u00fczde de \u0130svi\u00e7re&#8217;nin en iyi otelleri aras\u0131nda yer almaya devam ediyor. Andy Warhol&#8217;dan Salvador Dali&#8217;ye uzanan sanat koleksiyonu ise otelin \u00e7e\u015fitli alanlar\u0131nda sergileniyor.<\/p>\n<p style=\"text-align: justify;\"><strong>La Fonda On the Plaza \u2013 Santa Fe, ABD<\/strong><\/p>\n<p style=\"text-align: center;\"><strong><img loading=\"lazy\" decoding=\"async\" class=\"alignnone size-full wp-image-7065\" title=\"T\u00fcrk Hava Yollar\u0131 B\u00fcy\u00fck Bahar \u0130ndirimi \u0130le Yurt \u0130\u00e7i U\u00e7u\u015flarda %30 \u0130ndirim F\u0131rsat\u0131\" src=\"https:\/\/www.julesverne.com.tr\/\/wp-content\/uploads\/2021\/02\/turk-hava-yollari-buyuk-bahar-indirimi-ile-yurt-ici-ucuslarda-0-indirim-firsati-211.jpg\" alt=\"T\u00fcrk Hava Yollar\u0131 B\u00fcy\u00fck Bahar \u0130ndirimi \u0130le Yurt \u0130\u00e7i U\u00e7u\u015flarda %30 \u0130ndirim F\u0131rsat\u0131\" width=\"1000\" height=\"556\" srcset=\"https:\/\/julesverne.com.tr\/wp-content\/uploads\/2021\/02\/turk-hava-yollari-buyuk-bahar-indirimi-ile-yurt-ici-ucuslarda-0-indirim-firsati-211.jpg 1000w, https:\/\/julesverne.com.tr\/wp-content\/uploads\/2021\/02\/turk-hava-yollari-buyuk-bahar-indirimi-ile-yurt-ici-ucuslarda-0-indirim-firsati-211-500x278.jpg 500w, https:\/\/julesverne.com.tr\/wp-content\/uploads\/2021\/02\/turk-hava-yollari-buyuk-bahar-indirimi-ile-yurt-ici-ucuslarda-0-indirim-firsati-211-768x427.jpg 768w\" sizes=\"(max-width: 1000px) 100vw, 1000px\" \/><\/strong><\/p>\n<p style=\"text-align: justify;\">D\u00fcnyan\u0131n \u00f6nde gelen sanat lokasyonlar\u0131ndan biri olan Santa Fe&#8217;nin elbette sanata adanm\u0131\u015f bir otelinin olmas\u0131 \u015fa\u015f\u0131rt\u0131c\u0131 de\u011fil. Otantik New Mexico stilini modern dokunu\u015flarla bulu\u015fturan bu otelin ad\u0131 ise La Fonda On the Plaza. Yerel ve K\u0131z\u0131lderili sanat\u00e7\u0131lar\u0131n resimleri, el yap\u0131m\u0131 cam karolar, ah\u015fap yatak ba\u015fl\u0131klar\u0131 ile ger\u00e7ek bir sanat oteli!<\/p>\n<p style=\"text-align: justify;\"><strong>The Cullen Art Series \u2013 Melbourne, Avustralya<\/strong><\/p>\n<p style=\"text-align: center;\"><strong><img loading=\"lazy\" decoding=\"async\" class=\"alignnone size-full wp-image-7067\" title=\"T\u00fcrk Hava Yollar\u0131 B\u00fcy\u00fck Bahar \u0130ndirimi \u0130le Yurt \u0130\u00e7i U\u00e7u\u015flarda %30 \u0130ndirim F\u0131rsat\u0131\" src=\"https:\/\/www.julesverne.com.tr\/\/wp-content\/uploads\/2021\/02\/turk-hava-yollari-buyuk-bahar-indirimi-ile-yurt-ici-ucuslarda-0-indirim-firsati-213.jpg\" alt=\"T\u00fcrk Hava Yollar\u0131 B\u00fcy\u00fck Bahar \u0130ndirimi \u0130le Yurt \u0130\u00e7i U\u00e7u\u015flarda %30 \u0130ndirim F\u0131rsat\u0131\" width=\"1000\" height=\"666\" srcset=\"https:\/\/julesverne.com.tr\/wp-content\/uploads\/2021\/02\/turk-hava-yollari-buyuk-bahar-indirimi-ile-yurt-ici-ucuslarda-0-indirim-firsati-213.jpg 1000w, https:\/\/julesverne.com.tr\/wp-content\/uploads\/2021\/02\/turk-hava-yollari-buyuk-bahar-indirimi-ile-yurt-ici-ucuslarda-0-indirim-firsati-213-500x333.jpg 500w, https:\/\/julesverne.com.tr\/wp-content\/uploads\/2021\/02\/turk-hava-yollari-buyuk-bahar-indirimi-ile-yurt-ici-ucuslarda-0-indirim-firsati-213-768x511.jpg 768w\" sizes=\"(max-width: 1000px) 100vw, 1000px\" \/><\/strong><\/p>\n<p style=\"text-align: justify;\">\u015eehri bir yerli gibi deneyimlemek isteyenler i\u00e7in harika bir konumu olan The Cullen Melbourne &#8211; Art Series, 2012 y\u0131l\u0131nda hayat\u0131n\u0131 kaybeden Avustralyal\u0131 sanat\u00e7\u0131 Adam Cullen&#8217;\u0131n projesi. Birinci s\u0131n\u0131f otelleri Avustralya \u00e7a\u011fda\u015f sanat\u0131 ile bulu\u015fturma amac\u0131yla a\u00e7\u0131lan Art Series Hotels grubunun ilk adresi ise The Cullen Melbourne. \u00c7arp\u0131c\u0131, s\u0131ra d\u0131\u015f\u0131 \u00e7a\u011fda\u015f sanat eserleri ile dekore edilmi\u015f, apartman benzeri odalara sahip olan otel sanat\u0131 merkeze al\u0131yor.<\/p>\n<p style=\"text-align: justify;\"><strong>Hotel Arts \u2013 Barcelona, \u0130spanya<\/strong><\/p>\n<p style=\"text-align: center;\"><strong><img loading=\"lazy\" decoding=\"async\" class=\"alignnone size-full wp-image-7069\" title=\"T\u00fcrk Hava Yollar\u0131 B\u00fcy\u00fck Bahar \u0130ndirimi \u0130le Yurt \u0130\u00e7i U\u00e7u\u015flarda %30 \u0130ndirim F\u0131rsat\u0131\" src=\"https:\/\/www.julesverne.com.tr\/\/wp-content\/uploads\/2021\/02\/turk-hava-yollari-buyuk-bahar-indirimi-ile-yurt-ici-ucuslarda-0-indirim-firsati-215.jpg\" alt=\"T\u00fcrk Hava Yollar\u0131 B\u00fcy\u00fck Bahar \u0130ndirimi \u0130le Yurt \u0130\u00e7i U\u00e7u\u015flarda %30 \u0130ndirim F\u0131rsat\u0131\" width=\"1024\" height=\"576\" srcset=\"https:\/\/julesverne.com.tr\/wp-content\/uploads\/2021\/02\/turk-hava-yollari-buyuk-bahar-indirimi-ile-yurt-ici-ucuslarda-0-indirim-firsati-215.jpg 1024w, https:\/\/julesverne.com.tr\/wp-content\/uploads\/2021\/02\/turk-hava-yollari-buyuk-bahar-indirimi-ile-yurt-ici-ucuslarda-0-indirim-firsati-215-500x281.jpg 500w, https:\/\/julesverne.com.tr\/wp-content\/uploads\/2021\/02\/turk-hava-yollari-buyuk-bahar-indirimi-ile-yurt-ici-ucuslarda-0-indirim-firsati-215-768x432.jpg 768w, https:\/\/julesverne.com.tr\/wp-content\/uploads\/2021\/02\/turk-hava-yollari-buyuk-bahar-indirimi-ile-yurt-ici-ucuslarda-0-indirim-firsati-215-400x225.jpg 400w\" sizes=\"(max-width: 1024px) 100vw, 1024px\" \/><\/strong><\/p>\n<p style=\"text-align: justify;\">Barcelona sahilinde yer alan, Frank Gehry&#8217;nin devasa \u00e7elik bal\u0131k heykeli ile ikonla\u015fan Hotel Arts Barcelona mimar Bruce Graham taraf\u0131ndan tasarland\u0131. 1992 Olimpiyat Oyunlar\u0131 ile ayn\u0131 zamana denk gelecek \u015fekilde in\u015fa edilen otelin \u00e7a\u011fda\u015f mimarisi d\u00f6nemin \u00e7arp\u0131c\u0131 projeleri aras\u0131nda bulunuyor. Zarif i\u00e7 mek\u00e2nlara sahip otel \u0130spanyol \u00e7a\u011fda\u015f sanat\u0131n\u0131n se\u00e7kin bir koleksiyonuna ev sahipli\u011fi yap\u0131yor.<\/p>\n<p style=\"text-align: center;\"><strong>Gelecek seyahat programlar\u0131 ve rezervasyon i\u00e7in:<\/strong><br \/>\n<a href=\"mailto:travel@julesverne.com.tr\" target=\"_blank\" rel=\"noopener\"><strong>travel@julesverne.com.tr<\/strong><\/a><\/p>\n","protected":false},"excerpt":{"rendered":"<p><span style=\"text-align: justify;\">&nbsp;Fransa&#8217;dan Kanada&#8217;ya, Avusturya&#8217;dan &Ccedil;in&#8217;e listemizde yer alan d&uuml;nyan\u0131n en haval\u0131 sanat otelleri&#8230;<\/span><\/p>\n","protected":false},"author":1,"featured_media":6851,"comment_status":"closed","ping_status":"closed","sticky":false,"template":"","format":"standard","meta":{"inline_featured_image":false,"footnotes":""},"categories":[1,40],"tags":[],"acf":[],"yoast_head":"<!-- This site is optimized with the Yoast SEO plugin v22.3 - https:\/\/yoast.com\/wordpress\/plugins\/seo\/ -->\n<title>D\u00fcnyan\u0131n En Haval\u0131 Sanat Otelleri - JULES VERNE BUSINESS MICE TRAVEL<\/title>\n<meta name=\"robots\" content=\"index, follow, max-snippet:-1, max-image-preview:large, max-video-preview:-1\" \/>\n<link rel=\"canonical\" href=\"https:\/\/julesverne.com.tr\/travel-blog\/dunyanin-en-havali-sanat-otelleri\/\" \/>\n<meta property=\"og:locale\" content=\"en_US\" \/>\n<meta property=\"og:type\" content=\"article\" \/>\n<meta property=\"og:title\" content=\"D\u00fcnyan\u0131n En Haval\u0131 Sanat Otelleri - JULES VERNE BUSINESS MICE TRAVEL\" \/>\n<meta property=\"og:description\" content=\"&nbsp;Fransa&#039;dan Kanada&#039;ya, Avusturya&#039;dan &Ccedil;in&#039;e listemizde yer alan d&uuml;nyan\u0131n en haval\u0131 sanat otelleri...\" \/>\n<meta property=\"og:url\" content=\"https:\/\/julesverne.com.tr\/travel-blog\/dunyanin-en-havali-sanat-otelleri\/\" \/>\n<meta property=\"og:site_name\" content=\"JULES VERNE BUSINESS MICE TRAVEL\" \/>\n<meta property=\"article:publisher\" content=\"https:\/\/www.facebook.com\/JulesVerneBusinessMiceTravel\/\" \/>\n<meta property=\"article:published_time\" content=\"2020-12-14T21:00:00+00:00\" \/>\n<meta property=\"article:modified_time\" content=\"2021-06-15T05:59:07+00:00\" \/>\n<meta property=\"og:image\" content=\"https:\/\/julesverne.com.tr\/wp-content\/uploads\/2021\/02\/21cmuseums.jpg\" \/>\n\t<meta property=\"og:image:width\" content=\"1000\" \/>\n\t<meta property=\"og:image:height\" content=\"666\" \/>\n\t<meta property=\"og:image:type\" content=\"image\/jpeg\" \/>\n<meta name=\"author\" content=\"fikirman\" \/>\n<meta name=\"twitter:card\" content=\"summary_large_image\" \/>\n<meta name=\"twitter:creator\" content=\"@JV_BusinessMice\" \/>\n<meta name=\"twitter:site\" content=\"@JV_BusinessMice\" \/>\n<meta name=\"twitter:label1\" content=\"Written by\" \/>\n\t<meta name=\"twitter:data1\" content=\"fikirman\" \/>\n\t<meta name=\"twitter:label2\" content=\"Est. reading time\" \/>\n\t<meta name=\"twitter:data2\" content=\"7 minutes\" \/>\n<script type=\"application\/ld+json\" class=\"yoast-schema-graph\">{\"@context\":\"https:\/\/schema.org\",\"@graph\":[{\"@type\":\"Article\",\"@id\":\"https:\/\/julesverne.com.tr\/travel-blog\/dunyanin-en-havali-sanat-otelleri\/#article\",\"isPartOf\":{\"@id\":\"https:\/\/julesverne.com.tr\/travel-blog\/dunyanin-en-havali-sanat-otelleri\/\"},\"author\":{\"name\":\"fikirman\",\"@id\":\"https:\/\/julesverne.com.tr\/#\/schema\/person\/f4eb0514ae455538644c31b99a466fdb\"},\"headline\":\"D\u00fcnyan\u0131n En Haval\u0131 Sanat Otelleri\",\"datePublished\":\"2020-12-14T21:00:00+00:00\",\"dateModified\":\"2021-06-15T05:59:07+00:00\",\"mainEntityOfPage\":{\"@id\":\"https:\/\/julesverne.com.tr\/travel-blog\/dunyanin-en-havali-sanat-otelleri\/\"},\"wordCount\":1342,\"publisher\":{\"@id\":\"https:\/\/julesverne.com.tr\/#organization\"},\"image\":{\"@id\":\"https:\/\/julesverne.com.tr\/travel-blog\/dunyanin-en-havali-sanat-otelleri\/#primaryimage\"},\"thumbnailUrl\":\"https:\/\/julesverne.com.tr\/wp-content\/uploads\/2021\/02\/21cmuseums.jpg\",\"articleSection\":[\"Blog\",\"Nerede Kalsak?\"],\"inLanguage\":\"en-US\"},{\"@type\":\"WebPage\",\"@id\":\"https:\/\/julesverne.com.tr\/travel-blog\/dunyanin-en-havali-sanat-otelleri\/\",\"url\":\"https:\/\/julesverne.com.tr\/travel-blog\/dunyanin-en-havali-sanat-otelleri\/\",\"name\":\"D\u00fcnyan\u0131n En Haval\u0131 Sanat Otelleri - JULES VERNE BUSINESS MICE TRAVEL\",\"isPartOf\":{\"@id\":\"https:\/\/julesverne.com.tr\/#website\"},\"primaryImageOfPage\":{\"@id\":\"https:\/\/julesverne.com.tr\/travel-blog\/dunyanin-en-havali-sanat-otelleri\/#primaryimage\"},\"image\":{\"@id\":\"https:\/\/julesverne.com.tr\/travel-blog\/dunyanin-en-havali-sanat-otelleri\/#primaryimage\"},\"thumbnailUrl\":\"https:\/\/julesverne.com.tr\/wp-content\/uploads\/2021\/02\/21cmuseums.jpg\",\"datePublished\":\"2020-12-14T21:00:00+00:00\",\"dateModified\":\"2021-06-15T05:59:07+00:00\",\"breadcrumb\":{\"@id\":\"https:\/\/julesverne.com.tr\/travel-blog\/dunyanin-en-havali-sanat-otelleri\/#breadcrumb\"},\"inLanguage\":\"en-US\",\"potentialAction\":[{\"@type\":\"ReadAction\",\"target\":[\"https:\/\/julesverne.com.tr\/travel-blog\/dunyanin-en-havali-sanat-otelleri\/\"]}]},{\"@type\":\"ImageObject\",\"inLanguage\":\"en-US\",\"@id\":\"https:\/\/julesverne.com.tr\/travel-blog\/dunyanin-en-havali-sanat-otelleri\/#primaryimage\",\"url\":\"https:\/\/julesverne.com.tr\/wp-content\/uploads\/2021\/02\/21cmuseums.jpg\",\"contentUrl\":\"https:\/\/julesverne.com.tr\/wp-content\/uploads\/2021\/02\/21cmuseums.jpg\",\"width\":1000,\"height\":666},{\"@type\":\"BreadcrumbList\",\"@id\":\"https:\/\/julesverne.com.tr\/travel-blog\/dunyanin-en-havali-sanat-otelleri\/#breadcrumb\",\"itemListElement\":[{\"@type\":\"ListItem\",\"position\":1,\"name\":\"Anasayfa\",\"item\":\"https:\/\/julesverne.com.tr\/\"},{\"@type\":\"ListItem\",\"position\":2,\"name\":\"D\u00fcnyan\u0131n En Haval\u0131 Sanat Otelleri\"}]},{\"@type\":\"WebSite\",\"@id\":\"https:\/\/julesverne.com.tr\/#website\",\"url\":\"https:\/\/julesverne.com.tr\/\",\"name\":\"JULES VERNE BUSINESS MICE TRAVEL\",\"description\":\"\",\"publisher\":{\"@id\":\"https:\/\/julesverne.com.tr\/#organization\"},\"potentialAction\":[{\"@type\":\"SearchAction\",\"target\":{\"@type\":\"EntryPoint\",\"urlTemplate\":\"https:\/\/julesverne.com.tr\/?s={search_term_string}\"},\"query-input\":\"required name=search_term_string\"}],\"inLanguage\":\"en-US\"},{\"@type\":\"Organization\",\"@id\":\"https:\/\/julesverne.com.tr\/#organization\",\"name\":\"JULES VERNE BUSINESS MICE TRAVEL\",\"url\":\"https:\/\/julesverne.com.tr\/\",\"logo\":{\"@type\":\"ImageObject\",\"inLanguage\":\"en-US\",\"@id\":\"https:\/\/julesverne.com.tr\/#\/schema\/logo\/image\/\",\"url\":\"https:\/\/julesverne.com.tr\/wp-content\/uploads\/2020\/09\/jv-bmt-logo.png\",\"contentUrl\":\"https:\/\/julesverne.com.tr\/wp-content\/uploads\/2020\/09\/jv-bmt-logo.png\",\"width\":110,\"height\":81,\"caption\":\"JULES VERNE BUSINESS MICE TRAVEL\"},\"image\":{\"@id\":\"https:\/\/julesverne.com.tr\/#\/schema\/logo\/image\/\"},\"sameAs\":[\"https:\/\/www.facebook.com\/JulesVerneBusinessMiceTravel\/\",\"https:\/\/twitter.com\/JV_BusinessMice\",\"https:\/\/www.instagram.com\/julesvernebusinessmicetravel\/\",\"https:\/\/www.linkedin.com\/company\/julesvernebusinessmicetravel\/\",\"https:\/\/www.youtube.com\/channel\/UCAwdsmbZ6tFhu1tea6pkpiw\"]},{\"@type\":\"Person\",\"@id\":\"https:\/\/julesverne.com.tr\/#\/schema\/person\/f4eb0514ae455538644c31b99a466fdb\",\"name\":\"fikirman\",\"sameAs\":[\"http:\/\/advermedya.net\/julesverne\"],\"url\":\"https:\/\/julesverne.com.tr\/en\/author\/fikirman\/\"}]}<\/script>\n<!-- \/ Yoast SEO plugin. -->","yoast_head_json":{"title":"D\u00fcnyan\u0131n En Haval\u0131 Sanat Otelleri - JULES VERNE BUSINESS MICE TRAVEL","robots":{"index":"index","follow":"follow","max-snippet":"max-snippet:-1","max-image-preview":"max-image-preview:large","max-video-preview":"max-video-preview:-1"},"canonical":"https:\/\/julesverne.com.tr\/travel-blog\/dunyanin-en-havali-sanat-otelleri\/","og_locale":"en_US","og_type":"article","og_title":"D\u00fcnyan\u0131n En Haval\u0131 Sanat Otelleri - JULES VERNE BUSINESS MICE TRAVEL","og_description":"&nbsp;Fransa'dan Kanada'ya, Avusturya'dan &Ccedil;in'e listemizde yer alan d&uuml;nyan\u0131n en haval\u0131 sanat otelleri...","og_url":"https:\/\/julesverne.com.tr\/travel-blog\/dunyanin-en-havali-sanat-otelleri\/","og_site_name":"JULES VERNE BUSINESS MICE TRAVEL","article_publisher":"https:\/\/www.facebook.com\/JulesVerneBusinessMiceTravel\/","article_published_time":"2020-12-14T21:00:00+00:00","article_modified_time":"2021-06-15T05:59:07+00:00","og_image":[{"width":1000,"height":666,"url":"https:\/\/julesverne.com.tr\/wp-content\/uploads\/2021\/02\/21cmuseums.jpg","type":"image\/jpeg"}],"author":"fikirman","twitter_card":"summary_large_image","twitter_creator":"@JV_BusinessMice","twitter_site":"@JV_BusinessMice","twitter_misc":{"Written by":"fikirman","Est. reading time":"7 minutes"},"schema":{"@context":"https:\/\/schema.org","@graph":[{"@type":"Article","@id":"https:\/\/julesverne.com.tr\/travel-blog\/dunyanin-en-havali-sanat-otelleri\/#article","isPartOf":{"@id":"https:\/\/julesverne.com.tr\/travel-blog\/dunyanin-en-havali-sanat-otelleri\/"},"author":{"name":"fikirman","@id":"https:\/\/julesverne.com.tr\/#\/schema\/person\/f4eb0514ae455538644c31b99a466fdb"},"headline":"D\u00fcnyan\u0131n En Haval\u0131 Sanat Otelleri","datePublished":"2020-12-14T21:00:00+00:00","dateModified":"2021-06-15T05:59:07+00:00","mainEntityOfPage":{"@id":"https:\/\/julesverne.com.tr\/travel-blog\/dunyanin-en-havali-sanat-otelleri\/"},"wordCount":1342,"publisher":{"@id":"https:\/\/julesverne.com.tr\/#organization"},"image":{"@id":"https:\/\/julesverne.com.tr\/travel-blog\/dunyanin-en-havali-sanat-otelleri\/#primaryimage"},"thumbnailUrl":"https:\/\/julesverne.com.tr\/wp-content\/uploads\/2021\/02\/21cmuseums.jpg","articleSection":["Blog","Nerede Kalsak?"],"inLanguage":"en-US"},{"@type":"WebPage","@id":"https:\/\/julesverne.com.tr\/travel-blog\/dunyanin-en-havali-sanat-otelleri\/","url":"https:\/\/julesverne.com.tr\/travel-blog\/dunyanin-en-havali-sanat-otelleri\/","name":"D\u00fcnyan\u0131n En Haval\u0131 Sanat Otelleri - JULES VERNE BUSINESS MICE TRAVEL","isPartOf":{"@id":"https:\/\/julesverne.com.tr\/#website"},"primaryImageOfPage":{"@id":"https:\/\/julesverne.com.tr\/travel-blog\/dunyanin-en-havali-sanat-otelleri\/#primaryimage"},"image":{"@id":"https:\/\/julesverne.com.tr\/travel-blog\/dunyanin-en-havali-sanat-otelleri\/#primaryimage"},"thumbnailUrl":"https:\/\/julesverne.com.tr\/wp-content\/uploads\/2021\/02\/21cmuseums.jpg","datePublished":"2020-12-14T21:00:00+00:00","dateModified":"2021-06-15T05:59:07+00:00","breadcrumb":{"@id":"https:\/\/julesverne.com.tr\/travel-blog\/dunyanin-en-havali-sanat-otelleri\/#breadcrumb"},"inLanguage":"en-US","potentialAction":[{"@type":"ReadAction","target":["https:\/\/julesverne.com.tr\/travel-blog\/dunyanin-en-havali-sanat-otelleri\/"]}]},{"@type":"ImageObject","inLanguage":"en-US","@id":"https:\/\/julesverne.com.tr\/travel-blog\/dunyanin-en-havali-sanat-otelleri\/#primaryimage","url":"https:\/\/julesverne.com.tr\/wp-content\/uploads\/2021\/02\/21cmuseums.jpg","contentUrl":"https:\/\/julesverne.com.tr\/wp-content\/uploads\/2021\/02\/21cmuseums.jpg","width":1000,"height":666},{"@type":"BreadcrumbList","@id":"https:\/\/julesverne.com.tr\/travel-blog\/dunyanin-en-havali-sanat-otelleri\/#breadcrumb","itemListElement":[{"@type":"ListItem","position":1,"name":"Anasayfa","item":"https:\/\/julesverne.com.tr\/"},{"@type":"ListItem","position":2,"name":"D\u00fcnyan\u0131n En Haval\u0131 Sanat Otelleri"}]},{"@type":"WebSite","@id":"https:\/\/julesverne.com.tr\/#website","url":"https:\/\/julesverne.com.tr\/","name":"JULES VERNE BUSINESS MICE TRAVEL","description":"","publisher":{"@id":"https:\/\/julesverne.com.tr\/#organization"},"potentialAction":[{"@type":"SearchAction","target":{"@type":"EntryPoint","urlTemplate":"https:\/\/julesverne.com.tr\/?s={search_term_string}"},"query-input":"required name=search_term_string"}],"inLanguage":"en-US"},{"@type":"Organization","@id":"https:\/\/julesverne.com.tr\/#organization","name":"JULES VERNE BUSINESS MICE TRAVEL","url":"https:\/\/julesverne.com.tr\/","logo":{"@type":"ImageObject","inLanguage":"en-US","@id":"https:\/\/julesverne.com.tr\/#\/schema\/logo\/image\/","url":"https:\/\/julesverne.com.tr\/wp-content\/uploads\/2020\/09\/jv-bmt-logo.png","contentUrl":"https:\/\/julesverne.com.tr\/wp-content\/uploads\/2020\/09\/jv-bmt-logo.png","width":110,"height":81,"caption":"JULES VERNE BUSINESS MICE TRAVEL"},"image":{"@id":"https:\/\/julesverne.com.tr\/#\/schema\/logo\/image\/"},"sameAs":["https:\/\/www.facebook.com\/JulesVerneBusinessMiceTravel\/","https:\/\/twitter.com\/JV_BusinessMice","https:\/\/www.instagram.com\/julesvernebusinessmicetravel\/","https:\/\/www.linkedin.com\/company\/julesvernebusinessmicetravel\/","https:\/\/www.youtube.com\/channel\/UCAwdsmbZ6tFhu1tea6pkpiw"]},{"@type":"Person","@id":"https:\/\/julesverne.com.tr\/#\/schema\/person\/f4eb0514ae455538644c31b99a466fdb","name":"fikirman","sameAs":["http:\/\/advermedya.net\/julesverne"],"url":"https:\/\/julesverne.com.tr\/en\/author\/fikirman\/"}]}},"_links":{"self":[{"href":"https:\/\/julesverne.com.tr\/en\/wp-json\/wp\/v2\/posts\/6850"}],"collection":[{"href":"https:\/\/julesverne.com.tr\/en\/wp-json\/wp\/v2\/posts"}],"about":[{"href":"https:\/\/julesverne.com.tr\/en\/wp-json\/wp\/v2\/types\/post"}],"author":[{"embeddable":true,"href":"https:\/\/julesverne.com.tr\/en\/wp-json\/wp\/v2\/users\/1"}],"replies":[{"embeddable":true,"href":"https:\/\/julesverne.com.tr\/en\/wp-json\/wp\/v2\/comments?post=6850"}],"version-history":[{"count":0,"href":"https:\/\/julesverne.com.tr\/en\/wp-json\/wp\/v2\/posts\/6850\/revisions"}],"wp:featuredmedia":[{"embeddable":true,"href":"https:\/\/julesverne.com.tr\/en\/wp-json\/wp\/v2\/media\/6851"}],"wp:attachment":[{"href":"https:\/\/julesverne.com.tr\/en\/wp-json\/wp\/v2\/media?parent=6850"}],"wp:term":[{"taxonomy":"category","embeddable":true,"href":"https:\/\/julesverne.com.tr\/en\/wp-json\/wp\/v2\/categories?post=6850"},{"taxonomy":"post_tag","embeddable":true,"href":"https:\/\/julesverne.com.tr\/en\/wp-json\/wp\/v2\/tags?post=6850"}],"curies":[{"name":"wp","href":"https:\/\/api.w.org\/{rel}","templated":true}]}}