{"id":6848,"date":"2020-12-09T00:00:00","date_gmt":"2020-12-08T21:00:00","guid":{"rendered":"https:\/\/www.julesverne.com.tr\/\/blog\/lezzet-tutkunlarina-ozel-hafta-sonu-onerileri\/"},"modified":"2021-06-15T09:01:03","modified_gmt":"2021-06-15T06:01:03","slug":"lezzet-tutkunlarina-ozel-hafta-sonu-onerileri","status":"publish","type":"post","link":"https:\/\/julesverne.com.tr\/en\/travel-blog\/lezzet-tutkunlarina-ozel-hafta-sonu-onerileri\/","title":{"rendered":"Lezzet Tutkunlar\u0131na \u00d6zel Hafta Sonu \u00d6nerileri"},"content":{"rendered":"<p style=\"text-align: center;\"><img loading=\"lazy\" decoding=\"async\" class=\"alignnone size-full wp-image-7018\" title=\"T\u00fcrk Hava Yollar\u0131 B\u00fcy\u00fck Bahar \u0130ndirimi \u0130le Yurt \u0130\u00e7i U\u00e7u\u015flarda %30 \u0130ndirim F\u0131rsat\u0131\" src=\"https:\/\/www.julesverne.com.tr\/\/wp-content\/uploads\/2021\/02\/unnamed-file-30.jpg\" alt=\"T\u00fcrk Hava Yollar\u0131 B\u00fcy\u00fck Bahar \u0130ndirimi \u0130le Yurt \u0130\u00e7i U\u00e7u\u015flarda %30 \u0130ndirim F\u0131rsat\u0131\" width=\"1600\" height=\"1000\" \/><\/p>\n<p style=\"text-align: justify;\">Uzun zamand\u0131r denemek isteyip vakit ay\u0131ramad\u0131\u011f\u0131n\u0131z veya do\u011fru zaman\u0131 bulamad\u0131\u011f\u0131n\u0131z o tarifleri denemenin \u015fimdi tam zaman\u0131! Evlerde ge\u00e7irilen vaktin artt\u0131\u011f\u0131 bu d\u00f6nemi yeni tarifler, tatlar deneyimleyip yeni beceriler elde ederek lezzetli bir \u015fekilde de\u011ferlendirmeye ne dersiniz? Birbirinden keyifli ve \u00f6\u011fretici i\u00e7eriklere yer verdi\u011fimiz konular\u0131m\u0131z ile gastronomi d\u00fcnyas\u0131nda en lezzetli lokman\u0131n pe\u015fine d\u00fc\u015fmek i\u00e7in sizi leziz bir ke\u015ffe \u00e7\u0131kar\u0131yoruz!<\/p>\n<p style=\"text-align: justify;\"><strong>Lezzetli Bir Kahvalt\u0131 Sofras\u0131 ile G\u00fcne G\u00fczel Bir Ba\u015flang\u0131\u00e7 Yap\u0131n<\/strong><\/p>\n<p style=\"text-align: center;\"><strong><img loading=\"lazy\" decoding=\"async\" class=\"alignnone size-full wp-image-7021\" title=\"T\u00fcrk Hava Yollar\u0131 B\u00fcy\u00fck Bahar \u0130ndirimi \u0130le Yurt \u0130\u00e7i U\u00e7u\u015flarda %30 \u0130ndirim F\u0131rsat\u0131\" src=\"https:\/\/www.julesverne.com.tr\/\/wp-content\/uploads\/2021\/02\/turk-hava-yollari-buyuk-bahar-indirimi-ile-yurt-ici-ucuslarda-0-indirim-firsati-172.jpg\" alt=\"T\u00fcrk Hava Yollar\u0131 B\u00fcy\u00fck Bahar \u0130ndirimi \u0130le Yurt \u0130\u00e7i U\u00e7u\u015flarda %30 \u0130ndirim F\u0131rsat\u0131\" width=\"720\" height=\"440\" srcset=\"https:\/\/julesverne.com.tr\/wp-content\/uploads\/2021\/02\/turk-hava-yollari-buyuk-bahar-indirimi-ile-yurt-ici-ucuslarda-0-indirim-firsati-172.jpg 720w, https:\/\/julesverne.com.tr\/wp-content\/uploads\/2021\/02\/turk-hava-yollari-buyuk-bahar-indirimi-ile-yurt-ici-ucuslarda-0-indirim-firsati-172-500x306.jpg 500w\" sizes=\"(max-width: 720px) 100vw, 720px\" \/><\/strong><\/p>\n<p style=\"text-align: justify;\">Kahvalt\u0131lar\u0131n klasikle\u015fen tatlar\u0131na bir tutam heyecan katmaya ne dersiniz? Refika\u2019n\u0131n Mutfa\u011f\u0131, Dilara Ko\u00e7ak, Aydan \u00dcstkanat, Arda\u2019n\u0131n Mutfa\u011f\u0131 gibi en iyi YouTube yemek kanallar\u0131n\u0131 ve kanallarda bulunan en iyi kahvalt\u0131 tariflerini ke\u015ffedin ve g\u00fcne lezzetli bir ba\u015flang\u0131\u00e7 yap\u0131n. <strong><a href=\"https:\/\/www.oggusto.com\/gastronomi\/kahvalti-tarifleri-bulabileceginiz-youtube-yemek-kanallari\" target=\"_blank\" rel=\"noopener\">Devam\u0131 i\u00e7in t\u0131klay\u0131n!<\/a><\/strong><\/p>\n<p style=\"text-align: justify;\"><strong>En Pop\u00fcler Kahve \u00c7e\u015fitleri ile G\u00fcne Zinde Ba\u015flay\u0131n<\/strong><\/p>\n<p style=\"text-align: center;\"><strong><img loading=\"lazy\" decoding=\"async\" class=\"alignnone size-full wp-image-7022\" title=\"T\u00fcrk Hava Yollar\u0131 B\u00fcy\u00fck Bahar \u0130ndirimi \u0130le Yurt \u0130\u00e7i U\u00e7u\u015flarda %30 \u0130ndirim F\u0131rsat\u0131\" src=\"https:\/\/www.julesverne.com.tr\/\/wp-content\/uploads\/2021\/02\/turk-hava-yollari-buyuk-bahar-indirimi-ile-yurt-ici-ucuslarda-0-indirim-firsati-173.jpg\" alt=\"T\u00fcrk Hava Yollar\u0131 B\u00fcy\u00fck Bahar \u0130ndirimi \u0130le Yurt \u0130\u00e7i U\u00e7u\u015flarda %30 \u0130ndirim F\u0131rsat\u0131\" width=\"730\" height=\"730\" srcset=\"https:\/\/julesverne.com.tr\/wp-content\/uploads\/2021\/02\/turk-hava-yollari-buyuk-bahar-indirimi-ile-yurt-ici-ucuslarda-0-indirim-firsati-173.jpg 730w, https:\/\/julesverne.com.tr\/wp-content\/uploads\/2021\/02\/turk-hava-yollari-buyuk-bahar-indirimi-ile-yurt-ici-ucuslarda-0-indirim-firsati-173-500x500.jpg 500w\" sizes=\"(max-width: 730px) 100vw, 730px\" \/><\/strong><\/p>\n<p style=\"text-align: justify;\">\u201cG\u00fcne kahveyle ba\u015flad\u0131m, a\u011fz\u0131m kuru zihnim a\u00e7\u0131k\u2026\u201d diye ba\u015flar eskilerden bir Mor ve \u00d6tesi \u015fark\u0131s\u0131. Kahvenin nas\u0131l oldu\u011fu hakk\u0131nda fazla detaya yer vermez; zira o tarihlerde kahve dendi\u011finde akla olsa olsa bir iki farkl\u0131 y\u00f6ntem ile haz\u0131rlanm\u0131\u015f kahveler gelir. Oysa \u015fimdi \u00f6yle mi? En pop\u00fcler kahve \u00e7e\u015fitlerini ve birbirinden farklar\u0131n\u0131 sizler i\u00e7in inceledik. <strong><a href=\"https:\/\/www.oggusto.com\/gastronomi\/en-populer-kahve-cesitleri\" target=\"_blank\" rel=\"noopener\">Devam\u0131 i\u00e7in t\u0131klay\u0131n!\u00a0<\/a><\/strong><\/p>\n<p style=\"text-align: justify;\"><strong>French Press \u0130le Kahve Yapman\u0131n P\u00fcf Noktalar\u0131n\u0131 Ke\u015ffedin\u00a0<\/strong><\/p>\n<p style=\"text-align: center;\"><strong><img loading=\"lazy\" decoding=\"async\" class=\"alignnone size-full wp-image-7024\" title=\"T\u00fcrk Hava Yollar\u0131 B\u00fcy\u00fck Bahar \u0130ndirimi \u0130le Yurt \u0130\u00e7i U\u00e7u\u015flarda %30 \u0130ndirim F\u0131rsat\u0131\" src=\"https:\/\/www.julesverne.com.tr\/\/wp-content\/uploads\/2021\/02\/turk-hava-yollari-buyuk-bahar-indirimi-ile-yurt-ici-ucuslarda-0-indirim-firsati-175.jpg\" alt=\"T\u00fcrk Hava Yollar\u0131 B\u00fcy\u00fck Bahar \u0130ndirimi \u0130le Yurt \u0130\u00e7i U\u00e7u\u015flarda %30 \u0130ndirim F\u0131rsat\u0131\" width=\"730\" height=\"487\" srcset=\"https:\/\/julesverne.com.tr\/wp-content\/uploads\/2021\/02\/turk-hava-yollari-buyuk-bahar-indirimi-ile-yurt-ici-ucuslarda-0-indirim-firsati-175.jpg 730w, https:\/\/julesverne.com.tr\/wp-content\/uploads\/2021\/02\/turk-hava-yollari-buyuk-bahar-indirimi-ile-yurt-ici-ucuslarda-0-indirim-firsati-175-500x334.jpg 500w\" sizes=\"(max-width: 730px) 100vw, 730px\" \/><\/strong><\/p>\n<p style=\"text-align: justify;\">T\u00fcm d\u00fcnyada en \u00e7ok t\u00fcketilen i\u00e7ecekler aras\u0131nda yer alan kahve, ilk olarak 9. y\u00fczy\u0131lda Etiyopyal\u0131 \u00e7obanlar taraf\u0131ndan ke\u015ffedildi ve \u00fcn\u00fcne \u00fcn katarak g\u00fcn\u00fcm\u00fcze kadar geldi. Ba\u015fl\u0131 ba\u015f\u0131na bir k\u00fclt\u00fcr olarak de\u011ferlendirilen kahve, kendi i\u00e7inde y\u00fczlerce farkl\u0131 se\u00e7enek sunuyor ve bunlar\u0131n aras\u0131nda g\u00fcn\u00fcm\u00fczde en \u00e7ok t\u00fcketilen t\u00fcr\u00fc ise filtre kahve. Filtre kahve haz\u0131rlaman\u0131n en pratik y\u00f6ntemlerinden biri ise French Press kullanmak. French Press kullanarak evinizde lezzetli kahve yapman\u0131n s\u0131rlar\u0131n\u0131 sizler i\u00e7in yazd\u0131k. Kahve yapman\u0131n pratik ipu\u00e7lar\u0131n\u0131 ve kahve se\u00e7iminizi kolayla\u015ft\u0131racak temel bilgileri ke\u015ffedin. <strong><a href=\"https:\/\/www.oggusto.com\/gastronomi\/french-press-ile-kahve-yapmanin-puf-noktalari\" target=\"_blank\" rel=\"noopener\">Devam\u0131\u00a0burada!\u00a0<\/a><\/strong><\/p>\n<p style=\"text-align: justify;\"><strong>Birbirinden G\u00fczel ve Lezzetli Sofralar Haz\u0131rlay\u0131n<\/strong><\/p>\n<p style=\"text-align: center;\"><strong><img loading=\"lazy\" decoding=\"async\" class=\"alignnone size-full wp-image-7025\" title=\"T\u00fcrk Hava Yollar\u0131 B\u00fcy\u00fck Bahar \u0130ndirimi \u0130le Yurt \u0130\u00e7i U\u00e7u\u015flarda %30 \u0130ndirim F\u0131rsat\u0131\" src=\"https:\/\/www.julesverne.com.tr\/\/wp-content\/uploads\/2021\/02\/turk-hava-yollari-buyuk-bahar-indirimi-ile-yurt-ici-ucuslarda-0-indirim-firsati-176.jpg\" alt=\"T\u00fcrk Hava Yollar\u0131 B\u00fcy\u00fck Bahar \u0130ndirimi \u0130le Yurt \u0130\u00e7i U\u00e7u\u015flarda %30 \u0130ndirim F\u0131rsat\u0131\" width=\"720\" height=\"440\" srcset=\"https:\/\/julesverne.com.tr\/wp-content\/uploads\/2021\/02\/turk-hava-yollari-buyuk-bahar-indirimi-ile-yurt-ici-ucuslarda-0-indirim-firsati-176.jpg 720w, https:\/\/julesverne.com.tr\/wp-content\/uploads\/2021\/02\/turk-hava-yollari-buyuk-bahar-indirimi-ile-yurt-ici-ucuslarda-0-indirim-firsati-176-500x306.jpg 500w\" sizes=\"(max-width: 720px) 100vw, 720px\" \/><\/strong><\/p>\n<p style=\"text-align: justify;\">Son zamanlarda s\u00fcrekli ayn\u0131 yemekleri pi\u015firdi\u011finizi fark edip yeni tarifler aray\u0131\u015f\u0131na girdi\u011finiz oldu mu? E\u011fer cevab\u0131n\u0131z \u201cEvet\u201d ise ho\u015f sohbetleri ile yemek yaparken size e\u015flik edecek ve yeni, pratik tarifler \u00f6\u011frenmenizi sa\u011flayacak, en iyi YouTube yemek kanallar\u0131n\u0131 ke\u015ffedin Arda T\u00fcrkmen, Refikan&#8217;n\u0131n Mutfa\u011f\u0131, \u0130dil Yazar, Jale Balc\u0131 gibi \u015feflerinde i\u00e7erisinde bulundu\u011fu en iyi YouTube kanallar\u0131na <a href=\"https:\/\/www.oggusto.com\/gastronomi\/pratik-tarifler-bulabileceginiz-en-iyi-youtube-yemek-kanallari\" target=\"_blank\" rel=\"noopener\"><strong>g\u00f6z at\u0131n!<\/strong><\/a><\/p>\n<p style=\"text-align: justify;\"><strong>Sofran\u0131za E\u015flik Edecek M\u00fczikler Dinleyin<\/strong><\/p>\n<p style=\"text-align: center;\"><strong><img loading=\"lazy\" decoding=\"async\" class=\"alignnone size-full wp-image-7027\" title=\"T\u00fcrk Hava Yollar\u0131 B\u00fcy\u00fck Bahar \u0130ndirimi \u0130le Yurt \u0130\u00e7i U\u00e7u\u015flarda %30 \u0130ndirim F\u0131rsat\u0131\" src=\"https:\/\/www.julesverne.com.tr\/\/wp-content\/uploads\/2021\/02\/turk-hava-yollari-buyuk-bahar-indirimi-ile-yurt-ici-ucuslarda-0-indirim-firsati-178.jpg\" alt=\"T\u00fcrk Hava Yollar\u0131 B\u00fcy\u00fck Bahar \u0130ndirimi \u0130le Yurt \u0130\u00e7i U\u00e7u\u015flarda %30 \u0130ndirim F\u0131rsat\u0131\" width=\"730\" height=\"487\" srcset=\"https:\/\/julesverne.com.tr\/wp-content\/uploads\/2021\/02\/turk-hava-yollari-buyuk-bahar-indirimi-ile-yurt-ici-ucuslarda-0-indirim-firsati-178.jpg 730w, https:\/\/julesverne.com.tr\/wp-content\/uploads\/2021\/02\/turk-hava-yollari-buyuk-bahar-indirimi-ile-yurt-ici-ucuslarda-0-indirim-firsati-178-500x334.jpg 500w\" sizes=\"(max-width: 730px) 100vw, 730px\" \/><\/strong><\/p>\n<p style=\"text-align: justify;\">G\u00fcn\u00fcm\u00fcze keyif katan \u015fark\u0131lar \u00e7o\u011fumuz i\u00e7in vazge\u00e7ilmez bir yere sahip. \u00dcst\u00fcm\u00fczdeki stresi azaltmas\u0131yla kalmay\u0131p mutlulu\u011fumuzu art\u0131ran ve g\u00fcn i\u00e7inde arka fonda da olsa kulak verdi\u011fimiz m\u00fczikler bir zamandan sonra ruhumuzla bir oluyor. Birbirinden lezzetli sofralar\u0131n\u0131za e\u015flik etmesi i\u00e7in haz\u0131rlad\u0131\u011f\u0131m\u0131z m\u00fczik listesi i\u00e7in <a href=\"https:\/\/open.spotify.com\/playlist\/0pSakqNXSsUkob6LV8KZ7G\" target=\"_blank\" rel=\"noopener\">t\u0131klay\u0131n!<\/a><\/p>\n<p style=\"text-align: justify;\"><strong>Kendinizi \u015eekersiz Tatl\u0131larla \u015e\u0131mart\u0131n<\/strong><\/p>\n<p style=\"text-align: center;\"><strong><img loading=\"lazy\" decoding=\"async\" class=\"alignnone size-full wp-image-7029\" title=\"T\u00fcrk Hava Yollar\u0131 B\u00fcy\u00fck Bahar \u0130ndirimi \u0130le Yurt \u0130\u00e7i U\u00e7u\u015flarda %30 \u0130ndirim F\u0131rsat\u0131\" src=\"https:\/\/www.julesverne.com.tr\/\/wp-content\/uploads\/2021\/02\/turk-hava-yollari-buyuk-bahar-indirimi-ile-yurt-ici-ucuslarda-0-indirim-firsati-180.jpg\" alt=\"T\u00fcrk Hava Yollar\u0131 B\u00fcy\u00fck Bahar \u0130ndirimi \u0130le Yurt \u0130\u00e7i U\u00e7u\u015flarda %30 \u0130ndirim F\u0131rsat\u0131\" width=\"999\" height=\"666\" srcset=\"https:\/\/julesverne.com.tr\/wp-content\/uploads\/2021\/02\/turk-hava-yollari-buyuk-bahar-indirimi-ile-yurt-ici-ucuslarda-0-indirim-firsati-180.jpg 999w, https:\/\/julesverne.com.tr\/wp-content\/uploads\/2021\/02\/turk-hava-yollari-buyuk-bahar-indirimi-ile-yurt-ici-ucuslarda-0-indirim-firsati-180-500x333.jpg 500w, https:\/\/julesverne.com.tr\/wp-content\/uploads\/2021\/02\/turk-hava-yollari-buyuk-bahar-indirimi-ile-yurt-ici-ucuslarda-0-indirim-firsati-180-768x512.jpg 768w\" sizes=\"(max-width: 999px) 100vw, 999px\" \/><\/strong><\/p>\n<p style=\"text-align: justify;\">Rafine \u015fekerin ne kadar zararl\u0131 oldu\u011funu hepimiz biliyoruz de\u011fil mi? \u015eekeri tamamen hayat\u0131m\u0131zdan \u00e7\u0131karmak veya minimal d\u00fczeylerde t\u00fcketmek hem bir s\u00fcr\u00fc hastal\u0131ktan korunmam\u0131z\u0131 sa\u011fl\u0131yor, hem de ge\u00e7 ya\u015flanmam\u0131za yar\u0131yor. Peki bu durumda tatl\u0131dan vazge\u00e7mek mi gerekiyor? Tabii ki de hay\u0131r! Rafine \u015feker olmaks\u0131z\u0131n \u00e7ok lezzetli ve sa\u011fl\u0131kl\u0131 tatl\u0131lar yapmak da m\u00fcmk\u00fcn. Sizin i\u00e7in \u00f6zel isimlerden ald\u0131\u011f\u0131m\u0131z \u015fekersiz tatl\u0131 tariflerini<a href=\"https:\/\/www.oggusto.com\/gastronomi\/sekersiz-tatli-tarifleri\" target=\"_blank\" rel=\"noopener\"><strong> inceleyin!<\/strong><\/a><\/p>\n<p style=\"text-align: justify;\"><strong>Bal\u0131k Mevsimini Pratik Tarifler \u0130le Ta\u00e7land\u0131r\u0131n<\/strong><\/p>\n<p style=\"text-align: center;\"><strong><img loading=\"lazy\" decoding=\"async\" class=\"alignnone size-full wp-image-7030\" title=\"T\u00fcrk Hava Yollar\u0131 B\u00fcy\u00fck Bahar \u0130ndirimi \u0130le Yurt \u0130\u00e7i U\u00e7u\u015flarda %30 \u0130ndirim F\u0131rsat\u0131\" src=\"https:\/\/www.julesverne.com.tr\/\/wp-content\/uploads\/2021\/02\/turk-hava-yollari-buyuk-bahar-indirimi-ile-yurt-ici-ucuslarda-0-indirim-firsati-181.jpg\" alt=\"T\u00fcrk Hava Yollar\u0131 B\u00fcy\u00fck Bahar \u0130ndirimi \u0130le Yurt \u0130\u00e7i U\u00e7u\u015flarda %30 \u0130ndirim F\u0131rsat\u0131\" width=\"999\" height=\"666\" srcset=\"https:\/\/julesverne.com.tr\/wp-content\/uploads\/2021\/02\/turk-hava-yollari-buyuk-bahar-indirimi-ile-yurt-ici-ucuslarda-0-indirim-firsati-181.jpg 999w, https:\/\/julesverne.com.tr\/wp-content\/uploads\/2021\/02\/turk-hava-yollari-buyuk-bahar-indirimi-ile-yurt-ici-ucuslarda-0-indirim-firsati-181-500x333.jpg 500w, https:\/\/julesverne.com.tr\/wp-content\/uploads\/2021\/02\/turk-hava-yollari-buyuk-bahar-indirimi-ile-yurt-ici-ucuslarda-0-indirim-firsati-181-768x512.jpg 768w\" sizes=\"(max-width: 999px) 100vw, 999px\" \/><\/strong><\/p>\n<p style=\"text-align: justify;\">Sonbahar ve k\u0131\u015f sofralar\u0131n\u0131n en g\u00fczel tabaklar\u0131 nihayet bol bol t\u00fcketebilece\u011fimiz birbirinden lezzetli mevsim bal\u0131klar\u0131. Bal\u0131k nas\u0131l se\u00e7ilir, \u015fimdilerde hangi bal\u0131klar yenir, mutfakta uygulayabilece\u011fimiz farkl\u0131 bal\u0131k tarifi fikirleri neler olur?\u015eeflerden hem pratik bal\u0131k tarifleri hem de faydal\u0131 ipu\u00e7lar\u0131 toplad\u0131k. Ya\u015fas\u0131n bal\u0131k mevsimi diyerek mevsimin bal\u0131klar\u0131n\u0131 detaylar\u0131yla anlatt\u0131\u011f\u0131m\u0131z dosyam\u0131z\u0131 da mutlaka <a href=\"https:\/\/www.oggusto.com\/gastronomi\/pratik-balik-tarifleri\" target=\"_blank\" rel=\"noopener\"><strong>okuyun!<\/strong><\/a><\/p>\n<p style=\"text-align: justify;\"><strong>Gastronomi Tarihini, Mutfak S\u0131rlar\u0131n\u0131 ve G\u0131da Sekt\u00f6r\u00fcn\u00fcn \u0130\u00e7 Y\u00fcz\u00fcn\u00fc Yemek Belgesellerinden \u00d6\u011frenin<\/strong><\/p>\n<p><iframe loading=\"lazy\" src=\"https:\/\/www.youtube.com\/embed\/eI_LjETc_Ak\" width=\"640\" height=\"352\" frameborder=\"0\" allowfullscreen=\"allowfullscreen\"><\/iframe><\/p>\n<p style=\"text-align: justify;\">Dizi ve filmlere m\u00fckemmel bir alternatif olan belgeseller, hem keyifli dakikalar ya\u015fat\u0131yor hem de ufkunuzu a\u00e7\u0131yor. Her zevke uygun belgesel t\u00fcrlerinin bulundu\u011fu listemizde \u00f6ne \u00e7\u0131kan kategorilerden biri de yemek belgeselleri. G\u0131da sekt\u00f6r\u00fcn\u00fcn i\u00e7 y\u00fcz\u00fcne \u0131\u015f\u0131k tutan belgesellerden \u015fekerli, tuzlu ve asitli i\u00e7ecekler gibi t\u00fcketti\u011fimiz g\u0131dalar\u0131n v\u00fccudumuza etkilerine kadar pek \u00e7ok konuyu ele alan yemek belgesellerini <a href=\"https:\/\/www.oggusto.com\/lifestyle\/film-ve-dizi-onerileri\/mutlaka-izlemeniz-gereken-en-iyi-netflix-belgeselleri\" target=\"_blank\" rel=\"noopener\"><strong>ke\u015ffedin!<\/strong><\/a><\/p>\n<p style=\"text-align: justify;\"><strong>Say\u0131s\u0131z Yarar\u0131 Olan Bal\u0131 Mutfa\u011f\u0131n\u0131zdan Eksik Etmeyin<\/strong><\/p>\n<p style=\"text-align: center;\"><strong><img loading=\"lazy\" decoding=\"async\" class=\"alignnone size-full wp-image-7031\" title=\"T\u00fcrk Hava Yollar\u0131 B\u00fcy\u00fck Bahar \u0130ndirimi \u0130le Yurt \u0130\u00e7i U\u00e7u\u015flarda %30 \u0130ndirim F\u0131rsat\u0131\" src=\"https:\/\/www.julesverne.com.tr\/\/wp-content\/uploads\/2021\/02\/turk-hava-yollari-buyuk-bahar-indirimi-ile-yurt-ici-ucuslarda-0-indirim-firsati-182.jpg\" alt=\"T\u00fcrk Hava Yollar\u0131 B\u00fcy\u00fck Bahar \u0130ndirimi \u0130le Yurt \u0130\u00e7i U\u00e7u\u015flarda %30 \u0130ndirim F\u0131rsat\u0131\" width=\"730\" height=\"487\" srcset=\"https:\/\/julesverne.com.tr\/wp-content\/uploads\/2021\/02\/turk-hava-yollari-buyuk-bahar-indirimi-ile-yurt-ici-ucuslarda-0-indirim-firsati-182.jpg 730w, https:\/\/julesverne.com.tr\/wp-content\/uploads\/2021\/02\/turk-hava-yollari-buyuk-bahar-indirimi-ile-yurt-ici-ucuslarda-0-indirim-firsati-182-500x334.jpg 500w\" sizes=\"(max-width: 730px) 100vw, 730px\" \/><\/strong><\/p>\n<p style=\"text-align: justify;\">Say\u0131s\u0131z yarar\u0131 olan bal\u0131n faydalar\u0131na, yap\u0131m a\u015famalar\u0131na ve \u00e7e\u015fitlerine dair her \u015feyi \u00f6\u011frenin! Bal\u0131n hipnotize eden ak\u0131\u015f\u0131na, saymakla bitmeyen \u015fifas\u0131na ve lezzetine hayran olmamak imkans\u0131z. Sofran\u0131za koydu\u011funuz bu mucizeyi do\u011fru tan\u0131mak ve maksimumda faydalanmak i\u00e7in bilmeniz gereken t\u00fcm ipucu ve \u00f6neriler <a href=\"https:\/\/www.oggusto.com\/gastronomi\/gastronomi\/bal-hakkinda-bilmeniz-gereken-her-sey\" target=\"_blank\" rel=\"noopener\"><strong>bu yaz\u0131da!<\/strong><\/a><\/p>\n<p style=\"text-align: justify;\"><strong>Avokadoyu Vazge\u00e7ilmez K\u0131lan Faydalar\u0131ndan Yararlan\u0131n<\/strong><\/p>\n<p style=\"text-align: center;\"><strong><img loading=\"lazy\" decoding=\"async\" class=\"alignnone size-full wp-image-7032\" title=\"T\u00fcrk Hava Yollar\u0131 B\u00fcy\u00fck Bahar \u0130ndirimi \u0130le Yurt \u0130\u00e7i U\u00e7u\u015flarda %30 \u0130ndirim F\u0131rsat\u0131\" src=\"https:\/\/www.julesverne.com.tr\/\/wp-content\/uploads\/2021\/02\/turk-hava-yollari-buyuk-bahar-indirimi-ile-yurt-ici-ucuslarda-0-indirim-firsati-183.jpg\" alt=\"T\u00fcrk Hava Yollar\u0131 B\u00fcy\u00fck Bahar \u0130ndirimi \u0130le Yurt \u0130\u00e7i U\u00e7u\u015flarda %30 \u0130ndirim F\u0131rsat\u0131\" width=\"730\" height=\"486\" srcset=\"https:\/\/julesverne.com.tr\/wp-content\/uploads\/2021\/02\/turk-hava-yollari-buyuk-bahar-indirimi-ile-yurt-ici-ucuslarda-0-indirim-firsati-183.jpg 730w, https:\/\/julesverne.com.tr\/wp-content\/uploads\/2021\/02\/turk-hava-yollari-buyuk-bahar-indirimi-ile-yurt-ici-ucuslarda-0-indirim-firsati-183-500x333.jpg 500w\" sizes=\"(max-width: 730px) 100vw, 730px\" \/><\/strong><\/p>\n<p style=\"text-align: justify;\">Avokadoyla ge\u00e7 tan\u0131\u015ft\u0131k ama \u00e7ok k\u0131sa bir zamanda g\u00fcn\u00fcm\u00fcz modern mutfa\u011f\u0131n\u0131n, sa\u011fl\u0131kl\u0131 ve pratik tariflerin aran\u0131lan malzemesi haline gelmeyi ba\u015fard\u0131. Son y\u0131llar\u0131n en \u00e7ok t\u00fcketilen, en \u00e7ok konu\u015fulan ve foto\u011fraf\u0131 sosyal medyada en s\u0131k payla\u015f\u0131lan lezzeti kesinlikle o. Meksika k\u00f6kenli avokado, Akdeniz ikliminde kolayca yeti\u015fti\u011fi i\u00e7in \u00f6zellikle Antalya ve \u00e7evresinde bolca, biraz da Do\u011fu Karadeniz k\u0131y\u0131lar\u0131nda nefis lezzette organik avokadolar yeti\u015ftirilmeye ba\u015fland\u0131. Peki avokadoyu s\u00fcper k\u0131lan \u00f6zellikleri neler dersiniz? <a href=\"https:\/\/www.oggusto.com\/gastronomi\/avokado-hakkinda-bilmeniz-gereken-her-sey\" target=\"_blank\" rel=\"noopener\"><strong>Devam\u0131 burada!<\/strong><\/a><\/p>\n<p style=\"text-align: justify;\"><strong>K\u0131\u015f Haz\u0131rl\u0131klar\u0131na Tur\u015fu \u0130le Ba\u015flay\u0131n<\/strong><\/p>\n<p style=\"text-align: center;\"><strong><img loading=\"lazy\" decoding=\"async\" class=\"alignnone size-full wp-image-7033\" title=\"T\u00fcrk Hava Yollar\u0131 B\u00fcy\u00fck Bahar \u0130ndirimi \u0130le Yurt \u0130\u00e7i U\u00e7u\u015flarda %30 \u0130ndirim F\u0131rsat\u0131\" src=\"https:\/\/www.julesverne.com.tr\/\/wp-content\/uploads\/2021\/02\/turk-hava-yollari-buyuk-bahar-indirimi-ile-yurt-ici-ucuslarda-0-indirim-firsati-184.jpg\" alt=\"T\u00fcrk Hava Yollar\u0131 B\u00fcy\u00fck Bahar \u0130ndirimi \u0130le Yurt \u0130\u00e7i U\u00e7u\u015flarda %30 \u0130ndirim F\u0131rsat\u0131\" width=\"730\" height=\"485\" srcset=\"https:\/\/julesverne.com.tr\/wp-content\/uploads\/2021\/02\/turk-hava-yollari-buyuk-bahar-indirimi-ile-yurt-ici-ucuslarda-0-indirim-firsati-184.jpg 730w, https:\/\/julesverne.com.tr\/wp-content\/uploads\/2021\/02\/turk-hava-yollari-buyuk-bahar-indirimi-ile-yurt-ici-ucuslarda-0-indirim-firsati-184-500x332.jpg 500w\" sizes=\"(max-width: 730px) 100vw, 730px\" \/><\/strong><\/p>\n<p style=\"text-align: justify;\">K\u0131\u015f haz\u0131rl\u0131klar\u0131na ba\u015flaman\u0131n tam zaman\u0131. Anne sofralar\u0131ndan \u00fcnl\u00fc \u015feflerin men\u00fclerine transfer olan tur\u015fu, bir s\u00fcredir itibar\u0131n\u0131 geri kazanarak mutfaklar\u0131n g\u00f6zdesi h\u00e2line geldi. Peki, tur\u015funun hikayesini, merak edilen me\u015fhur tur\u015fu kurma ve tur\u015fu yap\u0131m\u0131n\u0131 \u00f6\u011frenmek\u00a0<strong><a href=\"https:\/\/www.oggusto.com\/gastronomi\/tursu-hakkinda-bilmeniz-gereken-her-sey\" target=\"_blank\" rel=\"noopener\">ister misiniz?<\/a><\/strong><\/p>\n<p style=\"text-align: justify;\"><strong>\u0130zmir&#8217;in Vazge\u00e7ilmez Lezzeti Boyoz Hakk\u0131nda Bilmeniz Gerekenleri \u00d6\u011frenin<\/strong><\/p>\n<p style=\"text-align: center;\"><strong><img loading=\"lazy\" decoding=\"async\" class=\"alignnone size-full wp-image-7035\" title=\"T\u00fcrk Hava Yollar\u0131 B\u00fcy\u00fck Bahar \u0130ndirimi \u0130le Yurt \u0130\u00e7i U\u00e7u\u015flarda %30 \u0130ndirim F\u0131rsat\u0131\" src=\"https:\/\/www.julesverne.com.tr\/\/wp-content\/uploads\/2021\/02\/turk-hava-yollari-buyuk-bahar-indirimi-ile-yurt-ici-ucuslarda-0-indirim-firsati-186.jpg\" alt=\"T\u00fcrk Hava Yollar\u0131 B\u00fcy\u00fck Bahar \u0130ndirimi \u0130le Yurt \u0130\u00e7i U\u00e7u\u015flarda %30 \u0130ndirim F\u0131rsat\u0131\" width=\"999\" height=\"666\" srcset=\"https:\/\/julesverne.com.tr\/wp-content\/uploads\/2021\/02\/turk-hava-yollari-buyuk-bahar-indirimi-ile-yurt-ici-ucuslarda-0-indirim-firsati-186.jpg 999w, https:\/\/julesverne.com.tr\/wp-content\/uploads\/2021\/02\/turk-hava-yollari-buyuk-bahar-indirimi-ile-yurt-ici-ucuslarda-0-indirim-firsati-186-500x333.jpg 500w, https:\/\/julesverne.com.tr\/wp-content\/uploads\/2021\/02\/turk-hava-yollari-buyuk-bahar-indirimi-ile-yurt-ici-ucuslarda-0-indirim-firsati-186-768x512.jpg 768w\" sizes=\"(max-width: 999px) 100vw, 999px\" \/><\/strong><\/p>\n<p style=\"text-align: justify;\">Hikayesi ve lezzeti olduk\u00e7a eski tarihlere dayanan ve ger\u00e7ek bir k\u00fclt\u00fcr miras\u0131 olan Boyoz, 1492 y\u0131l\u0131nda \u0130spanya\u2019dan gelip T\u00fcrkiye\u2019ye yerle\u015fen Sefaradlar taraf\u0131ndan \u0130zmir mutfa\u011f\u0131na kat\u0131ld\u0131 ve bu b\u00f6lgenin vazge\u00e7ilmez lezzetlerinden biri oldu. \u015eehrin simgelerinden biri haline gelen boyoz, y\u0131llar i\u00e7inde ev mutfaklar\u0131ndan \u00e7\u0131k\u0131p 20. y\u00fczy\u0131l\u0131n ikinci yar\u0131s\u0131nda f\u0131r\u0131n tezgahlar\u0131nda yerini alan bolyoz hakk\u0131nda bilmeniz gereken her \u015feyi <strong><a href=\"https:\/\/www.oggusto.com\/gastronomi\/boyoz-hakkinda-bilmeniz-gereken-her-sey\" target=\"_blank\" rel=\"noopener\">\u00f6\u011frenin.<\/a><\/strong><\/p>\n<p style=\"text-align: justify;\"><strong>Mutfaklar\u0131n\u0131zda Yerel Lezzetlere Yer A\u00e7\u0131n<\/strong><\/p>\n<p style=\"text-align: center;\"><strong><img loading=\"lazy\" decoding=\"async\" class=\"alignnone size-full wp-image-7037\" title=\"T\u00fcrk Hava Yollar\u0131 B\u00fcy\u00fck Bahar \u0130ndirimi \u0130le Yurt \u0130\u00e7i U\u00e7u\u015flarda %30 \u0130ndirim F\u0131rsat\u0131\" src=\"https:\/\/www.julesverne.com.tr\/\/wp-content\/uploads\/2021\/02\/turk-hava-yollari-buyuk-bahar-indirimi-ile-yurt-ici-ucuslarda-0-indirim-firsati-188.jpg\" alt=\"T\u00fcrk Hava Yollar\u0131 B\u00fcy\u00fck Bahar \u0130ndirimi \u0130le Yurt \u0130\u00e7i U\u00e7u\u015flarda %30 \u0130ndirim F\u0131rsat\u0131\" width=\"730\" height=\"487\" srcset=\"https:\/\/julesverne.com.tr\/wp-content\/uploads\/2021\/02\/turk-hava-yollari-buyuk-bahar-indirimi-ile-yurt-ici-ucuslarda-0-indirim-firsati-188.jpg 730w, https:\/\/julesverne.com.tr\/wp-content\/uploads\/2021\/02\/turk-hava-yollari-buyuk-bahar-indirimi-ile-yurt-ici-ucuslarda-0-indirim-firsati-188-500x334.jpg 500w\" sizes=\"(max-width: 730px) 100vw, 730px\" \/><\/strong><\/p>\n<p style=\"text-align: justify;\">Tat haf\u0131zam\u0131zda yer eden, bizi etkileyen pek \u00e7ok malzemenin ortak noktas\u0131, yeti\u015ftikleri topraktan, iklimden ya da onu yeti\u015ftiren, i\u015fleyen \u00fcreticiden ald\u0131klar\u0131 \u00f6zg\u00fcn miraslara dayan\u0131yor. Bug\u00fcn kaliteli g\u0131dan\u0131n, l\u00fcks\u00fcn hem restoranlarda hem de mutfaklardaki tan\u0131m\u0131; mevsiminde, do\u011fal ve nitelikli \u00fcr\u00fcne ula\u015fabilmek, hik\u00e2yesi olan \u00fcr\u00fcnlerin, eme\u011fin pe\u015fine d\u00fc\u015fmekle b\u00fct\u00fcnle\u015fiyor. \u0130\u015fte co\u011frafi i\u015faretli \u00fcr\u00fcn kavram\u0131 tam da bu noktada belirli lezzet kriterlerinin ve geleneksel de\u011ferlerin ya\u015fat\u0131lmas\u0131, korunmas\u0131 ad\u0131na \u00f6nemli bir rol\u00fc \u00fcstleniyor. Peki co\u011frafi i\u015faret tam olarak ne anlama geliyor? Bir \u00fcr\u00fcn\u00fcn co\u011frafi i\u015faretli olmas\u0131n\u0131 sa\u011flayan kriterler neler? <a href=\"https:\/\/www.oggusto.com\/gastronomi\/cografi-isaretli-urunlerle-ilgili-merak-ettiginiz-her-sey\" target=\"_blank\" rel=\"noopener\"><strong>Buradan \u00f6\u011frenebilirsiniz!<\/strong><\/a><\/p>\n<p style=\"text-align: justify;\"><strong>&#8220;Bu konu OGGUSTO taraf\u0131ndan haz\u0131rlanm\u0131\u015ft\u0131r.&#8221;\u00a0 #OGGUSTOGETHER<br \/>\n<\/strong><strong><a href=\"https:\/\/www.oggusto.com\/gastronomi\/mutfak-ve-gastronomi-ile-ilgili-bilinmesi-gerekenler\" target=\"_blank\" rel=\"noopener\">\u0130\u00e7eri\u011fin orijinal haline ve di\u011fer keyifli konulara buradan ula\u015fabilirsiniz!<\/a><\/strong><\/p>\n","protected":false},"excerpt":{"rendered":"<p>Evlerde ge&ccedil;irilen vaktin artt\u0131\u011f\u0131 bu d&ouml;nemi yeni tarifler, tatlar deneyimleyip yeni beceriler elde ederek lezzetli bir \u015fekilde de\u011ferlendirmeye ne dersiniz?<\/p>\n","protected":false},"author":1,"featured_media":6849,"comment_status":"closed","ping_status":"closed","sticky":false,"template":"","format":"standard","meta":{"inline_featured_image":false,"footnotes":""},"categories":[1],"tags":[],"acf":[],"yoast_head":"<!-- This site is optimized with the Yoast SEO plugin v22.3 - https:\/\/yoast.com\/wordpress\/plugins\/seo\/ -->\n<title>Lezzet Tutkunlar\u0131na \u00d6zel Hafta Sonu \u00d6nerileri - JULES VERNE BUSINESS MICE TRAVEL<\/title>\n<meta name=\"robots\" content=\"index, follow, max-snippet:-1, max-image-preview:large, max-video-preview:-1\" \/>\n<link rel=\"canonical\" href=\"https:\/\/julesverne.com.tr\/travel-blog\/lezzet-tutkunlarina-ozel-hafta-sonu-onerileri\/\" \/>\n<meta property=\"og:locale\" content=\"en_US\" \/>\n<meta property=\"og:type\" content=\"article\" \/>\n<meta property=\"og:title\" content=\"Lezzet Tutkunlar\u0131na \u00d6zel Hafta Sonu \u00d6nerileri - JULES VERNE BUSINESS MICE TRAVEL\" \/>\n<meta property=\"og:description\" content=\"Evlerde ge&ccedil;irilen vaktin artt\u0131\u011f\u0131 bu d&ouml;nemi yeni tarifler, tatlar deneyimleyip yeni beceriler elde ederek lezzetli bir \u015fekilde de\u011ferlendirmeye ne dersiniz?\" \/>\n<meta property=\"og:url\" content=\"https:\/\/julesverne.com.tr\/travel-blog\/lezzet-tutkunlarina-ozel-hafta-sonu-onerileri\/\" \/>\n<meta property=\"og:site_name\" content=\"JULES VERNE BUSINESS MICE TRAVEL\" \/>\n<meta property=\"article:publisher\" content=\"https:\/\/www.facebook.com\/JulesVerneBusinessMiceTravel\/\" \/>\n<meta property=\"article:published_time\" content=\"2020-12-08T21:00:00+00:00\" \/>\n<meta property=\"article:modified_time\" content=\"2021-06-15T06:01:03+00:00\" \/>\n<meta property=\"og:image\" content=\"https:\/\/julesverne.com.tr\/wp-content\/uploads\/2021\/02\/haftasonukahvalti-scaled.jpg\" \/>\n\t<meta property=\"og:image:width\" content=\"1600\" \/>\n\t<meta property=\"og:image:height\" content=\"1000\" \/>\n\t<meta property=\"og:image:type\" content=\"image\/jpeg\" \/>\n<meta name=\"author\" content=\"fikirman\" \/>\n<meta name=\"twitter:card\" content=\"summary_large_image\" \/>\n<meta name=\"twitter:creator\" content=\"@JV_BusinessMice\" \/>\n<meta name=\"twitter:site\" content=\"@JV_BusinessMice\" \/>\n<meta name=\"twitter:label1\" content=\"Written by\" \/>\n\t<meta name=\"twitter:data1\" content=\"fikirman\" \/>\n\t<meta name=\"twitter:label2\" content=\"Est. reading time\" \/>\n\t<meta name=\"twitter:data2\" content=\"7 minutes\" \/>\n<script type=\"application\/ld+json\" class=\"yoast-schema-graph\">{\"@context\":\"https:\/\/schema.org\",\"@graph\":[{\"@type\":\"Article\",\"@id\":\"https:\/\/julesverne.com.tr\/travel-blog\/lezzet-tutkunlarina-ozel-hafta-sonu-onerileri\/#article\",\"isPartOf\":{\"@id\":\"https:\/\/julesverne.com.tr\/travel-blog\/lezzet-tutkunlarina-ozel-hafta-sonu-onerileri\/\"},\"author\":{\"name\":\"fikirman\",\"@id\":\"https:\/\/julesverne.com.tr\/#\/schema\/person\/f4eb0514ae455538644c31b99a466fdb\"},\"headline\":\"Lezzet Tutkunlar\u0131na \u00d6zel Hafta Sonu \u00d6nerileri\",\"datePublished\":\"2020-12-08T21:00:00+00:00\",\"dateModified\":\"2021-06-15T06:01:03+00:00\",\"mainEntityOfPage\":{\"@id\":\"https:\/\/julesverne.com.tr\/travel-blog\/lezzet-tutkunlarina-ozel-hafta-sonu-onerileri\/\"},\"wordCount\":1323,\"publisher\":{\"@id\":\"https:\/\/julesverne.com.tr\/#organization\"},\"image\":{\"@id\":\"https:\/\/julesverne.com.tr\/travel-blog\/lezzet-tutkunlarina-ozel-hafta-sonu-onerileri\/#primaryimage\"},\"thumbnailUrl\":\"https:\/\/julesverne.com.tr\/wp-content\/uploads\/2021\/02\/haftasonukahvalti-scaled.jpg\",\"articleSection\":[\"Blog\"],\"inLanguage\":\"en-US\"},{\"@type\":\"WebPage\",\"@id\":\"https:\/\/julesverne.com.tr\/travel-blog\/lezzet-tutkunlarina-ozel-hafta-sonu-onerileri\/\",\"url\":\"https:\/\/julesverne.com.tr\/travel-blog\/lezzet-tutkunlarina-ozel-hafta-sonu-onerileri\/\",\"name\":\"Lezzet Tutkunlar\u0131na \u00d6zel Hafta Sonu \u00d6nerileri - JULES VERNE BUSINESS MICE TRAVEL\",\"isPartOf\":{\"@id\":\"https:\/\/julesverne.com.tr\/#website\"},\"primaryImageOfPage\":{\"@id\":\"https:\/\/julesverne.com.tr\/travel-blog\/lezzet-tutkunlarina-ozel-hafta-sonu-onerileri\/#primaryimage\"},\"image\":{\"@id\":\"https:\/\/julesverne.com.tr\/travel-blog\/lezzet-tutkunlarina-ozel-hafta-sonu-onerileri\/#primaryimage\"},\"thumbnailUrl\":\"https:\/\/julesverne.com.tr\/wp-content\/uploads\/2021\/02\/haftasonukahvalti-scaled.jpg\",\"datePublished\":\"2020-12-08T21:00:00+00:00\",\"dateModified\":\"2021-06-15T06:01:03+00:00\",\"breadcrumb\":{\"@id\":\"https:\/\/julesverne.com.tr\/travel-blog\/lezzet-tutkunlarina-ozel-hafta-sonu-onerileri\/#breadcrumb\"},\"inLanguage\":\"en-US\",\"potentialAction\":[{\"@type\":\"ReadAction\",\"target\":[\"https:\/\/julesverne.com.tr\/travel-blog\/lezzet-tutkunlarina-ozel-hafta-sonu-onerileri\/\"]}]},{\"@type\":\"ImageObject\",\"inLanguage\":\"en-US\",\"@id\":\"https:\/\/julesverne.com.tr\/travel-blog\/lezzet-tutkunlarina-ozel-hafta-sonu-onerileri\/#primaryimage\",\"url\":\"https:\/\/julesverne.com.tr\/wp-content\/uploads\/2021\/02\/haftasonukahvalti-scaled.jpg\",\"contentUrl\":\"https:\/\/julesverne.com.tr\/wp-content\/uploads\/2021\/02\/haftasonukahvalti-scaled.jpg\",\"width\":1600,\"height\":1000},{\"@type\":\"BreadcrumbList\",\"@id\":\"https:\/\/julesverne.com.tr\/travel-blog\/lezzet-tutkunlarina-ozel-hafta-sonu-onerileri\/#breadcrumb\",\"itemListElement\":[{\"@type\":\"ListItem\",\"position\":1,\"name\":\"Anasayfa\",\"item\":\"https:\/\/julesverne.com.tr\/\"},{\"@type\":\"ListItem\",\"position\":2,\"name\":\"Lezzet Tutkunlar\u0131na \u00d6zel Hafta Sonu \u00d6nerileri\"}]},{\"@type\":\"WebSite\",\"@id\":\"https:\/\/julesverne.com.tr\/#website\",\"url\":\"https:\/\/julesverne.com.tr\/\",\"name\":\"JULES VERNE BUSINESS MICE TRAVEL\",\"description\":\"\",\"publisher\":{\"@id\":\"https:\/\/julesverne.com.tr\/#organization\"},\"potentialAction\":[{\"@type\":\"SearchAction\",\"target\":{\"@type\":\"EntryPoint\",\"urlTemplate\":\"https:\/\/julesverne.com.tr\/?s={search_term_string}\"},\"query-input\":\"required name=search_term_string\"}],\"inLanguage\":\"en-US\"},{\"@type\":\"Organization\",\"@id\":\"https:\/\/julesverne.com.tr\/#organization\",\"name\":\"JULES VERNE BUSINESS MICE TRAVEL\",\"url\":\"https:\/\/julesverne.com.tr\/\",\"logo\":{\"@type\":\"ImageObject\",\"inLanguage\":\"en-US\",\"@id\":\"https:\/\/julesverne.com.tr\/#\/schema\/logo\/image\/\",\"url\":\"https:\/\/julesverne.com.tr\/wp-content\/uploads\/2020\/09\/jv-bmt-logo.png\",\"contentUrl\":\"https:\/\/julesverne.com.tr\/wp-content\/uploads\/2020\/09\/jv-bmt-logo.png\",\"width\":110,\"height\":81,\"caption\":\"JULES VERNE BUSINESS MICE TRAVEL\"},\"image\":{\"@id\":\"https:\/\/julesverne.com.tr\/#\/schema\/logo\/image\/\"},\"sameAs\":[\"https:\/\/www.facebook.com\/JulesVerneBusinessMiceTravel\/\",\"https:\/\/twitter.com\/JV_BusinessMice\",\"https:\/\/www.instagram.com\/julesvernebusinessmicetravel\/\",\"https:\/\/www.linkedin.com\/company\/julesvernebusinessmicetravel\/\",\"https:\/\/www.youtube.com\/channel\/UCAwdsmbZ6tFhu1tea6pkpiw\"]},{\"@type\":\"Person\",\"@id\":\"https:\/\/julesverne.com.tr\/#\/schema\/person\/f4eb0514ae455538644c31b99a466fdb\",\"name\":\"fikirman\",\"sameAs\":[\"http:\/\/advermedya.net\/julesverne\"],\"url\":\"https:\/\/julesverne.com.tr\/en\/author\/fikirman\/\"}]}<\/script>\n<!-- \/ Yoast SEO plugin. -->","yoast_head_json":{"title":"Lezzet Tutkunlar\u0131na \u00d6zel Hafta Sonu \u00d6nerileri - JULES VERNE BUSINESS MICE TRAVEL","robots":{"index":"index","follow":"follow","max-snippet":"max-snippet:-1","max-image-preview":"max-image-preview:large","max-video-preview":"max-video-preview:-1"},"canonical":"https:\/\/julesverne.com.tr\/travel-blog\/lezzet-tutkunlarina-ozel-hafta-sonu-onerileri\/","og_locale":"en_US","og_type":"article","og_title":"Lezzet Tutkunlar\u0131na \u00d6zel Hafta Sonu \u00d6nerileri - JULES VERNE BUSINESS MICE TRAVEL","og_description":"Evlerde ge&ccedil;irilen vaktin artt\u0131\u011f\u0131 bu d&ouml;nemi yeni tarifler, tatlar deneyimleyip yeni beceriler elde ederek lezzetli bir \u015fekilde de\u011ferlendirmeye ne dersiniz?","og_url":"https:\/\/julesverne.com.tr\/travel-blog\/lezzet-tutkunlarina-ozel-hafta-sonu-onerileri\/","og_site_name":"JULES VERNE BUSINESS MICE TRAVEL","article_publisher":"https:\/\/www.facebook.com\/JulesVerneBusinessMiceTravel\/","article_published_time":"2020-12-08T21:00:00+00:00","article_modified_time":"2021-06-15T06:01:03+00:00","og_image":[{"width":1600,"height":1000,"url":"https:\/\/julesverne.com.tr\/wp-content\/uploads\/2021\/02\/haftasonukahvalti-scaled.jpg","type":"image\/jpeg"}],"author":"fikirman","twitter_card":"summary_large_image","twitter_creator":"@JV_BusinessMice","twitter_site":"@JV_BusinessMice","twitter_misc":{"Written by":"fikirman","Est. reading time":"7 minutes"},"schema":{"@context":"https:\/\/schema.org","@graph":[{"@type":"Article","@id":"https:\/\/julesverne.com.tr\/travel-blog\/lezzet-tutkunlarina-ozel-hafta-sonu-onerileri\/#article","isPartOf":{"@id":"https:\/\/julesverne.com.tr\/travel-blog\/lezzet-tutkunlarina-ozel-hafta-sonu-onerileri\/"},"author":{"name":"fikirman","@id":"https:\/\/julesverne.com.tr\/#\/schema\/person\/f4eb0514ae455538644c31b99a466fdb"},"headline":"Lezzet Tutkunlar\u0131na \u00d6zel Hafta Sonu \u00d6nerileri","datePublished":"2020-12-08T21:00:00+00:00","dateModified":"2021-06-15T06:01:03+00:00","mainEntityOfPage":{"@id":"https:\/\/julesverne.com.tr\/travel-blog\/lezzet-tutkunlarina-ozel-hafta-sonu-onerileri\/"},"wordCount":1323,"publisher":{"@id":"https:\/\/julesverne.com.tr\/#organization"},"image":{"@id":"https:\/\/julesverne.com.tr\/travel-blog\/lezzet-tutkunlarina-ozel-hafta-sonu-onerileri\/#primaryimage"},"thumbnailUrl":"https:\/\/julesverne.com.tr\/wp-content\/uploads\/2021\/02\/haftasonukahvalti-scaled.jpg","articleSection":["Blog"],"inLanguage":"en-US"},{"@type":"WebPage","@id":"https:\/\/julesverne.com.tr\/travel-blog\/lezzet-tutkunlarina-ozel-hafta-sonu-onerileri\/","url":"https:\/\/julesverne.com.tr\/travel-blog\/lezzet-tutkunlarina-ozel-hafta-sonu-onerileri\/","name":"Lezzet Tutkunlar\u0131na \u00d6zel Hafta Sonu \u00d6nerileri - JULES VERNE BUSINESS MICE TRAVEL","isPartOf":{"@id":"https:\/\/julesverne.com.tr\/#website"},"primaryImageOfPage":{"@id":"https:\/\/julesverne.com.tr\/travel-blog\/lezzet-tutkunlarina-ozel-hafta-sonu-onerileri\/#primaryimage"},"image":{"@id":"https:\/\/julesverne.com.tr\/travel-blog\/lezzet-tutkunlarina-ozel-hafta-sonu-onerileri\/#primaryimage"},"thumbnailUrl":"https:\/\/julesverne.com.tr\/wp-content\/uploads\/2021\/02\/haftasonukahvalti-scaled.jpg","datePublished":"2020-12-08T21:00:00+00:00","dateModified":"2021-06-15T06:01:03+00:00","breadcrumb":{"@id":"https:\/\/julesverne.com.tr\/travel-blog\/lezzet-tutkunlarina-ozel-hafta-sonu-onerileri\/#breadcrumb"},"inLanguage":"en-US","potentialAction":[{"@type":"ReadAction","target":["https:\/\/julesverne.com.tr\/travel-blog\/lezzet-tutkunlarina-ozel-hafta-sonu-onerileri\/"]}]},{"@type":"ImageObject","inLanguage":"en-US","@id":"https:\/\/julesverne.com.tr\/travel-blog\/lezzet-tutkunlarina-ozel-hafta-sonu-onerileri\/#primaryimage","url":"https:\/\/julesverne.com.tr\/wp-content\/uploads\/2021\/02\/haftasonukahvalti-scaled.jpg","contentUrl":"https:\/\/julesverne.com.tr\/wp-content\/uploads\/2021\/02\/haftasonukahvalti-scaled.jpg","width":1600,"height":1000},{"@type":"BreadcrumbList","@id":"https:\/\/julesverne.com.tr\/travel-blog\/lezzet-tutkunlarina-ozel-hafta-sonu-onerileri\/#breadcrumb","itemListElement":[{"@type":"ListItem","position":1,"name":"Anasayfa","item":"https:\/\/julesverne.com.tr\/"},{"@type":"ListItem","position":2,"name":"Lezzet Tutkunlar\u0131na \u00d6zel Hafta Sonu \u00d6nerileri"}]},{"@type":"WebSite","@id":"https:\/\/julesverne.com.tr\/#website","url":"https:\/\/julesverne.com.tr\/","name":"JULES VERNE BUSINESS MICE TRAVEL","description":"","publisher":{"@id":"https:\/\/julesverne.com.tr\/#organization"},"potentialAction":[{"@type":"SearchAction","target":{"@type":"EntryPoint","urlTemplate":"https:\/\/julesverne.com.tr\/?s={search_term_string}"},"query-input":"required name=search_term_string"}],"inLanguage":"en-US"},{"@type":"Organization","@id":"https:\/\/julesverne.com.tr\/#organization","name":"JULES VERNE BUSINESS MICE TRAVEL","url":"https:\/\/julesverne.com.tr\/","logo":{"@type":"ImageObject","inLanguage":"en-US","@id":"https:\/\/julesverne.com.tr\/#\/schema\/logo\/image\/","url":"https:\/\/julesverne.com.tr\/wp-content\/uploads\/2020\/09\/jv-bmt-logo.png","contentUrl":"https:\/\/julesverne.com.tr\/wp-content\/uploads\/2020\/09\/jv-bmt-logo.png","width":110,"height":81,"caption":"JULES VERNE BUSINESS MICE TRAVEL"},"image":{"@id":"https:\/\/julesverne.com.tr\/#\/schema\/logo\/image\/"},"sameAs":["https:\/\/www.facebook.com\/JulesVerneBusinessMiceTravel\/","https:\/\/twitter.com\/JV_BusinessMice","https:\/\/www.instagram.com\/julesvernebusinessmicetravel\/","https:\/\/www.linkedin.com\/company\/julesvernebusinessmicetravel\/","https:\/\/www.youtube.com\/channel\/UCAwdsmbZ6tFhu1tea6pkpiw"]},{"@type":"Person","@id":"https:\/\/julesverne.com.tr\/#\/schema\/person\/f4eb0514ae455538644c31b99a466fdb","name":"fikirman","sameAs":["http:\/\/advermedya.net\/julesverne"],"url":"https:\/\/julesverne.com.tr\/en\/author\/fikirman\/"}]}},"_links":{"self":[{"href":"https:\/\/julesverne.com.tr\/en\/wp-json\/wp\/v2\/posts\/6848"}],"collection":[{"href":"https:\/\/julesverne.com.tr\/en\/wp-json\/wp\/v2\/posts"}],"about":[{"href":"https:\/\/julesverne.com.tr\/en\/wp-json\/wp\/v2\/types\/post"}],"author":[{"embeddable":true,"href":"https:\/\/julesverne.com.tr\/en\/wp-json\/wp\/v2\/users\/1"}],"replies":[{"embeddable":true,"href":"https:\/\/julesverne.com.tr\/en\/wp-json\/wp\/v2\/comments?post=6848"}],"version-history":[{"count":0,"href":"https:\/\/julesverne.com.tr\/en\/wp-json\/wp\/v2\/posts\/6848\/revisions"}],"wp:featuredmedia":[{"embeddable":true,"href":"https:\/\/julesverne.com.tr\/en\/wp-json\/wp\/v2\/media\/6849"}],"wp:attachment":[{"href":"https:\/\/julesverne.com.tr\/en\/wp-json\/wp\/v2\/media?parent=6848"}],"wp:term":[{"taxonomy":"category","embeddable":true,"href":"https:\/\/julesverne.com.tr\/en\/wp-json\/wp\/v2\/categories?post=6848"},{"taxonomy":"post_tag","embeddable":true,"href":"https:\/\/julesverne.com.tr\/en\/wp-json\/wp\/v2\/tags?post=6848"}],"curies":[{"name":"wp","href":"https:\/\/api.w.org\/{rel}","templated":true}]}}