{"id":6842,"date":"2022-11-06T08:00:00","date_gmt":"2022-11-06T05:00:00","guid":{"rendered":"https:\/\/www.julesverne.com.tr\/\/blog\/turkiyenin-gorulmesi-gereken-tarihi-rotalari\/"},"modified":"2022-11-08T12:50:21","modified_gmt":"2022-11-08T09:50:21","slug":"turkiyenin-gorulmesi-gereken-tarihi-rotalari","status":"publish","type":"post","link":"https:\/\/julesverne.com.tr\/en\/travel-blog\/turkiyenin-gorulmesi-gereken-tarihi-rotalari\/","title":{"rendered":"T\u00fcrkiye\u2019nin G\u00f6r\u00fclmesi Gereken Tarihi Rotalar\u0131"},"content":{"rendered":"<p><\/p>\n<p style=\"text-align: justify;\"><img loading=\"lazy\" decoding=\"async\" class=\"alignnone wp-image-7442\" src=\"https:\/\/julesverne.com.tr\/wp-content\/uploads\/2020\/11\/1546425490-hattusa2-kucuk-boyut-500x344.jpg\" alt=\"\" width=\"1200\" height=\"824\" srcset=\"https:\/\/julesverne.com.tr\/wp-content\/uploads\/2020\/11\/1546425490-hattusa2-kucuk-boyut-500x344.jpg 500w, https:\/\/julesverne.com.tr\/wp-content\/uploads\/2020\/11\/1546425490-hattusa2-kucuk-boyut-768x528.jpg 768w, https:\/\/julesverne.com.tr\/wp-content\/uploads\/2020\/11\/1546425490-hattusa2-kucuk-boyut.jpg 1000w\" sizes=\"(max-width: 1200px) 100vw, 1200px\" \/><\/p>\n<p style=\"text-align: justify;\">Binlerce y\u0131l \u00f6nce bu topraklarda kimler vard\u0131? Medeniyetler nas\u0131l kuruldu? Bu geleneklerin \u00e7\u0131k\u0131\u015f noktas\u0131 neydi? Bu mimari yap\u0131lar nas\u0131l in\u015fa edildi? As\u0131rlar boyu d\u00fcnya medeniyetlerinin kav\u015fak noktas\u0131 olan, nice sava\u015flar nice kurulu\u015flar g\u00f6ren, do\u011fusundan bat\u0131s\u0131na, kuzeyinden g\u00fcneyine bug\u00fcn bile hayranl\u0131k uyand\u0131ran eserler, an\u0131lar bar\u0131nd\u0131ran bir \u00fclkede ya\u015famak ba\u015fl\u0131 ba\u015f\u0131na bir zenginlik. Bu zenginli\u011fin k\u0131ymetini bilerek T\u00fcrkiye\u2019nin g\u00f6r\u00fclmesi gereken tarihi rotalar\u0131n\u0131 derledik. Elbette, bu liste onlarca b\u00fcy\u00fcleyici tarihi yer aras\u0131nda sadece birka\u00e7\u0131.<\/p>\n<p style=\"text-align: justify;\"><strong>Nemrut Da\u011f\u0131\u2019ndan Antakya\u2019ya, Mardin\u2019den \u015eanl\u0131urfa&#8217;ya, Hattu\u015fa&#8217;dan Safranbolu&#8217;ya T\u00fcrkiye&#8217;nin tarihi yerler k\u0131lavuzu\u2026<\/strong><\/p>\n<p><img loading=\"lazy\" decoding=\"async\" class=\"alignnone wp-image-3002\" src=\"https:\/\/julesverne.com.tr\/wp-content\/uploads\/2020\/09\/efesantikkenti-1-500x334.jpg\" alt=\"\" width=\"1200\" height=\"800\" srcset=\"https:\/\/julesverne.com.tr\/wp-content\/uploads\/2020\/09\/efesantikkenti-1-500x334.jpg 500w, https:\/\/julesverne.com.tr\/wp-content\/uploads\/2020\/09\/efesantikkenti-1-768x512.jpg 768w, https:\/\/julesverne.com.tr\/wp-content\/uploads\/2020\/09\/efesantikkenti-1.jpg 1000w\" sizes=\"(max-width: 1200px) 100vw, 1200px\" \/><\/p>\n<h2><strong>Efes, \u0130zmir<\/strong><\/h2>\n<p>D\u00fcnyan\u0131n yedi harikas\u0131ndan biri olan Artemis Tap\u0131na\u011f\u0131 ve as\u0131rlard\u0131r dini merkez i\u015flevi g\u00f6ren Meryem Ana Evi\u2019ne ev sahipli\u011fi yapan Efes Antik Kenti, Anadolu uygarl\u0131klar\u0131n\u0131n \u00e7e\u015fitlili\u011fini yans\u0131t\u0131rken, y\u0131llara da meydan okumay\u0131 ihmal etmiyor. D\u00fcnya \u00fczerinde kaz\u0131lan en b\u00fcy\u00fck Grekoromen \u015fehir olma \u00f6zelli\u011fini ta\u015f\u0131yan Efes, k\u00fc\u00e7\u00fck Asya olarak adland\u0131r\u0131lm\u0131\u015f ve Anadolu eyaletinin de ba\u015fkenti olmu\u015f. Yunan medeniyeti ve ard\u0131ndan Roma medeniyeti kontrol\u00fcnde olan antik kent bu iki zengin medeniyetin mimari ve k\u00fclt\u00fcrel izleriyle donat\u0131lm\u0131\u015f. Dini, ticari, k\u00fclt\u00fcrel ve sanatsal olarak d\u00f6neminde bir y\u0131ld\u0131z olan Efes, Roma d\u00f6nemi yap\u0131lar\u0131n\u0131n en g\u00fczellerinden g\u00f6rkemli Celcus K\u00fct\u00fcphanesi ve antik tiyatrosu ile de g\u00f6z kama\u015ft\u0131r\u0131yor.<\/p>\n<p><img loading=\"lazy\" decoding=\"async\" class=\"alignnone wp-image-6323\" src=\"https:\/\/julesverne.com.tr\/wp-content\/uploads\/2020\/08\/1594906385-safranbolu-500x328.jpg\" alt=\"\" width=\"1200\" height=\"787\" srcset=\"https:\/\/julesverne.com.tr\/wp-content\/uploads\/2020\/08\/1594906385-safranbolu-500x328.jpg 500w, https:\/\/julesverne.com.tr\/wp-content\/uploads\/2020\/08\/1594906385-safranbolu-768x504.jpg 768w, https:\/\/julesverne.com.tr\/wp-content\/uploads\/2020\/08\/1594906385-safranbolu.jpg 999w\" sizes=\"(max-width: 1200px) 100vw, 1200px\" \/><\/p>\n<h2><strong>Safranbolu, Karab\u00fck<\/strong><\/h2>\n<p>Karab\u00fck \u015fehrinin kuzeyinde yer alan ve 1950\u2019lerde Anadolu\u2019da ger\u00e7ekle\u015fen modern \u015fehirle\u015fmeden etkilenmeyen Safranbolu, ah\u015fap evleri ve an\u0131tsal yap\u0131lar\u0131yla me\u015fhur olan bir b\u00f6lge. T\u00fcm h\u0131zl\u0131 \u015fehirle\u015fme tehdidine ra\u011fmen k\u00fclt\u00fcrel dokusunu korumay\u0131 ba\u015faran Safranbolu 18. Y\u00fczy\u0131lda Asya ve Avrupa aras\u0131ndaki ticaretin de vazge\u00e7ilmez duraklar\u0131ndan biri olmu\u015f. Roma, Bizans, Sel\u00e7uklu ve Osmanl\u0131 hakimiyetlerine giren \u015fehrin merkezi Bat\u0131 Karadeniz\u2019in geleneksel kent dokusunu yans\u0131t\u0131yor. Geleneksel ah\u015fap evleri ve an\u0131tsal yap\u0131lar\u0131yla ya\u015fayan bir de\u011fer.<\/p>\n<p><img loading=\"lazy\" decoding=\"async\" class=\"alignnone wp-image-4773\" src=\"https:\/\/julesverne.com.tr\/wp-content\/uploads\/2020\/09\/mardin_kapak-1-500x334.jpg\" alt=\"Mardin\" width=\"1200\" height=\"800\" srcset=\"https:\/\/julesverne.com.tr\/wp-content\/uploads\/2020\/09\/mardin_kapak-1-500x334.jpg 500w, https:\/\/julesverne.com.tr\/wp-content\/uploads\/2020\/09\/mardin_kapak-1-768x512.jpg 768w, https:\/\/julesverne.com.tr\/wp-content\/uploads\/2020\/09\/mardin_kapak-1.jpg 1000w\" sizes=\"(max-width: 1200px) 100vw, 1200px\" \/><\/p>\n<h2 style=\"text-align: justify;\">Mardin Merkez<\/h2>\n<p style=\"text-align: justify;\">Daha \u00f6nce g\u00f6rd\u00fc\u011f\u00fcn\u00fcz hi\u00e7bir yere benzemeyen Mardin bir tarih kitab\u0131n\u0131 okumak gibi&#8230; Mezopotamya&#8217;n\u0131n incisi d\u00fcnden bug\u00fcne Asurlular, Araplar, Sel\u00e7uklular, K\u00fcrtler, Farsl\u0131lar, Mo\u011follar, Osmanl\u0131lar gibi zengin k\u00fclt\u00fcre sahip g\u00fc\u00e7l\u00fc devletlerin y\u00f6netimine girmi\u015f; dinlerin, dillerin, k\u00fclt\u00fcrlerin bulu\u015ftu\u011fu bir k\u00fclt\u00fcr mozai\u011fi olmu\u015f. Labirenti and\u0131ran ge\u00e7itlerle u\u00e7urum alt\u0131na in\u015fa edilen ta\u015f evleri, tarihi merkezinde yer alan medreseleri, kiliseleri, manast\u0131rlar\u0131, camileriyle bir film sahnesi gibi.<\/p>\n<p><img loading=\"lazy\" decoding=\"async\" class=\"alignnone wp-image-4775\" src=\"https:\/\/julesverne.com.tr\/wp-content\/uploads\/2020\/09\/midyat_old_town1-500x313.jpg\" alt=\"midyat\" width=\"1200\" height=\"751\" srcset=\"https:\/\/julesverne.com.tr\/wp-content\/uploads\/2020\/09\/midyat_old_town1-500x313.jpg 500w, https:\/\/julesverne.com.tr\/wp-content\/uploads\/2020\/09\/midyat_old_town1-768x481.jpg 768w, https:\/\/julesverne.com.tr\/wp-content\/uploads\/2020\/09\/midyat_old_town1.jpg 1000w\" sizes=\"(max-width: 1200px) 100vw, 1200px\" \/><\/p>\n<h2><strong>Midyat, Mardin<\/strong><\/h2>\n<p style=\"text-align: justify;\">Dicle ve F\u0131rat nehirleri aras\u0131ndaki Mezopotamya B\u00f6lgesi&#8217;ne yerle\u015fen Eti T\u00fcrkleri, Orta Asya&#8217;dan Anadolu&#8217;ya g\u00f6\u00e7 ettiklerinde bug\u00fcnk\u00fc ad\u0131 Midyat&#8217;\u0131 yuva yapm\u0131\u015flar. Bu verimli topraklar\u0131n tarihi M\u00d6 2000 y\u0131llara kadar uzan\u0131yor. Arap ve S\u00fcryani gelenekleriyle harmanlanan Midyat&#8217;\u0131n ho\u015fg\u00f6r\u00fcl\u00fc ya\u015fam\u0131 mimarisine bile yans\u0131m\u0131\u015f. Evlerin birbirini rahats\u0131z etmeyecek \u015fekilde in\u015fa edildi\u011fi Midyat Mor Gabriel Manast\u0131r\u0131, Mardin Konak, Midyat Konukevi gibi \u00f6nemli yap\u0131lar\u0131yla \u00fcnl\u00fc.<\/p>\n<p><em><strong><img loading=\"lazy\" decoding=\"async\" class=\"alignnone wp-image-7081\" title=\"Dara Antik kenti\" src=\"https:\/\/www.julesverne.com.tr\/\/wp-content\/uploads\/2021\/02\/turk-hava-yollari-buyuk-bahar-indirimi-ile-yurt-ici-ucuslarda-0-indirim-firsati-225.jpg\" alt=\"\" width=\"1200\" height=\"772\" srcset=\"https:\/\/julesverne.com.tr\/wp-content\/uploads\/2021\/02\/turk-hava-yollari-buyuk-bahar-indirimi-ile-yurt-ici-ucuslarda-0-indirim-firsati-225.jpg 999w, https:\/\/julesverne.com.tr\/wp-content\/uploads\/2021\/02\/turk-hava-yollari-buyuk-bahar-indirimi-ile-yurt-ici-ucuslarda-0-indirim-firsati-225-500x322.jpg 500w, https:\/\/julesverne.com.tr\/wp-content\/uploads\/2021\/02\/turk-hava-yollari-buyuk-bahar-indirimi-ile-yurt-ici-ucuslarda-0-indirim-firsati-225-768x494.jpg 768w\" sizes=\"(max-width: 1200px) 100vw, 1200px\" \/><\/strong><\/em><\/p>\n<h2 style=\"text-align: justify;\"><strong>Dara Antik Kenti, Mardin<\/strong><\/h2>\n<p style=\"text-align: justify;\">\u201cMezopotamya\u2019n\u0131n Efes\u2019i\u201d olarak bilinen Dara Antik Kenti G\u00fcneydo\u011fu B\u00f6lgesi\u2019nin en k\u0131ymetli antik kenti. 505 y\u0131l\u0131nda Sasanilere kar\u015f\u0131 korunmak ama\u00e7l\u0131 Do\u011fu Roma \u0130mparatorlu\u011fu taraf\u0131ndan in\u015fa edilen Dara&#8217;da g\u00fcn\u00fcm\u00fcze kalan kilise, saray, \u00e7ar\u015f\u0131, Agora, tophane, k\u00f6pr\u00fc kal\u0131nt\u0131lar\u0131 var. Dara Antik Kenti&#8217;nde b\u00f6lge ta\u015flar\u0131 i\u00e7erisine oyuklar a\u00e7\u0131larak haz\u0131rlanan mezarlar\u0131n hik\u00e2yesi ise ilgin\u00e7: Romal\u0131lar yeniden dirileceklerine inand\u0131klar\u0131 i\u00e7in bu mezarlar\u0131 yapm\u0131\u015flar.<\/p>\n<p><img loading=\"lazy\" decoding=\"async\" class=\"alignnone wp-image-8860 size-full\" src=\"https:\/\/julesverne.com.tr\/wp-content\/uploads\/2021\/06\/halfeti_shutterstock_1333072142.jpg\" alt=\"\" width=\"1200\" height=\"800\" srcset=\"https:\/\/julesverne.com.tr\/wp-content\/uploads\/2021\/06\/halfeti_shutterstock_1333072142.jpg 1200w, https:\/\/julesverne.com.tr\/wp-content\/uploads\/2021\/06\/halfeti_shutterstock_1333072142-500x333.jpg 500w, https:\/\/julesverne.com.tr\/wp-content\/uploads\/2021\/06\/halfeti_shutterstock_1333072142-768x512.jpg 768w\" sizes=\"(max-width: 1200px) 100vw, 1200px\" \/><\/p>\n<h2 style=\"text-align: left;\"><strong>Halfeti, \u015eanl\u0131urfa<\/strong><\/h2>\n<p style=\"text-align: justify;\">Gaziantep ve \u015eanl\u0131urfa&#8217;n\u0131n ortas\u0131nda yer alan Halfeti zamana ve sulara direnen bir mucize! Birecik Baraj\u0131 nedeniyle b\u00fcy\u00fck bir b\u00f6l\u00fcm\u00fc sular alt\u0131nda kalan bu tarihi b\u00f6lge 2013 y\u0131l\u0131nda Cittaslow Uluslararas\u0131 Koordinasyon Komitesi taraf\u0131ndan &#8220;sakin \u015fehir&#8221; a\u011f\u0131na d\u00e2hil edildi. G\u00fcneydo\u011fu Anadolu&#8217;nun bu sakl\u0131 g\u00fczelli\u011finin tarihi 3000 y\u0131l \u00f6nceye uzan\u0131yor. F\u0131rat Nehri k\u0131y\u0131s\u0131nda \u00f6nemli bir konumda kurulan Halfeti tarih boyunca Asurlular, Romal\u0131lar, Bizansl\u0131lar, Sel\u00e7uklular, Osmanl\u0131lar y\u00f6netimine girmi\u015f k\u00fclt\u00fcrel ve mimari zenginli\u011fini de bu \u00e7e\u015fitlilikten alm\u0131\u015f. Sular\u0131n alt\u0131nda kalan bu sessiz \u015fehir korumaya devam ettikleriyle bile sizi b\u00fcy\u00fclemeyi ba\u015far\u0131yor.<\/p>\n<p><em><strong><img loading=\"lazy\" decoding=\"async\" class=\"alignnone wp-image-7088\" title=\"T\u00fcrk Hava Yollar\u0131 B\u00fcy\u00fck Bahar \u0130ndirimi \u0130le Yurt \u0130\u00e7i U\u00e7u\u015flarda %30 \u0130ndirim F\u0131rsat\u0131\" src=\"https:\/\/www.julesverne.com.tr\/\/wp-content\/uploads\/2021\/02\/turk-hava-yollari-buyuk-bahar-indirimi-ile-yurt-ici-ucuslarda-0-indirim-firsati-230.jpg\" alt=\"Harran\" width=\"1200\" height=\"800\" srcset=\"https:\/\/julesverne.com.tr\/wp-content\/uploads\/2021\/02\/turk-hava-yollari-buyuk-bahar-indirimi-ile-yurt-ici-ucuslarda-0-indirim-firsati-230.jpg 999w, https:\/\/julesverne.com.tr\/wp-content\/uploads\/2021\/02\/turk-hava-yollari-buyuk-bahar-indirimi-ile-yurt-ici-ucuslarda-0-indirim-firsati-230-500x333.jpg 500w, https:\/\/julesverne.com.tr\/wp-content\/uploads\/2021\/02\/turk-hava-yollari-buyuk-bahar-indirimi-ile-yurt-ici-ucuslarda-0-indirim-firsati-230-768x512.jpg 768w\" sizes=\"(max-width: 1200px) 100vw, 1200px\" \/><\/strong><\/em><\/p>\n<h2><strong>Harran, <\/strong><strong>\u015eanl\u0131urfa\u00a0<\/strong><\/h2>\n<p style=\"text-align: justify;\">Sonsuz gibi g\u00f6r\u00fcnen Harran Ovas\u0131 ve binlerce y\u0131ll\u0131k tarihe tan\u0131kl\u0131k yapan bir antik kent. \u015eanl\u0131urfa&#8217;ya yakla\u015f\u0131k 45 km mesafedeki Harran kelimesinin S\u00fcmer ve Akat dillerinde &#8220;yollar\u0131n kesi\u015fti\u011fi kav\u015fak&#8221; veya &#8220;kervan&#8221; anlam\u0131na gelen harran-u s\u00f6zc\u00fc\u011f\u00fcnden geldi\u011fi tahmin ediliyor. Efsaneye g\u00f6re Adem ile Havva&#8217;n\u0131n cennetten kovulduktan sonra ilk ayak bast\u0131klar\u0131 yer olan Harran ayn\u0131 zamanda bir\u00e7ok peygamber \u00f6yk\u00fcs\u00fcn\u00fcn de merkezinde bulunuyor.\u00a0 Anadolu ile Mezopotamya aras\u0131nda \u00f6nemli bir ticari kav\u015fak noktas\u0131 olan Harran tarih boyunca S\u00fcmerliler, Asurlular, Romal\u0131lar, Bizansl\u0131lar ve Osmanl\u0131lar gib g\u00fc\u00e7l\u00fc devletlerin y\u00f6netimi alt\u0131na girmi\u015f. Harran&#8217;a geldi\u011finizde Harran Kalesi, Ulu Camii, Harran \u00dcniversitesi, Harran H\u00f6y\u00fc\u011f\u00fc, Harran Evleri g\u00f6rece\u011finiz kal\u0131nt\u0131lar aras\u0131nda. Buraya kadar gelmi\u015fken antik kente 15 km mesafede olan Bazda Ma\u011faralar\u0131&#8217;n\u0131 da g\u00f6rebilirsiniz.<\/p>\n<p><img loading=\"lazy\" decoding=\"async\" class=\"alignnone wp-image-10323\" src=\"https:\/\/julesverne.com.tr\/wp-content\/uploads\/2021\/08\/gobeklitepe_shutterstock_1336353515-500x334.jpg\" alt=\"\" width=\"1200\" height=\"800\" srcset=\"https:\/\/julesverne.com.tr\/wp-content\/uploads\/2021\/08\/gobeklitepe_shutterstock_1336353515-500x334.jpg 500w, https:\/\/julesverne.com.tr\/wp-content\/uploads\/2021\/08\/gobeklitepe_shutterstock_1336353515-768x512.jpg 768w, https:\/\/julesverne.com.tr\/wp-content\/uploads\/2021\/08\/gobeklitepe_shutterstock_1336353515.jpg 1000w\" sizes=\"(max-width: 1200px) 100vw, 1200px\" \/><\/p>\n<h2 style=\"text-align: left;\">G\u00f6beklitepe, \u015eanl\u0131urfa<\/h2>\n<p style=\"text-align: justify;\">M\u00d6 10.bin y\u0131l\u0131n sonlar\u0131ndan M\u00d6 9. bin y\u0131llar\u0131na tarihlenen G\u00f6beklitepe tarih \u00f6ncesi alan olarak b\u00fcy\u00fck bir de\u011fere sahip. 1500 y\u0131ll\u0131k bir d\u00f6nemden g\u00fcn\u00fcm\u00fcze kalan arkeolojik birikintiler tarihimizle ilgili yeni bilgiler kazand\u0131r\u0131rken asl\u0131nda bundan \u00f6nceki bildi\u011fimiz tarihi de yeniden yorumlat\u0131yor. \u00d6zellikle T bi\u00e7imi dikilita\u015flar\u0131 d\u00fcnya \u00fczerinde \u015fuana kadar bilinen en eski an\u0131tsal yap\u0131lar olarak biliniyor.<\/p>\n<p><img loading=\"lazy\" decoding=\"async\" class=\"alignnone wp-image-7555\" src=\"https:\/\/julesverne.com.tr\/wp-content\/uploads\/2021\/03\/nemrut_shutterstock_110605730-500x336.jpg\" alt=\"\" width=\"1200\" height=\"805\" srcset=\"https:\/\/julesverne.com.tr\/wp-content\/uploads\/2021\/03\/nemrut_shutterstock_110605730-500x336.jpg 500w, https:\/\/julesverne.com.tr\/wp-content\/uploads\/2021\/03\/nemrut_shutterstock_110605730-768x515.jpg 768w, https:\/\/julesverne.com.tr\/wp-content\/uploads\/2021\/03\/nemrut_shutterstock_110605730.jpg 1000w\" sizes=\"(max-width: 1200px) 100vw, 1200px\" \/><\/p>\n<h2 style=\"text-align: left;\"><strong>Nemrut Da\u011f\u0131,\u00a0<\/strong><strong>Ad\u0131yaman<\/strong><\/h2>\n<p style=\"text-align: justify;\">D\u00fcnyan\u0131n sekiz harikas\u0131ndan biri olarak g\u00f6sterilen Nemrut Da\u011f\u0131 sadece eserleriyle de\u011fil e\u015fsiz g\u00fcndo\u011fumu ve g\u00fcnbat\u0131m\u0131 manzaralar\u0131 ve yayd\u0131\u011f\u0131 enerjisiyle UNESCO listesinin benzersiz ve nadide bir \u00fcyesi. Deniz seviyesinden 2 bin 150 metre y\u00fckseklikte yer alan Nemrut Da\u011f\u0131, Ad\u0131yaman\u2019\u0131n kuzeyinde Kahta il\u00e7esinde yer al\u0131yor. G\u00fcn bat\u0131m\u0131 ve g\u00fcn bat\u0131m\u0131 manzaras\u0131, T\u00fcm\u00fcl\u00fcsleri ve muazzam g\u00fczellikteki heykelleriyle Kommagene Krall\u0131\u011f\u0131\u2019n\u0131n t\u00fcm heybetini g\u00f6zler \u00f6n\u00fcne seren Nemrut Da\u011f\u0131, t\u00fcm k\u00fclt\u00fcrleri bulu\u015fturmak isteyen Kommagene Kral\u0131 I. Antiochos\u2019un ba\u015fka k\u00fclt\u00fcr tanr\u0131lar\u0131n\u0131 bir araya getiren heykelleri ve kabartmalar\u0131yla g\u00f6z kama\u015ft\u0131r\u0131c\u0131.<\/p>\n<p><img loading=\"lazy\" decoding=\"async\" class=\"alignnone wp-image-7442\" src=\"https:\/\/julesverne.com.tr\/wp-content\/uploads\/2020\/11\/1546425490-hattusa2-kucuk-boyut-500x344.jpg\" alt=\"\" width=\"1200\" height=\"824\" srcset=\"https:\/\/julesverne.com.tr\/wp-content\/uploads\/2020\/11\/1546425490-hattusa2-kucuk-boyut-500x344.jpg 500w, https:\/\/julesverne.com.tr\/wp-content\/uploads\/2020\/11\/1546425490-hattusa2-kucuk-boyut-768x528.jpg 768w, https:\/\/julesverne.com.tr\/wp-content\/uploads\/2020\/11\/1546425490-hattusa2-kucuk-boyut.jpg 1000w\" sizes=\"(max-width: 1200px) 100vw, 1200px\" \/><\/p>\n<h2><strong>Hattu\u015fa (Hitit Ba\u015fkenti), \u00c7orum<\/strong><\/h2>\n<p>Bin Tanr\u0131l\u0131 \u00fclke olarak da an\u0131lan Hititler devletinin sosyal ya\u015fam\u0131, inan\u0131\u015flar\u0131 ve y\u00f6netim bi\u00e7imlerini yans\u0131ta Hattu\u015fa\u00a0 Hitit k\u00fclt\u00fcr\u00fcn\u00fcn merkezi ba\u015fkentiydi. Anadolu\u2019nun en \u00f6nemli arkeolojik alanlar\u0131ndan biri olan Hattu\u015fa\u2019da ortaya \u00e7\u0131kan kal\u0131nt\u0131lar\u0131n bir\u00e7o\u011fu M.\u00d6 13. y\u00fczy\u0131ldaki yeniden yap\u0131lanma d\u00f6nemine ait. Tarihin ilk yaz\u0131l\u0131 anla\u015fmas\u0131 olarak bilinen Kades Anla\u015fmas\u0131\u2019n\u0131n da yap\u0131ld\u0131\u011f\u0131 \u015fehirde aslanl\u0131 kap\u0131lar, sur duvarlar\u0131, 30\u2019dan fazla tap\u0131nak, kraliyet konutlar\u0131 ve sokaklar\u0131 t\u00fcm heybetiyle ayakta.<\/p>\n<p style=\"text-align: left;\"><img loading=\"lazy\" decoding=\"async\" class=\"alignnone wp-image-7084\" title=\"T\u00fcrk Hava Yollar\u0131 B\u00fcy\u00fck Bahar \u0130ndirimi \u0130le Yurt \u0130\u00e7i U\u00e7u\u015flarda %30 \u0130ndirim F\u0131rsat\u0131\" src=\"https:\/\/www.julesverne.com.tr\/\/wp-content\/uploads\/2021\/02\/turk-hava-yollari-buyuk-bahar-indirimi-ile-yurt-ici-ucuslarda-0-indirim-firsati-227.jpg\" alt=\"antakya\" width=\"1200\" height=\"800\" srcset=\"https:\/\/julesverne.com.tr\/wp-content\/uploads\/2021\/02\/turk-hava-yollari-buyuk-bahar-indirimi-ile-yurt-ici-ucuslarda-0-indirim-firsati-227.jpg 999w, https:\/\/julesverne.com.tr\/wp-content\/uploads\/2021\/02\/turk-hava-yollari-buyuk-bahar-indirimi-ile-yurt-ici-ucuslarda-0-indirim-firsati-227-500x333.jpg 500w, https:\/\/julesverne.com.tr\/wp-content\/uploads\/2021\/02\/turk-hava-yollari-buyuk-bahar-indirimi-ile-yurt-ici-ucuslarda-0-indirim-firsati-227-768x512.jpg 768w\" sizes=\"(max-width: 1200px) 100vw, 1200px\" \/><\/p>\n<h2><strong>Antakya<\/strong><\/h2>\n<p style=\"text-align: justify;\">Anadolu&#8217;nun Arabistan ve Afrika ile kavu\u015fma noktas\u0131 olan Antakya konumu gere\u011fi binlerce y\u0131l boyunca nice h\u00fck\u00fcmdarlar, nice devletler g\u00f6rm\u00fc\u015f. Ticari \u00f6nemi ile yolculara, kervanlara konaklama yeri olan Antakya ticari, k\u00fclt\u00fcrel ve mimari a\u00e7\u0131dan bir bulu\u015fma noktas\u0131 olmu\u015f. Helenistik D\u00f6nem, Roma \u0130mparatorlu\u011fu ve Osmanl\u0131 D\u00f6nemi izlerini zengin k\u00fclt\u00fcrel kodlar\u0131nda ve mimarisinde hissetmeye devam etti\u011fimiz Antakya dinlerin, farkl\u0131 inan\u00e7lar\u0131n i\u00e7 i\u00e7e sevgiyle ya\u015famaya devam etti\u011fi k\u0131ymeti b\u00fcy\u00fck bir b\u00f6lge. Sofras\u0131nda, \u015fark\u0131lar\u0131nda, ezan sesi ile \u00e7an sesinin birbirine kar\u0131\u015ft\u0131\u011f\u0131 g\u00fczel sokaklar\u0131nda Antakya&#8217;y\u0131 ya\u015famak paha bi\u00e7ilemez.<\/p>\n<p><img loading=\"lazy\" decoding=\"async\" class=\"alignnone wp-image-10750\" src=\"https:\/\/julesverne.com.tr\/wp-content\/uploads\/2020\/11\/istanbul_ayasofya_shutterstock_1746994055-500x328.jpg\" alt=\"\" width=\"1200\" height=\"786\" srcset=\"https:\/\/julesverne.com.tr\/wp-content\/uploads\/2020\/11\/istanbul_ayasofya_shutterstock_1746994055-500x328.jpg 500w, https:\/\/julesverne.com.tr\/wp-content\/uploads\/2020\/11\/istanbul_ayasofya_shutterstock_1746994055-768x503.jpg 768w, https:\/\/julesverne.com.tr\/wp-content\/uploads\/2020\/11\/istanbul_ayasofya_shutterstock_1746994055.jpg 1000w\" sizes=\"(max-width: 1200px) 100vw, 1200px\" \/><\/p>\n<h2><strong>\u0130stanbul<\/strong><\/h2>\n<p style=\"text-align: justify;\">3 imparatorluk g\u00f6rm\u00fc\u015f, devlet g\u00fcc\u00fcn\u00fc mimarisine, k\u00fclt\u00fcr\u00fcne, geleneklerine yans\u0131tm\u0131\u015f bir \u015fehir \u0130stanbul! Asya ve Avrupa&#8217;n\u0131n bulu\u015fma noktas\u0131 olmas\u0131 bu \u015fehri her zaman cazip k\u0131lm\u0131\u015f, y\u00fczy\u0131llar boyu her g\u00f6reni kendine \u00e2\u015f\u0131k etmeyi ba\u015farm\u0131\u015f. 1985 y\u0131l\u0131nda UNESCO D\u00fcnya Miras\u0131 listesine giren \u0130stanbul&#8217;un tarihi alanlar\u0131 aras\u0131nda Sultanahmet Arkeolojik Park, S\u00fcleymaniye Camii ve \u00c7evresi Koruma Alan\u0131, Zeyrek Camii (Pantokrator Kilisesi) ve \u00c7evresi Koruma Alan\u0131 ve \u0130stanbul Kara Surlar\u0131 yer al\u0131yor. Tarihi rotada akl\u0131m\u0131za ilk gelen yerler Topkap\u0131 Saray\u0131, Ayasofya-i Kebir Camii, \u015eerefiye Sarn\u0131c\u0131, Kariye M\u00fczesi, S\u00fcleymaniye Camii, Zeyrek Camii, K\u0131z Kulesi, Hidiv Kasr\u0131, Dolmabah\u00e7e Saray\u0131, \u0130stanbul Arkeoloji M\u00fczeleri, Kapal\u0131\u00e7ar\u015f\u0131, M\u0131s\u0131r \u00c7ar\u015f\u0131s\u0131.<\/p>\n<p style=\"text-align: center;\"><strong>Size \u00f6zel seyahat program\u0131 ve rezervasyon i\u00e7in:<br \/>\n<a href=\"mailto:travel@julesverne.com.tr\">travel@julesverne.com.tr<\/a>\u00a0<\/strong><\/p>\n<p><\/p>","protected":false},"excerpt":{"rendered":"<p><span style=\"text-align: justify;\">T&uuml;rkiye&rsquo;nin g&ouml;r&uuml;lmesi gereken tarih rotalar\u0131n\u0131 derledik. Nemrut Da\u011f\u0131&rsquo;ndan Antakya&rsquo;ya, Mardin&rsquo;den&nbsp;\u015eanl\u0131urfa&#8217;ya&nbsp;tarihi yerler k\u0131lavuzu&hellip;<\/span><\/p>\n","protected":false},"author":1,"featured_media":7442,"comment_status":"closed","ping_status":"closed","sticky":false,"template":"","format":"standard","meta":{"inline_featured_image":false,"footnotes":""},"categories":[38,1,39],"tags":[77,129],"acf":[],"yoast_head":"<!-- This site is optimized with the Yoast SEO plugin v22.3 - https:\/\/yoast.com\/wordpress\/plugins\/seo\/ -->\n<title>T\u00fcrkiye\u2019nin G\u00f6r\u00fclmesi Gereken Tarihi Rotalar\u0131 - JULES VERNE BUSINESS MICE TRAVEL<\/title>\n<meta name=\"description\" content=\"Nemrut Da\u011f\u0131\u2019ndan Antakya\u2019ya, Mardin\u2019den \u015eanl\u0131urfa&#039;ya, Hattuta\u015f&#039;tan Safranbolu&#039;ya T\u00fcrkiye&#039;nin tarihi yerler k\u0131lavuzu\u2026\" \/>\n<meta name=\"robots\" content=\"index, follow, max-snippet:-1, max-image-preview:large, max-video-preview:-1\" \/>\n<link rel=\"canonical\" href=\"https:\/\/julesverne.com.tr\/travel-blog\/turkiyenin-gorulmesi-gereken-tarihi-rotalari\/\" \/>\n<meta property=\"og:locale\" content=\"en_US\" \/>\n<meta property=\"og:type\" content=\"article\" \/>\n<meta property=\"og:title\" content=\"[:tr]T\u00fcrkiye\u2019nin Mutlaka G\u00f6r\u00fclmesi Gereken Tarihi Rotalar\u0131[:en]T\u00fcrkiye\u2019nin G\u00f6r\u00fclmesi Gereken Tarihi Rotalar\u0131[:] - JULES VERNE BUSINESS MICE TRAVEL\" \/>\n<meta property=\"og:description\" content=\"Nemrut Da\u011f\u0131\u2019ndan Antakya\u2019ya, Mardin\u2019den \u015eanl\u0131urfa&#039;ya, Hattuta\u015f&#039;tan Safranbolu&#039;ya T\u00fcrkiye&#039;nin tarihi yerler k\u0131lavuzu\u2026\" \/>\n<meta property=\"og:url\" content=\"https:\/\/julesverne.com.tr\/travel-blog\/turkiyenin-gorulmesi-gereken-tarihi-rotalari\/\" \/>\n<meta property=\"og:site_name\" content=\"JULES VERNE BUSINESS MICE TRAVEL\" \/>\n<meta property=\"article:publisher\" content=\"https:\/\/www.facebook.com\/JulesVerneBusinessMiceTravel\/\" \/>\n<meta property=\"article:published_time\" content=\"2022-11-06T05:00:00+00:00\" \/>\n<meta property=\"article:modified_time\" content=\"2022-11-08T09:50:21+00:00\" \/>\n<meta property=\"og:image\" content=\"https:\/\/julesverne.com.tr\/wp-content\/uploads\/2020\/11\/1546425490-hattusa2-kucuk-boyut.jpg\" \/>\n\t<meta property=\"og:image:width\" content=\"1000\" \/>\n\t<meta property=\"og:image:height\" content=\"687\" \/>\n\t<meta property=\"og:image:type\" content=\"image\/jpeg\" \/>\n<meta name=\"author\" content=\"fikirman\" \/>\n<meta name=\"twitter:card\" content=\"summary_large_image\" \/>\n<meta name=\"twitter:creator\" content=\"@JV_BusinessMice\" \/>\n<meta name=\"twitter:site\" content=\"@JV_BusinessMice\" \/>\n<meta name=\"twitter:label1\" content=\"Written by\" \/>\n\t<meta name=\"twitter:data1\" content=\"fikirman\" \/>\n\t<meta name=\"twitter:label2\" content=\"Est. reading time\" \/>\n\t<meta name=\"twitter:data2\" content=\"10 minutes\" \/>\n<script type=\"application\/ld+json\" class=\"yoast-schema-graph\">{\"@context\":\"https:\/\/schema.org\",\"@graph\":[{\"@type\":\"Article\",\"@id\":\"https:\/\/julesverne.com.tr\/travel-blog\/turkiyenin-gorulmesi-gereken-tarihi-rotalari\/#article\",\"isPartOf\":{\"@id\":\"https:\/\/julesverne.com.tr\/travel-blog\/turkiyenin-gorulmesi-gereken-tarihi-rotalari\/\"},\"author\":{\"name\":\"fikirman\",\"@id\":\"https:\/\/julesverne.com.tr\/#\/schema\/person\/f4eb0514ae455538644c31b99a466fdb\"},\"headline\":\"T\u00fcrkiye\u2019nin G\u00f6r\u00fclmesi Gereken Tarihi Rotalar\u0131\",\"datePublished\":\"2022-11-06T05:00:00+00:00\",\"dateModified\":\"2022-11-08T09:50:21+00:00\",\"mainEntityOfPage\":{\"@id\":\"https:\/\/julesverne.com.tr\/travel-blog\/turkiyenin-gorulmesi-gereken-tarihi-rotalari\/\"},\"wordCount\":3244,\"publisher\":{\"@id\":\"https:\/\/julesverne.com.tr\/#organization\"},\"image\":{\"@id\":\"https:\/\/julesverne.com.tr\/travel-blog\/turkiyenin-gorulmesi-gereken-tarihi-rotalari\/#primaryimage\"},\"thumbnailUrl\":\"https:\/\/julesverne.com.tr\/wp-content\/uploads\/2020\/11\/1546425490-hattusa2-kucuk-boyut.jpg\",\"keywords\":[\"\u0130lham Veren Destinasyonlar\",\"T\u00fcrkiye\"],\"articleSection\":[\"\u0130lham Veren Destinasyonlar\",\"Blog\",\"Nereye Gitsek?\"],\"inLanguage\":\"en-US\"},{\"@type\":\"WebPage\",\"@id\":\"https:\/\/julesverne.com.tr\/travel-blog\/turkiyenin-gorulmesi-gereken-tarihi-rotalari\/\",\"url\":\"https:\/\/julesverne.com.tr\/travel-blog\/turkiyenin-gorulmesi-gereken-tarihi-rotalari\/\",\"name\":\"[:tr]T\u00fcrkiye\u2019nin Mutlaka G\u00f6r\u00fclmesi Gereken Tarihi Rotalar\u0131[:en]T\u00fcrkiye\u2019nin G\u00f6r\u00fclmesi Gereken Tarihi Rotalar\u0131[:] - JULES VERNE BUSINESS MICE TRAVEL\",\"isPartOf\":{\"@id\":\"https:\/\/julesverne.com.tr\/#website\"},\"primaryImageOfPage\":{\"@id\":\"https:\/\/julesverne.com.tr\/travel-blog\/turkiyenin-gorulmesi-gereken-tarihi-rotalari\/#primaryimage\"},\"image\":{\"@id\":\"https:\/\/julesverne.com.tr\/travel-blog\/turkiyenin-gorulmesi-gereken-tarihi-rotalari\/#primaryimage\"},\"thumbnailUrl\":\"https:\/\/julesverne.com.tr\/wp-content\/uploads\/2020\/11\/1546425490-hattusa2-kucuk-boyut.jpg\",\"datePublished\":\"2022-11-06T05:00:00+00:00\",\"dateModified\":\"2022-11-08T09:50:21+00:00\",\"description\":\"Nemrut Da\u011f\u0131\u2019ndan Antakya\u2019ya, Mardin\u2019den \u015eanl\u0131urfa'ya, Hattuta\u015f'tan Safranbolu'ya T\u00fcrkiye'nin tarihi yerler k\u0131lavuzu\u2026\",\"breadcrumb\":{\"@id\":\"https:\/\/julesverne.com.tr\/travel-blog\/turkiyenin-gorulmesi-gereken-tarihi-rotalari\/#breadcrumb\"},\"inLanguage\":\"en-US\",\"potentialAction\":[{\"@type\":\"ReadAction\",\"target\":[\"https:\/\/julesverne.com.tr\/travel-blog\/turkiyenin-gorulmesi-gereken-tarihi-rotalari\/\"]}]},{\"@type\":\"ImageObject\",\"inLanguage\":\"en-US\",\"@id\":\"https:\/\/julesverne.com.tr\/travel-blog\/turkiyenin-gorulmesi-gereken-tarihi-rotalari\/#primaryimage\",\"url\":\"https:\/\/julesverne.com.tr\/wp-content\/uploads\/2020\/11\/1546425490-hattusa2-kucuk-boyut.jpg\",\"contentUrl\":\"https:\/\/julesverne.com.tr\/wp-content\/uploads\/2020\/11\/1546425490-hattusa2-kucuk-boyut.jpg\",\"width\":1000,\"height\":687},{\"@type\":\"BreadcrumbList\",\"@id\":\"https:\/\/julesverne.com.tr\/travel-blog\/turkiyenin-gorulmesi-gereken-tarihi-rotalari\/#breadcrumb\",\"itemListElement\":[{\"@type\":\"ListItem\",\"position\":1,\"name\":\"Anasayfa\",\"item\":\"https:\/\/julesverne.com.tr\/\"},{\"@type\":\"ListItem\",\"position\":2,\"name\":\"T\u00fcrkiye\u2019nin Mutlaka G\u00f6r\u00fclmesi Gereken Tarihi Rotalar\u0131\"}]},{\"@type\":\"WebSite\",\"@id\":\"https:\/\/julesverne.com.tr\/#website\",\"url\":\"https:\/\/julesverne.com.tr\/\",\"name\":\"JULES VERNE BUSINESS MICE TRAVEL\",\"description\":\"\",\"publisher\":{\"@id\":\"https:\/\/julesverne.com.tr\/#organization\"},\"potentialAction\":[{\"@type\":\"SearchAction\",\"target\":{\"@type\":\"EntryPoint\",\"urlTemplate\":\"https:\/\/julesverne.com.tr\/?s={search_term_string}\"},\"query-input\":\"required name=search_term_string\"}],\"inLanguage\":\"en-US\"},{\"@type\":\"Organization\",\"@id\":\"https:\/\/julesverne.com.tr\/#organization\",\"name\":\"JULES VERNE BUSINESS MICE TRAVEL\",\"url\":\"https:\/\/julesverne.com.tr\/\",\"logo\":{\"@type\":\"ImageObject\",\"inLanguage\":\"en-US\",\"@id\":\"https:\/\/julesverne.com.tr\/#\/schema\/logo\/image\/\",\"url\":\"https:\/\/julesverne.com.tr\/wp-content\/uploads\/2020\/09\/jv-bmt-logo.png\",\"contentUrl\":\"https:\/\/julesverne.com.tr\/wp-content\/uploads\/2020\/09\/jv-bmt-logo.png\",\"width\":110,\"height\":81,\"caption\":\"JULES VERNE BUSINESS MICE TRAVEL\"},\"image\":{\"@id\":\"https:\/\/julesverne.com.tr\/#\/schema\/logo\/image\/\"},\"sameAs\":[\"https:\/\/www.facebook.com\/JulesVerneBusinessMiceTravel\/\",\"https:\/\/twitter.com\/JV_BusinessMice\",\"https:\/\/www.instagram.com\/julesvernebusinessmicetravel\/\",\"https:\/\/www.linkedin.com\/company\/julesvernebusinessmicetravel\/\",\"https:\/\/www.youtube.com\/channel\/UCAwdsmbZ6tFhu1tea6pkpiw\"]},{\"@type\":\"Person\",\"@id\":\"https:\/\/julesverne.com.tr\/#\/schema\/person\/f4eb0514ae455538644c31b99a466fdb\",\"name\":\"fikirman\",\"sameAs\":[\"http:\/\/advermedya.net\/julesverne\"],\"url\":\"https:\/\/julesverne.com.tr\/en\/author\/fikirman\/\"}]}<\/script>\n<!-- \/ Yoast SEO plugin. -->","yoast_head_json":{"title":"[:tr]T\u00fcrkiye\u2019nin Mutlaka G\u00f6r\u00fclmesi Gereken Tarihi Rotalar\u0131[:en]T\u00fcrkiye\u2019nin G\u00f6r\u00fclmesi Gereken Tarihi Rotalar\u0131[:] - JULES VERNE BUSINESS MICE TRAVEL","description":"Nemrut Da\u011f\u0131\u2019ndan Antakya\u2019ya, Mardin\u2019den \u015eanl\u0131urfa'ya, Hattuta\u015f'tan Safranbolu'ya T\u00fcrkiye'nin tarihi yerler k\u0131lavuzu\u2026","robots":{"index":"index","follow":"follow","max-snippet":"max-snippet:-1","max-image-preview":"max-image-preview:large","max-video-preview":"max-video-preview:-1"},"canonical":"https:\/\/julesverne.com.tr\/travel-blog\/turkiyenin-gorulmesi-gereken-tarihi-rotalari\/","og_locale":"en_US","og_type":"article","og_title":"[:tr]T\u00fcrkiye\u2019nin Mutlaka G\u00f6r\u00fclmesi Gereken Tarihi Rotalar\u0131[:en]T\u00fcrkiye\u2019nin G\u00f6r\u00fclmesi Gereken Tarihi Rotalar\u0131[:] - JULES VERNE BUSINESS MICE TRAVEL","og_description":"Nemrut Da\u011f\u0131\u2019ndan Antakya\u2019ya, Mardin\u2019den \u015eanl\u0131urfa'ya, Hattuta\u015f'tan Safranbolu'ya T\u00fcrkiye'nin tarihi yerler k\u0131lavuzu\u2026","og_url":"https:\/\/julesverne.com.tr\/travel-blog\/turkiyenin-gorulmesi-gereken-tarihi-rotalari\/","og_site_name":"JULES VERNE BUSINESS MICE TRAVEL","article_publisher":"https:\/\/www.facebook.com\/JulesVerneBusinessMiceTravel\/","article_published_time":"2022-11-06T05:00:00+00:00","article_modified_time":"2022-11-08T09:50:21+00:00","og_image":[{"width":1000,"height":687,"url":"https:\/\/julesverne.com.tr\/wp-content\/uploads\/2020\/11\/1546425490-hattusa2-kucuk-boyut.jpg","type":"image\/jpeg"}],"author":"fikirman","twitter_card":"summary_large_image","twitter_creator":"@JV_BusinessMice","twitter_site":"@JV_BusinessMice","twitter_misc":{"Written by":"fikirman","Est. reading time":"10 minutes"},"schema":{"@context":"https:\/\/schema.org","@graph":[{"@type":"Article","@id":"https:\/\/julesverne.com.tr\/travel-blog\/turkiyenin-gorulmesi-gereken-tarihi-rotalari\/#article","isPartOf":{"@id":"https:\/\/julesverne.com.tr\/travel-blog\/turkiyenin-gorulmesi-gereken-tarihi-rotalari\/"},"author":{"name":"fikirman","@id":"https:\/\/julesverne.com.tr\/#\/schema\/person\/f4eb0514ae455538644c31b99a466fdb"},"headline":"T\u00fcrkiye\u2019nin G\u00f6r\u00fclmesi Gereken Tarihi Rotalar\u0131","datePublished":"2022-11-06T05:00:00+00:00","dateModified":"2022-11-08T09:50:21+00:00","mainEntityOfPage":{"@id":"https:\/\/julesverne.com.tr\/travel-blog\/turkiyenin-gorulmesi-gereken-tarihi-rotalari\/"},"wordCount":3244,"publisher":{"@id":"https:\/\/julesverne.com.tr\/#organization"},"image":{"@id":"https:\/\/julesverne.com.tr\/travel-blog\/turkiyenin-gorulmesi-gereken-tarihi-rotalari\/#primaryimage"},"thumbnailUrl":"https:\/\/julesverne.com.tr\/wp-content\/uploads\/2020\/11\/1546425490-hattusa2-kucuk-boyut.jpg","keywords":["\u0130lham Veren Destinasyonlar","T\u00fcrkiye"],"articleSection":["\u0130lham Veren Destinasyonlar","Blog","Nereye Gitsek?"],"inLanguage":"en-US"},{"@type":"WebPage","@id":"https:\/\/julesverne.com.tr\/travel-blog\/turkiyenin-gorulmesi-gereken-tarihi-rotalari\/","url":"https:\/\/julesverne.com.tr\/travel-blog\/turkiyenin-gorulmesi-gereken-tarihi-rotalari\/","name":"[:tr]T\u00fcrkiye\u2019nin Mutlaka G\u00f6r\u00fclmesi Gereken Tarihi Rotalar\u0131[:en]T\u00fcrkiye\u2019nin G\u00f6r\u00fclmesi Gereken Tarihi Rotalar\u0131[:] - JULES VERNE BUSINESS MICE TRAVEL","isPartOf":{"@id":"https:\/\/julesverne.com.tr\/#website"},"primaryImageOfPage":{"@id":"https:\/\/julesverne.com.tr\/travel-blog\/turkiyenin-gorulmesi-gereken-tarihi-rotalari\/#primaryimage"},"image":{"@id":"https:\/\/julesverne.com.tr\/travel-blog\/turkiyenin-gorulmesi-gereken-tarihi-rotalari\/#primaryimage"},"thumbnailUrl":"https:\/\/julesverne.com.tr\/wp-content\/uploads\/2020\/11\/1546425490-hattusa2-kucuk-boyut.jpg","datePublished":"2022-11-06T05:00:00+00:00","dateModified":"2022-11-08T09:50:21+00:00","description":"Nemrut Da\u011f\u0131\u2019ndan Antakya\u2019ya, Mardin\u2019den \u015eanl\u0131urfa'ya, Hattuta\u015f'tan Safranbolu'ya T\u00fcrkiye'nin tarihi yerler k\u0131lavuzu\u2026","breadcrumb":{"@id":"https:\/\/julesverne.com.tr\/travel-blog\/turkiyenin-gorulmesi-gereken-tarihi-rotalari\/#breadcrumb"},"inLanguage":"en-US","potentialAction":[{"@type":"ReadAction","target":["https:\/\/julesverne.com.tr\/travel-blog\/turkiyenin-gorulmesi-gereken-tarihi-rotalari\/"]}]},{"@type":"ImageObject","inLanguage":"en-US","@id":"https:\/\/julesverne.com.tr\/travel-blog\/turkiyenin-gorulmesi-gereken-tarihi-rotalari\/#primaryimage","url":"https:\/\/julesverne.com.tr\/wp-content\/uploads\/2020\/11\/1546425490-hattusa2-kucuk-boyut.jpg","contentUrl":"https:\/\/julesverne.com.tr\/wp-content\/uploads\/2020\/11\/1546425490-hattusa2-kucuk-boyut.jpg","width":1000,"height":687},{"@type":"BreadcrumbList","@id":"https:\/\/julesverne.com.tr\/travel-blog\/turkiyenin-gorulmesi-gereken-tarihi-rotalari\/#breadcrumb","itemListElement":[{"@type":"ListItem","position":1,"name":"Anasayfa","item":"https:\/\/julesverne.com.tr\/"},{"@type":"ListItem","position":2,"name":"T\u00fcrkiye\u2019nin Mutlaka G\u00f6r\u00fclmesi Gereken Tarihi Rotalar\u0131"}]},{"@type":"WebSite","@id":"https:\/\/julesverne.com.tr\/#website","url":"https:\/\/julesverne.com.tr\/","name":"JULES VERNE BUSINESS MICE TRAVEL","description":"","publisher":{"@id":"https:\/\/julesverne.com.tr\/#organization"},"potentialAction":[{"@type":"SearchAction","target":{"@type":"EntryPoint","urlTemplate":"https:\/\/julesverne.com.tr\/?s={search_term_string}"},"query-input":"required name=search_term_string"}],"inLanguage":"en-US"},{"@type":"Organization","@id":"https:\/\/julesverne.com.tr\/#organization","name":"JULES VERNE BUSINESS MICE TRAVEL","url":"https:\/\/julesverne.com.tr\/","logo":{"@type":"ImageObject","inLanguage":"en-US","@id":"https:\/\/julesverne.com.tr\/#\/schema\/logo\/image\/","url":"https:\/\/julesverne.com.tr\/wp-content\/uploads\/2020\/09\/jv-bmt-logo.png","contentUrl":"https:\/\/julesverne.com.tr\/wp-content\/uploads\/2020\/09\/jv-bmt-logo.png","width":110,"height":81,"caption":"JULES VERNE BUSINESS MICE TRAVEL"},"image":{"@id":"https:\/\/julesverne.com.tr\/#\/schema\/logo\/image\/"},"sameAs":["https:\/\/www.facebook.com\/JulesVerneBusinessMiceTravel\/","https:\/\/twitter.com\/JV_BusinessMice","https:\/\/www.instagram.com\/julesvernebusinessmicetravel\/","https:\/\/www.linkedin.com\/company\/julesvernebusinessmicetravel\/","https:\/\/www.youtube.com\/channel\/UCAwdsmbZ6tFhu1tea6pkpiw"]},{"@type":"Person","@id":"https:\/\/julesverne.com.tr\/#\/schema\/person\/f4eb0514ae455538644c31b99a466fdb","name":"fikirman","sameAs":["http:\/\/advermedya.net\/julesverne"],"url":"https:\/\/julesverne.com.tr\/en\/author\/fikirman\/"}]}},"_links":{"self":[{"href":"https:\/\/julesverne.com.tr\/en\/wp-json\/wp\/v2\/posts\/6842"}],"collection":[{"href":"https:\/\/julesverne.com.tr\/en\/wp-json\/wp\/v2\/posts"}],"about":[{"href":"https:\/\/julesverne.com.tr\/en\/wp-json\/wp\/v2\/types\/post"}],"author":[{"embeddable":true,"href":"https:\/\/julesverne.com.tr\/en\/wp-json\/wp\/v2\/users\/1"}],"replies":[{"embeddable":true,"href":"https:\/\/julesverne.com.tr\/en\/wp-json\/wp\/v2\/comments?post=6842"}],"version-history":[{"count":2,"href":"https:\/\/julesverne.com.tr\/en\/wp-json\/wp\/v2\/posts\/6842\/revisions"}],"predecessor-version":[{"id":14327,"href":"https:\/\/julesverne.com.tr\/en\/wp-json\/wp\/v2\/posts\/6842\/revisions\/14327"}],"wp:featuredmedia":[{"embeddable":true,"href":"https:\/\/julesverne.com.tr\/en\/wp-json\/wp\/v2\/media\/7442"}],"wp:attachment":[{"href":"https:\/\/julesverne.com.tr\/en\/wp-json\/wp\/v2\/media?parent=6842"}],"wp:term":[{"taxonomy":"category","embeddable":true,"href":"https:\/\/julesverne.com.tr\/en\/wp-json\/wp\/v2\/categories?post=6842"},{"taxonomy":"post_tag","embeddable":true,"href":"https:\/\/julesverne.com.tr\/en\/wp-json\/wp\/v2\/tags?post=6842"}],"curies":[{"name":"wp","href":"https:\/\/api.w.org\/{rel}","templated":true}]}}