{"id":6820,"date":"2020-09-23T00:00:00","date_gmt":"2020-09-22T21:00:00","guid":{"rendered":"https:\/\/www.julesverne.com.tr\/\/blog\/adriyatikin-incisi-montenegroya-seyahatler-yeniden-basladi\/"},"modified":"2021-07-09T11:11:02","modified_gmt":"2021-07-09T08:11:02","slug":"adriyatikin-incisi-montenegroya-seyahatler-yeniden-basladi","status":"publish","type":"post","link":"https:\/\/julesverne.com.tr\/en\/travel-blog\/adriyatikin-incisi-montenegroya-seyahatler-yeniden-basladi\/","title":{"rendered":"Adriyatik&#8217;in \u0130ncisi Montenegro&#8217;ya Seyahatler Yeniden Ba\u015flad\u0131!"},"content":{"rendered":"<p style=\"text-align: center;\"><img loading=\"lazy\" decoding=\"async\" class=\"alignnone size-full wp-image-7156\" title=\"T\u00fcrk Hava Yollar\u0131 B\u00fcy\u00fck Bahar \u0130ndirimi \u0130le Yurt \u0130\u00e7i U\u00e7u\u015flarda %30 \u0130ndirim F\u0131rsat\u0131\" src=\"https:\/\/www.julesverne.com.tr\/\/wp-content\/uploads\/2021\/02\/unnamed-file-44.jpg\" alt=\"T\u00fcrk Hava Yollar\u0131 B\u00fcy\u00fck Bahar \u0130ndirimi \u0130le Yurt \u0130\u00e7i U\u00e7u\u015flarda %30 \u0130ndirim F\u0131rsat\u0131\" width=\"1001\" height=\"667\" srcset=\"https:\/\/julesverne.com.tr\/wp-content\/uploads\/2021\/02\/unnamed-file-44.jpg 1001w, https:\/\/julesverne.com.tr\/wp-content\/uploads\/2021\/02\/unnamed-file-44-500x333.jpg 500w, https:\/\/julesverne.com.tr\/wp-content\/uploads\/2021\/02\/unnamed-file-44-768x512.jpg 768w\" sizes=\"(max-width: 1001px) 100vw, 1001px\" \/><\/p>\n<p>Hepimiz \u00f6zg\u00fcrce seyahat edebilmeyi \u00e7ok \u00f6zledik! S\u0131n\u0131rlar\u0131 a\u015f\u0131p, 1 saat 45 dakika s\u00fcren k\u0131sa u\u00e7u\u015flarla\u00a0Montenegro&#8217;ya (Karada\u011f)\u00a0yolculu\u011fa ne dersiniz? G\u00fczel koylar\u0131, i\u00e7inizi \u0131s\u0131tan g\u00fcne\u015fi, etkileyici mimarisi ile Frans\u0131z Rivieras\u0131&#8217;n\u0131 and\u0131ran Montenegro, Adritiyatik K\u0131y\u0131lar\u0131&#8217;n\u0131n g\u00f6zdesi! T\u00fcrk vatanda\u015flar\u0131n\u0131n vizesiz gidebildi\u011fi \u00fclkeler aras\u0131nda yer alan\u00a0Montenegro\u00a0\u0130stanbul Havaliman\u0131\u2019ndan T\u00fcrk Hava Yollar\u0131\u2019n\u0131n seferleri haftada 4 g\u00fcn olmak \u00fczere yeniden ba\u015flad\u0131. Seyahatinizden \u00f6nceki 15 g\u00fcn\u00fc T\u00fcrkiye\u2019de ge\u00e7irmek \u015fart\u0131yla\u00a0Montenegro&#8217;ya seyahat edebilirsiniz.<\/p>\n<h4><strong>Peki,\u00a0Montenegro\u00a0nas\u0131l bir \u00fclke?<\/strong><\/h4>\n<p style=\"text-align: center;\"><strong><img loading=\"lazy\" decoding=\"async\" class=\"alignnone size-full wp-image-7158\" title=\"T\u00fcrk Hava Yollar\u0131 B\u00fcy\u00fck Bahar \u0130ndirimi \u0130le Yurt \u0130\u00e7i U\u00e7u\u015flarda %30 \u0130ndirim F\u0131rsat\u0131\" src=\"https:\/\/www.julesverne.com.tr\/\/wp-content\/uploads\/2021\/02\/turk-hava-yollari-buyuk-bahar-indirimi-ile-yurt-ici-ucuslarda-0-indirim-firsati-281.jpg\" alt=\"T\u00fcrk Hava Yollar\u0131 B\u00fcy\u00fck Bahar \u0130ndirimi \u0130le Yurt \u0130\u00e7i U\u00e7u\u015flarda %30 \u0130ndirim F\u0131rsat\u0131\" width=\"994\" height=\"780\" srcset=\"https:\/\/julesverne.com.tr\/wp-content\/uploads\/2021\/02\/turk-hava-yollari-buyuk-bahar-indirimi-ile-yurt-ici-ucuslarda-0-indirim-firsati-281.jpg 994w, https:\/\/julesverne.com.tr\/wp-content\/uploads\/2021\/02\/turk-hava-yollari-buyuk-bahar-indirimi-ile-yurt-ici-ucuslarda-0-indirim-firsati-281-500x392.jpg 500w, https:\/\/julesverne.com.tr\/wp-content\/uploads\/2021\/02\/turk-hava-yollari-buyuk-bahar-indirimi-ile-yurt-ici-ucuslarda-0-indirim-firsati-281-768x603.jpg 768w\" sizes=\"(max-width: 994px) 100vw, 994px\" \/><\/strong><\/p>\n<p>&#8220;Bu gezegende kara ve denizin bulu\u015ftu\u011fu en g\u00fczel yer Montenegro&#8230;&#8221; Bu s\u00f6zler Lord Byron&#8217;a ait. Montenegro&#8217;yu\u00a0ziyaret etti\u011finizde Byron&#8217;\u0131n benzetmesinin ne kadar yerinde oldu\u011funu kendi g\u00f6zlerinizle g\u00f6rd\u00fc\u011f\u00fcn\u00fczde daha iyi anlayacaks\u0131n\u0131z! Adriyatik k\u0131y\u0131lar\u0131ndaki kom\u015fusu H\u0131rvatistan&#8217;\u0131n g\u00f6lgesinde kalan Montenegro\u00a0asl\u0131nda hayalinizdeki seyahatin kar\u015f\u0131l\u0131\u011f\u0131n\u0131 bulaca\u011f\u0131n\u0131z k\u00fc\u00e7\u00fck ama b\u00fcy\u00fcleyici bir destinasyon.<\/p>\n<p>Deniz tutkunlar\u0131n\u0131 bekleyen alt\u0131n kumlu birbirinden g\u00fczel plajlar\u0131; damak zevkine d\u00fc\u015fk\u00fcnleri mutlu edecek \u0130talyan, Yunan, T\u00fcrk ve Balkanlar etkisindeki zengin mutfa\u011f\u0131; tam bir do\u011fa ve spor a\u015f\u0131\u011f\u0131y\u0131m diyenleri heyecanland\u0131racak do\u011fal parklar\u0131 ve aktiviteleri; &#8220;burada ya\u015famak nas\u0131l olurdu&#8221; dedirtecek k\u00fc\u00e7\u00fck ve sevimli sahil kasabalar\u0131; tarih ve k\u00fclt\u00fcr sevdal\u0131lar\u0131na yeni pencereler a\u00e7acak tarihi ve mimarisi ile Montenegro&#8217;yu\u00a0sevmek i\u00e7in sebebimiz \u00e7ok.<\/p>\n<h4><strong><em>&#8220;Montenegro&#8217;da nereye gitmeli,\u00a0mutlaka g\u00f6r\u00fclmesi gereken yerler, Montenegro&#8217;da nerede kalmal\u0131?&#8221;\u00a0<\/em>diyorsan\u0131z bu yaz\u0131 tam size g\u00f6re. Montenegro seyahatinden \u00f6nce bu \u00f6nerilerimizi mutlaka okumal\u0131s\u0131n\u0131z!<\/strong><\/h4>\n<p style=\"text-align: justify;\"><strong>Kotor<\/strong><\/p>\n<p style=\"text-align: center;\"><strong><img loading=\"lazy\" decoding=\"async\" class=\"alignnone size-full wp-image-7161\" title=\"T\u00fcrk Hava Yollar\u0131 B\u00fcy\u00fck Bahar \u0130ndirimi \u0130le Yurt \u0130\u00e7i U\u00e7u\u015flarda %30 \u0130ndirim F\u0131rsat\u0131\" src=\"https:\/\/www.julesverne.com.tr\/\/wp-content\/uploads\/2021\/02\/turk-hava-yollari-buyuk-bahar-indirimi-ile-yurt-ici-ucuslarda-0-indirim-firsati-284.jpg\" alt=\"T\u00fcrk Hava Yollar\u0131 B\u00fcy\u00fck Bahar \u0130ndirimi \u0130le Yurt \u0130\u00e7i U\u00e7u\u015flarda %30 \u0130ndirim F\u0131rsat\u0131\" width=\"1001\" height=\"667\" srcset=\"https:\/\/julesverne.com.tr\/wp-content\/uploads\/2021\/02\/turk-hava-yollari-buyuk-bahar-indirimi-ile-yurt-ici-ucuslarda-0-indirim-firsati-284.jpg 1001w, https:\/\/julesverne.com.tr\/wp-content\/uploads\/2021\/02\/turk-hava-yollari-buyuk-bahar-indirimi-ile-yurt-ici-ucuslarda-0-indirim-firsati-284-500x333.jpg 500w, https:\/\/julesverne.com.tr\/wp-content\/uploads\/2021\/02\/turk-hava-yollari-buyuk-bahar-indirimi-ile-yurt-ici-ucuslarda-0-indirim-firsati-284-768x512.jpg 768w\" sizes=\"(max-width: 1001px) 100vw, 1001px\" \/><\/strong><\/p>\n<p>Dramatik da\u011f manzaralar\u0131yla \u00e7evrili, harika bir k\u00f6rfez manzaras\u0131 ile \u00f6d\u00fcllendirilen Kotor kartpostallarda g\u00f6r\u00fcnd\u00fc\u011f\u00fcnden daha g\u00fczel, arka plan resmi yap\u0131p, hayallere dalacak kadar b\u00fcy\u00fcleyici. UNESCO D\u00fcnya Miras\u0131 Listesi&#8217;nde yer alan Kotor&#8217;un tarihi merkezi ise g\u00f6r\u00fclmeye de\u011fer. Kiliselere, tarihi evlere, saraylara a\u00e7\u0131lan labirenti and\u0131ran ta\u015f sokaklar\u0131 ile ger\u00e7ekten zamanda yolculu\u011fa \u00e7\u0131km\u0131\u015f gibi hissettiriyor.<\/p>\n<p><strong>Perast<\/strong><\/p>\n<p style=\"text-align: center;\"><strong><img loading=\"lazy\" decoding=\"async\" class=\"alignnone size-full wp-image-7164\" title=\"T\u00fcrk Hava Yollar\u0131 B\u00fcy\u00fck Bahar \u0130ndirimi \u0130le Yurt \u0130\u00e7i U\u00e7u\u015flarda %30 \u0130ndirim F\u0131rsat\u0131\" src=\"https:\/\/www.julesverne.com.tr\/\/wp-content\/uploads\/2021\/02\/turk-hava-yollari-buyuk-bahar-indirimi-ile-yurt-ici-ucuslarda-0-indirim-firsati-286.jpg\" alt=\"T\u00fcrk Hava Yollar\u0131 B\u00fcy\u00fck Bahar \u0130ndirimi \u0130le Yurt \u0130\u00e7i U\u00e7u\u015flarda %30 \u0130ndirim F\u0131rsat\u0131\" width=\"1001\" height=\"750\" srcset=\"https:\/\/julesverne.com.tr\/wp-content\/uploads\/2021\/02\/turk-hava-yollari-buyuk-bahar-indirimi-ile-yurt-ici-ucuslarda-0-indirim-firsati-286.jpg 1001w, https:\/\/julesverne.com.tr\/wp-content\/uploads\/2021\/02\/turk-hava-yollari-buyuk-bahar-indirimi-ile-yurt-ici-ucuslarda-0-indirim-firsati-286-500x375.jpg 500w, https:\/\/julesverne.com.tr\/wp-content\/uploads\/2021\/02\/turk-hava-yollari-buyuk-bahar-indirimi-ile-yurt-ici-ucuslarda-0-indirim-firsati-286-768x575.jpg 768w\" sizes=\"(max-width: 1001px) 100vw, 1001px\" \/><\/strong><\/p>\n<p>Kotor K\u00f6rfezi&#8217;nin en g\u00fczel kasabalar\u0131ndan biri olan Perast tarihteki ticari ve mimari zenginli\u011fini bug\u00fcn de sahip oldu\u011fu kiliseleri, saraylar\u0131 ile g\u00f6zler \u00f6n\u00fcne seriyor. Saray binalar\u0131 g\u00fcn\u00fcm\u00fczde otel, m\u00fcze olarak de\u011ferlendirilmi\u015f.<\/p>\n<p><strong>Budva<\/strong><\/p>\n<p style=\"text-align: center;\"><strong><img loading=\"lazy\" decoding=\"async\" class=\"alignnone size-full wp-image-7165\" title=\"T\u00fcrk Hava Yollar\u0131 B\u00fcy\u00fck Bahar \u0130ndirimi \u0130le Yurt \u0130\u00e7i U\u00e7u\u015flarda %30 \u0130ndirim F\u0131rsat\u0131\" src=\"https:\/\/www.julesverne.com.tr\/\/wp-content\/uploads\/2021\/02\/turk-hava-yollari-buyuk-bahar-indirimi-ile-yurt-ici-ucuslarda-0-indirim-firsati-287.jpg\" alt=\"T\u00fcrk Hava Yollar\u0131 B\u00fcy\u00fck Bahar \u0130ndirimi \u0130le Yurt \u0130\u00e7i U\u00e7u\u015flarda %30 \u0130ndirim F\u0131rsat\u0131\" width=\"1001\" height=\"667\" srcset=\"https:\/\/julesverne.com.tr\/wp-content\/uploads\/2021\/02\/turk-hava-yollari-buyuk-bahar-indirimi-ile-yurt-ici-ucuslarda-0-indirim-firsati-287.jpg 1001w, https:\/\/julesverne.com.tr\/wp-content\/uploads\/2021\/02\/turk-hava-yollari-buyuk-bahar-indirimi-ile-yurt-ici-ucuslarda-0-indirim-firsati-287-500x333.jpg 500w, https:\/\/julesverne.com.tr\/wp-content\/uploads\/2021\/02\/turk-hava-yollari-buyuk-bahar-indirimi-ile-yurt-ici-ucuslarda-0-indirim-firsati-287-768x512.jpg 768w\" sizes=\"(max-width: 1001px) 100vw, 1001px\" \/><\/strong><\/p>\n<p>Montenegro&#8217;nun\u00a0en \u00e7ok ziyaret\u00e7i \u00e7eken sahil \u015fehri Budva tarihi dokusu, tarihi \u015fehir merkezi Stari Grad ve 15 dakika uzakl\u0131ktaki harika Sveti Stefan Adas\u0131 ile her zaman pop\u00fcler! Yeme-i\u00e7me mek\u00e2nlar\u0131 ve \u00fclkenin hareketli ya\u015fam\u0131na sahip enerjisiyle &#8220;Montenegro&#8217;nun\u00a0Miami&#8217;si&#8221; benzetmesini buraya geldi\u011finizde s\u0131k\u00e7a duyacaks\u0131n\u0131z.<\/p>\n<p><strong>Sveti Stefan<\/strong><\/p>\n<p style=\"text-align: center;\"><strong><img loading=\"lazy\" decoding=\"async\" class=\"alignnone size-full wp-image-7166\" title=\"T\u00fcrk Hava Yollar\u0131 B\u00fcy\u00fck Bahar \u0130ndirimi \u0130le Yurt \u0130\u00e7i U\u00e7u\u015flarda %30 \u0130ndirim F\u0131rsat\u0131\" src=\"https:\/\/www.julesverne.com.tr\/\/wp-content\/uploads\/2021\/02\/turk-hava-yollari-buyuk-bahar-indirimi-ile-yurt-ici-ucuslarda-0-indirim-firsati-288.jpg\" alt=\"T\u00fcrk Hava Yollar\u0131 B\u00fcy\u00fck Bahar \u0130ndirimi \u0130le Yurt \u0130\u00e7i U\u00e7u\u015flarda %30 \u0130ndirim F\u0131rsat\u0131\" width=\"1001\" height=\"628\" srcset=\"https:\/\/julesverne.com.tr\/wp-content\/uploads\/2021\/02\/turk-hava-yollari-buyuk-bahar-indirimi-ile-yurt-ici-ucuslarda-0-indirim-firsati-288.jpg 1001w, https:\/\/julesverne.com.tr\/wp-content\/uploads\/2021\/02\/turk-hava-yollari-buyuk-bahar-indirimi-ile-yurt-ici-ucuslarda-0-indirim-firsati-288-500x314.jpg 500w, https:\/\/julesverne.com.tr\/wp-content\/uploads\/2021\/02\/turk-hava-yollari-buyuk-bahar-indirimi-ile-yurt-ici-ucuslarda-0-indirim-firsati-288-768x482.jpg 768w\" sizes=\"(max-width: 1001px) 100vw, 1001px\" \/><\/strong><\/p>\n<p>Adriyatik k\u0131y\u0131 \u015feridindeki t\u00fcm turistik yerler aras\u0131nda Sveti Stefan tart\u0131\u015fmas\u0131z en s\u0131ra d\u0131\u015f\u0131 lokasyon! Anakaraya dar bir ge\u00e7itle ba\u011flanan ada 15. y\u00fczy\u0131lda in\u015fa edilen ta\u015f villalar\u0131, yemye\u015fil do\u011fas\u0131, aday\u0131 saran harika plajlar\u0131 ile hayranl\u0131k uyand\u0131r\u0131c\u0131. 1950&#8217;li y\u0131llarda kamula\u015ft\u0131r\u0131lan ve daha sonra l\u00fcks otel zinciri Aman taraf\u0131ndan i\u015fletilmeye ba\u015flanan ada jet sosyetenin g\u00f6zdesi. Sadece otel m\u00fc\u015fterilerinin kabul edildi\u011fi Aman Sveti Stefan her \u015feyi unutup, izole ve l\u00fcks tatil yapmak i\u00e7in en do\u011fru adres.<\/p>\n<p><strong>Tivat<\/strong><\/p>\n<p style=\"text-align: center;\"><strong><img loading=\"lazy\" decoding=\"async\" class=\"alignnone size-full wp-image-7169\" title=\"T\u00fcrk Hava Yollar\u0131 B\u00fcy\u00fck Bahar \u0130ndirimi \u0130le Yurt \u0130\u00e7i U\u00e7u\u015flarda %30 \u0130ndirim F\u0131rsat\u0131\" src=\"https:\/\/www.julesverne.com.tr\/\/wp-content\/uploads\/2021\/02\/turk-hava-yollari-buyuk-bahar-indirimi-ile-yurt-ici-ucuslarda-0-indirim-firsati-290.jpg\" alt=\"T\u00fcrk Hava Yollar\u0131 B\u00fcy\u00fck Bahar \u0130ndirimi \u0130le Yurt \u0130\u00e7i U\u00e7u\u015flarda %30 \u0130ndirim F\u0131rsat\u0131\" width=\"1001\" height=\"694\" srcset=\"https:\/\/julesverne.com.tr\/wp-content\/uploads\/2021\/02\/turk-hava-yollari-buyuk-bahar-indirimi-ile-yurt-ici-ucuslarda-0-indirim-firsati-290.jpg 1001w, https:\/\/julesverne.com.tr\/wp-content\/uploads\/2021\/02\/turk-hava-yollari-buyuk-bahar-indirimi-ile-yurt-ici-ucuslarda-0-indirim-firsati-290-500x347.jpg 500w, https:\/\/julesverne.com.tr\/wp-content\/uploads\/2021\/02\/turk-hava-yollari-buyuk-bahar-indirimi-ile-yurt-ici-ucuslarda-0-indirim-firsati-290-768x532.jpg 768w\" sizes=\"(max-width: 1001px) 100vw, 1001px\" \/><\/strong><\/p>\n<p>Montenegro&#8217;nun\u00a0en g\u00fczel k\u0131y\u0131 \u015fehirlerinden olan Tivat, abart\u0131dan uzak olsa da bu rahatl\u0131\u011f\u0131yla olduk\u00e7a &#8220;haval\u0131&#8221;. Modern ve l\u00fcks Porto Montenegro Marina\u2019n\u0131n burada yer almas\u0131yla denizciler ve yat tutkunlar\u0131n\u0131n adresi olan Tivat\u00a0Montenegro&#8217;nun \u00f6nemli noktalar\u0131n\u0131n da merkezinde yer al\u0131yor.<\/p>\n<p><strong>Petrovac<\/strong><\/p>\n<p style=\"text-align: center;\"><strong><img loading=\"lazy\" decoding=\"async\" class=\"alignnone size-full wp-image-7171\" title=\"T\u00fcrk Hava Yollar\u0131 B\u00fcy\u00fck Bahar \u0130ndirimi \u0130le Yurt \u0130\u00e7i U\u00e7u\u015flarda %30 \u0130ndirim F\u0131rsat\u0131\" src=\"https:\/\/www.julesverne.com.tr\/\/wp-content\/uploads\/2021\/02\/turk-hava-yollari-buyuk-bahar-indirimi-ile-yurt-ici-ucuslarda-0-indirim-firsati-292.jpg\" alt=\"T\u00fcrk Hava Yollar\u0131 B\u00fcy\u00fck Bahar \u0130ndirimi \u0130le Yurt \u0130\u00e7i U\u00e7u\u015flarda %30 \u0130ndirim F\u0131rsat\u0131\" width=\"1001\" height=\"662\" srcset=\"https:\/\/julesverne.com.tr\/wp-content\/uploads\/2021\/02\/turk-hava-yollari-buyuk-bahar-indirimi-ile-yurt-ici-ucuslarda-0-indirim-firsati-292.jpg 1001w, https:\/\/julesverne.com.tr\/wp-content\/uploads\/2021\/02\/turk-hava-yollari-buyuk-bahar-indirimi-ile-yurt-ici-ucuslarda-0-indirim-firsati-292-500x331.jpg 500w, https:\/\/julesverne.com.tr\/wp-content\/uploads\/2021\/02\/turk-hava-yollari-buyuk-bahar-indirimi-ile-yurt-ici-ucuslarda-0-indirim-firsati-292-768x508.jpg 768w\" sizes=\"(max-width: 1001px) 100vw, 1001px\" \/><\/strong><\/p>\n<p>Bir zamanlar Romal\u0131lar\u0131n yazl\u0131k evleri i\u00e7in tercih etti\u011fi Petrovac ge\u00e7mi\u015fin g\u00f6rkemini hala ya\u015fatmaya devam ediyor. Ta\u015f liman\u0131, 16.y\u00fczy\u0131ldan kalma Venedik Kalesi, Akdeniz tabiat\u0131 aras\u0131nda paylayan sahil \u015feridi ve evleriyle\u00a0Montnegro&#8217;nun en g\u00fczel sahil kasabalar\u0131 aras\u0131nda yer al\u0131yor. Kasaba 600 metre uzunlu\u011fundaki plaj\u0131 ve kristal mavi deniziyle me\u015fhur.<\/p>\n<p><strong>Herceg Novi\u00a0<\/strong><\/p>\n<p style=\"text-align: center;\"><strong><img loading=\"lazy\" decoding=\"async\" class=\"alignnone size-full wp-image-7173\" title=\"T\u00fcrk Hava Yollar\u0131 B\u00fcy\u00fck Bahar \u0130ndirimi \u0130le Yurt \u0130\u00e7i U\u00e7u\u015flarda %30 \u0130ndirim F\u0131rsat\u0131\" src=\"https:\/\/www.julesverne.com.tr\/\/wp-content\/uploads\/2021\/02\/turk-hava-yollari-buyuk-bahar-indirimi-ile-yurt-ici-ucuslarda-0-indirim-firsati-294.jpg\" alt=\"T\u00fcrk Hava Yollar\u0131 B\u00fcy\u00fck Bahar \u0130ndirimi \u0130le Yurt \u0130\u00e7i U\u00e7u\u015flarda %30 \u0130ndirim F\u0131rsat\u0131\" width=\"1001\" height=\"667\" srcset=\"https:\/\/julesverne.com.tr\/wp-content\/uploads\/2021\/02\/turk-hava-yollari-buyuk-bahar-indirimi-ile-yurt-ici-ucuslarda-0-indirim-firsati-294.jpg 1001w, https:\/\/julesverne.com.tr\/wp-content\/uploads\/2021\/02\/turk-hava-yollari-buyuk-bahar-indirimi-ile-yurt-ici-ucuslarda-0-indirim-firsati-294-500x333.jpg 500w, https:\/\/julesverne.com.tr\/wp-content\/uploads\/2021\/02\/turk-hava-yollari-buyuk-bahar-indirimi-ile-yurt-ici-ucuslarda-0-indirim-firsati-294-768x512.jpg 768w\" sizes=\"(max-width: 1001px) 100vw, 1001px\" \/><\/strong><\/p>\n<p>Kotor K\u00f6rfezi&#8217;nin giri\u015finde yer alan Herceg Novi sizi, p\u0131r\u0131l p\u0131r\u0131l parlayan denizi ve her daim g\u00fcne\u015fli havas\u0131yla kar\u015f\u0131l\u0131yor. Tarihi \u015fehir merkezin \u0131\u015f\u0131lt\u0131l\u0131 meydanlar\u0131, zarif kiliseleri, kale binas\u0131 hareketli kafe ve barlar\u0131n enerjisiyle bulu\u015fuyor.<\/p>\n<h4><strong>Peki,\u00a0Montenegro&#8217;da Nerede Kal\u0131n\u0131r?<\/strong><\/h4>\n<p><strong>Aman Sveti Stefan<\/strong><\/p>\n<p style=\"text-align: center;\"><strong><img loading=\"lazy\" decoding=\"async\" class=\"alignnone size-full wp-image-7175\" title=\"T\u00fcrk Hava Yollar\u0131 B\u00fcy\u00fck Bahar \u0130ndirimi \u0130le Yurt \u0130\u00e7i U\u00e7u\u015flarda %30 \u0130ndirim F\u0131rsat\u0131\" src=\"https:\/\/www.julesverne.com.tr\/\/wp-content\/uploads\/2021\/02\/turk-hava-yollari-buyuk-bahar-indirimi-ile-yurt-ici-ucuslarda-0-indirim-firsati-296.jpg\" alt=\"T\u00fcrk Hava Yollar\u0131 B\u00fcy\u00fck Bahar \u0130ndirimi \u0130le Yurt \u0130\u00e7i U\u00e7u\u015flarda %30 \u0130ndirim F\u0131rsat\u0131\" width=\"1024\" height=\"576\" srcset=\"https:\/\/julesverne.com.tr\/wp-content\/uploads\/2021\/02\/turk-hava-yollari-buyuk-bahar-indirimi-ile-yurt-ici-ucuslarda-0-indirim-firsati-296.jpg 1024w, https:\/\/julesverne.com.tr\/wp-content\/uploads\/2021\/02\/turk-hava-yollari-buyuk-bahar-indirimi-ile-yurt-ici-ucuslarda-0-indirim-firsati-296-500x281.jpg 500w, https:\/\/julesverne.com.tr\/wp-content\/uploads\/2021\/02\/turk-hava-yollari-buyuk-bahar-indirimi-ile-yurt-ici-ucuslarda-0-indirim-firsati-296-768x432.jpg 768w, https:\/\/julesverne.com.tr\/wp-content\/uploads\/2021\/02\/turk-hava-yollari-buyuk-bahar-indirimi-ile-yurt-ici-ucuslarda-0-indirim-firsati-296-400x225.jpg 400w\" sizes=\"(max-width: 1024px) 100vw, 1024px\" \/><\/strong><\/p>\n<p>Adriyatik&#8217;in g\u00f6steri\u015fli ada k\u00f6y\u00fc ve kraliyet konutu olan Sveti Stefan, Aman otel zinciri kanatlar\u0131 alt\u0131nda hali haz\u0131rdaki etkileyici atmosferine g\u00f6rkem kat\u0131yor. 15. y\u00fczy\u0131ldan kalma ada kalesi ve ana karada 19. y\u00fczy\u0131ldan kalma Villa Milocer ile 80 d\u00f6n\u00fcml\u00fck arazi \u00fczerinde yer alan Aman Sveti Stefan tek kelimeyle &#8220;b\u00fcy\u00fcleyici&#8221; bir otel.<\/p>\n<p>\u0130zole tatil anlay\u0131\u015f\u0131n\u0131n l\u00fcksle b\u00fct\u00fcnle\u015fti\u011fi otel z\u00fcmr\u00fct ye\u015fili renge sahip 3 plaj\u0131, k\u00f6rfez manzaral\u0131 teraslara sahip restoranlar\u0131, \u00e7am ormanlar\u0131yla \u00e7evrili do\u011fas\u0131, ki\u015fiye \u00f6zel programlar\u0131n sunuldu\u011fu Aman SPA ve geleneksel\u00a0Montenegrolu bal\u0131k\u00e7\u0131lar\u0131n evlerinden esinlenen sade odalar\u0131 Aman Sveti Stefan\u2019\u0131 tamaml\u0131yor.<\/p>\n<p><strong>Villa Geba, Sveti Stefan<\/strong><\/p>\n<p style=\"text-align: center;\"><strong><img loading=\"lazy\" decoding=\"async\" class=\"alignnone size-full wp-image-7177\" title=\"T\u00fcrk Hava Yollar\u0131 B\u00fcy\u00fck Bahar \u0130ndirimi \u0130le Yurt \u0130\u00e7i U\u00e7u\u015flarda %30 \u0130ndirim F\u0131rsat\u0131\" src=\"https:\/\/www.julesverne.com.tr\/\/wp-content\/uploads\/2021\/02\/turk-hava-yollari-buyuk-bahar-indirimi-ile-yurt-ici-ucuslarda-0-indirim-firsati-298.jpg\" alt=\"T\u00fcrk Hava Yollar\u0131 B\u00fcy\u00fck Bahar \u0130ndirimi \u0130le Yurt \u0130\u00e7i U\u00e7u\u015flarda %30 \u0130ndirim F\u0131rsat\u0131\" width=\"1024\" height=\"687\" srcset=\"https:\/\/julesverne.com.tr\/wp-content\/uploads\/2021\/02\/turk-hava-yollari-buyuk-bahar-indirimi-ile-yurt-ici-ucuslarda-0-indirim-firsati-298.jpg 1024w, https:\/\/julesverne.com.tr\/wp-content\/uploads\/2021\/02\/turk-hava-yollari-buyuk-bahar-indirimi-ile-yurt-ici-ucuslarda-0-indirim-firsati-298-500x335.jpg 500w, https:\/\/julesverne.com.tr\/wp-content\/uploads\/2021\/02\/turk-hava-yollari-buyuk-bahar-indirimi-ile-yurt-ici-ucuslarda-0-indirim-firsati-298-768x515.jpg 768w\" sizes=\"(max-width: 1024px) 100vw, 1024px\" \/><\/strong><\/p>\n<p>Adriyatik Denizi&#8217;ne bakan, zeytin a\u011fa\u00e7lar\u0131 aras\u0131nda gizli bir s\u0131\u011f\u0131nak olan Villa Geba misafirlerini Sveti Stefan Yar\u0131madas\u0131 ve mavi lag\u00fcn manzaralar\u0131 ile kar\u015f\u0131l\u0131yor. Karada\u011f&#8217;\u0131n k\u00fclt\u00fcrel referanslar\u0131 ile dolu olan otelin \u015f\u0131k mimarisi Roma s\u00fctunlar\u0131 ve modern minimalist yakla\u015f\u0131m ile ortaya \u00e7\u0131km\u0131\u015f. 8 odas\u0131n\u0131n her biri sanki sizi yepyeni d\u00fcnyalara yolculu\u011fa \u00e7\u0131kar\u0131yormu\u015f gibi hissettiriyor.<\/p>\n<p><strong>Palazzo Radomiri, Kotor<\/strong><\/p>\n<p style=\"text-align: center;\"><strong><img loading=\"lazy\" decoding=\"async\" class=\"alignnone size-full wp-image-7179\" title=\"T\u00fcrk Hava Yollar\u0131 B\u00fcy\u00fck Bahar \u0130ndirimi \u0130le Yurt \u0130\u00e7i U\u00e7u\u015flarda %30 \u0130ndirim F\u0131rsat\u0131\" src=\"https:\/\/www.julesverne.com.tr\/\/wp-content\/uploads\/2021\/02\/turk-hava-yollari-buyuk-bahar-indirimi-ile-yurt-ici-ucuslarda-0-indirim-firsati-300.jpg\" alt=\"T\u00fcrk Hava Yollar\u0131 B\u00fcy\u00fck Bahar \u0130ndirimi \u0130le Yurt \u0130\u00e7i U\u00e7u\u015flarda %30 \u0130ndirim F\u0131rsat\u0131\" width=\"1280\" height=\"853\" srcset=\"https:\/\/julesverne.com.tr\/wp-content\/uploads\/2021\/02\/turk-hava-yollari-buyuk-bahar-indirimi-ile-yurt-ici-ucuslarda-0-indirim-firsati-300.jpg 1280w, https:\/\/julesverne.com.tr\/wp-content\/uploads\/2021\/02\/turk-hava-yollari-buyuk-bahar-indirimi-ile-yurt-ici-ucuslarda-0-indirim-firsati-300-500x333.jpg 500w, https:\/\/julesverne.com.tr\/wp-content\/uploads\/2021\/02\/turk-hava-yollari-buyuk-bahar-indirimi-ile-yurt-ici-ucuslarda-0-indirim-firsati-300-768x512.jpg 768w\" sizes=\"(max-width: 1280px) 100vw, 1280px\" \/><\/strong><\/p>\n<p>Kotor K\u00f6rfezi&#8217;ne bakan, 18. y\u00fczy\u0131l Barok tarz\u0131 ta\u015f binada yer alan Palazzo Radomiri konumu, stili ve romantik ambiyans\u0131yla \u00f6zellikle \u00e7iftlerin g\u00f6zdesi. Kotor&#8217;un sevimli sahil kasabas\u0131 Dobrota&#8217;da yer alan otel Kotor&#8217;un tarihi \u015fehir merkezine sadece birka\u00e7 kilometre uzakl\u0131kta. 1720&#8217;li y\u0131llarda aristokratlar i\u00e7in in\u015fa edilen bir binada yer alan Palazzo Radomiri yenilenerek 10 odal\u0131 butik otele d\u00f6n\u00fc\u015ft\u00fcr\u00fclm\u00fc\u015f. Birbirinden farkl\u0131 dekorasyona sahip olan odalar ilham\u0131n\u0131 Barok D\u00f6nemi&#8217;nden al\u0131yor. Kendine ait plaj\u0131 sizi Adriyatik\u2019in tertemiz sularla bulu\u015fturuyor.<\/p>\n<h2 style=\"text-align: left;\"><strong>COVID-19 tedbirleri kapsam\u0131nda \u00fclkelerin giri\u015f kurallar\u0131, \u00fclkelerin resmi mercileri taraf\u0131ndan g\u00fcnl\u00fck veya anl\u0131k olarak de\u011fi\u015ftirilebilmektedir.<\/strong><\/h2>\n<p style=\"text-align: center;\"><strong>Seyahat etmek istedi\u011finiz destinasyona ili\u015fkin bilgi ve sorular\u0131n\u0131z i\u00e7in:\u00a0<a href=\"mailto:travel@julesverne.com.tr\">travel@julesverne.com.tr<\/a><\/strong><\/p>\n<p style=\"text-align: center;\"><strong>Vize ile ilgili detayl\u0131 bilgi ve sorular\u0131n\u0131z i\u00e7in:\u00a0<a href=\"mailto:Vize.Bolumu@julesverne.com.tr\">Vize.Bolumu@julesverne.com.tr<\/a><\/strong><\/p>\n<p style=\"text-align: center;\">\n","protected":false},"excerpt":{"rendered":"<p>T&uuml;rk vatanda\u015flar\u0131n\u0131n vizesiz gidebildi\u011fi &uuml;lkeler aras\u0131nda yer alan&nbsp;Montenegro&#8217;ya \u0130stanbul Havaliman\u0131&rsquo;ndan T&uuml;rk Hava Yollar\u0131&rsquo;n\u0131n seferleri haftada 4 g&uuml;n olmak &uuml;zere yeniden ba\u015flad\u0131.&nbsp;<\/p>\n","protected":false},"author":1,"featured_media":6821,"comment_status":"closed","ping_status":"closed","sticky":false,"template":"","format":"standard","meta":{"inline_featured_image":false,"footnotes":""},"categories":[38,1,4,39,5],"tags":[],"acf":[],"yoast_head":"<!-- This site is optimized with the Yoast SEO plugin v22.3 - https:\/\/yoast.com\/wordpress\/plugins\/seo\/ -->\n<title>Adriyatik&#039;in \u0130ncisi Montenegro&#039;ya Seyahatler Yeniden Ba\u015flad\u0131! - JULES VERNE BUSINESS MICE TRAVEL<\/title>\n<meta name=\"robots\" content=\"index, follow, max-snippet:-1, max-image-preview:large, max-video-preview:-1\" \/>\n<link rel=\"canonical\" href=\"https:\/\/julesverne.com.tr\/travel-blog\/adriyatikin-incisi-montenegroya-seyahatler-yeniden-basladi\/\" \/>\n<meta property=\"og:locale\" content=\"en_US\" \/>\n<meta property=\"og:type\" content=\"article\" \/>\n<meta property=\"og:title\" content=\"Adriyatik&#039;in \u0130ncisi Montenegro&#039;ya Seyahatler Yeniden Ba\u015flad\u0131! - JULES VERNE BUSINESS MICE TRAVEL\" \/>\n<meta property=\"og:description\" content=\"T&uuml;rk vatanda\u015flar\u0131n\u0131n vizesiz gidebildi\u011fi &uuml;lkeler aras\u0131nda yer alan&nbsp;Montenegro&#039;ya \u0130stanbul Havaliman\u0131&rsquo;ndan T&uuml;rk Hava Yollar\u0131&rsquo;n\u0131n seferleri haftada 4 g&uuml;n olmak &uuml;zere yeniden ba\u015flad\u0131.&nbsp;\" \/>\n<meta property=\"og:url\" content=\"https:\/\/julesverne.com.tr\/travel-blog\/adriyatikin-incisi-montenegroya-seyahatler-yeniden-basladi\/\" \/>\n<meta property=\"og:site_name\" content=\"JULES VERNE BUSINESS MICE TRAVEL\" \/>\n<meta property=\"article:publisher\" content=\"https:\/\/www.facebook.com\/JulesVerneBusinessMiceTravel\/\" \/>\n<meta property=\"article:published_time\" content=\"2020-09-22T21:00:00+00:00\" \/>\n<meta property=\"article:modified_time\" content=\"2021-07-09T08:11:02+00:00\" \/>\n<meta property=\"og:image\" content=\"https:\/\/julesverne.com.tr\/wp-content\/uploads\/2021\/02\/montenegromanzara.jpg\" \/>\n\t<meta property=\"og:image:width\" content=\"1001\" \/>\n\t<meta property=\"og:image:height\" content=\"667\" \/>\n\t<meta property=\"og:image:type\" content=\"image\/jpeg\" \/>\n<meta name=\"author\" content=\"fikirman\" \/>\n<meta name=\"twitter:card\" content=\"summary_large_image\" \/>\n<meta name=\"twitter:creator\" content=\"@JV_BusinessMice\" \/>\n<meta name=\"twitter:site\" content=\"@JV_BusinessMice\" \/>\n<meta name=\"twitter:label1\" content=\"Written by\" \/>\n\t<meta name=\"twitter:data1\" content=\"fikirman\" \/>\n\t<meta name=\"twitter:label2\" content=\"Est. reading time\" \/>\n\t<meta name=\"twitter:data2\" content=\"6 minutes\" \/>\n<script type=\"application\/ld+json\" class=\"yoast-schema-graph\">{\"@context\":\"https:\/\/schema.org\",\"@graph\":[{\"@type\":\"Article\",\"@id\":\"https:\/\/julesverne.com.tr\/travel-blog\/adriyatikin-incisi-montenegroya-seyahatler-yeniden-basladi\/#article\",\"isPartOf\":{\"@id\":\"https:\/\/julesverne.com.tr\/travel-blog\/adriyatikin-incisi-montenegroya-seyahatler-yeniden-basladi\/\"},\"author\":{\"name\":\"fikirman\",\"@id\":\"https:\/\/julesverne.com.tr\/#\/schema\/person\/f4eb0514ae455538644c31b99a466fdb\"},\"headline\":\"Adriyatik&#8217;in \u0130ncisi Montenegro&#8217;ya Seyahatler Yeniden Ba\u015flad\u0131!\",\"datePublished\":\"2020-09-22T21:00:00+00:00\",\"dateModified\":\"2021-07-09T08:11:02+00:00\",\"mainEntityOfPage\":{\"@id\":\"https:\/\/julesverne.com.tr\/travel-blog\/adriyatikin-incisi-montenegroya-seyahatler-yeniden-basladi\/\"},\"wordCount\":1087,\"publisher\":{\"@id\":\"https:\/\/julesverne.com.tr\/#organization\"},\"image\":{\"@id\":\"https:\/\/julesverne.com.tr\/travel-blog\/adriyatikin-incisi-montenegroya-seyahatler-yeniden-basladi\/#primaryimage\"},\"thumbnailUrl\":\"https:\/\/julesverne.com.tr\/wp-content\/uploads\/2021\/02\/montenegromanzara.jpg\",\"articleSection\":[\"\u0130lham Veren Destinasyonlar\",\"Blog\",\"Mice Haberler\",\"Nereye Gitsek?\",\"Travel Haberler\"],\"inLanguage\":\"en-US\"},{\"@type\":\"WebPage\",\"@id\":\"https:\/\/julesverne.com.tr\/travel-blog\/adriyatikin-incisi-montenegroya-seyahatler-yeniden-basladi\/\",\"url\":\"https:\/\/julesverne.com.tr\/travel-blog\/adriyatikin-incisi-montenegroya-seyahatler-yeniden-basladi\/\",\"name\":\"Adriyatik'in \u0130ncisi Montenegro'ya Seyahatler Yeniden Ba\u015flad\u0131! - JULES VERNE BUSINESS MICE TRAVEL\",\"isPartOf\":{\"@id\":\"https:\/\/julesverne.com.tr\/#website\"},\"primaryImageOfPage\":{\"@id\":\"https:\/\/julesverne.com.tr\/travel-blog\/adriyatikin-incisi-montenegroya-seyahatler-yeniden-basladi\/#primaryimage\"},\"image\":{\"@id\":\"https:\/\/julesverne.com.tr\/travel-blog\/adriyatikin-incisi-montenegroya-seyahatler-yeniden-basladi\/#primaryimage\"},\"thumbnailUrl\":\"https:\/\/julesverne.com.tr\/wp-content\/uploads\/2021\/02\/montenegromanzara.jpg\",\"datePublished\":\"2020-09-22T21:00:00+00:00\",\"dateModified\":\"2021-07-09T08:11:02+00:00\",\"breadcrumb\":{\"@id\":\"https:\/\/julesverne.com.tr\/travel-blog\/adriyatikin-incisi-montenegroya-seyahatler-yeniden-basladi\/#breadcrumb\"},\"inLanguage\":\"en-US\",\"potentialAction\":[{\"@type\":\"ReadAction\",\"target\":[\"https:\/\/julesverne.com.tr\/travel-blog\/adriyatikin-incisi-montenegroya-seyahatler-yeniden-basladi\/\"]}]},{\"@type\":\"ImageObject\",\"inLanguage\":\"en-US\",\"@id\":\"https:\/\/julesverne.com.tr\/travel-blog\/adriyatikin-incisi-montenegroya-seyahatler-yeniden-basladi\/#primaryimage\",\"url\":\"https:\/\/julesverne.com.tr\/wp-content\/uploads\/2021\/02\/montenegromanzara.jpg\",\"contentUrl\":\"https:\/\/julesverne.com.tr\/wp-content\/uploads\/2021\/02\/montenegromanzara.jpg\",\"width\":1001,\"height\":667},{\"@type\":\"BreadcrumbList\",\"@id\":\"https:\/\/julesverne.com.tr\/travel-blog\/adriyatikin-incisi-montenegroya-seyahatler-yeniden-basladi\/#breadcrumb\",\"itemListElement\":[{\"@type\":\"ListItem\",\"position\":1,\"name\":\"Anasayfa\",\"item\":\"https:\/\/julesverne.com.tr\/\"},{\"@type\":\"ListItem\",\"position\":2,\"name\":\"Adriyatik&#8217;in \u0130ncisi Montenegro&#8217;ya Seyahatler Yeniden Ba\u015flad\u0131!\"}]},{\"@type\":\"WebSite\",\"@id\":\"https:\/\/julesverne.com.tr\/#website\",\"url\":\"https:\/\/julesverne.com.tr\/\",\"name\":\"JULES VERNE BUSINESS MICE TRAVEL\",\"description\":\"\",\"publisher\":{\"@id\":\"https:\/\/julesverne.com.tr\/#organization\"},\"potentialAction\":[{\"@type\":\"SearchAction\",\"target\":{\"@type\":\"EntryPoint\",\"urlTemplate\":\"https:\/\/julesverne.com.tr\/?s={search_term_string}\"},\"query-input\":\"required name=search_term_string\"}],\"inLanguage\":\"en-US\"},{\"@type\":\"Organization\",\"@id\":\"https:\/\/julesverne.com.tr\/#organization\",\"name\":\"JULES VERNE BUSINESS MICE TRAVEL\",\"url\":\"https:\/\/julesverne.com.tr\/\",\"logo\":{\"@type\":\"ImageObject\",\"inLanguage\":\"en-US\",\"@id\":\"https:\/\/julesverne.com.tr\/#\/schema\/logo\/image\/\",\"url\":\"https:\/\/julesverne.com.tr\/wp-content\/uploads\/2020\/09\/jv-bmt-logo.png\",\"contentUrl\":\"https:\/\/julesverne.com.tr\/wp-content\/uploads\/2020\/09\/jv-bmt-logo.png\",\"width\":110,\"height\":81,\"caption\":\"JULES VERNE BUSINESS MICE TRAVEL\"},\"image\":{\"@id\":\"https:\/\/julesverne.com.tr\/#\/schema\/logo\/image\/\"},\"sameAs\":[\"https:\/\/www.facebook.com\/JulesVerneBusinessMiceTravel\/\",\"https:\/\/twitter.com\/JV_BusinessMice\",\"https:\/\/www.instagram.com\/julesvernebusinessmicetravel\/\",\"https:\/\/www.linkedin.com\/company\/julesvernebusinessmicetravel\/\",\"https:\/\/www.youtube.com\/channel\/UCAwdsmbZ6tFhu1tea6pkpiw\"]},{\"@type\":\"Person\",\"@id\":\"https:\/\/julesverne.com.tr\/#\/schema\/person\/f4eb0514ae455538644c31b99a466fdb\",\"name\":\"fikirman\",\"sameAs\":[\"http:\/\/advermedya.net\/julesverne\"],\"url\":\"https:\/\/julesverne.com.tr\/en\/author\/fikirman\/\"}]}<\/script>\n<!-- \/ Yoast SEO plugin. -->","yoast_head_json":{"title":"Adriyatik'in \u0130ncisi Montenegro'ya Seyahatler Yeniden Ba\u015flad\u0131! - JULES VERNE BUSINESS MICE TRAVEL","robots":{"index":"index","follow":"follow","max-snippet":"max-snippet:-1","max-image-preview":"max-image-preview:large","max-video-preview":"max-video-preview:-1"},"canonical":"https:\/\/julesverne.com.tr\/travel-blog\/adriyatikin-incisi-montenegroya-seyahatler-yeniden-basladi\/","og_locale":"en_US","og_type":"article","og_title":"Adriyatik'in \u0130ncisi Montenegro'ya Seyahatler Yeniden Ba\u015flad\u0131! - JULES VERNE BUSINESS MICE TRAVEL","og_description":"T&uuml;rk vatanda\u015flar\u0131n\u0131n vizesiz gidebildi\u011fi &uuml;lkeler aras\u0131nda yer alan&nbsp;Montenegro'ya \u0130stanbul Havaliman\u0131&rsquo;ndan T&uuml;rk Hava Yollar\u0131&rsquo;n\u0131n seferleri haftada 4 g&uuml;n olmak &uuml;zere yeniden ba\u015flad\u0131.&nbsp;","og_url":"https:\/\/julesverne.com.tr\/travel-blog\/adriyatikin-incisi-montenegroya-seyahatler-yeniden-basladi\/","og_site_name":"JULES VERNE BUSINESS MICE TRAVEL","article_publisher":"https:\/\/www.facebook.com\/JulesVerneBusinessMiceTravel\/","article_published_time":"2020-09-22T21:00:00+00:00","article_modified_time":"2021-07-09T08:11:02+00:00","og_image":[{"width":1001,"height":667,"url":"https:\/\/julesverne.com.tr\/wp-content\/uploads\/2021\/02\/montenegromanzara.jpg","type":"image\/jpeg"}],"author":"fikirman","twitter_card":"summary_large_image","twitter_creator":"@JV_BusinessMice","twitter_site":"@JV_BusinessMice","twitter_misc":{"Written by":"fikirman","Est. reading time":"6 minutes"},"schema":{"@context":"https:\/\/schema.org","@graph":[{"@type":"Article","@id":"https:\/\/julesverne.com.tr\/travel-blog\/adriyatikin-incisi-montenegroya-seyahatler-yeniden-basladi\/#article","isPartOf":{"@id":"https:\/\/julesverne.com.tr\/travel-blog\/adriyatikin-incisi-montenegroya-seyahatler-yeniden-basladi\/"},"author":{"name":"fikirman","@id":"https:\/\/julesverne.com.tr\/#\/schema\/person\/f4eb0514ae455538644c31b99a466fdb"},"headline":"Adriyatik&#8217;in \u0130ncisi Montenegro&#8217;ya Seyahatler Yeniden Ba\u015flad\u0131!","datePublished":"2020-09-22T21:00:00+00:00","dateModified":"2021-07-09T08:11:02+00:00","mainEntityOfPage":{"@id":"https:\/\/julesverne.com.tr\/travel-blog\/adriyatikin-incisi-montenegroya-seyahatler-yeniden-basladi\/"},"wordCount":1087,"publisher":{"@id":"https:\/\/julesverne.com.tr\/#organization"},"image":{"@id":"https:\/\/julesverne.com.tr\/travel-blog\/adriyatikin-incisi-montenegroya-seyahatler-yeniden-basladi\/#primaryimage"},"thumbnailUrl":"https:\/\/julesverne.com.tr\/wp-content\/uploads\/2021\/02\/montenegromanzara.jpg","articleSection":["\u0130lham Veren Destinasyonlar","Blog","Mice Haberler","Nereye Gitsek?","Travel Haberler"],"inLanguage":"en-US"},{"@type":"WebPage","@id":"https:\/\/julesverne.com.tr\/travel-blog\/adriyatikin-incisi-montenegroya-seyahatler-yeniden-basladi\/","url":"https:\/\/julesverne.com.tr\/travel-blog\/adriyatikin-incisi-montenegroya-seyahatler-yeniden-basladi\/","name":"Adriyatik'in \u0130ncisi Montenegro'ya Seyahatler Yeniden Ba\u015flad\u0131! - JULES VERNE BUSINESS MICE TRAVEL","isPartOf":{"@id":"https:\/\/julesverne.com.tr\/#website"},"primaryImageOfPage":{"@id":"https:\/\/julesverne.com.tr\/travel-blog\/adriyatikin-incisi-montenegroya-seyahatler-yeniden-basladi\/#primaryimage"},"image":{"@id":"https:\/\/julesverne.com.tr\/travel-blog\/adriyatikin-incisi-montenegroya-seyahatler-yeniden-basladi\/#primaryimage"},"thumbnailUrl":"https:\/\/julesverne.com.tr\/wp-content\/uploads\/2021\/02\/montenegromanzara.jpg","datePublished":"2020-09-22T21:00:00+00:00","dateModified":"2021-07-09T08:11:02+00:00","breadcrumb":{"@id":"https:\/\/julesverne.com.tr\/travel-blog\/adriyatikin-incisi-montenegroya-seyahatler-yeniden-basladi\/#breadcrumb"},"inLanguage":"en-US","potentialAction":[{"@type":"ReadAction","target":["https:\/\/julesverne.com.tr\/travel-blog\/adriyatikin-incisi-montenegroya-seyahatler-yeniden-basladi\/"]}]},{"@type":"ImageObject","inLanguage":"en-US","@id":"https:\/\/julesverne.com.tr\/travel-blog\/adriyatikin-incisi-montenegroya-seyahatler-yeniden-basladi\/#primaryimage","url":"https:\/\/julesverne.com.tr\/wp-content\/uploads\/2021\/02\/montenegromanzara.jpg","contentUrl":"https:\/\/julesverne.com.tr\/wp-content\/uploads\/2021\/02\/montenegromanzara.jpg","width":1001,"height":667},{"@type":"BreadcrumbList","@id":"https:\/\/julesverne.com.tr\/travel-blog\/adriyatikin-incisi-montenegroya-seyahatler-yeniden-basladi\/#breadcrumb","itemListElement":[{"@type":"ListItem","position":1,"name":"Anasayfa","item":"https:\/\/julesverne.com.tr\/"},{"@type":"ListItem","position":2,"name":"Adriyatik&#8217;in \u0130ncisi Montenegro&#8217;ya Seyahatler Yeniden Ba\u015flad\u0131!"}]},{"@type":"WebSite","@id":"https:\/\/julesverne.com.tr\/#website","url":"https:\/\/julesverne.com.tr\/","name":"JULES VERNE BUSINESS MICE TRAVEL","description":"","publisher":{"@id":"https:\/\/julesverne.com.tr\/#organization"},"potentialAction":[{"@type":"SearchAction","target":{"@type":"EntryPoint","urlTemplate":"https:\/\/julesverne.com.tr\/?s={search_term_string}"},"query-input":"required name=search_term_string"}],"inLanguage":"en-US"},{"@type":"Organization","@id":"https:\/\/julesverne.com.tr\/#organization","name":"JULES VERNE BUSINESS MICE TRAVEL","url":"https:\/\/julesverne.com.tr\/","logo":{"@type":"ImageObject","inLanguage":"en-US","@id":"https:\/\/julesverne.com.tr\/#\/schema\/logo\/image\/","url":"https:\/\/julesverne.com.tr\/wp-content\/uploads\/2020\/09\/jv-bmt-logo.png","contentUrl":"https:\/\/julesverne.com.tr\/wp-content\/uploads\/2020\/09\/jv-bmt-logo.png","width":110,"height":81,"caption":"JULES VERNE BUSINESS MICE TRAVEL"},"image":{"@id":"https:\/\/julesverne.com.tr\/#\/schema\/logo\/image\/"},"sameAs":["https:\/\/www.facebook.com\/JulesVerneBusinessMiceTravel\/","https:\/\/twitter.com\/JV_BusinessMice","https:\/\/www.instagram.com\/julesvernebusinessmicetravel\/","https:\/\/www.linkedin.com\/company\/julesvernebusinessmicetravel\/","https:\/\/www.youtube.com\/channel\/UCAwdsmbZ6tFhu1tea6pkpiw"]},{"@type":"Person","@id":"https:\/\/julesverne.com.tr\/#\/schema\/person\/f4eb0514ae455538644c31b99a466fdb","name":"fikirman","sameAs":["http:\/\/advermedya.net\/julesverne"],"url":"https:\/\/julesverne.com.tr\/en\/author\/fikirman\/"}]}},"_links":{"self":[{"href":"https:\/\/julesverne.com.tr\/en\/wp-json\/wp\/v2\/posts\/6820"}],"collection":[{"href":"https:\/\/julesverne.com.tr\/en\/wp-json\/wp\/v2\/posts"}],"about":[{"href":"https:\/\/julesverne.com.tr\/en\/wp-json\/wp\/v2\/types\/post"}],"author":[{"embeddable":true,"href":"https:\/\/julesverne.com.tr\/en\/wp-json\/wp\/v2\/users\/1"}],"replies":[{"embeddable":true,"href":"https:\/\/julesverne.com.tr\/en\/wp-json\/wp\/v2\/comments?post=6820"}],"version-history":[{"count":0,"href":"https:\/\/julesverne.com.tr\/en\/wp-json\/wp\/v2\/posts\/6820\/revisions"}],"wp:featuredmedia":[{"embeddable":true,"href":"https:\/\/julesverne.com.tr\/en\/wp-json\/wp\/v2\/media\/6821"}],"wp:attachment":[{"href":"https:\/\/julesverne.com.tr\/en\/wp-json\/wp\/v2\/media?parent=6820"}],"wp:term":[{"taxonomy":"category","embeddable":true,"href":"https:\/\/julesverne.com.tr\/en\/wp-json\/wp\/v2\/categories?post=6820"},{"taxonomy":"post_tag","embeddable":true,"href":"https:\/\/julesverne.com.tr\/en\/wp-json\/wp\/v2\/tags?post=6820"}],"curies":[{"name":"wp","href":"https:\/\/api.w.org\/{rel}","templated":true}]}}