{"id":6818,"date":"2020-09-16T00:00:00","date_gmt":"2020-09-15T21:00:00","guid":{"rendered":"https:\/\/www.julesverne.com.tr\/\/blog\/sonbaharda-sanat-gurme-deniz-ve-doga-ile-dolu-rotalar-2\/"},"modified":"2021-06-28T10:02:22","modified_gmt":"2021-06-28T07:02:22","slug":"sonbaharda-sanat-gurme-deniz-ve-doga-ile-dolu-rotalar-2","status":"publish","type":"post","link":"https:\/\/julesverne.com.tr\/en\/travel-blog\/sonbaharda-sanat-gurme-deniz-ve-doga-ile-dolu-rotalar-2\/","title":{"rendered":"Sonbaharda Sanat, Gurme, Deniz ve Do\u011fa ile Dolu Rotalar"},"content":{"rendered":"<p style=\"text-align: center;\"><em><strong><img loading=\"lazy\" decoding=\"async\" class=\"alignnone size-full wp-image-7167\" title=\"T\u00fcrk Hava Yollar\u0131 B\u00fcy\u00fck Bahar \u0130ndirimi \u0130le Yurt \u0130\u00e7i U\u00e7u\u015flarda %30 \u0130ndirim F\u0131rsat\u0131\" src=\"https:\/\/www.julesverne.com.tr\/\/wp-content\/uploads\/2021\/02\/unnamed-file-45.jpg\" alt=\"T\u00fcrk Hava Yollar\u0131 B\u00fcy\u00fck Bahar \u0130ndirimi \u0130le Yurt \u0130\u00e7i U\u00e7u\u015flarda %30 \u0130ndirim F\u0131rsat\u0131\" width=\"999\" height=\"588\" srcset=\"https:\/\/julesverne.com.tr\/wp-content\/uploads\/2021\/02\/unnamed-file-45.jpg 999w, https:\/\/julesverne.com.tr\/wp-content\/uploads\/2021\/02\/unnamed-file-45-500x294.jpg 500w, https:\/\/julesverne.com.tr\/wp-content\/uploads\/2021\/02\/unnamed-file-45-768x452.jpg 768w\" sizes=\"(max-width: 999px) 100vw, 999px\" \/><\/strong><\/em><\/p>\n<p><em><strong>\u201cSonbahar, cebinde di\u011fer t\u00fcm mevsimlerden daha fazla alt\u0131n ta\u015f\u0131r.\u201d<\/strong> <\/em>Jim Bishop<\/p>\n<p>Her mevsimin ayr\u0131 bir g\u00fczelli\u011fi var ke\u015ffedilecek\u2026 Sonbahar\u0131n en g\u00fczel hik\u00e2yeleri yolda yaz\u0131l\u0131r diye d\u00fc\u015f\u00fcnenler yaln\u0131z de\u011filsiniz! \u201cSonbaharda nereye gidilir?\u201d diyorsan\u0131z T\u00fcrkiye\u2019nin en g\u00fczel sonbahar rotalar\u0131 bu yaz\u0131da! Do\u011fa tutkunlar\u0131, deniz sevdal\u0131lar\u0131, gastronomi merakl\u0131lar\u0131, sanatseverler i\u00e7in birbirinden keyifli sonbahar rotalar\u0131 haz\u0131rlad\u0131k. Sonbaharda sanat, gurme, do\u011fa ile dolu seyahatler ile modunuza g\u00f6re sonbahar rotan\u0131z\u0131 se\u00e7in.<\/p>\n<h3><strong>Sonbaharda Deniz &amp; G\u00fcne\u015f Keyfi\u00a0\u0130steyenlere:<\/strong><\/h3>\n<p><strong>Karaburun<\/strong><\/p>\n<p style=\"text-align: center;\"><strong><img loading=\"lazy\" decoding=\"async\" class=\"alignnone size-full wp-image-7168\" title=\"T\u00fcrk Hava Yollar\u0131 B\u00fcy\u00fck Bahar \u0130ndirimi \u0130le Yurt \u0130\u00e7i U\u00e7u\u015flarda %30 \u0130ndirim F\u0131rsat\u0131\" src=\"https:\/\/www.julesverne.com.tr\/\/wp-content\/uploads\/2021\/02\/turk-hava-yollari-buyuk-bahar-indirimi-ile-yurt-ici-ucuslarda-0-indirim-firsati-289.jpg\" alt=\"T\u00fcrk Hava Yollar\u0131 B\u00fcy\u00fck Bahar \u0130ndirimi \u0130le Yurt \u0130\u00e7i U\u00e7u\u015flarda %30 \u0130ndirim F\u0131rsat\u0131\" width=\"999\" height=\"645\" srcset=\"https:\/\/julesverne.com.tr\/wp-content\/uploads\/2021\/02\/turk-hava-yollari-buyuk-bahar-indirimi-ile-yurt-ici-ucuslarda-0-indirim-firsati-289.jpg 999w, https:\/\/julesverne.com.tr\/wp-content\/uploads\/2021\/02\/turk-hava-yollari-buyuk-bahar-indirimi-ile-yurt-ici-ucuslarda-0-indirim-firsati-289-500x323.jpg 500w, https:\/\/julesverne.com.tr\/wp-content\/uploads\/2021\/02\/turk-hava-yollari-buyuk-bahar-indirimi-ile-yurt-ici-ucuslarda-0-indirim-firsati-289-768x496.jpg 768w\" sizes=\"(max-width: 999px) 100vw, 999px\" \/><\/strong><\/p>\n<p>\u0130zmir-\u00c7e\u015fme g\u00fczerg\u00e2h\u0131nda otoban \u00e7\u0131k\u0131\u015f tabelas\u0131n\u0131 g\u00f6r\u00fcp \u00f6n\u00fcnden ge\u00e7ti\u011fimiz, y\u0131llarca k\u0131vr\u0131ml\u0131 yollar\u0131 ile uzaktan g\u00f6r\u00fcnmez olan Karaburun Yar\u0131madas\u0131 \u015fimdi hepimizin g\u00fcndeminde. Do\u011faya, do\u011fall\u0131\u011fa ve sakinli\u011fe duydu\u011fumuz \u00f6zlem ile kalbimizin bizi g\u00f6t\u00fcrd\u00fc\u011f\u00fc Karaburun Yar\u0131madas\u0131 k\u00fc\u00e7\u00fck k\u00f6y ve kasabalar\u0131, harika bakir koylar\u0131, sala\u015f ve leziz sahil restoranlar\u0131 ile filmlerde hep g\u00f6rd\u00fc\u011f\u00fcm\u00fcz ve \u00f6zendi\u011fimiz &#8220;o yer&#8221; asl\u0131nda.<\/p>\n<p>Yar\u0131mada ile ayn\u0131 ad\u0131 ta\u015f\u0131yan \u0130zmir&#8217;in en k\u00fc\u00e7\u00fck il\u00e7esi Karaburun&#8217;a ula\u015fmak kolay de\u011fil zaten ruhunu da bu sayede koruyabiliyor. Onlarca, hatta y\u00fczlerce viraj ge\u00e7ip ula\u015ft\u0131\u011f\u0131n\u0131z Karaburun sessizlik arayan, sadelikten yana her gezgin i\u00e7in en tatl\u0131 sonbahar ka\u00e7ama\u011f\u0131!<\/p>\n<p><strong>Bozburun<\/strong><\/p>\n<p style=\"text-align: center;\"><strong><img loading=\"lazy\" decoding=\"async\" class=\"alignnone size-full wp-image-7170\" title=\"T\u00fcrk Hava Yollar\u0131 B\u00fcy\u00fck Bahar \u0130ndirimi \u0130le Yurt \u0130\u00e7i U\u00e7u\u015flarda %30 \u0130ndirim F\u0131rsat\u0131\" src=\"https:\/\/www.julesverne.com.tr\/\/wp-content\/uploads\/2021\/02\/turk-hava-yollari-buyuk-bahar-indirimi-ile-yurt-ici-ucuslarda-0-indirim-firsati-291.jpg\" alt=\"T\u00fcrk Hava Yollar\u0131 B\u00fcy\u00fck Bahar \u0130ndirimi \u0130le Yurt \u0130\u00e7i U\u00e7u\u015flarda %30 \u0130ndirim F\u0131rsat\u0131\" width=\"960\" height=\"720\" srcset=\"https:\/\/julesverne.com.tr\/wp-content\/uploads\/2021\/02\/turk-hava-yollari-buyuk-bahar-indirimi-ile-yurt-ici-ucuslarda-0-indirim-firsati-291.jpg 960w, https:\/\/julesverne.com.tr\/wp-content\/uploads\/2021\/02\/turk-hava-yollari-buyuk-bahar-indirimi-ile-yurt-ici-ucuslarda-0-indirim-firsati-291-500x375.jpg 500w, https:\/\/julesverne.com.tr\/wp-content\/uploads\/2021\/02\/turk-hava-yollari-buyuk-bahar-indirimi-ile-yurt-ici-ucuslarda-0-indirim-firsati-291-768x576.jpg 768w\" sizes=\"(max-width: 960px) 100vw, 960px\" \/><\/strong><\/p>\n<p>Da\u011flar\u0131n ve tepelerin kavu\u015ftu\u011fu deniz, samimiyetiyle insan\u0131 saran k\u0131y\u0131 k\u00f6yleri, say\u0131s\u0131z sakl\u0131 koy, meyve a\u011fa\u00e7lar\u0131n\u0131n kokular\u0131 ile Bozburun&#8230; Ula\u015f\u0131m\u0131 kolay olmay\u0131nca bakir kalmay\u0131 ba\u015faran, yo\u011funlu\u011fa ve &#8220;\u015fehirle\u015fmeye&#8221; kar\u015f\u0131 direnebilen bir cennetten bahsediyoruz. Yol kenarlar\u0131nda kar\u015f\u0131n\u0131za \u00e7\u0131kan hayvan s\u00fcr\u00fcleri bir kez daha hat\u0131rlat\u0131yor do\u011fan\u0131n sahibinin kim oldu\u011funu&#8230;<\/p>\n<p>\u015eatafatl\u0131 otellerin yerini zarafete b\u0131rakan, yapay\u0131 de\u011fil do\u011fal\u0131 tercih eden Bozburun do\u011fas\u0131yla, ya\u015fam felsefesi ile T\u00fcrkiye&#8217;nin en g\u00fczel inziva k\u00f6\u015fesi. Mevsim sonbahar olsa da deniz suyu s\u0131cakl\u0131\u011f\u0131 deniz keyfinize engel olmayacak, koylar deniz tutkunu yelkenliler, guletlerle hareketlenecek, do\u011fal lezzetler bulaca\u011f\u0131n\u0131z restoranlar size \u00f6zledi\u011finiz tatlar\u0131 sunacak.<\/p>\n<p><strong>Dat\u00e7a<\/strong><\/p>\n<p style=\"text-align: center;\"><strong><img loading=\"lazy\" decoding=\"async\" class=\"alignnone size-full wp-image-7172\" title=\"T\u00fcrk Hava Yollar\u0131 B\u00fcy\u00fck Bahar \u0130ndirimi \u0130le Yurt \u0130\u00e7i U\u00e7u\u015flarda %30 \u0130ndirim F\u0131rsat\u0131\" src=\"https:\/\/www.julesverne.com.tr\/\/wp-content\/uploads\/2021\/02\/turk-hava-yollari-buyuk-bahar-indirimi-ile-yurt-ici-ucuslarda-0-indirim-firsati-293.jpg\" alt=\"T\u00fcrk Hava Yollar\u0131 B\u00fcy\u00fck Bahar \u0130ndirimi \u0130le Yurt \u0130\u00e7i U\u00e7u\u015flarda %30 \u0130ndirim F\u0131rsat\u0131\" width=\"999\" height=\"666\" srcset=\"https:\/\/julesverne.com.tr\/wp-content\/uploads\/2021\/02\/turk-hava-yollari-buyuk-bahar-indirimi-ile-yurt-ici-ucuslarda-0-indirim-firsati-293.jpg 999w, https:\/\/julesverne.com.tr\/wp-content\/uploads\/2021\/02\/turk-hava-yollari-buyuk-bahar-indirimi-ile-yurt-ici-ucuslarda-0-indirim-firsati-293-500x333.jpg 500w, https:\/\/julesverne.com.tr\/wp-content\/uploads\/2021\/02\/turk-hava-yollari-buyuk-bahar-indirimi-ile-yurt-ici-ucuslarda-0-indirim-firsati-293-768x512.jpg 768w\" sizes=\"(max-width: 999px) 100vw, 999px\" \/><\/strong><\/p>\n<p>Geldi\u011finizde anl\u0131yorsunuz Dat\u00e7a&#8217;ya bir kez gelenlerin neden buran\u0131n m\u00fcdavimi olduklar\u0131n\u0131! D\u00f6rt taraf\u0131 benzersiz bir do\u011fa, tarih ve k\u00fclt\u00fcrel miras ile kutsanan bir \u00fclkede ya\u015faman\u0131n zenginli\u011fine bir de Dat\u00e7a&#8217;n\u0131n tabiat\u0131 eklendi\u011finde hayranl\u0131\u011f\u0131n\u0131z katlan\u0131yor. Dat\u00e7a&#8217;y\u0131 \u00f6vmek isterken hep ayn\u0131 kelimeye gelip tak\u0131l\u0131yoruz: tabiat! Ye\u015filin ve mavinin her tonu nas\u0131l olur da Dat\u00e7a&#8217;da bulu\u015fur?<\/p>\n<p>Meyve a\u011fa\u00e7lar\u0131, bitkileri, otlar\u0131 bir yanda kokular\u0131 ve g\u00f6r\u00fcnt\u00fcleri ile sizi etkisine alt\u0131na al\u0131rken di\u011fer yanda sakl\u0131 koylar, berrak sular, k\u0131vr\u0131lan her yolun sizi g\u00f6t\u00fcrd\u00fc\u011f\u00fc g\u00fczellikler bekliyor sizi. C\u00f6mert do\u011fas\u0131, harika koylar\u0131, sevimli pansiyonlar\u0131 ve butik otelleri ile unutulmaz bir sonbahar rotas\u0131 arayanlar i\u00e7in do\u011fru adres.<\/p>\n<p><strong>Bodrum<\/strong><\/p>\n<p style=\"text-align: center;\"><img loading=\"lazy\" decoding=\"async\" class=\"alignnone size-full wp-image-7174\" title=\"T\u00fcrk Hava Yollar\u0131 B\u00fcy\u00fck Bahar \u0130ndirimi \u0130le Yurt \u0130\u00e7i U\u00e7u\u015flarda %30 \u0130ndirim F\u0131rsat\u0131\" src=\"https:\/\/www.julesverne.com.tr\/\/wp-content\/uploads\/2021\/02\/turk-hava-yollari-buyuk-bahar-indirimi-ile-yurt-ici-ucuslarda-0-indirim-firsati-295.jpg\" alt=\"T\u00fcrk Hava Yollar\u0131 B\u00fcy\u00fck Bahar \u0130ndirimi \u0130le Yurt \u0130\u00e7i U\u00e7u\u015flarda %30 \u0130ndirim F\u0131rsat\u0131\" width=\"999\" height=\"666\" srcset=\"https:\/\/julesverne.com.tr\/wp-content\/uploads\/2021\/02\/turk-hava-yollari-buyuk-bahar-indirimi-ile-yurt-ici-ucuslarda-0-indirim-firsati-295.jpg 999w, https:\/\/julesverne.com.tr\/wp-content\/uploads\/2021\/02\/turk-hava-yollari-buyuk-bahar-indirimi-ile-yurt-ici-ucuslarda-0-indirim-firsati-295-500x333.jpg 500w, https:\/\/julesverne.com.tr\/wp-content\/uploads\/2021\/02\/turk-hava-yollari-buyuk-bahar-indirimi-ile-yurt-ici-ucuslarda-0-indirim-firsati-295-768x512.jpg 768w\" sizes=\"(max-width: 999px) 100vw, 999px\" \/><\/p>\n<p>G\u00fcm\u00fc\u015fl\u00fck, Yal\u0131kavak, Turgutreis, Bitez, G\u00f6lt\u00fcrkb\u00fck\u00fc, G\u00fcndo\u011fan ile herkesin hayalindeki Bodrum\u2019a ula\u015fabilir. Yaz aylar\u0131n\u0131n yo\u011funlu\u011fu bitmi\u015fken g\u00fczel havalar\u0131n tad\u0131n\u0131 masmavi sularda \u00e7\u0131karmak, harika manzaralar\u0131 olan kafe ve restoranlarda keyif yapmak size kal\u0131yor. Siz nas\u0131l bir Bodrum ya\u015famak istedi\u011finize karar verin yeter!<\/p>\n<p>Sevdikleriniz ve ailenizle tamamen size \u00f6zel bir Bodrum deneyimi ya\u015famak ve bu deneyimi kusursuz bir hizmetle birle\u015ftirmek istiyorsan\u0131z Villa Ma\u00e7ak\u0131z\u0131 sonbahar dura\u011f\u0131n\u0131z olmaya haz\u0131r. Cennet Koyu\u2019nda yer alan ve Amalfi K\u0131y\u0131lar\u0131\u2019n\u0131 aratmayan manzara, mimarisiyle damga vuran Villa Ma\u00e7ak\u0131z\u0131 sadece size \u00f6zel villa konsepti ile sizi l\u00fcks servis ve imk\u00e2nlarla donat\u0131yor.<\/p>\n<h4 style=\"text-align: center;\"><strong><a href=\"https:\/\/gezi.julesverne.com.tr\/geziler\/yurt-ici-ozel-gezilerimiz\/cennet-koyu-nda-sakli-kalan-luks-villa-maca-kizi\" target=\"_blank\" rel=\"noopener\">Cennet Koyu&#8217;nda Kiral\u0131k L\u00fcks Villa: Ma\u00e7ak\u0131z\u0131<\/a><\/strong><\/h4>\n<p style=\"text-align: center;\"><img loading=\"lazy\" decoding=\"async\" class=\"alignnone size-full wp-image-7176\" title=\"T\u00fcrk Hava Yollar\u0131 B\u00fcy\u00fck Bahar \u0130ndirimi \u0130le Yurt \u0130\u00e7i U\u00e7u\u015flarda %30 \u0130ndirim F\u0131rsat\u0131\" src=\"https:\/\/www.julesverne.com.tr\/\/wp-content\/uploads\/2021\/02\/turk-hava-yollari-buyuk-bahar-indirimi-ile-yurt-ici-ucuslarda-0-indirim-firsati-297.jpg\" alt=\"T\u00fcrk Hava Yollar\u0131 B\u00fcy\u00fck Bahar \u0130ndirimi \u0130le Yurt \u0130\u00e7i U\u00e7u\u015flarda %30 \u0130ndirim F\u0131rsat\u0131\" width=\"1200\" height=\"800\" srcset=\"https:\/\/julesverne.com.tr\/wp-content\/uploads\/2021\/02\/turk-hava-yollari-buyuk-bahar-indirimi-ile-yurt-ici-ucuslarda-0-indirim-firsati-297.jpg 1200w, https:\/\/julesverne.com.tr\/wp-content\/uploads\/2021\/02\/turk-hava-yollari-buyuk-bahar-indirimi-ile-yurt-ici-ucuslarda-0-indirim-firsati-297-500x333.jpg 500w, https:\/\/julesverne.com.tr\/wp-content\/uploads\/2021\/02\/turk-hava-yollari-buyuk-bahar-indirimi-ile-yurt-ici-ucuslarda-0-indirim-firsati-297-768x512.jpg 768w\" sizes=\"(max-width: 1200px) 100vw, 1200px\" \/><\/p>\n<h3><strong>Sonbaharda Sanat Dolu Seyahat \u0130steyenlere:<\/strong><\/h3>\n<p><strong>Eski\u015fehir\u00a0<\/strong><\/p>\n<p style=\"text-align: center;\"><strong><img loading=\"lazy\" decoding=\"async\" class=\"alignnone size-full wp-image-7178\" title=\"T\u00fcrk Hava Yollar\u0131 B\u00fcy\u00fck Bahar \u0130ndirimi \u0130le Yurt \u0130\u00e7i U\u00e7u\u015flarda %30 \u0130ndirim F\u0131rsat\u0131\" src=\"https:\/\/www.julesverne.com.tr\/\/wp-content\/uploads\/2021\/02\/turk-hava-yollari-buyuk-bahar-indirimi-ile-yurt-ici-ucuslarda-0-indirim-firsati-299.jpg\" alt=\"T\u00fcrk Hava Yollar\u0131 B\u00fcy\u00fck Bahar \u0130ndirimi \u0130le Yurt \u0130\u00e7i U\u00e7u\u015flarda %30 \u0130ndirim F\u0131rsat\u0131\" width=\"999\" height=\"666\" srcset=\"https:\/\/julesverne.com.tr\/wp-content\/uploads\/2021\/02\/turk-hava-yollari-buyuk-bahar-indirimi-ile-yurt-ici-ucuslarda-0-indirim-firsati-299.jpg 999w, https:\/\/julesverne.com.tr\/wp-content\/uploads\/2021\/02\/turk-hava-yollari-buyuk-bahar-indirimi-ile-yurt-ici-ucuslarda-0-indirim-firsati-299-500x333.jpg 500w, https:\/\/julesverne.com.tr\/wp-content\/uploads\/2021\/02\/turk-hava-yollari-buyuk-bahar-indirimi-ile-yurt-ici-ucuslarda-0-indirim-firsati-299-768x512.jpg 768w\" sizes=\"(max-width: 999px) 100vw, 999px\" \/><\/strong><\/p>\n<p>D\u00fczenli \u015fehir yap\u0131s\u0131 ile ilk \u015fehre giri\u015fte tatl\u0131 bir merak uyand\u0131ran Eski\u015fehir bu d\u00fczeniyle de sizi yormayan bir hayat ak\u0131\u015f\u0131na sahip. Parklar\u0131, restoranlar\u0131, irili ufakl\u0131 m\u00fczeleri, kafeleri, ilgi uyand\u0131ran mek\u00e2nlar\u0131yla enerjisi y\u00fcksek olan Eski\u015fehir ad\u0131n\u0131 \u015fimdi Odunpazar\u0131 Modern M\u00fcze ile anmaya ba\u015flad\u0131k. \u0130\u015f insan\u0131 Erol Tabanca&#8217;n\u0131n ki\u015fisel koleksiyonunu \u015firketlerinde, evlerinde sergilemek yerine bir m\u00fczede t\u00fcm sanatseverlerin be\u011fenisini sunma arzusu Eski\u015fehir&#8217;e yepyeni bir heyecan katt\u0131.<\/p>\n<p>Japon mimar Kengo Kuma&#8217;n\u0131n k\u00fclt\u00fcrleri birle\u015ftiren yakla\u015f\u0131m\u0131 ile in\u015fa edilen m\u00fcze ba\u015fl\u0131 ba\u015f\u0131na bir eser asl\u0131nda. Yerlisi kadar ziyaret edeni de iyi hissettiren enerjisiyle Eski\u015fehir hafta sonu ne yapsam diye d\u00fc\u015f\u00fcnen gezginler i\u00e7in bir hazine. Eski\u015fehir\u2019den K\u00fctahya\u2019ya uzanan sanat, zanaat dolu bir rota:<\/p>\n<h4 style=\"text-align: center;\"><strong><a href=\"https:\/\/gezi.julesverne.com.tr\/geziler\/yurt-ici-ozel-gezilerimiz\/sanat-ve-kultur-sehri-eskisehir-den-cinilerin-sehri-kutahya-ya-yolculuk\">Eski\u015fehir &amp; K\u00fctahya Gezisi<\/a><br \/>\n<\/strong><strong>29 Ekim &#8211; 31 Ekim 2020<\/strong><\/h4>\n<p style=\"text-align: center;\"><strong><img loading=\"lazy\" decoding=\"async\" class=\"alignnone size-full wp-image-7180\" title=\"T\u00fcrk Hava Yollar\u0131 B\u00fcy\u00fck Bahar \u0130ndirimi \u0130le Yurt \u0130\u00e7i U\u00e7u\u015flarda %30 \u0130ndirim F\u0131rsat\u0131\" src=\"https:\/\/www.julesverne.com.tr\/\/wp-content\/uploads\/2021\/02\/turk-hava-yollari-buyuk-bahar-indirimi-ile-yurt-ici-ucuslarda-0-indirim-firsati-301.jpg\" alt=\"T\u00fcrk Hava Yollar\u0131 B\u00fcy\u00fck Bahar \u0130ndirimi \u0130le Yurt \u0130\u00e7i U\u00e7u\u015flarda %30 \u0130ndirim F\u0131rsat\u0131\" width=\"1600\" height=\"999\" \/><\/strong><\/p>\n<p><strong>Baks\u0131 M\u00fczesi\u00a0<\/strong><\/p>\n<p style=\"text-align: center;\"><a href=\"https:\/\/gezi.julesverne.com.tr\/geziler\/yurt-ici-ozel-gezilerimiz\/dogudaki-modern-sessizlik-baksi-muzesi-1\" target=\"_blank\" rel=\"noopener\"><strong><img loading=\"lazy\" decoding=\"async\" class=\"alignnone size-full wp-image-7182\" title=\"T\u00fcrk Hava Yollar\u0131 B\u00fcy\u00fck Bahar \u0130ndirimi \u0130le Yurt \u0130\u00e7i U\u00e7u\u015flarda %30 \u0130ndirim F\u0131rsat\u0131\" src=\"https:\/\/www.julesverne.com.tr\/\/wp-content\/uploads\/2021\/02\/turk-hava-yollari-buyuk-bahar-indirimi-ile-yurt-ici-ucuslarda-0-indirim-firsati-302.jpg\" alt=\"T\u00fcrk Hava Yollar\u0131 B\u00fcy\u00fck Bahar \u0130ndirimi \u0130le Yurt \u0130\u00e7i U\u00e7u\u015flarda %30 \u0130ndirim F\u0131rsat\u0131\" width=\"960\" height=\"720\" srcset=\"https:\/\/julesverne.com.tr\/wp-content\/uploads\/2021\/02\/turk-hava-yollari-buyuk-bahar-indirimi-ile-yurt-ici-ucuslarda-0-indirim-firsati-302.jpg 960w, https:\/\/julesverne.com.tr\/wp-content\/uploads\/2021\/02\/turk-hava-yollari-buyuk-bahar-indirimi-ile-yurt-ici-ucuslarda-0-indirim-firsati-302-500x375.jpg 500w, https:\/\/julesverne.com.tr\/wp-content\/uploads\/2021\/02\/turk-hava-yollari-buyuk-bahar-indirimi-ile-yurt-ici-ucuslarda-0-indirim-firsati-302-768x576.jpg 768w\" sizes=\"(max-width: 960px) 100vw, 960px\" \/><\/strong><\/a><\/p>\n<p>Hi\u00e7li\u011fin ortas\u0131nda hayat bulan bir m\u00fcze ve k\u00f6y halk\u0131na hayat veren bir sosyal sorumluluk projesi asl\u0131nda Baks\u0131 M\u00fczesi&#8230; Bayburt&#8217;un Bayraktar K\u00f6y\u00fc&#8217;nde sanat\u00e7\u0131 ve akademisyen Prof. Dr. H\u00fcsamettin Ko\u00e7an taraf\u0131ndan kurulan Baks\u0131 M\u00fczesi, \u00c7oruh Vadisi&#8217;ne bakan bir tepeden asl\u0131nda d\u00fcnyaya meydan okuyor! K\u0131rg\u0131z T\u00fcrk\u00e7esi&#8217;nde &#8220;\u015eaman\u201d anlam\u0131na gelen Baks\u0131 kelimesi anlam\u0131ndaki derinli\u011fi m\u00fczeye yans\u0131t\u0131yor.<\/p>\n<p>\u0130mk\u00e2ns\u0131za kar\u015f\u0131 bir direni\u015f olan m\u00fcze, Ko\u00e7an&#8217;\u0131n do\u011fdu\u011fu k\u00f6ye bir sayg\u0131 duru\u015fu niteli\u011finde. Baks\u0131 M\u00fczesi, H\u00fcsamettin Ko\u00e7an&#8217;\u0131n do\u011fdu\u011fu topraklara bir te\u015fekk\u00fcr\u00fc, k\u00f6y halk\u0131na bir deste\u011fi, biz ziyaret\u00e7ilerine ise b\u00fcy\u00fck bir hediyesi! Sanat ve do\u011fayla ba\u015f ba\u015fa kalaca\u011f\u0131n\u0131z bir rota i\u00e7in:<\/p>\n<h4 style=\"text-align: center;\"><strong><a href=\"https:\/\/gezi.julesverne.com.tr\/geziler\/yurt-ici-ozel-gezilerimiz\/dogudaki-modern-sessizlik-baksi-muzesi-1\" target=\"_blank\" rel=\"noopener\">Baks\u0131 M\u00fczesi\u00a0Gezisi<\/a><br \/>\nEyl\u00fcl &#8211; Ekim\u00a02020<\/strong><\/h4>\n<p style=\"text-align: center;\"><img loading=\"lazy\" decoding=\"async\" class=\"alignnone size-full wp-image-7183\" title=\"T\u00fcrk Hava Yollar\u0131 B\u00fcy\u00fck Bahar \u0130ndirimi \u0130le Yurt \u0130\u00e7i U\u00e7u\u015flarda %30 \u0130ndirim F\u0131rsat\u0131\" src=\"https:\/\/www.julesverne.com.tr\/\/wp-content\/uploads\/2021\/02\/turk-hava-yollari-buyuk-bahar-indirimi-ile-yurt-ici-ucuslarda-0-indirim-firsati-303.jpg\" alt=\"T\u00fcrk Hava Yollar\u0131 B\u00fcy\u00fck Bahar \u0130ndirimi \u0130le Yurt \u0130\u00e7i U\u00e7u\u015flarda %30 \u0130ndirim F\u0131rsat\u0131\" width=\"999\" height=\"666\" srcset=\"https:\/\/julesverne.com.tr\/wp-content\/uploads\/2021\/02\/turk-hava-yollari-buyuk-bahar-indirimi-ile-yurt-ici-ucuslarda-0-indirim-firsati-303.jpg 999w, https:\/\/julesverne.com.tr\/wp-content\/uploads\/2021\/02\/turk-hava-yollari-buyuk-bahar-indirimi-ile-yurt-ici-ucuslarda-0-indirim-firsati-303-500x333.jpg 500w, https:\/\/julesverne.com.tr\/wp-content\/uploads\/2021\/02\/turk-hava-yollari-buyuk-bahar-indirimi-ile-yurt-ici-ucuslarda-0-indirim-firsati-303-768x512.jpg 768w\" sizes=\"(max-width: 999px) 100vw, 999px\" \/><\/p>\n<h3><strong>Sonbaharda Do\u011fada Olmak \u0130steyenlere:<\/strong><\/h3>\n<p><strong>\u0130\u011fneada\u00a0<\/strong><\/p>\n<p style=\"text-align: center;\"><strong><img loading=\"lazy\" decoding=\"async\" class=\"alignnone size-full wp-image-7184\" title=\"T\u00fcrk Hava Yollar\u0131 B\u00fcy\u00fck Bahar \u0130ndirimi \u0130le Yurt \u0130\u00e7i U\u00e7u\u015flarda %30 \u0130ndirim F\u0131rsat\u0131\" src=\"https:\/\/www.julesverne.com.tr\/\/wp-content\/uploads\/2021\/02\/turk-hava-yollari-buyuk-bahar-indirimi-ile-yurt-ici-ucuslarda-0-indirim-firsati-304.jpg\" alt=\"T\u00fcrk Hava Yollar\u0131 B\u00fcy\u00fck Bahar \u0130ndirimi \u0130le Yurt \u0130\u00e7i U\u00e7u\u015flarda %30 \u0130ndirim F\u0131rsat\u0131\" width=\"999\" height=\"625\" srcset=\"https:\/\/julesverne.com.tr\/wp-content\/uploads\/2021\/02\/turk-hava-yollari-buyuk-bahar-indirimi-ile-yurt-ici-ucuslarda-0-indirim-firsati-304.jpg 999w, https:\/\/julesverne.com.tr\/wp-content\/uploads\/2021\/02\/turk-hava-yollari-buyuk-bahar-indirimi-ile-yurt-ici-ucuslarda-0-indirim-firsati-304-500x313.jpg 500w, https:\/\/julesverne.com.tr\/wp-content\/uploads\/2021\/02\/turk-hava-yollari-buyuk-bahar-indirimi-ile-yurt-ici-ucuslarda-0-indirim-firsati-304-768x480.jpg 768w\" sizes=\"(max-width: 999px) 100vw, 999px\" \/><\/strong><\/p>\n<p>\u0130\u011fneada\u2019daki muhte\u015fem longoz ormanlar\u0131n\u0131n nam\u0131n\u0131 duyup hala gitmediyseniz, k\u0131sa bir mola i\u00e7in \u015fimdi tam zaman\u0131! Marmara B\u00f6lgesi\u2019nin Balkanlar ve Karadeniz ile kesi\u015fti\u011fi o muhte\u015fem co\u011frafyan\u0131n incisi olan \u0130\u011fneada, Karadeniz k\u0131y\u0131s\u0131nda ye\u015fille mavinin adeta dans etti\u011fi; bol oksijenli bir vaha. Kay\u0131n, me\u015fe, ak\u00e7aa\u011fa\u00e7, m\u00fcrver gibi e\u015fsiz a\u011fa\u00e7lar\u0131n evi olan, T\u00fcrkiye&#8217;deki ku\u015f t\u00fcrlerinin neredeyse yar\u0131s\u0131na y\u0131l boyu ev sahipli\u011fi yapan tabiat\u0131, havas\u0131, manzaras\u0131 ile tam bir sonbahar rotas\u0131. Bu sonbahar do\u011fayla kucakla\u015fmak isteyenler i\u00e7in:<\/p>\n<h4 style=\"text-align: center;\"><strong><a href=\"https:\/\/gezi.julesverne.com.tr\/geziler\/yurt-ici-ozel-gezilerimiz\/dogada-bir-cennet-igneada\" target=\"_blank\" rel=\"noopener\">\u0130\u011fneada\u00a0Gezisi<\/a><br \/>\n03 &#8211; 04 Ekim 2020<\/strong><\/h4>\n<p style=\"text-align: center;\"><img loading=\"lazy\" decoding=\"async\" class=\"alignnone size-full wp-image-7185\" title=\"T\u00fcrk Hava Yollar\u0131 B\u00fcy\u00fck Bahar \u0130ndirimi \u0130le Yurt \u0130\u00e7i U\u00e7u\u015flarda %30 \u0130ndirim F\u0131rsat\u0131\" src=\"https:\/\/www.julesverne.com.tr\/\/wp-content\/uploads\/2021\/02\/turk-hava-yollari-buyuk-bahar-indirimi-ile-yurt-ici-ucuslarda-0-indirim-firsati-305.jpg\" alt=\"T\u00fcrk Hava Yollar\u0131 B\u00fcy\u00fck Bahar \u0130ndirimi \u0130le Yurt \u0130\u00e7i U\u00e7u\u015flarda %30 \u0130ndirim F\u0131rsat\u0131\" width=\"999\" height=\"666\" srcset=\"https:\/\/julesverne.com.tr\/wp-content\/uploads\/2021\/02\/turk-hava-yollari-buyuk-bahar-indirimi-ile-yurt-ici-ucuslarda-0-indirim-firsati-305.jpg 999w, https:\/\/julesverne.com.tr\/wp-content\/uploads\/2021\/02\/turk-hava-yollari-buyuk-bahar-indirimi-ile-yurt-ici-ucuslarda-0-indirim-firsati-305-500x333.jpg 500w, https:\/\/julesverne.com.tr\/wp-content\/uploads\/2021\/02\/turk-hava-yollari-buyuk-bahar-indirimi-ile-yurt-ici-ucuslarda-0-indirim-firsati-305-768x512.jpg 768w\" sizes=\"(max-width: 999px) 100vw, 999px\" \/><\/p>\n<p><strong>Yedig\u00f6ller<\/strong><\/p>\n<p style=\"text-align: center;\"><strong><img loading=\"lazy\" decoding=\"async\" class=\"alignnone size-full wp-image-7186\" title=\"T\u00fcrk Hava Yollar\u0131 B\u00fcy\u00fck Bahar \u0130ndirimi \u0130le Yurt \u0130\u00e7i U\u00e7u\u015flarda %30 \u0130ndirim F\u0131rsat\u0131\" src=\"https:\/\/www.julesverne.com.tr\/\/wp-content\/uploads\/2021\/02\/turk-hava-yollari-buyuk-bahar-indirimi-ile-yurt-ici-ucuslarda-0-indirim-firsati-306.jpg\" alt=\"T\u00fcrk Hava Yollar\u0131 B\u00fcy\u00fck Bahar \u0130ndirimi \u0130le Yurt \u0130\u00e7i U\u00e7u\u015flarda %30 \u0130ndirim F\u0131rsat\u0131\" width=\"999\" height=\"665\" srcset=\"https:\/\/julesverne.com.tr\/wp-content\/uploads\/2021\/02\/turk-hava-yollari-buyuk-bahar-indirimi-ile-yurt-ici-ucuslarda-0-indirim-firsati-306.jpg 999w, https:\/\/julesverne.com.tr\/wp-content\/uploads\/2021\/02\/turk-hava-yollari-buyuk-bahar-indirimi-ile-yurt-ici-ucuslarda-0-indirim-firsati-306-500x333.jpg 500w, https:\/\/julesverne.com.tr\/wp-content\/uploads\/2021\/02\/turk-hava-yollari-buyuk-bahar-indirimi-ile-yurt-ici-ucuslarda-0-indirim-firsati-306-768x511.jpg 768w\" sizes=\"(max-width: 999px) 100vw, 999px\" \/><\/strong><\/p>\n<p>Sonbahar g\u00f6r\u00fcnt\u00fcleri ile ak\u0131llara kaz\u0131nan Yedig\u00f6lller, T\u00fcrkiye&#8217;de mutlaka g\u00f6r\u00fclmesi gereken do\u011fa g\u00fczelliklerinden biri. Her mevsim ayr\u0131 bir g\u00fczelli\u011fi olsa da Yedig\u00f6ller&#8217;de g\u00fcz mevsimi bir renk ve do\u011fa c\u00fcmb\u00fc\u015f\u00fcne sahne oluyor. 1965 y\u0131l\u0131nda Milli Park stat\u00fcs\u00fcne al\u0131nan Yedig\u00f6ller ad\u0131n\u0131 da sahip oldu\u011fu 7 g\u00f6lden al\u0131yor. Sazl\u0131g\u00f6l, \u0130nceg\u00f6l, K\u00fc\u00e7\u00fckg\u00f6l, Dering\u00f6l, B\u00fcy\u00fckg\u00f6l, Kurug\u00f6l ve Sering\u00f6l\u2019den olu\u015fan milli parkta farkl\u0131 a\u011fa\u00e7 t\u00fcrleri, y\u00fczlerce bitki \u00e7e\u015fidi ve 100&#8217;\u00fcn \u00fczerinde ku\u015f t\u00fcr\u00fc ya\u015f\u0131yor.<\/p>\n<p><strong>Safranbolu\u00a0<\/strong><\/p>\n<p style=\"text-align: center;\"><strong><img loading=\"lazy\" decoding=\"async\" class=\"alignnone size-full wp-image-7187\" title=\"T\u00fcrk Hava Yollar\u0131 B\u00fcy\u00fck Bahar \u0130ndirimi \u0130le Yurt \u0130\u00e7i U\u00e7u\u015flarda %30 \u0130ndirim F\u0131rsat\u0131\" src=\"https:\/\/www.julesverne.com.tr\/\/wp-content\/uploads\/2021\/02\/turk-hava-yollari-buyuk-bahar-indirimi-ile-yurt-ici-ucuslarda-0-indirim-firsati-307.jpg\" alt=\"T\u00fcrk Hava Yollar\u0131 B\u00fcy\u00fck Bahar \u0130ndirimi \u0130le Yurt \u0130\u00e7i U\u00e7u\u015flarda %30 \u0130ndirim F\u0131rsat\u0131\" width=\"999\" height=\"666\" srcset=\"https:\/\/julesverne.com.tr\/wp-content\/uploads\/2021\/02\/turk-hava-yollari-buyuk-bahar-indirimi-ile-yurt-ici-ucuslarda-0-indirim-firsati-307.jpg 999w, https:\/\/julesverne.com.tr\/wp-content\/uploads\/2021\/02\/turk-hava-yollari-buyuk-bahar-indirimi-ile-yurt-ici-ucuslarda-0-indirim-firsati-307-500x333.jpg 500w, https:\/\/julesverne.com.tr\/wp-content\/uploads\/2021\/02\/turk-hava-yollari-buyuk-bahar-indirimi-ile-yurt-ici-ucuslarda-0-indirim-firsati-307-768x512.jpg 768w\" sizes=\"(max-width: 999px) 100vw, 999px\" \/><\/strong><\/p>\n<p>Bat\u0131 Karadeniz&#8217;in bereketli do\u011fas\u0131n\u0131n ortas\u0131nda Anadolu&#8217;nun tarihi ve k\u00fclt\u00fcrel miras\u0131 ile \u00f6d\u00fcllendirilen Safranbolu havas\u0131yla, suyuyla, mimarisiyle mutlaka g\u00f6r\u00fclecekler listenizde olmal\u0131. Hen\u00fcz bu g\u00fczelli\u011fi g\u00f6rmediyseniz bu sonbahar rotan\u0131za eklemelisiniz. Osmanl\u0131 mimarisinin izlerini ta\u015f\u0131yan ve Anadolu&#8217;nun simgesi haline gelmi\u015f Safranbolu Evleri ile birlikte manzaras\u0131, tarihi ve huzuru bol bir destinasyon. UNESCO D\u00fcnya Miras\u0131 Listesi&#8217;nde yer alan Safranbolu emin olun foto\u011fraflarda g\u00f6rd\u00fc\u011f\u00fcn\u00fczden de g\u00fczel! Safran \u00c7i\u00e7e\u011fi Hasad\u0131 ile zenginle\u015fen bir Safranbolu &amp; Amasra rotas\u0131 i\u00e7in:<\/p>\n<h4 style=\"text-align: center;\"><strong><a href=\"https:\/\/gezi.julesverne.com.tr\/geziler\/yurt-ici-ozel-gezilerimiz\/mor-nazli-bir-seruvene-yolculuk-safran-cicegi-hasadi\" target=\"_blank\" rel=\"noopener\">Safranbolu\u00a0 &amp; Amasra Gezisi<\/a><br \/>\n23 Ekim &#8211; 25 Ekim 2020<\/strong><\/h4>\n<p style=\"text-align: center;\"><img loading=\"lazy\" decoding=\"async\" class=\"alignnone size-full wp-image-7188\" title=\"T\u00fcrk Hava Yollar\u0131 B\u00fcy\u00fck Bahar \u0130ndirimi \u0130le Yurt \u0130\u00e7i U\u00e7u\u015flarda %30 \u0130ndirim F\u0131rsat\u0131\" src=\"https:\/\/www.julesverne.com.tr\/\/wp-content\/uploads\/2021\/02\/turk-hava-yollari-buyuk-bahar-indirimi-ile-yurt-ici-ucuslarda-0-indirim-firsati-308.jpg\" alt=\"T\u00fcrk Hava Yollar\u0131 B\u00fcy\u00fck Bahar \u0130ndirimi \u0130le Yurt \u0130\u00e7i U\u00e7u\u015flarda %30 \u0130ndirim F\u0131rsat\u0131\" width=\"1000\" height=\"667\" srcset=\"https:\/\/julesverne.com.tr\/wp-content\/uploads\/2021\/02\/turk-hava-yollari-buyuk-bahar-indirimi-ile-yurt-ici-ucuslarda-0-indirim-firsati-308.jpg 1000w, https:\/\/julesverne.com.tr\/wp-content\/uploads\/2021\/02\/turk-hava-yollari-buyuk-bahar-indirimi-ile-yurt-ici-ucuslarda-0-indirim-firsati-308-500x334.jpg 500w, https:\/\/julesverne.com.tr\/wp-content\/uploads\/2021\/02\/turk-hava-yollari-buyuk-bahar-indirimi-ile-yurt-ici-ucuslarda-0-indirim-firsati-308-768x512.jpg 768w\" sizes=\"(max-width: 1000px) 100vw, 1000px\" \/><\/p>\n<h3><strong>Sonbaharda Gurme Tatlar Arayanlara:<\/strong><\/h3>\n<p><strong>Urla Ba\u011f Rotas\u0131\u00a0<\/strong><\/p>\n<p style=\"text-align: center;\"><img loading=\"lazy\" decoding=\"async\" class=\"alignnone size-full wp-image-7189\" title=\"T\u00fcrk Hava Yollar\u0131 B\u00fcy\u00fck Bahar \u0130ndirimi \u0130le Yurt \u0130\u00e7i U\u00e7u\u015flarda %30 \u0130ndirim F\u0131rsat\u0131\" src=\"https:\/\/www.julesverne.com.tr\/\/wp-content\/uploads\/2021\/02\/turk-hava-yollari-buyuk-bahar-indirimi-ile-yurt-ici-ucuslarda-0-indirim-firsati-309.jpg\" alt=\"T\u00fcrk Hava Yollar\u0131 B\u00fcy\u00fck Bahar \u0130ndirimi \u0130le Yurt \u0130\u00e7i U\u00e7u\u015flarda %30 \u0130ndirim F\u0131rsat\u0131\" width=\"1001\" height=\"717\" srcset=\"https:\/\/julesverne.com.tr\/wp-content\/uploads\/2021\/02\/turk-hava-yollari-buyuk-bahar-indirimi-ile-yurt-ici-ucuslarda-0-indirim-firsati-309.jpg 1001w, https:\/\/julesverne.com.tr\/wp-content\/uploads\/2021\/02\/turk-hava-yollari-buyuk-bahar-indirimi-ile-yurt-ici-ucuslarda-0-indirim-firsati-309-500x358.jpg 500w, https:\/\/julesverne.com.tr\/wp-content\/uploads\/2021\/02\/turk-hava-yollari-buyuk-bahar-indirimi-ile-yurt-ici-ucuslarda-0-indirim-firsati-309-768x550.jpg 768w\" sizes=\"(max-width: 1001px) 100vw, 1001px\" \/><\/p>\n<p>Havas\u0131 g\u00fczel, manzaras\u0131 g\u00fczel, sofras\u0131 zengin bir Urla Ba\u011f Yolu yolculu\u011fu bu sonbahara \u00e7ok yak\u0131\u015facak! Yeni bir de\u011fi\u015fim ve d\u00f6n\u00fc\u015f\u00fcm\u00fcn i\u00e7erisinde olan Urla, \u0130zmir Kalk\u0131nma Ajans\u0131 ve B\u00fcy\u00fck \u015eehir Belediyesi\u2019nin destekledi\u011fi Urla Ba\u011f Yolu projesi ile topraklar\u0131ndaki binlerce y\u0131ll\u0131k ba\u011fc\u0131l\u0131k k\u00fclt\u00fcr\u00fcn\u00fc aya\u011fa kald\u0131r\u0131yor.<\/p>\n<p>\u0130yon, Pers, Roma medeniyetlerinin \u00f6nemli merkezi olmu\u015f Urla eski ad\u0131yla Klazomenai bug\u00fcn butik \u015farap \u00fcreticileri, birbirinden zevkli ba\u011f evleri ve otelleri, d\u00fcnyan\u0131n kabul etti\u011fi okullardan mezun olan \u015feflerin a\u00e7t\u0131\u011f\u0131 gurme duraklar\u0131, lezzet festivalleriyle zengin, s\u00fcrprizli bir seyahat rotas\u0131.\u00a0 S\u0131\u011fac\u0131k, Teos Antik Kenti ve Ala\u00e7at\u0131\u2019n\u0131n da dahil oldu\u011fu bir Ege rotas\u0131 i\u00e7in:<\/p>\n<h4 style=\"text-align: center;\"><strong><a href=\"https:\/\/gezi.julesverne.com.tr\/geziler\/yurt-ici-ozel-gezilerimiz\/tarih-kokan-bir-ege-rotasi\" target=\"_blank\" rel=\"noopener\">S\u0131\u011fac\u0131k &amp; Urla &amp; Ala\u00e7at\u0131 Gezisi<\/a><br \/>\n25 &#8211; 27 Eyl\u00fcl 2020<\/strong><\/h4>\n<p style=\"text-align: center;\"><img loading=\"lazy\" decoding=\"async\" class=\"alignnone size-full wp-image-7190\" title=\"T\u00fcrk Hava Yollar\u0131 B\u00fcy\u00fck Bahar \u0130ndirimi \u0130le Yurt \u0130\u00e7i U\u00e7u\u015flarda %30 \u0130ndirim F\u0131rsat\u0131\" src=\"https:\/\/www.julesverne.com.tr\/\/wp-content\/uploads\/2021\/02\/turk-hava-yollari-buyuk-bahar-indirimi-ile-yurt-ici-ucuslarda-0-indirim-firsati-310.jpg\" alt=\"T\u00fcrk Hava Yollar\u0131 B\u00fcy\u00fck Bahar \u0130ndirimi \u0130le Yurt \u0130\u00e7i U\u00e7u\u015flarda %30 \u0130ndirim F\u0131rsat\u0131\" width=\"960\" height=\"729\" srcset=\"https:\/\/julesverne.com.tr\/wp-content\/uploads\/2021\/02\/turk-hava-yollari-buyuk-bahar-indirimi-ile-yurt-ici-ucuslarda-0-indirim-firsati-310.jpg 960w, https:\/\/julesverne.com.tr\/wp-content\/uploads\/2021\/02\/turk-hava-yollari-buyuk-bahar-indirimi-ile-yurt-ici-ucuslarda-0-indirim-firsati-310-500x380.jpg 500w, https:\/\/julesverne.com.tr\/wp-content\/uploads\/2021\/02\/turk-hava-yollari-buyuk-bahar-indirimi-ile-yurt-ici-ucuslarda-0-indirim-firsati-310-768x583.jpg 768w\" sizes=\"(max-width: 960px) 100vw, 960px\" \/><\/p>\n<p><strong>Trakya Ba\u011f Rotas\u0131\u00a0<\/strong><\/p>\n<p>&#8220;T\u00fcrkiye&#8217;den bir Toskana, Bordeaux \u015farap b\u00f6lgesi \u00e7\u0131kmaz m\u0131?&#8221; sorular\u0131na art\u0131k gurur duyaca\u011f\u0131m\u0131z bir cevab\u0131m\u0131z var: Trakya Ba\u011f Rotas\u0131&#8230; B\u00fcy\u00fck bir emek ve inan\u00e7la y\u0131llar i\u00e7erisinde yarat\u0131lan Trakya Ba\u011f Rotas\u0131, onun \u00fczerinde butik \u015farap \u00fcreticisi ile sadece \u015farap tad\u0131m\u0131na de\u011fil bir ya\u015fam k\u00fclt\u00fcr\u00fcne davet ediyor.<\/p>\n<p>Tekirda\u011f, \u015eark\u00f6y, Gelibolu ve K\u0131rklareli b\u00f6lgelerinde faaliyet g\u00f6steren butik \u015farap \u00fcreticilerinin deste\u011fi ile olu\u015fturulmu\u015f Trakya Ba\u011f Rotas\u0131 ile binlerce y\u0131ll\u0131k k\u00fclt\u00fcr\u00fcn izini takip ediyorsunuz. T\u00fcrkiye&#8217;nin ilk ba\u011f rotas\u0131 olan Trakya Ba\u011f Rotas\u0131 Tekirda\u011f, \u015eark\u00f6y, Gelibolu ve K\u0131rklareli b\u00f6lgelerinde faaliyet g\u00f6steren butik \u015farap \u00fcreticilerini bulu\u015fturuyor. \u015earab\u0131n, lezzetin, do\u011fan\u0131n izinde ba\u011f bozumu rotalar\u0131 i\u00e7in:<\/p>\n<h4 style=\"text-align: center;\"><strong><a href=\"https:\/\/gezi.julesverne.com.tr\/geziler\/yurt-ici-ozel-gezilerimiz\/tarihin-degismeyen-ritueli-trakya-bag-bozumu\" target=\"_blank\" rel=\"noopener\">Trakya Ba\u011f Bozumu\u00a0Gezisi<\/a><br \/>\nEyl\u00fcl &#8211; Ekim 2020<\/strong><\/h4>\n<p style=\"text-align: center;\"><a href=\"https:\/\/gezi.julesverne.com.tr\/geziler\/yurt-ici-ozel-gezilerimiz\/tarihin-degismeyen-ritueli-trakya-bag-bozumu\" target=\"_blank\" rel=\"noopener\"><strong><img loading=\"lazy\" decoding=\"async\" class=\"alignnone size-full wp-image-7191\" title=\"T\u00fcrk Hava Yollar\u0131 B\u00fcy\u00fck Bahar \u0130ndirimi \u0130le Yurt \u0130\u00e7i U\u00e7u\u015flarda %30 \u0130ndirim F\u0131rsat\u0131\" src=\"https:\/\/www.julesverne.com.tr\/\/wp-content\/uploads\/2021\/02\/turk-hava-yollari-buyuk-bahar-indirimi-ile-yurt-ici-ucuslarda-0-indirim-firsati-311.jpg\" alt=\"T\u00fcrk Hava Yollar\u0131 B\u00fcy\u00fck Bahar \u0130ndirimi \u0130le Yurt \u0130\u00e7i U\u00e7u\u015flarda %30 \u0130ndirim F\u0131rsat\u0131\" width=\"1080\" height=\"809\" srcset=\"https:\/\/julesverne.com.tr\/wp-content\/uploads\/2021\/02\/turk-hava-yollari-buyuk-bahar-indirimi-ile-yurt-ici-ucuslarda-0-indirim-firsati-311.jpg 1080w, https:\/\/julesverne.com.tr\/wp-content\/uploads\/2021\/02\/turk-hava-yollari-buyuk-bahar-indirimi-ile-yurt-ici-ucuslarda-0-indirim-firsati-311-500x375.jpg 500w, https:\/\/julesverne.com.tr\/wp-content\/uploads\/2021\/02\/turk-hava-yollari-buyuk-bahar-indirimi-ile-yurt-ici-ucuslarda-0-indirim-firsati-311-768x575.jpg 768w\" sizes=\"(max-width: 1080px) 100vw, 1080px\" \/><\/strong><\/a><\/p>\n<h4 style=\"text-align: center;\"><strong><a href=\"https:\/\/gezi.julesverne.com.tr\/geziler\/yurt-ici-ozel-gezilerimiz\/sarabin-ana-vataninda-bag-bozumu-hotel-caeli\" target=\"_blank\" rel=\"noopener\">Hotel Caeli&#8217;de\u00a0Ba\u011f Bozumu Gezisi<\/a><br \/>\n04 Eyl\u00fcl \u2013 17 Ekim 2020<\/strong><\/h4>\n<p style=\"text-align: center;\"><img loading=\"lazy\" decoding=\"async\" class=\"alignnone size-full wp-image-7192\" title=\"T\u00fcrk Hava Yollar\u0131 B\u00fcy\u00fck Bahar \u0130ndirimi \u0130le Yurt \u0130\u00e7i U\u00e7u\u015flarda %30 \u0130ndirim F\u0131rsat\u0131\" src=\"https:\/\/www.julesverne.com.tr\/\/wp-content\/uploads\/2021\/02\/turk-hava-yollari-buyuk-bahar-indirimi-ile-yurt-ici-ucuslarda-0-indirim-firsati-312.jpg\" alt=\"T\u00fcrk Hava Yollar\u0131 B\u00fcy\u00fck Bahar \u0130ndirimi \u0130le Yurt \u0130\u00e7i U\u00e7u\u015flarda %30 \u0130ndirim F\u0131rsat\u0131\" width=\"1600\" height=\"1067\" \/><\/p>\n<h4 style=\"text-align: center;\"><strong>Size \u00f6zel sonbahar rotalar\u0131 ve rezervasyon i\u00e7in:<\/strong><br \/>\n<a href=\"mailto:travel@julesverne.com.tr\" target=\"_blank\" rel=\"noopener\"><strong>travel@julesverne.com.tr<\/strong><\/a><br \/>\n<strong>0212 266 6363 &#8211; 118 veya 132<\/strong><\/h4>\n","protected":false},"excerpt":{"rendered":"<p>Sonbaharda sanat, gurme, do\u011fa ile dolu seyahatler ile modunuza g&ouml;re sonbahar rotan\u0131z\u0131 se&ccedil;in.<\/p>\n","protected":false},"author":1,"featured_media":6819,"comment_status":"closed","ping_status":"closed","sticky":false,"template":"","format":"standard","meta":{"inline_featured_image":false,"footnotes":""},"categories":[1],"tags":[],"acf":[],"yoast_head":"<!-- This site is optimized with the Yoast SEO plugin v22.3 - https:\/\/yoast.com\/wordpress\/plugins\/seo\/ -->\n<title>Sonbaharda Sanat, Gurme, Deniz ve Do\u011fa ile Dolu Rotalar - JULES VERNE BUSINESS MICE TRAVEL<\/title>\n<meta name=\"robots\" content=\"index, follow, max-snippet:-1, max-image-preview:large, max-video-preview:-1\" \/>\n<link rel=\"canonical\" href=\"https:\/\/julesverne.com.tr\/travel-blog\/sonbaharda-sanat-gurme-deniz-ve-doga-ile-dolu-rotalar-2\/\" \/>\n<meta property=\"og:locale\" content=\"en_US\" \/>\n<meta property=\"og:type\" content=\"article\" \/>\n<meta property=\"og:title\" content=\"Sonbaharda Sanat, Gurme, Deniz ve Do\u011fa ile Dolu Rotalar - JULES VERNE BUSINESS MICE TRAVEL\" \/>\n<meta property=\"og:description\" content=\"Sonbaharda sanat, gurme, do\u011fa ile dolu seyahatler ile modunuza g&ouml;re sonbahar rotan\u0131z\u0131 se&ccedil;in.\" \/>\n<meta property=\"og:url\" content=\"https:\/\/julesverne.com.tr\/travel-blog\/sonbaharda-sanat-gurme-deniz-ve-doga-ile-dolu-rotalar-2\/\" \/>\n<meta property=\"og:site_name\" content=\"JULES VERNE BUSINESS MICE TRAVEL\" \/>\n<meta property=\"article:publisher\" content=\"https:\/\/www.facebook.com\/JulesVerneBusinessMiceTravel\/\" \/>\n<meta property=\"article:published_time\" content=\"2020-09-15T21:00:00+00:00\" \/>\n<meta property=\"article:modified_time\" content=\"2021-06-28T07:02:22+00:00\" \/>\n<meta property=\"og:image\" content=\"https:\/\/julesverne.com.tr\/wp-content\/uploads\/2021\/02\/shutterstock_290547533.jpg\" \/>\n\t<meta property=\"og:image:width\" content=\"999\" \/>\n\t<meta property=\"og:image:height\" content=\"588\" \/>\n\t<meta property=\"og:image:type\" content=\"image\/jpeg\" \/>\n<meta name=\"author\" content=\"fikirman\" \/>\n<meta name=\"twitter:card\" content=\"summary_large_image\" \/>\n<meta name=\"twitter:creator\" content=\"@JV_BusinessMice\" \/>\n<meta name=\"twitter:site\" content=\"@JV_BusinessMice\" \/>\n<meta name=\"twitter:label1\" content=\"Written by\" \/>\n\t<meta name=\"twitter:data1\" content=\"fikirman\" \/>\n\t<meta name=\"twitter:label2\" content=\"Est. reading time\" \/>\n\t<meta name=\"twitter:data2\" content=\"8 minutes\" \/>\n<script type=\"application\/ld+json\" class=\"yoast-schema-graph\">{\"@context\":\"https:\/\/schema.org\",\"@graph\":[{\"@type\":\"Article\",\"@id\":\"https:\/\/julesverne.com.tr\/travel-blog\/sonbaharda-sanat-gurme-deniz-ve-doga-ile-dolu-rotalar-2\/#article\",\"isPartOf\":{\"@id\":\"https:\/\/julesverne.com.tr\/travel-blog\/sonbaharda-sanat-gurme-deniz-ve-doga-ile-dolu-rotalar-2\/\"},\"author\":{\"name\":\"fikirman\",\"@id\":\"https:\/\/julesverne.com.tr\/#\/schema\/person\/f4eb0514ae455538644c31b99a466fdb\"},\"headline\":\"Sonbaharda Sanat, Gurme, Deniz ve Do\u011fa ile Dolu Rotalar\",\"datePublished\":\"2020-09-15T21:00:00+00:00\",\"dateModified\":\"2021-06-28T07:02:22+00:00\",\"mainEntityOfPage\":{\"@id\":\"https:\/\/julesverne.com.tr\/travel-blog\/sonbaharda-sanat-gurme-deniz-ve-doga-ile-dolu-rotalar-2\/\"},\"wordCount\":1651,\"publisher\":{\"@id\":\"https:\/\/julesverne.com.tr\/#organization\"},\"image\":{\"@id\":\"https:\/\/julesverne.com.tr\/travel-blog\/sonbaharda-sanat-gurme-deniz-ve-doga-ile-dolu-rotalar-2\/#primaryimage\"},\"thumbnailUrl\":\"https:\/\/julesverne.com.tr\/wp-content\/uploads\/2021\/02\/shutterstock_290547533.jpg\",\"articleSection\":[\"Blog\"],\"inLanguage\":\"en-US\"},{\"@type\":\"WebPage\",\"@id\":\"https:\/\/julesverne.com.tr\/travel-blog\/sonbaharda-sanat-gurme-deniz-ve-doga-ile-dolu-rotalar-2\/\",\"url\":\"https:\/\/julesverne.com.tr\/travel-blog\/sonbaharda-sanat-gurme-deniz-ve-doga-ile-dolu-rotalar-2\/\",\"name\":\"Sonbaharda Sanat, Gurme, Deniz ve Do\u011fa ile Dolu Rotalar - JULES VERNE BUSINESS MICE TRAVEL\",\"isPartOf\":{\"@id\":\"https:\/\/julesverne.com.tr\/#website\"},\"primaryImageOfPage\":{\"@id\":\"https:\/\/julesverne.com.tr\/travel-blog\/sonbaharda-sanat-gurme-deniz-ve-doga-ile-dolu-rotalar-2\/#primaryimage\"},\"image\":{\"@id\":\"https:\/\/julesverne.com.tr\/travel-blog\/sonbaharda-sanat-gurme-deniz-ve-doga-ile-dolu-rotalar-2\/#primaryimage\"},\"thumbnailUrl\":\"https:\/\/julesverne.com.tr\/wp-content\/uploads\/2021\/02\/shutterstock_290547533.jpg\",\"datePublished\":\"2020-09-15T21:00:00+00:00\",\"dateModified\":\"2021-06-28T07:02:22+00:00\",\"breadcrumb\":{\"@id\":\"https:\/\/julesverne.com.tr\/travel-blog\/sonbaharda-sanat-gurme-deniz-ve-doga-ile-dolu-rotalar-2\/#breadcrumb\"},\"inLanguage\":\"en-US\",\"potentialAction\":[{\"@type\":\"ReadAction\",\"target\":[\"https:\/\/julesverne.com.tr\/travel-blog\/sonbaharda-sanat-gurme-deniz-ve-doga-ile-dolu-rotalar-2\/\"]}]},{\"@type\":\"ImageObject\",\"inLanguage\":\"en-US\",\"@id\":\"https:\/\/julesverne.com.tr\/travel-blog\/sonbaharda-sanat-gurme-deniz-ve-doga-ile-dolu-rotalar-2\/#primaryimage\",\"url\":\"https:\/\/julesverne.com.tr\/wp-content\/uploads\/2021\/02\/shutterstock_290547533.jpg\",\"contentUrl\":\"https:\/\/julesverne.com.tr\/wp-content\/uploads\/2021\/02\/shutterstock_290547533.jpg\",\"width\":999,\"height\":588},{\"@type\":\"BreadcrumbList\",\"@id\":\"https:\/\/julesverne.com.tr\/travel-blog\/sonbaharda-sanat-gurme-deniz-ve-doga-ile-dolu-rotalar-2\/#breadcrumb\",\"itemListElement\":[{\"@type\":\"ListItem\",\"position\":1,\"name\":\"Anasayfa\",\"item\":\"https:\/\/julesverne.com.tr\/\"},{\"@type\":\"ListItem\",\"position\":2,\"name\":\"Sonbaharda Sanat, Gurme, Deniz ve Do\u011fa ile Dolu Rotalar\"}]},{\"@type\":\"WebSite\",\"@id\":\"https:\/\/julesverne.com.tr\/#website\",\"url\":\"https:\/\/julesverne.com.tr\/\",\"name\":\"JULES VERNE BUSINESS MICE TRAVEL\",\"description\":\"\",\"publisher\":{\"@id\":\"https:\/\/julesverne.com.tr\/#organization\"},\"potentialAction\":[{\"@type\":\"SearchAction\",\"target\":{\"@type\":\"EntryPoint\",\"urlTemplate\":\"https:\/\/julesverne.com.tr\/?s={search_term_string}\"},\"query-input\":\"required name=search_term_string\"}],\"inLanguage\":\"en-US\"},{\"@type\":\"Organization\",\"@id\":\"https:\/\/julesverne.com.tr\/#organization\",\"name\":\"JULES VERNE BUSINESS MICE TRAVEL\",\"url\":\"https:\/\/julesverne.com.tr\/\",\"logo\":{\"@type\":\"ImageObject\",\"inLanguage\":\"en-US\",\"@id\":\"https:\/\/julesverne.com.tr\/#\/schema\/logo\/image\/\",\"url\":\"https:\/\/julesverne.com.tr\/wp-content\/uploads\/2020\/09\/jv-bmt-logo.png\",\"contentUrl\":\"https:\/\/julesverne.com.tr\/wp-content\/uploads\/2020\/09\/jv-bmt-logo.png\",\"width\":110,\"height\":81,\"caption\":\"JULES VERNE BUSINESS MICE TRAVEL\"},\"image\":{\"@id\":\"https:\/\/julesverne.com.tr\/#\/schema\/logo\/image\/\"},\"sameAs\":[\"https:\/\/www.facebook.com\/JulesVerneBusinessMiceTravel\/\",\"https:\/\/twitter.com\/JV_BusinessMice\",\"https:\/\/www.instagram.com\/julesvernebusinessmicetravel\/\",\"https:\/\/www.linkedin.com\/company\/julesvernebusinessmicetravel\/\",\"https:\/\/www.youtube.com\/channel\/UCAwdsmbZ6tFhu1tea6pkpiw\"]},{\"@type\":\"Person\",\"@id\":\"https:\/\/julesverne.com.tr\/#\/schema\/person\/f4eb0514ae455538644c31b99a466fdb\",\"name\":\"fikirman\",\"sameAs\":[\"http:\/\/advermedya.net\/julesverne\"],\"url\":\"https:\/\/julesverne.com.tr\/en\/author\/fikirman\/\"}]}<\/script>\n<!-- \/ Yoast SEO plugin. -->","yoast_head_json":{"title":"Sonbaharda Sanat, Gurme, Deniz ve Do\u011fa ile Dolu Rotalar - JULES VERNE BUSINESS MICE TRAVEL","robots":{"index":"index","follow":"follow","max-snippet":"max-snippet:-1","max-image-preview":"max-image-preview:large","max-video-preview":"max-video-preview:-1"},"canonical":"https:\/\/julesverne.com.tr\/travel-blog\/sonbaharda-sanat-gurme-deniz-ve-doga-ile-dolu-rotalar-2\/","og_locale":"en_US","og_type":"article","og_title":"Sonbaharda Sanat, Gurme, Deniz ve Do\u011fa ile Dolu Rotalar - JULES VERNE BUSINESS MICE TRAVEL","og_description":"Sonbaharda sanat, gurme, do\u011fa ile dolu seyahatler ile modunuza g&ouml;re sonbahar rotan\u0131z\u0131 se&ccedil;in.","og_url":"https:\/\/julesverne.com.tr\/travel-blog\/sonbaharda-sanat-gurme-deniz-ve-doga-ile-dolu-rotalar-2\/","og_site_name":"JULES VERNE BUSINESS MICE TRAVEL","article_publisher":"https:\/\/www.facebook.com\/JulesVerneBusinessMiceTravel\/","article_published_time":"2020-09-15T21:00:00+00:00","article_modified_time":"2021-06-28T07:02:22+00:00","og_image":[{"width":999,"height":588,"url":"https:\/\/julesverne.com.tr\/wp-content\/uploads\/2021\/02\/shutterstock_290547533.jpg","type":"image\/jpeg"}],"author":"fikirman","twitter_card":"summary_large_image","twitter_creator":"@JV_BusinessMice","twitter_site":"@JV_BusinessMice","twitter_misc":{"Written by":"fikirman","Est. reading time":"8 minutes"},"schema":{"@context":"https:\/\/schema.org","@graph":[{"@type":"Article","@id":"https:\/\/julesverne.com.tr\/travel-blog\/sonbaharda-sanat-gurme-deniz-ve-doga-ile-dolu-rotalar-2\/#article","isPartOf":{"@id":"https:\/\/julesverne.com.tr\/travel-blog\/sonbaharda-sanat-gurme-deniz-ve-doga-ile-dolu-rotalar-2\/"},"author":{"name":"fikirman","@id":"https:\/\/julesverne.com.tr\/#\/schema\/person\/f4eb0514ae455538644c31b99a466fdb"},"headline":"Sonbaharda Sanat, Gurme, Deniz ve Do\u011fa ile Dolu Rotalar","datePublished":"2020-09-15T21:00:00+00:00","dateModified":"2021-06-28T07:02:22+00:00","mainEntityOfPage":{"@id":"https:\/\/julesverne.com.tr\/travel-blog\/sonbaharda-sanat-gurme-deniz-ve-doga-ile-dolu-rotalar-2\/"},"wordCount":1651,"publisher":{"@id":"https:\/\/julesverne.com.tr\/#organization"},"image":{"@id":"https:\/\/julesverne.com.tr\/travel-blog\/sonbaharda-sanat-gurme-deniz-ve-doga-ile-dolu-rotalar-2\/#primaryimage"},"thumbnailUrl":"https:\/\/julesverne.com.tr\/wp-content\/uploads\/2021\/02\/shutterstock_290547533.jpg","articleSection":["Blog"],"inLanguage":"en-US"},{"@type":"WebPage","@id":"https:\/\/julesverne.com.tr\/travel-blog\/sonbaharda-sanat-gurme-deniz-ve-doga-ile-dolu-rotalar-2\/","url":"https:\/\/julesverne.com.tr\/travel-blog\/sonbaharda-sanat-gurme-deniz-ve-doga-ile-dolu-rotalar-2\/","name":"Sonbaharda Sanat, Gurme, Deniz ve Do\u011fa ile Dolu Rotalar - JULES VERNE BUSINESS MICE TRAVEL","isPartOf":{"@id":"https:\/\/julesverne.com.tr\/#website"},"primaryImageOfPage":{"@id":"https:\/\/julesverne.com.tr\/travel-blog\/sonbaharda-sanat-gurme-deniz-ve-doga-ile-dolu-rotalar-2\/#primaryimage"},"image":{"@id":"https:\/\/julesverne.com.tr\/travel-blog\/sonbaharda-sanat-gurme-deniz-ve-doga-ile-dolu-rotalar-2\/#primaryimage"},"thumbnailUrl":"https:\/\/julesverne.com.tr\/wp-content\/uploads\/2021\/02\/shutterstock_290547533.jpg","datePublished":"2020-09-15T21:00:00+00:00","dateModified":"2021-06-28T07:02:22+00:00","breadcrumb":{"@id":"https:\/\/julesverne.com.tr\/travel-blog\/sonbaharda-sanat-gurme-deniz-ve-doga-ile-dolu-rotalar-2\/#breadcrumb"},"inLanguage":"en-US","potentialAction":[{"@type":"ReadAction","target":["https:\/\/julesverne.com.tr\/travel-blog\/sonbaharda-sanat-gurme-deniz-ve-doga-ile-dolu-rotalar-2\/"]}]},{"@type":"ImageObject","inLanguage":"en-US","@id":"https:\/\/julesverne.com.tr\/travel-blog\/sonbaharda-sanat-gurme-deniz-ve-doga-ile-dolu-rotalar-2\/#primaryimage","url":"https:\/\/julesverne.com.tr\/wp-content\/uploads\/2021\/02\/shutterstock_290547533.jpg","contentUrl":"https:\/\/julesverne.com.tr\/wp-content\/uploads\/2021\/02\/shutterstock_290547533.jpg","width":999,"height":588},{"@type":"BreadcrumbList","@id":"https:\/\/julesverne.com.tr\/travel-blog\/sonbaharda-sanat-gurme-deniz-ve-doga-ile-dolu-rotalar-2\/#breadcrumb","itemListElement":[{"@type":"ListItem","position":1,"name":"Anasayfa","item":"https:\/\/julesverne.com.tr\/"},{"@type":"ListItem","position":2,"name":"Sonbaharda Sanat, Gurme, Deniz ve Do\u011fa ile Dolu Rotalar"}]},{"@type":"WebSite","@id":"https:\/\/julesverne.com.tr\/#website","url":"https:\/\/julesverne.com.tr\/","name":"JULES VERNE BUSINESS MICE TRAVEL","description":"","publisher":{"@id":"https:\/\/julesverne.com.tr\/#organization"},"potentialAction":[{"@type":"SearchAction","target":{"@type":"EntryPoint","urlTemplate":"https:\/\/julesverne.com.tr\/?s={search_term_string}"},"query-input":"required name=search_term_string"}],"inLanguage":"en-US"},{"@type":"Organization","@id":"https:\/\/julesverne.com.tr\/#organization","name":"JULES VERNE BUSINESS MICE TRAVEL","url":"https:\/\/julesverne.com.tr\/","logo":{"@type":"ImageObject","inLanguage":"en-US","@id":"https:\/\/julesverne.com.tr\/#\/schema\/logo\/image\/","url":"https:\/\/julesverne.com.tr\/wp-content\/uploads\/2020\/09\/jv-bmt-logo.png","contentUrl":"https:\/\/julesverne.com.tr\/wp-content\/uploads\/2020\/09\/jv-bmt-logo.png","width":110,"height":81,"caption":"JULES VERNE BUSINESS MICE TRAVEL"},"image":{"@id":"https:\/\/julesverne.com.tr\/#\/schema\/logo\/image\/"},"sameAs":["https:\/\/www.facebook.com\/JulesVerneBusinessMiceTravel\/","https:\/\/twitter.com\/JV_BusinessMice","https:\/\/www.instagram.com\/julesvernebusinessmicetravel\/","https:\/\/www.linkedin.com\/company\/julesvernebusinessmicetravel\/","https:\/\/www.youtube.com\/channel\/UCAwdsmbZ6tFhu1tea6pkpiw"]},{"@type":"Person","@id":"https:\/\/julesverne.com.tr\/#\/schema\/person\/f4eb0514ae455538644c31b99a466fdb","name":"fikirman","sameAs":["http:\/\/advermedya.net\/julesverne"],"url":"https:\/\/julesverne.com.tr\/en\/author\/fikirman\/"}]}},"_links":{"self":[{"href":"https:\/\/julesverne.com.tr\/en\/wp-json\/wp\/v2\/posts\/6818"}],"collection":[{"href":"https:\/\/julesverne.com.tr\/en\/wp-json\/wp\/v2\/posts"}],"about":[{"href":"https:\/\/julesverne.com.tr\/en\/wp-json\/wp\/v2\/types\/post"}],"author":[{"embeddable":true,"href":"https:\/\/julesverne.com.tr\/en\/wp-json\/wp\/v2\/users\/1"}],"replies":[{"embeddable":true,"href":"https:\/\/julesverne.com.tr\/en\/wp-json\/wp\/v2\/comments?post=6818"}],"version-history":[{"count":0,"href":"https:\/\/julesverne.com.tr\/en\/wp-json\/wp\/v2\/posts\/6818\/revisions"}],"wp:featuredmedia":[{"embeddable":true,"href":"https:\/\/julesverne.com.tr\/en\/wp-json\/wp\/v2\/media\/6819"}],"wp:attachment":[{"href":"https:\/\/julesverne.com.tr\/en\/wp-json\/wp\/v2\/media?parent=6818"}],"wp:term":[{"taxonomy":"category","embeddable":true,"href":"https:\/\/julesverne.com.tr\/en\/wp-json\/wp\/v2\/categories?post=6818"},{"taxonomy":"post_tag","embeddable":true,"href":"https:\/\/julesverne.com.tr\/en\/wp-json\/wp\/v2\/tags?post=6818"}],"curies":[{"name":"wp","href":"https:\/\/api.w.org\/{rel}","templated":true}]}}