{"id":6816,"date":"2021-02-11T00:00:00","date_gmt":"2021-02-10T21:00:00","guid":{"rendered":"https:\/\/www.julesverne.com.tr\/\/blog\/turk-hava-yollari-buyuk-bahar-indirimi-ile-yurt-ici-ucuslarda-%30-indirim-firsati\/"},"modified":"2021-03-11T09:22:57","modified_gmt":"2021-03-11T06:22:57","slug":"turk-hava-yollari-buyuk-bahar-indirimi-ile-yurt-ici-ucuslarda-indirim-firsati","status":"publish","type":"post","link":"https:\/\/julesverne.com.tr\/en\/haberler\/business-haberler\/turk-hava-yollari-buyuk-bahar-indirimi-ile-yurt-ici-ucuslarda-indirim-firsati\/","title":{"rendered":"T\u00fcrk Hava Yollar\u0131 B\u00fcy\u00fck Bahar \u0130ndirimi \u0130le Yurt \u0130\u00e7i U\u00e7u\u015flarda %30 \u0130ndirim F\u0131rsat\u0131"},"content":{"rendered":"<p>B\u00fcy\u00fck Bahar \u0130ndirimi ba\u015flad\u0131. Sevdiklerinizle ve g\u00f6ky\u00fcz\u00fcyle tekrar bulu\u015furken yurt i\u00e7i u\u00e7u\u015flarda T\u00fcrk Hava Yollar\u0131 ayr\u0131cal\u0131\u011f\u0131n\u0131 %30 indirim f\u0131rsat\u0131yla ya\u015fay\u0131n! Sadece 3 g\u00fcn boyunca ge\u00e7erli olacak\u00a0<strong>Yurt \u0130\u00e7i U\u00e7u\u015flarda\u00a0%30 B\u00fcy\u00fck Bahar \u0130ndirimi&#8217;nden <\/strong>yararlanarak\u00a0T\u00fcrk Hava Yollar\u0131 G\u00fcvenli Seyahat Standartlar\u0131 ile i\u00e7iniz rahat bir \u015fekilde seyahat edebilirsiniz.<\/p>\n<p><img loading=\"lazy\" decoding=\"async\" class=\"alignnone size-full wp-image-6856\" title=\"T\u00fcrk Hava Yollar\u0131 B\u00fcy\u00fck Bahar \u0130ndirimi \u0130le Yurt \u0130\u00e7i U\u00e7u\u015flarda %30 \u0130ndirim F\u0131rsat\u0131\" src=\"https:\/\/www.julesverne.com.tr\/\/wp-content\/uploads\/2021\/02\/unnamed-file-13.jpg\" alt=\"T\u00fcrk Hava Yollar\u0131 B\u00fcy\u00fck Bahar \u0130ndirimi \u0130le Yurt \u0130\u00e7i U\u00e7u\u015flarda %30 \u0130ndirim F\u0131rsat\u0131\" width=\"999\" height=\"666\" srcset=\"https:\/\/julesverne.com.tr\/wp-content\/uploads\/2021\/02\/unnamed-file-13.jpg 999w, https:\/\/julesverne.com.tr\/wp-content\/uploads\/2021\/02\/unnamed-file-13-500x333.jpg 500w, https:\/\/julesverne.com.tr\/wp-content\/uploads\/2021\/02\/unnamed-file-13-768x512.jpg 768w\" sizes=\"(max-width: 999px) 100vw, 999px\" \/><\/p>\n<p><span style=\"text-decoration: underline;\"><span style=\"text-decoration: underline;\">&#8221;THY30&#8221; \u0130ND\u0130R\u0130M KODU \u0130LE YURT \u0130\u00c7\u0130 %30 \u0130ND\u0130R\u0130M KAMPANYASI<\/span><\/span><\/p>\n<p>Biletleme d\u00f6nemi:<strong> 11-12-13 \u015eubat 2021<\/strong><\/p>\n<p>Seyahat d\u00f6nemi:<strong> 1 Mart 2021 &#8211; 6 May\u0131s 2021<\/strong><\/p>\n<p><strong><span style=\"text-decoration: underline;\">Kampanya kural ve ko\u015fullar\u0131:<\/span><\/strong><\/p>\n<ul>\n<li>Kampanya 11 \u015eubat 2021 tarihinde sadece T\u00fcrk Hava Yollar\u0131 internet sitesi ve mobil uygulamas\u0131nda, 12-13 \u015eubat 2021 tarihlerinde ise T\u00fcrk Hava Yollar\u0131 online kanallar\u0131, sat\u0131\u015f ofisleri, \u00e7a\u011fr\u0131 merkezi ve acenteler dahil olmak \u00fczere t\u00fcm sat\u0131\u015f kanallar\u0131nda ge\u00e7erlidir.<\/li>\n<li>Kampanya 11 \u015eubat 2021 (dahil) &#8211; 13 \u015eubat 2021 (dahil) tarihleri aras\u0131nda d\u00fczenlenen ve seyahat tarihi 01 Mart 2021 &#8211; 6 May\u0131s 2021 aras\u0131nda olan biletler i\u00e7in ge\u00e7erlidir.<\/li>\n<li>%30 indirimin uygulanabilmesi i\u00e7in \u00f6deme a\u015famas\u0131na gelindi\u011finde <strong>THY30<\/strong> indirim kodu girilmelidir.<\/li>\n<li>%30 \u0130ndirim, t\u00fcm vergi ve har\u00e7lar hari\u00e7, net \u00fccretler \u00fczerinden uygulanacakt\u0131r.<\/li>\n<li>Kampanya T\u00fcrk Hava Yollar\u0131 yurti\u00e7i tek y\u00f6n direkt ve aktarmal\u0131, business ve ekonomi \u00fccretlerinde ge\u00e7erlidir.<\/li>\n<li>Kampanya K\u0131br\u0131s ve Hopa&#8217;ya yap\u0131lacak u\u00e7u\u015flar\u0131 kapsamamaktad\u0131r.<\/li>\n<li>\u0130lgili kampanya sadece T\u00fcrk Hava Yollar\u0131 taraf\u0131ndan ger\u00e7ekle\u015ftirilen tarifeli seferlerde ge\u00e7erlidir. Sabiha G\u00f6k\u00e7en Havaliman\u0131na yap\u0131lan u\u00e7u\u015flarda, T\u00fcrk Hava Yollar\u0131 codeshare seferlerde ve AnadoluJet u\u00e7u\u015flar\u0131nda ge\u00e7erli de\u011fildir.<\/li>\n<li>Kampanya kapsam\u0131nda al\u0131nan biletlerde iptal, iade ve de\u011fi\u015fiklik i\u015flemlerinde orijinal bilet kurallar\u0131 ge\u00e7erlidir.<\/li>\n<li>Bu kampanya, yolcu tipi indirimleri dahil di\u011fer T\u00fcrk Hava Yollar\u0131 kampanyalar\u0131 ve indirimleri (engelli, \u00f6\u011frenci vb.) ile birle\u015ftirilemez. (\u00c7ocuk ve bebek \u00fccretleri \u00fczerinden extra %30 indirim uygulanamaz.)<\/li>\n<li>T\u00fcrk Hava Yollar\u0131 kampanya kural ve ko\u015fullar\u0131n\u0131, tan\u0131mlar\u0131 ve di\u011fer bilgileri de\u011fi\u015ftirme, kampanyay\u0131 iptal etme hakk\u0131n\u0131 sakl\u0131 tutar.<\/li>\n<\/ul>\n<p style=\"text-align: center;\">Detayl\u0131 bilgi ve rezervasyon i\u00e7in <strong><a href=\"mailto:bilet-bolumu@julesverne.com.tr\">bilet-bolumu@julesverne.com.tr<\/a><\/strong><\/p>\n","protected":false},"excerpt":{"rendered":"<p>T&uuml;rk Hava Yollar\u0131 b&uuml;y&uuml;k bahar indirimi ile, yurt i&ccedil;i u&ccedil;u\u015flarda %30 indirim f\u0131rsat\u0131<\/p>\n","protected":false},"author":1,"featured_media":6817,"comment_status":"closed","ping_status":"closed","sticky":false,"template":"","format":"standard","meta":{"inline_featured_image":false,"footnotes":""},"categories":[3,1],"tags":[],"acf":[],"yoast_head":"<!-- This site is optimized with the Yoast SEO plugin v22.3 - https:\/\/yoast.com\/wordpress\/plugins\/seo\/ -->\n<title>T\u00fcrk Hava Yollar\u0131 B\u00fcy\u00fck Bahar \u0130ndirimi \u0130le Yurt \u0130\u00e7i U\u00e7u\u015flarda %30 \u0130ndirim F\u0131rsat\u0131 - JULES VERNE BUSINESS MICE TRAVEL<\/title>\n<meta name=\"description\" content=\"B\u00fcy\u00fck Bahar \u0130ndirimi ba\u015flad\u0131. Sevdiklerinizle ve g\u00f6ky\u00fcz\u00fcyle tekrar bulu\u015furken yurt i\u00e7i u\u00e7u\u015flarda T\u00fcrk Hava Yollar\u0131 ayr\u0131cal\u0131\u011f\u0131n\u0131 indirim f\u0131rsat\u0131yla ya\u015fay\u0131n! Sadece 3 g\u00fcn boyunca ge\u00e7erli olacak\u00a0Yurt \u0130\u00e7i U\u00e7u\u015flarda\u00a0 B\u00fcy\u00fck Bahar \u0130ndirimi&#039;nden yararlanarak\u00a0T\u00fcrk Hava Yollar\u0131 G\u00fcvenli Seyahat Standartlar\u0131 ile i\u00e7iniz rahat bir \u015fekilde seyahat edebilirsiniz.\" \/>\n<meta name=\"robots\" content=\"index, follow, max-snippet:-1, max-image-preview:large, max-video-preview:-1\" \/>\n<link rel=\"canonical\" href=\"https:\/\/julesverne.com.tr\/travel-blog\/turk-hava-yollari-buyuk-bahar-indirimi-ile-yurt-ici-ucuslarda-indirim-firsati\/\" \/>\n<meta property=\"og:locale\" content=\"en_US\" \/>\n<meta property=\"og:type\" content=\"article\" \/>\n<meta property=\"og:title\" content=\"T\u00fcrk Hava Yollar\u0131 B\u00fcy\u00fck Bahar \u0130ndirimi \u0130le Yurt \u0130\u00e7i U\u00e7u\u015flarda %30 \u0130ndirim F\u0131rsat\u0131 - JULES VERNE BUSINESS MICE TRAVEL\" \/>\n<meta property=\"og:description\" content=\"B\u00fcy\u00fck Bahar \u0130ndirimi ba\u015flad\u0131. Sevdiklerinizle ve g\u00f6ky\u00fcz\u00fcyle tekrar bulu\u015furken yurt i\u00e7i u\u00e7u\u015flarda T\u00fcrk Hava Yollar\u0131 ayr\u0131cal\u0131\u011f\u0131n\u0131 indirim f\u0131rsat\u0131yla ya\u015fay\u0131n! Sadece 3 g\u00fcn boyunca ge\u00e7erli olacak\u00a0Yurt \u0130\u00e7i U\u00e7u\u015flarda\u00a0 B\u00fcy\u00fck Bahar \u0130ndirimi&#039;nden yararlanarak\u00a0T\u00fcrk Hava Yollar\u0131 G\u00fcvenli Seyahat Standartlar\u0131 ile i\u00e7iniz rahat bir \u015fekilde seyahat edebilirsiniz.\" \/>\n<meta property=\"og:url\" content=\"https:\/\/julesverne.com.tr\/travel-blog\/turk-hava-yollari-buyuk-bahar-indirimi-ile-yurt-ici-ucuslarda-indirim-firsati\/\" \/>\n<meta property=\"og:site_name\" content=\"JULES VERNE BUSINESS MICE TRAVEL\" \/>\n<meta property=\"article:publisher\" content=\"https:\/\/www.facebook.com\/JulesVerneBusinessMiceTravel\/\" \/>\n<meta property=\"article:published_time\" content=\"2021-02-10T21:00:00+00:00\" \/>\n<meta property=\"article:modified_time\" content=\"2021-03-11T06:22:57+00:00\" \/>\n<meta property=\"og:image\" content=\"https:\/\/julesverne.com.tr\/wp-content\/uploads\/2021\/02\/ucak_shutterstock_1031168185-1.jpg\" \/>\n\t<meta property=\"og:image:width\" content=\"999\" \/>\n\t<meta property=\"og:image:height\" content=\"666\" \/>\n\t<meta property=\"og:image:type\" content=\"image\/jpeg\" \/>\n<meta name=\"author\" content=\"fikirman\" \/>\n<meta name=\"twitter:card\" content=\"summary_large_image\" \/>\n<meta name=\"twitter:creator\" content=\"@JV_BusinessMice\" \/>\n<meta name=\"twitter:site\" content=\"@JV_BusinessMice\" \/>\n<meta name=\"twitter:label1\" content=\"Written by\" \/>\n\t<meta name=\"twitter:data1\" content=\"fikirman\" \/>\n\t<meta name=\"twitter:label2\" content=\"Est. reading time\" \/>\n\t<meta name=\"twitter:data2\" content=\"2 minutes\" \/>\n<script type=\"application\/ld+json\" class=\"yoast-schema-graph\">{\"@context\":\"https:\/\/schema.org\",\"@graph\":[{\"@type\":\"Article\",\"@id\":\"https:\/\/julesverne.com.tr\/travel-blog\/turk-hava-yollari-buyuk-bahar-indirimi-ile-yurt-ici-ucuslarda-indirim-firsati\/#article\",\"isPartOf\":{\"@id\":\"https:\/\/julesverne.com.tr\/travel-blog\/turk-hava-yollari-buyuk-bahar-indirimi-ile-yurt-ici-ucuslarda-indirim-firsati\/\"},\"author\":{\"name\":\"fikirman\",\"@id\":\"https:\/\/julesverne.com.tr\/#\/schema\/person\/f4eb0514ae455538644c31b99a466fdb\"},\"headline\":\"T\u00fcrk Hava Yollar\u0131 B\u00fcy\u00fck Bahar \u0130ndirimi \u0130le Yurt \u0130\u00e7i U\u00e7u\u015flarda %30 \u0130ndirim F\u0131rsat\u0131\",\"datePublished\":\"2021-02-10T21:00:00+00:00\",\"dateModified\":\"2021-03-11T06:22:57+00:00\",\"mainEntityOfPage\":{\"@id\":\"https:\/\/julesverne.com.tr\/travel-blog\/turk-hava-yollari-buyuk-bahar-indirimi-ile-yurt-ici-ucuslarda-indirim-firsati\/\"},\"wordCount\":371,\"publisher\":{\"@id\":\"https:\/\/julesverne.com.tr\/#organization\"},\"image\":{\"@id\":\"https:\/\/julesverne.com.tr\/travel-blog\/turk-hava-yollari-buyuk-bahar-indirimi-ile-yurt-ici-ucuslarda-indirim-firsati\/#primaryimage\"},\"thumbnailUrl\":\"https:\/\/julesverne.com.tr\/wp-content\/uploads\/2021\/02\/ucak_shutterstock_1031168185-1.jpg\",\"articleSection\":[\"Business Haberler\",\"Blog\"],\"inLanguage\":\"en-US\"},{\"@type\":\"WebPage\",\"@id\":\"https:\/\/julesverne.com.tr\/travel-blog\/turk-hava-yollari-buyuk-bahar-indirimi-ile-yurt-ici-ucuslarda-indirim-firsati\/\",\"url\":\"https:\/\/julesverne.com.tr\/travel-blog\/turk-hava-yollari-buyuk-bahar-indirimi-ile-yurt-ici-ucuslarda-indirim-firsati\/\",\"name\":\"T\u00fcrk Hava Yollar\u0131 B\u00fcy\u00fck Bahar \u0130ndirimi \u0130le Yurt \u0130\u00e7i U\u00e7u\u015flarda %30 \u0130ndirim F\u0131rsat\u0131 - JULES VERNE BUSINESS MICE TRAVEL\",\"isPartOf\":{\"@id\":\"https:\/\/julesverne.com.tr\/#website\"},\"primaryImageOfPage\":{\"@id\":\"https:\/\/julesverne.com.tr\/travel-blog\/turk-hava-yollari-buyuk-bahar-indirimi-ile-yurt-ici-ucuslarda-indirim-firsati\/#primaryimage\"},\"image\":{\"@id\":\"https:\/\/julesverne.com.tr\/travel-blog\/turk-hava-yollari-buyuk-bahar-indirimi-ile-yurt-ici-ucuslarda-indirim-firsati\/#primaryimage\"},\"thumbnailUrl\":\"https:\/\/julesverne.com.tr\/wp-content\/uploads\/2021\/02\/ucak_shutterstock_1031168185-1.jpg\",\"datePublished\":\"2021-02-10T21:00:00+00:00\",\"dateModified\":\"2021-03-11T06:22:57+00:00\",\"description\":\"B\u00fcy\u00fck Bahar \u0130ndirimi ba\u015flad\u0131. Sevdiklerinizle ve g\u00f6ky\u00fcz\u00fcyle tekrar bulu\u015furken yurt i\u00e7i u\u00e7u\u015flarda T\u00fcrk Hava Yollar\u0131 ayr\u0131cal\u0131\u011f\u0131n\u0131 indirim f\u0131rsat\u0131yla ya\u015fay\u0131n! Sadece 3 g\u00fcn boyunca ge\u00e7erli olacak\u00a0Yurt \u0130\u00e7i U\u00e7u\u015flarda\u00a0 B\u00fcy\u00fck Bahar \u0130ndirimi'nden yararlanarak\u00a0T\u00fcrk Hava Yollar\u0131 G\u00fcvenli Seyahat Standartlar\u0131 ile i\u00e7iniz rahat bir \u015fekilde seyahat edebilirsiniz.\",\"breadcrumb\":{\"@id\":\"https:\/\/julesverne.com.tr\/travel-blog\/turk-hava-yollari-buyuk-bahar-indirimi-ile-yurt-ici-ucuslarda-indirim-firsati\/#breadcrumb\"},\"inLanguage\":\"en-US\",\"potentialAction\":[{\"@type\":\"ReadAction\",\"target\":[\"https:\/\/julesverne.com.tr\/travel-blog\/turk-hava-yollari-buyuk-bahar-indirimi-ile-yurt-ici-ucuslarda-indirim-firsati\/\"]}]},{\"@type\":\"ImageObject\",\"inLanguage\":\"en-US\",\"@id\":\"https:\/\/julesverne.com.tr\/travel-blog\/turk-hava-yollari-buyuk-bahar-indirimi-ile-yurt-ici-ucuslarda-indirim-firsati\/#primaryimage\",\"url\":\"https:\/\/julesverne.com.tr\/wp-content\/uploads\/2021\/02\/ucak_shutterstock_1031168185-1.jpg\",\"contentUrl\":\"https:\/\/julesverne.com.tr\/wp-content\/uploads\/2021\/02\/ucak_shutterstock_1031168185-1.jpg\",\"width\":999,\"height\":666},{\"@type\":\"BreadcrumbList\",\"@id\":\"https:\/\/julesverne.com.tr\/travel-blog\/turk-hava-yollari-buyuk-bahar-indirimi-ile-yurt-ici-ucuslarda-indirim-firsati\/#breadcrumb\",\"itemListElement\":[{\"@type\":\"ListItem\",\"position\":1,\"name\":\"Anasayfa\",\"item\":\"https:\/\/julesverne.com.tr\/\"},{\"@type\":\"ListItem\",\"position\":2,\"name\":\"T\u00fcrk Hava Yollar\u0131 B\u00fcy\u00fck Bahar \u0130ndirimi \u0130le Yurt \u0130\u00e7i U\u00e7u\u015flarda %30 \u0130ndirim F\u0131rsat\u0131\"}]},{\"@type\":\"WebSite\",\"@id\":\"https:\/\/julesverne.com.tr\/#website\",\"url\":\"https:\/\/julesverne.com.tr\/\",\"name\":\"JULES VERNE BUSINESS MICE TRAVEL\",\"description\":\"\",\"publisher\":{\"@id\":\"https:\/\/julesverne.com.tr\/#organization\"},\"potentialAction\":[{\"@type\":\"SearchAction\",\"target\":{\"@type\":\"EntryPoint\",\"urlTemplate\":\"https:\/\/julesverne.com.tr\/?s={search_term_string}\"},\"query-input\":\"required name=search_term_string\"}],\"inLanguage\":\"en-US\"},{\"@type\":\"Organization\",\"@id\":\"https:\/\/julesverne.com.tr\/#organization\",\"name\":\"JULES VERNE BUSINESS MICE TRAVEL\",\"url\":\"https:\/\/julesverne.com.tr\/\",\"logo\":{\"@type\":\"ImageObject\",\"inLanguage\":\"en-US\",\"@id\":\"https:\/\/julesverne.com.tr\/#\/schema\/logo\/image\/\",\"url\":\"https:\/\/julesverne.com.tr\/wp-content\/uploads\/2020\/09\/jv-bmt-logo.png\",\"contentUrl\":\"https:\/\/julesverne.com.tr\/wp-content\/uploads\/2020\/09\/jv-bmt-logo.png\",\"width\":110,\"height\":81,\"caption\":\"JULES VERNE BUSINESS MICE TRAVEL\"},\"image\":{\"@id\":\"https:\/\/julesverne.com.tr\/#\/schema\/logo\/image\/\"},\"sameAs\":[\"https:\/\/www.facebook.com\/JulesVerneBusinessMiceTravel\/\",\"https:\/\/twitter.com\/JV_BusinessMice\",\"https:\/\/www.instagram.com\/julesvernebusinessmicetravel\/\",\"https:\/\/www.linkedin.com\/company\/julesvernebusinessmicetravel\/\",\"https:\/\/www.youtube.com\/channel\/UCAwdsmbZ6tFhu1tea6pkpiw\"]},{\"@type\":\"Person\",\"@id\":\"https:\/\/julesverne.com.tr\/#\/schema\/person\/f4eb0514ae455538644c31b99a466fdb\",\"name\":\"fikirman\",\"sameAs\":[\"http:\/\/advermedya.net\/julesverne\"],\"url\":\"https:\/\/julesverne.com.tr\/en\/author\/fikirman\/\"}]}<\/script>\n<!-- \/ Yoast SEO plugin. -->","yoast_head_json":{"title":"T\u00fcrk Hava Yollar\u0131 B\u00fcy\u00fck Bahar \u0130ndirimi \u0130le Yurt \u0130\u00e7i U\u00e7u\u015flarda %30 \u0130ndirim F\u0131rsat\u0131 - JULES VERNE BUSINESS MICE TRAVEL","description":"B\u00fcy\u00fck Bahar \u0130ndirimi ba\u015flad\u0131. Sevdiklerinizle ve g\u00f6ky\u00fcz\u00fcyle tekrar bulu\u015furken yurt i\u00e7i u\u00e7u\u015flarda T\u00fcrk Hava Yollar\u0131 ayr\u0131cal\u0131\u011f\u0131n\u0131 indirim f\u0131rsat\u0131yla ya\u015fay\u0131n! Sadece 3 g\u00fcn boyunca ge\u00e7erli olacak\u00a0Yurt \u0130\u00e7i U\u00e7u\u015flarda\u00a0 B\u00fcy\u00fck Bahar \u0130ndirimi'nden yararlanarak\u00a0T\u00fcrk Hava Yollar\u0131 G\u00fcvenli Seyahat Standartlar\u0131 ile i\u00e7iniz rahat bir \u015fekilde seyahat edebilirsiniz.","robots":{"index":"index","follow":"follow","max-snippet":"max-snippet:-1","max-image-preview":"max-image-preview:large","max-video-preview":"max-video-preview:-1"},"canonical":"https:\/\/julesverne.com.tr\/travel-blog\/turk-hava-yollari-buyuk-bahar-indirimi-ile-yurt-ici-ucuslarda-indirim-firsati\/","og_locale":"en_US","og_type":"article","og_title":"T\u00fcrk Hava Yollar\u0131 B\u00fcy\u00fck Bahar \u0130ndirimi \u0130le Yurt \u0130\u00e7i U\u00e7u\u015flarda %30 \u0130ndirim F\u0131rsat\u0131 - JULES VERNE BUSINESS MICE TRAVEL","og_description":"B\u00fcy\u00fck Bahar \u0130ndirimi ba\u015flad\u0131. Sevdiklerinizle ve g\u00f6ky\u00fcz\u00fcyle tekrar bulu\u015furken yurt i\u00e7i u\u00e7u\u015flarda T\u00fcrk Hava Yollar\u0131 ayr\u0131cal\u0131\u011f\u0131n\u0131 indirim f\u0131rsat\u0131yla ya\u015fay\u0131n! Sadece 3 g\u00fcn boyunca ge\u00e7erli olacak\u00a0Yurt \u0130\u00e7i U\u00e7u\u015flarda\u00a0 B\u00fcy\u00fck Bahar \u0130ndirimi'nden yararlanarak\u00a0T\u00fcrk Hava Yollar\u0131 G\u00fcvenli Seyahat Standartlar\u0131 ile i\u00e7iniz rahat bir \u015fekilde seyahat edebilirsiniz.","og_url":"https:\/\/julesverne.com.tr\/travel-blog\/turk-hava-yollari-buyuk-bahar-indirimi-ile-yurt-ici-ucuslarda-indirim-firsati\/","og_site_name":"JULES VERNE BUSINESS MICE TRAVEL","article_publisher":"https:\/\/www.facebook.com\/JulesVerneBusinessMiceTravel\/","article_published_time":"2021-02-10T21:00:00+00:00","article_modified_time":"2021-03-11T06:22:57+00:00","og_image":[{"width":999,"height":666,"url":"https:\/\/julesverne.com.tr\/wp-content\/uploads\/2021\/02\/ucak_shutterstock_1031168185-1.jpg","type":"image\/jpeg"}],"author":"fikirman","twitter_card":"summary_large_image","twitter_creator":"@JV_BusinessMice","twitter_site":"@JV_BusinessMice","twitter_misc":{"Written by":"fikirman","Est. reading time":"2 minutes"},"schema":{"@context":"https:\/\/schema.org","@graph":[{"@type":"Article","@id":"https:\/\/julesverne.com.tr\/travel-blog\/turk-hava-yollari-buyuk-bahar-indirimi-ile-yurt-ici-ucuslarda-indirim-firsati\/#article","isPartOf":{"@id":"https:\/\/julesverne.com.tr\/travel-blog\/turk-hava-yollari-buyuk-bahar-indirimi-ile-yurt-ici-ucuslarda-indirim-firsati\/"},"author":{"name":"fikirman","@id":"https:\/\/julesverne.com.tr\/#\/schema\/person\/f4eb0514ae455538644c31b99a466fdb"},"headline":"T\u00fcrk Hava Yollar\u0131 B\u00fcy\u00fck Bahar \u0130ndirimi \u0130le Yurt \u0130\u00e7i U\u00e7u\u015flarda %30 \u0130ndirim F\u0131rsat\u0131","datePublished":"2021-02-10T21:00:00+00:00","dateModified":"2021-03-11T06:22:57+00:00","mainEntityOfPage":{"@id":"https:\/\/julesverne.com.tr\/travel-blog\/turk-hava-yollari-buyuk-bahar-indirimi-ile-yurt-ici-ucuslarda-indirim-firsati\/"},"wordCount":371,"publisher":{"@id":"https:\/\/julesverne.com.tr\/#organization"},"image":{"@id":"https:\/\/julesverne.com.tr\/travel-blog\/turk-hava-yollari-buyuk-bahar-indirimi-ile-yurt-ici-ucuslarda-indirim-firsati\/#primaryimage"},"thumbnailUrl":"https:\/\/julesverne.com.tr\/wp-content\/uploads\/2021\/02\/ucak_shutterstock_1031168185-1.jpg","articleSection":["Business Haberler","Blog"],"inLanguage":"en-US"},{"@type":"WebPage","@id":"https:\/\/julesverne.com.tr\/travel-blog\/turk-hava-yollari-buyuk-bahar-indirimi-ile-yurt-ici-ucuslarda-indirim-firsati\/","url":"https:\/\/julesverne.com.tr\/travel-blog\/turk-hava-yollari-buyuk-bahar-indirimi-ile-yurt-ici-ucuslarda-indirim-firsati\/","name":"T\u00fcrk Hava Yollar\u0131 B\u00fcy\u00fck Bahar \u0130ndirimi \u0130le Yurt \u0130\u00e7i U\u00e7u\u015flarda %30 \u0130ndirim F\u0131rsat\u0131 - JULES VERNE BUSINESS MICE TRAVEL","isPartOf":{"@id":"https:\/\/julesverne.com.tr\/#website"},"primaryImageOfPage":{"@id":"https:\/\/julesverne.com.tr\/travel-blog\/turk-hava-yollari-buyuk-bahar-indirimi-ile-yurt-ici-ucuslarda-indirim-firsati\/#primaryimage"},"image":{"@id":"https:\/\/julesverne.com.tr\/travel-blog\/turk-hava-yollari-buyuk-bahar-indirimi-ile-yurt-ici-ucuslarda-indirim-firsati\/#primaryimage"},"thumbnailUrl":"https:\/\/julesverne.com.tr\/wp-content\/uploads\/2021\/02\/ucak_shutterstock_1031168185-1.jpg","datePublished":"2021-02-10T21:00:00+00:00","dateModified":"2021-03-11T06:22:57+00:00","description":"B\u00fcy\u00fck Bahar \u0130ndirimi ba\u015flad\u0131. Sevdiklerinizle ve g\u00f6ky\u00fcz\u00fcyle tekrar bulu\u015furken yurt i\u00e7i u\u00e7u\u015flarda T\u00fcrk Hava Yollar\u0131 ayr\u0131cal\u0131\u011f\u0131n\u0131 indirim f\u0131rsat\u0131yla ya\u015fay\u0131n! Sadece 3 g\u00fcn boyunca ge\u00e7erli olacak\u00a0Yurt \u0130\u00e7i U\u00e7u\u015flarda\u00a0 B\u00fcy\u00fck Bahar \u0130ndirimi'nden yararlanarak\u00a0T\u00fcrk Hava Yollar\u0131 G\u00fcvenli Seyahat Standartlar\u0131 ile i\u00e7iniz rahat bir \u015fekilde seyahat edebilirsiniz.","breadcrumb":{"@id":"https:\/\/julesverne.com.tr\/travel-blog\/turk-hava-yollari-buyuk-bahar-indirimi-ile-yurt-ici-ucuslarda-indirim-firsati\/#breadcrumb"},"inLanguage":"en-US","potentialAction":[{"@type":"ReadAction","target":["https:\/\/julesverne.com.tr\/travel-blog\/turk-hava-yollari-buyuk-bahar-indirimi-ile-yurt-ici-ucuslarda-indirim-firsati\/"]}]},{"@type":"ImageObject","inLanguage":"en-US","@id":"https:\/\/julesverne.com.tr\/travel-blog\/turk-hava-yollari-buyuk-bahar-indirimi-ile-yurt-ici-ucuslarda-indirim-firsati\/#primaryimage","url":"https:\/\/julesverne.com.tr\/wp-content\/uploads\/2021\/02\/ucak_shutterstock_1031168185-1.jpg","contentUrl":"https:\/\/julesverne.com.tr\/wp-content\/uploads\/2021\/02\/ucak_shutterstock_1031168185-1.jpg","width":999,"height":666},{"@type":"BreadcrumbList","@id":"https:\/\/julesverne.com.tr\/travel-blog\/turk-hava-yollari-buyuk-bahar-indirimi-ile-yurt-ici-ucuslarda-indirim-firsati\/#breadcrumb","itemListElement":[{"@type":"ListItem","position":1,"name":"Anasayfa","item":"https:\/\/julesverne.com.tr\/"},{"@type":"ListItem","position":2,"name":"T\u00fcrk Hava Yollar\u0131 B\u00fcy\u00fck Bahar \u0130ndirimi \u0130le Yurt \u0130\u00e7i U\u00e7u\u015flarda %30 \u0130ndirim F\u0131rsat\u0131"}]},{"@type":"WebSite","@id":"https:\/\/julesverne.com.tr\/#website","url":"https:\/\/julesverne.com.tr\/","name":"JULES VERNE BUSINESS MICE TRAVEL","description":"","publisher":{"@id":"https:\/\/julesverne.com.tr\/#organization"},"potentialAction":[{"@type":"SearchAction","target":{"@type":"EntryPoint","urlTemplate":"https:\/\/julesverne.com.tr\/?s={search_term_string}"},"query-input":"required name=search_term_string"}],"inLanguage":"en-US"},{"@type":"Organization","@id":"https:\/\/julesverne.com.tr\/#organization","name":"JULES VERNE BUSINESS MICE TRAVEL","url":"https:\/\/julesverne.com.tr\/","logo":{"@type":"ImageObject","inLanguage":"en-US","@id":"https:\/\/julesverne.com.tr\/#\/schema\/logo\/image\/","url":"https:\/\/julesverne.com.tr\/wp-content\/uploads\/2020\/09\/jv-bmt-logo.png","contentUrl":"https:\/\/julesverne.com.tr\/wp-content\/uploads\/2020\/09\/jv-bmt-logo.png","width":110,"height":81,"caption":"JULES VERNE BUSINESS MICE TRAVEL"},"image":{"@id":"https:\/\/julesverne.com.tr\/#\/schema\/logo\/image\/"},"sameAs":["https:\/\/www.facebook.com\/JulesVerneBusinessMiceTravel\/","https:\/\/twitter.com\/JV_BusinessMice","https:\/\/www.instagram.com\/julesvernebusinessmicetravel\/","https:\/\/www.linkedin.com\/company\/julesvernebusinessmicetravel\/","https:\/\/www.youtube.com\/channel\/UCAwdsmbZ6tFhu1tea6pkpiw"]},{"@type":"Person","@id":"https:\/\/julesverne.com.tr\/#\/schema\/person\/f4eb0514ae455538644c31b99a466fdb","name":"fikirman","sameAs":["http:\/\/advermedya.net\/julesverne"],"url":"https:\/\/julesverne.com.tr\/en\/author\/fikirman\/"}]}},"_links":{"self":[{"href":"https:\/\/julesverne.com.tr\/en\/wp-json\/wp\/v2\/posts\/6816"}],"collection":[{"href":"https:\/\/julesverne.com.tr\/en\/wp-json\/wp\/v2\/posts"}],"about":[{"href":"https:\/\/julesverne.com.tr\/en\/wp-json\/wp\/v2\/types\/post"}],"author":[{"embeddable":true,"href":"https:\/\/julesverne.com.tr\/en\/wp-json\/wp\/v2\/users\/1"}],"replies":[{"embeddable":true,"href":"https:\/\/julesverne.com.tr\/en\/wp-json\/wp\/v2\/comments?post=6816"}],"version-history":[{"count":0,"href":"https:\/\/julesverne.com.tr\/en\/wp-json\/wp\/v2\/posts\/6816\/revisions"}],"wp:featuredmedia":[{"embeddable":true,"href":"https:\/\/julesverne.com.tr\/en\/wp-json\/wp\/v2\/media\/6817"}],"wp:attachment":[{"href":"https:\/\/julesverne.com.tr\/en\/wp-json\/wp\/v2\/media?parent=6816"}],"wp:term":[{"taxonomy":"category","embeddable":true,"href":"https:\/\/julesverne.com.tr\/en\/wp-json\/wp\/v2\/categories?post=6816"},{"taxonomy":"post_tag","embeddable":true,"href":"https:\/\/julesverne.com.tr\/en\/wp-json\/wp\/v2\/tags?post=6816"}],"curies":[{"name":"wp","href":"https:\/\/api.w.org\/{rel}","templated":true}]}}