{"id":6796,"date":"2020-12-27T00:00:00","date_gmt":"2020-12-26T21:00:00","guid":{"rendered":"https:\/\/www.julesverne.com.tr\/\/blog\/somestir-tatilinde-guvenli-maldivler-seyahati\/"},"modified":"2021-06-15T08:58:14","modified_gmt":"2021-06-15T05:58:14","slug":"somestir-tatilinde-guvenli-maldivler-seyahati","status":"publish","type":"post","link":"https:\/\/julesverne.com.tr\/en\/travel-blog\/somestir-tatilinde-guvenli-maldivler-seyahati\/","title":{"rendered":"S\u00f6mestir Tatilinde G\u00fcvenli Maldivler Seyahati"},"content":{"rendered":"<p style=\"text-align: center;\"><img loading=\"lazy\" decoding=\"async\" class=\"alignnone size-full wp-image-6925\" title=\"T\u00fcrk Hava Yollar\u0131 B\u00fcy\u00fck Bahar \u0130ndirimi \u0130le Yurt \u0130\u00e7i U\u00e7u\u015flarda %30 \u0130ndirim F\u0131rsat\u0131\" src=\"https:\/\/www.julesverne.com.tr\/\/wp-content\/uploads\/2021\/02\/unnamed-file-22.jpg\" alt=\"T\u00fcrk Hava Yollar\u0131 B\u00fcy\u00fck Bahar \u0130ndirimi \u0130le Yurt \u0130\u00e7i U\u00e7u\u015flarda %30 \u0130ndirim F\u0131rsat\u0131\" width=\"1000\" height=\"667\" srcset=\"https:\/\/julesverne.com.tr\/wp-content\/uploads\/2021\/02\/unnamed-file-22.jpg 1000w, https:\/\/julesverne.com.tr\/wp-content\/uploads\/2021\/02\/unnamed-file-22-500x334.jpg 500w, https:\/\/julesverne.com.tr\/wp-content\/uploads\/2021\/02\/unnamed-file-22-768x512.jpg 768w\" sizes=\"(max-width: 1000px) 100vw, 1000px\" \/><\/p>\n<p style=\"text-align: justify;\">So\u011fuk k\u0131\u015f g\u00fcnlerinde i\u00e7inizi \u0131s\u0131tacak destinasyonlara gitmeyi \u00f6zlediyseniz bu g\u00fczel haberi hemen sizinle payla\u015fal\u0131m. Bu y\u0131l 3 hafta olan s\u00f6mestr tatilinde ailenizle birlikte g\u00fcvenli bir seyahat ger\u00e7ekle\u015ftirmek istiyorsan\u0131z rotan\u0131z\u0131 Maldivler&#8217;e \u00e7evirmeye ne dersiniz?<\/p>\n<p style=\"text-align: justify;\">COVID-19 salg\u0131n\u0131, yurtd\u0131\u015f\u0131na seyahat etmek i\u00e7in \u00e7e\u015fitli zorluklar ve k\u0131s\u0131tlamalar getirmi\u015f olsa da Maldivler, g\u00fcvenli turizm i\u00e7in att\u0131\u011f\u0131 ad\u0131mlarla \u00f6zledi\u011fimiz seyahat dolu g\u00fcnleri bize geri getiriyor. Elbette uyulmas\u0131 gereken yeni kurallarla! Kristal berrakl\u0131\u011f\u0131ndaki sular\u0131, mavi g\u00f6ky\u00fcz\u00fc ve beyaz kumlu plajlar\u0131yla Maldivler s\u0131k\u0131 g\u00fcvenlik \u00f6nlemleri ve Turizm Bakanl\u0131\u011f\u0131 taraf\u0131ndan getirilen kurallarla COVID sonras\u0131 tatil i\u00e7in en g\u00fcvenilir destinasyonlardan biri.<\/p>\n<p style=\"text-align: justify;\"><strong>Ba\u015f d\u00f6nd\u00fcren manzaralarla dolu otel \u00f6nerilerimize bakmadan \u00f6nce Maldivler Covid-19 tedbirlerini okumak i\u00e7in <a href=\"https:\/\/www.julesverne.com.tr\/bizden-haberler\/maldivler-covid-19-tedbirleri-hakkinda-merak-ettikleriniz\" target=\"_blank\" rel=\"noopener\">t\u0131klay\u0131n!<\/a><\/strong><\/p>\n<h4 style=\"text-align: justify;\"><span style=\"text-decoration: underline;\"><a href=\"https:\/\/www.julesverne.com.tr\/bizden-haberler\/2021-maldivler-otel-onerileri\" target=\"_blank\" rel=\"noopener\">Adalar \u00fclkesinde unutulmaz bir tatil ya\u015faman\u0131z i\u00e7in Maldivler\u2019in birbirinden g\u00fczel otellerini sizin i\u00e7in haz\u0131rlad\u0131k.<\/a><\/span><\/h4>\n<h4 style=\"text-align: justify;\"><strong>Four Seasons Kuda Huraa\u00a0<\/strong><\/h4>\n<p style=\"text-align: center;\"><a href=\"https:\/\/www.julesverne.com.tr\/bizden-haberler\/2021-maldivler-otel-onerileri\" target=\"_blank\" rel=\"noopener\"><strong><img loading=\"lazy\" decoding=\"async\" class=\"alignnone size-full wp-image-6928\" title=\"T\u00fcrk Hava Yollar\u0131 B\u00fcy\u00fck Bahar \u0130ndirimi \u0130le Yurt \u0130\u00e7i U\u00e7u\u015flarda %30 \u0130ndirim F\u0131rsat\u0131\" src=\"https:\/\/www.julesverne.com.tr\/\/wp-content\/uploads\/2021\/02\/turk-hava-yollari-buyuk-bahar-indirimi-ile-yurt-ici-ucuslarda-0-indirim-firsati-119.jpg\" alt=\"T\u00fcrk Hava Yollar\u0131 B\u00fcy\u00fck Bahar \u0130ndirimi \u0130le Yurt \u0130\u00e7i U\u00e7u\u015flarda %30 \u0130ndirim F\u0131rsat\u0131\" width=\"1024\" height=\"682\" srcset=\"https:\/\/julesverne.com.tr\/wp-content\/uploads\/2021\/02\/turk-hava-yollari-buyuk-bahar-indirimi-ile-yurt-ici-ucuslarda-0-indirim-firsati-119.jpg 1024w, https:\/\/julesverne.com.tr\/wp-content\/uploads\/2021\/02\/turk-hava-yollari-buyuk-bahar-indirimi-ile-yurt-ici-ucuslarda-0-indirim-firsati-119-500x333.jpg 500w, https:\/\/julesverne.com.tr\/wp-content\/uploads\/2021\/02\/turk-hava-yollari-buyuk-bahar-indirimi-ile-yurt-ici-ucuslarda-0-indirim-firsati-119-768x512.jpg 768w\" sizes=\"(max-width: 1024px) 100vw, 1024px\" \/><\/strong><\/a><\/p>\n<p style=\"text-align: justify;\">Kuzey Male Atol&#8217;de bulunan Four Seasons Kuda Huraa, Four Seasons zincirinin Maldivler&#8217;deki iki otelinden bir tanesi.\u00a0 Havaliman\u0131ndan s\u00fcrat teknesi ile yar\u0131m saatte ula\u015fabilece\u011finiz otel, ba\u015fkente yak\u0131n olmas\u0131na ra\u011fmen mavinin 50 tonunu g\u00f6rebilece\u011finiz, bakir ve e\u015fsiz bir tatil deneyimi ya\u015fatmay\u0131 ba\u015far\u0131yor. \u00c7ocuklar\u0131yla birlikte kaliteli bir tatil ge\u00e7irmek isteyen aileler i\u00e7in g\u00fczel haberi payla\u015fal\u0131m: Kuda Mas \u00c7ocuk Kul\u00fcb\u00fc \u00e7ocuklar\u0131n kendi d\u00fcnyalar\u0131nda, Maldivler atmosferinde hem e\u011flenmelerini hem de kendilerini geli\u015ftirmelerini sa\u011fl\u0131yor.<\/p>\n<p style=\"text-align: justify;\"><strong>* \u00dccretsiz upgrade, indirim ve \u00fccretsiz hizmetler ile ilgili f\u0131rsat bilgileri i\u00e7in <a href=\"https:\/\/www.julesverne.com.tr\/bizden-haberler\/2021-maldivler-otel-onerileri\" target=\"_blank\" rel=\"noopener\">t\u0131klay\u0131n!<\/a><\/strong><\/p>\n<h4 style=\"text-align: justify;\"><strong>Four Seasons Landaa Giraavaru<\/strong><\/h4>\n<p style=\"text-align: center;\"><a href=\"https:\/\/www.julesverne.com.tr\/bizden-haberler\/2021-maldivler-otel-onerileri\" target=\"_blank\" rel=\"noopener\"><strong><img loading=\"lazy\" decoding=\"async\" class=\"alignnone size-full wp-image-6932\" title=\"T\u00fcrk Hava Yollar\u0131 B\u00fcy\u00fck Bahar \u0130ndirimi \u0130le Yurt \u0130\u00e7i U\u00e7u\u015flarda %30 \u0130ndirim F\u0131rsat\u0131\" src=\"https:\/\/www.julesverne.com.tr\/\/wp-content\/uploads\/2021\/02\/turk-hava-yollari-buyuk-bahar-indirimi-ile-yurt-ici-ucuslarda-0-indirim-firsati-122.jpg\" alt=\"T\u00fcrk Hava Yollar\u0131 B\u00fcy\u00fck Bahar \u0130ndirimi \u0130le Yurt \u0130\u00e7i U\u00e7u\u015flarda %30 \u0130ndirim F\u0131rsat\u0131\" width=\"1280\" height=\"853\" srcset=\"https:\/\/julesverne.com.tr\/wp-content\/uploads\/2021\/02\/turk-hava-yollari-buyuk-bahar-indirimi-ile-yurt-ici-ucuslarda-0-indirim-firsati-122.jpg 1280w, https:\/\/julesverne.com.tr\/wp-content\/uploads\/2021\/02\/turk-hava-yollari-buyuk-bahar-indirimi-ile-yurt-ici-ucuslarda-0-indirim-firsati-122-500x333.jpg 500w, https:\/\/julesverne.com.tr\/wp-content\/uploads\/2021\/02\/turk-hava-yollari-buyuk-bahar-indirimi-ile-yurt-ici-ucuslarda-0-indirim-firsati-122-768x512.jpg 768w\" sizes=\"(max-width: 1280px) 100vw, 1280px\" \/><\/strong><\/a><\/p>\n<p style=\"text-align: justify;\">UNESCO D\u00fcnya Biyosfer Rezerv Koruma Alan\u0131 olan Baa Atoll\u2019de yer alan Four Seasons Landaa Giraavaru hayalinizdeki Maldivler resminin tam kar\u015f\u0131l\u0131\u011f\u0131! Havaliman\u0131ndan yar\u0131m saatlik bir s\u00fcrat teknesi yolculu\u011fu uzakl\u0131\u011f\u0131ndaki otel Ayurveda odakl\u0131 SPA merkezi, deniz ara\u015ft\u0131rma merkezi, birbirinden iddial\u0131 4 restoran\u0131, bembeyaz kumlar ve Hint Okyanusu \u00fczerine in\u015fa edilen 103 muazzam villas\u0131 ile g\u00f6z al\u0131yor. Four Season Landaa Giraavaru Kuda Velaa \u00c7ocuk Kul\u00fcb\u00fc ile \u00e7ocuklu aileler i\u00e7in de uygun.<\/p>\n<p style=\"text-align: justify;\"><strong>* \u00dccretsiz upgrade, indirim ve \u00fccretsiz hizmetler ile ilgili f\u0131rsat bilgileri i\u00e7in <a href=\"https:\/\/www.julesverne.com.tr\/bizden-haberler\/2021-maldivler-otel-onerileri\" target=\"_blank\" rel=\"noopener\">t\u0131klay\u0131n!<\/a><\/strong><\/p>\n<h4 style=\"text-align: justify;\"><strong>Niyama Private Islands\u00a0<\/strong><\/h4>\n<p style=\"text-align: center;\"><a href=\"https:\/\/www.julesverne.com.tr\/bizden-haberler\/2021-maldivler-otel-onerileri\" target=\"_blank\" rel=\"noopener\"><strong><img loading=\"lazy\" decoding=\"async\" class=\"alignnone size-full wp-image-6934\" title=\"T\u00fcrk Hava Yollar\u0131 B\u00fcy\u00fck Bahar \u0130ndirimi \u0130le Yurt \u0130\u00e7i U\u00e7u\u015flarda %30 \u0130ndirim F\u0131rsat\u0131\" src=\"https:\/\/www.julesverne.com.tr\/\/wp-content\/uploads\/2021\/02\/turk-hava-yollari-buyuk-bahar-indirimi-ile-yurt-ici-ucuslarda-0-indirim-firsati-124.jpg\" alt=\"T\u00fcrk Hava Yollar\u0131 B\u00fcy\u00fck Bahar \u0130ndirimi \u0130le Yurt \u0130\u00e7i U\u00e7u\u015flarda %30 \u0130ndirim F\u0131rsat\u0131\" width=\"1464\" height=\"975\" srcset=\"https:\/\/julesverne.com.tr\/wp-content\/uploads\/2021\/02\/turk-hava-yollari-buyuk-bahar-indirimi-ile-yurt-ici-ucuslarda-0-indirim-firsati-124.jpg 1464w, https:\/\/julesverne.com.tr\/wp-content\/uploads\/2021\/02\/turk-hava-yollari-buyuk-bahar-indirimi-ile-yurt-ici-ucuslarda-0-indirim-firsati-124-500x333.jpg 500w, https:\/\/julesverne.com.tr\/wp-content\/uploads\/2021\/02\/turk-hava-yollari-buyuk-bahar-indirimi-ile-yurt-ici-ucuslarda-0-indirim-firsati-124-1280x852.jpg 1280w, https:\/\/julesverne.com.tr\/wp-content\/uploads\/2021\/02\/turk-hava-yollari-buyuk-bahar-indirimi-ile-yurt-ici-ucuslarda-0-indirim-firsati-124-768x511.jpg 768w\" sizes=\"(max-width: 1464px) 100vw, 1464px\" \/><\/strong><\/a><\/p>\n<p style=\"text-align: justify;\">Yemye\u015fil bir manzara ile masmavi okyanus g\u00f6r\u00fcnt\u00fcs\u00fc aras\u0131nda deniz u\u00e7a\u011f\u0131 ile al\u00e7al\u0131rken heyecanlanmaya ba\u015fl\u0131yorsunuz. &#8216;Play&#8217; ve &#8216;Chill&#8217; olmak \u00fczere iki adaya yay\u0131lan Niyama Private Islands havaliman\u0131ndan 40 dakikal\u0131k bir deniz u\u00e7a\u011f\u0131 yolculu\u011fu mesafesinde. 4.200 hindistancevizi a\u011fac\u0131n\u0131n bulundu\u011fu iki ada ah\u015fap bir k\u00f6pr\u00fc ile birbirine ba\u011flan\u0131yor. &#8220;Play&#8221; adas\u0131 daha \u00e7ok aileler d\u00fc\u015f\u00fcn\u00fclerek tasarlan\u0131rken &#8220;Chill&#8221; Adas\u0131 romantizm arayan \u00e7iftlere hitap ediyor.<\/p>\n<p style=\"text-align: justify;\"><strong>* %50\u2019ye varan indirimli konaklamalar i\u00e7in <a href=\"https:\/\/www.julesverne.com.tr\/bizden-haberler\/2021-maldivler-otel-onerileri\" target=\"_blank\" rel=\"noopener\">t\u0131klay\u0131n!<\/a><\/strong><\/p>\n<h4 style=\"text-align: justify;\"><strong>Anantara Dhigu<\/strong><\/h4>\n<p style=\"text-align: center;\"><a href=\"https:\/\/www.julesverne.com.tr\/bizden-haberler\/2021-maldivler-otel-onerileri\" target=\"_blank\" rel=\"noopener\"><strong><img loading=\"lazy\" decoding=\"async\" class=\"alignnone size-full wp-image-6939\" title=\"T\u00fcrk Hava Yollar\u0131 B\u00fcy\u00fck Bahar \u0130ndirimi \u0130le Yurt \u0130\u00e7i U\u00e7u\u015flarda %30 \u0130ndirim F\u0131rsat\u0131\" src=\"https:\/\/www.julesverne.com.tr\/\/wp-content\/uploads\/2021\/02\/turk-hava-yollari-buyuk-bahar-indirimi-ile-yurt-ici-ucuslarda-0-indirim-firsati-128.jpg\" alt=\"T\u00fcrk Hava Yollar\u0131 B\u00fcy\u00fck Bahar \u0130ndirimi \u0130le Yurt \u0130\u00e7i U\u00e7u\u015flarda %30 \u0130ndirim F\u0131rsat\u0131\" width=\"1440\" height=\"778\" srcset=\"https:\/\/julesverne.com.tr\/wp-content\/uploads\/2021\/02\/turk-hava-yollari-buyuk-bahar-indirimi-ile-yurt-ici-ucuslarda-0-indirim-firsati-128.jpg 1440w, https:\/\/julesverne.com.tr\/wp-content\/uploads\/2021\/02\/turk-hava-yollari-buyuk-bahar-indirimi-ile-yurt-ici-ucuslarda-0-indirim-firsati-128-500x270.jpg 500w, https:\/\/julesverne.com.tr\/wp-content\/uploads\/2021\/02\/turk-hava-yollari-buyuk-bahar-indirimi-ile-yurt-ici-ucuslarda-0-indirim-firsati-128-1280x692.jpg 1280w, https:\/\/julesverne.com.tr\/wp-content\/uploads\/2021\/02\/turk-hava-yollari-buyuk-bahar-indirimi-ile-yurt-ici-ucuslarda-0-indirim-firsati-128-768x415.jpg 768w\" sizes=\"(max-width: 1440px) 100vw, 1440px\" \/><\/strong><\/a><\/p>\n<p style=\"text-align: justify;\">G\u00fcney Mal\u00e9 Atoll\u2019de, Dhigufinolhu Adas\u0131 \u00fczerine kurulan Anantara Dhigu&#8217;ya havaliman\u0131ndan s\u00fcrat teknesiyle 35 dakikada ula\u015fmak m\u00fcmk\u00fcn. Bu aile dostu ada oteli konseptiyle tam bir &#8220;Instagram&#8221; fonu olu\u015fturuyor. Deniz sal\u0131ncaklar\u0131, hamaklar\u0131 ve masaj yap\u0131l\u0131rken su alt\u0131n\u0131 seyredebilece\u011finiz cam y\u00fczeyli SPA merkezi ile b\u00fcy\u00fcl\u00fcyor. Otelde yer alan PADI dal\u0131\u015f merkezinde e\u011fitimlerinizi tamamlad\u0131\u011f\u0131n\u0131z takdirde sertifika alabilece\u011finizi de belirtelim.<\/p>\n<p style=\"text-align: justify;\">* <strong>%30&#8217;a varan indirim f\u0131rsat\u0131n\u0131 ka\u00e7\u0131rmak istemiyorsan\u0131z Anantara Dhigu rezervasyonu i\u00e7in <a href=\"https:\/\/www.julesverne.com.tr\/bizden-haberler\/2021-maldivler-otel-onerileri\" target=\"_blank\" rel=\"noopener\">t\u0131klay\u0131n!<\/a><\/strong><\/p>\n<h4 style=\"text-align: justify;\"><strong>Soneva Fushi\u00a0<\/strong><\/h4>\n<p style=\"text-align: center;\"><a href=\"https:\/\/www.julesverne.com.tr\/bizden-haberler\/2021-maldivler-otel-onerileri\" target=\"_blank\" rel=\"noopener\"><strong><img loading=\"lazy\" decoding=\"async\" class=\"alignnone size-full wp-image-6941\" title=\"T\u00fcrk Hava Yollar\u0131 B\u00fcy\u00fck Bahar \u0130ndirimi \u0130le Yurt \u0130\u00e7i U\u00e7u\u015flarda %30 \u0130ndirim F\u0131rsat\u0131\" src=\"https:\/\/www.julesverne.com.tr\/\/wp-content\/uploads\/2021\/02\/turk-hava-yollari-buyuk-bahar-indirimi-ile-yurt-ici-ucuslarda-0-indirim-firsati-130.jpg\" alt=\"T\u00fcrk Hava Yollar\u0131 B\u00fcy\u00fck Bahar \u0130ndirimi \u0130le Yurt \u0130\u00e7i U\u00e7u\u015flarda %30 \u0130ndirim F\u0131rsat\u0131\" width=\"1600\" height=\"1028\" \/><\/strong><\/a><\/p>\n<p style=\"text-align: justify;\">UNESCO Biyosfer Rezervi olan Baa Atol\u00fc&#8217;nde yer alan \u00f6zel bir adada yer alan Soneva Fushi harika bir bitki \u00f6rt\u00fcs\u00fc aras\u0131nda yer al\u0131yor. Deniz u\u00e7a\u011f\u0131yla havaliman\u0131ndan yar\u0131m saatte ula\u015fabildi\u011finiz otel &#8220;eko-\u015f\u0131k&#8221; konsepti ile kalbinizi kazan\u0131yor. G\u00f6z kama\u015ft\u0131r\u0131c\u0131 bembeyaz kumlarla \u00e7evrili k\u0131y\u0131 boyunca uzanan Soneva Fushi Robinson Crusoe tarz\u0131 villalar\u0131, y\u0131ld\u0131zl\u0131 SPA merkezi, a\u00e7\u0131k hava sinemas\u0131, en iyiler aras\u0131na girer \u00e7ocuk kul\u00fcb\u00fc ve talebe g\u00f6re butler hizmeti ile tam bir l\u00fcks s\u0131\u011f\u0131nak!<\/p>\n<p style=\"text-align: justify;\"><strong>* \u00dccretsiz transfer ve upgrade se\u00e7eneklerini g\u00f6rmek i\u00e7in <a href=\"https:\/\/www.julesverne.com.tr\/bizden-haberler\/2021-maldivler-otel-onerileri\" target=\"_blank\" rel=\"noopener\">t\u0131klay\u0131n!<\/a><\/strong><\/p>\n<h4 style=\"text-align: justify;\"><strong>COMO Maalifushi<\/strong><\/h4>\n<p style=\"text-align: center;\"><a href=\"https:\/\/www.julesverne.com.tr\/bizden-haberler\/2021-maldivler-otel-onerileri\" target=\"_blank\" rel=\"noopener\"><strong><img loading=\"lazy\" decoding=\"async\" class=\"alignnone size-full wp-image-6944\" title=\"T\u00fcrk Hava Yollar\u0131 B\u00fcy\u00fck Bahar \u0130ndirimi \u0130le Yurt \u0130\u00e7i U\u00e7u\u015flarda %30 \u0130ndirim F\u0131rsat\u0131\" src=\"https:\/\/www.julesverne.com.tr\/\/wp-content\/uploads\/2021\/02\/turk-hava-yollari-buyuk-bahar-indirimi-ile-yurt-ici-ucuslarda-0-indirim-firsati-133.jpg\" alt=\"T\u00fcrk Hava Yollar\u0131 B\u00fcy\u00fck Bahar \u0130ndirimi \u0130le Yurt \u0130\u00e7i U\u00e7u\u015flarda %30 \u0130ndirim F\u0131rsat\u0131\" width=\"1280\" height=\"852\" srcset=\"https:\/\/julesverne.com.tr\/wp-content\/uploads\/2021\/02\/turk-hava-yollari-buyuk-bahar-indirimi-ile-yurt-ici-ucuslarda-0-indirim-firsati-133.jpg 1280w, https:\/\/julesverne.com.tr\/wp-content\/uploads\/2021\/02\/turk-hava-yollari-buyuk-bahar-indirimi-ile-yurt-ici-ucuslarda-0-indirim-firsati-133-500x333.jpg 500w, https:\/\/julesverne.com.tr\/wp-content\/uploads\/2021\/02\/turk-hava-yollari-buyuk-bahar-indirimi-ile-yurt-ici-ucuslarda-0-indirim-firsati-133-768x511.jpg 768w\" sizes=\"(max-width: 1280px) 100vw, 1280px\" \/><\/strong><\/a><\/p>\n<p style=\"text-align: justify;\">Kuzey Thaa Atoll\u2019deki tatil beldesinde yer alan Como Maalifushi minimalist stili, hizmet kalitesi ve iddial\u0131 yeme-i\u00e7me mek\u00e2nlar\u0131 ile \u00f6zellikle Hollywood \u00fcnl\u00fcleri ve tasar\u0131mc\u0131lar\u0131n\u0131n g\u00f6zdesi.\u00a0 Havaliman\u0131ndan 60 dakika s\u00fcren bir deniz u\u00e7a\u011f\u0131 u\u00e7u\u015fu ile ula\u015ft\u0131\u011f\u0131n\u0131z otel Thaa Atoll\u2019de yer alan tek otel olarak da \u0131ss\u0131z lokasyon severlerin ilgisini \u00e7ekiyor. Tropikal minimalizim en iyi \u00f6rneklerinden olan Como Maalifushi \u00e7ocuk kul\u00fcb\u00fc ile sakin ve sessiz bir Maldivler deneyimi ya\u015famak isteyen ailelerin kurtar\u0131c\u0131s\u0131 oluyor.<\/p>\n<p style=\"text-align: justify;\"><strong>*<\/strong> <strong>\u00dccretsiz transfer ve upgrade se\u00e7eneklerini g\u00f6rmek i\u00e7in <a href=\"https:\/\/www.julesverne.com.tr\/bizden-haberler\/2021-maldivler-otel-onerileri\" target=\"_blank\" rel=\"noopener\">t\u0131klay\u0131n!<\/a><\/strong><\/p>\n<h4 style=\"text-align: justify;\"><strong>Joali Maldives\u00a0<\/strong><\/h4>\n<p style=\"text-align: center;\"><a href=\"https:\/\/www.julesverne.com.tr\/bizden-haberler\/2021-maldivler-otel-onerileri\" target=\"_blank\" rel=\"noopener\"><strong><img loading=\"lazy\" decoding=\"async\" class=\"alignnone size-full wp-image-6946\" title=\"T\u00fcrk Hava Yollar\u0131 B\u00fcy\u00fck Bahar \u0130ndirimi \u0130le Yurt \u0130\u00e7i U\u00e7u\u015flarda %30 \u0130ndirim F\u0131rsat\u0131\" src=\"https:\/\/www.julesverne.com.tr\/\/wp-content\/uploads\/2021\/02\/turk-hava-yollari-buyuk-bahar-indirimi-ile-yurt-ici-ucuslarda-0-indirim-firsati-135.jpg\" alt=\"T\u00fcrk Hava Yollar\u0131 B\u00fcy\u00fck Bahar \u0130ndirimi \u0130le Yurt \u0130\u00e7i U\u00e7u\u015flarda %30 \u0130ndirim F\u0131rsat\u0131\" width=\"1200\" height=\"900\" srcset=\"https:\/\/julesverne.com.tr\/wp-content\/uploads\/2021\/02\/turk-hava-yollari-buyuk-bahar-indirimi-ile-yurt-ici-ucuslarda-0-indirim-firsati-135.jpg 1200w, https:\/\/julesverne.com.tr\/wp-content\/uploads\/2021\/02\/turk-hava-yollari-buyuk-bahar-indirimi-ile-yurt-ici-ucuslarda-0-indirim-firsati-135-500x375.jpg 500w, https:\/\/julesverne.com.tr\/wp-content\/uploads\/2021\/02\/turk-hava-yollari-buyuk-bahar-indirimi-ile-yurt-ici-ucuslarda-0-indirim-firsati-135-768x576.jpg 768w\" sizes=\"(max-width: 1200px) 100vw, 1200px\" \/><\/strong><\/a><\/p>\n<p style=\"text-align: justify;\">Raa Atoll \u00fczerinde, Muravandhoo Adas\u0131&#8217;nda konumlanan Joali Maldives havaliman\u0131ndan 45 dakikal\u0131k bir deniz u\u00e7a\u011f\u0131 mesafesi uzakl\u0131kta. Tasar\u0131m\u0131 ve konumu ile etkileyen villalar\u0131, \u00f6rnek g\u00f6sterilen servis hizmeti, leziz yemekleri ve sundu\u011fu e\u015fsiz olanaklar ile beklentilerin \u00fczerine \u00e7\u0131kan bir Maldivler oteli. Otele giri\u015finizden \u00e7\u0131k\u0131\u015f i\u015flemlerine kadar ge\u00e7en s\u00fcrede &#8220;\u015fu da olsayd\u0131&#8221; diyece\u011finiz bir \u015feyin eksikli\u011fini hissetmeyecekseniz bile. \u00c7ocuk kul\u00fcb\u00fc sayesinde bu tatilde \u00e7ocuklar da harika zaman ge\u00e7irecek!<\/p>\n<p style=\"text-align: justify;\"><strong>* %25\u2019e varan konaklama indirimleri i\u00e7in <a href=\"https:\/\/www.julesverne.com.tr\/bizden-haberler\/2021-maldivler-otel-onerileri\" target=\"_blank\" rel=\"noopener\">t\u0131klay\u0131n!<\/a><\/strong><\/p>\n<h4 style=\"text-align: justify;\"><strong>Constance Halaveli<\/strong><\/h4>\n<p style=\"text-align: center;\"><a href=\"https:\/\/www.julesverne.com.tr\/bizden-haberler\/2021-maldivler-otel-onerileri\" target=\"_blank\" rel=\"noopener\"><strong><img loading=\"lazy\" decoding=\"async\" class=\"alignnone size-full wp-image-6947\" title=\"T\u00fcrk Hava Yollar\u0131 B\u00fcy\u00fck Bahar \u0130ndirimi \u0130le Yurt \u0130\u00e7i U\u00e7u\u015flarda %30 \u0130ndirim F\u0131rsat\u0131\" src=\"https:\/\/www.julesverne.com.tr\/\/wp-content\/uploads\/2021\/02\/turk-hava-yollari-buyuk-bahar-indirimi-ile-yurt-ici-ucuslarda-0-indirim-firsati-136.jpg\" alt=\"T\u00fcrk Hava Yollar\u0131 B\u00fcy\u00fck Bahar \u0130ndirimi \u0130le Yurt \u0130\u00e7i U\u00e7u\u015flarda %30 \u0130ndirim F\u0131rsat\u0131\" width=\"1600\" height=\"1067\" \/><\/strong><\/a><\/p>\n<p style=\"text-align: justify;\">Maldivler denince Constance Halaveli&#8217;den bahsetmemek olmaz! Adalar \u00fczerinde bilinen ve r\u00fc\u015ft\u00fcn\u00fc ispat eden otel North Ari Atoll&#8217;de yer al\u0131yor. Havaliman\u0131&#8217;ndan 25 dakika s\u00fcren bir deniz u\u00e7a\u011f\u0131 yolculu\u011fuyla kolayl\u0131kla ula\u015fabildi\u011finiz otel deniz \u00fczerine in\u015fa edilen villalar\u0131 ve aileler i\u00e7in kullan\u0131\u015fl\u0131 olan kumsal villalar\u0131 ile herkesin talebine hitap ediyor.<\/p>\n<p style=\"text-align: justify;\"><strong>* %40\u2019a varan indirimler i\u00e7in <a href=\"https:\/\/www.julesverne.com.tr\/bizden-haberler\/2021-maldivler-otel-onerileri\" target=\"_blank\" rel=\"noopener\">t\u0131klay\u0131n!<\/a><\/strong><\/p>\n<p style=\"text-align: center;\"><strong>Maldivler seyahat program\u0131 ve rezervasyon i\u00e7in:<br \/>\n<a href=\"mailto:travel@julesverne.com.tr\" target=\"_blank\" rel=\"noopener\">travel@julesverne.com.tr<\/a><\/strong><\/p>\n","protected":false},"excerpt":{"rendered":"<p><span style=\"text-align: justify;\">Bu y\u0131l 3 hafta olan s&ouml;mestr tatilinde ailenizle birlikte g&uuml;venli bir seyahat ger&ccedil;ekle\u015ftirmek istiyorsan\u0131z rotan\u0131z\u0131 Maldivler&#8217;e &ccedil;evirmeye ne dersiniz?<\/span><\/p>\n","protected":false},"author":1,"featured_media":6797,"comment_status":"closed","ping_status":"closed","sticky":false,"template":"","format":"standard","meta":{"inline_featured_image":false,"footnotes":""},"categories":[1,39],"tags":[],"acf":[],"yoast_head":"<!-- This site is optimized with the Yoast SEO plugin v22.3 - https:\/\/yoast.com\/wordpress\/plugins\/seo\/ -->\n<title>S\u00f6mestir Tatilinde G\u00fcvenli Maldivler Seyahati - JULES VERNE BUSINESS MICE TRAVEL<\/title>\n<meta name=\"robots\" content=\"index, follow, max-snippet:-1, max-image-preview:large, max-video-preview:-1\" \/>\n<link rel=\"canonical\" href=\"https:\/\/julesverne.com.tr\/travel-blog\/somestir-tatilinde-guvenli-maldivler-seyahati\/\" \/>\n<meta property=\"og:locale\" content=\"en_US\" \/>\n<meta property=\"og:type\" content=\"article\" \/>\n<meta property=\"og:title\" content=\"S\u00f6mestir Tatilinde G\u00fcvenli Maldivler Seyahati - JULES VERNE BUSINESS MICE TRAVEL\" \/>\n<meta property=\"og:description\" content=\"Bu y\u0131l 3 hafta olan s&ouml;mestr tatilinde ailenizle birlikte g&uuml;venli bir seyahat ger&ccedil;ekle\u015ftirmek istiyorsan\u0131z rotan\u0131z\u0131 Maldivler&#039;e &ccedil;evirmeye ne dersiniz?\" \/>\n<meta property=\"og:url\" content=\"https:\/\/julesverne.com.tr\/travel-blog\/somestir-tatilinde-guvenli-maldivler-seyahati\/\" \/>\n<meta property=\"og:site_name\" content=\"JULES VERNE BUSINESS MICE TRAVEL\" \/>\n<meta property=\"article:publisher\" content=\"https:\/\/www.facebook.com\/JulesVerneBusinessMiceTravel\/\" \/>\n<meta property=\"article:published_time\" content=\"2020-12-26T21:00:00+00:00\" \/>\n<meta property=\"article:modified_time\" content=\"2021-06-15T05:58:14+00:00\" \/>\n<meta property=\"og:image\" content=\"https:\/\/julesverne.com.tr\/wp-content\/uploads\/2021\/02\/maldives_shutterstock_1499547938-1.jpg\" \/>\n\t<meta property=\"og:image:width\" content=\"1000\" \/>\n\t<meta property=\"og:image:height\" content=\"667\" \/>\n\t<meta property=\"og:image:type\" content=\"image\/jpeg\" \/>\n<meta name=\"author\" content=\"fikirman\" \/>\n<meta name=\"twitter:card\" content=\"summary_large_image\" \/>\n<meta name=\"twitter:creator\" content=\"@JV_BusinessMice\" \/>\n<meta name=\"twitter:site\" content=\"@JV_BusinessMice\" \/>\n<meta name=\"twitter:label1\" content=\"Written by\" \/>\n\t<meta name=\"twitter:data1\" content=\"fikirman\" \/>\n\t<meta name=\"twitter:label2\" content=\"Est. reading time\" \/>\n\t<meta name=\"twitter:data2\" content=\"5 minutes\" \/>\n<script type=\"application\/ld+json\" class=\"yoast-schema-graph\">{\"@context\":\"https:\/\/schema.org\",\"@graph\":[{\"@type\":\"Article\",\"@id\":\"https:\/\/julesverne.com.tr\/travel-blog\/somestir-tatilinde-guvenli-maldivler-seyahati\/#article\",\"isPartOf\":{\"@id\":\"https:\/\/julesverne.com.tr\/travel-blog\/somestir-tatilinde-guvenli-maldivler-seyahati\/\"},\"author\":{\"name\":\"fikirman\",\"@id\":\"https:\/\/julesverne.com.tr\/#\/schema\/person\/f4eb0514ae455538644c31b99a466fdb\"},\"headline\":\"S\u00f6mestir Tatilinde G\u00fcvenli Maldivler Seyahati\",\"datePublished\":\"2020-12-26T21:00:00+00:00\",\"dateModified\":\"2021-06-15T05:58:14+00:00\",\"mainEntityOfPage\":{\"@id\":\"https:\/\/julesverne.com.tr\/travel-blog\/somestir-tatilinde-guvenli-maldivler-seyahati\/\"},\"wordCount\":968,\"publisher\":{\"@id\":\"https:\/\/julesverne.com.tr\/#organization\"},\"image\":{\"@id\":\"https:\/\/julesverne.com.tr\/travel-blog\/somestir-tatilinde-guvenli-maldivler-seyahati\/#primaryimage\"},\"thumbnailUrl\":\"https:\/\/julesverne.com.tr\/wp-content\/uploads\/2021\/02\/maldives_shutterstock_1499547938-1.jpg\",\"articleSection\":[\"Blog\",\"Nereye Gitsek?\"],\"inLanguage\":\"en-US\"},{\"@type\":\"WebPage\",\"@id\":\"https:\/\/julesverne.com.tr\/travel-blog\/somestir-tatilinde-guvenli-maldivler-seyahati\/\",\"url\":\"https:\/\/julesverne.com.tr\/travel-blog\/somestir-tatilinde-guvenli-maldivler-seyahati\/\",\"name\":\"S\u00f6mestir Tatilinde G\u00fcvenli Maldivler Seyahati - JULES VERNE BUSINESS MICE TRAVEL\",\"isPartOf\":{\"@id\":\"https:\/\/julesverne.com.tr\/#website\"},\"primaryImageOfPage\":{\"@id\":\"https:\/\/julesverne.com.tr\/travel-blog\/somestir-tatilinde-guvenli-maldivler-seyahati\/#primaryimage\"},\"image\":{\"@id\":\"https:\/\/julesverne.com.tr\/travel-blog\/somestir-tatilinde-guvenli-maldivler-seyahati\/#primaryimage\"},\"thumbnailUrl\":\"https:\/\/julesverne.com.tr\/wp-content\/uploads\/2021\/02\/maldives_shutterstock_1499547938-1.jpg\",\"datePublished\":\"2020-12-26T21:00:00+00:00\",\"dateModified\":\"2021-06-15T05:58:14+00:00\",\"breadcrumb\":{\"@id\":\"https:\/\/julesverne.com.tr\/travel-blog\/somestir-tatilinde-guvenli-maldivler-seyahati\/#breadcrumb\"},\"inLanguage\":\"en-US\",\"potentialAction\":[{\"@type\":\"ReadAction\",\"target\":[\"https:\/\/julesverne.com.tr\/travel-blog\/somestir-tatilinde-guvenli-maldivler-seyahati\/\"]}]},{\"@type\":\"ImageObject\",\"inLanguage\":\"en-US\",\"@id\":\"https:\/\/julesverne.com.tr\/travel-blog\/somestir-tatilinde-guvenli-maldivler-seyahati\/#primaryimage\",\"url\":\"https:\/\/julesverne.com.tr\/wp-content\/uploads\/2021\/02\/maldives_shutterstock_1499547938-1.jpg\",\"contentUrl\":\"https:\/\/julesverne.com.tr\/wp-content\/uploads\/2021\/02\/maldives_shutterstock_1499547938-1.jpg\",\"width\":1000,\"height\":667},{\"@type\":\"BreadcrumbList\",\"@id\":\"https:\/\/julesverne.com.tr\/travel-blog\/somestir-tatilinde-guvenli-maldivler-seyahati\/#breadcrumb\",\"itemListElement\":[{\"@type\":\"ListItem\",\"position\":1,\"name\":\"Anasayfa\",\"item\":\"https:\/\/julesverne.com.tr\/\"},{\"@type\":\"ListItem\",\"position\":2,\"name\":\"S\u00f6mestir Tatilinde G\u00fcvenli Maldivler Seyahati\"}]},{\"@type\":\"WebSite\",\"@id\":\"https:\/\/julesverne.com.tr\/#website\",\"url\":\"https:\/\/julesverne.com.tr\/\",\"name\":\"JULES VERNE BUSINESS MICE TRAVEL\",\"description\":\"\",\"publisher\":{\"@id\":\"https:\/\/julesverne.com.tr\/#organization\"},\"potentialAction\":[{\"@type\":\"SearchAction\",\"target\":{\"@type\":\"EntryPoint\",\"urlTemplate\":\"https:\/\/julesverne.com.tr\/?s={search_term_string}\"},\"query-input\":\"required name=search_term_string\"}],\"inLanguage\":\"en-US\"},{\"@type\":\"Organization\",\"@id\":\"https:\/\/julesverne.com.tr\/#organization\",\"name\":\"JULES VERNE BUSINESS MICE TRAVEL\",\"url\":\"https:\/\/julesverne.com.tr\/\",\"logo\":{\"@type\":\"ImageObject\",\"inLanguage\":\"en-US\",\"@id\":\"https:\/\/julesverne.com.tr\/#\/schema\/logo\/image\/\",\"url\":\"https:\/\/julesverne.com.tr\/wp-content\/uploads\/2020\/09\/jv-bmt-logo.png\",\"contentUrl\":\"https:\/\/julesverne.com.tr\/wp-content\/uploads\/2020\/09\/jv-bmt-logo.png\",\"width\":110,\"height\":81,\"caption\":\"JULES VERNE BUSINESS MICE TRAVEL\"},\"image\":{\"@id\":\"https:\/\/julesverne.com.tr\/#\/schema\/logo\/image\/\"},\"sameAs\":[\"https:\/\/www.facebook.com\/JulesVerneBusinessMiceTravel\/\",\"https:\/\/twitter.com\/JV_BusinessMice\",\"https:\/\/www.instagram.com\/julesvernebusinessmicetravel\/\",\"https:\/\/www.linkedin.com\/company\/julesvernebusinessmicetravel\/\",\"https:\/\/www.youtube.com\/channel\/UCAwdsmbZ6tFhu1tea6pkpiw\"]},{\"@type\":\"Person\",\"@id\":\"https:\/\/julesverne.com.tr\/#\/schema\/person\/f4eb0514ae455538644c31b99a466fdb\",\"name\":\"fikirman\",\"sameAs\":[\"http:\/\/advermedya.net\/julesverne\"],\"url\":\"https:\/\/julesverne.com.tr\/en\/author\/fikirman\/\"}]}<\/script>\n<!-- \/ Yoast SEO plugin. -->","yoast_head_json":{"title":"S\u00f6mestir Tatilinde G\u00fcvenli Maldivler Seyahati - JULES VERNE BUSINESS MICE TRAVEL","robots":{"index":"index","follow":"follow","max-snippet":"max-snippet:-1","max-image-preview":"max-image-preview:large","max-video-preview":"max-video-preview:-1"},"canonical":"https:\/\/julesverne.com.tr\/travel-blog\/somestir-tatilinde-guvenli-maldivler-seyahati\/","og_locale":"en_US","og_type":"article","og_title":"S\u00f6mestir Tatilinde G\u00fcvenli Maldivler Seyahati - JULES VERNE BUSINESS MICE TRAVEL","og_description":"Bu y\u0131l 3 hafta olan s&ouml;mestr tatilinde ailenizle birlikte g&uuml;venli bir seyahat ger&ccedil;ekle\u015ftirmek istiyorsan\u0131z rotan\u0131z\u0131 Maldivler'e &ccedil;evirmeye ne dersiniz?","og_url":"https:\/\/julesverne.com.tr\/travel-blog\/somestir-tatilinde-guvenli-maldivler-seyahati\/","og_site_name":"JULES VERNE BUSINESS MICE TRAVEL","article_publisher":"https:\/\/www.facebook.com\/JulesVerneBusinessMiceTravel\/","article_published_time":"2020-12-26T21:00:00+00:00","article_modified_time":"2021-06-15T05:58:14+00:00","og_image":[{"width":1000,"height":667,"url":"https:\/\/julesverne.com.tr\/wp-content\/uploads\/2021\/02\/maldives_shutterstock_1499547938-1.jpg","type":"image\/jpeg"}],"author":"fikirman","twitter_card":"summary_large_image","twitter_creator":"@JV_BusinessMice","twitter_site":"@JV_BusinessMice","twitter_misc":{"Written by":"fikirman","Est. reading time":"5 minutes"},"schema":{"@context":"https:\/\/schema.org","@graph":[{"@type":"Article","@id":"https:\/\/julesverne.com.tr\/travel-blog\/somestir-tatilinde-guvenli-maldivler-seyahati\/#article","isPartOf":{"@id":"https:\/\/julesverne.com.tr\/travel-blog\/somestir-tatilinde-guvenli-maldivler-seyahati\/"},"author":{"name":"fikirman","@id":"https:\/\/julesverne.com.tr\/#\/schema\/person\/f4eb0514ae455538644c31b99a466fdb"},"headline":"S\u00f6mestir Tatilinde G\u00fcvenli Maldivler Seyahati","datePublished":"2020-12-26T21:00:00+00:00","dateModified":"2021-06-15T05:58:14+00:00","mainEntityOfPage":{"@id":"https:\/\/julesverne.com.tr\/travel-blog\/somestir-tatilinde-guvenli-maldivler-seyahati\/"},"wordCount":968,"publisher":{"@id":"https:\/\/julesverne.com.tr\/#organization"},"image":{"@id":"https:\/\/julesverne.com.tr\/travel-blog\/somestir-tatilinde-guvenli-maldivler-seyahati\/#primaryimage"},"thumbnailUrl":"https:\/\/julesverne.com.tr\/wp-content\/uploads\/2021\/02\/maldives_shutterstock_1499547938-1.jpg","articleSection":["Blog","Nereye Gitsek?"],"inLanguage":"en-US"},{"@type":"WebPage","@id":"https:\/\/julesverne.com.tr\/travel-blog\/somestir-tatilinde-guvenli-maldivler-seyahati\/","url":"https:\/\/julesverne.com.tr\/travel-blog\/somestir-tatilinde-guvenli-maldivler-seyahati\/","name":"S\u00f6mestir Tatilinde G\u00fcvenli Maldivler Seyahati - JULES VERNE BUSINESS MICE TRAVEL","isPartOf":{"@id":"https:\/\/julesverne.com.tr\/#website"},"primaryImageOfPage":{"@id":"https:\/\/julesverne.com.tr\/travel-blog\/somestir-tatilinde-guvenli-maldivler-seyahati\/#primaryimage"},"image":{"@id":"https:\/\/julesverne.com.tr\/travel-blog\/somestir-tatilinde-guvenli-maldivler-seyahati\/#primaryimage"},"thumbnailUrl":"https:\/\/julesverne.com.tr\/wp-content\/uploads\/2021\/02\/maldives_shutterstock_1499547938-1.jpg","datePublished":"2020-12-26T21:00:00+00:00","dateModified":"2021-06-15T05:58:14+00:00","breadcrumb":{"@id":"https:\/\/julesverne.com.tr\/travel-blog\/somestir-tatilinde-guvenli-maldivler-seyahati\/#breadcrumb"},"inLanguage":"en-US","potentialAction":[{"@type":"ReadAction","target":["https:\/\/julesverne.com.tr\/travel-blog\/somestir-tatilinde-guvenli-maldivler-seyahati\/"]}]},{"@type":"ImageObject","inLanguage":"en-US","@id":"https:\/\/julesverne.com.tr\/travel-blog\/somestir-tatilinde-guvenli-maldivler-seyahati\/#primaryimage","url":"https:\/\/julesverne.com.tr\/wp-content\/uploads\/2021\/02\/maldives_shutterstock_1499547938-1.jpg","contentUrl":"https:\/\/julesverne.com.tr\/wp-content\/uploads\/2021\/02\/maldives_shutterstock_1499547938-1.jpg","width":1000,"height":667},{"@type":"BreadcrumbList","@id":"https:\/\/julesverne.com.tr\/travel-blog\/somestir-tatilinde-guvenli-maldivler-seyahati\/#breadcrumb","itemListElement":[{"@type":"ListItem","position":1,"name":"Anasayfa","item":"https:\/\/julesverne.com.tr\/"},{"@type":"ListItem","position":2,"name":"S\u00f6mestir Tatilinde G\u00fcvenli Maldivler Seyahati"}]},{"@type":"WebSite","@id":"https:\/\/julesverne.com.tr\/#website","url":"https:\/\/julesverne.com.tr\/","name":"JULES VERNE BUSINESS MICE TRAVEL","description":"","publisher":{"@id":"https:\/\/julesverne.com.tr\/#organization"},"potentialAction":[{"@type":"SearchAction","target":{"@type":"EntryPoint","urlTemplate":"https:\/\/julesverne.com.tr\/?s={search_term_string}"},"query-input":"required name=search_term_string"}],"inLanguage":"en-US"},{"@type":"Organization","@id":"https:\/\/julesverne.com.tr\/#organization","name":"JULES VERNE BUSINESS MICE TRAVEL","url":"https:\/\/julesverne.com.tr\/","logo":{"@type":"ImageObject","inLanguage":"en-US","@id":"https:\/\/julesverne.com.tr\/#\/schema\/logo\/image\/","url":"https:\/\/julesverne.com.tr\/wp-content\/uploads\/2020\/09\/jv-bmt-logo.png","contentUrl":"https:\/\/julesverne.com.tr\/wp-content\/uploads\/2020\/09\/jv-bmt-logo.png","width":110,"height":81,"caption":"JULES VERNE BUSINESS MICE TRAVEL"},"image":{"@id":"https:\/\/julesverne.com.tr\/#\/schema\/logo\/image\/"},"sameAs":["https:\/\/www.facebook.com\/JulesVerneBusinessMiceTravel\/","https:\/\/twitter.com\/JV_BusinessMice","https:\/\/www.instagram.com\/julesvernebusinessmicetravel\/","https:\/\/www.linkedin.com\/company\/julesvernebusinessmicetravel\/","https:\/\/www.youtube.com\/channel\/UCAwdsmbZ6tFhu1tea6pkpiw"]},{"@type":"Person","@id":"https:\/\/julesverne.com.tr\/#\/schema\/person\/f4eb0514ae455538644c31b99a466fdb","name":"fikirman","sameAs":["http:\/\/advermedya.net\/julesverne"],"url":"https:\/\/julesverne.com.tr\/en\/author\/fikirman\/"}]}},"_links":{"self":[{"href":"https:\/\/julesverne.com.tr\/en\/wp-json\/wp\/v2\/posts\/6796"}],"collection":[{"href":"https:\/\/julesverne.com.tr\/en\/wp-json\/wp\/v2\/posts"}],"about":[{"href":"https:\/\/julesverne.com.tr\/en\/wp-json\/wp\/v2\/types\/post"}],"author":[{"embeddable":true,"href":"https:\/\/julesverne.com.tr\/en\/wp-json\/wp\/v2\/users\/1"}],"replies":[{"embeddable":true,"href":"https:\/\/julesverne.com.tr\/en\/wp-json\/wp\/v2\/comments?post=6796"}],"version-history":[{"count":0,"href":"https:\/\/julesverne.com.tr\/en\/wp-json\/wp\/v2\/posts\/6796\/revisions"}],"wp:featuredmedia":[{"embeddable":true,"href":"https:\/\/julesverne.com.tr\/en\/wp-json\/wp\/v2\/media\/6797"}],"wp:attachment":[{"href":"https:\/\/julesverne.com.tr\/en\/wp-json\/wp\/v2\/media?parent=6796"}],"wp:term":[{"taxonomy":"category","embeddable":true,"href":"https:\/\/julesverne.com.tr\/en\/wp-json\/wp\/v2\/categories?post=6796"},{"taxonomy":"post_tag","embeddable":true,"href":"https:\/\/julesverne.com.tr\/en\/wp-json\/wp\/v2\/tags?post=6796"}],"curies":[{"name":"wp","href":"https:\/\/api.w.org\/{rel}","templated":true}]}}