{"id":575,"date":"2020-08-12T15:47:46","date_gmt":"2020-08-12T12:47:46","guid":{"rendered":"https:\/\/www.julesverne.com.tr\/\/?p=575"},"modified":"2021-06-28T09:57:45","modified_gmt":"2021-06-28T06:57:45","slug":"turkiye-turizminde-yol-haritasi-aciklandi","status":"publish","type":"post","link":"https:\/\/julesverne.com.tr\/en\/haberler\/business-haberler\/turkiye-turizminde-yol-haritasi-aciklandi\/","title":{"rendered":"T\u00fcrkiye Turizminde Yol Haritas\u0131 A\u00e7\u0131kland\u0131"},"content":{"rendered":"<h3><strong>Sosyal Mesafeli Tatiller Ba\u015fl\u0131yor!<\/strong><\/h3>\n<p>Koronavir\u00fcs sonras\u0131 T\u00fcrk turizminin toparlanmas\u0131 i\u00e7in olu\u015fturulan yol haritas\u0131 belli oldu, sosyal mesafeli tatiller ba\u015fl\u0131yor! Yay\u0131nlanan\u00a0<strong>Sa\u011fl\u0131kl\u0131 Turizm Sertifikasyon Program\u0131<\/strong>\u00a0genelgesine g\u00f6re, hijyen genelgesini sa\u011flayan otel ve restoranlar\u00a0<strong>27 May\u0131s 2020<\/strong>\u00a0itibariyle kap\u0131lar\u0131n\u0131 a\u00e7abilecek. Kontroll\u00fc normalle\u015fme s\u00fcrecinde al\u0131nacak \u00f6nlemler ile bu sene tatillere sosyal mesafe damga vuracak! \u0130\u015fte al\u0131nacak \u00f6nlemler ve planlamalar\u2026<\/p>\n<p>Koronavir\u00fcs sonras\u0131 T\u00fcrk turizminin toparlanmas\u0131 i\u00e7in olu\u015fturulan yol haritas\u0131 farkl\u0131 a\u015famalardan olu\u015fuyor. 24 Nisan 2020 tarihinde Cumhurba\u015fkan\u0131 Recep Tayyip Erdo\u011fan\u2019\u0131n \u201cnormalle\u015fme s\u00fcreci\u201d a\u00e7\u0131klamas\u0131 ile haz\u0131rl\u0131k ve planlamalara ba\u015fland\u0131.<\/p>\n<p><strong>4 a\u015famadan olu\u015facak normalle\u015fme s\u00fcreci plan\u0131 \u015fu \u015fekilde a\u00e7\u0131kland\u0131:<\/strong><\/p>\n<p><em><strong>A\u015fama 0 (Haz\u0131rl\u0131k d\u00f6nemi):<\/strong>\u00a0<\/em>4-26 May\u0131s 2020<br \/>\n<em><strong>A\u015fama 1:<\/strong><\/em>\u00a027 May\u0131s-31 A\u011fustos 2020<br \/>\n<em><strong>A\u015fama 2:<\/strong>\u00a0<\/em>1 Eyl\u00fcl-31 Aral\u0131k 2020<br \/>\n<em><strong>A\u015fama 3:<\/strong>\u00a0<\/em>1 Ocak 2021- Kovid-19 i\u00e7in a\u015f\u0131n\u0131n geli\u015ftirilerek uyguland\u0131\u011f\u0131 tarih (<em>1 ve 2. a\u015famada a\u015f\u0131 hen\u00fcz geli\u015ftirilerek uygulanmam\u0131\u015f ise<\/em>)<\/p>\n<p>Bunun akabinde ise 25 Nisan 2020 tarihinde turizm sekt\u00f6r\u00fcnde normalle\u015fme s\u00fcreci i\u00e7in haz\u0131rlanan 4 a\u015famal\u0131 yol haritas\u0131n\u0131n ilk detaylar\u0131 payla\u015f\u0131ld\u0131.<\/p>\n<p><img loading=\"lazy\" decoding=\"async\" class=\"aligncenter size-full wp-image-577\" src=\"https:\/\/www.julesverne.com.tr\/\/wp-content\/uploads\/2020\/08\/open.jpg\" alt=\"\" width=\"998\" height=\"877\" srcset=\"https:\/\/julesverne.com.tr\/wp-content\/uploads\/2020\/08\/open.jpg 998w, https:\/\/julesverne.com.tr\/wp-content\/uploads\/2020\/08\/open-500x439.jpg 500w, https:\/\/julesverne.com.tr\/wp-content\/uploads\/2020\/08\/open-768x675.jpg 768w\" sizes=\"(max-width: 998px) 100vw, 998px\" \/><\/p>\n<p>K\u00fclt\u00fcr ve Turizm Bakan\u0131 Mehmet Ersoy ve bakanl\u0131\u011f\u0131n sekt\u00f6r temsilcileri T\u00fcrkiye turizminin koronavir\u00fcs sonras\u0131nda h\u0131zla toparlanabilmesi i\u00e7in yol haritas\u0131 olu\u015fturmu\u015ftu.\u00a0<strong>Buna g\u00f6re ilk a\u015famada al\u0131nacak \u00f6nlemler a\u015fa\u011f\u0131daki ba\u015fl\u0131klar ile s\u0131ralanm\u0131\u015ft\u0131:<\/strong><\/p>\n<ul>\n<li>Otellerde, restoran ve e\u011flence mek\u00e2nlar\u0131n\u0131n giri\u015flerinde muayene, \u00f6zel k\u0131yafetle servis, sandalyelerde azaltma ve maske kullan\u0131m \u015fart\u0131.<\/li>\n<li>Baz\u0131 otellerin aileye \u00f6zel bina ve sahil se\u00e7ece\u011fi sunabilme imkan\u0131.<\/li>\n<li>\u0130\u015fletmelerde sa\u011fl\u0131k personelinin say\u0131s\u0131 art\u0131r\u0131larak sa\u011fl\u0131k personelinin 7\/24 otelde bulunmas\u0131.<\/li>\n<li>\u015eezlong say\u0131lar\u0131n\u0131n kapasitesinin yar\u0131 say\u0131s\u0131na d\u00fc\u015f\u00fcr\u00fclmesi.<\/li>\n<li>G\u00fcn\u00fcbirlik d\u00fczenlenen yat ve b\u00f6lge turlar\u0131nda s\u0131n\u0131rlama getirilmesi. Yat ve tekne turlar\u0131na kat\u0131lan turist say\u0131s\u0131n\u0131n kontrol edilmesi.<\/li>\n<\/ul>\n<p><strong>K\u00fclt\u00fcr ve Turizm Bakanl\u0131\u011f\u0131 hijyen \u00e7al\u0131\u015fmalar\u0131n\u0131 belgelendirebilmek, bu belgeyi uluslararas\u0131 arenada sunmak amac\u0131yla Sa\u011fl\u0131kl\u0131 Turizm Sertifikasyon Program\u0131 genelgesini yay\u0131nlad\u0131.\u00a0Buna g\u00f6re,hijyen genelgesini sa\u011flayan otel ve restoranlar 27 May\u0131s 2020 itibariyle kap\u0131lar\u0131n\u0131 a\u00e7abilecek.<\/strong><\/p>\n<p><strong>Sertifika Kural\u0131<\/strong><\/p>\n<p>Sertifika kural\u0131 oteller ve transfer ara\u00e7lar\u0131n\u0131 kaps\u0131yor. Sertifika de\u011ferleri aras\u0131nda otel lobisi, otel odalar\u0131, \u00e7al\u0131\u015fan e\u011fitimleri, a\u00e7\u0131k b\u00fcfe ve restoranlar, havuz, plaj, toplant\u0131 odalar\u0131 gibi bir\u00e7ok farkl\u0131 kriter yer al\u0131yor.<\/p>\n<p><img loading=\"lazy\" decoding=\"async\" class=\"aligncenter size-full wp-image-578\" src=\"https:\/\/www.julesverne.com.tr\/\/wp-content\/uploads\/2020\/08\/shutterstock_189084500.jpg\" alt=\"\" width=\"999\" height=\"664\" srcset=\"https:\/\/julesverne.com.tr\/wp-content\/uploads\/2020\/08\/shutterstock_189084500.jpg 999w, https:\/\/julesverne.com.tr\/wp-content\/uploads\/2020\/08\/shutterstock_189084500-500x332.jpg 500w, https:\/\/julesverne.com.tr\/wp-content\/uploads\/2020\/08\/shutterstock_189084500-768x510.jpg 768w\" sizes=\"(max-width: 999px) 100vw, 999px\" \/><\/p>\n<p><strong>Tesislerde Maksimum Doluluk Oran\u0131\u00a0<\/strong><\/p>\n<ul>\n<li>Oteller maksimum y\u00fczde 60 doluluk ile hizmet verecek.<\/li>\n<li>T\u00fcm transfer ara\u00e7lar\u0131nda dezenfektan bulundurmak zorunlu olacak ve ara\u00e7lar\u0131n yan koltuklar\u0131 bo\u015f b\u0131rak\u0131lacak.<\/li>\n<li>Otele gelen misafirler maske takacak. Maskeleri yoksa otel taraf\u0131ndan temin edilecek.<\/li>\n<li>Konaklama yapacak misafirlerin otel giri\u015finden \u00f6nce ate\u015fi \u00f6l\u00e7\u00fclecek.<\/li>\n<li>Resepsiyonlarda, fiziksel mesafeyi korumak i\u00e7in \u00e7izgiler \u00e7izilecek.<\/li>\n<li>Tesisin \u00f6nemli bir\u00e7ok noktas\u0131na vir\u00fcse kar\u015f\u0131 uyar\u0131c\u0131 tabelalar konacak. Farkl\u0131 dillerde bro\u015f\u00fcr ve bilgi notu da\u011f\u0131t\u0131lacak.<\/li>\n<li>Otel i\u00e7erisindeki ula\u015f\u0131m\u0131n sa\u011fl\u0131kl\u0131 olabilmesi i\u00e7in tesisin bir\u00e7ok noktas\u0131na dezenfektanlar yerle\u015ftirilecek.<\/li>\n<li>\u0130nsan temas\u0131n\u0131n yo\u011fun oldu\u011fu y\u00fczeyler, kap\u0131 kollar\u0131, dokunmatik ekranlar, kontrol panelleri, tezg\u00e2h \u00fcstleri, mola odas\u0131, kafeterya, t\u0131rabzanlar, el y\u0131kama istasyonlar\u0131 ve tuvaletler d\u00fczenli olarak dezenfekte edilecek ve kay\u0131t edilecek.<\/li>\n<li>Otellerde acil durumlar i\u00e7in karantina alanlar\u0131 ayr\u0131lacak. Bir misafirde ate\u015f, \u00f6ks\u00fcr\u00fck gibi bir semptom g\u00f6r\u00fcld\u00fc\u011f\u00fc takdirde karantina alan\u0131na al\u0131nacak. Buradaki g\u00f6revli personelin korunmas\u0131 i\u00e7in \u00f6zel koruyucu k\u0131yafetler bulundurulacak.<\/li>\n<li>Pandemiye kar\u015f\u0131 m\u00fccadele i\u00e7in personele \u00f6zel e\u011fitimler verilecek.<\/li>\n<li>Personellerin kulland\u0131\u011f\u0131 ekipmanlar d\u00fczenli olarak dezenfekte edilecek.<\/li>\n<li>Lobi, fuaye alanlar\u0131ndaki bekleme, dinlenme ve oturma alanlar\u0131nda insan etkile\u015fiminin k\u0131s\u0131tlanmas\u0131 ad\u0131na koltuk ve sandalye say\u0131lar\u0131 en az seviyeye indirilecek, fiziksel mesafe i\u015faretlemeleri yap\u0131lacak.<\/li>\n<\/ul>\n<p><img loading=\"lazy\" decoding=\"async\" class=\"aligncenter size-full wp-image-579\" src=\"https:\/\/www.julesverne.com.tr\/\/wp-content\/uploads\/2020\/08\/shutterstock_1494850982.jpg\" alt=\"\" width=\"999\" height=\"655\" srcset=\"https:\/\/julesverne.com.tr\/wp-content\/uploads\/2020\/08\/shutterstock_1494850982.jpg 999w, https:\/\/julesverne.com.tr\/wp-content\/uploads\/2020\/08\/shutterstock_1494850982-500x328.jpg 500w, https:\/\/julesverne.com.tr\/wp-content\/uploads\/2020\/08\/shutterstock_1494850982-768x504.jpg 768w\" sizes=\"(max-width: 999px) 100vw, 999px\" \/><\/p>\n<p><strong>Otel Odalar\u0131nda Maksimum Hijyen<\/strong><\/p>\n<ul>\n<li>Odalara yeni misafir al\u0131nmadan \u00f6nce 12 saat bo\u015f b\u0131rak\u0131lacak.<\/li>\n<li>G\u00f6revli personel oda temizli\u011fi yaparken ki\u015fisel koruyucu malzeme kullanacak.<\/li>\n<li>Odalarda yer alan su \u0131s\u0131t\u0131c\u0131lar\u0131, televizyon, kumanda gibi insan temas\u0131n\u0131n \u00e7ok oldu\u011fu \u00fcr\u00fcnler oda bo\u015falt\u0131ld\u0131ktan hemen sonra dezenfekte edilecek.<\/li>\n<\/ul>\n<p><strong>A\u00e7\u0131k B\u00fcfe Kurallar De\u011fi\u015fiyor<\/strong><\/p>\n<ul>\n<li>Restoranlar\u0131n giri\u015finde el dezenfektanlar\u0131 bulundurulacak.<\/li>\n<li>Restoran-kafe giri\u015finde olas\u0131 yo\u011funlu\u011fu \u00f6nlemek ama\u00e7l\u0131 fiziksel mesafe \u015feritleri \u00e7izilecek.<\/li>\n<li>Masalar aras\u0131nda ise en az 1,5 metre mesafe b\u0131rak\u0131lacak.<\/li>\n<li>\u0130nsan temas\u0131n\u0131n \u00e7ok oldu\u011fu ve ortak kullan\u0131ma a\u00e7\u0131k olan su sebili, \u00e7ay\/ kahve makinas\u0131 ve benzeri cihazlar kald\u0131r\u0131lacak.<\/li>\n<li>Yemek masalar\u0131nda kullan\u0131lan tuz, \u015feker, baharat, k\u00fcrdan vb. menaj tek kullan\u0131ml\u0131k paketler olarak konulacak.<\/li>\n<li>Her \u015fey dahil sisteminde \u00e7al\u0131\u015fan otellerde a\u00e7\u0131k b\u00fcfe yiyeceklerin sunumlar\u0131 otel personeli taraf\u0131ndan yap\u0131lacak. Yiyecekler \u00f6ks\u00fcr\u00fck, hap\u015f\u0131rma riskine kar\u015f\u0131 cam bir panelde kapal\u0131 sunulacak.<\/li>\n<\/ul>\n<p><img loading=\"lazy\" decoding=\"async\" class=\"aligncenter size-full wp-image-580\" src=\"https:\/\/www.julesverne.com.tr\/\/wp-content\/uploads\/2020\/08\/shutterstock_345011543.jpg\" alt=\"\" width=\"999\" height=\"666\" srcset=\"https:\/\/julesverne.com.tr\/wp-content\/uploads\/2020\/08\/shutterstock_345011543.jpg 999w, https:\/\/julesverne.com.tr\/wp-content\/uploads\/2020\/08\/shutterstock_345011543-500x333.jpg 500w, https:\/\/julesverne.com.tr\/wp-content\/uploads\/2020\/08\/shutterstock_345011543-768x512.jpg 768w\" sizes=\"(max-width: 999px) 100vw, 999px\" \/><\/p>\n<p><strong>Ortak Alanlarda Fiziksel Mesafe Kurallar\u0131<\/strong><\/p>\n<ul>\n<li>Y\u00fczme havuzu ve plajlarda fiziksel mesafe kurallar\u0131 gere\u011fi \u015fezlonglar aras\u0131 mesafe olacak.<\/li>\n<li>Oturma alanlar\u0131nda fiziksel mesafe kurallar\u0131 uygulanacak.<\/li>\n<li>Y\u00fczme havuzu suyundaki klor seviyesi a\u00e7\u0131k havuzlarda 1-3 ppm, kapal\u0131 havuzlarda ise 1 ile 1.5 ppm aras\u0131nda tutulacak.<\/li>\n<li>Turistler i\u00e7in havuza girmeden \u00f6nce uyulmas\u0131 gereken kurallar, du\u015f alma gereklili\u011fi uyar\u0131c\u0131 tabelalar ile g\u00f6sterilecek.<\/li>\n<li>Bu sezon, otellerin Fitness salonlar\u0131 SPA alanlar\u0131 a\u00e7\u0131lmayacak.<\/li>\n<\/ul>\n<p><strong>K\u00fclt\u00fcr ve Turizm Bakanl\u0131\u011f\u0131\u2019n\u0131n haz\u0131rlad\u0131\u011f\u0131 \u201cKonaklama Tesislerinde Kontroll\u00fc Normalle\u015fme S\u00fcreci\u201d genelgesinin t\u00fcm detaylar\u0131na\u00a0<a href=\"https:\/\/www.julesverne.com.tr\/bizden-haberler\/konaklama-tesislerinde-kontrollu-normallesme-sureci-genelgesi-yayinlandi\" target=\"_blank\" rel=\"noopener noreferrer\">buradan<\/a>\u00a0ula\u015fabilirsiniz.<\/strong><\/p>\n<p>&nbsp;<\/p>\n","protected":false},"excerpt":{"rendered":"<p>Sosyal Mesafeli Tatiller Ba\u015fl\u0131yor! Koronavir\u00fcs sonras\u0131 T\u00fcrk turizminin toparlanmas\u0131 i\u00e7in olu\u015fturulan yol haritas\u0131 belli oldu, sosyal mesafeli tatiller ba\u015fl\u0131yor! Yay\u0131nlanan\u00a0Sa\u011fl\u0131kl\u0131 Turizm Sertifikasyon Program\u0131\u00a0genelgesine g\u00f6re, hijyen genelgesini sa\u011flayan otel ve restoranlar\u00a027 May\u0131s 2020\u00a0itibariyle kap\u0131lar\u0131n\u0131 a\u00e7abilecek. Kontroll\u00fc normalle\u015fme s\u00fcrecinde al\u0131nacak \u00f6nlemler ile bu sene tatillere sosyal mesafe damga vuracak! \u0130\u015fte al\u0131nacak \u00f6nlemler ve planlamalar\u2026 Koronavir\u00fcs sonras\u0131 T\u00fcrk [&hellip;]<\/p>\n","protected":false},"author":1,"featured_media":576,"comment_status":"closed","ping_status":"closed","sticky":false,"template":"","format":"standard","meta":{"inline_featured_image":false,"footnotes":""},"categories":[3,5],"tags":[144],"acf":[],"yoast_head":"<!-- This site is optimized with the Yoast SEO plugin v22.3 - https:\/\/yoast.com\/wordpress\/plugins\/seo\/ -->\n<title>T\u00fcrkiye Turizminde Yol Haritas\u0131 A\u00e7\u0131kland\u0131 - JULES VERNE BUSINESS MICE TRAVEL<\/title>\n<meta name=\"robots\" content=\"index, follow, max-snippet:-1, max-image-preview:large, max-video-preview:-1\" \/>\n<link rel=\"canonical\" href=\"https:\/\/julesverne.com.tr\/haberler\/business-haberler\/turkiye-turizminde-yol-haritasi-aciklandi\/\" \/>\n<meta property=\"og:locale\" content=\"en_US\" \/>\n<meta property=\"og:type\" content=\"article\" \/>\n<meta property=\"og:title\" content=\"T\u00fcrkiye Turizminde Yol Haritas\u0131 A\u00e7\u0131kland\u0131 - JULES VERNE BUSINESS MICE TRAVEL\" \/>\n<meta property=\"og:description\" content=\"Sosyal Mesafeli Tatiller Ba\u015fl\u0131yor! Koronavir\u00fcs sonras\u0131 T\u00fcrk turizminin toparlanmas\u0131 i\u00e7in olu\u015fturulan yol haritas\u0131 belli oldu, sosyal mesafeli tatiller ba\u015fl\u0131yor! Yay\u0131nlanan\u00a0Sa\u011fl\u0131kl\u0131 Turizm Sertifikasyon Program\u0131\u00a0genelgesine g\u00f6re, hijyen genelgesini sa\u011flayan otel ve restoranlar\u00a027 May\u0131s 2020\u00a0itibariyle kap\u0131lar\u0131n\u0131 a\u00e7abilecek. Kontroll\u00fc normalle\u015fme s\u00fcrecinde al\u0131nacak \u00f6nlemler ile bu sene tatillere sosyal mesafe damga vuracak! \u0130\u015fte al\u0131nacak \u00f6nlemler ve planlamalar\u2026 Koronavir\u00fcs sonras\u0131 T\u00fcrk [&hellip;]\" \/>\n<meta property=\"og:url\" content=\"https:\/\/julesverne.com.tr\/haberler\/business-haberler\/turkiye-turizminde-yol-haritasi-aciklandi\/\" \/>\n<meta property=\"og:site_name\" content=\"JULES VERNE BUSINESS MICE TRAVEL\" \/>\n<meta property=\"article:publisher\" content=\"https:\/\/www.facebook.com\/JulesVerneBusinessMiceTravel\/\" \/>\n<meta property=\"article:published_time\" content=\"2020-08-12T12:47:46+00:00\" \/>\n<meta property=\"article:modified_time\" content=\"2021-06-28T06:57:45+00:00\" \/>\n<meta property=\"og:image\" content=\"https:\/\/julesverne.com.tr\/wp-content\/uploads\/2020\/08\/gumuslukbodrum.jpg\" \/>\n\t<meta property=\"og:image:width\" content=\"999\" \/>\n\t<meta property=\"og:image:height\" content=\"666\" \/>\n\t<meta property=\"og:image:type\" content=\"image\/jpeg\" \/>\n<meta name=\"author\" content=\"fikirman\" \/>\n<meta name=\"twitter:card\" content=\"summary_large_image\" \/>\n<meta name=\"twitter:creator\" content=\"@JV_BusinessMice\" \/>\n<meta name=\"twitter:site\" content=\"@JV_BusinessMice\" \/>\n<meta name=\"twitter:label1\" content=\"Written by\" \/>\n\t<meta name=\"twitter:data1\" content=\"fikirman\" \/>\n\t<meta name=\"twitter:label2\" content=\"Est. reading time\" \/>\n\t<meta name=\"twitter:data2\" content=\"5 minutes\" \/>\n<script type=\"application\/ld+json\" class=\"yoast-schema-graph\">{\"@context\":\"https:\/\/schema.org\",\"@graph\":[{\"@type\":\"Article\",\"@id\":\"https:\/\/julesverne.com.tr\/haberler\/business-haberler\/turkiye-turizminde-yol-haritasi-aciklandi\/#article\",\"isPartOf\":{\"@id\":\"https:\/\/julesverne.com.tr\/haberler\/business-haberler\/turkiye-turizminde-yol-haritasi-aciklandi\/\"},\"author\":{\"name\":\"fikirman\",\"@id\":\"https:\/\/julesverne.com.tr\/#\/schema\/person\/f4eb0514ae455538644c31b99a466fdb\"},\"headline\":\"T\u00fcrkiye Turizminde Yol Haritas\u0131 A\u00e7\u0131kland\u0131\",\"datePublished\":\"2020-08-12T12:47:46+00:00\",\"dateModified\":\"2021-06-28T06:57:45+00:00\",\"mainEntityOfPage\":{\"@id\":\"https:\/\/julesverne.com.tr\/haberler\/business-haberler\/turkiye-turizminde-yol-haritasi-aciklandi\/\"},\"wordCount\":948,\"publisher\":{\"@id\":\"https:\/\/julesverne.com.tr\/#organization\"},\"image\":{\"@id\":\"https:\/\/julesverne.com.tr\/haberler\/business-haberler\/turkiye-turizminde-yol-haritasi-aciklandi\/#primaryimage\"},\"thumbnailUrl\":\"https:\/\/julesverne.com.tr\/wp-content\/uploads\/2020\/08\/gumuslukbodrum.jpg\",\"keywords\":[\"Travel Haberler\"],\"articleSection\":[\"Business Haberler\",\"Travel Haberler\"],\"inLanguage\":\"en-US\"},{\"@type\":\"WebPage\",\"@id\":\"https:\/\/julesverne.com.tr\/haberler\/business-haberler\/turkiye-turizminde-yol-haritasi-aciklandi\/\",\"url\":\"https:\/\/julesverne.com.tr\/haberler\/business-haberler\/turkiye-turizminde-yol-haritasi-aciklandi\/\",\"name\":\"T\u00fcrkiye Turizminde Yol Haritas\u0131 A\u00e7\u0131kland\u0131 - JULES VERNE BUSINESS MICE TRAVEL\",\"isPartOf\":{\"@id\":\"https:\/\/julesverne.com.tr\/#website\"},\"primaryImageOfPage\":{\"@id\":\"https:\/\/julesverne.com.tr\/haberler\/business-haberler\/turkiye-turizminde-yol-haritasi-aciklandi\/#primaryimage\"},\"image\":{\"@id\":\"https:\/\/julesverne.com.tr\/haberler\/business-haberler\/turkiye-turizminde-yol-haritasi-aciklandi\/#primaryimage\"},\"thumbnailUrl\":\"https:\/\/julesverne.com.tr\/wp-content\/uploads\/2020\/08\/gumuslukbodrum.jpg\",\"datePublished\":\"2020-08-12T12:47:46+00:00\",\"dateModified\":\"2021-06-28T06:57:45+00:00\",\"breadcrumb\":{\"@id\":\"https:\/\/julesverne.com.tr\/haberler\/business-haberler\/turkiye-turizminde-yol-haritasi-aciklandi\/#breadcrumb\"},\"inLanguage\":\"en-US\",\"potentialAction\":[{\"@type\":\"ReadAction\",\"target\":[\"https:\/\/julesverne.com.tr\/haberler\/business-haberler\/turkiye-turizminde-yol-haritasi-aciklandi\/\"]}]},{\"@type\":\"ImageObject\",\"inLanguage\":\"en-US\",\"@id\":\"https:\/\/julesverne.com.tr\/haberler\/business-haberler\/turkiye-turizminde-yol-haritasi-aciklandi\/#primaryimage\",\"url\":\"https:\/\/julesverne.com.tr\/wp-content\/uploads\/2020\/08\/gumuslukbodrum.jpg\",\"contentUrl\":\"https:\/\/julesverne.com.tr\/wp-content\/uploads\/2020\/08\/gumuslukbodrum.jpg\",\"width\":999,\"height\":666},{\"@type\":\"BreadcrumbList\",\"@id\":\"https:\/\/julesverne.com.tr\/haberler\/business-haberler\/turkiye-turizminde-yol-haritasi-aciklandi\/#breadcrumb\",\"itemListElement\":[{\"@type\":\"ListItem\",\"position\":1,\"name\":\"Anasayfa\",\"item\":\"https:\/\/julesverne.com.tr\/\"},{\"@type\":\"ListItem\",\"position\":2,\"name\":\"T\u00fcrkiye Turizminde Yol Haritas\u0131 A\u00e7\u0131kland\u0131\"}]},{\"@type\":\"WebSite\",\"@id\":\"https:\/\/julesverne.com.tr\/#website\",\"url\":\"https:\/\/julesverne.com.tr\/\",\"name\":\"JULES VERNE BUSINESS MICE TRAVEL\",\"description\":\"\",\"publisher\":{\"@id\":\"https:\/\/julesverne.com.tr\/#organization\"},\"potentialAction\":[{\"@type\":\"SearchAction\",\"target\":{\"@type\":\"EntryPoint\",\"urlTemplate\":\"https:\/\/julesverne.com.tr\/?s={search_term_string}\"},\"query-input\":\"required name=search_term_string\"}],\"inLanguage\":\"en-US\"},{\"@type\":\"Organization\",\"@id\":\"https:\/\/julesverne.com.tr\/#organization\",\"name\":\"JULES VERNE BUSINESS MICE TRAVEL\",\"url\":\"https:\/\/julesverne.com.tr\/\",\"logo\":{\"@type\":\"ImageObject\",\"inLanguage\":\"en-US\",\"@id\":\"https:\/\/julesverne.com.tr\/#\/schema\/logo\/image\/\",\"url\":\"https:\/\/julesverne.com.tr\/wp-content\/uploads\/2020\/09\/jv-bmt-logo.png\",\"contentUrl\":\"https:\/\/julesverne.com.tr\/wp-content\/uploads\/2020\/09\/jv-bmt-logo.png\",\"width\":110,\"height\":81,\"caption\":\"JULES VERNE BUSINESS MICE TRAVEL\"},\"image\":{\"@id\":\"https:\/\/julesverne.com.tr\/#\/schema\/logo\/image\/\"},\"sameAs\":[\"https:\/\/www.facebook.com\/JulesVerneBusinessMiceTravel\/\",\"https:\/\/twitter.com\/JV_BusinessMice\",\"https:\/\/www.instagram.com\/julesvernebusinessmicetravel\/\",\"https:\/\/www.linkedin.com\/company\/julesvernebusinessmicetravel\/\",\"https:\/\/www.youtube.com\/channel\/UCAwdsmbZ6tFhu1tea6pkpiw\"]},{\"@type\":\"Person\",\"@id\":\"https:\/\/julesverne.com.tr\/#\/schema\/person\/f4eb0514ae455538644c31b99a466fdb\",\"name\":\"fikirman\",\"sameAs\":[\"http:\/\/advermedya.net\/julesverne\"],\"url\":\"https:\/\/julesverne.com.tr\/en\/author\/fikirman\/\"}]}<\/script>\n<!-- \/ Yoast SEO plugin. -->","yoast_head_json":{"title":"T\u00fcrkiye Turizminde Yol Haritas\u0131 A\u00e7\u0131kland\u0131 - JULES VERNE BUSINESS MICE TRAVEL","robots":{"index":"index","follow":"follow","max-snippet":"max-snippet:-1","max-image-preview":"max-image-preview:large","max-video-preview":"max-video-preview:-1"},"canonical":"https:\/\/julesverne.com.tr\/haberler\/business-haberler\/turkiye-turizminde-yol-haritasi-aciklandi\/","og_locale":"en_US","og_type":"article","og_title":"T\u00fcrkiye Turizminde Yol Haritas\u0131 A\u00e7\u0131kland\u0131 - JULES VERNE BUSINESS MICE TRAVEL","og_description":"Sosyal Mesafeli Tatiller Ba\u015fl\u0131yor! Koronavir\u00fcs sonras\u0131 T\u00fcrk turizminin toparlanmas\u0131 i\u00e7in olu\u015fturulan yol haritas\u0131 belli oldu, sosyal mesafeli tatiller ba\u015fl\u0131yor! Yay\u0131nlanan\u00a0Sa\u011fl\u0131kl\u0131 Turizm Sertifikasyon Program\u0131\u00a0genelgesine g\u00f6re, hijyen genelgesini sa\u011flayan otel ve restoranlar\u00a027 May\u0131s 2020\u00a0itibariyle kap\u0131lar\u0131n\u0131 a\u00e7abilecek. Kontroll\u00fc normalle\u015fme s\u00fcrecinde al\u0131nacak \u00f6nlemler ile bu sene tatillere sosyal mesafe damga vuracak! \u0130\u015fte al\u0131nacak \u00f6nlemler ve planlamalar\u2026 Koronavir\u00fcs sonras\u0131 T\u00fcrk [&hellip;]","og_url":"https:\/\/julesverne.com.tr\/haberler\/business-haberler\/turkiye-turizminde-yol-haritasi-aciklandi\/","og_site_name":"JULES VERNE BUSINESS MICE TRAVEL","article_publisher":"https:\/\/www.facebook.com\/JulesVerneBusinessMiceTravel\/","article_published_time":"2020-08-12T12:47:46+00:00","article_modified_time":"2021-06-28T06:57:45+00:00","og_image":[{"width":999,"height":666,"url":"https:\/\/julesverne.com.tr\/wp-content\/uploads\/2020\/08\/gumuslukbodrum.jpg","type":"image\/jpeg"}],"author":"fikirman","twitter_card":"summary_large_image","twitter_creator":"@JV_BusinessMice","twitter_site":"@JV_BusinessMice","twitter_misc":{"Written by":"fikirman","Est. reading time":"5 minutes"},"schema":{"@context":"https:\/\/schema.org","@graph":[{"@type":"Article","@id":"https:\/\/julesverne.com.tr\/haberler\/business-haberler\/turkiye-turizminde-yol-haritasi-aciklandi\/#article","isPartOf":{"@id":"https:\/\/julesverne.com.tr\/haberler\/business-haberler\/turkiye-turizminde-yol-haritasi-aciklandi\/"},"author":{"name":"fikirman","@id":"https:\/\/julesverne.com.tr\/#\/schema\/person\/f4eb0514ae455538644c31b99a466fdb"},"headline":"T\u00fcrkiye Turizminde Yol Haritas\u0131 A\u00e7\u0131kland\u0131","datePublished":"2020-08-12T12:47:46+00:00","dateModified":"2021-06-28T06:57:45+00:00","mainEntityOfPage":{"@id":"https:\/\/julesverne.com.tr\/haberler\/business-haberler\/turkiye-turizminde-yol-haritasi-aciklandi\/"},"wordCount":948,"publisher":{"@id":"https:\/\/julesverne.com.tr\/#organization"},"image":{"@id":"https:\/\/julesverne.com.tr\/haberler\/business-haberler\/turkiye-turizminde-yol-haritasi-aciklandi\/#primaryimage"},"thumbnailUrl":"https:\/\/julesverne.com.tr\/wp-content\/uploads\/2020\/08\/gumuslukbodrum.jpg","keywords":["Travel Haberler"],"articleSection":["Business Haberler","Travel Haberler"],"inLanguage":"en-US"},{"@type":"WebPage","@id":"https:\/\/julesverne.com.tr\/haberler\/business-haberler\/turkiye-turizminde-yol-haritasi-aciklandi\/","url":"https:\/\/julesverne.com.tr\/haberler\/business-haberler\/turkiye-turizminde-yol-haritasi-aciklandi\/","name":"T\u00fcrkiye Turizminde Yol Haritas\u0131 A\u00e7\u0131kland\u0131 - JULES VERNE BUSINESS MICE TRAVEL","isPartOf":{"@id":"https:\/\/julesverne.com.tr\/#website"},"primaryImageOfPage":{"@id":"https:\/\/julesverne.com.tr\/haberler\/business-haberler\/turkiye-turizminde-yol-haritasi-aciklandi\/#primaryimage"},"image":{"@id":"https:\/\/julesverne.com.tr\/haberler\/business-haberler\/turkiye-turizminde-yol-haritasi-aciklandi\/#primaryimage"},"thumbnailUrl":"https:\/\/julesverne.com.tr\/wp-content\/uploads\/2020\/08\/gumuslukbodrum.jpg","datePublished":"2020-08-12T12:47:46+00:00","dateModified":"2021-06-28T06:57:45+00:00","breadcrumb":{"@id":"https:\/\/julesverne.com.tr\/haberler\/business-haberler\/turkiye-turizminde-yol-haritasi-aciklandi\/#breadcrumb"},"inLanguage":"en-US","potentialAction":[{"@type":"ReadAction","target":["https:\/\/julesverne.com.tr\/haberler\/business-haberler\/turkiye-turizminde-yol-haritasi-aciklandi\/"]}]},{"@type":"ImageObject","inLanguage":"en-US","@id":"https:\/\/julesverne.com.tr\/haberler\/business-haberler\/turkiye-turizminde-yol-haritasi-aciklandi\/#primaryimage","url":"https:\/\/julesverne.com.tr\/wp-content\/uploads\/2020\/08\/gumuslukbodrum.jpg","contentUrl":"https:\/\/julesverne.com.tr\/wp-content\/uploads\/2020\/08\/gumuslukbodrum.jpg","width":999,"height":666},{"@type":"BreadcrumbList","@id":"https:\/\/julesverne.com.tr\/haberler\/business-haberler\/turkiye-turizminde-yol-haritasi-aciklandi\/#breadcrumb","itemListElement":[{"@type":"ListItem","position":1,"name":"Anasayfa","item":"https:\/\/julesverne.com.tr\/"},{"@type":"ListItem","position":2,"name":"T\u00fcrkiye Turizminde Yol Haritas\u0131 A\u00e7\u0131kland\u0131"}]},{"@type":"WebSite","@id":"https:\/\/julesverne.com.tr\/#website","url":"https:\/\/julesverne.com.tr\/","name":"JULES VERNE BUSINESS MICE TRAVEL","description":"","publisher":{"@id":"https:\/\/julesverne.com.tr\/#organization"},"potentialAction":[{"@type":"SearchAction","target":{"@type":"EntryPoint","urlTemplate":"https:\/\/julesverne.com.tr\/?s={search_term_string}"},"query-input":"required name=search_term_string"}],"inLanguage":"en-US"},{"@type":"Organization","@id":"https:\/\/julesverne.com.tr\/#organization","name":"JULES VERNE BUSINESS MICE TRAVEL","url":"https:\/\/julesverne.com.tr\/","logo":{"@type":"ImageObject","inLanguage":"en-US","@id":"https:\/\/julesverne.com.tr\/#\/schema\/logo\/image\/","url":"https:\/\/julesverne.com.tr\/wp-content\/uploads\/2020\/09\/jv-bmt-logo.png","contentUrl":"https:\/\/julesverne.com.tr\/wp-content\/uploads\/2020\/09\/jv-bmt-logo.png","width":110,"height":81,"caption":"JULES VERNE BUSINESS MICE TRAVEL"},"image":{"@id":"https:\/\/julesverne.com.tr\/#\/schema\/logo\/image\/"},"sameAs":["https:\/\/www.facebook.com\/JulesVerneBusinessMiceTravel\/","https:\/\/twitter.com\/JV_BusinessMice","https:\/\/www.instagram.com\/julesvernebusinessmicetravel\/","https:\/\/www.linkedin.com\/company\/julesvernebusinessmicetravel\/","https:\/\/www.youtube.com\/channel\/UCAwdsmbZ6tFhu1tea6pkpiw"]},{"@type":"Person","@id":"https:\/\/julesverne.com.tr\/#\/schema\/person\/f4eb0514ae455538644c31b99a466fdb","name":"fikirman","sameAs":["http:\/\/advermedya.net\/julesverne"],"url":"https:\/\/julesverne.com.tr\/en\/author\/fikirman\/"}]}},"_links":{"self":[{"href":"https:\/\/julesverne.com.tr\/en\/wp-json\/wp\/v2\/posts\/575"}],"collection":[{"href":"https:\/\/julesverne.com.tr\/en\/wp-json\/wp\/v2\/posts"}],"about":[{"href":"https:\/\/julesverne.com.tr\/en\/wp-json\/wp\/v2\/types\/post"}],"author":[{"embeddable":true,"href":"https:\/\/julesverne.com.tr\/en\/wp-json\/wp\/v2\/users\/1"}],"replies":[{"embeddable":true,"href":"https:\/\/julesverne.com.tr\/en\/wp-json\/wp\/v2\/comments?post=575"}],"version-history":[{"count":0,"href":"https:\/\/julesverne.com.tr\/en\/wp-json\/wp\/v2\/posts\/575\/revisions"}],"wp:featuredmedia":[{"embeddable":true,"href":"https:\/\/julesverne.com.tr\/en\/wp-json\/wp\/v2\/media\/576"}],"wp:attachment":[{"href":"https:\/\/julesverne.com.tr\/en\/wp-json\/wp\/v2\/media?parent=575"}],"wp:term":[{"taxonomy":"category","embeddable":true,"href":"https:\/\/julesverne.com.tr\/en\/wp-json\/wp\/v2\/categories?post=575"},{"taxonomy":"post_tag","embeddable":true,"href":"https:\/\/julesverne.com.tr\/en\/wp-json\/wp\/v2\/tags?post=575"}],"curies":[{"name":"wp","href":"https:\/\/api.w.org\/{rel}","templated":true}]}}