{"id":569,"date":"2020-08-12T15:44:24","date_gmt":"2020-08-12T12:44:24","guid":{"rendered":"https:\/\/www.julesverne.com.tr\/\/?p=569"},"modified":"2021-06-28T09:57:25","modified_gmt":"2021-06-28T06:57:25","slug":"koronavirus-sonrasi-seyahatler-nasil-olacak-raporumuz-yayinlandi","status":"publish","type":"post","link":"https:\/\/julesverne.com.tr\/en\/haberler\/business-haberler\/koronavirus-sonrasi-seyahatler-nasil-olacak-raporumuz-yayinlandi\/","title":{"rendered":"\u201cKoronavir\u00fcs Sonras\u0131 Seyahatler Nas\u0131l Olacak?\u201d Raporumuz Yay\u0131nland\u0131"},"content":{"rendered":"<p>Koronavir\u00fcs sonras\u0131 \u201cYeni Normal&#8221; ile birlikte de\u011fi\u015fecek seyahat al\u0131\u015fkanl\u0131klar\u0131m\u0131z hakk\u0131nda haz\u0131rlad\u0131\u011f\u0131m\u0131z 10 soruluk anketimiz 694 ki\u015finin kat\u0131l\u0131m\u0131 ile ger\u00e7ekle\u015fti. Anket sonu\u00e7lar\u0131 hem seyahat severler hem de sekt\u00f6rel olarak faydal\u0131 verilerle dolu. Seyahat k\u0131s\u0131tlamalar\u0131, seyahat etme ko\u015fullar\u0131, gelecek seyahatlerden beklentiler, tercih edilecek destinasyonlar gibi konularda Turizm ve Seyahat sekt\u00f6r\u00fcndeki de\u011fi\u015fime de \u0131\u015f\u0131k tutuyor. Anket sonu\u00e7lar\u0131, olumsuz ko\u015fullara ra\u011fmen seyahatlerin gelece\u011fiyle ilgili \u00e7ok da umutsuz olmad\u0131\u011f\u0131m\u0131z\u0131 g\u00f6steriyor.<\/p>\n<p><strong>Anketten dikkat \u00e7eken sonu\u00e7lardan baz\u0131lar\u0131 ise \u015f\u00f6yle:<\/strong><\/p>\n<p>1-3 ay i\u00e7inde T\u00fcrkiye\u2019de\u00a0Koronavir\u00fcs ile ilgili tedbirlerin azalarak, 3-6 ay i\u00e7inde ilk seyahatlerimizi ger\u00e7ekle\u015ftirebilece\u011fimizi yans\u0131t\u0131yor.<\/p>\n<p>Ankete kat\u0131lanlara y\u00f6neltilen \u201c\u0130lk seyahatinizin ne zaman olabilece\u011fini d\u00fc\u015f\u00fcn\u00fcyorsunuz? sorusuna kat\u0131l\u0131mc\u0131lar\u0131n\u00a0 %46\u2019s\u0131 3-6 ay sonra, %30\u2019u 2021 y\u0131l\u0131ndan \u00f6nce olmaz, %24\u2019\u00fc de 1-3 ay sonra \u015feklinde cevap verdi.<\/p>\n<p>\u201c\u0130lk seyahatiniz ne ama\u00e7la olabilir?\u201d sorusuna kat\u0131l\u0131mc\u0131lar\u0131n %77\u2019si tatil, keyif ama\u00e7l\u0131 cevab\u0131n\u0131 verirken\u00a0 %23\u2019l\u00fck kesim ise i\u015f ama\u00e7l\u0131 olarak yan\u0131tlad\u0131.<\/p>\n<p>Ankete kat\u0131lanlar\u0131n %80\u2019ini ilk seyahatlerinde yurt i\u00e7i destinasyonlar\u0131 tercih edece\u011fini belirtirken ilk seyahatlerini otomobilleri ile yapacaklar\u0131n\u0131 belirttiler. Kat\u0131l\u0131mc\u0131lar\u0131n %80\u2019i ilk yurt i\u00e7i seyahatlerini otomobil ile, %17\u2019si u\u00e7ak ile, %3\u2019\u00fc ise otob\u00fcs\/tren ile ger\u00e7ekle\u015ftirmeyi d\u00fc\u015f\u00fcn\u00fcyor.<\/p>\n<p>Otel konaklama tercihleri ile ilgili olarak hijyen, temizlik g\u00fcvencesinin belirleyici olaca\u011f\u0131n\u0131 d\u00fc\u015f\u00fcnen kat\u0131l\u0131mc\u0131 oran\u0131 %91 iken bunu s\u0131ras\u0131yla konfor, otel y\u0131ld\u0131z say\u0131s\u0131 ve servis kalitesi takip ediyor.<\/p>\n<p>\u201cSeyahatlerinizde hangi tarz otellerde konaklamay\u0131 tercih edersiniz?\u201d sorusuna gelen yan\u0131tlar ise butik otellerin daha \u00e7ok tercih edilece\u011fini g\u00f6steriyor. Kat\u0131l\u0131mc\u0131lar\u0131n %51\u2019i butik otellerde konaklamay\u0131 se\u00e7erken, %25\u2019i 5 Y\u0131ld\u0131zl\u0131 otelleri, %14\u2019\u00fc Do\u011fa otellerini tercih ediyor.<\/p>\n<p>\u0130lk yurt d\u0131\u015f\u0131 seyahatlerde ise k\u0131sa mesafeli u\u00e7u\u015flar tercih edilecek. Kat\u0131l\u0131mc\u0131lar\u0131m\u0131z\u0131n %77\u2019si ilk yurtd\u0131\u015f\u0131 seyahatini Avrupa\u2019ya yapmay\u0131 planl\u0131yor.<\/p>\n<p><strong>Anket sonu\u00e7lar\u0131na dair infografi\u011fimizi a\u015fa\u011f\u0131da bulabilirsiniz:<\/strong><\/p>\n<p><img loading=\"lazy\" decoding=\"async\" class=\"size-full wp-image-571 aligncenter\" src=\"https:\/\/www.julesverne.com.tr\/\/wp-content\/uploads\/2020\/08\/1jv..jpg\" alt=\"\" width=\"745\" height=\"1977\" \/> <img loading=\"lazy\" decoding=\"async\" class=\"size-full wp-image-572 aligncenter\" src=\"https:\/\/www.julesverne.com.tr\/\/wp-content\/uploads\/2020\/08\/2jv.jpg\" alt=\"\" width=\"745\" height=\"1653\" \/><\/p>\n","protected":false},"excerpt":{"rendered":"<p>Koronavir\u00fcs sonras\u0131 \u201cYeni Normal&#8221; ile birlikte de\u011fi\u015fecek seyahat al\u0131\u015fkanl\u0131klar\u0131m\u0131z hakk\u0131nda haz\u0131rlad\u0131\u011f\u0131m\u0131z 10 soruluk anketimiz 694 ki\u015finin kat\u0131l\u0131m\u0131 ile ger\u00e7ekle\u015fti. Anket sonu\u00e7lar\u0131 hem seyahat severler hem de sekt\u00f6rel olarak faydal\u0131 verilerle dolu. Seyahat k\u0131s\u0131tlamalar\u0131, seyahat etme ko\u015fullar\u0131, gelecek seyahatlerden beklentiler, tercih edilecek destinasyonlar gibi konularda Turizm ve Seyahat sekt\u00f6r\u00fcndeki de\u011fi\u015fime de \u0131\u015f\u0131k tutuyor. Anket sonu\u00e7lar\u0131, olumsuz [&hellip;]<\/p>\n","protected":false},"author":1,"featured_media":507,"comment_status":"closed","ping_status":"closed","sticky":false,"template":"","format":"standard","meta":{"inline_featured_image":false,"footnotes":""},"categories":[3,5],"tags":[144],"acf":[],"yoast_head":"<!-- This site is optimized with the Yoast SEO plugin v22.3 - https:\/\/yoast.com\/wordpress\/plugins\/seo\/ -->\n<title>\u201cKoronavir\u00fcs Sonras\u0131 Seyahatler Nas\u0131l Olacak?\u201d Raporumuz Yay\u0131nland\u0131 - JULES VERNE BUSINESS MICE TRAVEL<\/title>\n<meta name=\"robots\" content=\"index, follow, max-snippet:-1, max-image-preview:large, max-video-preview:-1\" \/>\n<link rel=\"canonical\" href=\"https:\/\/julesverne.com.tr\/haberler\/business-haberler\/koronavirus-sonrasi-seyahatler-nasil-olacak-raporumuz-yayinlandi\/\" \/>\n<meta property=\"og:locale\" content=\"en_US\" \/>\n<meta property=\"og:type\" content=\"article\" \/>\n<meta property=\"og:title\" content=\"\u201cKoronavir\u00fcs Sonras\u0131 Seyahatler Nas\u0131l Olacak?\u201d Raporumuz Yay\u0131nland\u0131 - JULES VERNE BUSINESS MICE TRAVEL\" \/>\n<meta property=\"og:description\" content=\"Koronavir\u00fcs sonras\u0131 \u201cYeni Normal&#8221; ile birlikte de\u011fi\u015fecek seyahat al\u0131\u015fkanl\u0131klar\u0131m\u0131z hakk\u0131nda haz\u0131rlad\u0131\u011f\u0131m\u0131z 10 soruluk anketimiz 694 ki\u015finin kat\u0131l\u0131m\u0131 ile ger\u00e7ekle\u015fti. Anket sonu\u00e7lar\u0131 hem seyahat severler hem de sekt\u00f6rel olarak faydal\u0131 verilerle dolu. Seyahat k\u0131s\u0131tlamalar\u0131, seyahat etme ko\u015fullar\u0131, gelecek seyahatlerden beklentiler, tercih edilecek destinasyonlar gibi konularda Turizm ve Seyahat sekt\u00f6r\u00fcndeki de\u011fi\u015fime de \u0131\u015f\u0131k tutuyor. Anket sonu\u00e7lar\u0131, olumsuz [&hellip;]\" \/>\n<meta property=\"og:url\" content=\"https:\/\/julesverne.com.tr\/haberler\/business-haberler\/koronavirus-sonrasi-seyahatler-nasil-olacak-raporumuz-yayinlandi\/\" \/>\n<meta property=\"og:site_name\" content=\"JULES VERNE BUSINESS MICE TRAVEL\" \/>\n<meta property=\"article:publisher\" content=\"https:\/\/www.facebook.com\/JulesVerneBusinessMiceTravel\/\" \/>\n<meta property=\"article:published_time\" content=\"2020-08-12T12:44:24+00:00\" \/>\n<meta property=\"article:modified_time\" content=\"2021-06-28T06:57:25+00:00\" \/>\n<meta property=\"og:image\" content=\"https:\/\/julesverne.com.tr\/wp-content\/uploads\/2020\/08\/roadtrip.jpeg\" \/>\n\t<meta property=\"og:image:width\" content=\"720\" \/>\n\t<meta property=\"og:image:height\" content=\"485\" \/>\n\t<meta property=\"og:image:type\" content=\"image\/jpeg\" \/>\n<meta name=\"author\" content=\"fikirman\" \/>\n<meta name=\"twitter:card\" content=\"summary_large_image\" \/>\n<meta name=\"twitter:creator\" content=\"@JV_BusinessMice\" \/>\n<meta name=\"twitter:site\" content=\"@JV_BusinessMice\" \/>\n<meta name=\"twitter:label1\" content=\"Written by\" \/>\n\t<meta name=\"twitter:data1\" content=\"fikirman\" \/>\n\t<meta name=\"twitter:label2\" content=\"Est. reading time\" \/>\n\t<meta name=\"twitter:data2\" content=\"2 minutes\" \/>\n<script type=\"application\/ld+json\" class=\"yoast-schema-graph\">{\"@context\":\"https:\/\/schema.org\",\"@graph\":[{\"@type\":\"Article\",\"@id\":\"https:\/\/julesverne.com.tr\/haberler\/business-haberler\/koronavirus-sonrasi-seyahatler-nasil-olacak-raporumuz-yayinlandi\/#article\",\"isPartOf\":{\"@id\":\"https:\/\/julesverne.com.tr\/haberler\/business-haberler\/koronavirus-sonrasi-seyahatler-nasil-olacak-raporumuz-yayinlandi\/\"},\"author\":{\"name\":\"fikirman\",\"@id\":\"https:\/\/julesverne.com.tr\/#\/schema\/person\/f4eb0514ae455538644c31b99a466fdb\"},\"headline\":\"\u201cKoronavir\u00fcs Sonras\u0131 Seyahatler Nas\u0131l Olacak?\u201d Raporumuz Yay\u0131nland\u0131\",\"datePublished\":\"2020-08-12T12:44:24+00:00\",\"dateModified\":\"2021-06-28T06:57:25+00:00\",\"mainEntityOfPage\":{\"@id\":\"https:\/\/julesverne.com.tr\/haberler\/business-haberler\/koronavirus-sonrasi-seyahatler-nasil-olacak-raporumuz-yayinlandi\/\"},\"wordCount\":375,\"publisher\":{\"@id\":\"https:\/\/julesverne.com.tr\/#organization\"},\"image\":{\"@id\":\"https:\/\/julesverne.com.tr\/haberler\/business-haberler\/koronavirus-sonrasi-seyahatler-nasil-olacak-raporumuz-yayinlandi\/#primaryimage\"},\"thumbnailUrl\":\"https:\/\/julesverne.com.tr\/wp-content\/uploads\/2020\/08\/roadtrip.jpeg\",\"keywords\":[\"Travel Haberler\"],\"articleSection\":[\"Business Haberler\",\"Travel Haberler\"],\"inLanguage\":\"en-US\"},{\"@type\":\"WebPage\",\"@id\":\"https:\/\/julesverne.com.tr\/haberler\/business-haberler\/koronavirus-sonrasi-seyahatler-nasil-olacak-raporumuz-yayinlandi\/\",\"url\":\"https:\/\/julesverne.com.tr\/haberler\/business-haberler\/koronavirus-sonrasi-seyahatler-nasil-olacak-raporumuz-yayinlandi\/\",\"name\":\"\u201cKoronavir\u00fcs Sonras\u0131 Seyahatler Nas\u0131l Olacak?\u201d Raporumuz Yay\u0131nland\u0131 - JULES VERNE BUSINESS MICE TRAVEL\",\"isPartOf\":{\"@id\":\"https:\/\/julesverne.com.tr\/#website\"},\"primaryImageOfPage\":{\"@id\":\"https:\/\/julesverne.com.tr\/haberler\/business-haberler\/koronavirus-sonrasi-seyahatler-nasil-olacak-raporumuz-yayinlandi\/#primaryimage\"},\"image\":{\"@id\":\"https:\/\/julesverne.com.tr\/haberler\/business-haberler\/koronavirus-sonrasi-seyahatler-nasil-olacak-raporumuz-yayinlandi\/#primaryimage\"},\"thumbnailUrl\":\"https:\/\/julesverne.com.tr\/wp-content\/uploads\/2020\/08\/roadtrip.jpeg\",\"datePublished\":\"2020-08-12T12:44:24+00:00\",\"dateModified\":\"2021-06-28T06:57:25+00:00\",\"breadcrumb\":{\"@id\":\"https:\/\/julesverne.com.tr\/haberler\/business-haberler\/koronavirus-sonrasi-seyahatler-nasil-olacak-raporumuz-yayinlandi\/#breadcrumb\"},\"inLanguage\":\"en-US\",\"potentialAction\":[{\"@type\":\"ReadAction\",\"target\":[\"https:\/\/julesverne.com.tr\/haberler\/business-haberler\/koronavirus-sonrasi-seyahatler-nasil-olacak-raporumuz-yayinlandi\/\"]}]},{\"@type\":\"ImageObject\",\"inLanguage\":\"en-US\",\"@id\":\"https:\/\/julesverne.com.tr\/haberler\/business-haberler\/koronavirus-sonrasi-seyahatler-nasil-olacak-raporumuz-yayinlandi\/#primaryimage\",\"url\":\"https:\/\/julesverne.com.tr\/wp-content\/uploads\/2020\/08\/roadtrip.jpeg\",\"contentUrl\":\"https:\/\/julesverne.com.tr\/wp-content\/uploads\/2020\/08\/roadtrip.jpeg\",\"width\":720,\"height\":485},{\"@type\":\"BreadcrumbList\",\"@id\":\"https:\/\/julesverne.com.tr\/haberler\/business-haberler\/koronavirus-sonrasi-seyahatler-nasil-olacak-raporumuz-yayinlandi\/#breadcrumb\",\"itemListElement\":[{\"@type\":\"ListItem\",\"position\":1,\"name\":\"Anasayfa\",\"item\":\"https:\/\/julesverne.com.tr\/\"},{\"@type\":\"ListItem\",\"position\":2,\"name\":\"\u201cKoronavir\u00fcs Sonras\u0131 Seyahatler Nas\u0131l Olacak?\u201d Raporumuz Yay\u0131nland\u0131\"}]},{\"@type\":\"WebSite\",\"@id\":\"https:\/\/julesverne.com.tr\/#website\",\"url\":\"https:\/\/julesverne.com.tr\/\",\"name\":\"JULES VERNE BUSINESS MICE TRAVEL\",\"description\":\"\",\"publisher\":{\"@id\":\"https:\/\/julesverne.com.tr\/#organization\"},\"potentialAction\":[{\"@type\":\"SearchAction\",\"target\":{\"@type\":\"EntryPoint\",\"urlTemplate\":\"https:\/\/julesverne.com.tr\/?s={search_term_string}\"},\"query-input\":\"required name=search_term_string\"}],\"inLanguage\":\"en-US\"},{\"@type\":\"Organization\",\"@id\":\"https:\/\/julesverne.com.tr\/#organization\",\"name\":\"JULES VERNE BUSINESS MICE TRAVEL\",\"url\":\"https:\/\/julesverne.com.tr\/\",\"logo\":{\"@type\":\"ImageObject\",\"inLanguage\":\"en-US\",\"@id\":\"https:\/\/julesverne.com.tr\/#\/schema\/logo\/image\/\",\"url\":\"https:\/\/julesverne.com.tr\/wp-content\/uploads\/2020\/09\/jv-bmt-logo.png\",\"contentUrl\":\"https:\/\/julesverne.com.tr\/wp-content\/uploads\/2020\/09\/jv-bmt-logo.png\",\"width\":110,\"height\":81,\"caption\":\"JULES VERNE BUSINESS MICE TRAVEL\"},\"image\":{\"@id\":\"https:\/\/julesverne.com.tr\/#\/schema\/logo\/image\/\"},\"sameAs\":[\"https:\/\/www.facebook.com\/JulesVerneBusinessMiceTravel\/\",\"https:\/\/twitter.com\/JV_BusinessMice\",\"https:\/\/www.instagram.com\/julesvernebusinessmicetravel\/\",\"https:\/\/www.linkedin.com\/company\/julesvernebusinessmicetravel\/\",\"https:\/\/www.youtube.com\/channel\/UCAwdsmbZ6tFhu1tea6pkpiw\"]},{\"@type\":\"Person\",\"@id\":\"https:\/\/julesverne.com.tr\/#\/schema\/person\/f4eb0514ae455538644c31b99a466fdb\",\"name\":\"fikirman\",\"sameAs\":[\"http:\/\/advermedya.net\/julesverne\"],\"url\":\"https:\/\/julesverne.com.tr\/en\/author\/fikirman\/\"}]}<\/script>\n<!-- \/ Yoast SEO plugin. -->","yoast_head_json":{"title":"\u201cKoronavir\u00fcs Sonras\u0131 Seyahatler Nas\u0131l Olacak?\u201d Raporumuz Yay\u0131nland\u0131 - JULES VERNE BUSINESS MICE TRAVEL","robots":{"index":"index","follow":"follow","max-snippet":"max-snippet:-1","max-image-preview":"max-image-preview:large","max-video-preview":"max-video-preview:-1"},"canonical":"https:\/\/julesverne.com.tr\/haberler\/business-haberler\/koronavirus-sonrasi-seyahatler-nasil-olacak-raporumuz-yayinlandi\/","og_locale":"en_US","og_type":"article","og_title":"\u201cKoronavir\u00fcs Sonras\u0131 Seyahatler Nas\u0131l Olacak?\u201d Raporumuz Yay\u0131nland\u0131 - JULES VERNE BUSINESS MICE TRAVEL","og_description":"Koronavir\u00fcs sonras\u0131 \u201cYeni Normal&#8221; ile birlikte de\u011fi\u015fecek seyahat al\u0131\u015fkanl\u0131klar\u0131m\u0131z hakk\u0131nda haz\u0131rlad\u0131\u011f\u0131m\u0131z 10 soruluk anketimiz 694 ki\u015finin kat\u0131l\u0131m\u0131 ile ger\u00e7ekle\u015fti. Anket sonu\u00e7lar\u0131 hem seyahat severler hem de sekt\u00f6rel olarak faydal\u0131 verilerle dolu. Seyahat k\u0131s\u0131tlamalar\u0131, seyahat etme ko\u015fullar\u0131, gelecek seyahatlerden beklentiler, tercih edilecek destinasyonlar gibi konularda Turizm ve Seyahat sekt\u00f6r\u00fcndeki de\u011fi\u015fime de \u0131\u015f\u0131k tutuyor. Anket sonu\u00e7lar\u0131, olumsuz [&hellip;]","og_url":"https:\/\/julesverne.com.tr\/haberler\/business-haberler\/koronavirus-sonrasi-seyahatler-nasil-olacak-raporumuz-yayinlandi\/","og_site_name":"JULES VERNE BUSINESS MICE TRAVEL","article_publisher":"https:\/\/www.facebook.com\/JulesVerneBusinessMiceTravel\/","article_published_time":"2020-08-12T12:44:24+00:00","article_modified_time":"2021-06-28T06:57:25+00:00","og_image":[{"width":720,"height":485,"url":"https:\/\/julesverne.com.tr\/wp-content\/uploads\/2020\/08\/roadtrip.jpeg","type":"image\/jpeg"}],"author":"fikirman","twitter_card":"summary_large_image","twitter_creator":"@JV_BusinessMice","twitter_site":"@JV_BusinessMice","twitter_misc":{"Written by":"fikirman","Est. reading time":"2 minutes"},"schema":{"@context":"https:\/\/schema.org","@graph":[{"@type":"Article","@id":"https:\/\/julesverne.com.tr\/haberler\/business-haberler\/koronavirus-sonrasi-seyahatler-nasil-olacak-raporumuz-yayinlandi\/#article","isPartOf":{"@id":"https:\/\/julesverne.com.tr\/haberler\/business-haberler\/koronavirus-sonrasi-seyahatler-nasil-olacak-raporumuz-yayinlandi\/"},"author":{"name":"fikirman","@id":"https:\/\/julesverne.com.tr\/#\/schema\/person\/f4eb0514ae455538644c31b99a466fdb"},"headline":"\u201cKoronavir\u00fcs Sonras\u0131 Seyahatler Nas\u0131l Olacak?\u201d Raporumuz Yay\u0131nland\u0131","datePublished":"2020-08-12T12:44:24+00:00","dateModified":"2021-06-28T06:57:25+00:00","mainEntityOfPage":{"@id":"https:\/\/julesverne.com.tr\/haberler\/business-haberler\/koronavirus-sonrasi-seyahatler-nasil-olacak-raporumuz-yayinlandi\/"},"wordCount":375,"publisher":{"@id":"https:\/\/julesverne.com.tr\/#organization"},"image":{"@id":"https:\/\/julesverne.com.tr\/haberler\/business-haberler\/koronavirus-sonrasi-seyahatler-nasil-olacak-raporumuz-yayinlandi\/#primaryimage"},"thumbnailUrl":"https:\/\/julesverne.com.tr\/wp-content\/uploads\/2020\/08\/roadtrip.jpeg","keywords":["Travel Haberler"],"articleSection":["Business Haberler","Travel Haberler"],"inLanguage":"en-US"},{"@type":"WebPage","@id":"https:\/\/julesverne.com.tr\/haberler\/business-haberler\/koronavirus-sonrasi-seyahatler-nasil-olacak-raporumuz-yayinlandi\/","url":"https:\/\/julesverne.com.tr\/haberler\/business-haberler\/koronavirus-sonrasi-seyahatler-nasil-olacak-raporumuz-yayinlandi\/","name":"\u201cKoronavir\u00fcs Sonras\u0131 Seyahatler Nas\u0131l Olacak?\u201d Raporumuz Yay\u0131nland\u0131 - JULES VERNE BUSINESS MICE TRAVEL","isPartOf":{"@id":"https:\/\/julesverne.com.tr\/#website"},"primaryImageOfPage":{"@id":"https:\/\/julesverne.com.tr\/haberler\/business-haberler\/koronavirus-sonrasi-seyahatler-nasil-olacak-raporumuz-yayinlandi\/#primaryimage"},"image":{"@id":"https:\/\/julesverne.com.tr\/haberler\/business-haberler\/koronavirus-sonrasi-seyahatler-nasil-olacak-raporumuz-yayinlandi\/#primaryimage"},"thumbnailUrl":"https:\/\/julesverne.com.tr\/wp-content\/uploads\/2020\/08\/roadtrip.jpeg","datePublished":"2020-08-12T12:44:24+00:00","dateModified":"2021-06-28T06:57:25+00:00","breadcrumb":{"@id":"https:\/\/julesverne.com.tr\/haberler\/business-haberler\/koronavirus-sonrasi-seyahatler-nasil-olacak-raporumuz-yayinlandi\/#breadcrumb"},"inLanguage":"en-US","potentialAction":[{"@type":"ReadAction","target":["https:\/\/julesverne.com.tr\/haberler\/business-haberler\/koronavirus-sonrasi-seyahatler-nasil-olacak-raporumuz-yayinlandi\/"]}]},{"@type":"ImageObject","inLanguage":"en-US","@id":"https:\/\/julesverne.com.tr\/haberler\/business-haberler\/koronavirus-sonrasi-seyahatler-nasil-olacak-raporumuz-yayinlandi\/#primaryimage","url":"https:\/\/julesverne.com.tr\/wp-content\/uploads\/2020\/08\/roadtrip.jpeg","contentUrl":"https:\/\/julesverne.com.tr\/wp-content\/uploads\/2020\/08\/roadtrip.jpeg","width":720,"height":485},{"@type":"BreadcrumbList","@id":"https:\/\/julesverne.com.tr\/haberler\/business-haberler\/koronavirus-sonrasi-seyahatler-nasil-olacak-raporumuz-yayinlandi\/#breadcrumb","itemListElement":[{"@type":"ListItem","position":1,"name":"Anasayfa","item":"https:\/\/julesverne.com.tr\/"},{"@type":"ListItem","position":2,"name":"\u201cKoronavir\u00fcs Sonras\u0131 Seyahatler Nas\u0131l Olacak?\u201d Raporumuz Yay\u0131nland\u0131"}]},{"@type":"WebSite","@id":"https:\/\/julesverne.com.tr\/#website","url":"https:\/\/julesverne.com.tr\/","name":"JULES VERNE BUSINESS MICE TRAVEL","description":"","publisher":{"@id":"https:\/\/julesverne.com.tr\/#organization"},"potentialAction":[{"@type":"SearchAction","target":{"@type":"EntryPoint","urlTemplate":"https:\/\/julesverne.com.tr\/?s={search_term_string}"},"query-input":"required name=search_term_string"}],"inLanguage":"en-US"},{"@type":"Organization","@id":"https:\/\/julesverne.com.tr\/#organization","name":"JULES VERNE BUSINESS MICE TRAVEL","url":"https:\/\/julesverne.com.tr\/","logo":{"@type":"ImageObject","inLanguage":"en-US","@id":"https:\/\/julesverne.com.tr\/#\/schema\/logo\/image\/","url":"https:\/\/julesverne.com.tr\/wp-content\/uploads\/2020\/09\/jv-bmt-logo.png","contentUrl":"https:\/\/julesverne.com.tr\/wp-content\/uploads\/2020\/09\/jv-bmt-logo.png","width":110,"height":81,"caption":"JULES VERNE BUSINESS MICE TRAVEL"},"image":{"@id":"https:\/\/julesverne.com.tr\/#\/schema\/logo\/image\/"},"sameAs":["https:\/\/www.facebook.com\/JulesVerneBusinessMiceTravel\/","https:\/\/twitter.com\/JV_BusinessMice","https:\/\/www.instagram.com\/julesvernebusinessmicetravel\/","https:\/\/www.linkedin.com\/company\/julesvernebusinessmicetravel\/","https:\/\/www.youtube.com\/channel\/UCAwdsmbZ6tFhu1tea6pkpiw"]},{"@type":"Person","@id":"https:\/\/julesverne.com.tr\/#\/schema\/person\/f4eb0514ae455538644c31b99a466fdb","name":"fikirman","sameAs":["http:\/\/advermedya.net\/julesverne"],"url":"https:\/\/julesverne.com.tr\/en\/author\/fikirman\/"}]}},"_links":{"self":[{"href":"https:\/\/julesverne.com.tr\/en\/wp-json\/wp\/v2\/posts\/569"}],"collection":[{"href":"https:\/\/julesverne.com.tr\/en\/wp-json\/wp\/v2\/posts"}],"about":[{"href":"https:\/\/julesverne.com.tr\/en\/wp-json\/wp\/v2\/types\/post"}],"author":[{"embeddable":true,"href":"https:\/\/julesverne.com.tr\/en\/wp-json\/wp\/v2\/users\/1"}],"replies":[{"embeddable":true,"href":"https:\/\/julesverne.com.tr\/en\/wp-json\/wp\/v2\/comments?post=569"}],"version-history":[{"count":0,"href":"https:\/\/julesverne.com.tr\/en\/wp-json\/wp\/v2\/posts\/569\/revisions"}],"wp:featuredmedia":[{"embeddable":true,"href":"https:\/\/julesverne.com.tr\/en\/wp-json\/wp\/v2\/media\/507"}],"wp:attachment":[{"href":"https:\/\/julesverne.com.tr\/en\/wp-json\/wp\/v2\/media?parent=569"}],"wp:term":[{"taxonomy":"category","embeddable":true,"href":"https:\/\/julesverne.com.tr\/en\/wp-json\/wp\/v2\/categories?post=569"},{"taxonomy":"post_tag","embeddable":true,"href":"https:\/\/julesverne.com.tr\/en\/wp-json\/wp\/v2\/tags?post=569"}],"curies":[{"name":"wp","href":"https:\/\/api.w.org\/{rel}","templated":true}]}}