{"id":513,"date":"2020-08-11T17:29:05","date_gmt":"2020-08-11T14:29:05","guid":{"rendered":"https:\/\/www.julesverne.com.tr\/\/?p=513"},"modified":"2024-03-21T17:09:46","modified_gmt":"2024-03-21T14:09:46","slug":"ayse-yagci-iz-birakan-rotalar-yazi-dizisi","status":"publish","type":"post","link":"https:\/\/julesverne.com.tr\/en\/haberler\/travel-haberler\/ayse-yagci-iz-birakan-rotalar-yazi-dizisi\/","title":{"rendered":"Ay\u015fe Ya\u011fc\u0131 \u0130z B\u0131rakan Rotalar Yaz\u0131 Dizisi"},"content":{"rendered":"<p>Seyahat tutkusunu mesle\u011fi ile birle\u015ftiren <strong>JULES VERNE BUSINESS MICE TRAVEL<\/strong> kurucu orta\u011f\u0131 ve genel m\u00fcd\u00fcr\u00fc <strong>Ay\u015fe Ya\u011fc\u0131<\/strong>, 25 y\u0131l\u0131 a\u015fk\u0131n s\u00fcredir d\u00fcnyay\u0131 gezerken biriktirdi\u011fi e\u015fsiz an\u0131lar\u0131 seyahat severlerle payla\u015f\u0131yor. Hi\u00e7 bitmeyen seyahat merak\u0131n\u0131, O&#8217;nu en \u00e7ok etkileyen destinasyonlar\u0131, unutamad\u0131\u011f\u0131 deneyimleri, ba\u015f\u0131na gelen ilgin\u00e7 olaylar\u0131 anlat\u0131yor.<\/p>\n<h1><a href=\"https:\/\/julesverne.com.tr\/seyahat-blog\/isvicre-alplerin\u2026ir-kasaba-gstaad\/\" target=\"_blank\" rel=\"noopener\"><strong>\u0130svi\u00e7re Alpleri&#8217;nde B\u00fcy\u00fcleyici Bir Kasaba: Gstaad<\/strong><\/a><\/h1>\n<p><img loading=\"lazy\" decoding=\"async\" class=\"alignnone size-full wp-image-9954\" src=\"https:\/\/julesverne.com.tr\/wp-content\/uploads\/2021\/08\/gstaad-kapak-1.jpg\" alt=\"\" width=\"1200\" height=\"628\" srcset=\"https:\/\/julesverne.com.tr\/wp-content\/uploads\/2021\/08\/gstaad-kapak-1.jpg 1200w, https:\/\/julesverne.com.tr\/wp-content\/uploads\/2021\/08\/gstaad-kapak-1-500x262.jpg 500w, https:\/\/julesverne.com.tr\/wp-content\/uploads\/2021\/08\/gstaad-kapak-1-768x402.jpg 768w\" sizes=\"(max-width: 1200px) 100vw, 1200px\" \/><\/p>\n<p>Genel kan\u0131n\u0131n aksine \u0130svi\u00e7re\u2019nin \u00fcnl\u00fc kayak kasabas\u0131 yaz aylar\u0131nda da olduk\u00e7a keyifli. Gstaad\u2019\u0131n e\u015fsiz do\u011fas\u0131, kafalar\u0131ndaki \u00e7i\u00e7ek \u00e7elenkleriyle arz-\u0131 endam eden inekleri ve muhte\u015fem manzaralara sahip g\u00f6z kama\u015ft\u0131r\u0131c\u0131 y\u00fcr\u00fcy\u00fc\u015f rotalar\u0131 kar\u015f\u0131s\u0131nda hayran kalmamak elde de\u011fil. Yak\u0131n zamanda yeni yerler ke\u015ffetmek \u00fczere rotan\u0131z\u0131 bu \u015firin kasabaya \u00e7evirmeyi d\u00fc\u015f\u00fcn\u00fcrseniz e\u011fer unutmay\u0131n ki Gstaad tam anlam\u0131yla bir cennet! <strong><a href=\"https:\/\/julesverne.com.tr\/seyahat-blog\/isvicre-alplerin\u2026ir-kasaba-gstaad\/\" target=\"_blank\" rel=\"noopener\">Devam\u0131 i\u00e7in t\u0131klay\u0131n!<\/a><\/strong><\/p>\n<h1><a href=\"https:\/\/www.julesverne.com.tr\/bizden-haberler\/ayse-yagcidan-iz-birakan-rotalar-gokceada\"><strong>Hikayeleri, Do\u011fas\u0131 ve \u0130nsanlar\u0131yla Bir B\u00fct\u00fcn Olan G\u00f6k\u00e7eada<\/strong><\/a><\/h1>\n<p><img loading=\"lazy\" decoding=\"async\" class=\"aligncenter size-full wp-image-515\" src=\"https:\/\/www.julesverne.com.tr\/\/wp-content\/uploads\/2020\/08\/gokceadaay.png\" alt=\"\" width=\"1200\" height=\"628\" srcset=\"https:\/\/julesverne.com.tr\/wp-content\/uploads\/2020\/08\/gokceadaay.png 1200w, https:\/\/julesverne.com.tr\/wp-content\/uploads\/2020\/08\/gokceadaay-500x262.png 500w, https:\/\/julesverne.com.tr\/wp-content\/uploads\/2020\/08\/gokceadaay-768x402.png 768w\" sizes=\"(max-width: 1200px) 100vw, 1200px\" \/><\/p>\n<p>Ye\u015fillikler, \u00e7am ormanlar\u0131, tepelerde ye\u015fillikler i\u00e7inde kendini g\u00f6steren ta\u015f evlerle dolu Rum k\u00f6yleri, sarp kayal\u0131klar aras\u0131nda deniz boyu yollar, s\u00fcrpriz \u015fekilde kar\u015f\u0131n\u0131za \u00e7\u0131kan tuz g\u00f6l\u00fc, ta\u015fl\u0131 plajlar, ince kumlu plajlar&#8230;\u00a0<a href=\"https:\/\/www.julesverne.com.tr\/bizden-haberler\/ayse-yagcidan-iz-birakan-rotalar-gokceada\" target=\"_blank\" rel=\"noopener noreferrer\"><strong>Devam\u0131 i\u00e7in t\u0131klay\u0131n<\/strong><\/a>.<\/p>\n<h1><a href=\"https:\/\/julesverne.com.tr\/seyahat-blog\/ayse-yagcidan-iz-birakan-rotalar-gokceada-koyleri\/\"><strong>Ay\u015fe Ya\u011fc\u0131&#8217;dan \u0130z B\u0131rakan Rotalar: G\u00f6k\u00e7eada K\u00f6yleri<\/strong><\/a><\/h1>\n<p><img loading=\"lazy\" decoding=\"async\" class=\"aligncenter size-full wp-image-516\" src=\"https:\/\/www.julesverne.com.tr\/\/wp-content\/uploads\/2020\/08\/AY_Gokceada_Kolaj_2.jpg\" alt=\"\" width=\"1200\" height=\"628\" srcset=\"https:\/\/julesverne.com.tr\/wp-content\/uploads\/2020\/08\/AY_Gokceada_Kolaj_2.jpg 1200w, https:\/\/julesverne.com.tr\/wp-content\/uploads\/2020\/08\/AY_Gokceada_Kolaj_2-500x262.jpg 500w, https:\/\/julesverne.com.tr\/wp-content\/uploads\/2020\/08\/AY_Gokceada_Kolaj_2-768x402.jpg 768w\" sizes=\"(max-width: 1200px) 100vw, 1200px\" \/><\/p>\n<p>Adan\u0131n farkl\u0131 y\u00fczleri var, spor merakll\u0131lar\u0131 i\u00e7in kiteboard, deniz merakl\u0131lar\u0131 i\u00e7in g\u00fczel kumsallar ve p\u0131r\u0131l p\u0131r\u0131l deniz, tarih ve mitoloji merakl\u0131lar\u0131 i\u00e7in \u0130lyada\u2019y\u0131 konu olan hik\u00e2yeler&#8230;Adada kentsel S\u0130T alan\u0131 ilan edilmi\u015f ve koruma alt\u0131na al\u0131nm\u0131\u015f d\u00f6rt k\u00f6y var. Zeytinlik\u00f6y, Tepek\u00f6y, Derek\u00f6y ve Bademli. \u00c7ok g\u00fczel bir di\u011fer k\u00f6y ise Kalek\u00f6y ama S\u0130T alan\u0131 de\u011fil.\u00a0<a href=\"https:\/\/www.julesverne.com.tr\/bizden-haberler\/ayse-yagcidan-iz-birakan-rotalar-gokceada-koyleri\" target=\"_blank\" rel=\"noopener noreferrer\"><strong>Devam\u0131 i\u00e7in t\u0131klay\u0131n.<\/strong><\/a><\/p>\n<h1><a href=\"https:\/\/julesverne.com.tr\/seyahat-blog\/ayse-yagcidan-iz-birakan-rotalar-hindistan\/\"><strong>D\u00fcnyan\u0131n Hi\u00e7bir Yerine Benzemeyen \u00dclkesi Hindistan<\/strong><\/a><\/h1>\n<p><img loading=\"lazy\" decoding=\"async\" class=\"aligncenter size-full wp-image-517\" src=\"https:\/\/www.julesverne.com.tr\/\/wp-content\/uploads\/2020\/08\/AY_Hindistan_3.jpg\" alt=\"\" width=\"1200\" height=\"628\" srcset=\"https:\/\/julesverne.com.tr\/wp-content\/uploads\/2020\/08\/AY_Hindistan_3.jpg 1200w, https:\/\/julesverne.com.tr\/wp-content\/uploads\/2020\/08\/AY_Hindistan_3-500x262.jpg 500w, https:\/\/julesverne.com.tr\/wp-content\/uploads\/2020\/08\/AY_Hindistan_3-768x402.jpg 768w\" sizes=\"(max-width: 1200px) 100vw, 1200px\" \/><\/p>\n<p>Bug\u00fcn sizi \u00fczerinde \u00e7ok konu\u015fulan \u00fclke; Hindistan\u2019a g\u00f6t\u00fcrece\u011fim. Hindistan \u00e7ok b\u00fcy\u00fck bir \u00fclke, sizinle payla\u015faca\u011f\u0131m rotada ise Rajasthan B\u00f6lgesi var.\u00a0<a href=\"https:\/\/www.julesverne.com.tr\/bizden-haberler\/ayse-yagcidan-iz-birakan-rotalar-hindistan\" target=\"_blank\" rel=\"noopener noreferrer\"><strong>Devam\u0131 i\u00e7in t\u0131klay\u0131n.<\/strong><\/a><\/p>\n<h1><strong><a href=\"https:\/\/www.julesverne.com.tr\/bizden-haberler\/ayse-yagcidan-iz-birakan-rotalar-hindistan-holi-festivali\">\u0130yinin K\u00f6t\u00fcye Kar\u015f\u0131 Zaferini Simgeleyen Holika&#8217;dan \u0130lham Alan\u00a0Holi Festivali<\/a>\u00a0<\/strong><\/h1>\n<p><img loading=\"lazy\" decoding=\"async\" class=\"aligncenter size-full wp-image-518\" src=\"https:\/\/www.julesverne.com.tr\/\/wp-content\/uploads\/2020\/08\/hindistanholifestival.png\" alt=\"\" width=\"1200\" height=\"628\" srcset=\"https:\/\/julesverne.com.tr\/wp-content\/uploads\/2020\/08\/hindistanholifestival.png 1200w, https:\/\/julesverne.com.tr\/wp-content\/uploads\/2020\/08\/hindistanholifestival-500x262.png 500w, https:\/\/julesverne.com.tr\/wp-content\/uploads\/2020\/08\/hindistanholifestival-768x402.png 768w\" sizes=\"(max-width: 1200px) 100vw, 1200px\" \/><\/p>\n<p>Holi Festivali Hindistan&#8217;daki en \u00f6nemli festivallerden. Renkler Festivali, Bahar\u0131 Kutlama Festivali olarak da biliniyor. \u0130yinin k\u00f6t\u00fcye kar\u015f\u0131 zaferini simgeleyen Holika&#8217;dan ilham alan festivalde bahar\u0131n geli\u015fi renklerle ve co\u015fkuyla kutlan\u0131yor. Bahar tabiat\u0131n yeniden do\u011fu\u015funu simgeliyor ve bu co\u015fkulu kutlama da kat\u0131lanlar i\u00e7in yeniden do\u011fu\u015fa bir daveti temsil ediyor.\u00a0<a href=\"https:\/\/www.julesverne.com.tr\/bizden-haberler\/ayse-yagcidan-iz-birakan-rotalar-hindistan-holi-festivali\" target=\"_blank\" rel=\"noopener noreferrer\"><strong>Devam\u0131 i\u00e7in t\u0131klay\u0131n.<\/strong><\/a><\/p>\n<h1><a href=\"https:\/\/julesverne.com.tr\/seyahat-blog\/ayse-yagcidan-iz-birakan-rotalar\/\"><strong>Do\u011fada Sadece Bir Misafir Oldu\u011funuzu Hat\u0131rlatan Afrika Safari Deneyimi<\/strong><\/a><\/h1>\n<p><img loading=\"lazy\" decoding=\"async\" class=\"aligncenter size-full wp-image-519\" src=\"https:\/\/www.julesverne.com.tr\/\/wp-content\/uploads\/2020\/08\/aykolaj.png\" alt=\"\" width=\"1200\" height=\"628\" srcset=\"https:\/\/julesverne.com.tr\/wp-content\/uploads\/2020\/08\/aykolaj.png 1200w, https:\/\/julesverne.com.tr\/wp-content\/uploads\/2020\/08\/aykolaj-500x262.png 500w, https:\/\/julesverne.com.tr\/wp-content\/uploads\/2020\/08\/aykolaj-768x402.png 768w\" sizes=\"(max-width: 1200px) 100vw, 1200px\" \/><\/p>\n<p>Afrika\u2019n\u0131n b\u00fcy\u00fcs\u00fc do\u011fan\u0131n ritmini duymaktan geliyor. G\u00fcn do\u011farken, g\u00fcn batarken g\u00f6rece\u011finiz renkler, do\u011fayla ve kendileri aras\u0131nda uyumla hareket eden hayvanlar, yerel insanlar\u0131n (t\u00fcm turistik istilaya ra\u011fmen) farkl\u0131l\u0131\u011f\u0131 i\u00e7inize i\u015fliyor. \u00c7o\u011funlukla tekrar tekrar gitme iste\u011fi uyand\u0131r\u0131yor.<a href=\"https:\/\/www.julesverne.com.tr\/bizden-haberler\/ayse-yagcidan-iz-birakan-rotalar\" target=\"_blank\" rel=\"noopener noreferrer\"><strong>\u00a0Devam\u0131 i\u00e7in t\u0131klay\u0131n!<\/strong><\/a><\/p>\n<h1><strong><a href=\"https:\/\/www.julesverne.com.tr\/bizden-haberler\/ayse-yagcidan-iz-birakan-rotalar-bhutan\" target=\"_blank\" rel=\"noopener noreferrer\">Mutlu \u0130nsanlar \u00dclkesi Bhutan<\/a><\/strong><\/h1>\n<p><img loading=\"lazy\" decoding=\"async\" class=\"aligncenter size-full wp-image-520\" src=\"https:\/\/www.julesverne.com.tr\/\/wp-content\/uploads\/2020\/08\/AY_Bhutan_kapak.png\" alt=\"\" width=\"1200\" height=\"628\" srcset=\"https:\/\/julesverne.com.tr\/wp-content\/uploads\/2020\/08\/AY_Bhutan_kapak.png 1200w, https:\/\/julesverne.com.tr\/wp-content\/uploads\/2020\/08\/AY_Bhutan_kapak-500x262.png 500w, https:\/\/julesverne.com.tr\/wp-content\/uploads\/2020\/08\/AY_Bhutan_kapak-768x402.png 768w\" sizes=\"(max-width: 1200px) 100vw, 1200px\" \/><\/p>\n<p>Bhutan Asya\u2019n\u0131n d\u0131\u015f d\u00fcnyaya yeni a\u00e7\u0131lan \u00fclkelerinden bir tanesi. Her y\u0131l belli say\u0131da yabanc\u0131ya turistik vize veriliyor. Bunun bir nedeni \u00fclkenin turizm altyap\u0131s\u0131n\u0131n \u00e7ok geli\u015fmemi\u015f olmas\u0131 bir nedeni de merak uyand\u0131rma istekleri. \u2018Praying Flags \u2013 dua bayraklar\u0131\u2019\u00a0 her yerde; b\u00fct\u00fcn iyilikleri, dualar\u0131 r\u00fczg\u00e2rla t\u00fcm vadiye yay\u0131yor bayraklar, inan\u0131\u015f b\u00f6yle.\u00a0<a href=\"https:\/\/www.julesverne.com.tr\/bizden-haberler\/ayse-yagcidan-iz-birakan-rotalar-bhutan\" target=\"_blank\" rel=\"noopener noreferrer\"><strong>Devam\u0131 i\u00e7in t\u0131klay\u0131n!<\/strong><\/a><\/p>\n<p>&nbsp;<\/p>\n<p style=\"text-align: center;\"><strong>Size \u00f6zel seyahat program\u0131 i\u00e7in:<\/strong><\/p>\n<p style=\"text-align: center;\"><a href=\"mailto:Travel@julesverne.com.tr\">Travel@julesverne.com.tr<\/a><\/p>\n","protected":false},"excerpt":{"rendered":"<p>Seyahat tutkusunu mesle\u011fi ile birle\u015ftiren JULES VERNE BUSINESS MICE TRAVEL kurucu orta\u011f\u0131 ve genel m\u00fcd\u00fcr\u00fc Ay\u015fe Ya\u011fc\u0131, 25 y\u0131l\u0131 a\u015fk\u0131n s\u00fcredir d\u00fcnyay\u0131 gezerken biriktirdi\u011fi e\u015fsiz an\u0131lar\u0131 seyahat severlerle payla\u015f\u0131yor. Hi\u00e7 bitmeyen seyahat merak\u0131n\u0131, O&#8217;nu en \u00e7ok etkileyen destinasyonlar\u0131, unutamad\u0131\u011f\u0131 deneyimleri, ba\u015f\u0131na gelen ilgin\u00e7 olaylar\u0131 anlat\u0131yor. \u0130svi\u00e7re Alpleri&#8217;nde B\u00fcy\u00fcleyici Bir Kasaba: Gstaad Genel kan\u0131n\u0131n aksine \u0130svi\u00e7re\u2019nin [&hellip;]<\/p>\n","protected":false},"author":1,"featured_media":514,"comment_status":"closed","ping_status":"closed","sticky":false,"template":"","format":"standard","meta":{"inline_featured_image":false,"footnotes":""},"categories":[5],"tags":[],"acf":[],"yoast_head":"<!-- This site is optimized with the Yoast SEO plugin v22.3 - https:\/\/yoast.com\/wordpress\/plugins\/seo\/ -->\n<title>Ay\u015fe Ya\u011fc\u0131 \u0130z B\u0131rakan Rotalar Yaz\u0131 Dizisi - JULES VERNE BUSINESS MICE TRAVEL<\/title>\n<meta name=\"description\" content=\"Seyahat tutkusunu mesle\u011fi ile birle\u015ftiren JULES VERNE BUSINESS MICE TRAVEL kurucu orta\u011f\u0131 ve genel m\u00fcd\u00fcr\u00fc Ay\u015fe Ya\u011fc\u0131, 25 y\u0131l\u0131 a\u015fk\u0131n s\u00fcredir d\u00fcnyay\u0131 gezerken biriktirdi\u011fi e\u015fsiz an\u0131lar\u0131 seyahat severlerle payla\u015f\u0131yor.\" \/>\n<meta name=\"robots\" content=\"index, follow, max-snippet:-1, max-image-preview:large, max-video-preview:-1\" \/>\n<link rel=\"canonical\" href=\"https:\/\/julesverne.com.tr\/haberler\/travel-haberler\/ayse-yagci-iz-birakan-rotalar-yazi-dizisi\/\" \/>\n<meta property=\"og:locale\" content=\"en_US\" \/>\n<meta property=\"og:type\" content=\"article\" \/>\n<meta property=\"og:title\" content=\"Ay\u015fe Ya\u011fc\u0131 \u0130z B\u0131rakan Rotalar Yaz\u0131 Dizisi - JULES VERNE BUSINESS MICE TRAVEL\" \/>\n<meta property=\"og:description\" content=\"Seyahat tutkusunu mesle\u011fi ile birle\u015ftiren JULES VERNE BUSINESS MICE TRAVEL kurucu orta\u011f\u0131 ve genel m\u00fcd\u00fcr\u00fc Ay\u015fe Ya\u011fc\u0131, 25 y\u0131l\u0131 a\u015fk\u0131n s\u00fcredir d\u00fcnyay\u0131 gezerken biriktirdi\u011fi e\u015fsiz an\u0131lar\u0131 seyahat severlerle payla\u015f\u0131yor.\" \/>\n<meta property=\"og:url\" content=\"https:\/\/julesverne.com.tr\/haberler\/travel-haberler\/ayse-yagci-iz-birakan-rotalar-yazi-dizisi\/\" \/>\n<meta property=\"og:site_name\" content=\"JULES VERNE BUSINESS MICE TRAVEL\" \/>\n<meta property=\"article:publisher\" content=\"https:\/\/www.facebook.com\/JulesVerneBusinessMiceTravel\/\" \/>\n<meta property=\"article:published_time\" content=\"2020-08-11T14:29:05+00:00\" \/>\n<meta property=\"article:modified_time\" content=\"2024-03-21T14:09:46+00:00\" \/>\n<meta property=\"og:image\" content=\"https:\/\/julesverne.com.tr\/wp-content\/uploads\/2020\/08\/AY-GOKCEADA.jpg\" \/>\n\t<meta property=\"og:image:width\" content=\"1200\" \/>\n\t<meta property=\"og:image:height\" content=\"628\" \/>\n\t<meta property=\"og:image:type\" content=\"image\/jpeg\" \/>\n<meta name=\"author\" content=\"fikirman\" \/>\n<meta name=\"twitter:card\" content=\"summary_large_image\" \/>\n<meta name=\"twitter:creator\" content=\"@JV_BusinessMice\" \/>\n<meta name=\"twitter:site\" content=\"@JV_BusinessMice\" \/>\n<meta name=\"twitter:label1\" content=\"Written by\" \/>\n\t<meta name=\"twitter:data1\" content=\"fikirman\" \/>\n\t<meta name=\"twitter:label2\" content=\"Est. reading time\" \/>\n\t<meta name=\"twitter:data2\" content=\"5 minutes\" \/>\n<script type=\"application\/ld+json\" class=\"yoast-schema-graph\">{\"@context\":\"https:\/\/schema.org\",\"@graph\":[{\"@type\":\"Article\",\"@id\":\"https:\/\/julesverne.com.tr\/haberler\/travel-haberler\/ayse-yagci-iz-birakan-rotalar-yazi-dizisi\/#article\",\"isPartOf\":{\"@id\":\"https:\/\/julesverne.com.tr\/haberler\/travel-haberler\/ayse-yagci-iz-birakan-rotalar-yazi-dizisi\/\"},\"author\":{\"name\":\"fikirman\",\"@id\":\"https:\/\/julesverne.com.tr\/#\/schema\/person\/f4eb0514ae455538644c31b99a466fdb\"},\"headline\":\"Ay\u015fe Ya\u011fc\u0131 \u0130z B\u0131rakan Rotalar Yaz\u0131 Dizisi\",\"datePublished\":\"2020-08-11T14:29:05+00:00\",\"dateModified\":\"2024-03-21T14:09:46+00:00\",\"mainEntityOfPage\":{\"@id\":\"https:\/\/julesverne.com.tr\/haberler\/travel-haberler\/ayse-yagci-iz-birakan-rotalar-yazi-dizisi\/\"},\"wordCount\":626,\"publisher\":{\"@id\":\"https:\/\/julesverne.com.tr\/#organization\"},\"image\":{\"@id\":\"https:\/\/julesverne.com.tr\/haberler\/travel-haberler\/ayse-yagci-iz-birakan-rotalar-yazi-dizisi\/#primaryimage\"},\"thumbnailUrl\":\"https:\/\/julesverne.com.tr\/wp-content\/uploads\/2020\/08\/AY-GOKCEADA.jpg\",\"articleSection\":[\"Travel Haberler\"],\"inLanguage\":\"en-US\"},{\"@type\":\"WebPage\",\"@id\":\"https:\/\/julesverne.com.tr\/haberler\/travel-haberler\/ayse-yagci-iz-birakan-rotalar-yazi-dizisi\/\",\"url\":\"https:\/\/julesverne.com.tr\/haberler\/travel-haberler\/ayse-yagci-iz-birakan-rotalar-yazi-dizisi\/\",\"name\":\"Ay\u015fe Ya\u011fc\u0131 \u0130z B\u0131rakan Rotalar Yaz\u0131 Dizisi - JULES VERNE BUSINESS MICE TRAVEL\",\"isPartOf\":{\"@id\":\"https:\/\/julesverne.com.tr\/#website\"},\"primaryImageOfPage\":{\"@id\":\"https:\/\/julesverne.com.tr\/haberler\/travel-haberler\/ayse-yagci-iz-birakan-rotalar-yazi-dizisi\/#primaryimage\"},\"image\":{\"@id\":\"https:\/\/julesverne.com.tr\/haberler\/travel-haberler\/ayse-yagci-iz-birakan-rotalar-yazi-dizisi\/#primaryimage\"},\"thumbnailUrl\":\"https:\/\/julesverne.com.tr\/wp-content\/uploads\/2020\/08\/AY-GOKCEADA.jpg\",\"datePublished\":\"2020-08-11T14:29:05+00:00\",\"dateModified\":\"2024-03-21T14:09:46+00:00\",\"description\":\"Seyahat tutkusunu mesle\u011fi ile birle\u015ftiren JULES VERNE BUSINESS MICE TRAVEL kurucu orta\u011f\u0131 ve genel m\u00fcd\u00fcr\u00fc Ay\u015fe Ya\u011fc\u0131, 25 y\u0131l\u0131 a\u015fk\u0131n s\u00fcredir d\u00fcnyay\u0131 gezerken biriktirdi\u011fi e\u015fsiz an\u0131lar\u0131 seyahat severlerle payla\u015f\u0131yor.\",\"breadcrumb\":{\"@id\":\"https:\/\/julesverne.com.tr\/haberler\/travel-haberler\/ayse-yagci-iz-birakan-rotalar-yazi-dizisi\/#breadcrumb\"},\"inLanguage\":\"en-US\",\"potentialAction\":[{\"@type\":\"ReadAction\",\"target\":[\"https:\/\/julesverne.com.tr\/haberler\/travel-haberler\/ayse-yagci-iz-birakan-rotalar-yazi-dizisi\/\"]}]},{\"@type\":\"ImageObject\",\"inLanguage\":\"en-US\",\"@id\":\"https:\/\/julesverne.com.tr\/haberler\/travel-haberler\/ayse-yagci-iz-birakan-rotalar-yazi-dizisi\/#primaryimage\",\"url\":\"https:\/\/julesverne.com.tr\/wp-content\/uploads\/2020\/08\/AY-GOKCEADA.jpg\",\"contentUrl\":\"https:\/\/julesverne.com.tr\/wp-content\/uploads\/2020\/08\/AY-GOKCEADA.jpg\",\"width\":1200,\"height\":628},{\"@type\":\"BreadcrumbList\",\"@id\":\"https:\/\/julesverne.com.tr\/haberler\/travel-haberler\/ayse-yagci-iz-birakan-rotalar-yazi-dizisi\/#breadcrumb\",\"itemListElement\":[{\"@type\":\"ListItem\",\"position\":1,\"name\":\"Anasayfa\",\"item\":\"https:\/\/julesverne.com.tr\/\"},{\"@type\":\"ListItem\",\"position\":2,\"name\":\"Ay\u015fe Ya\u011fc\u0131 \u0130z B\u0131rakan Rotalar Yaz\u0131 Dizisi\"}]},{\"@type\":\"WebSite\",\"@id\":\"https:\/\/julesverne.com.tr\/#website\",\"url\":\"https:\/\/julesverne.com.tr\/\",\"name\":\"JULES VERNE BUSINESS MICE TRAVEL\",\"description\":\"\",\"publisher\":{\"@id\":\"https:\/\/julesverne.com.tr\/#organization\"},\"potentialAction\":[{\"@type\":\"SearchAction\",\"target\":{\"@type\":\"EntryPoint\",\"urlTemplate\":\"https:\/\/julesverne.com.tr\/?s={search_term_string}\"},\"query-input\":\"required name=search_term_string\"}],\"inLanguage\":\"en-US\"},{\"@type\":\"Organization\",\"@id\":\"https:\/\/julesverne.com.tr\/#organization\",\"name\":\"JULES VERNE BUSINESS MICE TRAVEL\",\"url\":\"https:\/\/julesverne.com.tr\/\",\"logo\":{\"@type\":\"ImageObject\",\"inLanguage\":\"en-US\",\"@id\":\"https:\/\/julesverne.com.tr\/#\/schema\/logo\/image\/\",\"url\":\"https:\/\/julesverne.com.tr\/wp-content\/uploads\/2020\/09\/jv-bmt-logo.png\",\"contentUrl\":\"https:\/\/julesverne.com.tr\/wp-content\/uploads\/2020\/09\/jv-bmt-logo.png\",\"width\":110,\"height\":81,\"caption\":\"JULES VERNE BUSINESS MICE TRAVEL\"},\"image\":{\"@id\":\"https:\/\/julesverne.com.tr\/#\/schema\/logo\/image\/\"},\"sameAs\":[\"https:\/\/www.facebook.com\/JulesVerneBusinessMiceTravel\/\",\"https:\/\/twitter.com\/JV_BusinessMice\",\"https:\/\/www.instagram.com\/julesvernebusinessmicetravel\/\",\"https:\/\/www.linkedin.com\/company\/julesvernebusinessmicetravel\/\",\"https:\/\/www.youtube.com\/channel\/UCAwdsmbZ6tFhu1tea6pkpiw\"]},{\"@type\":\"Person\",\"@id\":\"https:\/\/julesverne.com.tr\/#\/schema\/person\/f4eb0514ae455538644c31b99a466fdb\",\"name\":\"fikirman\",\"sameAs\":[\"http:\/\/advermedya.net\/julesverne\"],\"url\":\"https:\/\/julesverne.com.tr\/en\/author\/fikirman\/\"}]}<\/script>\n<!-- \/ Yoast SEO plugin. -->","yoast_head_json":{"title":"Ay\u015fe Ya\u011fc\u0131 \u0130z B\u0131rakan Rotalar Yaz\u0131 Dizisi - JULES VERNE BUSINESS MICE TRAVEL","description":"Seyahat tutkusunu mesle\u011fi ile birle\u015ftiren JULES VERNE BUSINESS MICE TRAVEL kurucu orta\u011f\u0131 ve genel m\u00fcd\u00fcr\u00fc Ay\u015fe Ya\u011fc\u0131, 25 y\u0131l\u0131 a\u015fk\u0131n s\u00fcredir d\u00fcnyay\u0131 gezerken biriktirdi\u011fi e\u015fsiz an\u0131lar\u0131 seyahat severlerle payla\u015f\u0131yor.","robots":{"index":"index","follow":"follow","max-snippet":"max-snippet:-1","max-image-preview":"max-image-preview:large","max-video-preview":"max-video-preview:-1"},"canonical":"https:\/\/julesverne.com.tr\/haberler\/travel-haberler\/ayse-yagci-iz-birakan-rotalar-yazi-dizisi\/","og_locale":"en_US","og_type":"article","og_title":"Ay\u015fe Ya\u011fc\u0131 \u0130z B\u0131rakan Rotalar Yaz\u0131 Dizisi - JULES VERNE BUSINESS MICE TRAVEL","og_description":"Seyahat tutkusunu mesle\u011fi ile birle\u015ftiren JULES VERNE BUSINESS MICE TRAVEL kurucu orta\u011f\u0131 ve genel m\u00fcd\u00fcr\u00fc Ay\u015fe Ya\u011fc\u0131, 25 y\u0131l\u0131 a\u015fk\u0131n s\u00fcredir d\u00fcnyay\u0131 gezerken biriktirdi\u011fi e\u015fsiz an\u0131lar\u0131 seyahat severlerle payla\u015f\u0131yor.","og_url":"https:\/\/julesverne.com.tr\/haberler\/travel-haberler\/ayse-yagci-iz-birakan-rotalar-yazi-dizisi\/","og_site_name":"JULES VERNE BUSINESS MICE TRAVEL","article_publisher":"https:\/\/www.facebook.com\/JulesVerneBusinessMiceTravel\/","article_published_time":"2020-08-11T14:29:05+00:00","article_modified_time":"2024-03-21T14:09:46+00:00","og_image":[{"width":1200,"height":628,"url":"https:\/\/julesverne.com.tr\/wp-content\/uploads\/2020\/08\/AY-GOKCEADA.jpg","type":"image\/jpeg"}],"author":"fikirman","twitter_card":"summary_large_image","twitter_creator":"@JV_BusinessMice","twitter_site":"@JV_BusinessMice","twitter_misc":{"Written by":"fikirman","Est. reading time":"5 minutes"},"schema":{"@context":"https:\/\/schema.org","@graph":[{"@type":"Article","@id":"https:\/\/julesverne.com.tr\/haberler\/travel-haberler\/ayse-yagci-iz-birakan-rotalar-yazi-dizisi\/#article","isPartOf":{"@id":"https:\/\/julesverne.com.tr\/haberler\/travel-haberler\/ayse-yagci-iz-birakan-rotalar-yazi-dizisi\/"},"author":{"name":"fikirman","@id":"https:\/\/julesverne.com.tr\/#\/schema\/person\/f4eb0514ae455538644c31b99a466fdb"},"headline":"Ay\u015fe Ya\u011fc\u0131 \u0130z B\u0131rakan Rotalar Yaz\u0131 Dizisi","datePublished":"2020-08-11T14:29:05+00:00","dateModified":"2024-03-21T14:09:46+00:00","mainEntityOfPage":{"@id":"https:\/\/julesverne.com.tr\/haberler\/travel-haberler\/ayse-yagci-iz-birakan-rotalar-yazi-dizisi\/"},"wordCount":626,"publisher":{"@id":"https:\/\/julesverne.com.tr\/#organization"},"image":{"@id":"https:\/\/julesverne.com.tr\/haberler\/travel-haberler\/ayse-yagci-iz-birakan-rotalar-yazi-dizisi\/#primaryimage"},"thumbnailUrl":"https:\/\/julesverne.com.tr\/wp-content\/uploads\/2020\/08\/AY-GOKCEADA.jpg","articleSection":["Travel Haberler"],"inLanguage":"en-US"},{"@type":"WebPage","@id":"https:\/\/julesverne.com.tr\/haberler\/travel-haberler\/ayse-yagci-iz-birakan-rotalar-yazi-dizisi\/","url":"https:\/\/julesverne.com.tr\/haberler\/travel-haberler\/ayse-yagci-iz-birakan-rotalar-yazi-dizisi\/","name":"Ay\u015fe Ya\u011fc\u0131 \u0130z B\u0131rakan Rotalar Yaz\u0131 Dizisi - JULES VERNE BUSINESS MICE TRAVEL","isPartOf":{"@id":"https:\/\/julesverne.com.tr\/#website"},"primaryImageOfPage":{"@id":"https:\/\/julesverne.com.tr\/haberler\/travel-haberler\/ayse-yagci-iz-birakan-rotalar-yazi-dizisi\/#primaryimage"},"image":{"@id":"https:\/\/julesverne.com.tr\/haberler\/travel-haberler\/ayse-yagci-iz-birakan-rotalar-yazi-dizisi\/#primaryimage"},"thumbnailUrl":"https:\/\/julesverne.com.tr\/wp-content\/uploads\/2020\/08\/AY-GOKCEADA.jpg","datePublished":"2020-08-11T14:29:05+00:00","dateModified":"2024-03-21T14:09:46+00:00","description":"Seyahat tutkusunu mesle\u011fi ile birle\u015ftiren JULES VERNE BUSINESS MICE TRAVEL kurucu orta\u011f\u0131 ve genel m\u00fcd\u00fcr\u00fc Ay\u015fe Ya\u011fc\u0131, 25 y\u0131l\u0131 a\u015fk\u0131n s\u00fcredir d\u00fcnyay\u0131 gezerken biriktirdi\u011fi e\u015fsiz an\u0131lar\u0131 seyahat severlerle payla\u015f\u0131yor.","breadcrumb":{"@id":"https:\/\/julesverne.com.tr\/haberler\/travel-haberler\/ayse-yagci-iz-birakan-rotalar-yazi-dizisi\/#breadcrumb"},"inLanguage":"en-US","potentialAction":[{"@type":"ReadAction","target":["https:\/\/julesverne.com.tr\/haberler\/travel-haberler\/ayse-yagci-iz-birakan-rotalar-yazi-dizisi\/"]}]},{"@type":"ImageObject","inLanguage":"en-US","@id":"https:\/\/julesverne.com.tr\/haberler\/travel-haberler\/ayse-yagci-iz-birakan-rotalar-yazi-dizisi\/#primaryimage","url":"https:\/\/julesverne.com.tr\/wp-content\/uploads\/2020\/08\/AY-GOKCEADA.jpg","contentUrl":"https:\/\/julesverne.com.tr\/wp-content\/uploads\/2020\/08\/AY-GOKCEADA.jpg","width":1200,"height":628},{"@type":"BreadcrumbList","@id":"https:\/\/julesverne.com.tr\/haberler\/travel-haberler\/ayse-yagci-iz-birakan-rotalar-yazi-dizisi\/#breadcrumb","itemListElement":[{"@type":"ListItem","position":1,"name":"Anasayfa","item":"https:\/\/julesverne.com.tr\/"},{"@type":"ListItem","position":2,"name":"Ay\u015fe Ya\u011fc\u0131 \u0130z B\u0131rakan Rotalar Yaz\u0131 Dizisi"}]},{"@type":"WebSite","@id":"https:\/\/julesverne.com.tr\/#website","url":"https:\/\/julesverne.com.tr\/","name":"JULES VERNE BUSINESS MICE TRAVEL","description":"","publisher":{"@id":"https:\/\/julesverne.com.tr\/#organization"},"potentialAction":[{"@type":"SearchAction","target":{"@type":"EntryPoint","urlTemplate":"https:\/\/julesverne.com.tr\/?s={search_term_string}"},"query-input":"required name=search_term_string"}],"inLanguage":"en-US"},{"@type":"Organization","@id":"https:\/\/julesverne.com.tr\/#organization","name":"JULES VERNE BUSINESS MICE TRAVEL","url":"https:\/\/julesverne.com.tr\/","logo":{"@type":"ImageObject","inLanguage":"en-US","@id":"https:\/\/julesverne.com.tr\/#\/schema\/logo\/image\/","url":"https:\/\/julesverne.com.tr\/wp-content\/uploads\/2020\/09\/jv-bmt-logo.png","contentUrl":"https:\/\/julesverne.com.tr\/wp-content\/uploads\/2020\/09\/jv-bmt-logo.png","width":110,"height":81,"caption":"JULES VERNE BUSINESS MICE TRAVEL"},"image":{"@id":"https:\/\/julesverne.com.tr\/#\/schema\/logo\/image\/"},"sameAs":["https:\/\/www.facebook.com\/JulesVerneBusinessMiceTravel\/","https:\/\/twitter.com\/JV_BusinessMice","https:\/\/www.instagram.com\/julesvernebusinessmicetravel\/","https:\/\/www.linkedin.com\/company\/julesvernebusinessmicetravel\/","https:\/\/www.youtube.com\/channel\/UCAwdsmbZ6tFhu1tea6pkpiw"]},{"@type":"Person","@id":"https:\/\/julesverne.com.tr\/#\/schema\/person\/f4eb0514ae455538644c31b99a466fdb","name":"fikirman","sameAs":["http:\/\/advermedya.net\/julesverne"],"url":"https:\/\/julesverne.com.tr\/en\/author\/fikirman\/"}]}},"_links":{"self":[{"href":"https:\/\/julesverne.com.tr\/en\/wp-json\/wp\/v2\/posts\/513"}],"collection":[{"href":"https:\/\/julesverne.com.tr\/en\/wp-json\/wp\/v2\/posts"}],"about":[{"href":"https:\/\/julesverne.com.tr\/en\/wp-json\/wp\/v2\/types\/post"}],"author":[{"embeddable":true,"href":"https:\/\/julesverne.com.tr\/en\/wp-json\/wp\/v2\/users\/1"}],"replies":[{"embeddable":true,"href":"https:\/\/julesverne.com.tr\/en\/wp-json\/wp\/v2\/comments?post=513"}],"version-history":[{"count":1,"href":"https:\/\/julesverne.com.tr\/en\/wp-json\/wp\/v2\/posts\/513\/revisions"}],"predecessor-version":[{"id":16987,"href":"https:\/\/julesverne.com.tr\/en\/wp-json\/wp\/v2\/posts\/513\/revisions\/16987"}],"wp:featuredmedia":[{"embeddable":true,"href":"https:\/\/julesverne.com.tr\/en\/wp-json\/wp\/v2\/media\/514"}],"wp:attachment":[{"href":"https:\/\/julesverne.com.tr\/en\/wp-json\/wp\/v2\/media?parent=513"}],"wp:term":[{"taxonomy":"category","embeddable":true,"href":"https:\/\/julesverne.com.tr\/en\/wp-json\/wp\/v2\/categories?post=513"},{"taxonomy":"post_tag","embeddable":true,"href":"https:\/\/julesverne.com.tr\/en\/wp-json\/wp\/v2\/tags?post=513"}],"curies":[{"name":"wp","href":"https:\/\/api.w.org\/{rel}","templated":true}]}}