{"id":499,"date":"2020-08-11T17:24:11","date_gmt":"2020-08-11T14:24:11","guid":{"rendered":"https:\/\/www.julesverne.com.tr\/\/?p=499"},"modified":"2021-06-16T00:50:39","modified_gmt":"2021-06-15T21:50:39","slug":"pandemi-sonrasi-degisen-luks-seyahat-trendleri","status":"publish","type":"post","link":"https:\/\/julesverne.com.tr\/en\/haberler\/travel-haberler\/pandemi-sonrasi-degisen-luks-seyahat-trendleri\/","title":{"rendered":"Pandemi Sonras\u0131 De\u011fi\u015fen L\u00fcks Seyahat Trendleri"},"content":{"rendered":"<p>Bundan alt\u0131 ay \u00f6nce hi\u00e7 kimse d\u00fcnyan\u0131n durma noktas\u0131na gelip, \u00fclkelerin s\u0131n\u0131rlar\u0131n\u0131 kapataca\u011f\u0131n\u0131 tahmin bile edemezdi. Seyahat kurallar\u0131n\u0131n yeniden yaz\u0131ld\u0131\u011f\u0131 Covid-19 salg\u0131n\u0131 s\u00fcrecinde ve sonras\u0131nda seyahat al\u0131\u015fkanl\u0131klar\u0131m\u0131z da de\u011fi\u015fim g\u00f6stermeye ba\u015flad\u0131 bile&#8230;Neyse ki, g\u00fczel haberler de almaya ba\u015flad\u0131k. Yaz sezonun gelmesi, uzun s\u00fcredir evde ge\u00e7en zamandan sonra \u00fclkeler yava\u015f yava\u015f s\u0131n\u0131rlar\u0131n\u0131 a\u00e7\u0131yor, u\u00e7u\u015flar ba\u015fl\u0131yor &#8211; elbette kontroll\u00fc bir \u015fekilde&#8230;<\/p>\n<p>Turizm sekt\u00f6r\u00fc k\u00fc\u00e7\u00fck ad\u0131mlarla canlanmaya ba\u015flam\u0131\u015fken tabi ki gezginlerin beklentileri, \u00f6ncelikleri de bu s\u00fcre\u00e7te fark g\u00f6steriyor. Covid-19 sonras\u0131 d\u00fcnya seyahatlerinde g\u00fcvenlik ve mahremiyet seyahat planlamalar\u0131nda b\u00fcy\u00fck \u00f6nem kazanacak. Bir\u00e7ok seyahat sever daha az kalabal\u0131k olan destinasyonlara e\u011filim g\u00f6sterirken, kitle turizminin yerini butik seyahatler alacak. Gezginler daha \u00e7ok mahremiyet, huzur ve sakinlik bulaca\u011f\u0131 rotalara y\u00f6nelecek. Son y\u0131llarda g\u00f6zlerden uzak, do\u011fayla i\u00e7 i\u00e7e tatiller y\u00fckselen trend olsa da salg\u0131n sonras\u0131 art\u0131k her seyahat tutkunu bu trendi takip edecek.<\/p>\n<h4><strong>Pandemi sonras\u0131 de\u011fi\u015fen l\u00fcks seyahat trendleri:<\/strong><\/h4>\n<p><strong>Sa\u011fl\u0131k Turizmi<\/strong><\/p>\n<p><img loading=\"lazy\" decoding=\"async\" class=\"aligncenter size-full wp-image-501\" src=\"https:\/\/www.julesverne.com.tr\/\/wp-content\/uploads\/2020\/08\/vivamayr-2-scaled.jpg\" alt=\"\" width=\"2560\" height=\"1707\" srcset=\"https:\/\/julesverne.com.tr\/wp-content\/uploads\/2020\/08\/vivamayr-2-scaled.jpg 1600w, https:\/\/julesverne.com.tr\/wp-content\/uploads\/2020\/08\/vivamayr-2-500x333.jpg 500w, https:\/\/julesverne.com.tr\/wp-content\/uploads\/2020\/08\/vivamayr-2-1280x853.jpg 1280w, https:\/\/julesverne.com.tr\/wp-content\/uploads\/2020\/08\/vivamayr-2-768x512.jpg 768w, https:\/\/julesverne.com.tr\/wp-content\/uploads\/2020\/08\/vivamayr-2-1536x1024.jpg 1536w, https:\/\/julesverne.com.tr\/wp-content\/uploads\/2020\/08\/vivamayr-2-2048x1365.jpg 2048w\" sizes=\"(max-width: 2560px) 100vw, 2560px\" \/><\/p>\n<p>Sa\u011fl\u0131\u011f\u0131n ne kadar k\u0131ymetli oldu\u011funu \u00e7ok daha iyi anlad\u0131\u011f\u0131m\u0131z salg\u0131n s\u00fcrecinden sonra sa\u011fl\u0131k turizmi b\u00fcy\u00fck \u00f6nem kazanacak. Gezginler sa\u011fl\u0131kl\u0131 ya\u015fam al\u0131\u015fkanl\u0131klar\u0131 kazanmak, zihinsel ve fiziksel g\u00fc\u00e7lenme ve yenilenmeye yo\u011funla\u015faca\u011f\u0131 iyi ya\u015fam otellerine b\u00fcy\u00fck ilgi g\u00f6sterecek.<\/p>\n<p><strong>Kurallara Uygun Do\u011fal Ya\u015fama \u0130lgi<\/strong><\/p>\n<p><img loading=\"lazy\" decoding=\"async\" class=\"aligncenter size-full wp-image-502\" src=\"https:\/\/www.julesverne.com.tr\/\/wp-content\/uploads\/2020\/08\/shutterstock_482050255.jpg\" alt=\"\" width=\"999\" height=\"666\" srcset=\"https:\/\/julesverne.com.tr\/wp-content\/uploads\/2020\/08\/shutterstock_482050255.jpg 999w, https:\/\/julesverne.com.tr\/wp-content\/uploads\/2020\/08\/shutterstock_482050255-500x333.jpg 500w, https:\/\/julesverne.com.tr\/wp-content\/uploads\/2020\/08\/shutterstock_482050255-768x512.jpg 768w\" sizes=\"(max-width: 999px) 100vw, 999px\" \/><\/p>\n<p>Hayvan haklar\u0131n\u0131n korunmas\u0131, do\u011fal ortamlar\u0131nda ya\u015famalar\u0131 gerekti\u011fi bilinci salg\u0131n ile birlikte daha geni\u015f kitlelere yay\u0131ld\u0131. Do\u011fan\u0131n, do\u011fall\u0131\u011f\u0131n dengesinin bozuldu\u011funda yol a\u00e7t\u0131\u011f\u0131 olumsuz etkiler bu fark\u0131ndal\u0131\u011f\u0131n edinilmesinde b\u00fcy\u00fck rol oynuyor. Bu y\u00fczden, gezginler etik olmayan vah\u015fi ya\u015fam turizmiden tamamen uzakla\u015farak hayvan haklar\u0131n\u0131n g\u00f6zetildi\u011fi, s\u00fcrd\u00fcr\u00fclebilir turizm ilkelerine ba\u011fl\u0131 kalan destinasyon ve otelleri tercih edecek.<\/p>\n<p><strong>T\u00fcketmeden Ke\u015ffetmek<\/strong><\/p>\n<p><img loading=\"lazy\" decoding=\"async\" class=\"aligncenter size-full wp-image-503\" src=\"https:\/\/www.julesverne.com.tr\/\/wp-content\/uploads\/2020\/08\/shutterstock_571847170.jpg\" alt=\"\" width=\"999\" height=\"666\" srcset=\"https:\/\/julesverne.com.tr\/wp-content\/uploads\/2020\/08\/shutterstock_571847170.jpg 999w, https:\/\/julesverne.com.tr\/wp-content\/uploads\/2020\/08\/shutterstock_571847170-500x333.jpg 500w, https:\/\/julesverne.com.tr\/wp-content\/uploads\/2020\/08\/shutterstock_571847170-768x512.jpg 768w\" sizes=\"(max-width: 999px) 100vw, 999px\" \/><\/p>\n<p>Pandeminin etkilerinden biri de kitle turizmi ve end\u00fcstrisinin gezegenimiz ve i\u00e7inde ya\u015fad\u0131\u011f\u0131m\u0131z do\u011fal ortamlar \u00fczerindeki olumsuz etkilerini vurgulamak oldu. B\u00fcy\u00fck \u015fehirlerin havas\u0131n\u0131n temizlendi\u011fine \u015fahit olmak, y\u0131llard\u0131r dibi g\u00f6r\u00fclmeyen su kanallar\u0131n\u0131n, denizlerin g\u00f6zle g\u00f6r\u00fcl\u00fcr \u015fekilde berrakla\u015fmas\u0131 gezegenimize daha iyi bakmam\u0131z gerekti\u011fini g\u00f6sterdi. Bir\u00e7ok gezgin s\u00fcrd\u00fcr\u00fclebilir turizme y\u00f6nelirken \u015feffaf ve \u00e7evreye duyarl\u0131 tesisleri tercih edecek; daha az insan yo\u011funlu\u011funun oldu\u011fu bakir destinasyonlar\u0131 seyahat rotalar\u0131na ekleyecek.<\/p>\n<p><strong>De\u011ferini Bilerek Gez<\/strong><\/p>\n<p><img loading=\"lazy\" decoding=\"async\" class=\"aligncenter size-full wp-image-504\" src=\"https:\/\/www.julesverne.com.tr\/\/wp-content\/uploads\/2020\/08\/azuliktulum.jpg\" alt=\"\" width=\"2000\" height=\"1500\" \/><\/p>\n<p>Pandemiden \u00f6nce bir yerden bir yere gitmenin paha bi\u00e7ilemez bir l\u00fcks oldu\u011funun fark\u0131nda de\u011fildik. &#8220;Yaz geliyor, tatile gitmeliyim&#8221;, &#8220;3 g\u00fcnl\u00fck tatil var hemen bir plan yapal\u0131m.&#8221; d\u00fc\u015f\u00fcnceleriyle bilet al\u0131p can\u0131m\u0131z\u0131n istedi\u011fi yere seyahat ederken sahip oldu\u011fumuz imk\u00e2nlar\u0131 kolayca t\u00fcketebiliyorduk. Pandemiden sonra amaca y\u00f6nelik seyahatler \u00f6nem kazanacak. Yapaca\u011f\u0131m\u0131z yolculu\u011fun de\u011ferini daha iyi bilecek, &#8220;neden&#8221; oraya gitti\u011fimizin bilincinde olacak, tecr\u00fcbe edilen deneyimlerin k\u0131ymeti daha iyi anla\u015f\u0131lacak.<\/p>\n<p><strong>Yerel Topluluklar ile \u0130leti\u015fim<\/strong><\/p>\n<p><img loading=\"lazy\" decoding=\"async\" class=\"aligncenter size-full wp-image-505\" src=\"https:\/\/www.julesverne.com.tr\/\/wp-content\/uploads\/2020\/08\/shutterstock_381859393.jpg\" alt=\"\" width=\"999\" height=\"666\" srcset=\"https:\/\/julesverne.com.tr\/wp-content\/uploads\/2020\/08\/shutterstock_381859393.jpg 999w, https:\/\/julesverne.com.tr\/wp-content\/uploads\/2020\/08\/shutterstock_381859393-500x333.jpg 500w, https:\/\/julesverne.com.tr\/wp-content\/uploads\/2020\/08\/shutterstock_381859393-768x512.jpg 768w\" sizes=\"(max-width: 999px) 100vw, 999px\" \/><\/p>\n<p>De\u011feri ve anlam\u0131 olan seyahatler yapma ihtiyac\u0131na ek olarak gezginler yerel topluluklar\u0131 daha yak\u0131ndan tan\u0131mak isteyecek. S\u00fcrd\u00fcr\u00fclebilirlik projelerine katk\u0131da bulunmak, yerel topluluklara dokunabilmek, seyahat ederken &#8220;fayda sa\u011flayabilmek&#8221; \u00f6ne \u00e7\u0131kan trendlerden birisi olacak.<\/p>\n<p><strong>Yerel Seyahatler<\/strong><\/p>\n<p><img loading=\"lazy\" decoding=\"async\" class=\"aligncenter size-full wp-image-506\" src=\"https:\/\/www.julesverne.com.tr\/\/wp-content\/uploads\/2020\/08\/egirdir.jpg\" alt=\"\" width=\"891\" height=\"559\" srcset=\"https:\/\/julesverne.com.tr\/wp-content\/uploads\/2020\/08\/egirdir.jpg 891w, https:\/\/julesverne.com.tr\/wp-content\/uploads\/2020\/08\/egirdir-500x314.jpg 500w, https:\/\/julesverne.com.tr\/wp-content\/uploads\/2020\/08\/egirdir-768x482.jpg 768w\" sizes=\"(max-width: 891px) 100vw, 891px\" \/><\/p>\n<p>Uluslararas\u0131 seyahat k\u0131s\u0131tlamalar\u0131 kademeli olarak kalkaca\u011f\u0131 i\u00e7in gezginler kendi \u00fclkelerinde seyahat etmeye yo\u011funla\u015facak. Turizm i\u00e7 pazara do\u011fru y\u00f6nelirken ke\u015ffedilmeyi bekleyen yerel de\u011ferler daha g\u00f6r\u00fcn\u00fcr olacak. Geri planda kalan destinasyonlar seyahat planlar\u0131na eklenecek; antik kentler, k\u00fclt\u00fcrel miraslar, do\u011fal g\u00fczellikler bir bir ke\u015ffedilecek.<\/p>\n<p><strong>Mikro Tatiller<\/strong><\/p>\n<p><img loading=\"lazy\" decoding=\"async\" class=\"aligncenter size-full wp-image-507\" src=\"https:\/\/www.julesverne.com.tr\/\/wp-content\/uploads\/2020\/08\/roadtrip.jpeg\" alt=\"\" width=\"720\" height=\"485\" srcset=\"https:\/\/julesverne.com.tr\/wp-content\/uploads\/2020\/08\/roadtrip.jpeg 720w, https:\/\/julesverne.com.tr\/wp-content\/uploads\/2020\/08\/roadtrip-500x337.jpeg 500w\" sizes=\"(max-width: 720px) 100vw, 720px\" \/><\/p>\n<p>Mikto tatil kavram\u0131 salg\u0131n sonras\u0131nda daha da yayg\u0131nla\u015facak. \u0130lk a\u015famada uzun mesafeli seyahatler yerine k\u0131sa u\u00e7u\u015fla gidilen destinasyonlar, araba ile ula\u015f\u0131labilen rotalar \u00f6n planda olacak. Uzun bir seyahat yerine birka\u00e7 g\u00fcnl\u00fck yak\u0131n yerler tercih edilecek.<\/p>\n<p><strong>Do\u011faya D\u00f6n\u00fc\u015f<\/strong><\/p>\n<p><img loading=\"lazy\" decoding=\"async\" class=\"aligncenter size-full wp-image-508\" src=\"https:\/\/www.julesverne.com.tr\/\/wp-content\/uploads\/2020\/08\/gstaaddoga.jpg\" alt=\"\" width=\"719\" height=\"480\" srcset=\"https:\/\/julesverne.com.tr\/wp-content\/uploads\/2020\/08\/gstaaddoga.jpg 719w, https:\/\/julesverne.com.tr\/wp-content\/uploads\/2020\/08\/gstaaddoga-500x334.jpg 500w\" sizes=\"(max-width: 719px) 100vw, 719px\" \/><\/p>\n<p>Modern d\u00fcnyan\u0131n getirdi\u011fi her \u015feye yeti\u015fme tela\u015f\u0131, bitmeyen hareket hali son y\u0131llarda daha \u00e7ok mola alma ihtiyac\u0131 do\u011furmu\u015ftu. \u015eehirden uzakla\u015fma, do\u011faya d\u00f6n\u00fc\u015f seyahat trendleri aras\u0131nda kendine daha \u00e7ok yer bulmaya ba\u015flam\u0131\u015fken pandemi ile do\u011fa tatilleri bir numaraya yerle\u015fti. Kalabal\u0131klardan uzakla\u015fmak, izole olmak, do\u011fayla b\u00fct\u00fcnle\u015fmek, mahremiyet arzusu \u00f6n\u00fcm\u00fczdeki y\u0131llarda da b\u00fcy\u00fck \u00f6nem ta\u015f\u0131yacak. Do\u011fa i\u00e7erisindeki az odal\u0131 oteller daha \u00e7ok tercih edilecek.<\/p>\n<p><strong>Karavan Seyahatleri<\/strong><\/p>\n<p><img loading=\"lazy\" decoding=\"async\" class=\"aligncenter size-full wp-image-509\" src=\"https:\/\/www.julesverne.com.tr\/\/wp-content\/uploads\/2020\/08\/shutterstock_1722722401.jpg\" alt=\"\" width=\"999\" height=\"666\" srcset=\"https:\/\/julesverne.com.tr\/wp-content\/uploads\/2020\/08\/shutterstock_1722722401.jpg 999w, https:\/\/julesverne.com.tr\/wp-content\/uploads\/2020\/08\/shutterstock_1722722401-500x333.jpg 500w, https:\/\/julesverne.com.tr\/wp-content\/uploads\/2020\/08\/shutterstock_1722722401-768x512.jpg 768w\" sizes=\"(max-width: 999px) 100vw, 999px\" \/><\/p>\n<p>Kendi evini yan\u0131nda g\u00f6t\u00fcrmek hi\u00e7 bu kadar k\u0131ymetli olmam\u0131\u015ft\u0131. Hijyen beklentilerinin en \u00fcst seviyeye ula\u015ft\u0131\u011f\u0131 \u201cyeni normal\u201d ile birlikte gezginlerin en g\u00fcvendikleri yer yine kendi d\u00fczenleri oluyor. Karavan tatilleri istedi\u011finiz yerde konaklama, diledi\u011finiz yerde g\u00fcne ba\u015flama \u00f6zg\u00fcrl\u00fc\u011f\u00fc verirken; ba\u015fkalar\u0131 ile temastan ka\u00e7\u0131nmak, filtresiz bir \u015fekilde do\u011fayla ba\u015f ba\u015fa kalmak i\u00e7in de harika bir f\u0131rsat.<\/p>\n<p><strong>Tekne \/ Yat Seyahatleri<\/strong><\/p>\n<p><img loading=\"lazy\" decoding=\"async\" class=\"aligncenter size-full wp-image-510\" src=\"https:\/\/www.julesverne.com.tr\/\/wp-content\/uploads\/2020\/08\/maviyolculuk.jpg\" alt=\"\" width=\"1980\" height=\"1260\" \/><\/p>\n<p>Ba\u011f\u0131ms\u0131z seyahat etme arzusu tekne ve yat seyahatlerine olan ilgiyi artt\u0131racak. Seyahat severler kendi aileleriyle ve sadece yak\u0131n arkada\u015f gruplar\u0131yla tatil yapmak isteyecek. \u00d6zellikle bahar-yaz aylar\u0131nda mavi yolculuk \u00f6n planda olacak. G\u00fcvenilir acenteler ile hijyen ko\u015fullar\u0131na g\u00fcvenilen teknelerle koy koy dola\u015fmak, denizin \u00fczerinde g\u00fcnleri ge\u00e7irmek b\u00fcy\u00fck ilgi g\u00f6recek.<\/p>\n<p><strong>Glamping<\/strong><\/p>\n<p><img loading=\"lazy\" decoding=\"async\" class=\"aligncenter size-full wp-image-511\" src=\"https:\/\/www.julesverne.com.tr\/\/wp-content\/uploads\/2020\/08\/glampingbubble.jpg\" alt=\"\" width=\"1140\" height=\"694\" srcset=\"https:\/\/julesverne.com.tr\/wp-content\/uploads\/2020\/08\/glampingbubble.jpg 1140w, https:\/\/julesverne.com.tr\/wp-content\/uploads\/2020\/08\/glampingbubble-500x304.jpg 500w, https:\/\/julesverne.com.tr\/wp-content\/uploads\/2020\/08\/glampingbubble-768x468.jpg 768w\" sizes=\"(max-width: 1140px) 100vw, 1140px\" \/><\/p>\n<p>Her ne kadar son y\u0131llarda ad\u0131ndan s\u0131k\u00e7a s\u00f6z edilmeye ba\u015flansa da \u201cglamping\u201d tatillerinin ger\u00e7ek y\u00fckseli\u015fi salg\u0131ndan sonra ger\u00e7ekle\u015fecek. Hem do\u011fada olmak hem de al\u0131\u015ft\u0131\u011f\u0131 l\u00fcksten vazge\u00e7mek istemeyen gezginler konforlu kamplara ilgi duyacak. Kamp tatillerini yeniden tan\u0131mlayan; her t\u00fcrl\u00fc konfor ve l\u00fcks\u00fc sunabilen glamping adresleri gelecek y\u0131llarda seyahat trendleri aras\u0131nda hep \u00fcst s\u0131ralarda olacak.<\/p>\n<h4><strong>Kaynak: Jabiroo<br \/>\n<\/strong><a href=\"https:\/\/jabiroo.com.tr\/pandemi-sonrasi-degisen-luks-seyahat-trendleri-35140\/blog\/gezi\" target=\"_blank\" rel=\"noopener noreferrer\"><strong>\u0130\u00e7eri\u011fin orijinaline buradan ula\u015fabilirsiniz.<\/strong><\/a><\/h4>\n","protected":false},"excerpt":{"rendered":"<p>Bundan alt\u0131 ay \u00f6nce hi\u00e7 kimse d\u00fcnyan\u0131n durma noktas\u0131na gelip, \u00fclkelerin s\u0131n\u0131rlar\u0131n\u0131 kapataca\u011f\u0131n\u0131 tahmin bile edemezdi. Seyahat kurallar\u0131n\u0131n yeniden yaz\u0131ld\u0131\u011f\u0131 Covid-19 salg\u0131n\u0131 s\u00fcrecinde ve sonras\u0131nda seyahat al\u0131\u015fkanl\u0131klar\u0131m\u0131z da de\u011fi\u015fim g\u00f6stermeye ba\u015flad\u0131 bile&#8230;Neyse ki, g\u00fczel haberler de almaya ba\u015flad\u0131k. Yaz sezonun gelmesi, uzun s\u00fcredir evde ge\u00e7en zamandan sonra \u00fclkeler yava\u015f yava\u015f s\u0131n\u0131rlar\u0131n\u0131 a\u00e7\u0131yor, u\u00e7u\u015flar ba\u015fl\u0131yor &#8211; [&hellip;]<\/p>\n","protected":false},"author":1,"featured_media":500,"comment_status":"closed","ping_status":"closed","sticky":false,"template":"","format":"standard","meta":{"inline_featured_image":false,"footnotes":""},"categories":[41,5],"tags":[],"acf":[],"yoast_head":"<!-- This site is optimized with the Yoast SEO plugin v22.3 - https:\/\/yoast.com\/wordpress\/plugins\/seo\/ -->\n<title>Pandemi Sonras\u0131 De\u011fi\u015fen L\u00fcks Seyahat Trendleri - JULES VERNE BUSINESS MICE TRAVEL<\/title>\n<meta name=\"robots\" content=\"index, follow, max-snippet:-1, max-image-preview:large, max-video-preview:-1\" \/>\n<link rel=\"canonical\" href=\"https:\/\/julesverne.com.tr\/haberler\/travel-haberler\/pandemi-sonrasi-degisen-luks-seyahat-trendleri\/\" \/>\n<meta property=\"og:locale\" content=\"en_US\" \/>\n<meta property=\"og:type\" content=\"article\" \/>\n<meta property=\"og:title\" content=\"Pandemi Sonras\u0131 De\u011fi\u015fen L\u00fcks Seyahat Trendleri - JULES VERNE BUSINESS MICE TRAVEL\" \/>\n<meta property=\"og:description\" content=\"Bundan alt\u0131 ay \u00f6nce hi\u00e7 kimse d\u00fcnyan\u0131n durma noktas\u0131na gelip, \u00fclkelerin s\u0131n\u0131rlar\u0131n\u0131 kapataca\u011f\u0131n\u0131 tahmin bile edemezdi. Seyahat kurallar\u0131n\u0131n yeniden yaz\u0131ld\u0131\u011f\u0131 Covid-19 salg\u0131n\u0131 s\u00fcrecinde ve sonras\u0131nda seyahat al\u0131\u015fkanl\u0131klar\u0131m\u0131z da de\u011fi\u015fim g\u00f6stermeye ba\u015flad\u0131 bile&#8230;Neyse ki, g\u00fczel haberler de almaya ba\u015flad\u0131k. Yaz sezonun gelmesi, uzun s\u00fcredir evde ge\u00e7en zamandan sonra \u00fclkeler yava\u015f yava\u015f s\u0131n\u0131rlar\u0131n\u0131 a\u00e7\u0131yor, u\u00e7u\u015flar ba\u015fl\u0131yor &#8211; [&hellip;]\" \/>\n<meta property=\"og:url\" content=\"https:\/\/julesverne.com.tr\/haberler\/travel-haberler\/pandemi-sonrasi-degisen-luks-seyahat-trendleri\/\" \/>\n<meta property=\"og:site_name\" content=\"JULES VERNE BUSINESS MICE TRAVEL\" \/>\n<meta property=\"article:publisher\" content=\"https:\/\/www.facebook.com\/JulesVerneBusinessMiceTravel\/\" \/>\n<meta property=\"article:published_time\" content=\"2020-08-11T14:24:11+00:00\" \/>\n<meta property=\"article:modified_time\" content=\"2021-06-15T21:50:39+00:00\" \/>\n<meta property=\"og:image\" content=\"https:\/\/julesverne.com.tr\/wp-content\/uploads\/2020\/08\/shutterstock_1373425853.jpg\" \/>\n\t<meta property=\"og:image:width\" content=\"999\" \/>\n\t<meta property=\"og:image:height\" content=\"666\" \/>\n\t<meta property=\"og:image:type\" content=\"image\/jpeg\" \/>\n<meta name=\"author\" content=\"fikirman\" \/>\n<meta name=\"twitter:card\" content=\"summary_large_image\" \/>\n<meta name=\"twitter:creator\" content=\"@JV_BusinessMice\" \/>\n<meta name=\"twitter:site\" content=\"@JV_BusinessMice\" \/>\n<meta name=\"twitter:label1\" content=\"Written by\" \/>\n\t<meta name=\"twitter:data1\" content=\"fikirman\" \/>\n\t<meta name=\"twitter:label2\" content=\"Est. reading time\" \/>\n\t<meta name=\"twitter:data2\" content=\"5 minutes\" \/>\n<script type=\"application\/ld+json\" class=\"yoast-schema-graph\">{\"@context\":\"https:\/\/schema.org\",\"@graph\":[{\"@type\":\"Article\",\"@id\":\"https:\/\/julesverne.com.tr\/haberler\/travel-haberler\/pandemi-sonrasi-degisen-luks-seyahat-trendleri\/#article\",\"isPartOf\":{\"@id\":\"https:\/\/julesverne.com.tr\/haberler\/travel-haberler\/pandemi-sonrasi-degisen-luks-seyahat-trendleri\/\"},\"author\":{\"name\":\"fikirman\",\"@id\":\"https:\/\/julesverne.com.tr\/#\/schema\/person\/f4eb0514ae455538644c31b99a466fdb\"},\"headline\":\"Pandemi Sonras\u0131 De\u011fi\u015fen L\u00fcks Seyahat Trendleri\",\"datePublished\":\"2020-08-11T14:24:11+00:00\",\"dateModified\":\"2021-06-15T21:50:39+00:00\",\"mainEntityOfPage\":{\"@id\":\"https:\/\/julesverne.com.tr\/haberler\/travel-haberler\/pandemi-sonrasi-degisen-luks-seyahat-trendleri\/\"},\"wordCount\":1035,\"publisher\":{\"@id\":\"https:\/\/julesverne.com.tr\/#organization\"},\"image\":{\"@id\":\"https:\/\/julesverne.com.tr\/haberler\/travel-haberler\/pandemi-sonrasi-degisen-luks-seyahat-trendleri\/#primaryimage\"},\"thumbnailUrl\":\"https:\/\/julesverne.com.tr\/wp-content\/uploads\/2020\/08\/shutterstock_1373425853.jpg\",\"articleSection\":[\"Seyahat Trendleri\",\"Travel Haberler\"],\"inLanguage\":\"en-US\"},{\"@type\":\"WebPage\",\"@id\":\"https:\/\/julesverne.com.tr\/haberler\/travel-haberler\/pandemi-sonrasi-degisen-luks-seyahat-trendleri\/\",\"url\":\"https:\/\/julesverne.com.tr\/haberler\/travel-haberler\/pandemi-sonrasi-degisen-luks-seyahat-trendleri\/\",\"name\":\"Pandemi Sonras\u0131 De\u011fi\u015fen L\u00fcks Seyahat Trendleri - JULES VERNE BUSINESS MICE TRAVEL\",\"isPartOf\":{\"@id\":\"https:\/\/julesverne.com.tr\/#website\"},\"primaryImageOfPage\":{\"@id\":\"https:\/\/julesverne.com.tr\/haberler\/travel-haberler\/pandemi-sonrasi-degisen-luks-seyahat-trendleri\/#primaryimage\"},\"image\":{\"@id\":\"https:\/\/julesverne.com.tr\/haberler\/travel-haberler\/pandemi-sonrasi-degisen-luks-seyahat-trendleri\/#primaryimage\"},\"thumbnailUrl\":\"https:\/\/julesverne.com.tr\/wp-content\/uploads\/2020\/08\/shutterstock_1373425853.jpg\",\"datePublished\":\"2020-08-11T14:24:11+00:00\",\"dateModified\":\"2021-06-15T21:50:39+00:00\",\"breadcrumb\":{\"@id\":\"https:\/\/julesverne.com.tr\/haberler\/travel-haberler\/pandemi-sonrasi-degisen-luks-seyahat-trendleri\/#breadcrumb\"},\"inLanguage\":\"en-US\",\"potentialAction\":[{\"@type\":\"ReadAction\",\"target\":[\"https:\/\/julesverne.com.tr\/haberler\/travel-haberler\/pandemi-sonrasi-degisen-luks-seyahat-trendleri\/\"]}]},{\"@type\":\"ImageObject\",\"inLanguage\":\"en-US\",\"@id\":\"https:\/\/julesverne.com.tr\/haberler\/travel-haberler\/pandemi-sonrasi-degisen-luks-seyahat-trendleri\/#primaryimage\",\"url\":\"https:\/\/julesverne.com.tr\/wp-content\/uploads\/2020\/08\/shutterstock_1373425853.jpg\",\"contentUrl\":\"https:\/\/julesverne.com.tr\/wp-content\/uploads\/2020\/08\/shutterstock_1373425853.jpg\",\"width\":999,\"height\":666,\"caption\":\"25.08.2020\"},{\"@type\":\"BreadcrumbList\",\"@id\":\"https:\/\/julesverne.com.tr\/haberler\/travel-haberler\/pandemi-sonrasi-degisen-luks-seyahat-trendleri\/#breadcrumb\",\"itemListElement\":[{\"@type\":\"ListItem\",\"position\":1,\"name\":\"Anasayfa\",\"item\":\"https:\/\/julesverne.com.tr\/\"},{\"@type\":\"ListItem\",\"position\":2,\"name\":\"Pandemi Sonras\u0131 De\u011fi\u015fen L\u00fcks Seyahat Trendleri\"}]},{\"@type\":\"WebSite\",\"@id\":\"https:\/\/julesverne.com.tr\/#website\",\"url\":\"https:\/\/julesverne.com.tr\/\",\"name\":\"JULES VERNE BUSINESS MICE TRAVEL\",\"description\":\"\",\"publisher\":{\"@id\":\"https:\/\/julesverne.com.tr\/#organization\"},\"potentialAction\":[{\"@type\":\"SearchAction\",\"target\":{\"@type\":\"EntryPoint\",\"urlTemplate\":\"https:\/\/julesverne.com.tr\/?s={search_term_string}\"},\"query-input\":\"required name=search_term_string\"}],\"inLanguage\":\"en-US\"},{\"@type\":\"Organization\",\"@id\":\"https:\/\/julesverne.com.tr\/#organization\",\"name\":\"JULES VERNE BUSINESS MICE TRAVEL\",\"url\":\"https:\/\/julesverne.com.tr\/\",\"logo\":{\"@type\":\"ImageObject\",\"inLanguage\":\"en-US\",\"@id\":\"https:\/\/julesverne.com.tr\/#\/schema\/logo\/image\/\",\"url\":\"https:\/\/julesverne.com.tr\/wp-content\/uploads\/2020\/09\/jv-bmt-logo.png\",\"contentUrl\":\"https:\/\/julesverne.com.tr\/wp-content\/uploads\/2020\/09\/jv-bmt-logo.png\",\"width\":110,\"height\":81,\"caption\":\"JULES VERNE BUSINESS MICE TRAVEL\"},\"image\":{\"@id\":\"https:\/\/julesverne.com.tr\/#\/schema\/logo\/image\/\"},\"sameAs\":[\"https:\/\/www.facebook.com\/JulesVerneBusinessMiceTravel\/\",\"https:\/\/twitter.com\/JV_BusinessMice\",\"https:\/\/www.instagram.com\/julesvernebusinessmicetravel\/\",\"https:\/\/www.linkedin.com\/company\/julesvernebusinessmicetravel\/\",\"https:\/\/www.youtube.com\/channel\/UCAwdsmbZ6tFhu1tea6pkpiw\"]},{\"@type\":\"Person\",\"@id\":\"https:\/\/julesverne.com.tr\/#\/schema\/person\/f4eb0514ae455538644c31b99a466fdb\",\"name\":\"fikirman\",\"sameAs\":[\"http:\/\/advermedya.net\/julesverne\"],\"url\":\"https:\/\/julesverne.com.tr\/en\/author\/fikirman\/\"}]}<\/script>\n<!-- \/ Yoast SEO plugin. -->","yoast_head_json":{"title":"Pandemi Sonras\u0131 De\u011fi\u015fen L\u00fcks Seyahat Trendleri - JULES VERNE BUSINESS MICE TRAVEL","robots":{"index":"index","follow":"follow","max-snippet":"max-snippet:-1","max-image-preview":"max-image-preview:large","max-video-preview":"max-video-preview:-1"},"canonical":"https:\/\/julesverne.com.tr\/haberler\/travel-haberler\/pandemi-sonrasi-degisen-luks-seyahat-trendleri\/","og_locale":"en_US","og_type":"article","og_title":"Pandemi Sonras\u0131 De\u011fi\u015fen L\u00fcks Seyahat Trendleri - JULES VERNE BUSINESS MICE TRAVEL","og_description":"Bundan alt\u0131 ay \u00f6nce hi\u00e7 kimse d\u00fcnyan\u0131n durma noktas\u0131na gelip, \u00fclkelerin s\u0131n\u0131rlar\u0131n\u0131 kapataca\u011f\u0131n\u0131 tahmin bile edemezdi. Seyahat kurallar\u0131n\u0131n yeniden yaz\u0131ld\u0131\u011f\u0131 Covid-19 salg\u0131n\u0131 s\u00fcrecinde ve sonras\u0131nda seyahat al\u0131\u015fkanl\u0131klar\u0131m\u0131z da de\u011fi\u015fim g\u00f6stermeye ba\u015flad\u0131 bile&#8230;Neyse ki, g\u00fczel haberler de almaya ba\u015flad\u0131k. Yaz sezonun gelmesi, uzun s\u00fcredir evde ge\u00e7en zamandan sonra \u00fclkeler yava\u015f yava\u015f s\u0131n\u0131rlar\u0131n\u0131 a\u00e7\u0131yor, u\u00e7u\u015flar ba\u015fl\u0131yor &#8211; [&hellip;]","og_url":"https:\/\/julesverne.com.tr\/haberler\/travel-haberler\/pandemi-sonrasi-degisen-luks-seyahat-trendleri\/","og_site_name":"JULES VERNE BUSINESS MICE TRAVEL","article_publisher":"https:\/\/www.facebook.com\/JulesVerneBusinessMiceTravel\/","article_published_time":"2020-08-11T14:24:11+00:00","article_modified_time":"2021-06-15T21:50:39+00:00","og_image":[{"width":999,"height":666,"url":"https:\/\/julesverne.com.tr\/wp-content\/uploads\/2020\/08\/shutterstock_1373425853.jpg","type":"image\/jpeg"}],"author":"fikirman","twitter_card":"summary_large_image","twitter_creator":"@JV_BusinessMice","twitter_site":"@JV_BusinessMice","twitter_misc":{"Written by":"fikirman","Est. reading time":"5 minutes"},"schema":{"@context":"https:\/\/schema.org","@graph":[{"@type":"Article","@id":"https:\/\/julesverne.com.tr\/haberler\/travel-haberler\/pandemi-sonrasi-degisen-luks-seyahat-trendleri\/#article","isPartOf":{"@id":"https:\/\/julesverne.com.tr\/haberler\/travel-haberler\/pandemi-sonrasi-degisen-luks-seyahat-trendleri\/"},"author":{"name":"fikirman","@id":"https:\/\/julesverne.com.tr\/#\/schema\/person\/f4eb0514ae455538644c31b99a466fdb"},"headline":"Pandemi Sonras\u0131 De\u011fi\u015fen L\u00fcks Seyahat Trendleri","datePublished":"2020-08-11T14:24:11+00:00","dateModified":"2021-06-15T21:50:39+00:00","mainEntityOfPage":{"@id":"https:\/\/julesverne.com.tr\/haberler\/travel-haberler\/pandemi-sonrasi-degisen-luks-seyahat-trendleri\/"},"wordCount":1035,"publisher":{"@id":"https:\/\/julesverne.com.tr\/#organization"},"image":{"@id":"https:\/\/julesverne.com.tr\/haberler\/travel-haberler\/pandemi-sonrasi-degisen-luks-seyahat-trendleri\/#primaryimage"},"thumbnailUrl":"https:\/\/julesverne.com.tr\/wp-content\/uploads\/2020\/08\/shutterstock_1373425853.jpg","articleSection":["Seyahat Trendleri","Travel Haberler"],"inLanguage":"en-US"},{"@type":"WebPage","@id":"https:\/\/julesverne.com.tr\/haberler\/travel-haberler\/pandemi-sonrasi-degisen-luks-seyahat-trendleri\/","url":"https:\/\/julesverne.com.tr\/haberler\/travel-haberler\/pandemi-sonrasi-degisen-luks-seyahat-trendleri\/","name":"Pandemi Sonras\u0131 De\u011fi\u015fen L\u00fcks Seyahat Trendleri - JULES VERNE BUSINESS MICE TRAVEL","isPartOf":{"@id":"https:\/\/julesverne.com.tr\/#website"},"primaryImageOfPage":{"@id":"https:\/\/julesverne.com.tr\/haberler\/travel-haberler\/pandemi-sonrasi-degisen-luks-seyahat-trendleri\/#primaryimage"},"image":{"@id":"https:\/\/julesverne.com.tr\/haberler\/travel-haberler\/pandemi-sonrasi-degisen-luks-seyahat-trendleri\/#primaryimage"},"thumbnailUrl":"https:\/\/julesverne.com.tr\/wp-content\/uploads\/2020\/08\/shutterstock_1373425853.jpg","datePublished":"2020-08-11T14:24:11+00:00","dateModified":"2021-06-15T21:50:39+00:00","breadcrumb":{"@id":"https:\/\/julesverne.com.tr\/haberler\/travel-haberler\/pandemi-sonrasi-degisen-luks-seyahat-trendleri\/#breadcrumb"},"inLanguage":"en-US","potentialAction":[{"@type":"ReadAction","target":["https:\/\/julesverne.com.tr\/haberler\/travel-haberler\/pandemi-sonrasi-degisen-luks-seyahat-trendleri\/"]}]},{"@type":"ImageObject","inLanguage":"en-US","@id":"https:\/\/julesverne.com.tr\/haberler\/travel-haberler\/pandemi-sonrasi-degisen-luks-seyahat-trendleri\/#primaryimage","url":"https:\/\/julesverne.com.tr\/wp-content\/uploads\/2020\/08\/shutterstock_1373425853.jpg","contentUrl":"https:\/\/julesverne.com.tr\/wp-content\/uploads\/2020\/08\/shutterstock_1373425853.jpg","width":999,"height":666,"caption":"25.08.2020"},{"@type":"BreadcrumbList","@id":"https:\/\/julesverne.com.tr\/haberler\/travel-haberler\/pandemi-sonrasi-degisen-luks-seyahat-trendleri\/#breadcrumb","itemListElement":[{"@type":"ListItem","position":1,"name":"Anasayfa","item":"https:\/\/julesverne.com.tr\/"},{"@type":"ListItem","position":2,"name":"Pandemi Sonras\u0131 De\u011fi\u015fen L\u00fcks Seyahat Trendleri"}]},{"@type":"WebSite","@id":"https:\/\/julesverne.com.tr\/#website","url":"https:\/\/julesverne.com.tr\/","name":"JULES VERNE BUSINESS MICE TRAVEL","description":"","publisher":{"@id":"https:\/\/julesverne.com.tr\/#organization"},"potentialAction":[{"@type":"SearchAction","target":{"@type":"EntryPoint","urlTemplate":"https:\/\/julesverne.com.tr\/?s={search_term_string}"},"query-input":"required name=search_term_string"}],"inLanguage":"en-US"},{"@type":"Organization","@id":"https:\/\/julesverne.com.tr\/#organization","name":"JULES VERNE BUSINESS MICE TRAVEL","url":"https:\/\/julesverne.com.tr\/","logo":{"@type":"ImageObject","inLanguage":"en-US","@id":"https:\/\/julesverne.com.tr\/#\/schema\/logo\/image\/","url":"https:\/\/julesverne.com.tr\/wp-content\/uploads\/2020\/09\/jv-bmt-logo.png","contentUrl":"https:\/\/julesverne.com.tr\/wp-content\/uploads\/2020\/09\/jv-bmt-logo.png","width":110,"height":81,"caption":"JULES VERNE BUSINESS MICE TRAVEL"},"image":{"@id":"https:\/\/julesverne.com.tr\/#\/schema\/logo\/image\/"},"sameAs":["https:\/\/www.facebook.com\/JulesVerneBusinessMiceTravel\/","https:\/\/twitter.com\/JV_BusinessMice","https:\/\/www.instagram.com\/julesvernebusinessmicetravel\/","https:\/\/www.linkedin.com\/company\/julesvernebusinessmicetravel\/","https:\/\/www.youtube.com\/channel\/UCAwdsmbZ6tFhu1tea6pkpiw"]},{"@type":"Person","@id":"https:\/\/julesverne.com.tr\/#\/schema\/person\/f4eb0514ae455538644c31b99a466fdb","name":"fikirman","sameAs":["http:\/\/advermedya.net\/julesverne"],"url":"https:\/\/julesverne.com.tr\/en\/author\/fikirman\/"}]}},"_links":{"self":[{"href":"https:\/\/julesverne.com.tr\/en\/wp-json\/wp\/v2\/posts\/499"}],"collection":[{"href":"https:\/\/julesverne.com.tr\/en\/wp-json\/wp\/v2\/posts"}],"about":[{"href":"https:\/\/julesverne.com.tr\/en\/wp-json\/wp\/v2\/types\/post"}],"author":[{"embeddable":true,"href":"https:\/\/julesverne.com.tr\/en\/wp-json\/wp\/v2\/users\/1"}],"replies":[{"embeddable":true,"href":"https:\/\/julesverne.com.tr\/en\/wp-json\/wp\/v2\/comments?post=499"}],"version-history":[{"count":0,"href":"https:\/\/julesverne.com.tr\/en\/wp-json\/wp\/v2\/posts\/499\/revisions"}],"wp:featuredmedia":[{"embeddable":true,"href":"https:\/\/julesverne.com.tr\/en\/wp-json\/wp\/v2\/media\/500"}],"wp:attachment":[{"href":"https:\/\/julesverne.com.tr\/en\/wp-json\/wp\/v2\/media?parent=499"}],"wp:term":[{"taxonomy":"category","embeddable":true,"href":"https:\/\/julesverne.com.tr\/en\/wp-json\/wp\/v2\/categories?post=499"},{"taxonomy":"post_tag","embeddable":true,"href":"https:\/\/julesverne.com.tr\/en\/wp-json\/wp\/v2\/tags?post=499"}],"curies":[{"name":"wp","href":"https:\/\/api.w.org\/{rel}","templated":true}]}}