{"id":2352,"date":"2024-08-19T09:38:55","date_gmt":"2024-08-19T06:38:55","guid":{"rendered":"https:\/\/www.julesverne.com.tr\/\/blog\/turkiyenin-en-keyifli-bag-otelleri\/"},"modified":"2024-08-20T11:12:12","modified_gmt":"2024-08-20T08:12:12","slug":"turkiyenin-en-keyifli-bag-otelleri","status":"publish","type":"post","link":"https:\/\/julesverne.com.tr\/en\/travel-blog\/turkiyenin-en-keyifli-bag-otelleri\/","title":{"rendered":"T\u00fcrkiye\u2019nin En Keyifli Ba\u011f Otelleri"},"content":{"rendered":"<p><img loading=\"lazy\" decoding=\"async\" class=\"alignnone wp-image-10179 size-full\" src=\"https:\/\/julesverne.com.tr\/wp-content\/uploads\/2021\/08\/turkiyenin-bag-rotalari.jpg\" alt=\"\" width=\"1200\" height=\"800\" srcset=\"https:\/\/julesverne.com.tr\/wp-content\/uploads\/2021\/08\/turkiyenin-bag-rotalari.jpg 1200w, https:\/\/julesverne.com.tr\/wp-content\/uploads\/2021\/08\/turkiyenin-bag-rotalari-500x333.jpg 500w, https:\/\/julesverne.com.tr\/wp-content\/uploads\/2021\/08\/turkiyenin-bag-rotalari-768x512.jpg 768w\" sizes=\"(max-width: 1200px) 100vw, 1200px\" \/><\/p>\n<p>Binlerce y\u0131ll\u0131k bir tarihin, k\u00f6kl\u00fc bir gelene\u011fin habercisi olan ba\u011fc\u0131l\u0131k, kadehinize doldurulan \u015faraba kadar uzun bir ser\u00fcven asl\u0131nda. Yemye\u015fil ba\u011flar\u0131n nas\u0131l bir emekle her g\u00fcn i\u015flendi\u011fine \u015fahit olmak; iklimi, topra\u011f\u0131, yeti\u015fti\u011fi b\u00f6lgenin hik\u00e2yeleriyle farkl\u0131 anlamlar kazanan \u015farab\u0131n yolculu\u011funu dinlemek, g\u00f6rmek ve ya\u015famak unutulmayacak bir deneyim.<\/p>\n<p>Avrupa\u2019n\u0131n ve d\u00fcnyan\u0131n bir\u00e7ok \u00fclkesinde \u00fcretilen \u015faraplarla yar\u0131\u015fabilecek d\u00fczeyde ba\u015far\u0131l\u0131 ba\u011fc\u0131l\u0131k ve \u015farap \u00fcretimi yap\u0131lmaya ba\u015flayan, \u015farap turizmi a\u00e7\u0131s\u0131ndan \u00f6nemli bir yere gelen \u00fclkemizdeki ba\u011f evleri ve ba\u011f otelleri farkl\u0131 tatil deneyimlerini de \u00a0beraberinde getiriyor. \u00dclkemizde \u00fcretilen \u015faraplar\u0131 yerinde tatmak, yemye\u015fil do\u011fas\u0131 ve do\u011fal g\u00fczellikleri ile \u00f6ne \u00e7\u0131kan bu g\u00fczel ortamlar\u0131n keyfini daha uzun s\u00fcre \u00e7\u0131karmak isteyenler i\u00e7in\u00a0<strong>Trakya Ba\u011f Rotas\u0131<\/strong>\u2019ndan <strong>Urla Ba\u011f Rotas\u0131<\/strong>\u2019na, K\u0131rklareli\u2019den <strong>Kayseri<\/strong>\u2019ye, <strong>Bozcaada<\/strong>\u2019dan <strong>\u0130zmir<\/strong>\u2019e\u00a0 <strong>T\u00fcrkiye\u2019nin en keyifli ba\u011f otelleri<\/strong>ni haz\u0131rlad\u0131k.<\/p>\n<h1><strong>Hotel Caeli, Eceabat<\/strong><\/h1>\n<p style=\"text-align: center;\"><img loading=\"lazy\" decoding=\"async\" class=\"wp-image-10212 alignleft\" src=\"https:\/\/julesverne.com.tr\/wp-content\/uploads\/2021\/08\/Caeli-genel-kapak-500x281.jpg\" alt=\"\" width=\"1200\" height=\"674\" srcset=\"https:\/\/julesverne.com.tr\/wp-content\/uploads\/2021\/08\/Caeli-genel-kapak-500x281.jpg 500w, https:\/\/julesverne.com.tr\/wp-content\/uploads\/2021\/08\/Caeli-genel-kapak-1280x719.jpg 1280w, https:\/\/julesverne.com.tr\/wp-content\/uploads\/2021\/08\/Caeli-genel-kapak-768x431.jpg 768w, https:\/\/julesverne.com.tr\/wp-content\/uploads\/2021\/08\/Caeli-genel-kapak-1536x863.jpg 1536w, https:\/\/julesverne.com.tr\/wp-content\/uploads\/2021\/08\/Caeli-genel-kapak-400x225.jpg 400w, https:\/\/julesverne.com.tr\/wp-content\/uploads\/2021\/08\/Caeli-genel-kapak.jpg 1572w\" sizes=\"(max-width: 1200px) 100vw, 1200px\" \/><\/p>\n<p>T\u00fcrkiye&#8217;den bir Toskana \u00e7\u0131kmaz m\u0131&#8221; sorusuna cevap olan ve <strong>Trakya Ba\u011f Rotas\u0131<\/strong> ile yat\u0131r\u0131mlar\u0131n h\u0131z kazand\u0131\u011f\u0131 Trakya B\u00f6lgesi&#8217;ndeki k\u0131ymetli ba\u011f otellerinden biri Hotel Caeli. Tarihi Gelibolu Yar\u0131madas\u0131&#8217;n\u0131n hem tarihi, hem k\u00fclt\u00fcrel hem de do\u011fal g\u00fczelliklerini alan Porta Caeli ba\u011flar\u0131n\u0131n ortas\u0131nda a\u00e7\u0131lan Hotel Caeli sizi, tabiatla kucakl\u0131yor. Eceabat\u2019ta 1700 d\u00f6n\u00fcml\u00fck bir arazide konumlanan otel, 700 m2&#8217;lik Spa Caeli by Caudalie, inci gibi i\u015flenmi\u015f odalar\u0131, ba\u011f gezileriyle \u015fehirden, g\u00f6zlerden uzak olmak isteyenlerin s\u0131\u011f\u0131na\u011f\u0131 gibi! \u0130simlerini d\u00fcnyan\u0131n se\u00e7kin \u00fcz\u00fcmlerinden alan 15 deluxe, 5 suite ve 1 tower suite odas\u0131nda hem v\u00fccudunuza hem de ruhunuza iyi gelecek l\u00fcks detaylar \u00f6n plana \u00e7\u0131k\u0131yor.<\/p>\n<h2 class=\"single-travel-title\"><a href=\"https:\/\/julesverne.com.tr\/gezi\/jules-verne-ozel-gezileri\/hotel-caeli-bag-bozumu\/\">Hotel Caeli\u2019de Ba\u011f Bozumu, Sanat ve Gastronomi Deneyimleri ile Dolu K\u0131sa Bir Mola!<\/a><\/h2>\n<p><img loading=\"lazy\" decoding=\"async\" class=\"alignnone wp-image-10211\" src=\"https:\/\/julesverne.com.tr\/wp-content\/uploads\/2021\/08\/oda-manzara-500x317.jpg\" alt=\"\" width=\"1200\" height=\"760\" srcset=\"https:\/\/julesverne.com.tr\/wp-content\/uploads\/2021\/08\/oda-manzara-500x317.jpg 500w, https:\/\/julesverne.com.tr\/wp-content\/uploads\/2021\/08\/oda-manzara-1280x811.jpg 1280w, https:\/\/julesverne.com.tr\/wp-content\/uploads\/2021\/08\/oda-manzara-768x486.jpg 768w, https:\/\/julesverne.com.tr\/wp-content\/uploads\/2021\/08\/oda-manzara-1536x973.jpg 1536w, https:\/\/julesverne.com.tr\/wp-content\/uploads\/2021\/08\/oda-manzara-scaled.jpg 1600w\" sizes=\"(max-width: 1200px) 100vw, 1200px\" \/><\/p>\n<p>\u00c7a\u011fda\u015f sanat koleksiyonu ve gurme mutfa\u011f\u0131yla duygular\u0131n\u0131za hitap eden benzersiz bir tatil keyfi i\u00e7in \u015farab\u0131n ana vatan\u0131\u00a0<strong>Eceabat<\/strong>\u2018a do\u011fru yola \u00e7\u0131k\u0131p, Caeli\u2019nin \u00f6zel dikim y\u00f6ntemiyle yeti\u015ftirdi\u011fi \u00fcz\u00fcmlerinin asmadan kadehe kadar olan ser\u00fcvenine,\u00a0<strong>Hotel Caeli<\/strong>\u2018nin ayr\u0131cal\u0131kl\u0131 d\u00fcnyas\u0131nda \u015fahit olmaya ne dersiniz? \u00dcz\u00fcm ba\u011flar\u0131 gezisi ve topraktan kadehe yolculu\u011funun detayl\u0131 anlat\u0131m\u0131; ba\u011f ve g\u00f6let manzaras\u0131nda Caeli \u00c7iftli\u011fi ve Caeli Ekolojik bah\u00e7esinden gelen y\u00f6resel ve organik \u00fcr\u00fcnlerden olu\u015fan brunch keyfi; Hotel Caeli\u2019de bulunan d\u00fcnyaca \u00fcnl\u00fc sanat\u00e7\u0131lara ait sanat eserleri gezisi; 12.500 m2 alana kurulu T\u00fcrkiye\u2019nin en modern \u015faraphanesi olan Caeli \u015earaphanesi gezisi ve tad\u0131m deneyimi ile dolu dolu, \u00e7ok keyifli\u00a0 <strong>1 gece konaklamal\u0131, 2 g\u00fcn<\/strong> sizleri bekliyor! <strong>20 A\u011fustos \u2013 16 Ekim 2021 tarihleri <\/strong>aras\u0131nda Eceabat\u2019\u0131n b\u00fcy\u00fcleyici atmosferinde asmadan kadehe uzanan b\u00fcy\u00fcleyici bir yolculu\u011fa \u00e7\u0131k\u0131yoruz. Haydi, siz de bize kat\u0131l\u0131n, an\u2019\u0131 ya\u015faman\u0131n tad\u0131n\u0131 \u00e7\u0131kar\u0131n! Gezi ile ilgili detayl\u0131 bilgiye\u00a0<a href=\"https:\/\/julesverne.com.tr\/gezi\/jules-verne-ozel-gezileri\/hotel-caeli-bag-bozumu\/\"><strong>buradan<\/strong><\/a>\u00a0ula\u015fabilirsiniz.<\/p>\n<h1>Bengodi, Eceabat<\/h1>\n<p><img loading=\"lazy\" decoding=\"async\" class=\"alignnone wp-image-10246\" src=\"https:\/\/julesverne.com.tr\/wp-content\/uploads\/2021\/08\/bengodi-avlu_7-500x281.jpg\" alt=\"\" width=\"1200\" height=\"675\" srcset=\"https:\/\/julesverne.com.tr\/wp-content\/uploads\/2021\/08\/bengodi-avlu_7-500x281.jpg 500w, https:\/\/julesverne.com.tr\/wp-content\/uploads\/2021\/08\/bengodi-avlu_7-1280x720.jpg 1280w, https:\/\/julesverne.com.tr\/wp-content\/uploads\/2021\/08\/bengodi-avlu_7-768x432.jpg 768w, https:\/\/julesverne.com.tr\/wp-content\/uploads\/2021\/08\/bengodi-avlu_7-1536x864.jpg 1536w, https:\/\/julesverne.com.tr\/wp-content\/uploads\/2021\/08\/bengodi-avlu_7-400x225.jpg 400w, https:\/\/julesverne.com.tr\/wp-content\/uploads\/2021\/08\/bengodi-avlu_7-scaled.jpg 1600w\" sizes=\"(max-width: 1200px) 100vw, 1200px\" \/><\/p>\n<div dir=\"auto\">\u00c7anakkale Eceabat&#8217;\u0131n e\u015fsiz do\u011fas\u0131nda tarih ve gastronomi ile bulu\u015fmaya ne dersiniz? 1 Haziran 2021&#8217;de a\u00e7\u0131lan, geleneksel rustik tarz\u0131n \u00f6geleri ile tasarlanm\u0131\u015f do\u011fal ta\u015f kaplama binas\u0131 ve Asmal\u0131 Avlu etraf\u0131ndaki toplam 20 odas\u0131 ile <strong>Bengodi<\/strong>; Asmadan Ba\u011flar\u0131, \u015farap m\u00fczesi, gurme restoran\u0131 ve \u015farap mahzeni ile kesinlikle ke\u015ffe de\u011fer! Ziraat m\u00fchendisleri e\u015fli\u011finde <strong>Asmadan Winery<\/strong>&#8216;de ba\u011f turlar\u0131na kat\u0131l\u0131p, \u00f6zel ba\u011f evinde \u015farap tad\u0131m\u0131 yapabilir; Avrupa\u2019da ilk ve tek olan \u015earap M\u00fczesi <strong>Asmadan M\u00fcze<\/strong>&#8216;yi gezebilir; otelin i\u00e7inde y\u0131llanm\u0131\u015f \u015faraplar\u0131n f\u0131\u00e7\u0131 olarak sergilendi\u011fi \u015farap mahzenini ke\u015ffe \u00e7\u0131kabilir; <strong>Bengodi Potina<\/strong> mutfa\u011f\u0131n\u0131n gurme lezzetlerini tadabilir; Spa keyfi yapabilir, Kor Salon&#8217;da Piri Reis Kitaplar\u0131 ve Piri Reis Koleksiyonu ile tarihe dokunarak keyifli saatler ge\u00e7irebilirsiniz.<\/div>\n<h1><strong>Bakucha Vineyard Hotel, K\u0131rklareli<\/strong><\/h1>\n<p style=\"text-align: center;\"><img loading=\"lazy\" decoding=\"async\" class=\"wp-image-7929 alignleft\" src=\"https:\/\/julesverne.com.tr\/wp-content\/uploads\/2021\/03\/bakucha3-500x281.jpg\" alt=\"\" width=\"1200\" height=\"675\" srcset=\"https:\/\/julesverne.com.tr\/wp-content\/uploads\/2021\/03\/bakucha3-500x281.jpg 500w, https:\/\/julesverne.com.tr\/wp-content\/uploads\/2021\/03\/bakucha3-1280x720.jpg 1280w, https:\/\/julesverne.com.tr\/wp-content\/uploads\/2021\/03\/bakucha3-768x432.jpg 768w, https:\/\/julesverne.com.tr\/wp-content\/uploads\/2021\/03\/bakucha3-1536x864.jpg 1536w, https:\/\/julesverne.com.tr\/wp-content\/uploads\/2021\/03\/bakucha3-400x225.jpg 400w, https:\/\/julesverne.com.tr\/wp-content\/uploads\/2021\/03\/bakucha3-scaled.jpg 1600w\" sizes=\"(max-width: 1200px) 100vw, 1200px\" \/><\/p>\n<p>L\u00fcleburgaz&#8217;\u0131n &#8220;do\u011fada olmak harika&#8221; dedirten bir noktas\u0131nda, Istranca Da\u011flar\u0131&#8217;n\u0131n alt\u0131nda uzanan bir vadide kurulan BAKUCHA Vineyard Hotel &amp; SPA ve Arcadia Ba\u011flar\u0131&#8230; 200 hektarl\u0131k bir alana yay\u0131lan \u00fcz\u00fcm ba\u011flar\u0131, \u015faraphanesi, meyve bah\u00e7eleri, bostanlar\u0131yla hayat gustosu olan misafirleriyle mutlu bir d\u00fcnya yarat\u0131yor. Her biri \u00f6zel terasa sahip 26 odas\u0131, terapi ve masajlar\u0131yla bedene ve zihne iyi gelen Sanitas SPA, bah\u00e7eden ve b\u00f6lge \u00fcreticilerinden \u00f6zenle se\u00e7ilen malzemelerin lezzet katt\u0131\u011f\u0131 Bakucha Mutfak ile tamamlan\u0131yor bu g\u00fczel tablo&#8230;<\/p>\n<h1><strong>Dessera Ba\u011f Evi, K\u0131rklareli<\/strong><\/h1>\n<p style=\"text-align: center;\"><strong><img loading=\"lazy\" decoding=\"async\" class=\"wp-image-2489 alignleft\" src=\"https:\/\/www.julesverne.com.tr\/\/wp-content\/uploads\/2020\/09\/1desserabagevi.jpg\" alt=\"Dessera Ba\u011f Evi\" width=\"1200\" height=\"900\" srcset=\"https:\/\/julesverne.com.tr\/wp-content\/uploads\/2020\/09\/1desserabagevi.jpg 1280w, https:\/\/julesverne.com.tr\/wp-content\/uploads\/2020\/09\/1desserabagevi-500x375.jpg 500w, https:\/\/julesverne.com.tr\/wp-content\/uploads\/2020\/09\/1desserabagevi-768x576.jpg 768w\" sizes=\"(max-width: 1200px) 100vw, 1200px\" \/><\/strong><\/p>\n<p>K\u0131rklareli&#8217;nin verimli topraklar\u0131 \u00fczerinde, Ahmet\u00e7e K\u00f6y\u00fc&#8217;n\u00fcn sakinli\u011fine s\u0131\u011f\u0131nan Dessera Ba\u011f Evi,\u00a0 yakla\u015f\u0131k 200 d\u00f6n\u00fcml\u00fck Vino Dessera Ba\u011flar\u0131 i\u00e7erisinde yer al\u0131yor. Ba\u011f manzaral\u0131, balkonlu 18 odas\u0131 da do\u011fal tonlarla ve sade ah\u015fap mobilyalarla dekore edilmi\u015f. K\u00f6y\u00fcn sessizli\u011finden, ba\u011flar\u0131n zenginli\u011finden rol \u00e7almayan bu sade tasar\u0131m sizi de dinginle\u015ftiriyor. Dessera&#8217;da kald\u0131\u011f\u0131n\u0131z s\u00fcre boyunca Vino Dessera&#8217;n\u0131n \u015faraplar\u0131n\u0131 tatmak, \u015faraphane ve ba\u011flar\u0131 gezmek, do\u011fa y\u00fcr\u00fcy\u00fc\u015fleri yapmak buray\u0131 se\u00e7menizin \u00f6d\u00fcl\u00fc olacak.<\/p>\n<h1><strong>Barbaros Ba\u011f Evi, Tekirda\u011f<\/strong><\/h1>\n<p style=\"text-align: center;\"><img loading=\"lazy\" decoding=\"async\" class=\"wp-image-10204 alignleft\" src=\"https:\/\/julesverne.com.tr\/wp-content\/uploads\/2020\/07\/barbaros-bag-evi-500x335.jpg\" alt=\"\" width=\"1200\" height=\"803\" srcset=\"https:\/\/julesverne.com.tr\/wp-content\/uploads\/2020\/07\/barbaros-bag-evi-500x335.jpg 500w, https:\/\/julesverne.com.tr\/wp-content\/uploads\/2020\/07\/barbaros-bag-evi-1280x857.jpg 1280w, https:\/\/julesverne.com.tr\/wp-content\/uploads\/2020\/07\/barbaros-bag-evi-768x514.jpg 768w, https:\/\/julesverne.com.tr\/wp-content\/uploads\/2020\/07\/barbaros-bag-evi-1536x1028.jpg 1536w, https:\/\/julesverne.com.tr\/wp-content\/uploads\/2020\/07\/barbaros-bag-evi-scaled.jpg 1600w\" sizes=\"(max-width: 1200px) 100vw, 1200px\" \/><\/p>\n<p>Trakya Ba\u011f Rotas\u0131&#8217;n\u0131n en bilinen, en sevilen duraklar\u0131ndan biri Barbare Ba\u011flar\u0131 ve Barbaros Ba\u011f Evi. Ad\u0131n\u0131 bulundu\u011fu kasabadan alan Barbaros Ba\u011f Evi, Barbaros kasabas\u0131 tepelerinde Yaz\u0131r K\u00f6y\u00fc Karaa\u011fa\u00e7l\u0131k Mevkiinde yer al\u0131yor. 230 d\u00f6n\u00fcme yay\u0131lan <strong>Barbare Ba\u011flar\u0131<\/strong>&#8216;n\u0131n i\u00e7erisinde, hafif tepe bir konuma in\u015fa edilen Barbaros Ba\u011f Evi ba\u011f manzaralar\u0131na bak\u0131yor. 40 odas\u0131 da g\u00f6steri\u015ften uzak dekore edilmi\u015f. \u015earap\u00e7\u0131l\u0131\u011f\u0131 \u00e7a\u011fr\u0131\u015ft\u0131ran mobilya ve objelerle zarif stildeki odalar size ba\u011flar\u0131n ortas\u0131nda olman\u0131n keyfini ya\u015fat\u0131yor.<\/p>\n<h1><strong>Urla Ba\u011fevi<\/strong><\/h1>\n<p style=\"text-align: center;\"><strong><img loading=\"lazy\" decoding=\"async\" class=\"wp-image-2483 alignleft\" src=\"https:\/\/www.julesverne.com.tr\/\/wp-content\/uploads\/2020\/09\/urlabagevi.jpg\" alt=\"Urla Ba\u011f Evi\" width=\"1200\" height=\"900\" srcset=\"https:\/\/julesverne.com.tr\/wp-content\/uploads\/2020\/09\/urlabagevi.jpg 1280w, https:\/\/julesverne.com.tr\/wp-content\/uploads\/2020\/09\/urlabagevi-500x375.jpg 500w, https:\/\/julesverne.com.tr\/wp-content\/uploads\/2020\/09\/urlabagevi-768x576.jpg 768w\" sizes=\"(max-width: 1200px) 100vw, 1200px\" \/><\/strong><\/p>\n<p>Urla&#8217;n\u0131n Ya\u011fc\u0131lar K\u00f6y\u00fc&#8217;nde yemye\u015fil bir arazi \u00fczerinde t\u00fcm nezaketiyle duran Urla Ba\u011f Evi, do\u011fayla i\u00e7 i\u00e7e mimarisi ve felsefesi ile bir kez daha g\u00f6nl\u00fcm\u00fcz\u00fc \u00e7al\u0131yor. Ayr\u0131cal\u0131kl\u0131 do\u011fas\u0131nda minimalist bir stille in\u015fa edilen ta\u015f bina i\u00e7erisinde yer alan 6 odas\u0131 da olabildi\u011finde do\u011fal dokularla ve sade dekore edilmi\u015f. Urla Ba\u011f Evi&#8217;nin keyfinize keyif katacak restoran\u0131nda tadaca\u011f\u0131n\u0131z lezzetler, Urla Ba\u011f Yolu \u00fcreticilerinin \u015faraplar\u0131yla bulu\u015ftu\u011funda &#8220;ke\u015fke, hi\u00e7 bitmese&#8221; dedi\u011finiz saatleri ya\u015f\u0131yor olacaks\u0131n\u0131z.<\/p>\n<h1><strong>Manej Oda (Manej Urla)<\/strong><\/h1>\n<p style=\"text-align: center;\"><strong><img loading=\"lazy\" decoding=\"async\" class=\"wp-image-2485 alignleft\" src=\"https:\/\/www.julesverne.com.tr\/\/wp-content\/uploads\/2020\/09\/manej.jpg\" alt=\"Manej Oda\" width=\"1200\" height=\"896\" srcset=\"https:\/\/julesverne.com.tr\/wp-content\/uploads\/2020\/09\/manej.jpg 1280w, https:\/\/julesverne.com.tr\/wp-content\/uploads\/2020\/09\/manej-500x373.jpg 500w, https:\/\/julesverne.com.tr\/wp-content\/uploads\/2020\/09\/manej-768x574.jpg 768w\" sizes=\"(max-width: 1200px) 100vw, 1200px\" \/><\/strong><\/p>\n<p>\u201cDo\u011fa sizin ona verdi\u011finizi misliyle \u00e7o\u011falt\u0131r. \u201c diyor Manej Urla. Do\u011fan\u0131n bize hizmet etmek i\u00e7in var olmad\u0131\u011f\u0131 bilinciyle hareket eden Manej Urla hem bir at \u00e7iftli\u011fi hem de \u015fehirden izole birka\u00e7 g\u00fcn ge\u00e7irmek isteyece\u011finiz 13 odal\u0131 bir otel. Urla&#8217;n\u0131n Ukuf Mevki&#8217;nde, \u00f6d\u00fcll\u00fc \u015faraplar\u0131n \u00fcretildi\u011fi ba\u011flarla \u00e7evrili lokasyonu bile buray\u0131 sevmeye yeter! Emek isteyen kerpi\u00e7 s\u0131va y\u00f6ntemi ile in\u015fa edilen odalar\u0131 yazlar\u0131 serinken, k\u0131\u015flar\u0131 s\u0131cak oluyor.\u00a0 Do\u011fal malzemelerin tercih edildi\u011fi odalar nostaljik detaylarla birlikte s\u0131cak, modern bir k\u00f6y evinde kalman\u0131n tad\u0131n\u0131 \u00e7\u0131karabilirsiniz. \u201cTarladan sofraya\u201d felsefesi ile mutfa\u011f\u0131nda Urla&#8217;n\u0131n do\u011fal malzemelerine yer veren Manej Masa&#8217;da yemek yemek de ba\u015fl\u0131 ba\u015f\u0131na bir deneyim!<\/p>\n<h1><strong>2 Rooms Urla<\/strong><\/h1>\n<p style=\"text-align: center;\"><strong><img loading=\"lazy\" decoding=\"async\" class=\"wp-image-2486 alignleft\" src=\"https:\/\/www.julesverne.com.tr\/\/wp-content\/uploads\/2020\/09\/2rooms.jpg\" alt=\"2 Rooms Urla\" width=\"1200\" height=\"800\" srcset=\"https:\/\/julesverne.com.tr\/wp-content\/uploads\/2020\/09\/2rooms.jpg 1280w, https:\/\/julesverne.com.tr\/wp-content\/uploads\/2020\/09\/2rooms-500x333.jpg 500w, https:\/\/julesverne.com.tr\/wp-content\/uploads\/2020\/09\/2rooms-768x512.jpg 768w\" sizes=\"(max-width: 1200px) 100vw, 1200px\" \/><\/strong><\/p>\n<p>Urla \u015earap\u00e7\u0131l\u0131k&#8217;\u0131n tablo gibi g\u00f6r\u00fcnen ba\u011flar\u0131n\u0131n ard\u0131nda iki odal\u0131, k\u00fc\u00e7\u00fck bir otel 2 Rooms Hotel. Ba\u011flar\u0131, \u015faraphaneleri, \u015farap evleri, tasar\u0131m d\u00fckk\u00e2nlar\u0131, karakteristik restoranlar\u0131 ile yeni bir d\u00f6n\u00fc\u015f\u00fcm i\u00e7erisinde olan Urla&#8217;n\u0131n \u0131\u015f\u0131lt\u0131lar\u0131ndan biri de buras\u0131. Ku\u015f\u00e7ular Mevkii&#8217;nde yer alan otel manzaradan ve g\u00fcn \u0131\u015f\u0131\u011f\u0131ndan maksimum seviyede faydalanmak i\u00e7in geni\u015f pencerelerle in\u015fa edilmi\u015f. Rafine ve sade bir stilin benimsendi\u011fi odalar g\u00f6z\u00fcn\u00fc a\u00e7ar a\u00e7maz do\u011fayla kucakla\u015fmak isteyenlere bir k\u00fc\u00e7\u00fck vaha vaat ediyor.<\/p>\n<h1><strong>Teruar Urla, Urla<\/strong><\/h1>\n<p><img loading=\"lazy\" decoding=\"async\" class=\"alignnone wp-image-9816\" src=\"https:\/\/julesverne.com.tr\/wp-content\/uploads\/2021\/07\/teruar-urla-500x333.jpg\" alt=\"\" width=\"1200\" height=\"800\" srcset=\"https:\/\/julesverne.com.tr\/wp-content\/uploads\/2021\/07\/teruar-urla-500x333.jpg 500w, https:\/\/julesverne.com.tr\/wp-content\/uploads\/2021\/07\/teruar-urla-1280x854.jpg 1280w, https:\/\/julesverne.com.tr\/wp-content\/uploads\/2021\/07\/teruar-urla-768x512.jpg 768w, https:\/\/julesverne.com.tr\/wp-content\/uploads\/2021\/07\/teruar-urla.jpg 1348w\" sizes=\"(max-width: 1200px) 100vw, 1200px\" \/><\/p>\n<p>Birinci s\u0131n\u0131f hizmet anlay\u0131\u015f\u0131 ile Urla\u2019n\u0131n \u00fcz\u00fcm ba\u011flar\u0131 ve zeytin a\u011fa\u00e7lar\u0131 aras\u0131nda kendi d\u00fcnyas\u0131n\u0131 yaratan\u00a0<strong>Teruar Urla<\/strong>; gurme lezzetleri ile unutulmaz bir tatil deneyimi i\u00e7in sizleri bekliyor. \u015eef Osman Serdaro\u011flu ve e\u015fi Ezgi Han\u0131m\u2019\u0131n projesi olan Teruar Urla\u2019da gastronomi ve do\u011fala olan a\u015fk, ger\u00e7ek bir inziva k\u00f6\u015fesine d\u00f6n\u00fc\u015ft\u00fcr\u00fclm\u00fc\u015f. Urla ve T\u00fcrkiye\u2019nin \u00f6zel \u00fcreticilerinden gelen \u00fcr\u00fcnlere tad\u0131n\u0131 veren topra\u011f\u0131n, suyun ve g\u00fcne\u015fin tad\u0131n\u0131 tariflerinde birle\u015ftiren \u015fefinin \u00f6nderli\u011finde Teruar, lokal ve sade lezzetleri a\u00e7\u0131\u011fa \u00e7\u0131kar\u0131yor.\u00a0 Urla\u2019n\u0131n ba\u011flar\u0131na ve tepelerine bakan \u00e7iftlik evleri ve odalar\u0131, minimal \u00e7izgilerin hakim oldu\u011fu stiliyle Teruar Urla hayattan mola almak istedi\u011finizde s\u0131\u011f\u0131nabilece\u011finiz bir gastronomi oteli!<\/p>\n<h1><strong>Talay Ba\u011flar\u0131 Konuk Evi, Bozcaada<\/strong><\/h1>\n<p style=\"text-align: center;\"><strong><img loading=\"lazy\" decoding=\"async\" class=\"wp-image-2491 alignleft\" src=\"https:\/\/www.julesverne.com.tr\/\/wp-content\/uploads\/2020\/09\/talay.jpg\" alt=\"Talay Ba\u011flar\u0131 Konuk Evi\" width=\"1200\" height=\"874\" srcset=\"https:\/\/julesverne.com.tr\/wp-content\/uploads\/2020\/09\/talay.jpg 825w, https:\/\/julesverne.com.tr\/wp-content\/uploads\/2020\/09\/talay-500x364.jpg 500w, https:\/\/julesverne.com.tr\/wp-content\/uploads\/2020\/09\/talay-768x559.jpg 768w\" sizes=\"(max-width: 1200px) 100vw, 1200px\" \/><\/strong><\/p>\n<p>Talay Ba\u011flar\u0131&#8217;n\u0131n hik\u00e2yesini dinlemek bile g\u00fczel&#8230; 1600&#8217;l\u00fc y\u0131llarda Osmanl\u0131 \u0130mparatorlu\u011fu d\u00f6neminde Bozcaada&#8217;ya yerle\u015ftirilen ilk M\u00fcsl\u00fcman-T\u00fcrk ailelerden biri Talay Ailesi&#8217;nin g\u00fcn\u00fcm\u00fczdeki jenerasyonu 45 y\u0131ll\u0131k ba\u011f evlerini restore ederek 4 odal\u0131 bir konuk evine d\u00f6n\u00fc\u015ft\u00fcrm\u00fc\u015f. Bozcaada&#8217;n\u0131n bereketi, r\u00fczg\u00e2r\u0131, topra\u011f\u0131 \u00fcz\u00fcmleri besleyip \u015fi\u015felerde lezzetli birer \u015faraba d\u00f6n\u00fc\u015f\u00fcrken hikayeye ortak olmak isteyenler konuk evinde kalabiliyor. Birbirinden ba\u011f\u0131ms\u0131z olan odalar\u0131n her biri ba\u011f yoluna a\u00e7\u0131l\u0131yor. \u015eehir merkezinden uzak bir noktada yer alan otele geldi\u011finizde otelin bisikletlerine atlay\u0131p \u00e7evreyi ke\u015ffedebilir, Sulubah\u00e7e Plaj\u0131&#8217;na gidebilir, otelin bah\u00e7esinden meyve-sebze toplayabilir, k\u00fcmesten yumurtalar\u0131n\u0131z\u0131 taze taze toplayabilirsiniz.<\/p>\n<h1><strong>Vinifera Vineyards Hotel, Sel\u00e7uk<\/strong><\/h1>\n<p style=\"text-align: center;\"><strong><img loading=\"lazy\" decoding=\"async\" class=\"wp-image-2492 alignleft\" src=\"https:\/\/www.julesverne.com.tr\/\/wp-content\/uploads\/2020\/09\/7bilgeler.jpg\" alt=\"Yedi Bilgeler\" width=\"1200\" height=\"774\" srcset=\"https:\/\/julesverne.com.tr\/wp-content\/uploads\/2020\/09\/7bilgeler.jpg 1119w, https:\/\/julesverne.com.tr\/wp-content\/uploads\/2020\/09\/7bilgeler-500x323.jpg 500w, https:\/\/julesverne.com.tr\/wp-content\/uploads\/2020\/09\/7bilgeler-768x496.jpg 768w\" sizes=\"(max-width: 1200px) 100vw, 1200px\" \/><\/strong><\/p>\n<p>Toskana\u2019y\u0131 aratmayan Sel\u00e7uk\u2019un G\u00f6k\u00e7ealan K\u00f6y\u00fc\u2019nde bir \u015faraphane ve bu \u015faraphaneye e\u015flik eden Vinifera Vineyards Hotel doktor bir \u00e7iftin \u015farap ve ba\u011f tutkusunun bizlere bir hediyesi. Do\u011fan\u0131n ortas\u0131nda \u015farapla, g\u00fczel yemekle ve ho\u015f sohbetle g\u00fcnlerini ge\u00e7irmek isteyenlere bir cennet vaat ediyor. Ba\u011flar\u0131n kalbinde yer alan ta\u015f evin odalar\u0131 olabildi\u011fince sade olup, rahat\u0131n\u0131z\u0131 ve mutlulu\u011funuzu sa\u011flayacak \u015fekilde dekore edilmi\u015f. Vinifera Vineyard Hotel\u2019de ku\u015f sesleri ve ba\u011f manzaralar\u0131 hep sizinle olacak.<\/p>\n<h1>Sunolus Ba\u011f Evi, Kayseri<\/h1>\n<p><img loading=\"lazy\" decoding=\"async\" class=\"alignnone wp-image-10220\" src=\"https:\/\/julesverne.com.tr\/wp-content\/uploads\/2020\/07\/Sunolus-Bag-Evi-500x333.png\" alt=\"\" width=\"1200\" height=\"799\" srcset=\"https:\/\/julesverne.com.tr\/wp-content\/uploads\/2020\/07\/Sunolus-Bag-Evi-500x333.png 500w, https:\/\/julesverne.com.tr\/wp-content\/uploads\/2020\/07\/Sunolus-Bag-Evi-1280x852.png 1280w, https:\/\/julesverne.com.tr\/wp-content\/uploads\/2020\/07\/Sunolus-Bag-Evi-768x511.png 768w, https:\/\/julesverne.com.tr\/wp-content\/uploads\/2020\/07\/Sunolus-Bag-Evi.png 1411w\" sizes=\"(max-width: 1200px) 100vw, 1200px\" \/><\/p>\n<p>Kapadokya ba\u011f rotas\u0131nda, \u00e7iftlik konsepti i\u00e7inde, 8 l\u00fcks odas\u0131yla butik ba\u011f deneyimi sunan Sunolus Ba\u011f Evi&#8217;nin Molu \u00e7iftli\u011findeki organik ba\u011flar\u0131, yaln\u0131zca bu ba\u011flar\u0131n \u00f6zenle \u00fcretilen \u015faraplar\u0131n\u0131 de\u011fil; ayn\u0131 zamanda tad\u0131m ve konaklama deneyimini de bir arada sunuyor. 2500 d\u00f6n\u00fcm\u00fc kapsayan <strong>Arif Molu \u00c7iftli\u011fi Kayseri<\/strong>\u2019de Molu k\u00f6y\u00fcn\u00fcn kurucular\u0131 olan ailenin 500 y\u0131ll\u0131k aile tarihinin hikayesini ve eme\u011fini yans\u0131t\u0131yor. Arif Molu ile ba\u015flayan \u0131slah \u00e7al\u0131\u015fmalar\u0131 devam etmi\u015f ve bug\u00fcn 120.000 fidan dikimi ile olu\u015fan koruluk ve geni\u015f alanda yap\u0131lan organik tar\u0131m ile s\u00fcrd\u00fcr\u00fclebilir bir \u00e7iftlik modeli olu\u015fturulmu\u015f. \u015earab\u0131n yan\u0131 s\u0131ra kendi topraklar\u0131nda yeti\u015ftirilen \u00fcr\u00fcnlerden elde edilen pekmez, sal\u00e7a, re\u00e7el, eri\u015fte, un, bulgur, bu\u011fday, tarhana, cevizli sucuk, k\u00f6fte gibi y\u00f6resel \u00fcr\u00fcnleri de var.\u00a0 Do\u011fayla i\u00e7 i\u00e7e \u00e7iftlik ya\u015fant\u0131s\u0131n\u0131 deneyimleyebilir, y\u00fcr\u00fcy\u00fc\u015f yapabilir, \u00e7al\u0131\u015fmalara kat\u0131labilir, bisiklet ve yoga aktivitelerinden de yararlanabilirsiniz.<\/p>\n<h1 class=\"single-post-title\"><a href=\"https:\/\/julesverne.com.tr\/seyahat-blog\/turkiyenin-en-keyifli-bag-rotalari\/\">T\u00fcrkiye\u2019nin En Keyifli Ba\u011f Rotalar\u0131<\/a><\/h1>\n<p><img loading=\"lazy\" decoding=\"async\" class=\"alignnone wp-image-10177 size-full\" src=\"https:\/\/julesverne.com.tr\/wp-content\/uploads\/2021\/08\/turkiye-bag-bozumu-1.jpg\" alt=\"\" width=\"1200\" height=\"800\" srcset=\"https:\/\/julesverne.com.tr\/wp-content\/uploads\/2021\/08\/turkiye-bag-bozumu-1.jpg 1200w, https:\/\/julesverne.com.tr\/wp-content\/uploads\/2021\/08\/turkiye-bag-bozumu-1-500x333.jpg 500w, https:\/\/julesverne.com.tr\/wp-content\/uploads\/2021\/08\/turkiye-bag-bozumu-1-768x512.jpg 768w\" sizes=\"(max-width: 1200px) 100vw, 1200px\" \/><\/p>\n<p>T\u00fcrkiye; gerek toprak yap\u0131s\u0131 ve iklimi gerekse de \u015farap\u00e7\u0131l\u0131k ve ba\u011fc\u0131l\u0131k ile sahip oldu\u011fu m\u00fckemmel ko\u015fullar sebebiyle Avrupa\u2019n\u0131n ve d\u00fcnyan\u0131n bir\u00e7ok \u00fclkesinde \u00fcretilen \u015faraplarla yar\u0131\u015fabilecek d\u00fczeyde \u015faraplar \u00fcretiyor. <strong>Trakya Ba\u011f Rotas\u0131<\/strong>\u2018ndan\u00a0<strong>Urla Ba\u011f Rotas\u0131<\/strong>\u2018na;\u00a0<strong>Bozcada Ba\u011f Rotas\u0131<\/strong>\u2018ndan\u00a0<strong>Kapadokya Ba\u011f Rotas\u0131<\/strong>\u2018na do\u011fru yola \u00e7\u0131k\u0131p; \u00fcz\u00fcm\u00fcn, \u015farab\u0131n, \u00fcretenin ve b\u00f6lgenin hikayesini dinleyerek, yerel tatlar e\u015fli\u011finde \u015farap tad\u0131m\u0131 yaparak, ba\u011f bozumu geleneklerine \u015fahit olmaya ne dersiniz? Sonbahar mevsimiyle birlikte ba\u015flayan \u00fcz\u00fcm hasad\u0131na kat\u0131labilece\u011finiz T\u00fcrkiye\u2019deki en keyifli ba\u015fl\u0131ca ba\u011f rotalar\u0131na <a href=\"https:\/\/julesverne.com.tr\/seyahat-blog\/turkiyenin-en-keyifli-bag-rotalari\/\">buradan<\/a> ula\u015fabilirsiniz.<\/p>\n<p style=\"text-align: center;\"><strong>Size \u00f6zel seyahat program\u0131 ve rezervasyon i\u00e7in:<\/strong><br \/>\n<a href=\"mailto:travel@julesverne.com.tr\" target=\"_blank\" rel=\"noopener noreferrer\"><strong>travel@julesverne.com.tr<\/strong><\/a><\/p>\n<p><\/p>","protected":false},"excerpt":{"rendered":"<p>Zaman\u0131n nas\u0131l ge&ccedil;ti\u011fini anlamayaca\u011f\u0131n\u0131z T&uuml;rkiye&#8217;nin en keyifli ba\u011f otelleri yaz\u0131m\u0131z ile kar\u015f\u0131n\u0131zday\u0131z!<\/p>\n","protected":false},"author":1,"featured_media":9892,"comment_status":"closed","ping_status":"closed","sticky":false,"template":"","format":"standard","meta":{"inline_featured_image":false,"footnotes":""},"categories":[1,40,39],"tags":[172,168,74,73],"acf":[],"yoast_head":"<!-- This site is optimized with the Yoast SEO plugin v22.3 - https:\/\/yoast.com\/wordpress\/plugins\/seo\/ -->\n<title>T\u00fcrkiye\u2019nin En Keyifli Ba\u011f Otelleri - JULES VERNE BUSINESS MICE TRAVEL<\/title>\n<meta name=\"robots\" content=\"index, follow, max-snippet:-1, max-image-preview:large, max-video-preview:-1\" \/>\n<link rel=\"canonical\" href=\"https:\/\/julesverne.com.tr\/travel-blog\/turkiyenin-en-keyifli-bag-otelleri\/\" \/>\n<meta property=\"og:locale\" content=\"en_US\" \/>\n<meta property=\"og:type\" content=\"article\" \/>\n<meta property=\"og:title\" content=\"T\u00fcrkiye\u2019nin En Keyifli Ba\u011f Otelleri - JULES VERNE BUSINESS MICE TRAVEL\" \/>\n<meta property=\"og:description\" content=\"Zaman\u0131n nas\u0131l ge&ccedil;ti\u011fini anlamayaca\u011f\u0131n\u0131z T&uuml;rkiye&#039;nin en keyifli ba\u011f otelleri yaz\u0131m\u0131z ile kar\u015f\u0131n\u0131zday\u0131z!\" \/>\n<meta property=\"og:url\" content=\"https:\/\/julesverne.com.tr\/travel-blog\/turkiyenin-en-keyifli-bag-otelleri\/\" \/>\n<meta property=\"og:site_name\" content=\"JULES VERNE BUSINESS MICE TRAVEL\" \/>\n<meta property=\"article:publisher\" content=\"https:\/\/www.facebook.com\/JulesVerneBusinessMiceTravel\/\" \/>\n<meta property=\"article:published_time\" content=\"2024-08-19T06:38:55+00:00\" \/>\n<meta property=\"article:modified_time\" content=\"2024-08-20T08:12:12+00:00\" \/>\n<meta property=\"og:image\" content=\"https:\/\/julesverne.com.tr\/wp-content\/uploads\/2021\/08\/vinifera-scaled.jpg\" \/>\n\t<meta property=\"og:image:width\" content=\"1600\" \/>\n\t<meta property=\"og:image:height\" content=\"1029\" \/>\n\t<meta property=\"og:image:type\" content=\"image\/jpeg\" \/>\n<meta name=\"author\" content=\"fikirman\" \/>\n<meta name=\"twitter:card\" content=\"summary_large_image\" \/>\n<meta name=\"twitter:creator\" content=\"@JV_BusinessMice\" \/>\n<meta name=\"twitter:site\" content=\"@JV_BusinessMice\" \/>\n<meta name=\"twitter:label1\" content=\"Written by\" \/>\n\t<meta name=\"twitter:data1\" content=\"fikirman\" \/>\n\t<meta name=\"twitter:label2\" content=\"Est. reading time\" \/>\n\t<meta name=\"twitter:data2\" content=\"11 minutes\" \/>\n<script type=\"application\/ld+json\" class=\"yoast-schema-graph\">{\"@context\":\"https:\/\/schema.org\",\"@graph\":[{\"@type\":\"Article\",\"@id\":\"https:\/\/julesverne.com.tr\/travel-blog\/turkiyenin-en-keyifli-bag-otelleri\/#article\",\"isPartOf\":{\"@id\":\"https:\/\/julesverne.com.tr\/travel-blog\/turkiyenin-en-keyifli-bag-otelleri\/\"},\"author\":{\"name\":\"fikirman\",\"@id\":\"https:\/\/julesverne.com.tr\/#\/schema\/person\/f4eb0514ae455538644c31b99a466fdb\"},\"headline\":\"T\u00fcrkiye\u2019nin En Keyifli Ba\u011f Otelleri\",\"datePublished\":\"2024-08-19T06:38:55+00:00\",\"dateModified\":\"2024-08-20T08:12:12+00:00\",\"mainEntityOfPage\":{\"@id\":\"https:\/\/julesverne.com.tr\/travel-blog\/turkiyenin-en-keyifli-bag-otelleri\/\"},\"wordCount\":3785,\"publisher\":{\"@id\":\"https:\/\/julesverne.com.tr\/#organization\"},\"image\":{\"@id\":\"https:\/\/julesverne.com.tr\/travel-blog\/turkiyenin-en-keyifli-bag-otelleri\/#primaryimage\"},\"thumbnailUrl\":\"https:\/\/julesverne.com.tr\/wp-content\/uploads\/2021\/08\/vinifera-scaled.jpg\",\"keywords\":[\"Ba\u011f Bozumu\",\"Ba\u011f Otelleri\",\"Nerede Kalsak\",\"Nereye Gitsek\"],\"articleSection\":[\"Blog\",\"Nerede Kalsak?\",\"Nereye Gitsek?\"],\"inLanguage\":\"en-US\"},{\"@type\":\"WebPage\",\"@id\":\"https:\/\/julesverne.com.tr\/travel-blog\/turkiyenin-en-keyifli-bag-otelleri\/\",\"url\":\"https:\/\/julesverne.com.tr\/travel-blog\/turkiyenin-en-keyifli-bag-otelleri\/\",\"name\":\"T\u00fcrkiye\u2019nin En Keyifli Ba\u011f Otelleri - JULES VERNE BUSINESS MICE TRAVEL\",\"isPartOf\":{\"@id\":\"https:\/\/julesverne.com.tr\/#website\"},\"primaryImageOfPage\":{\"@id\":\"https:\/\/julesverne.com.tr\/travel-blog\/turkiyenin-en-keyifli-bag-otelleri\/#primaryimage\"},\"image\":{\"@id\":\"https:\/\/julesverne.com.tr\/travel-blog\/turkiyenin-en-keyifli-bag-otelleri\/#primaryimage\"},\"thumbnailUrl\":\"https:\/\/julesverne.com.tr\/wp-content\/uploads\/2021\/08\/vinifera-scaled.jpg\",\"datePublished\":\"2024-08-19T06:38:55+00:00\",\"dateModified\":\"2024-08-20T08:12:12+00:00\",\"breadcrumb\":{\"@id\":\"https:\/\/julesverne.com.tr\/travel-blog\/turkiyenin-en-keyifli-bag-otelleri\/#breadcrumb\"},\"inLanguage\":\"en-US\",\"potentialAction\":[{\"@type\":\"ReadAction\",\"target\":[\"https:\/\/julesverne.com.tr\/travel-blog\/turkiyenin-en-keyifli-bag-otelleri\/\"]}]},{\"@type\":\"ImageObject\",\"inLanguage\":\"en-US\",\"@id\":\"https:\/\/julesverne.com.tr\/travel-blog\/turkiyenin-en-keyifli-bag-otelleri\/#primaryimage\",\"url\":\"https:\/\/julesverne.com.tr\/wp-content\/uploads\/2021\/08\/vinifera-scaled.jpg\",\"contentUrl\":\"https:\/\/julesverne.com.tr\/wp-content\/uploads\/2021\/08\/vinifera-scaled.jpg\",\"width\":1600,\"height\":1029},{\"@type\":\"BreadcrumbList\",\"@id\":\"https:\/\/julesverne.com.tr\/travel-blog\/turkiyenin-en-keyifli-bag-otelleri\/#breadcrumb\",\"itemListElement\":[{\"@type\":\"ListItem\",\"position\":1,\"name\":\"Anasayfa\",\"item\":\"https:\/\/julesverne.com.tr\/\"},{\"@type\":\"ListItem\",\"position\":2,\"name\":\"T\u00fcrkiye\u2019nin En Keyifli Ba\u011f Otelleri\"}]},{\"@type\":\"WebSite\",\"@id\":\"https:\/\/julesverne.com.tr\/#website\",\"url\":\"https:\/\/julesverne.com.tr\/\",\"name\":\"JULES VERNE BUSINESS MICE TRAVEL\",\"description\":\"\",\"publisher\":{\"@id\":\"https:\/\/julesverne.com.tr\/#organization\"},\"potentialAction\":[{\"@type\":\"SearchAction\",\"target\":{\"@type\":\"EntryPoint\",\"urlTemplate\":\"https:\/\/julesverne.com.tr\/?s={search_term_string}\"},\"query-input\":\"required name=search_term_string\"}],\"inLanguage\":\"en-US\"},{\"@type\":\"Organization\",\"@id\":\"https:\/\/julesverne.com.tr\/#organization\",\"name\":\"JULES VERNE BUSINESS MICE TRAVEL\",\"url\":\"https:\/\/julesverne.com.tr\/\",\"logo\":{\"@type\":\"ImageObject\",\"inLanguage\":\"en-US\",\"@id\":\"https:\/\/julesverne.com.tr\/#\/schema\/logo\/image\/\",\"url\":\"https:\/\/julesverne.com.tr\/wp-content\/uploads\/2020\/09\/jv-bmt-logo.png\",\"contentUrl\":\"https:\/\/julesverne.com.tr\/wp-content\/uploads\/2020\/09\/jv-bmt-logo.png\",\"width\":110,\"height\":81,\"caption\":\"JULES VERNE BUSINESS MICE TRAVEL\"},\"image\":{\"@id\":\"https:\/\/julesverne.com.tr\/#\/schema\/logo\/image\/\"},\"sameAs\":[\"https:\/\/www.facebook.com\/JulesVerneBusinessMiceTravel\/\",\"https:\/\/twitter.com\/JV_BusinessMice\",\"https:\/\/www.instagram.com\/julesvernebusinessmicetravel\/\",\"https:\/\/www.linkedin.com\/company\/julesvernebusinessmicetravel\/\",\"https:\/\/www.youtube.com\/channel\/UCAwdsmbZ6tFhu1tea6pkpiw\"]},{\"@type\":\"Person\",\"@id\":\"https:\/\/julesverne.com.tr\/#\/schema\/person\/f4eb0514ae455538644c31b99a466fdb\",\"name\":\"fikirman\",\"sameAs\":[\"http:\/\/advermedya.net\/julesverne\"],\"url\":\"https:\/\/julesverne.com.tr\/en\/author\/fikirman\/\"}]}<\/script>\n<!-- \/ Yoast SEO plugin. -->","yoast_head_json":{"title":"T\u00fcrkiye\u2019nin En Keyifli Ba\u011f Otelleri - JULES VERNE BUSINESS MICE TRAVEL","robots":{"index":"index","follow":"follow","max-snippet":"max-snippet:-1","max-image-preview":"max-image-preview:large","max-video-preview":"max-video-preview:-1"},"canonical":"https:\/\/julesverne.com.tr\/travel-blog\/turkiyenin-en-keyifli-bag-otelleri\/","og_locale":"en_US","og_type":"article","og_title":"T\u00fcrkiye\u2019nin En Keyifli Ba\u011f Otelleri - JULES VERNE BUSINESS MICE TRAVEL","og_description":"Zaman\u0131n nas\u0131l ge&ccedil;ti\u011fini anlamayaca\u011f\u0131n\u0131z T&uuml;rkiye'nin en keyifli ba\u011f otelleri yaz\u0131m\u0131z ile kar\u015f\u0131n\u0131zday\u0131z!","og_url":"https:\/\/julesverne.com.tr\/travel-blog\/turkiyenin-en-keyifli-bag-otelleri\/","og_site_name":"JULES VERNE BUSINESS MICE TRAVEL","article_publisher":"https:\/\/www.facebook.com\/JulesVerneBusinessMiceTravel\/","article_published_time":"2024-08-19T06:38:55+00:00","article_modified_time":"2024-08-20T08:12:12+00:00","og_image":[{"width":1600,"height":1029,"url":"https:\/\/julesverne.com.tr\/wp-content\/uploads\/2021\/08\/vinifera-scaled.jpg","type":"image\/jpeg"}],"author":"fikirman","twitter_card":"summary_large_image","twitter_creator":"@JV_BusinessMice","twitter_site":"@JV_BusinessMice","twitter_misc":{"Written by":"fikirman","Est. reading time":"11 minutes"},"schema":{"@context":"https:\/\/schema.org","@graph":[{"@type":"Article","@id":"https:\/\/julesverne.com.tr\/travel-blog\/turkiyenin-en-keyifli-bag-otelleri\/#article","isPartOf":{"@id":"https:\/\/julesverne.com.tr\/travel-blog\/turkiyenin-en-keyifli-bag-otelleri\/"},"author":{"name":"fikirman","@id":"https:\/\/julesverne.com.tr\/#\/schema\/person\/f4eb0514ae455538644c31b99a466fdb"},"headline":"T\u00fcrkiye\u2019nin En Keyifli Ba\u011f Otelleri","datePublished":"2024-08-19T06:38:55+00:00","dateModified":"2024-08-20T08:12:12+00:00","mainEntityOfPage":{"@id":"https:\/\/julesverne.com.tr\/travel-blog\/turkiyenin-en-keyifli-bag-otelleri\/"},"wordCount":3785,"publisher":{"@id":"https:\/\/julesverne.com.tr\/#organization"},"image":{"@id":"https:\/\/julesverne.com.tr\/travel-blog\/turkiyenin-en-keyifli-bag-otelleri\/#primaryimage"},"thumbnailUrl":"https:\/\/julesverne.com.tr\/wp-content\/uploads\/2021\/08\/vinifera-scaled.jpg","keywords":["Ba\u011f Bozumu","Ba\u011f Otelleri","Nerede Kalsak","Nereye Gitsek"],"articleSection":["Blog","Nerede Kalsak?","Nereye Gitsek?"],"inLanguage":"en-US"},{"@type":"WebPage","@id":"https:\/\/julesverne.com.tr\/travel-blog\/turkiyenin-en-keyifli-bag-otelleri\/","url":"https:\/\/julesverne.com.tr\/travel-blog\/turkiyenin-en-keyifli-bag-otelleri\/","name":"T\u00fcrkiye\u2019nin En Keyifli Ba\u011f Otelleri - JULES VERNE BUSINESS MICE TRAVEL","isPartOf":{"@id":"https:\/\/julesverne.com.tr\/#website"},"primaryImageOfPage":{"@id":"https:\/\/julesverne.com.tr\/travel-blog\/turkiyenin-en-keyifli-bag-otelleri\/#primaryimage"},"image":{"@id":"https:\/\/julesverne.com.tr\/travel-blog\/turkiyenin-en-keyifli-bag-otelleri\/#primaryimage"},"thumbnailUrl":"https:\/\/julesverne.com.tr\/wp-content\/uploads\/2021\/08\/vinifera-scaled.jpg","datePublished":"2024-08-19T06:38:55+00:00","dateModified":"2024-08-20T08:12:12+00:00","breadcrumb":{"@id":"https:\/\/julesverne.com.tr\/travel-blog\/turkiyenin-en-keyifli-bag-otelleri\/#breadcrumb"},"inLanguage":"en-US","potentialAction":[{"@type":"ReadAction","target":["https:\/\/julesverne.com.tr\/travel-blog\/turkiyenin-en-keyifli-bag-otelleri\/"]}]},{"@type":"ImageObject","inLanguage":"en-US","@id":"https:\/\/julesverne.com.tr\/travel-blog\/turkiyenin-en-keyifli-bag-otelleri\/#primaryimage","url":"https:\/\/julesverne.com.tr\/wp-content\/uploads\/2021\/08\/vinifera-scaled.jpg","contentUrl":"https:\/\/julesverne.com.tr\/wp-content\/uploads\/2021\/08\/vinifera-scaled.jpg","width":1600,"height":1029},{"@type":"BreadcrumbList","@id":"https:\/\/julesverne.com.tr\/travel-blog\/turkiyenin-en-keyifli-bag-otelleri\/#breadcrumb","itemListElement":[{"@type":"ListItem","position":1,"name":"Anasayfa","item":"https:\/\/julesverne.com.tr\/"},{"@type":"ListItem","position":2,"name":"T\u00fcrkiye\u2019nin En Keyifli Ba\u011f Otelleri"}]},{"@type":"WebSite","@id":"https:\/\/julesverne.com.tr\/#website","url":"https:\/\/julesverne.com.tr\/","name":"JULES VERNE BUSINESS MICE TRAVEL","description":"","publisher":{"@id":"https:\/\/julesverne.com.tr\/#organization"},"potentialAction":[{"@type":"SearchAction","target":{"@type":"EntryPoint","urlTemplate":"https:\/\/julesverne.com.tr\/?s={search_term_string}"},"query-input":"required name=search_term_string"}],"inLanguage":"en-US"},{"@type":"Organization","@id":"https:\/\/julesverne.com.tr\/#organization","name":"JULES VERNE BUSINESS MICE TRAVEL","url":"https:\/\/julesverne.com.tr\/","logo":{"@type":"ImageObject","inLanguage":"en-US","@id":"https:\/\/julesverne.com.tr\/#\/schema\/logo\/image\/","url":"https:\/\/julesverne.com.tr\/wp-content\/uploads\/2020\/09\/jv-bmt-logo.png","contentUrl":"https:\/\/julesverne.com.tr\/wp-content\/uploads\/2020\/09\/jv-bmt-logo.png","width":110,"height":81,"caption":"JULES VERNE BUSINESS MICE TRAVEL"},"image":{"@id":"https:\/\/julesverne.com.tr\/#\/schema\/logo\/image\/"},"sameAs":["https:\/\/www.facebook.com\/JulesVerneBusinessMiceTravel\/","https:\/\/twitter.com\/JV_BusinessMice","https:\/\/www.instagram.com\/julesvernebusinessmicetravel\/","https:\/\/www.linkedin.com\/company\/julesvernebusinessmicetravel\/","https:\/\/www.youtube.com\/channel\/UCAwdsmbZ6tFhu1tea6pkpiw"]},{"@type":"Person","@id":"https:\/\/julesverne.com.tr\/#\/schema\/person\/f4eb0514ae455538644c31b99a466fdb","name":"fikirman","sameAs":["http:\/\/advermedya.net\/julesverne"],"url":"https:\/\/julesverne.com.tr\/en\/author\/fikirman\/"}]}},"_links":{"self":[{"href":"https:\/\/julesverne.com.tr\/en\/wp-json\/wp\/v2\/posts\/2352"}],"collection":[{"href":"https:\/\/julesverne.com.tr\/en\/wp-json\/wp\/v2\/posts"}],"about":[{"href":"https:\/\/julesverne.com.tr\/en\/wp-json\/wp\/v2\/types\/post"}],"author":[{"embeddable":true,"href":"https:\/\/julesverne.com.tr\/en\/wp-json\/wp\/v2\/users\/1"}],"replies":[{"embeddable":true,"href":"https:\/\/julesverne.com.tr\/en\/wp-json\/wp\/v2\/comments?post=2352"}],"version-history":[{"count":7,"href":"https:\/\/julesverne.com.tr\/en\/wp-json\/wp\/v2\/posts\/2352\/revisions"}],"predecessor-version":[{"id":17914,"href":"https:\/\/julesverne.com.tr\/en\/wp-json\/wp\/v2\/posts\/2352\/revisions\/17914"}],"wp:featuredmedia":[{"embeddable":true,"href":"https:\/\/julesverne.com.tr\/en\/wp-json\/wp\/v2\/media\/9892"}],"wp:attachment":[{"href":"https:\/\/julesverne.com.tr\/en\/wp-json\/wp\/v2\/media?parent=2352"}],"wp:term":[{"taxonomy":"category","embeddable":true,"href":"https:\/\/julesverne.com.tr\/en\/wp-json\/wp\/v2\/categories?post=2352"},{"taxonomy":"post_tag","embeddable":true,"href":"https:\/\/julesverne.com.tr\/en\/wp-json\/wp\/v2\/tags?post=2352"}],"curies":[{"name":"wp","href":"https:\/\/api.w.org\/{rel}","templated":true}]}}