{"id":2350,"date":"2020-07-17T11:49:05","date_gmt":"2020-07-17T08:49:05","guid":{"rendered":"https:\/\/www.julesverne.com.tr\/\/blog\/jules-verne-sonbahar-2020-ozel-gezileri\/"},"modified":"2021-06-25T13:16:07","modified_gmt":"2021-06-25T10:16:07","slug":"jules-verne-sonbahar-2020-ozel-gezileri","status":"publish","type":"post","link":"https:\/\/julesverne.com.tr\/en\/travel-blog\/jules-verne-sonbahar-2020-ozel-gezileri\/","title":{"rendered":"Jules Verne Sonbahar 2020 \u00d6zel Gezileri"},"content":{"rendered":"<p style=\"text-align: center;\"><em><strong><img loading=\"lazy\" decoding=\"async\" class=\"alignnone size-full wp-image-2494\" src=\"https:\/\/www.julesverne.com.tr\/\/wp-content\/uploads\/2020\/09\/kapadokyajulesverne-1.jpg\" alt=\"\" width=\"999\" height=\"666\" srcset=\"https:\/\/julesverne.com.tr\/wp-content\/uploads\/2020\/09\/kapadokyajulesverne-1.jpg 999w, https:\/\/julesverne.com.tr\/wp-content\/uploads\/2020\/09\/kapadokyajulesverne-1-500x333.jpg 500w, https:\/\/julesverne.com.tr\/wp-content\/uploads\/2020\/09\/kapadokyajulesverne-1-768x512.jpg 768w\" sizes=\"(max-width: 999px) 100vw, 999px\" \/><\/strong><\/em><\/p>\n<p><strong><em>&#8220;Hayat at\u0131ld\u0131\u011f\u0131n\u0131z maceralar\u0131n ve an\u0131lar\u0131n\u0131z\u0131n birikimidir. Bu y\u00fczden daha s\u0131k seyahat edin ve hayat\u0131 kalbinizi ve g\u00f6zlerinizi a\u00e7arak ya\u015fay\u0131n!&#8221;\u00a0<\/em><\/strong><em>\u00a0<\/em>Katie Grissom<\/p>\n<h4 style=\"text-align: center;\"><span style=\"text-align: justify;\">Al\u0131nan t\u00fcm sa\u011fl\u0131k ve hijyen tedbirleri \u00e7er\u00e7evesinde<\/span><strong><span style=\"text-align: justify;\">\u00a0<\/span>T\u00fcrkiye\u2019nin An\u0131 Defteri<span style=\"text-align: justify;\">\u2019<\/span><\/strong><span style=\"text-align: justify;\">ni birlikte olu\u015fturuyoruz!<\/span><\/h4>\n<p style=\"text-align: left;\">Biz planlar yaparken hayat\u0131n bizimle ilgili ba\u015fka planlar\u0131 oldu\u011funu \u00f6\u011frendi\u011fimiz farkl\u0131 bir y\u0131l ya\u015f\u0131yoruz. Ke\u015ffetme arzumuz ilk g\u00fcnk\u00fc gibi tazeyken seyahat edebilmenin, yeni bir k\u00fclt\u00fcr ile tan\u0131\u015fman\u0131n b\u00fcy\u00fck bir l\u00fcks oldu\u011funu \u00f6\u011frendik. Ge\u00e7irdi\u011fimiz sakin aylardan sonra \u015fimdi, yeniden, hep birlikte yeni yollarda yeni hik\u00e2yeler yazma zaman\u0131!<\/p>\n<p style=\"text-align: justify;\">\u00dclkemizin muazzam bir do\u011fa, tarih ve k\u00fclt\u00fcr mozai\u011fine sahip oldu\u011funu hep biliyorduk ama \u015fimdi her bir zenginli\u011fimize \u00e7ok daha yak\u0131ndan bak\u0131yoruz. \u00dclkemizin de\u011ferlerini tan\u0131mak i\u00e7in en \u00f6zel zamanlardan ge\u00e7iyoruz. Onlarca medeniyetin izi, k\u00fclt\u00fcr\u00fc ile harmanlanan bir T\u00fcrkiye var avu\u00e7lar\u0131m\u0131zda. Antik kentlerinden sakin \u015fehirlerine, kanyonlar\u0131ndan \u015felalelerine, muazzam mimariye sahip dini yap\u0131lar\u0131ndan UNESCO D\u00fcnya Miras\u0131 de\u011ferlerine hen\u00fcz ke\u015ffetmedi\u011fimiz, hen\u00fcz g\u00f6rmedi\u011fimiz g\u00fczellikleri ya\u015famaya haz\u0131r m\u0131s\u0131n\u0131z?<\/p>\n<p style=\"text-align: justify;\">2020 Sonbahar Gezilerimiz ile birlikte <strong>\u201cyeniden seyahat\u201d<\/strong> diyoruz.<strong><em> Trakya Ba\u011f Rotas\u0131\u2019ndan Ege K\u00f6yleri\u2019ne<\/em><\/strong>; <em><strong>Sakin \u015eehirler: Mudurnu-G\u00f6yn\u00fck-Tarakl\u0131 Gezisi\u2019nden M\u00fczeler ve Tarih \u015eehirleri Eski\u015fehir &amp; K\u00fctahya\u2019ya<\/strong><\/em>; <em><strong>Baks\u0131 M\u00fczesi\u2019nden Safran \u00c7i\u00e7e\u011fi Hasad\u0131\u2019na<\/strong><\/em> farkl\u0131 renklerde, farkl\u0131 tatlarda, farkl\u0131 dokularda ke\u015fifler bizi bekliyor!<\/p>\n<p style=\"text-align: justify;\"><strong>2020 Sonbahar ile birlikte size \u00f6zel butik gezilerimizle de yan\u0131n\u0131zday\u0131z!<\/strong> Sadece size, arkada\u015flar\u0131n\u0131za ve ailenize \u00f6zel \u0130stanbul gezileri ile bu kadim \u015fehri ya\u015fayabilir; gezilerimize dilerseniz \u015fahsi arac\u0131n\u0131zla kat\u0131labilirsiniz. Size \u00f6zel haz\u0131rlanacak tematik geziler ile T\u00fcrkiye\u2019nin belki de daha \u00f6nce hi\u00e7 g\u00f6rmedi\u011finiz, bilmedi\u011finiz g\u00fczelliklerini ke\u015ffedebilirsiniz. Sonbahar gezi rotalar\u0131m\u0131z\u0131 dilerseniz sizin istedi\u011finiz tarihlerde ve belirtti\u011finiz ki\u015fi say\u0131s\u0131na g\u00f6re organize edebilir, tamamen size \u00f6zel olacak \u015fekilde planlayabiliriz.<\/p>\n<p style=\"text-align: justify;\"><strong>Elbette bu s\u00fcre\u00e7te sizin sa\u011fl\u0131\u011f\u0131n\u0131z, konforunuz ve rahatl\u0131\u011f\u0131n\u0131z bizim i\u00e7in her \u015feyden daha \u00f6nemli! Jules Verne Travel taraf\u0131ndan al\u0131nan Covid-19 \u00f6nlemleri ve seyahat \u00f6nerileri i\u00e7in<\/strong> <a href=\"https:\/\/www.julesverne.com.tr\/bizden-haberler\/jules-verne-ozel-geziler-covid-19-kilavuzu\" target=\"_blank\" rel=\"noopener noreferrer\"><strong>t\u0131klay\u0131n!<\/strong><\/a><\/p>\n<h3 style=\"text-align: center;\"><a href=\"https:\/\/gezi.julesverne.com.tr\/gezi-takvimi\" target=\"_blank\" rel=\"noopener noreferrer\"><strong>Jules Verne Sonbahar 2020 \u00d6zel Gezileri\u00a0i\u00e7in t\u0131klay\u0131n!<\/strong><\/a><\/h3>\n<h4 style=\"text-align: center;\"><a href=\"https:\/\/gezi.julesverne.com.tr\/geziler\/yurt-ici-ozel-gezilerimiz\/tarihin-degismeyen-ritueli-trakya-bag-bozumu\" target=\"_blank\" rel=\"noopener noreferrer\"><strong>Tarihin De\u011fi\u015fmeyen Rit\u00fceli: Trakya Ba\u011f Bozumu<\/strong><\/a><br \/>\n12 Eyl\u00fcl &#8211; 13 Eyl\u00fcl 2020<\/h4>\n<p style=\"text-align: center;\"><img loading=\"lazy\" decoding=\"async\" class=\"alignnone size-full wp-image-2495\" src=\"https:\/\/www.julesverne.com.tr\/\/wp-content\/uploads\/2020\/09\/vinodessera.jpg\" alt=\"\" width=\"1080\" height=\"809\" srcset=\"https:\/\/julesverne.com.tr\/wp-content\/uploads\/2020\/09\/vinodessera.jpg 1080w, https:\/\/julesverne.com.tr\/wp-content\/uploads\/2020\/09\/vinodessera-500x375.jpg 500w, https:\/\/julesverne.com.tr\/wp-content\/uploads\/2020\/09\/vinodessera-768x575.jpg 768w\" sizes=\"(max-width: 1080px) 100vw, 1080px\" \/><\/p>\n<h4 style=\"text-align: center;\"><a href=\"https:\/\/gezi.julesverne.com.tr\/geziler\/yurt-ici-ozel-gezilerimiz\/tarih-kokan-bir-ege-rotasi\" target=\"_blank\" rel=\"noopener noreferrer\"><strong>Tarih Kokan Bir Ege Rotas\u0131<\/strong><\/a><br \/>\n25 Eyl\u00fcl &#8211; 27 Eyl\u00fcl 2020<\/h4>\n<p style=\"text-align: center;\"><img loading=\"lazy\" decoding=\"async\" class=\"alignnone size-full wp-image-2496\" src=\"https:\/\/www.julesverne.com.tr\/\/wp-content\/uploads\/2020\/09\/urlasarapcilik.jpg\" alt=\"\" width=\"800\" height=\"533\" srcset=\"https:\/\/julesverne.com.tr\/wp-content\/uploads\/2020\/09\/urlasarapcilik.jpg 800w, https:\/\/julesverne.com.tr\/wp-content\/uploads\/2020\/09\/urlasarapcilik-500x333.jpg 500w, https:\/\/julesverne.com.tr\/wp-content\/uploads\/2020\/09\/urlasarapcilik-768x512.jpg 768w\" sizes=\"(max-width: 800px) 100vw, 800px\" \/><\/p>\n<h4 style=\"text-align: center;\"><strong><a href=\"https:\/\/gezi.julesverne.com.tr\/geziler\/yurt-ici-ozel-gezilerimiz\/dogudaki-modern-sessizlik-baksi-muzesi-1\" target=\"_blank\" rel=\"noopener noreferrer\">Do\u011fudaki Modern Sessizlik: Baks\u0131 M\u00fczesi<\/a><\/strong><br \/>\n19 Eyl\u00fcl &#8211; 20 Eyl\u00fcl 2020<\/h4>\n<p style=\"text-align: center;\"><img loading=\"lazy\" decoding=\"async\" class=\"alignnone size-full wp-image-2497\" src=\"https:\/\/www.julesverne.com.tr\/\/wp-content\/uploads\/2020\/09\/baksi_muzesi_manzara-1.jpg\" alt=\"\" width=\"1000\" height=\"667\" srcset=\"https:\/\/julesverne.com.tr\/wp-content\/uploads\/2020\/09\/baksi_muzesi_manzara-1.jpg 1000w, https:\/\/julesverne.com.tr\/wp-content\/uploads\/2020\/09\/baksi_muzesi_manzara-1-500x334.jpg 500w, https:\/\/julesverne.com.tr\/wp-content\/uploads\/2020\/09\/baksi_muzesi_manzara-1-768x512.jpg 768w\" sizes=\"(max-width: 1000px) 100vw, 1000px\" \/><\/p>\n<h4 style=\"text-align: center;\"><a href=\"https:\/\/gezi.julesverne.com.tr\/geziler\/yurt-ici-ozel-gezilerimiz\/dogada-bir-cennet-igneada\" target=\"_blank\" rel=\"noopener noreferrer\"><strong>Do\u011fada Bir Cennet: \u0130\u011fneada<\/strong><\/a><br \/>\n03 Ekim &#8211; 04 Ekim 2020<\/h4>\n<p style=\"text-align: center;\"><img loading=\"lazy\" decoding=\"async\" class=\"alignnone size-full wp-image-2498\" src=\"https:\/\/www.julesverne.com.tr\/\/wp-content\/uploads\/2020\/09\/shutterstock_1095674258.jpg\" alt=\"\" width=\"999\" height=\"748\" srcset=\"https:\/\/julesverne.com.tr\/wp-content\/uploads\/2020\/09\/shutterstock_1095674258.jpg 999w, https:\/\/julesverne.com.tr\/wp-content\/uploads\/2020\/09\/shutterstock_1095674258-500x374.jpg 500w, https:\/\/julesverne.com.tr\/wp-content\/uploads\/2020\/09\/shutterstock_1095674258-768x575.jpg 768w\" sizes=\"(max-width: 999px) 100vw, 999px\" \/><\/p>\n<h4 style=\"text-align: center;\"><a href=\"https:\/\/gezi.julesverne.com.tr\/geziler\/yurt-ici-ozel-gezilerimiz\/sanat-ve-kultur-sehri-eskisehir-den-cinilerin-sehri-kutahya-ya-yolculuk\" target=\"_blank\" rel=\"noopener noreferrer\"><strong>Mor Nazl\u0131 Bir Ser\u00fcvene Yolculuk: Safran \u00c7i\u00e7e\u011fi Hasad\u0131<\/strong><\/a><br \/>\n23 Ekim &#8211; 25 Ekim 2020<\/h4>\n<p style=\"text-align: center;\"><img loading=\"lazy\" decoding=\"async\" class=\"alignnone size-full wp-image-2499\" src=\"https:\/\/www.julesverne.com.tr\/\/wp-content\/uploads\/2020\/09\/shutterstock_1215248587.jpg\" alt=\"\" width=\"1000\" height=\"667\" srcset=\"https:\/\/julesverne.com.tr\/wp-content\/uploads\/2020\/09\/shutterstock_1215248587.jpg 1000w, https:\/\/julesverne.com.tr\/wp-content\/uploads\/2020\/09\/shutterstock_1215248587-500x334.jpg 500w, https:\/\/julesverne.com.tr\/wp-content\/uploads\/2020\/09\/shutterstock_1215248587-768x512.jpg 768w\" sizes=\"(max-width: 1000px) 100vw, 1000px\" \/><\/p>\n<h4 style=\"text-align: center;\"><strong><a href=\"https:\/\/gezi.julesverne.com.tr\/geziler\/yurt-ici-ozel-gezilerimiz\/sanat-ve-kultur-sehri-eskisehir-den-cinilerin-sehri-kutahya-ya-yolculuk\" target=\"_blank\" rel=\"noopener noreferrer\">Sanat ve K\u00fclt\u00fcr \u015eehri Eski\u015fehir\u2019den \u00c7inilerin \u015eehri K\u00fctahya\u2019ya Yolculuk<\/a><\/strong><br \/>\n29 Ekim &#8211; 31 Ekim 2020<\/h4>\n<p style=\"text-align: center;\"><img loading=\"lazy\" decoding=\"async\" class=\"alignnone size-full wp-image-2500\" src=\"https:\/\/www.julesverne.com.tr\/\/wp-content\/uploads\/2020\/09\/AizonaiAntikKentisunset.jpg\" alt=\"\" width=\"999\" height=\"666\" srcset=\"https:\/\/julesverne.com.tr\/wp-content\/uploads\/2020\/09\/AizonaiAntikKentisunset.jpg 999w, https:\/\/julesverne.com.tr\/wp-content\/uploads\/2020\/09\/AizonaiAntikKentisunset-500x333.jpg 500w, https:\/\/julesverne.com.tr\/wp-content\/uploads\/2020\/09\/AizonaiAntikKentisunset-768x512.jpg 768w\" sizes=\"(max-width: 999px) 100vw, 999px\" \/><\/p>\n<h4 style=\"text-align: center;\"><a href=\"https:\/\/gezi.julesverne.com.tr\/geziler\/yurt-ici-ozel-gezilerimiz\/tarihle-yogrulan-balkanlar-in-kapisi-edirne\" target=\"_blank\" rel=\"noopener noreferrer\"><strong>Tarihle Yo\u011frulan Balkanlar\u2019\u0131n Kap\u0131s\u0131 Edirne<\/strong><\/a><br \/>\n07 Kas\u0131m &#8211; 08 Kas\u0131m 2020<\/h4>\n<p style=\"text-align: center;\"><img loading=\"lazy\" decoding=\"async\" class=\"alignnone size-full wp-image-2501\" src=\"https:\/\/www.julesverne.com.tr\/\/wp-content\/uploads\/2020\/09\/selimiyeedirne.jpg\" alt=\"\" width=\"831\" height=\"538\" srcset=\"https:\/\/julesverne.com.tr\/wp-content\/uploads\/2020\/09\/selimiyeedirne.jpg 831w, https:\/\/julesverne.com.tr\/wp-content\/uploads\/2020\/09\/selimiyeedirne-500x324.jpg 500w, https:\/\/julesverne.com.tr\/wp-content\/uploads\/2020\/09\/selimiyeedirne-768x497.jpg 768w\" sizes=\"(max-width: 831px) 100vw, 831px\" \/><\/p>\n<h4 style=\"text-align: center;\"><a href=\"https:\/\/gezi.julesverne.com.tr\/geziler\/yurt-ici-ozel-gezilerimiz\/gecmise-yolculuga-cikmak-isteyenlerin-rotasi\" target=\"_blank\" rel=\"noopener noreferrer\"><strong>Ge\u00e7mi\u015fe Yolculu\u011fa \u00c7\u0131kmak \u0130steyenlerin Rotas\u0131:<\/strong><\/a><br \/>\n<strong>Tarakl\u0131 \u2013 G\u00f6yn\u00fck \u2013 Mudurnu \u2013 Beypazar\u0131<br \/>\n<\/strong>14 Kas\u0131m &#8211; 15 Kas\u0131m 2020<\/h4>\n<p style=\"text-align: center;\"><img loading=\"lazy\" decoding=\"async\" class=\"alignnone size-full wp-image-2502\" src=\"https:\/\/www.julesverne.com.tr\/\/wp-content\/uploads\/2020\/09\/mudurnu2020.jpg\" alt=\"\" width=\"999\" height=\"666\" srcset=\"https:\/\/julesverne.com.tr\/wp-content\/uploads\/2020\/09\/mudurnu2020.jpg 999w, https:\/\/julesverne.com.tr\/wp-content\/uploads\/2020\/09\/mudurnu2020-500x333.jpg 500w, https:\/\/julesverne.com.tr\/wp-content\/uploads\/2020\/09\/mudurnu2020-768x512.jpg 768w\" sizes=\"(max-width: 999px) 100vw, 999px\" \/><\/p>\n<h3 style=\"text-align: center;\"><a href=\"https:\/\/gezi.julesverne.com.tr\/gezi-takvimi\" target=\"_blank\" rel=\"noopener noreferrer\"><strong>Jules Verne Sonbahar 2020 \u00d6zel Gezileri\u00a0i\u00e7in t\u0131klay\u0131n!<\/strong><\/a><\/h3>\n","protected":false},"excerpt":{"rendered":"<p>Al\u0131nan t&uuml;m sa\u011fl\u0131k ve hijyen tedbirleri &ccedil;er&ccedil;evesinde T&uuml;rkiye&rsquo;nin An\u0131 Defteri&rsquo;ni birlikte olu\u015fturuyoruz. 2020 Sonbahar Gezilerimiz ile birlikte &ldquo;yeniden seyahat&rdquo; diyoruz.<\/p>\n","protected":false},"author":1,"featured_media":2351,"comment_status":"closed","ping_status":"closed","sticky":false,"template":"","format":"standard","meta":{"inline_featured_image":false,"footnotes":""},"categories":[1],"tags":[137],"acf":[],"yoast_head":"<!-- This site is optimized with the Yoast SEO plugin v22.3 - https:\/\/yoast.com\/wordpress\/plugins\/seo\/ -->\n<title>Jules Verne Sonbahar 2020 \u00d6zel Gezileri - JULES VERNE BUSINESS MICE TRAVEL<\/title>\n<meta name=\"robots\" content=\"index, follow, max-snippet:-1, max-image-preview:large, max-video-preview:-1\" \/>\n<link rel=\"canonical\" href=\"https:\/\/julesverne.com.tr\/travel-blog\/jules-verne-sonbahar-2020-ozel-gezileri\/\" \/>\n<meta property=\"og:locale\" content=\"en_US\" \/>\n<meta property=\"og:type\" content=\"article\" \/>\n<meta property=\"og:title\" content=\"Jules Verne Sonbahar 2020 \u00d6zel Gezileri - JULES VERNE BUSINESS MICE TRAVEL\" \/>\n<meta property=\"og:description\" content=\"Al\u0131nan t&uuml;m sa\u011fl\u0131k ve hijyen tedbirleri &ccedil;er&ccedil;evesinde T&uuml;rkiye&rsquo;nin An\u0131 Defteri&rsquo;ni birlikte olu\u015fturuyoruz. 2020 Sonbahar Gezilerimiz ile birlikte &ldquo;yeniden seyahat&rdquo; diyoruz.\" \/>\n<meta property=\"og:url\" content=\"https:\/\/julesverne.com.tr\/travel-blog\/jules-verne-sonbahar-2020-ozel-gezileri\/\" \/>\n<meta property=\"og:site_name\" content=\"JULES VERNE BUSINESS MICE TRAVEL\" \/>\n<meta property=\"article:publisher\" content=\"https:\/\/www.facebook.com\/JulesVerneBusinessMiceTravel\/\" \/>\n<meta property=\"article:published_time\" content=\"2020-07-17T08:49:05+00:00\" \/>\n<meta property=\"article:modified_time\" content=\"2021-06-25T10:16:07+00:00\" \/>\n<meta property=\"og:image\" content=\"https:\/\/julesverne.com.tr\/wp-content\/uploads\/2020\/09\/kapadokyajulesverne.jpg\" \/>\n\t<meta property=\"og:image:width\" content=\"999\" \/>\n\t<meta property=\"og:image:height\" content=\"666\" \/>\n\t<meta property=\"og:image:type\" content=\"image\/jpeg\" \/>\n<meta name=\"author\" content=\"fikirman\" \/>\n<meta name=\"twitter:card\" content=\"summary_large_image\" \/>\n<meta name=\"twitter:creator\" content=\"@JV_BusinessMice\" \/>\n<meta name=\"twitter:site\" content=\"@JV_BusinessMice\" \/>\n<meta name=\"twitter:label1\" content=\"Written by\" \/>\n\t<meta name=\"twitter:data1\" content=\"fikirman\" \/>\n\t<meta name=\"twitter:label2\" content=\"Est. reading time\" \/>\n\t<meta name=\"twitter:data2\" content=\"3 minutes\" \/>\n<script type=\"application\/ld+json\" class=\"yoast-schema-graph\">{\"@context\":\"https:\/\/schema.org\",\"@graph\":[{\"@type\":\"Article\",\"@id\":\"https:\/\/julesverne.com.tr\/travel-blog\/jules-verne-sonbahar-2020-ozel-gezileri\/#article\",\"isPartOf\":{\"@id\":\"https:\/\/julesverne.com.tr\/travel-blog\/jules-verne-sonbahar-2020-ozel-gezileri\/\"},\"author\":{\"name\":\"fikirman\",\"@id\":\"https:\/\/julesverne.com.tr\/#\/schema\/person\/f4eb0514ae455538644c31b99a466fdb\"},\"headline\":\"Jules Verne Sonbahar 2020 \u00d6zel Gezileri\",\"datePublished\":\"2020-07-17T08:49:05+00:00\",\"dateModified\":\"2021-06-25T10:16:07+00:00\",\"mainEntityOfPage\":{\"@id\":\"https:\/\/julesverne.com.tr\/travel-blog\/jules-verne-sonbahar-2020-ozel-gezileri\/\"},\"wordCount\":532,\"publisher\":{\"@id\":\"https:\/\/julesverne.com.tr\/#organization\"},\"image\":{\"@id\":\"https:\/\/julesverne.com.tr\/travel-blog\/jules-verne-sonbahar-2020-ozel-gezileri\/#primaryimage\"},\"thumbnailUrl\":\"https:\/\/julesverne.com.tr\/wp-content\/uploads\/2020\/09\/kapadokyajulesverne.jpg\",\"keywords\":[\"Blog\"],\"articleSection\":[\"Blog\"],\"inLanguage\":\"en-US\"},{\"@type\":\"WebPage\",\"@id\":\"https:\/\/julesverne.com.tr\/travel-blog\/jules-verne-sonbahar-2020-ozel-gezileri\/\",\"url\":\"https:\/\/julesverne.com.tr\/travel-blog\/jules-verne-sonbahar-2020-ozel-gezileri\/\",\"name\":\"Jules Verne Sonbahar 2020 \u00d6zel Gezileri - JULES VERNE BUSINESS MICE TRAVEL\",\"isPartOf\":{\"@id\":\"https:\/\/julesverne.com.tr\/#website\"},\"primaryImageOfPage\":{\"@id\":\"https:\/\/julesverne.com.tr\/travel-blog\/jules-verne-sonbahar-2020-ozel-gezileri\/#primaryimage\"},\"image\":{\"@id\":\"https:\/\/julesverne.com.tr\/travel-blog\/jules-verne-sonbahar-2020-ozel-gezileri\/#primaryimage\"},\"thumbnailUrl\":\"https:\/\/julesverne.com.tr\/wp-content\/uploads\/2020\/09\/kapadokyajulesverne.jpg\",\"datePublished\":\"2020-07-17T08:49:05+00:00\",\"dateModified\":\"2021-06-25T10:16:07+00:00\",\"breadcrumb\":{\"@id\":\"https:\/\/julesverne.com.tr\/travel-blog\/jules-verne-sonbahar-2020-ozel-gezileri\/#breadcrumb\"},\"inLanguage\":\"en-US\",\"potentialAction\":[{\"@type\":\"ReadAction\",\"target\":[\"https:\/\/julesverne.com.tr\/travel-blog\/jules-verne-sonbahar-2020-ozel-gezileri\/\"]}]},{\"@type\":\"ImageObject\",\"inLanguage\":\"en-US\",\"@id\":\"https:\/\/julesverne.com.tr\/travel-blog\/jules-verne-sonbahar-2020-ozel-gezileri\/#primaryimage\",\"url\":\"https:\/\/julesverne.com.tr\/wp-content\/uploads\/2020\/09\/kapadokyajulesverne.jpg\",\"contentUrl\":\"https:\/\/julesverne.com.tr\/wp-content\/uploads\/2020\/09\/kapadokyajulesverne.jpg\",\"width\":999,\"height\":666},{\"@type\":\"BreadcrumbList\",\"@id\":\"https:\/\/julesverne.com.tr\/travel-blog\/jules-verne-sonbahar-2020-ozel-gezileri\/#breadcrumb\",\"itemListElement\":[{\"@type\":\"ListItem\",\"position\":1,\"name\":\"Anasayfa\",\"item\":\"https:\/\/julesverne.com.tr\/\"},{\"@type\":\"ListItem\",\"position\":2,\"name\":\"Jules Verne Sonbahar 2020 \u00d6zel Gezileri\"}]},{\"@type\":\"WebSite\",\"@id\":\"https:\/\/julesverne.com.tr\/#website\",\"url\":\"https:\/\/julesverne.com.tr\/\",\"name\":\"JULES VERNE BUSINESS MICE TRAVEL\",\"description\":\"\",\"publisher\":{\"@id\":\"https:\/\/julesverne.com.tr\/#organization\"},\"potentialAction\":[{\"@type\":\"SearchAction\",\"target\":{\"@type\":\"EntryPoint\",\"urlTemplate\":\"https:\/\/julesverne.com.tr\/?s={search_term_string}\"},\"query-input\":\"required name=search_term_string\"}],\"inLanguage\":\"en-US\"},{\"@type\":\"Organization\",\"@id\":\"https:\/\/julesverne.com.tr\/#organization\",\"name\":\"JULES VERNE BUSINESS MICE TRAVEL\",\"url\":\"https:\/\/julesverne.com.tr\/\",\"logo\":{\"@type\":\"ImageObject\",\"inLanguage\":\"en-US\",\"@id\":\"https:\/\/julesverne.com.tr\/#\/schema\/logo\/image\/\",\"url\":\"https:\/\/julesverne.com.tr\/wp-content\/uploads\/2020\/09\/jv-bmt-logo.png\",\"contentUrl\":\"https:\/\/julesverne.com.tr\/wp-content\/uploads\/2020\/09\/jv-bmt-logo.png\",\"width\":110,\"height\":81,\"caption\":\"JULES VERNE BUSINESS MICE TRAVEL\"},\"image\":{\"@id\":\"https:\/\/julesverne.com.tr\/#\/schema\/logo\/image\/\"},\"sameAs\":[\"https:\/\/www.facebook.com\/JulesVerneBusinessMiceTravel\/\",\"https:\/\/twitter.com\/JV_BusinessMice\",\"https:\/\/www.instagram.com\/julesvernebusinessmicetravel\/\",\"https:\/\/www.linkedin.com\/company\/julesvernebusinessmicetravel\/\",\"https:\/\/www.youtube.com\/channel\/UCAwdsmbZ6tFhu1tea6pkpiw\"]},{\"@type\":\"Person\",\"@id\":\"https:\/\/julesverne.com.tr\/#\/schema\/person\/f4eb0514ae455538644c31b99a466fdb\",\"name\":\"fikirman\",\"sameAs\":[\"http:\/\/advermedya.net\/julesverne\"],\"url\":\"https:\/\/julesverne.com.tr\/en\/author\/fikirman\/\"}]}<\/script>\n<!-- \/ Yoast SEO plugin. -->","yoast_head_json":{"title":"Jules Verne Sonbahar 2020 \u00d6zel Gezileri - JULES VERNE BUSINESS MICE TRAVEL","robots":{"index":"index","follow":"follow","max-snippet":"max-snippet:-1","max-image-preview":"max-image-preview:large","max-video-preview":"max-video-preview:-1"},"canonical":"https:\/\/julesverne.com.tr\/travel-blog\/jules-verne-sonbahar-2020-ozel-gezileri\/","og_locale":"en_US","og_type":"article","og_title":"Jules Verne Sonbahar 2020 \u00d6zel Gezileri - JULES VERNE BUSINESS MICE TRAVEL","og_description":"Al\u0131nan t&uuml;m sa\u011fl\u0131k ve hijyen tedbirleri &ccedil;er&ccedil;evesinde T&uuml;rkiye&rsquo;nin An\u0131 Defteri&rsquo;ni birlikte olu\u015fturuyoruz. 2020 Sonbahar Gezilerimiz ile birlikte &ldquo;yeniden seyahat&rdquo; diyoruz.","og_url":"https:\/\/julesverne.com.tr\/travel-blog\/jules-verne-sonbahar-2020-ozel-gezileri\/","og_site_name":"JULES VERNE BUSINESS MICE TRAVEL","article_publisher":"https:\/\/www.facebook.com\/JulesVerneBusinessMiceTravel\/","article_published_time":"2020-07-17T08:49:05+00:00","article_modified_time":"2021-06-25T10:16:07+00:00","og_image":[{"width":999,"height":666,"url":"https:\/\/julesverne.com.tr\/wp-content\/uploads\/2020\/09\/kapadokyajulesverne.jpg","type":"image\/jpeg"}],"author":"fikirman","twitter_card":"summary_large_image","twitter_creator":"@JV_BusinessMice","twitter_site":"@JV_BusinessMice","twitter_misc":{"Written by":"fikirman","Est. reading time":"3 minutes"},"schema":{"@context":"https:\/\/schema.org","@graph":[{"@type":"Article","@id":"https:\/\/julesverne.com.tr\/travel-blog\/jules-verne-sonbahar-2020-ozel-gezileri\/#article","isPartOf":{"@id":"https:\/\/julesverne.com.tr\/travel-blog\/jules-verne-sonbahar-2020-ozel-gezileri\/"},"author":{"name":"fikirman","@id":"https:\/\/julesverne.com.tr\/#\/schema\/person\/f4eb0514ae455538644c31b99a466fdb"},"headline":"Jules Verne Sonbahar 2020 \u00d6zel Gezileri","datePublished":"2020-07-17T08:49:05+00:00","dateModified":"2021-06-25T10:16:07+00:00","mainEntityOfPage":{"@id":"https:\/\/julesverne.com.tr\/travel-blog\/jules-verne-sonbahar-2020-ozel-gezileri\/"},"wordCount":532,"publisher":{"@id":"https:\/\/julesverne.com.tr\/#organization"},"image":{"@id":"https:\/\/julesverne.com.tr\/travel-blog\/jules-verne-sonbahar-2020-ozel-gezileri\/#primaryimage"},"thumbnailUrl":"https:\/\/julesverne.com.tr\/wp-content\/uploads\/2020\/09\/kapadokyajulesverne.jpg","keywords":["Blog"],"articleSection":["Blog"],"inLanguage":"en-US"},{"@type":"WebPage","@id":"https:\/\/julesverne.com.tr\/travel-blog\/jules-verne-sonbahar-2020-ozel-gezileri\/","url":"https:\/\/julesverne.com.tr\/travel-blog\/jules-verne-sonbahar-2020-ozel-gezileri\/","name":"Jules Verne Sonbahar 2020 \u00d6zel Gezileri - JULES VERNE BUSINESS MICE TRAVEL","isPartOf":{"@id":"https:\/\/julesverne.com.tr\/#website"},"primaryImageOfPage":{"@id":"https:\/\/julesverne.com.tr\/travel-blog\/jules-verne-sonbahar-2020-ozel-gezileri\/#primaryimage"},"image":{"@id":"https:\/\/julesverne.com.tr\/travel-blog\/jules-verne-sonbahar-2020-ozel-gezileri\/#primaryimage"},"thumbnailUrl":"https:\/\/julesverne.com.tr\/wp-content\/uploads\/2020\/09\/kapadokyajulesverne.jpg","datePublished":"2020-07-17T08:49:05+00:00","dateModified":"2021-06-25T10:16:07+00:00","breadcrumb":{"@id":"https:\/\/julesverne.com.tr\/travel-blog\/jules-verne-sonbahar-2020-ozel-gezileri\/#breadcrumb"},"inLanguage":"en-US","potentialAction":[{"@type":"ReadAction","target":["https:\/\/julesverne.com.tr\/travel-blog\/jules-verne-sonbahar-2020-ozel-gezileri\/"]}]},{"@type":"ImageObject","inLanguage":"en-US","@id":"https:\/\/julesverne.com.tr\/travel-blog\/jules-verne-sonbahar-2020-ozel-gezileri\/#primaryimage","url":"https:\/\/julesverne.com.tr\/wp-content\/uploads\/2020\/09\/kapadokyajulesverne.jpg","contentUrl":"https:\/\/julesverne.com.tr\/wp-content\/uploads\/2020\/09\/kapadokyajulesverne.jpg","width":999,"height":666},{"@type":"BreadcrumbList","@id":"https:\/\/julesverne.com.tr\/travel-blog\/jules-verne-sonbahar-2020-ozel-gezileri\/#breadcrumb","itemListElement":[{"@type":"ListItem","position":1,"name":"Anasayfa","item":"https:\/\/julesverne.com.tr\/"},{"@type":"ListItem","position":2,"name":"Jules Verne Sonbahar 2020 \u00d6zel Gezileri"}]},{"@type":"WebSite","@id":"https:\/\/julesverne.com.tr\/#website","url":"https:\/\/julesverne.com.tr\/","name":"JULES VERNE BUSINESS MICE TRAVEL","description":"","publisher":{"@id":"https:\/\/julesverne.com.tr\/#organization"},"potentialAction":[{"@type":"SearchAction","target":{"@type":"EntryPoint","urlTemplate":"https:\/\/julesverne.com.tr\/?s={search_term_string}"},"query-input":"required name=search_term_string"}],"inLanguage":"en-US"},{"@type":"Organization","@id":"https:\/\/julesverne.com.tr\/#organization","name":"JULES VERNE BUSINESS MICE TRAVEL","url":"https:\/\/julesverne.com.tr\/","logo":{"@type":"ImageObject","inLanguage":"en-US","@id":"https:\/\/julesverne.com.tr\/#\/schema\/logo\/image\/","url":"https:\/\/julesverne.com.tr\/wp-content\/uploads\/2020\/09\/jv-bmt-logo.png","contentUrl":"https:\/\/julesverne.com.tr\/wp-content\/uploads\/2020\/09\/jv-bmt-logo.png","width":110,"height":81,"caption":"JULES VERNE BUSINESS MICE TRAVEL"},"image":{"@id":"https:\/\/julesverne.com.tr\/#\/schema\/logo\/image\/"},"sameAs":["https:\/\/www.facebook.com\/JulesVerneBusinessMiceTravel\/","https:\/\/twitter.com\/JV_BusinessMice","https:\/\/www.instagram.com\/julesvernebusinessmicetravel\/","https:\/\/www.linkedin.com\/company\/julesvernebusinessmicetravel\/","https:\/\/www.youtube.com\/channel\/UCAwdsmbZ6tFhu1tea6pkpiw"]},{"@type":"Person","@id":"https:\/\/julesverne.com.tr\/#\/schema\/person\/f4eb0514ae455538644c31b99a466fdb","name":"fikirman","sameAs":["http:\/\/advermedya.net\/julesverne"],"url":"https:\/\/julesverne.com.tr\/en\/author\/fikirman\/"}]}},"_links":{"self":[{"href":"https:\/\/julesverne.com.tr\/en\/wp-json\/wp\/v2\/posts\/2350"}],"collection":[{"href":"https:\/\/julesverne.com.tr\/en\/wp-json\/wp\/v2\/posts"}],"about":[{"href":"https:\/\/julesverne.com.tr\/en\/wp-json\/wp\/v2\/types\/post"}],"author":[{"embeddable":true,"href":"https:\/\/julesverne.com.tr\/en\/wp-json\/wp\/v2\/users\/1"}],"replies":[{"embeddable":true,"href":"https:\/\/julesverne.com.tr\/en\/wp-json\/wp\/v2\/comments?post=2350"}],"version-history":[{"count":0,"href":"https:\/\/julesverne.com.tr\/en\/wp-json\/wp\/v2\/posts\/2350\/revisions"}],"wp:featuredmedia":[{"embeddable":true,"href":"https:\/\/julesverne.com.tr\/en\/wp-json\/wp\/v2\/media\/2351"}],"wp:attachment":[{"href":"https:\/\/julesverne.com.tr\/en\/wp-json\/wp\/v2\/media?parent=2350"}],"wp:term":[{"taxonomy":"category","embeddable":true,"href":"https:\/\/julesverne.com.tr\/en\/wp-json\/wp\/v2\/categories?post=2350"},{"taxonomy":"post_tag","embeddable":true,"href":"https:\/\/julesverne.com.tr\/en\/wp-json\/wp\/v2\/tags?post=2350"}],"curies":[{"name":"wp","href":"https:\/\/api.w.org\/{rel}","templated":true}]}}