{"id":2347,"date":"2022-07-02T17:19:15","date_gmt":"2022-07-02T14:19:15","guid":{"rendered":"https:\/\/www.julesverne.com.tr\/\/blog\/turkiyenin-gozlerden-uzak-sahil-kasabalari\/"},"modified":"2022-07-06T17:11:32","modified_gmt":"2022-07-06T14:11:32","slug":"turkiyenin-gozlerden-uzak-sahil-kasabalari","status":"publish","type":"post","link":"https:\/\/julesverne.com.tr\/en\/travel-blog\/nereye-gitsek\/turkiyenin-gozlerden-uzak-sahil-kasabalari\/","title":{"rendered":"T\u00fcrkiye\u2019nin G\u00f6zlerden Uzak Sahil Kasabalar\u0131"},"content":{"rendered":"<p><\/p>\n<p style=\"text-align: center;\"><img loading=\"lazy\" decoding=\"async\" class=\"alignnone wp-image-2505\" src=\"https:\/\/www.julesverne.com.tr\/\/wp-content\/uploads\/2020\/09\/kalkan-1.jpg\" alt=\"kalkan\" width=\"1200\" height=\"800\" srcset=\"https:\/\/julesverne.com.tr\/wp-content\/uploads\/2020\/09\/kalkan-1.jpg 999w, https:\/\/julesverne.com.tr\/wp-content\/uploads\/2020\/09\/kalkan-1-500x333.jpg 500w, https:\/\/julesverne.com.tr\/wp-content\/uploads\/2020\/09\/kalkan-1-768x512.jpg 768w\" sizes=\"(max-width: 1200px) 100vw, 1200px\" \/><\/p>\n<p>Biraz da sakin, g\u00f6zlerden uzak k\u0131y\u0131 kasabalar\u0131na gidelim mi? \u00dc\u00e7 taraf\u0131 denizlerle \u00e7evrili bir \u00fclkede ya\u015famam\u0131z\u0131n en b\u00fcy\u00fck \u00f6d\u00fcl\u00fc de gezmekle bitmeyecek sahil kasabalar\u0131na sahip olmak. Bodrum, \u00c7e\u015fme, Marmaris, Ku\u015fadas\u0131 rotalar\u0131nda bu kez daha az bilinen, daha bakir kalabilmi\u015f kasabalar\u0131 sizin i\u00e7in derledik. Bazen, bilinmeyeni ke\u015ffetmenin heyecan\u0131 bile var\u0131lacak durak i\u00e7in yap\u0131lan yolculu\u011fa de\u011fer.*<\/p>\n<p><strong>Maz\u0131k\u00f6y<\/strong><\/p>\n<p style=\"text-align: center;\"><strong><img loading=\"lazy\" decoding=\"async\" class=\"alignnone wp-image-2506\" src=\"https:\/\/www.julesverne.com.tr\/\/wp-content\/uploads\/2020\/09\/mazikoy.jpg\" alt=\"Maz\u0131k\u00f6y\" width=\"1200\" height=\"805\" srcset=\"https:\/\/julesverne.com.tr\/wp-content\/uploads\/2020\/09\/mazikoy.jpg 999w, https:\/\/julesverne.com.tr\/wp-content\/uploads\/2020\/09\/mazikoy-500x335.jpg 500w, https:\/\/julesverne.com.tr\/wp-content\/uploads\/2020\/09\/mazikoy-768x515.jpg 768w\" sizes=\"(max-width: 1200px) 100vw, 1200px\" \/><\/strong><\/p>\n<p>Bodrum&#8217;a 1 saat uzakl\u0131kta, G\u00f6kova K\u00f6rfezi&#8217;nin kuzey k\u0131y\u0131s\u0131nda yer alan Maz\u0131k\u00f6y&#8217;\u00fcn tarihi Kayral\u0131lara uzan\u0131yor. Yukar\u0131 ve A\u015fa\u011f\u0131 Maz\u0131 olarak iki b\u00f6l\u00fcmden olu\u015fan kasaban\u0131n Yukar\u0131 b\u00f6l\u00fcm\u00fc zaman\u0131nda korsanlardan korunmak amac\u0131yla kurulmu\u015f. A\u015fa\u011f\u0131 Maz\u0131 ise a\u011fa\u00e7larla \u00e7evrili sahili, bal\u0131k lokantalar\u0131, pansiyonlar\u0131yla daha hareketli. Maz\u0131k\u00f6y Kisseb\u00fck\u00fc, Hurma, Ilg\u0131n ve Sedef koylar\u0131yla mavi yolculuk rotalar\u0131n\u0131n da sevilen duraklar\u0131. Kara yolu ile ba\u011flant\u0131s\u0131 olan koylar\u0131n y\u00fcr\u00fcy\u00fc\u015f parkurlar\u0131 do\u011fa tutkunlar\u0131 i\u00e7in heyecan verici.<\/p>\n<p><strong>Karaburun<\/strong><\/p>\n<p style=\"text-align: center;\"><strong><img loading=\"lazy\" decoding=\"async\" class=\"alignnone wp-image-2507\" src=\"https:\/\/www.julesverne.com.tr\/\/wp-content\/uploads\/2020\/09\/karaburun.jpg\" alt=\"Karaburun\" width=\"1200\" height=\"799\" srcset=\"https:\/\/julesverne.com.tr\/wp-content\/uploads\/2020\/09\/karaburun.jpg 999w, https:\/\/julesverne.com.tr\/wp-content\/uploads\/2020\/09\/karaburun-500x333.jpg 500w, https:\/\/julesverne.com.tr\/wp-content\/uploads\/2020\/09\/karaburun-768x511.jpg 768w\" sizes=\"(max-width: 1200px) 100vw, 1200px\" \/><\/strong><\/p>\n<p>Bol virajl\u0131 yolu y\u00fcz\u00fcnden midir bilinmez, \u00c7e\u015fme&#8217;ye gidilirken g\u00f6zden ka\u00e7an Karaburun Yar\u0131madas\u0131 el de\u011fmemi\u015f do\u011fas\u0131, kendi halindeki k\u00f6yleri, ke\u015fif merak\u0131n\u0131z derinle\u015ftik\u00e7e sizi \u015fa\u015f\u0131rtan bakir koylar\u0131, mis gibi havas\u0131yla ke\u015ffedilmemi\u015fi ke\u015ffetmek isteyen gezginlerin s\u0131\u011f\u0131na\u011f\u0131. Ziyaret edenlerin kendine saklamak istedikleri Karaburun Yar\u0131madas\u0131&#8217;n\u0131n da merkezi olan Karaburun tam olarak Fo\u00e7a&#8217;n\u0131n kar\u015f\u0131 k\u0131y\u0131s\u0131na denk geliyor. Ege sahil kasabalar\u0131nda ge\u00e7en, ruha dokunan eski T\u00fcrk filmlerini an\u0131msatan Karaburun hayat tarz\u0131yla da &#8220;zaman\u0131 unutun&#8221; mesaj\u0131 veriyor.<\/p>\n<p><strong>Kalkan<\/strong><\/p>\n<p style=\"text-align: center;\"><strong><img loading=\"lazy\" decoding=\"async\" class=\"alignnone wp-image-2508\" src=\"https:\/\/www.julesverne.com.tr\/\/wp-content\/uploads\/2020\/09\/kalkanturkey.jpg\" alt=\"\" width=\"1200\" height=\"800\" srcset=\"https:\/\/julesverne.com.tr\/wp-content\/uploads\/2020\/09\/kalkanturkey.jpg 999w, https:\/\/julesverne.com.tr\/wp-content\/uploads\/2020\/09\/kalkanturkey-500x333.jpg 500w, https:\/\/julesverne.com.tr\/wp-content\/uploads\/2020\/09\/kalkanturkey-768x512.jpg 768w\" sizes=\"(max-width: 1200px) 100vw, 1200px\" \/><\/strong><\/p>\n<p>Yabanc\u0131 turistlerin g\u00f6n\u00fclden ba\u011fl\u0131 oldu\u011fu Kalkan, Ka\u015f rotas\u0131nda \u201cg\u00fcn\u00fcbirlik\u201d ziyaret edilecek bir yer gibi g\u00f6r\u00fcnse de \u00f6yle g\u00fczel koylar\u0131 var ki en az\u0131ndan birka\u00e7 g\u00fcn ge\u00e7irmeye de\u011fer. Akvaryum gibi benzetmesinin kar\u015f\u0131l\u0131\u011f\u0131n\u0131 bulan koylar\u0131nda g\u00fcne\u015f batana kalmak istiyor insan. Patara Antik Kenti\u2019nin b\u00fcy\u00fcs\u00fcn\u00fc de ekledi\u011finizde Kalkan\u2019\u0131n hik\u00e2yesi tamamlan\u0131yor.\u00a0Kalkan ve \u00e7evresi arkeolojik a\u00e7\u0131dan olduk\u00e7a zengin bir yer. B\u00f6lgedeki Likya Harabeleri, Xanthos, Sydima, Pinara, Myra, Bat\u0131k \u015eehir Kekova, Sakl\u0131kent Gorge ve Patara gibi tarihi ve arkeolojik alanlar\u0131 gezip g\u00f6rmenizi \u00f6neririz.<\/p>\n<p><strong>G\u00fczel\u00e7aml\u0131<\/strong><\/p>\n<p style=\"text-align: center;\"><strong><img loading=\"lazy\" decoding=\"async\" class=\"alignnone wp-image-2509\" src=\"https:\/\/www.julesverne.com.tr\/\/wp-content\/uploads\/2020\/09\/guzelcamli.jpg\" alt=\"G\u00fczel\u00e7aml\u0131\" width=\"1200\" height=\"830\" srcset=\"https:\/\/julesverne.com.tr\/wp-content\/uploads\/2020\/09\/guzelcamli.jpg 999w, https:\/\/julesverne.com.tr\/wp-content\/uploads\/2020\/09\/guzelcamli-500x346.jpg 500w, https:\/\/julesverne.com.tr\/wp-content\/uploads\/2020\/09\/guzelcamli-768x531.jpg 768w\" sizes=\"(max-width: 1200px) 100vw, 1200px\" \/><\/strong><\/p>\n<p>Biyo \u00e7e\u015fitlili\u011fi, endemik t\u00fcrlerin varl\u0131\u011f\u0131 ile do\u011fal a\u00e7\u0131k hava m\u00fczesi gibi olan Dilek Yar\u0131madas\u0131 sadece Ku\u015fadas\u0131&#8217;n\u0131n de\u011fil T\u00fcrkiye&#8217;nin en etkileyici do\u011fal b\u00f6lgelerinden biri. Berrakl\u0131\u011f\u0131, yemye\u015fil bir do\u011fayla \u00e7evrili sakl\u0131 koylar\u0131yla g\u00f6reni kendine \u00e2\u015f\u0131k etmeyi ba\u015far\u0131yor. Dilek Yar\u0131madas\u0131 Tabiat Park\u0131&#8217;n\u0131n hemen k\u0131y\u0131s\u0131nda yer alan G\u00fczel\u00e7aml\u0131 ise tipik bir sahil kasabas\u0131. Yazl\u0131k sitelerin oldu\u011fu, sakin bir ya\u015fam\u0131n h\u00e2kim oldu\u011fu G\u00fczel\u00e7aml\u0131&#8217;ya temiz bir nefes, temiz bir deniz keyfi i\u00e7in gidilmeli.<\/p>\n<p><strong>Ild\u0131r<\/strong><\/p>\n<p style=\"text-align: center;\"><strong><img loading=\"lazy\" decoding=\"async\" class=\"alignnone wp-image-2510\" src=\"https:\/\/www.julesverne.com.tr\/\/wp-content\/uploads\/2020\/09\/ildir.jpg\" alt=\"Ild\u0131r\" width=\"1200\" height=\"788\" srcset=\"https:\/\/julesverne.com.tr\/wp-content\/uploads\/2020\/09\/ildir.jpg 999w, https:\/\/julesverne.com.tr\/wp-content\/uploads\/2020\/09\/ildir-500x328.jpg 500w, https:\/\/julesverne.com.tr\/wp-content\/uploads\/2020\/09\/ildir-768x504.jpg 768w\" sizes=\"(max-width: 1200px) 100vw, 1200px\" \/><\/strong><\/p>\n<p>\u00c7e\u015fme Yar\u0131madas\u0131&#8217;n\u0131n en bakir sahil k\u00f6y\u00fc Ild\u0131r, Erythrai Antik Kenti&#8217;nin eteklerine kurulan bir hazine. Hareketli ya\u015fam\u0131 24 saat s\u00fcren Ala\u00e7at\u0131, Il\u0131ca gibi semtlerine inat sakinli\u011fini ve sadeli\u011fini koruyan Ild\u0131r kalabal\u0131k sevmeyen, eski Ege k\u00f6ylerinin do\u011fall\u0131\u011f\u0131n\u0131 arayanlar i\u00e7in tatl\u0131 bir durak. G\u00fcn bat\u0131m\u0131 manzaralar\u0131 ile efsane olan Ild\u0131r&#8217;\u0131n lokantalar\u0131, antik kenti, kafeleri, dondurmac\u0131s\u0131ndan lokmac\u0131s\u0131na s\u0131ralanan yerel d\u00fckk\u00e2nlar\u0131 buradan g\u00fczel duygularla ayr\u0131lman\u0131z\u0131n en b\u00fcy\u00fck motivasyonlar\u0131 oluyor.<\/p>\n<p><strong>Kalek\u00f6y\u00a0<\/strong><\/p>\n<p style=\"text-align: center;\"><strong><img loading=\"lazy\" decoding=\"async\" class=\"alignnone wp-image-2511\" src=\"https:\/\/www.julesverne.com.tr\/\/wp-content\/uploads\/2020\/09\/kalekoy.jpg\" alt=\"Kalek\u00f6y \" width=\"1200\" height=\"800\" srcset=\"https:\/\/julesverne.com.tr\/wp-content\/uploads\/2020\/09\/kalekoy.jpg 999w, https:\/\/julesverne.com.tr\/wp-content\/uploads\/2020\/09\/kalekoy-500x333.jpg 500w, https:\/\/julesverne.com.tr\/wp-content\/uploads\/2020\/09\/kalekoy-768x512.jpg 768w\" sizes=\"(max-width: 1200px) 100vw, 1200px\" \/><\/strong><\/p>\n<p>Karayolu ile ula\u015f\u0131m\u0131n olmamas\u0131 Kalek\u00f6y&#8217;\u00fc eri\u015filmez gibi g\u00f6sterse de sihri de asl\u0131nda burada sakl\u0131. \u0130lk g\u00fcnk\u00fc durulu\u011funu koruyan Kalek\u00f6y&#8217;\u00fcn bozulmam\u0131\u015f hali her ziyaret edi\u015fte sizi mutlu ediyor. \u00dc\u00e7a\u011f\u0131z&#8217;dan teknelerle ula\u015fabildi\u011finiz Kalek\u00f6y 30 haneli k\u00fc\u00e7\u00fcc\u00fck bir d\u00fcnya. Kekova Adas\u0131 manzaras\u0131na bakan Kalek\u00f6y egzoz duman\u0131 olmadan, korna sesi duymadan, sade ve sakin bir hayat\u0131n m\u00fcmk\u00fcn oldu\u011funu bir kez daha hat\u0131rlat\u0131yor.<\/p>\n<p><strong>\u00d6zdere<\/strong><\/p>\n<p style=\"text-align: center;\"><strong><img loading=\"lazy\" decoding=\"async\" class=\"alignnone wp-image-2512\" src=\"https:\/\/www.julesverne.com.tr\/\/wp-content\/uploads\/2020\/09\/ozdere.jpg\" alt=\"\u00d6zdere\" width=\"1200\" height=\"799\" srcset=\"https:\/\/julesverne.com.tr\/wp-content\/uploads\/2020\/09\/ozdere.jpg 999w, https:\/\/julesverne.com.tr\/wp-content\/uploads\/2020\/09\/ozdere-500x333.jpg 500w, https:\/\/julesverne.com.tr\/wp-content\/uploads\/2020\/09\/ozdere-768x511.jpg 768w\" sizes=\"(max-width: 1200px) 100vw, 1200px\" \/><\/strong><\/p>\n<p>\u0130zmir&#8217;in sahne \u0131\u015f\u0131klar\u0131yla parlayan tatil ve parti destinasyonlar\u0131 aras\u0131nda ge\u00e7mi\u015fin yazl\u0131k tatil anlay\u0131\u015f\u0131na bir g\u00f6nderme niteli\u011finde olan \u00d6zdere 1800 metre uzunlu\u011funda sahili, koylar\u0131, yazl\u0131k siteleriyle sakinli\u011fe davet ediyor. Yaz aylar\u0131nda yo\u011funla\u015fan \u00d6zdere civar\u0131ndaki sakl\u0131 koylar\u0131 ke\u015ffederek masmavi Ege Denizi&#8217;nin keyfini \u00e7\u0131karabilirsiniz.<\/p>\n<p><strong>\u00c7iftlik<\/strong><\/p>\n<p style=\"text-align: center;\"><strong><img loading=\"lazy\" decoding=\"async\" class=\"alignnone wp-image-2513\" src=\"https:\/\/www.julesverne.com.tr\/\/wp-content\/uploads\/2020\/09\/ciftlikmarmaris.jpg\" alt=\"\u00c7iftlik\" width=\"1200\" height=\"800\" srcset=\"https:\/\/julesverne.com.tr\/wp-content\/uploads\/2020\/09\/ciftlikmarmaris.jpg 999w, https:\/\/julesverne.com.tr\/wp-content\/uploads\/2020\/09\/ciftlikmarmaris-500x333.jpg 500w, https:\/\/julesverne.com.tr\/wp-content\/uploads\/2020\/09\/ciftlikmarmaris-768x512.jpg 768w\" sizes=\"(max-width: 1200px) 100vw, 1200px\" \/><\/strong><\/p>\n<p>Marmaris&#8217;in g\u00fcneybat\u0131s\u0131na denk gelen \u00c7iftlik&#8217;e gelirken size harika bir do\u011fa e\u015flik ediyor. \u00d6zellikle mavi yolculuklar\u0131n u\u011frak noktas\u0131 olan korunakl\u0131 koyu turkuaz mavi sular\u0131 ve iri taneli kumlu sahiliyle &#8220;i\u015fte bu&#8221; dedirtiyor. \u00c7ok az yerle\u015fimin oldu\u011fu \u00c7iftlik; deniz-kum-g\u00fcne\u015f bana yeter diyenlere sessiz bir liman oluyor.<\/p>\n<h4 style=\"text-align: center;\"><strong>Size \u00f6zel seyahat program\u0131 ve rezervasyon i\u00e7in:<br \/>\n<\/strong><strong>travel@julesverne.com.tr<br \/>\n<\/strong><\/h4>\n<p><\/p>","protected":false},"excerpt":{"rendered":"<p>Biraz da sakin, g&ouml;zlerden uzak k\u0131y\u0131 kasabalar\u0131na gidelim mi?<\/p>\n","protected":false},"author":1,"featured_media":8792,"comment_status":"closed","ping_status":"closed","sticky":false,"template":"","format":"standard","meta":{"inline_featured_image":false,"footnotes":""},"categories":[38,1,39],"tags":[77,73,140],"acf":[],"yoast_head":"<!-- This site is optimized with the Yoast SEO plugin v22.3 - https:\/\/yoast.com\/wordpress\/plugins\/seo\/ -->\n<title>T\u00fcrkiye\u2019nin G\u00f6zlerden Uzak Sahil Kasabalar\u0131 - JULES VERNE BUSINESS MICE TRAVEL<\/title>\n<meta name=\"description\" content=\"Bodrum, \u00c7e\u015fme, Marmaris, Ku\u015fadas\u0131 rotalar\u0131nda bu kez daha az bilinen, daha bakir kalabilmi\u015f kasabalar\u0131 sizin i\u00e7in derledik.\" \/>\n<meta name=\"robots\" content=\"index, follow, max-snippet:-1, max-image-preview:large, max-video-preview:-1\" \/>\n<link rel=\"canonical\" href=\"https:\/\/julesverne.com.tr\/travel-blog\/turkiyenin-gozlerden-uzak-sahil-kasabalari\/\" \/>\n<meta property=\"og:locale\" content=\"en_US\" \/>\n<meta property=\"og:type\" content=\"article\" \/>\n<meta property=\"og:title\" content=\"T\u00fcrkiye\u2019nin G\u00f6zlerden Uzak Sahil Kasabalar\u0131 - JULES VERNE BUSINESS MICE TRAVEL\" \/>\n<meta property=\"og:description\" content=\"Bodrum, \u00c7e\u015fme, Marmaris, Ku\u015fadas\u0131 rotalar\u0131nda bu kez daha az bilinen, daha bakir kalabilmi\u015f kasabalar\u0131 sizin i\u00e7in derledik.\" \/>\n<meta property=\"og:url\" content=\"https:\/\/julesverne.com.tr\/travel-blog\/turkiyenin-gozlerden-uzak-sahil-kasabalari\/\" \/>\n<meta property=\"og:site_name\" content=\"JULES VERNE BUSINESS MICE TRAVEL\" \/>\n<meta property=\"article:publisher\" content=\"https:\/\/www.facebook.com\/JulesVerneBusinessMiceTravel\/\" \/>\n<meta property=\"article:published_time\" content=\"2022-07-02T14:19:15+00:00\" \/>\n<meta property=\"article:modified_time\" content=\"2022-07-06T14:11:32+00:00\" \/>\n<meta property=\"og:image\" content=\"https:\/\/julesverne.com.tr\/wp-content\/uploads\/2021\/06\/mazikoy_shutterstock_664685062.jpg\" \/>\n\t<meta property=\"og:image:width\" content=\"1000\" \/>\n\t<meta property=\"og:image:height\" content=\"667\" \/>\n\t<meta property=\"og:image:type\" content=\"image\/jpeg\" \/>\n<meta name=\"author\" content=\"fikirman\" \/>\n<meta name=\"twitter:card\" content=\"summary_large_image\" \/>\n<meta name=\"twitter:creator\" content=\"@JV_BusinessMice\" \/>\n<meta name=\"twitter:site\" content=\"@JV_BusinessMice\" \/>\n<meta name=\"twitter:label1\" content=\"Written by\" \/>\n\t<meta name=\"twitter:data1\" content=\"fikirman\" \/>\n\t<meta name=\"twitter:label2\" content=\"Est. reading time\" \/>\n\t<meta name=\"twitter:data2\" content=\"6 minutes\" \/>\n<script type=\"application\/ld+json\" class=\"yoast-schema-graph\">{\"@context\":\"https:\/\/schema.org\",\"@graph\":[{\"@type\":\"Article\",\"@id\":\"https:\/\/julesverne.com.tr\/travel-blog\/turkiyenin-gozlerden-uzak-sahil-kasabalari\/#article\",\"isPartOf\":{\"@id\":\"https:\/\/julesverne.com.tr\/travel-blog\/turkiyenin-gozlerden-uzak-sahil-kasabalari\/\"},\"author\":{\"name\":\"fikirman\",\"@id\":\"https:\/\/julesverne.com.tr\/#\/schema\/person\/f4eb0514ae455538644c31b99a466fdb\"},\"headline\":\"T\u00fcrkiye\u2019nin G\u00f6zlerden Uzak Sahil Kasabalar\u0131\",\"datePublished\":\"2022-07-02T14:19:15+00:00\",\"dateModified\":\"2022-07-06T14:11:32+00:00\",\"mainEntityOfPage\":{\"@id\":\"https:\/\/julesverne.com.tr\/travel-blog\/turkiyenin-gozlerden-uzak-sahil-kasabalari\/\"},\"wordCount\":1637,\"publisher\":{\"@id\":\"https:\/\/julesverne.com.tr\/#organization\"},\"image\":{\"@id\":\"https:\/\/julesverne.com.tr\/travel-blog\/turkiyenin-gozlerden-uzak-sahil-kasabalari\/#primaryimage\"},\"thumbnailUrl\":\"https:\/\/julesverne.com.tr\/wp-content\/uploads\/2021\/06\/mazikoy_shutterstock_664685062.jpg\",\"keywords\":[\"\u0130lham Veren Destinasyonlar\",\"Nereye Gitsek\",\"T\u00fcrkiye'nin Az Bilinen Sahil Kasabalar\u0131\"],\"articleSection\":[\"\u0130lham Veren Destinasyonlar\",\"Blog\",\"Nereye Gitsek?\"],\"inLanguage\":\"en-US\"},{\"@type\":\"WebPage\",\"@id\":\"https:\/\/julesverne.com.tr\/travel-blog\/turkiyenin-gozlerden-uzak-sahil-kasabalari\/\",\"url\":\"https:\/\/julesverne.com.tr\/travel-blog\/turkiyenin-gozlerden-uzak-sahil-kasabalari\/\",\"name\":\"T\u00fcrkiye\u2019nin G\u00f6zlerden Uzak Sahil Kasabalar\u0131 - JULES VERNE BUSINESS MICE TRAVEL\",\"isPartOf\":{\"@id\":\"https:\/\/julesverne.com.tr\/#website\"},\"primaryImageOfPage\":{\"@id\":\"https:\/\/julesverne.com.tr\/travel-blog\/turkiyenin-gozlerden-uzak-sahil-kasabalari\/#primaryimage\"},\"image\":{\"@id\":\"https:\/\/julesverne.com.tr\/travel-blog\/turkiyenin-gozlerden-uzak-sahil-kasabalari\/#primaryimage\"},\"thumbnailUrl\":\"https:\/\/julesverne.com.tr\/wp-content\/uploads\/2021\/06\/mazikoy_shutterstock_664685062.jpg\",\"datePublished\":\"2022-07-02T14:19:15+00:00\",\"dateModified\":\"2022-07-06T14:11:32+00:00\",\"description\":\"Bodrum, \u00c7e\u015fme, Marmaris, Ku\u015fadas\u0131 rotalar\u0131nda bu kez daha az bilinen, daha bakir kalabilmi\u015f kasabalar\u0131 sizin i\u00e7in derledik.\",\"breadcrumb\":{\"@id\":\"https:\/\/julesverne.com.tr\/travel-blog\/turkiyenin-gozlerden-uzak-sahil-kasabalari\/#breadcrumb\"},\"inLanguage\":\"en-US\",\"potentialAction\":[{\"@type\":\"ReadAction\",\"target\":[\"https:\/\/julesverne.com.tr\/travel-blog\/turkiyenin-gozlerden-uzak-sahil-kasabalari\/\"]}]},{\"@type\":\"ImageObject\",\"inLanguage\":\"en-US\",\"@id\":\"https:\/\/julesverne.com.tr\/travel-blog\/turkiyenin-gozlerden-uzak-sahil-kasabalari\/#primaryimage\",\"url\":\"https:\/\/julesverne.com.tr\/wp-content\/uploads\/2021\/06\/mazikoy_shutterstock_664685062.jpg\",\"contentUrl\":\"https:\/\/julesverne.com.tr\/wp-content\/uploads\/2021\/06\/mazikoy_shutterstock_664685062.jpg\",\"width\":1000,\"height\":667},{\"@type\":\"BreadcrumbList\",\"@id\":\"https:\/\/julesverne.com.tr\/travel-blog\/turkiyenin-gozlerden-uzak-sahil-kasabalari\/#breadcrumb\",\"itemListElement\":[{\"@type\":\"ListItem\",\"position\":1,\"name\":\"Anasayfa\",\"item\":\"https:\/\/julesverne.com.tr\/\"},{\"@type\":\"ListItem\",\"position\":2,\"name\":\"T\u00fcrkiye\u2019nin G\u00f6zlerden Uzak Sahil Kasabalar\u0131\"}]},{\"@type\":\"WebSite\",\"@id\":\"https:\/\/julesverne.com.tr\/#website\",\"url\":\"https:\/\/julesverne.com.tr\/\",\"name\":\"JULES VERNE BUSINESS MICE TRAVEL\",\"description\":\"\",\"publisher\":{\"@id\":\"https:\/\/julesverne.com.tr\/#organization\"},\"potentialAction\":[{\"@type\":\"SearchAction\",\"target\":{\"@type\":\"EntryPoint\",\"urlTemplate\":\"https:\/\/julesverne.com.tr\/?s={search_term_string}\"},\"query-input\":\"required name=search_term_string\"}],\"inLanguage\":\"en-US\"},{\"@type\":\"Organization\",\"@id\":\"https:\/\/julesverne.com.tr\/#organization\",\"name\":\"JULES VERNE BUSINESS MICE TRAVEL\",\"url\":\"https:\/\/julesverne.com.tr\/\",\"logo\":{\"@type\":\"ImageObject\",\"inLanguage\":\"en-US\",\"@id\":\"https:\/\/julesverne.com.tr\/#\/schema\/logo\/image\/\",\"url\":\"https:\/\/julesverne.com.tr\/wp-content\/uploads\/2020\/09\/jv-bmt-logo.png\",\"contentUrl\":\"https:\/\/julesverne.com.tr\/wp-content\/uploads\/2020\/09\/jv-bmt-logo.png\",\"width\":110,\"height\":81,\"caption\":\"JULES VERNE BUSINESS MICE TRAVEL\"},\"image\":{\"@id\":\"https:\/\/julesverne.com.tr\/#\/schema\/logo\/image\/\"},\"sameAs\":[\"https:\/\/www.facebook.com\/JulesVerneBusinessMiceTravel\/\",\"https:\/\/twitter.com\/JV_BusinessMice\",\"https:\/\/www.instagram.com\/julesvernebusinessmicetravel\/\",\"https:\/\/www.linkedin.com\/company\/julesvernebusinessmicetravel\/\",\"https:\/\/www.youtube.com\/channel\/UCAwdsmbZ6tFhu1tea6pkpiw\"]},{\"@type\":\"Person\",\"@id\":\"https:\/\/julesverne.com.tr\/#\/schema\/person\/f4eb0514ae455538644c31b99a466fdb\",\"name\":\"fikirman\",\"sameAs\":[\"http:\/\/advermedya.net\/julesverne\"],\"url\":\"https:\/\/julesverne.com.tr\/en\/author\/fikirman\/\"}]}<\/script>\n<!-- \/ Yoast SEO plugin. -->","yoast_head_json":{"title":"T\u00fcrkiye\u2019nin G\u00f6zlerden Uzak Sahil Kasabalar\u0131 - JULES VERNE BUSINESS MICE TRAVEL","description":"Bodrum, \u00c7e\u015fme, Marmaris, Ku\u015fadas\u0131 rotalar\u0131nda bu kez daha az bilinen, daha bakir kalabilmi\u015f kasabalar\u0131 sizin i\u00e7in derledik.","robots":{"index":"index","follow":"follow","max-snippet":"max-snippet:-1","max-image-preview":"max-image-preview:large","max-video-preview":"max-video-preview:-1"},"canonical":"https:\/\/julesverne.com.tr\/travel-blog\/turkiyenin-gozlerden-uzak-sahil-kasabalari\/","og_locale":"en_US","og_type":"article","og_title":"T\u00fcrkiye\u2019nin G\u00f6zlerden Uzak Sahil Kasabalar\u0131 - JULES VERNE BUSINESS MICE TRAVEL","og_description":"Bodrum, \u00c7e\u015fme, Marmaris, Ku\u015fadas\u0131 rotalar\u0131nda bu kez daha az bilinen, daha bakir kalabilmi\u015f kasabalar\u0131 sizin i\u00e7in derledik.","og_url":"https:\/\/julesverne.com.tr\/travel-blog\/turkiyenin-gozlerden-uzak-sahil-kasabalari\/","og_site_name":"JULES VERNE BUSINESS MICE TRAVEL","article_publisher":"https:\/\/www.facebook.com\/JulesVerneBusinessMiceTravel\/","article_published_time":"2022-07-02T14:19:15+00:00","article_modified_time":"2022-07-06T14:11:32+00:00","og_image":[{"width":1000,"height":667,"url":"https:\/\/julesverne.com.tr\/wp-content\/uploads\/2021\/06\/mazikoy_shutterstock_664685062.jpg","type":"image\/jpeg"}],"author":"fikirman","twitter_card":"summary_large_image","twitter_creator":"@JV_BusinessMice","twitter_site":"@JV_BusinessMice","twitter_misc":{"Written by":"fikirman","Est. reading time":"6 minutes"},"schema":{"@context":"https:\/\/schema.org","@graph":[{"@type":"Article","@id":"https:\/\/julesverne.com.tr\/travel-blog\/turkiyenin-gozlerden-uzak-sahil-kasabalari\/#article","isPartOf":{"@id":"https:\/\/julesverne.com.tr\/travel-blog\/turkiyenin-gozlerden-uzak-sahil-kasabalari\/"},"author":{"name":"fikirman","@id":"https:\/\/julesverne.com.tr\/#\/schema\/person\/f4eb0514ae455538644c31b99a466fdb"},"headline":"T\u00fcrkiye\u2019nin G\u00f6zlerden Uzak Sahil Kasabalar\u0131","datePublished":"2022-07-02T14:19:15+00:00","dateModified":"2022-07-06T14:11:32+00:00","mainEntityOfPage":{"@id":"https:\/\/julesverne.com.tr\/travel-blog\/turkiyenin-gozlerden-uzak-sahil-kasabalari\/"},"wordCount":1637,"publisher":{"@id":"https:\/\/julesverne.com.tr\/#organization"},"image":{"@id":"https:\/\/julesverne.com.tr\/travel-blog\/turkiyenin-gozlerden-uzak-sahil-kasabalari\/#primaryimage"},"thumbnailUrl":"https:\/\/julesverne.com.tr\/wp-content\/uploads\/2021\/06\/mazikoy_shutterstock_664685062.jpg","keywords":["\u0130lham Veren Destinasyonlar","Nereye Gitsek","T\u00fcrkiye'nin Az Bilinen Sahil Kasabalar\u0131"],"articleSection":["\u0130lham Veren Destinasyonlar","Blog","Nereye Gitsek?"],"inLanguage":"en-US"},{"@type":"WebPage","@id":"https:\/\/julesverne.com.tr\/travel-blog\/turkiyenin-gozlerden-uzak-sahil-kasabalari\/","url":"https:\/\/julesverne.com.tr\/travel-blog\/turkiyenin-gozlerden-uzak-sahil-kasabalari\/","name":"T\u00fcrkiye\u2019nin G\u00f6zlerden Uzak Sahil Kasabalar\u0131 - JULES VERNE BUSINESS MICE TRAVEL","isPartOf":{"@id":"https:\/\/julesverne.com.tr\/#website"},"primaryImageOfPage":{"@id":"https:\/\/julesverne.com.tr\/travel-blog\/turkiyenin-gozlerden-uzak-sahil-kasabalari\/#primaryimage"},"image":{"@id":"https:\/\/julesverne.com.tr\/travel-blog\/turkiyenin-gozlerden-uzak-sahil-kasabalari\/#primaryimage"},"thumbnailUrl":"https:\/\/julesverne.com.tr\/wp-content\/uploads\/2021\/06\/mazikoy_shutterstock_664685062.jpg","datePublished":"2022-07-02T14:19:15+00:00","dateModified":"2022-07-06T14:11:32+00:00","description":"Bodrum, \u00c7e\u015fme, Marmaris, Ku\u015fadas\u0131 rotalar\u0131nda bu kez daha az bilinen, daha bakir kalabilmi\u015f kasabalar\u0131 sizin i\u00e7in derledik.","breadcrumb":{"@id":"https:\/\/julesverne.com.tr\/travel-blog\/turkiyenin-gozlerden-uzak-sahil-kasabalari\/#breadcrumb"},"inLanguage":"en-US","potentialAction":[{"@type":"ReadAction","target":["https:\/\/julesverne.com.tr\/travel-blog\/turkiyenin-gozlerden-uzak-sahil-kasabalari\/"]}]},{"@type":"ImageObject","inLanguage":"en-US","@id":"https:\/\/julesverne.com.tr\/travel-blog\/turkiyenin-gozlerden-uzak-sahil-kasabalari\/#primaryimage","url":"https:\/\/julesverne.com.tr\/wp-content\/uploads\/2021\/06\/mazikoy_shutterstock_664685062.jpg","contentUrl":"https:\/\/julesverne.com.tr\/wp-content\/uploads\/2021\/06\/mazikoy_shutterstock_664685062.jpg","width":1000,"height":667},{"@type":"BreadcrumbList","@id":"https:\/\/julesverne.com.tr\/travel-blog\/turkiyenin-gozlerden-uzak-sahil-kasabalari\/#breadcrumb","itemListElement":[{"@type":"ListItem","position":1,"name":"Anasayfa","item":"https:\/\/julesverne.com.tr\/"},{"@type":"ListItem","position":2,"name":"T\u00fcrkiye\u2019nin G\u00f6zlerden Uzak Sahil Kasabalar\u0131"}]},{"@type":"WebSite","@id":"https:\/\/julesverne.com.tr\/#website","url":"https:\/\/julesverne.com.tr\/","name":"JULES VERNE BUSINESS MICE TRAVEL","description":"","publisher":{"@id":"https:\/\/julesverne.com.tr\/#organization"},"potentialAction":[{"@type":"SearchAction","target":{"@type":"EntryPoint","urlTemplate":"https:\/\/julesverne.com.tr\/?s={search_term_string}"},"query-input":"required name=search_term_string"}],"inLanguage":"en-US"},{"@type":"Organization","@id":"https:\/\/julesverne.com.tr\/#organization","name":"JULES VERNE BUSINESS MICE TRAVEL","url":"https:\/\/julesverne.com.tr\/","logo":{"@type":"ImageObject","inLanguage":"en-US","@id":"https:\/\/julesverne.com.tr\/#\/schema\/logo\/image\/","url":"https:\/\/julesverne.com.tr\/wp-content\/uploads\/2020\/09\/jv-bmt-logo.png","contentUrl":"https:\/\/julesverne.com.tr\/wp-content\/uploads\/2020\/09\/jv-bmt-logo.png","width":110,"height":81,"caption":"JULES VERNE BUSINESS MICE TRAVEL"},"image":{"@id":"https:\/\/julesverne.com.tr\/#\/schema\/logo\/image\/"},"sameAs":["https:\/\/www.facebook.com\/JulesVerneBusinessMiceTravel\/","https:\/\/twitter.com\/JV_BusinessMice","https:\/\/www.instagram.com\/julesvernebusinessmicetravel\/","https:\/\/www.linkedin.com\/company\/julesvernebusinessmicetravel\/","https:\/\/www.youtube.com\/channel\/UCAwdsmbZ6tFhu1tea6pkpiw"]},{"@type":"Person","@id":"https:\/\/julesverne.com.tr\/#\/schema\/person\/f4eb0514ae455538644c31b99a466fdb","name":"fikirman","sameAs":["http:\/\/advermedya.net\/julesverne"],"url":"https:\/\/julesverne.com.tr\/en\/author\/fikirman\/"}]}},"_links":{"self":[{"href":"https:\/\/julesverne.com.tr\/en\/wp-json\/wp\/v2\/posts\/2347"}],"collection":[{"href":"https:\/\/julesverne.com.tr\/en\/wp-json\/wp\/v2\/posts"}],"about":[{"href":"https:\/\/julesverne.com.tr\/en\/wp-json\/wp\/v2\/types\/post"}],"author":[{"embeddable":true,"href":"https:\/\/julesverne.com.tr\/en\/wp-json\/wp\/v2\/users\/1"}],"replies":[{"embeddable":true,"href":"https:\/\/julesverne.com.tr\/en\/wp-json\/wp\/v2\/comments?post=2347"}],"version-history":[{"count":4,"href":"https:\/\/julesverne.com.tr\/en\/wp-json\/wp\/v2\/posts\/2347\/revisions"}],"predecessor-version":[{"id":13842,"href":"https:\/\/julesverne.com.tr\/en\/wp-json\/wp\/v2\/posts\/2347\/revisions\/13842"}],"wp:featuredmedia":[{"embeddable":true,"href":"https:\/\/julesverne.com.tr\/en\/wp-json\/wp\/v2\/media\/8792"}],"wp:attachment":[{"href":"https:\/\/julesverne.com.tr\/en\/wp-json\/wp\/v2\/media?parent=2347"}],"wp:term":[{"taxonomy":"category","embeddable":true,"href":"https:\/\/julesverne.com.tr\/en\/wp-json\/wp\/v2\/categories?post=2347"},{"taxonomy":"post_tag","embeddable":true,"href":"https:\/\/julesverne.com.tr\/en\/wp-json\/wp\/v2\/tags?post=2347"}],"curies":[{"name":"wp","href":"https:\/\/api.w.org\/{rel}","templated":true}]}}