{"id":2344,"date":"2020-07-08T12:14:57","date_gmt":"2020-07-08T09:14:57","guid":{"rendered":"https:\/\/www.julesverne.com.tr\/\/blog\/bu-yaz-fethiyede-nerede-kalinir\/"},"modified":"2021-06-25T13:17:47","modified_gmt":"2021-06-25T10:17:47","slug":"bu-yaz-fethiyede-nerede-kalinir","status":"publish","type":"post","link":"https:\/\/julesverne.com.tr\/en\/travel-blog\/bu-yaz-fethiyede-nerede-kalinir\/","title":{"rendered":"Bu Yaz Fethiye&#8217;de Nerede Kal\u0131n\u0131r?"},"content":{"rendered":"<p style=\"text-align: center;\"><img loading=\"lazy\" decoding=\"async\" class=\"alignnone size-full wp-image-2516\" src=\"https:\/\/www.julesverne.com.tr\/\/wp-content\/uploads\/2020\/09\/hillside-1.jpg\" alt=\"Hillside Beach Club Fethiye\" width=\"1280\" height=\"720\" srcset=\"https:\/\/julesverne.com.tr\/wp-content\/uploads\/2020\/09\/hillside-1.jpg 1280w, https:\/\/julesverne.com.tr\/wp-content\/uploads\/2020\/09\/hillside-1-500x281.jpg 500w, https:\/\/julesverne.com.tr\/wp-content\/uploads\/2020\/09\/hillside-1-768x432.jpg 768w, https:\/\/julesverne.com.tr\/wp-content\/uploads\/2020\/09\/hillside-1-400x225.jpg 400w\" sizes=\"(max-width: 1280px) 100vw, 1280px\" \/><\/p>\n<p style=\"text-align: left;\">Mu\u011fla&#8217;n\u0131n tabiat g\u00fczellikleriyle kutsanm\u0131\u015f k\u0131y\u0131 b\u00f6lgelerinden biri Fethiye&#8230; E\u015fsiz k\u0131y\u0131lar\u0131, ye\u015fillikler aras\u0131na saklanan otelleri, do\u011fa rotalar\u0131 ile \u015f\u00f6hreti \u00fclke s\u0131n\u0131rlar\u0131n\u0131 a\u015f\u0131yor. Say\u0131s\u0131z turizm olana\u011f\u0131 sanmay\u0131n ki buray\u0131 \u00f6z\u00fcnden uzakla\u015ft\u0131r\u0131yor. Dinlenmek, do\u011fayla bulu\u015fmak, zaman\u0131 kendi keyfinize g\u00f6re y\u00f6netmek i\u00e7in bir mucize ka\u00e7\u0131\u015f noktas\u0131. Bu yaz do\u011fa i\u00e7erisinde, daha sakin bir tatil arzulayanlar i\u00e7in tasar\u0131mlar\u0131, servisleri ile be\u011fenimizi kazanan Fethiye otel koleksiyonu haz\u0131rlad\u0131k. &#8220;Bu yaz Fethiye&#8217;de nerede kal\u0131n\u0131r?&#8221; diyorsan\u0131z cevab\u0131 yaz\u0131m\u0131z\u0131n devam\u0131nda&#8230;<\/p>\n<p><strong>G\u00f6k\u00e7e Gemile, Gemiler Koyu\u00a0\u00a0<\/strong><\/p>\n<p style=\"text-align: center;\"><strong><img loading=\"lazy\" decoding=\"async\" class=\"alignnone size-full wp-image-2517\" src=\"https:\/\/www.julesverne.com.tr\/\/wp-content\/uploads\/2020\/09\/elmalivillagemile.jpg\" alt=\"G\u00f6k\u00e7e Gemile Villa Elmal\u0131\" width=\"1280\" height=\"720\" srcset=\"https:\/\/julesverne.com.tr\/wp-content\/uploads\/2020\/09\/elmalivillagemile.jpg 1280w, https:\/\/julesverne.com.tr\/wp-content\/uploads\/2020\/09\/elmalivillagemile-500x281.jpg 500w, https:\/\/julesverne.com.tr\/wp-content\/uploads\/2020\/09\/elmalivillagemile-768x432.jpg 768w, https:\/\/julesverne.com.tr\/wp-content\/uploads\/2020\/09\/elmalivillagemile-400x225.jpg 400w\" sizes=\"(max-width: 1280px) 100vw, 1280px\" \/><\/strong><\/p>\n<p>Fethiye&#8217;nin 20 km uzakl\u0131\u011f\u0131nda, tarihi yerle\u015fim yeri Kayak\u00f6y&#8217;e birka\u00e7 km mesafede yer alan G\u00f6k\u00e7e Gemile do\u011fa i\u00e7erisindeki zarif villalar\u0131 ile tatil kavram\u0131n\u0131 unutulmaz bir deneyime d\u00f6n\u00fc\u015ft\u00fcr\u00fcyor. Deniz manzaras\u0131,\u00a0 Babada\u011f ile Karatepe\u2019nin yo\u011fun \u00e7am ormanlar\u0131 ile engebeli zirve g\u00f6r\u00fcnt\u00fcleriyle zenginle\u015fen villalar geni\u015f arazide birbirinden ba\u011f\u0131ms\u0131z konumlan\u0131yor. \u00d6zg\u00fcrl\u00fc\u011f\u00fcne ve mahremiyetine \u00f6nem veren seyahat severler i\u00e7in ger\u00e7ek hayattan izole olan G\u00f6k\u00e7e Gemile bir otelden fazlas\u0131 oldu\u011funu hissettiriyor. Bu yaz a\u00e7\u0131k olan Villa Elmal\u0131 da genel konsepte uygun olarak ta\u015f, ah\u015fap gibi do\u011fal malzemelerle in\u015fa edilmi\u015f. Do\u011fal ve r\u00fcstik detaylar\u0131n h\u00e2kim oldu\u011fu dekorasyonu \u015f\u0131k bir da\u011f evinin t\u00fcm \u00f6zelliklerini bar\u0131nd\u0131r\u0131yor. 2 adet ana s\u00fcit, 1 adet \u00e7ift ki\u015filik yatak odas\u0131 bulunan villa t\u00fcm l\u00fcks detaylara sahip.<\/p>\n<p><strong>Perdue Otel, Faralya<\/strong><\/p>\n<p style=\"text-align: center;\"><strong><img loading=\"lazy\" decoding=\"async\" class=\"alignnone size-full wp-image-2518\" src=\"https:\/\/www.julesverne.com.tr\/\/wp-content\/uploads\/2020\/09\/perduehotel.jpg\" alt=\"Perdue Otel Faralya\" width=\"1280\" height=\"853\" srcset=\"https:\/\/julesverne.com.tr\/wp-content\/uploads\/2020\/09\/perduehotel.jpg 1280w, https:\/\/julesverne.com.tr\/wp-content\/uploads\/2020\/09\/perduehotel-500x333.jpg 500w, https:\/\/julesverne.com.tr\/wp-content\/uploads\/2020\/09\/perduehotel-768x512.jpg 768w\" sizes=\"(max-width: 1280px) 100vw, 1280px\" \/><\/strong><\/p>\n<p>Do\u011fa i\u00e7erisindeki inziva otelleri aras\u0131nda parmakla g\u00f6sterilen, yeti\u015fkinler i\u00e7in kurgulanan tasar\u0131m\u0131 ile romantik tatillerin vazge\u00e7ilmezi olan Perdue Hotel Faralya&#8230; Mahremiyete ve sakinli\u011fe \u00f6nem veren gezginler i\u00e7in g\u00f6zlerden uzak butik otel konsepti yaratan Perdue denize s\u0131f\u0131r konumda, 12 d\u00f6n\u00fcm arazi i\u00e7erisinde yer al\u0131yor. Birbirinden ayr\u0131 konumlanan ortak alanlar\u0131 ve odalar\u0131 size tam anlam\u0131yla ba\u011f\u0131ms\u0131z tatil deneyimi vaat ediyor. 11 odas\u0131 bulunan Perdue Hotel, kurulu\u015f felsefesinde fiziksel mesafeyi benimsemi\u015f olsa da bu yaz \u00f6nlemlerini artt\u0131rarak misafirlerini a\u011f\u0131rlamaya devam ediyor. Size \u00f6zel izole s\u00fcitiniz, deniz manzaral\u0131 s\u00fcitiniz ya da bah\u00e7e i\u00e7erisindeki s\u00fcitiniz\u2026 Siz nas\u0131l bir tatil hayal ediyorsan\u0131z Perdue sizin i\u00e7in orada. Zaman\u0131 unutun, \u00f6zg\u00fcrl\u00fc\u011f\u00fcn tad\u0131n\u0131 \u00e7\u0131kar\u0131n!<br \/>\n<em><strong>*Perdue Otel, 18 ya\u015f ve \u00fczeri yeti\u015fkinleri misafir ediyor.<\/strong><\/em><\/p>\n<p><strong>Hillside Beach Club<\/strong><\/p>\n<p style=\"text-align: center;\"><strong><img loading=\"lazy\" decoding=\"async\" class=\"alignnone size-full wp-image-2519\" src=\"https:\/\/www.julesverne.com.tr\/\/wp-content\/uploads\/2020\/09\/hillsidebeachclub.jpg\" alt=\"Hillside Beach Club\" width=\"1080\" height=\"718\" srcset=\"https:\/\/julesverne.com.tr\/wp-content\/uploads\/2020\/09\/hillsidebeachclub.jpg 1080w, https:\/\/julesverne.com.tr\/wp-content\/uploads\/2020\/09\/hillsidebeachclub-500x332.jpg 500w, https:\/\/julesverne.com.tr\/wp-content\/uploads\/2020\/09\/hillsidebeachclub-768x511.jpg 768w\" sizes=\"(max-width: 1080px) 100vw, 1080px\" \/><\/strong><\/p>\n<p>Fethiye&#8217;nin \u00e7am ormanlar\u0131yla \u00e7evrili Kalemya Koyu&#8217;na kurulan Hillside Beach Club \u00f6zellikle aile tatili deneyiminde T\u00fcrkiye&#8217;nin \u00f6nde gelen benzersiz markalar\u0131ndan biri haline geldi. Tamamen size ait bir koyda, hem aileler hem de yeti\u015fkinler i\u00e7in d\u00fc\u015f\u00fcn\u00fclen tasar\u0131m s\u00fcrprizleri ve sundu\u011fu servis kalitesi ile \u00fcn\u00fc s\u0131n\u0131rlar\u0131 a\u015fan bir iyi hissetme dura\u011f\u0131 buras\u0131. Do\u011fa ile uyum i\u00e7erisinde dekore edilen ferah odalar\u0131 ihtiyac\u0131n\u0131z olan her \u015feyi kar\u015f\u0131l\u0131yor. Su sporlar\u0131 yapabilece\u011finiz plaj\u0131, tamamen inzivaya \u00e7ekilece\u011finiz yeti\u015fkinlere \u00f6zel Serenity Beach ve Silent Beach, farkl\u0131 mutfak k\u00fclt\u00fcrlerine hitap eden \u00fc\u00e7 farkl\u0131 restoran\u0131 ile ya\u015fayaca\u011f\u0131n\u0131z deneyimlerin \u00e7\u0131tas\u0131n\u0131 bir hayli yukar\u0131 ta\u015f\u0131yor.<br \/>\n<em><strong>*Hillside Beach Club taraf\u0131ndan al\u0131nan sa\u011fl\u0131k ve hijyen \u00f6nlemleri i\u00e7in<\/strong><\/em> <a href=\"https:\/\/www.julesverne.com.tr\/bizden-haberler\/hillside-beach-club-covid-19-tedbirleri\" target=\"_blank\" rel=\"noopener noreferrer\"><strong>t\u0131klay\u0131n!<\/strong><\/a><\/p>\n<p><strong>Nautical Hotel, Faralya<\/strong><\/p>\n<p style=\"text-align: center;\"><strong><img loading=\"lazy\" decoding=\"async\" class=\"alignnone size-full wp-image-2520\" src=\"https:\/\/www.julesverne.com.tr\/\/wp-content\/uploads\/2020\/09\/nauticalhotel.jpg\" alt=\"Nautical Hotel Faralya\" width=\"1080\" height=\"720\" srcset=\"https:\/\/julesverne.com.tr\/wp-content\/uploads\/2020\/09\/nauticalhotel.jpg 1080w, https:\/\/julesverne.com.tr\/wp-content\/uploads\/2020\/09\/nauticalhotel-500x333.jpg 500w, https:\/\/julesverne.com.tr\/wp-content\/uploads\/2020\/09\/nauticalhotel-768x512.jpg 768w\" sizes=\"(max-width: 1080px) 100vw, 1080px\" \/><\/strong><\/p>\n<p>Perdue Hotel ile ayn\u0131 do\u011fay\u0131 payla\u015fan Nautical Hotel, do\u011fay\u0131 filtresiz ya\u015famak isteyen; do\u011fay\u0131 ya\u015farken al\u0131\u015ft\u0131\u011f\u0131 konfordan vazge\u00e7emeyen; \u015fehirdeki yo\u011funluktan bunal\u0131p izole kalmak isteyen herkesin evi! Denize s\u0131f\u0131r konumu ve romantik konsepti ile \u00f6zellikle \u00e7iftlerin favorisi olsa da arkada\u015flar\u0131n\u0131zla sakin birka\u00e7 g\u00fcn ge\u00e7irmek istiyorsan\u0131z kesinlikle \u00f6nerimizdir. Birbirinden ba\u011f\u0131ms\u0131z bir \u015fekilde araziye yerle\u015ftiren 11 odas\u0131 bulundu\u011fu do\u011fan\u0131n g\u00fczelli\u011finden ilham al\u0131yor. Saz \u00e7at\u0131l\u0131 kul\u00fcbe tipi \u00f6zel odalar\u0131 zarif mobilyalarla ve a\u00e7\u0131k tonlarla dekore edilmi\u015f. 5 farkl\u0131 kategoride kurgulanan odalar\u0131n her biri rahatl\u0131\u011f\u0131n\u0131z d\u00fc\u015f\u00fcn\u00fclerek tasarlanm\u0131\u015f.<br \/>\n<em><strong>*Nautical Hotel, 14 ya\u015f ve \u00fczeri \u00e7ocuklar ile yeti\u015fkinleri misafir ediyor.<\/strong><\/em><\/p>\n<p><strong>Seaview Faralya Butik Otel<\/strong><\/p>\n<p style=\"text-align: center;\"><strong><img loading=\"lazy\" decoding=\"async\" class=\"alignnone size-full wp-image-2521\" src=\"https:\/\/www.julesverne.com.tr\/\/wp-content\/uploads\/2020\/09\/seaviewfaralya.jpg\" alt=\"Seaview Faralya Butik Otel\" width=\"960\" height=\"720\" srcset=\"https:\/\/julesverne.com.tr\/wp-content\/uploads\/2020\/09\/seaviewfaralya.jpg 960w, https:\/\/julesverne.com.tr\/wp-content\/uploads\/2020\/09\/seaviewfaralya-500x375.jpg 500w, https:\/\/julesverne.com.tr\/wp-content\/uploads\/2020\/09\/seaviewfaralya-768x576.jpg 768w\" sizes=\"(max-width: 960px) 100vw, 960px\" \/><\/strong><\/p>\n<p style=\"text-align: left;\">Faralya&#8217;n\u0131n benzersiz do\u011fas\u0131 sadelik, do\u011fall\u0131k, mahremiyet odakl\u0131 bir otele daha ev sahipli\u011fi yap\u0131yor: Seaview Faralya&#8230; Saz \u00e7at\u0131l\u0131 bungalov tipi 11 odas\u0131 ile misafirlerini a\u011f\u0131rlayan Seaview Faralya varl\u0131\u011f\u0131n\u0131 hissettirmeden tatilinizin en iyi \u015fekilde ge\u00e7mesini sa\u011fl\u0131yor. Birbirinden ba\u011f\u0131ms\u0131z\u00a0yerle\u015ftirilen odalar\u0131 do\u011fal ah\u015fap mobilyalar ve r\u00fcstik-bohem kuma\u015f ve objelerle dekore edilmi\u015f. Her odan\u0131n kendine ait jakuzi ve havuzu bulunmas\u0131 plaj kenar\u0131nda olmak istemedi\u011finiz zamanlarda size b\u00fcy\u00fck rahatl\u0131k sa\u011fl\u0131yor. Otelin plaj\u0131na patika yoldan y\u00fcr\u00fcyerek ula\u015fabilirsiniz elbette.<br \/>\n<em><strong>*Seaview Faralya Butik Otel 16 ya\u015f ve \u00fczeri misafirleri kabul ediyor.<\/strong><\/em><\/p>\n<h4 style=\"text-align: center;\"><strong>Size \u00f6zel Fethiye seyahat program\u0131 ve rezervasyon i\u00e7in<\/strong><br \/>\n<strong><a href=\"mailto:travel@julesverne.com.tr\" target=\"_blank\" rel=\"noopener noreferrer\">travel@julesverne.com.tr<\/a><\/strong><br \/>\n<strong>0212 266 6363 &#8211; 118 veya 132<\/strong><\/h4>\n","protected":false},"excerpt":{"rendered":"<p>&#8220;Bu yaz Fethiye&#8217;de nerede kal\u0131n\u0131r?&#8221; diyorsan\u0131z cevab\u0131 yaz\u0131m\u0131z\u0131n devam\u0131nda&#8230;<\/p>\n","protected":false},"author":1,"featured_media":2345,"comment_status":"closed","ping_status":"closed","sticky":false,"template":"","format":"standard","meta":{"inline_featured_image":false,"footnotes":""},"categories":[1,40,39],"tags":[137,74,73],"acf":[],"yoast_head":"<!-- This site is optimized with the Yoast SEO plugin v22.3 - https:\/\/yoast.com\/wordpress\/plugins\/seo\/ -->\n<title>Bu Yaz Fethiye&#039;de Nerede Kal\u0131n\u0131r? - JULES VERNE BUSINESS MICE TRAVEL<\/title>\n<meta name=\"robots\" content=\"index, follow, max-snippet:-1, max-image-preview:large, max-video-preview:-1\" \/>\n<link rel=\"canonical\" href=\"https:\/\/julesverne.com.tr\/travel-blog\/bu-yaz-fethiyede-nerede-kalinir\/\" \/>\n<meta property=\"og:locale\" content=\"en_US\" \/>\n<meta property=\"og:type\" content=\"article\" \/>\n<meta property=\"og:title\" content=\"Bu Yaz Fethiye&#039;de Nerede Kal\u0131n\u0131r? - JULES VERNE BUSINESS MICE TRAVEL\" \/>\n<meta property=\"og:description\" content=\"&quot;Bu yaz Fethiye&#039;de nerede kal\u0131n\u0131r?&quot; diyorsan\u0131z cevab\u0131 yaz\u0131m\u0131z\u0131n devam\u0131nda...\" \/>\n<meta property=\"og:url\" content=\"https:\/\/julesverne.com.tr\/travel-blog\/bu-yaz-fethiyede-nerede-kalinir\/\" \/>\n<meta property=\"og:site_name\" content=\"JULES VERNE BUSINESS MICE TRAVEL\" \/>\n<meta property=\"article:publisher\" content=\"https:\/\/www.facebook.com\/JulesVerneBusinessMiceTravel\/\" \/>\n<meta property=\"article:published_time\" content=\"2020-07-08T09:14:57+00:00\" \/>\n<meta property=\"article:modified_time\" content=\"2021-06-25T10:17:47+00:00\" \/>\n<meta property=\"og:image\" content=\"https:\/\/julesverne.com.tr\/wp-content\/uploads\/2020\/09\/hillside-scaled.jpg\" \/>\n\t<meta property=\"og:image:width\" content=\"1600\" \/>\n\t<meta property=\"og:image:height\" content=\"900\" \/>\n\t<meta property=\"og:image:type\" content=\"image\/jpeg\" \/>\n<meta name=\"author\" content=\"fikirman\" \/>\n<meta name=\"twitter:card\" content=\"summary_large_image\" \/>\n<meta name=\"twitter:creator\" content=\"@JV_BusinessMice\" \/>\n<meta name=\"twitter:site\" content=\"@JV_BusinessMice\" \/>\n<meta name=\"twitter:label1\" content=\"Written by\" \/>\n\t<meta name=\"twitter:data1\" content=\"fikirman\" \/>\n\t<meta name=\"twitter:label2\" content=\"Est. reading time\" \/>\n\t<meta name=\"twitter:data2\" content=\"4 minutes\" \/>\n<script type=\"application\/ld+json\" class=\"yoast-schema-graph\">{\"@context\":\"https:\/\/schema.org\",\"@graph\":[{\"@type\":\"Article\",\"@id\":\"https:\/\/julesverne.com.tr\/travel-blog\/bu-yaz-fethiyede-nerede-kalinir\/#article\",\"isPartOf\":{\"@id\":\"https:\/\/julesverne.com.tr\/travel-blog\/bu-yaz-fethiyede-nerede-kalinir\/\"},\"author\":{\"name\":\"fikirman\",\"@id\":\"https:\/\/julesverne.com.tr\/#\/schema\/person\/f4eb0514ae455538644c31b99a466fdb\"},\"headline\":\"Bu Yaz Fethiye&#8217;de Nerede Kal\u0131n\u0131r?\",\"datePublished\":\"2020-07-08T09:14:57+00:00\",\"dateModified\":\"2021-06-25T10:17:47+00:00\",\"mainEntityOfPage\":{\"@id\":\"https:\/\/julesverne.com.tr\/travel-blog\/bu-yaz-fethiyede-nerede-kalinir\/\"},\"wordCount\":825,\"publisher\":{\"@id\":\"https:\/\/julesverne.com.tr\/#organization\"},\"image\":{\"@id\":\"https:\/\/julesverne.com.tr\/travel-blog\/bu-yaz-fethiyede-nerede-kalinir\/#primaryimage\"},\"thumbnailUrl\":\"https:\/\/julesverne.com.tr\/wp-content\/uploads\/2020\/09\/hillside-scaled.jpg\",\"keywords\":[\"Blog\",\"Nerede Kalsak\",\"Nereye Gitsek\"],\"articleSection\":[\"Blog\",\"Nerede Kalsak?\",\"Nereye Gitsek?\"],\"inLanguage\":\"en-US\"},{\"@type\":\"WebPage\",\"@id\":\"https:\/\/julesverne.com.tr\/travel-blog\/bu-yaz-fethiyede-nerede-kalinir\/\",\"url\":\"https:\/\/julesverne.com.tr\/travel-blog\/bu-yaz-fethiyede-nerede-kalinir\/\",\"name\":\"Bu Yaz Fethiye'de Nerede Kal\u0131n\u0131r? - JULES VERNE BUSINESS MICE TRAVEL\",\"isPartOf\":{\"@id\":\"https:\/\/julesverne.com.tr\/#website\"},\"primaryImageOfPage\":{\"@id\":\"https:\/\/julesverne.com.tr\/travel-blog\/bu-yaz-fethiyede-nerede-kalinir\/#primaryimage\"},\"image\":{\"@id\":\"https:\/\/julesverne.com.tr\/travel-blog\/bu-yaz-fethiyede-nerede-kalinir\/#primaryimage\"},\"thumbnailUrl\":\"https:\/\/julesverne.com.tr\/wp-content\/uploads\/2020\/09\/hillside-scaled.jpg\",\"datePublished\":\"2020-07-08T09:14:57+00:00\",\"dateModified\":\"2021-06-25T10:17:47+00:00\",\"breadcrumb\":{\"@id\":\"https:\/\/julesverne.com.tr\/travel-blog\/bu-yaz-fethiyede-nerede-kalinir\/#breadcrumb\"},\"inLanguage\":\"en-US\",\"potentialAction\":[{\"@type\":\"ReadAction\",\"target\":[\"https:\/\/julesverne.com.tr\/travel-blog\/bu-yaz-fethiyede-nerede-kalinir\/\"]}]},{\"@type\":\"ImageObject\",\"inLanguage\":\"en-US\",\"@id\":\"https:\/\/julesverne.com.tr\/travel-blog\/bu-yaz-fethiyede-nerede-kalinir\/#primaryimage\",\"url\":\"https:\/\/julesverne.com.tr\/wp-content\/uploads\/2020\/09\/hillside-scaled.jpg\",\"contentUrl\":\"https:\/\/julesverne.com.tr\/wp-content\/uploads\/2020\/09\/hillside-scaled.jpg\",\"width\":1600,\"height\":900},{\"@type\":\"BreadcrumbList\",\"@id\":\"https:\/\/julesverne.com.tr\/travel-blog\/bu-yaz-fethiyede-nerede-kalinir\/#breadcrumb\",\"itemListElement\":[{\"@type\":\"ListItem\",\"position\":1,\"name\":\"Anasayfa\",\"item\":\"https:\/\/julesverne.com.tr\/\"},{\"@type\":\"ListItem\",\"position\":2,\"name\":\"Bu Yaz Fethiye&#8217;de Nerede Kal\u0131n\u0131r?\"}]},{\"@type\":\"WebSite\",\"@id\":\"https:\/\/julesverne.com.tr\/#website\",\"url\":\"https:\/\/julesverne.com.tr\/\",\"name\":\"JULES VERNE BUSINESS MICE TRAVEL\",\"description\":\"\",\"publisher\":{\"@id\":\"https:\/\/julesverne.com.tr\/#organization\"},\"potentialAction\":[{\"@type\":\"SearchAction\",\"target\":{\"@type\":\"EntryPoint\",\"urlTemplate\":\"https:\/\/julesverne.com.tr\/?s={search_term_string}\"},\"query-input\":\"required name=search_term_string\"}],\"inLanguage\":\"en-US\"},{\"@type\":\"Organization\",\"@id\":\"https:\/\/julesverne.com.tr\/#organization\",\"name\":\"JULES VERNE BUSINESS MICE TRAVEL\",\"url\":\"https:\/\/julesverne.com.tr\/\",\"logo\":{\"@type\":\"ImageObject\",\"inLanguage\":\"en-US\",\"@id\":\"https:\/\/julesverne.com.tr\/#\/schema\/logo\/image\/\",\"url\":\"https:\/\/julesverne.com.tr\/wp-content\/uploads\/2020\/09\/jv-bmt-logo.png\",\"contentUrl\":\"https:\/\/julesverne.com.tr\/wp-content\/uploads\/2020\/09\/jv-bmt-logo.png\",\"width\":110,\"height\":81,\"caption\":\"JULES VERNE BUSINESS MICE TRAVEL\"},\"image\":{\"@id\":\"https:\/\/julesverne.com.tr\/#\/schema\/logo\/image\/\"},\"sameAs\":[\"https:\/\/www.facebook.com\/JulesVerneBusinessMiceTravel\/\",\"https:\/\/twitter.com\/JV_BusinessMice\",\"https:\/\/www.instagram.com\/julesvernebusinessmicetravel\/\",\"https:\/\/www.linkedin.com\/company\/julesvernebusinessmicetravel\/\",\"https:\/\/www.youtube.com\/channel\/UCAwdsmbZ6tFhu1tea6pkpiw\"]},{\"@type\":\"Person\",\"@id\":\"https:\/\/julesverne.com.tr\/#\/schema\/person\/f4eb0514ae455538644c31b99a466fdb\",\"name\":\"fikirman\",\"sameAs\":[\"http:\/\/advermedya.net\/julesverne\"],\"url\":\"https:\/\/julesverne.com.tr\/en\/author\/fikirman\/\"}]}<\/script>\n<!-- \/ Yoast SEO plugin. -->","yoast_head_json":{"title":"Bu Yaz Fethiye'de Nerede Kal\u0131n\u0131r? - JULES VERNE BUSINESS MICE TRAVEL","robots":{"index":"index","follow":"follow","max-snippet":"max-snippet:-1","max-image-preview":"max-image-preview:large","max-video-preview":"max-video-preview:-1"},"canonical":"https:\/\/julesverne.com.tr\/travel-blog\/bu-yaz-fethiyede-nerede-kalinir\/","og_locale":"en_US","og_type":"article","og_title":"Bu Yaz Fethiye'de Nerede Kal\u0131n\u0131r? - JULES VERNE BUSINESS MICE TRAVEL","og_description":"\"Bu yaz Fethiye'de nerede kal\u0131n\u0131r?\" diyorsan\u0131z cevab\u0131 yaz\u0131m\u0131z\u0131n devam\u0131nda...","og_url":"https:\/\/julesverne.com.tr\/travel-blog\/bu-yaz-fethiyede-nerede-kalinir\/","og_site_name":"JULES VERNE BUSINESS MICE TRAVEL","article_publisher":"https:\/\/www.facebook.com\/JulesVerneBusinessMiceTravel\/","article_published_time":"2020-07-08T09:14:57+00:00","article_modified_time":"2021-06-25T10:17:47+00:00","og_image":[{"width":1600,"height":900,"url":"https:\/\/julesverne.com.tr\/wp-content\/uploads\/2020\/09\/hillside-scaled.jpg","type":"image\/jpeg"}],"author":"fikirman","twitter_card":"summary_large_image","twitter_creator":"@JV_BusinessMice","twitter_site":"@JV_BusinessMice","twitter_misc":{"Written by":"fikirman","Est. reading time":"4 minutes"},"schema":{"@context":"https:\/\/schema.org","@graph":[{"@type":"Article","@id":"https:\/\/julesverne.com.tr\/travel-blog\/bu-yaz-fethiyede-nerede-kalinir\/#article","isPartOf":{"@id":"https:\/\/julesverne.com.tr\/travel-blog\/bu-yaz-fethiyede-nerede-kalinir\/"},"author":{"name":"fikirman","@id":"https:\/\/julesverne.com.tr\/#\/schema\/person\/f4eb0514ae455538644c31b99a466fdb"},"headline":"Bu Yaz Fethiye&#8217;de Nerede Kal\u0131n\u0131r?","datePublished":"2020-07-08T09:14:57+00:00","dateModified":"2021-06-25T10:17:47+00:00","mainEntityOfPage":{"@id":"https:\/\/julesverne.com.tr\/travel-blog\/bu-yaz-fethiyede-nerede-kalinir\/"},"wordCount":825,"publisher":{"@id":"https:\/\/julesverne.com.tr\/#organization"},"image":{"@id":"https:\/\/julesverne.com.tr\/travel-blog\/bu-yaz-fethiyede-nerede-kalinir\/#primaryimage"},"thumbnailUrl":"https:\/\/julesverne.com.tr\/wp-content\/uploads\/2020\/09\/hillside-scaled.jpg","keywords":["Blog","Nerede Kalsak","Nereye Gitsek"],"articleSection":["Blog","Nerede Kalsak?","Nereye Gitsek?"],"inLanguage":"en-US"},{"@type":"WebPage","@id":"https:\/\/julesverne.com.tr\/travel-blog\/bu-yaz-fethiyede-nerede-kalinir\/","url":"https:\/\/julesverne.com.tr\/travel-blog\/bu-yaz-fethiyede-nerede-kalinir\/","name":"Bu Yaz Fethiye'de Nerede Kal\u0131n\u0131r? - JULES VERNE BUSINESS MICE TRAVEL","isPartOf":{"@id":"https:\/\/julesverne.com.tr\/#website"},"primaryImageOfPage":{"@id":"https:\/\/julesverne.com.tr\/travel-blog\/bu-yaz-fethiyede-nerede-kalinir\/#primaryimage"},"image":{"@id":"https:\/\/julesverne.com.tr\/travel-blog\/bu-yaz-fethiyede-nerede-kalinir\/#primaryimage"},"thumbnailUrl":"https:\/\/julesverne.com.tr\/wp-content\/uploads\/2020\/09\/hillside-scaled.jpg","datePublished":"2020-07-08T09:14:57+00:00","dateModified":"2021-06-25T10:17:47+00:00","breadcrumb":{"@id":"https:\/\/julesverne.com.tr\/travel-blog\/bu-yaz-fethiyede-nerede-kalinir\/#breadcrumb"},"inLanguage":"en-US","potentialAction":[{"@type":"ReadAction","target":["https:\/\/julesverne.com.tr\/travel-blog\/bu-yaz-fethiyede-nerede-kalinir\/"]}]},{"@type":"ImageObject","inLanguage":"en-US","@id":"https:\/\/julesverne.com.tr\/travel-blog\/bu-yaz-fethiyede-nerede-kalinir\/#primaryimage","url":"https:\/\/julesverne.com.tr\/wp-content\/uploads\/2020\/09\/hillside-scaled.jpg","contentUrl":"https:\/\/julesverne.com.tr\/wp-content\/uploads\/2020\/09\/hillside-scaled.jpg","width":1600,"height":900},{"@type":"BreadcrumbList","@id":"https:\/\/julesverne.com.tr\/travel-blog\/bu-yaz-fethiyede-nerede-kalinir\/#breadcrumb","itemListElement":[{"@type":"ListItem","position":1,"name":"Anasayfa","item":"https:\/\/julesverne.com.tr\/"},{"@type":"ListItem","position":2,"name":"Bu Yaz Fethiye&#8217;de Nerede Kal\u0131n\u0131r?"}]},{"@type":"WebSite","@id":"https:\/\/julesverne.com.tr\/#website","url":"https:\/\/julesverne.com.tr\/","name":"JULES VERNE BUSINESS MICE TRAVEL","description":"","publisher":{"@id":"https:\/\/julesverne.com.tr\/#organization"},"potentialAction":[{"@type":"SearchAction","target":{"@type":"EntryPoint","urlTemplate":"https:\/\/julesverne.com.tr\/?s={search_term_string}"},"query-input":"required name=search_term_string"}],"inLanguage":"en-US"},{"@type":"Organization","@id":"https:\/\/julesverne.com.tr\/#organization","name":"JULES VERNE BUSINESS MICE TRAVEL","url":"https:\/\/julesverne.com.tr\/","logo":{"@type":"ImageObject","inLanguage":"en-US","@id":"https:\/\/julesverne.com.tr\/#\/schema\/logo\/image\/","url":"https:\/\/julesverne.com.tr\/wp-content\/uploads\/2020\/09\/jv-bmt-logo.png","contentUrl":"https:\/\/julesverne.com.tr\/wp-content\/uploads\/2020\/09\/jv-bmt-logo.png","width":110,"height":81,"caption":"JULES VERNE BUSINESS MICE TRAVEL"},"image":{"@id":"https:\/\/julesverne.com.tr\/#\/schema\/logo\/image\/"},"sameAs":["https:\/\/www.facebook.com\/JulesVerneBusinessMiceTravel\/","https:\/\/twitter.com\/JV_BusinessMice","https:\/\/www.instagram.com\/julesvernebusinessmicetravel\/","https:\/\/www.linkedin.com\/company\/julesvernebusinessmicetravel\/","https:\/\/www.youtube.com\/channel\/UCAwdsmbZ6tFhu1tea6pkpiw"]},{"@type":"Person","@id":"https:\/\/julesverne.com.tr\/#\/schema\/person\/f4eb0514ae455538644c31b99a466fdb","name":"fikirman","sameAs":["http:\/\/advermedya.net\/julesverne"],"url":"https:\/\/julesverne.com.tr\/en\/author\/fikirman\/"}]}},"_links":{"self":[{"href":"https:\/\/julesverne.com.tr\/en\/wp-json\/wp\/v2\/posts\/2344"}],"collection":[{"href":"https:\/\/julesverne.com.tr\/en\/wp-json\/wp\/v2\/posts"}],"about":[{"href":"https:\/\/julesverne.com.tr\/en\/wp-json\/wp\/v2\/types\/post"}],"author":[{"embeddable":true,"href":"https:\/\/julesverne.com.tr\/en\/wp-json\/wp\/v2\/users\/1"}],"replies":[{"embeddable":true,"href":"https:\/\/julesverne.com.tr\/en\/wp-json\/wp\/v2\/comments?post=2344"}],"version-history":[{"count":0,"href":"https:\/\/julesverne.com.tr\/en\/wp-json\/wp\/v2\/posts\/2344\/revisions"}],"wp:featuredmedia":[{"embeddable":true,"href":"https:\/\/julesverne.com.tr\/en\/wp-json\/wp\/v2\/media\/2345"}],"wp:attachment":[{"href":"https:\/\/julesverne.com.tr\/en\/wp-json\/wp\/v2\/media?parent=2344"}],"wp:term":[{"taxonomy":"category","embeddable":true,"href":"https:\/\/julesverne.com.tr\/en\/wp-json\/wp\/v2\/categories?post=2344"},{"taxonomy":"post_tag","embeddable":true,"href":"https:\/\/julesverne.com.tr\/en\/wp-json\/wp\/v2\/tags?post=2344"}],"curies":[{"name":"wp","href":"https:\/\/api.w.org\/{rel}","templated":true}]}}