{"id":2340,"date":"2020-07-01T15:08:10","date_gmt":"2020-07-01T12:08:10","guid":{"rendered":"https:\/\/www.julesverne.com.tr\/\/blog\/turkiyenin-en-guzel-otelleri-bu-yaza-hazir\/"},"modified":"2021-06-25T13:18:58","modified_gmt":"2021-06-25T10:18:58","slug":"turkiyenin-en-guzel-otelleri-bu-yaza-hazir","status":"publish","type":"post","link":"https:\/\/julesverne.com.tr\/en\/travel-blog\/turkiyenin-en-guzel-otelleri-bu-yaza-hazir\/","title":{"rendered":"T\u00fcrkiye&#8217;nin En G\u00fczel Otelleri Bu Yaza Haz\u0131r!"},"content":{"rendered":"<p style=\"text-align: center;\"><img loading=\"lazy\" decoding=\"async\" class=\"alignnone size-full wp-image-2535\" src=\"https:\/\/www.julesverne.com.tr\/\/wp-content\/uploads\/2020\/09\/turkiyeotelleri-1.jpg\" alt=\"\" width=\"937\" height=\"625\" srcset=\"https:\/\/julesverne.com.tr\/wp-content\/uploads\/2020\/09\/turkiyeotelleri-1.jpg 937w, https:\/\/julesverne.com.tr\/wp-content\/uploads\/2020\/09\/turkiyeotelleri-1-500x334.jpg 500w, https:\/\/julesverne.com.tr\/wp-content\/uploads\/2020\/09\/turkiyeotelleri-1-768x512.jpg 768w\" sizes=\"(max-width: 937px) 100vw, 937px\" \/><\/p>\n<p>\u015eimdi T\u00fcrkiye\u2019nin g\u00f6rd\u00fck\u00e7e hayranl\u0131k uyand\u0131ran k\u00f6\u015felerini ke\u015ffetme zaman\u0131! Is\u0131nan hava, parlayan g\u00fcne\u015f, masmavi deniz, mis gibi \u00e7i\u00e7ek kokular\u0131, yemye\u015fil manzaralar, hafif esen bir r\u00fczg\u00e2r\u2026 \u201cYeni normal\u201d ile birlikte t\u00fcm hijyen \u00f6nlemlerini alarak sezona merhaba diyen T\u00fcrkiye\u2019nin konaklamas\u0131 en keyifli otellerini sizler i\u00e7in haz\u0131rlad\u0131k.<\/p>\n<h4><strong>Bu Yaz Kuzey Ege&#8217;de Nerede Kal\u0131n\u0131r?<\/strong><\/h4>\n<p style=\"text-align: center;\"><a href=\"https:\/\/www.julesverne.com.tr\/bizden-haberler\/bu-yaz-kuzey-egede-nerede-kalinir\" target=\"_blank\" rel=\"noopener noreferrer\"><strong><img loading=\"lazy\" decoding=\"async\" class=\"alignnone size-full wp-image-2536\" src=\"https:\/\/www.julesverne.com.tr\/\/wp-content\/uploads\/2020\/09\/behramkale-1.jpg\" alt=\"Behramkale\" width=\"999\" height=\"666\" srcset=\"https:\/\/julesverne.com.tr\/wp-content\/uploads\/2020\/09\/behramkale-1.jpg 999w, https:\/\/julesverne.com.tr\/wp-content\/uploads\/2020\/09\/behramkale-1-500x333.jpg 500w, https:\/\/julesverne.com.tr\/wp-content\/uploads\/2020\/09\/behramkale-1-768x512.jpg 768w\" sizes=\"(max-width: 999px) 100vw, 999px\" \/><\/strong><\/a><\/p>\n<p>\u0130lk rotam\u0131z Kuzey Ege\u2026 \u00d6zg\u00fcn tasar\u0131mlar\u0131, do\u011fa i\u00e7erisindeki konumlar\u0131 ile ayr\u0131cal\u0131kl\u0131 hissedece\u011finiz, Covid-19 \u00f6nlemleri ile g\u00fcven veren Kuzey Ege\u2019nin en g\u00fczel otelleri i\u00e7in <a href=\"https:\/\/www.julesverne.com.tr\/bizden-haberler\/bu-yaz-kuzey-egede-nerede-kalinir\" target=\"_blank\" rel=\"noopener noreferrer\"><strong>t\u0131klay\u0131n!<\/strong><\/a><\/p>\n<h4><strong>Bu Yaz Cunda&#8217;da Nerede Kal\u0131n\u0131r?<\/strong><\/h4>\n<p style=\"text-align: center;\"><strong><img loading=\"lazy\" decoding=\"async\" class=\"alignnone size-full wp-image-2537\" src=\"https:\/\/www.julesverne.com.tr\/\/wp-content\/uploads\/2020\/09\/kuzeyegeotelleri-1.jpg\" alt=\"Cunda Adas\u0131\" width=\"1000\" height=\"562\" srcset=\"https:\/\/julesverne.com.tr\/wp-content\/uploads\/2020\/09\/kuzeyegeotelleri-1.jpg 1000w, https:\/\/julesverne.com.tr\/wp-content\/uploads\/2020\/09\/kuzeyegeotelleri-1-500x281.jpg 500w, https:\/\/julesverne.com.tr\/wp-content\/uploads\/2020\/09\/kuzeyegeotelleri-1-768x432.jpg 768w, https:\/\/julesverne.com.tr\/wp-content\/uploads\/2020\/09\/kuzeyegeotelleri-1-400x225.jpg 400w\" sizes=\"(max-width: 1000px) 100vw, 1000px\" \/><\/strong><\/p>\n<p>Rum-T\u00fcrk k\u00fclt\u00fcr\u00fcn\u00fcn izlerini ta\u015f\u0131yan, ana karaya k\u00f6pr\u00fc ile ba\u011flansa da deniz ortas\u0131nda olman\u0131n ba\u015f\u0131na buyruklu\u011funu devam ettiren, \u00f6zg\u00fcr ruhlu bir Ege adas\u0131 Cunda&#8230; Arnavut kald\u0131r\u0131m ta\u015fl\u0131 sokaklar\u0131, Ta\u015f evleri, balkonlardan ta\u015fan renkli \u00e7i\u00e7ekler derken bir anda bu sevimli ada bohem ve sanata d\u00fc\u015fk\u00fcn bir durak haline geldi. Cunda&#8217;n\u0131n en keyifli otelleri i\u00e7in <a href=\"https:\/\/www.julesverne.com.tr\/bizden-haberler\/bu-yaz-cundada-nerede-kalinir\" target=\"_blank\" rel=\"noopener noreferrer\"><strong>t\u0131klay\u0131n!<\/strong><\/a><\/p>\n<h4><strong>Bu Yaz Ala\u00e7at\u0131\u2019da Nerede Kal\u0131n\u0131r?<\/strong><\/h4>\n<p style=\"text-align: center;\"><a href=\"https:\/\/www.julesverne.com.tr\/bizden-haberler\/bu-yaz-alacatida-nerede-kalinir\" target=\"_blank\" rel=\"noopener noreferrer\"><strong><img loading=\"lazy\" decoding=\"async\" class=\"alignnone size-full wp-image-2538\" src=\"https:\/\/www.julesverne.com.tr\/\/wp-content\/uploads\/2020\/09\/alacati-1.jpg\" alt=\"Ala\u00e7at\u0131\" width=\"1000\" height=\"666\" srcset=\"https:\/\/julesverne.com.tr\/wp-content\/uploads\/2020\/09\/alacati-1.jpg 1000w, https:\/\/julesverne.com.tr\/wp-content\/uploads\/2020\/09\/alacati-1-500x333.jpg 500w, https:\/\/julesverne.com.tr\/wp-content\/uploads\/2020\/09\/alacati-1-768x511.jpg 768w\" sizes=\"(max-width: 1000px) 100vw, 1000px\" \/><\/strong><\/a><\/p>\n<p>Son y\u0131llarda T\u00fcrkiye\u2019nin g\u00f6zde tatil ve parti noktas\u0131 olan Ala\u00e7at\u0131 bu yaz i\u00e7inden ge\u00e7ti\u011fimiz s\u00fcre\u00e7te temiz Ege havas\u0131 ve masmavi denizinden faydalanabilece\u011fimiz bir s\u0131\u011f\u0131nak oldu. \u00d6zg\u00fcn tasar\u0131mlar\u0131, do\u011fa i\u00e7erisindeki konumlar\u0131 ile ayr\u0131cal\u0131kl\u0131 hissedece\u011finiz Ala\u00e7at\u0131 otelleri i\u00e7in <a href=\"https:\/\/www.julesverne.com.tr\/bizden-haberler\/bu-yaz-alacatida-nerede-kalinir\" target=\"_blank\" rel=\"noopener noreferrer\"><strong>t\u0131klay\u0131n!<\/strong><\/a><\/p>\n<h4><strong>Bu Yaz Bodrum&#8217;da Nerede Kal\u0131n\u0131r?<\/strong><\/h4>\n<p style=\"text-align: center;\"><a href=\"https:\/\/www.julesverne.com.tr\/bizden-haberler\/bu-yaz-bodrumda-nerede-kalinir\" target=\"_blank\" rel=\"noopener noreferrer\"><strong><img loading=\"lazy\" decoding=\"async\" class=\"alignnone size-full wp-image-2539\" src=\"https:\/\/www.julesverne.com.tr\/\/wp-content\/uploads\/2020\/09\/mandarinorientalbodrum.jpg\" alt=\"Mandarin Oriental Bodrum\" width=\"800\" height=\"450\" srcset=\"https:\/\/julesverne.com.tr\/wp-content\/uploads\/2020\/09\/mandarinorientalbodrum.jpg 800w, https:\/\/julesverne.com.tr\/wp-content\/uploads\/2020\/09\/mandarinorientalbodrum-500x281.jpg 500w, https:\/\/julesverne.com.tr\/wp-content\/uploads\/2020\/09\/mandarinorientalbodrum-768x432.jpg 768w, https:\/\/julesverne.com.tr\/wp-content\/uploads\/2020\/09\/mandarinorientalbodrum-400x225.jpg 400w\" sizes=\"(max-width: 800px) 100vw, 800px\" \/><\/strong><\/a><\/p>\n<p>Herkesin kendi zevkine uygun bir Bodrum var. Do\u011fa i\u00e7erisinde, sakin ve g\u00f6zlerden uzak, e\u011flenceli, hareketli, parti a\u011f\u0131rl\u0131kl\u0131 bir tatil\u2026 Bodrum size hepsini verebilecek kadar zengin ve alternatifli! Hayalinizdeki Bodrum&#8217;u ya\u015faman\u0131z i\u00e7in d\u00fcnyan\u0131n en l\u00fcks ve iddial\u0131 otellerinden ev konseptini ya\u015fatan otellere bu yaz\u0131n en haval\u0131 konaklama se\u00e7enekleri i\u00e7in<a href=\"https:\/\/www.julesverne.com.tr\/bizden-haberler\/bu-yaz-bodrumda-nerede-kalinir\" target=\"_blank\" rel=\"noopener noreferrer\"><strong> t\u0131klay\u0131n!<\/strong><\/a><\/p>\n<h4><strong>Bu Yaz Bozburun&#8217;da Nerede Kal\u0131n\u0131r?<\/strong><\/h4>\n<p style=\"text-align: center;\"><img loading=\"lazy\" decoding=\"async\" class=\"alignnone size-full wp-image-2540\" src=\"https:\/\/www.julesverne.com.tr\/\/wp-content\/uploads\/2020\/09\/lorymahotelbozburun.jpg\" alt=\"\" width=\"895\" height=\"687\" srcset=\"https:\/\/julesverne.com.tr\/wp-content\/uploads\/2020\/09\/lorymahotelbozburun.jpg 895w, https:\/\/julesverne.com.tr\/wp-content\/uploads\/2020\/09\/lorymahotelbozburun-500x384.jpg 500w, https:\/\/julesverne.com.tr\/wp-content\/uploads\/2020\/09\/lorymahotelbozburun-768x590.jpg 768w\" sizes=\"(max-width: 895px) 100vw, 895px\" \/><\/p>\n<p>Da\u011flar\u0131n ve tepelerin kavu\u015ftu\u011fu deniz, samimiyetiyle insan\u0131 saran k\u0131y\u0131 k\u00f6yleri, say\u0131s\u0131z sakl\u0131 koy, meyve a\u011fa\u00e7lar\u0131n\u0131n kokular\u0131 ile Bozburun&#8230; \u015eatafatl\u0131 otellerin yerini zarafete b\u0131rakan, yapay\u0131 de\u011fil do\u011fal\u0131 tercih eden Bozburun do\u011fas\u0131yla, ya\u015fam felsefesi ile T\u00fcrkiye&#8217;nin en g\u00fczel inziva k\u00f6\u015fesi. Do\u011faya sa\u011flad\u0131klar\u0131 uyum ile kalbimizi \u00e7alan Bozburun otelleri listemiz i\u00e7in <a href=\"https:\/\/www.julesverne.com.tr\/bizden-haberler\/bu-yaz-bozburunda-nerede-kalinir\" target=\"_blank\" rel=\"noopener noreferrer\"><strong>t\u0131klay\u0131n!<\/strong><\/a><\/p>\n<h4><strong>Bu Yaz Marmaris&#8217;te Nerede Kal\u0131n\u0131r?<\/strong><\/h4>\n<p style=\"text-align: center;\"><a href=\"https:\/\/www.julesverne.com.tr\/bizden-haberler\/bu-yaz-marmariste-nerede-kalinir\" target=\"_blank\" rel=\"noopener noreferrer\"><strong><img loading=\"lazy\" decoding=\"async\" class=\"alignnone size-full wp-image-2541\" src=\"https:\/\/www.julesverne.com.tr\/\/wp-content\/uploads\/2020\/09\/dmarisbay-1.jpg\" alt=\"D Maris Bay\" width=\"941\" height=\"660\" srcset=\"https:\/\/julesverne.com.tr\/wp-content\/uploads\/2020\/09\/dmarisbay-1.jpg 941w, https:\/\/julesverne.com.tr\/wp-content\/uploads\/2020\/09\/dmarisbay-1-500x351.jpg 500w, https:\/\/julesverne.com.tr\/wp-content\/uploads\/2020\/09\/dmarisbay-1-768x539.jpg 768w\" sizes=\"(max-width: 941px) 100vw, 941px\" \/><\/strong><\/a><\/p>\n<p>Ye\u015filin her tonu ile \u00f6d\u00fcllendirilen, birbirinden \u00f6zel oldu\u011funa emin oldu\u011fumuz masmavi koylar\u0131, do\u011fas\u0131n\u0131 ve do\u011fall\u0131\u011f\u0131n\u0131 kaybetmeyen k\u00f6y ve kasabalar\u0131, antik kentleri, do\u011fa parkurlar\u0131 ile T\u00fcrkiye\u2019nin en zengin ve sonsuz se\u00e7enekle donat\u0131lm\u0131\u015f b\u00f6lgesi. Her virajl\u0131 yolun sizi bir s\u00fcrprize g\u00f6t\u00fcrd\u00fc\u011f\u00fc Marmaris\u2019te do\u011fa ve denizle bula\u015faca\u011f\u0131n\u0131z en keyifli oteller i\u00e7in<strong><a href=\"https:\/\/www.julesverne.com.tr\/bizden-haberler\/bu-yaz-marmariste-nerede-kalinir\" target=\"_blank\" rel=\"noopener noreferrer\">\u00a0t\u0131klay\u0131n!<\/a><\/strong><\/p>\n<h4><strong>Bu Yaz Fethiye&#8217;de Nerede Kal\u0131n\u0131r?<\/strong><\/h4>\n<p style=\"text-align: center;\"><a href=\"https:\/\/www.julesverne.com.tr\/bizden-haberler\/bu-yaz-fethiyede-nerede-kalinir\" target=\"_blank\" rel=\"noopener noreferrer\"><strong><img loading=\"lazy\" decoding=\"async\" class=\"alignnone size-full wp-image-2542\" src=\"https:\/\/www.julesverne.com.tr\/\/wp-content\/uploads\/2020\/09\/seaview.jpg\" alt=\"Seaview Faralya Hotel\" width=\"1280\" height=\"720\" srcset=\"https:\/\/julesverne.com.tr\/wp-content\/uploads\/2020\/09\/seaview.jpg 1280w, https:\/\/julesverne.com.tr\/wp-content\/uploads\/2020\/09\/seaview-500x281.jpg 500w, https:\/\/julesverne.com.tr\/wp-content\/uploads\/2020\/09\/seaview-768x432.jpg 768w, https:\/\/julesverne.com.tr\/wp-content\/uploads\/2020\/09\/seaview-400x225.jpg 400w\" sizes=\"(max-width: 1280px) 100vw, 1280px\" \/><\/strong><\/a><\/p>\n<p>Mu\u011fla&#8217;n\u0131n tabiat g\u00fczellikleriyle kutsanm\u0131\u015f k\u0131y\u0131 b\u00f6lgelerinden biri Fethiye&#8230; E\u015fsiz k\u0131y\u0131lar\u0131, ye\u015fillikler aras\u0131na saklanan otelleri, do\u011fa rotalar\u0131 ile \u015f\u00f6hreti \u00fclke s\u0131n\u0131rlar\u0131n\u0131 a\u015f\u0131yor. Bu yaz do\u011fa i\u00e7erisinde, daha sakin bir tatil arzulayanlar i\u00e7in tasar\u0131mlar\u0131, servisleri ile be\u011fenimizi kazanan Fethiye otel koleksiyonu haz\u0131rlad\u0131k.\u00a0&#8220;Bu yaz Fethiye&#8217;de nerede kal\u0131n\u0131r?&#8221; diyorsan\u0131z <strong><a href=\"https:\/\/www.julesverne.com.tr\/bizden-haberler\/bu-yaz-fethiyede-nerede-kalinir\" target=\"_blank\" rel=\"noopener noreferrer\">t\u0131klay\u0131n!<\/a><\/strong><\/p>\n<p>&nbsp;<\/p>\n<p><strong>https:\/\/www.julesverne.com.tr\/bizden-haberler\/bu-yaz-fethiyede-nerede-kalinir<\/strong><\/p>\n<h4 style=\"text-align: center;\"><strong>Size \u00f6zel seyahat program\u0131 ve rezervasyon i\u00e7in<br \/>\n<\/strong><strong><a href=\"mailto:travel@julesverne.com.tr\" target=\"_blank\" rel=\"noopener noreferrer\">travel@julesverne.com.tr<\/a><br \/>\n<\/strong><strong>0212 266 6363 &#8211; 118 veya 132<\/strong><\/h4>\n","protected":false},"excerpt":{"rendered":"<p>&nbsp;&ldquo;Yeni normal&rdquo; ile birlikte t&uuml;m hijyen &ouml;nlemlerini alarak sezona merhaba diyen T&uuml;rkiye&rsquo;nin konaklamas\u0131 en keyifli otellerini sizler i&ccedil;in haz\u0131rlad\u0131k.<\/p>\n","protected":false},"author":1,"featured_media":2341,"comment_status":"closed","ping_status":"closed","sticky":false,"template":"","format":"standard","meta":{"inline_featured_image":false,"footnotes":""},"categories":[1,40,39],"tags":[137,74,73],"acf":[],"yoast_head":"<!-- This site is optimized with the Yoast SEO plugin v22.3 - https:\/\/yoast.com\/wordpress\/plugins\/seo\/ -->\n<title>T\u00fcrkiye&#039;nin En G\u00fczel Otelleri Bu Yaza Haz\u0131r! - JULES VERNE BUSINESS MICE TRAVEL<\/title>\n<meta name=\"robots\" content=\"index, follow, max-snippet:-1, max-image-preview:large, max-video-preview:-1\" \/>\n<link rel=\"canonical\" href=\"https:\/\/julesverne.com.tr\/travel-blog\/turkiyenin-en-guzel-otelleri-bu-yaza-hazir\/\" \/>\n<meta property=\"og:locale\" content=\"en_US\" \/>\n<meta property=\"og:type\" content=\"article\" \/>\n<meta property=\"og:title\" content=\"T\u00fcrkiye&#039;nin En G\u00fczel Otelleri Bu Yaza Haz\u0131r! - JULES VERNE BUSINESS MICE TRAVEL\" \/>\n<meta property=\"og:description\" content=\"&nbsp;&ldquo;Yeni normal&rdquo; ile birlikte t&uuml;m hijyen &ouml;nlemlerini alarak sezona merhaba diyen T&uuml;rkiye&rsquo;nin konaklamas\u0131 en keyifli otellerini sizler i&ccedil;in haz\u0131rlad\u0131k.\" \/>\n<meta property=\"og:url\" content=\"https:\/\/julesverne.com.tr\/travel-blog\/turkiyenin-en-guzel-otelleri-bu-yaza-hazir\/\" \/>\n<meta property=\"og:site_name\" content=\"JULES VERNE BUSINESS MICE TRAVEL\" \/>\n<meta property=\"article:publisher\" content=\"https:\/\/www.facebook.com\/JulesVerneBusinessMiceTravel\/\" \/>\n<meta property=\"article:published_time\" content=\"2020-07-01T12:08:10+00:00\" \/>\n<meta property=\"article:modified_time\" content=\"2021-06-25T10:18:58+00:00\" \/>\n<meta property=\"og:image\" content=\"https:\/\/julesverne.com.tr\/wp-content\/uploads\/2020\/09\/turkiyeotelleri.jpg\" \/>\n\t<meta property=\"og:image:width\" content=\"937\" \/>\n\t<meta property=\"og:image:height\" content=\"625\" \/>\n\t<meta property=\"og:image:type\" content=\"image\/jpeg\" \/>\n<meta name=\"author\" content=\"fikirman\" \/>\n<meta name=\"twitter:card\" content=\"summary_large_image\" \/>\n<meta name=\"twitter:creator\" content=\"@JV_BusinessMice\" \/>\n<meta name=\"twitter:site\" content=\"@JV_BusinessMice\" \/>\n<meta name=\"twitter:label1\" content=\"Written by\" \/>\n\t<meta name=\"twitter:data1\" content=\"fikirman\" \/>\n\t<meta name=\"twitter:label2\" content=\"Est. reading time\" \/>\n\t<meta name=\"twitter:data2\" content=\"3 minutes\" \/>\n<script type=\"application\/ld+json\" class=\"yoast-schema-graph\">{\"@context\":\"https:\/\/schema.org\",\"@graph\":[{\"@type\":\"Article\",\"@id\":\"https:\/\/julesverne.com.tr\/travel-blog\/turkiyenin-en-guzel-otelleri-bu-yaza-hazir\/#article\",\"isPartOf\":{\"@id\":\"https:\/\/julesverne.com.tr\/travel-blog\/turkiyenin-en-guzel-otelleri-bu-yaza-hazir\/\"},\"author\":{\"name\":\"fikirman\",\"@id\":\"https:\/\/julesverne.com.tr\/#\/schema\/person\/f4eb0514ae455538644c31b99a466fdb\"},\"headline\":\"T\u00fcrkiye&#8217;nin En G\u00fczel Otelleri Bu Yaza Haz\u0131r!\",\"datePublished\":\"2020-07-01T12:08:10+00:00\",\"dateModified\":\"2021-06-25T10:18:58+00:00\",\"mainEntityOfPage\":{\"@id\":\"https:\/\/julesverne.com.tr\/travel-blog\/turkiyenin-en-guzel-otelleri-bu-yaza-hazir\/\"},\"wordCount\":615,\"publisher\":{\"@id\":\"https:\/\/julesverne.com.tr\/#organization\"},\"image\":{\"@id\":\"https:\/\/julesverne.com.tr\/travel-blog\/turkiyenin-en-guzel-otelleri-bu-yaza-hazir\/#primaryimage\"},\"thumbnailUrl\":\"https:\/\/julesverne.com.tr\/wp-content\/uploads\/2020\/09\/turkiyeotelleri.jpg\",\"keywords\":[\"Blog\",\"Nerede Kalsak\",\"Nereye Gitsek\"],\"articleSection\":[\"Blog\",\"Nerede Kalsak?\",\"Nereye Gitsek?\"],\"inLanguage\":\"en-US\"},{\"@type\":\"WebPage\",\"@id\":\"https:\/\/julesverne.com.tr\/travel-blog\/turkiyenin-en-guzel-otelleri-bu-yaza-hazir\/\",\"url\":\"https:\/\/julesverne.com.tr\/travel-blog\/turkiyenin-en-guzel-otelleri-bu-yaza-hazir\/\",\"name\":\"T\u00fcrkiye'nin En G\u00fczel Otelleri Bu Yaza Haz\u0131r! - JULES VERNE BUSINESS MICE TRAVEL\",\"isPartOf\":{\"@id\":\"https:\/\/julesverne.com.tr\/#website\"},\"primaryImageOfPage\":{\"@id\":\"https:\/\/julesverne.com.tr\/travel-blog\/turkiyenin-en-guzel-otelleri-bu-yaza-hazir\/#primaryimage\"},\"image\":{\"@id\":\"https:\/\/julesverne.com.tr\/travel-blog\/turkiyenin-en-guzel-otelleri-bu-yaza-hazir\/#primaryimage\"},\"thumbnailUrl\":\"https:\/\/julesverne.com.tr\/wp-content\/uploads\/2020\/09\/turkiyeotelleri.jpg\",\"datePublished\":\"2020-07-01T12:08:10+00:00\",\"dateModified\":\"2021-06-25T10:18:58+00:00\",\"breadcrumb\":{\"@id\":\"https:\/\/julesverne.com.tr\/travel-blog\/turkiyenin-en-guzel-otelleri-bu-yaza-hazir\/#breadcrumb\"},\"inLanguage\":\"en-US\",\"potentialAction\":[{\"@type\":\"ReadAction\",\"target\":[\"https:\/\/julesverne.com.tr\/travel-blog\/turkiyenin-en-guzel-otelleri-bu-yaza-hazir\/\"]}]},{\"@type\":\"ImageObject\",\"inLanguage\":\"en-US\",\"@id\":\"https:\/\/julesverne.com.tr\/travel-blog\/turkiyenin-en-guzel-otelleri-bu-yaza-hazir\/#primaryimage\",\"url\":\"https:\/\/julesverne.com.tr\/wp-content\/uploads\/2020\/09\/turkiyeotelleri.jpg\",\"contentUrl\":\"https:\/\/julesverne.com.tr\/wp-content\/uploads\/2020\/09\/turkiyeotelleri.jpg\",\"width\":937,\"height\":625},{\"@type\":\"BreadcrumbList\",\"@id\":\"https:\/\/julesverne.com.tr\/travel-blog\/turkiyenin-en-guzel-otelleri-bu-yaza-hazir\/#breadcrumb\",\"itemListElement\":[{\"@type\":\"ListItem\",\"position\":1,\"name\":\"Anasayfa\",\"item\":\"https:\/\/julesverne.com.tr\/\"},{\"@type\":\"ListItem\",\"position\":2,\"name\":\"T\u00fcrkiye&#8217;nin En G\u00fczel Otelleri Bu Yaza Haz\u0131r!\"}]},{\"@type\":\"WebSite\",\"@id\":\"https:\/\/julesverne.com.tr\/#website\",\"url\":\"https:\/\/julesverne.com.tr\/\",\"name\":\"JULES VERNE BUSINESS MICE TRAVEL\",\"description\":\"\",\"publisher\":{\"@id\":\"https:\/\/julesverne.com.tr\/#organization\"},\"potentialAction\":[{\"@type\":\"SearchAction\",\"target\":{\"@type\":\"EntryPoint\",\"urlTemplate\":\"https:\/\/julesverne.com.tr\/?s={search_term_string}\"},\"query-input\":\"required name=search_term_string\"}],\"inLanguage\":\"en-US\"},{\"@type\":\"Organization\",\"@id\":\"https:\/\/julesverne.com.tr\/#organization\",\"name\":\"JULES VERNE BUSINESS MICE TRAVEL\",\"url\":\"https:\/\/julesverne.com.tr\/\",\"logo\":{\"@type\":\"ImageObject\",\"inLanguage\":\"en-US\",\"@id\":\"https:\/\/julesverne.com.tr\/#\/schema\/logo\/image\/\",\"url\":\"https:\/\/julesverne.com.tr\/wp-content\/uploads\/2020\/09\/jv-bmt-logo.png\",\"contentUrl\":\"https:\/\/julesverne.com.tr\/wp-content\/uploads\/2020\/09\/jv-bmt-logo.png\",\"width\":110,\"height\":81,\"caption\":\"JULES VERNE BUSINESS MICE TRAVEL\"},\"image\":{\"@id\":\"https:\/\/julesverne.com.tr\/#\/schema\/logo\/image\/\"},\"sameAs\":[\"https:\/\/www.facebook.com\/JulesVerneBusinessMiceTravel\/\",\"https:\/\/twitter.com\/JV_BusinessMice\",\"https:\/\/www.instagram.com\/julesvernebusinessmicetravel\/\",\"https:\/\/www.linkedin.com\/company\/julesvernebusinessmicetravel\/\",\"https:\/\/www.youtube.com\/channel\/UCAwdsmbZ6tFhu1tea6pkpiw\"]},{\"@type\":\"Person\",\"@id\":\"https:\/\/julesverne.com.tr\/#\/schema\/person\/f4eb0514ae455538644c31b99a466fdb\",\"name\":\"fikirman\",\"sameAs\":[\"http:\/\/advermedya.net\/julesverne\"],\"url\":\"https:\/\/julesverne.com.tr\/en\/author\/fikirman\/\"}]}<\/script>\n<!-- \/ Yoast SEO plugin. -->","yoast_head_json":{"title":"T\u00fcrkiye'nin En G\u00fczel Otelleri Bu Yaza Haz\u0131r! - JULES VERNE BUSINESS MICE TRAVEL","robots":{"index":"index","follow":"follow","max-snippet":"max-snippet:-1","max-image-preview":"max-image-preview:large","max-video-preview":"max-video-preview:-1"},"canonical":"https:\/\/julesverne.com.tr\/travel-blog\/turkiyenin-en-guzel-otelleri-bu-yaza-hazir\/","og_locale":"en_US","og_type":"article","og_title":"T\u00fcrkiye'nin En G\u00fczel Otelleri Bu Yaza Haz\u0131r! - JULES VERNE BUSINESS MICE TRAVEL","og_description":"&nbsp;&ldquo;Yeni normal&rdquo; ile birlikte t&uuml;m hijyen &ouml;nlemlerini alarak sezona merhaba diyen T&uuml;rkiye&rsquo;nin konaklamas\u0131 en keyifli otellerini sizler i&ccedil;in haz\u0131rlad\u0131k.","og_url":"https:\/\/julesverne.com.tr\/travel-blog\/turkiyenin-en-guzel-otelleri-bu-yaza-hazir\/","og_site_name":"JULES VERNE BUSINESS MICE TRAVEL","article_publisher":"https:\/\/www.facebook.com\/JulesVerneBusinessMiceTravel\/","article_published_time":"2020-07-01T12:08:10+00:00","article_modified_time":"2021-06-25T10:18:58+00:00","og_image":[{"width":937,"height":625,"url":"https:\/\/julesverne.com.tr\/wp-content\/uploads\/2020\/09\/turkiyeotelleri.jpg","type":"image\/jpeg"}],"author":"fikirman","twitter_card":"summary_large_image","twitter_creator":"@JV_BusinessMice","twitter_site":"@JV_BusinessMice","twitter_misc":{"Written by":"fikirman","Est. reading time":"3 minutes"},"schema":{"@context":"https:\/\/schema.org","@graph":[{"@type":"Article","@id":"https:\/\/julesverne.com.tr\/travel-blog\/turkiyenin-en-guzel-otelleri-bu-yaza-hazir\/#article","isPartOf":{"@id":"https:\/\/julesverne.com.tr\/travel-blog\/turkiyenin-en-guzel-otelleri-bu-yaza-hazir\/"},"author":{"name":"fikirman","@id":"https:\/\/julesverne.com.tr\/#\/schema\/person\/f4eb0514ae455538644c31b99a466fdb"},"headline":"T\u00fcrkiye&#8217;nin En G\u00fczel Otelleri Bu Yaza Haz\u0131r!","datePublished":"2020-07-01T12:08:10+00:00","dateModified":"2021-06-25T10:18:58+00:00","mainEntityOfPage":{"@id":"https:\/\/julesverne.com.tr\/travel-blog\/turkiyenin-en-guzel-otelleri-bu-yaza-hazir\/"},"wordCount":615,"publisher":{"@id":"https:\/\/julesverne.com.tr\/#organization"},"image":{"@id":"https:\/\/julesverne.com.tr\/travel-blog\/turkiyenin-en-guzel-otelleri-bu-yaza-hazir\/#primaryimage"},"thumbnailUrl":"https:\/\/julesverne.com.tr\/wp-content\/uploads\/2020\/09\/turkiyeotelleri.jpg","keywords":["Blog","Nerede Kalsak","Nereye Gitsek"],"articleSection":["Blog","Nerede Kalsak?","Nereye Gitsek?"],"inLanguage":"en-US"},{"@type":"WebPage","@id":"https:\/\/julesverne.com.tr\/travel-blog\/turkiyenin-en-guzel-otelleri-bu-yaza-hazir\/","url":"https:\/\/julesverne.com.tr\/travel-blog\/turkiyenin-en-guzel-otelleri-bu-yaza-hazir\/","name":"T\u00fcrkiye'nin En G\u00fczel Otelleri Bu Yaza Haz\u0131r! - JULES VERNE BUSINESS MICE TRAVEL","isPartOf":{"@id":"https:\/\/julesverne.com.tr\/#website"},"primaryImageOfPage":{"@id":"https:\/\/julesverne.com.tr\/travel-blog\/turkiyenin-en-guzel-otelleri-bu-yaza-hazir\/#primaryimage"},"image":{"@id":"https:\/\/julesverne.com.tr\/travel-blog\/turkiyenin-en-guzel-otelleri-bu-yaza-hazir\/#primaryimage"},"thumbnailUrl":"https:\/\/julesverne.com.tr\/wp-content\/uploads\/2020\/09\/turkiyeotelleri.jpg","datePublished":"2020-07-01T12:08:10+00:00","dateModified":"2021-06-25T10:18:58+00:00","breadcrumb":{"@id":"https:\/\/julesverne.com.tr\/travel-blog\/turkiyenin-en-guzel-otelleri-bu-yaza-hazir\/#breadcrumb"},"inLanguage":"en-US","potentialAction":[{"@type":"ReadAction","target":["https:\/\/julesverne.com.tr\/travel-blog\/turkiyenin-en-guzel-otelleri-bu-yaza-hazir\/"]}]},{"@type":"ImageObject","inLanguage":"en-US","@id":"https:\/\/julesverne.com.tr\/travel-blog\/turkiyenin-en-guzel-otelleri-bu-yaza-hazir\/#primaryimage","url":"https:\/\/julesverne.com.tr\/wp-content\/uploads\/2020\/09\/turkiyeotelleri.jpg","contentUrl":"https:\/\/julesverne.com.tr\/wp-content\/uploads\/2020\/09\/turkiyeotelleri.jpg","width":937,"height":625},{"@type":"BreadcrumbList","@id":"https:\/\/julesverne.com.tr\/travel-blog\/turkiyenin-en-guzel-otelleri-bu-yaza-hazir\/#breadcrumb","itemListElement":[{"@type":"ListItem","position":1,"name":"Anasayfa","item":"https:\/\/julesverne.com.tr\/"},{"@type":"ListItem","position":2,"name":"T\u00fcrkiye&#8217;nin En G\u00fczel Otelleri Bu Yaza Haz\u0131r!"}]},{"@type":"WebSite","@id":"https:\/\/julesverne.com.tr\/#website","url":"https:\/\/julesverne.com.tr\/","name":"JULES VERNE BUSINESS MICE TRAVEL","description":"","publisher":{"@id":"https:\/\/julesverne.com.tr\/#organization"},"potentialAction":[{"@type":"SearchAction","target":{"@type":"EntryPoint","urlTemplate":"https:\/\/julesverne.com.tr\/?s={search_term_string}"},"query-input":"required name=search_term_string"}],"inLanguage":"en-US"},{"@type":"Organization","@id":"https:\/\/julesverne.com.tr\/#organization","name":"JULES VERNE BUSINESS MICE TRAVEL","url":"https:\/\/julesverne.com.tr\/","logo":{"@type":"ImageObject","inLanguage":"en-US","@id":"https:\/\/julesverne.com.tr\/#\/schema\/logo\/image\/","url":"https:\/\/julesverne.com.tr\/wp-content\/uploads\/2020\/09\/jv-bmt-logo.png","contentUrl":"https:\/\/julesverne.com.tr\/wp-content\/uploads\/2020\/09\/jv-bmt-logo.png","width":110,"height":81,"caption":"JULES VERNE BUSINESS MICE TRAVEL"},"image":{"@id":"https:\/\/julesverne.com.tr\/#\/schema\/logo\/image\/"},"sameAs":["https:\/\/www.facebook.com\/JulesVerneBusinessMiceTravel\/","https:\/\/twitter.com\/JV_BusinessMice","https:\/\/www.instagram.com\/julesvernebusinessmicetravel\/","https:\/\/www.linkedin.com\/company\/julesvernebusinessmicetravel\/","https:\/\/www.youtube.com\/channel\/UCAwdsmbZ6tFhu1tea6pkpiw"]},{"@type":"Person","@id":"https:\/\/julesverne.com.tr\/#\/schema\/person\/f4eb0514ae455538644c31b99a466fdb","name":"fikirman","sameAs":["http:\/\/advermedya.net\/julesverne"],"url":"https:\/\/julesverne.com.tr\/en\/author\/fikirman\/"}]}},"_links":{"self":[{"href":"https:\/\/julesverne.com.tr\/en\/wp-json\/wp\/v2\/posts\/2340"}],"collection":[{"href":"https:\/\/julesverne.com.tr\/en\/wp-json\/wp\/v2\/posts"}],"about":[{"href":"https:\/\/julesverne.com.tr\/en\/wp-json\/wp\/v2\/types\/post"}],"author":[{"embeddable":true,"href":"https:\/\/julesverne.com.tr\/en\/wp-json\/wp\/v2\/users\/1"}],"replies":[{"embeddable":true,"href":"https:\/\/julesverne.com.tr\/en\/wp-json\/wp\/v2\/comments?post=2340"}],"version-history":[{"count":0,"href":"https:\/\/julesverne.com.tr\/en\/wp-json\/wp\/v2\/posts\/2340\/revisions"}],"wp:featuredmedia":[{"embeddable":true,"href":"https:\/\/julesverne.com.tr\/en\/wp-json\/wp\/v2\/media\/2341"}],"wp:attachment":[{"href":"https:\/\/julesverne.com.tr\/en\/wp-json\/wp\/v2\/media?parent=2340"}],"wp:term":[{"taxonomy":"category","embeddable":true,"href":"https:\/\/julesverne.com.tr\/en\/wp-json\/wp\/v2\/categories?post=2340"},{"taxonomy":"post_tag","embeddable":true,"href":"https:\/\/julesverne.com.tr\/en\/wp-json\/wp\/v2\/tags?post=2340"}],"curies":[{"name":"wp","href":"https:\/\/api.w.org\/{rel}","templated":true}]}}