{"id":2326,"date":"2020-06-23T11:05:59","date_gmt":"2020-06-23T08:05:59","guid":{"rendered":"https:\/\/www.julesverne.com.tr\/\/blog\/bu-yaz-bodrumda-nerede-kalinir\/"},"modified":"2021-06-25T13:20:21","modified_gmt":"2021-06-25T10:20:21","slug":"bu-yaz-bodrumda-nerede-kalinir","status":"publish","type":"post","link":"https:\/\/julesverne.com.tr\/en\/travel-blog\/bu-yaz-bodrumda-nerede-kalinir\/","title":{"rendered":"Bu Yaz Bodrum&#8217;da Nerede Kal\u0131n\u0131r?"},"content":{"rendered":"<p style=\"text-align: center;\"><img loading=\"lazy\" decoding=\"async\" class=\"alignnone size-full wp-image-2569\" src=\"https:\/\/www.julesverne.com.tr\/\/wp-content\/uploads\/2020\/09\/bodrum2020-1.jpg\" alt=\"\" width=\"1000\" height=\"667\" srcset=\"https:\/\/julesverne.com.tr\/wp-content\/uploads\/2020\/09\/bodrum2020-1.jpg 1000w, https:\/\/julesverne.com.tr\/wp-content\/uploads\/2020\/09\/bodrum2020-1-500x334.jpg 500w, https:\/\/julesverne.com.tr\/wp-content\/uploads\/2020\/09\/bodrum2020-1-768x512.jpg 768w\" sizes=\"(max-width: 1000px) 100vw, 1000px\" \/><\/p>\n<p>Herkesin kendi zevkine uygun bir Bodrum var. Do\u011fa i\u00e7erisinde, sakin ve g\u00f6zlerden uzak, e\u011flenceli, hareketli, parti a\u011f\u0131rl\u0131kl\u0131 bir tatil\u2026 Bodrum size hepsini verebilecek kadar zengin ve alternatifli! Biz de, hayalinizdeki Bodrum&#8217;u ya\u015faman\u0131z i\u00e7in d\u00fcnyan\u0131n en l\u00fcks ve iddial\u0131 otellerinden ev konseptini ya\u015fatan otellere bu yaz\u0131n en haval\u0131 konaklama se\u00e7eneklerini se\u00e7tik. \u201cYeni normal\u201d ile birlikte t\u00fcm hijyen \u00f6nlemlerini alarak sezona merhaba diyen\u00a0Bodrum&#8217;da\u00a0konaklamak isteyece\u011finiz otelleri sizler i\u00e7in haz\u0131rlad\u0131k. Kendilerine ait plajlar\u0131, konseptleri ile ayr\u0131cal\u0131kl\u0131 hissedece\u011finiz Bodrum\u2019un en g\u00fczel otelleri:<\/p>\n<p><strong>Mandarin Oriental Bodrum<\/strong><\/p>\n<p style=\"text-align: center;\"><strong><img loading=\"lazy\" decoding=\"async\" class=\"alignnone size-full wp-image-2570\" src=\"https:\/\/www.julesverne.com.tr\/\/wp-content\/uploads\/2020\/09\/mandarinorientalbodrum-1.jpg\" alt=\"mandarin oriental bodrum\" width=\"800\" height=\"450\" srcset=\"https:\/\/julesverne.com.tr\/wp-content\/uploads\/2020\/09\/mandarinorientalbodrum-1.jpg 800w, https:\/\/julesverne.com.tr\/wp-content\/uploads\/2020\/09\/mandarinorientalbodrum-1-500x281.jpg 500w, https:\/\/julesverne.com.tr\/wp-content\/uploads\/2020\/09\/mandarinorientalbodrum-1-768x432.jpg 768w, https:\/\/julesverne.com.tr\/wp-content\/uploads\/2020\/09\/mandarinorientalbodrum-1-400x225.jpg 400w\" sizes=\"(max-width: 800px) 100vw, 800px\" \/><\/strong><\/p>\n<p>Cennet Koyu&#8217;nda e\u015fsiz bir konumda yer alan Mandarin Oriental kesinlikle bir otelden daha fazlas\u0131. Oda, daire, s\u00fcit ve villa se\u00e7enekleriyle bir ya\u015fam alan\u0131 kurgusuna sahip olan Mandarin Oriental Bodrum l\u00fcks tatil anlay\u0131\u015f\u0131na yeni ve s\u0131n\u0131rs\u0131z bir soluk getiriyor. Harika plaj\u0131, gurme restoranlar\u0131, spor ve spa tesisi, \u00f6zel hizmetleriyle arad\u0131\u011f\u0131n\u0131z her \u015feyin bir ad\u0131m \u00f6tesini burada ya\u015fayabilirsiniz. Bah\u00e7e ve deniz manzaral\u0131 odalar\u0131, s\u00fcit odalar\u0131, 1+1 apartman daireleri, villa ve residence alternatifleri ile seyahatinizin s\u00fcresine ve konseptine siz karar verin!<br \/>\n<em><strong>*Mandarin Oriental Bodrum taraf\u0131ndan sa\u011fl\u0131k ve hijyen \u00f6nlemleri i\u00e7in <a href=\"https:\/\/www.julesverne.com.tr\/bizden-haberler\/mandarin-orientalin-we-care-saglik-ve-guvenlik-programi\" target=\"_blank\" rel=\"noopener noreferrer\">t\u0131klay\u0131n!<\/a><\/strong><\/em><\/p>\n<p><strong>The Bodrum EDITION<\/strong><\/p>\n<p style=\"text-align: center;\"><strong><img loading=\"lazy\" decoding=\"async\" class=\"alignnone size-full wp-image-2571\" src=\"https:\/\/www.julesverne.com.tr\/\/wp-content\/uploads\/2020\/09\/editionbodrum.jpg\" alt=\"The Bodrum EDITION\" width=\"1280\" height=\"960\" srcset=\"https:\/\/julesverne.com.tr\/wp-content\/uploads\/2020\/09\/editionbodrum.jpg 1280w, https:\/\/julesverne.com.tr\/wp-content\/uploads\/2020\/09\/editionbodrum-500x375.jpg 500w, https:\/\/julesverne.com.tr\/wp-content\/uploads\/2020\/09\/editionbodrum-768x576.jpg 768w\" sizes=\"(max-width: 1280px) 100vw, 1280px\" \/><\/strong><\/p>\n<p>Yal\u0131kavak k\u0131y\u0131s\u0131nda yepyeni bir d\u00fcnya yaratan The Bodrum EDITION, 22 bin metrekarelik bir alana yay\u0131l\u0131yor. Ege Denizi&#8217;ne bakan, bembeyaz kumlarla \u00e7evrili kumsal\u0131 \u00f6yle g\u00fczel ki g\u00fcne\u015f batt\u0131\u011f\u0131nda bile buradan ayr\u0131lmak istemiyor insan. Oda, s\u00fcit ve villa kategorilerinde toplam 108 odas\u0131 bulunan otel sofistike tasar\u0131m\u0131yla yeni nesil l\u00fcks konaklama deneyimi vaat ediyor. \u00d6zel havuzlu baz\u0131 odalar\u0131 tam izolasyon isteyenler i\u00e7in harika! Yenilik\u00e7i mutfak anlay\u0131\u015f\u0131na sahip restoran ve barlar\u0131 g\u00fcn boyu farkl\u0131 lezzetlerle harikalar yarat\u0131yor.<br \/>\n<em><strong>*The Bodrum EDITION taraf\u0131ndan al\u0131nan sa\u011fl\u0131k ve hijyen \u00f6nlemleri i\u00e7in <a href=\"https:\/\/www.julesverne.com.tr\/bizden-haberler\/the-bodrum-edition-covid-19-tedbirleri\" target=\"_blank\" rel=\"noopener noreferrer\">t\u0131klay\u0131n!<\/a><\/strong><\/em><\/p>\n<p><strong>Caresse Luxury Collection\u00a0\u00a0<\/strong><\/p>\n<p style=\"text-align: center;\"><strong><img loading=\"lazy\" decoding=\"async\" class=\"alignnone size-full wp-image-2572\" src=\"https:\/\/www.julesverne.com.tr\/\/wp-content\/uploads\/2020\/09\/caresse.jpg\" alt=\"Caresse Luxury Collection \" width=\"1280\" height=\"815\" srcset=\"https:\/\/julesverne.com.tr\/wp-content\/uploads\/2020\/09\/caresse.jpg 1280w, https:\/\/julesverne.com.tr\/wp-content\/uploads\/2020\/09\/caresse-500x318.jpg 500w, https:\/\/julesverne.com.tr\/wp-content\/uploads\/2020\/09\/caresse-768x489.jpg 768w\" sizes=\"(max-width: 1280px) 100vw, 1280px\" \/><\/strong><\/p>\n<p>Bodrum&#8217;un Asarl\u0131k Mevkii&#8217;nde hayata ge\u00e7en Caresse a Luxury Collection Resort &amp; Spa modern, taze ve l\u00fcks konforuyla Bodrum&#8217;un iddial\u0131 otellerinden biri olmaya aday. 84 otel odas\u0131 ve 64 eviyle geni\u015f bir alana yay\u0131lan Caresse \u015f\u0131k ve se\u00e7ici. Mask\u00fclen ve feminen dokunu\u015flar aras\u0131nda tam bir \u015fehirli stiline sahip olan odalar, daire ve villalar modern ve huzur veren bir tarza sahip. Bu d\u00f6nemde izole ve yal\u0131n bir tatil deneyimi ge\u00e7irmek isteyenler i\u00e7in her \u015fey \u015fimdiden d\u00fc\u015f\u00fcn\u00fclm\u00fc\u015f.<\/p>\n<p><strong>Allium Villas\u00a0<\/strong><\/p>\n<p style=\"text-align: center;\"><strong><img loading=\"lazy\" decoding=\"async\" class=\"alignnone size-full wp-image-2573\" src=\"https:\/\/www.julesverne.com.tr\/\/wp-content\/uploads\/2020\/09\/allium-villas-resort-bodrum-yalikavak.jpg\" alt=\"Allium Villas \" width=\"1280\" height=\"719\" srcset=\"https:\/\/julesverne.com.tr\/wp-content\/uploads\/2020\/09\/allium-villas-resort-bodrum-yalikavak.jpg 1280w, https:\/\/julesverne.com.tr\/wp-content\/uploads\/2020\/09\/allium-villas-resort-bodrum-yalikavak-500x281.jpg 500w, https:\/\/julesverne.com.tr\/wp-content\/uploads\/2020\/09\/allium-villas-resort-bodrum-yalikavak-768x431.jpg 768w, https:\/\/julesverne.com.tr\/wp-content\/uploads\/2020\/09\/allium-villas-resort-bodrum-yalikavak-400x225.jpg 400w\" sizes=\"(max-width: 1280px) 100vw, 1280px\" \/><\/strong><\/p>\n<p>Mottosu \u201cHayat\u0131n tad\u0131n\u0131 \u00e7\u0131kar.\u201d olan l\u00fcks tesis Allium Villas bu yaz ev konforunda tatil yapmak isteyenler i\u00e7in bir cennet. Yal\u0131kavak\u2019ta yer alan Allium Villas, 9 villa ve toplam 36 odadan olu\u015fuyor. Yamaca kurulan villalardan e\u015fsiz Ege Denizi manzaras\u0131n\u0131 seyredebilirsiniz. Toprak tonlar\u0131n\u0131n ve beyaz rengin ferahl\u0131\u011f\u0131ndan g\u00fc\u00e7 alarak tasarlanan odalar zarif ve konforun \u00f6n plana \u00e7\u0131kt\u0131\u011f\u0131 \u015fekilde dekore edilmi\u015f. Tesise ait \u00f6zel plaj\u0131n\u0131n bulundu\u011fu Allium Villas \u201cotel\u201d konseptinden \u00e7ok bu yaz\u0131n\u0131z\u0131 ge\u00e7irece\u011finiz eviniz rahatl\u0131\u011f\u0131nda.<\/p>\n<p><strong>Amanruya<\/strong><\/p>\n<p style=\"text-align: center;\"><strong><img loading=\"lazy\" decoding=\"async\" class=\"alignnone size-full wp-image-2574\" src=\"https:\/\/www.julesverne.com.tr\/\/wp-content\/uploads\/2020\/09\/amanruya-1.jpg\" alt=\"amanruya\" width=\"1280\" height=\"798\" srcset=\"https:\/\/julesverne.com.tr\/wp-content\/uploads\/2020\/09\/amanruya-1.jpg 1280w, https:\/\/julesverne.com.tr\/wp-content\/uploads\/2020\/09\/amanruya-1-500x312.jpg 500w, https:\/\/julesverne.com.tr\/wp-content\/uploads\/2020\/09\/amanruya-1-768x479.jpg 768w\" sizes=\"(max-width: 1280px) 100vw, 1280px\" \/><\/strong><\/p>\n<p>60.000 metrekare alan i\u00e7erisinde, bah\u00e7esindeki tek bir a\u011faca zarar verilmeden in\u015fa edilen Amanruya ger\u00e7ek olamayacak kadar g\u00fczel, r\u00fcya olamayacak kadar ger\u00e7ek! Akdeniz esintileri ve Osmanl\u0131 mimarisinden ilhamla tasarlanan 36 villas\u0131 da kendine ait havuza sahip. Deniz ve bah\u00e7e manzaral\u0131 villalar size arad\u0131\u011f\u0131n\u0131z t\u00fcm konforu, zarafeti ve \u015f\u0131kl\u0131\u011f\u0131 sunuyor. Do\u011fa ile uyumlu ve do\u011fan\u0131n kalbinde yer alan Amanruya&#8217;n\u0131n 4 restoran\u0131 ve 2 lounge&#8217;u hem T\u00fcrk hem de d\u00fcnya mutfa\u011f\u0131ndan se\u00e7kiler sunarken dileyen misafirler t\u00fcm hijyen \u00f6nlemleri al\u0131nm\u0131\u015f bir \u015fekilde yemeklerini villalar\u0131nda alabiliyorlar.<\/p>\n<p><strong>Susona Bodrum<\/strong><\/p>\n<p style=\"text-align: center;\"><strong><img loading=\"lazy\" decoding=\"async\" class=\"alignnone size-full wp-image-2575\" src=\"https:\/\/www.julesverne.com.tr\/\/wp-content\/uploads\/2020\/09\/susonabodrum.jpg\" alt=\"susona bodrum\" width=\"1280\" height=\"836\" srcset=\"https:\/\/julesverne.com.tr\/wp-content\/uploads\/2020\/09\/susonabodrum.jpg 1280w, https:\/\/julesverne.com.tr\/wp-content\/uploads\/2020\/09\/susonabodrum-500x327.jpg 500w, https:\/\/julesverne.com.tr\/wp-content\/uploads\/2020\/09\/susonabodrum-768x502.jpg 768w\" sizes=\"(max-width: 1280px) 100vw, 1280px\" \/><\/strong><\/p>\n<p>Ad\u0131n\u0131, T\u00fcrk mitlerindeki deniz kral\u0131n\u0131n k\u0131z\u0131 &#8220;Susona&#8221; (Susulu)&#8217;dan alan Susona Bodrum eski Nikki Beach Resort&#8217;un yerine a\u00e7\u0131ld\u0131. Torba&#8217;da, kendine ait bir burun etraf\u0131nda \u015fekillenen Susona Bodrum ilham\u0131n\u0131 denizin bereketinden, tabiat\u0131n el de\u011fmemi\u015f g\u00fczelli\u011finden al\u0131yor. Oda, s\u00fcit ve villa kategorilerinde toplam 76 konaklama alan\u0131 bulunan otel bu yaz g\u00f6zlerden uzak tatil yapmak isteyen ve kendine ait \u00f6zel alan\u0131n\u0131 korumak isteyen misafirler i\u00e7in uzun s\u00fcreli konaklama deneyimi ya\u015fat\u0131yor. Toprak tonlar\u0131n\u0131n hakim oldu\u011fu minimal tasar\u0131m\u0131 sayesinde i\u00e7inde oldu\u011funuz do\u011fayla filtresiz bir ileti\u015fim kurman\u0131za olanak tan\u0131yor. Frankie, Malva ve Ezi restoranlar\u0131 farkl\u0131 atmosfer ve tatlarla sizi a\u011f\u0131rlamaya haz\u0131r.<\/p>\n<p><strong>Six Sensens Kaplankaya<\/strong><\/p>\n<p style=\"text-align: center;\"><img loading=\"lazy\" decoding=\"async\" class=\"alignnone size-full wp-image-2576\" src=\"https:\/\/www.julesverne.com.tr\/\/wp-content\/uploads\/2020\/09\/sixsenseskaplankaya.jpg\" alt=\"Six Sensens Kaplankaya \" width=\"1050\" height=\"700\" srcset=\"https:\/\/julesverne.com.tr\/wp-content\/uploads\/2020\/09\/sixsenseskaplankaya.jpg 1050w, https:\/\/julesverne.com.tr\/wp-content\/uploads\/2020\/09\/sixsenseskaplankaya-500x333.jpg 500w, https:\/\/julesverne.com.tr\/wp-content\/uploads\/2020\/09\/sixsenseskaplankaya-768x512.jpg 768w\" sizes=\"(max-width: 1050px) 100vw, 1050px\" \/><\/p>\n<p>Ege Denizi\u2019nin u\u00e7suz bucaks\u0131z manzaras\u0131nda, kilometrelerce uzanan \u00f6zel bir sahilde, d\u0131\u015f d\u00fcnyadan tamamen ba\u011f\u0131ms\u0131z duran Six Senses Kaplankaya; \u015f\u0131k ve g\u00f6steri\u015fsiz odalar\u0131ndan ki\u015fiye \u00f6zel spa hizmetlerine, beslenme ve sa\u011fl\u0131k programlar\u0131ndan ruh ve zihin at\u00f6lyeleriyle \u201csizin i\u00e7in\u201d, \u201csize \u00f6zel\u201d bir hizmet anlay\u0131\u015f\u0131 sunuyor. T\u00fcrkiye\u2019nin en g\u00fczel k\u0131y\u0131 b\u00f6lgelerinden Mandalya K\u00f6rfezi\u2019nin k\u0131y\u0131lar\u0131nda yer alan\u00a0otel bu yaz sezonunda sadece villa konseptli residanzlar\u0131nda misafirlerini a\u011f\u0131rl\u0131yor.\u00a0Misafirlerin ve \u00e7al\u0131\u015fanlar\u0131n sa\u011fl\u0131\u011f\u0131 i\u00e7in misafirlerin seyahatlerinde ilk 3 g\u00fcn izolasyon uygulamas\u0131 mevcut. Bu s\u00fcre zarf\u0131nda misafirler \u00f6zel plaj, a\u00e7\u0131k hava etkinlikleri ve oda servisinden yararlanabiliyor.<\/p>\n<p><strong>Le Chic Bodrum<\/strong><\/p>\n<p style=\"text-align: center;\"><strong><img loading=\"lazy\" decoding=\"async\" class=\"alignnone size-full wp-image-2577\" src=\"https:\/\/www.julesverne.com.tr\/\/wp-content\/uploads\/2020\/09\/lechic.jpg\" alt=\"Le Chic Bodrum\" width=\"1280\" height=\"640\" srcset=\"https:\/\/julesverne.com.tr\/wp-content\/uploads\/2020\/09\/lechic.jpg 1280w, https:\/\/julesverne.com.tr\/wp-content\/uploads\/2020\/09\/lechic-500x250.jpg 500w, https:\/\/julesverne.com.tr\/wp-content\/uploads\/2020\/09\/lechic-768x384.jpg 768w\" sizes=\"(max-width: 1280px) 100vw, 1280px\" \/><\/strong><\/p>\n<p>Bodrum Bitez&#8217;de hem otel, hem villa hem de konut projesi ile hayata ge\u00e7en Le Chic Bodrum, kendinize ait alan ve mek\u00e2n aray\u0131\u015f\u0131na \u00e7\u00f6z\u00fcm sunuyor. Sadece size \u00f6zel bir koyda, 200 metre sahili ile denizin keyfini doyas\u0131ya ya\u015fatan, kendine ait \u00f6zel iskelesi bulunan Le Chic Bodrum&#8217;da sizi ayr\u0131cal\u0131kl\u0131 hissettiren ise T\u00fcrkiye\u2019de bir ilki ger\u00e7ekle\u015ftirerek &#8216;Tam Pansiyon Plus Resort &amp; Residences&#8217; konseptini sunan &#8216;Kaya Palazzo Resort &amp; Residences&#8217;\u0131n varl\u0131\u011f\u0131. Oda, s\u00fcit, daire ve villa se\u00e7enekleriyle uzun konaklama talepleri i\u00e7in kurgulanan otelde ihtiyac\u0131n\u0131z olan her \u015fey fazlas\u0131yla mevcut!<\/p>\n<p><strong>Swissotel Resort Bodrum Beach\u00a0<\/strong><\/p>\n<p style=\"text-align: center;\"><img loading=\"lazy\" decoding=\"async\" class=\"alignnone size-full wp-image-2578\" src=\"https:\/\/www.julesverne.com.tr\/\/wp-content\/uploads\/2020\/09\/swissotel.jpg\" alt=\"Swissotel Resort Bodrum Beach \" width=\"800\" height=\"497\" srcset=\"https:\/\/julesverne.com.tr\/wp-content\/uploads\/2020\/09\/swissotel.jpg 800w, https:\/\/julesverne.com.tr\/wp-content\/uploads\/2020\/09\/swissotel-500x311.jpg 500w, https:\/\/julesverne.com.tr\/wp-content\/uploads\/2020\/09\/swissotel-768x477.jpg 768w\" sizes=\"(max-width: 800px) 100vw, 800px\" \/><\/p>\n<p>Turgutreis sahilindeki Swissotel Bodrum, mimarisinden servisine kadar \u0130svi\u00e7re de\u011ferlerini benimseyen ve bu de\u011ferleri ya\u015fatan bir anlay\u0131\u015fla hizmet veriyor. Alplerden ilham alan \u00e7a\u011fda\u015f tasar\u0131m\u0131 ile dekore edilen odalar Ege&#8217;nin huzurundan izler ta\u015f\u0131yor. Bah\u00e7e ve deniz manzaral\u0131 odalar\u0131 tamamen konforunuz d\u00fc\u015f\u00fcn\u00fclerek tasarlanm\u0131\u015f. Farkl\u0131 lezzetler sunan 3 restoran\u0131 ve 2 bar\u0131 ise otel s\u0131n\u0131rlar\u0131 d\u0131\u015f\u0131na \u00e7\u0131kmadan en iyiye ula\u015fman\u0131za olanak tan\u0131yor.<\/p>\n<p><strong>Le Meridien Bodrum Beach Resort\u00a0\u00a0<\/strong><\/p>\n<p style=\"text-align: center;\"><strong><img loading=\"lazy\" decoding=\"async\" class=\"alignnone size-full wp-image-2579\" src=\"https:\/\/www.julesverne.com.tr\/\/wp-content\/uploads\/2020\/09\/lemeridienbodrum.jpg\" alt=\"Le Meridien Bodrum Beach Resort \" width=\"1280\" height=\"853\" srcset=\"https:\/\/julesverne.com.tr\/wp-content\/uploads\/2020\/09\/lemeridienbodrum.jpg 1280w, https:\/\/julesverne.com.tr\/wp-content\/uploads\/2020\/09\/lemeridienbodrum-500x333.jpg 500w, https:\/\/julesverne.com.tr\/wp-content\/uploads\/2020\/09\/lemeridienbodrum-768x512.jpg 768w\" sizes=\"(max-width: 1280px) 100vw, 1280px\" \/><\/strong><\/p>\n<p>Bodrum Yar\u0131madas\u0131&#8217;nda, 83 d\u00f6n\u00fcml\u00fck bir arazide yeni a\u00e7\u0131lan Le Meridien Bodrum Beach Resort, tenha ve g\u00f6zlerden uzak bir noktada yer al\u0131yor. Ege k\u0131y\u0131s\u0131nda yemye\u015fil tropik bir koyda yer alan Le M\u00e9ridien Bodrum Beach Resort havaliman\u0131na sadece 15 dakika uzakl\u0131kta konumlan\u0131yor. Deniz manzaral\u0131 odalar\u0131, aileler ve arkada\u015f gruplar\u0131 i\u00e7in d\u00fc\u015f\u00fcn\u00fclen \u00f6zel havuzlu daireleriyle sosyal izolasyon ve mahremiyet aray\u0131\u015f\u0131nda olanlar i\u00e7in b\u00fcy\u00fck bir imkan sunuyor. Otel b\u00fcnyesinde a\u00e7\u0131lan Vitalica Wellness detoks, yenilenme ile birlikte harika bir Ege tatili ya\u015fatmaya aday.<\/p>\n<p style=\"text-align: center;\"><strong>Size \u00f6zel Bodrum seyahat program\u0131 ve rezervasyon i\u00e7in<\/strong><br \/>\n<a href=\"mailto:travel@julesverne.com.tr\" target=\"_blank\" rel=\"noopener noreferrer\"><strong>travel@julesverne.com.tr<\/strong><\/a><br \/>\n<strong>0212 266 6363 &#8211; 118 veya 132<\/strong><\/p>\n","protected":false},"excerpt":{"rendered":"<p>&nbsp;D&uuml;nyan\u0131n en l&uuml;ks ve iddial\u0131 otellerinden ev konseptini ya\u015fatan otellere bu yaz\u0131n Bodrum&#8217;daki en haval\u0131 konaklama se&ccedil;eneklerini sizin i&ccedil;in se&ccedil;tik.<\/p>\n","protected":false},"author":1,"featured_media":2327,"comment_status":"closed","ping_status":"closed","sticky":false,"template":"","format":"standard","meta":{"inline_featured_image":false,"footnotes":""},"categories":[1,40,39],"tags":[137,74,73],"acf":[],"yoast_head":"<!-- This site is optimized with the Yoast SEO plugin v22.3 - https:\/\/yoast.com\/wordpress\/plugins\/seo\/ -->\n<title>Bu Yaz Bodrum&#039;da Nerede Kal\u0131n\u0131r? - JULES VERNE BUSINESS MICE TRAVEL<\/title>\n<meta name=\"robots\" content=\"index, follow, max-snippet:-1, max-image-preview:large, max-video-preview:-1\" \/>\n<link rel=\"canonical\" href=\"https:\/\/julesverne.com.tr\/travel-blog\/bu-yaz-bodrumda-nerede-kalinir\/\" \/>\n<meta property=\"og:locale\" content=\"en_US\" \/>\n<meta property=\"og:type\" content=\"article\" \/>\n<meta property=\"og:title\" content=\"Bu Yaz Bodrum&#039;da Nerede Kal\u0131n\u0131r? - JULES VERNE BUSINESS MICE TRAVEL\" \/>\n<meta property=\"og:description\" content=\"&nbsp;D&uuml;nyan\u0131n en l&uuml;ks ve iddial\u0131 otellerinden ev konseptini ya\u015fatan otellere bu yaz\u0131n Bodrum&#039;daki en haval\u0131 konaklama se&ccedil;eneklerini sizin i&ccedil;in se&ccedil;tik.\" \/>\n<meta property=\"og:url\" content=\"https:\/\/julesverne.com.tr\/travel-blog\/bu-yaz-bodrumda-nerede-kalinir\/\" \/>\n<meta property=\"og:site_name\" content=\"JULES VERNE BUSINESS MICE TRAVEL\" \/>\n<meta property=\"article:publisher\" content=\"https:\/\/www.facebook.com\/JulesVerneBusinessMiceTravel\/\" \/>\n<meta property=\"article:published_time\" content=\"2020-06-23T08:05:59+00:00\" \/>\n<meta property=\"article:modified_time\" content=\"2021-06-25T10:20:21+00:00\" \/>\n<meta property=\"og:image\" content=\"https:\/\/julesverne.com.tr\/wp-content\/uploads\/2020\/09\/bodrum2020.jpg\" \/>\n\t<meta property=\"og:image:width\" content=\"1000\" \/>\n\t<meta property=\"og:image:height\" content=\"667\" \/>\n\t<meta property=\"og:image:type\" content=\"image\/jpeg\" \/>\n<meta name=\"author\" content=\"fikirman\" \/>\n<meta name=\"twitter:card\" content=\"summary_large_image\" \/>\n<meta name=\"twitter:creator\" content=\"@JV_BusinessMice\" \/>\n<meta name=\"twitter:site\" content=\"@JV_BusinessMice\" \/>\n<meta name=\"twitter:label1\" content=\"Written by\" \/>\n\t<meta name=\"twitter:data1\" content=\"fikirman\" \/>\n\t<meta name=\"twitter:label2\" content=\"Est. reading time\" \/>\n\t<meta name=\"twitter:data2\" content=\"6 minutes\" \/>\n<script type=\"application\/ld+json\" class=\"yoast-schema-graph\">{\"@context\":\"https:\/\/schema.org\",\"@graph\":[{\"@type\":\"Article\",\"@id\":\"https:\/\/julesverne.com.tr\/travel-blog\/bu-yaz-bodrumda-nerede-kalinir\/#article\",\"isPartOf\":{\"@id\":\"https:\/\/julesverne.com.tr\/travel-blog\/bu-yaz-bodrumda-nerede-kalinir\/\"},\"author\":{\"name\":\"fikirman\",\"@id\":\"https:\/\/julesverne.com.tr\/#\/schema\/person\/f4eb0514ae455538644c31b99a466fdb\"},\"headline\":\"Bu Yaz Bodrum&#8217;da Nerede Kal\u0131n\u0131r?\",\"datePublished\":\"2020-06-23T08:05:59+00:00\",\"dateModified\":\"2021-06-25T10:20:21+00:00\",\"mainEntityOfPage\":{\"@id\":\"https:\/\/julesverne.com.tr\/travel-blog\/bu-yaz-bodrumda-nerede-kalinir\/\"},\"wordCount\":1179,\"publisher\":{\"@id\":\"https:\/\/julesverne.com.tr\/#organization\"},\"image\":{\"@id\":\"https:\/\/julesverne.com.tr\/travel-blog\/bu-yaz-bodrumda-nerede-kalinir\/#primaryimage\"},\"thumbnailUrl\":\"https:\/\/julesverne.com.tr\/wp-content\/uploads\/2020\/09\/bodrum2020.jpg\",\"keywords\":[\"Blog\",\"Nerede Kalsak\",\"Nereye Gitsek\"],\"articleSection\":[\"Blog\",\"Nerede Kalsak?\",\"Nereye Gitsek?\"],\"inLanguage\":\"en-US\"},{\"@type\":\"WebPage\",\"@id\":\"https:\/\/julesverne.com.tr\/travel-blog\/bu-yaz-bodrumda-nerede-kalinir\/\",\"url\":\"https:\/\/julesverne.com.tr\/travel-blog\/bu-yaz-bodrumda-nerede-kalinir\/\",\"name\":\"Bu Yaz Bodrum'da Nerede Kal\u0131n\u0131r? - JULES VERNE BUSINESS MICE TRAVEL\",\"isPartOf\":{\"@id\":\"https:\/\/julesverne.com.tr\/#website\"},\"primaryImageOfPage\":{\"@id\":\"https:\/\/julesverne.com.tr\/travel-blog\/bu-yaz-bodrumda-nerede-kalinir\/#primaryimage\"},\"image\":{\"@id\":\"https:\/\/julesverne.com.tr\/travel-blog\/bu-yaz-bodrumda-nerede-kalinir\/#primaryimage\"},\"thumbnailUrl\":\"https:\/\/julesverne.com.tr\/wp-content\/uploads\/2020\/09\/bodrum2020.jpg\",\"datePublished\":\"2020-06-23T08:05:59+00:00\",\"dateModified\":\"2021-06-25T10:20:21+00:00\",\"breadcrumb\":{\"@id\":\"https:\/\/julesverne.com.tr\/travel-blog\/bu-yaz-bodrumda-nerede-kalinir\/#breadcrumb\"},\"inLanguage\":\"en-US\",\"potentialAction\":[{\"@type\":\"ReadAction\",\"target\":[\"https:\/\/julesverne.com.tr\/travel-blog\/bu-yaz-bodrumda-nerede-kalinir\/\"]}]},{\"@type\":\"ImageObject\",\"inLanguage\":\"en-US\",\"@id\":\"https:\/\/julesverne.com.tr\/travel-blog\/bu-yaz-bodrumda-nerede-kalinir\/#primaryimage\",\"url\":\"https:\/\/julesverne.com.tr\/wp-content\/uploads\/2020\/09\/bodrum2020.jpg\",\"contentUrl\":\"https:\/\/julesverne.com.tr\/wp-content\/uploads\/2020\/09\/bodrum2020.jpg\",\"width\":1000,\"height\":667},{\"@type\":\"BreadcrumbList\",\"@id\":\"https:\/\/julesverne.com.tr\/travel-blog\/bu-yaz-bodrumda-nerede-kalinir\/#breadcrumb\",\"itemListElement\":[{\"@type\":\"ListItem\",\"position\":1,\"name\":\"Anasayfa\",\"item\":\"https:\/\/julesverne.com.tr\/\"},{\"@type\":\"ListItem\",\"position\":2,\"name\":\"Bu Yaz Bodrum&#8217;da Nerede Kal\u0131n\u0131r?\"}]},{\"@type\":\"WebSite\",\"@id\":\"https:\/\/julesverne.com.tr\/#website\",\"url\":\"https:\/\/julesverne.com.tr\/\",\"name\":\"JULES VERNE BUSINESS MICE TRAVEL\",\"description\":\"\",\"publisher\":{\"@id\":\"https:\/\/julesverne.com.tr\/#organization\"},\"potentialAction\":[{\"@type\":\"SearchAction\",\"target\":{\"@type\":\"EntryPoint\",\"urlTemplate\":\"https:\/\/julesverne.com.tr\/?s={search_term_string}\"},\"query-input\":\"required name=search_term_string\"}],\"inLanguage\":\"en-US\"},{\"@type\":\"Organization\",\"@id\":\"https:\/\/julesverne.com.tr\/#organization\",\"name\":\"JULES VERNE BUSINESS MICE TRAVEL\",\"url\":\"https:\/\/julesverne.com.tr\/\",\"logo\":{\"@type\":\"ImageObject\",\"inLanguage\":\"en-US\",\"@id\":\"https:\/\/julesverne.com.tr\/#\/schema\/logo\/image\/\",\"url\":\"https:\/\/julesverne.com.tr\/wp-content\/uploads\/2020\/09\/jv-bmt-logo.png\",\"contentUrl\":\"https:\/\/julesverne.com.tr\/wp-content\/uploads\/2020\/09\/jv-bmt-logo.png\",\"width\":110,\"height\":81,\"caption\":\"JULES VERNE BUSINESS MICE TRAVEL\"},\"image\":{\"@id\":\"https:\/\/julesverne.com.tr\/#\/schema\/logo\/image\/\"},\"sameAs\":[\"https:\/\/www.facebook.com\/JulesVerneBusinessMiceTravel\/\",\"https:\/\/twitter.com\/JV_BusinessMice\",\"https:\/\/www.instagram.com\/julesvernebusinessmicetravel\/\",\"https:\/\/www.linkedin.com\/company\/julesvernebusinessmicetravel\/\",\"https:\/\/www.youtube.com\/channel\/UCAwdsmbZ6tFhu1tea6pkpiw\"]},{\"@type\":\"Person\",\"@id\":\"https:\/\/julesverne.com.tr\/#\/schema\/person\/f4eb0514ae455538644c31b99a466fdb\",\"name\":\"fikirman\",\"sameAs\":[\"http:\/\/advermedya.net\/julesverne\"],\"url\":\"https:\/\/julesverne.com.tr\/en\/author\/fikirman\/\"}]}<\/script>\n<!-- \/ Yoast SEO plugin. -->","yoast_head_json":{"title":"Bu Yaz Bodrum'da Nerede Kal\u0131n\u0131r? - JULES VERNE BUSINESS MICE TRAVEL","robots":{"index":"index","follow":"follow","max-snippet":"max-snippet:-1","max-image-preview":"max-image-preview:large","max-video-preview":"max-video-preview:-1"},"canonical":"https:\/\/julesverne.com.tr\/travel-blog\/bu-yaz-bodrumda-nerede-kalinir\/","og_locale":"en_US","og_type":"article","og_title":"Bu Yaz Bodrum'da Nerede Kal\u0131n\u0131r? - JULES VERNE BUSINESS MICE TRAVEL","og_description":"&nbsp;D&uuml;nyan\u0131n en l&uuml;ks ve iddial\u0131 otellerinden ev konseptini ya\u015fatan otellere bu yaz\u0131n Bodrum'daki en haval\u0131 konaklama se&ccedil;eneklerini sizin i&ccedil;in se&ccedil;tik.","og_url":"https:\/\/julesverne.com.tr\/travel-blog\/bu-yaz-bodrumda-nerede-kalinir\/","og_site_name":"JULES VERNE BUSINESS MICE TRAVEL","article_publisher":"https:\/\/www.facebook.com\/JulesVerneBusinessMiceTravel\/","article_published_time":"2020-06-23T08:05:59+00:00","article_modified_time":"2021-06-25T10:20:21+00:00","og_image":[{"width":1000,"height":667,"url":"https:\/\/julesverne.com.tr\/wp-content\/uploads\/2020\/09\/bodrum2020.jpg","type":"image\/jpeg"}],"author":"fikirman","twitter_card":"summary_large_image","twitter_creator":"@JV_BusinessMice","twitter_site":"@JV_BusinessMice","twitter_misc":{"Written by":"fikirman","Est. reading time":"6 minutes"},"schema":{"@context":"https:\/\/schema.org","@graph":[{"@type":"Article","@id":"https:\/\/julesverne.com.tr\/travel-blog\/bu-yaz-bodrumda-nerede-kalinir\/#article","isPartOf":{"@id":"https:\/\/julesverne.com.tr\/travel-blog\/bu-yaz-bodrumda-nerede-kalinir\/"},"author":{"name":"fikirman","@id":"https:\/\/julesverne.com.tr\/#\/schema\/person\/f4eb0514ae455538644c31b99a466fdb"},"headline":"Bu Yaz Bodrum&#8217;da Nerede Kal\u0131n\u0131r?","datePublished":"2020-06-23T08:05:59+00:00","dateModified":"2021-06-25T10:20:21+00:00","mainEntityOfPage":{"@id":"https:\/\/julesverne.com.tr\/travel-blog\/bu-yaz-bodrumda-nerede-kalinir\/"},"wordCount":1179,"publisher":{"@id":"https:\/\/julesverne.com.tr\/#organization"},"image":{"@id":"https:\/\/julesverne.com.tr\/travel-blog\/bu-yaz-bodrumda-nerede-kalinir\/#primaryimage"},"thumbnailUrl":"https:\/\/julesverne.com.tr\/wp-content\/uploads\/2020\/09\/bodrum2020.jpg","keywords":["Blog","Nerede Kalsak","Nereye Gitsek"],"articleSection":["Blog","Nerede Kalsak?","Nereye Gitsek?"],"inLanguage":"en-US"},{"@type":"WebPage","@id":"https:\/\/julesverne.com.tr\/travel-blog\/bu-yaz-bodrumda-nerede-kalinir\/","url":"https:\/\/julesverne.com.tr\/travel-blog\/bu-yaz-bodrumda-nerede-kalinir\/","name":"Bu Yaz Bodrum'da Nerede Kal\u0131n\u0131r? - JULES VERNE BUSINESS MICE TRAVEL","isPartOf":{"@id":"https:\/\/julesverne.com.tr\/#website"},"primaryImageOfPage":{"@id":"https:\/\/julesverne.com.tr\/travel-blog\/bu-yaz-bodrumda-nerede-kalinir\/#primaryimage"},"image":{"@id":"https:\/\/julesverne.com.tr\/travel-blog\/bu-yaz-bodrumda-nerede-kalinir\/#primaryimage"},"thumbnailUrl":"https:\/\/julesverne.com.tr\/wp-content\/uploads\/2020\/09\/bodrum2020.jpg","datePublished":"2020-06-23T08:05:59+00:00","dateModified":"2021-06-25T10:20:21+00:00","breadcrumb":{"@id":"https:\/\/julesverne.com.tr\/travel-blog\/bu-yaz-bodrumda-nerede-kalinir\/#breadcrumb"},"inLanguage":"en-US","potentialAction":[{"@type":"ReadAction","target":["https:\/\/julesverne.com.tr\/travel-blog\/bu-yaz-bodrumda-nerede-kalinir\/"]}]},{"@type":"ImageObject","inLanguage":"en-US","@id":"https:\/\/julesverne.com.tr\/travel-blog\/bu-yaz-bodrumda-nerede-kalinir\/#primaryimage","url":"https:\/\/julesverne.com.tr\/wp-content\/uploads\/2020\/09\/bodrum2020.jpg","contentUrl":"https:\/\/julesverne.com.tr\/wp-content\/uploads\/2020\/09\/bodrum2020.jpg","width":1000,"height":667},{"@type":"BreadcrumbList","@id":"https:\/\/julesverne.com.tr\/travel-blog\/bu-yaz-bodrumda-nerede-kalinir\/#breadcrumb","itemListElement":[{"@type":"ListItem","position":1,"name":"Anasayfa","item":"https:\/\/julesverne.com.tr\/"},{"@type":"ListItem","position":2,"name":"Bu Yaz Bodrum&#8217;da Nerede Kal\u0131n\u0131r?"}]},{"@type":"WebSite","@id":"https:\/\/julesverne.com.tr\/#website","url":"https:\/\/julesverne.com.tr\/","name":"JULES VERNE BUSINESS MICE TRAVEL","description":"","publisher":{"@id":"https:\/\/julesverne.com.tr\/#organization"},"potentialAction":[{"@type":"SearchAction","target":{"@type":"EntryPoint","urlTemplate":"https:\/\/julesverne.com.tr\/?s={search_term_string}"},"query-input":"required name=search_term_string"}],"inLanguage":"en-US"},{"@type":"Organization","@id":"https:\/\/julesverne.com.tr\/#organization","name":"JULES VERNE BUSINESS MICE TRAVEL","url":"https:\/\/julesverne.com.tr\/","logo":{"@type":"ImageObject","inLanguage":"en-US","@id":"https:\/\/julesverne.com.tr\/#\/schema\/logo\/image\/","url":"https:\/\/julesverne.com.tr\/wp-content\/uploads\/2020\/09\/jv-bmt-logo.png","contentUrl":"https:\/\/julesverne.com.tr\/wp-content\/uploads\/2020\/09\/jv-bmt-logo.png","width":110,"height":81,"caption":"JULES VERNE BUSINESS MICE TRAVEL"},"image":{"@id":"https:\/\/julesverne.com.tr\/#\/schema\/logo\/image\/"},"sameAs":["https:\/\/www.facebook.com\/JulesVerneBusinessMiceTravel\/","https:\/\/twitter.com\/JV_BusinessMice","https:\/\/www.instagram.com\/julesvernebusinessmicetravel\/","https:\/\/www.linkedin.com\/company\/julesvernebusinessmicetravel\/","https:\/\/www.youtube.com\/channel\/UCAwdsmbZ6tFhu1tea6pkpiw"]},{"@type":"Person","@id":"https:\/\/julesverne.com.tr\/#\/schema\/person\/f4eb0514ae455538644c31b99a466fdb","name":"fikirman","sameAs":["http:\/\/advermedya.net\/julesverne"],"url":"https:\/\/julesverne.com.tr\/en\/author\/fikirman\/"}]}},"_links":{"self":[{"href":"https:\/\/julesverne.com.tr\/en\/wp-json\/wp\/v2\/posts\/2326"}],"collection":[{"href":"https:\/\/julesverne.com.tr\/en\/wp-json\/wp\/v2\/posts"}],"about":[{"href":"https:\/\/julesverne.com.tr\/en\/wp-json\/wp\/v2\/types\/post"}],"author":[{"embeddable":true,"href":"https:\/\/julesverne.com.tr\/en\/wp-json\/wp\/v2\/users\/1"}],"replies":[{"embeddable":true,"href":"https:\/\/julesverne.com.tr\/en\/wp-json\/wp\/v2\/comments?post=2326"}],"version-history":[{"count":0,"href":"https:\/\/julesverne.com.tr\/en\/wp-json\/wp\/v2\/posts\/2326\/revisions"}],"wp:featuredmedia":[{"embeddable":true,"href":"https:\/\/julesverne.com.tr\/en\/wp-json\/wp\/v2\/media\/2327"}],"wp:attachment":[{"href":"https:\/\/julesverne.com.tr\/en\/wp-json\/wp\/v2\/media?parent=2326"}],"wp:term":[{"taxonomy":"category","embeddable":true,"href":"https:\/\/julesverne.com.tr\/en\/wp-json\/wp\/v2\/categories?post=2326"},{"taxonomy":"post_tag","embeddable":true,"href":"https:\/\/julesverne.com.tr\/en\/wp-json\/wp\/v2\/tags?post=2326"}],"curies":[{"name":"wp","href":"https:\/\/api.w.org\/{rel}","templated":true}]}}