{"id":2325,"date":"2020-06-22T19:04:39","date_gmt":"2020-06-22T16:04:39","guid":{"rendered":"https:\/\/www.julesverne.com.tr\/\/blog\/bu-yaz-alacatida-nerede-kalinir\/"},"modified":"2021-06-21T13:52:44","modified_gmt":"2021-06-21T10:52:44","slug":"bu-yaz-alacatida-nerede-kalinir","status":"publish","type":"post","link":"https:\/\/julesverne.com.tr\/en\/travel-blog\/bu-yaz-alacatida-nerede-kalinir\/","title":{"rendered":"Bu Yaz Ala\u00e7at\u0131\u2019da Nerede Kal\u0131n\u0131r?"},"content":{"rendered":"<p style=\"text-align: center;\"><img loading=\"lazy\" decoding=\"async\" class=\"alignnone size-full wp-image-2581\" src=\"https:\/\/www.julesverne.com.tr\/\/wp-content\/uploads\/2020\/09\/alacati-2.jpg\" alt=\"\" width=\"1000\" height=\"666\" srcset=\"https:\/\/julesverne.com.tr\/wp-content\/uploads\/2020\/09\/alacati-2.jpg 1000w, https:\/\/julesverne.com.tr\/wp-content\/uploads\/2020\/09\/alacati-2-500x333.jpg 500w, https:\/\/julesverne.com.tr\/wp-content\/uploads\/2020\/09\/alacati-2-768x511.jpg 768w\" sizes=\"(max-width: 1000px) 100vw, 1000px\" \/><\/p>\n<p>Son y\u0131llarda T\u00fcrkiye\u2019nin g\u00f6zde tatil ve parti noktas\u0131 olan Ala\u00e7at\u0131 bu yaz i\u00e7inden ge\u00e7ti\u011fimiz s\u00fcre\u00e7te temiz Ege havas\u0131 ve masmavi denizinden faydalanabilece\u011fimiz bir s\u0131\u011f\u0131nak oldu. \u201cYeni normal\u201d ile birlikte t\u00fcm hijyen \u00f6nlemlerini alarak sezona merhaba diyen T\u00fcrkiye\u2019nin konaklamas\u0131 en keyifli otellerini sizler i\u00e7in payla\u015fmaya devam ediyoruz. Yeni rotam\u0131z Ala\u00e7at\u0131\u2026 \u00d6zg\u00fcn tasar\u0131mlar\u0131, do\u011fa i\u00e7erisindeki konumlar\u0131 ile ayr\u0131cal\u0131kl\u0131 hissedece\u011finiz, Covid-19 \u00f6nlemleri ile g\u00fcven veren Ala\u00e7at\u0131&#8217;n\u0131n en g\u00fczel otelleri:<\/p>\n<p><strong>Bernadet Ala\u00e7at\u0131<\/strong><\/p>\n<p style=\"text-align: center;\"><img loading=\"lazy\" decoding=\"async\" class=\"alignnone size-full wp-image-2582\" src=\"https:\/\/www.julesverne.com.tr\/\/wp-content\/uploads\/2020\/09\/bernadet.jpg\" alt=\"bernadet ala\u00e7at\u0131\" width=\"1280\" height=\"853\" srcset=\"https:\/\/julesverne.com.tr\/wp-content\/uploads\/2020\/09\/bernadet.jpg 1280w, https:\/\/julesverne.com.tr\/wp-content\/uploads\/2020\/09\/bernadet-500x333.jpg 500w, https:\/\/julesverne.com.tr\/wp-content\/uploads\/2020\/09\/bernadet-768x512.jpg 768w\" sizes=\"(max-width: 1280px) 100vw, 1280px\" \/><\/p>\n<p>E\u015fi Berna Han\u0131m&#8217;\u0131n Ala\u00e7at\u0131&#8217;da otel a\u00e7ma hayalini yerine getiren Vedat Mimaro\u011flu, buray\u0131 ruhuyla var olan bir yere d\u00f6n\u00fc\u015ft\u00fcr\u00fcyor. 2015 y\u0131l\u0131nda l\u00f6semi hastal\u0131\u011f\u0131ndan hayata veda eden Berna Han\u0131m&#8217;\u0131n tutkusu, hayali ve ruhu Vedat Bey sayesinde Ala\u00e7at\u0131&#8217;n\u0131n r\u00fczg\u00e2r\u0131nda ya\u015famaya devam ediyor. 4 ta\u015f binadan olu\u015fan Bernadet, sizi tatil karma\u015fas\u0131ndan al\u0131p sakin, kendinize \u00f6zel hissedece\u011finiz bir deneyim vaat ediyor. L\u00fcks t\u00fcketimden, g\u00f6steri\u015fli hareketlerden uzak olan otel deneyim, payla\u015f\u0131m ve geli\u015fim \u00fczerine kurdu\u011fu felsefesine s\u0131k\u0131 s\u0131k\u0131ya ba\u011fl\u0131. Zarif dekoru, konforun \u00f6n planda oldu\u011fu ortak alanlar\u0131, at\u00f6lyeleri, 5 \u00e7ay\u0131 bulu\u015fmalar\u0131 ile asl\u0131nda hep arad\u0131\u011f\u0131m\u0131z samimiyeti ya\u015fat\u0131yor.<\/p>\n<p><strong>Pachamama Ala\u00e7at\u0131<\/strong><\/p>\n<p style=\"text-align: center;\"><strong><img loading=\"lazy\" decoding=\"async\" class=\"alignnone size-full wp-image-2583\" src=\"https:\/\/www.julesverne.com.tr\/\/wp-content\/uploads\/2020\/09\/pachamama.jpg\" alt=\"Pachamama Ala\u00e7at\u0131\" width=\"1280\" height=\"852\" srcset=\"https:\/\/julesverne.com.tr\/wp-content\/uploads\/2020\/09\/pachamama.jpg 1280w, https:\/\/julesverne.com.tr\/wp-content\/uploads\/2020\/09\/pachamama-500x333.jpg 500w, https:\/\/julesverne.com.tr\/wp-content\/uploads\/2020\/09\/pachamama-768x511.jpg 768w\" sizes=\"(max-width: 1280px) 100vw, 1280px\" \/><\/strong><\/p>\n<p>Otelin ad\u0131 asl\u0131nda buran\u0131n ruhunu \u00f6zetlemeye yeter. G\u00fcney Amerikal\u0131lar\u0131n do\u011fa anaya verdikleri isim &#8220;Pachamama&#8221; do\u011fan\u0131n iltimas ge\u00e7ti\u011fi Ala\u00e7at\u0131&#8217;da hayat buluyor. Her objenin eski medeniyetlere ait bir hikayesinin olmas\u0131 daha da etkileyici de\u011fil mi? Tabiat\u0131n g\u00fcc\u00fcnden ve kudretinden beslenen Pachamama Ruh, Nefes, Denge, \u015eifa, K\u00f6k ad\u0131yla 5 konsept \u00fczerine tasarlanan ve bu felsefelere ait isimler ta\u015f\u0131yan 16 odaya sahip. Do\u011fa anan\u0131n davetk\u00e2r ve kucaklay\u0131c\u0131 yap\u0131s\u0131n\u0131 yans\u0131tan otelin her k\u00f6\u015fesi yuvarlak formlarla tasarlanm\u0131\u015f. Do\u011faya zarar vermeden, do\u011fadan beslenerek in\u015fa edilen otel insan sa\u011fl\u0131\u011f\u0131na uygun \u015fekilde, r\u00fczg\u00e2r\u0131 al\u0131p hava ak\u0131m\u0131 yaratacak \u015fekilde tasarlanm\u0131\u015f.<br \/>\n<em><strong>*Pachamama Ala\u00e7at\u0131 taraf\u0131ndan al\u0131nan sa\u011fl\u0131k ve hijyen \u00f6nlemleri i\u00e7in <a href=\"https:\/\/www.julesverne.com.tr\/bizden-haberler\/pachamama-alacati-covid-19-tedbirleri\" target=\"_blank\" rel=\"noopener noreferrer\">t\u0131klay\u0131n!<\/a><\/strong><\/em><\/p>\n<p><strong>Viento Ala\u00e7at\u0131\u00a0\u00a0<\/strong><\/p>\n<p style=\"text-align: center;\"><strong><img loading=\"lazy\" decoding=\"async\" class=\"alignnone size-full wp-image-2584\" src=\"https:\/\/www.julesverne.com.tr\/\/wp-content\/uploads\/2020\/09\/vientoalacati.jpg\" alt=\"viento ala\u00e7at\u0131\" width=\"1280\" height=\"853\" srcset=\"https:\/\/julesverne.com.tr\/wp-content\/uploads\/2020\/09\/vientoalacati.jpg 1280w, https:\/\/julesverne.com.tr\/wp-content\/uploads\/2020\/09\/vientoalacati-500x333.jpg 500w, https:\/\/julesverne.com.tr\/wp-content\/uploads\/2020\/09\/vientoalacati-768x512.jpg 768w\" sizes=\"(max-width: 1280px) 100vw, 1280px\" \/><\/strong><\/p>\n<p>150 y\u0131ll\u0131k bir ta\u015f evde yeniden hayat bulan Viento Ala\u00e7at\u0131 ad\u0131n\u0131 beldenin me\u015fhur &#8220;r\u00fczgar&#8221;\u0131ndan al\u0131yor. \u0130spanyolca r\u00fczg\u00e2r anlam\u0131na gelen Viento, otelde ge\u00e7irdi\u011finiz her dakikada size \u00f6zg\u00fcrl\u00fck ve ferahl\u0131k hissini ya\u015fat\u0131yor. Geleneksel binan\u0131n tarihine sad\u0131k kal\u0131narak in\u015fa edilmesiyle ge\u00e7mi\u015f ile bug\u00fcn aras\u0131nda ho\u015f bir k\u00f6pr\u00fc olu\u015fturan otelin 28 odas\u0131 var. Farkl\u0131 kategorilerdeki odalar\u0131n ortak \u00f6zelli\u011fi ise Ala\u00e7at\u0131 mimarisinin izlerini ta\u015f\u0131yor olmas\u0131. G\u00fcvenli Turizm Sertifikal\u0131 olan Viento Ala\u00e7at\u0131 ald\u0131\u011f\u0131 \u00f6nlemlerle misafirlerinin g\u00fcvenli ve sa\u011fl\u0131kl\u0131 bir sezon ge\u00e7irmelerine \u00f6zen g\u00f6steriyor.<br \/>\n<em><strong>*Viento Ala\u00e7at\u0131 taraf\u0131ndan al\u0131nan sa\u011fl\u0131k ve hijyen \u00f6nlemleri i\u00e7in<\/strong> <a href=\"https:\/\/www.julesverne.com.tr\/bizden-haberler\/viento-alacati-covid-19-tedbirleri\" target=\"_blank\" rel=\"noopener noreferrer\"><strong>t\u0131klay\u0131n!<\/strong><\/a><\/em><\/p>\n<p><strong>Alavya\u00a0<\/strong><\/p>\n<p style=\"text-align: center;\"><strong><img loading=\"lazy\" decoding=\"async\" class=\"alignnone size-full wp-image-2585\" src=\"https:\/\/www.julesverne.com.tr\/\/wp-content\/uploads\/2020\/09\/alavya-1.jpg\" alt=\"alavya ala\u00e7at\u0131\" width=\"924\" height=\"658\" srcset=\"https:\/\/julesverne.com.tr\/wp-content\/uploads\/2020\/09\/alavya-1.jpg 924w, https:\/\/julesverne.com.tr\/wp-content\/uploads\/2020\/09\/alavya-1-500x356.jpg 500w, https:\/\/julesverne.com.tr\/wp-content\/uploads\/2020\/09\/alavya-1-768x547.jpg 768w\" sizes=\"(max-width: 924px) 100vw, 924px\" \/><\/strong><\/p>\n<p>Bir zamanlar Ala\u00e7at\u0131l\u0131\u00a0\u00e7ocuklar\u0131n a\u011fa\u00e7lar\u0131ndan meyve kopard\u0131\u011f\u0131, ard\u0131ndan a\u00e7\u0131k hava sinemas\u0131 olarak halka e\u011flenceli saatler ya\u015fatan bir arazi \u015fimdi, \u015f\u00f6hreti okyanuslar\u0131 a\u015fan bir butik otel. Alavya; meyve bah\u00e7eleri aras\u0131na yerle\u015ftirilen 6 ta\u015f evinde 25 odas\u0131yla misafirlerini a\u011f\u0131rl\u0131yor. <em>Audley Travel, Madame Le Figaro, Cond\u00e9 Nast Traveller, How to spend it, Travel+Leisure, The Times<\/em> gibi seyahat dergilerinde ve internet sitelerinde kendine geni\u015f yer bulan Alavya, hayattan zevk almay\u0131 bilen; farkl\u0131, huzurlu, zevkli ve rafine bir tatil arzulayanlar\u0131n evi. M\u00fckemmeliyet\u00e7i hizmet anlay\u0131\u015f\u0131 ile bulu\u015fan zarif dekorasyonu burada ge\u00e7irdi\u011finiz her dakikaya yeni bir anlam kat\u0131yor. 4 farkl\u0131 oda kategorisi olan otel odalar\u0131nda modern seyyahlar\u0131n t\u00fcm ihtiya\u00e7lar\u0131na cevap verecek \u00fcr\u00fcnler yerini alm\u0131\u015f. IPOD ve hoparl\u00f6rler, kahve makinesi, TV, banyo kozmetikleri her detay \u00f6zenle se\u00e7ilmi\u015f. Ala\u00e7at\u0131\u2019n\u0131n y\u0131llard\u0131r de\u011fi\u015fmeyen en iyi restoran\u0131 \u201cAgrilia\u201d ile birlikte Mitu Bistro her \u00f6\u011f\u00fcne lezzet kat\u0131yor. Ala\u00e7at\u0131\u2019n\u0131n ilk zamanlar\u0131ndaki ruhunu merak edenler ve o ruhu \u00f6zleyenler i\u00e7in Alavya hep yan\u0131 ba\u015f\u0131n\u0131zda.<\/p>\n<p><strong>Kairaba Ala\u00e7at\u0131 Beach Resort<\/strong><\/p>\n<p style=\"text-align: center;\"><strong><img loading=\"lazy\" decoding=\"async\" class=\"alignnone size-full wp-image-2586\" src=\"https:\/\/www.julesverne.com.tr\/\/wp-content\/uploads\/2020\/09\/alacatibeachresort.jpg\" alt=\"Kairaba Ala\u00e7at\u0131 Beach Resort\" width=\"1280\" height=\"854\" srcset=\"https:\/\/julesverne.com.tr\/wp-content\/uploads\/2020\/09\/alacatibeachresort.jpg 1280w, https:\/\/julesverne.com.tr\/wp-content\/uploads\/2020\/09\/alacatibeachresort-500x334.jpg 500w, https:\/\/julesverne.com.tr\/wp-content\/uploads\/2020\/09\/alacatibeachresort-768x512.jpg 768w\" sizes=\"(max-width: 1280px) 100vw, 1280px\" \/><\/strong><\/p>\n<p>Kendine ait plaj\u0131 ve iskelesi olan Kairaba Ala\u00e7at Beach Resort, s\u00f6rf okullar\u0131n\u0131n da yan\u0131 ba\u015f\u0131nda bulunuyor. Uzun ve geni\u015f sahili g\u00fcn boyu deniz keyfi yapman\u0131za olanak tan\u0131rken iki katl\u0131 ve geni\u015f bah\u00e7eye yay\u0131lan ta\u015f evlerinde 43 odas\u0131yla misafirlerini a\u011f\u0131rl\u0131yor. Y\u0131llard\u0131r de\u011fi\u015fmeyen hizmet kalitesi ile misafirlerini a\u011f\u0131rlayan Kairaba Ala\u00e7at\u0131 Beach Resort, Ala\u00e7at\u0131\u2019n\u0131n geleneksel mimarisinden ilham al\u0131narak bir yazl\u0131k ev s\u0131cakl\u0131\u011f\u0131nda dekore edilmi\u015f. Sade ve zarif bir stille tasarlanan t\u00fcm alanlarda da sayfiye rahatl\u0131\u011f\u0131n\u0131 ve samimiyetini buluyorsunuz.<\/p>\n<p><strong>The Stay Warehouse\u00a0<\/strong><\/p>\n<p style=\"text-align: center;\"><strong><img loading=\"lazy\" decoding=\"async\" class=\"alignnone size-full wp-image-2587\" src=\"https:\/\/www.julesverne.com.tr\/\/wp-content\/uploads\/2020\/09\/thestaywarehouse.jpg\" alt=\"the stay warehouse\" width=\"1280\" height=\"854\" srcset=\"https:\/\/julesverne.com.tr\/wp-content\/uploads\/2020\/09\/thestaywarehouse.jpg 1280w, https:\/\/julesverne.com.tr\/wp-content\/uploads\/2020\/09\/thestaywarehouse-500x334.jpg 500w, https:\/\/julesverne.com.tr\/wp-content\/uploads\/2020\/09\/thestaywarehouse-768x512.jpg 768w\" sizes=\"(max-width: 1280px) 100vw, 1280px\" \/><\/strong><\/p>\n<p>Sadece bir otel de\u011fil ilham veren sanatsal etkinliklerin de bulu\u015fma noktas\u0131 olan The Stay Warehouse gelenekselin d\u0131\u015f\u0131na \u00e7\u0131k\u0131yor. Eski bir depo binas\u0131ndan d\u00f6n\u00fc\u015ft\u00fcr\u00fclen The Stay Warehouse 24 odas\u0131yla keyif, sanat ve e\u011flence tutkunlar\u0131n\u0131 a\u011f\u0131rl\u0131yor.\u00a0\u00c7a\u011fda\u015f ve sade bir stilde dekore edilen odalar modern zaman\u0131n ihtiya\u00e7lar\u0131na da yan\u0131t veriyor. SMEG marka minibarlar, Harman Kardon hoparl\u00f6rler, pikaplar&#8230; Odalar, burada oldu\u011funuz her dakikadan keyif alman\u0131z i\u00e7in tasarlanm\u0131\u015f. A\u011fa\u00e7lar ve bitkilerle s\u00fcsl\u00fc yemye\u015fil bah\u00e7esi, \u015f\u0131k havuzu, otele birka\u00e7 dakika uzakl\u0131kta \u00f6zel eri\u015fim sunan Plage Isol\u00e9e Beach Club ile The Stay \u00e7at\u0131s\u0131 alt\u0131nda t\u00fcm arad\u0131klar\u0131n\u0131za ula\u015fmak m\u00fcmk\u00fcn. Hat\u0131rlatmakta fayda var, otel 18 ya\u015f ve \u00fczeri yeti\u015fkinleri a\u011f\u0131rl\u0131yor.<\/p>\n<p><em><strong>*The Stay Warehouse taraf\u0131ndan al\u0131nan sa\u011fl\u0131k ve hijyen \u00f6nlemleri i\u00e7in <a href=\"https:\/\/www.julesverne.com.tr\/bizden-haberler\/the-stay-warehouse-hijyen-uygulamalari\" target=\"_blank\" rel=\"noopener noreferrer\">t\u0131klay\u0131n!<\/a><\/strong><\/em><\/p>\n<h4 style=\"text-align: center;\"><strong>Size \u00f6zel Ala\u00e7at\u0131 seyahat program\u0131 ve rezervasyon i\u00e7in<br \/>\n<a href=\"mailto:travel@julesverne.com.tr\" target=\"_blank\" rel=\"noopener noreferrer\">travel@julesverne.com.tr<\/a><br \/>\n0212 266 6363 &#8211; 118 veya 132<\/strong><\/h4>\n","protected":false},"excerpt":{"rendered":"<p>Son y\u0131llarda T&uuml;rkiye&rsquo;nin g&ouml;zde tatil ve parti noktas\u0131 olan Ala&ccedil;at\u0131 bu yaz i&ccedil;inden ge&ccedil;ti\u011fimiz s&uuml;re&ccedil;te temiz Ege havas\u0131 ve masmavi denizinden faydalanabilece\u011fimiz bir s\u0131\u011f\u0131nak oldu.<\/p>\n","protected":false},"author":1,"featured_media":1675,"comment_status":"closed","ping_status":"closed","sticky":false,"template":"","format":"standard","meta":{"inline_featured_image":false,"footnotes":""},"categories":[1,40,39],"tags":[137,74,73],"acf":[],"yoast_head":"<!-- This site is optimized with the Yoast SEO plugin v22.3 - https:\/\/yoast.com\/wordpress\/plugins\/seo\/ -->\n<title>Bu Yaz Ala\u00e7at\u0131\u2019da Nerede Kal\u0131n\u0131r? - JULES VERNE BUSINESS MICE TRAVEL<\/title>\n<meta name=\"robots\" content=\"index, follow, max-snippet:-1, max-image-preview:large, max-video-preview:-1\" \/>\n<link rel=\"canonical\" href=\"https:\/\/julesverne.com.tr\/travel-blog\/bu-yaz-alacatida-nerede-kalinir\/\" \/>\n<meta property=\"og:locale\" content=\"en_US\" \/>\n<meta property=\"og:type\" content=\"article\" \/>\n<meta property=\"og:title\" content=\"Bu Yaz Ala\u00e7at\u0131\u2019da Nerede Kal\u0131n\u0131r? - JULES VERNE BUSINESS MICE TRAVEL\" \/>\n<meta property=\"og:description\" content=\"Son y\u0131llarda T&uuml;rkiye&rsquo;nin g&ouml;zde tatil ve parti noktas\u0131 olan Ala&ccedil;at\u0131 bu yaz i&ccedil;inden ge&ccedil;ti\u011fimiz s&uuml;re&ccedil;te temiz Ege havas\u0131 ve masmavi denizinden faydalanabilece\u011fimiz bir s\u0131\u011f\u0131nak oldu.\" \/>\n<meta property=\"og:url\" content=\"https:\/\/julesverne.com.tr\/travel-blog\/bu-yaz-alacatida-nerede-kalinir\/\" \/>\n<meta property=\"og:site_name\" content=\"JULES VERNE BUSINESS MICE TRAVEL\" \/>\n<meta property=\"article:publisher\" content=\"https:\/\/www.facebook.com\/JulesVerneBusinessMiceTravel\/\" \/>\n<meta property=\"article:published_time\" content=\"2020-06-22T16:04:39+00:00\" \/>\n<meta property=\"article:modified_time\" content=\"2021-06-21T10:52:44+00:00\" \/>\n<meta property=\"og:image\" content=\"https:\/\/julesverne.com.tr\/wp-content\/uploads\/2020\/09\/alacati.jpg\" \/>\n\t<meta property=\"og:image:width\" content=\"601\" \/>\n\t<meta property=\"og:image:height\" content=\"400\" \/>\n\t<meta property=\"og:image:type\" content=\"image\/jpeg\" \/>\n<meta name=\"author\" content=\"fikirman\" \/>\n<meta name=\"twitter:card\" content=\"summary_large_image\" \/>\n<meta name=\"twitter:creator\" content=\"@JV_BusinessMice\" \/>\n<meta name=\"twitter:site\" content=\"@JV_BusinessMice\" \/>\n<meta name=\"twitter:label1\" content=\"Written by\" \/>\n\t<meta name=\"twitter:data1\" content=\"fikirman\" \/>\n\t<meta name=\"twitter:label2\" content=\"Est. reading time\" \/>\n\t<meta name=\"twitter:data2\" content=\"5 minutes\" \/>\n<script type=\"application\/ld+json\" class=\"yoast-schema-graph\">{\"@context\":\"https:\/\/schema.org\",\"@graph\":[{\"@type\":\"Article\",\"@id\":\"https:\/\/julesverne.com.tr\/travel-blog\/bu-yaz-alacatida-nerede-kalinir\/#article\",\"isPartOf\":{\"@id\":\"https:\/\/julesverne.com.tr\/travel-blog\/bu-yaz-alacatida-nerede-kalinir\/\"},\"author\":{\"name\":\"fikirman\",\"@id\":\"https:\/\/julesverne.com.tr\/#\/schema\/person\/f4eb0514ae455538644c31b99a466fdb\"},\"headline\":\"Bu Yaz Ala\u00e7at\u0131\u2019da Nerede Kal\u0131n\u0131r?\",\"datePublished\":\"2020-06-22T16:04:39+00:00\",\"dateModified\":\"2021-06-21T10:52:44+00:00\",\"mainEntityOfPage\":{\"@id\":\"https:\/\/julesverne.com.tr\/travel-blog\/bu-yaz-alacatida-nerede-kalinir\/\"},\"wordCount\":1007,\"publisher\":{\"@id\":\"https:\/\/julesverne.com.tr\/#organization\"},\"image\":{\"@id\":\"https:\/\/julesverne.com.tr\/travel-blog\/bu-yaz-alacatida-nerede-kalinir\/#primaryimage\"},\"thumbnailUrl\":\"https:\/\/julesverne.com.tr\/wp-content\/uploads\/2020\/09\/alacati.jpg\",\"keywords\":[\"Blog\",\"Nerede Kalsak\",\"Nereye Gitsek\"],\"articleSection\":[\"Blog\",\"Nerede Kalsak?\",\"Nereye Gitsek?\"],\"inLanguage\":\"en-US\"},{\"@type\":\"WebPage\",\"@id\":\"https:\/\/julesverne.com.tr\/travel-blog\/bu-yaz-alacatida-nerede-kalinir\/\",\"url\":\"https:\/\/julesverne.com.tr\/travel-blog\/bu-yaz-alacatida-nerede-kalinir\/\",\"name\":\"Bu Yaz Ala\u00e7at\u0131\u2019da Nerede Kal\u0131n\u0131r? - JULES VERNE BUSINESS MICE TRAVEL\",\"isPartOf\":{\"@id\":\"https:\/\/julesverne.com.tr\/#website\"},\"primaryImageOfPage\":{\"@id\":\"https:\/\/julesverne.com.tr\/travel-blog\/bu-yaz-alacatida-nerede-kalinir\/#primaryimage\"},\"image\":{\"@id\":\"https:\/\/julesverne.com.tr\/travel-blog\/bu-yaz-alacatida-nerede-kalinir\/#primaryimage\"},\"thumbnailUrl\":\"https:\/\/julesverne.com.tr\/wp-content\/uploads\/2020\/09\/alacati.jpg\",\"datePublished\":\"2020-06-22T16:04:39+00:00\",\"dateModified\":\"2021-06-21T10:52:44+00:00\",\"breadcrumb\":{\"@id\":\"https:\/\/julesverne.com.tr\/travel-blog\/bu-yaz-alacatida-nerede-kalinir\/#breadcrumb\"},\"inLanguage\":\"en-US\",\"potentialAction\":[{\"@type\":\"ReadAction\",\"target\":[\"https:\/\/julesverne.com.tr\/travel-blog\/bu-yaz-alacatida-nerede-kalinir\/\"]}]},{\"@type\":\"ImageObject\",\"inLanguage\":\"en-US\",\"@id\":\"https:\/\/julesverne.com.tr\/travel-blog\/bu-yaz-alacatida-nerede-kalinir\/#primaryimage\",\"url\":\"https:\/\/julesverne.com.tr\/wp-content\/uploads\/2020\/09\/alacati.jpg\",\"contentUrl\":\"https:\/\/julesverne.com.tr\/wp-content\/uploads\/2020\/09\/alacati.jpg\",\"width\":601,\"height\":400},{\"@type\":\"BreadcrumbList\",\"@id\":\"https:\/\/julesverne.com.tr\/travel-blog\/bu-yaz-alacatida-nerede-kalinir\/#breadcrumb\",\"itemListElement\":[{\"@type\":\"ListItem\",\"position\":1,\"name\":\"Anasayfa\",\"item\":\"https:\/\/julesverne.com.tr\/\"},{\"@type\":\"ListItem\",\"position\":2,\"name\":\"Bu Yaz Ala\u00e7at\u0131\u2019da Nerede Kal\u0131n\u0131r?\"}]},{\"@type\":\"WebSite\",\"@id\":\"https:\/\/julesverne.com.tr\/#website\",\"url\":\"https:\/\/julesverne.com.tr\/\",\"name\":\"JULES VERNE BUSINESS MICE TRAVEL\",\"description\":\"\",\"publisher\":{\"@id\":\"https:\/\/julesverne.com.tr\/#organization\"},\"potentialAction\":[{\"@type\":\"SearchAction\",\"target\":{\"@type\":\"EntryPoint\",\"urlTemplate\":\"https:\/\/julesverne.com.tr\/?s={search_term_string}\"},\"query-input\":\"required name=search_term_string\"}],\"inLanguage\":\"en-US\"},{\"@type\":\"Organization\",\"@id\":\"https:\/\/julesverne.com.tr\/#organization\",\"name\":\"JULES VERNE BUSINESS MICE TRAVEL\",\"url\":\"https:\/\/julesverne.com.tr\/\",\"logo\":{\"@type\":\"ImageObject\",\"inLanguage\":\"en-US\",\"@id\":\"https:\/\/julesverne.com.tr\/#\/schema\/logo\/image\/\",\"url\":\"https:\/\/julesverne.com.tr\/wp-content\/uploads\/2020\/09\/jv-bmt-logo.png\",\"contentUrl\":\"https:\/\/julesverne.com.tr\/wp-content\/uploads\/2020\/09\/jv-bmt-logo.png\",\"width\":110,\"height\":81,\"caption\":\"JULES VERNE BUSINESS MICE TRAVEL\"},\"image\":{\"@id\":\"https:\/\/julesverne.com.tr\/#\/schema\/logo\/image\/\"},\"sameAs\":[\"https:\/\/www.facebook.com\/JulesVerneBusinessMiceTravel\/\",\"https:\/\/twitter.com\/JV_BusinessMice\",\"https:\/\/www.instagram.com\/julesvernebusinessmicetravel\/\",\"https:\/\/www.linkedin.com\/company\/julesvernebusinessmicetravel\/\",\"https:\/\/www.youtube.com\/channel\/UCAwdsmbZ6tFhu1tea6pkpiw\"]},{\"@type\":\"Person\",\"@id\":\"https:\/\/julesverne.com.tr\/#\/schema\/person\/f4eb0514ae455538644c31b99a466fdb\",\"name\":\"fikirman\",\"sameAs\":[\"http:\/\/advermedya.net\/julesverne\"],\"url\":\"https:\/\/julesverne.com.tr\/en\/author\/fikirman\/\"}]}<\/script>\n<!-- \/ Yoast SEO plugin. -->","yoast_head_json":{"title":"Bu Yaz Ala\u00e7at\u0131\u2019da Nerede Kal\u0131n\u0131r? - JULES VERNE BUSINESS MICE TRAVEL","robots":{"index":"index","follow":"follow","max-snippet":"max-snippet:-1","max-image-preview":"max-image-preview:large","max-video-preview":"max-video-preview:-1"},"canonical":"https:\/\/julesverne.com.tr\/travel-blog\/bu-yaz-alacatida-nerede-kalinir\/","og_locale":"en_US","og_type":"article","og_title":"Bu Yaz Ala\u00e7at\u0131\u2019da Nerede Kal\u0131n\u0131r? - JULES VERNE BUSINESS MICE TRAVEL","og_description":"Son y\u0131llarda T&uuml;rkiye&rsquo;nin g&ouml;zde tatil ve parti noktas\u0131 olan Ala&ccedil;at\u0131 bu yaz i&ccedil;inden ge&ccedil;ti\u011fimiz s&uuml;re&ccedil;te temiz Ege havas\u0131 ve masmavi denizinden faydalanabilece\u011fimiz bir s\u0131\u011f\u0131nak oldu.","og_url":"https:\/\/julesverne.com.tr\/travel-blog\/bu-yaz-alacatida-nerede-kalinir\/","og_site_name":"JULES VERNE BUSINESS MICE TRAVEL","article_publisher":"https:\/\/www.facebook.com\/JulesVerneBusinessMiceTravel\/","article_published_time":"2020-06-22T16:04:39+00:00","article_modified_time":"2021-06-21T10:52:44+00:00","og_image":[{"width":601,"height":400,"url":"https:\/\/julesverne.com.tr\/wp-content\/uploads\/2020\/09\/alacati.jpg","type":"image\/jpeg"}],"author":"fikirman","twitter_card":"summary_large_image","twitter_creator":"@JV_BusinessMice","twitter_site":"@JV_BusinessMice","twitter_misc":{"Written by":"fikirman","Est. reading time":"5 minutes"},"schema":{"@context":"https:\/\/schema.org","@graph":[{"@type":"Article","@id":"https:\/\/julesverne.com.tr\/travel-blog\/bu-yaz-alacatida-nerede-kalinir\/#article","isPartOf":{"@id":"https:\/\/julesverne.com.tr\/travel-blog\/bu-yaz-alacatida-nerede-kalinir\/"},"author":{"name":"fikirman","@id":"https:\/\/julesverne.com.tr\/#\/schema\/person\/f4eb0514ae455538644c31b99a466fdb"},"headline":"Bu Yaz Ala\u00e7at\u0131\u2019da Nerede Kal\u0131n\u0131r?","datePublished":"2020-06-22T16:04:39+00:00","dateModified":"2021-06-21T10:52:44+00:00","mainEntityOfPage":{"@id":"https:\/\/julesverne.com.tr\/travel-blog\/bu-yaz-alacatida-nerede-kalinir\/"},"wordCount":1007,"publisher":{"@id":"https:\/\/julesverne.com.tr\/#organization"},"image":{"@id":"https:\/\/julesverne.com.tr\/travel-blog\/bu-yaz-alacatida-nerede-kalinir\/#primaryimage"},"thumbnailUrl":"https:\/\/julesverne.com.tr\/wp-content\/uploads\/2020\/09\/alacati.jpg","keywords":["Blog","Nerede Kalsak","Nereye Gitsek"],"articleSection":["Blog","Nerede Kalsak?","Nereye Gitsek?"],"inLanguage":"en-US"},{"@type":"WebPage","@id":"https:\/\/julesverne.com.tr\/travel-blog\/bu-yaz-alacatida-nerede-kalinir\/","url":"https:\/\/julesverne.com.tr\/travel-blog\/bu-yaz-alacatida-nerede-kalinir\/","name":"Bu Yaz Ala\u00e7at\u0131\u2019da Nerede Kal\u0131n\u0131r? - JULES VERNE BUSINESS MICE TRAVEL","isPartOf":{"@id":"https:\/\/julesverne.com.tr\/#website"},"primaryImageOfPage":{"@id":"https:\/\/julesverne.com.tr\/travel-blog\/bu-yaz-alacatida-nerede-kalinir\/#primaryimage"},"image":{"@id":"https:\/\/julesverne.com.tr\/travel-blog\/bu-yaz-alacatida-nerede-kalinir\/#primaryimage"},"thumbnailUrl":"https:\/\/julesverne.com.tr\/wp-content\/uploads\/2020\/09\/alacati.jpg","datePublished":"2020-06-22T16:04:39+00:00","dateModified":"2021-06-21T10:52:44+00:00","breadcrumb":{"@id":"https:\/\/julesverne.com.tr\/travel-blog\/bu-yaz-alacatida-nerede-kalinir\/#breadcrumb"},"inLanguage":"en-US","potentialAction":[{"@type":"ReadAction","target":["https:\/\/julesverne.com.tr\/travel-blog\/bu-yaz-alacatida-nerede-kalinir\/"]}]},{"@type":"ImageObject","inLanguage":"en-US","@id":"https:\/\/julesverne.com.tr\/travel-blog\/bu-yaz-alacatida-nerede-kalinir\/#primaryimage","url":"https:\/\/julesverne.com.tr\/wp-content\/uploads\/2020\/09\/alacati.jpg","contentUrl":"https:\/\/julesverne.com.tr\/wp-content\/uploads\/2020\/09\/alacati.jpg","width":601,"height":400},{"@type":"BreadcrumbList","@id":"https:\/\/julesverne.com.tr\/travel-blog\/bu-yaz-alacatida-nerede-kalinir\/#breadcrumb","itemListElement":[{"@type":"ListItem","position":1,"name":"Anasayfa","item":"https:\/\/julesverne.com.tr\/"},{"@type":"ListItem","position":2,"name":"Bu Yaz Ala\u00e7at\u0131\u2019da Nerede Kal\u0131n\u0131r?"}]},{"@type":"WebSite","@id":"https:\/\/julesverne.com.tr\/#website","url":"https:\/\/julesverne.com.tr\/","name":"JULES VERNE BUSINESS MICE TRAVEL","description":"","publisher":{"@id":"https:\/\/julesverne.com.tr\/#organization"},"potentialAction":[{"@type":"SearchAction","target":{"@type":"EntryPoint","urlTemplate":"https:\/\/julesverne.com.tr\/?s={search_term_string}"},"query-input":"required name=search_term_string"}],"inLanguage":"en-US"},{"@type":"Organization","@id":"https:\/\/julesverne.com.tr\/#organization","name":"JULES VERNE BUSINESS MICE TRAVEL","url":"https:\/\/julesverne.com.tr\/","logo":{"@type":"ImageObject","inLanguage":"en-US","@id":"https:\/\/julesverne.com.tr\/#\/schema\/logo\/image\/","url":"https:\/\/julesverne.com.tr\/wp-content\/uploads\/2020\/09\/jv-bmt-logo.png","contentUrl":"https:\/\/julesverne.com.tr\/wp-content\/uploads\/2020\/09\/jv-bmt-logo.png","width":110,"height":81,"caption":"JULES VERNE BUSINESS MICE TRAVEL"},"image":{"@id":"https:\/\/julesverne.com.tr\/#\/schema\/logo\/image\/"},"sameAs":["https:\/\/www.facebook.com\/JulesVerneBusinessMiceTravel\/","https:\/\/twitter.com\/JV_BusinessMice","https:\/\/www.instagram.com\/julesvernebusinessmicetravel\/","https:\/\/www.linkedin.com\/company\/julesvernebusinessmicetravel\/","https:\/\/www.youtube.com\/channel\/UCAwdsmbZ6tFhu1tea6pkpiw"]},{"@type":"Person","@id":"https:\/\/julesverne.com.tr\/#\/schema\/person\/f4eb0514ae455538644c31b99a466fdb","name":"fikirman","sameAs":["http:\/\/advermedya.net\/julesverne"],"url":"https:\/\/julesverne.com.tr\/en\/author\/fikirman\/"}]}},"_links":{"self":[{"href":"https:\/\/julesverne.com.tr\/en\/wp-json\/wp\/v2\/posts\/2325"}],"collection":[{"href":"https:\/\/julesverne.com.tr\/en\/wp-json\/wp\/v2\/posts"}],"about":[{"href":"https:\/\/julesverne.com.tr\/en\/wp-json\/wp\/v2\/types\/post"}],"author":[{"embeddable":true,"href":"https:\/\/julesverne.com.tr\/en\/wp-json\/wp\/v2\/users\/1"}],"replies":[{"embeddable":true,"href":"https:\/\/julesverne.com.tr\/en\/wp-json\/wp\/v2\/comments?post=2325"}],"version-history":[{"count":0,"href":"https:\/\/julesverne.com.tr\/en\/wp-json\/wp\/v2\/posts\/2325\/revisions"}],"wp:featuredmedia":[{"embeddable":true,"href":"https:\/\/julesverne.com.tr\/en\/wp-json\/wp\/v2\/media\/1675"}],"wp:attachment":[{"href":"https:\/\/julesverne.com.tr\/en\/wp-json\/wp\/v2\/media?parent=2325"}],"wp:term":[{"taxonomy":"category","embeddable":true,"href":"https:\/\/julesverne.com.tr\/en\/wp-json\/wp\/v2\/categories?post=2325"},{"taxonomy":"post_tag","embeddable":true,"href":"https:\/\/julesverne.com.tr\/en\/wp-json\/wp\/v2\/tags?post=2325"}],"curies":[{"name":"wp","href":"https:\/\/api.w.org\/{rel}","templated":true}]}}