{"id":2321,"date":"2020-06-17T11:38:33","date_gmt":"2020-06-17T08:38:33","guid":{"rendered":"https:\/\/www.julesverne.com.tr\/\/blog\/ayse-yagcidan-iz-birakan-rotalar-gokceada-koyleri\/"},"modified":"2025-06-20T13:56:31","modified_gmt":"2025-06-20T10:56:31","slug":"ayse-yagcidan-iz-birakan-rotalar-gokceada-koyleri","status":"publish","type":"post","link":"https:\/\/julesverne.com.tr\/en\/travel-blog\/ayse-yagcidan-iz-birakan-rotalar-gokceada-koyleri\/","title":{"rendered":"Ay\u015fe Ya\u011fc\u0131&#8217;dan \u0130z B\u0131rakan Rotalar: G\u00f6k\u00e7eada K\u00f6yleri"},"content":{"rendered":"<p style=\"text-align: center;\"><em><strong><img loading=\"lazy\" decoding=\"async\" class=\"alignnone size-full wp-image-2592\" src=\"https:\/\/www.julesverne.com.tr\/\/wp-content\/uploads\/2020\/09\/AY_Gokceada_Kolaj_2.jpg\" alt=\"\" width=\"1200\" height=\"628\" srcset=\"https:\/\/julesverne.com.tr\/wp-content\/uploads\/2020\/09\/AY_Gokceada_Kolaj_2.jpg 1200w, https:\/\/julesverne.com.tr\/wp-content\/uploads\/2020\/09\/AY_Gokceada_Kolaj_2-500x262.jpg 500w, https:\/\/julesverne.com.tr\/wp-content\/uploads\/2020\/09\/AY_Gokceada_Kolaj_2-768x402.jpg 768w\" sizes=\"(max-width: 1200px) 100vw, 1200px\" \/><\/strong><\/em><\/p>\n<p><em><strong>Seyahat tutkusunu mesle\u011fi ile birle\u015ftiren Jules Verne Business Mice Travel kurucu orta\u011f\u0131 ve genel m\u00fcd\u00fcr\u00fc Ay\u015fe Ya\u011fc\u0131, 25 y\u0131l\u0131 a\u015fk\u0131n s\u00fcredir d\u00fcnyay\u0131 gezerken biriktirdi\u011fi e\u015fsiz an\u0131lar\u0131 seyahat severlerle payla\u015f\u0131yor. Hi\u00e7 bitmeyen seyahat merak\u0131n\u0131, O&#8217;nu en \u00e7ok etkileyen destinasyonlar\u0131, unutamad\u0131\u011f\u0131 deneyimleri, ba\u015f\u0131na gelen ilgin\u00e7 olaylar\u0131 anlat\u0131yor. Yaz\u0131 dizimiz G\u00f6k\u00e7eada ile devam ediyor.<\/strong><\/em><\/p>\n<p>G\u00f6k\u00e7eada gezimizin ikinci b\u00f6l\u00fcm\u00fc yine ada ruhu ile dolu! Ge\u00e7en hafta \u201cG\u00f6k\u00e7eada\u2019ya nas\u0131l gidilir?\u201d, \u201cG\u00f6k\u00e7eada\u2019da neler yap\u0131l\u0131r?&#8221; bahsetmi\u015ftim.<\/p>\n<p><strong>Hen\u00fcz G\u00f6k\u00e7eada yaz\u0131m\u0131n ilk b\u00f6l\u00fcm\u00fcn\u00fc okumad\u0131ysan\u0131z <a href=\"https:\/\/www.julesverne.com.tr\/bizden-haberler\/ayse-yagcidan-iz-birakan-rotalar-gokceada\" target=\"_blank\" rel=\"noopener noreferrer\">buraya<\/a> t\u0131klayabilirsiniz.\u00a0<\/strong><\/p>\n<p><strong><img loading=\"lazy\" decoding=\"async\" class=\"alignnone wp-image-2593\" src=\"https:\/\/www.julesverne.com.tr\/\/wp-content\/uploads\/2020\/09\/gokceadakoyler.jpg\" alt=\"\" width=\"1200\" height=\"800\" srcset=\"https:\/\/julesverne.com.tr\/wp-content\/uploads\/2020\/09\/gokceadakoyler.jpg 999w, https:\/\/julesverne.com.tr\/wp-content\/uploads\/2020\/09\/gokceadakoyler-500x333.jpg 500w, https:\/\/julesverne.com.tr\/wp-content\/uploads\/2020\/09\/gokceadakoyler-768x512.jpg 768w\" sizes=\"(max-width: 1200px) 100vw, 1200px\" \/><\/strong><\/p>\n<p>Adan\u0131n farkl\u0131 y\u00fczleri var, spor merakl\u0131lar\u0131 i\u00e7in kiteboard, deniz tutkunlar\u0131 i\u00e7in g\u00fczel kumsallar ve p\u0131r\u0131l p\u0131r\u0131l deniz, tarih ve mitoloji merakl\u0131lar\u0131 i\u00e7in \u0130lyada\u2019y\u0131 konu olan hik\u00e2yeler&#8230; Bence adan\u0131n en keyifli yan\u0131 her biri ayr\u0131 bir karakter ta\u015f\u0131yan Rum k\u00f6yleri. Ge\u00e7en hafta Rum k\u00f6ylerine Zeytinlik\u00f6y ile ba\u015flam\u0131\u015ft\u0131m.<\/p>\n<p>Adada kentsel S\u0130T alan\u0131 ilan edilmi\u015f ve koruma alt\u0131na al\u0131nm\u0131\u015f d\u00f6rt k\u00f6y var. <strong>Zeytinlik\u00f6y, Tepek\u00f6y, Derek\u00f6y<\/strong> ve <strong>Bademli<\/strong>. \u00c7ok g\u00fczel bir di\u011fer k\u00f6y ise <strong>Kalek\u00f6y<\/strong> ama S\u0130T alan\u0131 de\u011fil. Bug\u00fcn k\u00f6yler gezimize devam ediyoruz.<\/p>\n<p style=\"text-align: center;\"><img loading=\"lazy\" decoding=\"async\" class=\"alignnone size-full wp-image-2594\" src=\"https:\/\/www.julesverne.com.tr\/\/wp-content\/uploads\/2020\/09\/gokceadakoykolaj.jpg\" alt=\"\" width=\"1200\" height=\"630\" srcset=\"https:\/\/julesverne.com.tr\/wp-content\/uploads\/2020\/09\/gokceadakoykolaj.jpg 1200w, https:\/\/julesverne.com.tr\/wp-content\/uploads\/2020\/09\/gokceadakoykolaj-500x263.jpg 500w, https:\/\/julesverne.com.tr\/wp-content\/uploads\/2020\/09\/gokceadakoykolaj-768x403.jpg 768w\" sizes=\"(max-width: 1200px) 100vw, 1200px\" \/><\/p>\n<p>K\u00f6ylerin temel ortak \u00f6zellikleri var: Parke ta\u015fl\u0131 darac\u0131k yollar, k\u00f6y meydan\u0131, kilise\u2026 Baz\u0131 k\u00f6ylerde bak\u0131ml\u0131 ev say\u0131s\u0131 fazla baz\u0131lar\u0131nda ise harap evler \u00f6ne \u00e7\u0131k\u0131yor. Farkl\u0131 yerlerde ya\u015fayan Rum vatanda\u015flar senenin belli d\u00f6nemlerinde gelip evlerini a\u00e7\u0131yor, bu zamanlar k\u00f6ylerin daha renklendi\u011fi zamanlar oluyor. Son senelerde ciddi bir turistik hareket de var. Buralardaki restoranlara, kafelere, otellere ilgi \u00e7ok. Adal\u0131lar bu durumdan memnun olmakla birlikte adalar\u0131n\u0131n sakinli\u011fine ve karakterine de ba\u011fl\u0131lar. Bu y\u00fczden\u00a0 bayramlardaki yo\u011funluktan ho\u015flanm\u0131yorlar.<\/p>\n<p>Adada ya\u015famak ayr\u0131 bir ruh hali. Her istedi\u011finize hemen ula\u015fmak bazen m\u00fcmk\u00fcn olmuyor. Ula\u015f\u0131m s\u0131n\u0131rl\u0131, hava \u015fartlar\u0131 b\u00fcy\u00fck rol oynuyor. Bu durum adada ortak bir ya\u015fam k\u00fclt\u00fcr\u00fcn\u00fc do\u011furuyor. Kiminle konu\u015fsan\u0131z adadan, ada hayat\u0131ndan bahsederken b\u00fcy\u00fck bir mahalleden bahsediyor alg\u0131s\u0131na kap\u0131l\u0131yorsunuz.<\/p>\n<p><strong>Kalek\u00f6y ile gezimize devam edelim&#8230;<\/strong><\/p>\n<p style=\"text-align: center;\"><img loading=\"lazy\" decoding=\"async\" class=\"alignnone wp-image-2595\" src=\"https:\/\/www.julesverne.com.tr\/\/wp-content\/uploads\/2020\/09\/kalekoy_gokceada_shutterstock_235189771.jpg\" alt=\"\" width=\"1200\" height=\"694\" srcset=\"https:\/\/julesverne.com.tr\/wp-content\/uploads\/2020\/09\/kalekoy_gokceada_shutterstock_235189771.jpg 999w, https:\/\/julesverne.com.tr\/wp-content\/uploads\/2020\/09\/kalekoy_gokceada_shutterstock_235189771-500x289.jpg 500w, https:\/\/julesverne.com.tr\/wp-content\/uploads\/2020\/09\/kalekoy_gokceada_shutterstock_235189771-768x444.jpg 768w\" sizes=\"(max-width: 1200px) 100vw, 1200px\" \/><\/p>\n<p>Kalek\u00f6y iki b\u00f6l\u00fcmden olu\u015fuyor. A\u015fa\u011f\u0131 Kalek\u00f6y ve Yukar\u0131 Kalek\u00f6y. Ad\u0131ndan anla\u015f\u0131laca\u011f\u0131 gibi deniz seviyesinden k\u0131vr\u0131larak bir tepeye var\u0131yorsunuz Yukar\u0131 Kalek\u00f6y i\u00e7in. Adan\u0131n en g\u00fczel g\u00fcn bat\u0131m\u0131n\u0131 buradan seyredebilirsiniz.<\/p>\n<p>Yukar\u0131 Kalek\u00f6y\u2019de meydanda a\u011fa\u00e7lar alt\u0131nda Mustafa\u2019n\u0131n Kayfesi var. Sabah kahvalt\u0131s\u0131, kahve &amp; \u00e7ay i\u00e7in keyifli bir mola yeri. T\u00fcm k\u00f6ylerde oldu\u011fu gibi burada da \u015fahane foto\u011fraf kareleri var. Hemen yan\u0131nda ufak bir kilise. \u0130mroz sabun ve Mum At\u00f6lyesi de kilisenin hemen arkas\u0131na konumlanm\u0131\u015f. Adan\u0131n \u00fcr\u00fcnleri ile sabunlar, mumlar burada \u00fcretiliyor.<\/p>\n<p style=\"text-align: center;\"><img loading=\"lazy\" decoding=\"async\" class=\"alignnone wp-image-2596\" src=\"https:\/\/www.julesverne.com.tr\/\/wp-content\/uploads\/2020\/09\/kalekoy_gokceada_shutterstock_478339870.jpg\" alt=\"\" width=\"1200\" height=\"800\" srcset=\"https:\/\/julesverne.com.tr\/wp-content\/uploads\/2020\/09\/kalekoy_gokceada_shutterstock_478339870.jpg 999w, https:\/\/julesverne.com.tr\/wp-content\/uploads\/2020\/09\/kalekoy_gokceada_shutterstock_478339870-500x333.jpg 500w, https:\/\/julesverne.com.tr\/wp-content\/uploads\/2020\/09\/kalekoy_gokceada_shutterstock_478339870-768x512.jpg 768w\" sizes=\"(max-width: 1200px) 100vw, 1200px\" \/><\/p>\n<p>Her yer \u00e7ok bak\u0131ml\u0131 de\u011fil ama yer yer bak\u0131ms\u0131zl\u0131k hali buralara yak\u0131\u015f\u0131yor. Ada bir yandan bize ge\u00e7mi\u015fteki g\u00fcnlerini hat\u0131rlat\u0131rken buralarda ne hayatlar ya\u015fanm\u0131\u015f dedirtiyor. Ama \u015funu da \u00f6zellikle s\u00f6ylemeliyim ada bug\u00fcnk\u00fc ya\u015fant\u0131s\u0131yla size huzur ve keyif veriyor.\u00a0 Yukar\u0131 Kalek\u00f6y\u2019de g\u00fcnbat\u0131m\u0131n\u0131 en iyi izleyece\u011finiz yer ise tepedeki kale kal\u0131nt\u0131larn\u0131n oldu\u011fu yer ya da Poseidon Restaurant. Sezonda biraz kalabal\u0131k olabilir ama manzaraya i\u00e7in mutlaka gitmeye de\u011fer.<\/p>\n<p>T\u00fcm adan\u0131n en g\u00f6zde oteli olan Anemos da Kalek\u00f6y\u2019e \u00e7\u0131kan yoku\u015fta yer al\u0131yor.\u00a0 Adan\u0131n alametifarikas\u0131 olan ta\u015f evlerden olu\u015fan otelin manzaras\u0131 da \u00e7ok g\u00fczel.<\/p>\n<p>A\u015fa\u011f\u0131 Kalak\u00f6y ise deniz kenar\u0131nda ve olduk\u00e7a turistik. Aday\u0131 tekne ile dola\u015fmak isterseniz burada tekne kiralamak m\u00fcmk\u00fcn.<\/p>\n<p><strong>Eski Bademli K\u00f6y\u00fc&#8230;<\/strong><\/p>\n<p style=\"text-align: center;\"><strong><img loading=\"lazy\" decoding=\"async\" class=\"alignnone wp-image-2597\" src=\"https:\/\/www.julesverne.com.tr\/\/wp-content\/uploads\/2020\/09\/bademli.jpg\" alt=\"\" width=\"1200\" height=\"800\" srcset=\"https:\/\/julesverne.com.tr\/wp-content\/uploads\/2020\/09\/bademli.jpg 999w, https:\/\/julesverne.com.tr\/wp-content\/uploads\/2020\/09\/bademli-500x333.jpg 500w, https:\/\/julesverne.com.tr\/wp-content\/uploads\/2020\/09\/bademli-768x512.jpg 768w\" sizes=\"(max-width: 1200px) 100vw, 1200px\" \/><\/strong><\/p>\n<p>Adan\u0131n en eski ve en bakir k\u00f6y\u00fc. Son senelerde t\u00fcm k\u00f6ylerde oldu\u011fu gibi burada da b\u00fcy\u00fck \u015fehirlerden ka\u00e7\u0131p ufak bir ev al\u0131p yerle\u015fenler var. Bu nedenle k\u0131\u015f aylar\u0131nda \u0131ss\u0131zken yaz aylar\u0131nda daha dolu ve renkli oluyor. K\u00f6y\u00fcn eski ad\u0131 Gliki Rumca\u2019da \u015feker, tatl\u0131 anlam\u0131na geliyor. Yeni ad\u0131 Bademli ise ilham\u0131n\u0131 k\u00f6y etraf\u0131ndaki badem a\u011fa\u00e7lar\u0131n\u0131n bollu\u011fundan al\u0131yor.<\/p>\n<p>Yeni Bademli k\u00f6y\u00fc ise sonradan yap\u0131lan aday\u0131 T\u00fcrkle\u015ftirmek i\u00e7in T\u00fcrkiye\u2019nin farkll\u0131 illerinden getirilen aileler i\u00e7in kurulmu\u015f. Bug\u00fcn daha \u00e7ok pansiyonlar\u0131n yo\u011fun oldu\u011fu bir b\u00f6lge.<\/p>\n<p><strong>Rotadaki son k\u00f6y Tepek\u00f6y&#8230;\u00a0<\/strong><\/p>\n<p style=\"text-align: center;\"><img loading=\"lazy\" decoding=\"async\" class=\"alignnone wp-image-2598\" src=\"https:\/\/www.julesverne.com.tr\/\/wp-content\/uploads\/2020\/09\/tepekoygokceada.jpg\" alt=\"\" width=\"1200\" height=\"973\" srcset=\"https:\/\/julesverne.com.tr\/wp-content\/uploads\/2020\/09\/tepekoygokceada.jpg 740w, https:\/\/julesverne.com.tr\/wp-content\/uploads\/2020\/09\/tepekoygokceada-500x405.jpg 500w\" sizes=\"(max-width: 1200px) 100vw, 1200px\" \/><\/p>\n<p>G\u00f6k\u00e7eadan\u0131n en y\u00fcksek k\u00f6y\u00fc ad\u0131n\u0131 da buradan al\u0131yor zaten. Meraklis Taverna, Baba Yorgo, K\u00f6y kahvesi k\u00f6yde birbirine yak\u0131n keyif adresleri. Evler, kahve ve genel olarak her yer daha bak\u0131ml\u0131. Adan\u0131n evleri, kap\u0131lar\u0131 ne\u015feli renklerde boyanm\u0131\u015f, k\u00f6y \u00e7i\u00e7eklerle s\u00fcslenmi\u015f gibi. Tepek\u00f6y \u00fcn bir \u00f6zelli\u011fi de 15-22 A\u011fustos tarihlerine denk gelen Meryem Ana Yortusu\u2019nun en \u00f6nemli k\u00f6y\u00fc olmas\u0131! Ortodokslar 15 A\u011fustos\u2019ta Merymn Ana\u2019n\u0131n g\u00f6\u011fe y\u00fckseldi\u011fine ve cennete kabul edildi\u011fine inan\u0131yorlar. O g\u00fcn evlerde yemekler pi\u015fiyor ve k\u00f6y meydan\u0131na kurulan uzun masalarda herkes yeme\u011fini payla\u015f\u0131yor. M\u00fczik, dans, sohbet, yemek dolu ne\u015feli bir g\u00fcn ya\u015fan\u0131yor.<\/p>\n<p><strong>K\u00f6ylerden k\u0131sa notlar:<\/strong><\/p>\n<ul>\n<li>Merkezden Kuzu Liman\u0131&#8217;na giderken Ecem Mant\u0131 var. K\u0131vr\u0131la k\u0131vr\u0131la \u00e7\u0131k\u0131lan yol ile var\u0131lan Ecem Mant\u0131&#8217;ya geldi\u011finizde bah\u00e7eye at\u0131lan masalar ve ada manzaras\u0131 var. Kahvalt\u0131s\u0131 da mant\u0131s\u0131 da ayr\u0131 g\u00fczel.<\/li>\n<li>G\u00f6k\u00e7eada Devlet Hastanesi&#8217;nde 15 y\u0131l g\u00f6rev alan Uzman Dr. Hakan Eyi adada uygun tar\u0131m alan\u0131 aray\u0131\u015f\u0131ndayken lavanta \u00fcretimine daha yatk\u0131n oldu\u011funu fark edip \u015eirink\u00f6y&#8217;de lavanta ekimi ve \u00fcretimine ba\u015flam\u0131\u015f. Ge\u00e7ti\u011fimiz y\u0131l mahsullerini alan Lavanta Adas\u0131 G\u00f6k\u00e7eada&#8217;ya ilgiyi artt\u0131racak.<\/li>\n<li>Tepek\u00f6y&#8217;e gelince Barba Yorgo&#8217;da mola vermek gerek. Taverna ruhunu ya\u015fatan, o\u011flak eti ve \u015faraplar\u0131 ile \u00fcnl\u00fc mek\u00e2n.<\/li>\n<li>Tepek\u00f6y k\u00f6y meydan\u0131nda Niko&#8217;nun Yeri&#8217;nde keyifli zaman ge\u00e7irmek m\u00fcmk\u00fcn. Ada ziyaretiniz 15 A\u011fustos&#8217;a denk gelirse Meryam Ana Yortusu kutlamas\u0131na denk gelebilirsiniz.<\/li>\n<li>Bademlik\u00f6y\u2019de efibadem kurabiyesi denince adres belli: Meydani Pastanesi.<\/li>\n<li>Hediyelik e\u015fyalar i\u00e7in Kokina g\u00fczel bir se\u00e7enek.<\/li>\n<\/ul>\n<h1 style=\"text-align: center;\"><a href=\"https:\/\/julesverne.com.tr\/haberler\/travel-haberler\/ayse-yagci-iz-birakan-rotalar-yazi-dizisi\/\"><strong>&#8220;Ay\u015fe Ya\u011fc\u0131 \u0130z B\u0131rakan Rotalar&#8221;\u00a0 Serisi<\/strong><\/a><\/h1>\n<p><strong>Hikayeleri, do\u011fas\u0131 ve insanlar\u0131yla bir b\u00fct\u00fcn olan G\u00f6k\u00e7eada izlenimlerinin ilk b\u00f6l\u00fcm\u00fcne <a href=\"https:\/\/www.julesverne.com.tr\/bizden-haberler\/ayse-yagcidan-iz-birakan-rotalar-gokceada\" target=\"_blank\" rel=\"noopener noreferrer\">buradan<\/a> ula\u015fabilirsiniz.<\/strong><\/p>\n<p style=\"text-align: center;\"><a href=\"https:\/\/www.julesverne.com.tr\/bizden-haberler\/ayse-yagcidan-iz-birakan-rotalar-gokceada\" target=\"_blank\" rel=\"noopener noreferrer\"><strong><img loading=\"lazy\" decoding=\"async\" class=\"alignnone size-full wp-image-2599\" src=\"https:\/\/www.julesverne.com.tr\/\/wp-content\/uploads\/2020\/09\/gokceadaay.png\" alt=\"\" width=\"1200\" height=\"628\" srcset=\"https:\/\/julesverne.com.tr\/wp-content\/uploads\/2020\/09\/gokceadaay.png 1200w, https:\/\/julesverne.com.tr\/wp-content\/uploads\/2020\/09\/gokceadaay-500x262.png 500w, https:\/\/julesverne.com.tr\/wp-content\/uploads\/2020\/09\/gokceadaay-768x402.png 768w\" sizes=\"(max-width: 1200px) 100vw, 1200px\" \/><\/strong><\/a><\/p>\n<p><strong>D\u00fcnyan\u0131n hi\u00e7bir yerine benzemeyen \u00fclkesi Hindistan deneyimlerimi okumak isterseniz yaz\u0131ma <a href=\"https:\/\/www.julesverne.com.tr\/bizden-haberler\/ayse-yagcidan-iz-birakan-rotalar-hindistan\" target=\"_blank\" rel=\"noopener noreferrer\">buradan<\/a> ula\u015fabilirsiniz.<\/strong><\/p>\n<p style=\"text-align: center;\"><a href=\"https:\/\/www.julesverne.com.tr\/bizden-haberler\/ayse-yagcidan-iz-birakan-rotalar-hindistan\" target=\"_blank\" rel=\"noopener noreferrer\"><strong><img loading=\"lazy\" decoding=\"async\" class=\"alignnone size-full wp-image-2600\" src=\"https:\/\/www.julesverne.com.tr\/\/wp-content\/uploads\/2020\/09\/AY_Hindistan_3.jpg\" alt=\"\" width=\"1200\" height=\"628\" srcset=\"https:\/\/julesverne.com.tr\/wp-content\/uploads\/2020\/09\/AY_Hindistan_3.jpg 1200w, https:\/\/julesverne.com.tr\/wp-content\/uploads\/2020\/09\/AY_Hindistan_3-500x262.jpg 500w, https:\/\/julesverne.com.tr\/wp-content\/uploads\/2020\/09\/AY_Hindistan_3-768x402.jpg 768w\" sizes=\"(max-width: 1200px) 100vw, 1200px\" \/><\/strong><\/a><\/p>\n<p><strong>\u0130yinin k\u00f6t\u00fcye kar\u015f\u0131 zaferini simgeleyen Holika&#8217;dan ilham alan\u00a0Holi Festivali rit\u00fcelleriyle birlikte &#8220;G\u00f6ller \u015eehri&#8221; Udaipur yaz\u0131ma <a href=\"https:\/\/www.julesverne.com.tr\/bizden-haberler\/ayse-yagcidan-iz-birakan-rotalar-hindistan-holi-festivali\" target=\"_blank\" rel=\"noopener noreferrer\">buradan<\/a> ula\u015fabilirsiniz.<\/strong><\/p>\n<p style=\"text-align: center;\"><img loading=\"lazy\" decoding=\"async\" class=\"alignnone size-full wp-image-2601\" src=\"https:\/\/www.julesverne.com.tr\/\/wp-content\/uploads\/2020\/09\/hindistanholifestival.png\" alt=\"\" width=\"1200\" height=\"628\" srcset=\"https:\/\/julesverne.com.tr\/wp-content\/uploads\/2020\/09\/hindistanholifestival.png 1200w, https:\/\/julesverne.com.tr\/wp-content\/uploads\/2020\/09\/hindistanholifestival-500x262.png 500w, https:\/\/julesverne.com.tr\/wp-content\/uploads\/2020\/09\/hindistanholifestival-768x402.png 768w\" sizes=\"(max-width: 1200px) 100vw, 1200px\" \/><\/p>\n<p><strong>Do\u011fan\u0131n sahibi olmad\u0131\u011f\u0131m\u0131z\u0131, sadece birer misafir oldu\u011fumuzu hat\u0131rlatan G\u00fcney Afrika Safari yaz\u0131m\u0131 okumak isterseniz <a href=\"https:\/\/www.julesverne.com.tr\/bizden-haberler\/ayse-yagcidan-iz-birakan-rotalar\" target=\"_blank\" rel=\"noopener noreferrer\">buradan<\/a>\u00a0ula\u015fabilirsiniz.<\/strong><\/p>\n<p style=\"text-align: center;\"><img loading=\"lazy\" decoding=\"async\" class=\"alignnone size-full wp-image-2602\" src=\"https:\/\/www.julesverne.com.tr\/\/wp-content\/uploads\/2020\/09\/aykolaj.png\" alt=\"\" width=\"1200\" height=\"628\" srcset=\"https:\/\/julesverne.com.tr\/wp-content\/uploads\/2020\/09\/aykolaj.png 1200w, https:\/\/julesverne.com.tr\/wp-content\/uploads\/2020\/09\/aykolaj-500x262.png 500w, https:\/\/julesverne.com.tr\/wp-content\/uploads\/2020\/09\/aykolaj-768x402.png 768w\" sizes=\"(max-width: 1200px) 100vw, 1200px\" \/><\/p>\n<h4 style=\"text-align: left;\"><strong>Asya\u2019n\u0131n d\u0131\u015f d\u00fcnyaya yeni a\u00e7\u0131lan \u00fclkelerinden,\u00a0&#8220;Mutlu \u0130nsanlar \u00dclkesi&#8221; Bhutan deneyimlerimi okumak isterseniz yaz\u0131ma <a href=\"https:\/\/www.julesverne.com.tr\/bizden-haberler\/ayse-yagcidan-iz-birakan-rotalar-bhutan\" target=\"_blank\" rel=\"noopener noreferrer\">buradan<\/a> ula\u015fabilirsiniz.<\/strong><\/h4>\n<h4 style=\"text-align: center;\"><img loading=\"lazy\" decoding=\"async\" class=\"alignnone size-full wp-image-2603\" src=\"https:\/\/www.julesverne.com.tr\/\/wp-content\/uploads\/2020\/09\/AY_Bhutan_kapak.png\" alt=\"\" width=\"1200\" height=\"628\" srcset=\"https:\/\/julesverne.com.tr\/wp-content\/uploads\/2020\/09\/AY_Bhutan_kapak.png 1200w, https:\/\/julesverne.com.tr\/wp-content\/uploads\/2020\/09\/AY_Bhutan_kapak-500x262.png 500w, https:\/\/julesverne.com.tr\/wp-content\/uploads\/2020\/09\/AY_Bhutan_kapak-768x402.png 768w\" sizes=\"(max-width: 1200px) 100vw, 1200px\" \/><\/h4>\n<h4 style=\"text-align: center;\"><strong><br \/>\n<\/strong><strong>Size \u00f6zel seyahat program\u0131 i\u00e7in:<br \/>\n<\/strong><a href=\"mailto:travel@julesverne.com.tr\" target=\"_blank\" rel=\"noopener noreferrer\"><strong>travel@julesverne.com.tr<\/strong><\/a><\/h4>\n","protected":false},"excerpt":{"rendered":"<p>G&ouml;k&ccedil;eada&#8217;n\u0131n farkl\u0131 y&uuml;zleri var, spor merakll\u0131lar\u0131 i&ccedil;in kiteboard, deniz merakl\u0131lar\u0131 i&ccedil;in g&uuml;zel kumsallar ve p\u0131r\u0131l p\u0131r\u0131l deniz, tarih ve mitoloji merakl\u0131lar\u0131 i&ccedil;in \u0130lyada&rsquo;y\u0131 konu olan hik&acirc;yeler&#8230;<\/p>\n","protected":false},"author":1,"featured_media":516,"comment_status":"closed","ping_status":"closed","sticky":false,"template":"","format":"standard","meta":{"inline_featured_image":false,"footnotes":""},"categories":[38,346,1],"tags":[161],"acf":[],"yoast_head":"<!-- This site is optimized with the Yoast SEO plugin v22.3 - https:\/\/yoast.com\/wordpress\/plugins\/seo\/ -->\n<title>Ay\u015fe Ya\u011fc\u0131&#039;dan \u0130z B\u0131rakan Rotalar: G\u00f6k\u00e7eada K\u00f6yleri - JULES VERNE BUSINESS MICE TRAVEL<\/title>\n<meta name=\"description\" content=\"Seyahat tutkusunu mesle\u011fi ile birle\u015ftiren Jules Verne Business Mice Travel kurucu orta\u011f\u0131 ve genel m\u00fcd\u00fcr\u00fc Ay\u015fe Ya\u011fc\u0131, 25 y\u0131l\u0131 a\u015fk\u0131n s\u00fcredir d\u00fcnyay\u0131 gezerken biriktirdi\u011fi e\u015fsiz an\u0131lar\u0131 seyahat severlerle payla\u015f\u0131yor.\" \/>\n<meta name=\"robots\" content=\"index, follow, max-snippet:-1, max-image-preview:large, max-video-preview:-1\" \/>\n<link rel=\"canonical\" href=\"https:\/\/julesverne.com.tr\/travel-blog\/ayse-yagcidan-iz-birakan-rotalar-gokceada-koyleri\/\" \/>\n<meta property=\"og:locale\" content=\"en_US\" \/>\n<meta property=\"og:type\" content=\"article\" \/>\n<meta property=\"og:title\" content=\"Ay\u015fe Ya\u011fc\u0131&#039;dan \u0130z B\u0131rakan Rotalar: G\u00f6k\u00e7eada K\u00f6yleri - JULES VERNE BUSINESS MICE TRAVEL\" \/>\n<meta property=\"og:description\" content=\"Seyahat tutkusunu mesle\u011fi ile birle\u015ftiren Jules Verne Business Mice Travel kurucu orta\u011f\u0131 ve genel m\u00fcd\u00fcr\u00fc Ay\u015fe Ya\u011fc\u0131, 25 y\u0131l\u0131 a\u015fk\u0131n s\u00fcredir d\u00fcnyay\u0131 gezerken biriktirdi\u011fi e\u015fsiz an\u0131lar\u0131 seyahat severlerle payla\u015f\u0131yor.\" \/>\n<meta property=\"og:url\" content=\"https:\/\/julesverne.com.tr\/travel-blog\/ayse-yagcidan-iz-birakan-rotalar-gokceada-koyleri\/\" \/>\n<meta property=\"og:site_name\" content=\"JULES VERNE BUSINESS MICE TRAVEL\" \/>\n<meta property=\"article:publisher\" content=\"https:\/\/www.facebook.com\/JulesVerneBusinessMiceTravel\/\" \/>\n<meta property=\"article:published_time\" content=\"2020-06-17T08:38:33+00:00\" \/>\n<meta property=\"article:modified_time\" content=\"2025-06-20T10:56:31+00:00\" \/>\n<meta property=\"og:image\" content=\"https:\/\/julesverne.com.tr\/wp-content\/uploads\/2020\/08\/AY_Gokceada_Kolaj_2.jpg\" \/>\n\t<meta property=\"og:image:width\" content=\"1200\" \/>\n\t<meta property=\"og:image:height\" content=\"628\" \/>\n\t<meta property=\"og:image:type\" content=\"image\/jpeg\" \/>\n<meta name=\"author\" content=\"fikirman\" \/>\n<meta name=\"twitter:card\" content=\"summary_large_image\" \/>\n<meta name=\"twitter:creator\" content=\"@JV_BusinessMice\" \/>\n<meta name=\"twitter:site\" content=\"@JV_BusinessMice\" \/>\n<meta name=\"twitter:label1\" content=\"Written by\" \/>\n\t<meta name=\"twitter:data1\" content=\"fikirman\" \/>\n\t<meta name=\"twitter:label2\" content=\"Est. reading time\" \/>\n\t<meta name=\"twitter:data2\" content=\"8 minutes\" \/>\n<script type=\"application\/ld+json\" class=\"yoast-schema-graph\">{\"@context\":\"https:\/\/schema.org\",\"@graph\":[{\"@type\":\"Article\",\"@id\":\"https:\/\/julesverne.com.tr\/travel-blog\/ayse-yagcidan-iz-birakan-rotalar-gokceada-koyleri\/#article\",\"isPartOf\":{\"@id\":\"https:\/\/julesverne.com.tr\/travel-blog\/ayse-yagcidan-iz-birakan-rotalar-gokceada-koyleri\/\"},\"author\":{\"name\":\"fikirman\",\"@id\":\"https:\/\/julesverne.com.tr\/#\/schema\/person\/f4eb0514ae455538644c31b99a466fdb\"},\"headline\":\"Ay\u015fe Ya\u011fc\u0131&#8217;dan \u0130z B\u0131rakan Rotalar: G\u00f6k\u00e7eada K\u00f6yleri\",\"datePublished\":\"2020-06-17T08:38:33+00:00\",\"dateModified\":\"2025-06-20T10:56:31+00:00\",\"mainEntityOfPage\":{\"@id\":\"https:\/\/julesverne.com.tr\/travel-blog\/ayse-yagcidan-iz-birakan-rotalar-gokceada-koyleri\/\"},\"wordCount\":1253,\"publisher\":{\"@id\":\"https:\/\/julesverne.com.tr\/#organization\"},\"image\":{\"@id\":\"https:\/\/julesverne.com.tr\/travel-blog\/ayse-yagcidan-iz-birakan-rotalar-gokceada-koyleri\/#primaryimage\"},\"thumbnailUrl\":\"https:\/\/julesverne.com.tr\/wp-content\/uploads\/2020\/08\/AY_Gokceada_Kolaj_2.jpg\",\"keywords\":[\"Ay\u015fe Ya\u011fc\u0131'dan \u0130z B\u0131rakan Rotalar\"],\"articleSection\":[\"\u0130lham Veren Destinasyonlar\",\"\u0130z B\u0131rakan Yolculuklar\",\"Blog\"],\"inLanguage\":\"en-US\"},{\"@type\":\"WebPage\",\"@id\":\"https:\/\/julesverne.com.tr\/travel-blog\/ayse-yagcidan-iz-birakan-rotalar-gokceada-koyleri\/\",\"url\":\"https:\/\/julesverne.com.tr\/travel-blog\/ayse-yagcidan-iz-birakan-rotalar-gokceada-koyleri\/\",\"name\":\"Ay\u015fe Ya\u011fc\u0131'dan \u0130z B\u0131rakan Rotalar: G\u00f6k\u00e7eada K\u00f6yleri - JULES VERNE BUSINESS MICE TRAVEL\",\"isPartOf\":{\"@id\":\"https:\/\/julesverne.com.tr\/#website\"},\"primaryImageOfPage\":{\"@id\":\"https:\/\/julesverne.com.tr\/travel-blog\/ayse-yagcidan-iz-birakan-rotalar-gokceada-koyleri\/#primaryimage\"},\"image\":{\"@id\":\"https:\/\/julesverne.com.tr\/travel-blog\/ayse-yagcidan-iz-birakan-rotalar-gokceada-koyleri\/#primaryimage\"},\"thumbnailUrl\":\"https:\/\/julesverne.com.tr\/wp-content\/uploads\/2020\/08\/AY_Gokceada_Kolaj_2.jpg\",\"datePublished\":\"2020-06-17T08:38:33+00:00\",\"dateModified\":\"2025-06-20T10:56:31+00:00\",\"description\":\"Seyahat tutkusunu mesle\u011fi ile birle\u015ftiren Jules Verne Business Mice Travel kurucu orta\u011f\u0131 ve genel m\u00fcd\u00fcr\u00fc Ay\u015fe Ya\u011fc\u0131, 25 y\u0131l\u0131 a\u015fk\u0131n s\u00fcredir d\u00fcnyay\u0131 gezerken biriktirdi\u011fi e\u015fsiz an\u0131lar\u0131 seyahat severlerle payla\u015f\u0131yor.\",\"breadcrumb\":{\"@id\":\"https:\/\/julesverne.com.tr\/travel-blog\/ayse-yagcidan-iz-birakan-rotalar-gokceada-koyleri\/#breadcrumb\"},\"inLanguage\":\"en-US\",\"potentialAction\":[{\"@type\":\"ReadAction\",\"target\":[\"https:\/\/julesverne.com.tr\/travel-blog\/ayse-yagcidan-iz-birakan-rotalar-gokceada-koyleri\/\"]}]},{\"@type\":\"ImageObject\",\"inLanguage\":\"en-US\",\"@id\":\"https:\/\/julesverne.com.tr\/travel-blog\/ayse-yagcidan-iz-birakan-rotalar-gokceada-koyleri\/#primaryimage\",\"url\":\"https:\/\/julesverne.com.tr\/wp-content\/uploads\/2020\/08\/AY_Gokceada_Kolaj_2.jpg\",\"contentUrl\":\"https:\/\/julesverne.com.tr\/wp-content\/uploads\/2020\/08\/AY_Gokceada_Kolaj_2.jpg\",\"width\":1200,\"height\":628},{\"@type\":\"BreadcrumbList\",\"@id\":\"https:\/\/julesverne.com.tr\/travel-blog\/ayse-yagcidan-iz-birakan-rotalar-gokceada-koyleri\/#breadcrumb\",\"itemListElement\":[{\"@type\":\"ListItem\",\"position\":1,\"name\":\"Anasayfa\",\"item\":\"https:\/\/julesverne.com.tr\/\"},{\"@type\":\"ListItem\",\"position\":2,\"name\":\"Ay\u015fe Ya\u011fc\u0131&#8217;dan \u0130z B\u0131rakan Rotalar: G\u00f6k\u00e7eada K\u00f6yleri\"}]},{\"@type\":\"WebSite\",\"@id\":\"https:\/\/julesverne.com.tr\/#website\",\"url\":\"https:\/\/julesverne.com.tr\/\",\"name\":\"JULES VERNE BUSINESS MICE TRAVEL\",\"description\":\"\",\"publisher\":{\"@id\":\"https:\/\/julesverne.com.tr\/#organization\"},\"potentialAction\":[{\"@type\":\"SearchAction\",\"target\":{\"@type\":\"EntryPoint\",\"urlTemplate\":\"https:\/\/julesverne.com.tr\/?s={search_term_string}\"},\"query-input\":\"required name=search_term_string\"}],\"inLanguage\":\"en-US\"},{\"@type\":\"Organization\",\"@id\":\"https:\/\/julesverne.com.tr\/#organization\",\"name\":\"JULES VERNE BUSINESS MICE TRAVEL\",\"url\":\"https:\/\/julesverne.com.tr\/\",\"logo\":{\"@type\":\"ImageObject\",\"inLanguage\":\"en-US\",\"@id\":\"https:\/\/julesverne.com.tr\/#\/schema\/logo\/image\/\",\"url\":\"https:\/\/julesverne.com.tr\/wp-content\/uploads\/2020\/09\/jv-bmt-logo.png\",\"contentUrl\":\"https:\/\/julesverne.com.tr\/wp-content\/uploads\/2020\/09\/jv-bmt-logo.png\",\"width\":110,\"height\":81,\"caption\":\"JULES VERNE BUSINESS MICE TRAVEL\"},\"image\":{\"@id\":\"https:\/\/julesverne.com.tr\/#\/schema\/logo\/image\/\"},\"sameAs\":[\"https:\/\/www.facebook.com\/JulesVerneBusinessMiceTravel\/\",\"https:\/\/twitter.com\/JV_BusinessMice\",\"https:\/\/www.instagram.com\/julesvernebusinessmicetravel\/\",\"https:\/\/www.linkedin.com\/company\/julesvernebusinessmicetravel\/\",\"https:\/\/www.youtube.com\/channel\/UCAwdsmbZ6tFhu1tea6pkpiw\"]},{\"@type\":\"Person\",\"@id\":\"https:\/\/julesverne.com.tr\/#\/schema\/person\/f4eb0514ae455538644c31b99a466fdb\",\"name\":\"fikirman\",\"sameAs\":[\"http:\/\/advermedya.net\/julesverne\"],\"url\":\"https:\/\/julesverne.com.tr\/en\/author\/fikirman\/\"}]}<\/script>\n<!-- \/ Yoast SEO plugin. -->","yoast_head_json":{"title":"Ay\u015fe Ya\u011fc\u0131'dan \u0130z B\u0131rakan Rotalar: G\u00f6k\u00e7eada K\u00f6yleri - JULES VERNE BUSINESS MICE TRAVEL","description":"Seyahat tutkusunu mesle\u011fi ile birle\u015ftiren Jules Verne Business Mice Travel kurucu orta\u011f\u0131 ve genel m\u00fcd\u00fcr\u00fc Ay\u015fe Ya\u011fc\u0131, 25 y\u0131l\u0131 a\u015fk\u0131n s\u00fcredir d\u00fcnyay\u0131 gezerken biriktirdi\u011fi e\u015fsiz an\u0131lar\u0131 seyahat severlerle payla\u015f\u0131yor.","robots":{"index":"index","follow":"follow","max-snippet":"max-snippet:-1","max-image-preview":"max-image-preview:large","max-video-preview":"max-video-preview:-1"},"canonical":"https:\/\/julesverne.com.tr\/travel-blog\/ayse-yagcidan-iz-birakan-rotalar-gokceada-koyleri\/","og_locale":"en_US","og_type":"article","og_title":"Ay\u015fe Ya\u011fc\u0131'dan \u0130z B\u0131rakan Rotalar: G\u00f6k\u00e7eada K\u00f6yleri - JULES VERNE BUSINESS MICE TRAVEL","og_description":"Seyahat tutkusunu mesle\u011fi ile birle\u015ftiren Jules Verne Business Mice Travel kurucu orta\u011f\u0131 ve genel m\u00fcd\u00fcr\u00fc Ay\u015fe Ya\u011fc\u0131, 25 y\u0131l\u0131 a\u015fk\u0131n s\u00fcredir d\u00fcnyay\u0131 gezerken biriktirdi\u011fi e\u015fsiz an\u0131lar\u0131 seyahat severlerle payla\u015f\u0131yor.","og_url":"https:\/\/julesverne.com.tr\/travel-blog\/ayse-yagcidan-iz-birakan-rotalar-gokceada-koyleri\/","og_site_name":"JULES VERNE BUSINESS MICE TRAVEL","article_publisher":"https:\/\/www.facebook.com\/JulesVerneBusinessMiceTravel\/","article_published_time":"2020-06-17T08:38:33+00:00","article_modified_time":"2025-06-20T10:56:31+00:00","og_image":[{"width":1200,"height":628,"url":"https:\/\/julesverne.com.tr\/wp-content\/uploads\/2020\/08\/AY_Gokceada_Kolaj_2.jpg","type":"image\/jpeg"}],"author":"fikirman","twitter_card":"summary_large_image","twitter_creator":"@JV_BusinessMice","twitter_site":"@JV_BusinessMice","twitter_misc":{"Written by":"fikirman","Est. reading time":"8 minutes"},"schema":{"@context":"https:\/\/schema.org","@graph":[{"@type":"Article","@id":"https:\/\/julesverne.com.tr\/travel-blog\/ayse-yagcidan-iz-birakan-rotalar-gokceada-koyleri\/#article","isPartOf":{"@id":"https:\/\/julesverne.com.tr\/travel-blog\/ayse-yagcidan-iz-birakan-rotalar-gokceada-koyleri\/"},"author":{"name":"fikirman","@id":"https:\/\/julesverne.com.tr\/#\/schema\/person\/f4eb0514ae455538644c31b99a466fdb"},"headline":"Ay\u015fe Ya\u011fc\u0131&#8217;dan \u0130z B\u0131rakan Rotalar: G\u00f6k\u00e7eada K\u00f6yleri","datePublished":"2020-06-17T08:38:33+00:00","dateModified":"2025-06-20T10:56:31+00:00","mainEntityOfPage":{"@id":"https:\/\/julesverne.com.tr\/travel-blog\/ayse-yagcidan-iz-birakan-rotalar-gokceada-koyleri\/"},"wordCount":1253,"publisher":{"@id":"https:\/\/julesverne.com.tr\/#organization"},"image":{"@id":"https:\/\/julesverne.com.tr\/travel-blog\/ayse-yagcidan-iz-birakan-rotalar-gokceada-koyleri\/#primaryimage"},"thumbnailUrl":"https:\/\/julesverne.com.tr\/wp-content\/uploads\/2020\/08\/AY_Gokceada_Kolaj_2.jpg","keywords":["Ay\u015fe Ya\u011fc\u0131'dan \u0130z B\u0131rakan Rotalar"],"articleSection":["\u0130lham Veren Destinasyonlar","\u0130z B\u0131rakan Yolculuklar","Blog"],"inLanguage":"en-US"},{"@type":"WebPage","@id":"https:\/\/julesverne.com.tr\/travel-blog\/ayse-yagcidan-iz-birakan-rotalar-gokceada-koyleri\/","url":"https:\/\/julesverne.com.tr\/travel-blog\/ayse-yagcidan-iz-birakan-rotalar-gokceada-koyleri\/","name":"Ay\u015fe Ya\u011fc\u0131'dan \u0130z B\u0131rakan Rotalar: G\u00f6k\u00e7eada K\u00f6yleri - JULES VERNE BUSINESS MICE TRAVEL","isPartOf":{"@id":"https:\/\/julesverne.com.tr\/#website"},"primaryImageOfPage":{"@id":"https:\/\/julesverne.com.tr\/travel-blog\/ayse-yagcidan-iz-birakan-rotalar-gokceada-koyleri\/#primaryimage"},"image":{"@id":"https:\/\/julesverne.com.tr\/travel-blog\/ayse-yagcidan-iz-birakan-rotalar-gokceada-koyleri\/#primaryimage"},"thumbnailUrl":"https:\/\/julesverne.com.tr\/wp-content\/uploads\/2020\/08\/AY_Gokceada_Kolaj_2.jpg","datePublished":"2020-06-17T08:38:33+00:00","dateModified":"2025-06-20T10:56:31+00:00","description":"Seyahat tutkusunu mesle\u011fi ile birle\u015ftiren Jules Verne Business Mice Travel kurucu orta\u011f\u0131 ve genel m\u00fcd\u00fcr\u00fc Ay\u015fe Ya\u011fc\u0131, 25 y\u0131l\u0131 a\u015fk\u0131n s\u00fcredir d\u00fcnyay\u0131 gezerken biriktirdi\u011fi e\u015fsiz an\u0131lar\u0131 seyahat severlerle payla\u015f\u0131yor.","breadcrumb":{"@id":"https:\/\/julesverne.com.tr\/travel-blog\/ayse-yagcidan-iz-birakan-rotalar-gokceada-koyleri\/#breadcrumb"},"inLanguage":"en-US","potentialAction":[{"@type":"ReadAction","target":["https:\/\/julesverne.com.tr\/travel-blog\/ayse-yagcidan-iz-birakan-rotalar-gokceada-koyleri\/"]}]},{"@type":"ImageObject","inLanguage":"en-US","@id":"https:\/\/julesverne.com.tr\/travel-blog\/ayse-yagcidan-iz-birakan-rotalar-gokceada-koyleri\/#primaryimage","url":"https:\/\/julesverne.com.tr\/wp-content\/uploads\/2020\/08\/AY_Gokceada_Kolaj_2.jpg","contentUrl":"https:\/\/julesverne.com.tr\/wp-content\/uploads\/2020\/08\/AY_Gokceada_Kolaj_2.jpg","width":1200,"height":628},{"@type":"BreadcrumbList","@id":"https:\/\/julesverne.com.tr\/travel-blog\/ayse-yagcidan-iz-birakan-rotalar-gokceada-koyleri\/#breadcrumb","itemListElement":[{"@type":"ListItem","position":1,"name":"Anasayfa","item":"https:\/\/julesverne.com.tr\/"},{"@type":"ListItem","position":2,"name":"Ay\u015fe Ya\u011fc\u0131&#8217;dan \u0130z B\u0131rakan Rotalar: G\u00f6k\u00e7eada K\u00f6yleri"}]},{"@type":"WebSite","@id":"https:\/\/julesverne.com.tr\/#website","url":"https:\/\/julesverne.com.tr\/","name":"JULES VERNE BUSINESS MICE TRAVEL","description":"","publisher":{"@id":"https:\/\/julesverne.com.tr\/#organization"},"potentialAction":[{"@type":"SearchAction","target":{"@type":"EntryPoint","urlTemplate":"https:\/\/julesverne.com.tr\/?s={search_term_string}"},"query-input":"required name=search_term_string"}],"inLanguage":"en-US"},{"@type":"Organization","@id":"https:\/\/julesverne.com.tr\/#organization","name":"JULES VERNE BUSINESS MICE TRAVEL","url":"https:\/\/julesverne.com.tr\/","logo":{"@type":"ImageObject","inLanguage":"en-US","@id":"https:\/\/julesverne.com.tr\/#\/schema\/logo\/image\/","url":"https:\/\/julesverne.com.tr\/wp-content\/uploads\/2020\/09\/jv-bmt-logo.png","contentUrl":"https:\/\/julesverne.com.tr\/wp-content\/uploads\/2020\/09\/jv-bmt-logo.png","width":110,"height":81,"caption":"JULES VERNE BUSINESS MICE TRAVEL"},"image":{"@id":"https:\/\/julesverne.com.tr\/#\/schema\/logo\/image\/"},"sameAs":["https:\/\/www.facebook.com\/JulesVerneBusinessMiceTravel\/","https:\/\/twitter.com\/JV_BusinessMice","https:\/\/www.instagram.com\/julesvernebusinessmicetravel\/","https:\/\/www.linkedin.com\/company\/julesvernebusinessmicetravel\/","https:\/\/www.youtube.com\/channel\/UCAwdsmbZ6tFhu1tea6pkpiw"]},{"@type":"Person","@id":"https:\/\/julesverne.com.tr\/#\/schema\/person\/f4eb0514ae455538644c31b99a466fdb","name":"fikirman","sameAs":["http:\/\/advermedya.net\/julesverne"],"url":"https:\/\/julesverne.com.tr\/en\/author\/fikirman\/"}]}},"_links":{"self":[{"href":"https:\/\/julesverne.com.tr\/en\/wp-json\/wp\/v2\/posts\/2321"}],"collection":[{"href":"https:\/\/julesverne.com.tr\/en\/wp-json\/wp\/v2\/posts"}],"about":[{"href":"https:\/\/julesverne.com.tr\/en\/wp-json\/wp\/v2\/types\/post"}],"author":[{"embeddable":true,"href":"https:\/\/julesverne.com.tr\/en\/wp-json\/wp\/v2\/users\/1"}],"replies":[{"embeddable":true,"href":"https:\/\/julesverne.com.tr\/en\/wp-json\/wp\/v2\/comments?post=2321"}],"version-history":[{"count":1,"href":"https:\/\/julesverne.com.tr\/en\/wp-json\/wp\/v2\/posts\/2321\/revisions"}],"predecessor-version":[{"id":16988,"href":"https:\/\/julesverne.com.tr\/en\/wp-json\/wp\/v2\/posts\/2321\/revisions\/16988"}],"wp:featuredmedia":[{"embeddable":true,"href":"https:\/\/julesverne.com.tr\/en\/wp-json\/wp\/v2\/media\/516"}],"wp:attachment":[{"href":"https:\/\/julesverne.com.tr\/en\/wp-json\/wp\/v2\/media?parent=2321"}],"wp:term":[{"taxonomy":"category","embeddable":true,"href":"https:\/\/julesverne.com.tr\/en\/wp-json\/wp\/v2\/categories?post=2321"},{"taxonomy":"post_tag","embeddable":true,"href":"https:\/\/julesverne.com.tr\/en\/wp-json\/wp\/v2\/tags?post=2321"}],"curies":[{"name":"wp","href":"https:\/\/api.w.org\/{rel}","templated":true}]}}