{"id":2319,"date":"2020-06-17T10:44:25","date_gmt":"2020-06-17T07:44:25","guid":{"rendered":"https:\/\/www.julesverne.com.tr\/\/blog\/bu-yaz-cundada-nerede-kalinir\/"},"modified":"2021-06-21T10:15:47","modified_gmt":"2021-06-21T07:15:47","slug":"bu-yaz-cundada-nerede-kalinir","status":"publish","type":"post","link":"https:\/\/julesverne.com.tr\/en\/travel-blog\/bu-yaz-cundada-nerede-kalinir\/","title":{"rendered":"Bu Yaz Cunda&#8217;da Nerede Kal\u0131n\u0131r?"},"content":{"rendered":"<p style=\"text-align: center;\"><img loading=\"lazy\" decoding=\"async\" class=\"alignnone size-full wp-image-2605\" src=\"https:\/\/www.julesverne.com.tr\/\/wp-content\/uploads\/2020\/09\/kuzeyegeotelleri-2.jpg\" alt=\"\" width=\"1000\" height=\"562\" srcset=\"https:\/\/julesverne.com.tr\/wp-content\/uploads\/2020\/09\/kuzeyegeotelleri-2.jpg 1000w, https:\/\/julesverne.com.tr\/wp-content\/uploads\/2020\/09\/kuzeyegeotelleri-2-500x281.jpg 500w, https:\/\/julesverne.com.tr\/wp-content\/uploads\/2020\/09\/kuzeyegeotelleri-2-768x432.jpg 768w, https:\/\/julesverne.com.tr\/wp-content\/uploads\/2020\/09\/kuzeyegeotelleri-2-400x225.jpg 400w\" sizes=\"(max-width: 1000px) 100vw, 1000px\" \/><\/p>\n<p>Rum-T\u00fcrk k\u00fclt\u00fcr\u00fcn\u00fcn izlerini ta\u015f\u0131yan, ana karaya k\u00f6pr\u00fc ile ba\u011flansa da deniz ortas\u0131nda olman\u0131n ba\u015f\u0131na buyruklu\u011funu devam ettiren, \u00f6zg\u00fcr ruhlu bir Ege adas\u0131 Cunda&#8230; Arnavut kald\u0131r\u0131m ta\u015fl\u0131 sokaklar\u0131, Ta\u015f evleri, balkonlardan ta\u015fan renkli \u00e7i\u00e7ekler derken bir anda bu sevimli ada bohem ve sanata d\u00fc\u015fk\u00fcn bir durak haline geldi. Eminiz, herkes bu d\u00f6n\u00fc\u015f\u00fcmden gayet memnun. At\u00f6lyeleri, butikleri, lezzetleriyle ba\u015f d\u00f6nd\u00fcren restoranlar\u0131, bakir koylar\u0131 Cunda&#8217;y\u0131 en sevilen yer yapt\u0131. Biz de bu yaz sezonunda Cunda&#8217;da kendinizi doyas\u0131ya \u00f6zg\u00fcr hissedece\u011finiz otelleri derledik. \u00d6zg\u00fcn tasar\u0131mlar\u0131, do\u011fa i\u00e7erisindeki konumlar\u0131 ile ayr\u0131cal\u0131kl\u0131 hissedece\u011finiz, Covid-19 \u00f6nlemleri ile g\u00fcven veren Cunda&#8217;n\u0131n en g\u00fczel otelleri:<\/p>\n<p><strong>Ortun\u00e7 Hotel\u00a0<\/strong><\/p>\n<p style=\"text-align: center;\"><strong><img loading=\"lazy\" decoding=\"async\" class=\"alignnone size-full wp-image-2606\" src=\"https:\/\/www.julesverne.com.tr\/\/wp-content\/uploads\/2020\/09\/ortunchotel.jpg\" alt=\"\" width=\"1280\" height=\"870\" srcset=\"https:\/\/julesverne.com.tr\/wp-content\/uploads\/2020\/09\/ortunchotel.jpg 1280w, https:\/\/julesverne.com.tr\/wp-content\/uploads\/2020\/09\/ortunchotel-500x340.jpg 500w, https:\/\/julesverne.com.tr\/wp-content\/uploads\/2020\/09\/ortunchotel-768x522.jpg 768w\" sizes=\"(max-width: 1280px) 100vw, 1280px\" \/><\/strong><\/p>\n<p>Mavi bayrakl\u0131 Ortun\u00e7 Koyu\u2019nda, Cunda Adas\u0131\u2019n\u0131n sakl\u0131 k\u00f6\u015felerinden biri olan Ortun\u00e7 Hotel mahremiyete ve mesafeye \u00f6nem verenlerin her zaman g\u00f6zdesi oldu. Yemye\u015fil bah\u00e7esinde, iki katl\u0131 binalar\u0131nda 40 odas\u0131 var. Tavandan tabana uzanan pencereleri odan\u0131zdan t\u00fcm manzaray\u0131 seyretmenize de olanak tan\u0131yor. Kendine ait plaj\u0131 olan Ortun\u00e7 Hotel\u2019de dingin bir yaz tatilinde ihtiyac\u0131n\u0131z olan her \u015fey yan\u0131 ba\u015f\u0131n\u0131zda. Otele 12 ya\u015f ve \u00fczeri \u00e7ocuklar\u0131n kabul edildi\u011fini belirtmek gerek.<br \/>\n<strong><em>*Otelde, gerekli t\u00fcm Covid- 19 tedbirleri uygulan\u0131yor.<\/em><\/strong><\/p>\n<p><strong>Cunda Despot Evi\u00a0<\/strong><\/p>\n<p style=\"text-align: center;\"><strong><img loading=\"lazy\" decoding=\"async\" class=\"alignnone size-full wp-image-2607\" src=\"https:\/\/www.julesverne.com.tr\/\/wp-content\/uploads\/2020\/09\/cundadespotevi.jpg\" alt=\"\" width=\"1280\" height=\"853\" srcset=\"https:\/\/julesverne.com.tr\/wp-content\/uploads\/2020\/09\/cundadespotevi.jpg 1280w, https:\/\/julesverne.com.tr\/wp-content\/uploads\/2020\/09\/cundadespotevi-500x333.jpg 500w, https:\/\/julesverne.com.tr\/wp-content\/uploads\/2020\/09\/cundadespotevi-768x512.jpg 768w\" sizes=\"(max-width: 1280px) 100vw, 1280px\" \/><\/strong><\/p>\n<p>Cunda&#8217;n\u0131n ana caddesinin bir ad\u0131m gerisinde, adan\u0131n t\u00fcm h\u00fcz\u00fcnlerini ve mutluluklar\u0131n\u0131 150 y\u0131ld\u0131r biriktiren Cunda Despot Evi. 1862 y\u0131l\u0131nda in\u015fa edilen, bir d\u00f6nem kaderine terk edilen tarihi ev g\u00fcn\u00fcm\u00fczde k\u00fclt\u00fcrel miras\u0131 ve k\u00fclt\u00fcr end\u00fcstrisi alt\u0131n tasar\u0131m \u00f6d\u00fcll\u00fc bir otel olarak kar\u015f\u0131m\u0131zda. Geleneksel ve tarihsel detaylarla dekore edilen 28 odas\u0131 zaman\u0131n ruhunu yans\u0131t\u0131yor. Otelin, 7 km uzakl\u0131ktaki Pateri\u00e7a Koyu&#8217;nda sadece otel misafirlerine ait plaj\u0131na dilerseniz \u00fccretsiz transfer hizmeti de bulunuyor.<br \/>\n<em><strong>*Otelde, gerekli t\u00fcm Covid- 19 tedbirleri uygulan\u0131yor.<\/strong><\/em><\/p>\n<p><strong>Mola Cunda\u00a0\u00a0<\/strong><\/p>\n<p style=\"text-align: center;\"><strong><img loading=\"lazy\" decoding=\"async\" class=\"alignnone size-full wp-image-2608\" src=\"https:\/\/www.julesverne.com.tr\/\/wp-content\/uploads\/2020\/09\/molacunda.jpg\" alt=\"\" width=\"1280\" height=\"854\" srcset=\"https:\/\/julesverne.com.tr\/wp-content\/uploads\/2020\/09\/molacunda.jpg 1280w, https:\/\/julesverne.com.tr\/wp-content\/uploads\/2020\/09\/molacunda-500x334.jpg 500w, https:\/\/julesverne.com.tr\/wp-content\/uploads\/2020\/09\/molacunda-768x512.jpg 768w\" sizes=\"(max-width: 1280px) 100vw, 1280px\" \/><\/strong><\/p>\n<p>Cunda Adas\u0131&#8217;n\u0131n kalbinde olmas\u0131na ra\u011fmen korunakl\u0131 konumu ile sizi ger\u00e7ek d\u00fcnyadan soyutlayan Mola Cunda, avlu gibi tasarlanan ve havuzu saran otel binas\u0131 her detay\u0131yla taze, dingin ve gen\u00e7 g\u00f6r\u00fcn\u00fcyor. 30 odas\u0131 bulunan otel ah\u015fap mobilyalar, beyaz tonlar\u0131 ile tam bir yaz havas\u0131 estiriyor. Otelin 7 km uzakl\u0131ktaki Pateri\u00e7a Koyu, 1. k\u00f6y\u00fcnde kendine ait plaj\u0131 da var ve arzu eden misafirlere \u00fccretsiz transfer hizmeti veriliyor. Otele ait olan plaj alan\u0131nda 2 karavan 4 \u00e7ad\u0131r\u0131 ile Mola Glamping \u00f6zg\u00fcr ruhlu do\u011fa tutkunlar\u0131n\u0131 da a\u011f\u0131rl\u0131yor.<br \/>\n<em><strong>*Otelde, gerekli t\u00fcm Covid- 19 tedbirleri uygulan\u0131yor.<\/strong><\/em><\/p>\n<p><strong>Otel Sobe<\/strong><\/p>\n<p style=\"text-align: center;\"><img loading=\"lazy\" decoding=\"async\" class=\"alignnone size-full wp-image-2609\" src=\"https:\/\/www.julesverne.com.tr\/\/wp-content\/uploads\/2020\/09\/otelsobeayvalik.jpg\" alt=\"\" width=\"1280\" height=\"853\" srcset=\"https:\/\/julesverne.com.tr\/wp-content\/uploads\/2020\/09\/otelsobeayvalik.jpg 1280w, https:\/\/julesverne.com.tr\/wp-content\/uploads\/2020\/09\/otelsobeayvalik-500x333.jpg 500w, https:\/\/julesverne.com.tr\/wp-content\/uploads\/2020\/09\/otelsobeayvalik-768x512.jpg 768w\" sizes=\"(max-width: 1280px) 100vw, 1280px\" \/><\/p>\n<p>Cunda Adas\u0131&#8217;n\u0131n merkezinde yer alan Otel Sobe adan\u0131n en canl\u0131 noktalar\u0131ndan birinde yer al\u0131yor. Eskiden \u015faraphane olarak kullan\u0131lan binan\u0131n kal\u0131nt\u0131lar\u0131 \u00fczerine in\u015fa edilen otel, eski foto\u011fraflara bak\u0131larak asl\u0131na sad\u0131k kalmaya \u00e7al\u0131\u015f\u0131larak yeniden tasarlanm\u0131\u015f. Ada ruhunu ve s\u0131cakl\u0131\u011f\u0131n\u0131 yans\u0131tan otel daha \u00e7ok bir arkada\u015f evi gibi hissettiriyor. 7 odas\u0131 da size &#8220;adal\u0131&#8221; hissettiriyor. Otel Sobe\u2019nin Pateri\u00e7a Koyu\u2019nun 1.k\u00f6y\u00fcnde kendine ait bir plaj\u0131 var ve arzu eden misafirlere \u00fccretsiz transfer hizmeti veriliyor.<\/p>\n<p><strong>Otel Sobe Pandemi S\u00fcrecinde Al\u0131nan Hijyen \u00d6nlemleri<\/strong><\/p>\n<ul>\n<li>Otele 12 ya\u015f ve \u00fczeri \u00e7ocuklar ile yeti\u015fkinler kabul ediliyor.<\/li>\n<li>7 odal\u0131 otel bu sezon maksimum 6 odas\u0131 ile hizmet verecek.<\/li>\n<li>Kahvalt\u0131 serpme olarak servis edilecek.<\/li>\n<li>Otel giri\u015finde sa\u011fl\u0131k g\u00fcvenli\u011fi i\u00e7in taahh\u00fctname formlar\u0131n\u0131n doldurulmas\u0131 rica ediliyor.<\/li>\n<li>Check-in \u00f6ncesi misafirlerin ate\u015fi \u00f6l\u00e7\u00fcl\u00fcyor, beklenen de\u011ferin \u00fczerinde bir ate\u015f olmas\u0131 durumunda otel ekibi ve di\u011fer misafirlerin sa\u011fl\u0131\u011f\u0131 i\u00e7in otele giri\u015fe izin verilmiyor.<\/li>\n<li>Odalar %100 \u00e7evre dostu, uzun s\u00fcre etkisini koruyan ve sa\u011fl\u0131\u011fa zarar vermeyen, Sa\u011fl\u0131k Bakanl\u0131\u011f\u0131 onayl\u0131 nano g\u00fcm\u00fc\u015f iyon ile dezenfekte ediliyor.<\/li>\n<li>T\u00fcm y\u00fczeyler (cam, ah\u015fap, metal y\u00fczeyler ve kap\u0131 kollar\u0131, telefon, kumandalar, kettle, sabunluk vb. ve oda anahtarlar\u0131n\u0131z) uygun hijyen malzemeleri ile dezenfekte edilip g\u00fcvenli duruma getiriliyor.<\/li>\n<li>T\u00fcm tekstil \u00fcr\u00fcnleri kendi otel biriminde y\u0131kan\u0131p, kurutulup, y\u00fcksek \u0131s\u0131da \u00fct\u00fcden ge\u00e7iriliyor.<\/li>\n<li>Her oda i\u00e7in ayr\u0131 \u00fcnitesi olan klimalar\u0131n filtreleri misafirler odaya girmeden \u00f6nce temizleniyor.<\/li>\n<li>Odada bulunan su ve mini bar malzemeleri temizleniyor.<\/li>\n<li>Oda temizli\u011finde bulunan g\u00f6revliler maske, eldiven ve \u00f6nl\u00fckle \u00e7al\u0131\u015f\u0131yor.<\/li>\n<li>Her oda i\u00e7in ayr\u0131, her y\u00fczey i\u00e7in farkl\u0131 temizlik bezi kullan\u0131l\u0131yor. Bunlar kullan\u0131lmadan \u00f6nce temizlenip dezenfekte ediliyor.<\/li>\n<li>G\u00fcnl\u00fck oda temizli\u011fi misafir iste\u011fi \u00fczerine yap\u0131l\u0131yor. G\u00fcnl\u00fck temizlik istenildi\u011finde \u00f6zel e\u015fyalar\u0131n m\u00fcmk\u00fcn oldu\u011funca a\u00e7\u0131kta b\u0131rak\u0131lmamas\u0131 rica ediliyor.<\/li>\n<li>Plaj i\u00e7in her sabah temiz pe\u015ftamallar g\u00f6revliler taraf\u0131ndan misafirlere verilecektir.<\/li>\n<li>Plaj i\u00e7in shuttle hizmetinde konuk say\u0131s\u0131 k\u0131s\u0131tl\u0131 olaca\u011f\u0131ndan \u00f6zel ara\u00e7lar\u0131n kullan\u0131lmas\u0131 \u00f6neriliyor.<\/li>\n<\/ul>\n<h4><strong>Peki, Cunda&#8217;da Ne Yap\u0131l\u0131r?<\/strong><\/h4>\n<ul>\n<li>Cunda&#8217;n\u0131n Arnavut kald\u0131r\u0131ml\u0131 sokaklar\u0131nda y\u00fcr\u00fcrken eski ta\u015f evlerin aras\u0131nda dola\u015fmak, ara sokaklardan bir anda s\u00fcrpriz gibi \u00e7\u0131kan at\u00f6lye butikleri ke\u015ffetmek bile insana iyi geliyor.<\/li>\n<li>Adan\u0131n tepesinden g\u00fczel bir g\u00fcnbat\u0131m\u0131 manzaras\u0131 izlemek i\u00e7in A\u015f\u0131klar Tepesi&#8217;ne \u00e7\u0131kabilirsiniz.<\/li>\n<li>Rumlar\u0131n yo\u011funluklu ya\u015fad\u0131\u011f\u0131 zamanda merkez kilisesi olan Taksiyarhis Kilisesi bug\u00fcn bile mimari g\u00f6rkemini koruyor. Kilise 2014 y\u0131l\u0131ndan beri Rahmi M. Ko\u00e7 M\u00fczesi olarak hizmet veriyor. Koleksiyonda teneke oyuncaklar, \u00f6l\u00e7\u00fcm aletleri gibi farkl\u0131 par\u00e7alar var.<\/li>\n<\/ul>\n<h4 style=\"text-align: center;\"><strong>Size \u00f6zel\u00a0Cunda seyahat program\u0131 ve rezervasyon i\u00e7in:<\/strong><br \/>\n<a href=\"mailto:travel@julesverne.com.tr\" target=\"_blank\" rel=\"noopener noreferrer\"><strong>travel@julesverne.com.tr<\/strong><\/a><br \/>\n<strong>0212 266 6363 &#8211; 118 veya 132<\/strong><\/h4>\n","protected":false},"excerpt":{"rendered":"<p>Bu yaz sezonunda Cunda&#8217;da kendinizi doyas\u0131ya &ouml;zg&uuml;r hissedece\u011finiz oteller&#8230;<\/p>\n","protected":false},"author":1,"featured_media":2320,"comment_status":"closed","ping_status":"closed","sticky":false,"template":"","format":"standard","meta":{"inline_featured_image":false,"footnotes":""},"categories":[1,40,39],"tags":[137,74,73],"acf":[],"yoast_head":"<!-- This site is optimized with the Yoast SEO plugin v22.3 - https:\/\/yoast.com\/wordpress\/plugins\/seo\/ -->\n<title>Bu Yaz Cunda&#039;da Nerede Kal\u0131n\u0131r? - JULES VERNE BUSINESS MICE TRAVEL<\/title>\n<meta name=\"robots\" content=\"index, follow, max-snippet:-1, max-image-preview:large, max-video-preview:-1\" \/>\n<link rel=\"canonical\" href=\"https:\/\/julesverne.com.tr\/travel-blog\/bu-yaz-cundada-nerede-kalinir\/\" \/>\n<meta property=\"og:locale\" content=\"en_US\" \/>\n<meta property=\"og:type\" content=\"article\" \/>\n<meta property=\"og:title\" content=\"Bu Yaz Cunda&#039;da Nerede Kal\u0131n\u0131r? - JULES VERNE BUSINESS MICE TRAVEL\" \/>\n<meta property=\"og:description\" content=\"Bu yaz sezonunda Cunda&#039;da kendinizi doyas\u0131ya &ouml;zg&uuml;r hissedece\u011finiz oteller...\" \/>\n<meta property=\"og:url\" content=\"https:\/\/julesverne.com.tr\/travel-blog\/bu-yaz-cundada-nerede-kalinir\/\" \/>\n<meta property=\"og:site_name\" content=\"JULES VERNE BUSINESS MICE TRAVEL\" \/>\n<meta property=\"article:publisher\" content=\"https:\/\/www.facebook.com\/JulesVerneBusinessMiceTravel\/\" \/>\n<meta property=\"article:published_time\" content=\"2020-06-17T07:44:25+00:00\" \/>\n<meta property=\"article:modified_time\" content=\"2021-06-21T07:15:47+00:00\" \/>\n<meta property=\"og:image\" content=\"https:\/\/julesverne.com.tr\/wp-content\/uploads\/2020\/09\/kuzeyegeotelleri.jpg\" \/>\n\t<meta property=\"og:image:width\" content=\"1000\" \/>\n\t<meta property=\"og:image:height\" content=\"562\" \/>\n\t<meta property=\"og:image:type\" content=\"image\/jpeg\" \/>\n<meta name=\"author\" content=\"fikirman\" \/>\n<meta name=\"twitter:card\" content=\"summary_large_image\" \/>\n<meta name=\"twitter:creator\" content=\"@JV_BusinessMice\" \/>\n<meta name=\"twitter:site\" content=\"@JV_BusinessMice\" \/>\n<meta name=\"twitter:label1\" content=\"Written by\" \/>\n\t<meta name=\"twitter:data1\" content=\"fikirman\" \/>\n\t<meta name=\"twitter:label2\" content=\"Est. reading time\" \/>\n\t<meta name=\"twitter:data2\" content=\"5 minutes\" \/>\n<script type=\"application\/ld+json\" class=\"yoast-schema-graph\">{\"@context\":\"https:\/\/schema.org\",\"@graph\":[{\"@type\":\"Article\",\"@id\":\"https:\/\/julesverne.com.tr\/travel-blog\/bu-yaz-cundada-nerede-kalinir\/#article\",\"isPartOf\":{\"@id\":\"https:\/\/julesverne.com.tr\/travel-blog\/bu-yaz-cundada-nerede-kalinir\/\"},\"author\":{\"name\":\"fikirman\",\"@id\":\"https:\/\/julesverne.com.tr\/#\/schema\/person\/f4eb0514ae455538644c31b99a466fdb\"},\"headline\":\"Bu Yaz Cunda&#8217;da Nerede Kal\u0131n\u0131r?\",\"datePublished\":\"2020-06-17T07:44:25+00:00\",\"dateModified\":\"2021-06-21T07:15:47+00:00\",\"mainEntityOfPage\":{\"@id\":\"https:\/\/julesverne.com.tr\/travel-blog\/bu-yaz-cundada-nerede-kalinir\/\"},\"wordCount\":949,\"publisher\":{\"@id\":\"https:\/\/julesverne.com.tr\/#organization\"},\"image\":{\"@id\":\"https:\/\/julesverne.com.tr\/travel-blog\/bu-yaz-cundada-nerede-kalinir\/#primaryimage\"},\"thumbnailUrl\":\"https:\/\/julesverne.com.tr\/wp-content\/uploads\/2020\/09\/kuzeyegeotelleri.jpg\",\"keywords\":[\"Blog\",\"Nerede Kalsak\",\"Nereye Gitsek\"],\"articleSection\":[\"Blog\",\"Nerede Kalsak?\",\"Nereye Gitsek?\"],\"inLanguage\":\"en-US\"},{\"@type\":\"WebPage\",\"@id\":\"https:\/\/julesverne.com.tr\/travel-blog\/bu-yaz-cundada-nerede-kalinir\/\",\"url\":\"https:\/\/julesverne.com.tr\/travel-blog\/bu-yaz-cundada-nerede-kalinir\/\",\"name\":\"Bu Yaz Cunda'da Nerede Kal\u0131n\u0131r? - JULES VERNE BUSINESS MICE TRAVEL\",\"isPartOf\":{\"@id\":\"https:\/\/julesverne.com.tr\/#website\"},\"primaryImageOfPage\":{\"@id\":\"https:\/\/julesverne.com.tr\/travel-blog\/bu-yaz-cundada-nerede-kalinir\/#primaryimage\"},\"image\":{\"@id\":\"https:\/\/julesverne.com.tr\/travel-blog\/bu-yaz-cundada-nerede-kalinir\/#primaryimage\"},\"thumbnailUrl\":\"https:\/\/julesverne.com.tr\/wp-content\/uploads\/2020\/09\/kuzeyegeotelleri.jpg\",\"datePublished\":\"2020-06-17T07:44:25+00:00\",\"dateModified\":\"2021-06-21T07:15:47+00:00\",\"breadcrumb\":{\"@id\":\"https:\/\/julesverne.com.tr\/travel-blog\/bu-yaz-cundada-nerede-kalinir\/#breadcrumb\"},\"inLanguage\":\"en-US\",\"potentialAction\":[{\"@type\":\"ReadAction\",\"target\":[\"https:\/\/julesverne.com.tr\/travel-blog\/bu-yaz-cundada-nerede-kalinir\/\"]}]},{\"@type\":\"ImageObject\",\"inLanguage\":\"en-US\",\"@id\":\"https:\/\/julesverne.com.tr\/travel-blog\/bu-yaz-cundada-nerede-kalinir\/#primaryimage\",\"url\":\"https:\/\/julesverne.com.tr\/wp-content\/uploads\/2020\/09\/kuzeyegeotelleri.jpg\",\"contentUrl\":\"https:\/\/julesverne.com.tr\/wp-content\/uploads\/2020\/09\/kuzeyegeotelleri.jpg\",\"width\":1000,\"height\":562},{\"@type\":\"BreadcrumbList\",\"@id\":\"https:\/\/julesverne.com.tr\/travel-blog\/bu-yaz-cundada-nerede-kalinir\/#breadcrumb\",\"itemListElement\":[{\"@type\":\"ListItem\",\"position\":1,\"name\":\"Anasayfa\",\"item\":\"https:\/\/julesverne.com.tr\/\"},{\"@type\":\"ListItem\",\"position\":2,\"name\":\"Bu Yaz Cunda&#8217;da Nerede Kal\u0131n\u0131r?\"}]},{\"@type\":\"WebSite\",\"@id\":\"https:\/\/julesverne.com.tr\/#website\",\"url\":\"https:\/\/julesverne.com.tr\/\",\"name\":\"JULES VERNE BUSINESS MICE TRAVEL\",\"description\":\"\",\"publisher\":{\"@id\":\"https:\/\/julesverne.com.tr\/#organization\"},\"potentialAction\":[{\"@type\":\"SearchAction\",\"target\":{\"@type\":\"EntryPoint\",\"urlTemplate\":\"https:\/\/julesverne.com.tr\/?s={search_term_string}\"},\"query-input\":\"required name=search_term_string\"}],\"inLanguage\":\"en-US\"},{\"@type\":\"Organization\",\"@id\":\"https:\/\/julesverne.com.tr\/#organization\",\"name\":\"JULES VERNE BUSINESS MICE TRAVEL\",\"url\":\"https:\/\/julesverne.com.tr\/\",\"logo\":{\"@type\":\"ImageObject\",\"inLanguage\":\"en-US\",\"@id\":\"https:\/\/julesverne.com.tr\/#\/schema\/logo\/image\/\",\"url\":\"https:\/\/julesverne.com.tr\/wp-content\/uploads\/2020\/09\/jv-bmt-logo.png\",\"contentUrl\":\"https:\/\/julesverne.com.tr\/wp-content\/uploads\/2020\/09\/jv-bmt-logo.png\",\"width\":110,\"height\":81,\"caption\":\"JULES VERNE BUSINESS MICE TRAVEL\"},\"image\":{\"@id\":\"https:\/\/julesverne.com.tr\/#\/schema\/logo\/image\/\"},\"sameAs\":[\"https:\/\/www.facebook.com\/JulesVerneBusinessMiceTravel\/\",\"https:\/\/twitter.com\/JV_BusinessMice\",\"https:\/\/www.instagram.com\/julesvernebusinessmicetravel\/\",\"https:\/\/www.linkedin.com\/company\/julesvernebusinessmicetravel\/\",\"https:\/\/www.youtube.com\/channel\/UCAwdsmbZ6tFhu1tea6pkpiw\"]},{\"@type\":\"Person\",\"@id\":\"https:\/\/julesverne.com.tr\/#\/schema\/person\/f4eb0514ae455538644c31b99a466fdb\",\"name\":\"fikirman\",\"sameAs\":[\"http:\/\/advermedya.net\/julesverne\"],\"url\":\"https:\/\/julesverne.com.tr\/en\/author\/fikirman\/\"}]}<\/script>\n<!-- \/ Yoast SEO plugin. -->","yoast_head_json":{"title":"Bu Yaz Cunda'da Nerede Kal\u0131n\u0131r? - JULES VERNE BUSINESS MICE TRAVEL","robots":{"index":"index","follow":"follow","max-snippet":"max-snippet:-1","max-image-preview":"max-image-preview:large","max-video-preview":"max-video-preview:-1"},"canonical":"https:\/\/julesverne.com.tr\/travel-blog\/bu-yaz-cundada-nerede-kalinir\/","og_locale":"en_US","og_type":"article","og_title":"Bu Yaz Cunda'da Nerede Kal\u0131n\u0131r? - JULES VERNE BUSINESS MICE TRAVEL","og_description":"Bu yaz sezonunda Cunda'da kendinizi doyas\u0131ya &ouml;zg&uuml;r hissedece\u011finiz oteller...","og_url":"https:\/\/julesverne.com.tr\/travel-blog\/bu-yaz-cundada-nerede-kalinir\/","og_site_name":"JULES VERNE BUSINESS MICE TRAVEL","article_publisher":"https:\/\/www.facebook.com\/JulesVerneBusinessMiceTravel\/","article_published_time":"2020-06-17T07:44:25+00:00","article_modified_time":"2021-06-21T07:15:47+00:00","og_image":[{"width":1000,"height":562,"url":"https:\/\/julesverne.com.tr\/wp-content\/uploads\/2020\/09\/kuzeyegeotelleri.jpg","type":"image\/jpeg"}],"author":"fikirman","twitter_card":"summary_large_image","twitter_creator":"@JV_BusinessMice","twitter_site":"@JV_BusinessMice","twitter_misc":{"Written by":"fikirman","Est. reading time":"5 minutes"},"schema":{"@context":"https:\/\/schema.org","@graph":[{"@type":"Article","@id":"https:\/\/julesverne.com.tr\/travel-blog\/bu-yaz-cundada-nerede-kalinir\/#article","isPartOf":{"@id":"https:\/\/julesverne.com.tr\/travel-blog\/bu-yaz-cundada-nerede-kalinir\/"},"author":{"name":"fikirman","@id":"https:\/\/julesverne.com.tr\/#\/schema\/person\/f4eb0514ae455538644c31b99a466fdb"},"headline":"Bu Yaz Cunda&#8217;da Nerede Kal\u0131n\u0131r?","datePublished":"2020-06-17T07:44:25+00:00","dateModified":"2021-06-21T07:15:47+00:00","mainEntityOfPage":{"@id":"https:\/\/julesverne.com.tr\/travel-blog\/bu-yaz-cundada-nerede-kalinir\/"},"wordCount":949,"publisher":{"@id":"https:\/\/julesverne.com.tr\/#organization"},"image":{"@id":"https:\/\/julesverne.com.tr\/travel-blog\/bu-yaz-cundada-nerede-kalinir\/#primaryimage"},"thumbnailUrl":"https:\/\/julesverne.com.tr\/wp-content\/uploads\/2020\/09\/kuzeyegeotelleri.jpg","keywords":["Blog","Nerede Kalsak","Nereye Gitsek"],"articleSection":["Blog","Nerede Kalsak?","Nereye Gitsek?"],"inLanguage":"en-US"},{"@type":"WebPage","@id":"https:\/\/julesverne.com.tr\/travel-blog\/bu-yaz-cundada-nerede-kalinir\/","url":"https:\/\/julesverne.com.tr\/travel-blog\/bu-yaz-cundada-nerede-kalinir\/","name":"Bu Yaz Cunda'da Nerede Kal\u0131n\u0131r? - JULES VERNE BUSINESS MICE TRAVEL","isPartOf":{"@id":"https:\/\/julesverne.com.tr\/#website"},"primaryImageOfPage":{"@id":"https:\/\/julesverne.com.tr\/travel-blog\/bu-yaz-cundada-nerede-kalinir\/#primaryimage"},"image":{"@id":"https:\/\/julesverne.com.tr\/travel-blog\/bu-yaz-cundada-nerede-kalinir\/#primaryimage"},"thumbnailUrl":"https:\/\/julesverne.com.tr\/wp-content\/uploads\/2020\/09\/kuzeyegeotelleri.jpg","datePublished":"2020-06-17T07:44:25+00:00","dateModified":"2021-06-21T07:15:47+00:00","breadcrumb":{"@id":"https:\/\/julesverne.com.tr\/travel-blog\/bu-yaz-cundada-nerede-kalinir\/#breadcrumb"},"inLanguage":"en-US","potentialAction":[{"@type":"ReadAction","target":["https:\/\/julesverne.com.tr\/travel-blog\/bu-yaz-cundada-nerede-kalinir\/"]}]},{"@type":"ImageObject","inLanguage":"en-US","@id":"https:\/\/julesverne.com.tr\/travel-blog\/bu-yaz-cundada-nerede-kalinir\/#primaryimage","url":"https:\/\/julesverne.com.tr\/wp-content\/uploads\/2020\/09\/kuzeyegeotelleri.jpg","contentUrl":"https:\/\/julesverne.com.tr\/wp-content\/uploads\/2020\/09\/kuzeyegeotelleri.jpg","width":1000,"height":562},{"@type":"BreadcrumbList","@id":"https:\/\/julesverne.com.tr\/travel-blog\/bu-yaz-cundada-nerede-kalinir\/#breadcrumb","itemListElement":[{"@type":"ListItem","position":1,"name":"Anasayfa","item":"https:\/\/julesverne.com.tr\/"},{"@type":"ListItem","position":2,"name":"Bu Yaz Cunda&#8217;da Nerede Kal\u0131n\u0131r?"}]},{"@type":"WebSite","@id":"https:\/\/julesverne.com.tr\/#website","url":"https:\/\/julesverne.com.tr\/","name":"JULES VERNE BUSINESS MICE TRAVEL","description":"","publisher":{"@id":"https:\/\/julesverne.com.tr\/#organization"},"potentialAction":[{"@type":"SearchAction","target":{"@type":"EntryPoint","urlTemplate":"https:\/\/julesverne.com.tr\/?s={search_term_string}"},"query-input":"required name=search_term_string"}],"inLanguage":"en-US"},{"@type":"Organization","@id":"https:\/\/julesverne.com.tr\/#organization","name":"JULES VERNE BUSINESS MICE TRAVEL","url":"https:\/\/julesverne.com.tr\/","logo":{"@type":"ImageObject","inLanguage":"en-US","@id":"https:\/\/julesverne.com.tr\/#\/schema\/logo\/image\/","url":"https:\/\/julesverne.com.tr\/wp-content\/uploads\/2020\/09\/jv-bmt-logo.png","contentUrl":"https:\/\/julesverne.com.tr\/wp-content\/uploads\/2020\/09\/jv-bmt-logo.png","width":110,"height":81,"caption":"JULES VERNE BUSINESS MICE TRAVEL"},"image":{"@id":"https:\/\/julesverne.com.tr\/#\/schema\/logo\/image\/"},"sameAs":["https:\/\/www.facebook.com\/JulesVerneBusinessMiceTravel\/","https:\/\/twitter.com\/JV_BusinessMice","https:\/\/www.instagram.com\/julesvernebusinessmicetravel\/","https:\/\/www.linkedin.com\/company\/julesvernebusinessmicetravel\/","https:\/\/www.youtube.com\/channel\/UCAwdsmbZ6tFhu1tea6pkpiw"]},{"@type":"Person","@id":"https:\/\/julesverne.com.tr\/#\/schema\/person\/f4eb0514ae455538644c31b99a466fdb","name":"fikirman","sameAs":["http:\/\/advermedya.net\/julesverne"],"url":"https:\/\/julesverne.com.tr\/en\/author\/fikirman\/"}]}},"_links":{"self":[{"href":"https:\/\/julesverne.com.tr\/en\/wp-json\/wp\/v2\/posts\/2319"}],"collection":[{"href":"https:\/\/julesverne.com.tr\/en\/wp-json\/wp\/v2\/posts"}],"about":[{"href":"https:\/\/julesverne.com.tr\/en\/wp-json\/wp\/v2\/types\/post"}],"author":[{"embeddable":true,"href":"https:\/\/julesverne.com.tr\/en\/wp-json\/wp\/v2\/users\/1"}],"replies":[{"embeddable":true,"href":"https:\/\/julesverne.com.tr\/en\/wp-json\/wp\/v2\/comments?post=2319"}],"version-history":[{"count":0,"href":"https:\/\/julesverne.com.tr\/en\/wp-json\/wp\/v2\/posts\/2319\/revisions"}],"wp:featuredmedia":[{"embeddable":true,"href":"https:\/\/julesverne.com.tr\/en\/wp-json\/wp\/v2\/media\/2320"}],"wp:attachment":[{"href":"https:\/\/julesverne.com.tr\/en\/wp-json\/wp\/v2\/media?parent=2319"}],"wp:term":[{"taxonomy":"category","embeddable":true,"href":"https:\/\/julesverne.com.tr\/en\/wp-json\/wp\/v2\/categories?post=2319"},{"taxonomy":"post_tag","embeddable":true,"href":"https:\/\/julesverne.com.tr\/en\/wp-json\/wp\/v2\/tags?post=2319"}],"curies":[{"name":"wp","href":"https:\/\/api.w.org\/{rel}","templated":true}]}}