{"id":2317,"date":"2020-06-16T16:57:15","date_gmt":"2020-06-16T13:57:15","guid":{"rendered":"https:\/\/www.julesverne.com.tr\/\/blog\/bu-yaz-kuzey-egede-nerede-kalinir\/"},"modified":"2021-06-21T10:17:29","modified_gmt":"2021-06-21T07:17:29","slug":"bu-yaz-kuzey-egede-nerede-kalinir","status":"publish","type":"post","link":"https:\/\/julesverne.com.tr\/en\/travel-blog\/bu-yaz-kuzey-egede-nerede-kalinir\/","title":{"rendered":"Bu Yaz Kuzey Ege&#8217;de Nerede Kal\u0131n\u0131r?"},"content":{"rendered":"<p style=\"text-align: center;\"><img loading=\"lazy\" decoding=\"async\" class=\"alignnone size-full wp-image-2611\" src=\"https:\/\/www.julesverne.com.tr\/\/wp-content\/uploads\/2020\/09\/behramkale-2.jpg\" alt=\"\" width=\"999\" height=\"666\" srcset=\"https:\/\/julesverne.com.tr\/wp-content\/uploads\/2020\/09\/behramkale-2.jpg 999w, https:\/\/julesverne.com.tr\/wp-content\/uploads\/2020\/09\/behramkale-2-500x333.jpg 500w, https:\/\/julesverne.com.tr\/wp-content\/uploads\/2020\/09\/behramkale-2-768x512.jpg 768w\" sizes=\"(max-width: 999px) 100vw, 999px\" \/><\/p>\n<p>Masmavi deniz, mis gibi \u00e7i\u00e7ek kokular\u0131, yemye\u015fil manzaralar,\u00a0antik kentlerin izleri, do\u011fal ya\u015fam kurallar\u0131, sakinlik, sadelik size de Kuzey Ege&#8217;yi \u00e7a\u011fr\u0131\u015ft\u0131r\u0131yor mu? \u0130nsan \u00f6mr\u00fcn\u00fc uzatan yemye\u015fil co\u011frafyas\u0131 i\u00e7erisindeki derin izler bar\u0131nd\u0131ran k\u00f6yleri, b\u00f6lge dokusunu koruyan butik otelleri, lokal tatlar sunan restoranlar\u0131 ile Kuzey Ege deniz k\u0131y\u0131s\u0131ndan metrelerce y\u00fcksekteki yerle\u015fim yerlerine kadar sadeli\u011fi ve do\u011fall\u0131\u011f\u0131 ile sizi sar\u0131p sarmal\u0131yor. Unutulmaz bir Kuzey Ege rotas\u0131 i\u00e7in \u00f6zg\u00fcn tasar\u0131mlar\u0131, do\u011fa i\u00e7erisindeki konumlar\u0131 ile ayr\u0131cal\u0131kl\u0131 hissedece\u011finiz butik otelleri sizin i\u00e7in haz\u0131rlad\u0131k.<strong><em>\u00a0Kuzey Ege&#8217;nin en g\u00fczel otelleri:<\/em><\/strong><\/p>\n<p><strong>\u0130da Costa, Assos<\/strong><\/p>\n<p style=\"text-align: center;\"><strong><img loading=\"lazy\" decoding=\"async\" class=\"alignnone size-full wp-image-2612\" src=\"https:\/\/www.julesverne.com.tr\/\/wp-content\/uploads\/2020\/09\/idacostahotel.jpg\" alt=\"\" width=\"1080\" height=\"1080\" srcset=\"https:\/\/julesverne.com.tr\/wp-content\/uploads\/2020\/09\/idacostahotel.jpg 1080w, https:\/\/julesverne.com.tr\/wp-content\/uploads\/2020\/09\/idacostahotel-500x500.jpg 500w, https:\/\/julesverne.com.tr\/wp-content\/uploads\/2020\/09\/idacostahotel-768x768.jpg 768w\" sizes=\"(max-width: 1080px) 100vw, 1080px\" \/><\/strong><\/p>\n<p>Assos\u2019un en g\u00fczel k\u00f6\u015felerinden birini kendine mesken tutan \u0130da Costa, insan \u00f6mr\u00fcn\u00fc uzatan bir huzur ve do\u011fall\u0131\u011fa sahip. Masmavi Ege Denizi manzaras\u0131na ve bah\u00e7e manzaras\u0131na bakan odalar\u0131 ta\u015f binalarda yer al\u0131yor. En az 30 m2 geni\u015fli\u011findeki odalar sade, enerji veren renklerle dekore edilmi\u015f. Kendi iskelesi sayesinde denize girebilir, g\u00fcne\u015fi bat\u0131r\u0131rken \u0130da Costa\u2019n\u0131n yerel mutfa\u011f\u0131ndan \u00e7\u0131kan lezzetleri tadabilirsiniz.<\/p>\n<p><strong><em>*Covid 19 ile ilgili olarak K\u00fclt\u00fcr ve Turizm Bakanl\u0131\u011f\u0131n\u0131n genelgesine uygun olarak t\u00fcm \u00f6nlemler al\u0131nm\u0131\u015ft\u0131r. Sertifika i\u00e7in m\u00fcracaat etmeyen \u0130da Costa\u2019da bu sebeple bu sezon SPA hizmete kapal\u0131 olacakt\u0131r.<\/em><\/strong><br \/>\n<strong><em>*Otele\u00a0 12 ya\u015f ve \u00fczeri \u00e7ocuk kabul etmektedir.\u00a0<\/em><\/strong><\/p>\n<p><strong>Simurg Inn, Ahmet\u00e7e K\u00f6y\u00fc \/ Ayvac\u0131k<\/strong><\/p>\n<p style=\"text-align: center;\"><strong><img loading=\"lazy\" decoding=\"async\" class=\"alignnone size-full wp-image-2613\" src=\"https:\/\/www.julesverne.com.tr\/\/wp-content\/uploads\/2020\/09\/simurginn.jpg\" alt=\"\" width=\"1280\" height=\"880\" srcset=\"https:\/\/julesverne.com.tr\/wp-content\/uploads\/2020\/09\/simurginn.jpg 1280w, https:\/\/julesverne.com.tr\/wp-content\/uploads\/2020\/09\/simurginn-500x344.jpg 500w, https:\/\/julesverne.com.tr\/wp-content\/uploads\/2020\/09\/simurginn-768x528.jpg 768w\" sizes=\"(max-width: 1280px) 100vw, 1280px\" \/><\/strong><\/p>\n<p>\u015eehrin grisinden vazge\u00e7ip kendini do\u011fan\u0131n renklerine teslim eden birinin hayali Simurg Inn. Ayvac\u0131k&#8217;\u0131n Ahmet\u00e7e K\u00f6y\u00fc&#8217;nde tepede yer alan otel \u00f6nce egemen oldu\u011fu manzaras\u0131yla hayran b\u0131rak\u0131yor. Bir otel izleniminden ziyade arkada\u015f\u0131n\u0131z\u0131n evi hissiyat\u0131n\u0131 vermeyi ba\u015faran Simurg Inn 5 deluxe oda ve 3 suite oda ile hizmet veriyor. Her biri ba\u011f\u0131ms\u0131z bir ta\u015f ev olarak tasarlanan suite odalar\u0131 tam mahremiyet arayanlar i\u00e7in ideal. Sofras\u0131nda her \u015feyin olabilecek en taze ve do\u011fal halini tercih eden Simurg Inn bu y\u0131l otele 10 dakika uzakl\u0131ktaki Simurg Sea plaj\u0131n\u0131 da a\u00e7t\u0131. Otel \u00e7evresinde yap\u0131lacak do\u011fa y\u00fcr\u00fcy\u00fc\u015fleri, safari turlar\u0131, tar\u0131m aktiviteleri ile t\u00fcm enerjinizi do\u011fadan alabilirsiniz.<\/p>\n<p><em><strong>*Otelde Covid 19 ile ilgili olarak K\u00fclt\u00fcr ve Turizm Bakanl\u0131\u011f\u0131n\u0131n genelgesine uygun olarak t\u00fcm \u00f6nlemler al\u0131nm\u0131\u015ft\u0131r.<\/strong><\/em><\/p>\n<p><strong>Adatepe Ida Blue, Kaz Da\u011flar\u0131<\/strong><\/p>\n<p style=\"text-align: center;\"><img loading=\"lazy\" decoding=\"async\" class=\"alignnone size-full wp-image-2614\" src=\"https:\/\/www.julesverne.com.tr\/\/wp-content\/uploads\/2020\/09\/adatepeidablue.jpg\" alt=\"\" width=\"1125\" height=\"755\" srcset=\"https:\/\/julesverne.com.tr\/wp-content\/uploads\/2020\/09\/adatepeidablue.jpg 1125w, https:\/\/julesverne.com.tr\/wp-content\/uploads\/2020\/09\/adatepeidablue-500x336.jpg 500w, https:\/\/julesverne.com.tr\/wp-content\/uploads\/2020\/09\/adatepeidablue-768x515.jpg 768w\" sizes=\"(max-width: 1125px) 100vw, 1125px\" \/><\/p>\n<p>Siz daha varmadan \u00f6nce sizin i\u00e7in her \u015feyin d\u00fc\u015f\u00fcn\u00fcld\u00fc\u011f\u00fc bir otelde konaklamak \u015fu an en \u00e7ok ihtiyac\u0131m\u0131z olan \u015fey! A\u00e7\u0131ld\u0131\u011f\u0131 ilk g\u00fcnden beri fiziksel mesafeli bir anlay\u0131\u015f hakim asl\u0131nda Ida Blue\u2019da. Az say\u0131da odas\u0131, geni\u015f alanlar\u0131 ve b\u00fcy\u00fck bah\u00e7esi ile do\u011fa i\u00e7erisinde size arzu etti\u011finiz zaman\u0131 ve alan\u0131 tan\u0131yor. Kaz Da\u011flar\u0131\u2019n\u0131n tertemiz havas\u0131, binlerce y\u0131ll\u0131k tarihi ile \u00e7evrili Adatepe K\u00f6y\u00fc\u2019nde yer alan Ida Blue \u00f6yle zarif dekore edilmi\u015f ki her k\u00f6\u015fede ruhunuzu ok\u015fayan bir detayla kar\u015f\u0131la\u015fman\u0131z muhtemel. Her g\u00fcn do\u011fal ve b\u00f6lgeye \u00f6zg\u00fc malzemelerle haz\u0131rlanan sofralar ise bir kez daha g\u00fcne, do\u011faya, d\u00fcnyaya \u015f\u00fckretmek i\u00e7in bir sebep. Rum ve Osmanl\u0131 mimari izlerini ta\u015f\u0131yan 4 ta\u015f evden olu\u015fan otelin sadece 11 odas\u0131 var. Otele 23 km uzakl\u0131ktaki Kozluyal\u0131 plaj\u0131 ise otel misafirlerine ayr\u0131lm\u0131\u015f.<\/p>\n<p>Farkl\u0131 oda say\u0131s\u0131na sahip olan ta\u015f evleri geni\u015f ortak kullan\u0131m alanlar\u0131 ile aile ve arkada\u015f gruplar\u0131 i\u00e7in ideal bir konaklama se\u00e7ece\u011fi olu\u015fturuyor. Yeni d\u00f6nemde ev olarak rezervasyon yapt\u0131ran misafirlere talep \u00fczerine butler hizmeti de mevcut.<\/p>\n<ul>\n<li>Inka Ta\u015f Evi: 4 oda ve oturma\/ yemek salonu, toplamda 4-10 ki\u015fiye kadar konaklama kapasitesi ile aile ve arkada\u015f gruplar\u0131 i\u00e7in uygun.<\/li>\n<li>Alba Ta\u015f Evi: 3 oda ve oturma\/yemek salonu, toplamda\u00a0 3-7 ki\u015fiye kadar konaklama kapasitesi ile aile ve arkada\u015f gruplar\u0131 i\u00e7in uygun.<\/li>\n<li>Ressam\u0131n Evi: 2 oda ve oturma salonuna ek olarak \u00f6zel deniz manzaral\u0131 teras\u0131 ile toplamda 2-4 ki\u015fiye kadar konaklama kapasitesi ile aile ve arkada\u015f gruplar\u0131 i\u00e7in uygun.<\/li>\n<\/ul>\n<p><strong>Kozluhan Hotel, Kozlu K\u00f6y\u00fc \/ Ayvac\u0131k<\/strong><\/p>\n<p style=\"text-align: center;\"><strong><img loading=\"lazy\" decoding=\"async\" class=\"alignnone size-full wp-image-2615\" src=\"https:\/\/www.julesverne.com.tr\/\/wp-content\/uploads\/2020\/09\/kozluhanhotel.jpg\" alt=\"\" width=\"740\" height=\"500\" srcset=\"https:\/\/julesverne.com.tr\/wp-content\/uploads\/2020\/09\/kozluhanhotel.jpg 740w, https:\/\/julesverne.com.tr\/wp-content\/uploads\/2020\/09\/kozluhanhotel-500x338.jpg 500w\" sizes=\"(max-width: 740px) 100vw, 740px\" \/><\/strong><\/p>\n<p>Tarihi Assos&#8217;un hemen yukar\u0131s\u0131nda, 80 haneli Kozlu K\u00f6y\u00fc&#8217;n\u00fcn bir par\u00e7as\u0131 olan Kozluhan Otel, Kaz Da\u011flar\u0131&#8217;n\u0131n bereketinden yararlanan, yeni normal s\u00fcrecindeki her a\u015famada sorumluluk alan i\u015fletmelerden. K\u00f6y\u00fcn ta\u015f evlerinden olu\u015fan otelin 14 odas\u0131 var. Ah\u015fab\u0131n s\u0131cakl\u0131\u011f\u0131n\u0131 otelin her k\u00f6\u015fesinde hissediyorsunuz. Otel, bu sezon maksimum %60 doluluk oran\u0131 ile hizmete veriyor. Otelin 5-6 dakika uzakl\u0131kta Kozluyal\u0131 Plaj\u0131&#8217;nda kendine ait alan\u0131 olan otelin plaj hizmetinden de faydalanabilirsiniz.<br \/>\n<strong><em>*Kozluhan\u00a0Hotel taraf\u0131ndan al\u0131nan sa\u011fl\u0131k ve hijyen \u00f6nlemleri i\u00e7in <\/em><a href=\"https:\/\/www.julesverne.com.tr\/bizden-haberler\/kozluhan-hotel-ve-kozluhan-glamping-pandemi-surecinde-alinan-ek-hijyen-onlemleri\" target=\"_blank\" rel=\"noopener noreferrer\">t\u0131klay\u0131n!<\/a><\/strong><\/p>\n<p><strong>Kozluhan Glamping<\/strong><\/p>\n<p style=\"text-align: center;\"><strong><img loading=\"lazy\" decoding=\"async\" class=\"alignnone size-full wp-image-2616\" src=\"https:\/\/www.julesverne.com.tr\/\/wp-content\/uploads\/2020\/09\/kozluhanglamping.jpg\" alt=\"\" width=\"1200\" height=\"628\" srcset=\"https:\/\/julesverne.com.tr\/wp-content\/uploads\/2020\/09\/kozluhanglamping.jpg 1200w, https:\/\/julesverne.com.tr\/wp-content\/uploads\/2020\/09\/kozluhanglamping-500x262.jpg 500w, https:\/\/julesverne.com.tr\/wp-content\/uploads\/2020\/09\/kozluhanglamping-768x402.jpg 768w\" sizes=\"(max-width: 1200px) 100vw, 1200px\" \/><\/strong><\/p>\n<p>Kozluhan Hotel&#8217;in plaj\u0131 Kozluyal\u0131&#8217;da \u015fimdi Kozluhan Glamping var. Nefes alan kanvas kuma\u015ftan tasarlanan 6 \u00e7ad\u0131r odas\u0131 ile do\u011fayla filtresiz bir \u015fekilde temas etmek isteyen gezginler bu yuvada kendini \u00f6zg\u00fcr ve mutlu hissedecektir. Kuzey Ege&#8217;nin masmavi denizi bir yanda, yemye\u015fil bah\u00e7e ba\u015fka bir yanda! K\u00f6y evi s\u0131cakl\u0131\u011f\u0131n\u0131 an\u0131msatan dekoru ile kal\u0131plardan uzakta bir tatil deneyimi ya\u015fayabilirsiniz.<br \/>\n<em><strong>*Kozluhan Glamping taraf\u0131ndan al\u0131nan sa\u011fl\u0131k ve hijyen \u00f6nlemleri i\u00e7in<\/strong><\/em><a href=\"https:\/\/www.julesverne.com.tr\/bizden-haberler\/kozluhan-hotel-ve-kozluhan-glamping-pandemi-surecinde-alinan-ek-hijyen-onlemleri\" target=\"_blank\" rel=\"noopener noreferrer\"><strong> t\u0131klay\u0131n!\u00a0<\/strong><\/a><\/p>\n<h4><strong>Peki, Kuzey Ege\u2019de Ne Yap\u0131l\u0131r?<\/strong><\/h4>\n<ul>\n<li>Dar ta\u015f sokaklarla \u00e7evrili Assos Antik Liman\u0131 y\u00fczy\u0131llar \u00f6nceki ruhunu korumaya devam ediyor. Sit Alan\u0131 olmas\u0131 sayesinde sadece ta\u015f evlerin restorasyonuna izin verilen liman \u00e7evresi mutlaka g\u00f6r\u00fclmeli.<\/li>\n<li>Tarihi M.\u00d6. 6. y\u00fczy\u0131la uyanan Assos Antik Kenti s\u00f6nm\u00fc\u015f bir volkanik tepe \u00fczerinde yer al\u0131yor. Antik kentte surlar, Nekropol, Athena Tap\u0131na\u011f\u0131, Amfi Tiyatro, Agora g\u00f6rece\u011finiz \u00f6nemli kal\u0131nt\u0131lar aras\u0131nda.<\/li>\n<li>Bir Osmanl\u0131 K\u00f6y\u00fc olan Behramkale K\u00f6y\u00fc 150 haneli n\u00fcfusu, do\u011fal k\u00f6y evleri, Osmanl\u0131 mimarisinin izlerini ta\u015f\u0131yan Murat H\u00fcdavendigar Camii ve H\u00fcdavendigar K\u00f6pr\u00fcs\u00fc g\u00f6r\u00fclmeye de\u011fer.<\/li>\n<li>Behramkale&#8217;ye 26 km mesafede yer alan Apollon Smintheus Tap\u0131na\u011f\u0131 Troya \u015fehrindeki Athena tap\u0131na\u011f\u0131ndan sonra Troas&#8217;\u0131n en \u00f6nemli ikinci kutsal alan\u0131 olarak biliniyor. \u00d6nemini ise Anadolu&#8217;daki bilinen Apollon k\u00fcltleri i\u00e7erisinde fare simgesine sahip tek \u00f6rnek olmas\u0131ndan al\u0131yor.<\/li>\n<li>Kaz Da\u011flar\u0131&#8217;n\u0131n en g\u00fczel k\u00f6ylerinden biri olan Adatepe g\u00fczel bir durak noktas\u0131. K\u00f6y giri\u015finden hemen \u00f6nce dikkatinizi \u00e7ekecek olan Zeus Altar\u0131&#8217;n\u0131n giri\u015fini takiben 700 metre y\u00fcr\u00fcd\u00fckten sonra harika bir k\u00f6rfez manzaras\u0131na ula\u015f\u0131yorsunuz. \u0130lyada&#8217;da bahsi ge\u00e7en; Zeus\u2019un sava\u015f\u0131 y\u00f6netti\u011fine inan\u0131lan Zeus Altar\u0131&#8217;n\u0131 g\u00f6rmelisiniz. Felsefe, sanat tarihi, edebiyat seminerlerinin ger\u00e7ekle\u015fti\u011fi, at\u00f6lyelerin d\u00fczenlendi\u011fi Ta\u015fmektep; zeytinya\u011f\u0131 \u00fcretimine ait ara\u00e7 ve gere\u00e7lerin de sergilendi\u011fi Zeytinya\u011f\u0131 M\u00fczesi Adatepe&#8217;de g\u00f6r\u00fclecek yerlerden.<\/li>\n<li>Eski ad\u0131 B\u00fcy\u00fck \u00c7etmi olan Ye\u015filyurt K\u00f6y\u00fc, Kaz Da\u011flar\u0131&#8217;n\u0131n en bilinen k\u00f6y\u00fc. Sit alan\u0131 oldu\u011fu i\u00e7in \u00f6zg\u00fcn mimarisinin korundu\u011fu k\u00f6yde ta\u015f evlerle \u00e7evrili sokaklarda y\u00fcr\u00fcy\u00fc\u015f yapabilirsiniz.<\/li>\n<li>\u015eamanizm ile Alevi inan\u00e7lar\u0131n\u0131n ya\u015fam tarz\u0131n\u0131 \u015fekillendirdi\u011fi Tahtaku\u015flar K\u00f6y\u00fc \u00f6yle naif ve g\u00fczel bir k\u00f6y ki g\u00f6rmek bile iyi hissettiriyor.\u00a0 K\u00f6yde, T\u00fcrkiye&#8217;nin ilk \u00f6zel etnografya galerisi Tahtaku\u015flar Etno\u011frafya M\u00fczesi g\u00f6r\u00fclmeli.<\/li>\n<li>Alt\u0131noluk s\u0131n\u0131rlar\u0131nda yer alan ve tarihi M\u00d6 2000&#8217;li y\u0131llara uzanan Antandros Antik Kenti binlerce y\u0131l \u00f6nceye \u0131\u015f\u0131k tutan k\u0131ymetli antik kentlerden biri.<\/li>\n<li>Do\u011fa ve macera tutkunlar\u0131 \u015eahindere Kanyonu Kazda\u011f\u0131 Milli Park\u0131, M\u0131hl\u0131 \u015eelalesi, Ay\u0131 Deresi mevkisinde bulunan Vallah \u015eelalesi ve Kanyonu \u00f6nerilerini rotalar\u0131na eklemeli.&nbsp;<\/li>\n<\/ul>\n<h4 style=\"text-align: center;\"><strong>Size \u00f6zel Kuzey Ege seyahat program\u0131 ve rezervasyon i\u00e7in<\/strong><br \/>\n<a href=\"mailto:travel@julesverne.com.tr\" target=\"_blank\" rel=\"noopener noreferrer\"><strong>travel@julesverne.com.tr<\/strong><\/a><br \/>\n<strong>0212 266 6363 &#8211; 118 veya 132<\/strong><\/h4>\n","protected":false},"excerpt":{"rendered":"<p>&Ouml;zg&uuml;n tasar\u0131mlar\u0131, do\u011fa i&ccedil;erisindeki konumlar\u0131 ile ayr\u0131cal\u0131kl\u0131 hissedece\u011finiz, Covid-19 &ouml;nlemleri ile g&uuml;ven veren Kuzey Ege&rsquo;nin en g&uuml;zel otelleri<\/p>\n","protected":false},"author":1,"featured_media":2318,"comment_status":"closed","ping_status":"closed","sticky":false,"template":"","format":"standard","meta":{"inline_featured_image":false,"footnotes":""},"categories":[1,40,39],"tags":[137,74,73],"acf":[],"yoast_head":"<!-- This site is optimized with the Yoast SEO plugin v22.3 - https:\/\/yoast.com\/wordpress\/plugins\/seo\/ -->\n<title>Bu Yaz Kuzey Ege&#039;de Nerede Kal\u0131n\u0131r? - JULES VERNE BUSINESS MICE TRAVEL<\/title>\n<meta name=\"robots\" content=\"index, follow, max-snippet:-1, max-image-preview:large, max-video-preview:-1\" \/>\n<link rel=\"canonical\" href=\"https:\/\/julesverne.com.tr\/travel-blog\/bu-yaz-kuzey-egede-nerede-kalinir\/\" \/>\n<meta property=\"og:locale\" content=\"en_US\" \/>\n<meta property=\"og:type\" content=\"article\" \/>\n<meta property=\"og:title\" content=\"Bu Yaz Kuzey Ege&#039;de Nerede Kal\u0131n\u0131r? - JULES VERNE BUSINESS MICE TRAVEL\" \/>\n<meta property=\"og:description\" content=\"&Ouml;zg&uuml;n tasar\u0131mlar\u0131, do\u011fa i&ccedil;erisindeki konumlar\u0131 ile ayr\u0131cal\u0131kl\u0131 hissedece\u011finiz, Covid-19 &ouml;nlemleri ile g&uuml;ven veren Kuzey Ege&rsquo;nin en g&uuml;zel otelleri\" \/>\n<meta property=\"og:url\" content=\"https:\/\/julesverne.com.tr\/travel-blog\/bu-yaz-kuzey-egede-nerede-kalinir\/\" \/>\n<meta property=\"og:site_name\" content=\"JULES VERNE BUSINESS MICE TRAVEL\" \/>\n<meta property=\"article:publisher\" content=\"https:\/\/www.facebook.com\/JulesVerneBusinessMiceTravel\/\" \/>\n<meta property=\"article:published_time\" content=\"2020-06-16T13:57:15+00:00\" \/>\n<meta property=\"article:modified_time\" content=\"2021-06-21T07:17:29+00:00\" \/>\n<meta property=\"og:image\" content=\"https:\/\/julesverne.com.tr\/wp-content\/uploads\/2020\/09\/behramkale.jpg\" \/>\n\t<meta property=\"og:image:width\" content=\"999\" \/>\n\t<meta property=\"og:image:height\" content=\"666\" \/>\n\t<meta property=\"og:image:type\" content=\"image\/jpeg\" \/>\n<meta name=\"author\" content=\"fikirman\" \/>\n<meta name=\"twitter:card\" content=\"summary_large_image\" \/>\n<meta name=\"twitter:creator\" content=\"@JV_BusinessMice\" \/>\n<meta name=\"twitter:site\" content=\"@JV_BusinessMice\" \/>\n<meta name=\"twitter:label1\" content=\"Written by\" \/>\n\t<meta name=\"twitter:data1\" content=\"fikirman\" \/>\n\t<meta name=\"twitter:label2\" content=\"Est. reading time\" \/>\n\t<meta name=\"twitter:data2\" content=\"6 minutes\" \/>\n<script type=\"application\/ld+json\" class=\"yoast-schema-graph\">{\"@context\":\"https:\/\/schema.org\",\"@graph\":[{\"@type\":\"Article\",\"@id\":\"https:\/\/julesverne.com.tr\/travel-blog\/bu-yaz-kuzey-egede-nerede-kalinir\/#article\",\"isPartOf\":{\"@id\":\"https:\/\/julesverne.com.tr\/travel-blog\/bu-yaz-kuzey-egede-nerede-kalinir\/\"},\"author\":{\"name\":\"fikirman\",\"@id\":\"https:\/\/julesverne.com.tr\/#\/schema\/person\/f4eb0514ae455538644c31b99a466fdb\"},\"headline\":\"Bu Yaz Kuzey Ege&#8217;de Nerede Kal\u0131n\u0131r?\",\"datePublished\":\"2020-06-16T13:57:15+00:00\",\"dateModified\":\"2021-06-21T07:17:29+00:00\",\"mainEntityOfPage\":{\"@id\":\"https:\/\/julesverne.com.tr\/travel-blog\/bu-yaz-kuzey-egede-nerede-kalinir\/\"},\"wordCount\":1306,\"publisher\":{\"@id\":\"https:\/\/julesverne.com.tr\/#organization\"},\"image\":{\"@id\":\"https:\/\/julesverne.com.tr\/travel-blog\/bu-yaz-kuzey-egede-nerede-kalinir\/#primaryimage\"},\"thumbnailUrl\":\"https:\/\/julesverne.com.tr\/wp-content\/uploads\/2020\/09\/behramkale.jpg\",\"keywords\":[\"Blog\",\"Nerede Kalsak\",\"Nereye Gitsek\"],\"articleSection\":[\"Blog\",\"Nerede Kalsak?\",\"Nereye Gitsek?\"],\"inLanguage\":\"en-US\"},{\"@type\":\"WebPage\",\"@id\":\"https:\/\/julesverne.com.tr\/travel-blog\/bu-yaz-kuzey-egede-nerede-kalinir\/\",\"url\":\"https:\/\/julesverne.com.tr\/travel-blog\/bu-yaz-kuzey-egede-nerede-kalinir\/\",\"name\":\"Bu Yaz Kuzey Ege'de Nerede Kal\u0131n\u0131r? - JULES VERNE BUSINESS MICE TRAVEL\",\"isPartOf\":{\"@id\":\"https:\/\/julesverne.com.tr\/#website\"},\"primaryImageOfPage\":{\"@id\":\"https:\/\/julesverne.com.tr\/travel-blog\/bu-yaz-kuzey-egede-nerede-kalinir\/#primaryimage\"},\"image\":{\"@id\":\"https:\/\/julesverne.com.tr\/travel-blog\/bu-yaz-kuzey-egede-nerede-kalinir\/#primaryimage\"},\"thumbnailUrl\":\"https:\/\/julesverne.com.tr\/wp-content\/uploads\/2020\/09\/behramkale.jpg\",\"datePublished\":\"2020-06-16T13:57:15+00:00\",\"dateModified\":\"2021-06-21T07:17:29+00:00\",\"breadcrumb\":{\"@id\":\"https:\/\/julesverne.com.tr\/travel-blog\/bu-yaz-kuzey-egede-nerede-kalinir\/#breadcrumb\"},\"inLanguage\":\"en-US\",\"potentialAction\":[{\"@type\":\"ReadAction\",\"target\":[\"https:\/\/julesverne.com.tr\/travel-blog\/bu-yaz-kuzey-egede-nerede-kalinir\/\"]}]},{\"@type\":\"ImageObject\",\"inLanguage\":\"en-US\",\"@id\":\"https:\/\/julesverne.com.tr\/travel-blog\/bu-yaz-kuzey-egede-nerede-kalinir\/#primaryimage\",\"url\":\"https:\/\/julesverne.com.tr\/wp-content\/uploads\/2020\/09\/behramkale.jpg\",\"contentUrl\":\"https:\/\/julesverne.com.tr\/wp-content\/uploads\/2020\/09\/behramkale.jpg\",\"width\":999,\"height\":666},{\"@type\":\"BreadcrumbList\",\"@id\":\"https:\/\/julesverne.com.tr\/travel-blog\/bu-yaz-kuzey-egede-nerede-kalinir\/#breadcrumb\",\"itemListElement\":[{\"@type\":\"ListItem\",\"position\":1,\"name\":\"Anasayfa\",\"item\":\"https:\/\/julesverne.com.tr\/\"},{\"@type\":\"ListItem\",\"position\":2,\"name\":\"Bu Yaz Kuzey Ege&#8217;de Nerede Kal\u0131n\u0131r?\"}]},{\"@type\":\"WebSite\",\"@id\":\"https:\/\/julesverne.com.tr\/#website\",\"url\":\"https:\/\/julesverne.com.tr\/\",\"name\":\"JULES VERNE BUSINESS MICE TRAVEL\",\"description\":\"\",\"publisher\":{\"@id\":\"https:\/\/julesverne.com.tr\/#organization\"},\"potentialAction\":[{\"@type\":\"SearchAction\",\"target\":{\"@type\":\"EntryPoint\",\"urlTemplate\":\"https:\/\/julesverne.com.tr\/?s={search_term_string}\"},\"query-input\":\"required name=search_term_string\"}],\"inLanguage\":\"en-US\"},{\"@type\":\"Organization\",\"@id\":\"https:\/\/julesverne.com.tr\/#organization\",\"name\":\"JULES VERNE BUSINESS MICE TRAVEL\",\"url\":\"https:\/\/julesverne.com.tr\/\",\"logo\":{\"@type\":\"ImageObject\",\"inLanguage\":\"en-US\",\"@id\":\"https:\/\/julesverne.com.tr\/#\/schema\/logo\/image\/\",\"url\":\"https:\/\/julesverne.com.tr\/wp-content\/uploads\/2020\/09\/jv-bmt-logo.png\",\"contentUrl\":\"https:\/\/julesverne.com.tr\/wp-content\/uploads\/2020\/09\/jv-bmt-logo.png\",\"width\":110,\"height\":81,\"caption\":\"JULES VERNE BUSINESS MICE TRAVEL\"},\"image\":{\"@id\":\"https:\/\/julesverne.com.tr\/#\/schema\/logo\/image\/\"},\"sameAs\":[\"https:\/\/www.facebook.com\/JulesVerneBusinessMiceTravel\/\",\"https:\/\/twitter.com\/JV_BusinessMice\",\"https:\/\/www.instagram.com\/julesvernebusinessmicetravel\/\",\"https:\/\/www.linkedin.com\/company\/julesvernebusinessmicetravel\/\",\"https:\/\/www.youtube.com\/channel\/UCAwdsmbZ6tFhu1tea6pkpiw\"]},{\"@type\":\"Person\",\"@id\":\"https:\/\/julesverne.com.tr\/#\/schema\/person\/f4eb0514ae455538644c31b99a466fdb\",\"name\":\"fikirman\",\"sameAs\":[\"http:\/\/advermedya.net\/julesverne\"],\"url\":\"https:\/\/julesverne.com.tr\/en\/author\/fikirman\/\"}]}<\/script>\n<!-- \/ Yoast SEO plugin. -->","yoast_head_json":{"title":"Bu Yaz Kuzey Ege'de Nerede Kal\u0131n\u0131r? - JULES VERNE BUSINESS MICE TRAVEL","robots":{"index":"index","follow":"follow","max-snippet":"max-snippet:-1","max-image-preview":"max-image-preview:large","max-video-preview":"max-video-preview:-1"},"canonical":"https:\/\/julesverne.com.tr\/travel-blog\/bu-yaz-kuzey-egede-nerede-kalinir\/","og_locale":"en_US","og_type":"article","og_title":"Bu Yaz Kuzey Ege'de Nerede Kal\u0131n\u0131r? - JULES VERNE BUSINESS MICE TRAVEL","og_description":"&Ouml;zg&uuml;n tasar\u0131mlar\u0131, do\u011fa i&ccedil;erisindeki konumlar\u0131 ile ayr\u0131cal\u0131kl\u0131 hissedece\u011finiz, Covid-19 &ouml;nlemleri ile g&uuml;ven veren Kuzey Ege&rsquo;nin en g&uuml;zel otelleri","og_url":"https:\/\/julesverne.com.tr\/travel-blog\/bu-yaz-kuzey-egede-nerede-kalinir\/","og_site_name":"JULES VERNE BUSINESS MICE TRAVEL","article_publisher":"https:\/\/www.facebook.com\/JulesVerneBusinessMiceTravel\/","article_published_time":"2020-06-16T13:57:15+00:00","article_modified_time":"2021-06-21T07:17:29+00:00","og_image":[{"width":999,"height":666,"url":"https:\/\/julesverne.com.tr\/wp-content\/uploads\/2020\/09\/behramkale.jpg","type":"image\/jpeg"}],"author":"fikirman","twitter_card":"summary_large_image","twitter_creator":"@JV_BusinessMice","twitter_site":"@JV_BusinessMice","twitter_misc":{"Written by":"fikirman","Est. reading time":"6 minutes"},"schema":{"@context":"https:\/\/schema.org","@graph":[{"@type":"Article","@id":"https:\/\/julesverne.com.tr\/travel-blog\/bu-yaz-kuzey-egede-nerede-kalinir\/#article","isPartOf":{"@id":"https:\/\/julesverne.com.tr\/travel-blog\/bu-yaz-kuzey-egede-nerede-kalinir\/"},"author":{"name":"fikirman","@id":"https:\/\/julesverne.com.tr\/#\/schema\/person\/f4eb0514ae455538644c31b99a466fdb"},"headline":"Bu Yaz Kuzey Ege&#8217;de Nerede Kal\u0131n\u0131r?","datePublished":"2020-06-16T13:57:15+00:00","dateModified":"2021-06-21T07:17:29+00:00","mainEntityOfPage":{"@id":"https:\/\/julesverne.com.tr\/travel-blog\/bu-yaz-kuzey-egede-nerede-kalinir\/"},"wordCount":1306,"publisher":{"@id":"https:\/\/julesverne.com.tr\/#organization"},"image":{"@id":"https:\/\/julesverne.com.tr\/travel-blog\/bu-yaz-kuzey-egede-nerede-kalinir\/#primaryimage"},"thumbnailUrl":"https:\/\/julesverne.com.tr\/wp-content\/uploads\/2020\/09\/behramkale.jpg","keywords":["Blog","Nerede Kalsak","Nereye Gitsek"],"articleSection":["Blog","Nerede Kalsak?","Nereye Gitsek?"],"inLanguage":"en-US"},{"@type":"WebPage","@id":"https:\/\/julesverne.com.tr\/travel-blog\/bu-yaz-kuzey-egede-nerede-kalinir\/","url":"https:\/\/julesverne.com.tr\/travel-blog\/bu-yaz-kuzey-egede-nerede-kalinir\/","name":"Bu Yaz Kuzey Ege'de Nerede Kal\u0131n\u0131r? - JULES VERNE BUSINESS MICE TRAVEL","isPartOf":{"@id":"https:\/\/julesverne.com.tr\/#website"},"primaryImageOfPage":{"@id":"https:\/\/julesverne.com.tr\/travel-blog\/bu-yaz-kuzey-egede-nerede-kalinir\/#primaryimage"},"image":{"@id":"https:\/\/julesverne.com.tr\/travel-blog\/bu-yaz-kuzey-egede-nerede-kalinir\/#primaryimage"},"thumbnailUrl":"https:\/\/julesverne.com.tr\/wp-content\/uploads\/2020\/09\/behramkale.jpg","datePublished":"2020-06-16T13:57:15+00:00","dateModified":"2021-06-21T07:17:29+00:00","breadcrumb":{"@id":"https:\/\/julesverne.com.tr\/travel-blog\/bu-yaz-kuzey-egede-nerede-kalinir\/#breadcrumb"},"inLanguage":"en-US","potentialAction":[{"@type":"ReadAction","target":["https:\/\/julesverne.com.tr\/travel-blog\/bu-yaz-kuzey-egede-nerede-kalinir\/"]}]},{"@type":"ImageObject","inLanguage":"en-US","@id":"https:\/\/julesverne.com.tr\/travel-blog\/bu-yaz-kuzey-egede-nerede-kalinir\/#primaryimage","url":"https:\/\/julesverne.com.tr\/wp-content\/uploads\/2020\/09\/behramkale.jpg","contentUrl":"https:\/\/julesverne.com.tr\/wp-content\/uploads\/2020\/09\/behramkale.jpg","width":999,"height":666},{"@type":"BreadcrumbList","@id":"https:\/\/julesverne.com.tr\/travel-blog\/bu-yaz-kuzey-egede-nerede-kalinir\/#breadcrumb","itemListElement":[{"@type":"ListItem","position":1,"name":"Anasayfa","item":"https:\/\/julesverne.com.tr\/"},{"@type":"ListItem","position":2,"name":"Bu Yaz Kuzey Ege&#8217;de Nerede Kal\u0131n\u0131r?"}]},{"@type":"WebSite","@id":"https:\/\/julesverne.com.tr\/#website","url":"https:\/\/julesverne.com.tr\/","name":"JULES VERNE BUSINESS MICE TRAVEL","description":"","publisher":{"@id":"https:\/\/julesverne.com.tr\/#organization"},"potentialAction":[{"@type":"SearchAction","target":{"@type":"EntryPoint","urlTemplate":"https:\/\/julesverne.com.tr\/?s={search_term_string}"},"query-input":"required name=search_term_string"}],"inLanguage":"en-US"},{"@type":"Organization","@id":"https:\/\/julesverne.com.tr\/#organization","name":"JULES VERNE BUSINESS MICE TRAVEL","url":"https:\/\/julesverne.com.tr\/","logo":{"@type":"ImageObject","inLanguage":"en-US","@id":"https:\/\/julesverne.com.tr\/#\/schema\/logo\/image\/","url":"https:\/\/julesverne.com.tr\/wp-content\/uploads\/2020\/09\/jv-bmt-logo.png","contentUrl":"https:\/\/julesverne.com.tr\/wp-content\/uploads\/2020\/09\/jv-bmt-logo.png","width":110,"height":81,"caption":"JULES VERNE BUSINESS MICE TRAVEL"},"image":{"@id":"https:\/\/julesverne.com.tr\/#\/schema\/logo\/image\/"},"sameAs":["https:\/\/www.facebook.com\/JulesVerneBusinessMiceTravel\/","https:\/\/twitter.com\/JV_BusinessMice","https:\/\/www.instagram.com\/julesvernebusinessmicetravel\/","https:\/\/www.linkedin.com\/company\/julesvernebusinessmicetravel\/","https:\/\/www.youtube.com\/channel\/UCAwdsmbZ6tFhu1tea6pkpiw"]},{"@type":"Person","@id":"https:\/\/julesverne.com.tr\/#\/schema\/person\/f4eb0514ae455538644c31b99a466fdb","name":"fikirman","sameAs":["http:\/\/advermedya.net\/julesverne"],"url":"https:\/\/julesverne.com.tr\/en\/author\/fikirman\/"}]}},"_links":{"self":[{"href":"https:\/\/julesverne.com.tr\/en\/wp-json\/wp\/v2\/posts\/2317"}],"collection":[{"href":"https:\/\/julesverne.com.tr\/en\/wp-json\/wp\/v2\/posts"}],"about":[{"href":"https:\/\/julesverne.com.tr\/en\/wp-json\/wp\/v2\/types\/post"}],"author":[{"embeddable":true,"href":"https:\/\/julesverne.com.tr\/en\/wp-json\/wp\/v2\/users\/1"}],"replies":[{"embeddable":true,"href":"https:\/\/julesverne.com.tr\/en\/wp-json\/wp\/v2\/comments?post=2317"}],"version-history":[{"count":0,"href":"https:\/\/julesverne.com.tr\/en\/wp-json\/wp\/v2\/posts\/2317\/revisions"}],"wp:featuredmedia":[{"embeddable":true,"href":"https:\/\/julesverne.com.tr\/en\/wp-json\/wp\/v2\/media\/2318"}],"wp:attachment":[{"href":"https:\/\/julesverne.com.tr\/en\/wp-json\/wp\/v2\/media?parent=2317"}],"wp:term":[{"taxonomy":"category","embeddable":true,"href":"https:\/\/julesverne.com.tr\/en\/wp-json\/wp\/v2\/categories?post=2317"},{"taxonomy":"post_tag","embeddable":true,"href":"https:\/\/julesverne.com.tr\/en\/wp-json\/wp\/v2\/tags?post=2317"}],"curies":[{"name":"wp","href":"https:\/\/api.w.org\/{rel}","templated":true}]}}