{"id":2310,"date":"2021-07-10T10:57:23","date_gmt":"2021-07-10T07:57:23","guid":{"rendered":"https:\/\/www.julesverne.com.tr\/\/blog\/burasi-cennet-dedirten-turkiyenin-en-guzel-koylari\/"},"modified":"2021-07-16T10:02:04","modified_gmt":"2021-07-16T07:02:04","slug":"burasi-cennet-dedirten-turkiyenin-en-guzel-koylari","status":"publish","type":"post","link":"https:\/\/julesverne.com.tr\/en\/travel-blog\/nereye-gitsek\/burasi-cennet-dedirten-turkiyenin-en-guzel-koylari\/","title":{"rendered":"\u201cBuras\u0131 Cennet\u201d Dedirten T\u00fcrkiye\u2019nin En G\u00fczel Koylar\u0131"},"content":{"rendered":"<p style=\"text-align: center;\"><img loading=\"lazy\" decoding=\"async\" class=\"alignnone wp-image-2641\" src=\"https:\/\/www.julesverne.com.tr\/\/wp-content\/uploads\/2020\/09\/sarsalakoyu-1.jpg\" alt=\"\" width=\"1200\" height=\"760\" srcset=\"https:\/\/julesverne.com.tr\/wp-content\/uploads\/2020\/09\/sarsalakoyu-1.jpg 999w, https:\/\/julesverne.com.tr\/wp-content\/uploads\/2020\/09\/sarsalakoyu-1-500x317.jpg 500w, https:\/\/julesverne.com.tr\/wp-content\/uploads\/2020\/09\/sarsalakoyu-1-768x487.jpg 768w\" sizes=\"(max-width: 1200px) 100vw, 1200px\" \/><\/p>\n<p>T\u00fcrkiye d\u00fcnyan\u0131n en se\u00e7kin turizm ve \u00e7evre \u00f6d\u00fcllerinden &#8220;<strong>Mavi Bayrak<\/strong>&#8220;ta bu y\u0131l da zirvedeki yerini korudu. \u0130spanya ve Yunanistan&#8217;\u0131n ard\u0131ndan d\u00fcnyan\u0131n en \u00e7ok Mavi Bayrakl\u0131 3\u2019\u00fcnc\u00fc \u00fclkesi olan T\u00fcrkiye&#8217;nin \u00f6d\u00fcll\u00fc plaj say\u0131s\u0131 bu y\u0131l <strong>486<\/strong> oldu. D\u00f6rt taraf\u0131 denizlerle \u00e7evrili ve bu kadar \u00e7ok mavi bayrakl\u0131 plaja sahip bir \u00fclkede ya\u015f\u0131yorsak birbirinden g\u00fczel koylarda masmavi serin sulara girme ayr\u0131cal\u0131\u011f\u0131na da sahibiz demektir.<\/p>\n<p><strong>Yaz aylar\u0131n\u0131 a\u011f\u0131rl\u0131kl\u0131 olarak \u00fclkemizin de\u011ferli k\u00f6\u015felerini ke\u015ffederek ge\u00e7irece\u011fimizi g\u00f6z \u00f6n\u00fcnde bulundurarak bug\u00fcne kadar bildi\u011fimiz ama ziyaret etmedi\u011fimiz veya daha \u00f6nce ad\u0131n\u0131 duymad\u0131\u011f\u0131m\u0131z az bilinen koylar\u0131 yazd\u0131k.\u00a0 \u201cBuras\u0131 cennet\u201d dedirten T\u00fcrkiye\u2019nin en g\u00fczel koylar\u0131:<\/strong><\/p>\n<h2><strong>G\u00f6kliman, Finike \/ Antalya<\/strong><\/h2>\n<p style=\"text-align: center;\"><strong><img loading=\"lazy\" decoding=\"async\" class=\"alignnone wp-image-2642\" src=\"https:\/\/www.julesverne.com.tr\/\/wp-content\/uploads\/2020\/09\/gokliman.jpg\" alt=\"\" width=\"1200\" height=\"750\" srcset=\"https:\/\/julesverne.com.tr\/wp-content\/uploads\/2020\/09\/gokliman.jpg 1280w, https:\/\/julesverne.com.tr\/wp-content\/uploads\/2020\/09\/gokliman-500x313.jpg 500w, https:\/\/julesverne.com.tr\/wp-content\/uploads\/2020\/09\/gokliman-768x480.jpg 768w\" sizes=\"(max-width: 1200px) 100vw, 1200px\" \/><\/strong><\/p>\n<p>\u201cNe yerdeyim, ne g\u00f6kte\u201d diyen birini duyarsan\u0131z lokasyonu G\u00f6kliman olabilir\u2026 Antik d\u00f6nemde liman olarak kullan\u0131ld\u0131\u011f\u0131 bilinen G\u00f6kliman 2018 y\u0131l\u0131nda Mavi Bayrak kazanm\u0131\u015f. Mendikli ad\u0131nda k\u00fc\u00e7\u00fck bir koya da sahip olan G\u00f6kliman turkuaz rengindeki sular\u0131, tertemiz sahili ve huzurlu ambiyans\u0131yla g\u00fcney sahilleri listenizde olmal\u0131.<\/p>\n<h2><strong>S\u00f6\u011f\u00fct, Marmaris \/ Mu\u011fla<\/strong><\/h2>\n<p style=\"text-align: center;\"><img loading=\"lazy\" decoding=\"async\" class=\"alignnone wp-image-8597\" src=\"https:\/\/julesverne.com.tr\/wp-content\/uploads\/2020\/06\/sogut_marmaris_shutterstock_293034713-500x341.jpg\" alt=\"\" width=\"1200\" height=\"817\" srcset=\"https:\/\/julesverne.com.tr\/wp-content\/uploads\/2020\/06\/sogut_marmaris_shutterstock_293034713-500x341.jpg 500w, https:\/\/julesverne.com.tr\/wp-content\/uploads\/2020\/06\/sogut_marmaris_shutterstock_293034713-768x523.jpg 768w, https:\/\/julesverne.com.tr\/wp-content\/uploads\/2020\/06\/sogut_marmaris_shutterstock_293034713.jpg 1000w\" sizes=\"(max-width: 1200px) 100vw, 1200px\" \/><\/p>\n<p>K\u00f6y\u00fc ayr\u0131 denizi ayr\u0131 g\u00fczel S\u00f6\u011f\u00fct\u2019\u00fcn. Da\u011f-tepe virajl\u0131 yollar\u0131 devirip de sahile ini\u015f k\u0131sm\u0131na ge\u00e7ti\u011finiz ilk anda g\u00f6rd\u00fc\u011f\u00fcn\u00fcz manzara sizi buraya a\u015f\u0131k etmeye yeterli. Az haneli, az yerle\u015fimin oldu\u011fu bir k\u00f6yde sakinlik buran\u0131n ayr\u0131lmaz bir par\u00e7as\u0131 oluyor. Havlunuzu bir ta\u015f\u0131n \u00fczerine at\u0131p masmavi sulara girdi\u011finizde sessizli\u011fin melodisine kap\u0131lmamak g\u00fc\u00e7. Sahildeki say\u0131s\u0131 az sevimli restoran ve pansiyonlar\u0131yla 20-30 y\u0131l \u00f6ncenin \u00f6zlenen sayfiye ruhunu yeniden ya\u015fat\u0131yor.<\/p>\n<h2><strong>Phaselis Koyu, Kemer \/ Antalya<\/strong><\/h2>\n<p style=\"text-align: center;\"><img loading=\"lazy\" decoding=\"async\" class=\"alignnone wp-image-8598\" src=\"https:\/\/julesverne.com.tr\/wp-content\/uploads\/2020\/06\/Phaselis_Kemer_Antalya_shutterstock_1425087227-500x334.jpg\" alt=\"\" width=\"1200\" height=\"800\" srcset=\"https:\/\/julesverne.com.tr\/wp-content\/uploads\/2020\/06\/Phaselis_Kemer_Antalya_shutterstock_1425087227-500x334.jpg 500w, https:\/\/julesverne.com.tr\/wp-content\/uploads\/2020\/06\/Phaselis_Kemer_Antalya_shutterstock_1425087227-768x512.jpg 768w, https:\/\/julesverne.com.tr\/wp-content\/uploads\/2020\/06\/Phaselis_Kemer_Antalya_shutterstock_1425087227.jpg 1000w\" sizes=\"(max-width: 1200px) 100vw, 1200px\" \/><\/p>\n<p>Antalya-Kumluca aras\u0131nda a\u011fa\u00e7larla \u00e7evrili bir yol sizi antik d\u00fcnyan\u0131n en k\u0131ymetli kentlerinden Phaselis&#8217;e \u00e7\u0131kar\u0131yor. K\u0131vr\u0131ml\u0131 bir koy ve binlerce y\u0131ll\u0131k tarihin bulu\u015fmas\u0131 bu yaza damgas\u0131n\u0131 vuracak. Rodoslular taraf\u0131ndan M.\u00d6. 7. y\u00fczy\u0131lda kurulan antik kent Lykia Uygarl\u0131\u011f\u0131&#8217;n\u0131n \u00f6nemli limanlar\u0131ndan biriymi\u015f. Kent kal\u0131nt\u0131lar\u0131n\u0131 gezdikten sonra kendinizi bu koyun berrak sular\u0131na b\u0131rakabilirsiniz.<\/p>\n<h2><strong>Sarsala Koyu, Dalaman \/ Mu\u011fla<\/strong><\/h2>\n<p style=\"text-align: center;\"><strong><img loading=\"lazy\" decoding=\"async\" class=\"alignnone wp-image-2645\" src=\"https:\/\/www.julesverne.com.tr\/\/wp-content\/uploads\/2020\/09\/sarsala.jpg\" alt=\"\" width=\"1200\" height=\"800\" srcset=\"https:\/\/julesverne.com.tr\/wp-content\/uploads\/2020\/09\/sarsala.jpg 999w, https:\/\/julesverne.com.tr\/wp-content\/uploads\/2020\/09\/sarsala-500x333.jpg 500w, https:\/\/julesverne.com.tr\/wp-content\/uploads\/2020\/09\/sarsala-768x512.jpg 768w\" sizes=\"(max-width: 1200px) 100vw, 1200px\" \/><\/strong><\/p>\n<p>Dalaman Havaliman\u0131&#8217;ndan 15 dakika uzakl\u0131ktaki Sarsala Koyu&#8217;na ister denizden ister karadan ula\u015f\u0131n ama ula\u015f\u0131n! Yemye\u015fil ormanlarla \u00e7evrili bu koya geldi\u011finizde turkuaz mavi sular sizi bekliyor olacak. Dalaman&#8217;da karadan ula\u015f\u0131lan bir koy oldu\u011fu i\u00e7in sezonda kalabal\u0131k olma ihtimalini g\u00f6z \u00f6n\u00fcne al\u0131p hafta i\u00e7i g\u00fcnlerinde bu \u00e7ar\u015faf gibi denizin tad\u0131n\u0131 \u00e7\u0131karman\u0131z\u0131 \u00f6neririz.<\/p>\n<h2><strong>Kumlub\u00fck, Marmaris \/ Mu\u011fla<\/strong><\/h2>\n<p style=\"text-align: center;\"><strong><img loading=\"lazy\" decoding=\"async\" class=\"alignnone wp-image-2646\" src=\"https:\/\/www.julesverne.com.tr\/\/wp-content\/uploads\/2020\/09\/kumlubuk-1.jpg\" alt=\"\" width=\"1200\" height=\"800\" srcset=\"https:\/\/julesverne.com.tr\/wp-content\/uploads\/2020\/09\/kumlubuk-1.jpg 999w, https:\/\/julesverne.com.tr\/wp-content\/uploads\/2020\/09\/kumlubuk-1-500x333.jpg 500w, https:\/\/julesverne.com.tr\/wp-content\/uploads\/2020\/09\/kumlubuk-1-768x512.jpg 768w\" sizes=\"(max-width: 1200px) 100vw, 1200px\" \/><\/strong><\/p>\n<p>G\u00fcr\u00fclt\u00fc yok, partiler yok, masmavi bir deniz ve huzur var. Marmaris&#8217;in en g\u00fczel koylar\u0131ndan biri olan Kumlub\u00fck bakir kalarak asl\u0131nda bize en b\u00fcy\u00fck hediyeyi veriyor. Herkesin s\u0131n\u0131rlar\u0131na sayg\u0131 duydu\u011fu sahil sadeli\u011fi, sakinli\u011fi ve tertemiz deniziyle listemizin hep ilk s\u0131ralar\u0131nda.<\/p>\n<h2><strong>Barbuci B\u00fck\u00fc, Dat\u00e7a \/ Mu\u011fla<\/strong><\/h2>\n<p style=\"text-align: center;\"><strong><img loading=\"lazy\" decoding=\"async\" class=\"alignnone wp-image-2647\" src=\"https:\/\/www.julesverne.com.tr\/\/wp-content\/uploads\/2020\/09\/BarbuciBuku.jpg\" alt=\"\" width=\"1200\" height=\"800\" srcset=\"https:\/\/julesverne.com.tr\/wp-content\/uploads\/2020\/09\/BarbuciBuku.jpg 999w, https:\/\/julesverne.com.tr\/wp-content\/uploads\/2020\/09\/BarbuciBuku-500x333.jpg 500w, https:\/\/julesverne.com.tr\/wp-content\/uploads\/2020\/09\/BarbuciBuku-768x512.jpg 768w\" sizes=\"(max-width: 1200px) 100vw, 1200px\" \/><\/strong><\/p>\n<p>Dat\u00e7a&#8217;n\u0131n ellinin \u00fczerindeki koylar\u0131 ve b\u00fckleri gez gez bitmez. Her biri birbirinden g\u00fczel ve bakir olan koylar aras\u0131nda Barbuci B\u00fck\u00fc bir ba\u015fka. Yolu biraz bozuk oldu\u011fu i\u00e7in ula\u015f\u0131m\u0131n rahat olmamas\u0131 buray\u0131 bakir k\u0131l\u0131yor. Turkuaz rengi deniz benzetmesi buras\u0131 i\u00e7in yetersiz bile! \u00d6yle temiz ve g\u00fczel ki denizi hi\u00e7 \u00e7\u0131kmak istemiyor insan.<\/p>\n<h2><strong>Boyaba\u011f\u0131 Koyu, Karaburun \/ \u0130zmir<\/strong><\/h2>\n<p style=\"text-align: center;\"><img loading=\"lazy\" decoding=\"async\" class=\"alignnone wp-image-8594\" src=\"https:\/\/julesverne.com.tr\/wp-content\/uploads\/2020\/06\/boyabagi-koyu-karaburunjpg-500x313.jpg\" alt=\"\" width=\"1200\" height=\"750\" srcset=\"https:\/\/julesverne.com.tr\/wp-content\/uploads\/2020\/06\/boyabagi-koyu-karaburunjpg-500x313.jpg 500w, https:\/\/julesverne.com.tr\/wp-content\/uploads\/2020\/06\/boyabagi-koyu-karaburunjpg-768x480.jpg 768w, https:\/\/julesverne.com.tr\/wp-content\/uploads\/2020\/06\/boyabagi-koyu-karaburunjpg.jpg 800w\" sizes=\"(max-width: 1200px) 100vw, 1200px\" \/><\/p>\n<p>Karaburun Yar\u0131madas\u0131\u2019n\u0131n koylar\u0131 da en az Dat\u00e7a kadar me\u015fhurdur. Haval\u0131 plajlar\u0131n, asfalt yollar\u0131n, vale servisinin olmad\u0131\u011f\u0131 do\u011fal koylar ar\u0131yorsan\u0131z buras\u0131 tam size g\u00f6re. Belli bir yere kadar arabayla geldikten sonra biraz y\u00fcr\u00fcyerek bu bakir koya ula\u015fabilirsiniz. P\u0131r\u0131l p\u0131r\u0131l parlayan serin sular\u0131na girdi\u011finizde buralar\u0131n k\u0131ymetini daha iyi anlayacaks\u0131n\u0131z.<\/p>\n<h2><strong>Boyal\u0131k Plaj\u0131,\u00c7e\u015fme \/ \u0130zmir<\/strong><\/h2>\n<p style=\"text-align: center;\"><img loading=\"lazy\" decoding=\"async\" class=\"alignnone wp-image-8595\" src=\"https:\/\/julesverne.com.tr\/wp-content\/uploads\/2020\/06\/boyalik_cesme_shutterstock_790842343-500x334.jpg\" alt=\"\" width=\"1200\" height=\"800\" srcset=\"https:\/\/julesverne.com.tr\/wp-content\/uploads\/2020\/06\/boyalik_cesme_shutterstock_790842343-500x334.jpg 500w, https:\/\/julesverne.com.tr\/wp-content\/uploads\/2020\/06\/boyalik_cesme_shutterstock_790842343-768x512.jpg 768w, https:\/\/julesverne.com.tr\/wp-content\/uploads\/2020\/06\/boyalik_cesme_shutterstock_790842343.jpg 1000w\" sizes=\"(max-width: 1200px) 100vw, 1200px\" \/><\/p>\n<p>Sezonda ke\u015ffedeni bol olsa da upuzun Boyal\u0131k sahilinde do\u011fru noktay\u0131 bulursan\u0131z Maldivler gibi bir denizle bulu\u015fabilirsiniz. Ula\u015f\u0131m\u0131 rahat, kumu alt\u0131n sar\u0131s\u0131. Yakla\u015f\u0131k 2km uzunlu\u011fundaki sahil \u00fczerinde otellerin plajlar\u0131 da var, k\u00fc\u00e7\u00fck sitelere ait plajlar da. Dilerseniz kamp sandalyenizi, \u015fezlongunuzu al\u0131p sahile at\u0131p keyif yapma l\u00fcks\u00fcn\u00fcz de var!<\/p>\n<h2><strong>Akvaryum Koyu, Bozcaada \/ \u00c7anakkale<\/strong><\/h2>\n<p style=\"text-align: center;\"><img loading=\"lazy\" decoding=\"async\" class=\"alignnone wp-image-8596\" src=\"https:\/\/julesverne.com.tr\/wp-content\/uploads\/2020\/06\/bozcaada_akvaryum_shutterstock_1531182344-500x334.jpg\" alt=\"\" width=\"1200\" height=\"800\" srcset=\"https:\/\/julesverne.com.tr\/wp-content\/uploads\/2020\/06\/bozcaada_akvaryum_shutterstock_1531182344-500x334.jpg 500w, https:\/\/julesverne.com.tr\/wp-content\/uploads\/2020\/06\/bozcaada_akvaryum_shutterstock_1531182344-768x512.jpg 768w, https:\/\/julesverne.com.tr\/wp-content\/uploads\/2020\/06\/bozcaada_akvaryum_shutterstock_1531182344.jpg 1000w\" sizes=\"(max-width: 1200px) 100vw, 1200px\" \/><\/p>\n<p>Ad\u0131n\u0131n hakk\u0131n\u0131 veren Bozcaada\u2019n\u0131n Akvaryum Koyu, akvaryum kadar berrak denizi, kayal\u0131klar aras\u0131ndan parlayan manzaras\u0131 ile deniz keyfini ya\u015famak i\u00e7in listede olmal\u0131. Yan\u0131n\u0131za yiyecek, i\u00e7ecek \u015fezlong, sandalye gibi e\u015fyalar\u0131n\u0131z\u0131 al\u0131p bu manzaran\u0131n ve denizin tad\u0131n\u0131 \u00e7\u0131kar\u0131n.<\/p>\n<p style=\"text-align: center;\"><strong>Size \u00f6zel seyahat program\u0131 ve rezervasyon i\u00e7in:<\/strong><br \/>\n<a href=\"mailto:travel@julesverne.com.tr\" target=\"_blank\" rel=\"noopener noreferrer\"><strong>travel@julesverne.com.tr<\/strong><\/a><\/p>\n","protected":false},"excerpt":{"rendered":"<p>Bu yaz sezonu a\u011f\u0131rl\u0131kl\u0131 olarak &uuml;lkemizin de\u011ferli k&ouml;\u015felerini ke\u015ffederek ge&ccedil;irece\u011fimizi g&ouml;z &ouml;n&uuml;nde bulundurursak yeni normal ile birlikte bug&uuml;ne kadar bildi\u011fimiz ama ziyaret etmedi\u011fimiz veya daha &ouml;nce ad\u0131n\u0131 duymad\u0131\u011f\u0131m\u0131z koylar\u0131 radar\u0131m\u0131za al\u0131yoruz.&nbsp;<\/p>\n","protected":false},"author":1,"featured_media":8599,"comment_status":"closed","ping_status":"closed","sticky":false,"template":"","format":"standard","meta":{"inline_featured_image":false,"footnotes":""},"categories":[38,1,39],"tags":[77,73,129],"acf":[],"yoast_head":"<!-- This site is optimized with the Yoast SEO plugin v22.3 - https:\/\/yoast.com\/wordpress\/plugins\/seo\/ -->\n<title>\u201cBuras\u0131 Cennet\u201d Dedirten T\u00fcrkiye\u2019nin En G\u00fczel Koylar\u0131 - JULES VERNE BUSINESS MICE TRAVEL<\/title>\n<meta name=\"description\" content=\"\u0130spanya ve Yunanistan&#039;\u0131n ard\u0131ndan d\u00fcnyan\u0131n en \u00e7ok Mavi Bayrakl\u0131 3\u2019\u00fcnc\u00fc \u00fclkesi olan T\u00fcrkiye&#039;nin en g\u00fczel koylar\u0131! Yaz ba\u015flarken, yaz aylar\u0131n\u0131 a\u011f\u0131rl\u0131kl\u0131 olarak \u00fclkemizin de\u011ferli k\u00f6\u015felerini ke\u015ffederek ge\u00e7irece\u011fimizi g\u00f6z \u00f6n\u00fcnde bulundurarak bug\u00fcne kadar bildi\u011fimiz ama ziyaret etmedi\u011fimiz veya daha \u00f6nce ad\u0131n\u0131 duymad\u0131\u011f\u0131m\u0131z az bilinen koylar\u0131 yazd\u0131k.\u00a0 \u201cBuras\u0131 cennet\u201d dedirten T\u00fcrkiye\u2019nin en g\u00fczel koylar\u0131...\" \/>\n<meta name=\"robots\" content=\"index, follow, max-snippet:-1, max-image-preview:large, max-video-preview:-1\" \/>\n<link rel=\"canonical\" href=\"https:\/\/julesverne.com.tr\/travel-blog\/burasi-cennet-dedirten-turkiyenin-en-guzel-koylari\/\" \/>\n<meta property=\"og:locale\" content=\"en_US\" \/>\n<meta property=\"og:type\" content=\"article\" \/>\n<meta property=\"og:title\" content=\"\u201cBuras\u0131 Cennet\u201d Dedirten T\u00fcrkiye\u2019nin En G\u00fczel Koylar\u0131 - JULES VERNE BUSINESS MICE TRAVEL\" \/>\n<meta property=\"og:description\" content=\"\u0130spanya ve Yunanistan&#039;\u0131n ard\u0131ndan d\u00fcnyan\u0131n en \u00e7ok Mavi Bayrakl\u0131 3\u2019\u00fcnc\u00fc \u00fclkesi olan T\u00fcrkiye&#039;nin en g\u00fczel koylar\u0131! Yaz ba\u015flarken, yaz aylar\u0131n\u0131 a\u011f\u0131rl\u0131kl\u0131 olarak \u00fclkemizin de\u011ferli k\u00f6\u015felerini ke\u015ffederek ge\u00e7irece\u011fimizi g\u00f6z \u00f6n\u00fcnde bulundurarak bug\u00fcne kadar bildi\u011fimiz ama ziyaret etmedi\u011fimiz veya daha \u00f6nce ad\u0131n\u0131 duymad\u0131\u011f\u0131m\u0131z az bilinen koylar\u0131 yazd\u0131k.\u00a0 \u201cBuras\u0131 cennet\u201d dedirten T\u00fcrkiye\u2019nin en g\u00fczel koylar\u0131...\" \/>\n<meta property=\"og:url\" content=\"https:\/\/julesverne.com.tr\/travel-blog\/burasi-cennet-dedirten-turkiyenin-en-guzel-koylari\/\" \/>\n<meta property=\"og:site_name\" content=\"JULES VERNE BUSINESS MICE TRAVEL\" \/>\n<meta property=\"article:publisher\" content=\"https:\/\/www.facebook.com\/JulesVerneBusinessMiceTravel\/\" \/>\n<meta property=\"article:published_time\" content=\"2021-07-10T07:57:23+00:00\" \/>\n<meta property=\"article:modified_time\" content=\"2021-07-16T07:02:04+00:00\" \/>\n<meta property=\"og:image\" content=\"https:\/\/julesverne.com.tr\/wp-content\/uploads\/2020\/06\/phaselis_kemer_shutterstock_1930918238.jpg\" \/>\n\t<meta property=\"og:image:width\" content=\"1000\" \/>\n\t<meta property=\"og:image:height\" content=\"667\" \/>\n\t<meta property=\"og:image:type\" content=\"image\/jpeg\" \/>\n<meta name=\"author\" content=\"fikirman\" \/>\n<meta name=\"twitter:card\" content=\"summary_large_image\" \/>\n<meta name=\"twitter:creator\" content=\"@JV_BusinessMice\" \/>\n<meta name=\"twitter:site\" content=\"@JV_BusinessMice\" \/>\n<meta name=\"twitter:label1\" content=\"Written by\" \/>\n\t<meta name=\"twitter:data1\" content=\"fikirman\" \/>\n\t<meta name=\"twitter:label2\" content=\"Est. reading time\" \/>\n\t<meta name=\"twitter:data2\" content=\"5 minutes\" \/>\n<script type=\"application\/ld+json\" class=\"yoast-schema-graph\">{\"@context\":\"https:\/\/schema.org\",\"@graph\":[{\"@type\":\"Article\",\"@id\":\"https:\/\/julesverne.com.tr\/travel-blog\/burasi-cennet-dedirten-turkiyenin-en-guzel-koylari\/#article\",\"isPartOf\":{\"@id\":\"https:\/\/julesverne.com.tr\/travel-blog\/burasi-cennet-dedirten-turkiyenin-en-guzel-koylari\/\"},\"author\":{\"name\":\"fikirman\",\"@id\":\"https:\/\/julesverne.com.tr\/#\/schema\/person\/f4eb0514ae455538644c31b99a466fdb\"},\"headline\":\"\u201cBuras\u0131 Cennet\u201d Dedirten T\u00fcrkiye\u2019nin En G\u00fczel Koylar\u0131\",\"datePublished\":\"2021-07-10T07:57:23+00:00\",\"dateModified\":\"2021-07-16T07:02:04+00:00\",\"mainEntityOfPage\":{\"@id\":\"https:\/\/julesverne.com.tr\/travel-blog\/burasi-cennet-dedirten-turkiyenin-en-guzel-koylari\/\"},\"wordCount\":797,\"publisher\":{\"@id\":\"https:\/\/julesverne.com.tr\/#organization\"},\"image\":{\"@id\":\"https:\/\/julesverne.com.tr\/travel-blog\/burasi-cennet-dedirten-turkiyenin-en-guzel-koylari\/#primaryimage\"},\"thumbnailUrl\":\"https:\/\/julesverne.com.tr\/wp-content\/uploads\/2020\/06\/phaselis_kemer_shutterstock_1930918238.jpg\",\"keywords\":[\"\u0130lham Veren Destinasyonlar\",\"Nereye Gitsek\",\"T\u00fcrkiye\"],\"articleSection\":[\"\u0130lham Veren Destinasyonlar\",\"Blog\",\"Nereye Gitsek?\"],\"inLanguage\":\"en-US\"},{\"@type\":\"WebPage\",\"@id\":\"https:\/\/julesverne.com.tr\/travel-blog\/burasi-cennet-dedirten-turkiyenin-en-guzel-koylari\/\",\"url\":\"https:\/\/julesverne.com.tr\/travel-blog\/burasi-cennet-dedirten-turkiyenin-en-guzel-koylari\/\",\"name\":\"\u201cBuras\u0131 Cennet\u201d Dedirten T\u00fcrkiye\u2019nin En G\u00fczel Koylar\u0131 - JULES VERNE BUSINESS MICE TRAVEL\",\"isPartOf\":{\"@id\":\"https:\/\/julesverne.com.tr\/#website\"},\"primaryImageOfPage\":{\"@id\":\"https:\/\/julesverne.com.tr\/travel-blog\/burasi-cennet-dedirten-turkiyenin-en-guzel-koylari\/#primaryimage\"},\"image\":{\"@id\":\"https:\/\/julesverne.com.tr\/travel-blog\/burasi-cennet-dedirten-turkiyenin-en-guzel-koylari\/#primaryimage\"},\"thumbnailUrl\":\"https:\/\/julesverne.com.tr\/wp-content\/uploads\/2020\/06\/phaselis_kemer_shutterstock_1930918238.jpg\",\"datePublished\":\"2021-07-10T07:57:23+00:00\",\"dateModified\":\"2021-07-16T07:02:04+00:00\",\"description\":\"\u0130spanya ve Yunanistan'\u0131n ard\u0131ndan d\u00fcnyan\u0131n en \u00e7ok Mavi Bayrakl\u0131 3\u2019\u00fcnc\u00fc \u00fclkesi olan T\u00fcrkiye'nin en g\u00fczel koylar\u0131! Yaz ba\u015flarken, yaz aylar\u0131n\u0131 a\u011f\u0131rl\u0131kl\u0131 olarak \u00fclkemizin de\u011ferli k\u00f6\u015felerini ke\u015ffederek ge\u00e7irece\u011fimizi g\u00f6z \u00f6n\u00fcnde bulundurarak bug\u00fcne kadar bildi\u011fimiz ama ziyaret etmedi\u011fimiz veya daha \u00f6nce ad\u0131n\u0131 duymad\u0131\u011f\u0131m\u0131z az bilinen koylar\u0131 yazd\u0131k.\u00a0 \u201cBuras\u0131 cennet\u201d dedirten T\u00fcrkiye\u2019nin en g\u00fczel koylar\u0131...\",\"breadcrumb\":{\"@id\":\"https:\/\/julesverne.com.tr\/travel-blog\/burasi-cennet-dedirten-turkiyenin-en-guzel-koylari\/#breadcrumb\"},\"inLanguage\":\"en-US\",\"potentialAction\":[{\"@type\":\"ReadAction\",\"target\":[\"https:\/\/julesverne.com.tr\/travel-blog\/burasi-cennet-dedirten-turkiyenin-en-guzel-koylari\/\"]}]},{\"@type\":\"ImageObject\",\"inLanguage\":\"en-US\",\"@id\":\"https:\/\/julesverne.com.tr\/travel-blog\/burasi-cennet-dedirten-turkiyenin-en-guzel-koylari\/#primaryimage\",\"url\":\"https:\/\/julesverne.com.tr\/wp-content\/uploads\/2020\/06\/phaselis_kemer_shutterstock_1930918238.jpg\",\"contentUrl\":\"https:\/\/julesverne.com.tr\/wp-content\/uploads\/2020\/06\/phaselis_kemer_shutterstock_1930918238.jpg\",\"width\":1000,\"height\":667},{\"@type\":\"BreadcrumbList\",\"@id\":\"https:\/\/julesverne.com.tr\/travel-blog\/burasi-cennet-dedirten-turkiyenin-en-guzel-koylari\/#breadcrumb\",\"itemListElement\":[{\"@type\":\"ListItem\",\"position\":1,\"name\":\"Anasayfa\",\"item\":\"https:\/\/julesverne.com.tr\/\"},{\"@type\":\"ListItem\",\"position\":2,\"name\":\"\u201cBuras\u0131 Cennet\u201d Dedirten T\u00fcrkiye\u2019nin En G\u00fczel Koylar\u0131\"}]},{\"@type\":\"WebSite\",\"@id\":\"https:\/\/julesverne.com.tr\/#website\",\"url\":\"https:\/\/julesverne.com.tr\/\",\"name\":\"JULES VERNE BUSINESS MICE TRAVEL\",\"description\":\"\",\"publisher\":{\"@id\":\"https:\/\/julesverne.com.tr\/#organization\"},\"potentialAction\":[{\"@type\":\"SearchAction\",\"target\":{\"@type\":\"EntryPoint\",\"urlTemplate\":\"https:\/\/julesverne.com.tr\/?s={search_term_string}\"},\"query-input\":\"required name=search_term_string\"}],\"inLanguage\":\"en-US\"},{\"@type\":\"Organization\",\"@id\":\"https:\/\/julesverne.com.tr\/#organization\",\"name\":\"JULES VERNE BUSINESS MICE TRAVEL\",\"url\":\"https:\/\/julesverne.com.tr\/\",\"logo\":{\"@type\":\"ImageObject\",\"inLanguage\":\"en-US\",\"@id\":\"https:\/\/julesverne.com.tr\/#\/schema\/logo\/image\/\",\"url\":\"https:\/\/julesverne.com.tr\/wp-content\/uploads\/2020\/09\/jv-bmt-logo.png\",\"contentUrl\":\"https:\/\/julesverne.com.tr\/wp-content\/uploads\/2020\/09\/jv-bmt-logo.png\",\"width\":110,\"height\":81,\"caption\":\"JULES VERNE BUSINESS MICE TRAVEL\"},\"image\":{\"@id\":\"https:\/\/julesverne.com.tr\/#\/schema\/logo\/image\/\"},\"sameAs\":[\"https:\/\/www.facebook.com\/JulesVerneBusinessMiceTravel\/\",\"https:\/\/twitter.com\/JV_BusinessMice\",\"https:\/\/www.instagram.com\/julesvernebusinessmicetravel\/\",\"https:\/\/www.linkedin.com\/company\/julesvernebusinessmicetravel\/\",\"https:\/\/www.youtube.com\/channel\/UCAwdsmbZ6tFhu1tea6pkpiw\"]},{\"@type\":\"Person\",\"@id\":\"https:\/\/julesverne.com.tr\/#\/schema\/person\/f4eb0514ae455538644c31b99a466fdb\",\"name\":\"fikirman\",\"sameAs\":[\"http:\/\/advermedya.net\/julesverne\"],\"url\":\"https:\/\/julesverne.com.tr\/en\/author\/fikirman\/\"}]}<\/script>\n<!-- \/ Yoast SEO plugin. -->","yoast_head_json":{"title":"\u201cBuras\u0131 Cennet\u201d Dedirten T\u00fcrkiye\u2019nin En G\u00fczel Koylar\u0131 - JULES VERNE BUSINESS MICE TRAVEL","description":"\u0130spanya ve Yunanistan'\u0131n ard\u0131ndan d\u00fcnyan\u0131n en \u00e7ok Mavi Bayrakl\u0131 3\u2019\u00fcnc\u00fc \u00fclkesi olan T\u00fcrkiye'nin en g\u00fczel koylar\u0131! Yaz ba\u015flarken, yaz aylar\u0131n\u0131 a\u011f\u0131rl\u0131kl\u0131 olarak \u00fclkemizin de\u011ferli k\u00f6\u015felerini ke\u015ffederek ge\u00e7irece\u011fimizi g\u00f6z \u00f6n\u00fcnde bulundurarak bug\u00fcne kadar bildi\u011fimiz ama ziyaret etmedi\u011fimiz veya daha \u00f6nce ad\u0131n\u0131 duymad\u0131\u011f\u0131m\u0131z az bilinen koylar\u0131 yazd\u0131k.\u00a0 \u201cBuras\u0131 cennet\u201d dedirten T\u00fcrkiye\u2019nin en g\u00fczel koylar\u0131...","robots":{"index":"index","follow":"follow","max-snippet":"max-snippet:-1","max-image-preview":"max-image-preview:large","max-video-preview":"max-video-preview:-1"},"canonical":"https:\/\/julesverne.com.tr\/travel-blog\/burasi-cennet-dedirten-turkiyenin-en-guzel-koylari\/","og_locale":"en_US","og_type":"article","og_title":"\u201cBuras\u0131 Cennet\u201d Dedirten T\u00fcrkiye\u2019nin En G\u00fczel Koylar\u0131 - JULES VERNE BUSINESS MICE TRAVEL","og_description":"\u0130spanya ve Yunanistan'\u0131n ard\u0131ndan d\u00fcnyan\u0131n en \u00e7ok Mavi Bayrakl\u0131 3\u2019\u00fcnc\u00fc \u00fclkesi olan T\u00fcrkiye'nin en g\u00fczel koylar\u0131! Yaz ba\u015flarken, yaz aylar\u0131n\u0131 a\u011f\u0131rl\u0131kl\u0131 olarak \u00fclkemizin de\u011ferli k\u00f6\u015felerini ke\u015ffederek ge\u00e7irece\u011fimizi g\u00f6z \u00f6n\u00fcnde bulundurarak bug\u00fcne kadar bildi\u011fimiz ama ziyaret etmedi\u011fimiz veya daha \u00f6nce ad\u0131n\u0131 duymad\u0131\u011f\u0131m\u0131z az bilinen koylar\u0131 yazd\u0131k.\u00a0 \u201cBuras\u0131 cennet\u201d dedirten T\u00fcrkiye\u2019nin en g\u00fczel koylar\u0131...","og_url":"https:\/\/julesverne.com.tr\/travel-blog\/burasi-cennet-dedirten-turkiyenin-en-guzel-koylari\/","og_site_name":"JULES VERNE BUSINESS MICE TRAVEL","article_publisher":"https:\/\/www.facebook.com\/JulesVerneBusinessMiceTravel\/","article_published_time":"2021-07-10T07:57:23+00:00","article_modified_time":"2021-07-16T07:02:04+00:00","og_image":[{"width":1000,"height":667,"url":"https:\/\/julesverne.com.tr\/wp-content\/uploads\/2020\/06\/phaselis_kemer_shutterstock_1930918238.jpg","type":"image\/jpeg"}],"author":"fikirman","twitter_card":"summary_large_image","twitter_creator":"@JV_BusinessMice","twitter_site":"@JV_BusinessMice","twitter_misc":{"Written by":"fikirman","Est. reading time":"5 minutes"},"schema":{"@context":"https:\/\/schema.org","@graph":[{"@type":"Article","@id":"https:\/\/julesverne.com.tr\/travel-blog\/burasi-cennet-dedirten-turkiyenin-en-guzel-koylari\/#article","isPartOf":{"@id":"https:\/\/julesverne.com.tr\/travel-blog\/burasi-cennet-dedirten-turkiyenin-en-guzel-koylari\/"},"author":{"name":"fikirman","@id":"https:\/\/julesverne.com.tr\/#\/schema\/person\/f4eb0514ae455538644c31b99a466fdb"},"headline":"\u201cBuras\u0131 Cennet\u201d Dedirten T\u00fcrkiye\u2019nin En G\u00fczel Koylar\u0131","datePublished":"2021-07-10T07:57:23+00:00","dateModified":"2021-07-16T07:02:04+00:00","mainEntityOfPage":{"@id":"https:\/\/julesverne.com.tr\/travel-blog\/burasi-cennet-dedirten-turkiyenin-en-guzel-koylari\/"},"wordCount":797,"publisher":{"@id":"https:\/\/julesverne.com.tr\/#organization"},"image":{"@id":"https:\/\/julesverne.com.tr\/travel-blog\/burasi-cennet-dedirten-turkiyenin-en-guzel-koylari\/#primaryimage"},"thumbnailUrl":"https:\/\/julesverne.com.tr\/wp-content\/uploads\/2020\/06\/phaselis_kemer_shutterstock_1930918238.jpg","keywords":["\u0130lham Veren Destinasyonlar","Nereye Gitsek","T\u00fcrkiye"],"articleSection":["\u0130lham Veren Destinasyonlar","Blog","Nereye Gitsek?"],"inLanguage":"en-US"},{"@type":"WebPage","@id":"https:\/\/julesverne.com.tr\/travel-blog\/burasi-cennet-dedirten-turkiyenin-en-guzel-koylari\/","url":"https:\/\/julesverne.com.tr\/travel-blog\/burasi-cennet-dedirten-turkiyenin-en-guzel-koylari\/","name":"\u201cBuras\u0131 Cennet\u201d Dedirten T\u00fcrkiye\u2019nin En G\u00fczel Koylar\u0131 - JULES VERNE BUSINESS MICE TRAVEL","isPartOf":{"@id":"https:\/\/julesverne.com.tr\/#website"},"primaryImageOfPage":{"@id":"https:\/\/julesverne.com.tr\/travel-blog\/burasi-cennet-dedirten-turkiyenin-en-guzel-koylari\/#primaryimage"},"image":{"@id":"https:\/\/julesverne.com.tr\/travel-blog\/burasi-cennet-dedirten-turkiyenin-en-guzel-koylari\/#primaryimage"},"thumbnailUrl":"https:\/\/julesverne.com.tr\/wp-content\/uploads\/2020\/06\/phaselis_kemer_shutterstock_1930918238.jpg","datePublished":"2021-07-10T07:57:23+00:00","dateModified":"2021-07-16T07:02:04+00:00","description":"\u0130spanya ve Yunanistan'\u0131n ard\u0131ndan d\u00fcnyan\u0131n en \u00e7ok Mavi Bayrakl\u0131 3\u2019\u00fcnc\u00fc \u00fclkesi olan T\u00fcrkiye'nin en g\u00fczel koylar\u0131! Yaz ba\u015flarken, yaz aylar\u0131n\u0131 a\u011f\u0131rl\u0131kl\u0131 olarak \u00fclkemizin de\u011ferli k\u00f6\u015felerini ke\u015ffederek ge\u00e7irece\u011fimizi g\u00f6z \u00f6n\u00fcnde bulundurarak bug\u00fcne kadar bildi\u011fimiz ama ziyaret etmedi\u011fimiz veya daha \u00f6nce ad\u0131n\u0131 duymad\u0131\u011f\u0131m\u0131z az bilinen koylar\u0131 yazd\u0131k.\u00a0 \u201cBuras\u0131 cennet\u201d dedirten T\u00fcrkiye\u2019nin en g\u00fczel koylar\u0131...","breadcrumb":{"@id":"https:\/\/julesverne.com.tr\/travel-blog\/burasi-cennet-dedirten-turkiyenin-en-guzel-koylari\/#breadcrumb"},"inLanguage":"en-US","potentialAction":[{"@type":"ReadAction","target":["https:\/\/julesverne.com.tr\/travel-blog\/burasi-cennet-dedirten-turkiyenin-en-guzel-koylari\/"]}]},{"@type":"ImageObject","inLanguage":"en-US","@id":"https:\/\/julesverne.com.tr\/travel-blog\/burasi-cennet-dedirten-turkiyenin-en-guzel-koylari\/#primaryimage","url":"https:\/\/julesverne.com.tr\/wp-content\/uploads\/2020\/06\/phaselis_kemer_shutterstock_1930918238.jpg","contentUrl":"https:\/\/julesverne.com.tr\/wp-content\/uploads\/2020\/06\/phaselis_kemer_shutterstock_1930918238.jpg","width":1000,"height":667},{"@type":"BreadcrumbList","@id":"https:\/\/julesverne.com.tr\/travel-blog\/burasi-cennet-dedirten-turkiyenin-en-guzel-koylari\/#breadcrumb","itemListElement":[{"@type":"ListItem","position":1,"name":"Anasayfa","item":"https:\/\/julesverne.com.tr\/"},{"@type":"ListItem","position":2,"name":"\u201cBuras\u0131 Cennet\u201d Dedirten T\u00fcrkiye\u2019nin En G\u00fczel Koylar\u0131"}]},{"@type":"WebSite","@id":"https:\/\/julesverne.com.tr\/#website","url":"https:\/\/julesverne.com.tr\/","name":"JULES VERNE BUSINESS MICE TRAVEL","description":"","publisher":{"@id":"https:\/\/julesverne.com.tr\/#organization"},"potentialAction":[{"@type":"SearchAction","target":{"@type":"EntryPoint","urlTemplate":"https:\/\/julesverne.com.tr\/?s={search_term_string}"},"query-input":"required name=search_term_string"}],"inLanguage":"en-US"},{"@type":"Organization","@id":"https:\/\/julesverne.com.tr\/#organization","name":"JULES VERNE BUSINESS MICE TRAVEL","url":"https:\/\/julesverne.com.tr\/","logo":{"@type":"ImageObject","inLanguage":"en-US","@id":"https:\/\/julesverne.com.tr\/#\/schema\/logo\/image\/","url":"https:\/\/julesverne.com.tr\/wp-content\/uploads\/2020\/09\/jv-bmt-logo.png","contentUrl":"https:\/\/julesverne.com.tr\/wp-content\/uploads\/2020\/09\/jv-bmt-logo.png","width":110,"height":81,"caption":"JULES VERNE BUSINESS MICE TRAVEL"},"image":{"@id":"https:\/\/julesverne.com.tr\/#\/schema\/logo\/image\/"},"sameAs":["https:\/\/www.facebook.com\/JulesVerneBusinessMiceTravel\/","https:\/\/twitter.com\/JV_BusinessMice","https:\/\/www.instagram.com\/julesvernebusinessmicetravel\/","https:\/\/www.linkedin.com\/company\/julesvernebusinessmicetravel\/","https:\/\/www.youtube.com\/channel\/UCAwdsmbZ6tFhu1tea6pkpiw"]},{"@type":"Person","@id":"https:\/\/julesverne.com.tr\/#\/schema\/person\/f4eb0514ae455538644c31b99a466fdb","name":"fikirman","sameAs":["http:\/\/advermedya.net\/julesverne"],"url":"https:\/\/julesverne.com.tr\/en\/author\/fikirman\/"}]}},"_links":{"self":[{"href":"https:\/\/julesverne.com.tr\/en\/wp-json\/wp\/v2\/posts\/2310"}],"collection":[{"href":"https:\/\/julesverne.com.tr\/en\/wp-json\/wp\/v2\/posts"}],"about":[{"href":"https:\/\/julesverne.com.tr\/en\/wp-json\/wp\/v2\/types\/post"}],"author":[{"embeddable":true,"href":"https:\/\/julesverne.com.tr\/en\/wp-json\/wp\/v2\/users\/1"}],"replies":[{"embeddable":true,"href":"https:\/\/julesverne.com.tr\/en\/wp-json\/wp\/v2\/comments?post=2310"}],"version-history":[{"count":0,"href":"https:\/\/julesverne.com.tr\/en\/wp-json\/wp\/v2\/posts\/2310\/revisions"}],"wp:featuredmedia":[{"embeddable":true,"href":"https:\/\/julesverne.com.tr\/en\/wp-json\/wp\/v2\/media\/8599"}],"wp:attachment":[{"href":"https:\/\/julesverne.com.tr\/en\/wp-json\/wp\/v2\/media?parent=2310"}],"wp:term":[{"taxonomy":"category","embeddable":true,"href":"https:\/\/julesverne.com.tr\/en\/wp-json\/wp\/v2\/categories?post=2310"},{"taxonomy":"post_tag","embeddable":true,"href":"https:\/\/julesverne.com.tr\/en\/wp-json\/wp\/v2\/tags?post=2310"}],"curies":[{"name":"wp","href":"https:\/\/api.w.org\/{rel}","templated":true}]}}