{"id":2286,"date":"2021-07-11T10:29:01","date_gmt":"2021-07-11T07:29:01","guid":{"rendered":"https:\/\/www.julesverne.com.tr\/\/blog\/turkiyenin-gozde-karavan-rotalari\/"},"modified":"2021-07-13T08:40:27","modified_gmt":"2021-07-13T05:40:27","slug":"turkiyenin-gozde-karavan-rotalari","status":"publish","type":"post","link":"https:\/\/julesverne.com.tr\/en\/travel-blog\/turkiyenin-gozde-karavan-rotalari\/","title":{"rendered":"T\u00fcrkiye\u2019nin En Keyifli Karavan Rotalar\u0131"},"content":{"rendered":"<p style=\"text-align: center;\"><img loading=\"lazy\" decoding=\"async\" class=\"alignnone wp-image-2810\" src=\"https:\/\/www.julesverne.com.tr\/\/wp-content\/uploads\/2020\/09\/shutterstock_650574982.jpg\" alt=\"\" width=\"1200\" height=\"800\" srcset=\"https:\/\/julesverne.com.tr\/wp-content\/uploads\/2020\/09\/shutterstock_650574982.jpg 999w, https:\/\/julesverne.com.tr\/wp-content\/uploads\/2020\/09\/shutterstock_650574982-500x333.jpg 500w, https:\/\/julesverne.com.tr\/wp-content\/uploads\/2020\/09\/shutterstock_650574982-768x512.jpg 768w\" sizes=\"(max-width: 1200px) 100vw, 1200px\" \/><\/p>\n<p>Hayallerini, arzular\u0131n\u0131 de\u011fi\u015fen \u015fartlara g\u00f6re uyumlamak belki de insano\u011flunun en b\u00fcy\u00fck ve g\u00fc\u00e7l\u00fc \u00f6zelliklerinden&#8230; D\u00fcnyay\u0131 etkisi alt\u0131na alan Koronavir\u00fcs (COVID-19) salg\u0131n\u0131 ile birlikte seyahat al\u0131\u015fkanl\u0131klar\u0131m\u0131z de\u011fi\u015firken bu s\u00fcre\u00e7 yeni seyahat trendleri listesini olu\u015fturmaya ba\u015flad\u0131 bile. Do\u011fa tatilleri y\u00fckseli\u015fe ge\u00e7erken karavan ile seyahat etmek isteyenlerin say\u0131s\u0131 da giderek art\u0131yor.<\/p>\n<p>&#8220;Kendi eviniz yan\u0131n\u0131zdayken&#8221; seyahat etmenin g\u00fcven ve konforu ile karavan rotalar\u0131 \u015fimdi \u00e7ok daha cezbedici. Kendi karavan\u0131n\u0131z\u0131 diledi\u011finiz gibi dekore etme \u00f6zg\u00fcrl\u00fc\u011f\u00fcn\u00fcz varken l\u00fcks karavan tatilleri ile g\u00fcne\u015fin do\u011fu\u015funa, ku\u015flar\u0131n melodisine \u015fahit olmaya ne dersiniz? Karavanla tatil yapanlar \u00f6n\u00fcm\u00fczdeki y\u0131llarda seyahat trendlerinin belirleyicisi olacak. T\u00fcrkiye\u2019nin en keyifli karavan rotalar\u0131n\u0131 sizler i\u00e7in haz\u0131rlad\u0131k:<\/p>\n<h2><strong>G\u00f6k\u00e7etepe Tabiat Park\u0131, Ke\u015fan<\/strong><\/h2>\n<p style=\"text-align: center;\"><strong><img loading=\"lazy\" decoding=\"async\" class=\"alignnone wp-image-2811\" src=\"https:\/\/www.julesverne.com.tr\/\/wp-content\/uploads\/2020\/09\/gokcetepe.jpeg\" alt=\"\" width=\"1200\" height=\"868\" srcset=\"https:\/\/julesverne.com.tr\/wp-content\/uploads\/2020\/09\/gokcetepe.jpeg 1000w, https:\/\/julesverne.com.tr\/wp-content\/uploads\/2020\/09\/gokcetepe-500x362.jpeg 500w, https:\/\/julesverne.com.tr\/wp-content\/uploads\/2020\/09\/gokcetepe-768x555.jpeg 768w\" sizes=\"(max-width: 1200px) 100vw, 1200px\" \/><\/strong><\/p>\n<p>Ke\u015fan s\u0131n\u0131rlar\u0131 i\u00e7erisinde yer alan G\u00f6k\u00e7etepe Tabiat Park\u0131 mavi ve ye\u015filin her tonunu g\u00f6r\u00fcp, sadece do\u011fan\u0131n sesleriyle dinlenebilece\u011finiz bir karavan tatili rotas\u0131. D\u00fcnyada kendi kendini temizleyebilen say\u0131l\u0131 k\u00f6rfezlerden biri olan Saros K\u00f6rfezi&#8217;ndeki G\u00f6k\u00e7etepe Park\u0131&#8217;nda y\u00fcr\u00fcy\u00fc\u015fler yapabilir, dilerseniz 15 dakika uzakl\u0131ktaki \u0130brice Liman\u0131&#8217;na giderek dal\u0131\u015f yap\u0131p, su alt\u0131 ya\u015fam\u0131n\u0131 deneyimleyebilirsiniz.<\/p>\n<h2><strong>\u00c7aml\u0131k\u00f6y Tabiat Park\u0131, Tekirda\u011f<\/strong><\/h2>\n<p style=\"text-align: center;\"><strong><img loading=\"lazy\" decoding=\"async\" class=\"alignnone wp-image-2812\" src=\"https:\/\/www.julesverne.com.tr\/\/wp-content\/uploads\/2020\/09\/camlikoy.jpg\" alt=\"\" width=\"1200\" height=\"1278\" srcset=\"https:\/\/julesverne.com.tr\/wp-content\/uploads\/2020\/09\/camlikoy.jpg 740w, https:\/\/julesverne.com.tr\/wp-content\/uploads\/2020\/09\/camlikoy-470x500.jpg 470w\" sizes=\"(max-width: 1200px) 100vw, 1200px\" \/><\/strong><\/p>\n<p>Bah\u00e7ek\u00f6y deresinin Karadeniz&#8217;e d\u00f6k\u00fcld\u00fc\u011f\u00fc bir noktada, Karadeniz k\u0131y\u0131s\u0131nda yer alan Kastro tam ad\u0131yla \u00c7aml\u0131k\u00f6y Tabiat Park\u0131 kara\u00e7am ormanlar\u0131 ile kapl\u0131. Dere k\u0131y\u0131s\u0131nda veya ormanl\u0131k alanda kamp yapma \u015fans\u0131 tan\u0131yan tabiat park\u0131 sezonda biraz kalabal\u0131k olabiliyor.<\/p>\n<h2><strong>Poyrazlar G\u00f6l\u00fc Tabiat Park\u0131, Adapazar\u0131<\/strong><\/h2>\n<p style=\"text-align: center;\"><strong><img loading=\"lazy\" decoding=\"async\" class=\"alignnone wp-image-2813\" src=\"https:\/\/www.julesverne.com.tr\/\/wp-content\/uploads\/2020\/09\/poyrazlar.jpg\" alt=\"\" width=\"1200\" height=\"798\" srcset=\"https:\/\/julesverne.com.tr\/wp-content\/uploads\/2020\/09\/poyrazlar.jpg 740w, https:\/\/julesverne.com.tr\/wp-content\/uploads\/2020\/09\/poyrazlar-500x332.jpg 500w\" sizes=\"(max-width: 1200px) 100vw, 1200px\" \/><\/strong><\/p>\n<p>Adapazar\u0131&#8217;nda yer alan Poyrazlar G\u00f6l\u00fc Tabiat Park\u0131 zenginle\u015ftirilen ormanl\u0131k alan\u0131, g\u00f6l manzaras\u0131, kara ve su ku\u015flar\u0131n\u0131n ya\u015fam alan\u0131 olmas\u0131yla do\u011fayla hi\u00e7bir filtre olmadan i\u00e7 i\u00e7e olaca\u011f\u0131n\u0131z yerlerden. Yemye\u015fil do\u011fas\u0131nda birka\u00e7 g\u00fcnl\u00fck dinlenme bile yenilenme hissi veriyor.<\/p>\n<h2><strong>Yedig\u00f6ller Milli Park\u0131, Bolu<\/strong><\/h2>\n<p style=\"text-align: center;\"><strong><img loading=\"lazy\" decoding=\"async\" class=\"alignnone wp-image-2814\" src=\"https:\/\/www.julesverne.com.tr\/\/wp-content\/uploads\/2020\/09\/yedigoller-1.jpg\" alt=\"\" width=\"1200\" height=\"800\" srcset=\"https:\/\/julesverne.com.tr\/wp-content\/uploads\/2020\/09\/yedigoller-1.jpg 999w, https:\/\/julesverne.com.tr\/wp-content\/uploads\/2020\/09\/yedigoller-1-500x333.jpg 500w, https:\/\/julesverne.com.tr\/wp-content\/uploads\/2020\/09\/yedigoller-1-768x512.jpg 768w\" sizes=\"(max-width: 1200px) 100vw, 1200px\" \/><\/strong><\/p>\n<p>Yedig\u00f6ller Milli Park\u0131 d\u00f6rt mevsim insana ba\u015fka bir manzara sunuyor. Do\u011fa tutkunlar\u0131n\u0131n y\u0131l\u0131n 365 g\u00fcn\u00fc gitmekten asla vazge\u00e7medi\u011fi milli park i\u00e7erisinde kamp i\u00e7in belli bir alan ayr\u0131lm\u0131\u015f. Dering\u00f6l ve B\u00fcy\u00fckg\u00f6l aras\u0131ndaki geni\u015f alan i\u00e7erisinde kamp kurabilirsiniz. B\u00fcy\u00fckg\u00f6l taraf\u0131 manzaralar\u0131 ile kamp i\u00e7in olduk\u00e7a cazip.<\/p>\n<h2><strong>P\u00fcrenli Yaylas\u0131, Bolu<\/strong><\/h2>\n<p style=\"text-align: center;\"><strong><img loading=\"lazy\" decoding=\"async\" class=\"alignnone size-full wp-image-2815\" src=\"https:\/\/www.julesverne.com.tr\/\/wp-content\/uploads\/2020\/09\/purenliyaylasi.jpg\" alt=\"\" width=\"1200\" height=\"797\" srcset=\"https:\/\/julesverne.com.tr\/wp-content\/uploads\/2020\/09\/purenliyaylasi.jpg 1200w, https:\/\/julesverne.com.tr\/wp-content\/uploads\/2020\/09\/purenliyaylasi-500x332.jpg 500w, https:\/\/julesverne.com.tr\/wp-content\/uploads\/2020\/09\/purenliyaylasi-768x510.jpg 768w\" sizes=\"(max-width: 1200px) 100vw, 1200px\" \/><\/strong><\/p>\n<p>Tam anlam\u0131yla kendinizi do\u011faya teslim etmek istiyorsan\u0131z P\u00fcrenli Yaylas\u0131 bunun i\u00e7in var olmu\u015f sanki. Bir tesisle\u015fmeden olmad\u0131\u011f\u0131, telefonun bile \u00e7ok k\u0131s\u0131tl\u0131 \u00e7ekti\u011fi P\u00fcrenli Yaylas\u0131 do\u011fas\u0131 ve manzaras\u0131yla yenilenmek i\u00e7in harika. Karavan\u0131n\u0131zla tam donan\u0131ml\u0131 bir \u015fekilde geldi\u011finizde burada ge\u00e7irece\u011finiz birka\u00e7 g\u00fcn size 10 g\u00fcnl\u00fck tatil hissi yaratacak.<\/p>\n<h2><strong>Karag\u00f6l Tabiat Park\u0131,\u00a0 Bolu<\/strong><\/h2>\n<p style=\"text-align: center;\"><strong><img loading=\"lazy\" decoding=\"async\" class=\"alignnone size-full wp-image-2816\" src=\"https:\/\/www.julesverne.com.tr\/\/wp-content\/uploads\/2020\/09\/bolukaragol.jpg\" alt=\"\" width=\"1280\" height=\"960\" srcset=\"https:\/\/julesverne.com.tr\/wp-content\/uploads\/2020\/09\/bolukaragol.jpg 1280w, https:\/\/julesverne.com.tr\/wp-content\/uploads\/2020\/09\/bolukaragol-500x375.jpg 500w, https:\/\/julesverne.com.tr\/wp-content\/uploads\/2020\/09\/bolukaragol-768x576.jpg 768w\" sizes=\"(max-width: 1280px) 100vw, 1280px\" \/><\/strong><\/p>\n<p>K\u0131br\u0131s\u00e7\u0131k K\u00f6y\u00fc\u2019nde yer alan Karag\u00f6l, Bolu\u2019nun do\u011fal g\u00fczelliklerinden biri daha. \u00d6zellikle sonbahar sonu, k\u0131\u015f sezonunda veya bahar\u0131n ilk g\u00fcnlerinde geldi\u011finizde daha bakir ve sakin bir kamp alan\u0131 ile kar\u015f\u0131la\u015fabilirsiniz. G\u00f6l ve orman manzaras\u0131 i\u00e7erisinde ku\u015flar\u0131n sesini dinlemek size de iyi gelecek!<\/p>\n<h2><strong>Bor\u00e7ka Karag\u00f6l, Artvin<\/strong><\/h2>\n<p style=\"text-align: center;\"><strong><img loading=\"lazy\" decoding=\"async\" class=\"alignnone wp-image-2817\" src=\"https:\/\/www.julesverne.com.tr\/\/wp-content\/uploads\/2020\/09\/borckakaragol.jpg\" alt=\"\" width=\"1200\" height=\"800\" srcset=\"https:\/\/julesverne.com.tr\/wp-content\/uploads\/2020\/09\/borckakaragol.jpg 999w, https:\/\/julesverne.com.tr\/wp-content\/uploads\/2020\/09\/borckakaragol-500x333.jpg 500w, https:\/\/julesverne.com.tr\/wp-content\/uploads\/2020\/09\/borckakaragol-768x512.jpg 768w\" sizes=\"(max-width: 1200px) 100vw, 1200px\" \/><\/strong><\/p>\n<p>Karadeniz&#8217;in en do\u011fusunda, Artvin&#8217;de yer alan Bor\u00e7ka Karag\u00f6l Tabiat Park\u0131, yery\u00fcz\u00fcn\u00fcn iltimas ge\u00e7ilen yerlerinden biri. Engebeli arazisi ve zorlu co\u011frafyas\u0131na ra\u011fmen zengin faunas\u0131 ve endemik bitki t\u00fcrleri ile tabiat\u0131n en k\u0131ymetli k\u00f6\u015felerinden biri olan Bor\u00e7ka Karag\u00f6l&#8217;de birka\u00e7 gece konaklayarak bu e\u015fsiz do\u011fan\u0131n tad\u0131n\u0131 \u00e7\u0131karabilirsiniz. G\u00f6l kenar\u0131nda kamp yap\u0131lmas\u0131na izin verilmiyor. G\u00f6l \u00e7evresindeki a\u011fa\u00e7l\u0131k alanlarda kamp yapabilirsiniz.<\/p>\n<h2><strong>\u015eav\u015fat Karag\u00f6l, Artvin<\/strong><\/h2>\n<p style=\"text-align: center;\"><img loading=\"lazy\" decoding=\"async\" class=\"alignnone wp-image-9720\" src=\"https:\/\/julesverne.com.tr\/wp-content\/uploads\/2020\/04\/savsat_karagol_shutterstock_1353394415-1-500x334.jpg\" alt=\"\" width=\"1200\" height=\"800\" srcset=\"https:\/\/julesverne.com.tr\/wp-content\/uploads\/2020\/04\/savsat_karagol_shutterstock_1353394415-1-500x334.jpg 500w, https:\/\/julesverne.com.tr\/wp-content\/uploads\/2020\/04\/savsat_karagol_shutterstock_1353394415-1-768x512.jpg 768w, https:\/\/julesverne.com.tr\/wp-content\/uploads\/2020\/04\/savsat_karagol_shutterstock_1353394415-1.jpg 1000w\" sizes=\"(max-width: 1200px) 100vw, 1200px\" \/><\/p>\n<p>Ula\u015f\u0131m\u0131 biraz zorlu olsa da bunca zaman sakl\u0131 kalmas\u0131n\u0131n g\u00fczelli\u011fini buna bor\u00e7lu \u015eav\u015fat Karag\u00f6l. Cittaslow \u015fehirler listesinde yer alan \u015eav\u015fat&#8217;\u0131n cenneti Karag\u00f6l bir do\u011fa m\u00fczesi gibi. Her a\u011fac\u0131n g\u00f6vdesini, dallardaki her yapra\u011f\u0131 tek tek inceleme hissi uyand\u0131ran tabiat mucizesi kamp yapma imkan\u0131 ile do\u011fa severlere bir l\u00fctufta bulunuyor. G\u00f6l\u00fc sarmalayan a\u011fa\u00e7lar\u0131n sudaki yans\u0131malar\u0131 bir tablodan farks\u0131z. Tesisle\u015fen kamp alan\u0131 i\u015fletme olarak da daha organize.<\/p>\n<h2><strong>Dilek Yar\u0131madas\u0131 B\u00fcy\u00fck Menderes Deltas\u0131 Milli Park\u0131, Ku\u015fadas\u0131<\/strong><\/h2>\n<p style=\"text-align: center;\"><strong><img loading=\"lazy\" decoding=\"async\" class=\"alignnone wp-image-2819\" src=\"https:\/\/www.julesverne.com.tr\/\/wp-content\/uploads\/2020\/09\/dilekyarimadasi.jpg\" alt=\"\" width=\"1200\" height=\"796\" srcset=\"https:\/\/julesverne.com.tr\/wp-content\/uploads\/2020\/09\/dilekyarimadasi.jpg 999w, https:\/\/julesverne.com.tr\/wp-content\/uploads\/2020\/09\/dilekyarimadasi-500x332.jpg 500w, https:\/\/julesverne.com.tr\/wp-content\/uploads\/2020\/09\/dilekyarimadasi-768x510.jpg 768w\" sizes=\"(max-width: 1200px) 100vw, 1200px\" \/><\/strong><\/p>\n<p>Avrupa Konseyi taraf\u0131ndan\u00a0 &#8220;Flora Biogenetik Rezerv Alan\u0131&#8221; kabul edilen ve koruma alt\u0131nda olan Dilek Yar\u0131madas\u0131 B\u00fcy\u00fck Menderes Deltas\u0131 Milli Park\u0131 T\u00fcrkiye&#8217;nin mutlaka g\u00f6r\u00fclmesi gereken karavan rotalar\u0131 aras\u0131nda.\u00a0 Biyo \u00e7e\u015fitlili\u011fi, endemik t\u00fcrlerin varl\u0131\u011f\u0131 ile do\u011fal bir kamp alan\u0131ndan \u00e7ok daha fazlas\u0131. Temiz ve do\u011fal k\u0131y\u0131lar\u0131 ile sahip oldu\u011fu plajlar\u0131, ma\u011faras\u0131, tarihi k\u00f6y\u00fc, trekking parkurlar\u0131 ile g\u00fcnlerce buradan ayr\u0131lmak istemeyeceksiniz.<\/p>\n<h2><strong>Karag\u00f6l Kamp Alan\u0131, \u0130zmir<\/strong><\/h2>\n<p style=\"text-align: center;\"><strong><img loading=\"lazy\" decoding=\"async\" class=\"alignnone wp-image-2820\" src=\"https:\/\/www.julesverne.com.tr\/\/wp-content\/uploads\/2020\/09\/izmirkaragol.jpg\" alt=\"\" width=\"1200\" height=\"765\" srcset=\"https:\/\/julesverne.com.tr\/wp-content\/uploads\/2020\/09\/izmirkaragol.jpg 720w, https:\/\/julesverne.com.tr\/wp-content\/uploads\/2020\/09\/izmirkaragol-500x319.jpg 500w\" sizes=\"(max-width: 1200px) 100vw, 1200px\" \/><\/strong><\/p>\n<p>Mitolojik bir hik\u00e2yesi bile olan Karag\u00f6l, \u0130zmir&#8217;den k\u0131sa bir araba yolculu\u011fu ile ula\u015fabilece\u011finiz bir cennet. Jeolojik hareketler sonucu olu\u015fan bu set g\u00f6l\u00fc k\u0131y\u0131s\u0131ndaki ormanl\u0131k alan olduk\u00e7a d\u00fczenli ve temiz. Yaz aylar\u0131nda, hafta sonu kalabal\u0131k olsa da di\u011fer mevsimlerde ve hafta i\u00e7i g\u00fcnlerde tam anlam\u0131yla dinginli\u011fi yakalayabilece\u011finiz kamp alan\u0131nda g\u00f6l\u00fc \u00e7evreleyen k\u00fc\u00e7\u00fck patikalarda y\u00fcr\u00fcyebilir, g\u00f6le do\u011fru e\u011filen a\u011fa\u00e7lar \u00e7evresinde gezinen ku\u011fular\u0131 seyre dalabilirsiniz. Kamp alan\u0131nda telefon \u00e7ekmiyor.<\/p>\n<h2><strong>Mona Glamping Caravan Suites, Seferihisar<\/strong><\/h2>\n<p style=\"text-align: center;\"><strong><img loading=\"lazy\" decoding=\"async\" class=\"alignnone wp-image-2821\" src=\"https:\/\/www.julesverne.com.tr\/\/wp-content\/uploads\/2020\/09\/monacamp.jpg\" alt=\"\" width=\"1200\" height=\"1198\" srcset=\"https:\/\/julesverne.com.tr\/wp-content\/uploads\/2020\/09\/monacamp.jpg 1075w, https:\/\/julesverne.com.tr\/wp-content\/uploads\/2020\/09\/monacamp-500x500.jpg 500w, https:\/\/julesverne.com.tr\/wp-content\/uploads\/2020\/09\/monacamp-768x767.jpg 768w\" sizes=\"(max-width: 1200px) 100vw, 1200px\" \/><\/strong><\/p>\n<p>Hen\u00fcz kendi karavan\u0131n\u0131z\u0131 edinmediyseniz <strong>Mona Glamping Caravan Suites <\/strong>sizi de d\u00fc\u015f\u00fcnm\u00fc\u015f! Farkl\u0131 dizaynlara sahip 5 karavan, 3 adet glamping \u00e7ad\u0131r\u0131 ve 1 Tiny House ile 10 d\u00f6n\u00fcml\u00fck bir araziye kurulan Mona Glamping Caravan Suites\u00a0do\u011fa i\u00e7erisinde tatil deneyimine yeni bir anlam kat\u0131yor. Do\u011fada konforunuzdan \u00f6d\u00fcn vermeden zaman ge\u00e7irmek i\u00e7in tasarlanan kamp alan\u0131 S\u0131\u011fac\u0131k sahiline ve Teos Antik Kenti&#8217;ne 15-20 dakikal\u0131k bir mesafede. 2021 itibari ile 15 ya\u015f \u00fczeri (Adults-only) \u015feklinde hizmet veren,<strong> &#8220;Glamping &amp; Wine&#8221; <\/strong>olarak konseptini yenileyen <strong>Mona Glamping Caravan Suites <\/strong>kesinlikle ke\u015ffe de\u011fer! \u015earap tad\u0131m turlar\u0131, hiking turlar\u0131, ate\u015f ba\u015f\u0131 a\u00e7\u0131k hava sinemas\u0131, bisiklet turlar\u0131 ile \u00e7ok keyifli vakit ge\u00e7irece\u011finize \u015f\u00fcpheniz olmas\u0131n! Burada konaklarken Seferihisar ve S\u0131\u011fac\u0131k civar\u0131n\u0131 da rahatl\u0131kla ke\u015ffedebilirsiniz.<\/p>\n<h2><strong>Yaz\u0131l\u0131 Kanyon, Isparta<\/strong><\/h2>\n<p style=\"text-align: center;\"><strong><img loading=\"lazy\" decoding=\"async\" class=\"alignnone wp-image-2822\" src=\"https:\/\/www.julesverne.com.tr\/\/wp-content\/uploads\/2020\/09\/yazilikanyon.jpg\" alt=\"\" width=\"1200\" height=\"801\" srcset=\"https:\/\/julesverne.com.tr\/wp-content\/uploads\/2020\/09\/yazilikanyon.jpg 799w, https:\/\/julesverne.com.tr\/wp-content\/uploads\/2020\/09\/yazilikanyon-500x334.jpg 500w, https:\/\/julesverne.com.tr\/wp-content\/uploads\/2020\/09\/yazilikanyon-768x512.jpg 768w\" sizes=\"(max-width: 1200px) 100vw, 1200px\" \/><\/strong><\/p>\n<p>Do\u011fa ve tarihin i\u00e7 i\u00e7e oldu\u011fu Yaz\u0131l\u0131 Kanyon ayn\u0131 zamanda Likya Yolu&#8217;ndan sonra en uzun y\u00fcr\u00fcy\u00fc\u015f yolu\u00a0 St. Paul yolunun da bir par\u00e7as\u0131. Sahip oldu\u011fu ye\u015fil do\u011fa aras\u0131nda s\u00fcz\u00fclen G\u00f6ksu Nehri harika manzaralar sunuyor. Y\u00fcr\u00fcy\u00fc\u015f, t\u0131rman\u0131\u015f rotalar\u0131 sunan Yaz\u0131l\u0131 Kanyon&#8217;da kamp yapacaksan\u0131z Kovada G\u00f6l\u00fc&#8217;ne de bir g\u00fcn\u00fcn\u00fcz\u00fc ay\u0131rman\u0131z\u0131 ve rotan\u0131za Sagalassos Antik Kenti, Kuyucak (Lavanta Kokulu K\u00f6y) ziyaretlerini de eklemelisiniz.<\/p>\n<h2><strong>E\u011firdir Kovada Milli Park\u0131, Isparta<\/strong><\/h2>\n<p style=\"text-align: center;\"><strong><img loading=\"lazy\" decoding=\"async\" class=\"alignnone wp-image-2823\" src=\"https:\/\/www.julesverne.com.tr\/\/wp-content\/uploads\/2020\/09\/kovada.jpg\" alt=\"\" width=\"1200\" height=\"900\" srcset=\"https:\/\/julesverne.com.tr\/wp-content\/uploads\/2020\/09\/kovada.jpg 512w, https:\/\/julesverne.com.tr\/wp-content\/uploads\/2020\/09\/kovada-500x375.jpg 500w\" sizes=\"(max-width: 1200px) 100vw, 1200px\" \/><\/strong><\/p>\n<p>Karstik \u00e7\u00f6k\u00fcnt\u00fcler ile meydana gelen Kovada G\u00f6l\u00fc Milli Park\u0131 do\u011fal sit alan\u0131 ilan edilerek koruma alt\u0131na al\u0131nm\u0131\u015f. 100&#8217;den fazla ku\u015f t\u00fcr\u00fcn\u00fcn evi olan milli park i\u00e7erisinde uzun y\u00fcr\u00fcy\u00fc\u015fleri sevenler i\u00e7in 2 farkl\u0131 parkur var. Manzaralar\u0131 ka\u00e7\u0131rmaman\u0131z i\u00e7in tasarlanan seyir noktalar\u0131ndan mavi ve ye\u015filin uyumunu yakalayabilirsiniz. Karavanlar i\u00e7in bir kamp alan\u0131 da mevcut.<\/p>\n<h2><strong>Yedi Ku\u011fular Ku\u015f Cenneti, Amasya<\/strong><\/h2>\n<p style=\"text-align: center;\"><strong><img loading=\"lazy\" decoding=\"async\" class=\"alignnone wp-image-2824\" src=\"https:\/\/www.julesverne.com.tr\/\/wp-content\/uploads\/2020\/09\/yedikugular.jpg\" alt=\"\" width=\"1200\" height=\"795\" srcset=\"https:\/\/julesverne.com.tr\/wp-content\/uploads\/2020\/09\/yedikugular.jpg 512w, https:\/\/julesverne.com.tr\/wp-content\/uploads\/2020\/09\/yedikugular-500x331.jpg 500w\" sizes=\"(max-width: 1200px) 100vw, 1200px\" \/><\/strong><\/p>\n<p>100&#8217;den fazla ku\u015f t\u00fcr\u00fcn\u00fcn ya\u015fad\u0131\u011f\u0131 Yediku\u011fular Ku\u015f Cenneti, Yedikur Baraj G\u00f6l\u00fc k\u0131y\u0131s\u0131nda yer al\u0131yor. \u00d6nemli ku\u015f alan\u0131 stat\u00fcs\u00fcnde olan parka kampa geldi\u011finizde farkl\u0131 bir\u00e7ok ku\u015f t\u00fcr\u00fcn\u00fcn c\u0131v\u0131lt\u0131lar\u0131 eksik olmuyor.<\/p>\n<h2><strong>Borabay G\u00f6l\u00fc, Amasya<\/strong><\/h2>\n<p style=\"text-align: center;\"><strong><img loading=\"lazy\" decoding=\"async\" class=\"alignnone wp-image-2825\" src=\"https:\/\/www.julesverne.com.tr\/\/wp-content\/uploads\/2020\/09\/borabay.jpg\" alt=\"\" width=\"1200\" height=\"800\" srcset=\"https:\/\/julesverne.com.tr\/wp-content\/uploads\/2020\/09\/borabay.jpg 999w, https:\/\/julesverne.com.tr\/wp-content\/uploads\/2020\/09\/borabay-500x333.jpg 500w, https:\/\/julesverne.com.tr\/wp-content\/uploads\/2020\/09\/borabay-768x512.jpg 768w\" sizes=\"(max-width: 1200px) 100vw, 1200px\" \/><\/strong><\/p>\n<p>Yerlisine sorsan\u0131z, a\u011fa\u00e7 g\u00f6lgelerinin sudaki yans\u0131malar\u0131ndan dolay\u0131 buran\u0131n ad\u0131 &#8220;Aynal\u0131 G\u00f6l&#8221;. Z\u00fcmr\u00fct ye\u015fili g\u00f6l\u00fcne gelip, manzaraya bakt\u0131\u011f\u0131n\u0131zda haks\u0131z olmad\u0131klar\u0131n\u0131 siz de g\u00f6receksiniz. Borabay G\u00f6l\u00fc, do\u011fal bir set g\u00f6l\u00fc. Dinlenme alanlar\u0131, kamp alan\u0131, y\u00fcr\u00fcy\u00fc\u015f parkurlar\u0131, g\u00f6lde kay\u0131kla gezme imkan\u0131 gibi se\u00e7enekler ile tesisle\u015fen Borabay G\u00f6l\u00fc manzaras\u0131na kar\u015f\u0131 g\u00fcne uyanma deneyimini ya\u015famal\u0131s\u0131n\u0131z.<\/p>\n<h2><strong>So\u011fuksu Milli Park\u0131, Ankara<\/strong><\/h2>\n<p style=\"text-align: center;\"><strong><img loading=\"lazy\" decoding=\"async\" class=\"alignnone wp-image-2826\" src=\"https:\/\/julesverne.com.tr\/wp-content\/uploads\/2020\/09\/soguksu.jpg\" alt=\"\" width=\"1200\" height=\"800\" srcset=\"https:\/\/julesverne.com.tr\/wp-content\/uploads\/2020\/09\/soguksu.jpg 750w, https:\/\/julesverne.com.tr\/wp-content\/uploads\/2020\/09\/soguksu-500x333.jpg 500w\" sizes=\"(max-width: 1200px) 100vw, 1200px\" \/><\/strong><\/p>\n<p>S\u0131cak ve so\u011fuk su kaynaklar\u0131n\u0131n bulunmas\u0131yla kapl\u0131ca olarak da an\u0131lan So\u011fuksu Milli Park\u0131 bitki ve hayvan \u00e7e\u015fitlili\u011fi y\u00f6n\u00fcnden olduk\u00e7a zengin. Farkl\u0131 ku\u015f t\u00fcrlerinin yuvas\u0131 olan milli park y\u00fcr\u00fcy\u00fc\u015f parkurlar\u0131, bisiklet kiralama imkan\u0131, ku\u015f g\u00f6zlem alanlar\u0131 ile eksiksiz bir ke\u015fif \u015fans\u0131 tan\u0131yor size.<\/p>\n<h2><strong>E\u011friova Yaylas\u0131, Ankara<\/strong><\/h2>\n<p style=\"text-align: center;\"><strong><img loading=\"lazy\" decoding=\"async\" class=\"alignnone size-full wp-image-2827\" src=\"https:\/\/www.julesverne.com.tr\/\/wp-content\/uploads\/2020\/09\/egriovayaylasi.jpg\" alt=\"\" width=\"1247\" height=\"722\" srcset=\"https:\/\/julesverne.com.tr\/wp-content\/uploads\/2020\/09\/egriovayaylasi.jpg 1247w, https:\/\/julesverne.com.tr\/wp-content\/uploads\/2020\/09\/egriovayaylasi-500x289.jpg 500w, https:\/\/julesverne.com.tr\/wp-content\/uploads\/2020\/09\/egriovayaylasi-768x445.jpg 768w\" sizes=\"(max-width: 1247px) 100vw, 1247px\" \/><\/strong><\/p>\n<p>Bat\u0131 Karadeniz&#8217;in do\u011fal zenginli\u011finin bir par\u00e7as\u0131 olan Yenice Ormanlar\u0131 ekosistemi ve biyo \u00e7e\u015fitlili\u011fi ile \u00f6zel ve \u00f6zg\u00fcn bir tabiat alan\u0131. Do\u011fal Hayat\u0131 Koruma Vakf\u0131 taraf\u0131ndan korunmas\u0131 gereken yerler listesinde tan\u0131mlanan Yenice Ormanlar\u0131 i\u00e7erisinde yer alan E\u011friova Yaylas\u0131 ise kamp yapmak i\u00e7in en elveri\u015fli yer. Sar\u0131\u00e7am ormanlar\u0131 ve g\u00f6let aras\u0131nda yer alan E\u011friova Yaylas\u0131&#8217;na kamp i\u00e7in tesis bulunmad\u0131\u011f\u0131n\u0131, su d\u00e2hil tedarikli bir \u015fekilde buraya gelmeniz gerekti\u011fini de hat\u0131rlatal\u0131m.<\/p>\n<h2><strong>Frig Vadisi, Afyonkarahisar<\/strong><\/h2>\n<p style=\"text-align: center;\"><strong><img loading=\"lazy\" decoding=\"async\" class=\"alignnone wp-image-2828\" src=\"https:\/\/www.julesverne.com.tr\/\/wp-content\/uploads\/2020\/09\/frig.jpg\" alt=\"\" width=\"1200\" height=\"800\" srcset=\"https:\/\/julesverne.com.tr\/wp-content\/uploads\/2020\/09\/frig.jpg 1110w, https:\/\/julesverne.com.tr\/wp-content\/uploads\/2020\/09\/frig-500x333.jpg 500w, https:\/\/julesverne.com.tr\/wp-content\/uploads\/2020\/09\/frig-768x512.jpg 768w\" sizes=\"(max-width: 1200px) 100vw, 1200px\" \/><\/strong><\/p>\n<p>Son y\u0131llarda verilen destekler ile turizmin yeni markas\u0131 olan Frig Vadisi, T\u00fcrkiye&#8217;de sizi hayran b\u0131rakan s\u00fcrpriz yerlerden biri daha. 506 km uzunlu\u011fundaki parkuru ile T\u00fcrkiye&#8217;nin en uzun y\u00fcr\u00fcy\u00fc\u015f parkuruna sahip olan vadinin tarihi tam 3000 y\u0131l \u00f6nceye dayan\u0131yor. Friglerden kalan kaya yerle\u015fimleri, kaya mezarlar, kiliseler, peri bacalar\u0131 ile Kapadokya&#8217;y\u0131 aratm\u0131yor. Turistik tesisle\u015fmenin olmamas\u0131 ile \u00f6zg\u00fcnl\u00fc\u011f\u00fcn\u00fc koruyan Frig Vadisi&#8217;nde uzun y\u00fcr\u00fcy\u00fc\u015fler yapmay\u0131, bisikletle gezmeyi ve atl\u0131 rotaya dahil olmay\u0131 ihmal etmeyin.<\/p>\n<h2><strong>BONUS: Zinnar Bah\u00e7eleri, Mardin<\/strong><\/h2>\n<p>Mardin&#8217;in sakl\u0131 g\u00fczelli\u011fi Zinnar Bah\u00e7eleri \u00f6zellikle bahar aylar\u0131nda a\u00e7an badem \u00e7i\u00e7eklerinin g\u00f6r\u00fcnt\u00fcs\u00fcyle size do\u011fay\u0131 en saf ve el de\u011fmemi\u015f haliyle sunuyor. Farkl\u0131 ve bilinmeyen karavan rotalar\u0131 aray\u0131\u015f\u0131nda olanlar i\u00e7in heyecan veren bir ke\u015fif olaca\u011f\u0131na \u015f\u00fcphe yok.<\/p>\n<h4 style=\"text-align: center;\"><strong>Size \u00f6zel seyahat program\u0131 ve rezervasyon i\u00e7in:<\/strong><br \/>\n<a href=\"mailto:travel@julesverne.com.tr\" target=\"_blank\" rel=\"noopener noreferrer\"><strong>travel@julesverne.com.tr<\/strong><\/a><\/h4>\n","protected":false},"excerpt":{"rendered":"<p>&#8220;Kendi eviniz yan\u0131n\u0131zdayken&#8221; seyahat etmenin g&uuml;ven ve konforu ile karavan rotalar\u0131 \u015fimdi &ccedil;ok daha cezbedici.&nbsp;<\/p>\n","protected":false},"author":1,"featured_media":8576,"comment_status":"closed","ping_status":"closed","sticky":false,"template":"","format":"standard","meta":{"inline_featured_image":false,"footnotes":""},"categories":[38,1,39,41],"tags":[83,70],"acf":[],"yoast_head":"<!-- This site is optimized with the Yoast SEO plugin v22.3 - https:\/\/yoast.com\/wordpress\/plugins\/seo\/ -->\n<title>T\u00fcrkiye\u2019nin En Keyifli Karavan Rotalar\u0131 - JULES VERNE BUSINESS MICE TRAVEL<\/title>\n<meta name=\"description\" content=\"&quot;Kendi eviniz yan\u0131n\u0131zdayken&quot; seyahat etmenin g\u00fcven ve konforu ile karavan rotalar\u0131 \u015fimdi \u00e7ok daha cezbedici. Kendi karavan\u0131n\u0131z\u0131 diledi\u011finiz gibi dekore etme \u00f6zg\u00fcrl\u00fc\u011f\u00fcn\u00fcz varken l\u00fcks karavan tatilleri ile g\u00fcne\u015fin do\u011fu\u015funa, ku\u015flar\u0131n melodisine \u015fahit olmaya ne dersiniz? Karavanla tatil yapanlar \u00f6n\u00fcm\u00fczdeki y\u0131llarda seyahat trendlerinin belirleyicisi olacak. \u0130\u015fte, T\u00fcrkiye\u2019nin g\u00f6zde karavan rotalar\u0131\u2026\" \/>\n<meta name=\"robots\" content=\"index, follow, max-snippet:-1, max-image-preview:large, max-video-preview:-1\" \/>\n<link rel=\"canonical\" href=\"https:\/\/julesverne.com.tr\/travel-blog\/turkiyenin-gozde-karavan-rotalari\/\" \/>\n<meta property=\"og:locale\" content=\"en_US\" \/>\n<meta property=\"og:type\" content=\"article\" \/>\n<meta property=\"og:title\" content=\"T\u00fcrkiye\u2019nin En Keyifli Karavan Rotalar\u0131 - JULES VERNE BUSINESS MICE TRAVEL\" \/>\n<meta property=\"og:description\" content=\"&quot;Kendi eviniz yan\u0131n\u0131zdayken&quot; seyahat etmenin g\u00fcven ve konforu ile karavan rotalar\u0131 \u015fimdi \u00e7ok daha cezbedici. Kendi karavan\u0131n\u0131z\u0131 diledi\u011finiz gibi dekore etme \u00f6zg\u00fcrl\u00fc\u011f\u00fcn\u00fcz varken l\u00fcks karavan tatilleri ile g\u00fcne\u015fin do\u011fu\u015funa, ku\u015flar\u0131n melodisine \u015fahit olmaya ne dersiniz? Karavanla tatil yapanlar \u00f6n\u00fcm\u00fczdeki y\u0131llarda seyahat trendlerinin belirleyicisi olacak. \u0130\u015fte, T\u00fcrkiye\u2019nin g\u00f6zde karavan rotalar\u0131\u2026\" \/>\n<meta property=\"og:url\" content=\"https:\/\/julesverne.com.tr\/travel-blog\/turkiyenin-gozde-karavan-rotalari\/\" \/>\n<meta property=\"og:site_name\" content=\"JULES VERNE BUSINESS MICE TRAVEL\" \/>\n<meta property=\"article:publisher\" content=\"https:\/\/www.facebook.com\/JulesVerneBusinessMiceTravel\/\" \/>\n<meta property=\"article:published_time\" content=\"2021-07-11T07:29:01+00:00\" \/>\n<meta property=\"article:modified_time\" content=\"2021-07-13T05:40:27+00:00\" \/>\n<meta property=\"og:image\" content=\"https:\/\/julesverne.com.tr\/wp-content\/uploads\/2021\/05\/karavan-scaled.jpg\" \/>\n\t<meta property=\"og:image:width\" content=\"1600\" \/>\n\t<meta property=\"og:image:height\" content=\"917\" \/>\n\t<meta property=\"og:image:type\" content=\"image\/jpeg\" \/>\n<meta name=\"author\" content=\"fikirman\" \/>\n<meta name=\"twitter:card\" content=\"summary_large_image\" \/>\n<meta name=\"twitter:creator\" content=\"@JV_BusinessMice\" \/>\n<meta name=\"twitter:site\" content=\"@JV_BusinessMice\" \/>\n<meta name=\"twitter:label1\" content=\"Written by\" \/>\n\t<meta name=\"twitter:data1\" content=\"fikirman\" \/>\n\t<meta name=\"twitter:label2\" content=\"Est. reading time\" \/>\n\t<meta name=\"twitter:data2\" content=\"10 minutes\" \/>\n<script type=\"application\/ld+json\" class=\"yoast-schema-graph\">{\"@context\":\"https:\/\/schema.org\",\"@graph\":[{\"@type\":\"Article\",\"@id\":\"https:\/\/julesverne.com.tr\/travel-blog\/turkiyenin-gozde-karavan-rotalari\/#article\",\"isPartOf\":{\"@id\":\"https:\/\/julesverne.com.tr\/travel-blog\/turkiyenin-gozde-karavan-rotalari\/\"},\"author\":{\"name\":\"fikirman\",\"@id\":\"https:\/\/julesverne.com.tr\/#\/schema\/person\/f4eb0514ae455538644c31b99a466fdb\"},\"headline\":\"T\u00fcrkiye\u2019nin En Keyifli Karavan Rotalar\u0131\",\"datePublished\":\"2021-07-11T07:29:01+00:00\",\"dateModified\":\"2021-07-13T05:40:27+00:00\",\"mainEntityOfPage\":{\"@id\":\"https:\/\/julesverne.com.tr\/travel-blog\/turkiyenin-gozde-karavan-rotalari\/\"},\"wordCount\":1724,\"publisher\":{\"@id\":\"https:\/\/julesverne.com.tr\/#organization\"},\"image\":{\"@id\":\"https:\/\/julesverne.com.tr\/travel-blog\/turkiyenin-gozde-karavan-rotalari\/#primaryimage\"},\"thumbnailUrl\":\"https:\/\/julesverne.com.tr\/wp-content\/uploads\/2021\/05\/karavan-scaled.jpg\",\"keywords\":[\"Karavan Rotalar\u0131\",\"Seyahat Trendleri\"],\"articleSection\":[\"\u0130lham Veren Destinasyonlar\",\"Blog\",\"Nereye Gitsek?\",\"Seyahat Trendleri\"],\"inLanguage\":\"en-US\"},{\"@type\":\"WebPage\",\"@id\":\"https:\/\/julesverne.com.tr\/travel-blog\/turkiyenin-gozde-karavan-rotalari\/\",\"url\":\"https:\/\/julesverne.com.tr\/travel-blog\/turkiyenin-gozde-karavan-rotalari\/\",\"name\":\"T\u00fcrkiye\u2019nin En Keyifli Karavan Rotalar\u0131 - JULES VERNE BUSINESS MICE TRAVEL\",\"isPartOf\":{\"@id\":\"https:\/\/julesverne.com.tr\/#website\"},\"primaryImageOfPage\":{\"@id\":\"https:\/\/julesverne.com.tr\/travel-blog\/turkiyenin-gozde-karavan-rotalari\/#primaryimage\"},\"image\":{\"@id\":\"https:\/\/julesverne.com.tr\/travel-blog\/turkiyenin-gozde-karavan-rotalari\/#primaryimage\"},\"thumbnailUrl\":\"https:\/\/julesverne.com.tr\/wp-content\/uploads\/2021\/05\/karavan-scaled.jpg\",\"datePublished\":\"2021-07-11T07:29:01+00:00\",\"dateModified\":\"2021-07-13T05:40:27+00:00\",\"description\":\"\\\"Kendi eviniz yan\u0131n\u0131zdayken\\\" seyahat etmenin g\u00fcven ve konforu ile karavan rotalar\u0131 \u015fimdi \u00e7ok daha cezbedici. Kendi karavan\u0131n\u0131z\u0131 diledi\u011finiz gibi dekore etme \u00f6zg\u00fcrl\u00fc\u011f\u00fcn\u00fcz varken l\u00fcks karavan tatilleri ile g\u00fcne\u015fin do\u011fu\u015funa, ku\u015flar\u0131n melodisine \u015fahit olmaya ne dersiniz? Karavanla tatil yapanlar \u00f6n\u00fcm\u00fczdeki y\u0131llarda seyahat trendlerinin belirleyicisi olacak. \u0130\u015fte, T\u00fcrkiye\u2019nin g\u00f6zde karavan rotalar\u0131\u2026\",\"breadcrumb\":{\"@id\":\"https:\/\/julesverne.com.tr\/travel-blog\/turkiyenin-gozde-karavan-rotalari\/#breadcrumb\"},\"inLanguage\":\"en-US\",\"potentialAction\":[{\"@type\":\"ReadAction\",\"target\":[\"https:\/\/julesverne.com.tr\/travel-blog\/turkiyenin-gozde-karavan-rotalari\/\"]}]},{\"@type\":\"ImageObject\",\"inLanguage\":\"en-US\",\"@id\":\"https:\/\/julesverne.com.tr\/travel-blog\/turkiyenin-gozde-karavan-rotalari\/#primaryimage\",\"url\":\"https:\/\/julesverne.com.tr\/wp-content\/uploads\/2021\/05\/karavan-scaled.jpg\",\"contentUrl\":\"https:\/\/julesverne.com.tr\/wp-content\/uploads\/2021\/05\/karavan-scaled.jpg\",\"width\":1600,\"height\":917},{\"@type\":\"BreadcrumbList\",\"@id\":\"https:\/\/julesverne.com.tr\/travel-blog\/turkiyenin-gozde-karavan-rotalari\/#breadcrumb\",\"itemListElement\":[{\"@type\":\"ListItem\",\"position\":1,\"name\":\"Anasayfa\",\"item\":\"https:\/\/julesverne.com.tr\/\"},{\"@type\":\"ListItem\",\"position\":2,\"name\":\"T\u00fcrkiye\u2019nin En Keyifli Karavan Rotalar\u0131\"}]},{\"@type\":\"WebSite\",\"@id\":\"https:\/\/julesverne.com.tr\/#website\",\"url\":\"https:\/\/julesverne.com.tr\/\",\"name\":\"JULES VERNE BUSINESS MICE TRAVEL\",\"description\":\"\",\"publisher\":{\"@id\":\"https:\/\/julesverne.com.tr\/#organization\"},\"potentialAction\":[{\"@type\":\"SearchAction\",\"target\":{\"@type\":\"EntryPoint\",\"urlTemplate\":\"https:\/\/julesverne.com.tr\/?s={search_term_string}\"},\"query-input\":\"required name=search_term_string\"}],\"inLanguage\":\"en-US\"},{\"@type\":\"Organization\",\"@id\":\"https:\/\/julesverne.com.tr\/#organization\",\"name\":\"JULES VERNE BUSINESS MICE TRAVEL\",\"url\":\"https:\/\/julesverne.com.tr\/\",\"logo\":{\"@type\":\"ImageObject\",\"inLanguage\":\"en-US\",\"@id\":\"https:\/\/julesverne.com.tr\/#\/schema\/logo\/image\/\",\"url\":\"https:\/\/julesverne.com.tr\/wp-content\/uploads\/2020\/09\/jv-bmt-logo.png\",\"contentUrl\":\"https:\/\/julesverne.com.tr\/wp-content\/uploads\/2020\/09\/jv-bmt-logo.png\",\"width\":110,\"height\":81,\"caption\":\"JULES VERNE BUSINESS MICE TRAVEL\"},\"image\":{\"@id\":\"https:\/\/julesverne.com.tr\/#\/schema\/logo\/image\/\"},\"sameAs\":[\"https:\/\/www.facebook.com\/JulesVerneBusinessMiceTravel\/\",\"https:\/\/twitter.com\/JV_BusinessMice\",\"https:\/\/www.instagram.com\/julesvernebusinessmicetravel\/\",\"https:\/\/www.linkedin.com\/company\/julesvernebusinessmicetravel\/\",\"https:\/\/www.youtube.com\/channel\/UCAwdsmbZ6tFhu1tea6pkpiw\"]},{\"@type\":\"Person\",\"@id\":\"https:\/\/julesverne.com.tr\/#\/schema\/person\/f4eb0514ae455538644c31b99a466fdb\",\"name\":\"fikirman\",\"sameAs\":[\"http:\/\/advermedya.net\/julesverne\"],\"url\":\"https:\/\/julesverne.com.tr\/en\/author\/fikirman\/\"}]}<\/script>\n<!-- \/ Yoast SEO plugin. -->","yoast_head_json":{"title":"T\u00fcrkiye\u2019nin En Keyifli Karavan Rotalar\u0131 - JULES VERNE BUSINESS MICE TRAVEL","description":"\"Kendi eviniz yan\u0131n\u0131zdayken\" seyahat etmenin g\u00fcven ve konforu ile karavan rotalar\u0131 \u015fimdi \u00e7ok daha cezbedici. Kendi karavan\u0131n\u0131z\u0131 diledi\u011finiz gibi dekore etme \u00f6zg\u00fcrl\u00fc\u011f\u00fcn\u00fcz varken l\u00fcks karavan tatilleri ile g\u00fcne\u015fin do\u011fu\u015funa, ku\u015flar\u0131n melodisine \u015fahit olmaya ne dersiniz? Karavanla tatil yapanlar \u00f6n\u00fcm\u00fczdeki y\u0131llarda seyahat trendlerinin belirleyicisi olacak. \u0130\u015fte, T\u00fcrkiye\u2019nin g\u00f6zde karavan rotalar\u0131\u2026","robots":{"index":"index","follow":"follow","max-snippet":"max-snippet:-1","max-image-preview":"max-image-preview:large","max-video-preview":"max-video-preview:-1"},"canonical":"https:\/\/julesverne.com.tr\/travel-blog\/turkiyenin-gozde-karavan-rotalari\/","og_locale":"en_US","og_type":"article","og_title":"T\u00fcrkiye\u2019nin En Keyifli Karavan Rotalar\u0131 - JULES VERNE BUSINESS MICE TRAVEL","og_description":"\"Kendi eviniz yan\u0131n\u0131zdayken\" seyahat etmenin g\u00fcven ve konforu ile karavan rotalar\u0131 \u015fimdi \u00e7ok daha cezbedici. Kendi karavan\u0131n\u0131z\u0131 diledi\u011finiz gibi dekore etme \u00f6zg\u00fcrl\u00fc\u011f\u00fcn\u00fcz varken l\u00fcks karavan tatilleri ile g\u00fcne\u015fin do\u011fu\u015funa, ku\u015flar\u0131n melodisine \u015fahit olmaya ne dersiniz? Karavanla tatil yapanlar \u00f6n\u00fcm\u00fczdeki y\u0131llarda seyahat trendlerinin belirleyicisi olacak. \u0130\u015fte, T\u00fcrkiye\u2019nin g\u00f6zde karavan rotalar\u0131\u2026","og_url":"https:\/\/julesverne.com.tr\/travel-blog\/turkiyenin-gozde-karavan-rotalari\/","og_site_name":"JULES VERNE BUSINESS MICE TRAVEL","article_publisher":"https:\/\/www.facebook.com\/JulesVerneBusinessMiceTravel\/","article_published_time":"2021-07-11T07:29:01+00:00","article_modified_time":"2021-07-13T05:40:27+00:00","og_image":[{"width":1600,"height":917,"url":"https:\/\/julesverne.com.tr\/wp-content\/uploads\/2021\/05\/karavan-scaled.jpg","type":"image\/jpeg"}],"author":"fikirman","twitter_card":"summary_large_image","twitter_creator":"@JV_BusinessMice","twitter_site":"@JV_BusinessMice","twitter_misc":{"Written by":"fikirman","Est. reading time":"10 minutes"},"schema":{"@context":"https:\/\/schema.org","@graph":[{"@type":"Article","@id":"https:\/\/julesverne.com.tr\/travel-blog\/turkiyenin-gozde-karavan-rotalari\/#article","isPartOf":{"@id":"https:\/\/julesverne.com.tr\/travel-blog\/turkiyenin-gozde-karavan-rotalari\/"},"author":{"name":"fikirman","@id":"https:\/\/julesverne.com.tr\/#\/schema\/person\/f4eb0514ae455538644c31b99a466fdb"},"headline":"T\u00fcrkiye\u2019nin En Keyifli Karavan Rotalar\u0131","datePublished":"2021-07-11T07:29:01+00:00","dateModified":"2021-07-13T05:40:27+00:00","mainEntityOfPage":{"@id":"https:\/\/julesverne.com.tr\/travel-blog\/turkiyenin-gozde-karavan-rotalari\/"},"wordCount":1724,"publisher":{"@id":"https:\/\/julesverne.com.tr\/#organization"},"image":{"@id":"https:\/\/julesverne.com.tr\/travel-blog\/turkiyenin-gozde-karavan-rotalari\/#primaryimage"},"thumbnailUrl":"https:\/\/julesverne.com.tr\/wp-content\/uploads\/2021\/05\/karavan-scaled.jpg","keywords":["Karavan Rotalar\u0131","Seyahat Trendleri"],"articleSection":["\u0130lham Veren Destinasyonlar","Blog","Nereye Gitsek?","Seyahat Trendleri"],"inLanguage":"en-US"},{"@type":"WebPage","@id":"https:\/\/julesverne.com.tr\/travel-blog\/turkiyenin-gozde-karavan-rotalari\/","url":"https:\/\/julesverne.com.tr\/travel-blog\/turkiyenin-gozde-karavan-rotalari\/","name":"T\u00fcrkiye\u2019nin En Keyifli Karavan Rotalar\u0131 - JULES VERNE BUSINESS MICE TRAVEL","isPartOf":{"@id":"https:\/\/julesverne.com.tr\/#website"},"primaryImageOfPage":{"@id":"https:\/\/julesverne.com.tr\/travel-blog\/turkiyenin-gozde-karavan-rotalari\/#primaryimage"},"image":{"@id":"https:\/\/julesverne.com.tr\/travel-blog\/turkiyenin-gozde-karavan-rotalari\/#primaryimage"},"thumbnailUrl":"https:\/\/julesverne.com.tr\/wp-content\/uploads\/2021\/05\/karavan-scaled.jpg","datePublished":"2021-07-11T07:29:01+00:00","dateModified":"2021-07-13T05:40:27+00:00","description":"\"Kendi eviniz yan\u0131n\u0131zdayken\" seyahat etmenin g\u00fcven ve konforu ile karavan rotalar\u0131 \u015fimdi \u00e7ok daha cezbedici. Kendi karavan\u0131n\u0131z\u0131 diledi\u011finiz gibi dekore etme \u00f6zg\u00fcrl\u00fc\u011f\u00fcn\u00fcz varken l\u00fcks karavan tatilleri ile g\u00fcne\u015fin do\u011fu\u015funa, ku\u015flar\u0131n melodisine \u015fahit olmaya ne dersiniz? Karavanla tatil yapanlar \u00f6n\u00fcm\u00fczdeki y\u0131llarda seyahat trendlerinin belirleyicisi olacak. \u0130\u015fte, T\u00fcrkiye\u2019nin g\u00f6zde karavan rotalar\u0131\u2026","breadcrumb":{"@id":"https:\/\/julesverne.com.tr\/travel-blog\/turkiyenin-gozde-karavan-rotalari\/#breadcrumb"},"inLanguage":"en-US","potentialAction":[{"@type":"ReadAction","target":["https:\/\/julesverne.com.tr\/travel-blog\/turkiyenin-gozde-karavan-rotalari\/"]}]},{"@type":"ImageObject","inLanguage":"en-US","@id":"https:\/\/julesverne.com.tr\/travel-blog\/turkiyenin-gozde-karavan-rotalari\/#primaryimage","url":"https:\/\/julesverne.com.tr\/wp-content\/uploads\/2021\/05\/karavan-scaled.jpg","contentUrl":"https:\/\/julesverne.com.tr\/wp-content\/uploads\/2021\/05\/karavan-scaled.jpg","width":1600,"height":917},{"@type":"BreadcrumbList","@id":"https:\/\/julesverne.com.tr\/travel-blog\/turkiyenin-gozde-karavan-rotalari\/#breadcrumb","itemListElement":[{"@type":"ListItem","position":1,"name":"Anasayfa","item":"https:\/\/julesverne.com.tr\/"},{"@type":"ListItem","position":2,"name":"T\u00fcrkiye\u2019nin En Keyifli Karavan Rotalar\u0131"}]},{"@type":"WebSite","@id":"https:\/\/julesverne.com.tr\/#website","url":"https:\/\/julesverne.com.tr\/","name":"JULES VERNE BUSINESS MICE TRAVEL","description":"","publisher":{"@id":"https:\/\/julesverne.com.tr\/#organization"},"potentialAction":[{"@type":"SearchAction","target":{"@type":"EntryPoint","urlTemplate":"https:\/\/julesverne.com.tr\/?s={search_term_string}"},"query-input":"required name=search_term_string"}],"inLanguage":"en-US"},{"@type":"Organization","@id":"https:\/\/julesverne.com.tr\/#organization","name":"JULES VERNE BUSINESS MICE TRAVEL","url":"https:\/\/julesverne.com.tr\/","logo":{"@type":"ImageObject","inLanguage":"en-US","@id":"https:\/\/julesverne.com.tr\/#\/schema\/logo\/image\/","url":"https:\/\/julesverne.com.tr\/wp-content\/uploads\/2020\/09\/jv-bmt-logo.png","contentUrl":"https:\/\/julesverne.com.tr\/wp-content\/uploads\/2020\/09\/jv-bmt-logo.png","width":110,"height":81,"caption":"JULES VERNE BUSINESS MICE TRAVEL"},"image":{"@id":"https:\/\/julesverne.com.tr\/#\/schema\/logo\/image\/"},"sameAs":["https:\/\/www.facebook.com\/JulesVerneBusinessMiceTravel\/","https:\/\/twitter.com\/JV_BusinessMice","https:\/\/www.instagram.com\/julesvernebusinessmicetravel\/","https:\/\/www.linkedin.com\/company\/julesvernebusinessmicetravel\/","https:\/\/www.youtube.com\/channel\/UCAwdsmbZ6tFhu1tea6pkpiw"]},{"@type":"Person","@id":"https:\/\/julesverne.com.tr\/#\/schema\/person\/f4eb0514ae455538644c31b99a466fdb","name":"fikirman","sameAs":["http:\/\/advermedya.net\/julesverne"],"url":"https:\/\/julesverne.com.tr\/en\/author\/fikirman\/"}]}},"_links":{"self":[{"href":"https:\/\/julesverne.com.tr\/en\/wp-json\/wp\/v2\/posts\/2286"}],"collection":[{"href":"https:\/\/julesverne.com.tr\/en\/wp-json\/wp\/v2\/posts"}],"about":[{"href":"https:\/\/julesverne.com.tr\/en\/wp-json\/wp\/v2\/types\/post"}],"author":[{"embeddable":true,"href":"https:\/\/julesverne.com.tr\/en\/wp-json\/wp\/v2\/users\/1"}],"replies":[{"embeddable":true,"href":"https:\/\/julesverne.com.tr\/en\/wp-json\/wp\/v2\/comments?post=2286"}],"version-history":[{"count":0,"href":"https:\/\/julesverne.com.tr\/en\/wp-json\/wp\/v2\/posts\/2286\/revisions"}],"wp:featuredmedia":[{"embeddable":true,"href":"https:\/\/julesverne.com.tr\/en\/wp-json\/wp\/v2\/media\/8576"}],"wp:attachment":[{"href":"https:\/\/julesverne.com.tr\/en\/wp-json\/wp\/v2\/media?parent=2286"}],"wp:term":[{"taxonomy":"category","embeddable":true,"href":"https:\/\/julesverne.com.tr\/en\/wp-json\/wp\/v2\/categories?post=2286"},{"taxonomy":"post_tag","embeddable":true,"href":"https:\/\/julesverne.com.tr\/en\/wp-json\/wp\/v2\/tags?post=2286"}],"curies":[{"name":"wp","href":"https:\/\/api.w.org\/{rel}","templated":true}]}}