{"id":2282,"date":"2021-06-01T10:27:39","date_gmt":"2021-06-01T07:27:39","guid":{"rendered":"https:\/\/www.julesverne.com.tr\/\/blog\/turkiyenin-en-guzel-koyleri\/"},"modified":"2021-06-01T13:53:25","modified_gmt":"2021-06-01T10:53:25","slug":"turkiyenin-en-guzel-koyleri","status":"publish","type":"post","link":"https:\/\/julesverne.com.tr\/en\/travel-blog\/turkiyenin-en-guzel-koyleri\/","title":{"rendered":"T\u00fcrkiye\u2019nin En G\u00fczel K\u00f6yleri"},"content":{"rendered":"<p style=\"text-align: center;\"><img loading=\"lazy\" decoding=\"async\" class=\"alignnone wp-image-2844\" src=\"https:\/\/www.julesverne.com.tr\/\/wp-content\/uploads\/2020\/09\/sirince-1.jpg\" alt=\"\" width=\"1200\" height=\"866\" srcset=\"https:\/\/julesverne.com.tr\/wp-content\/uploads\/2020\/09\/sirince-1.jpg 999w, https:\/\/julesverne.com.tr\/wp-content\/uploads\/2020\/09\/sirince-1-500x361.jpg 500w, https:\/\/julesverne.com.tr\/wp-content\/uploads\/2020\/09\/sirince-1-768x554.jpg 768w\" sizes=\"(max-width: 1200px) 100vw, 1200px\" \/><\/p>\n<p>Kuzeyinden g\u00fcneyine, do\u011fusundan bat\u0131s\u0131na onlarca zenginlik bar\u0131nd\u0131ran bir \u00fclkede ya\u015famak demek, ke\u015ffedecek g\u00fczelliklerin t\u00fckenmemesi anlam\u0131na geliyor. Bu kez, T\u00fcrkiye\u2019nin sakl\u0131 kalan k\u00f6ylerini gezelim! I\u015f\u0131lt\u0131l\u0131 ve hareketli b\u00fcy\u00fck \u015fehirleri arkam\u0131zda b\u0131rak\u0131p sakinli\u011fi, mimarileri, hik\u00e2yeleriyle ilgi uyand\u0131ran k\u00f6ylere do\u011fru yola \u00e7\u0131k\u0131yoruz. T\u00fcrkiye&#8217;nin en g\u00fczel k\u00f6yleri yolculu\u011fumuzda kendine \u00f6zg\u00fc ya\u015famlar\u0131n\u0131 s\u00fcrd\u00fcren, ruhlar\u0131ndaki g\u00fczellikleri ya\u015fad\u0131klar\u0131 evlere, y\u00fcr\u00fcd\u00fckleri sokaklara bula\u015ft\u0131ran g\u00fczel insanlar\u0131n hikayelerine ortak oluyoruz.<\/p>\n<p><strong>Yemye\u015fil vadilerden masmavi k\u0131y\u0131lara uzanan T\u00fcrkiye\u2019de mutlaka g\u00f6r\u00fclmesi gereken 15 k\u00f6y\u2026<\/strong><\/p>\n<h2><strong>1) S\u00f6\u011f\u00fct, Marmaris &#8211; Mu\u011fla<\/strong><\/h2>\n<p style=\"text-align: center;\"><strong><img loading=\"lazy\" decoding=\"async\" class=\"alignnone wp-image-2845\" src=\"https:\/\/www.julesverne.com.tr\/\/wp-content\/uploads\/2020\/09\/sogut-1.jpg\" alt=\"\" width=\"1200\" height=\"800\" srcset=\"https:\/\/julesverne.com.tr\/wp-content\/uploads\/2020\/09\/sogut-1.jpg 999w, https:\/\/julesverne.com.tr\/wp-content\/uploads\/2020\/09\/sogut-1-500x333.jpg 500w, https:\/\/julesverne.com.tr\/wp-content\/uploads\/2020\/09\/sogut-1-768x512.jpg 768w\" sizes=\"(max-width: 1200px) 100vw, 1200px\" \/><\/strong><\/p>\n<p>Viraj\u0131 bol, ye\u015filin hi\u00e7 t\u00fckenmedi\u011fi k\u0131vr\u0131ml\u0131 yollar\u0131 takip edip ula\u015ft\u0131\u011f\u0131n\u0131z S\u00f6\u011f\u00fct K\u00f6y\u00fc, Ege ve Akdeniz&#8217;in aras\u0131nda zaman\u0131n durdu\u011fu bir cennet. Yakla\u015f\u0131k 2000 ki\u015filik n\u00fcfusuyla her k\u00f6\u015fesinden huzurun f\u0131\u015fk\u0131rd\u0131\u011f\u0131 bu sevimli yerle\u015fim yerinin tarihi milattan \u00f6nceye dayan\u0131yor.<\/p>\n<p>K\u00f6y giri\u015findeki okulun arkas\u0131nda Thyssanos antik kentine ait kal\u0131nt\u0131lar olsa da hen\u00fcz kaz\u0131 \u00e7al\u0131\u015fmalar\u0131 ba\u015flamam\u0131\u015f. Yan yana dizilen tek katl\u0131 evlerin \u00f6n\u00fcnden can\u0131n\u0131z istedi\u011finde girebilece\u011finiz berrak denizi, yerel restoranlar\u0131, yamaca do\u011fru y\u00fckselen k\u00f6y evleriyle asl\u0131 bozulmam\u0131\u015f bir k\u00f6y.<\/p>\n<h2><strong>2) Do\u011fanbey, Ayd\u0131n &#8211; \u0130zmir<\/strong><\/h2>\n<p style=\"text-align: center;\"><strong><img loading=\"lazy\" decoding=\"async\" class=\"alignnone wp-image-2846\" src=\"https:\/\/www.julesverne.com.tr\/\/wp-content\/uploads\/2020\/09\/doganbey.jpg\" alt=\"\" width=\"1200\" height=\"801\" srcset=\"https:\/\/julesverne.com.tr\/wp-content\/uploads\/2020\/09\/doganbey.jpg 999w, https:\/\/julesverne.com.tr\/wp-content\/uploads\/2020\/09\/doganbey-500x334.jpg 500w, https:\/\/julesverne.com.tr\/wp-content\/uploads\/2020\/09\/doganbey-768x513.jpg 768w\" sizes=\"(max-width: 1200px) 100vw, 1200px\" \/><\/strong><\/p>\n<p>Ayd\u0131n&#8217;a ba\u011fl\u0131 Do\u011fanbey K\u00f6y\u00fc hem tarihi, hem co\u011frafi olarak \u00f6yle zengin topraklar \u00fczerine kurulu ki etkilenmemek elde de\u011fil. Eski uygarl\u0131klar\u0131n ya\u015fad\u0131\u011f\u0131 b\u00f6lgenin kalbinde yer alan ve Antik Thebai kentinin uzant\u0131s\u0131 olan Do\u011fanbey K\u00f6y\u00fc&#8217;n\u00fcn kuruldu\u011fu yama\u00e7tan B\u00fcy\u00fck Menderes\u2019in Ege Denizi ile kavu\u015fmas\u0131na \u015fahit olmak, unutulmaz manzaralardan biri.<\/p>\n<p>Eski ad\u0131 Domatia olan Do\u011fanbey bir Rum k\u00f6y\u00fc. M\u00fcbadele y\u0131llar\u0131ndan sonra \u00e7ehresi de\u011fi\u015fen k\u00f6y 80&#8217;li y\u0131llarda kaderine terk edilmi\u015f. Uzun y\u0131llar sonra ilgililer taraf\u0131ndan restore edilmeye ba\u015flayan Rum evleri ile burada hayat yeniden canlanm\u0131\u015f.<\/p>\n<h2><strong>3) Kuyucak, Ke\u00e7iborlu &#8211; Isparta<\/strong><\/h2>\n<p style=\"text-align: center;\"><strong><img loading=\"lazy\" decoding=\"async\" class=\"alignnone wp-image-2847\" src=\"https:\/\/www.julesverne.com.tr\/\/wp-content\/uploads\/2020\/09\/kuyucak.jpg\" alt=\"\" width=\"1200\" height=\"800\" srcset=\"https:\/\/julesverne.com.tr\/wp-content\/uploads\/2020\/09\/kuyucak.jpg 999w, https:\/\/julesverne.com.tr\/wp-content\/uploads\/2020\/09\/kuyucak-500x333.jpg 500w, https:\/\/julesverne.com.tr\/wp-content\/uploads\/2020\/09\/kuyucak-768x512.jpg 768w\" sizes=\"(max-width: 1200px) 100vw, 1200px\" \/><\/strong><\/p>\n<p>Isparta&#8217;n\u0131n &#8220;Lavanta Kokulu K\u00f6y&#8221;\u00fc Kuyucak asl\u0131nda umut, azim ve \u00fcretim kokuyor. Yakla\u015f\u0131k 50 y\u0131ld\u0131r burada lavanta yeti\u015ftiricili\u011fi var ama k\u00f6y\u00fcn kaderi buraya ziyaret eden bir kaymakam\u0131n vizyonuyla de\u011fi\u015fiyor. Kaymakam k\u00f6yden \u00f6yle etkileniyor ki k\u00f6y\u00fcn kalk\u0131nmas\u0131 i\u00e7in bir ziraat m\u00fchendisi ile emek harcarken Kuyucak&#8217;\u0131n t\u00fcm \u00fclke ve d\u00fcnyaya tan\u0131t\u0131lmas\u0131 gerekti\u011fine karar veriyorlar.<\/p>\n<p>&#8220;Gelecek Turizmde&#8221; projesine k\u00f6y kad\u0131nlar\u0131 ile birlikte haz\u0131rlanarak projeye se\u00e7ilen Kuyucak&#8217;ta e\u011fitimler verilerek kad\u0131n\u0131n \u00fcretime katk\u0131s\u0131 da te\u015fvik ediliyor. Bug\u00fcn gelinen noktada Haziran sonu-A\u011fustos ba\u015f\u0131na kadar devam eden lavanta hasad\u0131, lavantadan \u00fcretilen do\u011fal \u00fcr\u00fcnler bize Provence&#8217;\u0131 ya\u015fat\u0131yor.<\/p>\n<h2><strong>4) Mustafapa\u015fa,\u00a0\u00dcrg\u00fcp &#8211; Nev\u015fehir<\/strong><\/h2>\n<p style=\"text-align: center;\"><strong><img loading=\"lazy\" decoding=\"async\" class=\"alignnone wp-image-2848\" src=\"https:\/\/www.julesverne.com.tr\/\/wp-content\/uploads\/2020\/09\/mustafapasa.jpg\" alt=\"\" width=\"1200\" height=\"770\" srcset=\"https:\/\/julesverne.com.tr\/wp-content\/uploads\/2020\/09\/mustafapasa.jpg 999w, https:\/\/julesverne.com.tr\/wp-content\/uploads\/2020\/09\/mustafapasa-500x321.jpg 500w, https:\/\/julesverne.com.tr\/wp-content\/uploads\/2020\/09\/mustafapasa-768x493.jpg 768w\" sizes=\"(max-width: 1200px) 100vw, 1200px\" \/><\/strong><\/p>\n<p>&#8220;G\u00fcne\u015fin \u015eehri&#8221; anlam\u0131na gelen Sinasos, bug\u00fcnk\u00fc ad\u0131yla Mustafapa\u015fa, Kapadokya&#8217;n\u0131n \u00f6zg\u00fcn mimarisini koruyan k\u00f6ylerinden biri. Osmanl\u0131 d\u00f6neminde n\u00fcfusun %80&#8217;ini \u0130stanbul\u2019da 13. y\u00fczy\u0131ldan beri havyar ticareti yapan zengin Rum t\u00fcccarlar olu\u015fturuyormu\u015f. Erkek n\u00fcfus y\u0131l\u0131n 8-10 ay\u0131n\u0131 \u0130stanbul&#8217;da ge\u00e7irirken kad\u0131nlar ve \u00e7ocuklar t\u00fcm y\u0131l burada ya\u015f\u0131yormu\u015f. G\u00fcn\u00fcm\u00fcze kalan konaklardan da k\u00f6y\u00fcn zenginli\u011fini anlamak m\u00fcmk\u00fcn.<\/p>\n<p>E\u011fitime b\u00fcy\u00fck \u00f6nem veren k\u00f6y okulunda Yunanca, Frans\u0131zca, T\u00fcrk\u00e7e, matematik, din, tarih ve sanat gibi dersler verilirken 1840 y\u0131l\u0131nda k\u00f6ye bir toplant\u0131 salonu ve k\u00fct\u00fcphane bile in\u015fa edilmi\u015f. 1924 y\u0131l\u0131nda m\u00fcbadele ile k\u00f6ylerini terk eden Rumlardan geriye harika bir mimari, zengin bir k\u00fclt\u00fcr kalm\u0131\u015f.<\/p>\n<h2><strong>5) Sava\u015fan, Halfeti &#8211; \u015eanl\u0131urfa<\/strong><\/h2>\n<p style=\"text-align: center;\"><strong><img loading=\"lazy\" decoding=\"async\" class=\"alignnone wp-image-2849\" src=\"https:\/\/www.julesverne.com.tr\/\/wp-content\/uploads\/2020\/09\/savasan.jpg\" alt=\"\" width=\"1200\" height=\"823\" srcset=\"https:\/\/julesverne.com.tr\/wp-content\/uploads\/2020\/09\/savasan.jpg 999w, https:\/\/julesverne.com.tr\/wp-content\/uploads\/2020\/09\/savasan-500x343.jpg 500w, https:\/\/julesverne.com.tr\/wp-content\/uploads\/2020\/09\/savasan-768x527.jpg 768w\" sizes=\"(max-width: 1200px) 100vw, 1200px\" \/><\/strong><\/p>\n<p>T\u00fcrkiye&#8217;nin \u201cSakin \u015eehirler\u201d listesindeki Halfeti&#8217;ye ba\u011fl\u0131 Sava\u015fan K\u00f6y\u00fc&#8217;n\u00fcn geriye kalan hik\u00e2yesi h\u00fcz\u00fcn bar\u0131nd\u0131rsa da bug\u00fcn bile ayakta olan haliyle g\u00fczelli\u011finden bir \u015fey kaybetmemi\u015f. 2000 y\u0131l\u0131nda Birecik Baraj\u0131 nedeniyle yar\u0131s\u0131ndan fazlas\u0131 sular alt\u0131nda kalan k\u00f6y\u00fcn ge\u00e7mi\u015fi \u00e7ok eskilere dayan\u0131yor.<\/p>\n<p>Eski bir Makedon yerle\u015fimi olan Sava\u015fan K\u00f6y\u00fc&#8217;n\u00fcn Makedonca ad\u0131\u00a0 &#8220;Beres\u00fcl&#8221; sava\u015f yeri anlam\u0131na geliyor. Nahit ta\u015f\u0131ndan in\u015fa edilen k\u00f6y evleri bug\u00fcn terk edilmi\u015f halde dursa da g\u00f6rselli\u011fi sizi etkilemeye yetiyor. Halfeti&#8217;den yapaca\u011f\u0131n\u0131z bir tekne gezisi ile Sava\u015fan K\u00f6y\u00fc k\u0131y\u0131lar\u0131ndan ge\u00e7ebilirsiniz. Zaman ay\u0131r\u0131p bu k\u00f6ye ayak basman\u0131z\u0131 ve dar sokaklar\u0131nda gezmenizi \u00f6neririz.<\/p>\n<h2><strong>6) Zeytinlik\u00f6y, G\u00f6k\u00e7eada &#8211; \u00c7anakkale<\/strong><\/h2>\n<p style=\"text-align: center;\"><strong><img loading=\"lazy\" decoding=\"async\" class=\"alignnone wp-image-2850\" src=\"https:\/\/www.julesverne.com.tr\/\/wp-content\/uploads\/2020\/09\/zeytinlikoy.jpg\" alt=\"\" width=\"1200\" height=\"800\" srcset=\"https:\/\/julesverne.com.tr\/wp-content\/uploads\/2020\/09\/zeytinlikoy.jpg 999w, https:\/\/julesverne.com.tr\/wp-content\/uploads\/2020\/09\/zeytinlikoy-500x333.jpg 500w, https:\/\/julesverne.com.tr\/wp-content\/uploads\/2020\/09\/zeytinlikoy-768x512.jpg 768w\" sizes=\"(max-width: 1200px) 100vw, 1200px\" \/><\/strong><\/p>\n<p>G\u00f6k\u00e7eada&#8217;n\u0131n en karakteristik tepe k\u00f6ylerinden biri olan Zeytinlik\u00f6y ad\u0131ndan anlayaca\u011f\u0131n\u0131z gibi zeytinlerle \u00e7evrili bir yama\u00e7ta yer al\u0131yor. Yemye\u015fil a\u011fa\u00e7lar\u0131n aras\u0131ndan s\u00fcz\u00fclen Rum evleri g\u00f6r\u00fcnt\u00fcs\u00fc kartpostal gibi duruyor. 16. y\u00fczy\u0131lda Rumlar taraf\u0131ndan kurulan k\u00f6y bir zamanlar adan\u0131n sosyalle\u015fme merkeziymi\u015f.<\/p>\n<p>G\u00fcn\u00fcm\u00fczde de evi olan Rumlar\u0131n geri d\u00f6nmesiyle Rumca konu\u015fmalar\u0131n yeniden sokaklar\u0131n\u0131 \u015fenlendirdi\u011fi k\u00f6y \u00f6zellikle yaz aylar\u0131nda bir hayli kalabal\u0131k. 4 mevsim ya\u015fayan n\u00fcfusu 50-60 ki\u015fi olsa da havalar\u0131n g\u00fczelle\u015fmesiyle renkli sokak kap\u0131lar\u0131n\u0131n \u00f6n\u00fc, minik meydanlar\u0131 ziyaret\u00e7ilerle doluyor. K\u00f6y\u00fcn en b\u00fcy\u00fck \u00f6zelli\u011fi ise Rum Ortodoks Patrikhanesi patri\u011fi 1.Bartholomeos&#8217;un bu k\u00f6yde d\u00fcnyaya gelmi\u015f olmas\u0131.<\/p>\n<h2><strong>7) \u00c7aml\u0131bel, Edremit &#8211; Bal\u0131kesir<\/strong><\/h2>\n<p style=\"text-align: center;\"><strong><img loading=\"lazy\" decoding=\"async\" class=\"alignnone wp-image-2851\" src=\"https:\/\/www.julesverne.com.tr\/\/wp-content\/uploads\/2020\/09\/camlibel.jpg\" alt=\"\" width=\"1200\" height=\"800\" srcset=\"https:\/\/julesverne.com.tr\/wp-content\/uploads\/2020\/09\/camlibel.jpg 999w, https:\/\/julesverne.com.tr\/wp-content\/uploads\/2020\/09\/camlibel-500x333.jpg 500w, https:\/\/julesverne.com.tr\/wp-content\/uploads\/2020\/09\/camlibel-768x512.jpg 768w\" sizes=\"(max-width: 1200px) 100vw, 1200px\" \/><\/strong><\/p>\n<p>G\u00fcnl\u00fck \u015fehir hayat\u0131nda sizi strese sokan durumlar\u0131n ne kadar \u00f6nemsiz ve bir o kadar sizden uzakta kald\u0131\u011f\u0131n\u0131 anlad\u0131\u011f\u0131n\u0131zda \u00c7aml\u0131bel K\u00f6y\u00fc&#8217;ne gelmi\u015fsiniz demektir. B\u00f6lgedeki di\u011fer k\u00f6ylerin aksine tahta barakalardan kurulan evler nedeniyle buraya &#8220;Tahtak\u00f6y&#8221; dendi\u011fine de rastlayabilirsiniz.<\/p>\n<p>Tarihi Bizans D\u00f6nemi&#8217;ne uzanan, Kazda\u011flar\u0131&#8217;n\u0131n yerel ruhunu koruyan k\u00f6yleri aras\u0131nda yer alan \u00c7aml\u0131bel zeytin a\u011fa\u00e7lar\u0131yla \u00e7evrili bir vadiden masmavi Edremit K\u00f6rfezi&#8217;ne bak\u0131yor. Hemen arkas\u0131nda Kaz Da\u011flar\u0131 Milli Park\u0131 yer al\u0131rken kendinizi do\u011fan\u0131n kalbine kolayca b\u0131rakabiliyorsunuz.<\/p>\n<h2><strong>8) Kayak\u00f6y, Fethiye &#8211; Mu\u011fla<\/strong><\/h2>\n<p style=\"text-align: center;\"><strong><img loading=\"lazy\" decoding=\"async\" class=\"alignnone wp-image-2852\" src=\"https:\/\/www.julesverne.com.tr\/\/wp-content\/uploads\/2020\/09\/kayakoy.jpg\" alt=\"\" width=\"1200\" height=\"868\" srcset=\"https:\/\/julesverne.com.tr\/wp-content\/uploads\/2020\/09\/kayakoy.jpg 999w, https:\/\/julesverne.com.tr\/wp-content\/uploads\/2020\/09\/kayakoy-500x362.jpg 500w, https:\/\/julesverne.com.tr\/wp-content\/uploads\/2020\/09\/kayakoy-768x556.jpg 768w\" sizes=\"(max-width: 1200px) 100vw, 1200px\" \/><\/strong><\/p>\n<p>Kayak\u00f6y&#8217;\u00fcn M.\u00d6. 3000&#8217;li y\u0131llara uzanan tarihi, Antik Likya kenti Karmilassos\u2019un kal\u0131nt\u0131lar\u0131 \u00fczerinde kurularak ba\u015flam\u0131\u015f. 14. y\u00fczy\u0131l itibariyle Rumlar\u0131n ya\u015fad\u0131\u011f\u0131 k\u00f6y m\u00fcbadele d\u00f6neminde tamamen bo\u015falt\u0131lm\u0131\u015f. T\u00fcrkler bir d\u00f6nem daha burada ya\u015fam\u0131 s\u00fcrd\u00fcrse de 1957 y\u0131l\u0131nda ya\u015fanan deprem ile k\u00f6y hasar g\u00f6rm\u00fc\u015f ve kaderine terk edilmi\u015f.<\/p>\n<p>Birbirinin manzaras\u0131na kapatmayacak \u015fekilde in\u015fa edilen 500 ev, 2 Yunan Ortodoks Kilisesi g\u00fcn\u00fcm\u00fczde koruma alt\u0131na al\u0131nm\u0131\u015f. Terk edilen evler g\u00fczelli\u011finden bir \u015fey kaybetmezken k\u00f6y\u00fcn yamac\u0131ndan izlenen g\u00fcn bat\u0131mlar\u0131n\u0131n tad\u0131 bir ba\u015fka.<\/p>\n<h2><strong>9) Kaynarp\u0131nar, Karaburun &#8211; \u0130zmir<\/strong><\/h2>\n<p style=\"text-align: center;\"><strong><img loading=\"lazy\" decoding=\"async\" class=\"alignnone wp-image-2853\" src=\"https:\/\/www.julesverne.com.tr\/\/wp-content\/uploads\/2020\/09\/kaynarpinar.jpg\" alt=\"\" width=\"1200\" height=\"796\" srcset=\"https:\/\/julesverne.com.tr\/wp-content\/uploads\/2020\/09\/kaynarpinar.jpg 999w, https:\/\/julesverne.com.tr\/wp-content\/uploads\/2020\/09\/kaynarpinar-500x332.jpg 500w, https:\/\/julesverne.com.tr\/wp-content\/uploads\/2020\/09\/kaynarpinar-768x510.jpg 768w\" sizes=\"(max-width: 1200px) 100vw, 1200px\" \/><\/strong><\/p>\n<p>Bir ucundan bir ucuna dakikalar i\u00e7inde ula\u015fabildi\u011finiz Kaynarp\u0131nar, Karaburun&#8217;un kendine has kalan yerle\u015fim yerlerinden. Do\u011fal g\u00fczelli\u011finin bilincinde olan k\u00f6yde her \u015fey basit ve sade. Bu sadelik ve basitlik buran\u0131n k\u0131ymetini belirleyen temel neden asl\u0131nda! Karaburun yar\u0131madas\u0131nda k\u00f6yler denizden bak\u0131ld\u0131\u011f\u0131nda g\u00f6r\u00fcnmeyecek \u015fekilde kurulurmu\u015f. Denizden gelecek korsan sald\u0131r\u0131lar\u0131na kar\u015f\u0131 \u00f6nlem olarak tercih edilen bu y\u00f6ntem bug\u00fcn mavi ve ye\u015filin bulu\u015ftu\u011fu g\u00fczelliklere a\u00e7\u0131l\u0131yor.<\/p>\n<h2><strong>10) Barbaros K\u00f6y\u00fc, Urla &#8211; \u0130zmir<\/strong><\/h2>\n<p style=\"text-align: center;\"><strong><img loading=\"lazy\" decoding=\"async\" class=\"alignnone wp-image-2854\" src=\"https:\/\/www.julesverne.com.tr\/\/wp-content\/uploads\/2020\/09\/barbaros_koyu.jpg\" alt=\"\" width=\"1200\" height=\"800\" srcset=\"https:\/\/julesverne.com.tr\/wp-content\/uploads\/2020\/09\/barbaros_koyu.jpg 999w, https:\/\/julesverne.com.tr\/wp-content\/uploads\/2020\/09\/barbaros_koyu-500x333.jpg 500w, https:\/\/julesverne.com.tr\/wp-content\/uploads\/2020\/09\/barbaros_koyu-768x512.jpg 768w\" sizes=\"(max-width: 1200px) 100vw, 1200px\" \/><\/strong><\/p>\n<p>Barbaros K\u00f6y\u00fc&#8217;n\u00fcn kurulu\u015f hik\u00e2yesiyle ba\u015flayal\u0131m. K\u00f6y\u00fcn ilk yerle\u015fim yeri olan Ba\u015fk\u00f6y&#8217;de veba salg\u0131n\u0131 ba\u015f g\u00f6sterince k\u00f6yl\u00fcler bir hayvan kesip, par\u00e7alar\u0131n\u0131 farkl\u0131 yerlere da\u011f\u0131t\u0131rlar. Etin bozuldu\u011fu yerde salg\u0131n olmayaca\u011f\u0131 inanc\u0131yla g\u00fcn\u00fcm\u00fczdeki lokasyonu yerle\u015fim yeri olarak belirlerler ve hayatlar\u0131n\u0131 burada kurarlar.<\/p>\n<p>Barbaros K\u00f6y\u00fc, birka\u00e7 y\u0131ld\u0131r d\u00fczenlenen Oyuk Festivali ile daha b\u00fcy\u00fck kitlelere ula\u015ft\u0131. \u0130nsan boyundaki bez bebeklere verilen Oyuk ismi k\u00f6yde onlarca yarat\u0131c\u0131 tasar\u0131mla bulu\u015fuyor. Her y\u0131l bahar aylar\u0131nda d\u00fczenlenen festival ile her k\u00f6\u015fe ba\u015f\u0131nda farkl\u0131 bir oyukla kar\u015f\u0131la\u015fabilirsiniz. K\u00f6y\u00fcn s\u00fcrprizi bununla da s\u0131n\u0131rl\u0131 de\u011fil. Evlerin baz\u0131lar\u0131nda as\u0131l\u0131 olan &#8220;\u00c7at Kap\u0131 Evi&#8221; yaz\u0131s\u0131 bu evlere bir s\u0131cak merhaba ile girebilece\u011finiz anlam\u0131na geliyor. G\u00fczel bir yemek yiyip, \u00e7ay-kahve i\u00e7tikten sonra uygun bir \u00fccret \u00f6deyerek ayr\u0131labilirsiniz.<\/p>\n<h2><strong>11) Haremtepe (\u00c7e\u00e7eva) K\u00f6y\u00fc, \u00c7ayeli &#8211; Rize<\/strong><\/h2>\n<p style=\"text-align: center;\"><strong><img loading=\"lazy\" decoding=\"async\" class=\"alignnone wp-image-2855\" src=\"https:\/\/www.julesverne.com.tr\/\/wp-content\/uploads\/2020\/09\/ceceva.jpg\" alt=\"\" width=\"1200\" height=\"937\" srcset=\"https:\/\/julesverne.com.tr\/wp-content\/uploads\/2020\/09\/ceceva.jpg 854w, https:\/\/julesverne.com.tr\/wp-content\/uploads\/2020\/09\/ceceva-500x391.jpg 500w, https:\/\/julesverne.com.tr\/wp-content\/uploads\/2020\/09\/ceceva-768x600.jpg 768w\" sizes=\"(max-width: 1200px) 100vw, 1200px\" \/><\/strong><\/p>\n<p>Kenan ve Fatma \u00c7ift\u00e7i&#8217;nin b\u00fcy\u00fck bir sevgi ve \u00f6zveriyle hayat verdikleri \u00e7ay tarlalar\u0131 bug\u00fcn seyretmeye doyamad\u0131\u011f\u0131m\u0131z bir yere d\u00f6n\u00fc\u015ft\u00fc. \u00c7ayeli&#8217;ne ba\u011fl\u0131 olan ve yakla\u015f\u0131k 20 haneli Haremtepe (\u00c7e\u00e7eva) K\u00f6y\u00fc dik bir yamaca kurulmu\u015f.<\/p>\n<p>Bu Karadenizli \u00e7iftin b\u00fcy\u00fck emeklerle, belirli bir d\u00fczende ektikleri \u00e7ay tarlalar\u0131 daha sonra ke\u015ffedilerek hem gezginlerin u\u011frak noktas\u0131 olmu\u015f hem de reklamlara konu olmu\u015f. Do\u011fan\u0131n g\u00fczelli\u011fine bir kez daha hayran kalaca\u011f\u0131n\u0131z Karadeniz rotan\u0131zda \u00c7e\u00e7eva da ho\u015f bir an\u0131 olarak kalacak.<\/p>\n<h2><strong>12) Ap\u00e7a\u011fa, Kemaliye &#8211; Erzincan<\/strong><\/h2>\n<p style=\"text-align: center;\"><strong><img loading=\"lazy\" decoding=\"async\" class=\"alignnone wp-image-2856\" src=\"https:\/\/www.julesverne.com.tr\/\/wp-content\/uploads\/2020\/09\/apcaga.jpg\" alt=\"\" width=\"1200\" height=\"800\" srcset=\"https:\/\/julesverne.com.tr\/wp-content\/uploads\/2020\/09\/apcaga.jpg 960w, https:\/\/julesverne.com.tr\/wp-content\/uploads\/2020\/09\/apcaga-500x333.jpg 500w, https:\/\/julesverne.com.tr\/wp-content\/uploads\/2020\/09\/apcaga-768x512.jpg 768w\" sizes=\"(max-width: 1200px) 100vw, 1200px\" \/><\/strong><\/p>\n<p>&#8220;\u00c7a\u011flayan Su&#8221; anlam\u0131na gelen Ap\u00e7a\u011fa K\u00f6y\u00fc, Erzincan&#8217;a ba\u011fl\u0131 Kemaliye&#8217;nin en g\u00fczel k\u00f6ylerinden. F\u0131rat Nehri&#8217;nin b\u00f6ld\u00fc\u011f\u00fc bir vadi yamac\u0131na kurulan Ap\u00e7a\u011fa asl\u0131nda \u015fair Ahmet Kutsi Tecer&#8217;in &#8220;Orada bir k\u00f6y var uzakta&#8221; \u015fiiri ile tan\u0131yor.<\/p>\n<p>Bu k\u00f6yde do\u011fan ve evine olan \u00f6zlemi yans\u0131tan dizeleriyle akl\u0131m\u0131za kaz\u0131nan \u015fiir ile Ap\u00e7a\u011fa, Osmanl\u0131 sivil mimari \u00f6zelliklerini yans\u0131tan evleriyle g\u00f6r\u00fclmeye de\u011fer. \u00c7evre ve K\u00fclt\u00fcr De\u011ferlerini Koruma ve Tan\u0131tma (\u00c7EK\u00dcL) Vakf\u0131\u2019n\u0131n \u201c7 B\u00f6lge 7 Kent\u201d projesinde yer almas\u0131 ile tarihi de\u011fer ta\u015f\u0131yan ah\u015fap evler koruma alt\u0131na al\u0131nm\u0131\u015f.<\/p>\n<h2><strong>13) Cumal\u0131k\u0131z\u0131k, Y\u0131ld\u0131r\u0131m &#8211; Bursa<\/strong><\/h2>\n<p style=\"text-align: center;\"><img loading=\"lazy\" decoding=\"async\" class=\"alignnone wp-image-8626\" src=\"https:\/\/julesverne.com.tr\/wp-content\/uploads\/2020\/04\/Cumalikizik_Bursa_shutterstock_1561977634-500x334.jpg\" alt=\"\" width=\"1200\" height=\"800\" srcset=\"https:\/\/julesverne.com.tr\/wp-content\/uploads\/2020\/04\/Cumalikizik_Bursa_shutterstock_1561977634-500x334.jpg 500w, https:\/\/julesverne.com.tr\/wp-content\/uploads\/2020\/04\/Cumalikizik_Bursa_shutterstock_1561977634-768x512.jpg 768w, https:\/\/julesverne.com.tr\/wp-content\/uploads\/2020\/04\/Cumalikizik_Bursa_shutterstock_1561977634.jpg 1000w\" sizes=\"(max-width: 1200px) 100vw, 1200px\" \/><\/p>\n<p>O\u011fuz T\u00fcrkleri\u2019nin 24 boyundan biri olan K\u0131z\u0131k Beyleri taraf\u0131ndan kurulan Cumal\u0131k\u0131z\u0131k K\u00f6y\u00fc&#8217;n\u00fcn tarihi 14. y\u00fczy\u0131la uzan\u0131yor. Uluda\u011f eteklerinde yer alan k\u00f6y Osmanl\u0131 sivil mimarisinin en iyi \u00f6rneklerinden birine sahip.<\/p>\n<p>700 y\u0131ll\u0131k bir mimari gelene\u011fin ya\u015fad\u0131\u011f\u0131 k\u00f6y evleri en iyi \u015fekilde muhafaza edilerek g\u00fcn\u00fcm\u00fcze gelmeyi ba\u015farm\u0131\u015f. UNESCO D\u00fcnya Miraslar\u0131 Ge\u00e7ici Listesi\u2019nde yer alan k\u00f6y\u00fcn ah\u015fap ve kerpi\u00e7ten in\u015fa edilen renkli evleri, dar sokaklar\u0131 zaman t\u00fcnelinde gibi hissettiriyor.<\/p>\n<h2><strong>14) Ye\u015filyurt, Ayvac\u0131k &#8211; \u00c7anakkale<\/strong><\/h2>\n<p style=\"text-align: center;\"><strong><img loading=\"lazy\" decoding=\"async\" class=\"alignnone wp-image-2858\" src=\"https:\/\/www.julesverne.com.tr\/\/wp-content\/uploads\/2020\/09\/yesilyurt-1.jpg\" alt=\"\" width=\"1200\" height=\"800\" srcset=\"https:\/\/julesverne.com.tr\/wp-content\/uploads\/2020\/09\/yesilyurt-1.jpg 999w, https:\/\/julesverne.com.tr\/wp-content\/uploads\/2020\/09\/yesilyurt-1-500x333.jpg 500w, https:\/\/julesverne.com.tr\/wp-content\/uploads\/2020\/09\/yesilyurt-1-768x512.jpg 768w\" sizes=\"(max-width: 1200px) 100vw, 1200px\" \/><\/strong><\/p>\n<p>1355 y\u0131l\u0131nda O\u011fuz Boylar\u0131&#8217;ndan \u00c7epni Boyu taraf\u0131ndan kurulan Ye\u015filyurt &#8220;yery\u00fcz\u00fcndeki cennet&#8221; benzetmesini en \u00e7ok hak eden yerlerden. Kazda\u011flar\u0131&#8217;n\u0131n eteklerinde deniz ve da\u011f aras\u0131ndaki e\u015fsiz konumuyla do\u011fan\u0131n t\u00fcm g\u00fczelliklerine kucak a\u00e7an k\u00f6y\u00fcn ta\u015f evleri bitki \u00f6rt\u00fcs\u00fc ile ahenk i\u00e7erisinde.<\/p>\n<p>Uzun y\u0131llar Rumlar ve T\u00fcrklerin bir arada ya\u015fad\u0131\u011f\u0131 Ye\u015filyurt&#8217;ta, m\u00fcbadele nedeniyle Rumlar evlerini terk etmek zorunda kalm\u0131\u015f. Karde\u015fli\u011fin baki kald\u0131\u011f\u0131 k\u00f6y\u00fc gezerken \u015fifal\u0131 bitkilerin, \u00e7i\u00e7ekleri, a\u011fa\u00e7lar\u0131n kokusu sizi teslim alacak.<\/p>\n<h2><strong>15) Maral K\u00f6y\u00fc, Ma\u00e7ahel &#8211; Artvin<\/strong><\/h2>\n<p style=\"text-align: center;\"><strong><img loading=\"lazy\" decoding=\"async\" class=\"alignnone size-full wp-image-2859\" src=\"https:\/\/www.julesverne.com.tr\/\/wp-content\/uploads\/2020\/09\/maral.jpg\" alt=\"\" width=\"1196\" height=\"877\" srcset=\"https:\/\/julesverne.com.tr\/wp-content\/uploads\/2020\/09\/maral.jpg 1196w, https:\/\/julesverne.com.tr\/wp-content\/uploads\/2020\/09\/maral-500x367.jpg 500w, https:\/\/julesverne.com.tr\/wp-content\/uploads\/2020\/09\/maral-768x563.jpg 768w\" sizes=\"(max-width: 1196px) 100vw, 1196px\" \/><\/strong><\/p>\n<p>Karadeniz&#8217;in en g\u00fczel vadilerinden biri de tart\u0131\u015fmas\u0131z Ma\u00e7ahel. Ma\u00e7ahel B\u00f6lgesi&#8217;nin hik\u00e2yesi de do\u011fas\u0131 kadar ilgi \u00e7ekici. G\u00fcrcistan&#8217;\u0131n g\u00fcneybat\u0131 ucu ile T\u00fcrkiye&#8217;nin kuzeydo\u011fu ucunda iki \u00fclke s\u0131n\u0131r\u0131na yay\u0131lan vadi i\u00e7in 1921 y\u0131l\u0131nda T\u00fcrkiye-Rusya aras\u0131nda bir s\u0131n\u0131r anla\u015fmas\u0131 yap\u0131lm\u0131\u015f.<\/p>\n<p>Anla\u015fmaya g\u00f6re vadide yer alan 18 k\u00f6yden 6 tanesi T\u00fcrkiye s\u0131n\u0131rlar\u0131 i\u00e7erisinde kalm\u0131\u015f. Bu k\u00f6ylerden biri de Maral K\u00f6y\u00fc. Camili y\u00f6resindeki bu M\u00fcsl\u00fcman G\u00fcrc\u00fc k\u00f6y\u00fc Artvin do\u011fas\u0131n\u0131n mucizeleriyle donat\u0131lm\u0131\u015f. Ye\u015filin her tonunu g\u00f6rebilirsiniz.<\/p>\n<h2><strong>BONUS: \u015eirince K\u00f6y\u00fc, Sel\u00e7uk &#8211; \u0130zmir<\/strong><\/h2>\n<p style=\"text-align: center;\"><strong><img loading=\"lazy\" decoding=\"async\" class=\"alignnone wp-image-2860\" src=\"https:\/\/www.julesverne.com.tr\/\/wp-content\/uploads\/2020\/09\/sirincekoyu.jpg\" alt=\"\" width=\"1200\" height=\"801\" srcset=\"https:\/\/julesverne.com.tr\/wp-content\/uploads\/2020\/09\/sirincekoyu.jpg 999w, https:\/\/julesverne.com.tr\/wp-content\/uploads\/2020\/09\/sirincekoyu-500x334.jpg 500w, https:\/\/julesverne.com.tr\/wp-content\/uploads\/2020\/09\/sirincekoyu-768x513.jpg 768w\" sizes=\"(max-width: 1200px) 100vw, 1200px\" \/><\/strong><\/p>\n<p>Gizli bir cennet iken ke\u015ffedilmesiyle Ege rotalar\u0131n\u0131n vazge\u00e7ilmezi haline gelen \u015eirince K\u00f6y\u00fc zaman kavram\u0131ndan uzakta bir hayat\u0131n g\u00fcn\u00fcm\u00fczde m\u00fcmk\u00fcn oldu\u011funun canl\u0131 kan\u0131t\u0131. \u0130zmir&#8217;in Sel\u00e7uk il\u00e7esine yak\u0131n bir tepede kurulan k\u00f6y\u00fcn tarihi M.S. 5. y\u00fczy\u0131la dayan\u0131yor. Bug\u00fcn k\u00f6y\u00fcn mimarisini ortaya \u00e7\u0131karan evlerde Osmanl\u0131 ve Rum mimari izlerini bir arada g\u00f6rebilirsiniz.<\/p>\n<p>M\u00fcbadele y\u0131llar\u0131na kadar Rumlar\u0131n a\u011f\u0131rl\u0131kta ya\u015fad\u0131\u011f\u0131 k\u00f6yde b\u0131rakt\u0131klar\u0131 k\u00fclt\u00fcrel izleri bug\u00fcn de deneyimlemek m\u00fcmk\u00fcn. K\u00f6y\u00fcn do\u011fal ve mimari g\u00fczelli\u011finin yan\u0131 s\u0131ra T\u00fcrkiye \u015farap rotalar\u0131 aras\u0131nda yer almas\u0131 da \u015eirince&#8217;nin \u00f6nemini artt\u0131r\u0131yor. Seviyorsan\u0131z meyveli \u015faraplar\u0131n\u0131 denemelisiniz.<\/p>\n<h4 style=\"text-align: center;\">Size \u00f6zel seyahat program\u0131 ve rezervasyon i\u00e7in:<br \/>\n<strong><a href=\"mailto:travel@julesverne.com.tr\" target=\"_blank\" rel=\"noopener noreferrer\">travel@julesverne.com.tr<br \/>\n<\/a><\/strong><\/h4>\n","protected":false},"excerpt":{"rendered":"<p>I\u015f\u0131lt\u0131l\u0131 ve hareketli b&uuml;y&uuml;k \u015fehirleri arkam\u0131zda b\u0131rak\u0131p sakinli\u011fi, mimarileri, hik&acirc;yeleriyle ilgi uyand\u0131ran k&ouml;ylere do\u011fru yola &ccedil;\u0131k\u0131yoruz.&nbsp;<\/p>\n","protected":false},"author":1,"featured_media":2849,"comment_status":"closed","ping_status":"closed","sticky":false,"template":"","format":"standard","meta":{"inline_featured_image":false,"footnotes":""},"categories":[38,1,39],"tags":[73,129],"acf":[],"yoast_head":"<!-- This site is optimized with the Yoast SEO plugin v22.3 - https:\/\/yoast.com\/wordpress\/plugins\/seo\/ -->\n<title>T\u00fcrkiye\u2019nin En G\u00fczel K\u00f6yleri - JULES VERNE BUSINESS MICE TRAVEL<\/title>\n<meta name=\"description\" content=\"Yemye\u015fil vadilerden masmavi k\u0131y\u0131lara uzanan T\u00fcrkiye\u2019de mutlaka g\u00f6r\u00fclmesi gereken 15 k\u00f6y\u2026\" \/>\n<meta name=\"robots\" content=\"index, follow, max-snippet:-1, max-image-preview:large, max-video-preview:-1\" \/>\n<link rel=\"canonical\" href=\"https:\/\/julesverne.com.tr\/travel-blog\/turkiyenin-en-guzel-koyleri\/\" \/>\n<meta property=\"og:locale\" content=\"en_US\" \/>\n<meta property=\"og:type\" content=\"article\" \/>\n<meta property=\"og:title\" content=\"T\u00fcrkiye\u2019nin En G\u00fczel K\u00f6yleri - JULES VERNE BUSINESS MICE TRAVEL\" \/>\n<meta property=\"og:description\" content=\"Yemye\u015fil vadilerden masmavi k\u0131y\u0131lara uzanan T\u00fcrkiye\u2019de mutlaka g\u00f6r\u00fclmesi gereken 15 k\u00f6y\u2026\" \/>\n<meta property=\"og:url\" content=\"https:\/\/julesverne.com.tr\/travel-blog\/turkiyenin-en-guzel-koyleri\/\" \/>\n<meta property=\"og:site_name\" content=\"JULES VERNE BUSINESS MICE TRAVEL\" \/>\n<meta property=\"article:publisher\" content=\"https:\/\/www.facebook.com\/JulesVerneBusinessMiceTravel\/\" \/>\n<meta property=\"article:published_time\" content=\"2021-06-01T07:27:39+00:00\" \/>\n<meta property=\"article:modified_time\" content=\"2021-06-01T10:53:25+00:00\" \/>\n<meta property=\"og:image\" content=\"https:\/\/julesverne.com.tr\/wp-content\/uploads\/2020\/09\/savasan.jpg\" \/>\n\t<meta property=\"og:image:width\" content=\"999\" \/>\n\t<meta property=\"og:image:height\" content=\"685\" \/>\n\t<meta property=\"og:image:type\" content=\"image\/jpeg\" \/>\n<meta name=\"author\" content=\"fikirman\" \/>\n<meta name=\"twitter:card\" content=\"summary_large_image\" \/>\n<meta name=\"twitter:creator\" content=\"@JV_BusinessMice\" \/>\n<meta name=\"twitter:site\" content=\"@JV_BusinessMice\" \/>\n<meta name=\"twitter:label1\" content=\"Written by\" \/>\n\t<meta name=\"twitter:data1\" content=\"fikirman\" \/>\n\t<meta name=\"twitter:label2\" content=\"Est. reading time\" \/>\n\t<meta name=\"twitter:data2\" content=\"10 minutes\" \/>\n<script type=\"application\/ld+json\" class=\"yoast-schema-graph\">{\"@context\":\"https:\/\/schema.org\",\"@graph\":[{\"@type\":\"Article\",\"@id\":\"https:\/\/julesverne.com.tr\/travel-blog\/turkiyenin-en-guzel-koyleri\/#article\",\"isPartOf\":{\"@id\":\"https:\/\/julesverne.com.tr\/travel-blog\/turkiyenin-en-guzel-koyleri\/\"},\"author\":{\"name\":\"fikirman\",\"@id\":\"https:\/\/julesverne.com.tr\/#\/schema\/person\/f4eb0514ae455538644c31b99a466fdb\"},\"headline\":\"T\u00fcrkiye\u2019nin En G\u00fczel K\u00f6yleri\",\"datePublished\":\"2021-06-01T07:27:39+00:00\",\"dateModified\":\"2021-06-01T10:53:25+00:00\",\"mainEntityOfPage\":{\"@id\":\"https:\/\/julesverne.com.tr\/travel-blog\/turkiyenin-en-guzel-koyleri\/\"},\"wordCount\":2174,\"publisher\":{\"@id\":\"https:\/\/julesverne.com.tr\/#organization\"},\"image\":{\"@id\":\"https:\/\/julesverne.com.tr\/travel-blog\/turkiyenin-en-guzel-koyleri\/#primaryimage\"},\"thumbnailUrl\":\"https:\/\/julesverne.com.tr\/wp-content\/uploads\/2020\/09\/savasan.jpg\",\"keywords\":[\"Nereye Gitsek\",\"T\u00fcrkiye\"],\"articleSection\":[\"\u0130lham Veren Destinasyonlar\",\"Blog\",\"Nereye Gitsek?\"],\"inLanguage\":\"en-US\"},{\"@type\":\"WebPage\",\"@id\":\"https:\/\/julesverne.com.tr\/travel-blog\/turkiyenin-en-guzel-koyleri\/\",\"url\":\"https:\/\/julesverne.com.tr\/travel-blog\/turkiyenin-en-guzel-koyleri\/\",\"name\":\"T\u00fcrkiye\u2019nin En G\u00fczel K\u00f6yleri - JULES VERNE BUSINESS MICE TRAVEL\",\"isPartOf\":{\"@id\":\"https:\/\/julesverne.com.tr\/#website\"},\"primaryImageOfPage\":{\"@id\":\"https:\/\/julesverne.com.tr\/travel-blog\/turkiyenin-en-guzel-koyleri\/#primaryimage\"},\"image\":{\"@id\":\"https:\/\/julesverne.com.tr\/travel-blog\/turkiyenin-en-guzel-koyleri\/#primaryimage\"},\"thumbnailUrl\":\"https:\/\/julesverne.com.tr\/wp-content\/uploads\/2020\/09\/savasan.jpg\",\"datePublished\":\"2021-06-01T07:27:39+00:00\",\"dateModified\":\"2021-06-01T10:53:25+00:00\",\"description\":\"Yemye\u015fil vadilerden masmavi k\u0131y\u0131lara uzanan T\u00fcrkiye\u2019de mutlaka g\u00f6r\u00fclmesi gereken 15 k\u00f6y\u2026\",\"breadcrumb\":{\"@id\":\"https:\/\/julesverne.com.tr\/travel-blog\/turkiyenin-en-guzel-koyleri\/#breadcrumb\"},\"inLanguage\":\"en-US\",\"potentialAction\":[{\"@type\":\"ReadAction\",\"target\":[\"https:\/\/julesverne.com.tr\/travel-blog\/turkiyenin-en-guzel-koyleri\/\"]}]},{\"@type\":\"ImageObject\",\"inLanguage\":\"en-US\",\"@id\":\"https:\/\/julesverne.com.tr\/travel-blog\/turkiyenin-en-guzel-koyleri\/#primaryimage\",\"url\":\"https:\/\/julesverne.com.tr\/wp-content\/uploads\/2020\/09\/savasan.jpg\",\"contentUrl\":\"https:\/\/julesverne.com.tr\/wp-content\/uploads\/2020\/09\/savasan.jpg\",\"width\":999,\"height\":685},{\"@type\":\"BreadcrumbList\",\"@id\":\"https:\/\/julesverne.com.tr\/travel-blog\/turkiyenin-en-guzel-koyleri\/#breadcrumb\",\"itemListElement\":[{\"@type\":\"ListItem\",\"position\":1,\"name\":\"Anasayfa\",\"item\":\"https:\/\/julesverne.com.tr\/\"},{\"@type\":\"ListItem\",\"position\":2,\"name\":\"T\u00fcrkiye\u2019nin En G\u00fczel K\u00f6yleri\"}]},{\"@type\":\"WebSite\",\"@id\":\"https:\/\/julesverne.com.tr\/#website\",\"url\":\"https:\/\/julesverne.com.tr\/\",\"name\":\"JULES VERNE BUSINESS MICE TRAVEL\",\"description\":\"\",\"publisher\":{\"@id\":\"https:\/\/julesverne.com.tr\/#organization\"},\"potentialAction\":[{\"@type\":\"SearchAction\",\"target\":{\"@type\":\"EntryPoint\",\"urlTemplate\":\"https:\/\/julesverne.com.tr\/?s={search_term_string}\"},\"query-input\":\"required name=search_term_string\"}],\"inLanguage\":\"en-US\"},{\"@type\":\"Organization\",\"@id\":\"https:\/\/julesverne.com.tr\/#organization\",\"name\":\"JULES VERNE BUSINESS MICE TRAVEL\",\"url\":\"https:\/\/julesverne.com.tr\/\",\"logo\":{\"@type\":\"ImageObject\",\"inLanguage\":\"en-US\",\"@id\":\"https:\/\/julesverne.com.tr\/#\/schema\/logo\/image\/\",\"url\":\"https:\/\/julesverne.com.tr\/wp-content\/uploads\/2020\/09\/jv-bmt-logo.png\",\"contentUrl\":\"https:\/\/julesverne.com.tr\/wp-content\/uploads\/2020\/09\/jv-bmt-logo.png\",\"width\":110,\"height\":81,\"caption\":\"JULES VERNE BUSINESS MICE TRAVEL\"},\"image\":{\"@id\":\"https:\/\/julesverne.com.tr\/#\/schema\/logo\/image\/\"},\"sameAs\":[\"https:\/\/www.facebook.com\/JulesVerneBusinessMiceTravel\/\",\"https:\/\/twitter.com\/JV_BusinessMice\",\"https:\/\/www.instagram.com\/julesvernebusinessmicetravel\/\",\"https:\/\/www.linkedin.com\/company\/julesvernebusinessmicetravel\/\",\"https:\/\/www.youtube.com\/channel\/UCAwdsmbZ6tFhu1tea6pkpiw\"]},{\"@type\":\"Person\",\"@id\":\"https:\/\/julesverne.com.tr\/#\/schema\/person\/f4eb0514ae455538644c31b99a466fdb\",\"name\":\"fikirman\",\"sameAs\":[\"http:\/\/advermedya.net\/julesverne\"],\"url\":\"https:\/\/julesverne.com.tr\/en\/author\/fikirman\/\"}]}<\/script>\n<!-- \/ Yoast SEO plugin. -->","yoast_head_json":{"title":"T\u00fcrkiye\u2019nin En G\u00fczel K\u00f6yleri - JULES VERNE BUSINESS MICE TRAVEL","description":"Yemye\u015fil vadilerden masmavi k\u0131y\u0131lara uzanan T\u00fcrkiye\u2019de mutlaka g\u00f6r\u00fclmesi gereken 15 k\u00f6y\u2026","robots":{"index":"index","follow":"follow","max-snippet":"max-snippet:-1","max-image-preview":"max-image-preview:large","max-video-preview":"max-video-preview:-1"},"canonical":"https:\/\/julesverne.com.tr\/travel-blog\/turkiyenin-en-guzel-koyleri\/","og_locale":"en_US","og_type":"article","og_title":"T\u00fcrkiye\u2019nin En G\u00fczel K\u00f6yleri - JULES VERNE BUSINESS MICE TRAVEL","og_description":"Yemye\u015fil vadilerden masmavi k\u0131y\u0131lara uzanan T\u00fcrkiye\u2019de mutlaka g\u00f6r\u00fclmesi gereken 15 k\u00f6y\u2026","og_url":"https:\/\/julesverne.com.tr\/travel-blog\/turkiyenin-en-guzel-koyleri\/","og_site_name":"JULES VERNE BUSINESS MICE TRAVEL","article_publisher":"https:\/\/www.facebook.com\/JulesVerneBusinessMiceTravel\/","article_published_time":"2021-06-01T07:27:39+00:00","article_modified_time":"2021-06-01T10:53:25+00:00","og_image":[{"width":999,"height":685,"url":"https:\/\/julesverne.com.tr\/wp-content\/uploads\/2020\/09\/savasan.jpg","type":"image\/jpeg"}],"author":"fikirman","twitter_card":"summary_large_image","twitter_creator":"@JV_BusinessMice","twitter_site":"@JV_BusinessMice","twitter_misc":{"Written by":"fikirman","Est. reading time":"10 minutes"},"schema":{"@context":"https:\/\/schema.org","@graph":[{"@type":"Article","@id":"https:\/\/julesverne.com.tr\/travel-blog\/turkiyenin-en-guzel-koyleri\/#article","isPartOf":{"@id":"https:\/\/julesverne.com.tr\/travel-blog\/turkiyenin-en-guzel-koyleri\/"},"author":{"name":"fikirman","@id":"https:\/\/julesverne.com.tr\/#\/schema\/person\/f4eb0514ae455538644c31b99a466fdb"},"headline":"T\u00fcrkiye\u2019nin En G\u00fczel K\u00f6yleri","datePublished":"2021-06-01T07:27:39+00:00","dateModified":"2021-06-01T10:53:25+00:00","mainEntityOfPage":{"@id":"https:\/\/julesverne.com.tr\/travel-blog\/turkiyenin-en-guzel-koyleri\/"},"wordCount":2174,"publisher":{"@id":"https:\/\/julesverne.com.tr\/#organization"},"image":{"@id":"https:\/\/julesverne.com.tr\/travel-blog\/turkiyenin-en-guzel-koyleri\/#primaryimage"},"thumbnailUrl":"https:\/\/julesverne.com.tr\/wp-content\/uploads\/2020\/09\/savasan.jpg","keywords":["Nereye Gitsek","T\u00fcrkiye"],"articleSection":["\u0130lham Veren Destinasyonlar","Blog","Nereye Gitsek?"],"inLanguage":"en-US"},{"@type":"WebPage","@id":"https:\/\/julesverne.com.tr\/travel-blog\/turkiyenin-en-guzel-koyleri\/","url":"https:\/\/julesverne.com.tr\/travel-blog\/turkiyenin-en-guzel-koyleri\/","name":"T\u00fcrkiye\u2019nin En G\u00fczel K\u00f6yleri - JULES VERNE BUSINESS MICE TRAVEL","isPartOf":{"@id":"https:\/\/julesverne.com.tr\/#website"},"primaryImageOfPage":{"@id":"https:\/\/julesverne.com.tr\/travel-blog\/turkiyenin-en-guzel-koyleri\/#primaryimage"},"image":{"@id":"https:\/\/julesverne.com.tr\/travel-blog\/turkiyenin-en-guzel-koyleri\/#primaryimage"},"thumbnailUrl":"https:\/\/julesverne.com.tr\/wp-content\/uploads\/2020\/09\/savasan.jpg","datePublished":"2021-06-01T07:27:39+00:00","dateModified":"2021-06-01T10:53:25+00:00","description":"Yemye\u015fil vadilerden masmavi k\u0131y\u0131lara uzanan T\u00fcrkiye\u2019de mutlaka g\u00f6r\u00fclmesi gereken 15 k\u00f6y\u2026","breadcrumb":{"@id":"https:\/\/julesverne.com.tr\/travel-blog\/turkiyenin-en-guzel-koyleri\/#breadcrumb"},"inLanguage":"en-US","potentialAction":[{"@type":"ReadAction","target":["https:\/\/julesverne.com.tr\/travel-blog\/turkiyenin-en-guzel-koyleri\/"]}]},{"@type":"ImageObject","inLanguage":"en-US","@id":"https:\/\/julesverne.com.tr\/travel-blog\/turkiyenin-en-guzel-koyleri\/#primaryimage","url":"https:\/\/julesverne.com.tr\/wp-content\/uploads\/2020\/09\/savasan.jpg","contentUrl":"https:\/\/julesverne.com.tr\/wp-content\/uploads\/2020\/09\/savasan.jpg","width":999,"height":685},{"@type":"BreadcrumbList","@id":"https:\/\/julesverne.com.tr\/travel-blog\/turkiyenin-en-guzel-koyleri\/#breadcrumb","itemListElement":[{"@type":"ListItem","position":1,"name":"Anasayfa","item":"https:\/\/julesverne.com.tr\/"},{"@type":"ListItem","position":2,"name":"T\u00fcrkiye\u2019nin En G\u00fczel K\u00f6yleri"}]},{"@type":"WebSite","@id":"https:\/\/julesverne.com.tr\/#website","url":"https:\/\/julesverne.com.tr\/","name":"JULES VERNE BUSINESS MICE TRAVEL","description":"","publisher":{"@id":"https:\/\/julesverne.com.tr\/#organization"},"potentialAction":[{"@type":"SearchAction","target":{"@type":"EntryPoint","urlTemplate":"https:\/\/julesverne.com.tr\/?s={search_term_string}"},"query-input":"required name=search_term_string"}],"inLanguage":"en-US"},{"@type":"Organization","@id":"https:\/\/julesverne.com.tr\/#organization","name":"JULES VERNE BUSINESS MICE TRAVEL","url":"https:\/\/julesverne.com.tr\/","logo":{"@type":"ImageObject","inLanguage":"en-US","@id":"https:\/\/julesverne.com.tr\/#\/schema\/logo\/image\/","url":"https:\/\/julesverne.com.tr\/wp-content\/uploads\/2020\/09\/jv-bmt-logo.png","contentUrl":"https:\/\/julesverne.com.tr\/wp-content\/uploads\/2020\/09\/jv-bmt-logo.png","width":110,"height":81,"caption":"JULES VERNE BUSINESS MICE TRAVEL"},"image":{"@id":"https:\/\/julesverne.com.tr\/#\/schema\/logo\/image\/"},"sameAs":["https:\/\/www.facebook.com\/JulesVerneBusinessMiceTravel\/","https:\/\/twitter.com\/JV_BusinessMice","https:\/\/www.instagram.com\/julesvernebusinessmicetravel\/","https:\/\/www.linkedin.com\/company\/julesvernebusinessmicetravel\/","https:\/\/www.youtube.com\/channel\/UCAwdsmbZ6tFhu1tea6pkpiw"]},{"@type":"Person","@id":"https:\/\/julesverne.com.tr\/#\/schema\/person\/f4eb0514ae455538644c31b99a466fdb","name":"fikirman","sameAs":["http:\/\/advermedya.net\/julesverne"],"url":"https:\/\/julesverne.com.tr\/en\/author\/fikirman\/"}]}},"_links":{"self":[{"href":"https:\/\/julesverne.com.tr\/en\/wp-json\/wp\/v2\/posts\/2282"}],"collection":[{"href":"https:\/\/julesverne.com.tr\/en\/wp-json\/wp\/v2\/posts"}],"about":[{"href":"https:\/\/julesverne.com.tr\/en\/wp-json\/wp\/v2\/types\/post"}],"author":[{"embeddable":true,"href":"https:\/\/julesverne.com.tr\/en\/wp-json\/wp\/v2\/users\/1"}],"replies":[{"embeddable":true,"href":"https:\/\/julesverne.com.tr\/en\/wp-json\/wp\/v2\/comments?post=2282"}],"version-history":[{"count":0,"href":"https:\/\/julesverne.com.tr\/en\/wp-json\/wp\/v2\/posts\/2282\/revisions"}],"wp:featuredmedia":[{"embeddable":true,"href":"https:\/\/julesverne.com.tr\/en\/wp-json\/wp\/v2\/media\/2849"}],"wp:attachment":[{"href":"https:\/\/julesverne.com.tr\/en\/wp-json\/wp\/v2\/media?parent=2282"}],"wp:term":[{"taxonomy":"category","embeddable":true,"href":"https:\/\/julesverne.com.tr\/en\/wp-json\/wp\/v2\/categories?post=2282"},{"taxonomy":"post_tag","embeddable":true,"href":"https:\/\/julesverne.com.tr\/en\/wp-json\/wp\/v2\/tags?post=2282"}],"curies":[{"name":"wp","href":"https:\/\/api.w.org\/{rel}","templated":true}]}}