{"id":2262,"date":"2023-08-22T16:14:53","date_gmt":"2023-08-22T13:14:53","guid":{"rendered":"https:\/\/www.julesverne.com.tr\/\/blog\/ruhumuza-iyi-gelecek-dunyanin-en-renkli-10-yeri\/"},"modified":"2023-08-25T09:54:26","modified_gmt":"2023-08-25T06:54:26","slug":"dunyanin-en-renkli-rotalari","status":"publish","type":"post","link":"https:\/\/julesverne.com.tr\/en\/travel-blog\/dunyanin-en-renkli-rotalari\/","title":{"rendered":"Ruhumuza \u0130yi Gelecek D\u00fcnyan\u0131n En Renkli 10 Yeri"},"content":{"rendered":"<p><\/p>\n<p style=\"text-align: center;\"><img loading=\"lazy\" decoding=\"async\" class=\"alignnone size-full wp-image-2968\" src=\"https:\/\/www.julesverne.com.tr\/\/wp-content\/uploads\/2020\/09\/procidaisland-1.jpg\" alt=\"\" width=\"999\" height=\"666\" srcset=\"https:\/\/julesverne.com.tr\/wp-content\/uploads\/2020\/09\/procidaisland-1.jpg 999w, https:\/\/julesverne.com.tr\/wp-content\/uploads\/2020\/09\/procidaisland-1-500x333.jpg 500w, https:\/\/julesverne.com.tr\/wp-content\/uploads\/2020\/09\/procidaisland-1-768x512.jpg 768w\" sizes=\"(max-width: 999px) 100vw, 999px\" \/><\/p>\n<p>D\u00fcnyan\u0131n d\u00f6rt bir yan\u0131 g\u00f6kku\u015fa\u011f\u0131 gibi renkli yerlerle dolu. Ruhumuzu ve zihnimizi ayd\u0131nlatacak destinasyonlara yolculu\u011fa ne dersiniz? Gelecek seyahatlerinize ilham verecek &#8220;D\u00fcnyan\u0131n en renkli 10 yeri&#8221;&#8230;<\/p>\n<p><strong><em>Unutmay\u0131n gezginler &#8220;Her k\u0131\u015f\u0131n bir bahar\u0131 vard\u0131r.&#8221;<\/em><\/strong><\/p>\n<h2><strong>1- Jardin Majorelle, Marake\u015f | Fas<\/strong><\/h2>\n<p style=\"text-align: center;\"><strong><img loading=\"lazy\" decoding=\"async\" class=\"alignnone wp-image-2969\" src=\"https:\/\/www.julesverne.com.tr\/\/wp-content\/uploads\/2020\/09\/jardinmajorelle.jpg\" alt=\"\" width=\"1200\" height=\"800\" srcset=\"https:\/\/julesverne.com.tr\/wp-content\/uploads\/2020\/09\/jardinmajorelle.jpg 999w, https:\/\/julesverne.com.tr\/wp-content\/uploads\/2020\/09\/jardinmajorelle-500x333.jpg 500w, https:\/\/julesverne.com.tr\/wp-content\/uploads\/2020\/09\/jardinmajorelle-768x512.jpg 768w\" sizes=\"(max-width: 1200px) 100vw, 1200px\" \/><\/strong><\/p>\n<p>Seslerin birbirine kar\u0131\u015ft\u0131\u011f\u0131, Medina Pazar\u0131&#8217;n\u0131n kaosunun \u00e7ekici bir hal ald\u0131\u011f\u0131, nereye varaca\u011f\u0131n\u0131 bilmedi\u011finiz labirenti and\u0131ran sokaklar\u0131nda kaybolma hissi uyand\u0131ran Marake\u015f katman katman renkler i\u00e7erisinde. \u015eehrin bir\u00e7ok k\u00f6\u015fesi yeni bir renk bar\u0131nd\u0131r\u0131yor. Bir de Jardin Majorelle var ki renklerin canl\u0131l\u0131\u011f\u0131 ba\u015f\u0131n\u0131z\u0131 d\u00f6nd\u00fcrecek t\u00fcrden! Frans\u0131z ressam Jacques Majorelle&#8217;in yaratt\u0131\u011f\u0131 bir vaha olan Jardin Majorelle, yarat\u0131c\u0131s\u0131ndan sonra uzun y\u0131llar kendi haline terk edilmi\u015f ve bir otele d\u00f6n\u00fc\u015ft\u00fcr\u00fclmekten Yves Saint Laurent ve Pierre Berg\u00e9 sayesinde kurtar\u0131lm\u0131\u015f. B\u00fcy\u00fck bir ilham kayna\u011f\u0131 olmu\u015f bu cennet k\u00f6\u015fesindeki renkler g\u00f6zlerinizi kama\u015ft\u0131r\u0131yor.<\/p>\n<h2><strong>2- Symi | Yunanistan<\/strong><\/h2>\n<p style=\"text-align: center;\"><strong><img loading=\"lazy\" decoding=\"async\" class=\"alignnone wp-image-2970\" src=\"https:\/\/www.julesverne.com.tr\/\/wp-content\/uploads\/2020\/09\/symi.jpg\" alt=\"\" width=\"1200\" height=\"799\" srcset=\"https:\/\/julesverne.com.tr\/wp-content\/uploads\/2020\/09\/symi.jpg 999w, https:\/\/julesverne.com.tr\/wp-content\/uploads\/2020\/09\/symi-500x333.jpg 500w, https:\/\/julesverne.com.tr\/wp-content\/uploads\/2020\/09\/symi-768x511.jpg 768w\" sizes=\"(max-width: 1200px) 100vw, 1200px\" \/><\/strong><\/p>\n<p>Denizin \u00fczerinden sakin sakin Symi karas\u0131na yakla\u015f\u0131rken \u201c\u015fu an\u0131n foto\u011fraf\u0131n\u0131 zihnime saklamal\u0131y\u0131m\u201d d\u00fc\u015f\u00fcncesi sar\u0131yor. Rodos&#8217;un kuzeyinde yer alan ve On \u0130ki Ada&#8217;ya ba\u011fl\u0131 olan Symi, T\u00fcrkiye&#8217;ye yak\u0131nl\u0131\u011f\u0131yla da en \u00e7ok ziyaret edilen Yunan Adalar\u0131&#8217;ndan. Nas\u0131l olmas\u0131n? Turkuaz sularla \u00e7evrilen ve selvi a\u011fa\u00e7lar\u0131yla ku\u015fat\u0131lm\u0131\u015f ada pastel renklerdeki birka\u00e7 katl\u0131 geleneksel Yunan evleriyle kusursuz bir tabloyu an\u0131msat\u0131yor. Minik limanlar\u0131 ve sempatik bal\u0131k\u00e7\u0131 k\u00f6yleriyle bir romandan f\u0131rlayan sayfalar gibi.<\/p>\n<h2><strong>3- Procida | \u0130talya<\/strong><\/h2>\n<p style=\"text-align: center;\"><strong><img loading=\"lazy\" decoding=\"async\" class=\"alignnone wp-image-2971\" src=\"https:\/\/www.julesverne.com.tr\/\/wp-content\/uploads\/2020\/09\/procida.jpg\" alt=\"\" width=\"1200\" height=\"800\" srcset=\"https:\/\/julesverne.com.tr\/wp-content\/uploads\/2020\/09\/procida.jpg 999w, https:\/\/julesverne.com.tr\/wp-content\/uploads\/2020\/09\/procida-500x333.jpg 500w, https:\/\/julesverne.com.tr\/wp-content\/uploads\/2020\/09\/procida-768x512.jpg 768w\" sizes=\"(max-width: 1200px) 100vw, 1200px\" \/><\/strong><\/p>\n<p>Napoli&#8217;den feribotla kolayl\u0131kla ula\u015f\u0131lan, Tiren Denizi \u00fczerindeki en karakteristik ada &#8211; hatta adac\u0131k Procida&#8230; Pastel boyalarla boyanm\u0131\u015f bir resim gibi duran ada d\u00fcnyan\u0131n en renkli yerlerinden biri. Kendine has ada mimarisini tamamlayan cephesi renkli pitoresk evleri size ne\u015fe sa\u00e7\u0131yor. 1994 y\u0131l\u0131nda \u00e7ekilen Il Positano filminden hat\u0131rlayaca\u011f\u0131m\u0131z Procida&#8217;y\u0131 gezmek i\u00e7in 3 tekerlikli minib\u00fcs taksilere binmek bu adan\u0131n geleneklerinden.<\/p>\n<h2><strong>4- Arashiyama Bamboo Forest, Kyoto | Japonya<\/strong><\/h2>\n<p style=\"text-align: center;\"><strong><img loading=\"lazy\" decoding=\"async\" class=\"alignnone wp-image-2972\" src=\"https:\/\/www.julesverne.com.tr\/\/wp-content\/uploads\/2020\/09\/ArashiyamaBambooForest.jpg\" alt=\"\" width=\"1200\" height=\"799\" srcset=\"https:\/\/julesverne.com.tr\/wp-content\/uploads\/2020\/09\/ArashiyamaBambooForest.jpg 999w, https:\/\/julesverne.com.tr\/wp-content\/uploads\/2020\/09\/ArashiyamaBambooForest-500x333.jpg 500w, https:\/\/julesverne.com.tr\/wp-content\/uploads\/2020\/09\/ArashiyamaBambooForest-768x511.jpg 768w\" sizes=\"(max-width: 1200px) 100vw, 1200px\" \/><\/strong><\/p>\n<p>Kyoto&#8217;nun cenneti Arashiyama Bamboo Forest&#8230; G\u00f6ky\u00fcz\u00fcne uzanan 5-10 hatta 20 metreye kadar y\u00fckselen bambu a\u011fa\u00e7lar\u0131yla kapl\u0131 orman size do\u011fan\u0131n mucizelerini hat\u0131rlat\u0131yor. 200 metre uzunlu\u011fundaki y\u00fcr\u00fcy\u00fc\u015f yolunda y\u00fcr\u00fcrken bambu g\u00f6vdelerinin aras\u0131ndan s\u0131zan g\u00fcn \u0131\u015f\u0131\u011f\u0131 muazzam bir manzara yarat\u0131yor. Metrelerce y\u00fckselen ye\u015fil bambular\u0131 takip etti\u011finizde masmavi g\u00f6ky\u00fcz\u00fcn\u00fcn g\u00f6r\u00fc\u015f a\u00e7\u0131n\u0131za girmesi bamba\u015fka bir deneyim!<\/p>\n<h2><strong>5- J\u00fazcar | \u0130spanya<\/strong><\/h2>\n<p style=\"text-align: center;\"><strong><img loading=\"lazy\" decoding=\"async\" class=\"alignnone wp-image-2973\" src=\"https:\/\/www.julesverne.com.tr\/\/wp-content\/uploads\/2020\/09\/juzcar.jpg\" alt=\"\" width=\"1200\" height=\"763\" srcset=\"https:\/\/julesverne.com.tr\/wp-content\/uploads\/2020\/09\/juzcar.jpg 999w, https:\/\/julesverne.com.tr\/wp-content\/uploads\/2020\/09\/juzcar-500x318.jpg 500w, https:\/\/julesverne.com.tr\/wp-content\/uploads\/2020\/09\/juzcar-768x488.jpg 768w\" sizes=\"(max-width: 1200px) 100vw, 1200px\" \/><\/strong><\/p>\n<p>Sevilla&#8217;n\u0131n yakla\u015f\u0131k iki saat g\u00fcneyinde bulunan bu k\u00fc\u00e7\u00fck End\u00fcl\u00fcs kasabas\u0131n\u0131n hik\u00e2yesi ilgin\u00e7&#8230; 2011 y\u0131l\u0131nda \u015eirinler filminin tan\u0131t\u0131m \u00e7al\u0131\u015fmalar\u0131 i\u00e7in t\u00fcm kasaban\u0131n maviye boyanmas\u0131yla \u015eirinler K\u00f6y\u00fc&#8217;ne d\u00f6n\u00fc\u015ft\u00fcr\u00fclm\u00fc\u015f. Film yap\u0131mc\u0131lar\u0131 tan\u0131t\u0131mdan sonra k\u00f6y evlerini orijinal beyaz rengine geri boyayaca\u011f\u0131 taahh\u00fcd\u00fcn\u00fc verse de kasaba halk\u0131 mavi rengiyle kalmas\u0131 y\u00f6n\u00fcnde oy kullanm\u0131\u015f.<\/p>\n<h2><strong>6- Chiang Mai | Tayland<\/strong><\/h2>\n<p style=\"text-align: center;\"><strong><img loading=\"lazy\" decoding=\"async\" class=\"alignnone wp-image-2974\" src=\"https:\/\/www.julesverne.com.tr\/\/wp-content\/uploads\/2020\/09\/chiangmai.jpg\" alt=\"\" width=\"1200\" height=\"989\" srcset=\"https:\/\/julesverne.com.tr\/wp-content\/uploads\/2020\/09\/chiangmai.jpg 999w, https:\/\/julesverne.com.tr\/wp-content\/uploads\/2020\/09\/chiangmai-500x412.jpg 500w, https:\/\/julesverne.com.tr\/wp-content\/uploads\/2020\/09\/chiangmai-768x633.jpg 768w\" sizes=\"(max-width: 1200px) 100vw, 1200px\" \/><\/strong><\/p>\n<p>Kuzey Tayland&#8217;\u0131n parlayan y\u0131ld\u0131z\u0131 olan Chiang Mai tap\u0131naklar\u0131, renkli sokaklar\u0131yla ger\u00e7ekten par\u0131ld\u0131yor. \u201cBir milyon pirin\u00e7 tarlas\u0131n\u0131n \u00fclkesi\u201d anlam\u0131na gelen eski Lanna Krall\u0131\u011f\u0131&#8217;n\u0131n merkezi kuruldu\u011fu 1296 y\u0131l\u0131na uzanan tap\u0131naklar\u0131yla renk paletinden bir se\u00e7ki sunuyor gibi. Yakla\u015f\u0131k 300 tap\u0131na\u011f\u0131n\u0131n mistik ve g\u00f6rsel etkisi kadar hareketli ve canl\u0131 gece pazar\u0131, sokak yemekleri sizi Do\u011fu&#8217;nun Lunapark\u0131&#8217;na davet ediyor.<\/p>\n<h2><strong>7- Boracay | Filipinler<\/strong><\/h2>\n<p style=\"text-align: center;\"><strong><img loading=\"lazy\" decoding=\"async\" class=\"alignnone wp-image-2975\" src=\"https:\/\/www.julesverne.com.tr\/\/wp-content\/uploads\/2020\/09\/boracay.jpg\" alt=\"\" width=\"1200\" height=\"799\" srcset=\"https:\/\/julesverne.com.tr\/wp-content\/uploads\/2020\/09\/boracay.jpg 999w, https:\/\/julesverne.com.tr\/wp-content\/uploads\/2020\/09\/boracay-500x333.jpg 500w, https:\/\/julesverne.com.tr\/wp-content\/uploads\/2020\/09\/boracay-768x511.jpg 768w\" sizes=\"(max-width: 1200px) 100vw, 1200px\" \/><\/strong><\/p>\n<p>Mavinin her tonuna sahip bir okyanus k\u0131y\u0131s\u0131, beyaz kumlarla kapl\u0131 sahil, yemye\u015fil palmiyelerle \u00f6rt\u00fcl\u00fc tepeler&#8230; Filipinler&#8217;in pop\u00fcler adas\u0131 Boracay bir oyuncak gibi g\u00f6r\u00fcn\u00fcyor, hakl\u0131s\u0131n\u0131z. Do\u011fan\u0131n renkleri \u00f6yle g\u00fczel bir harmoni olu\u015fturuyor ki g\u00fcn do\u011fumu ve g\u00fcn bat\u0131m\u0131nda bu g\u00fczel manzaralar\u0131n tad\u0131n\u0131 \u00e7\u0131karmak \u00f6zel bir deneyime d\u00f6n\u00fc\u015f\u00fcyor.<\/p>\n<h2><strong>8- Havana | K\u00fcba<\/strong><\/h2>\n<p style=\"text-align: center;\"><strong><img loading=\"lazy\" decoding=\"async\" class=\"alignnone wp-image-2976\" src=\"https:\/\/www.julesverne.com.tr\/\/wp-content\/uploads\/2020\/09\/havanakuba.jpg\" alt=\"\" width=\"1200\" height=\"823\" srcset=\"https:\/\/julesverne.com.tr\/wp-content\/uploads\/2020\/09\/havanakuba.jpg 970w, https:\/\/julesverne.com.tr\/wp-content\/uploads\/2020\/09\/havanakuba-500x343.jpg 500w, https:\/\/julesverne.com.tr\/wp-content\/uploads\/2020\/09\/havanakuba-768x527.jpg 768w\" sizes=\"(max-width: 1200px) 100vw, 1200px\" \/><\/strong><\/p>\n<p>Rengini insanlar\u0131ndan alan Havana, bir film platosu kadar ger\u00e7ek\u00fcst\u00fc bir his uyand\u0131r\u0131yor. D\u00fcnyan\u0131n geneline k\u0131yasla se\u00e7ilen farkl\u0131 ya\u015fam kodlar\u0131, Latin k\u00fclt\u00fcr\u00fcn\u00fcn s\u00f6nmeyen enerjisi, \u0130spanyol koloni mimarisi binalar\u0131, Art-Deco evleri, Belle Epoque k\u00f6\u015fkleri bu \u015fehri \u00f6zellikli k\u0131l\u0131yor. Bak\u0131ms\u0131z kalan binalar\u0131n rastgele boyanm\u0131\u015f d\u0131\u015f cepheleri, uyumsuzlu\u011fun \u015fa\u015f\u0131rt\u0131c\u0131 bir \u015fekilde bir uyum yaratt\u011f\u0131 benzersiz evleri, sokaklardan ge\u00e7en eski Amerikan arabalar\u0131 bu \u015fehrin tamamlay\u0131c\u0131 par\u00e7alar\u0131.<\/p>\n<h2><strong>9- Ubud, Bali | Endonezya<\/strong><\/h2>\n<p style=\"text-align: center;\"><strong><img loading=\"lazy\" decoding=\"async\" class=\"alignnone wp-image-2977\" src=\"https:\/\/www.julesverne.com.tr\/\/wp-content\/uploads\/2020\/09\/ubud.jpg\" alt=\"\" width=\"1200\" height=\"800\" srcset=\"https:\/\/julesverne.com.tr\/wp-content\/uploads\/2020\/09\/ubud.jpg 999w, https:\/\/julesverne.com.tr\/wp-content\/uploads\/2020\/09\/ubud-500x333.jpg 500w, https:\/\/julesverne.com.tr\/wp-content\/uploads\/2020\/09\/ubud-768x512.jpg 768w\" sizes=\"(max-width: 1200px) 100vw, 1200px\" \/><\/strong><\/p>\n<p>Spirit\u00fcalizme bulanm\u0131\u015f, renk renk bungalowlar\u0131n ormanlar\u0131n aras\u0131ndan s\u00fcrpriz bir \u015fekilde kar\u015f\u0131n\u0131za \u00e7\u0131kt\u0131\u011f\u0131, t\u00fcts\u00fc kokusunun eksik olmad\u0131\u011f\u0131, hayranl\u0131k uyand\u0131ran tap\u0131naklar\u0131 ile Bali Adas\u0131 &#8220;ne ararsan O&#8217;sun&#8221; \u00f6\u011fretisinin yery\u00fcz\u00fcndeki adas\u0131. Romantizm, i\u00e7e d\u00f6n\u00fc\u015f, meditasyon, inan\u00e7, do\u011fa, sanat, spor, k\u00fclt\u00fcr, e\u011flence hepsi bu adada mevcut. Adan\u0131n mistik, yemye\u015fil tarlalarla bezenmi\u015f kasabas\u0131 Ubud ise ger\u00e7ek olamayacak kadar g\u00fczel bir do\u011faya sahip. Pirin\u00e7 tarlalar\u0131 ile g\u00f6rsel \u015f\u00f6leni en \u00fcst seviyeye ta\u015f\u0131yan kasaba g\u00f6kku\u015fa\u011f\u0131na bulanm\u0131\u015f gibi.<\/p>\n<h2><strong>10- Roussillon | Fransa<\/strong><\/h2>\n<p style=\"text-align: center;\"><strong><img loading=\"lazy\" decoding=\"async\" class=\"alignnone wp-image-2978\" src=\"https:\/\/www.julesverne.com.tr\/\/wp-content\/uploads\/2020\/09\/Roussillon.jpg\" alt=\"\" width=\"1200\" height=\"792\" srcset=\"https:\/\/julesverne.com.tr\/wp-content\/uploads\/2020\/09\/Roussillon.jpg 999w, https:\/\/julesverne.com.tr\/wp-content\/uploads\/2020\/09\/Roussillon-500x330.jpg 500w, https:\/\/julesverne.com.tr\/wp-content\/uploads\/2020\/09\/Roussillon-768x507.jpg 768w\" sizes=\"(max-width: 1200px) 100vw, 1200px\" \/><\/strong><\/p>\n<p>\u00dcnl\u00fc Frans\u0131z sanat\u00e7\u0131lar Jean Cocteau ve Pierre Ambrogiani&#8217;ye ilham olmu\u015f Roussillon&#8217;u g\u00f6rd\u00fc\u011f\u00fcn\u00fczde &#8220;neden ilham veren&#8221; bir yer oldu\u011funu anl\u0131yorsunuz. Plateau de Vaucluse&#8217;un g\u00fcney ucunda bulunan Roussillon, Provence B\u00f6lgesi&#8217;nin hazinelerinden biri. &#8220;Fransa&#8217;n\u0131n En G\u00fczel K\u00f6yleri&#8221; listesinde yer alan kasaba toprak tonlar\u0131nda boyanan evleriyle bir suluboya tablosunu an\u0131msat\u0131yor.<\/p>\n<h4 style=\"text-align: center;\"><strong>Gelecek Seyahat Planlamalar\u0131n\u0131z i\u00e7in:<\/strong><br \/>\n<a href=\"mailto:travel@julesverne.com.tr\" target=\"_blank\" rel=\"noopener noreferrer\"><strong>travel@julesverne.com.tr<\/strong><\/a><\/h4>\n<p><\/p>","protected":false},"excerpt":{"rendered":"<p>Hep birlikte ruhumuzu ve zihnimizi ayd\u0131nlatacak destinasyonlara bir yolculuk yapmak istiyoruz. D&uuml;nyan\u0131n en renkli 10 yeri ile ke\u015ffe ba\u015flayal\u0131m m\u0131?<\/p>\n","protected":false},"author":1,"featured_media":8157,"comment_status":"closed","ping_status":"closed","sticky":false,"template":"","format":"standard","meta":{"inline_featured_image":false,"footnotes":""},"categories":[38,1],"tags":[77],"acf":[],"yoast_head":"<!-- This site is optimized with the Yoast SEO plugin v22.3 - https:\/\/yoast.com\/wordpress\/plugins\/seo\/ -->\n<title>Ruhumuza \u0130yi Gelecek D\u00fcnyan\u0131n En Renkli 10 Yeri - JULES VERNE BUSINESS MICE TRAVEL<\/title>\n<meta name=\"description\" content=\"D\u00fcnyan\u0131n d\u00f6rt bir yan\u0131 g\u00f6kku\u015fa\u011f\u0131 gibi renkli yerlerle dolu. G\u00f6z kama\u015ft\u0131r\u0131c\u0131 k\u00f6ylerden do\u011fan\u0131n boyad\u0131\u011f\u0131 manzaralara kadar, rengarenk g\u00f6kku\u015fa\u011f\u0131 destinasyonlar\u0131 seyahatlerinize renk katmay\u0131 garanti ediyor...Marake\u015f&#039;ten Procida&#039;ya, Kyoto&#039;dan Peru&#039;ya, Havana&#039;dan Ubud&#039;a bu inan\u0131lmaz yerlerde kendinizi canl\u0131 tonlara ve g\u00f6z kama\u015ft\u0131r\u0131c\u0131 renklere b\u0131rak\u0131n!\" \/>\n<meta name=\"robots\" content=\"index, follow, max-snippet:-1, max-image-preview:large, max-video-preview:-1\" \/>\n<link rel=\"canonical\" href=\"https:\/\/julesverne.com.tr\/travel-blog\/dunyanin-en-renkli-rotalari\/\" \/>\n<meta property=\"og:locale\" content=\"en_US\" \/>\n<meta property=\"og:type\" content=\"article\" \/>\n<meta property=\"og:title\" content=\"[:tr]Seyahatlerinize \u0130lham Verecek D\u00fcnyan\u0131n En Renkli Rotalar\u0131[:en]Ruhumuza \u0130yi Gelecek D\u00fcnyan\u0131n En Renkli 10 Yeri[:] - JULES VERNE BUSINESS MICE TRAVEL\" \/>\n<meta property=\"og:description\" content=\"D\u00fcnyan\u0131n d\u00f6rt bir yan\u0131 g\u00f6kku\u015fa\u011f\u0131 gibi renkli yerlerle dolu. G\u00f6z kama\u015ft\u0131r\u0131c\u0131 k\u00f6ylerden do\u011fan\u0131n boyad\u0131\u011f\u0131 manzaralara kadar, rengarenk g\u00f6kku\u015fa\u011f\u0131 destinasyonlar\u0131 seyahatlerinize renk katmay\u0131 garanti ediyor...Marake\u015f&#039;ten Procida&#039;ya, Kyoto&#039;dan Peru&#039;ya, Havana&#039;dan Ubud&#039;a bu inan\u0131lmaz yerlerde kendinizi canl\u0131 tonlara ve g\u00f6z kama\u015ft\u0131r\u0131c\u0131 renklere b\u0131rak\u0131n!\" \/>\n<meta property=\"og:url\" content=\"https:\/\/julesverne.com.tr\/travel-blog\/dunyanin-en-renkli-rotalari\/\" \/>\n<meta property=\"og:site_name\" content=\"JULES VERNE BUSINESS MICE TRAVEL\" \/>\n<meta property=\"article:publisher\" content=\"https:\/\/www.facebook.com\/JulesVerneBusinessMiceTravel\/\" \/>\n<meta property=\"article:published_time\" content=\"2023-08-22T13:14:53+00:00\" \/>\n<meta property=\"article:modified_time\" content=\"2023-08-25T06:54:26+00:00\" \/>\n<meta property=\"og:image\" content=\"https:\/\/julesverne.com.tr\/wp-content\/uploads\/2021\/04\/Arashiyama-Bamboo-Forest_shutterstock_1592767738-scaled.jpg\" \/>\n\t<meta property=\"og:image:width\" content=\"1600\" \/>\n\t<meta property=\"og:image:height\" content=\"1065\" \/>\n\t<meta property=\"og:image:type\" content=\"image\/jpeg\" \/>\n<meta name=\"author\" content=\"fikirman\" \/>\n<meta name=\"twitter:card\" content=\"summary_large_image\" \/>\n<meta name=\"twitter:creator\" content=\"@JV_BusinessMice\" \/>\n<meta name=\"twitter:site\" content=\"@JV_BusinessMice\" \/>\n<meta name=\"twitter:label1\" content=\"Written by\" \/>\n\t<meta name=\"twitter:data1\" content=\"fikirman\" \/>\n\t<meta name=\"twitter:label2\" content=\"Est. reading time\" \/>\n\t<meta name=\"twitter:data2\" content=\"9 minutes\" \/>\n<script type=\"application\/ld+json\" class=\"yoast-schema-graph\">{\"@context\":\"https:\/\/schema.org\",\"@graph\":[{\"@type\":\"Article\",\"@id\":\"https:\/\/julesverne.com.tr\/travel-blog\/dunyanin-en-renkli-rotalari\/#article\",\"isPartOf\":{\"@id\":\"https:\/\/julesverne.com.tr\/travel-blog\/dunyanin-en-renkli-rotalari\/\"},\"author\":{\"name\":\"fikirman\",\"@id\":\"https:\/\/julesverne.com.tr\/#\/schema\/person\/f4eb0514ae455538644c31b99a466fdb\"},\"headline\":\"Ruhumuza \u0130yi Gelecek D\u00fcnyan\u0131n En Renkli 10 Yeri\",\"datePublished\":\"2023-08-22T13:14:53+00:00\",\"dateModified\":\"2023-08-25T06:54:26+00:00\",\"mainEntityOfPage\":{\"@id\":\"https:\/\/julesverne.com.tr\/travel-blog\/dunyanin-en-renkli-rotalari\/\"},\"wordCount\":2390,\"publisher\":{\"@id\":\"https:\/\/julesverne.com.tr\/#organization\"},\"image\":{\"@id\":\"https:\/\/julesverne.com.tr\/travel-blog\/dunyanin-en-renkli-rotalari\/#primaryimage\"},\"thumbnailUrl\":\"https:\/\/julesverne.com.tr\/wp-content\/uploads\/2021\/04\/Arashiyama-Bamboo-Forest_shutterstock_1592767738-scaled.jpg\",\"keywords\":[\"\u0130lham Veren Destinasyonlar\"],\"articleSection\":[\"\u0130lham Veren Destinasyonlar\",\"Blog\"],\"inLanguage\":\"en-US\"},{\"@type\":\"WebPage\",\"@id\":\"https:\/\/julesverne.com.tr\/travel-blog\/dunyanin-en-renkli-rotalari\/\",\"url\":\"https:\/\/julesverne.com.tr\/travel-blog\/dunyanin-en-renkli-rotalari\/\",\"name\":\"[:tr]Seyahatlerinize \u0130lham Verecek D\u00fcnyan\u0131n En Renkli Rotalar\u0131[:en]Ruhumuza \u0130yi Gelecek D\u00fcnyan\u0131n En Renkli 10 Yeri[:] - JULES VERNE BUSINESS MICE TRAVEL\",\"isPartOf\":{\"@id\":\"https:\/\/julesverne.com.tr\/#website\"},\"primaryImageOfPage\":{\"@id\":\"https:\/\/julesverne.com.tr\/travel-blog\/dunyanin-en-renkli-rotalari\/#primaryimage\"},\"image\":{\"@id\":\"https:\/\/julesverne.com.tr\/travel-blog\/dunyanin-en-renkli-rotalari\/#primaryimage\"},\"thumbnailUrl\":\"https:\/\/julesverne.com.tr\/wp-content\/uploads\/2021\/04\/Arashiyama-Bamboo-Forest_shutterstock_1592767738-scaled.jpg\",\"datePublished\":\"2023-08-22T13:14:53+00:00\",\"dateModified\":\"2023-08-25T06:54:26+00:00\",\"description\":\"D\u00fcnyan\u0131n d\u00f6rt bir yan\u0131 g\u00f6kku\u015fa\u011f\u0131 gibi renkli yerlerle dolu. G\u00f6z kama\u015ft\u0131r\u0131c\u0131 k\u00f6ylerden do\u011fan\u0131n boyad\u0131\u011f\u0131 manzaralara kadar, rengarenk g\u00f6kku\u015fa\u011f\u0131 destinasyonlar\u0131 seyahatlerinize renk katmay\u0131 garanti ediyor...Marake\u015f'ten Procida'ya, Kyoto'dan Peru'ya, Havana'dan Ubud'a bu inan\u0131lmaz yerlerde kendinizi canl\u0131 tonlara ve g\u00f6z kama\u015ft\u0131r\u0131c\u0131 renklere b\u0131rak\u0131n!\",\"breadcrumb\":{\"@id\":\"https:\/\/julesverne.com.tr\/travel-blog\/dunyanin-en-renkli-rotalari\/#breadcrumb\"},\"inLanguage\":\"en-US\",\"potentialAction\":[{\"@type\":\"ReadAction\",\"target\":[\"https:\/\/julesverne.com.tr\/travel-blog\/dunyanin-en-renkli-rotalari\/\"]}]},{\"@type\":\"ImageObject\",\"inLanguage\":\"en-US\",\"@id\":\"https:\/\/julesverne.com.tr\/travel-blog\/dunyanin-en-renkli-rotalari\/#primaryimage\",\"url\":\"https:\/\/julesverne.com.tr\/wp-content\/uploads\/2021\/04\/Arashiyama-Bamboo-Forest_shutterstock_1592767738-scaled.jpg\",\"contentUrl\":\"https:\/\/julesverne.com.tr\/wp-content\/uploads\/2021\/04\/Arashiyama-Bamboo-Forest_shutterstock_1592767738-scaled.jpg\",\"width\":1600,\"height\":1065},{\"@type\":\"BreadcrumbList\",\"@id\":\"https:\/\/julesverne.com.tr\/travel-blog\/dunyanin-en-renkli-rotalari\/#breadcrumb\",\"itemListElement\":[{\"@type\":\"ListItem\",\"position\":1,\"name\":\"Anasayfa\",\"item\":\"https:\/\/julesverne.com.tr\/\"},{\"@type\":\"ListItem\",\"position\":2,\"name\":\"Seyahatlerinize \u0130lham Verecek D\u00fcnyan\u0131n En Renkli Rotalar\u0131\"}]},{\"@type\":\"WebSite\",\"@id\":\"https:\/\/julesverne.com.tr\/#website\",\"url\":\"https:\/\/julesverne.com.tr\/\",\"name\":\"JULES VERNE BUSINESS MICE TRAVEL\",\"description\":\"\",\"publisher\":{\"@id\":\"https:\/\/julesverne.com.tr\/#organization\"},\"potentialAction\":[{\"@type\":\"SearchAction\",\"target\":{\"@type\":\"EntryPoint\",\"urlTemplate\":\"https:\/\/julesverne.com.tr\/?s={search_term_string}\"},\"query-input\":\"required name=search_term_string\"}],\"inLanguage\":\"en-US\"},{\"@type\":\"Organization\",\"@id\":\"https:\/\/julesverne.com.tr\/#organization\",\"name\":\"JULES VERNE BUSINESS MICE TRAVEL\",\"url\":\"https:\/\/julesverne.com.tr\/\",\"logo\":{\"@type\":\"ImageObject\",\"inLanguage\":\"en-US\",\"@id\":\"https:\/\/julesverne.com.tr\/#\/schema\/logo\/image\/\",\"url\":\"https:\/\/julesverne.com.tr\/wp-content\/uploads\/2020\/09\/jv-bmt-logo.png\",\"contentUrl\":\"https:\/\/julesverne.com.tr\/wp-content\/uploads\/2020\/09\/jv-bmt-logo.png\",\"width\":110,\"height\":81,\"caption\":\"JULES VERNE BUSINESS MICE TRAVEL\"},\"image\":{\"@id\":\"https:\/\/julesverne.com.tr\/#\/schema\/logo\/image\/\"},\"sameAs\":[\"https:\/\/www.facebook.com\/JulesVerneBusinessMiceTravel\/\",\"https:\/\/twitter.com\/JV_BusinessMice\",\"https:\/\/www.instagram.com\/julesvernebusinessmicetravel\/\",\"https:\/\/www.linkedin.com\/company\/julesvernebusinessmicetravel\/\",\"https:\/\/www.youtube.com\/channel\/UCAwdsmbZ6tFhu1tea6pkpiw\"]},{\"@type\":\"Person\",\"@id\":\"https:\/\/julesverne.com.tr\/#\/schema\/person\/f4eb0514ae455538644c31b99a466fdb\",\"name\":\"fikirman\",\"sameAs\":[\"http:\/\/advermedya.net\/julesverne\"],\"url\":\"https:\/\/julesverne.com.tr\/en\/author\/fikirman\/\"}]}<\/script>\n<!-- \/ Yoast SEO plugin. -->","yoast_head_json":{"title":"[:tr]Seyahatlerinize \u0130lham Verecek D\u00fcnyan\u0131n En Renkli Rotalar\u0131[:en]Ruhumuza \u0130yi Gelecek D\u00fcnyan\u0131n En Renkli 10 Yeri[:] - JULES VERNE BUSINESS MICE TRAVEL","description":"D\u00fcnyan\u0131n d\u00f6rt bir yan\u0131 g\u00f6kku\u015fa\u011f\u0131 gibi renkli yerlerle dolu. G\u00f6z kama\u015ft\u0131r\u0131c\u0131 k\u00f6ylerden do\u011fan\u0131n boyad\u0131\u011f\u0131 manzaralara kadar, rengarenk g\u00f6kku\u015fa\u011f\u0131 destinasyonlar\u0131 seyahatlerinize renk katmay\u0131 garanti ediyor...Marake\u015f'ten Procida'ya, Kyoto'dan Peru'ya, Havana'dan Ubud'a bu inan\u0131lmaz yerlerde kendinizi canl\u0131 tonlara ve g\u00f6z kama\u015ft\u0131r\u0131c\u0131 renklere b\u0131rak\u0131n!","robots":{"index":"index","follow":"follow","max-snippet":"max-snippet:-1","max-image-preview":"max-image-preview:large","max-video-preview":"max-video-preview:-1"},"canonical":"https:\/\/julesverne.com.tr\/travel-blog\/dunyanin-en-renkli-rotalari\/","og_locale":"en_US","og_type":"article","og_title":"[:tr]Seyahatlerinize \u0130lham Verecek D\u00fcnyan\u0131n En Renkli Rotalar\u0131[:en]Ruhumuza \u0130yi Gelecek D\u00fcnyan\u0131n En Renkli 10 Yeri[:] - JULES VERNE BUSINESS MICE TRAVEL","og_description":"D\u00fcnyan\u0131n d\u00f6rt bir yan\u0131 g\u00f6kku\u015fa\u011f\u0131 gibi renkli yerlerle dolu. G\u00f6z kama\u015ft\u0131r\u0131c\u0131 k\u00f6ylerden do\u011fan\u0131n boyad\u0131\u011f\u0131 manzaralara kadar, rengarenk g\u00f6kku\u015fa\u011f\u0131 destinasyonlar\u0131 seyahatlerinize renk katmay\u0131 garanti ediyor...Marake\u015f'ten Procida'ya, Kyoto'dan Peru'ya, Havana'dan Ubud'a bu inan\u0131lmaz yerlerde kendinizi canl\u0131 tonlara ve g\u00f6z kama\u015ft\u0131r\u0131c\u0131 renklere b\u0131rak\u0131n!","og_url":"https:\/\/julesverne.com.tr\/travel-blog\/dunyanin-en-renkli-rotalari\/","og_site_name":"JULES VERNE BUSINESS MICE TRAVEL","article_publisher":"https:\/\/www.facebook.com\/JulesVerneBusinessMiceTravel\/","article_published_time":"2023-08-22T13:14:53+00:00","article_modified_time":"2023-08-25T06:54:26+00:00","og_image":[{"width":1600,"height":1065,"url":"https:\/\/julesverne.com.tr\/wp-content\/uploads\/2021\/04\/Arashiyama-Bamboo-Forest_shutterstock_1592767738-scaled.jpg","type":"image\/jpeg"}],"author":"fikirman","twitter_card":"summary_large_image","twitter_creator":"@JV_BusinessMice","twitter_site":"@JV_BusinessMice","twitter_misc":{"Written by":"fikirman","Est. reading time":"9 minutes"},"schema":{"@context":"https:\/\/schema.org","@graph":[{"@type":"Article","@id":"https:\/\/julesverne.com.tr\/travel-blog\/dunyanin-en-renkli-rotalari\/#article","isPartOf":{"@id":"https:\/\/julesverne.com.tr\/travel-blog\/dunyanin-en-renkli-rotalari\/"},"author":{"name":"fikirman","@id":"https:\/\/julesverne.com.tr\/#\/schema\/person\/f4eb0514ae455538644c31b99a466fdb"},"headline":"Ruhumuza \u0130yi Gelecek D\u00fcnyan\u0131n En Renkli 10 Yeri","datePublished":"2023-08-22T13:14:53+00:00","dateModified":"2023-08-25T06:54:26+00:00","mainEntityOfPage":{"@id":"https:\/\/julesverne.com.tr\/travel-blog\/dunyanin-en-renkli-rotalari\/"},"wordCount":2390,"publisher":{"@id":"https:\/\/julesverne.com.tr\/#organization"},"image":{"@id":"https:\/\/julesverne.com.tr\/travel-blog\/dunyanin-en-renkli-rotalari\/#primaryimage"},"thumbnailUrl":"https:\/\/julesverne.com.tr\/wp-content\/uploads\/2021\/04\/Arashiyama-Bamboo-Forest_shutterstock_1592767738-scaled.jpg","keywords":["\u0130lham Veren Destinasyonlar"],"articleSection":["\u0130lham Veren Destinasyonlar","Blog"],"inLanguage":"en-US"},{"@type":"WebPage","@id":"https:\/\/julesverne.com.tr\/travel-blog\/dunyanin-en-renkli-rotalari\/","url":"https:\/\/julesverne.com.tr\/travel-blog\/dunyanin-en-renkli-rotalari\/","name":"[:tr]Seyahatlerinize \u0130lham Verecek D\u00fcnyan\u0131n En Renkli Rotalar\u0131[:en]Ruhumuza \u0130yi Gelecek D\u00fcnyan\u0131n En Renkli 10 Yeri[:] - JULES VERNE BUSINESS MICE TRAVEL","isPartOf":{"@id":"https:\/\/julesverne.com.tr\/#website"},"primaryImageOfPage":{"@id":"https:\/\/julesverne.com.tr\/travel-blog\/dunyanin-en-renkli-rotalari\/#primaryimage"},"image":{"@id":"https:\/\/julesverne.com.tr\/travel-blog\/dunyanin-en-renkli-rotalari\/#primaryimage"},"thumbnailUrl":"https:\/\/julesverne.com.tr\/wp-content\/uploads\/2021\/04\/Arashiyama-Bamboo-Forest_shutterstock_1592767738-scaled.jpg","datePublished":"2023-08-22T13:14:53+00:00","dateModified":"2023-08-25T06:54:26+00:00","description":"D\u00fcnyan\u0131n d\u00f6rt bir yan\u0131 g\u00f6kku\u015fa\u011f\u0131 gibi renkli yerlerle dolu. G\u00f6z kama\u015ft\u0131r\u0131c\u0131 k\u00f6ylerden do\u011fan\u0131n boyad\u0131\u011f\u0131 manzaralara kadar, rengarenk g\u00f6kku\u015fa\u011f\u0131 destinasyonlar\u0131 seyahatlerinize renk katmay\u0131 garanti ediyor...Marake\u015f'ten Procida'ya, Kyoto'dan Peru'ya, Havana'dan Ubud'a bu inan\u0131lmaz yerlerde kendinizi canl\u0131 tonlara ve g\u00f6z kama\u015ft\u0131r\u0131c\u0131 renklere b\u0131rak\u0131n!","breadcrumb":{"@id":"https:\/\/julesverne.com.tr\/travel-blog\/dunyanin-en-renkli-rotalari\/#breadcrumb"},"inLanguage":"en-US","potentialAction":[{"@type":"ReadAction","target":["https:\/\/julesverne.com.tr\/travel-blog\/dunyanin-en-renkli-rotalari\/"]}]},{"@type":"ImageObject","inLanguage":"en-US","@id":"https:\/\/julesverne.com.tr\/travel-blog\/dunyanin-en-renkli-rotalari\/#primaryimage","url":"https:\/\/julesverne.com.tr\/wp-content\/uploads\/2021\/04\/Arashiyama-Bamboo-Forest_shutterstock_1592767738-scaled.jpg","contentUrl":"https:\/\/julesverne.com.tr\/wp-content\/uploads\/2021\/04\/Arashiyama-Bamboo-Forest_shutterstock_1592767738-scaled.jpg","width":1600,"height":1065},{"@type":"BreadcrumbList","@id":"https:\/\/julesverne.com.tr\/travel-blog\/dunyanin-en-renkli-rotalari\/#breadcrumb","itemListElement":[{"@type":"ListItem","position":1,"name":"Anasayfa","item":"https:\/\/julesverne.com.tr\/"},{"@type":"ListItem","position":2,"name":"Seyahatlerinize \u0130lham Verecek D\u00fcnyan\u0131n En Renkli Rotalar\u0131"}]},{"@type":"WebSite","@id":"https:\/\/julesverne.com.tr\/#website","url":"https:\/\/julesverne.com.tr\/","name":"JULES VERNE BUSINESS MICE TRAVEL","description":"","publisher":{"@id":"https:\/\/julesverne.com.tr\/#organization"},"potentialAction":[{"@type":"SearchAction","target":{"@type":"EntryPoint","urlTemplate":"https:\/\/julesverne.com.tr\/?s={search_term_string}"},"query-input":"required name=search_term_string"}],"inLanguage":"en-US"},{"@type":"Organization","@id":"https:\/\/julesverne.com.tr\/#organization","name":"JULES VERNE BUSINESS MICE TRAVEL","url":"https:\/\/julesverne.com.tr\/","logo":{"@type":"ImageObject","inLanguage":"en-US","@id":"https:\/\/julesverne.com.tr\/#\/schema\/logo\/image\/","url":"https:\/\/julesverne.com.tr\/wp-content\/uploads\/2020\/09\/jv-bmt-logo.png","contentUrl":"https:\/\/julesverne.com.tr\/wp-content\/uploads\/2020\/09\/jv-bmt-logo.png","width":110,"height":81,"caption":"JULES VERNE BUSINESS MICE TRAVEL"},"image":{"@id":"https:\/\/julesverne.com.tr\/#\/schema\/logo\/image\/"},"sameAs":["https:\/\/www.facebook.com\/JulesVerneBusinessMiceTravel\/","https:\/\/twitter.com\/JV_BusinessMice","https:\/\/www.instagram.com\/julesvernebusinessmicetravel\/","https:\/\/www.linkedin.com\/company\/julesvernebusinessmicetravel\/","https:\/\/www.youtube.com\/channel\/UCAwdsmbZ6tFhu1tea6pkpiw"]},{"@type":"Person","@id":"https:\/\/julesverne.com.tr\/#\/schema\/person\/f4eb0514ae455538644c31b99a466fdb","name":"fikirman","sameAs":["http:\/\/advermedya.net\/julesverne"],"url":"https:\/\/julesverne.com.tr\/en\/author\/fikirman\/"}]}},"_links":{"self":[{"href":"https:\/\/julesverne.com.tr\/en\/wp-json\/wp\/v2\/posts\/2262"}],"collection":[{"href":"https:\/\/julesverne.com.tr\/en\/wp-json\/wp\/v2\/posts"}],"about":[{"href":"https:\/\/julesverne.com.tr\/en\/wp-json\/wp\/v2\/types\/post"}],"author":[{"embeddable":true,"href":"https:\/\/julesverne.com.tr\/en\/wp-json\/wp\/v2\/users\/1"}],"replies":[{"embeddable":true,"href":"https:\/\/julesverne.com.tr\/en\/wp-json\/wp\/v2\/comments?post=2262"}],"version-history":[{"count":8,"href":"https:\/\/julesverne.com.tr\/en\/wp-json\/wp\/v2\/posts\/2262\/revisions"}],"predecessor-version":[{"id":15618,"href":"https:\/\/julesverne.com.tr\/en\/wp-json\/wp\/v2\/posts\/2262\/revisions\/15618"}],"wp:featuredmedia":[{"embeddable":true,"href":"https:\/\/julesverne.com.tr\/en\/wp-json\/wp\/v2\/media\/8157"}],"wp:attachment":[{"href":"https:\/\/julesverne.com.tr\/en\/wp-json\/wp\/v2\/media?parent=2262"}],"wp:term":[{"taxonomy":"category","embeddable":true,"href":"https:\/\/julesverne.com.tr\/en\/wp-json\/wp\/v2\/categories?post=2262"},{"taxonomy":"post_tag","embeddable":true,"href":"https:\/\/julesverne.com.tr\/en\/wp-json\/wp\/v2\/tags?post=2262"}],"curies":[{"name":"wp","href":"https:\/\/api.w.org\/{rel}","templated":true}]}}