{"id":2257,"date":"2021-04-01T16:18:27","date_gmt":"2021-04-01T13:18:27","guid":{"rendered":"https:\/\/www.julesverne.com.tr\/\/blog\/turkiyenin-18-unesco-dunya-mirasi\/"},"modified":"2021-04-19T17:31:09","modified_gmt":"2021-04-19T14:31:09","slug":"turkiyenin-18-unesco-dunya-mirasi","status":"publish","type":"post","link":"https:\/\/julesverne.com.tr\/en\/travel-blog\/turkiyenin-18-unesco-dunya-mirasi\/","title":{"rendered":"T\u00fcrkiye&#8217;nin 18 UNESCO D\u00fcnya Miras\u0131"},"content":{"rendered":"<p style=\"text-align: center;\"><img loading=\"lazy\" decoding=\"async\" class=\"alignnone size-full wp-image-3002\" src=\"https:\/\/www.julesverne.com.tr\/\/wp-content\/uploads\/2020\/09\/efesantikkenti-1.jpg\" alt=\"\" width=\"1000\" height=\"667\" srcset=\"https:\/\/julesverne.com.tr\/wp-content\/uploads\/2020\/09\/efesantikkenti-1.jpg 1000w, https:\/\/julesverne.com.tr\/wp-content\/uploads\/2020\/09\/efesantikkenti-1-500x334.jpg 500w, https:\/\/julesverne.com.tr\/wp-content\/uploads\/2020\/09\/efesantikkenti-1-768x512.jpg 768w\" sizes=\"(max-width: 1000px) 100vw, 1000px\" \/><\/p>\n<p>Birle\u015fmi\u015f Milletler toplulu\u011funa ba\u011fl\u0131 bir sosyal \u00f6rg\u00fct olan UNESCO, D\u00fcnya Miras\u0131 Listesi ile insanl\u0131\u011f\u0131n ortak miras\u0131na ait \u00f6nemli \u00f6rneklerine yer vererek tarihin, mimarinin zenginli\u011fine, do\u011fan\u0131n \u00e7e\u015fitlili\u011fine sahip \u00e7\u0131k\u0131yor. Tarihi, bilimsel ve do\u011fal de\u011ferler a\u00e7\u0131s\u0131ndan \u00f6nemli rollere sahip yerlerin korunmas\u0131, bilinir olmas\u0131 ve tan\u0131t\u0131lmas\u0131 misyonunu da \u00fcstlenen UNESCO D\u00fcnya Miras\u0131 Listesi&#8217;nde T\u00fcrkiye\u2019den 16 k\u00fclt\u00fcrel ve 2 karma olmak \u00fczere 18 yer bulundu\u011funu biliyor muydunuz?<\/p>\n<p><strong> \u0130\u015fte, seyahatlerinize ilham verecek T\u00fcrkiye&#8217;nin 18 UNESCO D\u00fcnya Miras\u0131&#8230;<\/strong><\/p>\n<h2><strong>G\u00f6beklitepe (\u015eanl\u0131urfa) 2018<\/strong><\/h2>\n<p style=\"text-align: center;\"><strong><img loading=\"lazy\" decoding=\"async\" class=\"alignnone size-full wp-image-3003\" src=\"https:\/\/www.julesverne.com.tr\/\/wp-content\/uploads\/2020\/09\/gobeklitepe-1.jpg\" alt=\"\" width=\"999\" height=\"664\" srcset=\"https:\/\/julesverne.com.tr\/wp-content\/uploads\/2020\/09\/gobeklitepe-1.jpg 999w, https:\/\/julesverne.com.tr\/wp-content\/uploads\/2020\/09\/gobeklitepe-1-500x332.jpg 500w, https:\/\/julesverne.com.tr\/wp-content\/uploads\/2020\/09\/gobeklitepe-1-768x510.jpg 768w\" sizes=\"(max-width: 999px) 100vw, 999px\" \/><\/strong><\/p>\n<p>T\u00fcm yaz\u0131lanlar\u0131 yeniden yazd\u0131ran ve tarihi de\u011fi\u015ftiren G\u00f6beklitepe, \u015eanl\u0131urfa&#8217;ya 15 km mesafede konumlan\u0131yor. 12 bin y\u0131l \u00f6nceye ait oldu\u011fu anla\u015f\u0131lan ve toplamda 20 tane oldu\u011fu belirlenen \u00fczeri a\u00e7\u0131k dini yap\u0131lar bize, bug\u00fcne kadar d\u00fcnyan\u0131n bilinen ilk tap\u0131naklar\u0131 oldu\u011funu do\u011fruluyor. 6 metreyi bulan dikilita\u015f, tap\u0131naklar konunun uzmanlar\u0131n\u0131 da tarih ve k\u00fclt\u00fcr merakl\u0131s\u0131 ziyaret\u00e7ileri de b\u00fcy\u00fclemeyi ba\u015far\u0131yor.<\/p>\n<h2><strong>Aphrodisias (Ayd\u0131n) 2017\u00a0<\/strong><\/h2>\n<p style=\"text-align: center;\"><strong><img loading=\"lazy\" decoding=\"async\" class=\"alignnone size-full wp-image-3004\" src=\"https:\/\/www.julesverne.com.tr\/\/wp-content\/uploads\/2020\/09\/Aphrodisias-1.jpg\" alt=\"\" width=\"999\" height=\"666\" srcset=\"https:\/\/julesverne.com.tr\/wp-content\/uploads\/2020\/09\/Aphrodisias-1.jpg 999w, https:\/\/julesverne.com.tr\/wp-content\/uploads\/2020\/09\/Aphrodisias-1-500x333.jpg 500w, https:\/\/julesverne.com.tr\/wp-content\/uploads\/2020\/09\/Aphrodisias-1-768x512.jpg 768w\" sizes=\"(max-width: 999px) 100vw, 999px\" \/><\/strong><\/p>\n<p>1958 y\u0131l\u0131nda Ayd\u0131n\u2019\u0131n Geyre beldesine bir baraj a\u00e7\u0131l\u0131\u015f\u0131 gelen ve yolunu kaybetmesiyle tarihin hazinelerinden birini a\u00e7\u0131\u011fa \u00e7\u0131karan Ara G\u00fcler ile ba\u015flayal\u0131m. Yolunu kaybedince bir k\u00f6yden ge\u00e7en ve k\u00f6yl\u00fclerin tarihle i\u00e7 i\u00e7e ya\u015fad\u0131\u011f\u0131n\u0131 fark eden Ara G\u00fcler g\u00f6rd\u00fc\u011f\u00fc her kal\u0131nt\u0131y\u0131 foto\u011fraflar. \u0130stanbul&#8217;a d\u00f6n\u00fc\u015fte ara\u015ft\u0131rmalar\u0131na devam etse de bir bilgiye ula\u015famayan G\u00fcler, foto\u011fraflar\u0131 Times dergisine g\u00f6nderir.<\/p>\n<p>Yeniden renkli foto\u011fraflar\u0131n\u0131 \u00e7ekmek i\u00e7in b\u00f6lgeye giden Ara G\u00fcler&#8217;in \u00e7ekimleri t\u00fcm d\u00fcnyaya yay\u0131l\u0131r ve sonu\u00e7:\u00a0 Amerika\u2019dan gelen arkeologlar Geyre\u2019de yapt\u0131klar\u0131 ara\u015ft\u0131rma sonucu ge\u00e7mi\u015fi M\u00d6. 500\u2019li y\u0131llara dayanan ve ismini tanr\u0131\u00e7a Afrodit\u2019ten alan Aphrodisias antik kenti ile tan\u0131\u015f\u0131rlar. Yunan-Roma d\u00f6nemi mimarisini ve kent \u00f6zelliklerini en iyi \u015fekilde yans\u0131tmas\u0131 bu antik kenti \u00f6zel k\u0131l\u0131yor.<\/p>\n<h2><strong>Ani Arkeolojik Alan\u0131 (Kars) 2016\u00a0<\/strong><\/h2>\n<p style=\"text-align: center;\"><strong><img loading=\"lazy\" decoding=\"async\" class=\"alignnone size-full wp-image-3005\" src=\"https:\/\/www.julesverne.com.tr\/\/wp-content\/uploads\/2020\/09\/aniharabeleri.jpg\" alt=\"\" width=\"999\" height=\"666\" srcset=\"https:\/\/julesverne.com.tr\/wp-content\/uploads\/2020\/09\/aniharabeleri.jpg 999w, https:\/\/julesverne.com.tr\/wp-content\/uploads\/2020\/09\/aniharabeleri-500x333.jpg 500w, https:\/\/julesverne.com.tr\/wp-content\/uploads\/2020\/09\/aniharabeleri-768x512.jpg 768w\" sizes=\"(max-width: 999px) 100vw, 999px\" \/><\/strong><\/p>\n<p>Kars&#8217;\u0131n 48 km \u00f6tesinde, T\u00fcrkiye-Ermenistan s\u0131n\u0131r\u0131na yak\u0131n olan Arpa\u00e7ay nehri k\u0131y\u0131s\u0131nda kurulan Ani kenti&#8230; \u0130pek yolu \u00fczerinde kurulan Ani tarih boyunca bir\u00e7ok uygarl\u0131\u011fa da ev sahipli\u011fi yapm\u0131\u015f. Bu \u00e7e\u015fitlili\u011fin etkisini mimarisinde g\u00f6rmek m\u00fcmk\u00fcn. Ermeni mimarisinin yo\u011fun izlerini ta\u015f\u0131sa da G\u00fcrc\u00fc, Sel\u00e7uklu mimarisinin \u00f6rneklerini yine bu e\u015fsiz arkeolojik alanda g\u00f6rebilirsiniz.<\/p>\n<h2><strong>Efes (\u0130zmir) 2015\u00a0<\/strong><\/h2>\n<p style=\"text-align: center;\"><strong><img loading=\"lazy\" decoding=\"async\" class=\"alignnone size-full wp-image-3006\" src=\"https:\/\/www.julesverne.com.tr\/\/wp-content\/uploads\/2020\/09\/efesantik.jpg\" alt=\"\" width=\"999\" height=\"666\" srcset=\"https:\/\/julesverne.com.tr\/wp-content\/uploads\/2020\/09\/efesantik.jpg 999w, https:\/\/julesverne.com.tr\/wp-content\/uploads\/2020\/09\/efesantik-500x333.jpg 500w, https:\/\/julesverne.com.tr\/wp-content\/uploads\/2020\/09\/efesantik-768x512.jpg 768w\" sizes=\"(max-width: 999px) 100vw, 999px\" \/><\/strong><\/p>\n<p>\u0130zmir&#8217;in Sel\u00e7uk il\u00e7esinde yer alan ve kurulu\u015fu M.\u00d6. 6000 y\u0131llar\u0131na, Cilal\u0131 Ta\u015f Devri&#8217;ne uzanan Efes Antik Kenti y\u0131llara meydan okuyor. D\u00fcnya \u00fczerinde kaz\u0131lan en b\u00fcy\u00fck Grekoromen \u015fehir olma \u00f6zelli\u011fini ta\u015f\u0131yan Efes, k\u00fc\u00e7\u00fck Asya olarak adland\u0131r\u0131lm\u0131\u015f ve Anadolu eyaletinin de ba\u015fkenti olmu\u015f. Yunan medeniyeti ve ard\u0131ndan Roma medeniyeti kontrol\u00fcnde olan antik kent bu iki zengin medeniyetin mimari ve k\u00fclt\u00fcrel izleriyle donat\u0131lm\u0131\u015f. Dini, ticari, k\u00fclt\u00fcrel ve sanatsal olarak d\u00f6neminde bir y\u0131ld\u0131z olan Efes size eski Roma&#8217;n\u0131n g\u00fcc\u00fcn\u00fc yeniden hat\u0131rlat\u0131yor.<\/p>\n<h2><strong>Diyarbak\u0131r Kalesi ve Hevsel Bah\u00e7eleri K\u00fclt\u00fcrel Peyzaj\u0131 (Diyarbak\u0131r) 2015\u00a0<\/strong><\/h2>\n<p style=\"text-align: center;\"><strong><img loading=\"lazy\" decoding=\"async\" class=\"alignnone size-full wp-image-3007\" src=\"https:\/\/www.julesverne.com.tr\/\/wp-content\/uploads\/2020\/09\/diyarbakirkalesi.jpg\" alt=\"\" width=\"999\" height=\"586\" srcset=\"https:\/\/julesverne.com.tr\/wp-content\/uploads\/2020\/09\/diyarbakirkalesi.jpg 999w, https:\/\/julesverne.com.tr\/wp-content\/uploads\/2020\/09\/diyarbakirkalesi-500x293.jpg 500w, https:\/\/julesverne.com.tr\/wp-content\/uploads\/2020\/09\/diyarbakirkalesi-768x450.jpg 768w\" sizes=\"(max-width: 999px) 100vw, 999px\" \/><\/strong><\/p>\n<p>D\u00fcnyan\u0131n en sa\u011flam ve eski yap\u0131lar\u0131ndan biri say\u0131lan Diyarbak\u0131r Kalesi ve Surlar\u0131 tarih boyunca bir\u00e7ok t\u00fcrk\u00fc ve efsaneye konu olmu\u015f. G\u00f6rkemli kabartmalar\u0131n ve kitabelerin yer ald\u0131\u011f\u0131 bur\u00e7lar\u0131 da bu kaleyi benzersiz k\u0131l\u0131yor. 8 bin y\u0131ll\u0131k k\u00f6kl\u00fc bir tarihi olan Hevsel Bah\u00e7eleri ise bu uzun \u00f6mr\u00fcnde 30&#8217;dan fazla uygarl\u0131k g\u00f6rm\u00fc\u015f ve her birinden izler ta\u015f\u0131yor.<\/p>\n<h2><strong>Bergama \u00c7ok Katmanl\u0131 K\u00fclt\u00fcrel Peyzaj Alan\u0131 (\u0130zmir) 2014\u00a0<\/strong><\/h2>\n<p style=\"text-align: center;\"><strong><img loading=\"lazy\" decoding=\"async\" class=\"alignnone size-full wp-image-3008\" src=\"https:\/\/www.julesverne.com.tr\/\/wp-content\/uploads\/2020\/09\/Pergamon.jpg\" alt=\"\" width=\"999\" height=\"666\" srcset=\"https:\/\/julesverne.com.tr\/wp-content\/uploads\/2020\/09\/Pergamon.jpg 999w, https:\/\/julesverne.com.tr\/wp-content\/uploads\/2020\/09\/Pergamon-500x333.jpg 500w, https:\/\/julesverne.com.tr\/wp-content\/uploads\/2020\/09\/Pergamon-768x512.jpg 768w\" sizes=\"(max-width: 999px) 100vw, 999px\" \/><\/strong><\/p>\n<p>Helenistik, Roma, Do\u011fu Roma ve Osmanl\u0131 d\u00f6nemlerine ait katmanlar\u0131 bar\u0131nd\u0131ran muazzam bir antik alan olan Bergama \u00c7ok Katmanl\u0131 K\u00fclt\u00fcrel Peyzaj Alan\u0131. Alan Pergamon (\u00e7ok katmanl\u0131 kent), Kibele Kutsal Alan\u0131, \u0130lyas Tepe, Y\u0131\u011fma Tepe, \u0130kili, Tav\u015fan Tepe, X Tepe, A Tepe ve Maltepe T\u00fcm\u00fcl\u00fcsleri ile birlikte toplam 9 bile\u015fenden olu\u015fuyor. Helenistik ve Roma d\u00f6nemlerine ait k\u00fclt\u00fcrel peyzaj de\u011ferleri; Roma ve Do\u011fu roma d\u00f6nemlerine ait katmanlar \u00fczerine yay\u0131lan Osmanl\u0131 D\u00f6nemi yap\u0131lar\u0131 ile bir tarih yolculu\u011fu adeta.<\/p>\n<h2><strong>Bursa ve Cumal\u0131k\u0131z\u0131k: Osmanl\u0131 \u0130mparatorlu\u011funun Do\u011fu\u015fu (Bursa) 2014\u00a0<\/strong><\/h2>\n<p style=\"text-align: center;\"><strong><img loading=\"lazy\" decoding=\"async\" class=\"alignnone size-full wp-image-3009\" src=\"https:\/\/www.julesverne.com.tr\/\/wp-content\/uploads\/2020\/09\/cumalikizik.jpg\" alt=\"\" width=\"999\" height=\"666\" srcset=\"https:\/\/julesverne.com.tr\/wp-content\/uploads\/2020\/09\/cumalikizik.jpg 999w, https:\/\/julesverne.com.tr\/wp-content\/uploads\/2020\/09\/cumalikizik-500x333.jpg 500w, https:\/\/julesverne.com.tr\/wp-content\/uploads\/2020\/09\/cumalikizik-768x512.jpg 768w\" sizes=\"(max-width: 999px) 100vw, 999px\" \/><\/strong><\/p>\n<p>Osmanl\u0131 D\u00f6nemi&#8217;nin ya\u015fam \u015feklinin anla\u015f\u0131lmas\u0131na \u0131\u015f\u0131k tutan Bursa ve Cumal\u0131k\u0131z\u0131k g\u00fcn\u00fcm\u00fcze gelen k\u00fclt\u00fcrel bir miras. Uluda\u011f\u2019\u0131n g\u00fcney eteklerinde kurulan, Osmanl\u0131 k\u0131rsal mimarisinin en g\u00fczel \u00f6rneklerinden biri olan Cumal\u0131k\u0131z\u0131k 700 y\u0131ll\u0131k bir ge\u00e7mi\u015fe sahip. Geleneksel Osmanl\u0131 mimarisi ve sivil mimarinin \u00f6zg\u00fcn \u00f6rneklerini bar\u0131nd\u0131ran Cumal\u0131k\u0131z\u0131k, Osmanl\u0131&#8217;n\u0131n ilk ba\u015fkenti Bursa&#8217;n\u0131n \u00f6nc\u00fc g\u00fc\u00e7lerinden biriydi. Bunu, Hanlar B\u00f6lgesi&#8217;ndeki yap\u0131lar\u0131 gezerken daha iyi anl\u0131yorsunuz.<\/p>\n<h2><strong>\u00c7atalh\u00f6y\u00fck Neolitik Alan\u0131 (Konya) 2012<\/strong><\/h2>\n<p style=\"text-align: center;\"><strong><img loading=\"lazy\" decoding=\"async\" class=\"alignnone size-full wp-image-3010\" src=\"https:\/\/www.julesverne.com.tr\/\/wp-content\/uploads\/2020\/09\/catalhoyuk.jpg\" alt=\"\" width=\"999\" height=\"777\" srcset=\"https:\/\/julesverne.com.tr\/wp-content\/uploads\/2020\/09\/catalhoyuk.jpg 999w, https:\/\/julesverne.com.tr\/wp-content\/uploads\/2020\/09\/catalhoyuk-500x389.jpg 500w, https:\/\/julesverne.com.tr\/wp-content\/uploads\/2020\/09\/catalhoyuk-768x597.jpg 768w\" sizes=\"(max-width: 999px) 100vw, 999px\" \/><\/strong><\/p>\n<p>Konya\u2019n\u0131n \u00c7umra il\u00e7esinde bulunan \u00c7atalh\u00f6y\u00fck Neolitik Kenti, insanl\u0131k tarihini anlam\u0131m\u0131z\u0131 sa\u011flayan eski ya\u015fam yerlerinden biri. Tarihi M.\u00d6. 7400&#8217;l\u00fc y\u0131llara uzanan \u00c7atalh\u00f6y\u00fck\u00a0 zaman\u0131nda 10 bin ki\u015finin ya\u015fad\u0131\u011f\u0131; toplumsal ya\u015fam\u0131n ba\u015flamas\u0131 ve tar\u0131m toplumuna ge\u00e7i\u015f evrelerinin incelenebildi\u011fi muazzam bir antik kent. O d\u00f6neme g\u00f6re fazla n\u00fcfusu bar\u0131nd\u0131ran ve buna ra\u011fmen sosyal veya ekonomik farkl\u0131la\u015fmalar\u0131n olmad\u0131\u011f\u0131 kent d\u00fczenli ya\u015fam\u0131n izlerini g\u00f6steriyor.<\/p>\n<h2><strong>Edirne Selimiye Camii ve K\u00fclliyesi (Edirne) 2011<\/strong><\/h2>\n<p style=\"text-align: center;\"><strong><img loading=\"lazy\" decoding=\"async\" class=\"alignnone size-full wp-image-3011\" src=\"https:\/\/www.julesverne.com.tr\/\/wp-content\/uploads\/2020\/09\/selimiyecamii.jpg\" alt=\"\" width=\"999\" height=\"666\" srcset=\"https:\/\/julesverne.com.tr\/wp-content\/uploads\/2020\/09\/selimiyecamii.jpg 999w, https:\/\/julesverne.com.tr\/wp-content\/uploads\/2020\/09\/selimiyecamii-500x333.jpg 500w, https:\/\/julesverne.com.tr\/wp-content\/uploads\/2020\/09\/selimiyecamii-768x512.jpg 768w\" sizes=\"(max-width: 999px) 100vw, 999px\" \/><\/strong><\/p>\n<p>Osmanl\u0131 D\u00f6nemi mimarisinin doruk noktas\u0131 olarak kabul edilen Selimiye Camii ve K\u00fclliyesi bir ba\u015fyap\u0131t asl\u0131nda. Edirne&#8217;de 16. y\u00fczy\u0131lda Sultan II. Selim ad\u0131na yapt\u0131r\u0131lan cami ve k\u00fclliye Mimar Sinan&#8217;\u0131n ustal\u0131k d\u00f6nemi eseri olarak tarihe ge\u00e7mi\u015f. Teknik a\u00e7\u0131s\u0131ndan kusursuz olmas\u0131, estetik de\u011ferleriyle sadece T\u00fcrkiye&#8217;nin de\u011fil d\u00fcnya mimarl\u0131k tarihinin de \u00f6nemli yap\u0131tlar\u0131 aras\u0131nda yer al\u0131yor.<\/p>\n<h2><strong>Troia Antik Kenti (\u00c7anakkale) 1998\u00a0<\/strong><\/h2>\n<p style=\"text-align: center;\"><strong><img loading=\"lazy\" decoding=\"async\" class=\"alignnone size-full wp-image-3012\" src=\"https:\/\/www.julesverne.com.tr\/\/wp-content\/uploads\/2020\/09\/troia-1.jpg\" alt=\"\" width=\"999\" height=\"666\" srcset=\"https:\/\/julesverne.com.tr\/wp-content\/uploads\/2020\/09\/troia-1.jpg 999w, https:\/\/julesverne.com.tr\/wp-content\/uploads\/2020\/09\/troia-1-500x333.jpg 500w, https:\/\/julesverne.com.tr\/wp-content\/uploads\/2020\/09\/troia-1-768x512.jpg 768w\" sizes=\"(max-width: 999px) 100vw, 999px\" \/><\/strong><\/p>\n<p>\u00c7anakkale s\u0131n\u0131rlar\u0131 i\u00e7erisinde, g\u00fcn\u00fcm\u00fczde Teyfikiye K\u00f6y\u00fc&#8217;nde yer alan Troia Antik Kenti d\u00fcnyan\u0131n en \u00fcnl\u00fc antik \u015fehirlerinden biri ayn\u0131 zamanda. Asya ve Avrupa k\u0131talar\u0131 aras\u0131ndaki konumu, Ege ve Akdeniz aras\u0131ndaki stratejik lokasyonu ile her zaman \u00f6nemli olan Troia bu sebeple de tarihte bir\u00e7ok sava\u015f ve y\u0131k\u0131ma tan\u0131kl\u0131k etmi\u015f. 9 kez y\u0131k\u0131lan ve yeniden kurulan antik kent kaz\u0131 \u00e7al\u0131\u015fmalar\u0131nda da bu katmanlardan kalan farkl\u0131 kal\u0131nt\u0131lar bulunmu\u015f. Destanlara, efsanelere konu olan Troia&#8217;y\u0131 \u0130zmirli ozan Homeros\u2019un \u0130liada ve Odysseia destanlar\u0131yla yak\u0131ndan tan\u0131yoruz.<\/p>\n<h2><strong>Safranbolu \u015eehri (Karab\u00fck) 1994<\/strong><\/h2>\n<p style=\"text-align: center;\"><strong><img loading=\"lazy\" decoding=\"async\" class=\"alignnone size-full wp-image-3013\" src=\"https:\/\/www.julesverne.com.tr\/\/wp-content\/uploads\/2020\/09\/safranbolu.jpg\" alt=\"\" width=\"999\" height=\"666\" srcset=\"https:\/\/julesverne.com.tr\/wp-content\/uploads\/2020\/09\/safranbolu.jpg 999w, https:\/\/julesverne.com.tr\/wp-content\/uploads\/2020\/09\/safranbolu-500x333.jpg 500w, https:\/\/julesverne.com.tr\/wp-content\/uploads\/2020\/09\/safranbolu-768x512.jpg 768w\" sizes=\"(max-width: 999px) 100vw, 999px\" \/><\/strong><\/p>\n<p>Karadeniz k\u0131y\u0131lar\u0131n\u0131 Bat\u0131, Kuzey ve Orta Anadolu\u2019ya ba\u011flayan yol \u00fczerinde olmas\u0131yla her zaman \u00f6nemli ve canl\u0131 bir kent olmay\u0131 ba\u015faran Safranbolu 18.y\u00fczy\u0131la gelindi\u011finde Asya ve Avrupa aras\u0131ndaki ticaretin vazge\u00e7ilmez duraklar\u0131ndan biri olmu\u015f. Roma, Bizans, Sel\u00e7uklu ve Osmanl\u0131 hakimiyetlerine giren \u015fehrin merkezi Bat\u0131 Karadeniz\u2019in geleneksel kent dokusunu yans\u0131t\u0131yor. Geleneksel ah\u015fap evleri ve an\u0131tsal yap\u0131lar\u0131yla ya\u015fayan bir de\u011fer.<\/p>\n<h2><strong>Xanthos-Letoon (Antalya-Mu\u011fla) 1988<\/strong><\/h2>\n<p style=\"text-align: center;\"><strong><img loading=\"lazy\" decoding=\"async\" class=\"alignnone size-full wp-image-3014\" src=\"https:\/\/www.julesverne.com.tr\/\/wp-content\/uploads\/2020\/09\/letoon.jpg\" alt=\"\" width=\"999\" height=\"617\" srcset=\"https:\/\/julesverne.com.tr\/wp-content\/uploads\/2020\/09\/letoon.jpg 999w, https:\/\/julesverne.com.tr\/wp-content\/uploads\/2020\/09\/letoon-500x309.jpg 500w, https:\/\/julesverne.com.tr\/wp-content\/uploads\/2020\/09\/letoon-768x474.jpg 768w\" sizes=\"(max-width: 999px) 100vw, 999px\" \/><\/strong><\/p>\n<p>Tarihi de\u011ferleri ve organik ba\u011flar\u0131yla UNESCO D\u00fcnya Miras\u0131 listesine birlikte d\u00e2hil edilen Xanthos Antik Kenti Mu\u011fla\u2019n\u0131n Fethiye il\u00e7esinde, Letoon Antik Kenti ise Antalya&#8217;n\u0131n Ka\u015f il\u00e7esi s\u0131n\u0131rlar\u0131nda yer al\u0131yor. Bu iki antik kent aras\u0131nda ise 5 km mesafe bulunuyor. Xanthos Antik Kenti, Lykia b\u00f6lgesinin \u00f6nemli din ve y\u00f6netim merkezlerinden biri olmu\u015f; Helen, Pers, Roma, Bizans gibi farkl\u0131 uygarl\u0131klar\u0131n izlerini ta\u015f\u0131m\u0131\u015f. Letoon Antik Kenti ise Xanthos&#8217;un kutsal alan\u0131 olarak bir\u00e7ok tap\u0131nak kal\u0131nt\u0131s\u0131n\u0131 bar\u0131nd\u0131r\u0131yor.<\/p>\n<h2><strong>Hierapolis-Pamukkale (Denizli) 1988<\/strong><\/h2>\n<p style=\"text-align: center;\"><strong><img loading=\"lazy\" decoding=\"async\" class=\"alignnone size-full wp-image-3015\" src=\"https:\/\/www.julesverne.com.tr\/\/wp-content\/uploads\/2020\/09\/Hieropolis.jpg\" alt=\"\" width=\"999\" height=\"720\" srcset=\"https:\/\/julesverne.com.tr\/wp-content\/uploads\/2020\/09\/Hieropolis.jpg 999w, https:\/\/julesverne.com.tr\/wp-content\/uploads\/2020\/09\/Hieropolis-500x360.jpg 500w, https:\/\/julesverne.com.tr\/wp-content\/uploads\/2020\/09\/Hieropolis-768x554.jpg 768w\" sizes=\"(max-width: 999px) 100vw, 999px\" \/><\/strong><\/p>\n<p>Denizli, \u00c7alda\u011f\u0131\u2019ndan gelen kalsiyum oksit i\u00e7eren sular\u0131n yaratt\u0131\u011f\u0131 Pamukkale Travertenleri bembeyaz benzersiz g\u00f6r\u00fcnt\u00fcs\u00fcyle e\u015fsizli\u011fini koruyor. Bu beyaz d\u00fcnyada in\u015fa edilen Hierapolis Antik Kenti ise ge\u00e7 Helenistik ve erken Hristiyanl\u0131k d\u00f6nemlerine ait kal\u0131nt\u0131lar bar\u0131nd\u0131r\u0131yor. &#8220;Kutsal \u015fehir&#8221; anlam\u0131na gelen Hierapolis kutsall\u0131\u011f\u0131 insanlara binlerce y\u0131l \u015fifa veren sular\u0131ndan geliyor.<\/p>\n<h2><strong>Nemrut Da\u011f\u0131 (Ad\u0131yaman) 1987<\/strong><\/h2>\n<p style=\"text-align: center;\"><strong><img loading=\"lazy\" decoding=\"async\" class=\"alignnone size-full wp-image-3016\" src=\"https:\/\/www.julesverne.com.tr\/\/wp-content\/uploads\/2020\/09\/nemrutdagi-1.jpg\" alt=\"\" width=\"999\" height=\"561\" srcset=\"https:\/\/julesverne.com.tr\/wp-content\/uploads\/2020\/09\/nemrutdagi-1.jpg 999w, https:\/\/julesverne.com.tr\/wp-content\/uploads\/2020\/09\/nemrutdagi-1-500x281.jpg 500w, https:\/\/julesverne.com.tr\/wp-content\/uploads\/2020\/09\/nemrutdagi-1-768x431.jpg 768w, https:\/\/julesverne.com.tr\/wp-content\/uploads\/2020\/09\/nemrutdagi-1-400x225.jpg 400w\" sizes=\"(max-width: 999px) 100vw, 999px\" \/><\/strong><\/p>\n<p>Ad\u0131yaman\u2019\u0131n K\u00e2hta il\u00e7esinde, 2 bin 206 metre y\u00fckseklikte yer alan Nemrut Da\u011f\u0131 sadece eserleriyle de\u011fil e\u015fsiz g\u00fcndo\u011fumu ve g\u00fcnbat\u0131m\u0131 manzaralar\u0131 ve yayd\u0131\u011f\u0131 enerjisiyle UNESCO listesinin benzersiz ve e\u015fsiz bir \u00fcyesi. \u201cZeus\u2019un g\u00f6klerdeki taht\u0131na en yak\u0131n yer\u201d olarak tarihe ge\u00e7en Nemrut Da\u011f\u0131, t\u00fcm k\u00fclt\u00fcrleri bulu\u015fturmak isteyen Kommagene Kral\u0131 I. Antiochos&#8217;un ba\u015fka k\u00fclt\u00fcr tanr\u0131lar\u0131n\u0131 bir araya getiren heykelleri ve kabartmalar\u0131yla g\u00f6z kama\u015ft\u0131r\u0131c\u0131.<\/p>\n<h2><strong>Hattu\u015fa: Hitit Ba\u015fkenti (\u00c7orum) 1986<\/strong><\/h2>\n<p style=\"text-align: center;\"><strong><img loading=\"lazy\" decoding=\"async\" class=\"alignnone size-full wp-image-3017\" src=\"https:\/\/www.julesverne.com.tr\/\/wp-content\/uploads\/2020\/09\/hattusa-1.jpg\" alt=\"\" width=\"999\" height=\"687\" srcset=\"https:\/\/julesverne.com.tr\/wp-content\/uploads\/2020\/09\/hattusa-1.jpg 999w, https:\/\/julesverne.com.tr\/wp-content\/uploads\/2020\/09\/hattusa-1-500x344.jpg 500w, https:\/\/julesverne.com.tr\/wp-content\/uploads\/2020\/09\/hattusa-1-768x528.jpg 768w\" sizes=\"(max-width: 999px) 100vw, 999px\" \/><\/strong><\/p>\n<p>Bug\u00fcn \u00c7orum&#8217;un Bo\u011fazkale il\u00e7esine denk d\u00fc\u015fen Hattu\u015fa, Hitit k\u00fclt\u00fcr\u00fcn\u00fcn merkezi ba\u015fkentiydi. Anadolu&#8217;nun en \u00f6nemli arkeolojik alanlar\u0131ndan biri olan Hattu\u015fa&#8217;da ortaya \u00e7\u0131kan kal\u0131nt\u0131lar\u0131n bir\u00e7o\u011fu M.\u00d6. 13.y\u00fczy\u0131ldaki yeniden yap\u0131lanma d\u00f6nemine ait. &#8220;Bin Tanr\u0131l\u0131 \u015eehir&#8221; olarak an\u0131lan Hattu\u015fa&#8217;da kaz\u0131lar sonucu bulunan tap\u0131naklar\u0131 g\u00f6rd\u00fck\u00e7e bu isme neden lay\u0131k g\u00f6r\u00fcld\u00fc\u011f\u00fcn\u00fc daha iyi anlayacaks\u0131n\u0131z.<\/p>\n<h2><strong>G\u00f6reme Mill\u00ee Park\u0131 ve Kapadokya (Nev\u015fehir) 1985<\/strong><\/h2>\n<p style=\"text-align: center;\"><strong><img loading=\"lazy\" decoding=\"async\" class=\"alignnone size-full wp-image-3018\" src=\"https:\/\/www.julesverne.com.tr\/\/wp-content\/uploads\/2020\/09\/goremeopenairmuseum.jpg\" alt=\"\" width=\"999\" height=\"666\" srcset=\"https:\/\/julesverne.com.tr\/wp-content\/uploads\/2020\/09\/goremeopenairmuseum.jpg 999w, https:\/\/julesverne.com.tr\/wp-content\/uploads\/2020\/09\/goremeopenairmuseum-500x333.jpg 500w, https:\/\/julesverne.com.tr\/wp-content\/uploads\/2020\/09\/goremeopenairmuseum-768x512.jpg 768w\" sizes=\"(max-width: 999px) 100vw, 999px\" \/><\/strong><\/p>\n<p>Kalkolitik D\u00f6neme kadar uzanan insan izleriyle uzun y\u0131llard\u0131r ya\u015fam\u0131n oldu\u011fu Kapadokya, Erciyes Da\u011f\u0131 ve Hasan Da\u011f\u0131\u2019ndan p\u00fcsk\u00fcren lavlar\u0131n zaman i\u00e7erisinde erozyona u\u011framas\u0131yla bug\u00fcnk\u00fc do\u011fa\u00fcst\u00fc manzaraya kavu\u015ftu.\u00a0 \u00dcrg\u00fcp ve G\u00f6reme \u00e7evresinde s\u0131k\u00e7a g\u00f6r\u00fclen, diren\u00e7li kayalar\u0131n, altlar\u0131ndaki daha dayan\u0131ks\u0131z tabakay\u0131 suyun a\u015f\u0131nd\u0131rmas\u0131na kar\u015f\u0131 korumas\u0131yla olu\u015fan Peribacalar\u0131 ger\u00e7ek ile r\u00fcya aras\u0131nda bir his uyand\u0131r\u0131yor. Hitit, Pers, Bizans, Sel\u00e7uklu gibi bir\u00e7ok uygarl\u0131ktan izler ta\u015f\u0131yan Kapadokya&#8217;n\u0131n G\u00f6reme il\u00e7esi ise 7-13. y\u00fczy\u0131l aral\u0131\u011f\u0131nda bask\u0131lardan ka\u00e7an Hristiyanlar\u0131n s\u0131\u011f\u0131na\u011f\u0131 olmu\u015f ve dini bir merkez haline gelmi\u015f. Kayal\u0131klar\u0131 oyarak yarat\u0131lan farkl\u0131 mekanlar bug\u00fcn tarihin bir\u00e7ok sayfas\u0131na \u0131\u015f\u0131k tutuyor.<\/p>\n<h2><strong>\u0130stanbul&#8217;un Tarihi Alanlar\u0131 (\u0130stanbul) 1985\u00a0<\/strong><\/h2>\n<p style=\"text-align: center;\"><strong><img loading=\"lazy\" decoding=\"async\" class=\"alignnone size-full wp-image-3019\" src=\"https:\/\/www.julesverne.com.tr\/\/wp-content\/uploads\/2020\/09\/ayasofya.jpg\" alt=\"\" width=\"999\" height=\"666\" srcset=\"https:\/\/julesverne.com.tr\/wp-content\/uploads\/2020\/09\/ayasofya.jpg 999w, https:\/\/julesverne.com.tr\/wp-content\/uploads\/2020\/09\/ayasofya-500x333.jpg 500w, https:\/\/julesverne.com.tr\/wp-content\/uploads\/2020\/09\/ayasofya-768x512.jpg 768w\" sizes=\"(max-width: 999px) 100vw, 999px\" \/><\/strong><\/p>\n<p>Binlerce y\u0131ll\u0131k tarihi, bir\u00e7ok uygarl\u0131\u011fa ev sahipli\u011fi yapmas\u0131, sava\u015flara, bulu\u015flara, d\u00f6n\u00fcm noktalar\u0131na \u015fahit olmas\u0131 bu \u015fehrin de\u011ferini anlatmaya yetersiz k\u0131l\u0131yor. \u0130stanbul Tarihi Yar\u0131mada bar\u0131nd\u0131rd\u0131\u011f\u0131 mimari, dini ve k\u00fclt\u00fcrel de\u011ferlerle UNESCO D\u00fcnya Miras\u0131 Listesi&#8217;nde yer al\u0131yor. Hipodrom, Ayasofya, Aya \u0130rini, K\u00fc\u00e7\u00fck Ayasofya Camisi ve Topkap\u0131 Saray\u0131\u2019n\u0131 i\u00e7ine alan <em><strong>\u201cArkeolojik Park\u201d<\/strong><\/em>, S\u00fcleymaniye Camisi ve \u00e7evresini i\u00e7ine alan <em><strong>\u201cS\u00fcleymaniye Koruma Alan\u0131\u201d<\/strong><\/em>, Zeyrek Camisi ve \u00e7evresini i\u00e7ine alan <strong><em>\u201cZeyrek Koruma Alan\u0131\u201d<\/em><\/strong> ve <em><strong>\u201cTarihi Surlar Koruma Alan\u0131\u201d<\/strong><\/em> ile listede.<\/p>\n<h2><strong>Divri\u011fi Ulu Camii ve Dar\u00fc\u015f\u015fifas\u0131 (Sivas) 1985\u00a0<\/strong><\/h2>\n<p style=\"text-align: center;\"><strong><img loading=\"lazy\" decoding=\"async\" class=\"alignnone size-full wp-image-3020\" src=\"https:\/\/www.julesverne.com.tr\/\/wp-content\/uploads\/2020\/09\/divrigicamii.jpg\" alt=\"\" width=\"999\" height=\"666\" srcset=\"https:\/\/julesverne.com.tr\/wp-content\/uploads\/2020\/09\/divrigicamii.jpg 999w, https:\/\/julesverne.com.tr\/wp-content\/uploads\/2020\/09\/divrigicamii-500x333.jpg 500w, https:\/\/julesverne.com.tr\/wp-content\/uploads\/2020\/09\/divrigicamii-768x512.jpg 768w\" sizes=\"(max-width: 999px) 100vw, 999px\" \/><\/strong><\/p>\n<p>Meng\u00fccek h\u00fck\u00fcmdar\u0131 Ahmet \u015eah ve e\u015fi Turan Melek taraf\u0131ndan Mimar Ahlatl\u0131 H\u00fcrrem\u015fah&#8217;a yapt\u0131r\u0131lan Divri\u011fi Ulu Camii ve Dar\u00fc\u015f\u015fifa mimarl\u0131k tarihinin ba\u015fyap\u0131tlar\u0131 aras\u0131nda yer al\u0131yor. \u0130ki kubbeli t\u00fcrbesi bulunan camii ve hemen biti\u015fi\u011finde yapt\u0131r\u0131lan dar\u00fc\u015f\u015fifa Anadolu\u2019nun geleneksel ta\u015f i\u015f\u00e7ili\u011finin en g\u00fczel \u00f6rneklerinden biri.<\/p>\n<h4 style=\"text-align: center;\"><strong>Size \u00f6zel seyahat program\u0131 ve rezervasyon i\u00e7in:<br \/>\n<\/strong><strong><a href=\"mailto:travel@julesverne.com.tr\" target=\"_blank\" rel=\"noopener noreferrer\">travel@julesverne.com.tr<\/a><br \/>\n<\/strong><\/h4>\n","protected":false},"excerpt":{"rendered":"<p>Tarihi, bilimsel ve do\u011fal de\u011ferler a&ccedil;\u0131s\u0131ndan &ouml;nemli rollere sahip yerlerin korunmas\u0131, bilinir olmas\u0131 ve tan\u0131t\u0131lmas\u0131 misyonunu da &uuml;stelenen UNESCO D&uuml;nya Miras\u0131 Listesi&#8217;nde T&uuml;rkiye&#8217;den 18 yer bulunuyor. \u0130\u015fte, seyahatlerinize ilham verecek T&uuml;rkiye&#8217;nin 18 UNESCO D&uuml;nya Miras\u0131&#8230;<\/p>\n","protected":false},"author":1,"featured_media":7555,"comment_status":"closed","ping_status":"closed","sticky":false,"template":"","format":"standard","meta":{"inline_featured_image":false,"footnotes":""},"categories":[1],"tags":[77,73],"acf":[],"yoast_head":"<!-- This site is optimized with the Yoast SEO plugin v22.3 - https:\/\/yoast.com\/wordpress\/plugins\/seo\/ -->\n<title>T\u00fcrkiye&#039;nin 18 UNESCO D\u00fcnya Miras\u0131 - JULES VERNE BUSINESS MICE TRAVEL<\/title>\n<meta name=\"description\" content=\"Tarihi, bilimsel ve do\u011fal de\u011ferler a\u00e7\u0131s\u0131ndan \u00f6nemli rollere sahip yerlerin korunmas\u0131, bilinir olmas\u0131 ve tan\u0131t\u0131lmas\u0131 misyonunu da \u00fcstelenen UNESCO D\u00fcnya Miras\u0131 Listesi&#039;nde T\u00fcrkiye&#039;den 18 yer bulunuyor. \u0130\u015fte, seyahatlerinize ilham verecek T\u00fcrkiye&#039;nin 18 UNESCO D\u00fcnya Miras\u0131\" \/>\n<meta name=\"robots\" content=\"index, follow, max-snippet:-1, max-image-preview:large, max-video-preview:-1\" \/>\n<link rel=\"canonical\" href=\"https:\/\/julesverne.com.tr\/travel-blog\/turkiyenin-18-unesco-dunya-mirasi\/\" \/>\n<meta property=\"og:locale\" content=\"en_US\" \/>\n<meta property=\"og:type\" content=\"article\" \/>\n<meta property=\"og:title\" content=\"T\u00fcrkiye&#039;nin 18 UNESCO D\u00fcnya Miras\u0131 - JULES VERNE BUSINESS MICE TRAVEL\" \/>\n<meta property=\"og:description\" content=\"Tarihi, bilimsel ve do\u011fal de\u011ferler a\u00e7\u0131s\u0131ndan \u00f6nemli rollere sahip yerlerin korunmas\u0131, bilinir olmas\u0131 ve tan\u0131t\u0131lmas\u0131 misyonunu da \u00fcstelenen UNESCO D\u00fcnya Miras\u0131 Listesi&#039;nde T\u00fcrkiye&#039;den 18 yer bulunuyor. \u0130\u015fte, seyahatlerinize ilham verecek T\u00fcrkiye&#039;nin 18 UNESCO D\u00fcnya Miras\u0131\" \/>\n<meta property=\"og:url\" content=\"https:\/\/julesverne.com.tr\/travel-blog\/turkiyenin-18-unesco-dunya-mirasi\/\" \/>\n<meta property=\"og:site_name\" content=\"JULES VERNE BUSINESS MICE TRAVEL\" \/>\n<meta property=\"article:publisher\" content=\"https:\/\/www.facebook.com\/JulesVerneBusinessMiceTravel\/\" \/>\n<meta property=\"article:published_time\" content=\"2021-04-01T13:18:27+00:00\" \/>\n<meta property=\"article:modified_time\" content=\"2021-04-19T14:31:09+00:00\" \/>\n<meta property=\"og:image\" content=\"https:\/\/julesverne.com.tr\/wp-content\/uploads\/2021\/03\/nemrut_shutterstock_110605730.jpg\" \/>\n\t<meta property=\"og:image:width\" content=\"1000\" \/>\n\t<meta property=\"og:image:height\" content=\"671\" \/>\n\t<meta property=\"og:image:type\" content=\"image\/jpeg\" \/>\n<meta name=\"author\" content=\"fikirman\" \/>\n<meta name=\"twitter:card\" content=\"summary_large_image\" \/>\n<meta name=\"twitter:creator\" content=\"@JV_BusinessMice\" \/>\n<meta name=\"twitter:site\" content=\"@JV_BusinessMice\" \/>\n<meta name=\"twitter:label1\" content=\"Written by\" \/>\n\t<meta name=\"twitter:data1\" content=\"fikirman\" \/>\n\t<meta name=\"twitter:label2\" content=\"Est. reading time\" \/>\n\t<meta name=\"twitter:data2\" content=\"10 minutes\" \/>\n<script type=\"application\/ld+json\" class=\"yoast-schema-graph\">{\"@context\":\"https:\/\/schema.org\",\"@graph\":[{\"@type\":\"Article\",\"@id\":\"https:\/\/julesverne.com.tr\/travel-blog\/turkiyenin-18-unesco-dunya-mirasi\/#article\",\"isPartOf\":{\"@id\":\"https:\/\/julesverne.com.tr\/travel-blog\/turkiyenin-18-unesco-dunya-mirasi\/\"},\"author\":{\"name\":\"fikirman\",\"@id\":\"https:\/\/julesverne.com.tr\/#\/schema\/person\/f4eb0514ae455538644c31b99a466fdb\"},\"headline\":\"T\u00fcrkiye&#8217;nin 18 UNESCO D\u00fcnya Miras\u0131\",\"datePublished\":\"2021-04-01T13:18:27+00:00\",\"dateModified\":\"2021-04-19T14:31:09+00:00\",\"mainEntityOfPage\":{\"@id\":\"https:\/\/julesverne.com.tr\/travel-blog\/turkiyenin-18-unesco-dunya-mirasi\/\"},\"wordCount\":1907,\"publisher\":{\"@id\":\"https:\/\/julesverne.com.tr\/#organization\"},\"image\":{\"@id\":\"https:\/\/julesverne.com.tr\/travel-blog\/turkiyenin-18-unesco-dunya-mirasi\/#primaryimage\"},\"thumbnailUrl\":\"https:\/\/julesverne.com.tr\/wp-content\/uploads\/2021\/03\/nemrut_shutterstock_110605730.jpg\",\"keywords\":[\"\u0130lham Veren Destinasyonlar\",\"Nereye Gitsek\"],\"articleSection\":[\"Blog\"],\"inLanguage\":\"en-US\"},{\"@type\":\"WebPage\",\"@id\":\"https:\/\/julesverne.com.tr\/travel-blog\/turkiyenin-18-unesco-dunya-mirasi\/\",\"url\":\"https:\/\/julesverne.com.tr\/travel-blog\/turkiyenin-18-unesco-dunya-mirasi\/\",\"name\":\"T\u00fcrkiye'nin 18 UNESCO D\u00fcnya Miras\u0131 - JULES VERNE BUSINESS MICE TRAVEL\",\"isPartOf\":{\"@id\":\"https:\/\/julesverne.com.tr\/#website\"},\"primaryImageOfPage\":{\"@id\":\"https:\/\/julesverne.com.tr\/travel-blog\/turkiyenin-18-unesco-dunya-mirasi\/#primaryimage\"},\"image\":{\"@id\":\"https:\/\/julesverne.com.tr\/travel-blog\/turkiyenin-18-unesco-dunya-mirasi\/#primaryimage\"},\"thumbnailUrl\":\"https:\/\/julesverne.com.tr\/wp-content\/uploads\/2021\/03\/nemrut_shutterstock_110605730.jpg\",\"datePublished\":\"2021-04-01T13:18:27+00:00\",\"dateModified\":\"2021-04-19T14:31:09+00:00\",\"description\":\"Tarihi, bilimsel ve do\u011fal de\u011ferler a\u00e7\u0131s\u0131ndan \u00f6nemli rollere sahip yerlerin korunmas\u0131, bilinir olmas\u0131 ve tan\u0131t\u0131lmas\u0131 misyonunu da \u00fcstelenen UNESCO D\u00fcnya Miras\u0131 Listesi'nde T\u00fcrkiye'den 18 yer bulunuyor. \u0130\u015fte, seyahatlerinize ilham verecek T\u00fcrkiye'nin 18 UNESCO D\u00fcnya Miras\u0131\",\"breadcrumb\":{\"@id\":\"https:\/\/julesverne.com.tr\/travel-blog\/turkiyenin-18-unesco-dunya-mirasi\/#breadcrumb\"},\"inLanguage\":\"en-US\",\"potentialAction\":[{\"@type\":\"ReadAction\",\"target\":[\"https:\/\/julesverne.com.tr\/travel-blog\/turkiyenin-18-unesco-dunya-mirasi\/\"]}]},{\"@type\":\"ImageObject\",\"inLanguage\":\"en-US\",\"@id\":\"https:\/\/julesverne.com.tr\/travel-blog\/turkiyenin-18-unesco-dunya-mirasi\/#primaryimage\",\"url\":\"https:\/\/julesverne.com.tr\/wp-content\/uploads\/2021\/03\/nemrut_shutterstock_110605730.jpg\",\"contentUrl\":\"https:\/\/julesverne.com.tr\/wp-content\/uploads\/2021\/03\/nemrut_shutterstock_110605730.jpg\",\"width\":1000,\"height\":671},{\"@type\":\"BreadcrumbList\",\"@id\":\"https:\/\/julesverne.com.tr\/travel-blog\/turkiyenin-18-unesco-dunya-mirasi\/#breadcrumb\",\"itemListElement\":[{\"@type\":\"ListItem\",\"position\":1,\"name\":\"Anasayfa\",\"item\":\"https:\/\/julesverne.com.tr\/\"},{\"@type\":\"ListItem\",\"position\":2,\"name\":\"T\u00fcrkiye&#8217;nin 18 UNESCO D\u00fcnya Miras\u0131\"}]},{\"@type\":\"WebSite\",\"@id\":\"https:\/\/julesverne.com.tr\/#website\",\"url\":\"https:\/\/julesverne.com.tr\/\",\"name\":\"JULES VERNE BUSINESS MICE TRAVEL\",\"description\":\"\",\"publisher\":{\"@id\":\"https:\/\/julesverne.com.tr\/#organization\"},\"potentialAction\":[{\"@type\":\"SearchAction\",\"target\":{\"@type\":\"EntryPoint\",\"urlTemplate\":\"https:\/\/julesverne.com.tr\/?s={search_term_string}\"},\"query-input\":\"required name=search_term_string\"}],\"inLanguage\":\"en-US\"},{\"@type\":\"Organization\",\"@id\":\"https:\/\/julesverne.com.tr\/#organization\",\"name\":\"JULES VERNE BUSINESS MICE TRAVEL\",\"url\":\"https:\/\/julesverne.com.tr\/\",\"logo\":{\"@type\":\"ImageObject\",\"inLanguage\":\"en-US\",\"@id\":\"https:\/\/julesverne.com.tr\/#\/schema\/logo\/image\/\",\"url\":\"https:\/\/julesverne.com.tr\/wp-content\/uploads\/2020\/09\/jv-bmt-logo.png\",\"contentUrl\":\"https:\/\/julesverne.com.tr\/wp-content\/uploads\/2020\/09\/jv-bmt-logo.png\",\"width\":110,\"height\":81,\"caption\":\"JULES VERNE BUSINESS MICE TRAVEL\"},\"image\":{\"@id\":\"https:\/\/julesverne.com.tr\/#\/schema\/logo\/image\/\"},\"sameAs\":[\"https:\/\/www.facebook.com\/JulesVerneBusinessMiceTravel\/\",\"https:\/\/twitter.com\/JV_BusinessMice\",\"https:\/\/www.instagram.com\/julesvernebusinessmicetravel\/\",\"https:\/\/www.linkedin.com\/company\/julesvernebusinessmicetravel\/\",\"https:\/\/www.youtube.com\/channel\/UCAwdsmbZ6tFhu1tea6pkpiw\"]},{\"@type\":\"Person\",\"@id\":\"https:\/\/julesverne.com.tr\/#\/schema\/person\/f4eb0514ae455538644c31b99a466fdb\",\"name\":\"fikirman\",\"sameAs\":[\"http:\/\/advermedya.net\/julesverne\"],\"url\":\"https:\/\/julesverne.com.tr\/en\/author\/fikirman\/\"}]}<\/script>\n<!-- \/ Yoast SEO plugin. -->","yoast_head_json":{"title":"T\u00fcrkiye'nin 18 UNESCO D\u00fcnya Miras\u0131 - JULES VERNE BUSINESS MICE TRAVEL","description":"Tarihi, bilimsel ve do\u011fal de\u011ferler a\u00e7\u0131s\u0131ndan \u00f6nemli rollere sahip yerlerin korunmas\u0131, bilinir olmas\u0131 ve tan\u0131t\u0131lmas\u0131 misyonunu da \u00fcstelenen UNESCO D\u00fcnya Miras\u0131 Listesi'nde T\u00fcrkiye'den 18 yer bulunuyor. \u0130\u015fte, seyahatlerinize ilham verecek T\u00fcrkiye'nin 18 UNESCO D\u00fcnya Miras\u0131","robots":{"index":"index","follow":"follow","max-snippet":"max-snippet:-1","max-image-preview":"max-image-preview:large","max-video-preview":"max-video-preview:-1"},"canonical":"https:\/\/julesverne.com.tr\/travel-blog\/turkiyenin-18-unesco-dunya-mirasi\/","og_locale":"en_US","og_type":"article","og_title":"T\u00fcrkiye'nin 18 UNESCO D\u00fcnya Miras\u0131 - JULES VERNE BUSINESS MICE TRAVEL","og_description":"Tarihi, bilimsel ve do\u011fal de\u011ferler a\u00e7\u0131s\u0131ndan \u00f6nemli rollere sahip yerlerin korunmas\u0131, bilinir olmas\u0131 ve tan\u0131t\u0131lmas\u0131 misyonunu da \u00fcstelenen UNESCO D\u00fcnya Miras\u0131 Listesi'nde T\u00fcrkiye'den 18 yer bulunuyor. \u0130\u015fte, seyahatlerinize ilham verecek T\u00fcrkiye'nin 18 UNESCO D\u00fcnya Miras\u0131","og_url":"https:\/\/julesverne.com.tr\/travel-blog\/turkiyenin-18-unesco-dunya-mirasi\/","og_site_name":"JULES VERNE BUSINESS MICE TRAVEL","article_publisher":"https:\/\/www.facebook.com\/JulesVerneBusinessMiceTravel\/","article_published_time":"2021-04-01T13:18:27+00:00","article_modified_time":"2021-04-19T14:31:09+00:00","og_image":[{"width":1000,"height":671,"url":"https:\/\/julesverne.com.tr\/wp-content\/uploads\/2021\/03\/nemrut_shutterstock_110605730.jpg","type":"image\/jpeg"}],"author":"fikirman","twitter_card":"summary_large_image","twitter_creator":"@JV_BusinessMice","twitter_site":"@JV_BusinessMice","twitter_misc":{"Written by":"fikirman","Est. reading time":"10 minutes"},"schema":{"@context":"https:\/\/schema.org","@graph":[{"@type":"Article","@id":"https:\/\/julesverne.com.tr\/travel-blog\/turkiyenin-18-unesco-dunya-mirasi\/#article","isPartOf":{"@id":"https:\/\/julesverne.com.tr\/travel-blog\/turkiyenin-18-unesco-dunya-mirasi\/"},"author":{"name":"fikirman","@id":"https:\/\/julesverne.com.tr\/#\/schema\/person\/f4eb0514ae455538644c31b99a466fdb"},"headline":"T\u00fcrkiye&#8217;nin 18 UNESCO D\u00fcnya Miras\u0131","datePublished":"2021-04-01T13:18:27+00:00","dateModified":"2021-04-19T14:31:09+00:00","mainEntityOfPage":{"@id":"https:\/\/julesverne.com.tr\/travel-blog\/turkiyenin-18-unesco-dunya-mirasi\/"},"wordCount":1907,"publisher":{"@id":"https:\/\/julesverne.com.tr\/#organization"},"image":{"@id":"https:\/\/julesverne.com.tr\/travel-blog\/turkiyenin-18-unesco-dunya-mirasi\/#primaryimage"},"thumbnailUrl":"https:\/\/julesverne.com.tr\/wp-content\/uploads\/2021\/03\/nemrut_shutterstock_110605730.jpg","keywords":["\u0130lham Veren Destinasyonlar","Nereye Gitsek"],"articleSection":["Blog"],"inLanguage":"en-US"},{"@type":"WebPage","@id":"https:\/\/julesverne.com.tr\/travel-blog\/turkiyenin-18-unesco-dunya-mirasi\/","url":"https:\/\/julesverne.com.tr\/travel-blog\/turkiyenin-18-unesco-dunya-mirasi\/","name":"T\u00fcrkiye'nin 18 UNESCO D\u00fcnya Miras\u0131 - JULES VERNE BUSINESS MICE TRAVEL","isPartOf":{"@id":"https:\/\/julesverne.com.tr\/#website"},"primaryImageOfPage":{"@id":"https:\/\/julesverne.com.tr\/travel-blog\/turkiyenin-18-unesco-dunya-mirasi\/#primaryimage"},"image":{"@id":"https:\/\/julesverne.com.tr\/travel-blog\/turkiyenin-18-unesco-dunya-mirasi\/#primaryimage"},"thumbnailUrl":"https:\/\/julesverne.com.tr\/wp-content\/uploads\/2021\/03\/nemrut_shutterstock_110605730.jpg","datePublished":"2021-04-01T13:18:27+00:00","dateModified":"2021-04-19T14:31:09+00:00","description":"Tarihi, bilimsel ve do\u011fal de\u011ferler a\u00e7\u0131s\u0131ndan \u00f6nemli rollere sahip yerlerin korunmas\u0131, bilinir olmas\u0131 ve tan\u0131t\u0131lmas\u0131 misyonunu da \u00fcstelenen UNESCO D\u00fcnya Miras\u0131 Listesi'nde T\u00fcrkiye'den 18 yer bulunuyor. \u0130\u015fte, seyahatlerinize ilham verecek T\u00fcrkiye'nin 18 UNESCO D\u00fcnya Miras\u0131","breadcrumb":{"@id":"https:\/\/julesverne.com.tr\/travel-blog\/turkiyenin-18-unesco-dunya-mirasi\/#breadcrumb"},"inLanguage":"en-US","potentialAction":[{"@type":"ReadAction","target":["https:\/\/julesverne.com.tr\/travel-blog\/turkiyenin-18-unesco-dunya-mirasi\/"]}]},{"@type":"ImageObject","inLanguage":"en-US","@id":"https:\/\/julesverne.com.tr\/travel-blog\/turkiyenin-18-unesco-dunya-mirasi\/#primaryimage","url":"https:\/\/julesverne.com.tr\/wp-content\/uploads\/2021\/03\/nemrut_shutterstock_110605730.jpg","contentUrl":"https:\/\/julesverne.com.tr\/wp-content\/uploads\/2021\/03\/nemrut_shutterstock_110605730.jpg","width":1000,"height":671},{"@type":"BreadcrumbList","@id":"https:\/\/julesverne.com.tr\/travel-blog\/turkiyenin-18-unesco-dunya-mirasi\/#breadcrumb","itemListElement":[{"@type":"ListItem","position":1,"name":"Anasayfa","item":"https:\/\/julesverne.com.tr\/"},{"@type":"ListItem","position":2,"name":"T\u00fcrkiye&#8217;nin 18 UNESCO D\u00fcnya Miras\u0131"}]},{"@type":"WebSite","@id":"https:\/\/julesverne.com.tr\/#website","url":"https:\/\/julesverne.com.tr\/","name":"JULES VERNE BUSINESS MICE TRAVEL","description":"","publisher":{"@id":"https:\/\/julesverne.com.tr\/#organization"},"potentialAction":[{"@type":"SearchAction","target":{"@type":"EntryPoint","urlTemplate":"https:\/\/julesverne.com.tr\/?s={search_term_string}"},"query-input":"required name=search_term_string"}],"inLanguage":"en-US"},{"@type":"Organization","@id":"https:\/\/julesverne.com.tr\/#organization","name":"JULES VERNE BUSINESS MICE TRAVEL","url":"https:\/\/julesverne.com.tr\/","logo":{"@type":"ImageObject","inLanguage":"en-US","@id":"https:\/\/julesverne.com.tr\/#\/schema\/logo\/image\/","url":"https:\/\/julesverne.com.tr\/wp-content\/uploads\/2020\/09\/jv-bmt-logo.png","contentUrl":"https:\/\/julesverne.com.tr\/wp-content\/uploads\/2020\/09\/jv-bmt-logo.png","width":110,"height":81,"caption":"JULES VERNE BUSINESS MICE TRAVEL"},"image":{"@id":"https:\/\/julesverne.com.tr\/#\/schema\/logo\/image\/"},"sameAs":["https:\/\/www.facebook.com\/JulesVerneBusinessMiceTravel\/","https:\/\/twitter.com\/JV_BusinessMice","https:\/\/www.instagram.com\/julesvernebusinessmicetravel\/","https:\/\/www.linkedin.com\/company\/julesvernebusinessmicetravel\/","https:\/\/www.youtube.com\/channel\/UCAwdsmbZ6tFhu1tea6pkpiw"]},{"@type":"Person","@id":"https:\/\/julesverne.com.tr\/#\/schema\/person\/f4eb0514ae455538644c31b99a466fdb","name":"fikirman","sameAs":["http:\/\/advermedya.net\/julesverne"],"url":"https:\/\/julesverne.com.tr\/en\/author\/fikirman\/"}]}},"_links":{"self":[{"href":"https:\/\/julesverne.com.tr\/en\/wp-json\/wp\/v2\/posts\/2257"}],"collection":[{"href":"https:\/\/julesverne.com.tr\/en\/wp-json\/wp\/v2\/posts"}],"about":[{"href":"https:\/\/julesverne.com.tr\/en\/wp-json\/wp\/v2\/types\/post"}],"author":[{"embeddable":true,"href":"https:\/\/julesverne.com.tr\/en\/wp-json\/wp\/v2\/users\/1"}],"replies":[{"embeddable":true,"href":"https:\/\/julesverne.com.tr\/en\/wp-json\/wp\/v2\/comments?post=2257"}],"version-history":[{"count":0,"href":"https:\/\/julesverne.com.tr\/en\/wp-json\/wp\/v2\/posts\/2257\/revisions"}],"wp:featuredmedia":[{"embeddable":true,"href":"https:\/\/julesverne.com.tr\/en\/wp-json\/wp\/v2\/media\/7555"}],"wp:attachment":[{"href":"https:\/\/julesverne.com.tr\/en\/wp-json\/wp\/v2\/media?parent=2257"}],"wp:term":[{"taxonomy":"category","embeddable":true,"href":"https:\/\/julesverne.com.tr\/en\/wp-json\/wp\/v2\/categories?post=2257"},{"taxonomy":"post_tag","embeddable":true,"href":"https:\/\/julesverne.com.tr\/en\/wp-json\/wp\/v2\/tags?post=2257"}],"curies":[{"name":"wp","href":"https:\/\/api.w.org\/{rel}","templated":true}]}}