{"id":2239,"date":"2020-03-24T13:34:40","date_gmt":"2020-03-24T10:34:40","guid":{"rendered":"https:\/\/www.julesverne.com.tr\/\/blog\/dunyanin-en-iyi-destinasyonlarindan-canli-goruntuler\/"},"modified":"2021-06-21T14:36:11","modified_gmt":"2021-06-21T11:36:11","slug":"dunyanin-en-iyi-destinasyonlarindan-canli-goruntuler","status":"publish","type":"post","link":"https:\/\/julesverne.com.tr\/en\/travel-blog\/dunyanin-en-iyi-destinasyonlarindan-canli-goruntuler\/","title":{"rendered":"D\u00fcnyan\u0131n En \u0130yi Destinasyonlar\u0131ndan Canl\u0131 G\u00f6r\u00fcnt\u00fcler"},"content":{"rendered":"<p style=\"text-align: center;\"><img loading=\"lazy\" decoding=\"async\" class=\"alignnone size-full wp-image-3068\" src=\"https:\/\/www.julesverne.com.tr\/\/wp-content\/uploads\/2020\/09\/grotemarkt-1.jpg\" alt=\"\" width=\"999\" height=\"666\" srcset=\"https:\/\/julesverne.com.tr\/wp-content\/uploads\/2020\/09\/grotemarkt-1.jpg 999w, https:\/\/julesverne.com.tr\/wp-content\/uploads\/2020\/09\/grotemarkt-1-500x333.jpg 500w, https:\/\/julesverne.com.tr\/wp-content\/uploads\/2020\/09\/grotemarkt-1-768x512.jpg 768w\" sizes=\"(max-width: 999px) 100vw, 999px\" \/><\/p>\n<p>D\u00fcnya \u00e7ap\u0131nda bir\u00e7ok \u00fclkeyi etkisi alt\u0131na alan bu bulundu\u011fumuz durum, seyahat imk\u00e2n\u0131m\u0131z\u0131 ne kadar k\u0131s\u0131tlam\u0131\u015f olsa da, evde oldu\u011fumuz d\u00f6nemlerde d\u00fcnyan\u0131n d\u00f6rt bir yan\u0131nda bulunan en g\u00fczel turistik destinasyonlar\u0131n canl\u0131 g\u00f6r\u00fcnt\u00fclerini takip etmek hala m\u00fcmk\u00fcn. Soka\u011fa \u00e7\u0131kan insan say\u0131s\u0131n\u0131n g\u00fcn ge\u00e7tik\u00e7e azald\u0131\u011f\u0131, \u00f6nlem ama\u00e7l\u0131 olarak eve kapand\u0131\u011f\u0131m\u0131z d\u00f6nemin etkisi, her g\u00fcn binlerce insan\u0131n ziyaret etti\u011fi turistik destinasyonlar\u0131n anl\u0131k g\u00f6r\u00fcnt\u00fclerine de yans\u0131yor.<\/p>\n<p>Bu d\u00f6nemi bilin\u00e7li olarak evinde ge\u00e7iren seyahat merakl\u0131lar\u0131 olarak, d\u00fcnyaca en \u00e7ok ilgi g\u00f6ren turistik destinasyonlar\u0131n g\u00f6r\u00fcnt\u00fclerini bir araya getirdik. \u015eehirlerin unutulmaz sessizli\u011fine siz de \u015fahit olmak ister misiniz?<\/p>\n<h2><strong>Puerta del Sol Meydan\u0131, Madrid<\/strong><\/h2>\n<p style=\"text-align: center;\"><strong><img loading=\"lazy\" decoding=\"async\" class=\"alignnone size-full wp-image-3069\" src=\"https:\/\/www.julesverne.com.tr\/\/wp-content\/uploads\/2020\/09\/PuertadelSol.jpg\" alt=\"\" width=\"999\" height=\"663\" srcset=\"https:\/\/julesverne.com.tr\/wp-content\/uploads\/2020\/09\/PuertadelSol.jpg 999w, https:\/\/julesverne.com.tr\/wp-content\/uploads\/2020\/09\/PuertadelSol-500x332.jpg 500w, https:\/\/julesverne.com.tr\/wp-content\/uploads\/2020\/09\/PuertadelSol-768x510.jpg 768w\" sizes=\"(max-width: 999px) 100vw, 999px\" \/><\/strong><\/p>\n<p>Madrid&#8217;in en bilinen ve en kalabal\u0131k meydan\u0131 olan Puerta del Sol, 15. Y\u00fczy\u0131lda \u015fehiri \u00e7evreleyen duvar kap\u0131lar\u0131ndan biri olarak biliniyor. <a href=\"https:\/\/www.skylinewebcams.com\/en\/webcam\/espana\/comunidad-de-madrid\/madrid\/puerta-del-sol.html\" target=\"_blank\" rel=\"noopener noreferrer\">Canl\u0131 yay\u0131n g\u00f6r\u00fcnt\u00fcs\u00fc i\u00e7in t\u0131klay\u0131n.<\/a><\/p>\n<h2><strong>Barceloneta Plaj\u0131 &#8211; Barcelona<\/strong><\/h2>\n<p style=\"text-align: center;\"><strong><img loading=\"lazy\" decoding=\"async\" class=\"alignnone size-full wp-image-3070\" src=\"https:\/\/www.julesverne.com.tr\/\/wp-content\/uploads\/2020\/09\/barceloneta.jpg\" alt=\"\" width=\"999\" height=\"666\" srcset=\"https:\/\/julesverne.com.tr\/wp-content\/uploads\/2020\/09\/barceloneta.jpg 999w, https:\/\/julesverne.com.tr\/wp-content\/uploads\/2020\/09\/barceloneta-500x333.jpg 500w, https:\/\/julesverne.com.tr\/wp-content\/uploads\/2020\/09\/barceloneta-768x512.jpg 768w\" sizes=\"(max-width: 999px) 100vw, 999px\" \/><\/strong><\/p>\n<p>Barcelona\u2019n\u0131n en eski ve pop\u00fcler plajlar\u0131ndan biri olan Barceloneta Plaj\u0131, \u015fehir plaj\u0131 kriterinde d\u00fcnyan\u0131n en iyi 10 plaj\u0131 aras\u0131nda yer al\u0131yor. <a href=\"https:\/\/www.skylinewebcams.com\/en\/webcam\/espana\/cataluna\/barcelona\/playa-barceloneta.html\" target=\"_blank\" rel=\"noopener noreferrer\">Canl\u0131 yay\u0131n g\u00f6r\u00fcnt\u00fcs\u00fc i\u00e7in t\u0131klay\u0131n.<\/a><\/p>\n<h2><strong>Brugge Markt Meydan\u0131, Brugge<\/strong><\/h2>\n<p style=\"text-align: center;\"><strong><img loading=\"lazy\" decoding=\"async\" class=\"alignnone size-full wp-image-3071\" src=\"https:\/\/www.julesverne.com.tr\/\/wp-content\/uploads\/2020\/09\/brugge.jpg\" alt=\"\" width=\"999\" height=\"666\" srcset=\"https:\/\/julesverne.com.tr\/wp-content\/uploads\/2020\/09\/brugge.jpg 999w, https:\/\/julesverne.com.tr\/wp-content\/uploads\/2020\/09\/brugge-500x333.jpg 500w, https:\/\/julesverne.com.tr\/wp-content\/uploads\/2020\/09\/brugge-768x512.jpg 768w\" sizes=\"(max-width: 999px) 100vw, 999px\" \/><\/strong><\/p>\n<p>Brugge, Orta \u00c7a\u011f\u2019dan kalma mimarisi ile Beli\u00e7ka\u2019da bulunan Flaman b\u00f6lgesinin en b\u00fcy\u00fck \u015fehirleri aras\u0131nda yer al\u0131yor. \u00d6zellikle y\u0131lba\u015f\u0131 zaman\u0131 b\u00fcy\u00fck bir ilgi g\u00f6ren \u015fehir, en \u00e7ok dantelleri, \u00e7ikolatalar\u0131 ve kanallar\u0131yla an\u0131l\u0131yor. <a href=\"https:\/\/www.skylinewebcams.com\/en\/webcam\/belgique\/flandres\/bruges\/bruges.html\" target=\"_blank\" rel=\"noopener noreferrer\">Canl\u0131 yay\u0131n g\u00f6r\u00fcnt\u00fcs\u00fc i\u00e7in t\u0131klay\u0131n.<\/a><\/p>\n<h2><strong>Trevi \u00c7esmesi, Roma<\/strong><\/h2>\n<p style=\"text-align: center;\"><strong><img loading=\"lazy\" decoding=\"async\" class=\"alignnone size-full wp-image-3072\" src=\"https:\/\/www.julesverne.com.tr\/\/wp-content\/uploads\/2020\/09\/fontanaditrevi.jpg\" alt=\"\" width=\"999\" height=\"718\" srcset=\"https:\/\/julesverne.com.tr\/wp-content\/uploads\/2020\/09\/fontanaditrevi.jpg 999w, https:\/\/julesverne.com.tr\/wp-content\/uploads\/2020\/09\/fontanaditrevi-500x359.jpg 500w, https:\/\/julesverne.com.tr\/wp-content\/uploads\/2020\/09\/fontanaditrevi-768x552.jpg 768w\" sizes=\"(max-width: 999px) 100vw, 999px\" \/><\/strong><\/p>\n<p>Antik Roma zamanlar\u0131ndan kalan Trevi \u00c7esmesi, Roma\u2019n\u0131n en b\u00fcy\u00fck Barok \u00c7e\u015fmesi olup, d\u00fcnyan\u0131n en \u00e7ok ziyaret edilen \u00e7e\u015fmeleri aras\u0131nda yer al\u0131yor. <a href=\"https:\/\/www.skylinewebcams.com\/en\/webcam\/italia\/lazio\/roma\/fontana-di-trevi.html\" target=\"_blank\" rel=\"noopener noreferrer\">Canl\u0131 yay\u0131n g\u00f6r\u00fcnt\u00fcs\u00fc i\u00e7in t\u0131klay\u0131n.<\/a><\/p>\n<h2><strong>A\u011flama Duvar\u0131 (Western Wall), Kud\u00fcs<\/strong><\/h2>\n<p style=\"text-align: center;\"><strong><img loading=\"lazy\" decoding=\"async\" class=\"alignnone size-full wp-image-3073\" src=\"https:\/\/www.julesverne.com.tr\/\/wp-content\/uploads\/2020\/09\/westernwall.jpg\" alt=\"\" width=\"999\" height=\"667\" srcset=\"https:\/\/julesverne.com.tr\/wp-content\/uploads\/2020\/09\/westernwall.jpg 999w, https:\/\/julesverne.com.tr\/wp-content\/uploads\/2020\/09\/westernwall-500x334.jpg 500w, https:\/\/julesverne.com.tr\/wp-content\/uploads\/2020\/09\/westernwall-768x513.jpg 768w\" sizes=\"(max-width: 999px) 100vw, 999px\" \/><\/strong><\/p>\n<p>Bat\u0131 Duvar\u0131 olarakta bilinen A\u011flama Duvar\u0131, Yahudiler taraf\u0131ndan kutsal olarak kabul edilip, yakla\u015f\u0131k 488 metre uzunlu\u011funda ve 19 metre y\u00fcksekli\u011finde olan tarihi bir duvard\u0131r. <a href=\"https:\/\/www.skylinewebcams.com\/en\/webcam\/israel\/jerusalem-district\/jerusalem\/western-wall.html\" target=\"_blank\" rel=\"noopener noreferrer\">Canl\u0131 yay\u0131n g\u00f6r\u00fcnt\u00fcs\u00fc i\u00e7in t\u0131klay\u0131n<\/a>.<\/p>\n<h2><strong>Kolezyum (Colosseum), Roma<\/strong><\/h2>\n<p style=\"text-align: center;\"><strong><img loading=\"lazy\" decoding=\"async\" class=\"alignnone size-full wp-image-3074\" src=\"https:\/\/www.julesverne.com.tr\/\/wp-content\/uploads\/2020\/09\/Colosseum.jpg\" alt=\"\" width=\"999\" height=\"719\" srcset=\"https:\/\/julesverne.com.tr\/wp-content\/uploads\/2020\/09\/Colosseum.jpg 999w, https:\/\/julesverne.com.tr\/wp-content\/uploads\/2020\/09\/Colosseum-500x360.jpg 500w, https:\/\/julesverne.com.tr\/wp-content\/uploads\/2020\/09\/Colosseum-768x553.jpg 768w\" sizes=\"(max-width: 999px) 100vw, 999px\" \/><\/strong><\/p>\n<p>Roma\u2019n\u0131n sembol\u00fc haline gelmi\u015f olan Kolezyum, yakla\u015f\u0131k 2,000 y\u0131ll\u0131k bir ge\u00e7mi\u015fe sahip olup, pek \u00e7ok gladyat\u00f6r d\u00f6v\u00fc\u015flerinin ve halk g\u00f6sterilerinin ger\u00e7ekle\u015fti\u011fi bir arenad\u0131r. <a href=\"https:\/\/www.skylinewebcams.com\/en\/webcam\/italia\/lazio\/roma\/roma-colosseo.html\" target=\"_blank\" rel=\"noopener noreferrer\">Canl\u0131 yay\u0131n g\u00f6r\u00fcnt\u00fcs\u00fc i\u00e7in t\u0131klay\u0131n.<\/a><\/p>\n<h2><strong>42.Sokak, New York<\/strong><\/h2>\n<p style=\"text-align: center;\"><strong><img loading=\"lazy\" decoding=\"async\" class=\"alignnone size-full wp-image-3075\" src=\"https:\/\/www.julesverne.com.tr\/\/wp-content\/uploads\/2020\/09\/42ndstreet.jpg\" alt=\"\" width=\"999\" height=\"684\" srcset=\"https:\/\/julesverne.com.tr\/wp-content\/uploads\/2020\/09\/42ndstreet.jpg 999w, https:\/\/julesverne.com.tr\/wp-content\/uploads\/2020\/09\/42ndstreet-500x342.jpg 500w, https:\/\/julesverne.com.tr\/wp-content\/uploads\/2020\/09\/42ndstreet-768x526.jpg 768w\" sizes=\"(max-width: 999px) 100vw, 999px\" \/><\/strong><\/p>\n<p>New York \u015fehrinin Manhattan b\u00f6lgesinde yer alan 42. Sokak, New York\u2019un en kalabal\u0131k sokaklar\u0131 aras\u0131nda yer alan ve tiyatro ve m\u00fczikalleri ile tan\u0131nan bir ana caddedir. Grand Central Terminali, Times Square ve Birle\u015fmi\u015f Milletler Genel Merkezi gibi \u00f6nemli binalara da ev sahipli\u011fi yapmaktad\u0131r. <a href=\"https:\/\/www.skylinewebcams.com\/en\/webcam\/united-states\/new-york\/new-york\/nyc-42th-street.html\" target=\"_blank\" rel=\"noopener noreferrer\">Canl\u0131 yay\u0131n g\u00f6r\u00fcnt\u00fcs\u00fc i\u00e7in t\u0131klay\u0131n<\/a>.<\/p>\n<h2><strong>Piazza del Duomo Meydan\u0131, Floransa<\/strong><\/h2>\n<p style=\"text-align: center;\"><strong><img loading=\"lazy\" decoding=\"async\" class=\"alignnone size-full wp-image-3076\" src=\"https:\/\/www.julesverne.com.tr\/\/wp-content\/uploads\/2020\/09\/piazzadelduomo.jpg\" alt=\"\" width=\"999\" height=\"691\" srcset=\"https:\/\/julesverne.com.tr\/wp-content\/uploads\/2020\/09\/piazzadelduomo.jpg 999w, https:\/\/julesverne.com.tr\/wp-content\/uploads\/2020\/09\/piazzadelduomo-500x346.jpg 500w, https:\/\/julesverne.com.tr\/wp-content\/uploads\/2020\/09\/piazzadelduomo-768x531.jpg 768w\" sizes=\"(max-width: 999px) 100vw, 999px\" \/><\/strong><\/p>\n<p>Orta \u00c7a\u011f\u2019dan kalma bir\u00e7ok tarihsel yap\u0131ta ev sahipli\u011fi yapan Piazza del Duomo Meydan\u0131, d\u00fcnyan\u0131n en \u00e7ok ziyaret edilen b\u00f6lgeleri aras\u0131nda yer al\u0131yor. <a href=\"https:\/\/www.skylinewebcams.com\/en\/webcam\/italia\/toscana\/firenze\/piazza-duomo-firenze.html\" target=\"_blank\" rel=\"noopener noreferrer\">Canl\u0131 yay\u0131n g\u00f6r\u00fcnt\u00fcs\u00fc i\u00e7in t\u0131klay\u0131n.<\/a><\/p>\n<h2><strong>San Marco Meydan\u0131 (St. Mark\u2019s Square), Venedik\u00a0<\/strong><\/h2>\n<p style=\"text-align: center;\"><strong><img loading=\"lazy\" decoding=\"async\" class=\"alignnone size-full wp-image-3077\" src=\"https:\/\/www.julesverne.com.tr\/\/wp-content\/uploads\/2020\/09\/sanmarco.jpg\" alt=\"\" width=\"999\" height=\"666\" srcset=\"https:\/\/julesverne.com.tr\/wp-content\/uploads\/2020\/09\/sanmarco.jpg 999w, https:\/\/julesverne.com.tr\/wp-content\/uploads\/2020\/09\/sanmarco-500x333.jpg 500w, https:\/\/julesverne.com.tr\/wp-content\/uploads\/2020\/09\/sanmarco-768x512.jpg 768w\" sizes=\"(max-width: 999px) 100vw, 999px\" \/><\/strong><\/p>\n<p>San Marco Meydan\u0131, \u015fehrin bir\u00e7ok tarihsel yap\u0131s\u0131n\u0131 bar\u0131nd\u0131ran bir meydan olup, Venedik\u2019in merkezi ve sembol\u00fc haline gelmi\u015ftir. \u015eehrin, sosyal, politik ve dini merkezi olan San Marco, d\u00fcnyan\u0131n en pop\u00fcler meydanlar\u0131 aras\u0131nda yer al\u0131yor. <a href=\"https:\/\/www.skylinewebcams.com\/en\/webcam\/italia\/veneto\/venezia\/piazza-san-marco.html\" target=\"_blank\" rel=\"noopener noreferrer\">Canl\u0131 yay\u0131n g\u00f6r\u00fcnt\u00fcs\u00fc i\u00e7in t\u0131klay\u0131n.<\/a><\/p>\n<h2><strong>Eski Kent Meydan\u0131 (Old Town Square), Prag<\/strong><\/h2>\n<p style=\"text-align: center;\"><strong><img loading=\"lazy\" decoding=\"async\" class=\"alignnone size-full wp-image-3078\" src=\"https:\/\/www.julesverne.com.tr\/\/wp-content\/uploads\/2020\/09\/oldtownsquareprague.jpg\" alt=\"\" width=\"999\" height=\"653\" srcset=\"https:\/\/julesverne.com.tr\/wp-content\/uploads\/2020\/09\/oldtownsquareprague.jpg 999w, https:\/\/julesverne.com.tr\/wp-content\/uploads\/2020\/09\/oldtownsquareprague-500x327.jpg 500w, https:\/\/julesverne.com.tr\/wp-content\/uploads\/2020\/09\/oldtownsquareprague-768x502.jpg 768w\" sizes=\"(max-width: 999px) 100vw, 999px\" \/><\/strong><\/p>\n<p>Bir\u00e7ok farkl\u0131 mimari yap\u0131ya sahip olan Eski Kent Meydan\u0131, 10. Y\u00fczy\u0131ldan bu yana, Prag\u2019\u0131n en eski ve tarihsel meydan\u0131 olarak biliniyor. <a href=\"https:\/\/www.skylinewebcams.com\/en\/webcam\/czech-republic\/prague\/prague\/prague.html\" target=\"_blank\" rel=\"noopener noreferrer\">Canl\u0131 yay\u0131n g\u00f6r\u00fcnt\u00fcs\u00fc i\u00e7in t\u0131klay\u0131n.<\/a><\/p>\n<h2><strong>Duomo Katedrali, Milano<\/strong><\/h2>\n<p style=\"text-align: center;\"><strong><img loading=\"lazy\" decoding=\"async\" class=\"alignnone size-full wp-image-3079\" src=\"https:\/\/www.julesverne.com.tr\/\/wp-content\/uploads\/2020\/09\/duomodimilano-1.jpg\" alt=\"\" width=\"999\" height=\"666\" srcset=\"https:\/\/julesverne.com.tr\/wp-content\/uploads\/2020\/09\/duomodimilano-1.jpg 999w, https:\/\/julesverne.com.tr\/wp-content\/uploads\/2020\/09\/duomodimilano-1-500x333.jpg 500w, https:\/\/julesverne.com.tr\/wp-content\/uploads\/2020\/09\/duomodimilano-1-768x512.jpg 768w\" sizes=\"(max-width: 999px) 100vw, 999px\" \/><\/strong><\/p>\n<p>\u0130n\u015faat\u0131n\u0131n tamamlanmas\u0131 yakla\u015f\u0131k 600 y\u0131l s\u00fcren Duomo, d\u00fcnyan\u0131n en b\u00fcy\u00fck 5. katedrali olarak biliniyor. Binlerce sanat\u00e7\u0131n\u0131n i\u015f birli\u011fiyle ortaya \u00e7\u0131kan Duomo Katedrali, Milano\u2019nun sembol\u00fc haline gelen turistik bir yap\u0131d\u0131r. <a href=\"https:\/\/www.skylinewebcams.com\/en\/webcam\/italia\/lombardia\/milano\/duomo-milano.html\" target=\"_blank\" rel=\"noopener noreferrer\">Canl\u0131 yay\u0131n g\u00f6r\u00fcnt\u00fcs\u00fc i\u00e7in t\u0131klay\u0131n.<\/a><\/p>\n<h2><strong>Las Vistas Plaj\u0131, Tenerife<\/strong><\/h2>\n<p style=\"text-align: center;\"><strong><img loading=\"lazy\" decoding=\"async\" class=\"alignnone size-full wp-image-3080\" src=\"https:\/\/www.julesverne.com.tr\/\/wp-content\/uploads\/2020\/09\/tenerife.jpg\" alt=\"\" width=\"999\" height=\"661\" srcset=\"https:\/\/julesverne.com.tr\/wp-content\/uploads\/2020\/09\/tenerife.jpg 999w, https:\/\/julesverne.com.tr\/wp-content\/uploads\/2020\/09\/tenerife-500x331.jpg 500w, https:\/\/julesverne.com.tr\/wp-content\/uploads\/2020\/09\/tenerife-768x508.jpg 768w\" sizes=\"(max-width: 999px) 100vw, 999px\" \/><\/strong><\/p>\n<p>Tenerife adas\u0131nda yer alan Las Vistas Plaj\u0131, mavi bayrakl\u0131 bir plaj olup, yaz sezonunda bir\u00e7ok deniz-kum-g\u00fcne\u015f severe ev sahipli\u011fi yap\u0131yor. <a href=\"https:\/\/www.skylinewebcams.com\/en\/webcam\/espana\/canarias\/santa-cruz-de-tenerife\/playa-las-vistas.html\" target=\"_blank\" rel=\"noopener noreferrer\">Canl\u0131 yay\u0131n g\u00f6r\u00fcnt\u00fcs\u00fc i\u00e7in t\u0131klay\u0131n.<\/a><\/p>\n<p>&nbsp;<\/p>\n<p><strong>&#8220;Bu konu OGGUSTO taraf\u0131ndan haz\u0131rlanm\u0131\u015ft\u0131r.&#8221;\u00a0\u00a0<\/strong><strong>#OGGUSTOGETHER<\/strong><strong><br \/>\n<a href=\"https:\/\/www.oggusto.com\/blog\/detay\/2948\/turistik-destinasyonlarin-canli-goruntuleri.html\" target=\"_blank\" rel=\"noopener noreferrer\">\u0130\u00e7eri\u011fin orijinal haline ve di\u011fer keyifli konulara buradan ula\u015fabilirsiniz!<\/a><br \/>\n<\/strong><\/p>\n","protected":false},"excerpt":{"rendered":"<p>Bu d&ouml;nemi bilin&ccedil;li olarak evinde ge&ccedil;iren seyahat merakl\u0131lar\u0131 olarak, d&uuml;nyaca en &ccedil;ok ilgi g&ouml;ren turistik destinasyonlar\u0131n g&ouml;r&uuml;nt&uuml;lerini bir araya getirdik. \u015eehirlerin unutulmaz sessizli\u011fine siz de \u015fahit olmak ister misiniz?<\/p>\n","protected":false},"author":1,"featured_media":2240,"comment_status":"closed","ping_status":"closed","sticky":false,"template":"","format":"standard","meta":{"inline_featured_image":false,"footnotes":""},"categories":[1],"tags":[137],"acf":[],"yoast_head":"<!-- This site is optimized with the Yoast SEO plugin v22.3 - https:\/\/yoast.com\/wordpress\/plugins\/seo\/ -->\n<title>D\u00fcnyan\u0131n En \u0130yi Destinasyonlar\u0131ndan Canl\u0131 G\u00f6r\u00fcnt\u00fcler - JULES VERNE BUSINESS MICE TRAVEL<\/title>\n<meta name=\"robots\" content=\"index, follow, max-snippet:-1, max-image-preview:large, max-video-preview:-1\" \/>\n<link rel=\"canonical\" href=\"https:\/\/julesverne.com.tr\/travel-blog\/dunyanin-en-iyi-destinasyonlarindan-canli-goruntuler\/\" \/>\n<meta property=\"og:locale\" content=\"en_US\" \/>\n<meta property=\"og:type\" content=\"article\" \/>\n<meta property=\"og:title\" content=\"D\u00fcnyan\u0131n En \u0130yi Destinasyonlar\u0131ndan Canl\u0131 G\u00f6r\u00fcnt\u00fcler - JULES VERNE BUSINESS MICE TRAVEL\" \/>\n<meta property=\"og:description\" content=\"Bu d&ouml;nemi bilin&ccedil;li olarak evinde ge&ccedil;iren seyahat merakl\u0131lar\u0131 olarak, d&uuml;nyaca en &ccedil;ok ilgi g&ouml;ren turistik destinasyonlar\u0131n g&ouml;r&uuml;nt&uuml;lerini bir araya getirdik. \u015eehirlerin unutulmaz sessizli\u011fine siz de \u015fahit olmak ister misiniz?\" \/>\n<meta property=\"og:url\" content=\"https:\/\/julesverne.com.tr\/travel-blog\/dunyanin-en-iyi-destinasyonlarindan-canli-goruntuler\/\" \/>\n<meta property=\"og:site_name\" content=\"JULES VERNE BUSINESS MICE TRAVEL\" \/>\n<meta property=\"article:publisher\" content=\"https:\/\/www.facebook.com\/JulesVerneBusinessMiceTravel\/\" \/>\n<meta property=\"article:published_time\" content=\"2020-03-24T10:34:40+00:00\" \/>\n<meta property=\"article:modified_time\" content=\"2021-06-21T11:36:11+00:00\" \/>\n<meta property=\"og:image\" content=\"https:\/\/julesverne.com.tr\/wp-content\/uploads\/2020\/09\/grotemarkt.jpg\" \/>\n\t<meta property=\"og:image:width\" content=\"999\" \/>\n\t<meta property=\"og:image:height\" content=\"666\" \/>\n\t<meta property=\"og:image:type\" content=\"image\/jpeg\" \/>\n<meta name=\"author\" content=\"fikirman\" \/>\n<meta name=\"twitter:card\" content=\"summary_large_image\" \/>\n<meta name=\"twitter:creator\" content=\"@JV_BusinessMice\" \/>\n<meta name=\"twitter:site\" content=\"@JV_BusinessMice\" \/>\n<meta name=\"twitter:label1\" content=\"Written by\" \/>\n\t<meta name=\"twitter:data1\" content=\"fikirman\" \/>\n\t<meta name=\"twitter:label2\" content=\"Est. reading time\" \/>\n\t<meta name=\"twitter:data2\" content=\"5 minutes\" \/>\n<script type=\"application\/ld+json\" class=\"yoast-schema-graph\">{\"@context\":\"https:\/\/schema.org\",\"@graph\":[{\"@type\":\"Article\",\"@id\":\"https:\/\/julesverne.com.tr\/travel-blog\/dunyanin-en-iyi-destinasyonlarindan-canli-goruntuler\/#article\",\"isPartOf\":{\"@id\":\"https:\/\/julesverne.com.tr\/travel-blog\/dunyanin-en-iyi-destinasyonlarindan-canli-goruntuler\/\"},\"author\":{\"name\":\"fikirman\",\"@id\":\"https:\/\/julesverne.com.tr\/#\/schema\/person\/f4eb0514ae455538644c31b99a466fdb\"},\"headline\":\"D\u00fcnyan\u0131n En \u0130yi Destinasyonlar\u0131ndan Canl\u0131 G\u00f6r\u00fcnt\u00fcler\",\"datePublished\":\"2020-03-24T10:34:40+00:00\",\"dateModified\":\"2021-06-21T11:36:11+00:00\",\"mainEntityOfPage\":{\"@id\":\"https:\/\/julesverne.com.tr\/travel-blog\/dunyanin-en-iyi-destinasyonlarindan-canli-goruntuler\/\"},\"wordCount\":795,\"publisher\":{\"@id\":\"https:\/\/julesverne.com.tr\/#organization\"},\"image\":{\"@id\":\"https:\/\/julesverne.com.tr\/travel-blog\/dunyanin-en-iyi-destinasyonlarindan-canli-goruntuler\/#primaryimage\"},\"thumbnailUrl\":\"https:\/\/julesverne.com.tr\/wp-content\/uploads\/2020\/09\/grotemarkt.jpg\",\"keywords\":[\"Blog\"],\"articleSection\":[\"Blog\"],\"inLanguage\":\"en-US\"},{\"@type\":\"WebPage\",\"@id\":\"https:\/\/julesverne.com.tr\/travel-blog\/dunyanin-en-iyi-destinasyonlarindan-canli-goruntuler\/\",\"url\":\"https:\/\/julesverne.com.tr\/travel-blog\/dunyanin-en-iyi-destinasyonlarindan-canli-goruntuler\/\",\"name\":\"D\u00fcnyan\u0131n En \u0130yi Destinasyonlar\u0131ndan Canl\u0131 G\u00f6r\u00fcnt\u00fcler - JULES VERNE BUSINESS MICE TRAVEL\",\"isPartOf\":{\"@id\":\"https:\/\/julesverne.com.tr\/#website\"},\"primaryImageOfPage\":{\"@id\":\"https:\/\/julesverne.com.tr\/travel-blog\/dunyanin-en-iyi-destinasyonlarindan-canli-goruntuler\/#primaryimage\"},\"image\":{\"@id\":\"https:\/\/julesverne.com.tr\/travel-blog\/dunyanin-en-iyi-destinasyonlarindan-canli-goruntuler\/#primaryimage\"},\"thumbnailUrl\":\"https:\/\/julesverne.com.tr\/wp-content\/uploads\/2020\/09\/grotemarkt.jpg\",\"datePublished\":\"2020-03-24T10:34:40+00:00\",\"dateModified\":\"2021-06-21T11:36:11+00:00\",\"breadcrumb\":{\"@id\":\"https:\/\/julesverne.com.tr\/travel-blog\/dunyanin-en-iyi-destinasyonlarindan-canli-goruntuler\/#breadcrumb\"},\"inLanguage\":\"en-US\",\"potentialAction\":[{\"@type\":\"ReadAction\",\"target\":[\"https:\/\/julesverne.com.tr\/travel-blog\/dunyanin-en-iyi-destinasyonlarindan-canli-goruntuler\/\"]}]},{\"@type\":\"ImageObject\",\"inLanguage\":\"en-US\",\"@id\":\"https:\/\/julesverne.com.tr\/travel-blog\/dunyanin-en-iyi-destinasyonlarindan-canli-goruntuler\/#primaryimage\",\"url\":\"https:\/\/julesverne.com.tr\/wp-content\/uploads\/2020\/09\/grotemarkt.jpg\",\"contentUrl\":\"https:\/\/julesverne.com.tr\/wp-content\/uploads\/2020\/09\/grotemarkt.jpg\",\"width\":999,\"height\":666},{\"@type\":\"BreadcrumbList\",\"@id\":\"https:\/\/julesverne.com.tr\/travel-blog\/dunyanin-en-iyi-destinasyonlarindan-canli-goruntuler\/#breadcrumb\",\"itemListElement\":[{\"@type\":\"ListItem\",\"position\":1,\"name\":\"Anasayfa\",\"item\":\"https:\/\/julesverne.com.tr\/\"},{\"@type\":\"ListItem\",\"position\":2,\"name\":\"D\u00fcnyan\u0131n En \u0130yi Destinasyonlar\u0131ndan Canl\u0131 G\u00f6r\u00fcnt\u00fcler\"}]},{\"@type\":\"WebSite\",\"@id\":\"https:\/\/julesverne.com.tr\/#website\",\"url\":\"https:\/\/julesverne.com.tr\/\",\"name\":\"JULES VERNE BUSINESS MICE TRAVEL\",\"description\":\"\",\"publisher\":{\"@id\":\"https:\/\/julesverne.com.tr\/#organization\"},\"potentialAction\":[{\"@type\":\"SearchAction\",\"target\":{\"@type\":\"EntryPoint\",\"urlTemplate\":\"https:\/\/julesverne.com.tr\/?s={search_term_string}\"},\"query-input\":\"required name=search_term_string\"}],\"inLanguage\":\"en-US\"},{\"@type\":\"Organization\",\"@id\":\"https:\/\/julesverne.com.tr\/#organization\",\"name\":\"JULES VERNE BUSINESS MICE TRAVEL\",\"url\":\"https:\/\/julesverne.com.tr\/\",\"logo\":{\"@type\":\"ImageObject\",\"inLanguage\":\"en-US\",\"@id\":\"https:\/\/julesverne.com.tr\/#\/schema\/logo\/image\/\",\"url\":\"https:\/\/julesverne.com.tr\/wp-content\/uploads\/2020\/09\/jv-bmt-logo.png\",\"contentUrl\":\"https:\/\/julesverne.com.tr\/wp-content\/uploads\/2020\/09\/jv-bmt-logo.png\",\"width\":110,\"height\":81,\"caption\":\"JULES VERNE BUSINESS MICE TRAVEL\"},\"image\":{\"@id\":\"https:\/\/julesverne.com.tr\/#\/schema\/logo\/image\/\"},\"sameAs\":[\"https:\/\/www.facebook.com\/JulesVerneBusinessMiceTravel\/\",\"https:\/\/twitter.com\/JV_BusinessMice\",\"https:\/\/www.instagram.com\/julesvernebusinessmicetravel\/\",\"https:\/\/www.linkedin.com\/company\/julesvernebusinessmicetravel\/\",\"https:\/\/www.youtube.com\/channel\/UCAwdsmbZ6tFhu1tea6pkpiw\"]},{\"@type\":\"Person\",\"@id\":\"https:\/\/julesverne.com.tr\/#\/schema\/person\/f4eb0514ae455538644c31b99a466fdb\",\"name\":\"fikirman\",\"sameAs\":[\"http:\/\/advermedya.net\/julesverne\"],\"url\":\"https:\/\/julesverne.com.tr\/en\/author\/fikirman\/\"}]}<\/script>\n<!-- \/ Yoast SEO plugin. -->","yoast_head_json":{"title":"D\u00fcnyan\u0131n En \u0130yi Destinasyonlar\u0131ndan Canl\u0131 G\u00f6r\u00fcnt\u00fcler - JULES VERNE BUSINESS MICE TRAVEL","robots":{"index":"index","follow":"follow","max-snippet":"max-snippet:-1","max-image-preview":"max-image-preview:large","max-video-preview":"max-video-preview:-1"},"canonical":"https:\/\/julesverne.com.tr\/travel-blog\/dunyanin-en-iyi-destinasyonlarindan-canli-goruntuler\/","og_locale":"en_US","og_type":"article","og_title":"D\u00fcnyan\u0131n En \u0130yi Destinasyonlar\u0131ndan Canl\u0131 G\u00f6r\u00fcnt\u00fcler - JULES VERNE BUSINESS MICE TRAVEL","og_description":"Bu d&ouml;nemi bilin&ccedil;li olarak evinde ge&ccedil;iren seyahat merakl\u0131lar\u0131 olarak, d&uuml;nyaca en &ccedil;ok ilgi g&ouml;ren turistik destinasyonlar\u0131n g&ouml;r&uuml;nt&uuml;lerini bir araya getirdik. \u015eehirlerin unutulmaz sessizli\u011fine siz de \u015fahit olmak ister misiniz?","og_url":"https:\/\/julesverne.com.tr\/travel-blog\/dunyanin-en-iyi-destinasyonlarindan-canli-goruntuler\/","og_site_name":"JULES VERNE BUSINESS MICE TRAVEL","article_publisher":"https:\/\/www.facebook.com\/JulesVerneBusinessMiceTravel\/","article_published_time":"2020-03-24T10:34:40+00:00","article_modified_time":"2021-06-21T11:36:11+00:00","og_image":[{"width":999,"height":666,"url":"https:\/\/julesverne.com.tr\/wp-content\/uploads\/2020\/09\/grotemarkt.jpg","type":"image\/jpeg"}],"author":"fikirman","twitter_card":"summary_large_image","twitter_creator":"@JV_BusinessMice","twitter_site":"@JV_BusinessMice","twitter_misc":{"Written by":"fikirman","Est. reading time":"5 minutes"},"schema":{"@context":"https:\/\/schema.org","@graph":[{"@type":"Article","@id":"https:\/\/julesverne.com.tr\/travel-blog\/dunyanin-en-iyi-destinasyonlarindan-canli-goruntuler\/#article","isPartOf":{"@id":"https:\/\/julesverne.com.tr\/travel-blog\/dunyanin-en-iyi-destinasyonlarindan-canli-goruntuler\/"},"author":{"name":"fikirman","@id":"https:\/\/julesverne.com.tr\/#\/schema\/person\/f4eb0514ae455538644c31b99a466fdb"},"headline":"D\u00fcnyan\u0131n En \u0130yi Destinasyonlar\u0131ndan Canl\u0131 G\u00f6r\u00fcnt\u00fcler","datePublished":"2020-03-24T10:34:40+00:00","dateModified":"2021-06-21T11:36:11+00:00","mainEntityOfPage":{"@id":"https:\/\/julesverne.com.tr\/travel-blog\/dunyanin-en-iyi-destinasyonlarindan-canli-goruntuler\/"},"wordCount":795,"publisher":{"@id":"https:\/\/julesverne.com.tr\/#organization"},"image":{"@id":"https:\/\/julesverne.com.tr\/travel-blog\/dunyanin-en-iyi-destinasyonlarindan-canli-goruntuler\/#primaryimage"},"thumbnailUrl":"https:\/\/julesverne.com.tr\/wp-content\/uploads\/2020\/09\/grotemarkt.jpg","keywords":["Blog"],"articleSection":["Blog"],"inLanguage":"en-US"},{"@type":"WebPage","@id":"https:\/\/julesverne.com.tr\/travel-blog\/dunyanin-en-iyi-destinasyonlarindan-canli-goruntuler\/","url":"https:\/\/julesverne.com.tr\/travel-blog\/dunyanin-en-iyi-destinasyonlarindan-canli-goruntuler\/","name":"D\u00fcnyan\u0131n En \u0130yi Destinasyonlar\u0131ndan Canl\u0131 G\u00f6r\u00fcnt\u00fcler - JULES VERNE BUSINESS MICE TRAVEL","isPartOf":{"@id":"https:\/\/julesverne.com.tr\/#website"},"primaryImageOfPage":{"@id":"https:\/\/julesverne.com.tr\/travel-blog\/dunyanin-en-iyi-destinasyonlarindan-canli-goruntuler\/#primaryimage"},"image":{"@id":"https:\/\/julesverne.com.tr\/travel-blog\/dunyanin-en-iyi-destinasyonlarindan-canli-goruntuler\/#primaryimage"},"thumbnailUrl":"https:\/\/julesverne.com.tr\/wp-content\/uploads\/2020\/09\/grotemarkt.jpg","datePublished":"2020-03-24T10:34:40+00:00","dateModified":"2021-06-21T11:36:11+00:00","breadcrumb":{"@id":"https:\/\/julesverne.com.tr\/travel-blog\/dunyanin-en-iyi-destinasyonlarindan-canli-goruntuler\/#breadcrumb"},"inLanguage":"en-US","potentialAction":[{"@type":"ReadAction","target":["https:\/\/julesverne.com.tr\/travel-blog\/dunyanin-en-iyi-destinasyonlarindan-canli-goruntuler\/"]}]},{"@type":"ImageObject","inLanguage":"en-US","@id":"https:\/\/julesverne.com.tr\/travel-blog\/dunyanin-en-iyi-destinasyonlarindan-canli-goruntuler\/#primaryimage","url":"https:\/\/julesverne.com.tr\/wp-content\/uploads\/2020\/09\/grotemarkt.jpg","contentUrl":"https:\/\/julesverne.com.tr\/wp-content\/uploads\/2020\/09\/grotemarkt.jpg","width":999,"height":666},{"@type":"BreadcrumbList","@id":"https:\/\/julesverne.com.tr\/travel-blog\/dunyanin-en-iyi-destinasyonlarindan-canli-goruntuler\/#breadcrumb","itemListElement":[{"@type":"ListItem","position":1,"name":"Anasayfa","item":"https:\/\/julesverne.com.tr\/"},{"@type":"ListItem","position":2,"name":"D\u00fcnyan\u0131n En \u0130yi Destinasyonlar\u0131ndan Canl\u0131 G\u00f6r\u00fcnt\u00fcler"}]},{"@type":"WebSite","@id":"https:\/\/julesverne.com.tr\/#website","url":"https:\/\/julesverne.com.tr\/","name":"JULES VERNE BUSINESS MICE TRAVEL","description":"","publisher":{"@id":"https:\/\/julesverne.com.tr\/#organization"},"potentialAction":[{"@type":"SearchAction","target":{"@type":"EntryPoint","urlTemplate":"https:\/\/julesverne.com.tr\/?s={search_term_string}"},"query-input":"required name=search_term_string"}],"inLanguage":"en-US"},{"@type":"Organization","@id":"https:\/\/julesverne.com.tr\/#organization","name":"JULES VERNE BUSINESS MICE TRAVEL","url":"https:\/\/julesverne.com.tr\/","logo":{"@type":"ImageObject","inLanguage":"en-US","@id":"https:\/\/julesverne.com.tr\/#\/schema\/logo\/image\/","url":"https:\/\/julesverne.com.tr\/wp-content\/uploads\/2020\/09\/jv-bmt-logo.png","contentUrl":"https:\/\/julesverne.com.tr\/wp-content\/uploads\/2020\/09\/jv-bmt-logo.png","width":110,"height":81,"caption":"JULES VERNE BUSINESS MICE TRAVEL"},"image":{"@id":"https:\/\/julesverne.com.tr\/#\/schema\/logo\/image\/"},"sameAs":["https:\/\/www.facebook.com\/JulesVerneBusinessMiceTravel\/","https:\/\/twitter.com\/JV_BusinessMice","https:\/\/www.instagram.com\/julesvernebusinessmicetravel\/","https:\/\/www.linkedin.com\/company\/julesvernebusinessmicetravel\/","https:\/\/www.youtube.com\/channel\/UCAwdsmbZ6tFhu1tea6pkpiw"]},{"@type":"Person","@id":"https:\/\/julesverne.com.tr\/#\/schema\/person\/f4eb0514ae455538644c31b99a466fdb","name":"fikirman","sameAs":["http:\/\/advermedya.net\/julesverne"],"url":"https:\/\/julesverne.com.tr\/en\/author\/fikirman\/"}]}},"_links":{"self":[{"href":"https:\/\/julesverne.com.tr\/en\/wp-json\/wp\/v2\/posts\/2239"}],"collection":[{"href":"https:\/\/julesverne.com.tr\/en\/wp-json\/wp\/v2\/posts"}],"about":[{"href":"https:\/\/julesverne.com.tr\/en\/wp-json\/wp\/v2\/types\/post"}],"author":[{"embeddable":true,"href":"https:\/\/julesverne.com.tr\/en\/wp-json\/wp\/v2\/users\/1"}],"replies":[{"embeddable":true,"href":"https:\/\/julesverne.com.tr\/en\/wp-json\/wp\/v2\/comments?post=2239"}],"version-history":[{"count":0,"href":"https:\/\/julesverne.com.tr\/en\/wp-json\/wp\/v2\/posts\/2239\/revisions"}],"wp:featuredmedia":[{"embeddable":true,"href":"https:\/\/julesverne.com.tr\/en\/wp-json\/wp\/v2\/media\/2240"}],"wp:attachment":[{"href":"https:\/\/julesverne.com.tr\/en\/wp-json\/wp\/v2\/media?parent=2239"}],"wp:term":[{"taxonomy":"category","embeddable":true,"href":"https:\/\/julesverne.com.tr\/en\/wp-json\/wp\/v2\/categories?post=2239"},{"taxonomy":"post_tag","embeddable":true,"href":"https:\/\/julesverne.com.tr\/en\/wp-json\/wp\/v2\/tags?post=2239"}],"curies":[{"name":"wp","href":"https:\/\/api.w.org\/{rel}","templated":true}]}}