{"id":2235,"date":"2020-03-23T12:01:58","date_gmt":"2020-03-23T09:01:58","guid":{"rendered":"https:\/\/www.julesverne.com.tr\/\/blog\/evde-olsaniz-da-etkinliklerden-uzak-kalmayin-dijital-etkinlik-rehberi\/"},"modified":"2021-06-21T14:32:44","modified_gmt":"2021-06-21T11:32:44","slug":"evde-olsaniz-da-etkinliklerden-uzak-kalmayin-dijital-etkinlik-rehberi","status":"publish","type":"post","link":"https:\/\/julesverne.com.tr\/en\/travel-blog\/evde-olsaniz-da-etkinliklerden-uzak-kalmayin-dijital-etkinlik-rehberi\/","title":{"rendered":"Evde Olsan\u0131z da Etkinliklerden Uzak Kalmay\u0131n: Dijital Etkinlik Rehberi"},"content":{"rendered":"<p style=\"text-align: center;\"><img loading=\"lazy\" decoding=\"async\" class=\"alignnone size-full wp-image-3085\" src=\"https:\/\/www.julesverne.com.tr\/\/wp-content\/uploads\/2020\/09\/metropolitanopera-1.jpg\" alt=\"\" width=\"1172\" height=\"658\" srcset=\"https:\/\/julesverne.com.tr\/wp-content\/uploads\/2020\/09\/metropolitanopera-1.jpg 1172w, https:\/\/julesverne.com.tr\/wp-content\/uploads\/2020\/09\/metropolitanopera-1-500x281.jpg 500w, https:\/\/julesverne.com.tr\/wp-content\/uploads\/2020\/09\/metropolitanopera-1-768x431.jpg 768w, https:\/\/julesverne.com.tr\/wp-content\/uploads\/2020\/09\/metropolitanopera-1-400x225.jpg 400w\" sizes=\"(max-width: 1172px) 100vw, 1172px\" \/><\/p>\n<p>Evlerimize bolca vakit ge\u00e7irdi\u011fimiz \u015fu g\u00fcnlerde t\u00fcm al\u0131\u015fkanl\u0131klar\u0131m\u0131z\u0131 de\u011fi\u015ftiren zorunluluklarla ba\u015f etmeye \u00e7al\u0131\u015f\u0131yoruz. Sa\u011fl\u0131\u011f\u0131m\u0131z yerindeyse ve evdeki d\u00fczenimizde bir s\u0131k\u0131nt\u0131 yoksa \u00f6zg\u00fcrce yapamad\u0131\u011f\u0131m\u0131z her \u015fey i\u00e7imizi daralt\u0131yor. Biletini haftalar \u00f6nce ald\u0131\u011f\u0131n\u0131z ama iptal olan konser, kat\u0131lamad\u0131\u011f\u0131n\u0131z yoga dersi, gezemedi\u011finiz bir m\u00fcze, gidip de dinleyemedi\u011finiz s\u00f6yle\u015fi derken uzay\u0131p giden bir liste&#8230;<\/p>\n<p>Bu karanl\u0131\u011f\u0131n i\u00e7erisinde ise i\u00e7imizi ayd\u0131nlatacak geli\u015fmeler ya\u015fan\u0131yor birer birer. Kap\u0131lar\u0131n\u0131 kapatmak zorunda kalan irili ufakl\u0131 mekanlar, sanat kurulu\u015flar\u0131 ve at\u00f6lyeler ile farkl\u0131 alanlardan sanat\u00e7\u0131 ve sporcular, t\u00fcm insanl\u0131\u011fa moral olacak bir hediye gibi herkese a\u00e7\u0131k dijital etkinlikler kar\u015f\u0131m\u0131za \u00e7\u0131k\u0131yor. Ruhumuza ila\u00e7 gibi gelecek ve bizi kalben bir araya getirecek bu etkinlikleri sizin i\u00e7in bir araya getirdik.<\/p>\n<h3><strong>Takip Etmeniz Gereken \u0130nternet Siteleri<\/strong><\/h3>\n<h2><strong>Berliner Philharmoniker (<\/strong><strong>The Berlin Philharmonic Orchestra)<\/strong><\/h2>\n<p style=\"text-align: center;\"><img loading=\"lazy\" decoding=\"async\" class=\"alignnone size-full wp-image-3086\" src=\"https:\/\/www.julesverne.com.tr\/\/wp-content\/uploads\/2020\/09\/Orchester-1920_Stephan-Rabold.jpg\" alt=\"\" width=\"1000\" height=\"432\" srcset=\"https:\/\/julesverne.com.tr\/wp-content\/uploads\/2020\/09\/Orchester-1920_Stephan-Rabold.jpg 1000w, https:\/\/julesverne.com.tr\/wp-content\/uploads\/2020\/09\/Orchester-1920_Stephan-Rabold-500x216.jpg 500w, https:\/\/julesverne.com.tr\/wp-content\/uploads\/2020\/09\/Orchester-1920_Stephan-Rabold-768x332.jpg 768w\" sizes=\"(max-width: 1000px) 100vw, 1000px\" \/><\/p>\n<p>D\u00fcnyan\u0131n d\u00f6rt bir taraf\u0131ndaki konser salonlar\u0131n\u0131n bir bir kapanmas\u0131n\u0131n ard\u0131ndan, bu konuya \u00e7\u00f6z\u00fcm \u00fcretmeye dair ilk ad\u0131m Berlin Filarmoni Orkestras\u0131\u2019ndan geldi. Salonun kapat\u0131lmas\u0131 karar\u0131n\u0131n al\u0131nd\u0131\u011f\u0131 g\u00fcn\u00a0 yap\u0131lmas\u0131 planlanan konseri, seyircisiz salondan canl\u0131 olarak yay\u0131nlayan orkestra, t\u00fcm dijital ar\u015fivini de internetten \u00fccretsiz eri\u015fime a\u00e7t\u0131\u011f\u0131n\u0131 a\u00e7\u0131klad\u0131. D\u00fcnyan\u0131n en prestijli orkestralar\u0131ndan biri olan Berlin Filarmoni Orkestras\u0131\u2019n\u0131n att\u0131\u011f\u0131 bu ad\u0131m\u0131n sanat d\u00fcnyas\u0131ndaki etkisi ise b\u00fcy\u00fck oldu. <strong><a href=\"https:\/\/www.digitalconcerthall.com\/en\/home?a=bph_webseite&amp;c=truehttps:\/\/www.digitalconcerthall.com\/en\/home?a=bph_webseite&amp;c=true\" target=\"_blank\" rel=\"noopener noreferrer\">Berlin Filarmoni Orkestras\u0131\u2019n\u0131n ar\u015fivine buradan ula\u015fabilirsiniz.<\/a><\/strong><\/p>\n<h2><strong>The Metropolitan Opera<\/strong><\/h2>\n<p style=\"text-align: center;\"><img loading=\"lazy\" decoding=\"async\" class=\"alignnone size-full wp-image-3087\" src=\"https:\/\/www.julesverne.com.tr\/\/wp-content\/uploads\/2020\/09\/metropolitan.jpg\" alt=\"\" width=\"1280\" height=\"752\" srcset=\"https:\/\/julesverne.com.tr\/wp-content\/uploads\/2020\/09\/metropolitan.jpg 1280w, https:\/\/julesverne.com.tr\/wp-content\/uploads\/2020\/09\/metropolitan-500x294.jpg 500w, https:\/\/julesverne.com.tr\/wp-content\/uploads\/2020\/09\/metropolitan-768x451.jpg 768w\" sizes=\"(max-width: 1280px) 100vw, 1280px\" \/><\/p>\n<p>Ya\u015fad\u0131\u011f\u0131m\u0131z k\u00fcresel salg\u0131n y\u00fcz\u00fcnden d\u00fcnyan\u0131n d\u00f6rt bir yan\u0131nda kapat\u0131lan sanat kurulu\u015flar\u0131ndan biri olan Metropolitan Operas\u0131, izleyicileri ile bulu\u015fmaya devam etmekte kararl\u0131. Geni\u015f ar\u015fivini internet \u00fczerinden a\u00e7an Metropolitan Operas\u0131, her g\u00fcn farkl\u0131 bir eseri 24 saat boyunca eri\u015fime sunuyor.\u00a0 \u00d6n\u00fcm\u00fczdeki g\u00fcnlerin program\u0131nda ise Verdi\u2019den Tchaikovsky\u2019ye operan\u0131n pek \u00e7ok efsane ismi yer al\u0131yor. Opera tutkunlar\u0131 i\u00e7in de operaya \u015fans vermek isteyenler i\u00e7in de e\u015fsiz bir f\u0131rsat olan bu yay\u0131nlar\u0131 ka\u00e7\u0131rmay\u0131n.<a href=\"https:\/\/www.metopera.org\/user-information\/nightly-met-opera-streams\/\" target=\"_blank\" rel=\"noopener noreferrer\"><strong> Metropolitan Operas\u0131\u2019n\u0131n program\u0131na ve ar\u015fivine buradan ula\u015fabilirsiniz.<\/strong><\/a><\/p>\n<h2><strong>Budapest Festival Orchestra<\/strong><\/h2>\n<p style=\"text-align: center;\"><img loading=\"lazy\" decoding=\"async\" class=\"alignnone size-full wp-image-3088\" src=\"https:\/\/www.julesverne.com.tr\/\/wp-content\/uploads\/2020\/09\/budapest.jpg\" alt=\"\" width=\"1280\" height=\"851\" srcset=\"https:\/\/julesverne.com.tr\/wp-content\/uploads\/2020\/09\/budapest.jpg 1280w, https:\/\/julesverne.com.tr\/wp-content\/uploads\/2020\/09\/budapest-500x332.jpg 500w, https:\/\/julesverne.com.tr\/wp-content\/uploads\/2020\/09\/budapest-768x511.jpg 768w\" sizes=\"(max-width: 1280px) 100vw, 1280px\" \/><\/p>\n<p>Mart ve nisan ay\u0131ndaki b\u00fct\u00fcn konserlerini iptal eden Budape\u015fte Festival Orkestras\u0131, \u201cQUARANTINE SOIREES\u201d (Karantina Suareleri) ile klasik m\u00fczik tutkunlar\u0131 ile bulu\u015fmaya devam ediyor. Budape\u015fte saati ile her g\u00fcn 19.45\u2019de ba\u015flayan konserler, orkestran\u0131n Budape\u015fte\u2019deki merkezinden canl\u0131 olarak yay\u0131nlan\u0131yor. Mozart, Bach ve Schubert gibi isimlerin ba\u015fyap\u0131tlar\u0131n\u0131n seslendirildi\u011fi konserleri mutlaka izleyin; ruhunuza \u00e7ok iyi gelecek. <strong><a href=\"https:\/\/bfz.hu\/en\/media\/quarantine-soirees\/\" target=\"_blank\" rel=\"noopener noreferrer\">Budape\u015fte Festival Operas\u0131\u2019n\u0131n canl\u0131 yay\u0131nlar\u0131na ve kay\u0131tlar\u0131na buradan ula\u015fabilirsiniz.<\/a><\/strong><\/p>\n<h2><strong>Vienna State Opera<\/strong><\/h2>\n<p style=\"text-align: center;\"><img loading=\"lazy\" decoding=\"async\" class=\"alignnone size-full wp-image-3089\" src=\"https:\/\/www.julesverne.com.tr\/\/wp-content\/uploads\/2020\/09\/vienna.jpg\" alt=\"\" width=\"1000\" height=\"707\" srcset=\"https:\/\/julesverne.com.tr\/wp-content\/uploads\/2020\/09\/vienna.jpg 1000w, https:\/\/julesverne.com.tr\/wp-content\/uploads\/2020\/09\/vienna-500x354.jpg 500w, https:\/\/julesverne.com.tr\/wp-content\/uploads\/2020\/09\/vienna-768x543.jpg 768w\" sizes=\"(max-width: 1000px) 100vw, 1000px\" \/><\/p>\n<p>D\u00fcnyan\u0131n en k\u00f6kl\u00fc sanat kurulu\u015flar\u0131ndan biri olan Viyana Devlet Operas\u0131 da dijital ar\u015fivini \u00fccretsiz eri\u015fime a\u00e7an kurumlar aras\u0131nda yer al\u0131yor. Normal program\u0131ndan \u015fa\u015fmayan Viyana Devlet Operas\u0131, Die Walkure, Siegfried ve G\u00f6tterd\u00e4mmerung gibi eserleri her zamanki g\u00fcn ve saatlerinde internetten \u00fczerinden yay\u0131nl\u0131yor ve bu kay\u0131tlar 24 saat boyunca ula\u015f\u0131ma a\u00e7\u0131k oluyor. <a href=\"https:\/\/www.wiener-staatsoper.at\/en\/staatsoper\/news\/detail\/news\/the-wiener-staatsoper-is-closed-but-continues-to-play-daily-online\/\" target=\"_blank\" rel=\"noopener noreferrer\"><strong>Viyana Devlet Operas\u0131\u2019n\u0131n program\u0131na buradan ula\u015fabilirsiniz.<\/strong><\/a><\/p>\n<h3><strong>Evden Ziyaret Edebilece\u011finiz Sanal M\u00fczeler<\/strong><\/h3>\n<h2><strong>Art Basel<\/strong><\/h2>\n<p style=\"text-align: center;\"><img loading=\"lazy\" decoding=\"async\" class=\"alignnone size-full wp-image-3090\" src=\"https:\/\/www.julesverne.com.tr\/\/wp-content\/uploads\/2020\/09\/artbasel.jpg\" alt=\"\" width=\"1024\" height=\"682\" srcset=\"https:\/\/julesverne.com.tr\/wp-content\/uploads\/2020\/09\/artbasel.jpg 1024w, https:\/\/julesverne.com.tr\/wp-content\/uploads\/2020\/09\/artbasel-500x333.jpg 500w, https:\/\/julesverne.com.tr\/wp-content\/uploads\/2020\/09\/artbasel-768x512.jpg 768w\" sizes=\"(max-width: 1024px) 100vw, 1024px\" \/><\/p>\n<p>Her y\u0131l Basel, Hong Kong ve Miami Beach\u2019de d\u00fczenledi\u011fi g\u00f6sterimlerle d\u00fcnyan\u0131n en b\u00fcy\u00fck sanat fuar\u0131 olarak g\u00f6r\u00fclen Art Basel, 20 Mart 2020 itibariyle, bu noktalara bir yenisini daha ekledi: Online Viewing Rooms (Online G\u00f6r\u00fcnt\u00fcleme Odalar\u0131). D\u00fcnyan\u0131n d\u00f6rt bir yan\u0131ndan 223 galerinin eserlerini sergiledi\u011fi dijital platform olan Online Viewing Rooms, b\u00fct\u00fcn sanatseverlere bu prestijli festivale e\u015fi benzeri g\u00f6rmemi\u015f bir eri\u015fim olana\u011f\u0131 sunuyor. <a href=\"https:\/\/www.artbasel.com\/viewing-rooms\" target=\"_blank\" rel=\"noopener noreferrer\"><strong>Art Basel\u2019in dijital platformunda sergilenen binlerce esere buradan ula\u015fabilirsiniz.<\/strong><\/a><\/p>\n<h2><strong>MasterArt VR<\/strong><\/h2>\n<p><img loading=\"lazy\" decoding=\"async\" class=\"alignnone size-full wp-image-9214\" src=\"https:\/\/julesverne.com.tr\/wp-content\/uploads\/2020\/03\/MasterArt-VR.jpg\" alt=\"\" width=\"1200\" height=\"800\" srcset=\"https:\/\/julesverne.com.tr\/wp-content\/uploads\/2020\/03\/MasterArt-VR.jpg 1200w, https:\/\/julesverne.com.tr\/wp-content\/uploads\/2020\/03\/MasterArt-VR-500x333.jpg 500w, https:\/\/julesverne.com.tr\/wp-content\/uploads\/2020\/03\/MasterArt-VR-768x512.jpg 768w\" sizes=\"(max-width: 1200px) 100vw, 1200px\" \/><\/p>\n<p style=\"text-align: center;\">\n<p>Sanat simsarlar\u0131, galeriler, m\u00fczeler ve di\u011fer sanat kurulu\u015flar\u0131 i\u00e7in sanal turlar haz\u0131rlay\u0131p sunan bir platform olan MasterArt VR, insanlar\u0131 evde kalmaya te\u015fvik etmek amac\u0131yla sitesini \u00fccretsiz eri\u015fime a\u00e7t\u0131. D\u00fcnyan\u0131n en prestijli art fuarlar\u0131ndan olan TEFAF Maastricht 2020\u2019de yer alan birbirinden de\u011ferli eserlerden bir se\u00e7kiyi de d\u00fcnyan\u0131n d\u00f6rt bir yan\u0131ndaki sanat tutkunlar\u0131yla payla\u015fan MasterArt VR, sizi de sanat\u0131n b\u00fcy\u00fcl\u00fc d\u00fcnyas\u0131na bekliyor. <a href=\"https:\/\/www.masterartvr.com\/Tours\" target=\"_blank\" rel=\"noopener noreferrer\"><strong>MasterArt VR\u2019nin \u00e7ok \u00f6zel se\u00e7kisine buradan ulu\u015fabilirsiniz.<\/strong><\/a><\/p>\n<h2><strong>Amsterdam Uluslararas\u0131 Belgesel Film Festivali\u00a0<\/strong><\/h2>\n<p style=\"text-align: center;\"><img loading=\"lazy\" decoding=\"async\" class=\"alignnone size-full wp-image-3092\" src=\"https:\/\/www.julesverne.com.tr\/\/wp-content\/uploads\/2020\/09\/idfa-1.jpg\" alt=\"\" width=\"1140\" height=\"545\" srcset=\"https:\/\/julesverne.com.tr\/wp-content\/uploads\/2020\/09\/idfa-1.jpg 1140w, https:\/\/julesverne.com.tr\/wp-content\/uploads\/2020\/09\/idfa-1-500x239.jpg 500w, https:\/\/julesverne.com.tr\/wp-content\/uploads\/2020\/09\/idfa-1-768x367.jpg 768w\" sizes=\"(max-width: 1140px) 100vw, 1140px\" \/><\/p>\n<p>Cannes Film Fesivali gibi mart ve nisan aylar\u0131nda yap\u0131lmas\u0131 gereken film festivalleri birer birer iptal olurken, 1988\u2019den beri Amsterdam\u2019da d\u00fczenlenen Amsterdam Uluslararas\u0131 Belgesel Film Festivali, sanatseverleri \u00e7ok mutlu eden bir karar ald\u0131. Ar\u015fivinde yer alan 300 belgesel filmi \u00fccretsiz eri\u015fime a\u00e7an festival, d\u00fcnyan\u0131n en b\u00fcy\u00fck belgesel festivali olarak tan\u0131n\u0131yor. <a href=\"https:\/\/www.idfa.nl\/en\/collection\/free?page=1\" target=\"_blank\" rel=\"noopener noreferrer\"><strong>Amsterdam Uluslararas\u0131 Belgesel Film Festivali\u2019nin ar\u015fivine buradan ula\u015fabilirsiniz.<\/strong><\/a><\/p>\n<h3><strong>Takip Etmeniz Gereken YouTube Kanallar\u0131<\/strong><\/h3>\n<h2><strong>Kumbarac\u0131 50<\/strong><\/h2>\n<p style=\"text-align: center;\"><img loading=\"lazy\" decoding=\"async\" class=\"alignnone size-full wp-image-3093\" src=\"https:\/\/www.julesverne.com.tr\/\/wp-content\/uploads\/2020\/09\/kumbaraci50.jpg\" alt=\"\" width=\"800\" height=\"533\" srcset=\"https:\/\/julesverne.com.tr\/wp-content\/uploads\/2020\/09\/kumbaraci50.jpg 800w, https:\/\/julesverne.com.tr\/wp-content\/uploads\/2020\/09\/kumbaraci50-500x333.jpg 500w, https:\/\/julesverne.com.tr\/wp-content\/uploads\/2020\/09\/kumbaraci50-768x512.jpg 768w\" sizes=\"(max-width: 800px) 100vw, 800px\" \/><\/p>\n<p>Y\u0131llard\u0131r Kumbarac\u0131 Yoku\u015fu\u2019ndaki sahnelerinde tiyatroseverleri misafir eden Kumbarac\u013150, \u015fu g\u00fcnlerde ise Youtube kanallar\u0131 \u00fczerinden izleyicilerin evine konuk oluyor. Yi\u011firt Sertdemir moderat\u00f6rl\u00fc\u011f\u00fcnde, Kumbarac\u013150 sahnesinde her ak\u015fam ger\u00e7ekle\u015fen canl\u0131 sohbetlerde; tiyatro \u00fczerine tart\u0131\u015fmalar, soru-cevap k\u00f6\u015fesi, oyun okumalar\u0131, tiyatro \u015fark\u0131lar\u0131 gibi etkinlikler yer al\u0131yor. <a href=\"https:\/\/www.youtube.com\/channel\/UCHoiLkS4CGKkWg08fPGcA8g\" target=\"_blank\" rel=\"noopener noreferrer\"><strong>Kumbarac\u013150\u2019nin canl\u0131 sohbetlerini Youtube\u2019 da hafta i\u00e7i her g\u00fcn 20:30-22:00 aras\u0131nda izleyebilirsiniz.<\/strong><\/a><\/p>\n<h2><strong>Jarrett Krosoczka<\/strong><\/h2>\n<p><img loading=\"lazy\" decoding=\"async\" class=\"alignnone size-full wp-image-9213\" src=\"https:\/\/julesverne.com.tr\/wp-content\/uploads\/2020\/03\/Jarrett-Krosoczka.jpg\" alt=\"\" width=\"1200\" height=\"800\" srcset=\"https:\/\/julesverne.com.tr\/wp-content\/uploads\/2020\/03\/Jarrett-Krosoczka.jpg 1200w, https:\/\/julesverne.com.tr\/wp-content\/uploads\/2020\/03\/Jarrett-Krosoczka-500x333.jpg 500w, https:\/\/julesverne.com.tr\/wp-content\/uploads\/2020\/03\/Jarrett-Krosoczka-768x512.jpg 768w\" sizes=\"(max-width: 1200px) 100vw, 1200px\" \/><\/p>\n<p style=\"text-align: center;\">\n<p>\u00dcnl\u00fc \u00e7ocuk kitab\u0131 ill\u00fcstrat\u00f6r\u00fc Jarrett Krosoczka, d\u00fcnyan\u0131n d\u00f6rt bir yan\u0131nda ya\u015fanan geli\u015fmelerin ard\u0131ndan Youtube kanal\u0131nda g\u00fcnl\u00fck bir seriye ba\u015flad\u0131. \u00c7ocuklar\u0131 g\u00fcndemin yo\u011funlu\u011fundan uzakla\u015ft\u0131r\u0131p sanatla bir araya getirmeyi ama\u00e7layan Krosoczka, her g\u00fcn T\u00fcrkiye saatiyle 21:00\u2019de canl\u0131 ill\u00fcstrasyon dersleri veriyor. Ka\u00e7\u0131ranlar\u0131n \u00fcz\u00fclmesine ise hi\u00e7 gerek yok \u00e7\u00fcnk\u00fc derslerin hepsi kaydedilip 20 dakikal\u0131k b\u00f6l\u00fcmler halinde kanala y\u00fckleniyor. <strong><a href=\"https:\/\/www.youtube.com\/studiojjk\" target=\"_blank\" rel=\"noopener noreferrer\">Jarrett Krosoczka\u2019n\u0131n derslerine buradan ula\u015fabilirsiniz.<\/a><\/strong><\/p>\n<h2><strong>T.C. K\u00fclt\u00fcr ve Turizm Bakanl\u0131\u011f\u0131<\/strong><\/h2>\n<p><img loading=\"lazy\" decoding=\"async\" class=\"alignnone size-full wp-image-9212\" src=\"https:\/\/julesverne.com.tr\/wp-content\/uploads\/2020\/03\/giselle.jpg\" alt=\"\" width=\"1200\" height=\"800\" srcset=\"https:\/\/julesverne.com.tr\/wp-content\/uploads\/2020\/03\/giselle.jpg 1200w, https:\/\/julesverne.com.tr\/wp-content\/uploads\/2020\/03\/giselle-500x333.jpg 500w, https:\/\/julesverne.com.tr\/wp-content\/uploads\/2020\/03\/giselle-768x512.jpg 768w\" sizes=\"(max-width: 1200px) 100vw, 1200px\" \/><\/p>\n<p style=\"text-align: center;\">\n<p>D\u00fcnyan\u0131n d\u00f6rt bir yan\u0131ndaki pek \u00e7ok sanat kurulu\u015fu gibi, T.C. K\u00fclt\u00fcr ve Turizm Bakanl\u0131\u011f\u0131\u2019na ba\u011fl\u0131 Devlet Opera ve Balesi\u2019nin b\u00fct\u00fcn bran\u015flar\u0131 da kap\u0131lar\u0131n\u0131 kapad\u0131 ve gelecek aylarda yap\u0131lmas\u0131 planlanan t\u00fcm etkinlikleri iptal etti. Fakat Berlin Filarmoni Orkestras\u0131 ve Viyana Devlet Operas\u0131 gibi \u00f6rneklerin pe\u015finden giden bakanl\u0131k, t\u00fcm dijital ar\u015fivini bakanl\u0131\u011f\u0131n Youtube kanal\u0131na ta\u015f\u0131maya ba\u015flad\u0131. Biletleri g\u00fcnler \u00f6ncesinden t\u00fckendi\u011fi i\u00e7in \u00fcz\u00fcld\u00fc\u011f\u00fcn\u00fcz; Carmen, Giselle ve La Traviata gibi ba\u015fyap\u0131tlar \u015fimdi bir t\u0131k uza\u011f\u0131n\u0131zda! <a href=\"https:\/\/www.youtube.com\/user\/KulturTurizmBak\/videos\" target=\"_blank\" rel=\"noopener noreferrer\"><strong>Devlet Opera ve Balesi\u2019nin ar\u015fivine buradan ula\u015fabilirsiniz.<\/strong><\/a><\/p>\n<h1><strong>Takip Etmeniz Gereken Instagram Hesaplar\u0131<\/strong><\/h1>\n<h2><strong>Ay\u015fe Tolga<\/strong><\/h2>\n<p style=\"text-align: center;\"><img loading=\"lazy\" decoding=\"async\" class=\"alignnone size-full wp-image-3096\" src=\"https:\/\/www.julesverne.com.tr\/\/wp-content\/uploads\/2020\/09\/aysetolga.jpg\" alt=\"\" width=\"1280\" height=\"872\" srcset=\"https:\/\/julesverne.com.tr\/wp-content\/uploads\/2020\/09\/aysetolga.jpg 1280w, https:\/\/julesverne.com.tr\/wp-content\/uploads\/2020\/09\/aysetolga-500x341.jpg 500w, https:\/\/julesverne.com.tr\/wp-content\/uploads\/2020\/09\/aysetolga-768x523.jpg 768w\" sizes=\"(max-width: 1280px) 100vw, 1280px\" \/><\/p>\n<p>Titre\u015fimsel \u015eifa terapisti Ay\u015fe Tolga, haftan\u0131n belli g\u00fcnlerinde enerjimizi korumak ve g\u00fc\u00e7lendirmek i\u00e7in hem zihnimize hem de bedenimize \u015fifa olacak meditasyon \u00e7al\u0131\u015fmalar\u0131 yapt\u0131r\u0131yor. B\u00f6ylece, titre\u015fimsel olarak \u00e7ok d\u00fc\u015f\u00fck boyutlar\u0131n i\u00e7indeyken, var olan enerjiyi terk edip, daha y\u00fcksek bir frekansta kalmam\u0131z\u0131 ama\u00e7l\u0131yor. Evlerinizde, belki de tek ba\u015f\u0131n\u0131za kat\u0131ld\u0131\u011f\u0131n\u0131z bu deneyim, canl\u0131 ba\u011flant\u0131 yoluyla binlerce insan\u0131n dahil oldu\u011fu ve titre\u015fimi \u00e7o\u011faltt\u0131\u011f\u0131 \u015fifal\u0131 bir \u00e7al\u0131\u015fmaya d\u00f6n\u00fc\u015f\u00fcyor. Bu e\u015fsiz \u00e7al\u0131\u015fmay\u0131 mutlaka deneyimlemelisiniz. <strong><a href=\"https:\/\/www.instagram.com\/aysetolga\/\" target=\"_blank\" rel=\"noopener noreferrer\">Ay\u015fe Tolga\u2019n\u0131n \u00e7al\u0131\u015fmalar\u0131na siz de Instagram hesab\u0131 \u00fczerinden kat\u0131labilirsiniz.<\/a><\/strong><\/p>\n<h2><strong>Yekta Kopan<\/strong><\/h2>\n<p style=\"text-align: center;\"><img loading=\"lazy\" decoding=\"async\" class=\"alignnone size-full wp-image-3097\" src=\"https:\/\/www.julesverne.com.tr\/\/wp-content\/uploads\/2020\/09\/yektakopan.jpg\" alt=\"\" width=\"1280\" height=\"853\" srcset=\"https:\/\/julesverne.com.tr\/wp-content\/uploads\/2020\/09\/yektakopan.jpg 1280w, https:\/\/julesverne.com.tr\/wp-content\/uploads\/2020\/09\/yektakopan-500x333.jpg 500w, https:\/\/julesverne.com.tr\/wp-content\/uploads\/2020\/09\/yektakopan-768x512.jpg 768w\" sizes=\"(max-width: 1280px) 100vw, 1280px\" \/><\/p>\n<p>K\u0131ymetli bir yazar, k\u00fclt\u00fcr-sanat programlar\u0131 yap\u0131mc\u0131 ve sunucusu ve harika bir seslendirme sanat\u00e7\u0131s\u0131 olan Yekta Kopan huzur veren sesiyle kendi evinden ger\u00e7ekle\u015ftirdi\u011fi canl\u0131 yay\u0131nlarda \u201chayat devam ediyor ve ben sizin yan\u0131n\u0131zday\u0131m\u201d der gibi kendi kitaplar\u0131ndan hikayeler okuyor. \u0130lk okumas\u0131n\u0131 16 Mart ak\u015fam\u0131 yapan Kopan yeni okumalar ile hayat\u0131m\u0131za dokunmaya devam edecek. <a href=\"https:\/\/www.instagram.com\/yektakopan\/\" target=\"_blank\" rel=\"noopener noreferrer\"><strong>Yekta Kopan\u2019\u0131n hikayelerini Instagram hesab\u0131 \u00fczerinden dinleyebilirsiniz.<\/strong><\/a><\/p>\n<h4><strong>Evde \u0130zlenebilecek YouTube Fitness Kanallar\u0131<\/strong><\/h4>\n<h2><strong>SWEATers<\/strong><\/h2>\n<p><img loading=\"lazy\" decoding=\"async\" class=\"alignnone size-full wp-image-9211\" src=\"https:\/\/julesverne.com.tr\/wp-content\/uploads\/2020\/03\/sweaters.jpg\" alt=\"\" width=\"1200\" height=\"800\" srcset=\"https:\/\/julesverne.com.tr\/wp-content\/uploads\/2020\/03\/sweaters.jpg 1200w, https:\/\/julesverne.com.tr\/wp-content\/uploads\/2020\/03\/sweaters-500x333.jpg 500w, https:\/\/julesverne.com.tr\/wp-content\/uploads\/2020\/03\/sweaters-768x512.jpg 768w\" sizes=\"(max-width: 1200px) 100vw, 1200px\" \/><\/p>\n<p style=\"text-align: center;\">\n<p>Kendini, \u201cBirbirlerini harekete ge\u00e7iren ve motive edenlerin bulu\u015fma noktas\u0131\u201d olarak tan\u0131mlayan SWEATers, Bebek\u2019teki mekanlar\u0131n\u0131 ge\u00e7ici olarak kapatmak durumunda kalm\u0131\u015f olsa da ayn\u0131 motto\u2019yu Instagram \u00fczerinden ya\u015fatmaya devam ediyor. Instagram\u2019\u0131n canl\u0131 yay\u0131n \u00f6zelli\u011finden yararlanarak g\u00fcn i\u00e7erisinde pek \u00e7ok at\u00f6lye d\u00fczenleyen SWEATers, badem s\u00fct\u00fc yapmadan ses terapisine, fonksiyonel antrenmandan sirke yap\u0131m\u0131na birbirinden \u00e7ok farkl\u0131 alanlar\u0131 i\u015fliyor bu at\u00f6lyelerde. <a href=\"https:\/\/www.instagram.com\/sweaterscommunity\/\" target=\"_blank\" rel=\"noopener noreferrer\"><strong>SWEATers\u2019\u0131n at\u00f6lyelerden bir g\u00fcn \u00f6nce yay\u0131nlad\u0131klar\u0131 programlar\u0131na ve canl\u0131 yay\u0131nlara buradan ula\u015fabilirsiniz.<\/strong><\/a><\/p>\n<h2><strong>Erta\u00e7 Kayao\u011flu<\/strong><\/h2>\n<p><img loading=\"lazy\" decoding=\"async\" class=\"alignnone size-full wp-image-9210\" src=\"https:\/\/julesverne.com.tr\/wp-content\/uploads\/2020\/03\/ertac-kayaoglu.jpg\" alt=\"\" width=\"1200\" height=\"800\" srcset=\"https:\/\/julesverne.com.tr\/wp-content\/uploads\/2020\/03\/ertac-kayaoglu.jpg 1200w, https:\/\/julesverne.com.tr\/wp-content\/uploads\/2020\/03\/ertac-kayaoglu-500x333.jpg 500w, https:\/\/julesverne.com.tr\/wp-content\/uploads\/2020\/03\/ertac-kayaoglu-768x512.jpg 768w\" sizes=\"(max-width: 1200px) 100vw, 1200px\" \/><\/p>\n<p>Y\u0131llar\u0131n\u0131 spora vermi\u015f deneyimli spor e\u011fitmeni pilates ve fonksiyonel e\u011fitim konusunda uzman bir sporcu olan Erta\u00e7 Kayao\u011flu, sabahlar\u0131 sizin i\u00e7in haz\u0131rlad\u0131\u011f\u0131 program\u0131yla evlerinize misafir oluyor. Bu s\u00fcreci sizler ile birlikte sa\u011fl\u0131kl\u0131 ve aktif ge\u00e7irmek isteyen Kayao\u011flu, canl\u0131 yay\u0131nlar\u0131yla herkesi \u201cfonksiyonel antrenman\u201d yapmaya davet ediyor. <a href=\"https:\/\/www.instagram.com\/ertackayaoglu\/\" target=\"_blank\" rel=\"noopener noreferrer\"><strong>Erta\u00e7 Kayao\u011flu\u2019nun antrenmanlar\u0131na Instagram hesab\u0131 \u00fczerinden e\u015flik edebilirsiniz.<\/strong><\/a><\/p>\n<h2><strong>Cenk Erdo\u011fan<\/strong><\/h2>\n<p><img loading=\"lazy\" decoding=\"async\" class=\"alignnone size-full wp-image-9209\" src=\"https:\/\/julesverne.com.tr\/wp-content\/uploads\/2020\/03\/cenk-erdogan.jpg\" alt=\"\" width=\"1200\" height=\"800\" srcset=\"https:\/\/julesverne.com.tr\/wp-content\/uploads\/2020\/03\/cenk-erdogan.jpg 1200w, https:\/\/julesverne.com.tr\/wp-content\/uploads\/2020\/03\/cenk-erdogan-500x333.jpg 500w, https:\/\/julesverne.com.tr\/wp-content\/uploads\/2020\/03\/cenk-erdogan-768x512.jpg 768w\" sizes=\"(max-width: 1200px) 100vw, 1200px\" \/><\/p>\n<p style=\"text-align: center;\">\n<p>\u00dclkemizin en k\u0131ymetli perdesiz gitar virt\u00fc\u00f6z\u00fc \u00fclkesine ve m\u00fczi\u011fe olan tutkusu ile her zaman birle\u015ftirici, iyile\u015ftirici ve sahiplenen canl\u0131 yay\u0131nlar yapar bizleri m\u00fczi\u011fi ile \u015fifaland\u0131r\u0131r. Yapt\u0131\u011f\u0131 canl\u0131 yay\u0131nlar ile de kalplerimize dokunmaya devam ediyor. <a href=\"http:\/\/www.instagram.com\/prdszgitarist\/\" target=\"_blank\" rel=\"noopener noreferrer\"><strong>Cenk Erdo\u011fan\u2019\u0131n canl\u0131 yay\u0131n konserlerine buradan ula\u015fabilirsiniz.<\/strong><\/a><\/p>\n<h2><strong>Zuhal \u00d6zyurt<\/strong><\/h2>\n<p style=\"text-align: center;\"><img loading=\"lazy\" decoding=\"async\" class=\"alignnone size-full wp-image-3101\" src=\"https:\/\/www.julesverne.com.tr\/\/wp-content\/uploads\/2020\/09\/yoga.jpg\" alt=\"\" width=\"999\" height=\"666\" srcset=\"https:\/\/julesverne.com.tr\/wp-content\/uploads\/2020\/09\/yoga.jpg 999w, https:\/\/julesverne.com.tr\/wp-content\/uploads\/2020\/09\/yoga-500x333.jpg 500w, https:\/\/julesverne.com.tr\/wp-content\/uploads\/2020\/09\/yoga-768x512.jpg 768w\" sizes=\"(max-width: 999px) 100vw, 999px\" \/><\/p>\n<p>2 seneyi a\u015fk\u0131n s\u00fcredir online Kundalini Yoga dersleri veren ve \u0130talya\u2019dan Kanada\u2019ya, Trabzon\u2019dan Gaziantep\u2019e pek \u00e7ok \u00fclke ve \u015fehirden \u00f6\u011frencileriyle bulu\u015fan Zuhal \u00d6zyurt, i\u00e7inde bulundu\u011fumuz d\u00f6nemi atlatana kadar derslerinin \u00fccretsiz olaca\u011f\u0131n\u0131 a\u00e7\u0131klad\u0131. 17 Mart 2020 tarihi itibariyle bu uygulamaya ba\u015flayan \u00d6zyurt\u2019un dersleri; ba\u011f\u0131\u015f\u0131kl\u0131k sistemi g\u00fc\u00e7lendirici, sindirim sistemi dengeleyici ve solunum yollar\u0131 g\u00fc\u00e7lendirici olan denge, meditasyon, nefes ve \u015fifa meditasyonlar\u0131ndan olu\u015fuyor. <strong><a href=\"http:\/\/www.instagram.com\/zuhalozyurtyoga\/\" target=\"_blank\" rel=\"noopener noreferrer\">Zuhal \u00d6zyurt\u2019un online dersleri hakk\u0131nda bilgilere buradan ula\u015fabilirsiniz.\u00a0<\/a><\/strong><\/p>\n<p><strong>&#8220;Bu konu OGGUSTO taraf\u0131ndan haz\u0131rlanm\u0131\u015ft\u0131r.&#8221;\u00a0\u00a0<\/strong><strong>#OGGUSTOGETHER<\/strong><strong><br \/>\n<a href=\"https:\/\/www.oggusto.com\/blog\/detay\/2944\/dijital-etkinlik-rehberi.html\" target=\"_blank\" rel=\"noopener noreferrer\">\u0130\u00e7eri\u011fin orijinal haline ve di\u011fer keyifli konulara buradan ula\u015fabilirsiniz<\/a>!<br \/>\n<\/strong><\/p>\n","protected":false},"excerpt":{"rendered":"<p>Dijital platformlar &uuml;zerinden ger&ccedil;ekle\u015fen konserler, fitness ve meditasyon dersleri gibi etkinlikleri bir araya getirdik.&nbsp;<\/p>\n","protected":false},"author":1,"featured_media":2236,"comment_status":"closed","ping_status":"closed","sticky":false,"template":"","format":"standard","meta":{"inline_featured_image":false,"footnotes":""},"categories":[1],"tags":[137],"acf":[],"yoast_head":"<!-- This site is optimized with the Yoast SEO plugin v22.3 - https:\/\/yoast.com\/wordpress\/plugins\/seo\/ -->\n<title>Evde Olsan\u0131z da Etkinliklerden Uzak Kalmay\u0131n: Dijital Etkinlik Rehberi - JULES VERNE BUSINESS MICE TRAVEL<\/title>\n<meta name=\"robots\" content=\"index, follow, max-snippet:-1, max-image-preview:large, max-video-preview:-1\" \/>\n<link rel=\"canonical\" href=\"https:\/\/julesverne.com.tr\/travel-blog\/evde-olsaniz-da-etkinliklerden-uzak-kalmayin-dijital-etkinlik-rehberi\/\" \/>\n<meta property=\"og:locale\" content=\"en_US\" \/>\n<meta property=\"og:type\" content=\"article\" \/>\n<meta property=\"og:title\" content=\"Evde Olsan\u0131z da Etkinliklerden Uzak Kalmay\u0131n: Dijital Etkinlik Rehberi - JULES VERNE BUSINESS MICE TRAVEL\" \/>\n<meta property=\"og:description\" content=\"Dijital platformlar &uuml;zerinden ger&ccedil;ekle\u015fen konserler, fitness ve meditasyon dersleri gibi etkinlikleri bir araya getirdik.&nbsp;\" \/>\n<meta property=\"og:url\" content=\"https:\/\/julesverne.com.tr\/travel-blog\/evde-olsaniz-da-etkinliklerden-uzak-kalmayin-dijital-etkinlik-rehberi\/\" \/>\n<meta property=\"og:site_name\" content=\"JULES VERNE BUSINESS MICE TRAVEL\" \/>\n<meta property=\"article:publisher\" content=\"https:\/\/www.facebook.com\/JulesVerneBusinessMiceTravel\/\" \/>\n<meta property=\"article:published_time\" content=\"2020-03-23T09:01:58+00:00\" \/>\n<meta property=\"article:modified_time\" content=\"2021-06-21T11:32:44+00:00\" \/>\n<meta property=\"og:image\" content=\"https:\/\/julesverne.com.tr\/wp-content\/uploads\/2020\/09\/metropolitanopera.JPG\" \/>\n\t<meta property=\"og:image:width\" content=\"1172\" \/>\n\t<meta property=\"og:image:height\" content=\"658\" \/>\n\t<meta property=\"og:image:type\" content=\"image\/jpeg\" \/>\n<meta name=\"author\" content=\"fikirman\" \/>\n<meta name=\"twitter:card\" content=\"summary_large_image\" \/>\n<meta name=\"twitter:creator\" content=\"@JV_BusinessMice\" \/>\n<meta name=\"twitter:site\" content=\"@JV_BusinessMice\" \/>\n<meta name=\"twitter:label1\" content=\"Written by\" \/>\n\t<meta name=\"twitter:data1\" content=\"fikirman\" \/>\n\t<meta name=\"twitter:label2\" content=\"Est. reading time\" \/>\n\t<meta name=\"twitter:data2\" content=\"9 minutes\" \/>\n<script type=\"application\/ld+json\" class=\"yoast-schema-graph\">{\"@context\":\"https:\/\/schema.org\",\"@graph\":[{\"@type\":\"Article\",\"@id\":\"https:\/\/julesverne.com.tr\/travel-blog\/evde-olsaniz-da-etkinliklerden-uzak-kalmayin-dijital-etkinlik-rehberi\/#article\",\"isPartOf\":{\"@id\":\"https:\/\/julesverne.com.tr\/travel-blog\/evde-olsaniz-da-etkinliklerden-uzak-kalmayin-dijital-etkinlik-rehberi\/\"},\"author\":{\"name\":\"fikirman\",\"@id\":\"https:\/\/julesverne.com.tr\/#\/schema\/person\/f4eb0514ae455538644c31b99a466fdb\"},\"headline\":\"Evde Olsan\u0131z da Etkinliklerden Uzak Kalmay\u0131n: Dijital Etkinlik Rehberi\",\"datePublished\":\"2020-03-23T09:01:58+00:00\",\"dateModified\":\"2021-06-21T11:32:44+00:00\",\"mainEntityOfPage\":{\"@id\":\"https:\/\/julesverne.com.tr\/travel-blog\/evde-olsaniz-da-etkinliklerden-uzak-kalmayin-dijital-etkinlik-rehberi\/\"},\"wordCount\":1702,\"publisher\":{\"@id\":\"https:\/\/julesverne.com.tr\/#organization\"},\"image\":{\"@id\":\"https:\/\/julesverne.com.tr\/travel-blog\/evde-olsaniz-da-etkinliklerden-uzak-kalmayin-dijital-etkinlik-rehberi\/#primaryimage\"},\"thumbnailUrl\":\"https:\/\/julesverne.com.tr\/wp-content\/uploads\/2020\/09\/metropolitanopera.JPG\",\"keywords\":[\"Blog\"],\"articleSection\":[\"Blog\"],\"inLanguage\":\"en-US\"},{\"@type\":\"WebPage\",\"@id\":\"https:\/\/julesverne.com.tr\/travel-blog\/evde-olsaniz-da-etkinliklerden-uzak-kalmayin-dijital-etkinlik-rehberi\/\",\"url\":\"https:\/\/julesverne.com.tr\/travel-blog\/evde-olsaniz-da-etkinliklerden-uzak-kalmayin-dijital-etkinlik-rehberi\/\",\"name\":\"Evde Olsan\u0131z da Etkinliklerden Uzak Kalmay\u0131n: Dijital Etkinlik Rehberi - JULES VERNE BUSINESS MICE TRAVEL\",\"isPartOf\":{\"@id\":\"https:\/\/julesverne.com.tr\/#website\"},\"primaryImageOfPage\":{\"@id\":\"https:\/\/julesverne.com.tr\/travel-blog\/evde-olsaniz-da-etkinliklerden-uzak-kalmayin-dijital-etkinlik-rehberi\/#primaryimage\"},\"image\":{\"@id\":\"https:\/\/julesverne.com.tr\/travel-blog\/evde-olsaniz-da-etkinliklerden-uzak-kalmayin-dijital-etkinlik-rehberi\/#primaryimage\"},\"thumbnailUrl\":\"https:\/\/julesverne.com.tr\/wp-content\/uploads\/2020\/09\/metropolitanopera.JPG\",\"datePublished\":\"2020-03-23T09:01:58+00:00\",\"dateModified\":\"2021-06-21T11:32:44+00:00\",\"breadcrumb\":{\"@id\":\"https:\/\/julesverne.com.tr\/travel-blog\/evde-olsaniz-da-etkinliklerden-uzak-kalmayin-dijital-etkinlik-rehberi\/#breadcrumb\"},\"inLanguage\":\"en-US\",\"potentialAction\":[{\"@type\":\"ReadAction\",\"target\":[\"https:\/\/julesverne.com.tr\/travel-blog\/evde-olsaniz-da-etkinliklerden-uzak-kalmayin-dijital-etkinlik-rehberi\/\"]}]},{\"@type\":\"ImageObject\",\"inLanguage\":\"en-US\",\"@id\":\"https:\/\/julesverne.com.tr\/travel-blog\/evde-olsaniz-da-etkinliklerden-uzak-kalmayin-dijital-etkinlik-rehberi\/#primaryimage\",\"url\":\"https:\/\/julesverne.com.tr\/wp-content\/uploads\/2020\/09\/metropolitanopera.JPG\",\"contentUrl\":\"https:\/\/julesverne.com.tr\/wp-content\/uploads\/2020\/09\/metropolitanopera.JPG\",\"width\":1172,\"height\":658},{\"@type\":\"BreadcrumbList\",\"@id\":\"https:\/\/julesverne.com.tr\/travel-blog\/evde-olsaniz-da-etkinliklerden-uzak-kalmayin-dijital-etkinlik-rehberi\/#breadcrumb\",\"itemListElement\":[{\"@type\":\"ListItem\",\"position\":1,\"name\":\"Anasayfa\",\"item\":\"https:\/\/julesverne.com.tr\/\"},{\"@type\":\"ListItem\",\"position\":2,\"name\":\"Evde Olsan\u0131z da Etkinliklerden Uzak Kalmay\u0131n: Dijital Etkinlik Rehberi\"}]},{\"@type\":\"WebSite\",\"@id\":\"https:\/\/julesverne.com.tr\/#website\",\"url\":\"https:\/\/julesverne.com.tr\/\",\"name\":\"JULES VERNE BUSINESS MICE TRAVEL\",\"description\":\"\",\"publisher\":{\"@id\":\"https:\/\/julesverne.com.tr\/#organization\"},\"potentialAction\":[{\"@type\":\"SearchAction\",\"target\":{\"@type\":\"EntryPoint\",\"urlTemplate\":\"https:\/\/julesverne.com.tr\/?s={search_term_string}\"},\"query-input\":\"required name=search_term_string\"}],\"inLanguage\":\"en-US\"},{\"@type\":\"Organization\",\"@id\":\"https:\/\/julesverne.com.tr\/#organization\",\"name\":\"JULES VERNE BUSINESS MICE TRAVEL\",\"url\":\"https:\/\/julesverne.com.tr\/\",\"logo\":{\"@type\":\"ImageObject\",\"inLanguage\":\"en-US\",\"@id\":\"https:\/\/julesverne.com.tr\/#\/schema\/logo\/image\/\",\"url\":\"https:\/\/julesverne.com.tr\/wp-content\/uploads\/2020\/09\/jv-bmt-logo.png\",\"contentUrl\":\"https:\/\/julesverne.com.tr\/wp-content\/uploads\/2020\/09\/jv-bmt-logo.png\",\"width\":110,\"height\":81,\"caption\":\"JULES VERNE BUSINESS MICE TRAVEL\"},\"image\":{\"@id\":\"https:\/\/julesverne.com.tr\/#\/schema\/logo\/image\/\"},\"sameAs\":[\"https:\/\/www.facebook.com\/JulesVerneBusinessMiceTravel\/\",\"https:\/\/twitter.com\/JV_BusinessMice\",\"https:\/\/www.instagram.com\/julesvernebusinessmicetravel\/\",\"https:\/\/www.linkedin.com\/company\/julesvernebusinessmicetravel\/\",\"https:\/\/www.youtube.com\/channel\/UCAwdsmbZ6tFhu1tea6pkpiw\"]},{\"@type\":\"Person\",\"@id\":\"https:\/\/julesverne.com.tr\/#\/schema\/person\/f4eb0514ae455538644c31b99a466fdb\",\"name\":\"fikirman\",\"sameAs\":[\"http:\/\/advermedya.net\/julesverne\"],\"url\":\"https:\/\/julesverne.com.tr\/en\/author\/fikirman\/\"}]}<\/script>\n<!-- \/ Yoast SEO plugin. -->","yoast_head_json":{"title":"Evde Olsan\u0131z da Etkinliklerden Uzak Kalmay\u0131n: Dijital Etkinlik Rehberi - JULES VERNE BUSINESS MICE TRAVEL","robots":{"index":"index","follow":"follow","max-snippet":"max-snippet:-1","max-image-preview":"max-image-preview:large","max-video-preview":"max-video-preview:-1"},"canonical":"https:\/\/julesverne.com.tr\/travel-blog\/evde-olsaniz-da-etkinliklerden-uzak-kalmayin-dijital-etkinlik-rehberi\/","og_locale":"en_US","og_type":"article","og_title":"Evde Olsan\u0131z da Etkinliklerden Uzak Kalmay\u0131n: Dijital Etkinlik Rehberi - JULES VERNE BUSINESS MICE TRAVEL","og_description":"Dijital platformlar &uuml;zerinden ger&ccedil;ekle\u015fen konserler, fitness ve meditasyon dersleri gibi etkinlikleri bir araya getirdik.&nbsp;","og_url":"https:\/\/julesverne.com.tr\/travel-blog\/evde-olsaniz-da-etkinliklerden-uzak-kalmayin-dijital-etkinlik-rehberi\/","og_site_name":"JULES VERNE BUSINESS MICE TRAVEL","article_publisher":"https:\/\/www.facebook.com\/JulesVerneBusinessMiceTravel\/","article_published_time":"2020-03-23T09:01:58+00:00","article_modified_time":"2021-06-21T11:32:44+00:00","og_image":[{"width":1172,"height":658,"url":"https:\/\/julesverne.com.tr\/wp-content\/uploads\/2020\/09\/metropolitanopera.JPG","type":"image\/jpeg"}],"author":"fikirman","twitter_card":"summary_large_image","twitter_creator":"@JV_BusinessMice","twitter_site":"@JV_BusinessMice","twitter_misc":{"Written by":"fikirman","Est. reading time":"9 minutes"},"schema":{"@context":"https:\/\/schema.org","@graph":[{"@type":"Article","@id":"https:\/\/julesverne.com.tr\/travel-blog\/evde-olsaniz-da-etkinliklerden-uzak-kalmayin-dijital-etkinlik-rehberi\/#article","isPartOf":{"@id":"https:\/\/julesverne.com.tr\/travel-blog\/evde-olsaniz-da-etkinliklerden-uzak-kalmayin-dijital-etkinlik-rehberi\/"},"author":{"name":"fikirman","@id":"https:\/\/julesverne.com.tr\/#\/schema\/person\/f4eb0514ae455538644c31b99a466fdb"},"headline":"Evde Olsan\u0131z da Etkinliklerden Uzak Kalmay\u0131n: Dijital Etkinlik Rehberi","datePublished":"2020-03-23T09:01:58+00:00","dateModified":"2021-06-21T11:32:44+00:00","mainEntityOfPage":{"@id":"https:\/\/julesverne.com.tr\/travel-blog\/evde-olsaniz-da-etkinliklerden-uzak-kalmayin-dijital-etkinlik-rehberi\/"},"wordCount":1702,"publisher":{"@id":"https:\/\/julesverne.com.tr\/#organization"},"image":{"@id":"https:\/\/julesverne.com.tr\/travel-blog\/evde-olsaniz-da-etkinliklerden-uzak-kalmayin-dijital-etkinlik-rehberi\/#primaryimage"},"thumbnailUrl":"https:\/\/julesverne.com.tr\/wp-content\/uploads\/2020\/09\/metropolitanopera.JPG","keywords":["Blog"],"articleSection":["Blog"],"inLanguage":"en-US"},{"@type":"WebPage","@id":"https:\/\/julesverne.com.tr\/travel-blog\/evde-olsaniz-da-etkinliklerden-uzak-kalmayin-dijital-etkinlik-rehberi\/","url":"https:\/\/julesverne.com.tr\/travel-blog\/evde-olsaniz-da-etkinliklerden-uzak-kalmayin-dijital-etkinlik-rehberi\/","name":"Evde Olsan\u0131z da Etkinliklerden Uzak Kalmay\u0131n: Dijital Etkinlik Rehberi - JULES VERNE BUSINESS MICE TRAVEL","isPartOf":{"@id":"https:\/\/julesverne.com.tr\/#website"},"primaryImageOfPage":{"@id":"https:\/\/julesverne.com.tr\/travel-blog\/evde-olsaniz-da-etkinliklerden-uzak-kalmayin-dijital-etkinlik-rehberi\/#primaryimage"},"image":{"@id":"https:\/\/julesverne.com.tr\/travel-blog\/evde-olsaniz-da-etkinliklerden-uzak-kalmayin-dijital-etkinlik-rehberi\/#primaryimage"},"thumbnailUrl":"https:\/\/julesverne.com.tr\/wp-content\/uploads\/2020\/09\/metropolitanopera.JPG","datePublished":"2020-03-23T09:01:58+00:00","dateModified":"2021-06-21T11:32:44+00:00","breadcrumb":{"@id":"https:\/\/julesverne.com.tr\/travel-blog\/evde-olsaniz-da-etkinliklerden-uzak-kalmayin-dijital-etkinlik-rehberi\/#breadcrumb"},"inLanguage":"en-US","potentialAction":[{"@type":"ReadAction","target":["https:\/\/julesverne.com.tr\/travel-blog\/evde-olsaniz-da-etkinliklerden-uzak-kalmayin-dijital-etkinlik-rehberi\/"]}]},{"@type":"ImageObject","inLanguage":"en-US","@id":"https:\/\/julesverne.com.tr\/travel-blog\/evde-olsaniz-da-etkinliklerden-uzak-kalmayin-dijital-etkinlik-rehberi\/#primaryimage","url":"https:\/\/julesverne.com.tr\/wp-content\/uploads\/2020\/09\/metropolitanopera.JPG","contentUrl":"https:\/\/julesverne.com.tr\/wp-content\/uploads\/2020\/09\/metropolitanopera.JPG","width":1172,"height":658},{"@type":"BreadcrumbList","@id":"https:\/\/julesverne.com.tr\/travel-blog\/evde-olsaniz-da-etkinliklerden-uzak-kalmayin-dijital-etkinlik-rehberi\/#breadcrumb","itemListElement":[{"@type":"ListItem","position":1,"name":"Anasayfa","item":"https:\/\/julesverne.com.tr\/"},{"@type":"ListItem","position":2,"name":"Evde Olsan\u0131z da Etkinliklerden Uzak Kalmay\u0131n: Dijital Etkinlik Rehberi"}]},{"@type":"WebSite","@id":"https:\/\/julesverne.com.tr\/#website","url":"https:\/\/julesverne.com.tr\/","name":"JULES VERNE BUSINESS MICE TRAVEL","description":"","publisher":{"@id":"https:\/\/julesverne.com.tr\/#organization"},"potentialAction":[{"@type":"SearchAction","target":{"@type":"EntryPoint","urlTemplate":"https:\/\/julesverne.com.tr\/?s={search_term_string}"},"query-input":"required name=search_term_string"}],"inLanguage":"en-US"},{"@type":"Organization","@id":"https:\/\/julesverne.com.tr\/#organization","name":"JULES VERNE BUSINESS MICE TRAVEL","url":"https:\/\/julesverne.com.tr\/","logo":{"@type":"ImageObject","inLanguage":"en-US","@id":"https:\/\/julesverne.com.tr\/#\/schema\/logo\/image\/","url":"https:\/\/julesverne.com.tr\/wp-content\/uploads\/2020\/09\/jv-bmt-logo.png","contentUrl":"https:\/\/julesverne.com.tr\/wp-content\/uploads\/2020\/09\/jv-bmt-logo.png","width":110,"height":81,"caption":"JULES VERNE BUSINESS MICE TRAVEL"},"image":{"@id":"https:\/\/julesverne.com.tr\/#\/schema\/logo\/image\/"},"sameAs":["https:\/\/www.facebook.com\/JulesVerneBusinessMiceTravel\/","https:\/\/twitter.com\/JV_BusinessMice","https:\/\/www.instagram.com\/julesvernebusinessmicetravel\/","https:\/\/www.linkedin.com\/company\/julesvernebusinessmicetravel\/","https:\/\/www.youtube.com\/channel\/UCAwdsmbZ6tFhu1tea6pkpiw"]},{"@type":"Person","@id":"https:\/\/julesverne.com.tr\/#\/schema\/person\/f4eb0514ae455538644c31b99a466fdb","name":"fikirman","sameAs":["http:\/\/advermedya.net\/julesverne"],"url":"https:\/\/julesverne.com.tr\/en\/author\/fikirman\/"}]}},"_links":{"self":[{"href":"https:\/\/julesverne.com.tr\/en\/wp-json\/wp\/v2\/posts\/2235"}],"collection":[{"href":"https:\/\/julesverne.com.tr\/en\/wp-json\/wp\/v2\/posts"}],"about":[{"href":"https:\/\/julesverne.com.tr\/en\/wp-json\/wp\/v2\/types\/post"}],"author":[{"embeddable":true,"href":"https:\/\/julesverne.com.tr\/en\/wp-json\/wp\/v2\/users\/1"}],"replies":[{"embeddable":true,"href":"https:\/\/julesverne.com.tr\/en\/wp-json\/wp\/v2\/comments?post=2235"}],"version-history":[{"count":0,"href":"https:\/\/julesverne.com.tr\/en\/wp-json\/wp\/v2\/posts\/2235\/revisions"}],"wp:featuredmedia":[{"embeddable":true,"href":"https:\/\/julesverne.com.tr\/en\/wp-json\/wp\/v2\/media\/2236"}],"wp:attachment":[{"href":"https:\/\/julesverne.com.tr\/en\/wp-json\/wp\/v2\/media?parent=2235"}],"wp:term":[{"taxonomy":"category","embeddable":true,"href":"https:\/\/julesverne.com.tr\/en\/wp-json\/wp\/v2\/categories?post=2235"},{"taxonomy":"post_tag","embeddable":true,"href":"https:\/\/julesverne.com.tr\/en\/wp-json\/wp\/v2\/tags?post=2235"}],"curies":[{"name":"wp","href":"https:\/\/api.w.org\/{rel}","templated":true}]}}