{"id":2231,"date":"2020-03-19T13:36:12","date_gmt":"2020-03-19T10:36:12","guid":{"rendered":"https:\/\/www.julesverne.com.tr\/\/blog\/evdeyken-dunyaca-unlu-muzeleri-gezmeye-devam-edin\/"},"modified":"2021-06-21T14:19:40","modified_gmt":"2021-06-21T11:19:40","slug":"evdeyken-dunyaca-unlu-muzeleri-gezmeye-devam-edin","status":"publish","type":"post","link":"https:\/\/julesverne.com.tr\/en\/travel-blog\/evdeyken-dunyaca-unlu-muzeleri-gezmeye-devam-edin\/","title":{"rendered":"Evdeyken D\u00fcnyaca \u00dcnl\u00fc M\u00fczeleri Gezmeye Devam Edin!"},"content":{"rendered":"<p style=\"text-align: center;\"><img loading=\"lazy\" decoding=\"async\" class=\"alignnone size-full wp-image-3109\" src=\"https:\/\/www.julesverne.com.tr\/\/wp-content\/uploads\/2020\/09\/louvre-2.png\" alt=\"\" width=\"1000\" height=\"671\" srcset=\"https:\/\/julesverne.com.tr\/wp-content\/uploads\/2020\/09\/louvre-2.png 1000w, https:\/\/julesverne.com.tr\/wp-content\/uploads\/2020\/09\/louvre-2-500x336.png 500w, https:\/\/julesverne.com.tr\/wp-content\/uploads\/2020\/09\/louvre-2-768x515.png 768w\" sizes=\"(max-width: 1000px) 100vw, 1000px\" \/><\/p>\n<p>D\u00fcnya \u00fclkeleri Corona vir\u00fcs (COVID-19) salg\u0131n\u0131n\u0131n yay\u0131lmas\u0131n\u0131 \u00f6nlemek i\u00e7in \u00f6nemler almaya devam ediyor. Sosyal mesafe, kalabal\u0131k alanlarda bulunmama, ihtiya\u00e7 olmad\u0131k\u00e7a evde zaman ge\u00e7irme hepimiz i\u00e7in ge\u00e7erli. Bu s\u00fcre i\u00e7erisinde m\u00fcze, tiyatro, konser, yar\u0131\u015f gibi bizi sosyalle\u015ftiren etkinlikler erteleniyor. Bu s\u00fcreci sa\u011fl\u0131kla evde ge\u00e7irirken keyifli zaman ge\u00e7irece\u011finiz dijital m\u00fcze turlar\u0131n\u0131 sizin i\u00e7in derledik. M\u00fczeye gitmeden m\u00fczeler ekran\u0131n\u0131za gelsin!<\/p>\n<h2><strong>Natural History Museum (Londra Do\u011fa Tarihi M\u00fczesi), Londra &#8211; \u0130ngiltere<\/strong><\/h2>\n<p style=\"text-align: center;\"><strong><img loading=\"lazy\" decoding=\"async\" class=\"alignnone size-full wp-image-3110\" src=\"https:\/\/www.julesverne.com.tr\/\/wp-content\/uploads\/2020\/09\/naturalmusuem.jpg\" alt=\"\" width=\"1000\" height=\"655\" srcset=\"https:\/\/julesverne.com.tr\/wp-content\/uploads\/2020\/09\/naturalmusuem.jpg 1000w, https:\/\/julesverne.com.tr\/wp-content\/uploads\/2020\/09\/naturalmusuem-500x328.jpg 500w, https:\/\/julesverne.com.tr\/wp-content\/uploads\/2020\/09\/naturalmusuem-768x503.jpg 768w\" sizes=\"(max-width: 1000px) 100vw, 1000px\" \/><\/strong><\/p>\n<p>Londra&#8217;n\u0131n en de\u011ferli ve en \u00e7ok ziyaret\u00e7i \u00e7eken m\u00fczesi Natural History Museum hem tarihsel hem de bilimsel olarak bir hazine de\u011ferinde. M\u00fczedeki koleksiyonlar\u0131 ve eserleri Google Arts &amp; Culture sitesi \u00fczerinden g\u00f6rebilirsiniz.<br \/>\n<strong><a href=\"https:\/\/artsandculture.google.com\/partner\/natural-history-museum\" target=\"_blank\" rel=\"noopener noreferrer\">artsandculture.google.com\/partner\/natural-history-museum<\/a><\/strong><\/p>\n<h2><strong>Mus\u00e9e du Louvre (Louvre M\u00fczesi), Paris &#8211; Fransa<\/strong><\/h2>\n<p style=\"text-align: center;\"><strong><img loading=\"lazy\" decoding=\"async\" class=\"alignnone size-full wp-image-3111\" src=\"https:\/\/www.julesverne.com.tr\/\/wp-content\/uploads\/2020\/09\/louvremuzesi.jpg\" alt=\"\" width=\"999\" height=\"618\" srcset=\"https:\/\/julesverne.com.tr\/wp-content\/uploads\/2020\/09\/louvremuzesi.jpg 999w, https:\/\/julesverne.com.tr\/wp-content\/uploads\/2020\/09\/louvremuzesi-500x309.jpg 500w, https:\/\/julesverne.com.tr\/wp-content\/uploads\/2020\/09\/louvremuzesi-768x475.jpg 768w\" sizes=\"(max-width: 999px) 100vw, 999px\" \/><\/strong><\/p>\n<p>D\u00fcnyan\u0131n en b\u00fcy\u00fck sanat m\u00fczesi olan Louvre\u2019daki eserleri tek bir g\u00fcnde gezerek bitirmek imk\u00e2ns\u0131z! \u015eimdi Louvre M\u00fczesi\u2019nin internet sitesinden m\u00fczenin koleksiyonlar\u0131na ait eserlerin g\u00f6rsellerini inceleyebilir, m\u00fczenin farkl\u0131 b\u00f6l\u00fcmlerini panoramik \u00e7ekimlerle g\u00f6rebilirsiniz. A\u015fa\u011f\u0131daki linkten detaylara ula\u015fabilirsiniz:<br \/>\n<strong><a href=\"https:\/\/www.youvisit.com\/tour\/louvremuseum\" target=\"_blank\" rel=\"noopener noreferrer\">www.youvisit.com\/tour\/louvremuseum<\/a><\/strong><\/p>\n<h2><strong>Galleria degli Uffizi (Uffizi Galerisi), Floransa &#8211; \u0130talya<\/strong><\/h2>\n<p style=\"text-align: center;\"><strong><img loading=\"lazy\" decoding=\"async\" class=\"alignnone size-full wp-image-3112\" src=\"https:\/\/www.julesverne.com.tr\/\/wp-content\/uploads\/2020\/09\/uffizi.jpg\" alt=\"\" width=\"1145\" height=\"800\" srcset=\"https:\/\/julesverne.com.tr\/wp-content\/uploads\/2020\/09\/uffizi.jpg 1145w, https:\/\/julesverne.com.tr\/wp-content\/uploads\/2020\/09\/uffizi-500x349.jpg 500w, https:\/\/julesverne.com.tr\/wp-content\/uploads\/2020\/09\/uffizi-768x537.jpg 768w\" sizes=\"(max-width: 1145px) 100vw, 1145px\" \/><\/strong><\/p>\n<p>Ya\u015fayan en g\u00fczel sanat galerilerinden birisi olan Galleria degli Uffizi&#8217;de; Medici Ailesi\u2019nin sanat koleksiyonundan R\u00f6nesans D\u00f6nemi&#8217;ne ait Floransal\u0131 b\u00fcy\u00fck \u00fcstatlar\u0131n heykelleri ve resimleri sergileniyor. Galeride, Michelangelo, Boticelli, Donatello, Titian, Caravaggio, Leonardo da Vinci, El Greco, Rubens, Rembrant, Raphael ve Goya gibi \u00fcnl\u00fc \u00fcnl\u00fc sanat\u00e7\u0131lar\u0131n eserleri yer al\u0131yor. En k\u0131sa zamanda canl\u0131 g\u00f6rmek umuduyla a\u015fa\u011f\u0131daki linkten Uffizi\u2019yi sanal olarak gezebilirsiniz:<br \/>\n<strong><a href=\"https:\/\/www.virtualuffizi.com\/the-halls.html\" target=\"_blank\" rel=\"noopener noreferrer\">www.virtualuffizi.com\/the-halls<\/a><\/strong><\/p>\n<h2><strong>Pergamon Museum (Bergama M\u00fczesi), Berlin &#8211; Almanya<\/strong><\/h2>\n<p style=\"text-align: center;\"><strong><img loading=\"lazy\" decoding=\"async\" class=\"alignnone size-full wp-image-3113\" src=\"https:\/\/www.julesverne.com.tr\/\/wp-content\/uploads\/2020\/09\/pergamon-1.jpg\" alt=\"\" width=\"999\" height=\"657\" srcset=\"https:\/\/julesverne.com.tr\/wp-content\/uploads\/2020\/09\/pergamon-1.jpg 999w, https:\/\/julesverne.com.tr\/wp-content\/uploads\/2020\/09\/pergamon-1-500x329.jpg 500w, https:\/\/julesverne.com.tr\/wp-content\/uploads\/2020\/09\/pergamon-1-768x505.jpg 768w\" sizes=\"(max-width: 999px) 100vw, 999px\" \/><\/strong><\/p>\n<p>Berlin, Museum Island \u00fczerindeki be\u015f m\u00fczeden sonuncu olan Pergamon Museum ayn\u0131 zamanda bu m\u00fcze ada i\u00e7erisindeki en iddial\u0131 mimari ve koleksiyona sahip. Alman arkeologlar\u0131n 19. y\u00fczy\u0131l sonu, 20.y\u00fczy\u0131l ba\u015flar\u0131nda etkili olduklar\u0131 Osmanl\u0131 topraklar\u0131ndaki kaz\u0131lardan \u00e7\u0131kar\u0131lan eserler bu m\u00fczede sergileniyor. \u00c7evrimi\u00e7i bu eserleri g\u00f6rmek i\u00e7in a\u015fa\u011f\u0131daki linke t\u0131klayabilirsiniz:<br \/>\n<a href=\"https:\/\/artsandculture.google.com\/entity\/pergamon\/m05tcm?hl=en\" target=\"_blank\" rel=\"noopener noreferrer\"><strong>artsandculture.google.com\/entity\/pergamon<\/strong><br \/>\n<\/a><br \/>\n<strong>Van Gogh Museum, (Van Gogh M\u00fczesi), Amsterdam &#8211; Hollanda<\/strong><\/p>\n<p style=\"text-align: center;\"><strong><img loading=\"lazy\" decoding=\"async\" class=\"alignnone size-full wp-image-3114\" src=\"https:\/\/www.julesverne.com.tr\/\/wp-content\/uploads\/2020\/09\/vangogh.jpg\" alt=\"\" width=\"1280\" height=\"853\" srcset=\"https:\/\/julesverne.com.tr\/wp-content\/uploads\/2020\/09\/vangogh.jpg 1280w, https:\/\/julesverne.com.tr\/wp-content\/uploads\/2020\/09\/vangogh-500x333.jpg 500w, https:\/\/julesverne.com.tr\/wp-content\/uploads\/2020\/09\/vangogh-768x512.jpg 768w\" sizes=\"(max-width: 1280px) 100vw, 1280px\" \/><\/strong><\/p>\n<p>Vincent Van Gogh\u2019a ait en geni\u015f koleksiyona ev sahipli\u011fi yapan m\u00fcze, \u00e7a\u011fda\u015f sanat\u00e7\u0131lar\u0131n fark\u0131n\u0131 anlamak ad\u0131na benzersiz bir deneyim ya\u015fat\u0131yor. M\u00fczede kal\u0131c\u0131 olarak sergilenen 200\u2019den fazla Van Gogh resmi, \u00e7izimleri ve mektuplar\u0131 sergileniyor. M\u00fczede sanal tur atmak isterseniz a\u015fa\u011f\u0131daki linke t\u0131klayabilirsiniz:<br \/>\n<strong><a href=\"https:\/\/artsandculture.google.com\/partner\/van-gogh-museum?hl=en\" target=\"_blank\" rel=\"noopener noreferrer\">artsandculture.google.com\/partner\/van-gogh-museum<\/a><\/strong><\/p>\n<h2><strong>Pera M\u00fczesi, \u0130stanbul &#8211; T\u00fcrkiye<\/strong><\/h2>\n<p style=\"text-align: center;\"><strong><img loading=\"lazy\" decoding=\"async\" class=\"alignnone size-full wp-image-3115\" src=\"https:\/\/www.julesverne.com.tr\/\/wp-content\/uploads\/2020\/09\/pera.jpg\" alt=\"\" width=\"800\" height=\"536\" srcset=\"https:\/\/julesverne.com.tr\/wp-content\/uploads\/2020\/09\/pera.jpg 800w, https:\/\/julesverne.com.tr\/wp-content\/uploads\/2020\/09\/pera-500x335.jpg 500w, https:\/\/julesverne.com.tr\/wp-content\/uploads\/2020\/09\/pera-768x515.jpg 768w\" sizes=\"(max-width: 800px) 100vw, 800px\" \/><\/strong><\/p>\n<p>Bir k\u00fclt\u00fcr-m\u00fcze noktas\u0131 olan Pera M\u00fczesi, ba\u015fta Suna ve \u0130nan K\u0131ra\u00e7 Vakf\u0131&#8217;na ait olan Oryantalist Resim, Anadolu A\u011f\u0131rl\u0131k ve \u00d6l\u00e7\u00fcleri, K\u00fctahya \u00c7ini ve Seramikleri koleksiyonlar\u0131na ev sahipli\u011fi yap\u0131yor. Bununla bilrikte g\u00fcn\u00fcm\u00fcze kadar d\u00fcnyan\u0131n \u00f6nde gelen m\u00fcze ve sanat galerileri ile i\u015fbirli\u011fi yaparak \u00f6nemli sergileri \u00fclkemize getirerek sanatseverlerle bulu\u015fturdu. Bu s\u00fcre\u00e7te Pera M\u00fczesi koleksiyonlar\u0131n\u0131 takip etmek isterseniz a\u015fa\u011f\u0131daki linki inceleyebilirsiniz:<br \/>\n<strong><a href=\"https:\/\/artsandculture.google.com\/partner\/pera-museum?hl=tr\" target=\"_blank\" rel=\"noopener noreferrer\">artsandculture.google.com\/partner\/pera-museum<\/a><\/strong><\/p>\n<h2><strong>J. Paul Getty Museum (J. Paul Getty M\u00fczesi), Los Angeles &#8211; ABD<\/strong><\/h2>\n<p style=\"text-align: center;\"><strong><img loading=\"lazy\" decoding=\"async\" class=\"alignnone size-full wp-image-3116\" src=\"https:\/\/www.julesverne.com.tr\/\/wp-content\/uploads\/2020\/09\/paulgetty.jpg\" alt=\"\" width=\"999\" height=\"665\" srcset=\"https:\/\/julesverne.com.tr\/wp-content\/uploads\/2020\/09\/paulgetty.jpg 999w, https:\/\/julesverne.com.tr\/wp-content\/uploads\/2020\/09\/paulgetty-500x333.jpg 500w, https:\/\/julesverne.com.tr\/wp-content\/uploads\/2020\/09\/paulgetty-768x511.jpg 768w\" sizes=\"(max-width: 999px) 100vw, 999px\" \/><\/strong><\/p>\n<p>Amerikal\u0131 petrol kral\u0131 Paul Getty&#8217;nin kurdu\u011fu J. Paul Getty Museum ruhunuzda \u00e7i\u00e7ek a\u00e7t\u0131ran sanat m\u00fczelerinden. Orta\u00e7a\u011f gelene\u011finden, g\u00fcn\u00fcm\u00fcz \u00e7a\u011fda\u015f sanat\u0131na uzanan geni\u015f bir sanat eseri koleksiyonuna sahip olan m\u00fczede Van Gogh, Cezanne ve Monet\u2019nin baz\u0131 eserlerini g\u00f6rmek de m\u00fcmk\u00fcn. M\u00fczedeki eserleri merak ediyorsan\u0131z a\u015fa\u011f\u0131daki linke t\u0131klayabilirsiniz:<br \/>\n<strong><a href=\"https:\/\/artsandculture.google.com\/partner\/the-j-paul-getty-museum?hl=en\" target=\"_blank\" rel=\"noopener noreferrer\">artsandculture.google.com\/partner\/the-j-paul-getty-museum<\/a><\/strong><\/p>\n<h2><strong>MASP ( S\u00e3o Paulo Sanat M\u00fczesi), S\u00e3o Paulo &#8211; Brezilya<\/strong><\/h2>\n<p style=\"text-align: center;\"><strong><img loading=\"lazy\" decoding=\"async\" class=\"alignnone size-full wp-image-3117\" src=\"https:\/\/www.julesverne.com.tr\/\/wp-content\/uploads\/2020\/09\/saopaulo.jpg\" alt=\"\" width=\"740\" height=\"555\" srcset=\"https:\/\/julesverne.com.tr\/wp-content\/uploads\/2020\/09\/saopaulo.jpg 740w, https:\/\/julesverne.com.tr\/wp-content\/uploads\/2020\/09\/saopaulo-500x375.jpg 500w\" sizes=\"(max-width: 740px) 100vw, 740px\" \/><\/strong><\/p>\n<p>Museu de Arte de S\u00e3o Paulo, Latin Amerika ve G\u00fcney Yar\u0131mk\u00fcre&#8217;nin en iyi Avrupa sanat koleksiyonuna ev sahipli\u011fi yap\u0131yor. Brezilya sanat\u0131na ait \u00e7izim ve resimlere ek olarak Afrika ve Asya sanat\u0131na ait antika par\u00e7alar, dekoratif sanat eserlerinden olu\u015fan 8000 par\u00e7al\u0131k bir koleksiyondan bahsediyoruz. \u00dclkenin en b\u00fcy\u00fck sanat k\u00fct\u00fcphanelerinden birine de sahip olan m\u00fczeye sanal bir gezintiye \u00e7\u0131kmak ister misiniz?<br \/>\n<strong><a href=\"https:\/\/artsandculture.google.com\/partner\/masp?hl=en\" target=\"_blank\" rel=\"noopener noreferrer\">artsandculture.google.com\/partner\/masp<\/a><\/strong><\/p>\n<h2><strong>Sabanc\u0131 M\u00fczesi, \u0130stanbul &#8211; T\u00fcrkiye<\/strong><\/h2>\n<p style=\"text-align: center;\"><strong><img loading=\"lazy\" decoding=\"async\" class=\"alignnone size-full wp-image-3118\" src=\"https:\/\/www.julesverne.com.tr\/\/wp-content\/uploads\/2020\/09\/sabancimuzesi.jpg\" alt=\"\" width=\"1280\" height=\"959\" srcset=\"https:\/\/julesverne.com.tr\/wp-content\/uploads\/2020\/09\/sabancimuzesi.jpg 1280w, https:\/\/julesverne.com.tr\/wp-content\/uploads\/2020\/09\/sabancimuzesi-500x375.jpg 500w, https:\/\/julesverne.com.tr\/wp-content\/uploads\/2020\/09\/sabancimuzesi-768x575.jpg 768w\" sizes=\"(max-width: 1280px) 100vw, 1280px\" \/><\/strong><\/p>\n<p>\u0130talyan mimar Edouard De Nari&#8217;nin imzas\u0131n\u0131 ta\u015f\u0131yan tarihi binan\u0131n 2002 y\u0131l\u0131nda \u00f6zel m\u00fczeye d\u00f6n\u00fc\u015ft\u00fcr\u00fclmesiyle sanatseverlerin ufkunu a\u00e7an Sabanc\u0131 M\u00fczesi de salg\u0131n nedeniyle ge\u00e7ici s\u00fcreyle kap\u0131lar\u0131n\u0131 kapatt\u0131. De\u011ferli bir\u00e7ok sanat\u00e7\u0131n\u0131n eserini sergileyen m\u00fczenin Resim Koleksiyonu&#8217;na ek olarak Kitap Sanatlar\u0131 ve Hat Koleksiyonu, Mobilya ve Dekoratif Eserler Koleksiyonu ger\u00e7ekten b\u00fcy\u00fcleyici. Siz de Sabanc\u0131 M\u00fczesi&#8217;nin dijital d\u00fcnyas\u0131nda eserleri g\u00f6rebilirsiniz.<br \/>\n<strong><a href=\"https:\/\/sakipsabancimuzesi.org\/tr\/sayfa\/digital-ssm\" target=\"_blank\" rel=\"noopener noreferrer\">sakipsabancimuzesi.org\/tr\/sayfa\/digital-ssm<\/a><\/strong><\/p>\n<h2><strong>Rijksmuseum, Amsterdam &#8211; Hollanda<\/strong><\/h2>\n<p><img loading=\"lazy\" decoding=\"async\" class=\"alignnone size-full wp-image-9184\" src=\"https:\/\/julesverne.com.tr\/wp-content\/uploads\/2020\/03\/Rijksmuseum.jpg\" alt=\"\" width=\"1200\" height=\"800\" srcset=\"https:\/\/julesverne.com.tr\/wp-content\/uploads\/2020\/03\/Rijksmuseum.jpg 1200w, https:\/\/julesverne.com.tr\/wp-content\/uploads\/2020\/03\/Rijksmuseum-500x333.jpg 500w, https:\/\/julesverne.com.tr\/wp-content\/uploads\/2020\/03\/Rijksmuseum-768x512.jpg 768w\" sizes=\"(max-width: 1200px) 100vw, 1200px\" \/><\/p>\n<p>1800 y\u0131l\u0131nda kurulan, Hollanda\u2019n\u0131n en b\u00fcy\u00fck tarih ve sanat m\u00fczesi olan Rijksmuseum, resim ve heykel sanat\u0131na, tarihi objeler ve foto\u011fraflara kadar bir\u00e7ok \u015feyi g\u00f6rebilece\u011finiz bir m\u00fcze. M\u00fcze, Hollanda Alt\u0131n \u00c7a\u011f\u0131\u2018na ait bir\u00e7ok eserin yan\u0131nda Hollanda\u2019n\u0131n en geni\u015f sanat tarihi k\u00fct\u00fcphanesine de ev sahipli\u011fi yap\u0131yor. \u015eimdilik m\u00fczeyi yerinde gezemeseniz bile e\u015fsiz koleksiyonuna a\u015fa\u011f\u0131daki linkten ula\u015fabilirsiniz.<br \/>\n<strong><a href=\"https:\/\/artsandculture.google.com\/partner\/rijksmuseum\" target=\"_blank\" rel=\"noopener noreferrer\">artsandculture.google.com\/partner\/rijksmuseum<br \/>\n<\/a><\/strong><\/p>\n<h2><strong>\u0130stanbul Modern M\u00fczesi, \u0130stanbul &#8211; T\u00fcrkiye<\/strong><\/h2>\n<p><strong><img loading=\"lazy\" decoding=\"async\" class=\"alignnone size-full wp-image-3120\" src=\"https:\/\/www.julesverne.com.tr\/\/wp-content\/uploads\/2020\/09\/imm.jpg\" alt=\"\" width=\"1024\" height=\"682\" srcset=\"https:\/\/julesverne.com.tr\/wp-content\/uploads\/2020\/09\/imm.jpg 1024w, https:\/\/julesverne.com.tr\/wp-content\/uploads\/2020\/09\/imm-500x333.jpg 500w, https:\/\/julesverne.com.tr\/wp-content\/uploads\/2020\/09\/imm-768x512.jpg 768w\" sizes=\"(max-width: 1024px) 100vw, 1024px\" \/><\/strong><\/p>\n<p>\u0130stanbul Modern M\u00fczesi, ge\u00e7ici s\u00fcreli\u011fine kap\u0131lar\u0131n\u0131 kapatm\u0131\u015f olsa da sanatseverleri evlerinde ziyarete geliyor. 2015-2018 y\u0131llar\u0131 aras\u0131nda sergilenen &#8220;Sanat\u00e7\u0131 ve Zaman\u0131&#8221; koleksiyonunu 3D tur ile ke\u015ffedebilirsiniz. Sanal ortamda gezebilece\u011finiz sergiye buradan ula\u015fabilirsiniz. <strong><a href=\"https:\/\/www.istanbulmodern.org\/tr\/sergiler\/sanatci-ve-zamani-sanal-tur_2249.html\" target=\"_blank\" rel=\"noopener noreferrer\">www.istanbulmodern.org\/tr\/sergiler\/sanatci-ve-zamani-sanal-tur<\/a><\/strong><\/p>\n<p style=\"text-align: center;\"><strong>Size \u00f6zel seyahat program\u0131 ve rezervasyon i\u00e7in:<br \/>\n<\/strong><strong><a href=\"mailto:travel@julesverne.com.tr\" target=\"_blank\" rel=\"noopener noreferrer\">travel@julesverne.com.tr<\/a><br \/>\n<\/strong><strong>0212 266 6363 &#8211; 118<\/strong><\/p>\n","protected":false},"excerpt":{"rendered":"<p>Bu s&uuml;reci sa\u011fl\u0131kla evde ge&ccedil;irirken keyifli zaman ge&ccedil;irece\u011finiz dijital m&uuml;ze turlar\u0131n\u0131 sizin i&ccedil;in derledik. M&uuml;zeye gitmeden m&uuml;zeler ekran\u0131n\u0131za gelsin!<\/p>\n","protected":false},"author":1,"featured_media":2232,"comment_status":"closed","ping_status":"closed","sticky":false,"template":"","format":"standard","meta":{"inline_featured_image":false,"footnotes":""},"categories":[1],"tags":[137],"acf":[],"yoast_head":"<!-- This site is optimized with the Yoast SEO plugin v22.3 - https:\/\/yoast.com\/wordpress\/plugins\/seo\/ -->\n<title>Evdeyken D\u00fcnyaca \u00dcnl\u00fc M\u00fczeleri Gezmeye Devam Edin! - JULES VERNE BUSINESS MICE TRAVEL<\/title>\n<meta name=\"robots\" content=\"index, follow, max-snippet:-1, max-image-preview:large, max-video-preview:-1\" \/>\n<link rel=\"canonical\" href=\"https:\/\/julesverne.com.tr\/travel-blog\/evdeyken-dunyaca-unlu-muzeleri-gezmeye-devam-edin\/\" \/>\n<meta property=\"og:locale\" content=\"en_US\" \/>\n<meta property=\"og:type\" content=\"article\" \/>\n<meta property=\"og:title\" content=\"Evdeyken D\u00fcnyaca \u00dcnl\u00fc M\u00fczeleri Gezmeye Devam Edin! - JULES VERNE BUSINESS MICE TRAVEL\" \/>\n<meta property=\"og:description\" content=\"Bu s&uuml;reci sa\u011fl\u0131kla evde ge&ccedil;irirken keyifli zaman ge&ccedil;irece\u011finiz dijital m&uuml;ze turlar\u0131n\u0131 sizin i&ccedil;in derledik. M&uuml;zeye gitmeden m&uuml;zeler ekran\u0131n\u0131za gelsin!\" \/>\n<meta property=\"og:url\" content=\"https:\/\/julesverne.com.tr\/travel-blog\/evdeyken-dunyaca-unlu-muzeleri-gezmeye-devam-edin\/\" \/>\n<meta property=\"og:site_name\" content=\"JULES VERNE BUSINESS MICE TRAVEL\" \/>\n<meta property=\"article:publisher\" content=\"https:\/\/www.facebook.com\/JulesVerneBusinessMiceTravel\/\" \/>\n<meta property=\"article:published_time\" content=\"2020-03-19T10:36:12+00:00\" \/>\n<meta property=\"article:modified_time\" content=\"2021-06-21T11:19:40+00:00\" \/>\n<meta property=\"og:image\" content=\"https:\/\/julesverne.com.tr\/wp-content\/uploads\/2020\/09\/louvre.png\" \/>\n\t<meta property=\"og:image:width\" content=\"1000\" \/>\n\t<meta property=\"og:image:height\" content=\"671\" \/>\n\t<meta property=\"og:image:type\" content=\"image\/png\" \/>\n<meta name=\"author\" content=\"fikirman\" \/>\n<meta name=\"twitter:card\" content=\"summary_large_image\" \/>\n<meta name=\"twitter:creator\" content=\"@JV_BusinessMice\" \/>\n<meta name=\"twitter:site\" content=\"@JV_BusinessMice\" \/>\n<meta name=\"twitter:label1\" content=\"Written by\" \/>\n\t<meta name=\"twitter:data1\" content=\"fikirman\" \/>\n\t<meta name=\"twitter:label2\" content=\"Est. reading time\" \/>\n\t<meta name=\"twitter:data2\" content=\"6 minutes\" \/>\n<script type=\"application\/ld+json\" class=\"yoast-schema-graph\">{\"@context\":\"https:\/\/schema.org\",\"@graph\":[{\"@type\":\"Article\",\"@id\":\"https:\/\/julesverne.com.tr\/travel-blog\/evdeyken-dunyaca-unlu-muzeleri-gezmeye-devam-edin\/#article\",\"isPartOf\":{\"@id\":\"https:\/\/julesverne.com.tr\/travel-blog\/evdeyken-dunyaca-unlu-muzeleri-gezmeye-devam-edin\/\"},\"author\":{\"name\":\"fikirman\",\"@id\":\"https:\/\/julesverne.com.tr\/#\/schema\/person\/f4eb0514ae455538644c31b99a466fdb\"},\"headline\":\"Evdeyken D\u00fcnyaca \u00dcnl\u00fc M\u00fczeleri Gezmeye Devam Edin!\",\"datePublished\":\"2020-03-19T10:36:12+00:00\",\"dateModified\":\"2021-06-21T11:19:40+00:00\",\"mainEntityOfPage\":{\"@id\":\"https:\/\/julesverne.com.tr\/travel-blog\/evdeyken-dunyaca-unlu-muzeleri-gezmeye-devam-edin\/\"},\"wordCount\":996,\"publisher\":{\"@id\":\"https:\/\/julesverne.com.tr\/#organization\"},\"image\":{\"@id\":\"https:\/\/julesverne.com.tr\/travel-blog\/evdeyken-dunyaca-unlu-muzeleri-gezmeye-devam-edin\/#primaryimage\"},\"thumbnailUrl\":\"https:\/\/julesverne.com.tr\/wp-content\/uploads\/2020\/09\/louvre.png\",\"keywords\":[\"Blog\"],\"articleSection\":[\"Blog\"],\"inLanguage\":\"en-US\"},{\"@type\":\"WebPage\",\"@id\":\"https:\/\/julesverne.com.tr\/travel-blog\/evdeyken-dunyaca-unlu-muzeleri-gezmeye-devam-edin\/\",\"url\":\"https:\/\/julesverne.com.tr\/travel-blog\/evdeyken-dunyaca-unlu-muzeleri-gezmeye-devam-edin\/\",\"name\":\"Evdeyken D\u00fcnyaca \u00dcnl\u00fc M\u00fczeleri Gezmeye Devam Edin! - JULES VERNE BUSINESS MICE TRAVEL\",\"isPartOf\":{\"@id\":\"https:\/\/julesverne.com.tr\/#website\"},\"primaryImageOfPage\":{\"@id\":\"https:\/\/julesverne.com.tr\/travel-blog\/evdeyken-dunyaca-unlu-muzeleri-gezmeye-devam-edin\/#primaryimage\"},\"image\":{\"@id\":\"https:\/\/julesverne.com.tr\/travel-blog\/evdeyken-dunyaca-unlu-muzeleri-gezmeye-devam-edin\/#primaryimage\"},\"thumbnailUrl\":\"https:\/\/julesverne.com.tr\/wp-content\/uploads\/2020\/09\/louvre.png\",\"datePublished\":\"2020-03-19T10:36:12+00:00\",\"dateModified\":\"2021-06-21T11:19:40+00:00\",\"breadcrumb\":{\"@id\":\"https:\/\/julesverne.com.tr\/travel-blog\/evdeyken-dunyaca-unlu-muzeleri-gezmeye-devam-edin\/#breadcrumb\"},\"inLanguage\":\"en-US\",\"potentialAction\":[{\"@type\":\"ReadAction\",\"target\":[\"https:\/\/julesverne.com.tr\/travel-blog\/evdeyken-dunyaca-unlu-muzeleri-gezmeye-devam-edin\/\"]}]},{\"@type\":\"ImageObject\",\"inLanguage\":\"en-US\",\"@id\":\"https:\/\/julesverne.com.tr\/travel-blog\/evdeyken-dunyaca-unlu-muzeleri-gezmeye-devam-edin\/#primaryimage\",\"url\":\"https:\/\/julesverne.com.tr\/wp-content\/uploads\/2020\/09\/louvre.png\",\"contentUrl\":\"https:\/\/julesverne.com.tr\/wp-content\/uploads\/2020\/09\/louvre.png\",\"width\":1000,\"height\":671},{\"@type\":\"BreadcrumbList\",\"@id\":\"https:\/\/julesverne.com.tr\/travel-blog\/evdeyken-dunyaca-unlu-muzeleri-gezmeye-devam-edin\/#breadcrumb\",\"itemListElement\":[{\"@type\":\"ListItem\",\"position\":1,\"name\":\"Anasayfa\",\"item\":\"https:\/\/julesverne.com.tr\/\"},{\"@type\":\"ListItem\",\"position\":2,\"name\":\"Evdeyken D\u00fcnyaca \u00dcnl\u00fc M\u00fczeleri Gezmeye Devam Edin!\"}]},{\"@type\":\"WebSite\",\"@id\":\"https:\/\/julesverne.com.tr\/#website\",\"url\":\"https:\/\/julesverne.com.tr\/\",\"name\":\"JULES VERNE BUSINESS MICE TRAVEL\",\"description\":\"\",\"publisher\":{\"@id\":\"https:\/\/julesverne.com.tr\/#organization\"},\"potentialAction\":[{\"@type\":\"SearchAction\",\"target\":{\"@type\":\"EntryPoint\",\"urlTemplate\":\"https:\/\/julesverne.com.tr\/?s={search_term_string}\"},\"query-input\":\"required name=search_term_string\"}],\"inLanguage\":\"en-US\"},{\"@type\":\"Organization\",\"@id\":\"https:\/\/julesverne.com.tr\/#organization\",\"name\":\"JULES VERNE BUSINESS MICE TRAVEL\",\"url\":\"https:\/\/julesverne.com.tr\/\",\"logo\":{\"@type\":\"ImageObject\",\"inLanguage\":\"en-US\",\"@id\":\"https:\/\/julesverne.com.tr\/#\/schema\/logo\/image\/\",\"url\":\"https:\/\/julesverne.com.tr\/wp-content\/uploads\/2020\/09\/jv-bmt-logo.png\",\"contentUrl\":\"https:\/\/julesverne.com.tr\/wp-content\/uploads\/2020\/09\/jv-bmt-logo.png\",\"width\":110,\"height\":81,\"caption\":\"JULES VERNE BUSINESS MICE TRAVEL\"},\"image\":{\"@id\":\"https:\/\/julesverne.com.tr\/#\/schema\/logo\/image\/\"},\"sameAs\":[\"https:\/\/www.facebook.com\/JulesVerneBusinessMiceTravel\/\",\"https:\/\/twitter.com\/JV_BusinessMice\",\"https:\/\/www.instagram.com\/julesvernebusinessmicetravel\/\",\"https:\/\/www.linkedin.com\/company\/julesvernebusinessmicetravel\/\",\"https:\/\/www.youtube.com\/channel\/UCAwdsmbZ6tFhu1tea6pkpiw\"]},{\"@type\":\"Person\",\"@id\":\"https:\/\/julesverne.com.tr\/#\/schema\/person\/f4eb0514ae455538644c31b99a466fdb\",\"name\":\"fikirman\",\"sameAs\":[\"http:\/\/advermedya.net\/julesverne\"],\"url\":\"https:\/\/julesverne.com.tr\/en\/author\/fikirman\/\"}]}<\/script>\n<!-- \/ Yoast SEO plugin. -->","yoast_head_json":{"title":"Evdeyken D\u00fcnyaca \u00dcnl\u00fc M\u00fczeleri Gezmeye Devam Edin! - JULES VERNE BUSINESS MICE TRAVEL","robots":{"index":"index","follow":"follow","max-snippet":"max-snippet:-1","max-image-preview":"max-image-preview:large","max-video-preview":"max-video-preview:-1"},"canonical":"https:\/\/julesverne.com.tr\/travel-blog\/evdeyken-dunyaca-unlu-muzeleri-gezmeye-devam-edin\/","og_locale":"en_US","og_type":"article","og_title":"Evdeyken D\u00fcnyaca \u00dcnl\u00fc M\u00fczeleri Gezmeye Devam Edin! - JULES VERNE BUSINESS MICE TRAVEL","og_description":"Bu s&uuml;reci sa\u011fl\u0131kla evde ge&ccedil;irirken keyifli zaman ge&ccedil;irece\u011finiz dijital m&uuml;ze turlar\u0131n\u0131 sizin i&ccedil;in derledik. M&uuml;zeye gitmeden m&uuml;zeler ekran\u0131n\u0131za gelsin!","og_url":"https:\/\/julesverne.com.tr\/travel-blog\/evdeyken-dunyaca-unlu-muzeleri-gezmeye-devam-edin\/","og_site_name":"JULES VERNE BUSINESS MICE TRAVEL","article_publisher":"https:\/\/www.facebook.com\/JulesVerneBusinessMiceTravel\/","article_published_time":"2020-03-19T10:36:12+00:00","article_modified_time":"2021-06-21T11:19:40+00:00","og_image":[{"width":1000,"height":671,"url":"https:\/\/julesverne.com.tr\/wp-content\/uploads\/2020\/09\/louvre.png","type":"image\/png"}],"author":"fikirman","twitter_card":"summary_large_image","twitter_creator":"@JV_BusinessMice","twitter_site":"@JV_BusinessMice","twitter_misc":{"Written by":"fikirman","Est. reading time":"6 minutes"},"schema":{"@context":"https:\/\/schema.org","@graph":[{"@type":"Article","@id":"https:\/\/julesverne.com.tr\/travel-blog\/evdeyken-dunyaca-unlu-muzeleri-gezmeye-devam-edin\/#article","isPartOf":{"@id":"https:\/\/julesverne.com.tr\/travel-blog\/evdeyken-dunyaca-unlu-muzeleri-gezmeye-devam-edin\/"},"author":{"name":"fikirman","@id":"https:\/\/julesverne.com.tr\/#\/schema\/person\/f4eb0514ae455538644c31b99a466fdb"},"headline":"Evdeyken D\u00fcnyaca \u00dcnl\u00fc M\u00fczeleri Gezmeye Devam Edin!","datePublished":"2020-03-19T10:36:12+00:00","dateModified":"2021-06-21T11:19:40+00:00","mainEntityOfPage":{"@id":"https:\/\/julesverne.com.tr\/travel-blog\/evdeyken-dunyaca-unlu-muzeleri-gezmeye-devam-edin\/"},"wordCount":996,"publisher":{"@id":"https:\/\/julesverne.com.tr\/#organization"},"image":{"@id":"https:\/\/julesverne.com.tr\/travel-blog\/evdeyken-dunyaca-unlu-muzeleri-gezmeye-devam-edin\/#primaryimage"},"thumbnailUrl":"https:\/\/julesverne.com.tr\/wp-content\/uploads\/2020\/09\/louvre.png","keywords":["Blog"],"articleSection":["Blog"],"inLanguage":"en-US"},{"@type":"WebPage","@id":"https:\/\/julesverne.com.tr\/travel-blog\/evdeyken-dunyaca-unlu-muzeleri-gezmeye-devam-edin\/","url":"https:\/\/julesverne.com.tr\/travel-blog\/evdeyken-dunyaca-unlu-muzeleri-gezmeye-devam-edin\/","name":"Evdeyken D\u00fcnyaca \u00dcnl\u00fc M\u00fczeleri Gezmeye Devam Edin! - JULES VERNE BUSINESS MICE TRAVEL","isPartOf":{"@id":"https:\/\/julesverne.com.tr\/#website"},"primaryImageOfPage":{"@id":"https:\/\/julesverne.com.tr\/travel-blog\/evdeyken-dunyaca-unlu-muzeleri-gezmeye-devam-edin\/#primaryimage"},"image":{"@id":"https:\/\/julesverne.com.tr\/travel-blog\/evdeyken-dunyaca-unlu-muzeleri-gezmeye-devam-edin\/#primaryimage"},"thumbnailUrl":"https:\/\/julesverne.com.tr\/wp-content\/uploads\/2020\/09\/louvre.png","datePublished":"2020-03-19T10:36:12+00:00","dateModified":"2021-06-21T11:19:40+00:00","breadcrumb":{"@id":"https:\/\/julesverne.com.tr\/travel-blog\/evdeyken-dunyaca-unlu-muzeleri-gezmeye-devam-edin\/#breadcrumb"},"inLanguage":"en-US","potentialAction":[{"@type":"ReadAction","target":["https:\/\/julesverne.com.tr\/travel-blog\/evdeyken-dunyaca-unlu-muzeleri-gezmeye-devam-edin\/"]}]},{"@type":"ImageObject","inLanguage":"en-US","@id":"https:\/\/julesverne.com.tr\/travel-blog\/evdeyken-dunyaca-unlu-muzeleri-gezmeye-devam-edin\/#primaryimage","url":"https:\/\/julesverne.com.tr\/wp-content\/uploads\/2020\/09\/louvre.png","contentUrl":"https:\/\/julesverne.com.tr\/wp-content\/uploads\/2020\/09\/louvre.png","width":1000,"height":671},{"@type":"BreadcrumbList","@id":"https:\/\/julesverne.com.tr\/travel-blog\/evdeyken-dunyaca-unlu-muzeleri-gezmeye-devam-edin\/#breadcrumb","itemListElement":[{"@type":"ListItem","position":1,"name":"Anasayfa","item":"https:\/\/julesverne.com.tr\/"},{"@type":"ListItem","position":2,"name":"Evdeyken D\u00fcnyaca \u00dcnl\u00fc M\u00fczeleri Gezmeye Devam Edin!"}]},{"@type":"WebSite","@id":"https:\/\/julesverne.com.tr\/#website","url":"https:\/\/julesverne.com.tr\/","name":"JULES VERNE BUSINESS MICE TRAVEL","description":"","publisher":{"@id":"https:\/\/julesverne.com.tr\/#organization"},"potentialAction":[{"@type":"SearchAction","target":{"@type":"EntryPoint","urlTemplate":"https:\/\/julesverne.com.tr\/?s={search_term_string}"},"query-input":"required name=search_term_string"}],"inLanguage":"en-US"},{"@type":"Organization","@id":"https:\/\/julesverne.com.tr\/#organization","name":"JULES VERNE BUSINESS MICE TRAVEL","url":"https:\/\/julesverne.com.tr\/","logo":{"@type":"ImageObject","inLanguage":"en-US","@id":"https:\/\/julesverne.com.tr\/#\/schema\/logo\/image\/","url":"https:\/\/julesverne.com.tr\/wp-content\/uploads\/2020\/09\/jv-bmt-logo.png","contentUrl":"https:\/\/julesverne.com.tr\/wp-content\/uploads\/2020\/09\/jv-bmt-logo.png","width":110,"height":81,"caption":"JULES VERNE BUSINESS MICE TRAVEL"},"image":{"@id":"https:\/\/julesverne.com.tr\/#\/schema\/logo\/image\/"},"sameAs":["https:\/\/www.facebook.com\/JulesVerneBusinessMiceTravel\/","https:\/\/twitter.com\/JV_BusinessMice","https:\/\/www.instagram.com\/julesvernebusinessmicetravel\/","https:\/\/www.linkedin.com\/company\/julesvernebusinessmicetravel\/","https:\/\/www.youtube.com\/channel\/UCAwdsmbZ6tFhu1tea6pkpiw"]},{"@type":"Person","@id":"https:\/\/julesverne.com.tr\/#\/schema\/person\/f4eb0514ae455538644c31b99a466fdb","name":"fikirman","sameAs":["http:\/\/advermedya.net\/julesverne"],"url":"https:\/\/julesverne.com.tr\/en\/author\/fikirman\/"}]}},"_links":{"self":[{"href":"https:\/\/julesverne.com.tr\/en\/wp-json\/wp\/v2\/posts\/2231"}],"collection":[{"href":"https:\/\/julesverne.com.tr\/en\/wp-json\/wp\/v2\/posts"}],"about":[{"href":"https:\/\/julesverne.com.tr\/en\/wp-json\/wp\/v2\/types\/post"}],"author":[{"embeddable":true,"href":"https:\/\/julesverne.com.tr\/en\/wp-json\/wp\/v2\/users\/1"}],"replies":[{"embeddable":true,"href":"https:\/\/julesverne.com.tr\/en\/wp-json\/wp\/v2\/comments?post=2231"}],"version-history":[{"count":0,"href":"https:\/\/julesverne.com.tr\/en\/wp-json\/wp\/v2\/posts\/2231\/revisions"}],"wp:featuredmedia":[{"embeddable":true,"href":"https:\/\/julesverne.com.tr\/en\/wp-json\/wp\/v2\/media\/2232"}],"wp:attachment":[{"href":"https:\/\/julesverne.com.tr\/en\/wp-json\/wp\/v2\/media?parent=2231"}],"wp:term":[{"taxonomy":"category","embeddable":true,"href":"https:\/\/julesverne.com.tr\/en\/wp-json\/wp\/v2\/categories?post=2231"},{"taxonomy":"post_tag","embeddable":true,"href":"https:\/\/julesverne.com.tr\/en\/wp-json\/wp\/v2\/tags?post=2231"}],"curies":[{"name":"wp","href":"https:\/\/api.w.org\/{rel}","templated":true}]}}