{"id":2211,"date":"2020-02-06T15:59:14","date_gmt":"2020-02-06T12:59:14","guid":{"rendered":"https:\/\/www.julesverne.com.tr\/\/blog\/2020-subat-ayinin-en-keyifli-destinasyonlari\/"},"modified":"2021-06-21T14:14:18","modified_gmt":"2021-06-21T11:14:18","slug":"2020-subat-ayinin-en-keyifli-destinasyonlari","status":"publish","type":"post","link":"https:\/\/julesverne.com.tr\/en\/travel-blog\/2020-subat-ayinin-en-keyifli-destinasyonlari\/","title":{"rendered":"2020 \u015eubat Ay\u0131n\u0131n En Keyifli Destinasyonlar\u0131"},"content":{"rendered":"<p style=\"text-align: center;\"><img loading=\"lazy\" decoding=\"async\" class=\"alignnone size-full wp-image-3178\" src=\"https:\/\/www.julesverne.com.tr\/\/wp-content\/uploads\/2020\/09\/venedik-1.jpg\" alt=\"\" width=\"999\" height=\"707\" srcset=\"https:\/\/julesverne.com.tr\/wp-content\/uploads\/2020\/09\/venedik-1.jpg 999w, https:\/\/julesverne.com.tr\/wp-content\/uploads\/2020\/09\/venedik-1-500x354.jpg 500w, https:\/\/julesverne.com.tr\/wp-content\/uploads\/2020\/09\/venedik-1-768x544.jpg 768w\" sizes=\"(max-width: 999px) 100vw, 999px\" \/><\/p>\n<p>Sevgililer g\u00fcn\u00fc ile birlikte &#8220;en romantik ay&#8221; olan \u015eubat\u00a0 i\u00e7in asl\u0131nda \u00e7ok daha fazlas\u0131n\u0131 s\u00f6yleyebiliriz. Bembeyaz karlarla kapl\u0131 kayak merkezlerine gitmek isteyenler, s\u0131cak destinasyonlarda g\u00fcne\u015fin tad\u0131n\u0131 \u00e7\u0131karma hayali kuranlar, karnavallar\u0131n co\u015fkusuna ortak olmak isteyenler bu yaz\u0131 tam size g\u00f6re. Madrid\u2019den karnaval heyecan\u0131n\u0131 ya\u015fayan romantik Venedik&#8217;e; karnavallar\u0131n ana vatan\u0131 Rio de Janeiro&#8217;dan Rusya&#8217;n\u0131n \u0131\u015f\u0131lt\u0131l\u0131 ve ihti\u015faml\u0131 \u015fehri St. Petersburg&#8217;a 2020 \u015eubat ay\u0131n\u0131n en keyifli destinasyonlar\u0131&#8230;<\/p>\n<p><strong>Madrid, \u0130spanya<\/strong><\/p>\n<p style=\"text-align: center;\"><img loading=\"lazy\" decoding=\"async\" class=\"alignnone size-full wp-image-3179\" src=\"https:\/\/www.julesverne.com.tr\/\/wp-content\/uploads\/2020\/09\/madrid.jpg\" alt=\"\" width=\"999\" height=\"666\" srcset=\"https:\/\/julesverne.com.tr\/wp-content\/uploads\/2020\/09\/madrid.jpg 999w, https:\/\/julesverne.com.tr\/wp-content\/uploads\/2020\/09\/madrid-500x333.jpg 500w, https:\/\/julesverne.com.tr\/wp-content\/uploads\/2020\/09\/madrid-768x512.jpg 768w\" sizes=\"(max-width: 999px) 100vw, 999px\" \/><\/p>\n<p style=\"text-align: left;\">\u0130spanya&#8217;n\u0131n enerjik \u015fehri dendi\u011finde akla ilk Barcelona gelse de Madrid&#8217;i asla ikinci plana atmay\u0131n! Bu \u015fehrin enerjisi Barcelona&#8217;y\u0131 aratm\u0131yor. Barok mimarisinin izlerini ta\u015f\u0131yan bulvarlar\u0131, zengin koleksiyonlar\u0131 ile hayranl\u0131k uyand\u0131ran m\u00fczeleri, yemye\u015fil parklar\u0131yla k\u00fclt\u00fcrel olarak ruhunuzu besleyen \u015fehir hip al\u0131\u015fveri\u015f caddeleri, tapas barlar\u0131 ve gece hayat\u0131yla da enerjisini herkesle payla\u015fmaya haz\u0131r. Tasar\u0131m butikleri, gastrobarlar\u0131 ve galerileri ile gen\u00e7 kitlenin oda\u011f\u0131 haline gelen Madrid&#8217;in ya\u015fam kodlar\u0131nda &#8220;e\u011flence, yenilik ve lezzet&#8221; var.<\/p>\n<p style=\"text-align: left;\"><strong>M\u00e9ribel, Fransa\u00a0<\/strong><\/p>\n<p style=\"text-align: center;\"><strong><img loading=\"lazy\" decoding=\"async\" class=\"alignnone size-full wp-image-3180\" src=\"https:\/\/www.julesverne.com.tr\/\/wp-content\/uploads\/2020\/09\/meribel.jpg\" alt=\"\" width=\"999\" height=\"665\" srcset=\"https:\/\/julesverne.com.tr\/wp-content\/uploads\/2020\/09\/meribel.jpg 999w, https:\/\/julesverne.com.tr\/wp-content\/uploads\/2020\/09\/meribel-500x333.jpg 500w, https:\/\/julesverne.com.tr\/wp-content\/uploads\/2020\/09\/meribel-768x511.jpg 768w\" sizes=\"(max-width: 999px) 100vw, 999px\" \/><\/strong><\/p>\n<p>Fransa&#8217;n\u0131n g\u00f6zde kayak b\u00f6lgesi Les 3 Vall\u00e9es&#8217;nin en sevilen kayak merkezi M\u00e9ribel ayn\u0131 zamanda ba\u011flant\u0131lar\u0131 sayesinde d\u00fcnyan\u0131n en b\u00fcy\u00fck kayak alan\u0131na sahip! Toplam 600 km uzunlu\u011funda pistlere sahip olan M\u00e9ribel her seviyedeki kayak\u00e7\u0131ya uygunluk sa\u011fl\u0131yor. \u0130ster kaya\u011fa yeni ba\u015flay\u0131n isterseniz uzman olun isterseniz ileri seviye kayak\u00e7\u0131\u2026 T\u00fcm yollar M\u00e9ribel&#8217;e \u00e7\u0131k\u0131yor. Hem arkada\u015f gruplar\u0131 hem de aileler i\u00e7in tasarlanan otelleri, kasaba merkezinin kompakt ya\u015fam\u0131 da M\u00e9ribel se\u00e7iminize etki edecektir. Cenevre, Lyon veya Grenoble havalimanlar\u0131ndan yakla\u015f\u0131k 2,5 saatlik bir yolculukla M\u00e9ribel&#8217;e ula\u015fabilirsiniz.<\/p>\n<p><strong>Venedik, \u0130talya<\/strong><\/p>\n<p style=\"text-align: center;\"><strong><img loading=\"lazy\" decoding=\"async\" class=\"alignnone size-full wp-image-3181\" src=\"https:\/\/www.julesverne.com.tr\/\/wp-content\/uploads\/2020\/09\/venedikkarnavali.jpg\" alt=\"\" width=\"999\" height=\"666\" srcset=\"https:\/\/julesverne.com.tr\/wp-content\/uploads\/2020\/09\/venedikkarnavali.jpg 999w, https:\/\/julesverne.com.tr\/wp-content\/uploads\/2020\/09\/venedikkarnavali-500x333.jpg 500w, https:\/\/julesverne.com.tr\/wp-content\/uploads\/2020\/09\/venedikkarnavali-768x512.jpg 768w\" sizes=\"(max-width: 999px) 100vw, 999px\" \/><\/strong><\/p>\n<p>10 kere gitseniz de asla s\u0131k\u0131lmayaca\u011f\u0131n\u0131z destinasyonlar\u0131n ba\u015f\u0131nda Venedik geliyor&#8230; \u00dczerinizde b\u0131rakt\u0131\u011f\u0131 hayranl\u0131k hissini asla kaybetmeyen bu tarihi \u015fehrin kanallar\u0131 aras\u0131nda dola\u015fmak, feribotla bir yerden bir yere gitmek bile bir d\u00f6nem filminde gibi hissetmeniz i\u00e7in yeterli oluyor. Tarih, mimari ve k\u00fclt\u00fcr \u00f6yle g\u00fczel korunuyor ki bu \u015fehre ne zaman gelirseniz gelin arad\u0131\u011f\u0131n\u0131z\u0131 yine ayn\u0131 yerde ve b\u0131rakt\u0131\u011f\u0131n\u0131z \u015fekilde buluyorsunuz. 25 \u015eubat&#8217;a kadar devam eden Venedik Karnaval\u0131 ile \u015fehrin renkli sokaklar\u0131na h\u0131zl\u0131 bir giri\u015f yap\u0131n!<br \/>\n<em><strong>\u201cD\u00fcnya\u2019da Venedik ile ilgili okudu\u011funuz hi\u00e7bir \u015fey \u015fehirdeki muhte\u015fem ve etkileyici ger\u00e7e\u011fe e\u015fde\u011fer de\u011fil.\u201d<\/strong><\/em> demi\u015f Charles Dickens. Venedik&#8217;te dola\u015f\u0131rken bu s\u00f6z\u00fcn ne kadar do\u011fru oldu\u011funu g\u00f6receksiniz.<\/p>\n<p><strong>St Petersburg, Rusya<\/strong><\/p>\n<p style=\"text-align: center;\"><strong><img loading=\"lazy\" decoding=\"async\" class=\"alignnone size-full wp-image-3182\" src=\"https:\/\/www.julesverne.com.tr\/\/wp-content\/uploads\/2020\/09\/shutterstock_506839933.jpg\" alt=\"\" width=\"999\" height=\"666\" srcset=\"https:\/\/julesverne.com.tr\/wp-content\/uploads\/2020\/09\/shutterstock_506839933.jpg 999w, https:\/\/julesverne.com.tr\/wp-content\/uploads\/2020\/09\/shutterstock_506839933-500x333.jpg 500w, https:\/\/julesverne.com.tr\/wp-content\/uploads\/2020\/09\/shutterstock_506839933-768x512.jpg 768w\" sizes=\"(max-width: 999px) 100vw, 999px\" \/><\/strong><\/p>\n<p>Bir y\u0131ld\u0131z k\u00fcmesi gibi parlayan St. Petersburg, dokunmaya k\u0131yamayaca\u011f\u0131n\u0131z bibloyu and\u0131r\u0131yor. Sizi beklemedi\u011finiz anlarda binalar\u0131, s\u00fcrprizli sokaklar\u0131, manzaralar\u0131 ve sanata olan tutkusuyla etkisi alt\u0131na al\u0131yor. Arnavut kald\u0131r\u0131ml\u0131 sokaklar\u0131n\u0131n romantizmi, tarihi binalar\u0131n\u0131n asaleti, kanal manzaralar\u0131 bu \u015fehre \u00e7ok yak\u0131\u015f\u0131yor. Bale ve opera performanslar\u0131n\u0131n en yo\u011fun oldu\u011fu k\u0131\u015f sezonunda hayran b\u0131rakan g\u00f6sterileri seyretmenin, zengin tarihine \u015fahit olman\u0131n keyfini s\u00fcrmek i\u00e7in zaman kaybetmeyin.<\/p>\n<p><strong>Rio de Janeiro, Brezilya\u00a0<\/strong><\/p>\n<p style=\"text-align: center;\"><strong><img loading=\"lazy\" decoding=\"async\" class=\"alignnone size-full wp-image-3183\" src=\"https:\/\/www.julesverne.com.tr\/\/wp-content\/uploads\/2020\/09\/riokarnavali.jpg\" alt=\"\" width=\"999\" height=\"667\" srcset=\"https:\/\/julesverne.com.tr\/wp-content\/uploads\/2020\/09\/riokarnavali.jpg 999w, https:\/\/julesverne.com.tr\/wp-content\/uploads\/2020\/09\/riokarnavali-500x334.jpg 500w, https:\/\/julesverne.com.tr\/wp-content\/uploads\/2020\/09\/riokarnavali-768x513.jpg 768w\" sizes=\"(max-width: 999px) 100vw, 999px\" \/><\/strong><\/p>\n<p>Brezilya&#8217;n\u0131n g\u00fcneydo\u011fusunda yer alan Rio de Janeiro, parlak renkleri ile g\u00f6z\u00fcn\u00fcz\u00fc kama\u015ft\u0131r\u0131rken \u015fehrin arkas\u0131nda y\u00fckselen da\u011flar g\u00fczel bir fon olu\u015fturuyor. Siz durgun olsan\u0131z bile bu \u015fehir fark ettirmeden ritmiyle sizi de harekete ge\u00e7iriyor ve bir anda kendinizi Rio&#8217;nun sokaklar\u0131nda, Latin k\u00fclt\u00fcr\u00fcn\u00fcn i\u00e7inde buluyorsunuz. Tropikal manzaralar\u0131, sabah\u0131n ilk \u0131\u015f\u0131klar\u0131na kadar devam eden gece hayat\u0131, sonsuz gibi g\u00f6r\u00fcnen sahiliyle kesinlikle farkl\u0131 bir \u015fehir. 21-26 \u015eubat tarihleri aras\u0131nda ger\u00e7ekle\u015fen olan Rio Karnaval\u0131, \u015fehrin enerjisi ve mutlulu\u011fu ad\u0131na \u00e7ok \u015fey s\u00f6yleyecek!<\/p>\n<p><strong>BONUS: Auckland, Yeni Zelanda<\/strong><\/p>\n<p style=\"text-align: center;\"><strong><img loading=\"lazy\" decoding=\"async\" class=\"alignnone size-full wp-image-3184\" src=\"https:\/\/www.julesverne.com.tr\/\/wp-content\/uploads\/2020\/09\/auckland.jpg\" alt=\"\" width=\"999\" height=\"666\" srcset=\"https:\/\/julesverne.com.tr\/wp-content\/uploads\/2020\/09\/auckland.jpg 999w, https:\/\/julesverne.com.tr\/wp-content\/uploads\/2020\/09\/auckland-500x333.jpg 500w, https:\/\/julesverne.com.tr\/wp-content\/uploads\/2020\/09\/auckland-768x512.jpg 768w\" sizes=\"(max-width: 999px) 100vw, 999px\" \/><\/strong><\/p>\n<p style=\"text-align: left;\">Yeni Zelanda&#8217;n\u0131n en b\u00fcy\u00fck ve kalabal\u0131k \u015fehri Auckland&#8230; Muazzam liman\u0131 ve imkanlar\u0131 sayesinde &#8220;Yelkenliler \u015eehri&#8221; olarak an\u0131lan Auckland bir yandan metropol beklentilerini kar\u015f\u0131larken di\u011fer yandan do\u011fas\u0131na ba\u011fl\u0131l\u0131\u011f\u0131 ile size alan tan\u0131yor. \u015eehir nimetlerinden sonuna kadar faydalan\u0131p bir de do\u011fayla i\u00e7 i\u00e7e olmak istiyorsan\u0131z gezginlerin radar\u0131ndaki bu sofistike \u015fehri deneyimlemelisiniz. Arkada\u015f canl\u0131s\u0131 \u015fehrin sokaklar\u0131nda dola\u015f\u0131p, restoran ve kafelerinde zaman ge\u00e7irdik\u00e7e kendinizi buraya daha yak\u0131n hissedece\u011finize \u015f\u00fcphe yok!<\/p>\n<h4 style=\"text-align: center;\"><strong>Size \u00f6zel seyahat program\u0131 ve rezervasyon i\u00e7in:<\/strong><br \/>\n<a href=\"mailto:travel@julesverne.com.tr\" target=\"_blank\" rel=\"noopener noreferrer\"><strong>travel@julesverne.com.tr<\/strong><\/a><br \/>\n<strong>0212 266 6363 &#8211; 118<\/strong><\/h4>\n","protected":false},"excerpt":{"rendered":"<p>Karnavallar\u0131n ana vatan\u0131 Rio de Janeiro&#8217;dan Rusya&#8217;n\u0131n \u0131\u015f\u0131lt\u0131l\u0131 ve ihti\u015faml\u0131 \u015fehri St. Petersburg&#8217;a 2020 \u015eubat ay\u0131n\u0131n en keyifli destinasyonlar\u0131&#8230;<\/p>\n","protected":false},"author":1,"featured_media":2212,"comment_status":"closed","ping_status":"closed","sticky":false,"template":"","format":"standard","meta":{"inline_featured_image":false,"footnotes":""},"categories":[38,1],"tags":[137,77],"acf":[],"yoast_head":"<!-- This site is optimized with the Yoast SEO plugin v22.3 - https:\/\/yoast.com\/wordpress\/plugins\/seo\/ -->\n<title>2020 \u015eubat Ay\u0131n\u0131n En Keyifli Destinasyonlar\u0131 - JULES VERNE BUSINESS MICE TRAVEL<\/title>\n<meta name=\"robots\" content=\"index, follow, max-snippet:-1, max-image-preview:large, max-video-preview:-1\" \/>\n<link rel=\"canonical\" href=\"https:\/\/julesverne.com.tr\/travel-blog\/2020-subat-ayinin-en-keyifli-destinasyonlari\/\" \/>\n<meta property=\"og:locale\" content=\"en_US\" \/>\n<meta property=\"og:type\" content=\"article\" \/>\n<meta property=\"og:title\" content=\"2020 \u015eubat Ay\u0131n\u0131n En Keyifli Destinasyonlar\u0131 - JULES VERNE BUSINESS MICE TRAVEL\" \/>\n<meta property=\"og:description\" content=\"Karnavallar\u0131n ana vatan\u0131 Rio de Janeiro&#039;dan Rusya&#039;n\u0131n \u0131\u015f\u0131lt\u0131l\u0131 ve ihti\u015faml\u0131 \u015fehri St. Petersburg&#039;a 2020 \u015eubat ay\u0131n\u0131n en keyifli destinasyonlar\u0131...\" \/>\n<meta property=\"og:url\" content=\"https:\/\/julesverne.com.tr\/travel-blog\/2020-subat-ayinin-en-keyifli-destinasyonlari\/\" \/>\n<meta property=\"og:site_name\" content=\"JULES VERNE BUSINESS MICE TRAVEL\" \/>\n<meta property=\"article:publisher\" content=\"https:\/\/www.facebook.com\/JulesVerneBusinessMiceTravel\/\" \/>\n<meta property=\"article:published_time\" content=\"2020-02-06T12:59:14+00:00\" \/>\n<meta property=\"article:modified_time\" content=\"2021-06-21T11:14:18+00:00\" \/>\n<meta property=\"og:image\" content=\"https:\/\/julesverne.com.tr\/wp-content\/uploads\/2020\/09\/venedik.jpg\" \/>\n\t<meta property=\"og:image:width\" content=\"999\" \/>\n\t<meta property=\"og:image:height\" content=\"707\" \/>\n\t<meta property=\"og:image:type\" content=\"image\/jpeg\" \/>\n<meta name=\"author\" content=\"fikirman\" \/>\n<meta name=\"twitter:card\" content=\"summary_large_image\" \/>\n<meta name=\"twitter:creator\" content=\"@JV_BusinessMice\" \/>\n<meta name=\"twitter:site\" content=\"@JV_BusinessMice\" \/>\n<meta name=\"twitter:label1\" content=\"Written by\" \/>\n\t<meta name=\"twitter:data1\" content=\"fikirman\" \/>\n\t<meta name=\"twitter:label2\" content=\"Est. reading time\" \/>\n\t<meta name=\"twitter:data2\" content=\"4 minutes\" \/>\n<script type=\"application\/ld+json\" class=\"yoast-schema-graph\">{\"@context\":\"https:\/\/schema.org\",\"@graph\":[{\"@type\":\"Article\",\"@id\":\"https:\/\/julesverne.com.tr\/travel-blog\/2020-subat-ayinin-en-keyifli-destinasyonlari\/#article\",\"isPartOf\":{\"@id\":\"https:\/\/julesverne.com.tr\/travel-blog\/2020-subat-ayinin-en-keyifli-destinasyonlari\/\"},\"author\":{\"name\":\"fikirman\",\"@id\":\"https:\/\/julesverne.com.tr\/#\/schema\/person\/f4eb0514ae455538644c31b99a466fdb\"},\"headline\":\"2020 \u015eubat Ay\u0131n\u0131n En Keyifli Destinasyonlar\u0131\",\"datePublished\":\"2020-02-06T12:59:14+00:00\",\"dateModified\":\"2021-06-21T11:14:18+00:00\",\"mainEntityOfPage\":{\"@id\":\"https:\/\/julesverne.com.tr\/travel-blog\/2020-subat-ayinin-en-keyifli-destinasyonlari\/\"},\"wordCount\":743,\"publisher\":{\"@id\":\"https:\/\/julesverne.com.tr\/#organization\"},\"image\":{\"@id\":\"https:\/\/julesverne.com.tr\/travel-blog\/2020-subat-ayinin-en-keyifli-destinasyonlari\/#primaryimage\"},\"thumbnailUrl\":\"https:\/\/julesverne.com.tr\/wp-content\/uploads\/2020\/09\/venedik.jpg\",\"keywords\":[\"Blog\",\"\u0130lham Veren Destinasyonlar\"],\"articleSection\":[\"\u0130lham Veren Destinasyonlar\",\"Blog\"],\"inLanguage\":\"en-US\"},{\"@type\":\"WebPage\",\"@id\":\"https:\/\/julesverne.com.tr\/travel-blog\/2020-subat-ayinin-en-keyifli-destinasyonlari\/\",\"url\":\"https:\/\/julesverne.com.tr\/travel-blog\/2020-subat-ayinin-en-keyifli-destinasyonlari\/\",\"name\":\"2020 \u015eubat Ay\u0131n\u0131n En Keyifli Destinasyonlar\u0131 - JULES VERNE BUSINESS MICE TRAVEL\",\"isPartOf\":{\"@id\":\"https:\/\/julesverne.com.tr\/#website\"},\"primaryImageOfPage\":{\"@id\":\"https:\/\/julesverne.com.tr\/travel-blog\/2020-subat-ayinin-en-keyifli-destinasyonlari\/#primaryimage\"},\"image\":{\"@id\":\"https:\/\/julesverne.com.tr\/travel-blog\/2020-subat-ayinin-en-keyifli-destinasyonlari\/#primaryimage\"},\"thumbnailUrl\":\"https:\/\/julesverne.com.tr\/wp-content\/uploads\/2020\/09\/venedik.jpg\",\"datePublished\":\"2020-02-06T12:59:14+00:00\",\"dateModified\":\"2021-06-21T11:14:18+00:00\",\"breadcrumb\":{\"@id\":\"https:\/\/julesverne.com.tr\/travel-blog\/2020-subat-ayinin-en-keyifli-destinasyonlari\/#breadcrumb\"},\"inLanguage\":\"en-US\",\"potentialAction\":[{\"@type\":\"ReadAction\",\"target\":[\"https:\/\/julesverne.com.tr\/travel-blog\/2020-subat-ayinin-en-keyifli-destinasyonlari\/\"]}]},{\"@type\":\"ImageObject\",\"inLanguage\":\"en-US\",\"@id\":\"https:\/\/julesverne.com.tr\/travel-blog\/2020-subat-ayinin-en-keyifli-destinasyonlari\/#primaryimage\",\"url\":\"https:\/\/julesverne.com.tr\/wp-content\/uploads\/2020\/09\/venedik.jpg\",\"contentUrl\":\"https:\/\/julesverne.com.tr\/wp-content\/uploads\/2020\/09\/venedik.jpg\",\"width\":999,\"height\":707},{\"@type\":\"BreadcrumbList\",\"@id\":\"https:\/\/julesverne.com.tr\/travel-blog\/2020-subat-ayinin-en-keyifli-destinasyonlari\/#breadcrumb\",\"itemListElement\":[{\"@type\":\"ListItem\",\"position\":1,\"name\":\"Anasayfa\",\"item\":\"https:\/\/julesverne.com.tr\/\"},{\"@type\":\"ListItem\",\"position\":2,\"name\":\"2020 \u015eubat Ay\u0131n\u0131n En Keyifli Destinasyonlar\u0131\"}]},{\"@type\":\"WebSite\",\"@id\":\"https:\/\/julesverne.com.tr\/#website\",\"url\":\"https:\/\/julesverne.com.tr\/\",\"name\":\"JULES VERNE BUSINESS MICE TRAVEL\",\"description\":\"\",\"publisher\":{\"@id\":\"https:\/\/julesverne.com.tr\/#organization\"},\"potentialAction\":[{\"@type\":\"SearchAction\",\"target\":{\"@type\":\"EntryPoint\",\"urlTemplate\":\"https:\/\/julesverne.com.tr\/?s={search_term_string}\"},\"query-input\":\"required name=search_term_string\"}],\"inLanguage\":\"en-US\"},{\"@type\":\"Organization\",\"@id\":\"https:\/\/julesverne.com.tr\/#organization\",\"name\":\"JULES VERNE BUSINESS MICE TRAVEL\",\"url\":\"https:\/\/julesverne.com.tr\/\",\"logo\":{\"@type\":\"ImageObject\",\"inLanguage\":\"en-US\",\"@id\":\"https:\/\/julesverne.com.tr\/#\/schema\/logo\/image\/\",\"url\":\"https:\/\/julesverne.com.tr\/wp-content\/uploads\/2020\/09\/jv-bmt-logo.png\",\"contentUrl\":\"https:\/\/julesverne.com.tr\/wp-content\/uploads\/2020\/09\/jv-bmt-logo.png\",\"width\":110,\"height\":81,\"caption\":\"JULES VERNE BUSINESS MICE TRAVEL\"},\"image\":{\"@id\":\"https:\/\/julesverne.com.tr\/#\/schema\/logo\/image\/\"},\"sameAs\":[\"https:\/\/www.facebook.com\/JulesVerneBusinessMiceTravel\/\",\"https:\/\/twitter.com\/JV_BusinessMice\",\"https:\/\/www.instagram.com\/julesvernebusinessmicetravel\/\",\"https:\/\/www.linkedin.com\/company\/julesvernebusinessmicetravel\/\",\"https:\/\/www.youtube.com\/channel\/UCAwdsmbZ6tFhu1tea6pkpiw\"]},{\"@type\":\"Person\",\"@id\":\"https:\/\/julesverne.com.tr\/#\/schema\/person\/f4eb0514ae455538644c31b99a466fdb\",\"name\":\"fikirman\",\"sameAs\":[\"http:\/\/advermedya.net\/julesverne\"],\"url\":\"https:\/\/julesverne.com.tr\/en\/author\/fikirman\/\"}]}<\/script>\n<!-- \/ Yoast SEO plugin. -->","yoast_head_json":{"title":"2020 \u015eubat Ay\u0131n\u0131n En Keyifli Destinasyonlar\u0131 - JULES VERNE BUSINESS MICE TRAVEL","robots":{"index":"index","follow":"follow","max-snippet":"max-snippet:-1","max-image-preview":"max-image-preview:large","max-video-preview":"max-video-preview:-1"},"canonical":"https:\/\/julesverne.com.tr\/travel-blog\/2020-subat-ayinin-en-keyifli-destinasyonlari\/","og_locale":"en_US","og_type":"article","og_title":"2020 \u015eubat Ay\u0131n\u0131n En Keyifli Destinasyonlar\u0131 - JULES VERNE BUSINESS MICE TRAVEL","og_description":"Karnavallar\u0131n ana vatan\u0131 Rio de Janeiro'dan Rusya'n\u0131n \u0131\u015f\u0131lt\u0131l\u0131 ve ihti\u015faml\u0131 \u015fehri St. Petersburg'a 2020 \u015eubat ay\u0131n\u0131n en keyifli destinasyonlar\u0131...","og_url":"https:\/\/julesverne.com.tr\/travel-blog\/2020-subat-ayinin-en-keyifli-destinasyonlari\/","og_site_name":"JULES VERNE BUSINESS MICE TRAVEL","article_publisher":"https:\/\/www.facebook.com\/JulesVerneBusinessMiceTravel\/","article_published_time":"2020-02-06T12:59:14+00:00","article_modified_time":"2021-06-21T11:14:18+00:00","og_image":[{"width":999,"height":707,"url":"https:\/\/julesverne.com.tr\/wp-content\/uploads\/2020\/09\/venedik.jpg","type":"image\/jpeg"}],"author":"fikirman","twitter_card":"summary_large_image","twitter_creator":"@JV_BusinessMice","twitter_site":"@JV_BusinessMice","twitter_misc":{"Written by":"fikirman","Est. reading time":"4 minutes"},"schema":{"@context":"https:\/\/schema.org","@graph":[{"@type":"Article","@id":"https:\/\/julesverne.com.tr\/travel-blog\/2020-subat-ayinin-en-keyifli-destinasyonlari\/#article","isPartOf":{"@id":"https:\/\/julesverne.com.tr\/travel-blog\/2020-subat-ayinin-en-keyifli-destinasyonlari\/"},"author":{"name":"fikirman","@id":"https:\/\/julesverne.com.tr\/#\/schema\/person\/f4eb0514ae455538644c31b99a466fdb"},"headline":"2020 \u015eubat Ay\u0131n\u0131n En Keyifli Destinasyonlar\u0131","datePublished":"2020-02-06T12:59:14+00:00","dateModified":"2021-06-21T11:14:18+00:00","mainEntityOfPage":{"@id":"https:\/\/julesverne.com.tr\/travel-blog\/2020-subat-ayinin-en-keyifli-destinasyonlari\/"},"wordCount":743,"publisher":{"@id":"https:\/\/julesverne.com.tr\/#organization"},"image":{"@id":"https:\/\/julesverne.com.tr\/travel-blog\/2020-subat-ayinin-en-keyifli-destinasyonlari\/#primaryimage"},"thumbnailUrl":"https:\/\/julesverne.com.tr\/wp-content\/uploads\/2020\/09\/venedik.jpg","keywords":["Blog","\u0130lham Veren Destinasyonlar"],"articleSection":["\u0130lham Veren Destinasyonlar","Blog"],"inLanguage":"en-US"},{"@type":"WebPage","@id":"https:\/\/julesverne.com.tr\/travel-blog\/2020-subat-ayinin-en-keyifli-destinasyonlari\/","url":"https:\/\/julesverne.com.tr\/travel-blog\/2020-subat-ayinin-en-keyifli-destinasyonlari\/","name":"2020 \u015eubat Ay\u0131n\u0131n En Keyifli Destinasyonlar\u0131 - JULES VERNE BUSINESS MICE TRAVEL","isPartOf":{"@id":"https:\/\/julesverne.com.tr\/#website"},"primaryImageOfPage":{"@id":"https:\/\/julesverne.com.tr\/travel-blog\/2020-subat-ayinin-en-keyifli-destinasyonlari\/#primaryimage"},"image":{"@id":"https:\/\/julesverne.com.tr\/travel-blog\/2020-subat-ayinin-en-keyifli-destinasyonlari\/#primaryimage"},"thumbnailUrl":"https:\/\/julesverne.com.tr\/wp-content\/uploads\/2020\/09\/venedik.jpg","datePublished":"2020-02-06T12:59:14+00:00","dateModified":"2021-06-21T11:14:18+00:00","breadcrumb":{"@id":"https:\/\/julesverne.com.tr\/travel-blog\/2020-subat-ayinin-en-keyifli-destinasyonlari\/#breadcrumb"},"inLanguage":"en-US","potentialAction":[{"@type":"ReadAction","target":["https:\/\/julesverne.com.tr\/travel-blog\/2020-subat-ayinin-en-keyifli-destinasyonlari\/"]}]},{"@type":"ImageObject","inLanguage":"en-US","@id":"https:\/\/julesverne.com.tr\/travel-blog\/2020-subat-ayinin-en-keyifli-destinasyonlari\/#primaryimage","url":"https:\/\/julesverne.com.tr\/wp-content\/uploads\/2020\/09\/venedik.jpg","contentUrl":"https:\/\/julesverne.com.tr\/wp-content\/uploads\/2020\/09\/venedik.jpg","width":999,"height":707},{"@type":"BreadcrumbList","@id":"https:\/\/julesverne.com.tr\/travel-blog\/2020-subat-ayinin-en-keyifli-destinasyonlari\/#breadcrumb","itemListElement":[{"@type":"ListItem","position":1,"name":"Anasayfa","item":"https:\/\/julesverne.com.tr\/"},{"@type":"ListItem","position":2,"name":"2020 \u015eubat Ay\u0131n\u0131n En Keyifli Destinasyonlar\u0131"}]},{"@type":"WebSite","@id":"https:\/\/julesverne.com.tr\/#website","url":"https:\/\/julesverne.com.tr\/","name":"JULES VERNE BUSINESS MICE TRAVEL","description":"","publisher":{"@id":"https:\/\/julesverne.com.tr\/#organization"},"potentialAction":[{"@type":"SearchAction","target":{"@type":"EntryPoint","urlTemplate":"https:\/\/julesverne.com.tr\/?s={search_term_string}"},"query-input":"required name=search_term_string"}],"inLanguage":"en-US"},{"@type":"Organization","@id":"https:\/\/julesverne.com.tr\/#organization","name":"JULES VERNE BUSINESS MICE TRAVEL","url":"https:\/\/julesverne.com.tr\/","logo":{"@type":"ImageObject","inLanguage":"en-US","@id":"https:\/\/julesverne.com.tr\/#\/schema\/logo\/image\/","url":"https:\/\/julesverne.com.tr\/wp-content\/uploads\/2020\/09\/jv-bmt-logo.png","contentUrl":"https:\/\/julesverne.com.tr\/wp-content\/uploads\/2020\/09\/jv-bmt-logo.png","width":110,"height":81,"caption":"JULES VERNE BUSINESS MICE TRAVEL"},"image":{"@id":"https:\/\/julesverne.com.tr\/#\/schema\/logo\/image\/"},"sameAs":["https:\/\/www.facebook.com\/JulesVerneBusinessMiceTravel\/","https:\/\/twitter.com\/JV_BusinessMice","https:\/\/www.instagram.com\/julesvernebusinessmicetravel\/","https:\/\/www.linkedin.com\/company\/julesvernebusinessmicetravel\/","https:\/\/www.youtube.com\/channel\/UCAwdsmbZ6tFhu1tea6pkpiw"]},{"@type":"Person","@id":"https:\/\/julesverne.com.tr\/#\/schema\/person\/f4eb0514ae455538644c31b99a466fdb","name":"fikirman","sameAs":["http:\/\/advermedya.net\/julesverne"],"url":"https:\/\/julesverne.com.tr\/en\/author\/fikirman\/"}]}},"_links":{"self":[{"href":"https:\/\/julesverne.com.tr\/en\/wp-json\/wp\/v2\/posts\/2211"}],"collection":[{"href":"https:\/\/julesverne.com.tr\/en\/wp-json\/wp\/v2\/posts"}],"about":[{"href":"https:\/\/julesverne.com.tr\/en\/wp-json\/wp\/v2\/types\/post"}],"author":[{"embeddable":true,"href":"https:\/\/julesverne.com.tr\/en\/wp-json\/wp\/v2\/users\/1"}],"replies":[{"embeddable":true,"href":"https:\/\/julesverne.com.tr\/en\/wp-json\/wp\/v2\/comments?post=2211"}],"version-history":[{"count":0,"href":"https:\/\/julesverne.com.tr\/en\/wp-json\/wp\/v2\/posts\/2211\/revisions"}],"wp:featuredmedia":[{"embeddable":true,"href":"https:\/\/julesverne.com.tr\/en\/wp-json\/wp\/v2\/media\/2212"}],"wp:attachment":[{"href":"https:\/\/julesverne.com.tr\/en\/wp-json\/wp\/v2\/media?parent=2211"}],"wp:term":[{"taxonomy":"category","embeddable":true,"href":"https:\/\/julesverne.com.tr\/en\/wp-json\/wp\/v2\/categories?post=2211"},{"taxonomy":"post_tag","embeddable":true,"href":"https:\/\/julesverne.com.tr\/en\/wp-json\/wp\/v2\/tags?post=2211"}],"curies":[{"name":"wp","href":"https:\/\/api.w.org\/{rel}","templated":true}]}}