{"id":2209,"date":"2020-01-30T18:48:48","date_gmt":"2020-01-30T15:48:48","guid":{"rendered":"https:\/\/www.julesverne.com.tr\/\/blog\/sevgililer-gunune-ozel-8-seyahat-onerisi\/"},"modified":"2021-06-21T14:13:26","modified_gmt":"2021-06-21T11:13:26","slug":"sevgililer-gunune-ozel-8-seyahat-onerisi","status":"publish","type":"post","link":"https:\/\/julesverne.com.tr\/en\/travel-blog\/sevgililer-gunune-ozel-8-seyahat-onerisi\/","title":{"rendered":"Sevgililer G\u00fcn\u00fc&#8217;ne \u00d6zel 8 Seyahat \u00d6nerisi"},"content":{"rendered":"<p style=\"text-align: center;\"><img loading=\"lazy\" decoding=\"async\" class=\"alignnone size-full wp-image-3186\" src=\"https:\/\/www.julesverne.com.tr\/\/wp-content\/uploads\/2020\/09\/veronasevgililergunujv-1.jpg\" alt=\"\" width=\"999\" height=\"584\" srcset=\"https:\/\/julesverne.com.tr\/wp-content\/uploads\/2020\/09\/veronasevgililergunujv-1.jpg 999w, https:\/\/julesverne.com.tr\/wp-content\/uploads\/2020\/09\/veronasevgililergunujv-1-500x292.jpg 500w, https:\/\/julesverne.com.tr\/wp-content\/uploads\/2020\/09\/veronasevgililergunujv-1-768x449.jpg 768w\" sizes=\"(max-width: 999px) 100vw, 999px\" \/><\/p>\n<p>\u201cSevgi payla\u015ft\u0131k\u00e7a \u00e7o\u011fal\u0131r.\u201d Felsefesinden yola \u00e7\u0131karak bu y\u0131l Sevgililer G\u00fcn\u00fc i\u00e7in i\u00e7inizi \u0131s\u0131tacak, yeni deneyimler ya\u015fatacak \u00f6neriler payla\u015fmak istedik. 14 \u015eubat\u2019\u0131n Cuma g\u00fcn\u00fcne denk gelmesiyle 3-4 g\u00fcnl\u00fck keyifli bir seyahate \u00e7\u0131kmay\u0131 kim istemez? Yeni deneyimlere ortak olmak, yeni yerler ke\u015ffetmek bu kez daha heyecanl\u0131! Verona\u2019dan Viyana\u2019ya; Lizbon\u2019dan Kapadokya\u2019ya; Chamonix\u2019den Cotswolds\u2019a sevgililer g\u00fcn\u00fc seyahat listenize ekleyebilece\u011finiz destinasyonlar\u0131 okumadan yola \u00e7\u0131kmay\u0131n! Tarih, sanat, lezzet, k\u0131\u015f sporlar\u0131 ile romantizmi bulu\u015fturdu\u011fumuz Sevgililer G\u00fcn\u00fc \u00f6nerilerimiz\u2026<\/p>\n<h2><strong>Bruges, Bel\u00e7ika<\/strong><\/h2>\n<p style=\"text-align: center;\"><strong><img loading=\"lazy\" decoding=\"async\" class=\"alignnone size-full wp-image-3187\" src=\"https:\/\/www.julesverne.com.tr\/\/wp-content\/uploads\/2020\/09\/brugesjv.jpg\" alt=\"\" width=\"999\" height=\"666\" srcset=\"https:\/\/julesverne.com.tr\/wp-content\/uploads\/2020\/09\/brugesjv.jpg 999w, https:\/\/julesverne.com.tr\/wp-content\/uploads\/2020\/09\/brugesjv-500x333.jpg 500w, https:\/\/julesverne.com.tr\/wp-content\/uploads\/2020\/09\/brugesjv-768x512.jpg 768w\" sizes=\"(max-width: 999px) 100vw, 999px\" \/><\/strong><\/p>\n<p>Bel\u00e7ika&#8217;n\u0131n kanallarla \u00f6r\u00fcl\u00fc romantik \u015fehri Bruges&#8230; Yo\u011fun ilgiye ra\u011fmen \u00f6z\u00fcn\u00fc koruyan, kendine has \u00f6zelliklerine s\u0131k\u0131 s\u0131k\u0131ya ba\u011fl\u0131 olan Bruges Orta \u00c7a\u011f mimarisiyle bir masal yolculu\u011fu gibi. &#8220;Uyuyan G\u00fczel&#8221; benzetmesiyle an\u0131lan bu sempatik k\u00fc\u00e7\u00fck \u015fehir as\u0131rlar boyunca sanat\u00e7\u0131lara da ilham olmu\u015f.<\/p>\n<p>Hans Memling, Georges Emile Lebacq, Fernand Khnopff, Jan van Eyck gibi ressamlar\u0131n f\u0131r\u00e7a darbelerini Bruges&#8217;\u00fcn sokaklar\u0131nda, binalar\u0131ndaki renklerinde bug\u00fcn de g\u00f6rmek m\u00fcmk\u00fcn.Br\u00fcksel&#8217;den 1,5 saat s\u00fcren tren yolculu\u011fuyla veya ara\u00e7la ula\u015fabilece\u011finiz Bruges romantik ve keyif dolu sevgililer g\u00fcn\u00fc tatili i\u00e7in bizim favori yerlerimizden.<\/p>\n<h2><strong>Toulouse, Fransa<\/strong><\/h2>\n<p style=\"text-align: center;\"><strong><img loading=\"lazy\" decoding=\"async\" class=\"alignnone size-full wp-image-3188\" src=\"https:\/\/www.julesverne.com.tr\/\/wp-content\/uploads\/2020\/09\/toulousejv.jpg\" alt=\"\" width=\"999\" height=\"686\" srcset=\"https:\/\/julesverne.com.tr\/wp-content\/uploads\/2020\/09\/toulousejv.jpg 999w, https:\/\/julesverne.com.tr\/wp-content\/uploads\/2020\/09\/toulousejv-500x343.jpg 500w, https:\/\/julesverne.com.tr\/wp-content\/uploads\/2020\/09\/toulousejv-768x527.jpg 768w\" sizes=\"(max-width: 999px) 100vw, 999px\" \/><\/strong><\/p>\n<p>Bir\u00e7ok binada tercih edilen pembe ta\u015f renginden dolay\u0131 &#8220;Pembe \u015eehir&#8221; olarak an\u0131lan Toulouse, Fransa&#8217;n\u0131n hen\u00fcz hak etti\u011fi ilgiyi g\u00f6remeyen \u015fehirleri aras\u0131nda. Garonne Nehri k\u0131y\u0131s\u0131nda kurulan Toulouse, Fransa&#8217;n\u0131n g\u00fcneybat\u0131s\u0131n\u0131n da merkezi ayn\u0131 zamanda. \u00dcniversiteleri ile gen\u00e7 n\u00fcfusun yo\u011fun oldu\u011fu \u015fehirde herkese g\u00f6re bir \u015feyler var.<\/p>\n<p>Gen\u00e7 enerjisi ile birlikte tarihi de\u011ferlerini bulu\u015fturan Toulouse&#8217;un UNESCO D\u00fcnya Miras\u0131 Listesi&#8217;nde bulunan 2 \u00f6nemli k\u00fclt\u00fcrel de\u011fere ev sahipli\u011fi yapt\u0131\u011f\u0131n\u0131 biliyor muydunuz? Avrupa&#8217;n\u0131n en b\u00fcy\u00fck Romanesk binas\u0131 St. Sernin Bazilikas\u0131 ve Canal du Midi\u2019yi g\u00f6rmeden \u015fehirden ayr\u0131lmay\u0131n.<\/p>\n<h2><strong>Verona, \u0130talya<\/strong><\/h2>\n<p style=\"text-align: center;\"><strong><img loading=\"lazy\" decoding=\"async\" class=\"alignnone size-full wp-image-3189\" src=\"https:\/\/www.julesverne.com.tr\/\/wp-content\/uploads\/2020\/09\/veronajv.jpg\" alt=\"\" width=\"999\" height=\"666\" srcset=\"https:\/\/julesverne.com.tr\/wp-content\/uploads\/2020\/09\/veronajv.jpg 999w, https:\/\/julesverne.com.tr\/wp-content\/uploads\/2020\/09\/veronajv-500x333.jpg 500w, https:\/\/julesverne.com.tr\/wp-content\/uploads\/2020\/09\/veronajv-768x512.jpg 768w\" sizes=\"(max-width: 999px) 100vw, 999px\" \/><\/strong><\/p>\n<p>Gezginlerin dikkatini \u00e7ekmek i\u00e7in birbiri ile yar\u0131\u015fan pek \u00e7ok \u0130talyan \u015fehri aras\u0131nda Verona&#8217;n\u0131n ruhunuzda \u00e7i\u00e7ekler a\u00e7aca\u011f\u0131n\u0131 s\u00f6ylesek? Asl\u0131nda hepimiz,\u00a0 Shakespeare&#8217;in Romeo ve Juliet eserine ilham olan mek\u00e2nlar\u0131n evi olarak Verona&#8217;ya a\u015finay\u0131z. Bu kez, bu unutulmaz hik\u00e2yenin ge\u00e7ti\u011fi yerleri 21. y\u00fczy\u0131lda hem de sevgililer g\u00fcn\u00fc seyahatinizde ke\u015ffetmek istemez misiniz?<\/p>\n<p>Eski bir Roma ticaret merkezi olan Verona&#8217;da tahmin edece\u011finiz \u00fczere tarihi ve karakteristik binalar sizi bekliyor. Hava m\u00fcsait etti\u011fi s\u00fcrece bu \u015fehri y\u00fcr\u00fcyerek gezerek romantik havas\u0131n\u0131 sokaklar\u0131nda ya\u015famal\u0131s\u0131n\u0131z.<\/p>\n<h2><strong>Chamonix, Fransa<\/strong><\/h2>\n<p style=\"text-align: center;\"><strong><img loading=\"lazy\" decoding=\"async\" class=\"alignnone size-full wp-image-3190\" src=\"https:\/\/www.julesverne.com.tr\/\/wp-content\/uploads\/2020\/09\/chamonixjv.jpg\" alt=\"\" width=\"999\" height=\"666\" srcset=\"https:\/\/julesverne.com.tr\/wp-content\/uploads\/2020\/09\/chamonixjv.jpg 999w, https:\/\/julesverne.com.tr\/wp-content\/uploads\/2020\/09\/chamonixjv-500x333.jpg 500w, https:\/\/julesverne.com.tr\/wp-content\/uploads\/2020\/09\/chamonixjv-768x512.jpg 768w\" sizes=\"(max-width: 999px) 100vw, 999px\" \/><\/strong><\/p>\n<p>Cenevre&#8217;den 1 saat 15 dakika uzakl\u0131kta, kolayl\u0131kla ula\u015fabilece\u011finiz Chamonix&#8217;de, sevgililer g\u00fcn\u00fcn\u00fc bembeyaz karlar alt\u0131nda ge\u00e7irmeye ne dersiniz? Mont Blanc eteklerinde kurulan Chamonix Fransa\u2019n\u0131n en eski kayak k\u00f6y\u00fc. D\u00fcnyada da her zaman parmakla g\u00f6sterilen ve tercih edilen kayak merkezi olmas\u0131n\u0131n arkas\u0131nda kar kalitesi, sezonun uzun olmas\u0131, efsane Mont Blanc manzaralar\u0131, iddial\u0131 pistleri ve karakteristik k\u00f6y\u00fc yat\u0131yor.<\/p>\n<p>Her seviye kayak\u00e7\u0131ya uygun bir\u00e7ok pist alternatifi sunan kayak merkezi adrenalin aray\u0131\u015f\u0131nda olan usta kayak\u00e7\u0131lar i\u00e7in off-piste se\u00e7enekler de sunuyor. Geleneksel da\u011f mimarisi ve restoranlar\u0131yla romantik ve nostaljik bir sevgililer g\u00fcn\u00fc i\u00e7in Chamonix haz\u0131rl\u0131\u011f\u0131 ba\u015flas\u0131n!<\/p>\n<h2><strong>Viyana, Avusturya<\/strong><\/h2>\n<p style=\"text-align: center;\"><strong><img loading=\"lazy\" decoding=\"async\" class=\"alignnone size-full wp-image-3191\" src=\"https:\/\/www.julesverne.com.tr\/\/wp-content\/uploads\/2020\/09\/viyanajv.jpg\" alt=\"\" width=\"999\" height=\"666\" srcset=\"https:\/\/julesverne.com.tr\/wp-content\/uploads\/2020\/09\/viyanajv.jpg 999w, https:\/\/julesverne.com.tr\/wp-content\/uploads\/2020\/09\/viyanajv-500x333.jpg 500w, https:\/\/julesverne.com.tr\/wp-content\/uploads\/2020\/09\/viyanajv-768x512.jpg 768w\" sizes=\"(max-width: 999px) 100vw, 999px\" \/><\/strong><\/p>\n<p>Do\u011fu Avrupa k\u00fclt\u00fcrlerinin kesi\u015fim merkezi Viyana, sanat ve tarihin en canl\u0131 tan\u0131klar\u0131ndan biri. 600 y\u0131ll\u0131k Hapsburg \u0130mparatorlu\u011fu&#8217;nun zenginliklerini her k\u00f6\u015fesinde hissedece\u011finiz Viyana&#8217;da g\u00fc\u00e7l\u00fc bir ge\u00e7mi\u015fi oldu\u011funu saray binalar\u0131nda, konser salonlar\u0131nda, meydanlar\u0131nda, m\u00fczelerinde g\u00f6zler \u00f6n\u00fcne sermeye devam ediyor.<\/p>\n<p>Her tarihi binan\u0131n \u00f6n\u00fcnde dakikalar ge\u00e7irmek isteyece\u011finiz Viyana geleneksel m\u00fczeleri ve modern sanat galerileri, tasar\u0131m kafeleri, geli\u015fmi\u015f toplu ta\u015f\u0131ma sistemi ile sofistike bir sevgililer g\u00fcn\u00fc rotas\u0131 arayanlara merhaba demeye haz\u0131r!<\/p>\n<h2><strong>Lizbon, Portekiz<\/strong><\/h2>\n<p style=\"text-align: center;\"><strong><img loading=\"lazy\" decoding=\"async\" class=\"alignnone size-full wp-image-3192\" src=\"https:\/\/www.julesverne.com.tr\/\/wp-content\/uploads\/2020\/09\/lizbonjv.jpg\" alt=\"\" width=\"999\" height=\"666\" srcset=\"https:\/\/julesverne.com.tr\/wp-content\/uploads\/2020\/09\/lizbonjv.jpg 999w, https:\/\/julesverne.com.tr\/wp-content\/uploads\/2020\/09\/lizbonjv-500x333.jpg 500w, https:\/\/julesverne.com.tr\/wp-content\/uploads\/2020\/09\/lizbonjv-768x512.jpg 768w\" sizes=\"(max-width: 999px) 100vw, 999px\" \/><\/strong><\/p>\n<p>\u0130lk g\u00f6r\u00fc\u015fte de\u011fil de biraz zaman ge\u00e7irdikten sonra &#8220;Neden burada ya\u015fam\u0131yorum&#8221; dedirtecek kadar s\u0131cakkanl\u0131 bir \u015fehirden bahsetmek, birka\u00e7 c\u00fcmleyle anlatmak zor. 13. y\u00fczy\u0131lda kurulan Lizbon&#8217;un Portekiz&#8217;in y\u00fckseli\u015fte olan en pop\u00fcler \u015fehri oldu\u011fu art\u0131k bir s\u0131r de\u011fil.<\/p>\n<p>Kendine \u00f6zg\u00fc kodlar\u0131n\u0131 koruyan semtleri, bir sembol haline gelen tramvaylar\u0131, yenilik\u00e7i ve yarat\u0131c\u0131 yeme i\u00e7me mek\u00e2nlar\u0131 ile size de enerji verecek. Sizi strese sokmayan hareketli bir \u015fehir hayat\u0131 olmas\u0131 da en g\u00fczel yanlar\u0131ndan biri.<\/p>\n<h2><strong>Kapadokya, T\u00fcrkiye<\/strong><\/h2>\n<p style=\"text-align: center;\"><strong><img loading=\"lazy\" decoding=\"async\" class=\"alignnone size-full wp-image-3193\" src=\"https:\/\/www.julesverne.com.tr\/\/wp-content\/uploads\/2020\/09\/kapadokyajv.jpg\" alt=\"\" width=\"999\" height=\"666\" srcset=\"https:\/\/julesverne.com.tr\/wp-content\/uploads\/2020\/09\/kapadokyajv.jpg 999w, https:\/\/julesverne.com.tr\/wp-content\/uploads\/2020\/09\/kapadokyajv-500x333.jpg 500w, https:\/\/julesverne.com.tr\/wp-content\/uploads\/2020\/09\/kapadokyajv-768x512.jpg 768w\" sizes=\"(max-width: 999px) 100vw, 999px\" \/><\/strong><\/p>\n<p>Masals\u0131 olmas\u0131 i\u00e7in bir \u015fey yapmas\u0131na gerek olmayan Kapadokya karlarla \u00f6rt\u00fcl\u00fcnce bir ba\u015fka g\u00fczel! Dokusu, efsaneleri, ma\u011fara otelleri, do\u011fas\u0131 ile kendili\u011finden romantik olabilen Kapadokya\u2019y\u0131 beyazlar i\u00e7erisinde g\u00f6rmek insan\u0131n i\u00e7erisinde edebi bir yan uyand\u0131r\u0131yor sanki. Sabahlar\u0131 kalk\u0131p, kald\u0131\u011f\u0131n\u0131z otelin bah\u00e7esinden bu b\u00fcy\u00fcleyici manzaralar\u0131 seyretmek bile yetiyor asl\u0131nda.<\/p>\n<p>Avanos\u2019ta \u00e7\u00f6mlek at\u00f6lyesine gidip, \u00e7\u00f6mlek ve seramik m\u00fczesi G\u00fcray M\u00fcze\u2019yi ziyaret edip, a\u00e7\u0131k hava m\u00fczelerinde tarihe yolculuk yap\u0131p, \u015f\u00f6mine ate\u015finde \u015farab\u0131n\u0131z\u0131 yudumlamak istemez misiniz?<\/p>\n<h2><strong>Cotswolds, \u0130ngiltere<\/strong><\/h2>\n<p style=\"text-align: center;\"><img loading=\"lazy\" decoding=\"async\" class=\"alignnone size-full wp-image-3194\" src=\"https:\/\/www.julesverne.com.tr\/\/wp-content\/uploads\/2020\/09\/Stanwaycotswoldsjv.jpg\" alt=\"\" width=\"999\" height=\"664\" srcset=\"https:\/\/julesverne.com.tr\/wp-content\/uploads\/2020\/09\/Stanwaycotswoldsjv.jpg 999w, https:\/\/julesverne.com.tr\/wp-content\/uploads\/2020\/09\/Stanwaycotswoldsjv-500x332.jpg 500w, https:\/\/julesverne.com.tr\/wp-content\/uploads\/2020\/09\/Stanwaycotswoldsjv-768x510.jpg 768w\" sizes=\"(max-width: 999px) 100vw, 999px\" \/><\/p>\n<p>Londral\u0131lar i\u00e7in eski bir inziva k\u00f6\u015fesi olsa da gezginler i\u00e7in yepyeni bir ke\u015fif olan Cotswolds B\u00f6lgesi, \u0130ngiliz klasiklerinden f\u0131rlam\u0131\u015f gibi. Birbirinden karakteristik kasabalar\u0131 yemye\u015fil vadiler aras\u0131nda bir ba\u015fka parl\u0131yor.<\/p>\n<p style=\"text-align: left;\">Zarif k\u0131r evlerinin ev sahipli\u011fi yapt\u0131\u011f\u0131 sofistike d\u00fckkanlar\u0131, pub ve restoranlar\u0131 bir yana ruhunuzu besleyen sanat galerileri, \u00e7iftlik marketleri ve y\u00fcr\u00fcy\u00fc\u015f parkurlar\u0131 ile yenilendi\u011finizi ve dinlendi\u011finizi hissedecekseniz. Do\u011fan\u0131n kalbinde tasar\u0131m\u0131n ve \u015f\u0131kl\u0131\u011f\u0131n bulu\u015ftu\u011fu bir sevgililer g\u00fcn\u00fc rotas\u0131 i\u00e7in Cotswolds plan\u0131n\u0131z\u0131 yap\u0131n.<\/p>\n<h4 style=\"text-align: center;\"><strong>Size \u00f6zel seyahat program\u0131 ve rezervasyon i\u00e7in:<br \/>\n<a href=\"mailto:travel@julesverne.com.tr\" target=\"_blank\" rel=\"noopener noreferrer\">travel@julesverne.com.tr<\/a><br \/>\n0212 266 6363 &#8211; 118<\/strong><\/h4>\n","protected":false},"excerpt":{"rendered":"<p>Tarih, sanat, lezzet, k\u0131\u015f sporlar\u0131 ile romantizmi bulu\u015fturdu\u011fumuz Sevgililer G&uuml;n&uuml; &ouml;nerilerimiz&hellip;<\/p>\n","protected":false},"author":1,"featured_media":2210,"comment_status":"closed","ping_status":"closed","sticky":false,"template":"","format":"standard","meta":{"inline_featured_image":false,"footnotes":""},"categories":[1,39],"tags":[137,73],"acf":[],"yoast_head":"<!-- This site is optimized with the Yoast SEO plugin v22.3 - https:\/\/yoast.com\/wordpress\/plugins\/seo\/ -->\n<title>Sevgililer G\u00fcn\u00fc&#039;ne \u00d6zel 8 Seyahat \u00d6nerisi - JULES VERNE BUSINESS MICE TRAVEL<\/title>\n<meta name=\"robots\" content=\"index, follow, max-snippet:-1, max-image-preview:large, max-video-preview:-1\" \/>\n<link rel=\"canonical\" href=\"https:\/\/julesverne.com.tr\/travel-blog\/sevgililer-gunune-ozel-8-seyahat-onerisi\/\" \/>\n<meta property=\"og:locale\" content=\"en_US\" \/>\n<meta property=\"og:type\" content=\"article\" \/>\n<meta property=\"og:title\" content=\"Sevgililer G\u00fcn\u00fc&#039;ne \u00d6zel 8 Seyahat \u00d6nerisi - JULES VERNE BUSINESS MICE TRAVEL\" \/>\n<meta property=\"og:description\" content=\"Tarih, sanat, lezzet, k\u0131\u015f sporlar\u0131 ile romantizmi bulu\u015fturdu\u011fumuz Sevgililer G&uuml;n&uuml; &ouml;nerilerimiz&hellip;\" \/>\n<meta property=\"og:url\" content=\"https:\/\/julesverne.com.tr\/travel-blog\/sevgililer-gunune-ozel-8-seyahat-onerisi\/\" \/>\n<meta property=\"og:site_name\" content=\"JULES VERNE BUSINESS MICE TRAVEL\" \/>\n<meta property=\"article:publisher\" content=\"https:\/\/www.facebook.com\/JulesVerneBusinessMiceTravel\/\" \/>\n<meta property=\"article:published_time\" content=\"2020-01-30T15:48:48+00:00\" \/>\n<meta property=\"article:modified_time\" content=\"2021-06-21T11:13:26+00:00\" \/>\n<meta property=\"og:image\" content=\"https:\/\/julesverne.com.tr\/wp-content\/uploads\/2020\/09\/veronasevgililergunujv.jpg\" \/>\n\t<meta property=\"og:image:width\" content=\"999\" \/>\n\t<meta property=\"og:image:height\" content=\"584\" \/>\n\t<meta property=\"og:image:type\" content=\"image\/jpeg\" \/>\n<meta name=\"author\" content=\"fikirman\" \/>\n<meta name=\"twitter:card\" content=\"summary_large_image\" \/>\n<meta name=\"twitter:creator\" content=\"@JV_BusinessMice\" \/>\n<meta name=\"twitter:site\" content=\"@JV_BusinessMice\" \/>\n<meta name=\"twitter:label1\" content=\"Written by\" \/>\n\t<meta name=\"twitter:data1\" content=\"fikirman\" \/>\n\t<meta name=\"twitter:label2\" content=\"Est. reading time\" \/>\n\t<meta name=\"twitter:data2\" content=\"5 minutes\" \/>\n<script type=\"application\/ld+json\" class=\"yoast-schema-graph\">{\"@context\":\"https:\/\/schema.org\",\"@graph\":[{\"@type\":\"Article\",\"@id\":\"https:\/\/julesverne.com.tr\/travel-blog\/sevgililer-gunune-ozel-8-seyahat-onerisi\/#article\",\"isPartOf\":{\"@id\":\"https:\/\/julesverne.com.tr\/travel-blog\/sevgililer-gunune-ozel-8-seyahat-onerisi\/\"},\"author\":{\"name\":\"fikirman\",\"@id\":\"https:\/\/julesverne.com.tr\/#\/schema\/person\/f4eb0514ae455538644c31b99a466fdb\"},\"headline\":\"Sevgililer G\u00fcn\u00fc&#8217;ne \u00d6zel 8 Seyahat \u00d6nerisi\",\"datePublished\":\"2020-01-30T15:48:48+00:00\",\"dateModified\":\"2021-06-21T11:13:26+00:00\",\"mainEntityOfPage\":{\"@id\":\"https:\/\/julesverne.com.tr\/travel-blog\/sevgililer-gunune-ozel-8-seyahat-onerisi\/\"},\"wordCount\":987,\"publisher\":{\"@id\":\"https:\/\/julesverne.com.tr\/#organization\"},\"image\":{\"@id\":\"https:\/\/julesverne.com.tr\/travel-blog\/sevgililer-gunune-ozel-8-seyahat-onerisi\/#primaryimage\"},\"thumbnailUrl\":\"https:\/\/julesverne.com.tr\/wp-content\/uploads\/2020\/09\/veronasevgililergunujv.jpg\",\"keywords\":[\"Blog\",\"Nereye Gitsek\"],\"articleSection\":[\"Blog\",\"Nereye Gitsek?\"],\"inLanguage\":\"en-US\"},{\"@type\":\"WebPage\",\"@id\":\"https:\/\/julesverne.com.tr\/travel-blog\/sevgililer-gunune-ozel-8-seyahat-onerisi\/\",\"url\":\"https:\/\/julesverne.com.tr\/travel-blog\/sevgililer-gunune-ozel-8-seyahat-onerisi\/\",\"name\":\"Sevgililer G\u00fcn\u00fc'ne \u00d6zel 8 Seyahat \u00d6nerisi - JULES VERNE BUSINESS MICE TRAVEL\",\"isPartOf\":{\"@id\":\"https:\/\/julesverne.com.tr\/#website\"},\"primaryImageOfPage\":{\"@id\":\"https:\/\/julesverne.com.tr\/travel-blog\/sevgililer-gunune-ozel-8-seyahat-onerisi\/#primaryimage\"},\"image\":{\"@id\":\"https:\/\/julesverne.com.tr\/travel-blog\/sevgililer-gunune-ozel-8-seyahat-onerisi\/#primaryimage\"},\"thumbnailUrl\":\"https:\/\/julesverne.com.tr\/wp-content\/uploads\/2020\/09\/veronasevgililergunujv.jpg\",\"datePublished\":\"2020-01-30T15:48:48+00:00\",\"dateModified\":\"2021-06-21T11:13:26+00:00\",\"breadcrumb\":{\"@id\":\"https:\/\/julesverne.com.tr\/travel-blog\/sevgililer-gunune-ozel-8-seyahat-onerisi\/#breadcrumb\"},\"inLanguage\":\"en-US\",\"potentialAction\":[{\"@type\":\"ReadAction\",\"target\":[\"https:\/\/julesverne.com.tr\/travel-blog\/sevgililer-gunune-ozel-8-seyahat-onerisi\/\"]}]},{\"@type\":\"ImageObject\",\"inLanguage\":\"en-US\",\"@id\":\"https:\/\/julesverne.com.tr\/travel-blog\/sevgililer-gunune-ozel-8-seyahat-onerisi\/#primaryimage\",\"url\":\"https:\/\/julesverne.com.tr\/wp-content\/uploads\/2020\/09\/veronasevgililergunujv.jpg\",\"contentUrl\":\"https:\/\/julesverne.com.tr\/wp-content\/uploads\/2020\/09\/veronasevgililergunujv.jpg\",\"width\":999,\"height\":584},{\"@type\":\"BreadcrumbList\",\"@id\":\"https:\/\/julesverne.com.tr\/travel-blog\/sevgililer-gunune-ozel-8-seyahat-onerisi\/#breadcrumb\",\"itemListElement\":[{\"@type\":\"ListItem\",\"position\":1,\"name\":\"Anasayfa\",\"item\":\"https:\/\/julesverne.com.tr\/\"},{\"@type\":\"ListItem\",\"position\":2,\"name\":\"Sevgililer G\u00fcn\u00fc&#8217;ne \u00d6zel 8 Seyahat \u00d6nerisi\"}]},{\"@type\":\"WebSite\",\"@id\":\"https:\/\/julesverne.com.tr\/#website\",\"url\":\"https:\/\/julesverne.com.tr\/\",\"name\":\"JULES VERNE BUSINESS MICE TRAVEL\",\"description\":\"\",\"publisher\":{\"@id\":\"https:\/\/julesverne.com.tr\/#organization\"},\"potentialAction\":[{\"@type\":\"SearchAction\",\"target\":{\"@type\":\"EntryPoint\",\"urlTemplate\":\"https:\/\/julesverne.com.tr\/?s={search_term_string}\"},\"query-input\":\"required name=search_term_string\"}],\"inLanguage\":\"en-US\"},{\"@type\":\"Organization\",\"@id\":\"https:\/\/julesverne.com.tr\/#organization\",\"name\":\"JULES VERNE BUSINESS MICE TRAVEL\",\"url\":\"https:\/\/julesverne.com.tr\/\",\"logo\":{\"@type\":\"ImageObject\",\"inLanguage\":\"en-US\",\"@id\":\"https:\/\/julesverne.com.tr\/#\/schema\/logo\/image\/\",\"url\":\"https:\/\/julesverne.com.tr\/wp-content\/uploads\/2020\/09\/jv-bmt-logo.png\",\"contentUrl\":\"https:\/\/julesverne.com.tr\/wp-content\/uploads\/2020\/09\/jv-bmt-logo.png\",\"width\":110,\"height\":81,\"caption\":\"JULES VERNE BUSINESS MICE TRAVEL\"},\"image\":{\"@id\":\"https:\/\/julesverne.com.tr\/#\/schema\/logo\/image\/\"},\"sameAs\":[\"https:\/\/www.facebook.com\/JulesVerneBusinessMiceTravel\/\",\"https:\/\/twitter.com\/JV_BusinessMice\",\"https:\/\/www.instagram.com\/julesvernebusinessmicetravel\/\",\"https:\/\/www.linkedin.com\/company\/julesvernebusinessmicetravel\/\",\"https:\/\/www.youtube.com\/channel\/UCAwdsmbZ6tFhu1tea6pkpiw\"]},{\"@type\":\"Person\",\"@id\":\"https:\/\/julesverne.com.tr\/#\/schema\/person\/f4eb0514ae455538644c31b99a466fdb\",\"name\":\"fikirman\",\"sameAs\":[\"http:\/\/advermedya.net\/julesverne\"],\"url\":\"https:\/\/julesverne.com.tr\/en\/author\/fikirman\/\"}]}<\/script>\n<!-- \/ Yoast SEO plugin. -->","yoast_head_json":{"title":"Sevgililer G\u00fcn\u00fc'ne \u00d6zel 8 Seyahat \u00d6nerisi - JULES VERNE BUSINESS MICE TRAVEL","robots":{"index":"index","follow":"follow","max-snippet":"max-snippet:-1","max-image-preview":"max-image-preview:large","max-video-preview":"max-video-preview:-1"},"canonical":"https:\/\/julesverne.com.tr\/travel-blog\/sevgililer-gunune-ozel-8-seyahat-onerisi\/","og_locale":"en_US","og_type":"article","og_title":"Sevgililer G\u00fcn\u00fc'ne \u00d6zel 8 Seyahat \u00d6nerisi - JULES VERNE BUSINESS MICE TRAVEL","og_description":"Tarih, sanat, lezzet, k\u0131\u015f sporlar\u0131 ile romantizmi bulu\u015fturdu\u011fumuz Sevgililer G&uuml;n&uuml; &ouml;nerilerimiz&hellip;","og_url":"https:\/\/julesverne.com.tr\/travel-blog\/sevgililer-gunune-ozel-8-seyahat-onerisi\/","og_site_name":"JULES VERNE BUSINESS MICE TRAVEL","article_publisher":"https:\/\/www.facebook.com\/JulesVerneBusinessMiceTravel\/","article_published_time":"2020-01-30T15:48:48+00:00","article_modified_time":"2021-06-21T11:13:26+00:00","og_image":[{"width":999,"height":584,"url":"https:\/\/julesverne.com.tr\/wp-content\/uploads\/2020\/09\/veronasevgililergunujv.jpg","type":"image\/jpeg"}],"author":"fikirman","twitter_card":"summary_large_image","twitter_creator":"@JV_BusinessMice","twitter_site":"@JV_BusinessMice","twitter_misc":{"Written by":"fikirman","Est. reading time":"5 minutes"},"schema":{"@context":"https:\/\/schema.org","@graph":[{"@type":"Article","@id":"https:\/\/julesverne.com.tr\/travel-blog\/sevgililer-gunune-ozel-8-seyahat-onerisi\/#article","isPartOf":{"@id":"https:\/\/julesverne.com.tr\/travel-blog\/sevgililer-gunune-ozel-8-seyahat-onerisi\/"},"author":{"name":"fikirman","@id":"https:\/\/julesverne.com.tr\/#\/schema\/person\/f4eb0514ae455538644c31b99a466fdb"},"headline":"Sevgililer G\u00fcn\u00fc&#8217;ne \u00d6zel 8 Seyahat \u00d6nerisi","datePublished":"2020-01-30T15:48:48+00:00","dateModified":"2021-06-21T11:13:26+00:00","mainEntityOfPage":{"@id":"https:\/\/julesverne.com.tr\/travel-blog\/sevgililer-gunune-ozel-8-seyahat-onerisi\/"},"wordCount":987,"publisher":{"@id":"https:\/\/julesverne.com.tr\/#organization"},"image":{"@id":"https:\/\/julesverne.com.tr\/travel-blog\/sevgililer-gunune-ozel-8-seyahat-onerisi\/#primaryimage"},"thumbnailUrl":"https:\/\/julesverne.com.tr\/wp-content\/uploads\/2020\/09\/veronasevgililergunujv.jpg","keywords":["Blog","Nereye Gitsek"],"articleSection":["Blog","Nereye Gitsek?"],"inLanguage":"en-US"},{"@type":"WebPage","@id":"https:\/\/julesverne.com.tr\/travel-blog\/sevgililer-gunune-ozel-8-seyahat-onerisi\/","url":"https:\/\/julesverne.com.tr\/travel-blog\/sevgililer-gunune-ozel-8-seyahat-onerisi\/","name":"Sevgililer G\u00fcn\u00fc'ne \u00d6zel 8 Seyahat \u00d6nerisi - JULES VERNE BUSINESS MICE TRAVEL","isPartOf":{"@id":"https:\/\/julesverne.com.tr\/#website"},"primaryImageOfPage":{"@id":"https:\/\/julesverne.com.tr\/travel-blog\/sevgililer-gunune-ozel-8-seyahat-onerisi\/#primaryimage"},"image":{"@id":"https:\/\/julesverne.com.tr\/travel-blog\/sevgililer-gunune-ozel-8-seyahat-onerisi\/#primaryimage"},"thumbnailUrl":"https:\/\/julesverne.com.tr\/wp-content\/uploads\/2020\/09\/veronasevgililergunujv.jpg","datePublished":"2020-01-30T15:48:48+00:00","dateModified":"2021-06-21T11:13:26+00:00","breadcrumb":{"@id":"https:\/\/julesverne.com.tr\/travel-blog\/sevgililer-gunune-ozel-8-seyahat-onerisi\/#breadcrumb"},"inLanguage":"en-US","potentialAction":[{"@type":"ReadAction","target":["https:\/\/julesverne.com.tr\/travel-blog\/sevgililer-gunune-ozel-8-seyahat-onerisi\/"]}]},{"@type":"ImageObject","inLanguage":"en-US","@id":"https:\/\/julesverne.com.tr\/travel-blog\/sevgililer-gunune-ozel-8-seyahat-onerisi\/#primaryimage","url":"https:\/\/julesverne.com.tr\/wp-content\/uploads\/2020\/09\/veronasevgililergunujv.jpg","contentUrl":"https:\/\/julesverne.com.tr\/wp-content\/uploads\/2020\/09\/veronasevgililergunujv.jpg","width":999,"height":584},{"@type":"BreadcrumbList","@id":"https:\/\/julesverne.com.tr\/travel-blog\/sevgililer-gunune-ozel-8-seyahat-onerisi\/#breadcrumb","itemListElement":[{"@type":"ListItem","position":1,"name":"Anasayfa","item":"https:\/\/julesverne.com.tr\/"},{"@type":"ListItem","position":2,"name":"Sevgililer G\u00fcn\u00fc&#8217;ne \u00d6zel 8 Seyahat \u00d6nerisi"}]},{"@type":"WebSite","@id":"https:\/\/julesverne.com.tr\/#website","url":"https:\/\/julesverne.com.tr\/","name":"JULES VERNE BUSINESS MICE TRAVEL","description":"","publisher":{"@id":"https:\/\/julesverne.com.tr\/#organization"},"potentialAction":[{"@type":"SearchAction","target":{"@type":"EntryPoint","urlTemplate":"https:\/\/julesverne.com.tr\/?s={search_term_string}"},"query-input":"required name=search_term_string"}],"inLanguage":"en-US"},{"@type":"Organization","@id":"https:\/\/julesverne.com.tr\/#organization","name":"JULES VERNE BUSINESS MICE TRAVEL","url":"https:\/\/julesverne.com.tr\/","logo":{"@type":"ImageObject","inLanguage":"en-US","@id":"https:\/\/julesverne.com.tr\/#\/schema\/logo\/image\/","url":"https:\/\/julesverne.com.tr\/wp-content\/uploads\/2020\/09\/jv-bmt-logo.png","contentUrl":"https:\/\/julesverne.com.tr\/wp-content\/uploads\/2020\/09\/jv-bmt-logo.png","width":110,"height":81,"caption":"JULES VERNE BUSINESS MICE TRAVEL"},"image":{"@id":"https:\/\/julesverne.com.tr\/#\/schema\/logo\/image\/"},"sameAs":["https:\/\/www.facebook.com\/JulesVerneBusinessMiceTravel\/","https:\/\/twitter.com\/JV_BusinessMice","https:\/\/www.instagram.com\/julesvernebusinessmicetravel\/","https:\/\/www.linkedin.com\/company\/julesvernebusinessmicetravel\/","https:\/\/www.youtube.com\/channel\/UCAwdsmbZ6tFhu1tea6pkpiw"]},{"@type":"Person","@id":"https:\/\/julesverne.com.tr\/#\/schema\/person\/f4eb0514ae455538644c31b99a466fdb","name":"fikirman","sameAs":["http:\/\/advermedya.net\/julesverne"],"url":"https:\/\/julesverne.com.tr\/en\/author\/fikirman\/"}]}},"_links":{"self":[{"href":"https:\/\/julesverne.com.tr\/en\/wp-json\/wp\/v2\/posts\/2209"}],"collection":[{"href":"https:\/\/julesverne.com.tr\/en\/wp-json\/wp\/v2\/posts"}],"about":[{"href":"https:\/\/julesverne.com.tr\/en\/wp-json\/wp\/v2\/types\/post"}],"author":[{"embeddable":true,"href":"https:\/\/julesverne.com.tr\/en\/wp-json\/wp\/v2\/users\/1"}],"replies":[{"embeddable":true,"href":"https:\/\/julesverne.com.tr\/en\/wp-json\/wp\/v2\/comments?post=2209"}],"version-history":[{"count":0,"href":"https:\/\/julesverne.com.tr\/en\/wp-json\/wp\/v2\/posts\/2209\/revisions"}],"wp:featuredmedia":[{"embeddable":true,"href":"https:\/\/julesverne.com.tr\/en\/wp-json\/wp\/v2\/media\/2210"}],"wp:attachment":[{"href":"https:\/\/julesverne.com.tr\/en\/wp-json\/wp\/v2\/media?parent=2209"}],"wp:term":[{"taxonomy":"category","embeddable":true,"href":"https:\/\/julesverne.com.tr\/en\/wp-json\/wp\/v2\/categories?post=2209"},{"taxonomy":"post_tag","embeddable":true,"href":"https:\/\/julesverne.com.tr\/en\/wp-json\/wp\/v2\/tags?post=2209"}],"curies":[{"name":"wp","href":"https:\/\/api.w.org\/{rel}","templated":true}]}}