{"id":2205,"date":"2020-01-23T09:56:06","date_gmt":"2020-01-23T06:56:06","guid":{"rendered":"https:\/\/www.julesverne.com.tr\/\/blog\/2020nin-populer-seyahat-destinasyonlari\/"},"modified":"2024-03-21T17:14:10","modified_gmt":"2024-03-21T14:14:10","slug":"2020nin-populer-seyahat-destinasyonlari","status":"publish","type":"post","link":"https:\/\/julesverne.com.tr\/en\/travel-blog\/2020nin-populer-seyahat-destinasyonlari\/","title":{"rendered":"2020&#8217;nin Pop\u00fcler Seyahat Destinasyonlar\u0131"},"content":{"rendered":"<p><\/p>\n<p><p style=\"text-align: center;\"><img loading=\"lazy\" decoding=\"async\" class=\"alignnone size-full wp-image-3199\" src=\"https:\/\/www.julesverne.com.tr\/\/wp-content\/uploads\/2020\/09\/Siargao_Island.jpg\" width=\"999\" height=\"799\" alt=\"\" srcset=\"https:\/\/julesverne.com.tr\/wp-content\/uploads\/2020\/09\/Siargao_Island.jpg 999w, https:\/\/julesverne.com.tr\/wp-content\/uploads\/2020\/09\/Siargao_Island-500x400.jpg 500w, https:\/\/julesverne.com.tr\/wp-content\/uploads\/2020\/09\/Siargao_Island-768x614.jpg 768w\" sizes=\"(max-width: 999px) 100vw, 999px\" \/><\/p>\n<p>D&uuml;nya sizi bekliyor! Peki, sizin bu y\u0131l ilk rotan\u0131z neresi olacak? 2020 y\u0131l\u0131 ile birlikte bu sene d&uuml;nya &uuml;zerinde nereleri g&ouml;rmek istedi\u011finizi d&uuml;\u015f&uuml;nmenin zaman\u0131 geldi. S\u0131n\u0131rs\u0131z bir ke\u015fif i&ccedil;in &ouml;n&uuml;n&uuml;zde koca bir sene var. Sizin i&ccedil;in d&uuml;nyan\u0131n d&ouml;rt bir yan\u0131ndan bamba\u015fka k&uuml;lt&uuml;rler, bamba\u015fka co\u011frafi &ouml;zelliklerle dolu bir liste olu\u015fturduk. Eko turizmden macera seyahatlerine, gurme gezilerden k&uuml;lt&uuml;rel seyahatlere 2020&#8217;nin pop&uuml;ler seyahat destinasyonlar\u0131&#8230;<\/p>\n<p><strong>Mostar, Bosna Hersek<\/strong><\/p>\n<p style=\"text-align: center;\"><strong><img loading=\"lazy\" decoding=\"async\" class=\"alignnone size-full wp-image-3200\" src=\"https:\/\/www.julesverne.com.tr\/\/wp-content\/uploads\/2020\/09\/mostar.jpg\" width=\"999\" height=\"666\" alt=\"\" srcset=\"https:\/\/julesverne.com.tr\/wp-content\/uploads\/2020\/09\/mostar.jpg 999w, https:\/\/julesverne.com.tr\/wp-content\/uploads\/2020\/09\/mostar-500x333.jpg 500w, https:\/\/julesverne.com.tr\/wp-content\/uploads\/2020\/09\/mostar-768x512.jpg 768w\" sizes=\"(max-width: 999px) 100vw, 999px\" \/><\/strong><\/p>\n<p>Sanki bizden bir \u015fehirmi\u015f hissi veren, ge&ccedil;mi\u015fi Osmanl\u0131&#8217;ya uzanan, b&uuml;y&uuml;k yaralar b\u0131rakan sava\u015f\u0131n izlerini silmeye &ccedil;al\u0131\u015fan Mostar&#8230; Son y\u0131llarda gezginlerin radar\u0131na giren Bosna Hersek&#8217;in bu pitoresk \u015fehri k&uuml;&ccedil;&uuml;k olsa da mutlaka g&ouml;r&uuml;lmeye de\u011fer. Bosna-Hersek Sava\u015f\u0131&#8217;n\u0131n bitmesiyle y\u0131k\u0131lan tarihi yap\u0131lar\u0131n yeniden in\u015fa edilmesi bu \u015fehri eski g&uuml;zel g&uuml;nlerine kavu\u015fturdu. Bar\u0131\u015f\u0131n 25.y\u0131l\u0131n\u0131n kutlanaca\u011f\u0131 topraklar\u0131 nu y\u0131l ziyaret etmenizi &ouml;neririz.<\/p>\n<p><strong>Puebla, Meksika<\/strong><\/p>\n<p style=\"text-align: center;\"><strong><img loading=\"lazy\" decoding=\"async\" class=\"alignnone size-full wp-image-3201\" src=\"https:\/\/www.julesverne.com.tr\/\/wp-content\/uploads\/2020\/09\/puebla.jpg\" width=\"999\" height=\"666\" alt=\"\" srcset=\"https:\/\/julesverne.com.tr\/wp-content\/uploads\/2020\/09\/puebla.jpg 999w, https:\/\/julesverne.com.tr\/wp-content\/uploads\/2020\/09\/puebla-500x333.jpg 500w, https:\/\/julesverne.com.tr\/wp-content\/uploads\/2020\/09\/puebla-768x512.jpg 768w\" sizes=\"(max-width: 999px) 100vw, 999px\" \/><\/strong><\/p>\n<p>1531&#8217;de \u0130spanyollar taraf\u0131ndan in\u015fa edilen Meksika&rsquo;n\u0131n en b&uuml;y&uuml;k d&ouml;rd&uuml;nc&uuml; \u015fehri Puebla&#8217;n\u0131n seyahat rotalar\u0131nda daha s\u0131k yer almas\u0131&nbsp;2016 y\u0131l\u0131nda a&ccedil;\u0131lan Barok M&uuml;zesi&#8217;yle denk d&uuml;\u015f&uuml;yor. UNESCO D&uuml;nya Miras\u0131 Listesi&#8217;nde yer alan \u015fehir merkezi 17. ve 18. y&uuml;zy\u0131lda in\u015fa edilen Barok binalarla dolu. Mexico City&#8217;nin ba\u015f d&ouml;nd&uuml;ren hareketlili\u011fi ve karma\u015fas\u0131ndan sonra size tarihsel bir dinginlik vaat eden Puebla&#8217;da s&ouml;m&uuml;rge mimarisi ve k&uuml;lt&uuml;r&uuml;n&uuml; her detayda hissedeceksiniz.<\/p>\n<p><strong>Gr&ouml;nland, Danimarka<\/strong><\/p>\n<p style=\"text-align: center;\"><strong><img loading=\"lazy\" decoding=\"async\" class=\"alignnone size-full wp-image-3202\" src=\"https:\/\/www.julesverne.com.tr\/\/wp-content\/uploads\/2020\/09\/greenland.jpg\" width=\"999\" height=\"666\" alt=\"\" srcset=\"https:\/\/julesverne.com.tr\/wp-content\/uploads\/2020\/09\/greenland.jpg 999w, https:\/\/julesverne.com.tr\/wp-content\/uploads\/2020\/09\/greenland-500x333.jpg 500w, https:\/\/julesverne.com.tr\/wp-content\/uploads\/2020\/09\/greenland-768x512.jpg 768w\" sizes=\"(max-width: 999px) 100vw, 999px\" \/><\/strong><\/p>\n<p>Atlas Okyanusu&#8217;nda, Danimarka&#8217;ya ba\u011fl\u0131 &ouml;zerk bir b&ouml;lge olan Gr&ouml;nland san\u0131yoruz saf do\u011fay\u0131 g&ouml;rebilece\u011finiz nadir adreslerden! Az n&uuml;fuslu b&ouml;lgelere yap\u0131lan geziler, s&uuml;rd&uuml;r&uuml;lebilir turizmin gezginler aras\u0131nda yay\u0131lmas\u0131yla bu do\u011fal g&uuml;zelli\u011fi gezmek art\u0131k daha kolay. D&uuml;nyan\u0131n en b&uuml;y&uuml;k adas\u0131 olan Gr&ouml;nland&rsquo;in &ccedil;arp\u0131c\u0131 do\u011fal g&uuml;zelli\u011fini, b&uuml;y&uuml;leyici manzaralar\u0131n\u0131, tabiat\u0131n etkisiyle olu\u015fan k&uuml;lt&uuml;r&uuml;n&uuml; deneyimlemek i&ccedil;in gemi seyahatleri favorimiz!<\/p>\n<p><strong>Marche, \u0130talya<\/strong><\/p>\n<p style=\"text-align: center;\"><strong><img loading=\"lazy\" decoding=\"async\" class=\"alignnone size-full wp-image-3203\" src=\"https:\/\/www.julesverne.com.tr\/\/wp-content\/uploads\/2020\/09\/urbinomarche.jpg\" width=\"999\" height=\"666\" alt=\"\" srcset=\"https:\/\/julesverne.com.tr\/wp-content\/uploads\/2020\/09\/urbinomarche.jpg 999w, https:\/\/julesverne.com.tr\/wp-content\/uploads\/2020\/09\/urbinomarche-500x333.jpg 500w, https:\/\/julesverne.com.tr\/wp-content\/uploads\/2020\/09\/urbinomarche-768x512.jpg 768w\" sizes=\"(max-width: 999px) 100vw, 999px\" \/><\/strong><\/p>\n<p>\u0130talya&#8217;n\u0131n az bilinen hazinelerinden birini bu y\u0131l ke\u015ffetmek ister misiniz? &Uuml;lkenin g&ouml;zde b&ouml;lgeleri Emilia-Romagna, Toskana ve Umbria ile &ccedil;evrili olan Marche hen&uuml;z kitle turizmi taraf\u0131ndan fark edilmedi\u011fi i&ccedil;in lokal deneyimlerle dolu. Adriyatik Denizi&#8217;ne k\u0131y\u0131s\u0131 olan, Orta &Ccedil;a\u011f&#8217;dan kalma tepe k&ouml;yleri ve &ccedil;ak\u0131l plajlar\u0131yla arad\u0131\u011f\u0131n\u0131z her \u015feyi bir arada bar\u0131nd\u0131r\u0131yor. R&ouml;nesans&#8217;\u0131n &ouml;nemli ressamlar\u0131ndan Raffaello Sanzio&#8217;nun do\u011fum yeri olmas\u0131 ve sanat&ccedil;\u0131n\u0131n &ouml;l&uuml;m&uuml;n&uuml;n 500.y\u0131l\u0131 olmas\u0131 bu y\u0131l Marche B&ouml;lgesi&#8217;ni daha da &ccedil;ekici k\u0131l\u0131yor.<\/p>\n<p><strong>Guizhou Eyaleti, &Ccedil;in<\/strong><\/p>\n<p style=\"text-align: center;\"><strong><img loading=\"lazy\" decoding=\"async\" class=\"alignnone size-full wp-image-3204\" src=\"https:\/\/www.julesverne.com.tr\/\/wp-content\/uploads\/2020\/09\/Xijiang_Qianhu_Miao_Village.jpg\" width=\"999\" height=\"655\" alt=\"\" srcset=\"https:\/\/julesverne.com.tr\/wp-content\/uploads\/2020\/09\/Xijiang_Qianhu_Miao_Village.jpg 999w, https:\/\/julesverne.com.tr\/wp-content\/uploads\/2020\/09\/Xijiang_Qianhu_Miao_Village-500x328.jpg 500w, https:\/\/julesverne.com.tr\/wp-content\/uploads\/2020\/09\/Xijiang_Qianhu_Miao_Village-768x504.jpg 768w\" sizes=\"(max-width: 999px) 100vw, 999px\" \/><\/strong><\/p>\n<p>&Ccedil;in&#8217;in g&uuml;neydo\u011fusunda konumlanan Guizhou Eyaleti kontrastlar\u0131 i&ccedil;inde bar\u0131nd\u0131rarak sizi \u015fa\u015f\u0131rtmay\u0131 ba\u015far\u0131yor. Eyaletin merkezi Guiyang &ouml;zellikle son y\u0131llarda Apple, Huawei gibi teknoloji devlerinin bilgi i\u015flem binalar\u0131na ev sahipli\u011fi yaparken \u015fehri de b&uuml;y&uuml;k bir veri merkezine d&ouml;n&uuml;\u015ft&uuml;rm&uuml;\u015f durumda. G&ouml;kdelenleri ve modern binalar\u0131yla sizi hayrete d&uuml;\u015f&uuml;ren Guiyang&#8217;a z\u0131t olan do\u011fudaki yerel k&ouml;yler ise g&uuml;n&uuml;n tela\u015fs\u0131z ya\u015fand\u0131\u011f\u0131, yerlilerin 6.y&uuml;zy\u0131ldan beri devam ettirdikleri tekstil gelenekleriyle biliniyor.<\/p>\n<p><strong>Washington, ABD<\/strong><\/p>\n<p style=\"text-align: center;\"><strong><img loading=\"lazy\" decoding=\"async\" class=\"alignnone size-full wp-image-3205\" src=\"https:\/\/www.julesverne.com.tr\/\/wp-content\/uploads\/2020\/09\/washington.jpg\" width=\"999\" height=\"666\" alt=\"\" srcset=\"https:\/\/julesverne.com.tr\/wp-content\/uploads\/2020\/09\/washington.jpg 999w, https:\/\/julesverne.com.tr\/wp-content\/uploads\/2020\/09\/washington-500x333.jpg 500w, https:\/\/julesverne.com.tr\/wp-content\/uploads\/2020\/09\/washington-768x512.jpg 768w\" sizes=\"(max-width: 999px) 100vw, 999px\" \/><\/strong><\/p>\n<p>Amerika Birle\u015fik Devletleri Anayasas\u0131&#8217;nda kad\u0131n ve erkeklere e\u015fit oy hakk\u0131 tan\u0131yan &#8220;19. De\u011fi\u015fiklik&#8221; in 100.y\u0131l\u0131nda Washington adeta insan haklar\u0131 ad\u0131na yap\u0131lan &ouml;nemli de\u011fi\u015fikliklere odaklan\u0131yor. \u015eehrin ikonik m&uuml;zelerinde d&uuml;zenlenen &ouml;zel sergiler ile birlikte Washington&#8217;un tad\u0131n\u0131 &ccedil;\u0131karmak i&ccedil;in seyahatinizi bahar aylar\u0131na denk getirin. B&ouml;ylelikle 20 Mart &#8211; 12 Nisan tarihlerinde ger&ccedil;ekle\u015fecek olan Cherry Blossom Festival ile kiraz &ccedil;i&ccedil;eklerinin \u015fehri g&uuml;zelle\u015ftirmesine tan\u0131k olabilirsiniz.<\/p>\n<p><strong>Galway, \u0130rlanda&nbsp;<\/strong><\/p>\n<p style=\"text-align: center;\"><strong><img loading=\"lazy\" decoding=\"async\" class=\"alignnone size-full wp-image-3206\" src=\"https:\/\/www.julesverne.com.tr\/\/wp-content\/uploads\/2020\/09\/galway.jpg\" width=\"896\" height=\"596\" alt=\"\" srcset=\"https:\/\/julesverne.com.tr\/wp-content\/uploads\/2020\/09\/galway.jpg 896w, https:\/\/julesverne.com.tr\/wp-content\/uploads\/2020\/09\/galway-500x333.jpg 500w, https:\/\/julesverne.com.tr\/wp-content\/uploads\/2020\/09\/galway-768x511.jpg 768w\" sizes=\"(max-width: 896px) 100vw, 896px\" \/><\/strong><\/p>\n<p>\u0130rlanda&#8217;n\u0131n Bat\u0131 k\u0131y\u0131lar\u0131n\u0131n y\u0131ld\u0131z\u0131 Galway bu y\u0131l se&ccedil;ildi! &Uuml;lkenin bohem &ccedil;ocu\u011fu olarak bilinen Galway tasar\u0131mc\u0131 ve sanat&ccedil;\u0131lar\u0131n beslendi\u011fi, ilham ald\u0131\u011f\u0131 bir hazine. K&uuml;&ccedil;&uuml;k bir \u015fehir olmas\u0131na ra\u011fmen her zaman yeni bir \u015fey sunabilen Galway&#8217;in dar sokaklar\u0131nda dola\u015f\u0131rken tarihi binalar, k&uuml;&ccedil;&uuml;k d&uuml;kk&acirc;nlar, keyifli kafeler ve kitap&ccedil;\u0131lar ilginizi &ccedil;ekecek. Unutmadan, Galway&#8217;in gurme \u015fehirler aras\u0131nda h\u0131zla y&uuml;kseldi\u011fini duymayan kald\u0131 m\u0131?<\/p>\n<p><strong>Kochi, Hindistan<\/strong><\/p>\n<p style=\"text-align: center;\"><strong><img loading=\"lazy\" decoding=\"async\" class=\"alignnone size-full wp-image-3207\" src=\"https:\/\/www.julesverne.com.tr\/\/wp-content\/uploads\/2020\/09\/kochi.jpg\" width=\"999\" height=\"628\" alt=\"\" srcset=\"https:\/\/julesverne.com.tr\/wp-content\/uploads\/2020\/09\/kochi.jpg 999w, https:\/\/julesverne.com.tr\/wp-content\/uploads\/2020\/09\/kochi-500x314.jpg 500w, https:\/\/julesverne.com.tr\/wp-content\/uploads\/2020\/09\/kochi-768x483.jpg 768w\" sizes=\"(max-width: 999px) 100vw, 999px\" \/><\/strong><\/p>\n<p>Umman Denizi&#8217;ne bakan ve Kerala B&ouml;lgesi&#8217;nin en b&uuml;y&uuml;k \u015fehri olan Kochi s&ouml;m&uuml;rge mimarisi ve sanat trendleriyle size farkl\u0131 bak\u0131\u015f a&ccedil;\u0131lar\u0131 sunan, \u015fa\u015f\u0131rt\u0131c\u0131 bir destinasyon. Y&uuml;zy\u0131llar boyu Arap, Hollanda, \u0130ngiliz, &Ccedil;in ve Portekiz y&ouml;netimi alt\u0131nda olan ve bu farkl\u0131 k&uuml;lt&uuml;rlerden izlerle \u015fekillenen Kochi, bienallere ev sahipli\u011fi yaparak sanatsal zenginli\u011fini de ortaya koymaktan &ccedil;ekinmiyor. Kerala&rsquo;n\u0131n d&uuml;nyan\u0131n ilk g&uuml;ne\u015f enerjisi ile &ccedil;al\u0131\u015fan havaalan\u0131 Cochin Havaliman\u0131 ile farkl\u0131 ve benzersiz oldu\u011funu bir kez daha kan\u0131tlad\u0131.<\/p>\n<p><strong>G&ouml;beklitepe, T&uuml;rkiye<\/strong><\/p>\n<p style=\"text-align: center;\"><strong><img loading=\"lazy\" decoding=\"async\" class=\"alignnone size-full wp-image-3208\" src=\"https:\/\/www.julesverne.com.tr\/\/wp-content\/uploads\/2020\/09\/gobeklitepe-2.jpg\" width=\"999\" height=\"661\" alt=\"\" srcset=\"https:\/\/julesverne.com.tr\/wp-content\/uploads\/2020\/09\/gobeklitepe-2.jpg 999w, https:\/\/julesverne.com.tr\/wp-content\/uploads\/2020\/09\/gobeklitepe-2-500x331.jpg 500w, https:\/\/julesverne.com.tr\/wp-content\/uploads\/2020\/09\/gobeklitepe-2-768x508.jpg 768w\" sizes=\"(max-width: 999px) 100vw, 999px\" \/><\/strong><\/p>\n<p>UNESCO D&uuml;nya Miras\u0131 Listesi&#8217;nde yer alan G&ouml;beklitepe&#8217;nin &ouml;nemi ve gizemi asl\u0131nda s\u0131n\u0131rlar\u0131 a\u015f\u0131yor. \u015eanl\u0131urfa merkezinden 30 dakika uzakl\u0131kta ortaya &ccedil;\u0131kar\u0131lan G&ouml;beklitepe insanl\u0131k tarihinde bug&uuml;ne kadar bilinen ger&ccedil;ekleri ters y&uuml;z ederek sadece T&uuml;rkiye&#8217;nin de\u011fil d&uuml;nyan\u0131n en &ouml;nemli antik kentlerinden biri oldu. 12 bin y\u0131l &ouml;nce in\u015fa edilen tap\u0131naklar\u0131n bulunmas\u0131 ile tarihe yeni bir y&ouml;n veren G&ouml;beklitepe&#8217;nin gizemi ise hen&uuml;z &ccedil;&ouml;z&uuml;lebilmi\u015f de\u011fil. G&uuml;n&uuml;m&uuml;ze kadar binlerce y\u0131l bu denli iyi korunabilmi\u015f olmas\u0131n\u0131n sebebi ise in\u015fas\u0131ndan bin y\u0131l sonra tonlarca toprak ve &ccedil;akmakta\u015f\u0131yla &uuml;zeri &ouml;rt&uuml;lerek saklanmas\u0131!<\/p>\n<p><strong>Mendoza, Arjantin<\/strong><\/p>\n<p style=\"text-align: center;\"><strong><img loading=\"lazy\" decoding=\"async\" class=\"alignnone size-full wp-image-3209\" src=\"https:\/\/www.julesverne.com.tr\/\/wp-content\/uploads\/2020\/09\/mendoza.jpg\" width=\"999\" height=\"731\" alt=\"\" srcset=\"https:\/\/julesverne.com.tr\/wp-content\/uploads\/2020\/09\/mendoza.jpg 999w, https:\/\/julesverne.com.tr\/wp-content\/uploads\/2020\/09\/mendoza-500x366.jpg 500w, https:\/\/julesverne.com.tr\/wp-content\/uploads\/2020\/09\/mendoza-768x562.jpg 768w\" sizes=\"(max-width: 999px) 100vw, 999px\" \/><\/strong><\/p>\n<p>Arjantin&#8217;in bat\u0131s\u0131nda yer alan Mendoza i&ccedil;in &#8220;Arjantin&#8217;in Gururu&#8221; desek yeridir. And Da\u011flar\u0131 taraf\u0131ndan &ccedil;evrili olan &uuml;lkenin d&ouml;rd&uuml;nc&uuml; b&uuml;y&uuml;k \u015fehri ayn\u0131 zamanda d&uuml;nyan\u0131n en iyi &#8220;Malbec&#8221; \u015faraplar\u0131n\u0131n &uuml;retildi\u011fi hazinesi. Maip&uacute;, Lujan de Cuyo ve Uco Valley olarak 3 \u015farap b&ouml;lgesinden olu\u015fan Mendoza&#8217;n\u0131n benzersiz olmas\u0131 elveri\u015fli ikliminden geliyor. Karl\u0131 And da\u011flar\u0131yla &ccedil;evrili tek katl\u0131 \u015farap evleri &uuml;nl&uuml; \u015faraplar\u0131 tatman\u0131z i&ccedil;in sizi &ccedil;a\u011f\u0131r\u0131yor.<\/p>\n<p><strong>Salzburg, Avusturya<\/strong><\/p>\n<p style=\"text-align: center;\"><strong><img loading=\"lazy\" decoding=\"async\" class=\"alignnone size-full wp-image-3210\" src=\"https:\/\/www.julesverne.com.tr\/\/wp-content\/uploads\/2020\/09\/salzburg2020.jpg\" width=\"999\" height=\"714\" alt=\"\" srcset=\"https:\/\/julesverne.com.tr\/wp-content\/uploads\/2020\/09\/salzburg2020.jpg 999w, https:\/\/julesverne.com.tr\/wp-content\/uploads\/2020\/09\/salzburg2020-500x357.jpg 500w, https:\/\/julesverne.com.tr\/wp-content\/uploads\/2020\/09\/salzburg2020-768x549.jpg 768w\" sizes=\"(max-width: 999px) 100vw, 999px\" \/><\/strong><\/p>\n<p>Avusturya&rsquo;n\u0131n m&uuml;zik \u015fehri Salzburg&rsquo;u bu y\u0131l ayr\u0131cal\u0131kl\u0131 k\u0131lan Salzburg Festivali&rsquo;nin 100.y\u0131l\u0131n\u0131n kutlanacak olmas\u0131! 1920 y\u0131l\u0131nda ilk d&uuml;zenlendi\u011fi zaman s\u0131n\u0131rl\u0131 say\u0131da performans\u0131n yer ald\u0131\u011f\u0131 festival y\u0131llar i&ccedil;erisinde b&uuml;y&uuml;yerek d&uuml;nyan\u0131n &ouml;nde gelen m&uuml;zik festivalleri aras\u0131na girdi. Sadece bir m&uuml;zik festivali de\u011fil ayn\u0131 zamanda bir tarihsel yolculuk olarak okuyaca\u011f\u0131m\u0131z Salzburg Festivali 100.y\u0131l\u0131nda 44 g&uuml;n boyunca \u015fehri m&uuml;zikle bulu\u015fturacak.<\/p>\n<p><strong>Guatemala<\/strong><\/p>\n<p style=\"text-align: center;\"><strong><img loading=\"lazy\" decoding=\"async\" class=\"alignnone size-full wp-image-3211\" src=\"https:\/\/www.julesverne.com.tr\/\/wp-content\/uploads\/2020\/09\/Guatemalatikal.jpg\" width=\"999\" height=\"552\" alt=\"\" srcset=\"https:\/\/julesverne.com.tr\/wp-content\/uploads\/2020\/09\/Guatemalatikal.jpg 999w, https:\/\/julesverne.com.tr\/wp-content\/uploads\/2020\/09\/Guatemalatikal-500x276.jpg 500w, https:\/\/julesverne.com.tr\/wp-content\/uploads\/2020\/09\/Guatemalatikal-768x424.jpg 768w\" sizes=\"(max-width: 999px) 100vw, 999px\" \/><\/strong><\/p>\n<p>Maya Uygarl\u0131\u011f\u0131&#8217;n\u0131n kalbine, Orta Amerika&#8217;daki merkezi Guatemala&#8217;ya yapaca\u011f\u0131n\u0131z yolculuk ge&ccedil;mi\u015f ve bug&uuml;n aras\u0131nda yap\u0131lacak en h\u0131zl\u0131 yolculuk olacak! Maya k&uuml;lt&uuml;r&uuml;n&uuml;n kalbi olarak kabul edilen Guatemala&#8217;da uygarl\u0131\u011fa ait d&uuml;zinelerce tarihi alan var. Maya torunlar\u0131n\u0131n n&uuml;fusun yar\u0131s\u0131ndan fazlas\u0131n\u0131 olu\u015fturdu\u011fu Guatemala Orta Amerika&#8217;da yerli k&uuml;lt&uuml;rel &ccedil;o\u011funlu\u011fa sahip tek &uuml;lke ayn\u0131 zamanda. Maya Biosphere Reserve s\u0131n\u0131rlar\u0131 i&ccedil;erisinde, ya\u011fmur ormanlar\u0131 alt\u0131nda, lazer teknolojisi ile tespit edilen insan yap\u0131m\u0131 Maya kal\u0131nt\u0131lar\u0131n\u0131n Maya arkeolojisi i&ccedil;in &#8220;d&ouml;n&uuml;m noktas\u0131&#8221; kabul edildi\u011fini biliyor muydunuz?&nbsp;<\/p>\n<p><strong>Rabat, Fas<\/strong><\/p>\n<p style=\"text-align: center;\"><strong><img loading=\"lazy\" decoding=\"async\" class=\"alignnone size-full wp-image-3212\" src=\"https:\/\/www.julesverne.com.tr\/\/wp-content\/uploads\/2020\/09\/rabat.jpg\" width=\"999\" height=\"666\" alt=\"\" srcset=\"https:\/\/julesverne.com.tr\/wp-content\/uploads\/2020\/09\/rabat.jpg 999w, https:\/\/julesverne.com.tr\/wp-content\/uploads\/2020\/09\/rabat-500x333.jpg 500w, https:\/\/julesverne.com.tr\/wp-content\/uploads\/2020\/09\/rabat-768x512.jpg 768w\" sizes=\"(max-width: 999px) 100vw, 999px\" \/><\/strong><\/p>\n<p>Fas seyahatlerinde geri plana at\u0131lan ama bize g&ouml;re art\u0131k ba\u015frolde olmas\u0131 gereken \u015fehir: Rabat. Atlantik k\u0131y\u0131s\u0131nda yer alan Fas&#8217;\u0131n ba\u015fkenti ayn\u0131 zamanda UNESCO listesinde yer al\u0131yor. Belirgin bir Avrupa etkisinde olan Rabat bekledi\u011finizde &ccedil;ok daha renkli bir \u015fehir. Arap&ccedil;a, \u0130ngilizce ve Frans\u0131zca dillerinin h&acirc;kim oldu\u011fu yerel ya\u015fam\u0131, temiz sokaklar\u0131, hareketli ya\u015fam\u0131 sizi \u015fa\u015f\u0131rtmay\u0131 ba\u015faracak! 2019 y\u0131l\u0131nda ger&ccedil;ekle\u015fen Rabat Bienali sayesinde d&uuml;nyan\u0131n ilgisini &ccedil;ekmeyi ba\u015farm\u0131\u015f g&ouml;r&uuml;n&uuml;yor.<\/p>\n<p><strong>Siargao Island, Filipinler<\/strong><\/p>\n<p style=\"text-align: center;\"><strong><img loading=\"lazy\" decoding=\"async\" class=\"alignnone size-full wp-image-3213\" src=\"https:\/\/www.julesverne.com.tr\/\/wp-content\/uploads\/2020\/09\/siargaoguyam.jpg\" width=\"999\" height=\"666\" alt=\"\" srcset=\"https:\/\/julesverne.com.tr\/wp-content\/uploads\/2020\/09\/siargaoguyam.jpg 999w, https:\/\/julesverne.com.tr\/wp-content\/uploads\/2020\/09\/siargaoguyam-500x333.jpg 500w, https:\/\/julesverne.com.tr\/wp-content\/uploads\/2020\/09\/siargaoguyam-768x512.jpg 768w\" sizes=\"(max-width: 999px) 100vw, 999px\" \/><\/strong><\/p>\n<p>Filipinler&#8217;in gizli adas\u0131 Siargao &#8220;yery&uuml;z&uuml;ndeki cennet&#8221; tan\u0131m\u0131n\u0131 en &ccedil;ok hak eden yerlerden birisi! Bunca zaman geri planda kalan Siargao Adas\u0131 i&ccedil;in \u015fimdi &ldquo;parlama zaman\u0131&rdquo; diyebiliriz. &Ouml;zellikle s&ouml;rf tutkunlar\u0131n\u0131n ra\u011fbet g&ouml;sterdi\u011fi ada d&uuml;nyan\u0131n en yeni s&ouml;rf merkezlerinden biri. G&ouml;zya\u015f\u0131 \u015feklini and\u0131ran adan\u0131n s&ouml;rf noktalar\u0131 d\u0131\u015f\u0131nda masmavi lag&uuml;nleri, sakin plajlar\u0131 ve tropikal manzaralar\u0131 size romantik ve do\u011fayla i&ccedil; i&ccedil;e bir seyahat vaat ediyor.<\/p>\n<p><strong>Kanada Arktik Adalar\u0131<\/strong><\/p>\n<p style=\"text-align: center;\"><strong><img loading=\"lazy\" decoding=\"async\" class=\"alignnone size-full wp-image-3214\" src=\"https:\/\/www.julesverne.com.tr\/\/wp-content\/uploads\/2020\/09\/canada.jpg\" width=\"822\" height=\"462\" alt=\"\" srcset=\"https:\/\/julesverne.com.tr\/wp-content\/uploads\/2020\/09\/canada.jpg 822w, https:\/\/julesverne.com.tr\/wp-content\/uploads\/2020\/09\/canada-500x281.jpg 500w, https:\/\/julesverne.com.tr\/wp-content\/uploads\/2020\/09\/canada-768x432.jpg 768w, https:\/\/julesverne.com.tr\/wp-content\/uploads\/2020\/09\/canada-400x225.jpg 400w\" sizes=\"(max-width: 822px) 100vw, 822px\" \/><\/strong><\/p>\n<p>Kuzey Amerika k\u0131tas\u0131n\u0131n kuzey taraf\u0131ndan Gr&ouml;nland&#8217;a kadar uzanan Kanada Arktik Adalar\u0131 d&uuml;nyan\u0131n u&ccedil;suz bucaks\u0131z oldu\u011funu ve tabiat\u0131n her \u015feyden g&uuml;&ccedil;l&uuml; oldu\u011funu bir kez daha g&ouml;steriyor. Ula\u015f\u0131lmaz olana ula\u015fman\u0131n hazz\u0131n\u0131 ya\u015fatan Arktik gemi seyahatlerine kat\u0131larak el de\u011fmemi\u015f binlerce ada toplulu\u011fu aras\u0131nda unutulmaz bir deneyim ya\u015fayabilirsiniz. Derin fiyortlar, heybetli buzullar, karla kapl\u0131 s\u0131ra da\u011flar, balinalar, deniz ku\u015fu kolonileri, kutup tilkileri, kurtlar ile do\u011fan\u0131n en saf ve vah\u015fi hayat\u0131yla tan\u0131\u015f\u0131n!<\/p>\n<h4 style=\"text-align: center;\"><strong>Size &ouml;zel seyahat program\u0131 ve rezervasyon i&ccedil;in:<\/strong><br \/><a href=\"mailto:travel@julesverne.com.tr\" target=\"_blank\" rel=\"noopener noreferrer\"><strong>travel@julesverne.com.tr<\/strong><\/a><br \/><strong>0212 266 6363 &#8211; 118<\/strong><\/h4>\n<\/p>\n<p><\/p>","protected":false},"excerpt":{"rendered":"<p>D&uuml;nya sizi bekliyor! Peki, sizin bu y\u0131l ilk rotan\u0131z neresi olacak? 2020 y\u0131l\u0131 ile birlikte bu sene d&uuml;nya &uuml;zerinde nereleri g&ouml;rmek istedi\u011finizi d&uuml;\u015f&uuml;nmenin zaman\u0131 geldi.<\/p>\n","protected":false},"author":1,"featured_media":2206,"comment_status":"closed","ping_status":"closed","sticky":false,"template":"","format":"standard","meta":{"inline_featured_image":false,"footnotes":""},"categories":[38,1],"tags":[],"acf":[],"yoast_head":"<!-- This site is optimized with the Yoast SEO plugin v22.3 - https:\/\/yoast.com\/wordpress\/plugins\/seo\/ -->\n<title>2020&#039;nin Pop\u00fcler Seyahat Destinasyonlar\u0131 - JULES VERNE BUSINESS MICE TRAVEL<\/title>\n<meta name=\"description\" content=\"Eko turizmden macera seyahatlerine, gurme gezilerden k\u00fclt\u00fcrel seyahatlere 2020&#039;nin pop\u00fcler seyahat destinasyonlar\u0131...\" \/>\n<meta name=\"robots\" content=\"index, follow, max-snippet:-1, max-image-preview:large, max-video-preview:-1\" \/>\n<link rel=\"canonical\" href=\"https:\/\/julesverne.com.tr\/travel-blog\/2020nin-populer-seyahat-destinasyonlari\/\" \/>\n<meta property=\"og:locale\" content=\"en_US\" \/>\n<meta property=\"og:type\" content=\"article\" \/>\n<meta property=\"og:title\" content=\"2020&#039;nin Pop\u00fcler Seyahat Destinasyonlar\u0131 - JULES VERNE BUSINESS MICE TRAVEL\" \/>\n<meta property=\"og:description\" content=\"Eko turizmden macera seyahatlerine, gurme gezilerden k\u00fclt\u00fcrel seyahatlere 2020&#039;nin pop\u00fcler seyahat destinasyonlar\u0131...\" \/>\n<meta property=\"og:url\" content=\"https:\/\/julesverne.com.tr\/travel-blog\/2020nin-populer-seyahat-destinasyonlari\/\" \/>\n<meta property=\"og:site_name\" content=\"JULES VERNE BUSINESS MICE TRAVEL\" \/>\n<meta property=\"article:publisher\" content=\"https:\/\/www.facebook.com\/JulesVerneBusinessMiceTravel\/\" \/>\n<meta property=\"article:published_time\" content=\"2020-01-23T06:56:06+00:00\" \/>\n<meta property=\"article:modified_time\" content=\"2024-03-21T14:14:10+00:00\" \/>\n<meta property=\"og:image\" content=\"https:\/\/julesverne.com.tr\/wp-content\/uploads\/2020\/09\/keralalandscape.jpg\" \/>\n\t<meta property=\"og:image:width\" content=\"999\" \/>\n\t<meta property=\"og:image:height\" content=\"655\" \/>\n\t<meta property=\"og:image:type\" content=\"image\/jpeg\" \/>\n<meta name=\"author\" content=\"fikirman\" \/>\n<meta name=\"twitter:card\" content=\"summary_large_image\" \/>\n<meta name=\"twitter:creator\" content=\"@JV_BusinessMice\" \/>\n<meta name=\"twitter:site\" content=\"@JV_BusinessMice\" \/>\n<meta name=\"twitter:label1\" content=\"Written by\" \/>\n\t<meta name=\"twitter:data1\" content=\"fikirman\" \/>\n\t<meta name=\"twitter:label2\" content=\"Est. reading time\" \/>\n\t<meta name=\"twitter:data2\" content=\"10 minutes\" \/>\n<script type=\"application\/ld+json\" class=\"yoast-schema-graph\">{\"@context\":\"https:\/\/schema.org\",\"@graph\":[{\"@type\":\"Article\",\"@id\":\"https:\/\/julesverne.com.tr\/travel-blog\/2020nin-populer-seyahat-destinasyonlari\/#article\",\"isPartOf\":{\"@id\":\"https:\/\/julesverne.com.tr\/travel-blog\/2020nin-populer-seyahat-destinasyonlari\/\"},\"author\":{\"name\":\"fikirman\",\"@id\":\"https:\/\/julesverne.com.tr\/#\/schema\/person\/f4eb0514ae455538644c31b99a466fdb\"},\"headline\":\"2020&#8217;nin Pop\u00fcler Seyahat Destinasyonlar\u0131\",\"datePublished\":\"2020-01-23T06:56:06+00:00\",\"dateModified\":\"2024-03-21T14:14:10+00:00\",\"mainEntityOfPage\":{\"@id\":\"https:\/\/julesverne.com.tr\/travel-blog\/2020nin-populer-seyahat-destinasyonlari\/\"},\"wordCount\":3359,\"publisher\":{\"@id\":\"https:\/\/julesverne.com.tr\/#organization\"},\"image\":{\"@id\":\"https:\/\/julesverne.com.tr\/travel-blog\/2020nin-populer-seyahat-destinasyonlari\/#primaryimage\"},\"thumbnailUrl\":\"https:\/\/julesverne.com.tr\/wp-content\/uploads\/2020\/09\/keralalandscape.jpg\",\"articleSection\":[\"\u0130lham Veren Destinasyonlar\",\"Blog\"],\"inLanguage\":\"en-US\"},{\"@type\":\"WebPage\",\"@id\":\"https:\/\/julesverne.com.tr\/travel-blog\/2020nin-populer-seyahat-destinasyonlari\/\",\"url\":\"https:\/\/julesverne.com.tr\/travel-blog\/2020nin-populer-seyahat-destinasyonlari\/\",\"name\":\"2020'nin Pop\u00fcler Seyahat Destinasyonlar\u0131 - JULES VERNE BUSINESS MICE TRAVEL\",\"isPartOf\":{\"@id\":\"https:\/\/julesverne.com.tr\/#website\"},\"primaryImageOfPage\":{\"@id\":\"https:\/\/julesverne.com.tr\/travel-blog\/2020nin-populer-seyahat-destinasyonlari\/#primaryimage\"},\"image\":{\"@id\":\"https:\/\/julesverne.com.tr\/travel-blog\/2020nin-populer-seyahat-destinasyonlari\/#primaryimage\"},\"thumbnailUrl\":\"https:\/\/julesverne.com.tr\/wp-content\/uploads\/2020\/09\/keralalandscape.jpg\",\"datePublished\":\"2020-01-23T06:56:06+00:00\",\"dateModified\":\"2024-03-21T14:14:10+00:00\",\"description\":\"Eko turizmden macera seyahatlerine, gurme gezilerden k\u00fclt\u00fcrel seyahatlere 2020'nin pop\u00fcler seyahat destinasyonlar\u0131...\",\"breadcrumb\":{\"@id\":\"https:\/\/julesverne.com.tr\/travel-blog\/2020nin-populer-seyahat-destinasyonlari\/#breadcrumb\"},\"inLanguage\":\"en-US\",\"potentialAction\":[{\"@type\":\"ReadAction\",\"target\":[\"https:\/\/julesverne.com.tr\/travel-blog\/2020nin-populer-seyahat-destinasyonlari\/\"]}]},{\"@type\":\"ImageObject\",\"inLanguage\":\"en-US\",\"@id\":\"https:\/\/julesverne.com.tr\/travel-blog\/2020nin-populer-seyahat-destinasyonlari\/#primaryimage\",\"url\":\"https:\/\/julesverne.com.tr\/wp-content\/uploads\/2020\/09\/keralalandscape.jpg\",\"contentUrl\":\"https:\/\/julesverne.com.tr\/wp-content\/uploads\/2020\/09\/keralalandscape.jpg\",\"width\":999,\"height\":655},{\"@type\":\"BreadcrumbList\",\"@id\":\"https:\/\/julesverne.com.tr\/travel-blog\/2020nin-populer-seyahat-destinasyonlari\/#breadcrumb\",\"itemListElement\":[{\"@type\":\"ListItem\",\"position\":1,\"name\":\"Anasayfa\",\"item\":\"https:\/\/julesverne.com.tr\/\"},{\"@type\":\"ListItem\",\"position\":2,\"name\":\"2020&#8217;nin Pop\u00fcler Seyahat Destinasyonlar\u0131\"}]},{\"@type\":\"WebSite\",\"@id\":\"https:\/\/julesverne.com.tr\/#website\",\"url\":\"https:\/\/julesverne.com.tr\/\",\"name\":\"JULES VERNE BUSINESS MICE TRAVEL\",\"description\":\"\",\"publisher\":{\"@id\":\"https:\/\/julesverne.com.tr\/#organization\"},\"potentialAction\":[{\"@type\":\"SearchAction\",\"target\":{\"@type\":\"EntryPoint\",\"urlTemplate\":\"https:\/\/julesverne.com.tr\/?s={search_term_string}\"},\"query-input\":\"required name=search_term_string\"}],\"inLanguage\":\"en-US\"},{\"@type\":\"Organization\",\"@id\":\"https:\/\/julesverne.com.tr\/#organization\",\"name\":\"JULES VERNE BUSINESS MICE TRAVEL\",\"url\":\"https:\/\/julesverne.com.tr\/\",\"logo\":{\"@type\":\"ImageObject\",\"inLanguage\":\"en-US\",\"@id\":\"https:\/\/julesverne.com.tr\/#\/schema\/logo\/image\/\",\"url\":\"https:\/\/julesverne.com.tr\/wp-content\/uploads\/2020\/09\/jv-bmt-logo.png\",\"contentUrl\":\"https:\/\/julesverne.com.tr\/wp-content\/uploads\/2020\/09\/jv-bmt-logo.png\",\"width\":110,\"height\":81,\"caption\":\"JULES VERNE BUSINESS MICE TRAVEL\"},\"image\":{\"@id\":\"https:\/\/julesverne.com.tr\/#\/schema\/logo\/image\/\"},\"sameAs\":[\"https:\/\/www.facebook.com\/JulesVerneBusinessMiceTravel\/\",\"https:\/\/twitter.com\/JV_BusinessMice\",\"https:\/\/www.instagram.com\/julesvernebusinessmicetravel\/\",\"https:\/\/www.linkedin.com\/company\/julesvernebusinessmicetravel\/\",\"https:\/\/www.youtube.com\/channel\/UCAwdsmbZ6tFhu1tea6pkpiw\"]},{\"@type\":\"Person\",\"@id\":\"https:\/\/julesverne.com.tr\/#\/schema\/person\/f4eb0514ae455538644c31b99a466fdb\",\"name\":\"fikirman\",\"sameAs\":[\"http:\/\/advermedya.net\/julesverne\"],\"url\":\"https:\/\/julesverne.com.tr\/en\/author\/fikirman\/\"}]}<\/script>\n<!-- \/ Yoast SEO plugin. -->","yoast_head_json":{"title":"2020'nin Pop\u00fcler Seyahat Destinasyonlar\u0131 - JULES VERNE BUSINESS MICE TRAVEL","description":"Eko turizmden macera seyahatlerine, gurme gezilerden k\u00fclt\u00fcrel seyahatlere 2020'nin pop\u00fcler seyahat destinasyonlar\u0131...","robots":{"index":"index","follow":"follow","max-snippet":"max-snippet:-1","max-image-preview":"max-image-preview:large","max-video-preview":"max-video-preview:-1"},"canonical":"https:\/\/julesverne.com.tr\/travel-blog\/2020nin-populer-seyahat-destinasyonlari\/","og_locale":"en_US","og_type":"article","og_title":"2020'nin Pop\u00fcler Seyahat Destinasyonlar\u0131 - JULES VERNE BUSINESS MICE TRAVEL","og_description":"Eko turizmden macera seyahatlerine, gurme gezilerden k\u00fclt\u00fcrel seyahatlere 2020'nin pop\u00fcler seyahat destinasyonlar\u0131...","og_url":"https:\/\/julesverne.com.tr\/travel-blog\/2020nin-populer-seyahat-destinasyonlari\/","og_site_name":"JULES VERNE BUSINESS MICE TRAVEL","article_publisher":"https:\/\/www.facebook.com\/JulesVerneBusinessMiceTravel\/","article_published_time":"2020-01-23T06:56:06+00:00","article_modified_time":"2024-03-21T14:14:10+00:00","og_image":[{"width":999,"height":655,"url":"https:\/\/julesverne.com.tr\/wp-content\/uploads\/2020\/09\/keralalandscape.jpg","type":"image\/jpeg"}],"author":"fikirman","twitter_card":"summary_large_image","twitter_creator":"@JV_BusinessMice","twitter_site":"@JV_BusinessMice","twitter_misc":{"Written by":"fikirman","Est. reading time":"10 minutes"},"schema":{"@context":"https:\/\/schema.org","@graph":[{"@type":"Article","@id":"https:\/\/julesverne.com.tr\/travel-blog\/2020nin-populer-seyahat-destinasyonlari\/#article","isPartOf":{"@id":"https:\/\/julesverne.com.tr\/travel-blog\/2020nin-populer-seyahat-destinasyonlari\/"},"author":{"name":"fikirman","@id":"https:\/\/julesverne.com.tr\/#\/schema\/person\/f4eb0514ae455538644c31b99a466fdb"},"headline":"2020&#8217;nin Pop\u00fcler Seyahat Destinasyonlar\u0131","datePublished":"2020-01-23T06:56:06+00:00","dateModified":"2024-03-21T14:14:10+00:00","mainEntityOfPage":{"@id":"https:\/\/julesverne.com.tr\/travel-blog\/2020nin-populer-seyahat-destinasyonlari\/"},"wordCount":3359,"publisher":{"@id":"https:\/\/julesverne.com.tr\/#organization"},"image":{"@id":"https:\/\/julesverne.com.tr\/travel-blog\/2020nin-populer-seyahat-destinasyonlari\/#primaryimage"},"thumbnailUrl":"https:\/\/julesverne.com.tr\/wp-content\/uploads\/2020\/09\/keralalandscape.jpg","articleSection":["\u0130lham Veren Destinasyonlar","Blog"],"inLanguage":"en-US"},{"@type":"WebPage","@id":"https:\/\/julesverne.com.tr\/travel-blog\/2020nin-populer-seyahat-destinasyonlari\/","url":"https:\/\/julesverne.com.tr\/travel-blog\/2020nin-populer-seyahat-destinasyonlari\/","name":"2020'nin Pop\u00fcler Seyahat Destinasyonlar\u0131 - JULES VERNE BUSINESS MICE TRAVEL","isPartOf":{"@id":"https:\/\/julesverne.com.tr\/#website"},"primaryImageOfPage":{"@id":"https:\/\/julesverne.com.tr\/travel-blog\/2020nin-populer-seyahat-destinasyonlari\/#primaryimage"},"image":{"@id":"https:\/\/julesverne.com.tr\/travel-blog\/2020nin-populer-seyahat-destinasyonlari\/#primaryimage"},"thumbnailUrl":"https:\/\/julesverne.com.tr\/wp-content\/uploads\/2020\/09\/keralalandscape.jpg","datePublished":"2020-01-23T06:56:06+00:00","dateModified":"2024-03-21T14:14:10+00:00","description":"Eko turizmden macera seyahatlerine, gurme gezilerden k\u00fclt\u00fcrel seyahatlere 2020'nin pop\u00fcler seyahat destinasyonlar\u0131...","breadcrumb":{"@id":"https:\/\/julesverne.com.tr\/travel-blog\/2020nin-populer-seyahat-destinasyonlari\/#breadcrumb"},"inLanguage":"en-US","potentialAction":[{"@type":"ReadAction","target":["https:\/\/julesverne.com.tr\/travel-blog\/2020nin-populer-seyahat-destinasyonlari\/"]}]},{"@type":"ImageObject","inLanguage":"en-US","@id":"https:\/\/julesverne.com.tr\/travel-blog\/2020nin-populer-seyahat-destinasyonlari\/#primaryimage","url":"https:\/\/julesverne.com.tr\/wp-content\/uploads\/2020\/09\/keralalandscape.jpg","contentUrl":"https:\/\/julesverne.com.tr\/wp-content\/uploads\/2020\/09\/keralalandscape.jpg","width":999,"height":655},{"@type":"BreadcrumbList","@id":"https:\/\/julesverne.com.tr\/travel-blog\/2020nin-populer-seyahat-destinasyonlari\/#breadcrumb","itemListElement":[{"@type":"ListItem","position":1,"name":"Anasayfa","item":"https:\/\/julesverne.com.tr\/"},{"@type":"ListItem","position":2,"name":"2020&#8217;nin Pop\u00fcler Seyahat Destinasyonlar\u0131"}]},{"@type":"WebSite","@id":"https:\/\/julesverne.com.tr\/#website","url":"https:\/\/julesverne.com.tr\/","name":"JULES VERNE BUSINESS MICE TRAVEL","description":"","publisher":{"@id":"https:\/\/julesverne.com.tr\/#organization"},"potentialAction":[{"@type":"SearchAction","target":{"@type":"EntryPoint","urlTemplate":"https:\/\/julesverne.com.tr\/?s={search_term_string}"},"query-input":"required name=search_term_string"}],"inLanguage":"en-US"},{"@type":"Organization","@id":"https:\/\/julesverne.com.tr\/#organization","name":"JULES VERNE BUSINESS MICE TRAVEL","url":"https:\/\/julesverne.com.tr\/","logo":{"@type":"ImageObject","inLanguage":"en-US","@id":"https:\/\/julesverne.com.tr\/#\/schema\/logo\/image\/","url":"https:\/\/julesverne.com.tr\/wp-content\/uploads\/2020\/09\/jv-bmt-logo.png","contentUrl":"https:\/\/julesverne.com.tr\/wp-content\/uploads\/2020\/09\/jv-bmt-logo.png","width":110,"height":81,"caption":"JULES VERNE BUSINESS MICE TRAVEL"},"image":{"@id":"https:\/\/julesverne.com.tr\/#\/schema\/logo\/image\/"},"sameAs":["https:\/\/www.facebook.com\/JulesVerneBusinessMiceTravel\/","https:\/\/twitter.com\/JV_BusinessMice","https:\/\/www.instagram.com\/julesvernebusinessmicetravel\/","https:\/\/www.linkedin.com\/company\/julesvernebusinessmicetravel\/","https:\/\/www.youtube.com\/channel\/UCAwdsmbZ6tFhu1tea6pkpiw"]},{"@type":"Person","@id":"https:\/\/julesverne.com.tr\/#\/schema\/person\/f4eb0514ae455538644c31b99a466fdb","name":"fikirman","sameAs":["http:\/\/advermedya.net\/julesverne"],"url":"https:\/\/julesverne.com.tr\/en\/author\/fikirman\/"}]}},"_links":{"self":[{"href":"https:\/\/julesverne.com.tr\/en\/wp-json\/wp\/v2\/posts\/2205"}],"collection":[{"href":"https:\/\/julesverne.com.tr\/en\/wp-json\/wp\/v2\/posts"}],"about":[{"href":"https:\/\/julesverne.com.tr\/en\/wp-json\/wp\/v2\/types\/post"}],"author":[{"embeddable":true,"href":"https:\/\/julesverne.com.tr\/en\/wp-json\/wp\/v2\/users\/1"}],"replies":[{"embeddable":true,"href":"https:\/\/julesverne.com.tr\/en\/wp-json\/wp\/v2\/comments?post=2205"}],"version-history":[{"count":1,"href":"https:\/\/julesverne.com.tr\/en\/wp-json\/wp\/v2\/posts\/2205\/revisions"}],"predecessor-version":[{"id":16992,"href":"https:\/\/julesverne.com.tr\/en\/wp-json\/wp\/v2\/posts\/2205\/revisions\/16992"}],"wp:featuredmedia":[{"embeddable":true,"href":"https:\/\/julesverne.com.tr\/en\/wp-json\/wp\/v2\/media\/2206"}],"wp:attachment":[{"href":"https:\/\/julesverne.com.tr\/en\/wp-json\/wp\/v2\/media?parent=2205"}],"wp:term":[{"taxonomy":"category","embeddable":true,"href":"https:\/\/julesverne.com.tr\/en\/wp-json\/wp\/v2\/categories?post=2205"},{"taxonomy":"post_tag","embeddable":true,"href":"https:\/\/julesverne.com.tr\/en\/wp-json\/wp\/v2\/tags?post=2205"}],"curies":[{"name":"wp","href":"https:\/\/api.w.org\/{rel}","templated":true}]}}