{"id":2195,"date":"2019-12-27T10:04:16","date_gmt":"2019-12-27T07:04:16","guid":{"rendered":"https:\/\/www.julesverne.com.tr\/\/blog\/2020-resmi-tatil-gunlerine-gore-seyahat-onerileri\/"},"modified":"2024-03-21T17:20:00","modified_gmt":"2024-03-21T14:20:00","slug":"2020-resmi-tatil-gunlerine-gore-seyahat-onerileri","status":"publish","type":"post","link":"https:\/\/julesverne.com.tr\/en\/travel-blog\/2020-resmi-tatil-gunlerine-gore-seyahat-onerileri\/","title":{"rendered":"2020 Resmi Tatil G\u00fcnlerine G\u00f6re Seyahat \u00d6nerileri"},"content":{"rendered":"<p><\/p>\n<p><p style=\"text-align: center;\"><img loading=\"lazy\" decoding=\"async\" class=\"alignnone size-full wp-image-3260\" src=\"https:\/\/www.julesverne.com.tr\/\/wp-content\/uploads\/2020\/09\/Villefranche_sur_Mer-1.jpg\" width=\"999\" height=\"625\" alt=\"\" srcset=\"https:\/\/julesverne.com.tr\/wp-content\/uploads\/2020\/09\/Villefranche_sur_Mer-1.jpg 999w, https:\/\/julesverne.com.tr\/wp-content\/uploads\/2020\/09\/Villefranche_sur_Mer-1-500x313.jpg 500w, https:\/\/julesverne.com.tr\/wp-content\/uploads\/2020\/09\/Villefranche_sur_Mer-1-768x480.jpg 768w\" sizes=\"(max-width: 999px) 100vw, 999px\" \/><\/p>\n<p>2020 y\u0131l\u0131nda da bol bol seyahat etmek, her an\u0131 de\u011ferlendirmek isteyen uslanmaz gezginler i&ccedil;in 2020 resmi tatil g&uuml;nlerine g&ouml;re seyahat &ouml;nerileri haz\u0131rlad\u0131k. 2020 y\u0131l\u0131n\u0131n takvimine g&ouml;re bu y\u0131l &ccedil;al\u0131\u015fanlar, tatil g&uuml;nlerini birle\u015ftirerek 44 g&uuml;n izin kullanabilecekler. 2020 resmi tatil g&uuml;nlerini seyahatle de\u011ferlendirmek isteyenler i&ccedil;in hem yurt i&ccedil;i hem de yurt d\u0131\u015f\u0131 rotalar\u0131n\u0131 derledik. Kazda\u011flar\u0131&#8217;ndan Dat&ccedil;a&#8217;ya; \u015eav\u015fat&#8217;tan Tekirda\u011f&#8217;a, Urla&#8217;dan Baks\u0131 M&uuml;zesi&#8217;ne; Marake\u015f&#8217;ten Symi&#8217;ye; Floransa&#8217;dan \u0130sko&ccedil;ya&#8217;ya 2020 resmi tatil g&uuml;nlerine g&ouml;re seyahat &ouml;nerileri&#8230;<\/p>\n<h4><strong>23 Nisan Ulusal Egemenlik ve &Ccedil;ocuk Bayram\u0131 (23 Nisan 2020, Per\u015fembe)<\/strong><\/h4>\n<p><span style=\"text-decoration: underline;\"><strong>Yurt \u0130&ccedil;i Seyahat &Ouml;nerisi<\/strong><\/span><\/p>\n<p><strong>Urla, \u0130zmir<\/strong><\/p>\n<p><strong><img loading=\"lazy\" decoding=\"async\" class=\"alignnone size-full wp-image-3261\" src=\"https:\/\/www.julesverne.com.tr\/\/wp-content\/uploads\/2020\/09\/urla-1.jpg\" width=\"999\" height=\"666\" alt=\"\" srcset=\"https:\/\/julesverne.com.tr\/wp-content\/uploads\/2020\/09\/urla-1.jpg 999w, https:\/\/julesverne.com.tr\/wp-content\/uploads\/2020\/09\/urla-1-500x333.jpg 500w, https:\/\/julesverne.com.tr\/wp-content\/uploads\/2020\/09\/urla-1-768x512.jpg 768w\" sizes=\"(max-width: 999px) 100vw, 999px\" \/><\/strong><\/p>\n<p>24 Nisan Cuma g&uuml;n&uuml;n&uuml; izin alarak 4 g&uuml;nl&uuml;k bir Ege deneyimine kucak a&ccedil;abilirsiniz. \u0130zmir&rsquo;in son y\u0131llarda h\u0131zla y&uuml;kseli\u015fte olan il&ccedil;esi Urla \u015farap evleri, festivalleri, at &ccedil;iftlikleri, gurme restoranlar\u0131 ile ge&ccedil;en her dakikan\u0131z\u0131 de\u011ferli k\u0131lmay\u0131 ama&ccedil;l\u0131yor. Arnavut kald\u0131r\u0131ml\u0131 sokaklar\u0131, tarihi evleri, butikleriyle her daim hareketli olan Urla Merkez ise k&uuml;&ccedil;&uuml;k bir kasaban\u0131n y\u0131llar i&ccedil;erisindeki sofistike d&ouml;n&uuml;\u015f&uuml;m&uuml;n&uuml; g&ouml;zler &ouml;n&uuml;ne seriyor. Do\u011faya, festivallere, Ege bitkilerine ilginiz varsa o zaman &ccedil;ok \u015fansl\u0131s\u0131n\u0131z &ccedil;&uuml;nk&uuml; Urla Enginar Festivali&rsquo;ne de kat\u0131labilirsiniz. Urla Yar\u0131madas\u0131&#8217;na &ouml;zg&uuml; olan &#8220;Sak\u0131z Enginar&#8221; \u0131n hik&acirc;yesinin anlat\u0131ld\u0131\u011f\u0131, sak\u0131z enginar ile farkl\u0131 lezzetlerin haz\u0131rland\u0131\u011f\u0131 festival &ouml;nemli konu\u015fmac\u0131lar\u0131n kat\u0131l\u0131m\u0131yla bir sohbet ve tad\u0131m havas\u0131nda ge&ccedil;iyor.&nbsp;<\/p>\n<p><span style=\"text-decoration: underline;\"><strong>Yurt D\u0131\u015f\u0131 Seyahat &Ouml;nerisi<\/strong><\/span><\/p>\n<p><strong>Marake\u015f, Fas<\/strong><\/p>\n<p style=\"text-align: center;\"><strong><img loading=\"lazy\" decoding=\"async\" class=\"alignnone size-full wp-image-3262\" src=\"https:\/\/www.julesverne.com.tr\/\/wp-content\/uploads\/2020\/09\/marakes.jpg\" width=\"999\" height=\"666\" alt=\"\" srcset=\"https:\/\/julesverne.com.tr\/wp-content\/uploads\/2020\/09\/marakes.jpg 999w, https:\/\/julesverne.com.tr\/wp-content\/uploads\/2020\/09\/marakes-500x333.jpg 500w, https:\/\/julesverne.com.tr\/wp-content\/uploads\/2020\/09\/marakes-768x512.jpg 768w\" sizes=\"(max-width: 999px) 100vw, 999px\" \/><\/strong><\/p>\n<p>1000 y\u0131ll\u0131k bir tarihten bahsederken bu \u015fehrin canl\u0131l\u0131\u011f\u0131, renklili\u011fi ve kaotik cazibesi hi&ccedil; eksilmiyor. Sahra &Ccedil;&ouml;l&uuml; k\u0131y\u0131s\u0131nda kurulan, Berberilerin tarihi \u015fehri olan Marake\u015f hi&ccedil;bir &ouml;rne\u011fine benzemiyor. 1956&#8217;da ba\u011f\u0131ms\u0131zl\u0131\u011f\u0131n\u0131 ilan ettikten sonra &ouml;zellikle yarat\u0131c\u0131l\u0131\u011f\u0131 hayat\u0131n\u0131n merkezine alan d&uuml;nya sanat&ccedil;\u0131lar\u0131n\u0131 kendine &ccedil;ekmeyi ba\u015farm\u0131\u015f. Andy Warhol, Rita Hayworth, Alfred Hitchcock, The Beatles, Rolling Stones, Yves Saint Laurent gibi sanat&ccedil;\u0131lar\u0131n ilham perisi olan Marake\u015f 21. y&uuml;zy\u0131lda da m&uuml;zeleri, camileri, labirenti and\u0131ran pazarlar\u0131, avlulu fantastik evleri, otantik restoranlar\u0131, festivalleriyle farkl\u0131 bir d&uuml;nya.<\/p>\n<h4><strong>1 May\u0131s Emek ve Dayan\u0131\u015fma G&uuml;n&uuml; ( 1 May\u0131s 2020, Cuma)<\/strong><\/h4>\n<p><span style=\"text-decoration: underline;\"><strong>Yurt \u0130&ccedil;i Seyahat &Ouml;nerisi<\/strong><\/span><\/p>\n<p><strong>Baks\u0131 M&uuml;zesi, Bayburt<\/strong><\/p>\n<p style=\"text-align: center;\"><strong><img loading=\"lazy\" decoding=\"async\" class=\"alignnone size-full wp-image-3263\" src=\"https:\/\/www.julesverne.com.tr\/\/wp-content\/uploads\/2020\/09\/baksi-2.jpg\" width=\"999\" height=\"666\" alt=\"\" srcset=\"https:\/\/julesverne.com.tr\/wp-content\/uploads\/2020\/09\/baksi-2.jpg 999w, https:\/\/julesverne.com.tr\/wp-content\/uploads\/2020\/09\/baksi-2-500x333.jpg 500w, https:\/\/julesverne.com.tr\/wp-content\/uploads\/2020\/09\/baksi-2-768x512.jpg 768w\" sizes=\"(max-width: 999px) 100vw, 999px\" \/><\/strong><\/p>\n<p>Sessiz bir tepede, hi&ccedil;li\u011fin ortas\u0131nda ye\u015feren bir ataya sayg\u0131 ve sanat projesi Baks\u0131 M&uuml;zesi&#8230; Bayburt&#8217;a 45 km mesafedeki Bayraktar K&ouml;y&uuml;, sanat&ccedil;\u0131 ve akademisyen Prof. Dr. H&uuml;samettin Ko&ccedil;an&#8217;\u0131n do\u011fdu\u011fu k&ouml;y. Ko&ccedil;an, k&uuml;&ccedil;&uuml;k ya\u015flar\u0131nda babas\u0131n\u0131n geli\u015fini bekledi\u011fi &Ccedil;oruh Vadisi manzaral\u0131 tepeye in\u015fa etti\u011fi m&uuml;zeye do\u011fdu\u011fu k&ouml;y&uuml;n eski ad\u0131n\u0131 vererek k&ouml;klerini onurland\u0131rm\u0131\u015f. M&uuml;zenin konumu ve manzaras\u0131, etkileyici mimarisi, y&uuml;re\u011finize i\u015fleyen koleksiyonu, kad\u0131n istihdam\u0131na katk\u0131s\u0131 ile sizi yepyeni bir d&uuml;nya ile tan\u0131\u015ft\u0131r\u0131yor. G&uuml;&ccedil;l&uuml; devletlere ev sahipli\u011fi yapan, Cumhuriyet&rsquo;in kurulu\u015funun mihenk ta\u015flar\u0131ndan biri olan Erzurum ve tarihi M.&Ouml;. 3000&#8217;li y\u0131llara dayanan Bayburt \u015fehri ile sanat odakl\u0131 seyahatinizi tarihsel ve k&uuml;lt&uuml;rel a&ccedil;\u0131dan da zenginle\u015ftirebilirsiniz.<\/p>\n<p><span style=\"text-decoration: underline;\"><strong>Yurt D\u0131\u015f\u0131 Seyahat &Ouml;nerisi<\/strong><\/span><\/p>\n<p><strong>Atina<\/strong><\/p>\n<p style=\"text-align: center;\"><strong><img loading=\"lazy\" decoding=\"async\" class=\"alignnone size-full wp-image-3264\" src=\"https:\/\/www.julesverne.com.tr\/\/wp-content\/uploads\/2020\/09\/atina.jpg\" width=\"999\" height=\"573\" alt=\"\" srcset=\"https:\/\/julesverne.com.tr\/wp-content\/uploads\/2020\/09\/atina.jpg 999w, https:\/\/julesverne.com.tr\/wp-content\/uploads\/2020\/09\/atina-500x287.jpg 500w, https:\/\/julesverne.com.tr\/wp-content\/uploads\/2020\/09\/atina-768x441.jpg 768w\" sizes=\"(max-width: 999px) 100vw, 999px\" \/><\/strong><\/p>\n<p>Yakla\u015f\u0131k 7000 y\u0131ll\u0131k bir tarihin varl\u0131\u011f\u0131ndan s&ouml;z ediyorsak, ya\u015famak i&ccedil;in binlerce y\u0131l &ouml;nce tercih edilen bir yer mutlaka g&ouml;r&uuml;lmeyi hak ediyor demektir! Yunan tanr\u0131lar\u0131n\u0131n imgeleri, Yunan filozoflar\u0131n d&uuml;\u015f&uuml;nceleriyle dolu bir Atina seyahatinde sizi tarih, sanat, k&uuml;lt&uuml;r, mitoloji, e\u011flence, al\u0131\u015fveri\u015f ke\u015fifleri bekliyor.&nbsp; Bat\u0131 medeniyetinin do\u011fum yeri kabul edilen Atina&#8217;da ge&ccedil;mi\u015f ve bug&uuml;n &ouml;yle i&ccedil; i&ccedil;e ge&ccedil;mi\u015f ki bu \u015fehirde bir anda kar\u015f\u0131n\u0131za Yunan mitolojisinden bir al\u0131nt\u0131 &ccedil;\u0131karken biraz sonra &ccedil;a\u011fda\u015f bir tasar\u0131m d&uuml;kk&acirc;n\u0131yla g&ouml;z g&ouml;ze gelebilirsiniz. Tabi, mutfak sahnesindeki ba\u015far\u0131s\u0131 ve sabahlara kadar s&uuml;ren e\u011flence anlay\u0131\u015f\u0131n\u0131 da ekleyelim.<\/p>\n<h4><strong>19 May\u0131s Atat&uuml;rk&#8217;&uuml; Anma, Gen&ccedil;lik ve Spor Bayram\u0131 (19 May\u0131s 2020 Sal\u0131)<\/strong><\/h4>\n<p><span style=\"text-decoration: underline;\"><strong>Yurt \u0130&ccedil;i Seyahat &Ouml;nerisi<\/strong><\/span><\/p>\n<p><strong>Tekirda\u011f Ba\u011f Rotas\u0131<\/strong><\/p>\n<p style=\"text-align: center;\"><strong><img loading=\"lazy\" decoding=\"async\" class=\"alignnone size-full wp-image-3265\" src=\"https:\/\/www.julesverne.com.tr\/\/wp-content\/uploads\/2020\/09\/tekirdag.jpg\" width=\"1280\" height=\"767\" alt=\"\" srcset=\"https:\/\/julesverne.com.tr\/wp-content\/uploads\/2020\/09\/tekirdag.jpg 1280w, https:\/\/julesverne.com.tr\/wp-content\/uploads\/2020\/09\/tekirdag-500x300.jpg 500w, https:\/\/julesverne.com.tr\/wp-content\/uploads\/2020\/09\/tekirdag-768x460.jpg 768w\" sizes=\"(max-width: 1280px) 100vw, 1280px\" \/><\/strong><\/p>\n<p>\u0130talya&rsquo;n\u0131n Toskana&rsquo;s\u0131, Fransa&rsquo;n\u0131n Bordeaux B&ouml;lgesi varsa elbette T&uuml;rkiye&rsquo;nin de Trakya Ba\u011f Rotas\u0131 var! Bir medeniyet, bir k&uuml;lt&uuml;rel de\u011fer olarak bu topraklarda binlerce y\u0131ll\u0131k tarihi olan \u015farap&ccedil;\u0131l\u0131k yeniden hayat buldu ve g&uuml;n&uuml;m&uuml;zde birbirinden &ouml;zel butik \u015farap &uuml;reticileriyle g&uuml;&ccedil;lendi. Havas\u0131, topra\u011f\u0131 ve &ccedil;ehresiyle ba\u011fc\u0131l\u0131k i&ccedil;in zengin bir &uuml;retim alan\u0131 sunan Tekirda\u011f B&ouml;lgesi \u015farap&ccedil;\u0131l\u0131\u011f\u0131 tutkuyla yapan &uuml;reticilere ev sahipli\u011fi yap\u0131yor. B&ouml;lgenin &ouml;zel lezzetlerini bulaca\u011f\u0131n\u0131z lokal restoranlar\u0131, butik ba\u011f otelleri ve SPA merkezleri olan l&uuml;ks ba\u011f otelleriyle Tekirda\u011f tam bir tarih, do\u011fa ve lezzet ke\u015ffi sunuyor.<\/p>\n<p><span style=\"text-decoration: underline;\"><strong>Yurt D\u0131\u015f\u0131 Seyahat &Ouml;nerisi<\/strong><\/span><\/p>\n<p><strong>Bordeaux \u015earap Rotas\u0131<\/strong><\/p>\n<p><strong><img loading=\"lazy\" decoding=\"async\" class=\"alignnone size-full wp-image-3266\" src=\"https:\/\/www.julesverne.com.tr\/\/wp-content\/uploads\/2020\/09\/medoc.jpg\" width=\"999\" height=\"668\" alt=\"\" srcset=\"https:\/\/julesverne.com.tr\/wp-content\/uploads\/2020\/09\/medoc.jpg 999w, https:\/\/julesverne.com.tr\/wp-content\/uploads\/2020\/09\/medoc-500x334.jpg 500w, https:\/\/julesverne.com.tr\/wp-content\/uploads\/2020\/09\/medoc-768x514.jpg 768w\" sizes=\"(max-width: 999px) 100vw, 999px\" \/><\/strong><\/p>\n<p>Orta &Ccedil;a\u011f ve 18.y&uuml;zy\u0131l d&ouml;nemine ait ihti\u015fam\u0131 mimarisinde, sanat\u0131nda, ya\u015fam k&uuml;lt&uuml;r&uuml;nde g&ouml;rece\u011finiz Bordeaux \u015fehri. Asil bir duru\u015fu ve s\u0131cak bir yakla\u015f\u0131m\u0131 var bu \u015fehrin. Yumu\u015fak iklimi, konumu, hayattan zevk almas\u0131n\u0131 bilen mek&acirc;nlar\u0131 ve bu mek&acirc;nlar\u0131n keyfini sonuna kadar s&uuml;ren insanlar\u0131yla &#8220;daha &ouml;nce neden buraya gelmedim&#8221; dedirtecek bir misafirperverli\u011fi var. Rotan\u0131z\u0131 biraz geni\u015fletti\u011finizde ise Bordeaux \u015earap B&ouml;lgesi&#8217;nin hazineleriyle tan\u0131\u015fabilirsiniz. Kaliteli \u015faraplar, Orta &Ccedil;a\u011f k&ouml;yleri, \u015fatolar ile zenginle\u015fecek \u015farap yolculu\u011funuzda St. Emilion ve M&eacute;doc \u015farap b&ouml;lgelerini gezebilirsiniz.<\/p>\n<h4><strong>Ramazan Bayram\u0131 (23 May\u0131s 2020, Cumartesi &#8211; 26 May\u0131s 2020, Sal\u0131)<\/strong><\/h4>\n<p><strong><span style=\"text-decoration: underline;\">Yurt \u0130&ccedil;i Seyahat &Ouml;nerisi<\/span><\/strong><\/p>\n<p><strong>\u015eav\u015fat<\/strong><\/p>\n<p style=\"text-align: center;\"><strong><img loading=\"lazy\" decoding=\"async\" class=\"alignnone size-full wp-image-3267\" src=\"https:\/\/www.julesverne.com.tr\/\/wp-content\/uploads\/2020\/09\/savsat-1.jpg\" width=\"999\" height=\"593\" alt=\"\" srcset=\"https:\/\/julesverne.com.tr\/wp-content\/uploads\/2020\/09\/savsat-1.jpg 999w, https:\/\/julesverne.com.tr\/wp-content\/uploads\/2020\/09\/savsat-1-500x297.jpg 500w, https:\/\/julesverne.com.tr\/wp-content\/uploads\/2020\/09\/savsat-1-768x456.jpg 768w\" sizes=\"(max-width: 999px) 100vw, 999px\" \/><\/strong><\/p>\n<p>G&uuml;rc&uuml;&#8217;de &#8220;Kara Orman&#8221; anlam\u0131na gelen Karadeniz&#8217;in gizli hazinesi, Artvin&rsquo;in g&ouml;zbebe\u011fi \u015eav\u015fat. Cittaslow kenti olarak onurland\u0131r\u0131lan ormanlarla &ccedil;evrili muhte\u015fem do\u011fa ve manzaras\u0131, tarihi dokusu, geleneksel mimarisi sizi bir kez daha Karadeniz&#8217;in mucizesi kar\u015f\u0131s\u0131nda hayran b\u0131rakacak. Geleneksel ah\u015fap k&ouml;y evlerini saran g&ouml;z al\u0131c\u0131 ye\u015fil do\u011fas\u0131, sakin ya\u015fam\u0131, k&uuml;lt&uuml;r&uuml;, do\u011fall\u0131\u011f\u0131yla sizi birka&ccedil; g&uuml;n de olsa g&uuml;ndelik hayat\u0131n tela\u015f\u0131ndan uzakla\u015ft\u0131racak olan \u015eav\u015fat&rsquo;\u0131 daha &ouml;nce hi&ccedil; duymad\u0131\u011f\u0131n\u0131z &ouml;zel rotalarla ke\u015ffedebilirsiniz. Bakir yaylalara yapaca\u011f\u0131n\u0131z her yolculuk, k&ouml;y evlerinde tadaca\u011f\u0131n\u0131z her Karadeniz lezzeti g&uuml;zel bir an\u0131 olarak kalacak.<\/p>\n<p><span style=\"text-decoration: underline;\"><strong>Yurt D\u0131\u015f\u0131 Seyahat &Ouml;nerisi<\/strong><\/span><\/p>\n<p><strong>Provence, Fransa<\/strong><\/p>\n<p><strong><img loading=\"lazy\" decoding=\"async\" class=\"alignnone size-full wp-image-3268\" src=\"https:\/\/www.julesverne.com.tr\/\/wp-content\/uploads\/2020\/09\/gordesprovence.jpg\" width=\"999\" height=\"666\" alt=\"\" srcset=\"https:\/\/julesverne.com.tr\/wp-content\/uploads\/2020\/09\/gordesprovence.jpg 999w, https:\/\/julesverne.com.tr\/wp-content\/uploads\/2020\/09\/gordesprovence-500x333.jpg 500w, https:\/\/julesverne.com.tr\/wp-content\/uploads\/2020\/09\/gordesprovence-768x512.jpg 768w\" sizes=\"(max-width: 999px) 100vw, 999px\" \/><\/strong><\/p>\n<p>Sanat&ccedil;\u0131lara ilham vermi\u015f, e\u015fsiz bir do\u011fa ve ya\u015fam stiliyle &ouml;d&uuml;llendirilen Provence, Fransa&#8217;n\u0131n en e\u015fsiz b&ouml;lgesi. Lavanta tarlalar\u0131, \u015farap ba\u011flar\u0131, antika pazarlar\u0131, k&uuml;&ccedil;&uuml;k ve karakteristik k&ouml;yleri, do\u011fal g&uuml;zellikleri, butik otelleri, l&uuml;ks otelleri, damaklara birer &ouml;d&uuml;l sunan restoranlar\u0131yla Provence bir seyahat rotas\u0131ndan ziyade ya\u015fanmas\u0131 gereken bir deneyim asl\u0131nda. Farkl\u0131 bir&ccedil;ok rotayla ke\u015ffedebilece\u011finiz Provence&#8217;a bu mevsimde gidiyorsan\u0131z Aix-en-Provence, Gordes, M&eacute;nerbes, Bonnieux, Saint-R&eacute;my-de-Provence mutlaka rotan\u0131zda olmal\u0131.<\/p>\n<h4><strong>Demokrasi ve Mill&icirc; Birlik G&uuml;n&uuml; (15 Temmuz 2020, &Ccedil;ar\u015famba)<\/strong><\/h4>\n<p><span style=\"text-decoration: underline;\"><strong>Yurt \u0130&ccedil;i Seyahat &Ouml;nerisi<\/strong><\/span><\/p>\n<p><strong>Kazda\u011flar\u0131 &amp; Cunda<\/strong><\/p>\n<p style=\"text-align: center;\"><strong><img loading=\"lazy\" decoding=\"async\" class=\"alignnone size-full wp-image-3269\" src=\"https:\/\/www.julesverne.com.tr\/\/wp-content\/uploads\/2020\/09\/cunda-1.jpg\" width=\"999\" height=\"663\" alt=\"\" srcset=\"https:\/\/julesverne.com.tr\/wp-content\/uploads\/2020\/09\/cunda-1.jpg 999w, https:\/\/julesverne.com.tr\/wp-content\/uploads\/2020\/09\/cunda-1-500x332.jpg 500w, https:\/\/julesverne.com.tr\/wp-content\/uploads\/2020\/09\/cunda-1-768x510.jpg 768w\" sizes=\"(max-width: 999px) 100vw, 999px\" \/><\/strong><\/p>\n<p>E\u011fer, hafta ortas\u0131ndaki resmi tatil g&uuml;n&uuml;n&uuml; de\u011ferlendirmek isterseniz size 5 g&uuml;nl&uuml;k oksijen, do\u011fa ve deniz keyfi dolu bir rota sunal\u0131m. Yemye\u015fil Kazda\u011flar\u0131 ve Rumeli havas\u0131n\u0131 kaybetmeyen Cunda Adas\u0131. Yol yapmay\u0131, yolculu\u011fun kendisini seven bir gezginsesiniz araban\u0131za atlay\u0131p bu keyifli rotay\u0131 ger&ccedil;ekle\u015ftirebilirsiniz. Tertemiz havas\u0131, do\u011fall\u0131\u011f\u0131n\u0131 koruyan k&ouml;yleri, efsaneleri, yerel tatlar\u0131, bakir do\u011fan\u0131n kuca\u011f\u0131nda do\u011faya uyumlu bir \u015fekilde in\u015fa edilen butik otelleriyle Kaz Da\u011flar\u0131 uzun y&uuml;r&uuml;y&uuml;\u015fler yapmak, sakin kalmak ve temiz havayla dolmak i&ccedil;in harika bir se&ccedil;im. KazDa\u011flar\u0131&rsquo;na 2,5 saatlik bir mesafede olan Cunda ise Arnavut kald\u0131r\u0131ml\u0131 sokaklar\u0131, Rumeli evleri, manzaras\u0131, bal\u0131k restoranlar\u0131, kafeleri, sanat galerileri ve tasar\u0131m butikleriyle ba\u015fka bir zamandan geliyor gibi. Tertemiz ve din&ccedil;lik veren sular\u0131nda serinlerken yaz g&uuml;ne\u015fini ne kadar &ccedil;ok sevdi\u011finizi bir kez daha hat\u0131rlay\u0131n istiyoruz.<\/p>\n<p><span style=\"text-decoration: underline;\"><strong>Yurt D\u0131\u015f\u0131 Seyahat &Ouml;nerisi<\/strong><\/span><\/p>\n<p><strong>Symi<\/strong><\/p>\n<p><strong><img loading=\"lazy\" decoding=\"async\" class=\"alignnone size-full wp-image-3270\" src=\"https:\/\/www.julesverne.com.tr\/\/wp-content\/uploads\/2020\/09\/symi-1.jpg\" width=\"999\" height=\"667\" alt=\"\" srcset=\"https:\/\/julesverne.com.tr\/wp-content\/uploads\/2020\/09\/symi-1.jpg 999w, https:\/\/julesverne.com.tr\/wp-content\/uploads\/2020\/09\/symi-1-500x334.jpg 500w, https:\/\/julesverne.com.tr\/wp-content\/uploads\/2020\/09\/symi-1-768x513.jpg 768w\" sizes=\"(max-width: 999px) 100vw, 999px\" \/><\/strong><\/p>\n<p>Rodos&#8217;un kuzeyinde konumlanan Symi (S&ouml;mbeki) Adas\u0131, Dodecanese (On \u0130ki Adalar) Adalar\u0131&#8217;na ba\u011fl\u0131. Ege ve Akdeniz&#8217;in bulu\u015fma noktas\u0131nda yer almas\u0131, bu adaya hem Ege hem Akdeniz bereketini getiriyor. Turkuaz sularla &ccedil;evrili Symi Adas\u0131&#8217;nda sizi, selvi a\u011fa&ccedil;lar\u0131 aras\u0131ndan g&ouml;r&uuml;nen renkli tipik ada evleri ve g&uuml;zel bal\u0131k&ccedil;\u0131 k&ouml;yleri kar\u015f\u0131l\u0131yor. Karakteristik g&ouml;r&uuml;nt&uuml;s&uuml;n&uuml; ve k&uuml;lt&uuml;r&uuml;n&uuml; korumay\u0131 ba\u015faran Yunan Adas\u0131 sakin ve huzur dolu bir ya\u015fam anlay\u0131\u015f\u0131n\u0131 benimsiyor. Turkuaz sulara kendinizi b\u0131rakaca\u011f\u0131n\u0131z birbirinden g&uuml;zel plajlar\u0131, ak\u015fam&uuml;st&uuml; saatlerinden itibaren ke\u015ffetmesi daha b&uuml;y&uuml;k keyif veren k&uuml;&ccedil;&uuml;k k&ouml;yleri ve lokal tavernalar\u0131yla tam bir yaz ka&ccedil;ama\u011f\u0131.<\/p>\n<h4><strong>Kurban Bayram\u0131 (30 Temmuz 2020, Per\u015fembe &#8211; 3 A\u011fustos 2020, Pazartesi)<\/strong><\/h4>\n<p><span style=\"text-decoration: underline;\"><strong>Yurt \u0130&ccedil;i Seyahat &Ouml;nerisi<\/strong><\/span><\/p>\n<p><strong>Dat&ccedil;a Yar\u0131madas\u0131<\/strong><\/p>\n<p style=\"text-align: center;\"><strong><img loading=\"lazy\" decoding=\"async\" class=\"alignnone size-full wp-image-3271\" src=\"https:\/\/www.julesverne.com.tr\/\/wp-content\/uploads\/2020\/09\/datca-1.jpg\" width=\"999\" height=\"666\" alt=\"\" srcset=\"https:\/\/julesverne.com.tr\/wp-content\/uploads\/2020\/09\/datca-1.jpg 999w, https:\/\/julesverne.com.tr\/wp-content\/uploads\/2020\/09\/datca-1-500x333.jpg 500w, https:\/\/julesverne.com.tr\/wp-content\/uploads\/2020\/09\/datca-1-768x512.jpg 768w\" sizes=\"(max-width: 999px) 100vw, 999px\" \/><\/strong><\/p>\n<p>Akdeniz ve Ege&#8217;nin bulu\u015fma noktas\u0131 olan bir yar\u0131madan\u0131n tarihinden do\u011fas\u0131na, ya\u015fam k&uuml;lt&uuml;r&uuml;nden lezzetine kadar ne kadar zengin oldu\u011funu tahmin etmek zor de\u011fil. B&ouml;yle ayr\u0131cal\u0131kl\u0131 bir konum ile bize g&ouml;re &#8220;se&ccedil;ilmi\u015f&#8221; olan Dat&ccedil;a Yar\u0131madas\u0131 ye\u015fil ve mavinin her tonuyla tan\u0131\u015faca\u011f\u0131n\u0131z bir cennet par&ccedil;as\u0131. Co\u011frafi &ouml;zellikleri sayesinde irili ufakl\u0131 52 koyu bar\u0131nd\u0131ran yar\u0131madada ke\u015ffedilecekler listesi hi&ccedil; bitmiyor. Tarihi milattan &ouml;nce 2000&#8217;li y\u0131llara uzanan co\u011frafyada Knidos Antik Kenti de bu yar\u0131madan\u0131n bereketinin binlerce y\u0131l &ouml;nceden ke\u015ffedildi\u011fini kan\u0131tl\u0131yor. Maviliklere a&ccedil;\u0131lmak istiyorsan\u0131z bu bayram d&uuml;meni Dat&ccedil;a&#8217;ya k\u0131r\u0131n!<\/p>\n<p><span style=\"text-decoration: underline;\"><strong>Yurt D\u0131\u015f\u0131 Seyahat &Ouml;nerisi<\/strong><\/span><\/p>\n<p><strong>\u0130sko&ccedil;ya<\/strong><\/p>\n<p style=\"text-align: center;\"><strong><img loading=\"lazy\" decoding=\"async\" class=\"alignnone size-full wp-image-3272\" src=\"https:\/\/www.julesverne.com.tr\/\/wp-content\/uploads\/2020\/09\/shutterstock_433830160.jpg\" width=\"999\" height=\"666\" alt=\"\" srcset=\"https:\/\/julesverne.com.tr\/wp-content\/uploads\/2020\/09\/shutterstock_433830160.jpg 999w, https:\/\/julesverne.com.tr\/wp-content\/uploads\/2020\/09\/shutterstock_433830160-500x333.jpg 500w, https:\/\/julesverne.com.tr\/wp-content\/uploads\/2020\/09\/shutterstock_433830160-768x512.jpg 768w\" sizes=\"(max-width: 999px) 100vw, 999px\" \/><\/strong><\/p>\n<p>\u0130sko&ccedil;ya&#8217;n\u0131n Son Kral\u0131, Cesur Y&uuml;rek filmleri ile a\u015fina oldu\u011fumuz, Outlander dizisiyle son y\u0131llarda daha da sevmeye ba\u015flad\u0131\u011f\u0131m\u0131z ye\u015fil manzaralar\u0131n ve k&ouml;kl&uuml; bir k&uuml;lt&uuml;r&uuml;n topra\u011f\u0131: \u0130sko&ccedil;ya&#8230; Tarihi kaleleri, parklar\u0131, &ccedil;arp\u0131c\u0131 g&ouml;lleri, viski imalathaneleri, da\u011flar\u0131nda poz veren koyunlar\u0131, y&uuml;zlerce y\u0131l &ouml;nceye dayanan gelenekleriyle yaz mevsiminde s\u0131cak ve deniz tatiline alternatif arayanlar i&ccedil;in birebir. Do\u011fal g&uuml;zelli\u011fin g&ouml;z kama\u015ft\u0131rd\u0131\u011f\u0131, tarihin &ouml;neminin her f\u0131rsatta hissedildi\u011fi \u0130sko&ccedil;ya matru\u015fka oyunca\u011f\u0131 gibi ke\u015ffettik&ccedil;e daha da &ccedil;o\u011fal\u0131yor, bereketiyle sizi de zenginle\u015ftiriyor. Edinburgh ve Glasgow gibi b&uuml;y&uuml;k \u015fehirler ile birlikte Glencoe, Inverness, Isle of Skye, Loch Lomo, Perthshire, Pitlochry, Stirling gibi farkl\u0131 dokulara sahip kasaba ve b&ouml;lgeleri gezebilirsiniz.<\/p>\n<h4><strong>Zafer Bayram\u0131 ( 30 A\u011fustos 2020, Pazar)<\/strong><\/h4>\n<p><span style=\"text-decoration: underline;\"><strong>Yurt \u0130&ccedil;i Seyahat &Ouml;nerisi<\/strong><\/span><\/p>\n<p><strong>Van-Tatvan-Do\u011fubayaz\u0131t<\/strong><\/p>\n<p style=\"text-align: center;\"><strong><img loading=\"lazy\" decoding=\"async\" class=\"alignnone size-full wp-image-3273\" src=\"https:\/\/www.julesverne.com.tr\/\/wp-content\/uploads\/2020\/09\/van.jpg\" width=\"999\" height=\"666\" alt=\"\" srcset=\"https:\/\/julesverne.com.tr\/wp-content\/uploads\/2020\/09\/van.jpg 999w, https:\/\/julesverne.com.tr\/wp-content\/uploads\/2020\/09\/van-500x333.jpg 500w, https:\/\/julesverne.com.tr\/wp-content\/uploads\/2020\/09\/van-768x512.jpg 768w\" sizes=\"(max-width: 999px) 100vw, 999px\" \/><\/strong><\/p>\n<p>Do\u011fu&#8217;nun heybeti, tarihi, k&uuml;lt&uuml;r&uuml; ve zenginli\u011fi \u015fimdi sizi &ccedil;a\u011f\u0131r\u0131yor! Bu tatil yurt i&ccedil;inde alternatif bir rota aray\u0131\u015f\u0131n\u0131z varsa Van-Tatvan-Do\u011fubayaz\u0131t gezisine &ccedil;\u0131k\u0131n. T&uuml;rkiye&#8217;nin en b&uuml;y&uuml;k g&ouml;l&uuml; k\u0131y\u0131s\u0131nda kurulan ve k&uuml;lt&uuml;r tarihinin mihenk ta\u015flar\u0131ndan biri olan Van ile ba\u015flayarak 235 y\u0131ll\u0131k bir tarihi olan Osmanl\u0131 saray\u0131 \u0130shakpa\u015fa ile devam edip; 2 bin 250 rak\u0131ma sahip, yery&uuml;z&uuml; cenneti Nemrut Krater G&ouml;l&uuml;&#8217;n&uuml; gezebilirsiniz. Zengin bir tarih, \u015fa\u015f\u0131rt\u0131c\u0131 do\u011fal g&uuml;zellikler e\u015fli\u011finde Do\u011fu&#8217;ya yol alman\u0131n heyecan\u0131n\u0131 ya\u015fay\u0131n.<\/p>\n<p><strong><span style=\"text-decoration: underline;\">Yurt D\u0131\u015f\u0131 Seyahat &Ouml;nerisi<\/span><\/strong><\/p>\n<p><strong>Thassos, Yunanistan<\/strong><\/p>\n<p style=\"text-align: center;\"><strong><img loading=\"lazy\" decoding=\"async\" class=\"alignnone size-full wp-image-3274\" src=\"https:\/\/www.julesverne.com.tr\/\/wp-content\/uploads\/2020\/09\/thassos.jpg\" width=\"922\" height=\"582\" alt=\"\" srcset=\"https:\/\/julesverne.com.tr\/wp-content\/uploads\/2020\/09\/thassos.jpg 922w, https:\/\/julesverne.com.tr\/wp-content\/uploads\/2020\/09\/thassos-500x316.jpg 500w, https:\/\/julesverne.com.tr\/wp-content\/uploads\/2020\/09\/thassos-768x485.jpg 768w\" sizes=\"(max-width: 922px) 100vw, 922px\" \/><\/strong><\/p>\n<p>Ege Denizi&#8217;nin en kuzeyinde yer alan Thassos (Ta\u015f&ouml;z) Adas\u0131 ayn\u0131 zamanda Yunan anakara k\u0131y\u0131lar\u0131na da olduk&ccedil;a yak\u0131n. Bir&ccedil;ok Yunan Adas\u0131&#8217;n\u0131n aksine ye\u015fil do\u011fas\u0131yla dikkat &ccedil;eken Thassos pop&uuml;ler plajlar\u0131, ke\u015ffedilmeyi bekleyen bakir plajlar\u0131, karakteristik k&ouml;yleriyle deniz-keyif dolu bir tatil vaat ediyor. Adan\u0131n g&ouml;ze &ccedil;arpan plajlar\u0131ndaki &ccedil;e\u015fitlilik her beklentiye cevap veriyor. Geleneksel k&ouml;yleri &ouml;yle \u015firin ki deniz keyfi sonras\u0131 sokaklar\u0131nda sal\u0131nmak i&ccedil;in olduk&ccedil;a davetk&acirc;r. Porsiyonlar\u0131n\u0131n b&uuml;y&uuml;kl&uuml;\u011f&uuml; ile konu\u015fulan tavernalar\u0131 ise lezzetli ada yemeklerini tatmak i&ccedil;in vazge&ccedil;ilmez!<\/p>\n<h4><strong>Cumhuriyet Bayram\u0131 (29 Ekim 2020, Per\u015fembe)<\/strong><\/h4>\n<p><span style=\"text-decoration: underline;\"><strong>Yurt \u0130&ccedil;i Seyahat &Ouml;nerisi<\/strong><\/span><\/p>\n<p><strong>Mudurnu-G&ouml;yn&uuml;k-Yedig&ouml;ller-Abant<\/strong><\/p>\n<p style=\"text-align: center;\"><strong><img loading=\"lazy\" decoding=\"async\" class=\"alignnone size-full wp-image-3275\" src=\"https:\/\/www.julesverne.com.tr\/\/wp-content\/uploads\/2020\/09\/golcuk.jpg\" width=\"999\" height=\"666\" alt=\"\" srcset=\"https:\/\/julesverne.com.tr\/wp-content\/uploads\/2020\/09\/golcuk.jpg 999w, https:\/\/julesverne.com.tr\/wp-content\/uploads\/2020\/09\/golcuk-500x333.jpg 500w, https:\/\/julesverne.com.tr\/wp-content\/uploads\/2020\/09\/golcuk-768x512.jpg 768w\" sizes=\"(max-width: 999px) 100vw, 999px\" \/><\/strong><\/p>\n<p>&#8220;Sonbahar renkleri en &ccedil;ok nereye yak\u0131\u015f\u0131yor?&#8221; diye soracak olursan\u0131z Bolu ve &ccedil;evresini ke\u015ffetmenizi &ouml;neririz. Do\u011fa, tarih, k&uuml;lt&uuml;r, lezzet d&ouml;rtlemesini ger&ccedil;ekle\u015ftirece\u011finiz zenginlikteki Bolu&#8217;yu tam anlam\u0131yla ya\u015famak ve rotalar\u0131 tamamlamak i&ccedil;in birka&ccedil; g&uuml;ne ihtiyac\u0131n\u0131z var. Cittaslow T&uuml;rkiye listesinde yer alan Mudurnu ve G&ouml;yn&uuml;k size sakin ya\u015fam\u0131n alt\u0131n kurallar\u0131n\u0131 sunarken, g&ouml;ller ve g&ouml;letler do\u011fan\u0131n ne kadar mucizevi oldu\u011funu bir kez daha hat\u0131rlatacak. Sonbaharda g&ouml;rsel \u015f&ouml;len dendi\u011finde akla ilk gelen Yedig&ouml;ller Milli Park\u0131, Abant G&ouml;l&uuml; ve G&ouml;lc&uuml;k bilindik rotalar olsa da mutlaka g&ouml;r&uuml;lmeli. Daha az bilinen g&ouml;lleri ke\u015ffetmek istiyorsan\u0131z &Ccedil;ayk&ouml;y, \u015eirinyaz\u0131, Alada\u011f g&ouml;letlerini listenize eklemelisiniz.<\/p>\n<p><span style=\"text-decoration: underline;\"><strong>Yurt D\u0131\u015f\u0131 Seyahat &Ouml;nerisi<\/strong><\/span><\/p>\n<p><strong>Bologna &amp; Floransa, \u0130talya<\/strong><\/p>\n<p style=\"text-align: center;\"><strong><img loading=\"lazy\" decoding=\"async\" class=\"alignnone size-full wp-image-3276\" src=\"https:\/\/www.julesverne.com.tr\/\/wp-content\/uploads\/2020\/09\/floransa.jpg\" width=\"999\" height=\"666\" alt=\"\" srcset=\"https:\/\/julesverne.com.tr\/wp-content\/uploads\/2020\/09\/floransa.jpg 999w, https:\/\/julesverne.com.tr\/wp-content\/uploads\/2020\/09\/floransa-500x333.jpg 500w, https:\/\/julesverne.com.tr\/wp-content\/uploads\/2020\/09\/floransa-768x512.jpg 768w\" sizes=\"(max-width: 999px) 100vw, 999px\" \/><\/strong><\/p>\n<p>Toskana&rsquo;n\u0131n ya\u015fayan m&uuml;zesi Floransa&rsquo;y\u0131 ke\u015ffetmek i&ccedil;in en yak\u0131n havaliman\u0131n\u0131n bulundu\u011fu Bologna&rsquo;ya u&ccedil;man\u0131z gerekiyor. Emilia-Romagna B&ouml;lgesi&rsquo;nin tarih, lezzet, sanatla b&uuml;t&uuml;nle\u015fen \u015fehri Bologna&rsquo;ya indikten sonra bu \u015fehri ke\u015ffetmeden Floransa&rsquo;ya ge&ccedil;mek haks\u0131zl\u0131k olacakt\u0131r.&nbsp;<\/p>\n<p>Ate\u015f rengini and\u0131ran renk paletine sahip \u015fehir &ccedil;ehresini g&ouml;rd&uuml;\u011f&uuml;n&uuml;zde Bologna&#8217;y\u0131 sevece\u011finize \u015f&uuml;phe yok. &#8220;La Rossa&#8221; olarak da adland\u0131r\u0131lan Bologna bu benzetmeyi siyasi ge&ccedil;mi\u015finden dolay\u0131 alsa da panjurlar\u0131nda, kemerlerinde, duvarlar\u0131nda bu s\u0131cak rengi g&ouml;r&uuml;yor ve enerjisini de sokaklar\u0131nda hissediyorsunuz. Mimari olarak &#8220;kusursuz&#8221; denecek g&uuml;zellikte olan tarihi \u015fehir lezzet ve sanat sahnesinde de bir o kadar iddial\u0131.<\/p>\n<p>Toskana&rsquo;ya a&ccedil;\u0131lan b&uuml;y&uuml;l&uuml; kap\u0131 olarak tan\u0131taca\u011f\u0131m\u0131z Floransa&hellip; R&ouml;nesans&rsquo;\u0131n do\u011fdu\u011fu \u015fehir&hellip; Yarat\u0131c\u0131l\u0131\u011f\u0131n, modan\u0131n, asaletin, sanatsal bollu\u011fun, bilimsel &ccedil;al\u0131\u015fmalar\u0131n tarihi merkezi&hellip; K&uuml;lt&uuml;rel de\u011fi\u015fimin en b&uuml;y&uuml;k tan\u0131\u011f\u0131 Floransa&rsquo;n\u0131n dar sokaklar\u0131nda g&ouml;rece\u011finiz bir binan\u0131n penceresi bile sizde hayranl\u0131k uyand\u0131rabilir. Sanat eserleriyle b&uuml;y&uuml;leyen galeri ve m&uuml;zeleri zamanda bir yolculu\u011fa &ccedil;\u0131kar\u0131rken mutfakta nam salan restoranlar\u0131, b&uuml;feleri, dondurmac\u0131lar\u0131 bu \u015fehri sevmenizdeki en b&uuml;y&uuml;k etkenler olacak.<\/p>\n<p style=\"text-align: center;\"><strong>Size &ouml;zel seyahat program\u0131 ve rezervasyon i&ccedil;in:<\/strong><br \/><a href=\"mailto:travel@julesverne.com.tr\" target=\"_blank\" rel=\"noopener noreferrer\"><strong>travel@julesverne.com.tr<\/strong><\/a><br \/><strong>0212 266 6363 &#8211; 118<\/strong><\/p>\n<\/p>\n<p><\/p>","protected":false},"excerpt":{"rendered":"<p>2020 y\u0131l\u0131nda da bol bol seyahat etmek, her an\u0131 de\u011ferlendirmek isteyen uslanmaz gezginler i&ccedil;in 2020 resmi tatil g&uuml;nlerine g&ouml;re seyahat &ouml;nerileri haz\u0131rlad\u0131k.<\/p>\n","protected":false},"author":1,"featured_media":2196,"comment_status":"closed","ping_status":"closed","sticky":false,"template":"","format":"standard","meta":{"inline_featured_image":false,"footnotes":""},"categories":[1,40,39],"tags":[],"acf":[],"yoast_head":"<!-- This site is optimized with the Yoast SEO plugin v22.3 - https:\/\/yoast.com\/wordpress\/plugins\/seo\/ -->\n<title>2020 Resmi Tatil G\u00fcnlerine G\u00f6re Seyahat \u00d6nerileri - JULES VERNE BUSINESS MICE TRAVEL<\/title>\n<meta name=\"description\" content=\"Kazda\u011flar\u0131&#039;ndan Dat\u00e7a&#039;ya; \u015eav\u015fat&#039;tan Tekirda\u011f&#039;a, Urla&#039;dan Baks\u0131 M\u00fczesi&#039;ne; Marake\u015f&#039;ten Symi&#039;ye; Floransa&#039;dan \u0130sko\u00e7ya&#039;ya 2020 resmi tatil g\u00fcnlerine g\u00f6re seyahat \u00f6nerileri...\" \/>\n<meta name=\"robots\" content=\"index, follow, max-snippet:-1, max-image-preview:large, max-video-preview:-1\" \/>\n<link rel=\"canonical\" href=\"https:\/\/julesverne.com.tr\/travel-blog\/2020-resmi-tatil-gunlerine-gore-seyahat-onerileri\/\" \/>\n<meta property=\"og:locale\" content=\"en_US\" \/>\n<meta property=\"og:type\" content=\"article\" \/>\n<meta property=\"og:title\" content=\"2020 Resmi Tatil G\u00fcnlerine G\u00f6re Seyahat \u00d6nerileri - JULES VERNE BUSINESS MICE TRAVEL\" \/>\n<meta property=\"og:description\" content=\"Kazda\u011flar\u0131&#039;ndan Dat\u00e7a&#039;ya; \u015eav\u015fat&#039;tan Tekirda\u011f&#039;a, Urla&#039;dan Baks\u0131 M\u00fczesi&#039;ne; Marake\u015f&#039;ten Symi&#039;ye; Floransa&#039;dan \u0130sko\u00e7ya&#039;ya 2020 resmi tatil g\u00fcnlerine g\u00f6re seyahat \u00f6nerileri...\" \/>\n<meta property=\"og:url\" content=\"https:\/\/julesverne.com.tr\/travel-blog\/2020-resmi-tatil-gunlerine-gore-seyahat-onerileri\/\" \/>\n<meta property=\"og:site_name\" content=\"JULES VERNE BUSINESS MICE TRAVEL\" \/>\n<meta property=\"article:publisher\" content=\"https:\/\/www.facebook.com\/JulesVerneBusinessMiceTravel\/\" \/>\n<meta property=\"article:published_time\" content=\"2019-12-27T07:04:16+00:00\" \/>\n<meta property=\"article:modified_time\" content=\"2024-03-21T14:20:00+00:00\" \/>\n<meta property=\"og:image\" content=\"https:\/\/julesverne.com.tr\/wp-content\/uploads\/2020\/09\/Villefranche_sur_Mer.jpg\" \/>\n\t<meta property=\"og:image:width\" content=\"999\" \/>\n\t<meta property=\"og:image:height\" content=\"625\" \/>\n\t<meta property=\"og:image:type\" content=\"image\/jpeg\" \/>\n<meta name=\"author\" content=\"fikirman\" \/>\n<meta name=\"twitter:card\" content=\"summary_large_image\" \/>\n<meta name=\"twitter:creator\" content=\"@JV_BusinessMice\" \/>\n<meta name=\"twitter:site\" content=\"@JV_BusinessMice\" \/>\n<meta name=\"twitter:label1\" content=\"Written by\" \/>\n\t<meta name=\"twitter:data1\" content=\"fikirman\" \/>\n\t<meta name=\"twitter:label2\" content=\"Est. reading time\" \/>\n\t<meta name=\"twitter:data2\" content=\"14 minutes\" \/>\n<script type=\"application\/ld+json\" class=\"yoast-schema-graph\">{\"@context\":\"https:\/\/schema.org\",\"@graph\":[{\"@type\":\"Article\",\"@id\":\"https:\/\/julesverne.com.tr\/travel-blog\/2020-resmi-tatil-gunlerine-gore-seyahat-onerileri\/#article\",\"isPartOf\":{\"@id\":\"https:\/\/julesverne.com.tr\/travel-blog\/2020-resmi-tatil-gunlerine-gore-seyahat-onerileri\/\"},\"author\":{\"name\":\"fikirman\",\"@id\":\"https:\/\/julesverne.com.tr\/#\/schema\/person\/f4eb0514ae455538644c31b99a466fdb\"},\"headline\":\"2020 Resmi Tatil G\u00fcnlerine G\u00f6re Seyahat \u00d6nerileri\",\"datePublished\":\"2019-12-27T07:04:16+00:00\",\"dateModified\":\"2024-03-21T14:20:00+00:00\",\"mainEntityOfPage\":{\"@id\":\"https:\/\/julesverne.com.tr\/travel-blog\/2020-resmi-tatil-gunlerine-gore-seyahat-onerileri\/\"},\"wordCount\":5177,\"publisher\":{\"@id\":\"https:\/\/julesverne.com.tr\/#organization\"},\"image\":{\"@id\":\"https:\/\/julesverne.com.tr\/travel-blog\/2020-resmi-tatil-gunlerine-gore-seyahat-onerileri\/#primaryimage\"},\"thumbnailUrl\":\"https:\/\/julesverne.com.tr\/wp-content\/uploads\/2020\/09\/Villefranche_sur_Mer.jpg\",\"articleSection\":[\"Blog\",\"Nerede Kalsak?\",\"Nereye Gitsek?\"],\"inLanguage\":\"en-US\"},{\"@type\":\"WebPage\",\"@id\":\"https:\/\/julesverne.com.tr\/travel-blog\/2020-resmi-tatil-gunlerine-gore-seyahat-onerileri\/\",\"url\":\"https:\/\/julesverne.com.tr\/travel-blog\/2020-resmi-tatil-gunlerine-gore-seyahat-onerileri\/\",\"name\":\"2020 Resmi Tatil G\u00fcnlerine G\u00f6re Seyahat \u00d6nerileri - JULES VERNE BUSINESS MICE TRAVEL\",\"isPartOf\":{\"@id\":\"https:\/\/julesverne.com.tr\/#website\"},\"primaryImageOfPage\":{\"@id\":\"https:\/\/julesverne.com.tr\/travel-blog\/2020-resmi-tatil-gunlerine-gore-seyahat-onerileri\/#primaryimage\"},\"image\":{\"@id\":\"https:\/\/julesverne.com.tr\/travel-blog\/2020-resmi-tatil-gunlerine-gore-seyahat-onerileri\/#primaryimage\"},\"thumbnailUrl\":\"https:\/\/julesverne.com.tr\/wp-content\/uploads\/2020\/09\/Villefranche_sur_Mer.jpg\",\"datePublished\":\"2019-12-27T07:04:16+00:00\",\"dateModified\":\"2024-03-21T14:20:00+00:00\",\"description\":\"Kazda\u011flar\u0131'ndan Dat\u00e7a'ya; \u015eav\u015fat'tan Tekirda\u011f'a, Urla'dan Baks\u0131 M\u00fczesi'ne; Marake\u015f'ten Symi'ye; Floransa'dan \u0130sko\u00e7ya'ya 2020 resmi tatil g\u00fcnlerine g\u00f6re seyahat \u00f6nerileri...\",\"breadcrumb\":{\"@id\":\"https:\/\/julesverne.com.tr\/travel-blog\/2020-resmi-tatil-gunlerine-gore-seyahat-onerileri\/#breadcrumb\"},\"inLanguage\":\"en-US\",\"potentialAction\":[{\"@type\":\"ReadAction\",\"target\":[\"https:\/\/julesverne.com.tr\/travel-blog\/2020-resmi-tatil-gunlerine-gore-seyahat-onerileri\/\"]}]},{\"@type\":\"ImageObject\",\"inLanguage\":\"en-US\",\"@id\":\"https:\/\/julesverne.com.tr\/travel-blog\/2020-resmi-tatil-gunlerine-gore-seyahat-onerileri\/#primaryimage\",\"url\":\"https:\/\/julesverne.com.tr\/wp-content\/uploads\/2020\/09\/Villefranche_sur_Mer.jpg\",\"contentUrl\":\"https:\/\/julesverne.com.tr\/wp-content\/uploads\/2020\/09\/Villefranche_sur_Mer.jpg\",\"width\":999,\"height\":625},{\"@type\":\"BreadcrumbList\",\"@id\":\"https:\/\/julesverne.com.tr\/travel-blog\/2020-resmi-tatil-gunlerine-gore-seyahat-onerileri\/#breadcrumb\",\"itemListElement\":[{\"@type\":\"ListItem\",\"position\":1,\"name\":\"Anasayfa\",\"item\":\"https:\/\/julesverne.com.tr\/\"},{\"@type\":\"ListItem\",\"position\":2,\"name\":\"2020 Resmi Tatil G\u00fcnlerine G\u00f6re Seyahat \u00d6nerileri\"}]},{\"@type\":\"WebSite\",\"@id\":\"https:\/\/julesverne.com.tr\/#website\",\"url\":\"https:\/\/julesverne.com.tr\/\",\"name\":\"JULES VERNE BUSINESS MICE TRAVEL\",\"description\":\"\",\"publisher\":{\"@id\":\"https:\/\/julesverne.com.tr\/#organization\"},\"potentialAction\":[{\"@type\":\"SearchAction\",\"target\":{\"@type\":\"EntryPoint\",\"urlTemplate\":\"https:\/\/julesverne.com.tr\/?s={search_term_string}\"},\"query-input\":\"required name=search_term_string\"}],\"inLanguage\":\"en-US\"},{\"@type\":\"Organization\",\"@id\":\"https:\/\/julesverne.com.tr\/#organization\",\"name\":\"JULES VERNE BUSINESS MICE TRAVEL\",\"url\":\"https:\/\/julesverne.com.tr\/\",\"logo\":{\"@type\":\"ImageObject\",\"inLanguage\":\"en-US\",\"@id\":\"https:\/\/julesverne.com.tr\/#\/schema\/logo\/image\/\",\"url\":\"https:\/\/julesverne.com.tr\/wp-content\/uploads\/2020\/09\/jv-bmt-logo.png\",\"contentUrl\":\"https:\/\/julesverne.com.tr\/wp-content\/uploads\/2020\/09\/jv-bmt-logo.png\",\"width\":110,\"height\":81,\"caption\":\"JULES VERNE BUSINESS MICE TRAVEL\"},\"image\":{\"@id\":\"https:\/\/julesverne.com.tr\/#\/schema\/logo\/image\/\"},\"sameAs\":[\"https:\/\/www.facebook.com\/JulesVerneBusinessMiceTravel\/\",\"https:\/\/twitter.com\/JV_BusinessMice\",\"https:\/\/www.instagram.com\/julesvernebusinessmicetravel\/\",\"https:\/\/www.linkedin.com\/company\/julesvernebusinessmicetravel\/\",\"https:\/\/www.youtube.com\/channel\/UCAwdsmbZ6tFhu1tea6pkpiw\"]},{\"@type\":\"Person\",\"@id\":\"https:\/\/julesverne.com.tr\/#\/schema\/person\/f4eb0514ae455538644c31b99a466fdb\",\"name\":\"fikirman\",\"sameAs\":[\"http:\/\/advermedya.net\/julesverne\"],\"url\":\"https:\/\/julesverne.com.tr\/en\/author\/fikirman\/\"}]}<\/script>\n<!-- \/ Yoast SEO plugin. -->","yoast_head_json":{"title":"2020 Resmi Tatil G\u00fcnlerine G\u00f6re Seyahat \u00d6nerileri - JULES VERNE BUSINESS MICE TRAVEL","description":"Kazda\u011flar\u0131'ndan Dat\u00e7a'ya; \u015eav\u015fat'tan Tekirda\u011f'a, Urla'dan Baks\u0131 M\u00fczesi'ne; Marake\u015f'ten Symi'ye; Floransa'dan \u0130sko\u00e7ya'ya 2020 resmi tatil g\u00fcnlerine g\u00f6re seyahat \u00f6nerileri...","robots":{"index":"index","follow":"follow","max-snippet":"max-snippet:-1","max-image-preview":"max-image-preview:large","max-video-preview":"max-video-preview:-1"},"canonical":"https:\/\/julesverne.com.tr\/travel-blog\/2020-resmi-tatil-gunlerine-gore-seyahat-onerileri\/","og_locale":"en_US","og_type":"article","og_title":"2020 Resmi Tatil G\u00fcnlerine G\u00f6re Seyahat \u00d6nerileri - JULES VERNE BUSINESS MICE TRAVEL","og_description":"Kazda\u011flar\u0131'ndan Dat\u00e7a'ya; \u015eav\u015fat'tan Tekirda\u011f'a, Urla'dan Baks\u0131 M\u00fczesi'ne; Marake\u015f'ten Symi'ye; Floransa'dan \u0130sko\u00e7ya'ya 2020 resmi tatil g\u00fcnlerine g\u00f6re seyahat \u00f6nerileri...","og_url":"https:\/\/julesverne.com.tr\/travel-blog\/2020-resmi-tatil-gunlerine-gore-seyahat-onerileri\/","og_site_name":"JULES VERNE BUSINESS MICE TRAVEL","article_publisher":"https:\/\/www.facebook.com\/JulesVerneBusinessMiceTravel\/","article_published_time":"2019-12-27T07:04:16+00:00","article_modified_time":"2024-03-21T14:20:00+00:00","og_image":[{"width":999,"height":625,"url":"https:\/\/julesverne.com.tr\/wp-content\/uploads\/2020\/09\/Villefranche_sur_Mer.jpg","type":"image\/jpeg"}],"author":"fikirman","twitter_card":"summary_large_image","twitter_creator":"@JV_BusinessMice","twitter_site":"@JV_BusinessMice","twitter_misc":{"Written by":"fikirman","Est. reading time":"14 minutes"},"schema":{"@context":"https:\/\/schema.org","@graph":[{"@type":"Article","@id":"https:\/\/julesverne.com.tr\/travel-blog\/2020-resmi-tatil-gunlerine-gore-seyahat-onerileri\/#article","isPartOf":{"@id":"https:\/\/julesverne.com.tr\/travel-blog\/2020-resmi-tatil-gunlerine-gore-seyahat-onerileri\/"},"author":{"name":"fikirman","@id":"https:\/\/julesverne.com.tr\/#\/schema\/person\/f4eb0514ae455538644c31b99a466fdb"},"headline":"2020 Resmi Tatil G\u00fcnlerine G\u00f6re Seyahat \u00d6nerileri","datePublished":"2019-12-27T07:04:16+00:00","dateModified":"2024-03-21T14:20:00+00:00","mainEntityOfPage":{"@id":"https:\/\/julesverne.com.tr\/travel-blog\/2020-resmi-tatil-gunlerine-gore-seyahat-onerileri\/"},"wordCount":5177,"publisher":{"@id":"https:\/\/julesverne.com.tr\/#organization"},"image":{"@id":"https:\/\/julesverne.com.tr\/travel-blog\/2020-resmi-tatil-gunlerine-gore-seyahat-onerileri\/#primaryimage"},"thumbnailUrl":"https:\/\/julesverne.com.tr\/wp-content\/uploads\/2020\/09\/Villefranche_sur_Mer.jpg","articleSection":["Blog","Nerede Kalsak?","Nereye Gitsek?"],"inLanguage":"en-US"},{"@type":"WebPage","@id":"https:\/\/julesverne.com.tr\/travel-blog\/2020-resmi-tatil-gunlerine-gore-seyahat-onerileri\/","url":"https:\/\/julesverne.com.tr\/travel-blog\/2020-resmi-tatil-gunlerine-gore-seyahat-onerileri\/","name":"2020 Resmi Tatil G\u00fcnlerine G\u00f6re Seyahat \u00d6nerileri - JULES VERNE BUSINESS MICE TRAVEL","isPartOf":{"@id":"https:\/\/julesverne.com.tr\/#website"},"primaryImageOfPage":{"@id":"https:\/\/julesverne.com.tr\/travel-blog\/2020-resmi-tatil-gunlerine-gore-seyahat-onerileri\/#primaryimage"},"image":{"@id":"https:\/\/julesverne.com.tr\/travel-blog\/2020-resmi-tatil-gunlerine-gore-seyahat-onerileri\/#primaryimage"},"thumbnailUrl":"https:\/\/julesverne.com.tr\/wp-content\/uploads\/2020\/09\/Villefranche_sur_Mer.jpg","datePublished":"2019-12-27T07:04:16+00:00","dateModified":"2024-03-21T14:20:00+00:00","description":"Kazda\u011flar\u0131'ndan Dat\u00e7a'ya; \u015eav\u015fat'tan Tekirda\u011f'a, Urla'dan Baks\u0131 M\u00fczesi'ne; Marake\u015f'ten Symi'ye; Floransa'dan \u0130sko\u00e7ya'ya 2020 resmi tatil g\u00fcnlerine g\u00f6re seyahat \u00f6nerileri...","breadcrumb":{"@id":"https:\/\/julesverne.com.tr\/travel-blog\/2020-resmi-tatil-gunlerine-gore-seyahat-onerileri\/#breadcrumb"},"inLanguage":"en-US","potentialAction":[{"@type":"ReadAction","target":["https:\/\/julesverne.com.tr\/travel-blog\/2020-resmi-tatil-gunlerine-gore-seyahat-onerileri\/"]}]},{"@type":"ImageObject","inLanguage":"en-US","@id":"https:\/\/julesverne.com.tr\/travel-blog\/2020-resmi-tatil-gunlerine-gore-seyahat-onerileri\/#primaryimage","url":"https:\/\/julesverne.com.tr\/wp-content\/uploads\/2020\/09\/Villefranche_sur_Mer.jpg","contentUrl":"https:\/\/julesverne.com.tr\/wp-content\/uploads\/2020\/09\/Villefranche_sur_Mer.jpg","width":999,"height":625},{"@type":"BreadcrumbList","@id":"https:\/\/julesverne.com.tr\/travel-blog\/2020-resmi-tatil-gunlerine-gore-seyahat-onerileri\/#breadcrumb","itemListElement":[{"@type":"ListItem","position":1,"name":"Anasayfa","item":"https:\/\/julesverne.com.tr\/"},{"@type":"ListItem","position":2,"name":"2020 Resmi Tatil G\u00fcnlerine G\u00f6re Seyahat \u00d6nerileri"}]},{"@type":"WebSite","@id":"https:\/\/julesverne.com.tr\/#website","url":"https:\/\/julesverne.com.tr\/","name":"JULES VERNE BUSINESS MICE TRAVEL","description":"","publisher":{"@id":"https:\/\/julesverne.com.tr\/#organization"},"potentialAction":[{"@type":"SearchAction","target":{"@type":"EntryPoint","urlTemplate":"https:\/\/julesverne.com.tr\/?s={search_term_string}"},"query-input":"required name=search_term_string"}],"inLanguage":"en-US"},{"@type":"Organization","@id":"https:\/\/julesverne.com.tr\/#organization","name":"JULES VERNE BUSINESS MICE TRAVEL","url":"https:\/\/julesverne.com.tr\/","logo":{"@type":"ImageObject","inLanguage":"en-US","@id":"https:\/\/julesverne.com.tr\/#\/schema\/logo\/image\/","url":"https:\/\/julesverne.com.tr\/wp-content\/uploads\/2020\/09\/jv-bmt-logo.png","contentUrl":"https:\/\/julesverne.com.tr\/wp-content\/uploads\/2020\/09\/jv-bmt-logo.png","width":110,"height":81,"caption":"JULES VERNE BUSINESS MICE TRAVEL"},"image":{"@id":"https:\/\/julesverne.com.tr\/#\/schema\/logo\/image\/"},"sameAs":["https:\/\/www.facebook.com\/JulesVerneBusinessMiceTravel\/","https:\/\/twitter.com\/JV_BusinessMice","https:\/\/www.instagram.com\/julesvernebusinessmicetravel\/","https:\/\/www.linkedin.com\/company\/julesvernebusinessmicetravel\/","https:\/\/www.youtube.com\/channel\/UCAwdsmbZ6tFhu1tea6pkpiw"]},{"@type":"Person","@id":"https:\/\/julesverne.com.tr\/#\/schema\/person\/f4eb0514ae455538644c31b99a466fdb","name":"fikirman","sameAs":["http:\/\/advermedya.net\/julesverne"],"url":"https:\/\/julesverne.com.tr\/en\/author\/fikirman\/"}]}},"_links":{"self":[{"href":"https:\/\/julesverne.com.tr\/en\/wp-json\/wp\/v2\/posts\/2195"}],"collection":[{"href":"https:\/\/julesverne.com.tr\/en\/wp-json\/wp\/v2\/posts"}],"about":[{"href":"https:\/\/julesverne.com.tr\/en\/wp-json\/wp\/v2\/types\/post"}],"author":[{"embeddable":true,"href":"https:\/\/julesverne.com.tr\/en\/wp-json\/wp\/v2\/users\/1"}],"replies":[{"embeddable":true,"href":"https:\/\/julesverne.com.tr\/en\/wp-json\/wp\/v2\/comments?post=2195"}],"version-history":[{"count":1,"href":"https:\/\/julesverne.com.tr\/en\/wp-json\/wp\/v2\/posts\/2195\/revisions"}],"predecessor-version":[{"id":16997,"href":"https:\/\/julesverne.com.tr\/en\/wp-json\/wp\/v2\/posts\/2195\/revisions\/16997"}],"wp:featuredmedia":[{"embeddable":true,"href":"https:\/\/julesverne.com.tr\/en\/wp-json\/wp\/v2\/media\/2196"}],"wp:attachment":[{"href":"https:\/\/julesverne.com.tr\/en\/wp-json\/wp\/v2\/media?parent=2195"}],"wp:term":[{"taxonomy":"category","embeddable":true,"href":"https:\/\/julesverne.com.tr\/en\/wp-json\/wp\/v2\/categories?post=2195"},{"taxonomy":"post_tag","embeddable":true,"href":"https:\/\/julesverne.com.tr\/en\/wp-json\/wp\/v2\/tags?post=2195"}],"curies":[{"name":"wp","href":"https:\/\/api.w.org\/{rel}","templated":true}]}}