{"id":2191,"date":"2022-12-27T15:30:38","date_gmt":"2022-12-27T12:30:38","guid":{"rendered":"https:\/\/www.julesverne.com.tr\/\/blog\/bu-sehirler-kisin-bir-baska-guzel\/"},"modified":"2022-12-27T16:07:13","modified_gmt":"2022-12-27T13:07:13","slug":"kis-mevsiminin-en-cok-yakistigi-sehirler","status":"publish","type":"post","link":"https:\/\/julesverne.com.tr\/en\/travel-blog\/kis-mevsiminin-en-cok-yakistigi-sehirler\/","title":{"rendered":"Bu \u015eehirler K\u0131\u015f\u0131n Bir Ba\u015fka G\u00fczel!"},"content":{"rendered":"<p><\/p>\n<p><p style=\"text-align: center;\"><img loading=\"lazy\" decoding=\"async\" class=\"alignnone size-full wp-image-3286\" src=\"https:\/\/www.julesverne.com.tr\/\/wp-content\/uploads\/2020\/09\/salzburggece.jpg\" width=\"999\" height=\"666\" alt=\"\" srcset=\"https:\/\/julesverne.com.tr\/wp-content\/uploads\/2020\/09\/salzburggece.jpg 999w, https:\/\/julesverne.com.tr\/wp-content\/uploads\/2020\/09\/salzburggece-500x333.jpg 500w, https:\/\/julesverne.com.tr\/wp-content\/uploads\/2020\/09\/salzburggece-768x512.jpg 768w\" sizes=\"(max-width: 999px) 100vw, 999px\" \/><\/p>\n<p>K\u0131\u015f aylar\u0131 so\u011fuk ge&ccedil;se de s\u0131cak &ccedil;ikolatan\u0131n lezzetine, karl\u0131 tepelere, \u0131\u015f\u0131kland\u0131r\u0131lan \u015fehir sokaklar\u0131na, buz pateni pistlerine ve berrak masmavi g&ouml;ky&uuml;z&uuml;ne kim hay\u0131r diyebilir? K\u0131\u015f mevsimini bu y\u0131l, t&uuml;m do\u011fal g&uuml;zellikleri ve muhte\u015fem \u015fehir manzaralar\u0131yla ke\u015ffetmek istiyoruz. K\u0131\u015f aylar\u0131nda, Avrupa&#8217;n\u0131n tarihi \u015fehirlerinin ayr\u0131 bir sihri oldu\u011funu d&uuml;\u015f&uuml;n&uuml;yoruz. Reykjavik&rsquo;ten Delft&rsquo;e, Salzburg&rsquo;dan Var\u015fova&rsquo;ya, Grenoble&rsquo;dan Bergen&rsquo;e k\u0131\u015f mevsiminin en &ccedil;ok yak\u0131\u015ft\u0131\u011f\u0131 \u015fehirler&hellip;<\/p>\n<p><strong>Bergen, Norve&ccedil;<\/strong><\/p>\n<p style=\"text-align: center;\"><strong><img loading=\"lazy\" decoding=\"async\" class=\"alignnone size-full wp-image-3287\" src=\"https:\/\/www.julesverne.com.tr\/\/wp-content\/uploads\/2020\/09\/bergen.jpg\" width=\"999\" height=\"666\" alt=\"\" srcset=\"https:\/\/julesverne.com.tr\/wp-content\/uploads\/2020\/09\/bergen.jpg 999w, https:\/\/julesverne.com.tr\/wp-content\/uploads\/2020\/09\/bergen-500x333.jpg 500w, https:\/\/julesverne.com.tr\/wp-content\/uploads\/2020\/09\/bergen-768x512.jpg 768w\" sizes=\"(max-width: 999px) 100vw, 999px\" \/><\/strong><\/p>\n<p>Masallarda anlat\u0131lan hik&acirc;yelerden birini ya\u015famak istiyorsan\u0131z rotan\u0131z\u0131 Norve&ccedil;&#8217;in sevimli \u015fehri Bergen&#8217;e &ccedil;evirmelisiniz. \u0130skandinav ya\u015fam k&uuml;lt&uuml;r&uuml;n&uuml;n benzersiz bir &ouml;rne\u011fi ile kar\u015f\u0131 kar\u015f\u0131ya oldu\u011funuzu s&ouml;yleyerek bu \u015fehri anlatmaya ba\u015flayal\u0131m. Yakla\u015f\u0131k 300.000 n&uuml;fusuyla Norve&ccedil;&#8217;in ikinci b&uuml;y&uuml;k \u015fehri Bergen k&uuml;&ccedil;&uuml;k bal\u0131k&ccedil;\u0131 kasabas\u0131 ruhunu koruyor. Renk renk boyanan liman k\u0131y\u0131s\u0131ndaki evleriyle &ccedil;izgi romanlar\u0131 aratm\u0131yor. Kendinizi en g&uuml;zel do\u011fa manzaralar\u0131 aras\u0131nda bulaca\u011f\u0131n\u0131z Bergen, Kuzey I\u015f\u0131klar\u0131 i&ccedil;in de uygun konum ve iklimi sunuyor.<\/p>\n<p><strong>Delft, Hollanda<\/strong><\/p>\n<p style=\"text-align: center;\"><strong><img loading=\"lazy\" decoding=\"async\" class=\"alignnone size-full wp-image-3288\" src=\"https:\/\/www.julesverne.com.tr\/\/wp-content\/uploads\/2020\/09\/delft.jpg\" width=\"999\" height=\"658\" alt=\"\" srcset=\"https:\/\/julesverne.com.tr\/wp-content\/uploads\/2020\/09\/delft.jpg 999w, https:\/\/julesverne.com.tr\/wp-content\/uploads\/2020\/09\/delft-500x329.jpg 500w, https:\/\/julesverne.com.tr\/wp-content\/uploads\/2020\/09\/delft-768x506.jpg 768w\" sizes=\"(max-width: 999px) 100vw, 999px\" \/><\/strong><\/p>\n<p>Mavi desenli &ccedil;&ouml;mlekleriyle &ouml;zde\u015fle\u015fen Hollanda&#8217;n\u0131n s&uuml;rpriz \u015fehri Delft asl\u0131nda bozulmayan R&ouml;nesans mimarisi, d&uuml;nyaca &uuml;nl&uuml; Vermeer&#8217;in evi olmas\u0131yla bir ba\u015fyap\u0131t. Kanal manzaralar\u0131 ile Amsterdam&#8217;\u0131 an\u0131msatan \u015fehir tarihi, k&uuml;lt&uuml;r&uuml;, sanatsal zenginli\u011fiyle ba\u015fkenti aratm\u0131yor. Kom\u015fusu oldu\u011fu Rotterdam, Lahey \u015fehirlerinin bir ad\u0131m geride kalmas\u0131 size turist yo\u011funlu\u011fundan uzak bir \u015fehri ke\u015ffetme avantaj\u0131 sa\u011fl\u0131yor. K&uuml;&ccedil;&uuml;k bir kasaba d&uuml;zeninde olmas\u0131na ra\u011fmen ma\u011fazalar\u0131, butikleri, m&uuml;zeleri ve restoranlar\u0131yla canl\u0131 bir \u015fehir oldu\u011funu her f\u0131rsatta an\u0131msat\u0131yor. R&ouml;nesans yap\u0131lar\u0131n\u0131 ve kanal manzaralar\u0131n\u0131 bir de kar ya\u011fd\u0131\u011f\u0131nda g&ouml;rmelisiniz!<\/p>\n<p><strong>Var\u015fova, Polonya<\/strong><\/p>\n<p style=\"text-align: center;\"><strong><img loading=\"lazy\" decoding=\"async\" class=\"alignnone size-full wp-image-3289\" src=\"https:\/\/www.julesverne.com.tr\/\/wp-content\/uploads\/2020\/09\/varsova.jpg\" width=\"999\" height=\"666\" alt=\"\" srcset=\"https:\/\/julesverne.com.tr\/wp-content\/uploads\/2020\/09\/varsova.jpg 999w, https:\/\/julesverne.com.tr\/wp-content\/uploads\/2020\/09\/varsova-500x333.jpg 500w, https:\/\/julesverne.com.tr\/wp-content\/uploads\/2020\/09\/varsova-768x512.jpg 768w\" sizes=\"(max-width: 999px) 100vw, 999px\" \/><\/strong><\/p>\n<p>II. D&uuml;nya Sava\u015f\u0131 s\u0131ras\u0131nda % 85&#8217;i y\u0131k\u0131lan ancak sonraki y\u0131llarda ayn\u0131 tarzda yeniden in\u015fa edilerek tarihi dokusunu ya\u015fatmay\u0131 ba\u015faran Var\u015fova&#8230; Son y\u0131llarda ad\u0131n\u0131 daha s\u0131k duydu\u011fumuz bu k&uuml;lt&uuml;r odakl\u0131 \u015fehir beklentilerinizin &uuml;zerinde bir seyahat deneyimiyle donat\u0131yor sizi. D&uuml;nyan\u0131n en &ouml;nemli e\u011fitim destinasyonlar\u0131ndan biri olan Polonya&rsquo;n\u0131n ba\u015fkenti de tabi ki bu g&uuml;c&uuml;yle gen&ccedil; n&uuml;fusa ev sahipli\u011fi yap\u0131yor. G&ouml;kdelenlerden Sovyet d&ouml;nemini yans\u0131tan kale ve saat kulelerine kadar t&uuml;m manzaralar\u0131 bar\u0131nd\u0131ran Var\u015fova&#8217;da her detay bir yapbozun par&ccedil;as\u0131 gibi.<\/p>\n<p><strong>Salzburg, Avusturya&nbsp;<\/strong><\/p>\n<p style=\"text-align: center;\"><strong><img loading=\"lazy\" decoding=\"async\" class=\"alignnone size-full wp-image-3290\" src=\"https:\/\/www.julesverne.com.tr\/\/wp-content\/uploads\/2020\/09\/salzburgwinter.jpg\" width=\"980\" height=\"492\" alt=\"\" srcset=\"https:\/\/julesverne.com.tr\/wp-content\/uploads\/2020\/09\/salzburgwinter.jpg 980w, https:\/\/julesverne.com.tr\/wp-content\/uploads\/2020\/09\/salzburgwinter-500x251.jpg 500w, https:\/\/julesverne.com.tr\/wp-content\/uploads\/2020\/09\/salzburgwinter-768x386.jpg 768w\" sizes=\"(max-width: 980px) 100vw, 980px\" \/><\/strong><\/p>\n<p>Bir kar k&uuml;resi i&ccedil;erisinde gezmek istiyorsan\u0131z sizi, Avusturya&#8217;n\u0131n sanat kokan \u015fehri Salzburg&#8217;a davet ediyoruz. Mozart&#8217;\u0131n do\u011fum yeri olmas\u0131yla sokaklar\u0131nda m&uuml;zik t\u0131n\u0131lar\u0131n\u0131 duyumsad\u0131\u011f\u0131n\u0131z Salzburg&#8217;da dola\u015f\u0131rken kraliyet ruhunu, zarafeti hissetmemek imk&acirc;ns\u0131z. Germen mimarisiyle i\u015flenmi\u015f sokaklar\u0131nda dola\u015f\u0131rken tarihte bir zaman yolculu\u011funa &ccedil;\u0131kar\u0131yor sizleri. Mozart&rsquo;\u0131n&nbsp;evleri, UNESCO D&uuml;nya Miras\u0131 Listesi&rsquo;nde yer alan tepeye kurulmu\u015f kalesi, ma\u011fazalar ve restoranlarla &ccedil;evrili Getreidegasse Caddesi ile Salzburg&rsquo;u bir de beyazlar alt\u0131ndayken gezmelisiniz. Zaman\u0131n\u0131z varsa k\u0131\u015f mevsiminde bamba\u015fka bir g&uuml;zelli\u011fe b&uuml;r&uuml;nen Hallstatt&rsquo;a g&uuml;n&uuml;birlik bir gezi yapabilirsiniz.&nbsp;<\/p>\n<p><strong>Reykjav&iacute;k, \u0130zlanda<\/strong><\/p>\n<p style=\"text-align: center;\"><strong><img loading=\"lazy\" decoding=\"async\" class=\"alignnone size-full wp-image-3291\" src=\"https:\/\/www.julesverne.com.tr\/\/wp-content\/uploads\/2020\/09\/Reykjavik.jpg\" width=\"999\" height=\"666\" alt=\"\" srcset=\"https:\/\/julesverne.com.tr\/wp-content\/uploads\/2020\/09\/Reykjavik.jpg 999w, https:\/\/julesverne.com.tr\/wp-content\/uploads\/2020\/09\/Reykjavik-500x333.jpg 500w, https:\/\/julesverne.com.tr\/wp-content\/uploads\/2020\/09\/Reykjavik-768x512.jpg 768w\" sizes=\"(max-width: 999px) 100vw, 999px\" \/><\/strong><\/p>\n<p>Bir bal\u0131k&ccedil;\u0131 k&ouml;y&uuml; olarak kurulan; safl\u0131\u011f\u0131n\u0131 kaybetmeden h\u0131zla Avrupa&#8217;n\u0131n modern \u015fehirler listesine giren Reykjavik! Avrupa&#8217;n\u0131n en so\u011fuk noktalar\u0131ndan biri olsa da k\u0131\u015f mevsiminde Reykjavik&#8217;e gitmek i&ccedil;in sebebiniz &ccedil;ok&#8230; &Ouml;ncelikle kar ya\u011fd\u0131\u011f\u0131nda tam bir kartpostala d&ouml;n&uuml;\u015fen \u015fehir manzaras\u0131 i&ccedil;in bu yolculu\u011fa de\u011fer. \u0130kinci olarak az yerle\u015fimi sayesinde k\u0131\u015f gecelerinde fazla \u0131\u015f\u0131\u011f\u0131n olmamas\u0131 Kuzey I\u015f\u0131klar\u0131n\u0131 g&ouml;rebilmeniz i&ccedil;in harika bir ortam haz\u0131rl\u0131yor. Hava so\u011fuk olsa da sizi \u0131s\u0131tacak kapl\u0131calar\u0131 ise karla kapl\u0131 manzarada s\u0131cac\u0131k sularda keyif yapma \u015fans\u0131 veriyor. \u015eubat ay\u0131nda ger&ccedil;ekle\u015fen I\u015f\u0131k Festivali ise karlar &uuml;lkesine &ccedil;ok yak\u0131\u015f\u0131yor.<\/p>\n<p><strong>Grenoble, Fransa<\/strong><\/p>\n<p style=\"text-align: center;\"><strong><img loading=\"lazy\" decoding=\"async\" class=\"alignnone size-full wp-image-3292\" src=\"https:\/\/www.julesverne.com.tr\/\/wp-content\/uploads\/2020\/09\/grenoble.jpg\" width=\"999\" height=\"666\" alt=\"\" srcset=\"https:\/\/julesverne.com.tr\/wp-content\/uploads\/2020\/09\/grenoble.jpg 999w, https:\/\/julesverne.com.tr\/wp-content\/uploads\/2020\/09\/grenoble-500x333.jpg 500w, https:\/\/julesverne.com.tr\/wp-content\/uploads\/2020\/09\/grenoble-768x512.jpg 768w\" sizes=\"(max-width: 999px) 100vw, 999px\" \/><\/strong><\/p>\n<p>Fransa&#8217;n\u0131n g&uuml;neydo\u011fusuna denk gelen Grenoble ismini yazarken heybetli Alp da\u011flar\u0131 ile &ccedil;evrili olan iki bin y\u0131ll\u0131k bir \u015fehirden bahsediyoruz. Mimari yap\u0131lar\u0131 ve da\u011flar\u0131n g&ouml;r&uuml;nt&uuml;leri ile harika bir kontrast olu\u015fturan \u015fehir siluetine bir de g&uuml;zel parklar\u0131, kayak merkezlerine yak\u0131n konumunu ekleyin! Geleneksel sanata, modern sanata, arkeolojiye, bilime adanan m&uuml;zeleriyle bir sanat \u015fehri olma yolunda g&uuml;venli ad\u0131mlar atan Grenoble, hem do\u011fa hem \u015fehir hayat\u0131n\u0131 ya\u015famak isteyen gezginlere &ouml;nerimizdir!<\/p>\n<p style=\"text-align: center;\"><strong>Size &ouml;zel seyahat program\u0131 ve rezervasyon i&ccedil;in:<\/strong><br \/><a href=\"mailto:travel@julesverne.com.tr\" target=\"_blank\" rel=\"noopener noreferrer\"><strong>travel@julesverne.com.tr<\/strong><\/a><br \/><strong>0212 266 6363 &#8211; 118<\/strong><\/p>\n<\/p>\n<p><\/p>","protected":false},"excerpt":{"rendered":"<p><span style=\"font-size: 11.0pt; line-height: 107%; font-family: 'Calibri',sans-serif; mso-ascii-theme-font: minor-latin; mso-fareast-font-family: Calibri; mso-fareast-theme-font: minor-latin; mso-hansi-theme-font: minor-latin; mso-bidi-font-family: 'Times New Roman'; mso-bidi-theme-font: minor-bidi; mso-ansi-language: TR; mso-fareast-language: EN-US; mso-bidi-language: AR-SA;\">Reykjavik&rsquo;ten Delft&rsquo;e, Salzburg&rsquo;dan Var\u015fova&rsquo;ya, Grenoble&rsquo;dan Bergen&rsquo;e k\u0131\u015f mevsiminin en &ccedil;ok yak\u0131\u015ft\u0131\u011f\u0131 \u015fehirler&hellip;<\/span><\/p>\n","protected":false},"author":1,"featured_media":14678,"comment_status":"closed","ping_status":"closed","sticky":false,"template":"","format":"standard","meta":{"inline_featured_image":false,"footnotes":""},"categories":[38,1,39],"tags":[210,73],"acf":[],"yoast_head":"<!-- This site is optimized with the Yoast SEO plugin v22.3 - https:\/\/yoast.com\/wordpress\/plugins\/seo\/ -->\n<title>Bu \u015eehirler K\u0131\u015f\u0131n Bir Ba\u015fka G\u00fczel! - JULES VERNE BUSINESS MICE TRAVEL<\/title>\n<meta name=\"description\" content=\"So\u011fuk havalar\u0131 masals\u0131 g\u00f6r\u00fcn\u00fcmleriyle \u0131s\u0131tan, k\u0131\u015f mevsiminin en \u00e7ok yak\u0131\u015ft\u0131\u011f\u0131 \u015fehirleri sizler i\u00e7in haz\u0131rlad\u0131k. Prag\u2019dan Reykjavik\u2019e, Tallinn\u2019den Delft\u2019e, Salzburg\u2019dan Var\u015fova\u2019ya, Grenoble\u2019dan Bergen\u2019e k\u0131\u015f mevsiminin en \u00e7ok yak\u0131\u015ft\u0131\u011f\u0131 \u015fehirler\u2026 \u00a0\" \/>\n<meta name=\"robots\" content=\"index, follow, max-snippet:-1, max-image-preview:large, max-video-preview:-1\" \/>\n<link rel=\"canonical\" href=\"https:\/\/julesverne.com.tr\/travel-blog\/kis-mevsiminin-en-cok-yakistigi-sehirler\/\" \/>\n<meta property=\"og:locale\" content=\"en_US\" \/>\n<meta property=\"og:type\" content=\"article\" \/>\n<meta property=\"og:title\" content=\"[:tr]K\u0131\u015f Mevsiminin En \u00c7ok Yak\u0131\u015ft\u0131\u011f\u0131 \u015eehirler[:en]Bu \u015eehirler K\u0131\u015f\u0131n Bir Ba\u015fka G\u00fczel![:] - JULES VERNE BUSINESS MICE TRAVEL\" \/>\n<meta property=\"og:description\" content=\"So\u011fuk havalar\u0131 masals\u0131 g\u00f6r\u00fcn\u00fcmleriyle \u0131s\u0131tan, k\u0131\u015f mevsiminin en \u00e7ok yak\u0131\u015ft\u0131\u011f\u0131 \u015fehirleri sizler i\u00e7in haz\u0131rlad\u0131k. Prag\u2019dan Reykjavik\u2019e, Tallinn\u2019den Delft\u2019e, Salzburg\u2019dan Var\u015fova\u2019ya, Grenoble\u2019dan Bergen\u2019e k\u0131\u015f mevsiminin en \u00e7ok yak\u0131\u015ft\u0131\u011f\u0131 \u015fehirler\u2026 \u00a0\" \/>\n<meta property=\"og:url\" content=\"https:\/\/julesverne.com.tr\/travel-blog\/kis-mevsiminin-en-cok-yakistigi-sehirler\/\" \/>\n<meta property=\"og:site_name\" content=\"JULES VERNE BUSINESS MICE TRAVEL\" \/>\n<meta property=\"article:publisher\" content=\"https:\/\/www.facebook.com\/JulesVerneBusinessMiceTravel\/\" \/>\n<meta property=\"article:published_time\" content=\"2022-12-27T12:30:38+00:00\" \/>\n<meta property=\"article:modified_time\" content=\"2022-12-27T13:07:13+00:00\" \/>\n<meta property=\"og:image\" content=\"https:\/\/julesverne.com.tr\/wp-content\/uploads\/2019\/12\/prag_winter_shutterstock_514079017.jpg\" \/>\n\t<meta property=\"og:image:width\" content=\"1000\" \/>\n\t<meta property=\"og:image:height\" content=\"667\" \/>\n\t<meta property=\"og:image:type\" content=\"image\/jpeg\" \/>\n<meta name=\"author\" content=\"fikirman\" \/>\n<meta name=\"twitter:card\" content=\"summary_large_image\" \/>\n<meta name=\"twitter:creator\" content=\"@JV_BusinessMice\" \/>\n<meta name=\"twitter:site\" content=\"@JV_BusinessMice\" \/>\n<meta name=\"twitter:label1\" content=\"Written by\" \/>\n\t<meta name=\"twitter:data1\" content=\"fikirman\" \/>\n\t<meta name=\"twitter:label2\" content=\"Est. reading time\" \/>\n\t<meta name=\"twitter:data2\" content=\"7 minutes\" \/>\n<script type=\"application\/ld+json\" class=\"yoast-schema-graph\">{\"@context\":\"https:\/\/schema.org\",\"@graph\":[{\"@type\":\"Article\",\"@id\":\"https:\/\/julesverne.com.tr\/travel-blog\/kis-mevsiminin-en-cok-yakistigi-sehirler\/#article\",\"isPartOf\":{\"@id\":\"https:\/\/julesverne.com.tr\/travel-blog\/kis-mevsiminin-en-cok-yakistigi-sehirler\/\"},\"author\":{\"name\":\"fikirman\",\"@id\":\"https:\/\/julesverne.com.tr\/#\/schema\/person\/f4eb0514ae455538644c31b99a466fdb\"},\"headline\":\"Bu \u015eehirler K\u0131\u015f\u0131n Bir Ba\u015fka G\u00fczel!\",\"datePublished\":\"2022-12-27T12:30:38+00:00\",\"dateModified\":\"2022-12-27T13:07:13+00:00\",\"mainEntityOfPage\":{\"@id\":\"https:\/\/julesverne.com.tr\/travel-blog\/kis-mevsiminin-en-cok-yakistigi-sehirler\/\"},\"wordCount\":2051,\"publisher\":{\"@id\":\"https:\/\/julesverne.com.tr\/#organization\"},\"image\":{\"@id\":\"https:\/\/julesverne.com.tr\/travel-blog\/kis-mevsiminin-en-cok-yakistigi-sehirler\/#primaryimage\"},\"thumbnailUrl\":\"https:\/\/julesverne.com.tr\/wp-content\/uploads\/2019\/12\/prag_winter_shutterstock_514079017.jpg\",\"keywords\":[\"K\u0131\u015f Tatili\",\"Nereye Gitsek\"],\"articleSection\":[\"\u0130lham Veren Destinasyonlar\",\"Blog\",\"Nereye Gitsek?\"],\"inLanguage\":\"en-US\"},{\"@type\":\"WebPage\",\"@id\":\"https:\/\/julesverne.com.tr\/travel-blog\/kis-mevsiminin-en-cok-yakistigi-sehirler\/\",\"url\":\"https:\/\/julesverne.com.tr\/travel-blog\/kis-mevsiminin-en-cok-yakistigi-sehirler\/\",\"name\":\"[:tr]K\u0131\u015f Mevsiminin En \u00c7ok Yak\u0131\u015ft\u0131\u011f\u0131 \u015eehirler[:en]Bu \u015eehirler K\u0131\u015f\u0131n Bir Ba\u015fka G\u00fczel![:] - JULES VERNE BUSINESS MICE TRAVEL\",\"isPartOf\":{\"@id\":\"https:\/\/julesverne.com.tr\/#website\"},\"primaryImageOfPage\":{\"@id\":\"https:\/\/julesverne.com.tr\/travel-blog\/kis-mevsiminin-en-cok-yakistigi-sehirler\/#primaryimage\"},\"image\":{\"@id\":\"https:\/\/julesverne.com.tr\/travel-blog\/kis-mevsiminin-en-cok-yakistigi-sehirler\/#primaryimage\"},\"thumbnailUrl\":\"https:\/\/julesverne.com.tr\/wp-content\/uploads\/2019\/12\/prag_winter_shutterstock_514079017.jpg\",\"datePublished\":\"2022-12-27T12:30:38+00:00\",\"dateModified\":\"2022-12-27T13:07:13+00:00\",\"description\":\"So\u011fuk havalar\u0131 masals\u0131 g\u00f6r\u00fcn\u00fcmleriyle \u0131s\u0131tan, k\u0131\u015f mevsiminin en \u00e7ok yak\u0131\u015ft\u0131\u011f\u0131 \u015fehirleri sizler i\u00e7in haz\u0131rlad\u0131k. Prag\u2019dan Reykjavik\u2019e, Tallinn\u2019den Delft\u2019e, Salzburg\u2019dan Var\u015fova\u2019ya, Grenoble\u2019dan Bergen\u2019e k\u0131\u015f mevsiminin en \u00e7ok yak\u0131\u015ft\u0131\u011f\u0131 \u015fehirler\u2026 \u00a0\",\"breadcrumb\":{\"@id\":\"https:\/\/julesverne.com.tr\/travel-blog\/kis-mevsiminin-en-cok-yakistigi-sehirler\/#breadcrumb\"},\"inLanguage\":\"en-US\",\"potentialAction\":[{\"@type\":\"ReadAction\",\"target\":[\"https:\/\/julesverne.com.tr\/travel-blog\/kis-mevsiminin-en-cok-yakistigi-sehirler\/\"]}]},{\"@type\":\"ImageObject\",\"inLanguage\":\"en-US\",\"@id\":\"https:\/\/julesverne.com.tr\/travel-blog\/kis-mevsiminin-en-cok-yakistigi-sehirler\/#primaryimage\",\"url\":\"https:\/\/julesverne.com.tr\/wp-content\/uploads\/2019\/12\/prag_winter_shutterstock_514079017.jpg\",\"contentUrl\":\"https:\/\/julesverne.com.tr\/wp-content\/uploads\/2019\/12\/prag_winter_shutterstock_514079017.jpg\",\"width\":1000,\"height\":667},{\"@type\":\"BreadcrumbList\",\"@id\":\"https:\/\/julesverne.com.tr\/travel-blog\/kis-mevsiminin-en-cok-yakistigi-sehirler\/#breadcrumb\",\"itemListElement\":[{\"@type\":\"ListItem\",\"position\":1,\"name\":\"Anasayfa\",\"item\":\"https:\/\/julesverne.com.tr\/\"},{\"@type\":\"ListItem\",\"position\":2,\"name\":\"K\u0131\u015f Mevsiminin En \u00c7ok Yak\u0131\u015ft\u0131\u011f\u0131 \u015eehirler\"}]},{\"@type\":\"WebSite\",\"@id\":\"https:\/\/julesverne.com.tr\/#website\",\"url\":\"https:\/\/julesverne.com.tr\/\",\"name\":\"JULES VERNE BUSINESS MICE TRAVEL\",\"description\":\"\",\"publisher\":{\"@id\":\"https:\/\/julesverne.com.tr\/#organization\"},\"potentialAction\":[{\"@type\":\"SearchAction\",\"target\":{\"@type\":\"EntryPoint\",\"urlTemplate\":\"https:\/\/julesverne.com.tr\/?s={search_term_string}\"},\"query-input\":\"required name=search_term_string\"}],\"inLanguage\":\"en-US\"},{\"@type\":\"Organization\",\"@id\":\"https:\/\/julesverne.com.tr\/#organization\",\"name\":\"JULES VERNE BUSINESS MICE TRAVEL\",\"url\":\"https:\/\/julesverne.com.tr\/\",\"logo\":{\"@type\":\"ImageObject\",\"inLanguage\":\"en-US\",\"@id\":\"https:\/\/julesverne.com.tr\/#\/schema\/logo\/image\/\",\"url\":\"https:\/\/julesverne.com.tr\/wp-content\/uploads\/2020\/09\/jv-bmt-logo.png\",\"contentUrl\":\"https:\/\/julesverne.com.tr\/wp-content\/uploads\/2020\/09\/jv-bmt-logo.png\",\"width\":110,\"height\":81,\"caption\":\"JULES VERNE BUSINESS MICE TRAVEL\"},\"image\":{\"@id\":\"https:\/\/julesverne.com.tr\/#\/schema\/logo\/image\/\"},\"sameAs\":[\"https:\/\/www.facebook.com\/JulesVerneBusinessMiceTravel\/\",\"https:\/\/twitter.com\/JV_BusinessMice\",\"https:\/\/www.instagram.com\/julesvernebusinessmicetravel\/\",\"https:\/\/www.linkedin.com\/company\/julesvernebusinessmicetravel\/\",\"https:\/\/www.youtube.com\/channel\/UCAwdsmbZ6tFhu1tea6pkpiw\"]},{\"@type\":\"Person\",\"@id\":\"https:\/\/julesverne.com.tr\/#\/schema\/person\/f4eb0514ae455538644c31b99a466fdb\",\"name\":\"fikirman\",\"sameAs\":[\"http:\/\/advermedya.net\/julesverne\"],\"url\":\"https:\/\/julesverne.com.tr\/en\/author\/fikirman\/\"}]}<\/script>\n<!-- \/ Yoast SEO plugin. -->","yoast_head_json":{"title":"[:tr]K\u0131\u015f Mevsiminin En \u00c7ok Yak\u0131\u015ft\u0131\u011f\u0131 \u015eehirler[:en]Bu \u015eehirler K\u0131\u015f\u0131n Bir Ba\u015fka G\u00fczel![:] - JULES VERNE BUSINESS MICE TRAVEL","description":"So\u011fuk havalar\u0131 masals\u0131 g\u00f6r\u00fcn\u00fcmleriyle \u0131s\u0131tan, k\u0131\u015f mevsiminin en \u00e7ok yak\u0131\u015ft\u0131\u011f\u0131 \u015fehirleri sizler i\u00e7in haz\u0131rlad\u0131k. Prag\u2019dan Reykjavik\u2019e, Tallinn\u2019den Delft\u2019e, Salzburg\u2019dan Var\u015fova\u2019ya, Grenoble\u2019dan Bergen\u2019e k\u0131\u015f mevsiminin en \u00e7ok yak\u0131\u015ft\u0131\u011f\u0131 \u015fehirler\u2026 \u00a0","robots":{"index":"index","follow":"follow","max-snippet":"max-snippet:-1","max-image-preview":"max-image-preview:large","max-video-preview":"max-video-preview:-1"},"canonical":"https:\/\/julesverne.com.tr\/travel-blog\/kis-mevsiminin-en-cok-yakistigi-sehirler\/","og_locale":"en_US","og_type":"article","og_title":"[:tr]K\u0131\u015f Mevsiminin En \u00c7ok Yak\u0131\u015ft\u0131\u011f\u0131 \u015eehirler[:en]Bu \u015eehirler K\u0131\u015f\u0131n Bir Ba\u015fka G\u00fczel![:] - JULES VERNE BUSINESS MICE TRAVEL","og_description":"So\u011fuk havalar\u0131 masals\u0131 g\u00f6r\u00fcn\u00fcmleriyle \u0131s\u0131tan, k\u0131\u015f mevsiminin en \u00e7ok yak\u0131\u015ft\u0131\u011f\u0131 \u015fehirleri sizler i\u00e7in haz\u0131rlad\u0131k. Prag\u2019dan Reykjavik\u2019e, Tallinn\u2019den Delft\u2019e, Salzburg\u2019dan Var\u015fova\u2019ya, Grenoble\u2019dan Bergen\u2019e k\u0131\u015f mevsiminin en \u00e7ok yak\u0131\u015ft\u0131\u011f\u0131 \u015fehirler\u2026 \u00a0","og_url":"https:\/\/julesverne.com.tr\/travel-blog\/kis-mevsiminin-en-cok-yakistigi-sehirler\/","og_site_name":"JULES VERNE BUSINESS MICE TRAVEL","article_publisher":"https:\/\/www.facebook.com\/JulesVerneBusinessMiceTravel\/","article_published_time":"2022-12-27T12:30:38+00:00","article_modified_time":"2022-12-27T13:07:13+00:00","og_image":[{"width":1000,"height":667,"url":"https:\/\/julesverne.com.tr\/wp-content\/uploads\/2019\/12\/prag_winter_shutterstock_514079017.jpg","type":"image\/jpeg"}],"author":"fikirman","twitter_card":"summary_large_image","twitter_creator":"@JV_BusinessMice","twitter_site":"@JV_BusinessMice","twitter_misc":{"Written by":"fikirman","Est. reading time":"7 minutes"},"schema":{"@context":"https:\/\/schema.org","@graph":[{"@type":"Article","@id":"https:\/\/julesverne.com.tr\/travel-blog\/kis-mevsiminin-en-cok-yakistigi-sehirler\/#article","isPartOf":{"@id":"https:\/\/julesverne.com.tr\/travel-blog\/kis-mevsiminin-en-cok-yakistigi-sehirler\/"},"author":{"name":"fikirman","@id":"https:\/\/julesverne.com.tr\/#\/schema\/person\/f4eb0514ae455538644c31b99a466fdb"},"headline":"Bu \u015eehirler K\u0131\u015f\u0131n Bir Ba\u015fka G\u00fczel!","datePublished":"2022-12-27T12:30:38+00:00","dateModified":"2022-12-27T13:07:13+00:00","mainEntityOfPage":{"@id":"https:\/\/julesverne.com.tr\/travel-blog\/kis-mevsiminin-en-cok-yakistigi-sehirler\/"},"wordCount":2051,"publisher":{"@id":"https:\/\/julesverne.com.tr\/#organization"},"image":{"@id":"https:\/\/julesverne.com.tr\/travel-blog\/kis-mevsiminin-en-cok-yakistigi-sehirler\/#primaryimage"},"thumbnailUrl":"https:\/\/julesverne.com.tr\/wp-content\/uploads\/2019\/12\/prag_winter_shutterstock_514079017.jpg","keywords":["K\u0131\u015f Tatili","Nereye Gitsek"],"articleSection":["\u0130lham Veren Destinasyonlar","Blog","Nereye Gitsek?"],"inLanguage":"en-US"},{"@type":"WebPage","@id":"https:\/\/julesverne.com.tr\/travel-blog\/kis-mevsiminin-en-cok-yakistigi-sehirler\/","url":"https:\/\/julesverne.com.tr\/travel-blog\/kis-mevsiminin-en-cok-yakistigi-sehirler\/","name":"[:tr]K\u0131\u015f Mevsiminin En \u00c7ok Yak\u0131\u015ft\u0131\u011f\u0131 \u015eehirler[:en]Bu \u015eehirler K\u0131\u015f\u0131n Bir Ba\u015fka G\u00fczel![:] - JULES VERNE BUSINESS MICE TRAVEL","isPartOf":{"@id":"https:\/\/julesverne.com.tr\/#website"},"primaryImageOfPage":{"@id":"https:\/\/julesverne.com.tr\/travel-blog\/kis-mevsiminin-en-cok-yakistigi-sehirler\/#primaryimage"},"image":{"@id":"https:\/\/julesverne.com.tr\/travel-blog\/kis-mevsiminin-en-cok-yakistigi-sehirler\/#primaryimage"},"thumbnailUrl":"https:\/\/julesverne.com.tr\/wp-content\/uploads\/2019\/12\/prag_winter_shutterstock_514079017.jpg","datePublished":"2022-12-27T12:30:38+00:00","dateModified":"2022-12-27T13:07:13+00:00","description":"So\u011fuk havalar\u0131 masals\u0131 g\u00f6r\u00fcn\u00fcmleriyle \u0131s\u0131tan, k\u0131\u015f mevsiminin en \u00e7ok yak\u0131\u015ft\u0131\u011f\u0131 \u015fehirleri sizler i\u00e7in haz\u0131rlad\u0131k. Prag\u2019dan Reykjavik\u2019e, Tallinn\u2019den Delft\u2019e, Salzburg\u2019dan Var\u015fova\u2019ya, Grenoble\u2019dan Bergen\u2019e k\u0131\u015f mevsiminin en \u00e7ok yak\u0131\u015ft\u0131\u011f\u0131 \u015fehirler\u2026 \u00a0","breadcrumb":{"@id":"https:\/\/julesverne.com.tr\/travel-blog\/kis-mevsiminin-en-cok-yakistigi-sehirler\/#breadcrumb"},"inLanguage":"en-US","potentialAction":[{"@type":"ReadAction","target":["https:\/\/julesverne.com.tr\/travel-blog\/kis-mevsiminin-en-cok-yakistigi-sehirler\/"]}]},{"@type":"ImageObject","inLanguage":"en-US","@id":"https:\/\/julesverne.com.tr\/travel-blog\/kis-mevsiminin-en-cok-yakistigi-sehirler\/#primaryimage","url":"https:\/\/julesverne.com.tr\/wp-content\/uploads\/2019\/12\/prag_winter_shutterstock_514079017.jpg","contentUrl":"https:\/\/julesverne.com.tr\/wp-content\/uploads\/2019\/12\/prag_winter_shutterstock_514079017.jpg","width":1000,"height":667},{"@type":"BreadcrumbList","@id":"https:\/\/julesverne.com.tr\/travel-blog\/kis-mevsiminin-en-cok-yakistigi-sehirler\/#breadcrumb","itemListElement":[{"@type":"ListItem","position":1,"name":"Anasayfa","item":"https:\/\/julesverne.com.tr\/"},{"@type":"ListItem","position":2,"name":"K\u0131\u015f Mevsiminin En \u00c7ok Yak\u0131\u015ft\u0131\u011f\u0131 \u015eehirler"}]},{"@type":"WebSite","@id":"https:\/\/julesverne.com.tr\/#website","url":"https:\/\/julesverne.com.tr\/","name":"JULES VERNE BUSINESS MICE TRAVEL","description":"","publisher":{"@id":"https:\/\/julesverne.com.tr\/#organization"},"potentialAction":[{"@type":"SearchAction","target":{"@type":"EntryPoint","urlTemplate":"https:\/\/julesverne.com.tr\/?s={search_term_string}"},"query-input":"required name=search_term_string"}],"inLanguage":"en-US"},{"@type":"Organization","@id":"https:\/\/julesverne.com.tr\/#organization","name":"JULES VERNE BUSINESS MICE TRAVEL","url":"https:\/\/julesverne.com.tr\/","logo":{"@type":"ImageObject","inLanguage":"en-US","@id":"https:\/\/julesverne.com.tr\/#\/schema\/logo\/image\/","url":"https:\/\/julesverne.com.tr\/wp-content\/uploads\/2020\/09\/jv-bmt-logo.png","contentUrl":"https:\/\/julesverne.com.tr\/wp-content\/uploads\/2020\/09\/jv-bmt-logo.png","width":110,"height":81,"caption":"JULES VERNE BUSINESS MICE TRAVEL"},"image":{"@id":"https:\/\/julesverne.com.tr\/#\/schema\/logo\/image\/"},"sameAs":["https:\/\/www.facebook.com\/JulesVerneBusinessMiceTravel\/","https:\/\/twitter.com\/JV_BusinessMice","https:\/\/www.instagram.com\/julesvernebusinessmicetravel\/","https:\/\/www.linkedin.com\/company\/julesvernebusinessmicetravel\/","https:\/\/www.youtube.com\/channel\/UCAwdsmbZ6tFhu1tea6pkpiw"]},{"@type":"Person","@id":"https:\/\/julesverne.com.tr\/#\/schema\/person\/f4eb0514ae455538644c31b99a466fdb","name":"fikirman","sameAs":["http:\/\/advermedya.net\/julesverne"],"url":"https:\/\/julesverne.com.tr\/en\/author\/fikirman\/"}]}},"_links":{"self":[{"href":"https:\/\/julesverne.com.tr\/en\/wp-json\/wp\/v2\/posts\/2191"}],"collection":[{"href":"https:\/\/julesverne.com.tr\/en\/wp-json\/wp\/v2\/posts"}],"about":[{"href":"https:\/\/julesverne.com.tr\/en\/wp-json\/wp\/v2\/types\/post"}],"author":[{"embeddable":true,"href":"https:\/\/julesverne.com.tr\/en\/wp-json\/wp\/v2\/users\/1"}],"replies":[{"embeddable":true,"href":"https:\/\/julesverne.com.tr\/en\/wp-json\/wp\/v2\/comments?post=2191"}],"version-history":[{"count":2,"href":"https:\/\/julesverne.com.tr\/en\/wp-json\/wp\/v2\/posts\/2191\/revisions"}],"predecessor-version":[{"id":14681,"href":"https:\/\/julesverne.com.tr\/en\/wp-json\/wp\/v2\/posts\/2191\/revisions\/14681"}],"wp:featuredmedia":[{"embeddable":true,"href":"https:\/\/julesverne.com.tr\/en\/wp-json\/wp\/v2\/media\/14678"}],"wp:attachment":[{"href":"https:\/\/julesverne.com.tr\/en\/wp-json\/wp\/v2\/media?parent=2191"}],"wp:term":[{"taxonomy":"category","embeddable":true,"href":"https:\/\/julesverne.com.tr\/en\/wp-json\/wp\/v2\/categories?post=2191"},{"taxonomy":"post_tag","embeddable":true,"href":"https:\/\/julesverne.com.tr\/en\/wp-json\/wp\/v2\/tags?post=2191"}],"curies":[{"name":"wp","href":"https:\/\/api.w.org\/{rel}","templated":true}]}}